{"id":99855,"date":"2025-05-28T22:41:19","date_gmt":"2025-05-28T19:41:19","guid":{"rendered":"https:\/\/denizcankizil.tr\/uncategorized-tr\/genc-hasanin-bahis-tuzagi-ekonomik-caresizlik-suca-surukluyor\/"},"modified":"2025-05-28T22:41:19","modified_gmt":"2025-05-28T19:41:19","slug":"genc-hasanin-bahis-tuzagi-ekonomik-caresizlik-suca-surukluyor","status":"publish","type":"post","link":"https:\/\/denizcankizil.tr\/uk\/haberler\/gundem\/genc-hasanin-bahis-tuzagi-ekonomik-caresizlik-suca-surukluyor\/","title":{"rendered":"Gen\u00e7 Hasan\u2019\u0131n bahis tuza\u011f\u0131: Ekonomik \u00e7aresizlik su\u00e7a s\u00fcr\u00fckl\u00fcyor"},"content":{"rendered":"<p>Ekonomik s\u0131k\u0131nt\u0131lar\u0131n derinle\u015fti\u011fi g\u00fcn\u00fcm\u00fczde, gen\u00e7lerin i\u015fsizlik ve bor\u00e7larla m\u00fccadele ederken yasa d\u0131\u015f\u0131 bahis \u00e7etelerinin tuza\u011f\u0131na d\u00fc\u015f\u00fcyor. \u0130Y\u0130 Parti Antalya Gen\u00e7lik Kollar\u0131 Ba\u015fkan\u0131 O\u011fulcan Bayram, 2000 do\u011fumlu Hasan isimli gencin, maddi \u00e7aresizlik nedeniyle banka hesab\u0131n\u0131 yasa d\u0131\u015f\u0131 bahis i\u00e7in kiralamas\u0131 sonucu ald\u0131\u011f\u0131 a\u011f\u0131r cezan\u0131n, benzer durumda olan binlerce gen\u00e7 i\u00e7in \u00f6nemli bir uyar\u0131 oldu\u011funu vurgulad\u0131. Bayram, gen\u00e7leri bu tehlikeli \u00e7\u0131kmazdan uzak durmaya \u00e7a\u011f\u0131rd\u0131.<\/p>\n<p>\u201cBU DOSYA B\u0130NLERCE\u0130S\u0130N\u0130N H\u0130KAYES\u0130\u201d<\/p>\n<p>Bayram, a\u00e7\u0131klamas\u0131nda ellerinde bir mahkeme dosyas\u0131 bulundu\u011funu s\u00f6yleyerek, olay\u0131n detaylar\u0131n\u0131 \u015fu s\u00f6zlerle aktard\u0131:<\/p>\n<p>\u201c2000 do\u011fumlu bir gen\u00e7. Ad\u0131n\u0131 payla\u015fmak istemiyoruz, ona Hasan diyelim. Askerden d\u00f6nd\u00fckten sonra bor\u00e7lar\u0131n\u0131 \u00f6deyemedi\u011fi i\u00e7in banka hesab\u0131n\u0131 yat\u0131r\u0131m i\u015flemi yapaca\u011f\u0131z diyen kimselere kiral\u0131yor. Kim banka hesab\u0131n\u0131 kiraya verir? En iyi ihtimalle yasa d\u0131\u015f\u0131 bahis \u00e7eteleri. Bu i\u015ften 20 bin TL kazan\u0131yor Hasan. Ancak sonucu a\u011f\u0131r oluyor kendisi i\u00e7in. Bu olaydan sonra Hasan, 4 y\u0131l hapis ve 400 bin TL adli para cezas\u0131 ald\u0131.\u201d<\/p>\n<p>\u201cBU D\u00dcZEN GEN\u00c7LER\u0130 SU\u00c7A \u0130T\u0130YOR\u201d<\/p>\n<p>Ekonomik krizle birlikte gen\u00e7lerin ya\u015fad\u0131\u011f\u0131 \u00e7\u0131kmaz\u0131n g\u00f6rmezden gelmenin m\u00fcmk\u00fcn olmad\u0131\u011f\u0131n\u0131 vurgulayan Ba\u015fkan Bayram, gen\u00e7lerin \u00e7aresizlik i\u00e7inde yanl\u0131\u015f kararlara y\u00f6neldi\u011fini belirtti. Bayram, \u201cBu d\u00fczen binlerce genci \u00e7aresizli\u011fe s\u00fcr\u00fckl\u00fcyor. Nefes almakta zorlanan, gelece\u011fi konusunda kayg\u0131 duyan, bir \u00e7\u0131k\u0131\u015f yolu arayan gen\u00e7ler, k\u0131sa yoldan \u00e7\u00f6z\u00fcm sand\u0131klar\u0131 ad\u0131mlarla hayatlar\u0131n\u0131 karart\u0131yor. Bunu normalle\u015ftiremeyiz. Ama nedenlerini de konu\u015fmadan \u00e7\u00f6zemeyiz\u201d dedi.<\/p>\n<p>\u201c\u00c7ARES\u0130ZL\u0130K DE\u011e\u0130L, DE\u011e\u0130\u015e\u0130M\u0130 SE\u00c7\u0130N\u201d<\/p>\n<p>Bayram, gen\u00e7lere seslenerek \u00e7\u00f6z\u00fcm\u00fcn sistemle m\u00fccadele etmekten ge\u00e7ti\u011fini vurgulayarak \u015funlar\u0131 s\u00f6yledi:<\/p>\n<p>\u201cGen\u00e7li\u011fimizin bahar\u0131nda ya\u015fad\u0131\u011f\u0131m\u0131z yaln\u0131zl\u0131\u011f\u0131, umutsuzlu\u011fu ve \u00e7aresizli\u011fi \u00e7ok iyi biliyoruz. Ama yasa d\u0131\u015f\u0131 ad\u0131mlar \u00e7\u00f6z\u00fcm de\u011fil. Tek bir yol var; Hayatlar\u0131m\u0131z\u0131n ipotek alt\u0131na alan bu adaletsiz d\u00fczeni de\u011fi\u015ftirmek ve bu d\u00fczeni de\u011fi\u015ftirecek olan sensin. Yaln\u0131z de\u011filsin. Birlikte ba\u015faraca\u011f\u0131z.\u201d<\/p>\n<p>\u200b\u0130Y\u0130 Parti Gen\u00e7lik Kollar\u0131 Antalya \u0130l Ba\u015fkan\u0131 O\u011fulcan Bayram, gen\u00e7lerin ya\u015fad\u0131\u011f\u0131 ekonomik s\u0131k\u0131\u015fm\u0131\u015fl\u0131\u011f\u0131 ciddi toplumsal sonu\u00e7lara yol a\u00e7t\u0131\u011f\u0131n\u0131 s\u00f6yledi. Bayram, 2000 do\u011fumlu bir gencin yasa d\u0131\u015f\u0131 bahis \u00e7etelerine hesap kiralad\u0131\u011f\u0131 gerek\u00e7esiyle hapis cezas\u0131 ald\u0131\u011f\u0131n\u0131 belirterek gen\u00e7leri uyard\u0131.\u00a0<\/p>\n<p>\u200bHaberin Al\u0131nt\u0131land\u0131\u011f\u0131 Kaynak: www.antalyakorfez.com<\/p>","protected":false},"excerpt":{"rendered":"<p>Ekonomik s\u0131k\u0131nt\u0131lar\u0131n derinle\u015fti\u011fi g\u00fcn\u00fcm\u00fczde, gen\u00e7lerin i\u015fsizlik ve bor\u00e7larla m\u00fccadele ederken yasa d\u0131\u015f\u0131 bahis \u00e7etelerinin tuza\u011f\u0131na d\u00fc\u015f\u00fcyor. \u0130Y\u0130 Parti Antalya Gen\u00e7lik Kollar\u0131 Ba\u015fkan\u0131 O\u011fulcan Bayram, 2000 do\u011fumlu Hasan isimli gencin, maddi \u00e7aresizlik nedeniyle banka hesab\u0131n\u0131 yasa d\u0131\u015f\u0131 bahis i\u00e7in kiralamas\u0131 sonucu ald\u0131\u011f\u0131 a\u011f\u0131r cezan\u0131n, benzer durumda olan binlerce gen\u00e7 i\u00e7in \u00f6nemli bir uyar\u0131 oldu\u011funu vurgulad\u0131. Bayram, gen\u00e7leri bu tehlikeli \u00e7\u0131kmazdan uzak durmaya \u00e7a\u011f\u0131rd\u0131. \u201cBU DOSYA B\u0130NLERCE\u0130S\u0130N\u0130N H\u0130KAYES\u0130\u201d Bayram, a\u00e7\u0131klamas\u0131nda ellerinde bir mahkeme dosyas\u0131 bulundu\u011funu s\u00f6yleyerek, olay\u0131n detaylar\u0131n\u0131 \u015fu s\u00f6zlerle aktard\u0131: \u201c2000 do\u011fumlu bir gen\u00e7. Ad\u0131n\u0131 payla\u015fmak istemiyoruz, ona Hasan diyelim. Askerden d\u00f6nd\u00fckten sonra bor\u00e7lar\u0131n\u0131 \u00f6deyemedi\u011fi i\u00e7in banka hesab\u0131n\u0131 yat\u0131r\u0131m i\u015flemi yapaca\u011f\u0131z diyen kimselere kiral\u0131yor. Kim banka hesab\u0131n\u0131 kiraya verir? En iyi ihtimalle yasa d\u0131\u015f\u0131 bahis \u00e7eteleri. Bu i\u015ften 20 bin TL kazan\u0131yor Hasan. Ancak sonucu a\u011f\u0131r oluyor kendisi i\u00e7in. Bu olaydan sonra Hasan, 4 y\u0131l hapis ve 400 bin TL adli para cezas\u0131 ald\u0131.\u201d \u201cBU D\u00dcZEN GEN\u00c7LER\u0130 SU\u00c7A \u0130T\u0130YOR\u201d Ekonomik krizle birlikte gen\u00e7lerin ya\u015fad\u0131\u011f\u0131 \u00e7\u0131kmaz\u0131n g\u00f6rmezden gelmenin m\u00fcmk\u00fcn olmad\u0131\u011f\u0131n\u0131 vurgulayan Ba\u015fkan Bayram, gen\u00e7lerin \u00e7aresizlik i\u00e7inde yanl\u0131\u015f kararlara y\u00f6neldi\u011fini belirtti. Bayram, \u201cBu d\u00fczen binlerce genci \u00e7aresizli\u011fe s\u00fcr\u00fckl\u00fcyor. Nefes almakta zorlanan, gelece\u011fi konusunda kayg\u0131 duyan, bir \u00e7\u0131k\u0131\u015f yolu arayan gen\u00e7ler, k\u0131sa yoldan \u00e7\u00f6z\u00fcm sand\u0131klar\u0131 ad\u0131mlarla hayatlar\u0131n\u0131 karart\u0131yor. Bunu normalle\u015ftiremeyiz. Ama nedenlerini de konu\u015fmadan &hellip;<\/p>","protected":false},"author":5,"featured_media":0,"comment_status":"","ping_status":"open","sticky":false,"template":"","format":"standard","meta":{"_acf_changed":false,"footnotes":""},"categories":[24],"tags":[],"class_list":["post-99855","post","type-post","status-publish","format-standard","has-post-thumbnail","hentry","category-gundem"],"acf":[],"yoast_head":"<!-- This site is optimized with the Yoast SEO Premium plugin v26.6 (Yoast SEO v27.1.1) - https:\/\/yoast.com\/product\/yoast-seo-premium-wordpress\/ -->\n<title>Gen\u00e7 Hasan\u2019\u0131n bahis tuza\u011f\u0131: Ekonomik \u00e7aresizlik su\u00e7a s\u00fcr\u00fckl\u00fcyor - Av. Deniz Can K\u0131z\u0131l<\/title>\n<meta name=\"robots\" content=\"index, follow, max-snippet:-1, max-image-preview:large, max-video-preview:-1\" \/>\n<link rel=\"canonical\" href=\"https:\/\/denizcankizil.tr\/uk\/haberler\/gundem\/genc-hasanin-bahis-tuzagi-ekonomik-caresizlik-suca-surukluyor\/\" \/>\n<meta property=\"og:locale\" content=\"uk_UA\" \/>\n<meta property=\"og:type\" content=\"article\" \/>\n<meta property=\"og:title\" content=\"Gen\u00e7 Hasan\u2019\u0131n bahis tuza\u011f\u0131: Ekonomik \u00e7aresizlik su\u00e7a s\u00fcr\u00fckl\u00fcyor\" \/>\n<meta property=\"og:description\" content=\"Ekonomik s\u0131k\u0131nt\u0131lar\u0131n derinle\u015fti\u011fi g\u00fcn\u00fcm\u00fczde, gen\u00e7lerin i\u015fsizlik ve bor\u00e7larla m\u00fccadele ederken yasa d\u0131\u015f\u0131 bahis \u00e7etelerinin tuza\u011f\u0131na d\u00fc\u015f\u00fcyor. \u0130Y\u0130 Parti Antalya Gen\u00e7lik Kollar\u0131 Ba\u015fkan\u0131 O\u011fulcan Bayram, 2000 do\u011fumlu Hasan isimli gencin, maddi \u00e7aresizlik nedeniyle banka hesab\u0131n\u0131 yasa d\u0131\u015f\u0131 bahis i\u00e7in kiralamas\u0131 sonucu ald\u0131\u011f\u0131 a\u011f\u0131r cezan\u0131n, benzer durumda olan binlerce gen\u00e7 i\u00e7in \u00f6nemli bir uyar\u0131 oldu\u011funu vurgulad\u0131. Bayram, gen\u00e7leri bu tehlikeli \u00e7\u0131kmazdan uzak durmaya \u00e7a\u011f\u0131rd\u0131. \u201cBU DOSYA B\u0130NLERCE\u0130S\u0130N\u0130N H\u0130KAYES\u0130\u201d Bayram, a\u00e7\u0131klamas\u0131nda ellerinde bir mahkeme dosyas\u0131 bulundu\u011funu s\u00f6yleyerek, olay\u0131n detaylar\u0131n\u0131 \u015fu s\u00f6zlerle aktard\u0131: \u201c2000 do\u011fumlu bir gen\u00e7. Ad\u0131n\u0131 payla\u015fmak istemiyoruz, ona Hasan diyelim. Askerden d\u00f6nd\u00fckten sonra bor\u00e7lar\u0131n\u0131 \u00f6deyemedi\u011fi i\u00e7in banka hesab\u0131n\u0131 yat\u0131r\u0131m i\u015flemi yapaca\u011f\u0131z diyen kimselere kiral\u0131yor. Kim banka hesab\u0131n\u0131 kiraya verir? En iyi ihtimalle yasa d\u0131\u015f\u0131 bahis \u00e7eteleri. Bu i\u015ften 20 bin TL kazan\u0131yor Hasan. Ancak sonucu a\u011f\u0131r oluyor kendisi i\u00e7in. Bu olaydan sonra Hasan, 4 y\u0131l hapis ve 400 bin TL adli para cezas\u0131 ald\u0131.\u201d \u201cBU D\u00dcZEN GEN\u00c7LER\u0130 SU\u00c7A \u0130T\u0130YOR\u201d Ekonomik krizle birlikte gen\u00e7lerin ya\u015fad\u0131\u011f\u0131 \u00e7\u0131kmaz\u0131n g\u00f6rmezden gelmenin m\u00fcmk\u00fcn olmad\u0131\u011f\u0131n\u0131 vurgulayan Ba\u015fkan Bayram, gen\u00e7lerin \u00e7aresizlik i\u00e7inde yanl\u0131\u015f kararlara y\u00f6neldi\u011fini belirtti. Bayram, \u201cBu d\u00fczen binlerce genci \u00e7aresizli\u011fe s\u00fcr\u00fckl\u00fcyor. Nefes almakta zorlanan, gelece\u011fi konusunda kayg\u0131 duyan, bir \u00e7\u0131k\u0131\u015f yolu arayan gen\u00e7ler, k\u0131sa yoldan \u00e7\u00f6z\u00fcm sand\u0131klar\u0131 ad\u0131mlarla hayatlar\u0131n\u0131 karart\u0131yor. Bunu normalle\u015ftiremeyiz. Ama nedenlerini de konu\u015fmadan &hellip;\" \/>\n<meta property=\"og:url\" content=\"https:\/\/denizcankizil.tr\/uk\/haberler\/gundem\/genc-hasanin-bahis-tuzagi-ekonomik-caresizlik-suca-surukluyor\/\" \/>\n<meta property=\"og:site_name\" content=\"Av. Deniz Can K\u0131z\u0131l\" \/>\n<meta property=\"article:published_time\" content=\"2025-05-28T19:41:19+00:00\" \/>\n<meta name=\"author\" content=\"Antalya K\u00f6rfez\" \/>\n<meta name=\"twitter:card\" content=\"summary_large_image\" \/>\n<meta name=\"twitter:label1\" content=\"\u041d\u0430\u043f\u0438\u0441\u0430\u043d\u043e\" \/>\n\t<meta name=\"twitter:data1\" content=\"Antalya K\u00f6rfez\" \/>\n\t<meta name=\"twitter:label2\" content=\"\u041f\u0440\u0438\u0431\u043b. \u0447\u0430\u0441 \u0447\u0438\u0442\u0430\u043d\u043d\u044f\" \/>\n\t<meta name=\"twitter:data2\" content=\"2 \u0445\u0432\u0438\u043b\u0438\u043d\u0438\" \/>\n<script type=\"application\/ld+json\" class=\"yoast-schema-graph\">{\"@context\":\"https:\/\/schema.org\",\"@graph\":[{\"@type\":\"Article\",\"@id\":\"https:\/\/denizcankizil.tr\/uk\/haberler\/gundem\/genc-hasanin-bahis-tuzagi-ekonomik-caresizlik-suca-surukluyor\/#article\",\"isPartOf\":{\"@id\":\"https:\/\/denizcankizil.tr\/uk\/haberler\/gundem\/genc-hasanin-bahis-tuzagi-ekonomik-caresizlik-suca-surukluyor\/\"},\"author\":{\"name\":\"Antalya K\u00f6rfez\",\"@id\":\"https:\/\/denizcankizil.tr\/#\/schema\/person\/e1eb71bb4dd684d46563f0af307e1234\"},\"headline\":\"Gen\u00e7 Hasan\u2019\u0131n bahis tuza\u011f\u0131: Ekonomik \u00e7aresizlik su\u00e7a s\u00fcr\u00fckl\u00fcyor\",\"datePublished\":\"2025-05-28T19:41:19+00:00\",\"mainEntityOfPage\":{\"@id\":\"https:\/\/denizcankizil.tr\/uk\/haberler\/gundem\/genc-hasanin-bahis-tuzagi-ekonomik-caresizlik-suca-surukluyor\/\"},\"wordCount\":452,\"publisher\":{\"@id\":\"https:\/\/denizcankizil.tr\/#organization\"},\"articleSection\":[\"G\u00fcndem\"],\"inLanguage\":\"uk\"},{\"@type\":\"WebPage\",\"@id\":\"https:\/\/denizcankizil.tr\/uk\/haberler\/gundem\/genc-hasanin-bahis-tuzagi-ekonomik-caresizlik-suca-surukluyor\/\",\"url\":\"https:\/\/denizcankizil.tr\/uk\/haberler\/gundem\/genc-hasanin-bahis-tuzagi-ekonomik-caresizlik-suca-surukluyor\/\",\"name\":\"Gen\u00e7 Hasan\u2019\u0131n bahis tuza\u011f\u0131: Ekonomik \u00e7aresizlik su\u00e7a s\u00fcr\u00fckl\u00fcyor - Av. Deniz Can K\u0131z\u0131l\",\"isPartOf\":{\"@id\":\"https:\/\/denizcankizil.tr\/#website\"},\"datePublished\":\"2025-05-28T19:41:19+00:00\",\"breadcrumb\":{\"@id\":\"https:\/\/denizcankizil.tr\/uk\/haberler\/gundem\/genc-hasanin-bahis-tuzagi-ekonomik-caresizlik-suca-surukluyor\/#breadcrumb\"},\"inLanguage\":\"uk\",\"potentialAction\":[{\"@type\":\"ReadAction\",\"target\":[\"https:\/\/denizcankizil.tr\/uk\/haberler\/gundem\/genc-hasanin-bahis-tuzagi-ekonomik-caresizlik-suca-surukluyor\/\"]}]},{\"@type\":\"BreadcrumbList\",\"@id\":\"https:\/\/denizcankizil.tr\/uk\/haberler\/gundem\/genc-hasanin-bahis-tuzagi-ekonomik-caresizlik-suca-surukluyor\/#breadcrumb\",\"itemListElement\":[{\"@type\":\"ListItem\",\"position\":1,\"name\":\"Home\",\"item\":\"https:\/\/denizcankizil.tr\/de\/\"},{\"@type\":\"ListItem\",\"position\":2,\"name\":\"Gen\u00e7 Hasan\u2019\u0131n bahis tuza\u011f\u0131: Ekonomik \u00e7aresizlik su\u00e7a s\u00fcr\u00fckl\u00fcyor\"}]},{\"@type\":\"WebSite\",\"@id\":\"https:\/\/denizcankizil.tr\/#website\",\"url\":\"https:\/\/denizcankizil.tr\/\",\"name\":\"Av. Deniz Can K\u0131z\u0131l\",\"description\":\"Avukat Deniz Can K\u0131z\u0131l Antalya Barosu\",\"publisher\":{\"@id\":\"https:\/\/denizcankizil.tr\/#organization\"},\"potentialAction\":[{\"@type\":\"SearchAction\",\"target\":{\"@type\":\"EntryPoint\",\"urlTemplate\":\"https:\/\/denizcankizil.tr\/?s={search_term_string}\"},\"query-input\":{\"@type\":\"PropertyValueSpecification\",\"valueRequired\":true,\"valueName\":\"search_term_string\"}}],\"inLanguage\":\"uk\"},{\"@type\":\"Organization\",\"@id\":\"https:\/\/denizcankizil.tr\/#organization\",\"name\":\"Av. Deniz Can K\u0131z\u0131l\",\"url\":\"https:\/\/denizcankizil.tr\/\",\"logo\":{\"@type\":\"ImageObject\",\"inLanguage\":\"uk\",\"@id\":\"https:\/\/denizcankizil.tr\/#\/schema\/logo\/image\/\",\"url\":\"https:\/\/denizcankizil.tr\/wp-content\/uploads\/2024\/10\/siyah-logo-svg.svg\",\"contentUrl\":\"https:\/\/denizcankizil.tr\/wp-content\/uploads\/2024\/10\/siyah-logo-svg.svg\",\"width\":1080,\"height\":1080,\"caption\":\"Av. Deniz Can K\u0131z\u0131l\"},\"image\":{\"@id\":\"https:\/\/denizcankizil.tr\/#\/schema\/logo\/image\/\"}},{\"@type\":\"Person\",\"@id\":\"https:\/\/denizcankizil.tr\/#\/schema\/person\/e1eb71bb4dd684d46563f0af307e1234\",\"name\":\"Antalya K\u00f6rfez\",\"image\":{\"@type\":\"ImageObject\",\"inLanguage\":\"uk\",\"@id\":\"https:\/\/denizcankizil.tr\/#\/schema\/person\/image\/\",\"url\":\"https:\/\/secure.gravatar.com\/avatar\/42b01982558a48a0b501fdcab6a408d3717ea5919095ee2e67b0e521799c5905?s=96&d=mm&r=g\",\"contentUrl\":\"https:\/\/secure.gravatar.com\/avatar\/42b01982558a48a0b501fdcab6a408d3717ea5919095ee2e67b0e521799c5905?s=96&d=mm&r=g\",\"caption\":\"Antalya K\u00f6rfez\"},\"sameAs\":[\"http:\/\/www.antalyakorfez.com\"],\"url\":\"https:\/\/www.antalyakorfez.com\/genc-hasanin-bahis-tuzagi-ekonomik-caresizlik-suca-surukluyor\"}]}<\/script>\n<!-- \/ Yoast SEO Premium plugin. -->","yoast_head_json":{"title":"Gen\u00e7 Hasan\u2019\u0131n bahis tuza\u011f\u0131: Ekonomik \u00e7aresizlik su\u00e7a s\u00fcr\u00fckl\u00fcyor - Av. Deniz Can K\u0131z\u0131l","robots":{"index":"index","follow":"follow","max-snippet":"max-snippet:-1","max-image-preview":"max-image-preview:large","max-video-preview":"max-video-preview:-1"},"canonical":"https:\/\/denizcankizil.tr\/uk\/haberler\/gundem\/genc-hasanin-bahis-tuzagi-ekonomik-caresizlik-suca-surukluyor\/","og_locale":"uk_UA","og_type":"article","og_title":"Gen\u00e7 Hasan\u2019\u0131n bahis tuza\u011f\u0131: Ekonomik \u00e7aresizlik su\u00e7a s\u00fcr\u00fckl\u00fcyor","og_description":"Ekonomik s\u0131k\u0131nt\u0131lar\u0131n derinle\u015fti\u011fi g\u00fcn\u00fcm\u00fczde, gen\u00e7lerin i\u015fsizlik ve bor\u00e7larla m\u00fccadele ederken yasa d\u0131\u015f\u0131 bahis \u00e7etelerinin tuza\u011f\u0131na d\u00fc\u015f\u00fcyor. \u0130Y\u0130 Parti Antalya Gen\u00e7lik Kollar\u0131 Ba\u015fkan\u0131 O\u011fulcan Bayram, 2000 do\u011fumlu Hasan isimli gencin, maddi \u00e7aresizlik nedeniyle banka hesab\u0131n\u0131 yasa d\u0131\u015f\u0131 bahis i\u00e7in kiralamas\u0131 sonucu ald\u0131\u011f\u0131 a\u011f\u0131r cezan\u0131n, benzer durumda olan binlerce gen\u00e7 i\u00e7in \u00f6nemli bir uyar\u0131 oldu\u011funu vurgulad\u0131. Bayram, gen\u00e7leri bu tehlikeli \u00e7\u0131kmazdan uzak durmaya \u00e7a\u011f\u0131rd\u0131. \u201cBU DOSYA B\u0130NLERCE\u0130S\u0130N\u0130N H\u0130KAYES\u0130\u201d Bayram, a\u00e7\u0131klamas\u0131nda ellerinde bir mahkeme dosyas\u0131 bulundu\u011funu s\u00f6yleyerek, olay\u0131n detaylar\u0131n\u0131 \u015fu s\u00f6zlerle aktard\u0131: \u201c2000 do\u011fumlu bir gen\u00e7. Ad\u0131n\u0131 payla\u015fmak istemiyoruz, ona Hasan diyelim. Askerden d\u00f6nd\u00fckten sonra bor\u00e7lar\u0131n\u0131 \u00f6deyemedi\u011fi i\u00e7in banka hesab\u0131n\u0131 yat\u0131r\u0131m i\u015flemi yapaca\u011f\u0131z diyen kimselere kiral\u0131yor. Kim banka hesab\u0131n\u0131 kiraya verir? En iyi ihtimalle yasa d\u0131\u015f\u0131 bahis \u00e7eteleri. Bu i\u015ften 20 bin TL kazan\u0131yor Hasan. Ancak sonucu a\u011f\u0131r oluyor kendisi i\u00e7in. Bu olaydan sonra Hasan, 4 y\u0131l hapis ve 400 bin TL adli para cezas\u0131 ald\u0131.\u201d \u201cBU D\u00dcZEN GEN\u00c7LER\u0130 SU\u00c7A \u0130T\u0130YOR\u201d Ekonomik krizle birlikte gen\u00e7lerin ya\u015fad\u0131\u011f\u0131 \u00e7\u0131kmaz\u0131n g\u00f6rmezden gelmenin m\u00fcmk\u00fcn olmad\u0131\u011f\u0131n\u0131 vurgulayan Ba\u015fkan Bayram, gen\u00e7lerin \u00e7aresizlik i\u00e7inde yanl\u0131\u015f kararlara y\u00f6neldi\u011fini belirtti. Bayram, \u201cBu d\u00fczen binlerce genci \u00e7aresizli\u011fe s\u00fcr\u00fckl\u00fcyor. Nefes almakta zorlanan, gelece\u011fi konusunda kayg\u0131 duyan, bir \u00e7\u0131k\u0131\u015f yolu arayan gen\u00e7ler, k\u0131sa yoldan \u00e7\u00f6z\u00fcm sand\u0131klar\u0131 ad\u0131mlarla hayatlar\u0131n\u0131 karart\u0131yor. Bunu normalle\u015ftiremeyiz. Ama nedenlerini de konu\u015fmadan &hellip;","og_url":"https:\/\/denizcankizil.tr\/uk\/haberler\/gundem\/genc-hasanin-bahis-tuzagi-ekonomik-caresizlik-suca-surukluyor\/","og_site_name":"Av. Deniz Can K\u0131z\u0131l","article_published_time":"2025-05-28T19:41:19+00:00","author":"Antalya K\u00f6rfez","twitter_card":"summary_large_image","twitter_misc":{"\u041d\u0430\u043f\u0438\u0441\u0430\u043d\u043e":"Antalya K\u00f6rfez","\u041f\u0440\u0438\u0431\u043b. \u0447\u0430\u0441 \u0447\u0438\u0442\u0430\u043d\u043d\u044f":"2 \u0445\u0432\u0438\u043b\u0438\u043d\u0438"},"schema":{"@context":"https:\/\/schema.org","@graph":[{"@type":"Article","@id":"https:\/\/denizcankizil.tr\/uk\/haberler\/gundem\/genc-hasanin-bahis-tuzagi-ekonomik-caresizlik-suca-surukluyor\/#article","isPartOf":{"@id":"https:\/\/denizcankizil.tr\/uk\/haberler\/gundem\/genc-hasanin-bahis-tuzagi-ekonomik-caresizlik-suca-surukluyor\/"},"author":{"name":"Antalya K\u00f6rfez","@id":"https:\/\/denizcankizil.tr\/#\/schema\/person\/e1eb71bb4dd684d46563f0af307e1234"},"headline":"Gen\u00e7 Hasan\u2019\u0131n bahis tuza\u011f\u0131: Ekonomik \u00e7aresizlik su\u00e7a s\u00fcr\u00fckl\u00fcyor","datePublished":"2025-05-28T19:41:19+00:00","mainEntityOfPage":{"@id":"https:\/\/denizcankizil.tr\/uk\/haberler\/gundem\/genc-hasanin-bahis-tuzagi-ekonomik-caresizlik-suca-surukluyor\/"},"wordCount":452,"publisher":{"@id":"https:\/\/denizcankizil.tr\/#organization"},"articleSection":["G\u00fcndem"],"inLanguage":"uk"},{"@type":"WebPage","@id":"https:\/\/denizcankizil.tr\/uk\/haberler\/gundem\/genc-hasanin-bahis-tuzagi-ekonomik-caresizlik-suca-surukluyor\/","url":"https:\/\/denizcankizil.tr\/uk\/haberler\/gundem\/genc-hasanin-bahis-tuzagi-ekonomik-caresizlik-suca-surukluyor\/","name":"Gen\u00e7 Hasan\u2019\u0131n bahis tuza\u011f\u0131: Ekonomik \u00e7aresizlik su\u00e7a s\u00fcr\u00fckl\u00fcyor - Av. Deniz Can K\u0131z\u0131l","isPartOf":{"@id":"https:\/\/denizcankizil.tr\/#website"},"datePublished":"2025-05-28T19:41:19+00:00","breadcrumb":{"@id":"https:\/\/denizcankizil.tr\/uk\/haberler\/gundem\/genc-hasanin-bahis-tuzagi-ekonomik-caresizlik-suca-surukluyor\/#breadcrumb"},"inLanguage":"uk","potentialAction":[{"@type":"ReadAction","target":["https:\/\/denizcankizil.tr\/uk\/haberler\/gundem\/genc-hasanin-bahis-tuzagi-ekonomik-caresizlik-suca-surukluyor\/"]}]},{"@type":"BreadcrumbList","@id":"https:\/\/denizcankizil.tr\/uk\/haberler\/gundem\/genc-hasanin-bahis-tuzagi-ekonomik-caresizlik-suca-surukluyor\/#breadcrumb","itemListElement":[{"@type":"ListItem","position":1,"name":"Home","item":"https:\/\/denizcankizil.tr\/de\/"},{"@type":"ListItem","position":2,"name":"Gen\u00e7 Hasan\u2019\u0131n bahis tuza\u011f\u0131: Ekonomik \u00e7aresizlik su\u00e7a s\u00fcr\u00fckl\u00fcyor"}]},{"@type":"WebSite","@id":"https:\/\/denizcankizil.tr\/#website","url":"https:\/\/denizcankizil.tr\/","name":"Av. Deniz Can K\u0131z\u0131l","description":"Avukat Deniz Can K\u0131z\u0131l Antalya Barosu","publisher":{"@id":"https:\/\/denizcankizil.tr\/#organization"},"potentialAction":[{"@type":"SearchAction","target":{"@type":"EntryPoint","urlTemplate":"https:\/\/denizcankizil.tr\/?s={search_term_string}"},"query-input":{"@type":"PropertyValueSpecification","valueRequired":true,"valueName":"search_term_string"}}],"inLanguage":"uk"},{"@type":"Organization","@id":"https:\/\/denizcankizil.tr\/#organization","name":"Av. Deniz Can K\u0131z\u0131l","url":"https:\/\/denizcankizil.tr\/","logo":{"@type":"ImageObject","inLanguage":"uk","@id":"https:\/\/denizcankizil.tr\/#\/schema\/logo\/image\/","url":"https:\/\/denizcankizil.tr\/wp-content\/uploads\/2024\/10\/siyah-logo-svg.svg","contentUrl":"https:\/\/denizcankizil.tr\/wp-content\/uploads\/2024\/10\/siyah-logo-svg.svg","width":1080,"height":1080,"caption":"Av. Deniz Can K\u0131z\u0131l"},"image":{"@id":"https:\/\/denizcankizil.tr\/#\/schema\/logo\/image\/"}},{"@type":"Person","@id":"https:\/\/denizcankizil.tr\/#\/schema\/person\/e1eb71bb4dd684d46563f0af307e1234","name":"Antalya K\u00f6rfez","image":{"@type":"ImageObject","inLanguage":"uk","@id":"https:\/\/denizcankizil.tr\/#\/schema\/person\/image\/","url":"https:\/\/secure.gravatar.com\/avatar\/42b01982558a48a0b501fdcab6a408d3717ea5919095ee2e67b0e521799c5905?s=96&d=mm&r=g","contentUrl":"https:\/\/secure.gravatar.com\/avatar\/42b01982558a48a0b501fdcab6a408d3717ea5919095ee2e67b0e521799c5905?s=96&d=mm&r=g","caption":"Antalya K\u00f6rfez"},"sameAs":["http:\/\/www.antalyakorfez.com"],"url":"https:\/\/www.antalyakorfez.com\/genc-hasanin-bahis-tuzagi-ekonomik-caresizlik-suca-surukluyor"}]}},"_links":{"self":[{"href":"https:\/\/denizcankizil.tr\/uk\/wp-json\/wp\/v2\/posts\/99855","targetHints":{"allow":["GET"]}}],"collection":[{"href":"https:\/\/denizcankizil.tr\/uk\/wp-json\/wp\/v2\/posts"}],"about":[{"href":"https:\/\/denizcankizil.tr\/uk\/wp-json\/wp\/v2\/types\/post"}],"author":[{"embeddable":true,"href":"https:\/\/denizcankizil.tr\/uk\/wp-json\/wp\/v2\/users\/5"}],"replies":[{"embeddable":true,"href":"https:\/\/denizcankizil.tr\/uk\/wp-json\/wp\/v2\/comments?post=99855"}],"version-history":[{"count":0,"href":"https:\/\/denizcankizil.tr\/uk\/wp-json\/wp\/v2\/posts\/99855\/revisions"}],"wp:attachment":[{"href":"https:\/\/denizcankizil.tr\/uk\/wp-json\/wp\/v2\/media?parent=99855"}],"wp:term":[{"taxonomy":"category","embeddable":true,"href":"https:\/\/denizcankizil.tr\/uk\/wp-json\/wp\/v2\/categories?post=99855"},{"taxonomy":"post_tag","embeddable":true,"href":"https:\/\/denizcankizil.tr\/uk\/wp-json\/wp\/v2\/tags?post=99855"}],"curies":[{"name":"wp","href":"https:\/\/api.w.org\/{rel}","templated":true}]}}