{"id":98320,"date":"2025-05-27T12:41:24","date_gmt":"2025-05-27T09:41:24","guid":{"rendered":"https:\/\/denizcankizil.tr\/uncategorized-tr\/antalyada-kurban-kesim-ucretleri-belli-oldu-vatandaslara-acil-servis-uyarisi-yapildi\/"},"modified":"2025-05-27T12:41:24","modified_gmt":"2025-05-27T09:41:24","slug":"antalyada-kurban-kesim-ucretleri-belli-oldu-vatandaslara-acil-servis-uyarisi-yapildi","status":"publish","type":"post","link":"https:\/\/denizcankizil.tr\/uk\/haberler\/gundem\/antalyada-kurban-kesim-ucretleri-belli-oldu-vatandaslara-acil-servis-uyarisi-yapildi\/","title":{"rendered":"Antalya\u2019da kurban kesim \u00fccretleri belli oldu: Vatanda\u015flara acil servis uyar\u0131s\u0131 yap\u0131ld\u0131!"},"content":{"rendered":"<p>Kurban Bayram\u0131\u2019na say\u0131l\u0131 g\u00fcnler kald\u0131. Vatanda\u015flar\u0131n bir yandan kurbanl\u0131k al\u0131m tela\u015f\u0131 devam ederken di\u011fer taraftan da kesim i\u00e7in tela\u015f\u0131 s\u00fcr\u00fcyor. Kentte il\u00e7e belediyeler kesim noktalar\u0131n\u0131 belirledi. Kurban kesim \u00fccretleri de netlik kazanmaya ba\u015flad\u0131. Antalya Kasaplar Odas\u0131 taraf\u0131ndan 2025 y\u0131l\u0131 Kurban Bayram\u0131&#8217;nda b\u00fcy\u00fckba\u015f kesim \u00fccreti 10 bin TL, k\u00fc\u00e7\u00fckba\u015f kesim \u00fccreti ise bin 500 TL olarak belirlendi.<\/p>\n<p>MURATPA\u015eA\u2019DA \u00dcCRETS\u0130Z KES\u0130M YOK<\/p>\n<p>Antalya\u2019da Muratpa\u015fa Belediyesi, kurban kesim alanlar\u0131n\u0131 belirledi. Kurban kesimleri bayram\u0131n 1\u2019inci ve 2\u2019nci g\u00fcn\u00fc be\u015f ayr\u0131 noktada ger\u00e7ekle\u015ftirilebilecek. Sedir, Yenig\u00fcn, Sigorta ve Konuksever pazar yerlerinde ise k\u00fc\u00e7\u00fckba\u015f hayvan kesim alanlar\u0131 olu\u015fturuldu. Ayr\u0131ca Ermenek\u2019te kesim noktas\u0131n\u0131n yan\u0131 s\u0131ra kurban sat\u0131\u015f noktas\u0131 da yer ald\u0131. Yo\u011funluk ya\u015fanmamas\u0131 ad\u0131na kesim alanlar\u0131 bayram\u0131n ilk iki g\u00fcn\u00fc boyunca hizmet verecek. Muratpa\u015fa Belediyesi \u00f6nceki y\u0131llarda hizmet verdi\u011fi \u00fccretsiz kesimi kald\u0131rd\u0131. Bunun yerine vatanda\u015flar kendi \u00f6zel kasaplar\u0131 ile bu alanlardan faydalanabilecek.<\/p>\n<p>KEPEZ\u2019DE \u00dcCRETS\u0130Z<\/p>\n<p>Kepez Belediyesi il\u00e7ede iki ayr\u0131 noktada canl\u0131 hayvan pazar\u0131 kurdu. Vatanda\u015flar\u0131n kurbanlar\u0131n\u0131 sa\u011fl\u0131kl\u0131 bir alanda kesebilmesi i\u00e7in de 9 mahallede kesim yeri belirlendi. Buna g\u00f6re vatanda\u015flar, Zafer, Yenido\u011fan Varsak Kar\u015f\u0131yaka, Teomanpa\u015fa, Varsak Ayano\u011flu, Yeni Mahalle, \u015eafak, \u00c7aml\u0131bel, Gazi Mahallelerinde belirlenen noktalarda kesim yapabilecek. Kepez\u2019de kesimler belediye taraf\u0131ndan \u00fccretsiz olarak yap\u0131lacak.<\/p>\n<p>KONYAALTI\u2019DA ONL\u0130NE KAYIT<\/p>\n<p>Konyaalt\u0131 Belediyesi ise iki noktada \u00fccretsiz kesim hizmeti verecek. Alt\u0131nkum Mahallesi pazar yerinde b\u00fcy\u00fckba\u015f hayvan kesimi ger\u00e7ekle\u015ftirilirken, Siteler Mahallesinde ise k\u00fc\u00e7\u00fckba\u015f hayvan kesimi yap\u0131lacak. Konyaalt\u0131 Belediyesi kesime y\u00f6nelik haz\u0131rl\u0131klar\u0131n\u0131 \u00f6n\u00fcm\u00fczdeki g\u00fcnlerde tamamlayacak. \u0130l\u00e7e s\u0131n\u0131rlar\u0131nda oturan vatanda\u015flar belirlenen internet sitesine girerek \u00f6nce kay\u0131t yapt\u0131racaklar. Kay\u0131t yap\u0131ld\u0131ktan sonra vatanda\u015flara s\u0131ra numaras\u0131 verilecek. S\u0131ra numaras\u0131 ile kesimler ger\u00e7ekle\u015ftirilecek.<\/p>\n<p>ACEM\u0130 KASAPLARDAN UZAK DURUN<\/p>\n<p>\u00d6te yandan Kurban Bayram\u0131 \u00f6ncesi Antalya Kasaplar Odas\u0131, kurban kesim \u00fccret tarifesini a\u00e7\u0131klad\u0131. Bu y\u0131l, b\u00fcy\u00fckba\u015f ve k\u00fc\u00e7\u00fckba\u015f kurban kesim \u00fccretleriyle ilgili belirlemeler yap\u0131ld\u0131. Antalya Kasaplar Odas\u0131 i\u015fin ehli olmayan ki\u015filerin kurban kesimi yapmas\u0131na kar\u015f\u0131 cezai i\u015flem uygulanaca\u011f\u0131n\u0131 belirtti. Ayr\u0131ca acemi kasaplara y\u00f6nelik de dikkatli olunmas\u0131 istendi.<\/p>\n<p>AC\u0130L SERV\u0130S UYARISI<\/p>\n<p>Antalya Kasaplar Odas\u0131 taraf\u0131ndan 2025 y\u0131l\u0131 Kurban Bayram\u0131&#8217;nda b\u00fcy\u00fckba\u015f kesim \u00fccreti 10 bin TL, k\u00fc\u00e7\u00fckba\u015f kesim \u00fccreti ise bin 500 TL olarak belirlendi. Bu \u00fccret tarifesinin yan\u0131 s\u0131ra, kurban kesimlerinin sadece belgeli, ehliyetli ve hijyen kurallar\u0131na uygun hizmet veren kasaplar taraf\u0131ndan yap\u0131lmas\u0131 gerekti\u011fi vurguland\u0131. T\u00fcrkiye Kasaplar Besiciler Et ve Et \u00dcr\u00fcnleri Federasyonu Ba\u015fkan\u0131 Osman Yard\u0131mc\u0131, \u201cHer y\u0131l acemi kasaplar acil servislerde yo\u011funluk yarat\u0131yor. L\u00fctfen bu t\u00fcr ki\u015filerden uzak durun. Ehil ki\u015filere kestirin.\u201d uyar\u0131s\u0131nda bulundu.<\/p>\n<p>\u200bAntalya\u2019da Kurban Bayram\u0131\u2019na say\u0131l\u0131 g\u00fcnler kala kurban kesim \u00fccretleri de netlik kazand\u0131. Uzmanlar her y\u0131l acemi kasaplar\u0131n acil servisleri doldurdu\u011funa dikkat \u00e7ekerek, kesim noktas\u0131nda uyar\u0131larda bulundu. \u0130\u015fte il\u00e7e il\u00e7e kesim noktalar\u0131\u2026\u00a0<\/p>\n<p>\u200bHaberin Al\u0131nt\u0131land\u0131\u011f\u0131 Kaynak: www.antalyakorfez.com<\/p>","protected":false},"excerpt":{"rendered":"<p>Kurban Bayram\u0131\u2019na say\u0131l\u0131 g\u00fcnler kald\u0131. Vatanda\u015flar\u0131n bir yandan kurbanl\u0131k al\u0131m tela\u015f\u0131 devam ederken di\u011fer taraftan da kesim i\u00e7in tela\u015f\u0131 s\u00fcr\u00fcyor. Kentte il\u00e7e belediyeler kesim noktalar\u0131n\u0131 belirledi. Kurban kesim \u00fccretleri de netlik kazanmaya ba\u015flad\u0131. Antalya Kasaplar Odas\u0131 taraf\u0131ndan 2025 y\u0131l\u0131 Kurban Bayram\u0131&#8217;nda b\u00fcy\u00fckba\u015f kesim \u00fccreti 10 bin TL, k\u00fc\u00e7\u00fckba\u015f kesim \u00fccreti ise bin 500 TL olarak belirlendi. MURATPA\u015eA\u2019DA \u00dcCRETS\u0130Z KES\u0130M YOK Antalya\u2019da Muratpa\u015fa Belediyesi, kurban kesim alanlar\u0131n\u0131 belirledi. Kurban kesimleri bayram\u0131n 1\u2019inci ve 2\u2019nci g\u00fcn\u00fc be\u015f ayr\u0131 noktada ger\u00e7ekle\u015ftirilebilecek. Sedir, Yenig\u00fcn, Sigorta ve Konuksever pazar yerlerinde ise k\u00fc\u00e7\u00fckba\u015f hayvan kesim alanlar\u0131 olu\u015fturuldu. Ayr\u0131ca Ermenek\u2019te kesim noktas\u0131n\u0131n yan\u0131 s\u0131ra kurban sat\u0131\u015f noktas\u0131 da yer ald\u0131. Yo\u011funluk ya\u015fanmamas\u0131 ad\u0131na kesim alanlar\u0131 bayram\u0131n ilk iki g\u00fcn\u00fc boyunca hizmet verecek. Muratpa\u015fa Belediyesi \u00f6nceki y\u0131llarda hizmet verdi\u011fi \u00fccretsiz kesimi kald\u0131rd\u0131. Bunun yerine vatanda\u015flar kendi \u00f6zel kasaplar\u0131 ile bu alanlardan faydalanabilecek. KEPEZ\u2019DE \u00dcCRETS\u0130Z Kepez Belediyesi il\u00e7ede iki ayr\u0131 noktada canl\u0131 hayvan pazar\u0131 kurdu. Vatanda\u015flar\u0131n kurbanlar\u0131n\u0131 sa\u011fl\u0131kl\u0131 bir alanda kesebilmesi i\u00e7in de 9 mahallede kesim yeri belirlendi. Buna g\u00f6re vatanda\u015flar, Zafer, Yenido\u011fan Varsak Kar\u015f\u0131yaka, Teomanpa\u015fa, Varsak Ayano\u011flu, Yeni Mahalle, \u015eafak, \u00c7aml\u0131bel, Gazi Mahallelerinde belirlenen noktalarda kesim yapabilecek. Kepez\u2019de kesimler belediye taraf\u0131ndan \u00fccretsiz olarak yap\u0131lacak. KONYAALTI\u2019DA ONL\u0130NE KAYIT Konyaalt\u0131 Belediyesi ise iki noktada \u00fccretsiz kesim hizmeti verecek. Alt\u0131nkum Mahallesi &hellip;<\/p>","protected":false},"author":5,"featured_media":0,"comment_status":"","ping_status":"open","sticky":false,"template":"","format":"standard","meta":{"_acf_changed":false,"footnotes":""},"categories":[24],"tags":[],"class_list":["post-98320","post","type-post","status-publish","format-standard","has-post-thumbnail","hentry","category-gundem"],"acf":[],"yoast_head":"<!-- This site is optimized with the Yoast SEO Premium plugin v26.6 (Yoast SEO v27.1.1) - https:\/\/yoast.com\/product\/yoast-seo-premium-wordpress\/ -->\n<title>Antalya\u2019da kurban kesim \u00fccretleri belli oldu: Vatanda\u015flara acil servis uyar\u0131s\u0131 yap\u0131ld\u0131! - Av. Deniz Can K\u0131z\u0131l<\/title>\n<meta name=\"robots\" content=\"index, follow, max-snippet:-1, max-image-preview:large, max-video-preview:-1\" \/>\n<link rel=\"canonical\" href=\"https:\/\/denizcankizil.tr\/uk\/haberler\/gundem\/antalyada-kurban-kesim-ucretleri-belli-oldu-vatandaslara-acil-servis-uyarisi-yapildi\/\" \/>\n<meta property=\"og:locale\" content=\"uk_UA\" \/>\n<meta property=\"og:type\" content=\"article\" \/>\n<meta property=\"og:title\" content=\"Antalya\u2019da kurban kesim \u00fccretleri belli oldu: Vatanda\u015flara acil servis uyar\u0131s\u0131 yap\u0131ld\u0131!\" \/>\n<meta property=\"og:description\" content=\"Kurban Bayram\u0131\u2019na say\u0131l\u0131 g\u00fcnler kald\u0131. Vatanda\u015flar\u0131n bir yandan kurbanl\u0131k al\u0131m tela\u015f\u0131 devam ederken di\u011fer taraftan da kesim i\u00e7in tela\u015f\u0131 s\u00fcr\u00fcyor. Kentte il\u00e7e belediyeler kesim noktalar\u0131n\u0131 belirledi. Kurban kesim \u00fccretleri de netlik kazanmaya ba\u015flad\u0131. Antalya Kasaplar Odas\u0131 taraf\u0131ndan 2025 y\u0131l\u0131 Kurban Bayram\u0131&#8217;nda b\u00fcy\u00fckba\u015f kesim \u00fccreti 10 bin TL, k\u00fc\u00e7\u00fckba\u015f kesim \u00fccreti ise bin 500 TL olarak belirlendi. MURATPA\u015eA\u2019DA \u00dcCRETS\u0130Z KES\u0130M YOK Antalya\u2019da Muratpa\u015fa Belediyesi, kurban kesim alanlar\u0131n\u0131 belirledi. Kurban kesimleri bayram\u0131n 1\u2019inci ve 2\u2019nci g\u00fcn\u00fc be\u015f ayr\u0131 noktada ger\u00e7ekle\u015ftirilebilecek. Sedir, Yenig\u00fcn, Sigorta ve Konuksever pazar yerlerinde ise k\u00fc\u00e7\u00fckba\u015f hayvan kesim alanlar\u0131 olu\u015fturuldu. Ayr\u0131ca Ermenek\u2019te kesim noktas\u0131n\u0131n yan\u0131 s\u0131ra kurban sat\u0131\u015f noktas\u0131 da yer ald\u0131. Yo\u011funluk ya\u015fanmamas\u0131 ad\u0131na kesim alanlar\u0131 bayram\u0131n ilk iki g\u00fcn\u00fc boyunca hizmet verecek. Muratpa\u015fa Belediyesi \u00f6nceki y\u0131llarda hizmet verdi\u011fi \u00fccretsiz kesimi kald\u0131rd\u0131. Bunun yerine vatanda\u015flar kendi \u00f6zel kasaplar\u0131 ile bu alanlardan faydalanabilecek. KEPEZ\u2019DE \u00dcCRETS\u0130Z Kepez Belediyesi il\u00e7ede iki ayr\u0131 noktada canl\u0131 hayvan pazar\u0131 kurdu. Vatanda\u015flar\u0131n kurbanlar\u0131n\u0131 sa\u011fl\u0131kl\u0131 bir alanda kesebilmesi i\u00e7in de 9 mahallede kesim yeri belirlendi. Buna g\u00f6re vatanda\u015flar, Zafer, Yenido\u011fan Varsak Kar\u015f\u0131yaka, Teomanpa\u015fa, Varsak Ayano\u011flu, Yeni Mahalle, \u015eafak, \u00c7aml\u0131bel, Gazi Mahallelerinde belirlenen noktalarda kesim yapabilecek. Kepez\u2019de kesimler belediye taraf\u0131ndan \u00fccretsiz olarak yap\u0131lacak. KONYAALTI\u2019DA ONL\u0130NE KAYIT Konyaalt\u0131 Belediyesi ise iki noktada \u00fccretsiz kesim hizmeti verecek. Alt\u0131nkum Mahallesi &hellip;\" \/>\n<meta property=\"og:url\" content=\"https:\/\/denizcankizil.tr\/uk\/haberler\/gundem\/antalyada-kurban-kesim-ucretleri-belli-oldu-vatandaslara-acil-servis-uyarisi-yapildi\/\" \/>\n<meta property=\"og:site_name\" content=\"Av. Deniz Can K\u0131z\u0131l\" \/>\n<meta property=\"article:published_time\" content=\"2025-05-27T09:41:24+00:00\" \/>\n<meta name=\"author\" content=\"Antalya K\u00f6rfez\" \/>\n<meta name=\"twitter:card\" content=\"summary_large_image\" \/>\n<meta name=\"twitter:label1\" content=\"\u041d\u0430\u043f\u0438\u0441\u0430\u043d\u043e\" \/>\n\t<meta name=\"twitter:data1\" content=\"Antalya K\u00f6rfez\" \/>\n\t<meta name=\"twitter:label2\" content=\"\u041f\u0440\u0438\u0431\u043b. \u0447\u0430\u0441 \u0447\u0438\u0442\u0430\u043d\u043d\u044f\" \/>\n\t<meta name=\"twitter:data2\" content=\"3 \u0445\u0432\u0438\u043b\u0438\u043d\u0438\" \/>\n<script type=\"application\/ld+json\" class=\"yoast-schema-graph\">{\"@context\":\"https:\/\/schema.org\",\"@graph\":[{\"@type\":\"Article\",\"@id\":\"https:\/\/denizcankizil.tr\/uk\/haberler\/gundem\/antalyada-kurban-kesim-ucretleri-belli-oldu-vatandaslara-acil-servis-uyarisi-yapildi\/#article\",\"isPartOf\":{\"@id\":\"https:\/\/denizcankizil.tr\/uk\/haberler\/gundem\/antalyada-kurban-kesim-ucretleri-belli-oldu-vatandaslara-acil-servis-uyarisi-yapildi\/\"},\"author\":{\"name\":\"Antalya K\u00f6rfez\",\"@id\":\"https:\/\/denizcankizil.tr\/#\/schema\/person\/e1eb71bb4dd684d46563f0af307e1234\"},\"headline\":\"Antalya\u2019da kurban kesim \u00fccretleri belli oldu: Vatanda\u015flara acil servis uyar\u0131s\u0131 yap\u0131ld\u0131!\",\"datePublished\":\"2025-05-27T09:41:24+00:00\",\"mainEntityOfPage\":{\"@id\":\"https:\/\/denizcankizil.tr\/uk\/haberler\/gundem\/antalyada-kurban-kesim-ucretleri-belli-oldu-vatandaslara-acil-servis-uyarisi-yapildi\/\"},\"wordCount\":568,\"publisher\":{\"@id\":\"https:\/\/denizcankizil.tr\/#organization\"},\"articleSection\":[\"G\u00fcndem\"],\"inLanguage\":\"uk\"},{\"@type\":\"WebPage\",\"@id\":\"https:\/\/denizcankizil.tr\/uk\/haberler\/gundem\/antalyada-kurban-kesim-ucretleri-belli-oldu-vatandaslara-acil-servis-uyarisi-yapildi\/\",\"url\":\"https:\/\/denizcankizil.tr\/uk\/haberler\/gundem\/antalyada-kurban-kesim-ucretleri-belli-oldu-vatandaslara-acil-servis-uyarisi-yapildi\/\",\"name\":\"Antalya\u2019da kurban kesim \u00fccretleri belli oldu: Vatanda\u015flara acil servis uyar\u0131s\u0131 yap\u0131ld\u0131! - Av. Deniz Can K\u0131z\u0131l\",\"isPartOf\":{\"@id\":\"https:\/\/denizcankizil.tr\/#website\"},\"datePublished\":\"2025-05-27T09:41:24+00:00\",\"breadcrumb\":{\"@id\":\"https:\/\/denizcankizil.tr\/uk\/haberler\/gundem\/antalyada-kurban-kesim-ucretleri-belli-oldu-vatandaslara-acil-servis-uyarisi-yapildi\/#breadcrumb\"},\"inLanguage\":\"uk\",\"potentialAction\":[{\"@type\":\"ReadAction\",\"target\":[\"https:\/\/denizcankizil.tr\/uk\/haberler\/gundem\/antalyada-kurban-kesim-ucretleri-belli-oldu-vatandaslara-acil-servis-uyarisi-yapildi\/\"]}]},{\"@type\":\"BreadcrumbList\",\"@id\":\"https:\/\/denizcankizil.tr\/uk\/haberler\/gundem\/antalyada-kurban-kesim-ucretleri-belli-oldu-vatandaslara-acil-servis-uyarisi-yapildi\/#breadcrumb\",\"itemListElement\":[{\"@type\":\"ListItem\",\"position\":1,\"name\":\"Home\",\"item\":\"https:\/\/denizcankizil.tr\/uk\/\"},{\"@type\":\"ListItem\",\"position\":2,\"name\":\"Antalya\u2019da kurban kesim \u00fccretleri belli oldu: Vatanda\u015flara acil servis uyar\u0131s\u0131 yap\u0131ld\u0131!\"}]},{\"@type\":\"WebSite\",\"@id\":\"https:\/\/denizcankizil.tr\/#website\",\"url\":\"https:\/\/denizcankizil.tr\/\",\"name\":\"Av. Deniz Can K\u0131z\u0131l\",\"description\":\"Avukat Deniz Can K\u0131z\u0131l Antalya Barosu\",\"publisher\":{\"@id\":\"https:\/\/denizcankizil.tr\/#organization\"},\"potentialAction\":[{\"@type\":\"SearchAction\",\"target\":{\"@type\":\"EntryPoint\",\"urlTemplate\":\"https:\/\/denizcankizil.tr\/?s={search_term_string}\"},\"query-input\":{\"@type\":\"PropertyValueSpecification\",\"valueRequired\":true,\"valueName\":\"search_term_string\"}}],\"inLanguage\":\"uk\"},{\"@type\":\"Organization\",\"@id\":\"https:\/\/denizcankizil.tr\/#organization\",\"name\":\"Av. Deniz Can K\u0131z\u0131l\",\"url\":\"https:\/\/denizcankizil.tr\/\",\"logo\":{\"@type\":\"ImageObject\",\"inLanguage\":\"uk\",\"@id\":\"https:\/\/denizcankizil.tr\/#\/schema\/logo\/image\/\",\"url\":\"https:\/\/denizcankizil.tr\/wp-content\/uploads\/2024\/10\/siyah-logo-svg.svg\",\"contentUrl\":\"https:\/\/denizcankizil.tr\/wp-content\/uploads\/2024\/10\/siyah-logo-svg.svg\",\"width\":1080,\"height\":1080,\"caption\":\"Av. Deniz Can K\u0131z\u0131l\"},\"image\":{\"@id\":\"https:\/\/denizcankizil.tr\/#\/schema\/logo\/image\/\"}},{\"@type\":\"Person\",\"@id\":\"https:\/\/denizcankizil.tr\/#\/schema\/person\/e1eb71bb4dd684d46563f0af307e1234\",\"name\":\"Antalya K\u00f6rfez\",\"image\":{\"@type\":\"ImageObject\",\"inLanguage\":\"uk\",\"@id\":\"https:\/\/denizcankizil.tr\/#\/schema\/person\/image\/\",\"url\":\"https:\/\/secure.gravatar.com\/avatar\/42b01982558a48a0b501fdcab6a408d3717ea5919095ee2e67b0e521799c5905?s=96&d=mm&r=g\",\"contentUrl\":\"https:\/\/secure.gravatar.com\/avatar\/42b01982558a48a0b501fdcab6a408d3717ea5919095ee2e67b0e521799c5905?s=96&d=mm&r=g\",\"caption\":\"Antalya K\u00f6rfez\"},\"sameAs\":[\"http:\/\/www.antalyakorfez.com\"],\"url\":\"https:\/\/www.antalyakorfez.com\/antalyada-kurban-kesim-ucretleri-belli-oldu-vatandaslara-acil-servis-uyarisi-yapildi\"}]}<\/script>\n<!-- \/ Yoast SEO Premium plugin. -->","yoast_head_json":{"title":"Antalya\u2019da kurban kesim \u00fccretleri belli oldu: Vatanda\u015flara acil servis uyar\u0131s\u0131 yap\u0131ld\u0131! - Av. Deniz Can K\u0131z\u0131l","robots":{"index":"index","follow":"follow","max-snippet":"max-snippet:-1","max-image-preview":"max-image-preview:large","max-video-preview":"max-video-preview:-1"},"canonical":"https:\/\/denizcankizil.tr\/uk\/haberler\/gundem\/antalyada-kurban-kesim-ucretleri-belli-oldu-vatandaslara-acil-servis-uyarisi-yapildi\/","og_locale":"uk_UA","og_type":"article","og_title":"Antalya\u2019da kurban kesim \u00fccretleri belli oldu: Vatanda\u015flara acil servis uyar\u0131s\u0131 yap\u0131ld\u0131!","og_description":"Kurban Bayram\u0131\u2019na say\u0131l\u0131 g\u00fcnler kald\u0131. Vatanda\u015flar\u0131n bir yandan kurbanl\u0131k al\u0131m tela\u015f\u0131 devam ederken di\u011fer taraftan da kesim i\u00e7in tela\u015f\u0131 s\u00fcr\u00fcyor. Kentte il\u00e7e belediyeler kesim noktalar\u0131n\u0131 belirledi. Kurban kesim \u00fccretleri de netlik kazanmaya ba\u015flad\u0131. Antalya Kasaplar Odas\u0131 taraf\u0131ndan 2025 y\u0131l\u0131 Kurban Bayram\u0131&#8217;nda b\u00fcy\u00fckba\u015f kesim \u00fccreti 10 bin TL, k\u00fc\u00e7\u00fckba\u015f kesim \u00fccreti ise bin 500 TL olarak belirlendi. MURATPA\u015eA\u2019DA \u00dcCRETS\u0130Z KES\u0130M YOK Antalya\u2019da Muratpa\u015fa Belediyesi, kurban kesim alanlar\u0131n\u0131 belirledi. Kurban kesimleri bayram\u0131n 1\u2019inci ve 2\u2019nci g\u00fcn\u00fc be\u015f ayr\u0131 noktada ger\u00e7ekle\u015ftirilebilecek. Sedir, Yenig\u00fcn, Sigorta ve Konuksever pazar yerlerinde ise k\u00fc\u00e7\u00fckba\u015f hayvan kesim alanlar\u0131 olu\u015fturuldu. Ayr\u0131ca Ermenek\u2019te kesim noktas\u0131n\u0131n yan\u0131 s\u0131ra kurban sat\u0131\u015f noktas\u0131 da yer ald\u0131. Yo\u011funluk ya\u015fanmamas\u0131 ad\u0131na kesim alanlar\u0131 bayram\u0131n ilk iki g\u00fcn\u00fc boyunca hizmet verecek. Muratpa\u015fa Belediyesi \u00f6nceki y\u0131llarda hizmet verdi\u011fi \u00fccretsiz kesimi kald\u0131rd\u0131. Bunun yerine vatanda\u015flar kendi \u00f6zel kasaplar\u0131 ile bu alanlardan faydalanabilecek. KEPEZ\u2019DE \u00dcCRETS\u0130Z Kepez Belediyesi il\u00e7ede iki ayr\u0131 noktada canl\u0131 hayvan pazar\u0131 kurdu. Vatanda\u015flar\u0131n kurbanlar\u0131n\u0131 sa\u011fl\u0131kl\u0131 bir alanda kesebilmesi i\u00e7in de 9 mahallede kesim yeri belirlendi. Buna g\u00f6re vatanda\u015flar, Zafer, Yenido\u011fan Varsak Kar\u015f\u0131yaka, Teomanpa\u015fa, Varsak Ayano\u011flu, Yeni Mahalle, \u015eafak, \u00c7aml\u0131bel, Gazi Mahallelerinde belirlenen noktalarda kesim yapabilecek. Kepez\u2019de kesimler belediye taraf\u0131ndan \u00fccretsiz olarak yap\u0131lacak. KONYAALTI\u2019DA ONL\u0130NE KAYIT Konyaalt\u0131 Belediyesi ise iki noktada \u00fccretsiz kesim hizmeti verecek. Alt\u0131nkum Mahallesi &hellip;","og_url":"https:\/\/denizcankizil.tr\/uk\/haberler\/gundem\/antalyada-kurban-kesim-ucretleri-belli-oldu-vatandaslara-acil-servis-uyarisi-yapildi\/","og_site_name":"Av. Deniz Can K\u0131z\u0131l","article_published_time":"2025-05-27T09:41:24+00:00","author":"Antalya K\u00f6rfez","twitter_card":"summary_large_image","twitter_misc":{"\u041d\u0430\u043f\u0438\u0441\u0430\u043d\u043e":"Antalya K\u00f6rfez","\u041f\u0440\u0438\u0431\u043b. \u0447\u0430\u0441 \u0447\u0438\u0442\u0430\u043d\u043d\u044f":"3 \u0445\u0432\u0438\u043b\u0438\u043d\u0438"},"schema":{"@context":"https:\/\/schema.org","@graph":[{"@type":"Article","@id":"https:\/\/denizcankizil.tr\/uk\/haberler\/gundem\/antalyada-kurban-kesim-ucretleri-belli-oldu-vatandaslara-acil-servis-uyarisi-yapildi\/#article","isPartOf":{"@id":"https:\/\/denizcankizil.tr\/uk\/haberler\/gundem\/antalyada-kurban-kesim-ucretleri-belli-oldu-vatandaslara-acil-servis-uyarisi-yapildi\/"},"author":{"name":"Antalya K\u00f6rfez","@id":"https:\/\/denizcankizil.tr\/#\/schema\/person\/e1eb71bb4dd684d46563f0af307e1234"},"headline":"Antalya\u2019da kurban kesim \u00fccretleri belli oldu: Vatanda\u015flara acil servis uyar\u0131s\u0131 yap\u0131ld\u0131!","datePublished":"2025-05-27T09:41:24+00:00","mainEntityOfPage":{"@id":"https:\/\/denizcankizil.tr\/uk\/haberler\/gundem\/antalyada-kurban-kesim-ucretleri-belli-oldu-vatandaslara-acil-servis-uyarisi-yapildi\/"},"wordCount":568,"publisher":{"@id":"https:\/\/denizcankizil.tr\/#organization"},"articleSection":["G\u00fcndem"],"inLanguage":"uk"},{"@type":"WebPage","@id":"https:\/\/denizcankizil.tr\/uk\/haberler\/gundem\/antalyada-kurban-kesim-ucretleri-belli-oldu-vatandaslara-acil-servis-uyarisi-yapildi\/","url":"https:\/\/denizcankizil.tr\/uk\/haberler\/gundem\/antalyada-kurban-kesim-ucretleri-belli-oldu-vatandaslara-acil-servis-uyarisi-yapildi\/","name":"Antalya\u2019da kurban kesim \u00fccretleri belli oldu: Vatanda\u015flara acil servis uyar\u0131s\u0131 yap\u0131ld\u0131! - Av. Deniz Can K\u0131z\u0131l","isPartOf":{"@id":"https:\/\/denizcankizil.tr\/#website"},"datePublished":"2025-05-27T09:41:24+00:00","breadcrumb":{"@id":"https:\/\/denizcankizil.tr\/uk\/haberler\/gundem\/antalyada-kurban-kesim-ucretleri-belli-oldu-vatandaslara-acil-servis-uyarisi-yapildi\/#breadcrumb"},"inLanguage":"uk","potentialAction":[{"@type":"ReadAction","target":["https:\/\/denizcankizil.tr\/uk\/haberler\/gundem\/antalyada-kurban-kesim-ucretleri-belli-oldu-vatandaslara-acil-servis-uyarisi-yapildi\/"]}]},{"@type":"BreadcrumbList","@id":"https:\/\/denizcankizil.tr\/uk\/haberler\/gundem\/antalyada-kurban-kesim-ucretleri-belli-oldu-vatandaslara-acil-servis-uyarisi-yapildi\/#breadcrumb","itemListElement":[{"@type":"ListItem","position":1,"name":"Home","item":"https:\/\/denizcankizil.tr\/uk\/"},{"@type":"ListItem","position":2,"name":"Antalya\u2019da kurban kesim \u00fccretleri belli oldu: Vatanda\u015flara acil servis uyar\u0131s\u0131 yap\u0131ld\u0131!"}]},{"@type":"WebSite","@id":"https:\/\/denizcankizil.tr\/#website","url":"https:\/\/denizcankizil.tr\/","name":"Av. Deniz Can K\u0131z\u0131l","description":"Avukat Deniz Can K\u0131z\u0131l Antalya Barosu","publisher":{"@id":"https:\/\/denizcankizil.tr\/#organization"},"potentialAction":[{"@type":"SearchAction","target":{"@type":"EntryPoint","urlTemplate":"https:\/\/denizcankizil.tr\/?s={search_term_string}"},"query-input":{"@type":"PropertyValueSpecification","valueRequired":true,"valueName":"search_term_string"}}],"inLanguage":"uk"},{"@type":"Organization","@id":"https:\/\/denizcankizil.tr\/#organization","name":"Av. Deniz Can K\u0131z\u0131l","url":"https:\/\/denizcankizil.tr\/","logo":{"@type":"ImageObject","inLanguage":"uk","@id":"https:\/\/denizcankizil.tr\/#\/schema\/logo\/image\/","url":"https:\/\/denizcankizil.tr\/wp-content\/uploads\/2024\/10\/siyah-logo-svg.svg","contentUrl":"https:\/\/denizcankizil.tr\/wp-content\/uploads\/2024\/10\/siyah-logo-svg.svg","width":1080,"height":1080,"caption":"Av. Deniz Can K\u0131z\u0131l"},"image":{"@id":"https:\/\/denizcankizil.tr\/#\/schema\/logo\/image\/"}},{"@type":"Person","@id":"https:\/\/denizcankizil.tr\/#\/schema\/person\/e1eb71bb4dd684d46563f0af307e1234","name":"Antalya K\u00f6rfez","image":{"@type":"ImageObject","inLanguage":"uk","@id":"https:\/\/denizcankizil.tr\/#\/schema\/person\/image\/","url":"https:\/\/secure.gravatar.com\/avatar\/42b01982558a48a0b501fdcab6a408d3717ea5919095ee2e67b0e521799c5905?s=96&d=mm&r=g","contentUrl":"https:\/\/secure.gravatar.com\/avatar\/42b01982558a48a0b501fdcab6a408d3717ea5919095ee2e67b0e521799c5905?s=96&d=mm&r=g","caption":"Antalya K\u00f6rfez"},"sameAs":["http:\/\/www.antalyakorfez.com"],"url":"https:\/\/www.antalyakorfez.com\/antalyada-kurban-kesim-ucretleri-belli-oldu-vatandaslara-acil-servis-uyarisi-yapildi"}]}},"_links":{"self":[{"href":"https:\/\/denizcankizil.tr\/uk\/wp-json\/wp\/v2\/posts\/98320","targetHints":{"allow":["GET"]}}],"collection":[{"href":"https:\/\/denizcankizil.tr\/uk\/wp-json\/wp\/v2\/posts"}],"about":[{"href":"https:\/\/denizcankizil.tr\/uk\/wp-json\/wp\/v2\/types\/post"}],"author":[{"embeddable":true,"href":"https:\/\/denizcankizil.tr\/uk\/wp-json\/wp\/v2\/users\/5"}],"replies":[{"embeddable":true,"href":"https:\/\/denizcankizil.tr\/uk\/wp-json\/wp\/v2\/comments?post=98320"}],"version-history":[{"count":0,"href":"https:\/\/denizcankizil.tr\/uk\/wp-json\/wp\/v2\/posts\/98320\/revisions"}],"wp:attachment":[{"href":"https:\/\/denizcankizil.tr\/uk\/wp-json\/wp\/v2\/media?parent=98320"}],"wp:term":[{"taxonomy":"category","embeddable":true,"href":"https:\/\/denizcankizil.tr\/uk\/wp-json\/wp\/v2\/categories?post=98320"},{"taxonomy":"post_tag","embeddable":true,"href":"https:\/\/denizcankizil.tr\/uk\/wp-json\/wp\/v2\/tags?post=98320"}],"curies":[{"name":"wp","href":"https:\/\/api.w.org\/{rel}","templated":true}]}}