{"id":97319,"date":"2025-05-26T14:41:25","date_gmt":"2025-05-26T11:41:25","guid":{"rendered":"https:\/\/denizcankizil.tr\/uncategorized-tr\/begis-yaylasinda-geleneksel-pilav-senligi\/"},"modified":"2025-05-26T14:41:25","modified_gmt":"2025-05-26T11:41:25","slug":"begis-yaylasinda-geleneksel-pilav-senligi","status":"publish","type":"post","link":"https:\/\/denizcankizil.tr\/uk\/haberler\/antalya\/begis-yaylasinda-geleneksel-pilav-senligi\/","title":{"rendered":"Be\u011fi\u015f Yaylas\u0131&#8217;nda geleneksel pilav \u015fenli\u011fi"},"content":{"rendered":"<p>Be\u011fi\u015fliler ve Datk\u00f6y K\u00fclt\u00fcr ve Dayan\u0131\u015fma Derne\u011finin birlikte d\u00fczenledi\u011fi \u015fenlikte T\u00fcrkiye&#8217;nin d\u00f6rt bir yan\u0131ndan ak\u0131n ak\u0131n toplanan Be\u011fi\u015fliler ve di\u011fer davetliler hasret giderdiler, yaylan\u0131n so\u011fuk suyundan i\u00e7ip piknik yapt\u0131lar.<\/p>\n<p>\u015eenlik \u00e7er\u00e7evesinde, halat \u00e7ekme, sandalye kapma ve tahta ka\u015f\u0131kla yumurta ta\u015f\u0131ma, de\u011fnekle y\u00fcr\u00fcme yar\u0131\u015f\u0131, \u00e7uval yar\u0131\u015f\u0131, u\u00e7urtma \u015fenli\u011fi gibi \u00e7e\u015fitli etkinlikler d\u00fczenlendi.<\/p>\n<p>Kaynak: www.kanalv.com.tr Haber Sitesinden Al\u0131nm\u0131\u015ft\u0131r.<\/p>","protected":false},"excerpt":{"rendered":"<p>Be\u011fi\u015fliler ve Datk\u00f6y K\u00fclt\u00fcr ve Dayan\u0131\u015fma Derne\u011finin birlikte d\u00fczenledi\u011fi \u015fenlikte T\u00fcrkiye&#8217;nin d\u00f6rt bir yan\u0131ndan ak\u0131n ak\u0131n toplanan Be\u011fi\u015fliler ve di\u011fer davetliler hasret giderdiler, yaylan\u0131n so\u011fuk suyundan i\u00e7ip piknik yapt\u0131lar. \u015eenlik \u00e7er\u00e7evesinde, halat \u00e7ekme, sandalye kapma ve tahta ka\u015f\u0131kla yumurta ta\u015f\u0131ma, de\u011fnekle y\u00fcr\u00fcme yar\u0131\u015f\u0131, \u00e7uval yar\u0131\u015f\u0131, u\u00e7urtma \u015fenli\u011fi gibi \u00e7e\u015fitli etkinlikler d\u00fczenlendi. Kaynak: www.kanalv.com.tr Haber Sitesinden Al\u0131nm\u0131\u015ft\u0131r.<\/p>","protected":false},"author":4,"featured_media":0,"comment_status":"","ping_status":"open","sticky":false,"template":"","format":"standard","meta":{"_acf_changed":false,"footnotes":""},"categories":[26],"tags":[],"class_list":["post-97319","post","type-post","status-publish","format-standard","hentry","category-antalya"],"acf":[],"yoast_head":"<!-- This site is optimized with the Yoast SEO Premium plugin v26.6 (Yoast SEO v27.1.1) - https:\/\/yoast.com\/product\/yoast-seo-premium-wordpress\/ -->\n<title>Be\u011fi\u015f Yaylas\u0131&#039;nda geleneksel pilav \u015fenli\u011fi - Av. Deniz Can K\u0131z\u0131l<\/title>\n<meta name=\"robots\" content=\"index, follow, max-snippet:-1, max-image-preview:large, max-video-preview:-1\" \/>\n<link rel=\"canonical\" href=\"https:\/\/denizcankizil.tr\/uk\/haberler\/antalya\/begis-yaylasinda-geleneksel-pilav-senligi\/\" \/>\n<meta property=\"og:locale\" content=\"uk_UA\" \/>\n<meta property=\"og:type\" content=\"article\" \/>\n<meta property=\"og:title\" content=\"Be\u011fi\u015f Yaylas\u0131&#039;nda geleneksel pilav \u015fenli\u011fi\" \/>\n<meta property=\"og:description\" content=\"Be\u011fi\u015fliler ve Datk\u00f6y K\u00fclt\u00fcr ve Dayan\u0131\u015fma Derne\u011finin birlikte d\u00fczenledi\u011fi \u015fenlikte T\u00fcrkiye&#8217;nin d\u00f6rt bir yan\u0131ndan ak\u0131n ak\u0131n toplanan Be\u011fi\u015fliler ve di\u011fer davetliler hasret giderdiler, yaylan\u0131n so\u011fuk suyundan i\u00e7ip piknik yapt\u0131lar. \u015eenlik \u00e7er\u00e7evesinde, halat \u00e7ekme, sandalye kapma ve tahta ka\u015f\u0131kla yumurta ta\u015f\u0131ma, de\u011fnekle y\u00fcr\u00fcme yar\u0131\u015f\u0131, \u00e7uval yar\u0131\u015f\u0131, u\u00e7urtma \u015fenli\u011fi gibi \u00e7e\u015fitli etkinlikler d\u00fczenlendi. Kaynak: www.kanalv.com.tr Haber Sitesinden Al\u0131nm\u0131\u015ft\u0131r.\" \/>\n<meta property=\"og:url\" content=\"https:\/\/denizcankizil.tr\/uk\/haberler\/antalya\/begis-yaylasinda-geleneksel-pilav-senligi\/\" \/>\n<meta property=\"og:site_name\" content=\"Av. Deniz Can K\u0131z\u0131l\" \/>\n<meta property=\"article:published_time\" content=\"2025-05-26T11:41:25+00:00\" \/>\n<meta name=\"author\" content=\"Av. Deniz Can K\u0131z\u0131l\" \/>\n<meta name=\"twitter:card\" content=\"summary_large_image\" \/>\n<meta name=\"twitter:label1\" content=\"\u041d\u0430\u043f\u0438\u0441\u0430\u043d\u043e\" \/>\n\t<meta name=\"twitter:data1\" content=\"Av. Deniz Can K\u0131z\u0131l\" \/>\n<script type=\"application\/ld+json\" class=\"yoast-schema-graph\">{\"@context\":\"https:\/\/schema.org\",\"@graph\":[{\"@type\":\"Article\",\"@id\":\"https:\/\/denizcankizil.tr\/uk\/haberler\/antalya\/begis-yaylasinda-geleneksel-pilav-senligi\/#article\",\"isPartOf\":{\"@id\":\"https:\/\/denizcankizil.tr\/uk\/haberler\/antalya\/begis-yaylasinda-geleneksel-pilav-senligi\/\"},\"author\":{\"name\":\"Av. Deniz Can K\u0131z\u0131l\",\"@id\":\"https:\/\/denizcankizil.tr\/#\/schema\/person\/5dc1b22991bd7ac833867c10afc9b0ff\"},\"headline\":\"Be\u011fi\u015f Yaylas\u0131&#8217;nda geleneksel pilav \u015fenli\u011fi\",\"datePublished\":\"2025-05-26T11:41:25+00:00\",\"mainEntityOfPage\":{\"@id\":\"https:\/\/denizcankizil.tr\/uk\/haberler\/antalya\/begis-yaylasinda-geleneksel-pilav-senligi\/\"},\"wordCount\":102,\"publisher\":{\"@id\":\"https:\/\/denizcankizil.tr\/#organization\"},\"articleSection\":[\"Antalya\"],\"inLanguage\":\"uk\"},{\"@type\":\"WebPage\",\"@id\":\"https:\/\/denizcankizil.tr\/uk\/haberler\/antalya\/begis-yaylasinda-geleneksel-pilav-senligi\/\",\"url\":\"https:\/\/denizcankizil.tr\/uk\/haberler\/antalya\/begis-yaylasinda-geleneksel-pilav-senligi\/\",\"name\":\"Be\u011fi\u015f Yaylas\u0131'nda geleneksel pilav \u015fenli\u011fi - Av. Deniz Can K\u0131z\u0131l\",\"isPartOf\":{\"@id\":\"https:\/\/denizcankizil.tr\/#website\"},\"datePublished\":\"2025-05-26T11:41:25+00:00\",\"breadcrumb\":{\"@id\":\"https:\/\/denizcankizil.tr\/uk\/haberler\/antalya\/begis-yaylasinda-geleneksel-pilav-senligi\/#breadcrumb\"},\"inLanguage\":\"uk\",\"potentialAction\":[{\"@type\":\"ReadAction\",\"target\":[\"https:\/\/denizcankizil.tr\/uk\/haberler\/antalya\/begis-yaylasinda-geleneksel-pilav-senligi\/\"]}]},{\"@type\":\"BreadcrumbList\",\"@id\":\"https:\/\/denizcankizil.tr\/uk\/haberler\/antalya\/begis-yaylasinda-geleneksel-pilav-senligi\/#breadcrumb\",\"itemListElement\":[{\"@type\":\"ListItem\",\"position\":1,\"name\":\"Home\",\"item\":\"https:\/\/denizcankizil.tr\/de\/\"},{\"@type\":\"ListItem\",\"position\":2,\"name\":\"Be\u011fi\u015f Yaylas\u0131&#8217;nda geleneksel pilav \u015fenli\u011fi\"}]},{\"@type\":\"WebSite\",\"@id\":\"https:\/\/denizcankizil.tr\/#website\",\"url\":\"https:\/\/denizcankizil.tr\/\",\"name\":\"Av. Deniz Can K\u0131z\u0131l\",\"description\":\"Avukat Deniz Can K\u0131z\u0131l Antalya Barosu\",\"publisher\":{\"@id\":\"https:\/\/denizcankizil.tr\/#organization\"},\"potentialAction\":[{\"@type\":\"SearchAction\",\"target\":{\"@type\":\"EntryPoint\",\"urlTemplate\":\"https:\/\/denizcankizil.tr\/?s={search_term_string}\"},\"query-input\":{\"@type\":\"PropertyValueSpecification\",\"valueRequired\":true,\"valueName\":\"search_term_string\"}}],\"inLanguage\":\"uk\"},{\"@type\":\"Organization\",\"@id\":\"https:\/\/denizcankizil.tr\/#organization\",\"name\":\"Av. Deniz Can K\u0131z\u0131l\",\"url\":\"https:\/\/denizcankizil.tr\/\",\"logo\":{\"@type\":\"ImageObject\",\"inLanguage\":\"uk\",\"@id\":\"https:\/\/denizcankizil.tr\/#\/schema\/logo\/image\/\",\"url\":\"https:\/\/denizcankizil.tr\/wp-content\/uploads\/2024\/10\/siyah-logo-svg.svg\",\"contentUrl\":\"https:\/\/denizcankizil.tr\/wp-content\/uploads\/2024\/10\/siyah-logo-svg.svg\",\"width\":1080,\"height\":1080,\"caption\":\"Av. Deniz Can K\u0131z\u0131l\"},\"image\":{\"@id\":\"https:\/\/denizcankizil.tr\/#\/schema\/logo\/image\/\"}},{\"@type\":\"Person\",\"@id\":\"https:\/\/denizcankizil.tr\/#\/schema\/person\/5dc1b22991bd7ac833867c10afc9b0ff\",\"name\":\"Av. Deniz Can K\u0131z\u0131l\",\"image\":{\"@type\":\"ImageObject\",\"inLanguage\":\"uk\",\"@id\":\"https:\/\/denizcankizil.tr\/#\/schema\/person\/image\/\",\"url\":\"https:\/\/secure.gravatar.com\/avatar\/a0b128fb9855c79efc976d5640eedb31dc35ec297594d6016d2cf7c60e975bb6?s=96&d=mm&r=g\",\"contentUrl\":\"https:\/\/secure.gravatar.com\/avatar\/a0b128fb9855c79efc976d5640eedb31dc35ec297594d6016d2cf7c60e975bb6?s=96&d=mm&r=g\",\"caption\":\"Av. Deniz Can K\u0131z\u0131l\"},\"sameAs\":[\"http:\/\/www.denizcankizil.tr\"],\"url\":\"https:\/\/denizcankizil.tr\/uk\/author\/denizcankizil\/\"}]}<\/script>\n<!-- \/ Yoast SEO Premium plugin. -->","yoast_head_json":{"title":"Be\u011fi\u015f Yaylas\u0131'nda geleneksel pilav \u015fenli\u011fi - Av. Deniz Can K\u0131z\u0131l","robots":{"index":"index","follow":"follow","max-snippet":"max-snippet:-1","max-image-preview":"max-image-preview:large","max-video-preview":"max-video-preview:-1"},"canonical":"https:\/\/denizcankizil.tr\/uk\/haberler\/antalya\/begis-yaylasinda-geleneksel-pilav-senligi\/","og_locale":"uk_UA","og_type":"article","og_title":"Be\u011fi\u015f Yaylas\u0131'nda geleneksel pilav \u015fenli\u011fi","og_description":"Be\u011fi\u015fliler ve Datk\u00f6y K\u00fclt\u00fcr ve Dayan\u0131\u015fma Derne\u011finin birlikte d\u00fczenledi\u011fi \u015fenlikte T\u00fcrkiye&#8217;nin d\u00f6rt bir yan\u0131ndan ak\u0131n ak\u0131n toplanan Be\u011fi\u015fliler ve di\u011fer davetliler hasret giderdiler, yaylan\u0131n so\u011fuk suyundan i\u00e7ip piknik yapt\u0131lar. \u015eenlik \u00e7er\u00e7evesinde, halat \u00e7ekme, sandalye kapma ve tahta ka\u015f\u0131kla yumurta ta\u015f\u0131ma, de\u011fnekle y\u00fcr\u00fcme yar\u0131\u015f\u0131, \u00e7uval yar\u0131\u015f\u0131, u\u00e7urtma \u015fenli\u011fi gibi \u00e7e\u015fitli etkinlikler d\u00fczenlendi. Kaynak: www.kanalv.com.tr Haber Sitesinden Al\u0131nm\u0131\u015ft\u0131r.","og_url":"https:\/\/denizcankizil.tr\/uk\/haberler\/antalya\/begis-yaylasinda-geleneksel-pilav-senligi\/","og_site_name":"Av. Deniz Can K\u0131z\u0131l","article_published_time":"2025-05-26T11:41:25+00:00","author":"Av. Deniz Can K\u0131z\u0131l","twitter_card":"summary_large_image","twitter_misc":{"\u041d\u0430\u043f\u0438\u0441\u0430\u043d\u043e":"Av. Deniz Can K\u0131z\u0131l"},"schema":{"@context":"https:\/\/schema.org","@graph":[{"@type":"Article","@id":"https:\/\/denizcankizil.tr\/uk\/haberler\/antalya\/begis-yaylasinda-geleneksel-pilav-senligi\/#article","isPartOf":{"@id":"https:\/\/denizcankizil.tr\/uk\/haberler\/antalya\/begis-yaylasinda-geleneksel-pilav-senligi\/"},"author":{"name":"Av. Deniz Can K\u0131z\u0131l","@id":"https:\/\/denizcankizil.tr\/#\/schema\/person\/5dc1b22991bd7ac833867c10afc9b0ff"},"headline":"Be\u011fi\u015f Yaylas\u0131&#8217;nda geleneksel pilav \u015fenli\u011fi","datePublished":"2025-05-26T11:41:25+00:00","mainEntityOfPage":{"@id":"https:\/\/denizcankizil.tr\/uk\/haberler\/antalya\/begis-yaylasinda-geleneksel-pilav-senligi\/"},"wordCount":102,"publisher":{"@id":"https:\/\/denizcankizil.tr\/#organization"},"articleSection":["Antalya"],"inLanguage":"uk"},{"@type":"WebPage","@id":"https:\/\/denizcankizil.tr\/uk\/haberler\/antalya\/begis-yaylasinda-geleneksel-pilav-senligi\/","url":"https:\/\/denizcankizil.tr\/uk\/haberler\/antalya\/begis-yaylasinda-geleneksel-pilav-senligi\/","name":"Be\u011fi\u015f Yaylas\u0131'nda geleneksel pilav \u015fenli\u011fi - Av. Deniz Can K\u0131z\u0131l","isPartOf":{"@id":"https:\/\/denizcankizil.tr\/#website"},"datePublished":"2025-05-26T11:41:25+00:00","breadcrumb":{"@id":"https:\/\/denizcankizil.tr\/uk\/haberler\/antalya\/begis-yaylasinda-geleneksel-pilav-senligi\/#breadcrumb"},"inLanguage":"uk","potentialAction":[{"@type":"ReadAction","target":["https:\/\/denizcankizil.tr\/uk\/haberler\/antalya\/begis-yaylasinda-geleneksel-pilav-senligi\/"]}]},{"@type":"BreadcrumbList","@id":"https:\/\/denizcankizil.tr\/uk\/haberler\/antalya\/begis-yaylasinda-geleneksel-pilav-senligi\/#breadcrumb","itemListElement":[{"@type":"ListItem","position":1,"name":"Home","item":"https:\/\/denizcankizil.tr\/de\/"},{"@type":"ListItem","position":2,"name":"Be\u011fi\u015f Yaylas\u0131&#8217;nda geleneksel pilav \u015fenli\u011fi"}]},{"@type":"WebSite","@id":"https:\/\/denizcankizil.tr\/#website","url":"https:\/\/denizcankizil.tr\/","name":"Av. Deniz Can K\u0131z\u0131l","description":"Avukat Deniz Can K\u0131z\u0131l Antalya Barosu","publisher":{"@id":"https:\/\/denizcankizil.tr\/#organization"},"potentialAction":[{"@type":"SearchAction","target":{"@type":"EntryPoint","urlTemplate":"https:\/\/denizcankizil.tr\/?s={search_term_string}"},"query-input":{"@type":"PropertyValueSpecification","valueRequired":true,"valueName":"search_term_string"}}],"inLanguage":"uk"},{"@type":"Organization","@id":"https:\/\/denizcankizil.tr\/#organization","name":"Av. Deniz Can K\u0131z\u0131l","url":"https:\/\/denizcankizil.tr\/","logo":{"@type":"ImageObject","inLanguage":"uk","@id":"https:\/\/denizcankizil.tr\/#\/schema\/logo\/image\/","url":"https:\/\/denizcankizil.tr\/wp-content\/uploads\/2024\/10\/siyah-logo-svg.svg","contentUrl":"https:\/\/denizcankizil.tr\/wp-content\/uploads\/2024\/10\/siyah-logo-svg.svg","width":1080,"height":1080,"caption":"Av. Deniz Can K\u0131z\u0131l"},"image":{"@id":"https:\/\/denizcankizil.tr\/#\/schema\/logo\/image\/"}},{"@type":"Person","@id":"https:\/\/denizcankizil.tr\/#\/schema\/person\/5dc1b22991bd7ac833867c10afc9b0ff","name":"Av. Deniz Can K\u0131z\u0131l","image":{"@type":"ImageObject","inLanguage":"uk","@id":"https:\/\/denizcankizil.tr\/#\/schema\/person\/image\/","url":"https:\/\/secure.gravatar.com\/avatar\/a0b128fb9855c79efc976d5640eedb31dc35ec297594d6016d2cf7c60e975bb6?s=96&d=mm&r=g","contentUrl":"https:\/\/secure.gravatar.com\/avatar\/a0b128fb9855c79efc976d5640eedb31dc35ec297594d6016d2cf7c60e975bb6?s=96&d=mm&r=g","caption":"Av. Deniz Can K\u0131z\u0131l"},"sameAs":["http:\/\/www.denizcankizil.tr"],"url":"https:\/\/denizcankizil.tr\/uk\/author\/denizcankizil\/"}]}},"_links":{"self":[{"href":"https:\/\/denizcankizil.tr\/uk\/wp-json\/wp\/v2\/posts\/97319","targetHints":{"allow":["GET"]}}],"collection":[{"href":"https:\/\/denizcankizil.tr\/uk\/wp-json\/wp\/v2\/posts"}],"about":[{"href":"https:\/\/denizcankizil.tr\/uk\/wp-json\/wp\/v2\/types\/post"}],"author":[{"embeddable":true,"href":"https:\/\/denizcankizil.tr\/uk\/wp-json\/wp\/v2\/users\/4"}],"replies":[{"embeddable":true,"href":"https:\/\/denizcankizil.tr\/uk\/wp-json\/wp\/v2\/comments?post=97319"}],"version-history":[{"count":0,"href":"https:\/\/denizcankizil.tr\/uk\/wp-json\/wp\/v2\/posts\/97319\/revisions"}],"wp:attachment":[{"href":"https:\/\/denizcankizil.tr\/uk\/wp-json\/wp\/v2\/media?parent=97319"}],"wp:term":[{"taxonomy":"category","embeddable":true,"href":"https:\/\/denizcankizil.tr\/uk\/wp-json\/wp\/v2\/categories?post=97319"},{"taxonomy":"post_tag","embeddable":true,"href":"https:\/\/denizcankizil.tr\/uk\/wp-json\/wp\/v2\/tags?post=97319"}],"curies":[{"name":"wp","href":"https:\/\/api.w.org\/{rel}","templated":true}]}}