{"id":97140,"date":"2025-05-26T11:41:16","date_gmt":"2025-05-26T08:41:16","guid":{"rendered":"https:\/\/denizcankizil.tr\/uncategorized-tr\/akdenizin-canakkalesine-dalis\/"},"modified":"2025-05-26T11:41:16","modified_gmt":"2025-05-26T08:41:16","slug":"akdenizin-canakkalesine-dalis","status":"publish","type":"post","link":"https:\/\/denizcankizil.tr\/uk\/haberler\/antalya\/akdenizin-canakkalesine-dalis\/","title":{"rendered":"Akdeniz&#8217;in \u00c7anakkale&#8217;sine dal\u0131\u015f"},"content":{"rendered":"<p>Kemer Kaymakaml\u0131\u011f\u0131 \u00f6nc\u00fcl\u00fc\u011f\u00fcnde Kemer Belediyesi ve sivil toplum kurulu\u015flar\u0131n\u0131n olu\u015fturdu\u011fu Kemer Turizm Komitesi taraf\u0131ndan may\u0131s ay\u0131n\u0131n dal\u0131\u015f ay\u0131 olarak se\u00e7ilmesinin ard\u0131ndan &#8216;Dive in May&#8217; ad\u0131yla ay boyunca H\u0131d\u0131rellez Dal\u0131\u015f\u0131, Sevgi Dal\u0131\u015f\u0131, Gen\u00e7lik Dal\u0131\u015f\u0131, An\u0131 Dal\u0131\u015f\u0131 ve 24&#8217;\u00fcnc\u00fc Uluslararas\u0131 Kemer Sualt\u0131 G\u00fcnleri kapsam\u0131nda bir\u00e7ok noktada dal\u0131\u015f yap\u0131ld\u0131. 19 dal\u0131\u015f noktas\u0131n\u0131n bulundu\u011fu il\u00e7ede d\u00fcnyan\u0131n en iyi 100 dal\u0131\u015f noktas\u0131ndan biri olarak da g\u00f6sterilen, Kemer marinas\u0131n\u0131n yakla\u015f\u0131k 1,5 kilometre a\u00e7\u0131\u011f\u0131nda bulunan Frans\u0131z sava\u015f gemisi &#8216;Paris 2&#8217;ye de &#8216;Tarihe Dal\u0131\u015f&#8217; etkinli\u011fi d\u00fczenlendi.<\/p>\n<p>1917 y\u0131l\u0131nda 1&#8217;inci D\u00fcnya Sava\u015f\u0131 s\u0131ras\u0131nda Top\u00e7u Y\u00fczba\u015f\u0131 Mustafa Ertu\u011frul Aker ve silah arkada\u015flar\u0131 taraf\u0131ndan 145 top at\u0131\u015f\u0131ndan 110&#8217;u isabet ettirilerek bat\u0131r\u0131lan, &#8216;Akdeniz&#8217;in \u00c7anakkale&#8217;si&#8217; olarak nitelendirilen &#8216;Paris 2&#8217;ye dal\u0131\u015f etkinli\u011fine Kaymakam Ahmet Solmaz, \u0130l\u00e7e Jandarma Komutan\u0131 Binba\u015f\u0131 \u00d6mer Seyhan, \u0130l\u00e7e Emniyet M\u00fcd\u00fcr\u00fc Furkan Gedikta\u015f, Sahil G\u00fcvenlik Komutan\u0131 SG \u00dcste\u011fmen Soner Tuna, Akdeniz \u00dcniversitesi Su \u00dcr\u00fcnleri Fak\u00fcltesi \u00d6\u011fretim \u00dcyesi Prof. Dr. Mehmet G\u00f6ko\u011flu, su alt\u0131 foto\u011fraf sanat\u00e7\u0131s\u0131 Adnan B\u00fcy\u00fck, T\u00dcRSAB B\u00f6lge Y\u00f6netim Kurulu \u00dcyesi Cevdet Ba\u015fkan, Akdeniz \u00dcniversitesi Sualt\u0131 Sporlar\u0131 Toplulu\u011fu ve Kemer&#8217;deki dal\u0131\u015f okullar\u0131 kat\u0131ld\u0131.<\/p>\n<p>33 metre derinlikte bulunan 50 metre boyunda, 8 metre enindeki 551 grostonluk Paris 2 bat\u0131\u011f\u0131na, Akdeniz \u00dcniversitesi Su \u00dcr\u00fcnleri Fak\u00fcltesi \u00d6\u011fretim \u00dcyesi Prof. Dr. Mehmet G\u00f6ko\u011flu, Akdeniz \u00dcniversitesi Sualt\u0131 Sporlar\u0131 Toplulu\u011fu&#8217;ndaki \u00f6\u011frenciler ve su alt\u0131 foto\u011fraf sanat\u00e7\u0131s\u0131 Adnan B\u00fcy\u00fck dal\u0131\u015f ger\u00e7ekle\u015ftirdi. Dal\u0131\u015f \u00f6ncesi topluluk \u00f6\u011frencileri dal\u0131\u015f noktas\u0131nda T\u00fcrk bayra\u011f\u0131 ve Atat\u00fcrk posteri a\u00e7t\u0131. Dal\u0131\u015fta da Paris 2&#8217;nin \u00fczerinde \u00f6\u011frenciler T\u00fcrk bayra\u011f\u0131 a\u00e7arken su alt\u0131 foto\u011fraf sanat\u00e7\u0131s\u0131 Adnan B\u00fcy\u00fck de o anlar\u0131 \u00e7ekti\u011fi foto\u011fraflarla \u00f6l\u00fcms\u00fczle\u015ftirdi.<\/p>\n<p>Kaymakam Ahmet Solmaz, &#8220;Bug\u00fcn final etkinli\u011fimizi d\u00fcnyan\u0131n en \u00f6nemli dal\u0131\u015f noktalar\u0131ndan olan Paris 2 bat\u0131\u011f\u0131n\u0131n oldu\u011fu b\u00f6lgede yapt\u0131k ve tarihe dal\u0131\u015f etkinli\u011fimizi ger\u00e7ekle\u015ftirdik. B\u00f6lgemizdeki dal\u0131\u015f okullar\u0131m\u0131zla beraber, Akdeniz \u00dcniversitesi&#8217;nden gelen Sualt\u0131 Toplulu\u011fu \u00f6\u011frencileriyle birlikte g\u00fczel bir dal\u0131\u015f ger\u00e7ekle\u015ftirildi ki bunun amac\u0131 b\u00f6lgemizdeki dedi\u011fim gibi dal\u0131\u015f b\u00f6lgelerimizi tan\u0131tmak oldu\u011fu kadar 1&#8217;inci D\u00fcnya Sava\u015f\u0131&#8217;nda, Antalya b\u00f6lgesinin kaderini etkileyen bir olay\u0131n da tarihsel hat\u0131rlanmas\u0131 oldu. Hakikaten o d\u00f6nem bu b\u00f6lgede ya\u015fanan sava\u015flarda kahraman askerlerimizin g\u00f6stermi\u015f oldu\u011fu ba\u015far\u0131lardan dolay\u0131 biz de onlar\u0131 sayg\u0131yla yad etmek istedik&#8221; dedi.<\/p>\n<p>Akdeniz \u00dcniversitesi Su \u00dcr\u00fcnleri Fak\u00fcltesi \u00d6\u011fretim \u00dcyesi Prof. Dr. Mehmet G\u00f6ko\u011flu, &#8220;Paris 2 bat\u0131\u011f\u0131na dal\u0131\u015f yapt\u0131k. Buras\u0131 Kemer Kaymakam\u0131m\u0131z\u0131n belirtti\u011fi gibi ikinci \u00c7anakkale olay\u0131 yani Akdeniz&#8217;in \u00c7anakkale olay\u0131 buras\u0131. Burada birtak\u0131m olaylar ya\u015fand\u0131 1&#8217;inci D\u00fcnya Sava\u015f\u0131 s\u0131ras\u0131nda. Bu dal\u0131\u015f etkinli\u011fi hem tarihi anmak hem ge\u00e7mi\u015fi anmak hem de dal\u0131\u015fa ilgi duyan insanlar\u0131 buraya \u00e7ekmek i\u00e7in yap\u0131lan bir etkinlik. Bizim her y\u0131l yapt\u0131\u011f\u0131m\u0131z bir etkinlik vard\u0131 Akdeniz \u00dcniversitesi&#8217;nin. Bu etkinli\u011fin 19&#8217;uncusunu bu sene yap\u0131yoruz seneye de 20&#8217;ncisini yapaca\u011f\u0131z. Bu iki etkinli\u011fi bir araya getirdik. \u00c7ocuklar\u0131m\u0131za bu memleketin nas\u0131l kurtar\u0131ld\u0131\u011f\u0131n\u0131, nas\u0131l m\u00fccadele edildi\u011fini g\u00f6stermek amac\u0131yla biz her y\u0131l bu etkinli\u011fi yap\u0131yoruz. Bu sene de dald\u0131lar, a\u015fa\u011f\u0131da geminin siluetini, vuruldu\u011fu noktalar\u0131, geminin son halini, nerelerden vuruldu\u011funu, hangi a\u00e7\u0131dan vuruldu\u011funu hepsini izlediler. Suda g\u00f6r\u00fc\u015f \u00e7ok iyiydi ve g\u00fczel bir etkinlikti&#8221; diye konu\u015ftu.<\/p>\n<p>&#8216;M\u0130LL\u0130 DUYGULARI KABARIYOR \u0130NSANIN&#8217;<\/p>\n<p>Akdeniz \u00dcniversitesi Sualt\u0131 Sporlar\u0131 Toplulu\u011fu \u00fcyesi ve Akdeniz \u00dcniversitesi Hem\u015firelik B\u00f6l\u00fcm\u00fc \u00f6\u011frencisi 24 ya\u015f\u0131ndaki Saadet Nur Yal\u00e7\u0131n da &#8220;Aslen \u00c7anakkaleliyim ama orada daha \u00f6nce dal\u0131\u015fa ba\u015flamad\u0131m. Buraya geldikten sonra toplulu\u011fumuzla tan\u0131\u015f\u0131p dal\u0131\u015fa ba\u015flad\u0131m. \u015eu anda 2 y\u0131ld\u0131z dalg\u0131c\u0131m. Burada \u00c7anakkaleli olmama ra\u011fmen orada g\u00f6rmedim ama Antalya&#8217;n\u0131n \u00c7anakkale&#8217;sine dald\u0131k. Mustafa Ertu\u011frul Aker ve silah arkada\u015flar\u0131 buradaki da\u011flardan gelip Paris 2 Frans\u0131z gemisini bat\u0131rm\u0131\u015flar. Buraya dalma f\u0131rsat\u0131m oldu ve iner inmez teknenin burnunu g\u00f6rd\u00fc\u011f\u00fcmde b\u00fcy\u00fclendim. \u00c7ok b\u00fcy\u00fck, bu kadar b\u00fcy\u00fck olmas\u0131n\u0131 beklemiyordum. Toplar\u0131 g\u00f6rd\u00fck a\u015fa\u011f\u0131da. Vuruldu\u011fu k\u0131s\u0131mlar\u0131. O kadar etkileyici ve b\u00fcy\u00fcleyici ki oras\u0131 hani milli duygular\u0131 kabar\u0131yor insan\u0131n o zaman\u0131 d\u00fc\u015f\u00fcn\u00fcyor, o an\u0131, o geminin bat\u0131\u015f an\u0131n\u0131, o gururu&#8221; dedi.<\/p>\n<p>Kaynak: www.kanalv.com.tr Haber Sitesinden Al\u0131nm\u0131\u015ft\u0131r.<\/p>","protected":false},"excerpt":{"rendered":"<p>Kemer Kaymakaml\u0131\u011f\u0131 \u00f6nc\u00fcl\u00fc\u011f\u00fcnde Kemer Belediyesi ve sivil toplum kurulu\u015flar\u0131n\u0131n olu\u015fturdu\u011fu Kemer Turizm Komitesi taraf\u0131ndan may\u0131s ay\u0131n\u0131n dal\u0131\u015f ay\u0131 olarak se\u00e7ilmesinin ard\u0131ndan &#8216;Dive in May&#8217; ad\u0131yla ay boyunca H\u0131d\u0131rellez Dal\u0131\u015f\u0131, Sevgi Dal\u0131\u015f\u0131, Gen\u00e7lik Dal\u0131\u015f\u0131, An\u0131 Dal\u0131\u015f\u0131 ve 24&#8217;\u00fcnc\u00fc Uluslararas\u0131 Kemer Sualt\u0131 G\u00fcnleri kapsam\u0131nda bir\u00e7ok noktada dal\u0131\u015f yap\u0131ld\u0131. 19 dal\u0131\u015f noktas\u0131n\u0131n bulundu\u011fu il\u00e7ede d\u00fcnyan\u0131n en iyi 100 dal\u0131\u015f noktas\u0131ndan biri olarak da g\u00f6sterilen, Kemer marinas\u0131n\u0131n yakla\u015f\u0131k 1,5 kilometre a\u00e7\u0131\u011f\u0131nda bulunan Frans\u0131z sava\u015f gemisi &#8216;Paris 2&#8217;ye de &#8216;Tarihe Dal\u0131\u015f&#8217; etkinli\u011fi d\u00fczenlendi. 1917 y\u0131l\u0131nda 1&#8217;inci D\u00fcnya Sava\u015f\u0131 s\u0131ras\u0131nda Top\u00e7u Y\u00fczba\u015f\u0131 Mustafa Ertu\u011frul Aker ve silah arkada\u015flar\u0131 taraf\u0131ndan 145 top at\u0131\u015f\u0131ndan 110&#8217;u isabet ettirilerek bat\u0131r\u0131lan, &#8216;Akdeniz&#8217;in \u00c7anakkale&#8217;si&#8217; olarak nitelendirilen &#8216;Paris 2&#8217;ye dal\u0131\u015f etkinli\u011fine Kaymakam Ahmet Solmaz, \u0130l\u00e7e Jandarma Komutan\u0131 Binba\u015f\u0131 \u00d6mer Seyhan, \u0130l\u00e7e Emniyet M\u00fcd\u00fcr\u00fc Furkan Gedikta\u015f, Sahil G\u00fcvenlik Komutan\u0131 SG \u00dcste\u011fmen Soner Tuna, Akdeniz \u00dcniversitesi Su \u00dcr\u00fcnleri Fak\u00fcltesi \u00d6\u011fretim \u00dcyesi Prof. Dr. Mehmet G\u00f6ko\u011flu, su alt\u0131 foto\u011fraf sanat\u00e7\u0131s\u0131 Adnan B\u00fcy\u00fck, T\u00dcRSAB B\u00f6lge Y\u00f6netim Kurulu \u00dcyesi Cevdet Ba\u015fkan, Akdeniz \u00dcniversitesi Sualt\u0131 Sporlar\u0131 Toplulu\u011fu ve Kemer&#8217;deki dal\u0131\u015f okullar\u0131 kat\u0131ld\u0131. 33 metre derinlikte bulunan 50 metre boyunda, 8 metre enindeki 551 grostonluk Paris 2 bat\u0131\u011f\u0131na, Akdeniz \u00dcniversitesi Su \u00dcr\u00fcnleri Fak\u00fcltesi \u00d6\u011fretim \u00dcyesi Prof. Dr. Mehmet G\u00f6ko\u011flu, Akdeniz \u00dcniversitesi Sualt\u0131 Sporlar\u0131 Toplulu\u011fu&#8217;ndaki \u00f6\u011frenciler ve su alt\u0131 foto\u011fraf sanat\u00e7\u0131s\u0131 &hellip;<\/p>","protected":false},"author":4,"featured_media":0,"comment_status":"","ping_status":"open","sticky":false,"template":"","format":"standard","meta":{"_acf_changed":false,"footnotes":""},"categories":[26],"tags":[],"class_list":["post-97140","post","type-post","status-publish","format-standard","hentry","category-antalya"],"acf":[],"yoast_head":"<!-- This site is optimized with the Yoast SEO Premium plugin v26.6 (Yoast SEO v27.1.1) - https:\/\/yoast.com\/product\/yoast-seo-premium-wordpress\/ -->\n<title>Akdeniz&#039;in \u00c7anakkale&#039;sine dal\u0131\u015f - Av. Deniz Can K\u0131z\u0131l<\/title>\n<meta name=\"robots\" content=\"index, follow, max-snippet:-1, max-image-preview:large, max-video-preview:-1\" \/>\n<link rel=\"canonical\" href=\"https:\/\/denizcankizil.tr\/uk\/haberler\/antalya\/akdenizin-canakkalesine-dalis\/\" \/>\n<meta property=\"og:locale\" content=\"uk_UA\" \/>\n<meta property=\"og:type\" content=\"article\" \/>\n<meta property=\"og:title\" content=\"Akdeniz&#039;in \u00c7anakkale&#039;sine dal\u0131\u015f\" \/>\n<meta property=\"og:description\" content=\"Kemer Kaymakaml\u0131\u011f\u0131 \u00f6nc\u00fcl\u00fc\u011f\u00fcnde Kemer Belediyesi ve sivil toplum kurulu\u015flar\u0131n\u0131n olu\u015fturdu\u011fu Kemer Turizm Komitesi taraf\u0131ndan may\u0131s ay\u0131n\u0131n dal\u0131\u015f ay\u0131 olarak se\u00e7ilmesinin ard\u0131ndan &#8216;Dive in May&#8217; ad\u0131yla ay boyunca H\u0131d\u0131rellez Dal\u0131\u015f\u0131, Sevgi Dal\u0131\u015f\u0131, Gen\u00e7lik Dal\u0131\u015f\u0131, An\u0131 Dal\u0131\u015f\u0131 ve 24&#8217;\u00fcnc\u00fc Uluslararas\u0131 Kemer Sualt\u0131 G\u00fcnleri kapsam\u0131nda bir\u00e7ok noktada dal\u0131\u015f yap\u0131ld\u0131. 19 dal\u0131\u015f noktas\u0131n\u0131n bulundu\u011fu il\u00e7ede d\u00fcnyan\u0131n en iyi 100 dal\u0131\u015f noktas\u0131ndan biri olarak da g\u00f6sterilen, Kemer marinas\u0131n\u0131n yakla\u015f\u0131k 1,5 kilometre a\u00e7\u0131\u011f\u0131nda bulunan Frans\u0131z sava\u015f gemisi &#8216;Paris 2&#8217;ye de &#8216;Tarihe Dal\u0131\u015f&#8217; etkinli\u011fi d\u00fczenlendi. 1917 y\u0131l\u0131nda 1&#8217;inci D\u00fcnya Sava\u015f\u0131 s\u0131ras\u0131nda Top\u00e7u Y\u00fczba\u015f\u0131 Mustafa Ertu\u011frul Aker ve silah arkada\u015flar\u0131 taraf\u0131ndan 145 top at\u0131\u015f\u0131ndan 110&#8217;u isabet ettirilerek bat\u0131r\u0131lan, &#8216;Akdeniz&#8217;in \u00c7anakkale&#8217;si&#8217; olarak nitelendirilen &#8216;Paris 2&#8217;ye dal\u0131\u015f etkinli\u011fine Kaymakam Ahmet Solmaz, \u0130l\u00e7e Jandarma Komutan\u0131 Binba\u015f\u0131 \u00d6mer Seyhan, \u0130l\u00e7e Emniyet M\u00fcd\u00fcr\u00fc Furkan Gedikta\u015f, Sahil G\u00fcvenlik Komutan\u0131 SG \u00dcste\u011fmen Soner Tuna, Akdeniz \u00dcniversitesi Su \u00dcr\u00fcnleri Fak\u00fcltesi \u00d6\u011fretim \u00dcyesi Prof. Dr. Mehmet G\u00f6ko\u011flu, su alt\u0131 foto\u011fraf sanat\u00e7\u0131s\u0131 Adnan B\u00fcy\u00fck, T\u00dcRSAB B\u00f6lge Y\u00f6netim Kurulu \u00dcyesi Cevdet Ba\u015fkan, Akdeniz \u00dcniversitesi Sualt\u0131 Sporlar\u0131 Toplulu\u011fu ve Kemer&#8217;deki dal\u0131\u015f okullar\u0131 kat\u0131ld\u0131. 33 metre derinlikte bulunan 50 metre boyunda, 8 metre enindeki 551 grostonluk Paris 2 bat\u0131\u011f\u0131na, Akdeniz \u00dcniversitesi Su \u00dcr\u00fcnleri Fak\u00fcltesi \u00d6\u011fretim \u00dcyesi Prof. Dr. Mehmet G\u00f6ko\u011flu, Akdeniz \u00dcniversitesi Sualt\u0131 Sporlar\u0131 Toplulu\u011fu&#8217;ndaki \u00f6\u011frenciler ve su alt\u0131 foto\u011fraf sanat\u00e7\u0131s\u0131 &hellip;\" \/>\n<meta property=\"og:url\" content=\"https:\/\/denizcankizil.tr\/uk\/haberler\/antalya\/akdenizin-canakkalesine-dalis\/\" \/>\n<meta property=\"og:site_name\" content=\"Av. Deniz Can K\u0131z\u0131l\" \/>\n<meta property=\"article:published_time\" content=\"2025-05-26T08:41:16+00:00\" \/>\n<meta name=\"author\" content=\"Av. Deniz Can K\u0131z\u0131l\" \/>\n<meta name=\"twitter:card\" content=\"summary_large_image\" \/>\n<meta name=\"twitter:label1\" content=\"\u041d\u0430\u043f\u0438\u0441\u0430\u043d\u043e\" \/>\n\t<meta name=\"twitter:data1\" content=\"Av. Deniz Can K\u0131z\u0131l\" \/>\n\t<meta name=\"twitter:label2\" content=\"\u041f\u0440\u0438\u0431\u043b. \u0447\u0430\u0441 \u0447\u0438\u0442\u0430\u043d\u043d\u044f\" \/>\n\t<meta name=\"twitter:data2\" content=\"4 \u0445\u0432\u0438\u043b\u0438\u043d\u0438\" \/>\n<script type=\"application\/ld+json\" class=\"yoast-schema-graph\">{\"@context\":\"https:\/\/schema.org\",\"@graph\":[{\"@type\":\"Article\",\"@id\":\"https:\/\/denizcankizil.tr\/en\/haberler\/antalya\/akdenizin-canakkalesine-dalis\/#article\",\"isPartOf\":{\"@id\":\"https:\/\/denizcankizil.tr\/en\/haberler\/antalya\/akdenizin-canakkalesine-dalis\/\"},\"author\":{\"name\":\"Av. Deniz Can K\u0131z\u0131l\",\"@id\":\"https:\/\/denizcankizil.tr\/de\/#\/schema\/person\/5dc1b22991bd7ac833867c10afc9b0ff\"},\"headline\":\"Akdeniz&#8217;in \u00c7anakkale&#8217;sine dal\u0131\u015f\",\"datePublished\":\"2025-05-26T08:41:16+00:00\",\"mainEntityOfPage\":{\"@id\":\"https:\/\/denizcankizil.tr\/en\/haberler\/antalya\/akdenizin-canakkalesine-dalis\/\"},\"wordCount\":813,\"publisher\":{\"@id\":\"https:\/\/denizcankizil.tr\/de\/#organization\"},\"articleSection\":[\"Antalya\"],\"inLanguage\":\"uk\"},{\"@type\":\"WebPage\",\"@id\":\"https:\/\/denizcankizil.tr\/en\/haberler\/antalya\/akdenizin-canakkalesine-dalis\/\",\"url\":\"https:\/\/denizcankizil.tr\/en\/haberler\/antalya\/akdenizin-canakkalesine-dalis\/\",\"name\":\"Akdeniz'in \u00c7anakkale'sine dal\u0131\u015f - Av. Deniz Can K\u0131z\u0131l\",\"isPartOf\":{\"@id\":\"https:\/\/denizcankizil.tr\/de\/#website\"},\"datePublished\":\"2025-05-26T08:41:16+00:00\",\"breadcrumb\":{\"@id\":\"https:\/\/denizcankizil.tr\/en\/haberler\/antalya\/akdenizin-canakkalesine-dalis\/#breadcrumb\"},\"inLanguage\":\"uk\",\"potentialAction\":[{\"@type\":\"ReadAction\",\"target\":[\"https:\/\/denizcankizil.tr\/en\/haberler\/antalya\/akdenizin-canakkalesine-dalis\/\"]}]},{\"@type\":\"BreadcrumbList\",\"@id\":\"https:\/\/denizcankizil.tr\/en\/haberler\/antalya\/akdenizin-canakkalesine-dalis\/#breadcrumb\",\"itemListElement\":[{\"@type\":\"ListItem\",\"position\":1,\"name\":\"Home\",\"item\":\"https:\/\/denizcankizil.tr\/de\/\"},{\"@type\":\"ListItem\",\"position\":2,\"name\":\"Akdeniz&#8217;in \u00c7anakkale&#8217;sine dal\u0131\u015f\"}]},{\"@type\":\"WebSite\",\"@id\":\"https:\/\/denizcankizil.tr\/de\/#website\",\"url\":\"https:\/\/denizcankizil.tr\/de\/\",\"name\":\"Av. Deniz Can K\u0131z\u0131l\",\"description\":\"Avukat Deniz Can K\u0131z\u0131l Antalya Barosu\",\"publisher\":{\"@id\":\"https:\/\/denizcankizil.tr\/de\/#organization\"},\"potentialAction\":[{\"@type\":\"SearchAction\",\"target\":{\"@type\":\"EntryPoint\",\"urlTemplate\":\"https:\/\/denizcankizil.tr\/de\/?s={search_term_string}\"},\"query-input\":{\"@type\":\"PropertyValueSpecification\",\"valueRequired\":true,\"valueName\":\"search_term_string\"}}],\"inLanguage\":\"uk\"},{\"@type\":\"Organization\",\"@id\":\"https:\/\/denizcankizil.tr\/de\/#organization\",\"name\":\"Av. Deniz Can K\u0131z\u0131l\",\"url\":\"https:\/\/denizcankizil.tr\/de\/\",\"logo\":{\"@type\":\"ImageObject\",\"inLanguage\":\"uk\",\"@id\":\"https:\/\/denizcankizil.tr\/de\/#\/schema\/logo\/image\/\",\"url\":\"https:\/\/denizcankizil.tr\/wp-content\/uploads\/2024\/10\/siyah-logo-svg.svg\",\"contentUrl\":\"https:\/\/denizcankizil.tr\/wp-content\/uploads\/2024\/10\/siyah-logo-svg.svg\",\"width\":1080,\"height\":1080,\"caption\":\"Av. Deniz Can K\u0131z\u0131l\"},\"image\":{\"@id\":\"https:\/\/denizcankizil.tr\/de\/#\/schema\/logo\/image\/\"}},{\"@type\":\"Person\",\"@id\":\"https:\/\/denizcankizil.tr\/de\/#\/schema\/person\/5dc1b22991bd7ac833867c10afc9b0ff\",\"name\":\"Av. Deniz Can K\u0131z\u0131l\",\"image\":{\"@type\":\"ImageObject\",\"inLanguage\":\"uk\",\"@id\":\"https:\/\/denizcankizil.tr\/de\/#\/schema\/person\/image\/\",\"url\":\"https:\/\/secure.gravatar.com\/avatar\/a0b128fb9855c79efc976d5640eedb31dc35ec297594d6016d2cf7c60e975bb6?s=96&d=mm&r=g\",\"contentUrl\":\"https:\/\/secure.gravatar.com\/avatar\/a0b128fb9855c79efc976d5640eedb31dc35ec297594d6016d2cf7c60e975bb6?s=96&d=mm&r=g\",\"caption\":\"Av. Deniz Can K\u0131z\u0131l\"},\"sameAs\":[\"http:\/\/www.denizcankizil.tr\"],\"url\":\"https:\/\/denizcankizil.tr\/uk\/author\/denizcankizil\/\"}]}<\/script>\n<!-- \/ Yoast SEO Premium plugin. -->","yoast_head_json":{"title":"Akdeniz'in \u00c7anakkale'sine dal\u0131\u015f - Av. Deniz Can K\u0131z\u0131l","robots":{"index":"index","follow":"follow","max-snippet":"max-snippet:-1","max-image-preview":"max-image-preview:large","max-video-preview":"max-video-preview:-1"},"canonical":"https:\/\/denizcankizil.tr\/uk\/haberler\/antalya\/akdenizin-canakkalesine-dalis\/","og_locale":"uk_UA","og_type":"article","og_title":"Akdeniz'in \u00c7anakkale'sine dal\u0131\u015f","og_description":"Kemer Kaymakaml\u0131\u011f\u0131 \u00f6nc\u00fcl\u00fc\u011f\u00fcnde Kemer Belediyesi ve sivil toplum kurulu\u015flar\u0131n\u0131n olu\u015fturdu\u011fu Kemer Turizm Komitesi taraf\u0131ndan may\u0131s ay\u0131n\u0131n dal\u0131\u015f ay\u0131 olarak se\u00e7ilmesinin ard\u0131ndan &#8216;Dive in May&#8217; ad\u0131yla ay boyunca H\u0131d\u0131rellez Dal\u0131\u015f\u0131, Sevgi Dal\u0131\u015f\u0131, Gen\u00e7lik Dal\u0131\u015f\u0131, An\u0131 Dal\u0131\u015f\u0131 ve 24&#8217;\u00fcnc\u00fc Uluslararas\u0131 Kemer Sualt\u0131 G\u00fcnleri kapsam\u0131nda bir\u00e7ok noktada dal\u0131\u015f yap\u0131ld\u0131. 19 dal\u0131\u015f noktas\u0131n\u0131n bulundu\u011fu il\u00e7ede d\u00fcnyan\u0131n en iyi 100 dal\u0131\u015f noktas\u0131ndan biri olarak da g\u00f6sterilen, Kemer marinas\u0131n\u0131n yakla\u015f\u0131k 1,5 kilometre a\u00e7\u0131\u011f\u0131nda bulunan Frans\u0131z sava\u015f gemisi &#8216;Paris 2&#8217;ye de &#8216;Tarihe Dal\u0131\u015f&#8217; etkinli\u011fi d\u00fczenlendi. 1917 y\u0131l\u0131nda 1&#8217;inci D\u00fcnya Sava\u015f\u0131 s\u0131ras\u0131nda Top\u00e7u Y\u00fczba\u015f\u0131 Mustafa Ertu\u011frul Aker ve silah arkada\u015flar\u0131 taraf\u0131ndan 145 top at\u0131\u015f\u0131ndan 110&#8217;u isabet ettirilerek bat\u0131r\u0131lan, &#8216;Akdeniz&#8217;in \u00c7anakkale&#8217;si&#8217; olarak nitelendirilen &#8216;Paris 2&#8217;ye dal\u0131\u015f etkinli\u011fine Kaymakam Ahmet Solmaz, \u0130l\u00e7e Jandarma Komutan\u0131 Binba\u015f\u0131 \u00d6mer Seyhan, \u0130l\u00e7e Emniyet M\u00fcd\u00fcr\u00fc Furkan Gedikta\u015f, Sahil G\u00fcvenlik Komutan\u0131 SG \u00dcste\u011fmen Soner Tuna, Akdeniz \u00dcniversitesi Su \u00dcr\u00fcnleri Fak\u00fcltesi \u00d6\u011fretim \u00dcyesi Prof. Dr. Mehmet G\u00f6ko\u011flu, su alt\u0131 foto\u011fraf sanat\u00e7\u0131s\u0131 Adnan B\u00fcy\u00fck, T\u00dcRSAB B\u00f6lge Y\u00f6netim Kurulu \u00dcyesi Cevdet Ba\u015fkan, Akdeniz \u00dcniversitesi Sualt\u0131 Sporlar\u0131 Toplulu\u011fu ve Kemer&#8217;deki dal\u0131\u015f okullar\u0131 kat\u0131ld\u0131. 33 metre derinlikte bulunan 50 metre boyunda, 8 metre enindeki 551 grostonluk Paris 2 bat\u0131\u011f\u0131na, Akdeniz \u00dcniversitesi Su \u00dcr\u00fcnleri Fak\u00fcltesi \u00d6\u011fretim \u00dcyesi Prof. Dr. Mehmet G\u00f6ko\u011flu, Akdeniz \u00dcniversitesi Sualt\u0131 Sporlar\u0131 Toplulu\u011fu&#8217;ndaki \u00f6\u011frenciler ve su alt\u0131 foto\u011fraf sanat\u00e7\u0131s\u0131 &hellip;","og_url":"https:\/\/denizcankizil.tr\/uk\/haberler\/antalya\/akdenizin-canakkalesine-dalis\/","og_site_name":"Av. Deniz Can K\u0131z\u0131l","article_published_time":"2025-05-26T08:41:16+00:00","author":"Av. Deniz Can K\u0131z\u0131l","twitter_card":"summary_large_image","twitter_misc":{"\u041d\u0430\u043f\u0438\u0441\u0430\u043d\u043e":"Av. Deniz Can K\u0131z\u0131l","\u041f\u0440\u0438\u0431\u043b. \u0447\u0430\u0441 \u0447\u0438\u0442\u0430\u043d\u043d\u044f":"4 \u0445\u0432\u0438\u043b\u0438\u043d\u0438"},"schema":{"@context":"https:\/\/schema.org","@graph":[{"@type":"Article","@id":"https:\/\/denizcankizil.tr\/en\/haberler\/antalya\/akdenizin-canakkalesine-dalis\/#article","isPartOf":{"@id":"https:\/\/denizcankizil.tr\/en\/haberler\/antalya\/akdenizin-canakkalesine-dalis\/"},"author":{"name":"Av. Deniz Can K\u0131z\u0131l","@id":"https:\/\/denizcankizil.tr\/de\/#\/schema\/person\/5dc1b22991bd7ac833867c10afc9b0ff"},"headline":"Akdeniz&#8217;in \u00c7anakkale&#8217;sine dal\u0131\u015f","datePublished":"2025-05-26T08:41:16+00:00","mainEntityOfPage":{"@id":"https:\/\/denizcankizil.tr\/en\/haberler\/antalya\/akdenizin-canakkalesine-dalis\/"},"wordCount":813,"publisher":{"@id":"https:\/\/denizcankizil.tr\/de\/#organization"},"articleSection":["Antalya"],"inLanguage":"uk"},{"@type":"WebPage","@id":"https:\/\/denizcankizil.tr\/en\/haberler\/antalya\/akdenizin-canakkalesine-dalis\/","url":"https:\/\/denizcankizil.tr\/en\/haberler\/antalya\/akdenizin-canakkalesine-dalis\/","name":"Akdeniz'in \u00c7anakkale'sine dal\u0131\u015f - Av. Deniz Can K\u0131z\u0131l","isPartOf":{"@id":"https:\/\/denizcankizil.tr\/de\/#website"},"datePublished":"2025-05-26T08:41:16+00:00","breadcrumb":{"@id":"https:\/\/denizcankizil.tr\/en\/haberler\/antalya\/akdenizin-canakkalesine-dalis\/#breadcrumb"},"inLanguage":"uk","potentialAction":[{"@type":"ReadAction","target":["https:\/\/denizcankizil.tr\/en\/haberler\/antalya\/akdenizin-canakkalesine-dalis\/"]}]},{"@type":"BreadcrumbList","@id":"https:\/\/denizcankizil.tr\/en\/haberler\/antalya\/akdenizin-canakkalesine-dalis\/#breadcrumb","itemListElement":[{"@type":"ListItem","position":1,"name":"Home","item":"https:\/\/denizcankizil.tr\/de\/"},{"@type":"ListItem","position":2,"name":"Akdeniz&#8217;in \u00c7anakkale&#8217;sine dal\u0131\u015f"}]},{"@type":"WebSite","@id":"https:\/\/denizcankizil.tr\/de\/#website","url":"https:\/\/denizcankizil.tr\/de\/","name":"Av. Deniz Can K\u0131z\u0131l","description":"Avukat Deniz Can K\u0131z\u0131l Antalya Barosu","publisher":{"@id":"https:\/\/denizcankizil.tr\/de\/#organization"},"potentialAction":[{"@type":"SearchAction","target":{"@type":"EntryPoint","urlTemplate":"https:\/\/denizcankizil.tr\/de\/?s={search_term_string}"},"query-input":{"@type":"PropertyValueSpecification","valueRequired":true,"valueName":"search_term_string"}}],"inLanguage":"uk"},{"@type":"Organization","@id":"https:\/\/denizcankizil.tr\/de\/#organization","name":"Av. Deniz Can K\u0131z\u0131l","url":"https:\/\/denizcankizil.tr\/de\/","logo":{"@type":"ImageObject","inLanguage":"uk","@id":"https:\/\/denizcankizil.tr\/de\/#\/schema\/logo\/image\/","url":"https:\/\/denizcankizil.tr\/wp-content\/uploads\/2024\/10\/siyah-logo-svg.svg","contentUrl":"https:\/\/denizcankizil.tr\/wp-content\/uploads\/2024\/10\/siyah-logo-svg.svg","width":1080,"height":1080,"caption":"Av. Deniz Can K\u0131z\u0131l"},"image":{"@id":"https:\/\/denizcankizil.tr\/de\/#\/schema\/logo\/image\/"}},{"@type":"Person","@id":"https:\/\/denizcankizil.tr\/de\/#\/schema\/person\/5dc1b22991bd7ac833867c10afc9b0ff","name":"Av. Deniz Can K\u0131z\u0131l","image":{"@type":"ImageObject","inLanguage":"uk","@id":"https:\/\/denizcankizil.tr\/de\/#\/schema\/person\/image\/","url":"https:\/\/secure.gravatar.com\/avatar\/a0b128fb9855c79efc976d5640eedb31dc35ec297594d6016d2cf7c60e975bb6?s=96&d=mm&r=g","contentUrl":"https:\/\/secure.gravatar.com\/avatar\/a0b128fb9855c79efc976d5640eedb31dc35ec297594d6016d2cf7c60e975bb6?s=96&d=mm&r=g","caption":"Av. Deniz Can K\u0131z\u0131l"},"sameAs":["http:\/\/www.denizcankizil.tr"],"url":"https:\/\/denizcankizil.tr\/uk\/author\/denizcankizil\/"}]}},"_links":{"self":[{"href":"https:\/\/denizcankizil.tr\/uk\/wp-json\/wp\/v2\/posts\/97140","targetHints":{"allow":["GET"]}}],"collection":[{"href":"https:\/\/denizcankizil.tr\/uk\/wp-json\/wp\/v2\/posts"}],"about":[{"href":"https:\/\/denizcankizil.tr\/uk\/wp-json\/wp\/v2\/types\/post"}],"author":[{"embeddable":true,"href":"https:\/\/denizcankizil.tr\/uk\/wp-json\/wp\/v2\/users\/4"}],"replies":[{"embeddable":true,"href":"https:\/\/denizcankizil.tr\/uk\/wp-json\/wp\/v2\/comments?post=97140"}],"version-history":[{"count":0,"href":"https:\/\/denizcankizil.tr\/uk\/wp-json\/wp\/v2\/posts\/97140\/revisions"}],"wp:attachment":[{"href":"https:\/\/denizcankizil.tr\/uk\/wp-json\/wp\/v2\/media?parent=97140"}],"wp:term":[{"taxonomy":"category","embeddable":true,"href":"https:\/\/denizcankizil.tr\/uk\/wp-json\/wp\/v2\/categories?post=97140"},{"taxonomy":"post_tag","embeddable":true,"href":"https:\/\/denizcankizil.tr\/uk\/wp-json\/wp\/v2\/tags?post=97140"}],"curies":[{"name":"wp","href":"https:\/\/api.w.org\/{rel}","templated":true}]}}