{"id":97101,"date":"2025-05-26T10:41:20","date_gmt":"2025-05-26T07:41:20","guid":{"rendered":"https:\/\/denizcankizil.tr\/uncategorized-tr\/gazipasa-havalimani-yaya-yolunda-buyuk-degisim\/"},"modified":"2025-05-26T10:41:20","modified_gmt":"2025-05-26T07:41:20","slug":"gazipasa-havalimani-yaya-yolunda-buyuk-degisim","status":"publish","type":"post","link":"https:\/\/denizcankizil.tr\/uk\/haberler\/gundem\/gazipasa-havalimani-yaya-yolunda-buyuk-degisim\/","title":{"rendered":"Gazipa\u015fa Havaliman\u0131 yaya yolunda b\u00fcy\u00fck de\u011fi\u015fim!"},"content":{"rendered":"<p>2010 y\u0131l\u0131nda hizmete giren ve Antalya\u2019n\u0131n do\u011fusunda \u00f6nemli bir ula\u015f\u0131m noktas\u0131 haline gelen Gazipa\u015fa Havaliman\u0131, her y\u0131l binlerce yerli ve yabanc\u0131 turisti a\u011f\u0131rl\u0131yor. Artan yaya trafi\u011fi nedeniyle b\u00f6lgede kald\u0131r\u0131m ihtiyac\u0131 do\u011farken, Gazipa\u015fa Belediyesi Fen \u0130\u015fleri M\u00fcd\u00fcrl\u00fc\u011f\u00fc taraf\u0131ndan y\u00fcr\u00fct\u00fclen \u00e7al\u0131\u015fmalar sayesinde, vatanda\u015flar art\u0131k havaliman\u0131 yolunu daha g\u00fcvenli ve konforlu bir \u015fekilde kullanabilecek.<\/p>\n<p>ANTALYA\u2019NIN DO\u011eUSUNDA \u00d6NEML\u0130 B\u0130R ULA\u015eIM ALANI<\/p>\n<p>Gazipa\u015fa Belediye Ba\u015fkan\u0131 Mehmet Ali Y\u0131lmaz, Belediye Ba\u015fkan Yard\u0131mc\u0131lar\u0131 Sel\u00e7uk \u00d6zdemir ve Serkan \u00d6zkurt ile birlikte kald\u0131r\u0131m \u00e7al\u0131\u015fmalar\u0131 yerinde inceledi. Gazipa\u015fa Belediye Ba\u015fkan\u0131 Mehmet Ali Y\u0131lmaz, \u201cHer y\u0131l binlerce yolcu a\u011f\u0131rlayan Gazipa\u015fa Havaliman\u0131 g\u00fczerg\u00e2h\u0131nda uzun s\u00fcredir ihtiya\u00e7 duyulan kald\u0131r\u0131m \u00e7al\u0131\u015fmam\u0131z\u0131 tamamlad\u0131k. \u0130l\u00e7emizin geli\u015fimi, yaya g\u00fcvenli\u011fi ve kent esteti\u011fi a\u00e7\u0131s\u0131ndan \u00f6nemli bir projeyi daha hayata ge\u00e7irdik. Ekip arkada\u015flar\u0131m\u0131za emekleri i\u00e7in te\u015fekk\u00fcr ediyorum. Hem b\u00f6lge halk\u0131m\u0131za hem de il\u00e7emize gelen misafirlerimize hay\u0131rl\u0131 olsun. Gazipa\u015fa\u2019m\u0131z i\u00e7in \u00e7al\u0131\u015fmaya devam edece\u011fiz\u201d dedi.<\/p>\n<p>B\u00d6LGEDE YER ALAN MAHALLELER\u0130N MUHTARLARINDAN TE\u015eEKK\u00dcR<\/p>\n<p>Gazipa\u015fa Havaliman\u0131n\u0131n bulundu\u011fu b\u00f6lgedeki Ayd\u0131nc\u0131k ve Sar\u0131a\u011fa\u00e7 Mahalle muhtarlar\u0131, yap\u0131lan kald\u0131r\u0131m i\u00e7in Gazipa\u015fa Belediyesi\u2019ne te\u015fekk\u00fcr etti. \u00c7al\u0131\u015fmalarla ilgili konu\u015fan Ayd\u0131nc\u0131k Mahalle Muhtar\u0131 Yusuf Demirelli, \u201cGazipa\u015fa Havaliman\u0131\u2019n\u0131 yaya olarak kullanan bir\u00e7ok vatanda\u015f\u0131m\u0131z var. Yayalar\u0131m\u0131z\u0131n g\u00fcvenli yolculuk yapabilmesi i\u00e7in kald\u0131r\u0131m \u00e7ok \u00f6nemliydi. \u015eu anda \u00e7al\u0131\u015fmalar\u0131m\u0131z tamamland\u0131. Ba\u015fta Belediye Ba\u015fkan\u0131m\u0131z Mehmet Ali Y\u0131lmaz olmak \u00fczere t\u00fcm belediye personeline bu \u00f6nemli \u00e7al\u0131\u015fmalar i\u00e7in \u015fahs\u0131m ve mahallem ad\u0131na te\u015fekk\u00fcr ediyorum\u201d \u015feklinde konu\u015ftu. Sar\u0131a\u011fa\u00e7 Mahalle Muhtar\u0131 Ahmet Aman ise \u201cGazipa\u015fa Belediyemiz mahallemizde ihtiya\u00e7 olan b\u00fct\u00fcn i\u015fleri h\u0131zla yap\u0131yor. Bu b\u00f6lgeye kald\u0131r\u0131m \u00e7ok gerekliydi. Belediyemiz duyarl\u0131 davranarak vatanda\u015f\u0131m\u0131za ula\u015f\u0131m konforu sa\u011flad\u0131. Mehmet Ali Ba\u015fkan\u0131m ba\u015fta olmak \u00fczere \u00e7al\u0131\u015fmalarda eme\u011fi olan herkese mahallem ve \u015fahs\u0131m ad\u0131na te\u015fekk\u00fcr ediyorum\u201d diye konu\u015ftu.<\/p>\n<p>\u200bGazipa\u015fa Havaliman\u0131 ile D-400 karayolu aras\u0131nda kalan yakla\u015f\u0131k bin 100 metre uzunlu\u011fundaki yaya kald\u0131r\u0131m\u0131 yenilendi. Gazipa\u015fa Belediyesi, il\u00e7e genelinde ula\u015f\u0131m\u0131 daha g\u00fcvenli ve konforlu hale getirmek amac\u0131yla s\u00fcrd\u00fcrd\u00fc\u011f\u00fc projeler kapsam\u0131nda ba\u015flatt\u0131\u011f\u0131 Havaliman\u0131 yolundaki kald\u0131r\u0131m \u00e7al\u0131\u015fmalar\u0131n\u0131 tamamlad\u0131.\u00a0<\/p>\n<p>\u200bHaberin Al\u0131nt\u0131land\u0131\u011f\u0131 Kaynak: www.antalyakorfez.com<\/p>","protected":false},"excerpt":{"rendered":"<p>2010 y\u0131l\u0131nda hizmete giren ve Antalya\u2019n\u0131n do\u011fusunda \u00f6nemli bir ula\u015f\u0131m noktas\u0131 haline gelen Gazipa\u015fa Havaliman\u0131, her y\u0131l binlerce yerli ve yabanc\u0131 turisti a\u011f\u0131rl\u0131yor. Artan yaya trafi\u011fi nedeniyle b\u00f6lgede kald\u0131r\u0131m ihtiyac\u0131 do\u011farken, Gazipa\u015fa Belediyesi Fen \u0130\u015fleri M\u00fcd\u00fcrl\u00fc\u011f\u00fc taraf\u0131ndan y\u00fcr\u00fct\u00fclen \u00e7al\u0131\u015fmalar sayesinde, vatanda\u015flar art\u0131k havaliman\u0131 yolunu daha g\u00fcvenli ve konforlu bir \u015fekilde kullanabilecek. ANTALYA\u2019NIN DO\u011eUSUNDA \u00d6NEML\u0130 B\u0130R ULA\u015eIM ALANI Gazipa\u015fa Belediye Ba\u015fkan\u0131 Mehmet Ali Y\u0131lmaz, Belediye Ba\u015fkan Yard\u0131mc\u0131lar\u0131 Sel\u00e7uk \u00d6zdemir ve Serkan \u00d6zkurt ile birlikte kald\u0131r\u0131m \u00e7al\u0131\u015fmalar\u0131 yerinde inceledi. Gazipa\u015fa Belediye Ba\u015fkan\u0131 Mehmet Ali Y\u0131lmaz, \u201cHer y\u0131l binlerce yolcu a\u011f\u0131rlayan Gazipa\u015fa Havaliman\u0131 g\u00fczerg\u00e2h\u0131nda uzun s\u00fcredir ihtiya\u00e7 duyulan kald\u0131r\u0131m \u00e7al\u0131\u015fmam\u0131z\u0131 tamamlad\u0131k. \u0130l\u00e7emizin geli\u015fimi, yaya g\u00fcvenli\u011fi ve kent esteti\u011fi a\u00e7\u0131s\u0131ndan \u00f6nemli bir projeyi daha hayata ge\u00e7irdik. Ekip arkada\u015flar\u0131m\u0131za emekleri i\u00e7in te\u015fekk\u00fcr ediyorum. Hem b\u00f6lge halk\u0131m\u0131za hem de il\u00e7emize gelen misafirlerimize hay\u0131rl\u0131 olsun. Gazipa\u015fa\u2019m\u0131z i\u00e7in \u00e7al\u0131\u015fmaya devam edece\u011fiz\u201d dedi. B\u00d6LGEDE YER ALAN MAHALLELER\u0130N MUHTARLARINDAN TE\u015eEKK\u00dcR Gazipa\u015fa Havaliman\u0131n\u0131n bulundu\u011fu b\u00f6lgedeki Ayd\u0131nc\u0131k ve Sar\u0131a\u011fa\u00e7 Mahalle muhtarlar\u0131, yap\u0131lan kald\u0131r\u0131m i\u00e7in Gazipa\u015fa Belediyesi\u2019ne te\u015fekk\u00fcr etti. \u00c7al\u0131\u015fmalarla ilgili konu\u015fan Ayd\u0131nc\u0131k Mahalle Muhtar\u0131 Yusuf Demirelli, \u201cGazipa\u015fa Havaliman\u0131\u2019n\u0131 yaya olarak kullanan bir\u00e7ok vatanda\u015f\u0131m\u0131z var. Yayalar\u0131m\u0131z\u0131n g\u00fcvenli yolculuk yapabilmesi i\u00e7in kald\u0131r\u0131m \u00e7ok \u00f6nemliydi. \u015eu anda \u00e7al\u0131\u015fmalar\u0131m\u0131z tamamland\u0131. Ba\u015fta Belediye Ba\u015fkan\u0131m\u0131z Mehmet Ali Y\u0131lmaz olmak \u00fczere t\u00fcm belediye personeline bu \u00f6nemli \u00e7al\u0131\u015fmalar i\u00e7in \u015fahs\u0131m &hellip;<\/p>","protected":false},"author":5,"featured_media":0,"comment_status":"","ping_status":"open","sticky":false,"template":"","format":"standard","meta":{"_acf_changed":false,"footnotes":""},"categories":[24],"tags":[],"class_list":["post-97101","post","type-post","status-publish","format-standard","has-post-thumbnail","hentry","category-gundem"],"acf":[],"yoast_head":"<!-- This site is optimized with the Yoast SEO Premium plugin v26.6 (Yoast SEO v27.1.1) - https:\/\/yoast.com\/product\/yoast-seo-premium-wordpress\/ -->\n<title>Gazipa\u015fa Havaliman\u0131 yaya yolunda b\u00fcy\u00fck de\u011fi\u015fim! - Av. Deniz Can K\u0131z\u0131l<\/title>\n<meta name=\"robots\" content=\"index, follow, max-snippet:-1, max-image-preview:large, max-video-preview:-1\" \/>\n<link rel=\"canonical\" href=\"https:\/\/denizcankizil.tr\/uk\/haberler\/gundem\/gazipasa-havalimani-yaya-yolunda-buyuk-degisim\/\" \/>\n<meta property=\"og:locale\" content=\"uk_UA\" \/>\n<meta property=\"og:type\" content=\"article\" \/>\n<meta property=\"og:title\" content=\"Gazipa\u015fa Havaliman\u0131 yaya yolunda b\u00fcy\u00fck de\u011fi\u015fim!\" \/>\n<meta property=\"og:description\" content=\"2010 y\u0131l\u0131nda hizmete giren ve Antalya\u2019n\u0131n do\u011fusunda \u00f6nemli bir ula\u015f\u0131m noktas\u0131 haline gelen Gazipa\u015fa Havaliman\u0131, her y\u0131l binlerce yerli ve yabanc\u0131 turisti a\u011f\u0131rl\u0131yor. Artan yaya trafi\u011fi nedeniyle b\u00f6lgede kald\u0131r\u0131m ihtiyac\u0131 do\u011farken, Gazipa\u015fa Belediyesi Fen \u0130\u015fleri M\u00fcd\u00fcrl\u00fc\u011f\u00fc taraf\u0131ndan y\u00fcr\u00fct\u00fclen \u00e7al\u0131\u015fmalar sayesinde, vatanda\u015flar art\u0131k havaliman\u0131 yolunu daha g\u00fcvenli ve konforlu bir \u015fekilde kullanabilecek. ANTALYA\u2019NIN DO\u011eUSUNDA \u00d6NEML\u0130 B\u0130R ULA\u015eIM ALANI Gazipa\u015fa Belediye Ba\u015fkan\u0131 Mehmet Ali Y\u0131lmaz, Belediye Ba\u015fkan Yard\u0131mc\u0131lar\u0131 Sel\u00e7uk \u00d6zdemir ve Serkan \u00d6zkurt ile birlikte kald\u0131r\u0131m \u00e7al\u0131\u015fmalar\u0131 yerinde inceledi. Gazipa\u015fa Belediye Ba\u015fkan\u0131 Mehmet Ali Y\u0131lmaz, \u201cHer y\u0131l binlerce yolcu a\u011f\u0131rlayan Gazipa\u015fa Havaliman\u0131 g\u00fczerg\u00e2h\u0131nda uzun s\u00fcredir ihtiya\u00e7 duyulan kald\u0131r\u0131m \u00e7al\u0131\u015fmam\u0131z\u0131 tamamlad\u0131k. \u0130l\u00e7emizin geli\u015fimi, yaya g\u00fcvenli\u011fi ve kent esteti\u011fi a\u00e7\u0131s\u0131ndan \u00f6nemli bir projeyi daha hayata ge\u00e7irdik. Ekip arkada\u015flar\u0131m\u0131za emekleri i\u00e7in te\u015fekk\u00fcr ediyorum. Hem b\u00f6lge halk\u0131m\u0131za hem de il\u00e7emize gelen misafirlerimize hay\u0131rl\u0131 olsun. Gazipa\u015fa\u2019m\u0131z i\u00e7in \u00e7al\u0131\u015fmaya devam edece\u011fiz\u201d dedi. B\u00d6LGEDE YER ALAN MAHALLELER\u0130N MUHTARLARINDAN TE\u015eEKK\u00dcR Gazipa\u015fa Havaliman\u0131n\u0131n bulundu\u011fu b\u00f6lgedeki Ayd\u0131nc\u0131k ve Sar\u0131a\u011fa\u00e7 Mahalle muhtarlar\u0131, yap\u0131lan kald\u0131r\u0131m i\u00e7in Gazipa\u015fa Belediyesi\u2019ne te\u015fekk\u00fcr etti. \u00c7al\u0131\u015fmalarla ilgili konu\u015fan Ayd\u0131nc\u0131k Mahalle Muhtar\u0131 Yusuf Demirelli, \u201cGazipa\u015fa Havaliman\u0131\u2019n\u0131 yaya olarak kullanan bir\u00e7ok vatanda\u015f\u0131m\u0131z var. Yayalar\u0131m\u0131z\u0131n g\u00fcvenli yolculuk yapabilmesi i\u00e7in kald\u0131r\u0131m \u00e7ok \u00f6nemliydi. \u015eu anda \u00e7al\u0131\u015fmalar\u0131m\u0131z tamamland\u0131. Ba\u015fta Belediye Ba\u015fkan\u0131m\u0131z Mehmet Ali Y\u0131lmaz olmak \u00fczere t\u00fcm belediye personeline bu \u00f6nemli \u00e7al\u0131\u015fmalar i\u00e7in \u015fahs\u0131m &hellip;\" \/>\n<meta property=\"og:url\" content=\"https:\/\/denizcankizil.tr\/uk\/haberler\/gundem\/gazipasa-havalimani-yaya-yolunda-buyuk-degisim\/\" \/>\n<meta property=\"og:site_name\" content=\"Av. Deniz Can K\u0131z\u0131l\" \/>\n<meta property=\"article:published_time\" content=\"2025-05-26T07:41:20+00:00\" \/>\n<meta name=\"author\" content=\"Antalya K\u00f6rfez\" \/>\n<meta name=\"twitter:card\" content=\"summary_large_image\" \/>\n<meta name=\"twitter:label1\" content=\"\u041d\u0430\u043f\u0438\u0441\u0430\u043d\u043e\" \/>\n\t<meta name=\"twitter:data1\" content=\"Antalya K\u00f6rfez\" \/>\n\t<meta name=\"twitter:label2\" content=\"\u041f\u0440\u0438\u0431\u043b. \u0447\u0430\u0441 \u0447\u0438\u0442\u0430\u043d\u043d\u044f\" \/>\n\t<meta name=\"twitter:data2\" content=\"2 \u0445\u0432\u0438\u043b\u0438\u043d\u0438\" \/>\n<script type=\"application\/ld+json\" class=\"yoast-schema-graph\">{\"@context\":\"https:\/\/schema.org\",\"@graph\":[{\"@type\":\"Article\",\"@id\":\"https:\/\/denizcankizil.tr\/uk\/haberler\/gundem\/gazipasa-havalimani-yaya-yolunda-buyuk-degisim\/#article\",\"isPartOf\":{\"@id\":\"https:\/\/denizcankizil.tr\/uk\/haberler\/gundem\/gazipasa-havalimani-yaya-yolunda-buyuk-degisim\/\"},\"author\":{\"name\":\"Antalya K\u00f6rfez\",\"@id\":\"https:\/\/denizcankizil.tr\/#\/schema\/person\/e1eb71bb4dd684d46563f0af307e1234\"},\"headline\":\"Gazipa\u015fa Havaliman\u0131 yaya yolunda b\u00fcy\u00fck de\u011fi\u015fim!\",\"datePublished\":\"2025-05-26T07:41:20+00:00\",\"mainEntityOfPage\":{\"@id\":\"https:\/\/denizcankizil.tr\/uk\/haberler\/gundem\/gazipasa-havalimani-yaya-yolunda-buyuk-degisim\/\"},\"wordCount\":482,\"publisher\":{\"@id\":\"https:\/\/denizcankizil.tr\/#organization\"},\"articleSection\":[\"G\u00fcndem\"],\"inLanguage\":\"uk\"},{\"@type\":\"WebPage\",\"@id\":\"https:\/\/denizcankizil.tr\/uk\/haberler\/gundem\/gazipasa-havalimani-yaya-yolunda-buyuk-degisim\/\",\"url\":\"https:\/\/denizcankizil.tr\/uk\/haberler\/gundem\/gazipasa-havalimani-yaya-yolunda-buyuk-degisim\/\",\"name\":\"Gazipa\u015fa Havaliman\u0131 yaya yolunda b\u00fcy\u00fck de\u011fi\u015fim! - Av. Deniz Can K\u0131z\u0131l\",\"isPartOf\":{\"@id\":\"https:\/\/denizcankizil.tr\/#website\"},\"datePublished\":\"2025-05-26T07:41:20+00:00\",\"breadcrumb\":{\"@id\":\"https:\/\/denizcankizil.tr\/uk\/haberler\/gundem\/gazipasa-havalimani-yaya-yolunda-buyuk-degisim\/#breadcrumb\"},\"inLanguage\":\"uk\",\"potentialAction\":[{\"@type\":\"ReadAction\",\"target\":[\"https:\/\/denizcankizil.tr\/uk\/haberler\/gundem\/gazipasa-havalimani-yaya-yolunda-buyuk-degisim\/\"]}]},{\"@type\":\"BreadcrumbList\",\"@id\":\"https:\/\/denizcankizil.tr\/uk\/haberler\/gundem\/gazipasa-havalimani-yaya-yolunda-buyuk-degisim\/#breadcrumb\",\"itemListElement\":[{\"@type\":\"ListItem\",\"position\":1,\"name\":\"Home\",\"item\":\"https:\/\/denizcankizil.tr\/de\/\"},{\"@type\":\"ListItem\",\"position\":2,\"name\":\"Gazipa\u015fa Havaliman\u0131 yaya yolunda b\u00fcy\u00fck de\u011fi\u015fim!\"}]},{\"@type\":\"WebSite\",\"@id\":\"https:\/\/denizcankizil.tr\/#website\",\"url\":\"https:\/\/denizcankizil.tr\/\",\"name\":\"Av. Deniz Can K\u0131z\u0131l\",\"description\":\"Avukat Deniz Can K\u0131z\u0131l Antalya Barosu\",\"publisher\":{\"@id\":\"https:\/\/denizcankizil.tr\/#organization\"},\"potentialAction\":[{\"@type\":\"SearchAction\",\"target\":{\"@type\":\"EntryPoint\",\"urlTemplate\":\"https:\/\/denizcankizil.tr\/?s={search_term_string}\"},\"query-input\":{\"@type\":\"PropertyValueSpecification\",\"valueRequired\":true,\"valueName\":\"search_term_string\"}}],\"inLanguage\":\"uk\"},{\"@type\":\"Organization\",\"@id\":\"https:\/\/denizcankizil.tr\/#organization\",\"name\":\"Av. Deniz Can K\u0131z\u0131l\",\"url\":\"https:\/\/denizcankizil.tr\/\",\"logo\":{\"@type\":\"ImageObject\",\"inLanguage\":\"uk\",\"@id\":\"https:\/\/denizcankizil.tr\/#\/schema\/logo\/image\/\",\"url\":\"https:\/\/denizcankizil.tr\/wp-content\/uploads\/2024\/10\/siyah-logo-svg.svg\",\"contentUrl\":\"https:\/\/denizcankizil.tr\/wp-content\/uploads\/2024\/10\/siyah-logo-svg.svg\",\"width\":1080,\"height\":1080,\"caption\":\"Av. Deniz Can K\u0131z\u0131l\"},\"image\":{\"@id\":\"https:\/\/denizcankizil.tr\/#\/schema\/logo\/image\/\"}},{\"@type\":\"Person\",\"@id\":\"https:\/\/denizcankizil.tr\/#\/schema\/person\/e1eb71bb4dd684d46563f0af307e1234\",\"name\":\"Antalya K\u00f6rfez\",\"image\":{\"@type\":\"ImageObject\",\"inLanguage\":\"uk\",\"@id\":\"https:\/\/denizcankizil.tr\/#\/schema\/person\/image\/\",\"url\":\"https:\/\/secure.gravatar.com\/avatar\/42b01982558a48a0b501fdcab6a408d3717ea5919095ee2e67b0e521799c5905?s=96&d=mm&r=g\",\"contentUrl\":\"https:\/\/secure.gravatar.com\/avatar\/42b01982558a48a0b501fdcab6a408d3717ea5919095ee2e67b0e521799c5905?s=96&d=mm&r=g\",\"caption\":\"Antalya K\u00f6rfez\"},\"sameAs\":[\"http:\/\/www.antalyakorfez.com\"],\"url\":\"https:\/\/www.antalyakorfez.com\/gazipasa-havalimani-yaya-yolunda-buyuk-degisim\"}]}<\/script>\n<!-- \/ Yoast SEO Premium plugin. -->","yoast_head_json":{"title":"Gazipa\u015fa Havaliman\u0131 yaya yolunda b\u00fcy\u00fck de\u011fi\u015fim! - Av. Deniz Can K\u0131z\u0131l","robots":{"index":"index","follow":"follow","max-snippet":"max-snippet:-1","max-image-preview":"max-image-preview:large","max-video-preview":"max-video-preview:-1"},"canonical":"https:\/\/denizcankizil.tr\/uk\/haberler\/gundem\/gazipasa-havalimani-yaya-yolunda-buyuk-degisim\/","og_locale":"uk_UA","og_type":"article","og_title":"Gazipa\u015fa Havaliman\u0131 yaya yolunda b\u00fcy\u00fck de\u011fi\u015fim!","og_description":"2010 y\u0131l\u0131nda hizmete giren ve Antalya\u2019n\u0131n do\u011fusunda \u00f6nemli bir ula\u015f\u0131m noktas\u0131 haline gelen Gazipa\u015fa Havaliman\u0131, her y\u0131l binlerce yerli ve yabanc\u0131 turisti a\u011f\u0131rl\u0131yor. Artan yaya trafi\u011fi nedeniyle b\u00f6lgede kald\u0131r\u0131m ihtiyac\u0131 do\u011farken, Gazipa\u015fa Belediyesi Fen \u0130\u015fleri M\u00fcd\u00fcrl\u00fc\u011f\u00fc taraf\u0131ndan y\u00fcr\u00fct\u00fclen \u00e7al\u0131\u015fmalar sayesinde, vatanda\u015flar art\u0131k havaliman\u0131 yolunu daha g\u00fcvenli ve konforlu bir \u015fekilde kullanabilecek. ANTALYA\u2019NIN DO\u011eUSUNDA \u00d6NEML\u0130 B\u0130R ULA\u015eIM ALANI Gazipa\u015fa Belediye Ba\u015fkan\u0131 Mehmet Ali Y\u0131lmaz, Belediye Ba\u015fkan Yard\u0131mc\u0131lar\u0131 Sel\u00e7uk \u00d6zdemir ve Serkan \u00d6zkurt ile birlikte kald\u0131r\u0131m \u00e7al\u0131\u015fmalar\u0131 yerinde inceledi. Gazipa\u015fa Belediye Ba\u015fkan\u0131 Mehmet Ali Y\u0131lmaz, \u201cHer y\u0131l binlerce yolcu a\u011f\u0131rlayan Gazipa\u015fa Havaliman\u0131 g\u00fczerg\u00e2h\u0131nda uzun s\u00fcredir ihtiya\u00e7 duyulan kald\u0131r\u0131m \u00e7al\u0131\u015fmam\u0131z\u0131 tamamlad\u0131k. \u0130l\u00e7emizin geli\u015fimi, yaya g\u00fcvenli\u011fi ve kent esteti\u011fi a\u00e7\u0131s\u0131ndan \u00f6nemli bir projeyi daha hayata ge\u00e7irdik. Ekip arkada\u015flar\u0131m\u0131za emekleri i\u00e7in te\u015fekk\u00fcr ediyorum. Hem b\u00f6lge halk\u0131m\u0131za hem de il\u00e7emize gelen misafirlerimize hay\u0131rl\u0131 olsun. Gazipa\u015fa\u2019m\u0131z i\u00e7in \u00e7al\u0131\u015fmaya devam edece\u011fiz\u201d dedi. B\u00d6LGEDE YER ALAN MAHALLELER\u0130N MUHTARLARINDAN TE\u015eEKK\u00dcR Gazipa\u015fa Havaliman\u0131n\u0131n bulundu\u011fu b\u00f6lgedeki Ayd\u0131nc\u0131k ve Sar\u0131a\u011fa\u00e7 Mahalle muhtarlar\u0131, yap\u0131lan kald\u0131r\u0131m i\u00e7in Gazipa\u015fa Belediyesi\u2019ne te\u015fekk\u00fcr etti. \u00c7al\u0131\u015fmalarla ilgili konu\u015fan Ayd\u0131nc\u0131k Mahalle Muhtar\u0131 Yusuf Demirelli, \u201cGazipa\u015fa Havaliman\u0131\u2019n\u0131 yaya olarak kullanan bir\u00e7ok vatanda\u015f\u0131m\u0131z var. Yayalar\u0131m\u0131z\u0131n g\u00fcvenli yolculuk yapabilmesi i\u00e7in kald\u0131r\u0131m \u00e7ok \u00f6nemliydi. \u015eu anda \u00e7al\u0131\u015fmalar\u0131m\u0131z tamamland\u0131. Ba\u015fta Belediye Ba\u015fkan\u0131m\u0131z Mehmet Ali Y\u0131lmaz olmak \u00fczere t\u00fcm belediye personeline bu \u00f6nemli \u00e7al\u0131\u015fmalar i\u00e7in \u015fahs\u0131m &hellip;","og_url":"https:\/\/denizcankizil.tr\/uk\/haberler\/gundem\/gazipasa-havalimani-yaya-yolunda-buyuk-degisim\/","og_site_name":"Av. Deniz Can K\u0131z\u0131l","article_published_time":"2025-05-26T07:41:20+00:00","author":"Antalya K\u00f6rfez","twitter_card":"summary_large_image","twitter_misc":{"\u041d\u0430\u043f\u0438\u0441\u0430\u043d\u043e":"Antalya K\u00f6rfez","\u041f\u0440\u0438\u0431\u043b. \u0447\u0430\u0441 \u0447\u0438\u0442\u0430\u043d\u043d\u044f":"2 \u0445\u0432\u0438\u043b\u0438\u043d\u0438"},"schema":{"@context":"https:\/\/schema.org","@graph":[{"@type":"Article","@id":"https:\/\/denizcankizil.tr\/uk\/haberler\/gundem\/gazipasa-havalimani-yaya-yolunda-buyuk-degisim\/#article","isPartOf":{"@id":"https:\/\/denizcankizil.tr\/uk\/haberler\/gundem\/gazipasa-havalimani-yaya-yolunda-buyuk-degisim\/"},"author":{"name":"Antalya K\u00f6rfez","@id":"https:\/\/denizcankizil.tr\/#\/schema\/person\/e1eb71bb4dd684d46563f0af307e1234"},"headline":"Gazipa\u015fa Havaliman\u0131 yaya yolunda b\u00fcy\u00fck de\u011fi\u015fim!","datePublished":"2025-05-26T07:41:20+00:00","mainEntityOfPage":{"@id":"https:\/\/denizcankizil.tr\/uk\/haberler\/gundem\/gazipasa-havalimani-yaya-yolunda-buyuk-degisim\/"},"wordCount":482,"publisher":{"@id":"https:\/\/denizcankizil.tr\/#organization"},"articleSection":["G\u00fcndem"],"inLanguage":"uk"},{"@type":"WebPage","@id":"https:\/\/denizcankizil.tr\/uk\/haberler\/gundem\/gazipasa-havalimani-yaya-yolunda-buyuk-degisim\/","url":"https:\/\/denizcankizil.tr\/uk\/haberler\/gundem\/gazipasa-havalimani-yaya-yolunda-buyuk-degisim\/","name":"Gazipa\u015fa Havaliman\u0131 yaya yolunda b\u00fcy\u00fck de\u011fi\u015fim! - Av. Deniz Can K\u0131z\u0131l","isPartOf":{"@id":"https:\/\/denizcankizil.tr\/#website"},"datePublished":"2025-05-26T07:41:20+00:00","breadcrumb":{"@id":"https:\/\/denizcankizil.tr\/uk\/haberler\/gundem\/gazipasa-havalimani-yaya-yolunda-buyuk-degisim\/#breadcrumb"},"inLanguage":"uk","potentialAction":[{"@type":"ReadAction","target":["https:\/\/denizcankizil.tr\/uk\/haberler\/gundem\/gazipasa-havalimani-yaya-yolunda-buyuk-degisim\/"]}]},{"@type":"BreadcrumbList","@id":"https:\/\/denizcankizil.tr\/uk\/haberler\/gundem\/gazipasa-havalimani-yaya-yolunda-buyuk-degisim\/#breadcrumb","itemListElement":[{"@type":"ListItem","position":1,"name":"Home","item":"https:\/\/denizcankizil.tr\/de\/"},{"@type":"ListItem","position":2,"name":"Gazipa\u015fa Havaliman\u0131 yaya yolunda b\u00fcy\u00fck de\u011fi\u015fim!"}]},{"@type":"WebSite","@id":"https:\/\/denizcankizil.tr\/#website","url":"https:\/\/denizcankizil.tr\/","name":"Av. Deniz Can K\u0131z\u0131l","description":"Avukat Deniz Can K\u0131z\u0131l Antalya Barosu","publisher":{"@id":"https:\/\/denizcankizil.tr\/#organization"},"potentialAction":[{"@type":"SearchAction","target":{"@type":"EntryPoint","urlTemplate":"https:\/\/denizcankizil.tr\/?s={search_term_string}"},"query-input":{"@type":"PropertyValueSpecification","valueRequired":true,"valueName":"search_term_string"}}],"inLanguage":"uk"},{"@type":"Organization","@id":"https:\/\/denizcankizil.tr\/#organization","name":"Av. Deniz Can K\u0131z\u0131l","url":"https:\/\/denizcankizil.tr\/","logo":{"@type":"ImageObject","inLanguage":"uk","@id":"https:\/\/denizcankizil.tr\/#\/schema\/logo\/image\/","url":"https:\/\/denizcankizil.tr\/wp-content\/uploads\/2024\/10\/siyah-logo-svg.svg","contentUrl":"https:\/\/denizcankizil.tr\/wp-content\/uploads\/2024\/10\/siyah-logo-svg.svg","width":1080,"height":1080,"caption":"Av. Deniz Can K\u0131z\u0131l"},"image":{"@id":"https:\/\/denizcankizil.tr\/#\/schema\/logo\/image\/"}},{"@type":"Person","@id":"https:\/\/denizcankizil.tr\/#\/schema\/person\/e1eb71bb4dd684d46563f0af307e1234","name":"Antalya K\u00f6rfez","image":{"@type":"ImageObject","inLanguage":"uk","@id":"https:\/\/denizcankizil.tr\/#\/schema\/person\/image\/","url":"https:\/\/secure.gravatar.com\/avatar\/42b01982558a48a0b501fdcab6a408d3717ea5919095ee2e67b0e521799c5905?s=96&d=mm&r=g","contentUrl":"https:\/\/secure.gravatar.com\/avatar\/42b01982558a48a0b501fdcab6a408d3717ea5919095ee2e67b0e521799c5905?s=96&d=mm&r=g","caption":"Antalya K\u00f6rfez"},"sameAs":["http:\/\/www.antalyakorfez.com"],"url":"https:\/\/www.antalyakorfez.com\/gazipasa-havalimani-yaya-yolunda-buyuk-degisim"}]}},"_links":{"self":[{"href":"https:\/\/denizcankizil.tr\/uk\/wp-json\/wp\/v2\/posts\/97101","targetHints":{"allow":["GET"]}}],"collection":[{"href":"https:\/\/denizcankizil.tr\/uk\/wp-json\/wp\/v2\/posts"}],"about":[{"href":"https:\/\/denizcankizil.tr\/uk\/wp-json\/wp\/v2\/types\/post"}],"author":[{"embeddable":true,"href":"https:\/\/denizcankizil.tr\/uk\/wp-json\/wp\/v2\/users\/5"}],"replies":[{"embeddable":true,"href":"https:\/\/denizcankizil.tr\/uk\/wp-json\/wp\/v2\/comments?post=97101"}],"version-history":[{"count":0,"href":"https:\/\/denizcankizil.tr\/uk\/wp-json\/wp\/v2\/posts\/97101\/revisions"}],"wp:attachment":[{"href":"https:\/\/denizcankizil.tr\/uk\/wp-json\/wp\/v2\/media?parent=97101"}],"wp:term":[{"taxonomy":"category","embeddable":true,"href":"https:\/\/denizcankizil.tr\/uk\/wp-json\/wp\/v2\/categories?post=97101"},{"taxonomy":"post_tag","embeddable":true,"href":"https:\/\/denizcankizil.tr\/uk\/wp-json\/wp\/v2\/tags?post=97101"}],"curies":[{"name":"wp","href":"https:\/\/api.w.org\/{rel}","templated":true}]}}