{"id":96514,"date":"2025-05-25T18:42:13","date_gmt":"2025-05-25T15:42:13","guid":{"rendered":"https:\/\/denizcankizil.tr\/uncategorized-tr\/gaziantep-ve-bagdat-arasinda-belediyecilik-is-birligi-baslatildi\/"},"modified":"2025-05-25T18:42:13","modified_gmt":"2025-05-25T15:42:13","slug":"gaziantep-ve-bagdat-arasinda-belediyecilik-is-birligi-baslatildi","status":"publish","type":"post","link":"https:\/\/denizcankizil.tr\/uk\/haberler\/gundem\/gaziantep-ve-bagdat-arasinda-belediyecilik-is-birligi-baslatildi\/","title":{"rendered":"Gaziantep ve Ba\u011fdat aras\u0131nda belediyecilik i\u015f birli\u011fi ba\u015flat\u0131ld\u0131"},"content":{"rendered":"<p>Gaziantep B\u00fcy\u00fck\u015fehir Belediyesi ile Irak Cumhuriyeti Ba\u011fdat Belediyesi aras\u0131nda, iki \u015fehir aras\u0131nda dostane ili\u015fkilerin geli\u015ftirilmesi ve belediyecilik alan\u0131nda deneyim payla\u015f\u0131m\u0131 amac\u0131yla kapsaml\u0131 ortak \u00e7al\u0131\u015fma ba\u015flatt\u0131.GAZ\u0130ANTEP (\u0130GFA) &#8211; Irak\u2019\u0131n ba\u015fkenti Gaziantep\u2019in karde\u015f \u015fehri Ba\u011fdat\u2019ta y\u00fcr\u00fct\u00fclen temas ve toplant\u0131lar kapsam\u0131nda heyetler ortak mutabakat\u0131 \u00e7er\u00e7evesinde bir araya geldi. Toplant\u0131da kentsel d\u00f6n\u00fc\u015f\u00fcmden altyap\u0131ya, \u00e7evre y\u00f6netiminden dijital belediyecili\u011fe kadar pek \u00e7ok alanda ortak projeler hakk\u0131nda g\u00f6r\u00fc\u015f al\u0131\u015fveri\u015fi ve bilgi aktar\u0131m\u0131 bulunurken heyetler aras\u0131nda ticaret y\u00f6n\u00fcnde \u00f6nemli ad\u0131mlar at\u0131lmas\u0131 ama\u00e7lan\u0131yor.<br \/>\nGaziantep B\u00fcy\u00fck\u015fehir Belediye Ba\u015fkan\u0131 Fatma \u015eahin\u2019in ba\u015fkanl\u0131\u011f\u0131ndaki ziyarette T\u00fcrkiye Cumhuriyeti\u2019nin Irak B\u00fcy\u00fckel\u00e7isi An\u0131l Bora \u0130nan, Gaziantep Ticaret Odas\u0131 Ba\u015fkan\u0131 Tuncay Y\u0131ld\u0131r\u0131m, D\u0131\u015f Ekonomik \u0130li\u015fkiler Kurulu (DE\u0130K) T\u00fcrkiye-Irak \u0130\u015f Konseyi Ba\u015fkan\u0131 Halit Acar ve Gaziantep B\u00fcy\u00fck\u015fehir Belediyesi teknik ekibi de yer ald\u0131.<br \/>\nHeyet, Ba\u011fdat Belediye Ba\u015fkan\u0131 Ammar Musa Kadhim ile bir araya geldikten sonra Ba\u011fdat Valisi Abdulmutallip Alavli\u2019ye de ziyarette bulundu.<br \/>\n\u015eAH\u0130N: BU B\u0130R TECR\u00dcBE PAYLA\u015eIMI<br \/>\nBa\u011fdat Belediyesi ile yap\u0131lan ortak toplant\u0131da konu\u015fan Gaziantep B\u00fcy\u00fck\u015fehir Belediye Ba\u015fkan\u0131 Fatma \u015eahin, Gazi \u015fehirde yap\u0131lan proje ve \u00e7al\u0131\u015fmalara de\u011finerek \u015funlar\u0131 s\u00f6yledi:<br \/>\n\u201cBizde \u2018Ana gibi yar Ba\u011fdat gibi diyar olmaz\u2019 derler. Hakikaten Ba\u011fdat \u00e7ok \u00f6zel bir \u015fehir. Bir belediyeci g\u00f6z\u00fcyle bak\u0131yorum Ba\u011fdat\u2019a. Buran\u0131n ak\u0131ll\u0131, ye\u015fil, diren\u00e7li \u015fehir olma konusunda b\u00fct\u00fcn tecr\u00fcbelerimizi sizinle payla\u015fmaya haz\u0131r\u0131z. Mezopotamya\u2019n\u0131n kalbi, medeniyetin be\u015fi\u011fi Ba\u011fdat ile karde\u015f olmak bizim i\u00e7in \u00e7ok \u00f6nemli.\u201d<br \/>\nKonu\u015fmas\u0131n\u0131n ard\u0131ndan Ba\u015fkan Fatma \u015eahin, Gastroantep ve Euro Prize \u00f6d\u00fcl\u00fc t\u00f6reni i\u00e7in Ba\u011fdat Belediye Ba\u015fkan\u0131 ve heyetini davet etti.<br \/>\nT\u00fcrkiye Cumhuriyeti\u2019nin Irak B\u00fcy\u00fckel\u00e7isi An\u0131l Bora \u0130nan ise iki \u00fclke aras\u0131nda geli\u015fen i\u015f birli\u011fine dikkat \u00e7ekerek, \u201cBu kadar k\u0131ymetli bir k\u0131ymetli ekiple buraya geldi\u011fi i\u00e7in Ba\u015fkan \u015eahin\u2019e \u015f\u00fckranlar\u0131m\u0131 sunuyorum. \u0130ki \u00fclke aras\u0131nda ili\u015fkilerin olumlu anlamda ilerledi\u011fi bir d\u00f6nemdeyiz. Gerekli ad\u0131mlar at\u0131l\u0131p, yerel belediyeler aras\u0131 i\u015f birli\u011finin daha \u00f6ncesinde at\u0131lmas\u0131 \u00f6nemlidir. Bug\u00fcnde bu ziyaret ger\u00e7ekle\u015fiyor. Bu ziyaretin hay\u0131rl\u0131 sonu\u00e7lar getirmesini diliyorum\u201d diye konu\u015ftu.<br \/>\nBa\u011fdat Belediye Ba\u015fkan\u0131 Ammar Musa Kadhim ise ortak \u00e7al\u0131\u015fma konusunda a\u00e7\u0131klamalarda bulunurken verilen teknik destekler i\u00e7in te\u015fekk\u00fcr etti.<br \/>\nGaziantep Ticaret Odas\u0131 Ba\u015fkan\u0131 Tuncay Y\u0131ld\u0131r\u0131m ve DE\u0130K T\u00fcrkiye-Irak \u0130\u015f Konseyi Ba\u015fkan\u0131 Halit Acar da toplant\u0131da yapt\u0131\u011f\u0131 konu\u015fmalarda heyetler aras\u0131 i\u015f birli\u011fine dikkat \u00e7ekerek ticaret konusunda ya\u015fanan potansiyel ve f\u0131rsatlar aktar\u0131ld\u0131.<br \/>\nMutabakat kapsam\u0131nda; ayr\u0131ca ak\u0131ll\u0131 \u015fehircilik uygulamalar\u0131, at\u0131k y\u00f6netimi, ula\u015f\u0131m planlamas\u0131, su ve kanalizasyon sistemleri, k\u00fclt\u00fcrel miras\u0131n korunmas\u0131, tarihi yap\u0131lar\u0131n restorasyonu, park ve ye\u015fil alan d\u00fczenlemeleri gibi belediyecili\u011fin bir\u00e7ok alan\u0131nda i\u015f birli\u011fi yap\u0131lmas\u0131 hedefleniyor. Ayr\u0131ca sosyal belediyecilik \u00e7al\u0131\u015fmalar\u0131, kad\u0131n ve gen\u00e7lik politikalar\u0131, engelli hizmetleri ve kent esteti\u011fi konular\u0131nda ortak projeler y\u00fcr\u00fct\u00fclmesi planlan\u0131yor.<\/p>\n<p>\u200bGaziantep B\u00fcy\u00fck\u015fehir Belediyesi ile Irak Cumhuriyeti Ba\u011fdat Belediyesi aras\u0131nda, iki \u015fehir aras\u0131nda dostane ili\u015fkilerin geli\u015ftirilmesi ve belediyecilik alan\u0131nda deneyim payla\u015f\u0131m\u0131 amac\u0131yla kapsaml\u0131 ortak \u00e7al\u0131\u015fma ba\u015flatt\u0131.GAZ\u0130ANTEP (\u0130GFA) &#8211; Irak\u2019\u0131n ba\u015fkenti Gaziantep\u2019in karde\u015f \u015fehri Ba\u011fdat\u2019ta y\u00fcr\u00fct\u00fclen temas ve toplant\u0131lar kapsam\u0131nda heyetler ortak mutabakat\u0131 \u00e7er\u00e7evesinde bir araya geldi. Toplant\u0131da kentsel d\u00f6n\u00fc\u015f\u00fcmden altyap\u0131ya, \u00e7evre y\u00f6netiminden dijital belediyecili\u011fe kadar pek \u00e7ok alanda ortak projeler hakk\u0131nda g\u00f6r\u00fc\u015f al\u0131\u015fveri\u015fi ve bilgi aktar\u0131m\u0131 bulunurken heyetler aras\u0131nda ticaret y\u00f6n\u00fcnde \u00f6nemli ad\u0131mlar at\u0131lmas\u0131 ama\u00e7lan\u0131yor.<br \/>\nGaziantep B\u00fcy\u00fck\u015fehir Belediye Ba\u015fkan\u0131 Fatma \u015eahin\u2019in ba\u015fkanl\u0131\u011f\u0131ndaki ziyarette T\u00fcrkiye Cumhuriyeti\u2019nin Irak B\u00fcy\u00fckel\u00e7isi An\u0131l Bora \u0130nan, Gaziantep Ticaret Odas\u0131 Ba\u015fkan\u0131 Tuncay Y\u0131ld\u0131r\u0131m, D\u0131\u015f Ekonomik \u0130li\u015fkiler Kurulu (DE\u0130K) T\u00fcrkiye-Irak \u0130\u015f Konseyi Ba\u015fkan\u0131 Halit Acar ve Gaziantep B\u00fcy\u00fck\u015fehir Belediyesi teknik ekibi de yer ald\u0131.<br \/>\nHeyet, Ba\u011fdat Belediye Ba\u015fkan\u0131 Ammar Musa Kadhim ile bir araya geldikten sonra Ba\u011fdat Valisi Abdulmutallip Alavli\u2019ye de ziyarette bulundu.<br \/>\n\u015eAH\u0130N: BU B\u0130R TECR\u00dcBE PAYLA\u015eIMI<br \/>\nBa\u011fdat Belediyesi ile yap\u0131lan ortak toplant\u0131da konu\u015fan Gaziantep B\u00fcy\u00fck\u015fehir Belediye Ba\u015fkan\u0131 Fatma \u015eahin, Gazi \u015fehirde yap\u0131lan proje ve \u00e7al\u0131\u015fmalara de\u011finerek \u015funlar\u0131 s\u00f6yledi:<br \/>\n\u201cBizde \u2018Ana gibi yar Ba\u011fdat gibi diyar olmaz\u2019 derler. Hakikaten Ba\u011fdat \u00e7ok \u00f6zel bir \u015fehir. Bir belediyeci g\u00f6z\u00fcyle bak\u0131yorum Ba\u011fdat\u2019a. Buran\u0131n ak\u0131ll\u0131, ye\u015fil, diren\u00e7li \u015fehir olma konusunda b\u00fct\u00fcn tecr\u00fcbelerimizi sizinle payla\u015fmaya haz\u0131r\u0131z. Mezopotamya\u2019n\u0131n kalbi, medeniyetin be\u015fi\u011fi Ba\u011fdat ile karde\u015f olmak bizim i\u00e7in \u00e7ok \u00f6nemli.\u201d<br \/>\nKonu\u015fmas\u0131n\u0131n ard\u0131ndan Ba\u015fkan Fatma \u015eahin, Gastroantep ve Euro Prize \u00f6d\u00fcl\u00fc t\u00f6reni i\u00e7in Ba\u011fdat Belediye Ba\u015fkan\u0131 ve heyetini davet etti.<br \/>\nT\u00fcrkiye Cumhuriyeti\u2019nin Irak B\u00fcy\u00fckel\u00e7isi An\u0131l Bora \u0130nan ise iki \u00fclke aras\u0131nda geli\u015fen i\u015f birli\u011fine dikkat \u00e7ekerek, \u201cBu kadar k\u0131ymetli bir k\u0131ymetli ekiple buraya geldi\u011fi i\u00e7in Ba\u015fkan \u015eahin\u2019e \u015f\u00fckranlar\u0131m\u0131 sunuyorum. \u0130ki \u00fclke aras\u0131nda ili\u015fkilerin olumlu anlamda ilerledi\u011fi bir d\u00f6nemdeyiz. Gerekli ad\u0131mlar at\u0131l\u0131p, yerel belediyeler aras\u0131 i\u015f birli\u011finin daha \u00f6ncesinde at\u0131lmas\u0131 \u00f6nemlidir. Bug\u00fcnde bu ziyaret ger\u00e7ekle\u015fiyor. Bu ziyaretin hay\u0131rl\u0131 sonu\u00e7lar getirmesini diliyorum\u201d diye konu\u015ftu.<br \/>\nBa\u011fdat Belediye Ba\u015fkan\u0131 Ammar Musa Kadhim ise ortak \u00e7al\u0131\u015fma konusunda a\u00e7\u0131klamalarda bulunurken verilen teknik destekler i\u00e7in te\u015fekk\u00fcr etti.<br \/>\nGaziantep Ticaret Odas\u0131 Ba\u015fkan\u0131 Tuncay Y\u0131ld\u0131r\u0131m ve DE\u0130K T\u00fcrkiye-Irak \u0130\u015f Konseyi Ba\u015fkan\u0131 Halit Acar da toplant\u0131da yapt\u0131\u011f\u0131 konu\u015fmalarda heyetler aras\u0131 i\u015f birli\u011fine dikkat \u00e7ekerek ticaret konusunda ya\u015fanan potansiyel ve f\u0131rsatlar aktar\u0131ld\u0131.<br \/>\nMutabakat kapsam\u0131nda; ayr\u0131ca ak\u0131ll\u0131 \u015fehircilik uygulamalar\u0131, at\u0131k y\u00f6netimi, ula\u015f\u0131m planlamas\u0131, su ve kanalizasyon sistemleri, k\u00fclt\u00fcrel miras\u0131n korunmas\u0131, tarihi yap\u0131lar\u0131n restorasyonu, park ve ye\u015fil alan d\u00fczenlemeleri gibi belediyecili\u011fin bir\u00e7ok alan\u0131nda i\u015f birli\u011fi yap\u0131lmas\u0131 hedefleniyor. Ayr\u0131ca sosyal belediyecilik \u00e7al\u0131\u015fmalar\u0131, kad\u0131n ve gen\u00e7lik politikalar\u0131, engelli hizmetleri ve kent esteti\u011fi konular\u0131nda ortak projeler y\u00fcr\u00fct\u00fclmesi planlan\u0131yor.\u00a0<\/p>\n<p>\u200bHaberin Al\u0131nt\u0131land\u0131\u011f\u0131 Kaynak: www.iskenderun.org<\/p>","protected":false},"excerpt":{"rendered":"<p>Gaziantep B\u00fcy\u00fck\u015fehir Belediyesi ile Irak Cumhuriyeti Ba\u011fdat Belediyesi aras\u0131nda, iki \u015fehir aras\u0131nda dostane ili\u015fkilerin geli\u015ftirilmesi ve belediyecilik alan\u0131nda deneyim payla\u015f\u0131m\u0131 amac\u0131yla kapsaml\u0131 ortak \u00e7al\u0131\u015fma ba\u015flatt\u0131.GAZ\u0130ANTEP (\u0130GFA) &#8211; Irak\u2019\u0131n ba\u015fkenti Gaziantep\u2019in karde\u015f \u015fehri Ba\u011fdat\u2019ta y\u00fcr\u00fct\u00fclen temas ve toplant\u0131lar kapsam\u0131nda heyetler ortak mutabakat\u0131 \u00e7er\u00e7evesinde bir araya geldi. Toplant\u0131da kentsel d\u00f6n\u00fc\u015f\u00fcmden altyap\u0131ya, \u00e7evre y\u00f6netiminden dijital belediyecili\u011fe kadar pek \u00e7ok alanda ortak projeler hakk\u0131nda g\u00f6r\u00fc\u015f al\u0131\u015fveri\u015fi ve bilgi aktar\u0131m\u0131 bulunurken heyetler aras\u0131nda ticaret y\u00f6n\u00fcnde \u00f6nemli ad\u0131mlar at\u0131lmas\u0131 ama\u00e7lan\u0131yor. Gaziantep B\u00fcy\u00fck\u015fehir Belediye Ba\u015fkan\u0131 Fatma \u015eahin\u2019in ba\u015fkanl\u0131\u011f\u0131ndaki ziyarette T\u00fcrkiye Cumhuriyeti\u2019nin Irak B\u00fcy\u00fckel\u00e7isi An\u0131l Bora \u0130nan, Gaziantep Ticaret Odas\u0131 Ba\u015fkan\u0131 Tuncay Y\u0131ld\u0131r\u0131m, D\u0131\u015f Ekonomik \u0130li\u015fkiler Kurulu (DE\u0130K) T\u00fcrkiye-Irak \u0130\u015f Konseyi Ba\u015fkan\u0131 Halit Acar ve Gaziantep B\u00fcy\u00fck\u015fehir Belediyesi teknik ekibi de yer ald\u0131. Heyet, Ba\u011fdat Belediye Ba\u015fkan\u0131 Ammar Musa Kadhim ile bir araya geldikten sonra Ba\u011fdat Valisi Abdulmutallip Alavli\u2019ye de ziyarette bulundu. \u015eAH\u0130N: BU B\u0130R TECR\u00dcBE PAYLA\u015eIMI Ba\u011fdat Belediyesi ile yap\u0131lan ortak toplant\u0131da konu\u015fan Gaziantep B\u00fcy\u00fck\u015fehir Belediye Ba\u015fkan\u0131 Fatma \u015eahin, Gazi \u015fehirde yap\u0131lan proje ve \u00e7al\u0131\u015fmalara de\u011finerek \u015funlar\u0131 s\u00f6yledi: \u201cBizde \u2018Ana gibi yar Ba\u011fdat gibi diyar olmaz\u2019 derler. Hakikaten Ba\u011fdat \u00e7ok \u00f6zel bir \u015fehir. Bir belediyeci g\u00f6z\u00fcyle bak\u0131yorum Ba\u011fdat\u2019a. Buran\u0131n ak\u0131ll\u0131, ye\u015fil, diren\u00e7li \u015fehir olma konusunda b\u00fct\u00fcn tecr\u00fcbelerimizi sizinle payla\u015fmaya haz\u0131r\u0131z. Mezopotamya\u2019n\u0131n kalbi, medeniyetin be\u015fi\u011fi Ba\u011fdat ile karde\u015f &hellip;<\/p>","protected":false},"author":1,"featured_media":0,"comment_status":"","ping_status":"open","sticky":false,"template":"","format":"standard","meta":{"_acf_changed":false,"footnotes":""},"categories":[24],"tags":[],"class_list":["post-96514","post","type-post","status-publish","format-standard","has-post-thumbnail","hentry","category-gundem"],"acf":[],"yoast_head":"<!-- This site is optimized with the Yoast SEO Premium plugin v26.6 (Yoast SEO v27.1.1) - https:\/\/yoast.com\/product\/yoast-seo-premium-wordpress\/ -->\n<title>Gaziantep ve Ba\u011fdat aras\u0131nda belediyecilik i\u015f birli\u011fi ba\u015flat\u0131ld\u0131 - Av. Deniz Can K\u0131z\u0131l<\/title>\n<meta name=\"robots\" content=\"index, follow, max-snippet:-1, max-image-preview:large, max-video-preview:-1\" \/>\n<link rel=\"canonical\" href=\"https:\/\/denizcankizil.tr\/uk\/haberler\/gundem\/gaziantep-ve-bagdat-arasinda-belediyecilik-is-birligi-baslatildi\/\" \/>\n<meta property=\"og:locale\" content=\"uk_UA\" \/>\n<meta property=\"og:type\" content=\"article\" \/>\n<meta property=\"og:title\" content=\"Gaziantep ve Ba\u011fdat aras\u0131nda belediyecilik i\u015f birli\u011fi ba\u015flat\u0131ld\u0131\" \/>\n<meta property=\"og:description\" content=\"Gaziantep B\u00fcy\u00fck\u015fehir Belediyesi ile Irak Cumhuriyeti Ba\u011fdat Belediyesi aras\u0131nda, iki \u015fehir aras\u0131nda dostane ili\u015fkilerin geli\u015ftirilmesi ve belediyecilik alan\u0131nda deneyim payla\u015f\u0131m\u0131 amac\u0131yla kapsaml\u0131 ortak \u00e7al\u0131\u015fma ba\u015flatt\u0131.GAZ\u0130ANTEP (\u0130GFA) &#8211; Irak\u2019\u0131n ba\u015fkenti Gaziantep\u2019in karde\u015f \u015fehri Ba\u011fdat\u2019ta y\u00fcr\u00fct\u00fclen temas ve toplant\u0131lar kapsam\u0131nda heyetler ortak mutabakat\u0131 \u00e7er\u00e7evesinde bir araya geldi. Toplant\u0131da kentsel d\u00f6n\u00fc\u015f\u00fcmden altyap\u0131ya, \u00e7evre y\u00f6netiminden dijital belediyecili\u011fe kadar pek \u00e7ok alanda ortak projeler hakk\u0131nda g\u00f6r\u00fc\u015f al\u0131\u015fveri\u015fi ve bilgi aktar\u0131m\u0131 bulunurken heyetler aras\u0131nda ticaret y\u00f6n\u00fcnde \u00f6nemli ad\u0131mlar at\u0131lmas\u0131 ama\u00e7lan\u0131yor. Gaziantep B\u00fcy\u00fck\u015fehir Belediye Ba\u015fkan\u0131 Fatma \u015eahin\u2019in ba\u015fkanl\u0131\u011f\u0131ndaki ziyarette T\u00fcrkiye Cumhuriyeti\u2019nin Irak B\u00fcy\u00fckel\u00e7isi An\u0131l Bora \u0130nan, Gaziantep Ticaret Odas\u0131 Ba\u015fkan\u0131 Tuncay Y\u0131ld\u0131r\u0131m, D\u0131\u015f Ekonomik \u0130li\u015fkiler Kurulu (DE\u0130K) T\u00fcrkiye-Irak \u0130\u015f Konseyi Ba\u015fkan\u0131 Halit Acar ve Gaziantep B\u00fcy\u00fck\u015fehir Belediyesi teknik ekibi de yer ald\u0131. Heyet, Ba\u011fdat Belediye Ba\u015fkan\u0131 Ammar Musa Kadhim ile bir araya geldikten sonra Ba\u011fdat Valisi Abdulmutallip Alavli\u2019ye de ziyarette bulundu. \u015eAH\u0130N: BU B\u0130R TECR\u00dcBE PAYLA\u015eIMI Ba\u011fdat Belediyesi ile yap\u0131lan ortak toplant\u0131da konu\u015fan Gaziantep B\u00fcy\u00fck\u015fehir Belediye Ba\u015fkan\u0131 Fatma \u015eahin, Gazi \u015fehirde yap\u0131lan proje ve \u00e7al\u0131\u015fmalara de\u011finerek \u015funlar\u0131 s\u00f6yledi: \u201cBizde \u2018Ana gibi yar Ba\u011fdat gibi diyar olmaz\u2019 derler. Hakikaten Ba\u011fdat \u00e7ok \u00f6zel bir \u015fehir. Bir belediyeci g\u00f6z\u00fcyle bak\u0131yorum Ba\u011fdat\u2019a. Buran\u0131n ak\u0131ll\u0131, ye\u015fil, diren\u00e7li \u015fehir olma konusunda b\u00fct\u00fcn tecr\u00fcbelerimizi sizinle payla\u015fmaya haz\u0131r\u0131z. Mezopotamya\u2019n\u0131n kalbi, medeniyetin be\u015fi\u011fi Ba\u011fdat ile karde\u015f &hellip;\" \/>\n<meta property=\"og:url\" content=\"https:\/\/denizcankizil.tr\/uk\/haberler\/gundem\/gaziantep-ve-bagdat-arasinda-belediyecilik-is-birligi-baslatildi\/\" \/>\n<meta property=\"og:site_name\" content=\"Av. Deniz Can K\u0131z\u0131l\" \/>\n<meta property=\"article:published_time\" content=\"2025-05-25T15:42:13+00:00\" \/>\n<meta name=\"author\" content=\"admin\" \/>\n<meta name=\"twitter:card\" content=\"summary_large_image\" \/>\n<meta name=\"twitter:label1\" content=\"\u041d\u0430\u043f\u0438\u0441\u0430\u043d\u043e\" \/>\n\t<meta name=\"twitter:data1\" content=\"admin\" \/>\n\t<meta name=\"twitter:label2\" content=\"\u041f\u0440\u0438\u0431\u043b. \u0447\u0430\u0441 \u0447\u0438\u0442\u0430\u043d\u043d\u044f\" \/>\n\t<meta name=\"twitter:data2\" content=\"6 \u0445\u0432\u0438\u043b\u0438\u043d\" \/>\n<script type=\"application\/ld+json\" class=\"yoast-schema-graph\">{\"@context\":\"https:\/\/schema.org\",\"@graph\":[{\"@type\":\"Article\",\"@id\":\"https:\/\/denizcankizil.tr\/uk\/haberler\/gundem\/gaziantep-ve-bagdat-arasinda-belediyecilik-is-birligi-baslatildi\/#article\",\"isPartOf\":{\"@id\":\"https:\/\/denizcankizil.tr\/uk\/haberler\/gundem\/gaziantep-ve-bagdat-arasinda-belediyecilik-is-birligi-baslatildi\/\"},\"author\":{\"name\":\"admin\",\"@id\":\"https:\/\/denizcankizil.tr\/#\/schema\/person\/be3c05fe6a12686905512445d8185489\"},\"headline\":\"Gaziantep ve Ba\u011fdat aras\u0131nda belediyecilik i\u015f birli\u011fi ba\u015flat\u0131ld\u0131\",\"datePublished\":\"2025-05-25T15:42:13+00:00\",\"mainEntityOfPage\":{\"@id\":\"https:\/\/denizcankizil.tr\/uk\/haberler\/gundem\/gaziantep-ve-bagdat-arasinda-belediyecilik-is-birligi-baslatildi\/\"},\"wordCount\":1189,\"publisher\":{\"@id\":\"https:\/\/denizcankizil.tr\/#organization\"},\"articleSection\":[\"G\u00fcndem\"],\"inLanguage\":\"uk\"},{\"@type\":\"WebPage\",\"@id\":\"https:\/\/denizcankizil.tr\/uk\/haberler\/gundem\/gaziantep-ve-bagdat-arasinda-belediyecilik-is-birligi-baslatildi\/\",\"url\":\"https:\/\/denizcankizil.tr\/uk\/haberler\/gundem\/gaziantep-ve-bagdat-arasinda-belediyecilik-is-birligi-baslatildi\/\",\"name\":\"Gaziantep ve Ba\u011fdat aras\u0131nda belediyecilik i\u015f birli\u011fi ba\u015flat\u0131ld\u0131 - Av. Deniz Can K\u0131z\u0131l\",\"isPartOf\":{\"@id\":\"https:\/\/denizcankizil.tr\/#website\"},\"datePublished\":\"2025-05-25T15:42:13+00:00\",\"breadcrumb\":{\"@id\":\"https:\/\/denizcankizil.tr\/uk\/haberler\/gundem\/gaziantep-ve-bagdat-arasinda-belediyecilik-is-birligi-baslatildi\/#breadcrumb\"},\"inLanguage\":\"uk\",\"potentialAction\":[{\"@type\":\"ReadAction\",\"target\":[\"https:\/\/denizcankizil.tr\/uk\/haberler\/gundem\/gaziantep-ve-bagdat-arasinda-belediyecilik-is-birligi-baslatildi\/\"]}]},{\"@type\":\"BreadcrumbList\",\"@id\":\"https:\/\/denizcankizil.tr\/uk\/haberler\/gundem\/gaziantep-ve-bagdat-arasinda-belediyecilik-is-birligi-baslatildi\/#breadcrumb\",\"itemListElement\":[{\"@type\":\"ListItem\",\"position\":1,\"name\":\"Home\",\"item\":\"https:\/\/denizcankizil.tr\/uk\/\"},{\"@type\":\"ListItem\",\"position\":2,\"name\":\"Gaziantep ve Ba\u011fdat aras\u0131nda belediyecilik i\u015f birli\u011fi ba\u015flat\u0131ld\u0131\"}]},{\"@type\":\"WebSite\",\"@id\":\"https:\/\/denizcankizil.tr\/#website\",\"url\":\"https:\/\/denizcankizil.tr\/\",\"name\":\"Av. Deniz Can K\u0131z\u0131l\",\"description\":\"Avukat Deniz Can K\u0131z\u0131l Antalya Barosu\",\"publisher\":{\"@id\":\"https:\/\/denizcankizil.tr\/#organization\"},\"potentialAction\":[{\"@type\":\"SearchAction\",\"target\":{\"@type\":\"EntryPoint\",\"urlTemplate\":\"https:\/\/denizcankizil.tr\/?s={search_term_string}\"},\"query-input\":{\"@type\":\"PropertyValueSpecification\",\"valueRequired\":true,\"valueName\":\"search_term_string\"}}],\"inLanguage\":\"uk\"},{\"@type\":\"Organization\",\"@id\":\"https:\/\/denizcankizil.tr\/#organization\",\"name\":\"Av. Deniz Can K\u0131z\u0131l\",\"url\":\"https:\/\/denizcankizil.tr\/\",\"logo\":{\"@type\":\"ImageObject\",\"inLanguage\":\"uk\",\"@id\":\"https:\/\/denizcankizil.tr\/#\/schema\/logo\/image\/\",\"url\":\"https:\/\/denizcankizil.tr\/wp-content\/uploads\/2024\/10\/siyah-logo-svg.svg\",\"contentUrl\":\"https:\/\/denizcankizil.tr\/wp-content\/uploads\/2024\/10\/siyah-logo-svg.svg\",\"width\":1080,\"height\":1080,\"caption\":\"Av. Deniz Can K\u0131z\u0131l\"},\"image\":{\"@id\":\"https:\/\/denizcankizil.tr\/#\/schema\/logo\/image\/\"}},{\"@type\":\"Person\",\"@id\":\"https:\/\/denizcankizil.tr\/#\/schema\/person\/be3c05fe6a12686905512445d8185489\",\"name\":\"admin\",\"image\":{\"@type\":\"ImageObject\",\"inLanguage\":\"uk\",\"@id\":\"https:\/\/denizcankizil.tr\/#\/schema\/person\/image\/\",\"url\":\"https:\/\/secure.gravatar.com\/avatar\/c1fce94c830dc79107e174f890d7210541c4a63e8e5d816341794a2151c9d58c?s=96&d=mm&r=g\",\"contentUrl\":\"https:\/\/secure.gravatar.com\/avatar\/c1fce94c830dc79107e174f890d7210541c4a63e8e5d816341794a2151c9d58c?s=96&d=mm&r=g\",\"caption\":\"admin\"},\"sameAs\":[\"http:\/\/denizcankizil.tr\"],\"url\":\"https:\/\/www.iskenderun.org\/gaziantep-ve-bagdat-arasinda-belediyecilik-is-birligi-baslatildi\"}]}<\/script>\n<!-- \/ Yoast SEO Premium plugin. -->","yoast_head_json":{"title":"Gaziantep ve Ba\u011fdat aras\u0131nda belediyecilik i\u015f birli\u011fi ba\u015flat\u0131ld\u0131 - Av. Deniz Can K\u0131z\u0131l","robots":{"index":"index","follow":"follow","max-snippet":"max-snippet:-1","max-image-preview":"max-image-preview:large","max-video-preview":"max-video-preview:-1"},"canonical":"https:\/\/denizcankizil.tr\/uk\/haberler\/gundem\/gaziantep-ve-bagdat-arasinda-belediyecilik-is-birligi-baslatildi\/","og_locale":"uk_UA","og_type":"article","og_title":"Gaziantep ve Ba\u011fdat aras\u0131nda belediyecilik i\u015f birli\u011fi ba\u015flat\u0131ld\u0131","og_description":"Gaziantep B\u00fcy\u00fck\u015fehir Belediyesi ile Irak Cumhuriyeti Ba\u011fdat Belediyesi aras\u0131nda, iki \u015fehir aras\u0131nda dostane ili\u015fkilerin geli\u015ftirilmesi ve belediyecilik alan\u0131nda deneyim payla\u015f\u0131m\u0131 amac\u0131yla kapsaml\u0131 ortak \u00e7al\u0131\u015fma ba\u015flatt\u0131.GAZ\u0130ANTEP (\u0130GFA) &#8211; Irak\u2019\u0131n ba\u015fkenti Gaziantep\u2019in karde\u015f \u015fehri Ba\u011fdat\u2019ta y\u00fcr\u00fct\u00fclen temas ve toplant\u0131lar kapsam\u0131nda heyetler ortak mutabakat\u0131 \u00e7er\u00e7evesinde bir araya geldi. Toplant\u0131da kentsel d\u00f6n\u00fc\u015f\u00fcmden altyap\u0131ya, \u00e7evre y\u00f6netiminden dijital belediyecili\u011fe kadar pek \u00e7ok alanda ortak projeler hakk\u0131nda g\u00f6r\u00fc\u015f al\u0131\u015fveri\u015fi ve bilgi aktar\u0131m\u0131 bulunurken heyetler aras\u0131nda ticaret y\u00f6n\u00fcnde \u00f6nemli ad\u0131mlar at\u0131lmas\u0131 ama\u00e7lan\u0131yor. Gaziantep B\u00fcy\u00fck\u015fehir Belediye Ba\u015fkan\u0131 Fatma \u015eahin\u2019in ba\u015fkanl\u0131\u011f\u0131ndaki ziyarette T\u00fcrkiye Cumhuriyeti\u2019nin Irak B\u00fcy\u00fckel\u00e7isi An\u0131l Bora \u0130nan, Gaziantep Ticaret Odas\u0131 Ba\u015fkan\u0131 Tuncay Y\u0131ld\u0131r\u0131m, D\u0131\u015f Ekonomik \u0130li\u015fkiler Kurulu (DE\u0130K) T\u00fcrkiye-Irak \u0130\u015f Konseyi Ba\u015fkan\u0131 Halit Acar ve Gaziantep B\u00fcy\u00fck\u015fehir Belediyesi teknik ekibi de yer ald\u0131. Heyet, Ba\u011fdat Belediye Ba\u015fkan\u0131 Ammar Musa Kadhim ile bir araya geldikten sonra Ba\u011fdat Valisi Abdulmutallip Alavli\u2019ye de ziyarette bulundu. \u015eAH\u0130N: BU B\u0130R TECR\u00dcBE PAYLA\u015eIMI Ba\u011fdat Belediyesi ile yap\u0131lan ortak toplant\u0131da konu\u015fan Gaziantep B\u00fcy\u00fck\u015fehir Belediye Ba\u015fkan\u0131 Fatma \u015eahin, Gazi \u015fehirde yap\u0131lan proje ve \u00e7al\u0131\u015fmalara de\u011finerek \u015funlar\u0131 s\u00f6yledi: \u201cBizde \u2018Ana gibi yar Ba\u011fdat gibi diyar olmaz\u2019 derler. Hakikaten Ba\u011fdat \u00e7ok \u00f6zel bir \u015fehir. Bir belediyeci g\u00f6z\u00fcyle bak\u0131yorum Ba\u011fdat\u2019a. Buran\u0131n ak\u0131ll\u0131, ye\u015fil, diren\u00e7li \u015fehir olma konusunda b\u00fct\u00fcn tecr\u00fcbelerimizi sizinle payla\u015fmaya haz\u0131r\u0131z. Mezopotamya\u2019n\u0131n kalbi, medeniyetin be\u015fi\u011fi Ba\u011fdat ile karde\u015f &hellip;","og_url":"https:\/\/denizcankizil.tr\/uk\/haberler\/gundem\/gaziantep-ve-bagdat-arasinda-belediyecilik-is-birligi-baslatildi\/","og_site_name":"Av. Deniz Can K\u0131z\u0131l","article_published_time":"2025-05-25T15:42:13+00:00","author":"admin","twitter_card":"summary_large_image","twitter_misc":{"\u041d\u0430\u043f\u0438\u0441\u0430\u043d\u043e":"admin","\u041f\u0440\u0438\u0431\u043b. \u0447\u0430\u0441 \u0447\u0438\u0442\u0430\u043d\u043d\u044f":"6 \u0445\u0432\u0438\u043b\u0438\u043d"},"schema":{"@context":"https:\/\/schema.org","@graph":[{"@type":"Article","@id":"https:\/\/denizcankizil.tr\/uk\/haberler\/gundem\/gaziantep-ve-bagdat-arasinda-belediyecilik-is-birligi-baslatildi\/#article","isPartOf":{"@id":"https:\/\/denizcankizil.tr\/uk\/haberler\/gundem\/gaziantep-ve-bagdat-arasinda-belediyecilik-is-birligi-baslatildi\/"},"author":{"name":"admin","@id":"https:\/\/denizcankizil.tr\/#\/schema\/person\/be3c05fe6a12686905512445d8185489"},"headline":"Gaziantep ve Ba\u011fdat aras\u0131nda belediyecilik i\u015f birli\u011fi ba\u015flat\u0131ld\u0131","datePublished":"2025-05-25T15:42:13+00:00","mainEntityOfPage":{"@id":"https:\/\/denizcankizil.tr\/uk\/haberler\/gundem\/gaziantep-ve-bagdat-arasinda-belediyecilik-is-birligi-baslatildi\/"},"wordCount":1189,"publisher":{"@id":"https:\/\/denizcankizil.tr\/#organization"},"articleSection":["G\u00fcndem"],"inLanguage":"uk"},{"@type":"WebPage","@id":"https:\/\/denizcankizil.tr\/uk\/haberler\/gundem\/gaziantep-ve-bagdat-arasinda-belediyecilik-is-birligi-baslatildi\/","url":"https:\/\/denizcankizil.tr\/uk\/haberler\/gundem\/gaziantep-ve-bagdat-arasinda-belediyecilik-is-birligi-baslatildi\/","name":"Gaziantep ve Ba\u011fdat aras\u0131nda belediyecilik i\u015f birli\u011fi ba\u015flat\u0131ld\u0131 - Av. Deniz Can K\u0131z\u0131l","isPartOf":{"@id":"https:\/\/denizcankizil.tr\/#website"},"datePublished":"2025-05-25T15:42:13+00:00","breadcrumb":{"@id":"https:\/\/denizcankizil.tr\/uk\/haberler\/gundem\/gaziantep-ve-bagdat-arasinda-belediyecilik-is-birligi-baslatildi\/#breadcrumb"},"inLanguage":"uk","potentialAction":[{"@type":"ReadAction","target":["https:\/\/denizcankizil.tr\/uk\/haberler\/gundem\/gaziantep-ve-bagdat-arasinda-belediyecilik-is-birligi-baslatildi\/"]}]},{"@type":"BreadcrumbList","@id":"https:\/\/denizcankizil.tr\/uk\/haberler\/gundem\/gaziantep-ve-bagdat-arasinda-belediyecilik-is-birligi-baslatildi\/#breadcrumb","itemListElement":[{"@type":"ListItem","position":1,"name":"Home","item":"https:\/\/denizcankizil.tr\/uk\/"},{"@type":"ListItem","position":2,"name":"Gaziantep ve Ba\u011fdat aras\u0131nda belediyecilik i\u015f birli\u011fi ba\u015flat\u0131ld\u0131"}]},{"@type":"WebSite","@id":"https:\/\/denizcankizil.tr\/#website","url":"https:\/\/denizcankizil.tr\/","name":"Av. Deniz Can K\u0131z\u0131l","description":"Avukat Deniz Can K\u0131z\u0131l Antalya Barosu","publisher":{"@id":"https:\/\/denizcankizil.tr\/#organization"},"potentialAction":[{"@type":"SearchAction","target":{"@type":"EntryPoint","urlTemplate":"https:\/\/denizcankizil.tr\/?s={search_term_string}"},"query-input":{"@type":"PropertyValueSpecification","valueRequired":true,"valueName":"search_term_string"}}],"inLanguage":"uk"},{"@type":"Organization","@id":"https:\/\/denizcankizil.tr\/#organization","name":"Av. Deniz Can K\u0131z\u0131l","url":"https:\/\/denizcankizil.tr\/","logo":{"@type":"ImageObject","inLanguage":"uk","@id":"https:\/\/denizcankizil.tr\/#\/schema\/logo\/image\/","url":"https:\/\/denizcankizil.tr\/wp-content\/uploads\/2024\/10\/siyah-logo-svg.svg","contentUrl":"https:\/\/denizcankizil.tr\/wp-content\/uploads\/2024\/10\/siyah-logo-svg.svg","width":1080,"height":1080,"caption":"Av. Deniz Can K\u0131z\u0131l"},"image":{"@id":"https:\/\/denizcankizil.tr\/#\/schema\/logo\/image\/"}},{"@type":"Person","@id":"https:\/\/denizcankizil.tr\/#\/schema\/person\/be3c05fe6a12686905512445d8185489","name":"\u0430\u0434\u043c\u0456\u043d","image":{"@type":"ImageObject","inLanguage":"uk","@id":"https:\/\/denizcankizil.tr\/#\/schema\/person\/image\/","url":"https:\/\/secure.gravatar.com\/avatar\/c1fce94c830dc79107e174f890d7210541c4a63e8e5d816341794a2151c9d58c?s=96&d=mm&r=g","contentUrl":"https:\/\/secure.gravatar.com\/avatar\/c1fce94c830dc79107e174f890d7210541c4a63e8e5d816341794a2151c9d58c?s=96&d=mm&r=g","caption":"admin"},"sameAs":["http:\/\/denizcankizil.tr"],"url":"https:\/\/www.iskenderun.org\/gaziantep-ve-bagdat-arasinda-belediyecilik-is-birligi-baslatildi"}]}},"_links":{"self":[{"href":"https:\/\/denizcankizil.tr\/uk\/wp-json\/wp\/v2\/posts\/96514","targetHints":{"allow":["GET"]}}],"collection":[{"href":"https:\/\/denizcankizil.tr\/uk\/wp-json\/wp\/v2\/posts"}],"about":[{"href":"https:\/\/denizcankizil.tr\/uk\/wp-json\/wp\/v2\/types\/post"}],"author":[{"embeddable":true,"href":"https:\/\/denizcankizil.tr\/uk\/wp-json\/wp\/v2\/users\/1"}],"replies":[{"embeddable":true,"href":"https:\/\/denizcankizil.tr\/uk\/wp-json\/wp\/v2\/comments?post=96514"}],"version-history":[{"count":0,"href":"https:\/\/denizcankizil.tr\/uk\/wp-json\/wp\/v2\/posts\/96514\/revisions"}],"wp:attachment":[{"href":"https:\/\/denizcankizil.tr\/uk\/wp-json\/wp\/v2\/media?parent=96514"}],"wp:term":[{"taxonomy":"category","embeddable":true,"href":"https:\/\/denizcankizil.tr\/uk\/wp-json\/wp\/v2\/categories?post=96514"},{"taxonomy":"post_tag","embeddable":true,"href":"https:\/\/denizcankizil.tr\/uk\/wp-json\/wp\/v2\/tags?post=96514"}],"curies":[{"name":"wp","href":"https:\/\/api.w.org\/{rel}","templated":true}]}}