{"id":96437,"date":"2025-05-25T16:42:09","date_gmt":"2025-05-25T13:42:09","guid":{"rendered":"https:\/\/denizcankizil.tr\/uncategorized-tr\/30-mezuniyet-yilindan-bulustular\/"},"modified":"2025-05-25T16:42:09","modified_gmt":"2025-05-25T13:42:09","slug":"30-mezuniyet-yilindan-bulustular","status":"publish","type":"post","link":"https:\/\/denizcankizil.tr\/uk\/haberler\/gundem\/30-mezuniyet-yilindan-bulustular\/","title":{"rendered":"30. Mezuniyet Y\u0131l\u0131ndan Bulu\u015ftular"},"content":{"rendered":"<p>\u0130stanbul t\u0131p fak\u00fcltesi 1995 mezunlar\u0131 30. mezuniyet y\u0131ld\u00f6n\u00fcm\u00fcn\u00fc \u0130stanbul\u2018un do\u011fa kalbi olarak bilinen Polonezk\u00f6y\u2018de bir araya gelerek kutlad\u0131 b\u00fcy\u00fck bir \u00f6zlem ve samimiyet duygusuyla \u00e7ok s\u0131cak bir atmosfer i\u00e7erisinde \u00e7ok g\u00fczel sohbetler edildi ge\u00e7mi\u015f y\u00e2d edildi herkes birbiriyle \u00f6zlemini giderdi T\u00fcrkiye\u2019nin ilk ve kurucu \u00fcniversitesinin mezunlar\u0131 olarak \u0130stanbul\u2019un ve T\u00fcrkiye\u2019nin 4.01 yan\u0131nda farkl\u0131 akademik kariyerlerde bir \u00e7ok bran\u015fta nitelikli ve y\u00fcksek standartl\u0131 sa\u011fl\u0131k hizmeti veriyorlar<\/p>\n<p>\u200b\u0130stanbul t\u0131p fak\u00fcltesi 1995 mezunlar\u0131 30. mezuniyet y\u0131ld\u00f6n\u00fcm\u00fcn\u00fc \u0130stanbul\u2018un do\u011fa kalbi olarak bilinen Polonezk\u00f6y\u2018de bir araya gelerek kutlad\u0131 b\u00fcy\u00fck bir \u00f6zlem ve samimiyet duygusuyla \u00e7ok s\u0131cak bir atmosfer i\u00e7erisinde \u00e7ok g\u00fczel sohbetler edildi ge\u00e7mi\u015f y\u00e2d edildi herkes birbiriyle \u00f6zlemini giderdi T\u00fcrkiye\u2019nin ilk ve kurucu \u00fcniversitesinin mezunlar\u0131 olarak \u0130stanbul\u2019un ve T\u00fcrkiye\u2019nin 4.01 yan\u0131nda farkl\u0131 akademik kariyerlerde bir \u00e7ok bran\u015fta nitelikli ve y\u00fcksek standartl\u0131 sa\u011fl\u0131k hizmeti veriyorlar\u00a0<\/p>\n<p>\u200bHaberin Al\u0131nt\u0131land\u0131\u011f\u0131 Kaynak: www.iskenderun.org<\/p>","protected":false},"excerpt":{"rendered":"<p>\u0130stanbul t\u0131p fak\u00fcltesi 1995 mezunlar\u0131 30. mezuniyet y\u0131ld\u00f6n\u00fcm\u00fcn\u00fc \u0130stanbul\u2018un do\u011fa kalbi olarak bilinen Polonezk\u00f6y\u2018de bir araya gelerek kutlad\u0131 b\u00fcy\u00fck bir \u00f6zlem ve samimiyet duygusuyla \u00e7ok s\u0131cak bir atmosfer i\u00e7erisinde \u00e7ok g\u00fczel sohbetler edildi ge\u00e7mi\u015f y\u00e2d edildi herkes birbiriyle \u00f6zlemini giderdi T\u00fcrkiye\u2019nin ilk ve kurucu \u00fcniversitesinin mezunlar\u0131 olarak \u0130stanbul\u2019un ve T\u00fcrkiye\u2019nin 4.01 yan\u0131nda farkl\u0131 akademik kariyerlerde bir \u00e7ok bran\u015fta nitelikli ve y\u00fcksek standartl\u0131 sa\u011fl\u0131k hizmeti veriyorlar \u200b\u0130stanbul t\u0131p fak\u00fcltesi 1995 mezunlar\u0131 30. mezuniyet y\u0131ld\u00f6n\u00fcm\u00fcn\u00fc \u0130stanbul\u2018un do\u011fa kalbi olarak bilinen Polonezk\u00f6y\u2018de bir araya gelerek kutlad\u0131 b\u00fcy\u00fck bir \u00f6zlem ve samimiyet duygusuyla \u00e7ok s\u0131cak bir atmosfer i\u00e7erisinde \u00e7ok g\u00fczel sohbetler edildi ge\u00e7mi\u015f y\u00e2d edildi herkes birbiriyle \u00f6zlemini giderdi T\u00fcrkiye\u2019nin ilk ve kurucu \u00fcniversitesinin mezunlar\u0131 olarak \u0130stanbul\u2019un ve T\u00fcrkiye\u2019nin 4.01 yan\u0131nda farkl\u0131 akademik kariyerlerde bir \u00e7ok bran\u015fta nitelikli ve y\u00fcksek standartl\u0131 sa\u011fl\u0131k hizmeti veriyorlar\u00a0 \u200bHaberin Al\u0131nt\u0131land\u0131\u011f\u0131 Kaynak: www.iskenderun.org<\/p>","protected":false},"author":1,"featured_media":0,"comment_status":"","ping_status":"open","sticky":false,"template":"","format":"standard","meta":{"_acf_changed":false,"footnotes":""},"categories":[24],"tags":[],"class_list":["post-96437","post","type-post","status-publish","format-standard","has-post-thumbnail","hentry","category-gundem"],"acf":[],"yoast_head":"<!-- This site is optimized with the Yoast SEO Premium plugin v26.6 (Yoast SEO v27.1.1) - https:\/\/yoast.com\/product\/yoast-seo-premium-wordpress\/ -->\n<title>30. Mezuniyet Y\u0131l\u0131ndan Bulu\u015ftular - Av. Deniz Can K\u0131z\u0131l<\/title>\n<meta name=\"robots\" content=\"index, follow, max-snippet:-1, max-image-preview:large, max-video-preview:-1\" \/>\n<link rel=\"canonical\" href=\"https:\/\/denizcankizil.tr\/uk\/haberler\/gundem\/30-mezuniyet-yilindan-bulustular\/\" \/>\n<meta property=\"og:locale\" content=\"uk_UA\" \/>\n<meta property=\"og:type\" content=\"article\" \/>\n<meta property=\"og:title\" content=\"30. Mezuniyet Y\u0131l\u0131ndan Bulu\u015ftular\" \/>\n<meta property=\"og:description\" content=\"\u0130stanbul t\u0131p fak\u00fcltesi 1995 mezunlar\u0131 30. mezuniyet y\u0131ld\u00f6n\u00fcm\u00fcn\u00fc \u0130stanbul\u2018un do\u011fa kalbi olarak bilinen Polonezk\u00f6y\u2018de bir araya gelerek kutlad\u0131 b\u00fcy\u00fck bir \u00f6zlem ve samimiyet duygusuyla \u00e7ok s\u0131cak bir atmosfer i\u00e7erisinde \u00e7ok g\u00fczel sohbetler edildi ge\u00e7mi\u015f y\u00e2d edildi herkes birbiriyle \u00f6zlemini giderdi T\u00fcrkiye\u2019nin ilk ve kurucu \u00fcniversitesinin mezunlar\u0131 olarak \u0130stanbul\u2019un ve T\u00fcrkiye\u2019nin 4.01 yan\u0131nda farkl\u0131 akademik kariyerlerde bir \u00e7ok bran\u015fta nitelikli ve y\u00fcksek standartl\u0131 sa\u011fl\u0131k hizmeti veriyorlar \u200b\u0130stanbul t\u0131p fak\u00fcltesi 1995 mezunlar\u0131 30. mezuniyet y\u0131ld\u00f6n\u00fcm\u00fcn\u00fc \u0130stanbul\u2018un do\u011fa kalbi olarak bilinen Polonezk\u00f6y\u2018de bir araya gelerek kutlad\u0131 b\u00fcy\u00fck bir \u00f6zlem ve samimiyet duygusuyla \u00e7ok s\u0131cak bir atmosfer i\u00e7erisinde \u00e7ok g\u00fczel sohbetler edildi ge\u00e7mi\u015f y\u00e2d edildi herkes birbiriyle \u00f6zlemini giderdi T\u00fcrkiye\u2019nin ilk ve kurucu \u00fcniversitesinin mezunlar\u0131 olarak \u0130stanbul\u2019un ve T\u00fcrkiye\u2019nin 4.01 yan\u0131nda farkl\u0131 akademik kariyerlerde bir \u00e7ok bran\u015fta nitelikli ve y\u00fcksek standartl\u0131 sa\u011fl\u0131k hizmeti veriyorlar\u00a0 \u200bHaberin Al\u0131nt\u0131land\u0131\u011f\u0131 Kaynak: www.iskenderun.org\" \/>\n<meta property=\"og:url\" content=\"https:\/\/denizcankizil.tr\/uk\/haberler\/gundem\/30-mezuniyet-yilindan-bulustular\/\" \/>\n<meta property=\"og:site_name\" content=\"Av. Deniz Can K\u0131z\u0131l\" \/>\n<meta property=\"article:published_time\" content=\"2025-05-25T13:42:09+00:00\" \/>\n<meta name=\"author\" content=\"admin\" \/>\n<meta name=\"twitter:card\" content=\"summary_large_image\" \/>\n<meta name=\"twitter:label1\" content=\"\u041d\u0430\u043f\u0438\u0441\u0430\u043d\u043e\" \/>\n\t<meta name=\"twitter:data1\" content=\"admin\" \/>\n\t<meta name=\"twitter:label2\" content=\"\u041f\u0440\u0438\u0431\u043b. \u0447\u0430\u0441 \u0447\u0438\u0442\u0430\u043d\u043d\u044f\" \/>\n\t<meta name=\"twitter:data2\" content=\"1 \u0445\u0432\u0438\u043b\u0438\u043d\u0430\" \/>\n<script type=\"application\/ld+json\" class=\"yoast-schema-graph\">{\"@context\":\"https:\/\/schema.org\",\"@graph\":[{\"@type\":\"Article\",\"@id\":\"https:\/\/denizcankizil.tr\/uk\/haberler\/gundem\/30-mezuniyet-yilindan-bulustular\/#article\",\"isPartOf\":{\"@id\":\"https:\/\/denizcankizil.tr\/uk\/haberler\/gundem\/30-mezuniyet-yilindan-bulustular\/\"},\"author\":{\"name\":\"admin\",\"@id\":\"https:\/\/denizcankizil.tr\/#\/schema\/person\/be3c05fe6a12686905512445d8185489\"},\"headline\":\"30. Mezuniyet Y\u0131l\u0131ndan Bulu\u015ftular\",\"datePublished\":\"2025-05-25T13:42:09+00:00\",\"mainEntityOfPage\":{\"@id\":\"https:\/\/denizcankizil.tr\/uk\/haberler\/gundem\/30-mezuniyet-yilindan-bulustular\/\"},\"wordCount\":192,\"publisher\":{\"@id\":\"https:\/\/denizcankizil.tr\/#organization\"},\"articleSection\":[\"G\u00fcndem\"],\"inLanguage\":\"uk\"},{\"@type\":\"WebPage\",\"@id\":\"https:\/\/denizcankizil.tr\/uk\/haberler\/gundem\/30-mezuniyet-yilindan-bulustular\/\",\"url\":\"https:\/\/denizcankizil.tr\/uk\/haberler\/gundem\/30-mezuniyet-yilindan-bulustular\/\",\"name\":\"30. Mezuniyet Y\u0131l\u0131ndan Bulu\u015ftular - Av. Deniz Can K\u0131z\u0131l\",\"isPartOf\":{\"@id\":\"https:\/\/denizcankizil.tr\/#website\"},\"datePublished\":\"2025-05-25T13:42:09+00:00\",\"breadcrumb\":{\"@id\":\"https:\/\/denizcankizil.tr\/uk\/haberler\/gundem\/30-mezuniyet-yilindan-bulustular\/#breadcrumb\"},\"inLanguage\":\"uk\",\"potentialAction\":[{\"@type\":\"ReadAction\",\"target\":[\"https:\/\/denizcankizil.tr\/uk\/haberler\/gundem\/30-mezuniyet-yilindan-bulustular\/\"]}]},{\"@type\":\"BreadcrumbList\",\"@id\":\"https:\/\/denizcankizil.tr\/uk\/haberler\/gundem\/30-mezuniyet-yilindan-bulustular\/#breadcrumb\",\"itemListElement\":[{\"@type\":\"ListItem\",\"position\":1,\"name\":\"Home\",\"item\":\"https:\/\/denizcankizil.tr\/uk\/\"},{\"@type\":\"ListItem\",\"position\":2,\"name\":\"30. Mezuniyet Y\u0131l\u0131ndan Bulu\u015ftular\"}]},{\"@type\":\"WebSite\",\"@id\":\"https:\/\/denizcankizil.tr\/#website\",\"url\":\"https:\/\/denizcankizil.tr\/\",\"name\":\"Av. Deniz Can K\u0131z\u0131l\",\"description\":\"Avukat Deniz Can K\u0131z\u0131l Antalya Barosu\",\"publisher\":{\"@id\":\"https:\/\/denizcankizil.tr\/#organization\"},\"potentialAction\":[{\"@type\":\"SearchAction\",\"target\":{\"@type\":\"EntryPoint\",\"urlTemplate\":\"https:\/\/denizcankizil.tr\/?s={search_term_string}\"},\"query-input\":{\"@type\":\"PropertyValueSpecification\",\"valueRequired\":true,\"valueName\":\"search_term_string\"}}],\"inLanguage\":\"uk\"},{\"@type\":\"Organization\",\"@id\":\"https:\/\/denizcankizil.tr\/#organization\",\"name\":\"Av. Deniz Can K\u0131z\u0131l\",\"url\":\"https:\/\/denizcankizil.tr\/\",\"logo\":{\"@type\":\"ImageObject\",\"inLanguage\":\"uk\",\"@id\":\"https:\/\/denizcankizil.tr\/#\/schema\/logo\/image\/\",\"url\":\"https:\/\/denizcankizil.tr\/wp-content\/uploads\/2024\/10\/siyah-logo-svg.svg\",\"contentUrl\":\"https:\/\/denizcankizil.tr\/wp-content\/uploads\/2024\/10\/siyah-logo-svg.svg\",\"width\":1080,\"height\":1080,\"caption\":\"Av. Deniz Can K\u0131z\u0131l\"},\"image\":{\"@id\":\"https:\/\/denizcankizil.tr\/#\/schema\/logo\/image\/\"}},{\"@type\":\"Person\",\"@id\":\"https:\/\/denizcankizil.tr\/#\/schema\/person\/be3c05fe6a12686905512445d8185489\",\"name\":\"admin\",\"image\":{\"@type\":\"ImageObject\",\"inLanguage\":\"uk\",\"@id\":\"https:\/\/denizcankizil.tr\/#\/schema\/person\/image\/\",\"url\":\"https:\/\/secure.gravatar.com\/avatar\/c1fce94c830dc79107e174f890d7210541c4a63e8e5d816341794a2151c9d58c?s=96&d=mm&r=g\",\"contentUrl\":\"https:\/\/secure.gravatar.com\/avatar\/c1fce94c830dc79107e174f890d7210541c4a63e8e5d816341794a2151c9d58c?s=96&d=mm&r=g\",\"caption\":\"admin\"},\"sameAs\":[\"http:\/\/denizcankizil.tr\"],\"url\":\"https:\/\/www.iskenderun.org\/30-mezuniyet-yilindan-bulustular\"}]}<\/script>\n<!-- \/ Yoast SEO Premium plugin. -->","yoast_head_json":{"title":"30. Mezuniyet Y\u0131l\u0131ndan Bulu\u015ftular - Av. Deniz Can K\u0131z\u0131l","robots":{"index":"index","follow":"follow","max-snippet":"max-snippet:-1","max-image-preview":"max-image-preview:large","max-video-preview":"max-video-preview:-1"},"canonical":"https:\/\/denizcankizil.tr\/uk\/haberler\/gundem\/30-mezuniyet-yilindan-bulustular\/","og_locale":"uk_UA","og_type":"article","og_title":"30. Mezuniyet Y\u0131l\u0131ndan Bulu\u015ftular","og_description":"\u0130stanbul t\u0131p fak\u00fcltesi 1995 mezunlar\u0131 30. mezuniyet y\u0131ld\u00f6n\u00fcm\u00fcn\u00fc \u0130stanbul\u2018un do\u011fa kalbi olarak bilinen Polonezk\u00f6y\u2018de bir araya gelerek kutlad\u0131 b\u00fcy\u00fck bir \u00f6zlem ve samimiyet duygusuyla \u00e7ok s\u0131cak bir atmosfer i\u00e7erisinde \u00e7ok g\u00fczel sohbetler edildi ge\u00e7mi\u015f y\u00e2d edildi herkes birbiriyle \u00f6zlemini giderdi T\u00fcrkiye\u2019nin ilk ve kurucu \u00fcniversitesinin mezunlar\u0131 olarak \u0130stanbul\u2019un ve T\u00fcrkiye\u2019nin 4.01 yan\u0131nda farkl\u0131 akademik kariyerlerde bir \u00e7ok bran\u015fta nitelikli ve y\u00fcksek standartl\u0131 sa\u011fl\u0131k hizmeti veriyorlar \u200b\u0130stanbul t\u0131p fak\u00fcltesi 1995 mezunlar\u0131 30. mezuniyet y\u0131ld\u00f6n\u00fcm\u00fcn\u00fc \u0130stanbul\u2018un do\u011fa kalbi olarak bilinen Polonezk\u00f6y\u2018de bir araya gelerek kutlad\u0131 b\u00fcy\u00fck bir \u00f6zlem ve samimiyet duygusuyla \u00e7ok s\u0131cak bir atmosfer i\u00e7erisinde \u00e7ok g\u00fczel sohbetler edildi ge\u00e7mi\u015f y\u00e2d edildi herkes birbiriyle \u00f6zlemini giderdi T\u00fcrkiye\u2019nin ilk ve kurucu \u00fcniversitesinin mezunlar\u0131 olarak \u0130stanbul\u2019un ve T\u00fcrkiye\u2019nin 4.01 yan\u0131nda farkl\u0131 akademik kariyerlerde bir \u00e7ok bran\u015fta nitelikli ve y\u00fcksek standartl\u0131 sa\u011fl\u0131k hizmeti veriyorlar\u00a0 \u200bHaberin Al\u0131nt\u0131land\u0131\u011f\u0131 Kaynak: www.iskenderun.org","og_url":"https:\/\/denizcankizil.tr\/uk\/haberler\/gundem\/30-mezuniyet-yilindan-bulustular\/","og_site_name":"Av. Deniz Can K\u0131z\u0131l","article_published_time":"2025-05-25T13:42:09+00:00","author":"admin","twitter_card":"summary_large_image","twitter_misc":{"\u041d\u0430\u043f\u0438\u0441\u0430\u043d\u043e":"admin","\u041f\u0440\u0438\u0431\u043b. \u0447\u0430\u0441 \u0447\u0438\u0442\u0430\u043d\u043d\u044f":"1 \u0445\u0432\u0438\u043b\u0438\u043d\u0430"},"schema":{"@context":"https:\/\/schema.org","@graph":[{"@type":"Article","@id":"https:\/\/denizcankizil.tr\/uk\/haberler\/gundem\/30-mezuniyet-yilindan-bulustular\/#article","isPartOf":{"@id":"https:\/\/denizcankizil.tr\/uk\/haberler\/gundem\/30-mezuniyet-yilindan-bulustular\/"},"author":{"name":"admin","@id":"https:\/\/denizcankizil.tr\/#\/schema\/person\/be3c05fe6a12686905512445d8185489"},"headline":"30. Mezuniyet Y\u0131l\u0131ndan Bulu\u015ftular","datePublished":"2025-05-25T13:42:09+00:00","mainEntityOfPage":{"@id":"https:\/\/denizcankizil.tr\/uk\/haberler\/gundem\/30-mezuniyet-yilindan-bulustular\/"},"wordCount":192,"publisher":{"@id":"https:\/\/denizcankizil.tr\/#organization"},"articleSection":["G\u00fcndem"],"inLanguage":"uk"},{"@type":"WebPage","@id":"https:\/\/denizcankizil.tr\/uk\/haberler\/gundem\/30-mezuniyet-yilindan-bulustular\/","url":"https:\/\/denizcankizil.tr\/uk\/haberler\/gundem\/30-mezuniyet-yilindan-bulustular\/","name":"30. Mezuniyet Y\u0131l\u0131ndan Bulu\u015ftular - Av. Deniz Can K\u0131z\u0131l","isPartOf":{"@id":"https:\/\/denizcankizil.tr\/#website"},"datePublished":"2025-05-25T13:42:09+00:00","breadcrumb":{"@id":"https:\/\/denizcankizil.tr\/uk\/haberler\/gundem\/30-mezuniyet-yilindan-bulustular\/#breadcrumb"},"inLanguage":"uk","potentialAction":[{"@type":"ReadAction","target":["https:\/\/denizcankizil.tr\/uk\/haberler\/gundem\/30-mezuniyet-yilindan-bulustular\/"]}]},{"@type":"BreadcrumbList","@id":"https:\/\/denizcankizil.tr\/uk\/haberler\/gundem\/30-mezuniyet-yilindan-bulustular\/#breadcrumb","itemListElement":[{"@type":"ListItem","position":1,"name":"Home","item":"https:\/\/denizcankizil.tr\/uk\/"},{"@type":"ListItem","position":2,"name":"30. Mezuniyet Y\u0131l\u0131ndan Bulu\u015ftular"}]},{"@type":"WebSite","@id":"https:\/\/denizcankizil.tr\/#website","url":"https:\/\/denizcankizil.tr\/","name":"Av. Deniz Can K\u0131z\u0131l","description":"Avukat Deniz Can K\u0131z\u0131l Antalya Barosu","publisher":{"@id":"https:\/\/denizcankizil.tr\/#organization"},"potentialAction":[{"@type":"SearchAction","target":{"@type":"EntryPoint","urlTemplate":"https:\/\/denizcankizil.tr\/?s={search_term_string}"},"query-input":{"@type":"PropertyValueSpecification","valueRequired":true,"valueName":"search_term_string"}}],"inLanguage":"uk"},{"@type":"Organization","@id":"https:\/\/denizcankizil.tr\/#organization","name":"Av. Deniz Can K\u0131z\u0131l","url":"https:\/\/denizcankizil.tr\/","logo":{"@type":"ImageObject","inLanguage":"uk","@id":"https:\/\/denizcankizil.tr\/#\/schema\/logo\/image\/","url":"https:\/\/denizcankizil.tr\/wp-content\/uploads\/2024\/10\/siyah-logo-svg.svg","contentUrl":"https:\/\/denizcankizil.tr\/wp-content\/uploads\/2024\/10\/siyah-logo-svg.svg","width":1080,"height":1080,"caption":"Av. Deniz Can K\u0131z\u0131l"},"image":{"@id":"https:\/\/denizcankizil.tr\/#\/schema\/logo\/image\/"}},{"@type":"Person","@id":"https:\/\/denizcankizil.tr\/#\/schema\/person\/be3c05fe6a12686905512445d8185489","name":"\u0430\u0434\u043c\u0456\u043d","image":{"@type":"ImageObject","inLanguage":"uk","@id":"https:\/\/denizcankizil.tr\/#\/schema\/person\/image\/","url":"https:\/\/secure.gravatar.com\/avatar\/c1fce94c830dc79107e174f890d7210541c4a63e8e5d816341794a2151c9d58c?s=96&d=mm&r=g","contentUrl":"https:\/\/secure.gravatar.com\/avatar\/c1fce94c830dc79107e174f890d7210541c4a63e8e5d816341794a2151c9d58c?s=96&d=mm&r=g","caption":"admin"},"sameAs":["http:\/\/denizcankizil.tr"],"url":"https:\/\/www.iskenderun.org\/30-mezuniyet-yilindan-bulustular"}]}},"_links":{"self":[{"href":"https:\/\/denizcankizil.tr\/uk\/wp-json\/wp\/v2\/posts\/96437","targetHints":{"allow":["GET"]}}],"collection":[{"href":"https:\/\/denizcankizil.tr\/uk\/wp-json\/wp\/v2\/posts"}],"about":[{"href":"https:\/\/denizcankizil.tr\/uk\/wp-json\/wp\/v2\/types\/post"}],"author":[{"embeddable":true,"href":"https:\/\/denizcankizil.tr\/uk\/wp-json\/wp\/v2\/users\/1"}],"replies":[{"embeddable":true,"href":"https:\/\/denizcankizil.tr\/uk\/wp-json\/wp\/v2\/comments?post=96437"}],"version-history":[{"count":0,"href":"https:\/\/denizcankizil.tr\/uk\/wp-json\/wp\/v2\/posts\/96437\/revisions"}],"wp:attachment":[{"href":"https:\/\/denizcankizil.tr\/uk\/wp-json\/wp\/v2\/media?parent=96437"}],"wp:term":[{"taxonomy":"category","embeddable":true,"href":"https:\/\/denizcankizil.tr\/uk\/wp-json\/wp\/v2\/categories?post=96437"},{"taxonomy":"post_tag","embeddable":true,"href":"https:\/\/denizcankizil.tr\/uk\/wp-json\/wp\/v2\/tags?post=96437"}],"curies":[{"name":"wp","href":"https:\/\/api.w.org\/{rel}","templated":true}]}}