{"id":96364,"date":"2025-05-25T14:42:24","date_gmt":"2025-05-25T11:42:24","guid":{"rendered":"https:\/\/denizcankizil.tr\/uncategorized-tr\/afet-kopeklerine-detayli-yonetmelik-kopekli-arama-timi-yonetmeligi-yayimlandi\/"},"modified":"2025-05-25T14:42:24","modified_gmt":"2025-05-25T11:42:24","slug":"afet-kopeklerine-detayli-yonetmelik-kopekli-arama-timi-yonetmeligi-yayimlandi","status":"publish","type":"post","link":"https:\/\/denizcankizil.tr\/uk\/haberler\/gundem\/afet-kopeklerine-detayli-yonetmelik-kopekli-arama-timi-yonetmeligi-yayimlandi\/","title":{"rendered":"Afet k\u00f6peklerine detayl\u0131 y\u00f6netmelik&#8230; K\u00f6pekli Arama Timi Y\u00f6netmeli\u011fi yay\u0131mland\u0131"},"content":{"rendered":"<p>\u0130\u00e7i\u015fleri Bakanl\u0131\u011f\u0131, afet ve acil durumlarda g\u00f6rev yapacak k\u00f6pekli arama timlerinin \u00e7al\u0131\u015fma ve s\u0131nav usullerini d\u00fczenleyen yeni y\u00f6netmeli\u011fi Resmi Gazete\u2019de yay\u0131mlad\u0131. Sertifikasyon ve denetim s\u00fcre\u00e7leri detayland\u0131r\u0131ld\u0131.ANKARA (\u0130GFA) &#8211; \u0130\u00e7i\u015fleri Bakanl\u0131\u011f\u0131 Afet ve Acil Durum Y\u00f6netimi Ba\u015fkanl\u0131\u011f\u0131 (AFAD), \u201cK\u00f6pekli Arama Timi \u00c7al\u0131\u015fma ve S\u0131nav Y\u00f6netmeli\u011fi\u201dni bug\u00fcnk\u00fc Resm\u00ee Gazete\u2019de yay\u0131mlad\u0131.<br \/>\nY\u00f6netmelik, afet veya acil durumlarda kay\u0131p ki\u015filerin bulunmas\u0131 ve kurtar\u0131lmas\u0131 i\u00e7in g\u00f6rev yapan k\u00f6pekli arama timlerinin \u00e7al\u0131\u015fma esaslar\u0131n\u0131, s\u0131nav s\u00fcre\u00e7lerini ve sertifikasyon usullerini d\u00fczenledi. Y\u00f6netmelik, afetzedelerin yerini tespit etmek i\u00e7in e\u011fitilmi\u015f g\u00f6rev k\u00f6pekleri ve k\u00f6pek idarecilerinden olu\u015fan timlerin faaliyetlerini kapsarken, timlerin koordinasyonunu, e\u011fitimini ve g\u00f6rev yeterlili\u011fini standardize edecek.<br \/>\nK\u00f6pekli arama \u00e7al\u0131\u015fmalar\u0131, AFAD Arama ve Kurtarma Dairesi Ba\u015fkanl\u0131\u011f\u0131 koordinasyonunda il m\u00fcd\u00fcrl\u00fckleri sorumlulu\u011funda y\u00fcr\u00fct\u00fclecek.<br \/>\nTimler, her an g\u00f6reve haz\u0131r olacak ve ara\u00e7-ekipmanlar\u0131 il m\u00fcd\u00fcrl\u00fcklerince sa\u011flanacak.<br \/>\nK\u00f6pekli arama timleri, e\u011fitim ve g\u00f6rev yeterlilik s\u0131navlar\u0131n\u0131 ge\u00e7erek 2 y\u0131l ge\u00e7erli sertifika alacak. Sertifikas\u0131z timler g\u00f6rev yapamayacak.<br \/>\nY\u0131lda iki kez yap\u0131lacak s\u0131navlar, enkazda canl\u0131 arama, do\u011fada canl\u0131 arama, iz takip ve kadavra arama bran\u015flar\u0131n\u0131 kaps\u0131yor. S\u0131nav komisyonu, AFAD, Emniyet, Jandarma, MSB ve di\u011fer kurumlardan olu\u015facak.<br \/>\nK\u00f6pekli arama timi denetim komisyonu, s\u0131navlar\u0131 denetleyecek, \u00f6nerileri de\u011ferlendirecek ve uluslararas\u0131 i\u015f birliklerini koordine edecek.<br \/>\n\u0130\u00e7i\u015fleri Bakanl\u0131\u011f\u0131 taraf\u0131ndan y\u00fcr\u00fct\u00fclecek y\u00f6netmeli\u011fin y\u00fcr\u00fcrl\u00fc\u011fe girmesiyle 2011 tarihli eski y\u00f6netmeli\u011fi y\u00fcr\u00fcrl\u00fckten kald\u0131rd\u0131. Mevcut s\u0131nav komisyonu, yeni komisyon kurulana kadar g\u00f6revine devam edece\u011fi belirtildi.<br \/>\nS\u00f6z konusu y\u00f6netmeli\u011fin detaylar\u0131na ula\u015fmak i\u00e7in t\u0131klayabilirsiniz<\/p>\n<p>\u200b\u0130\u00e7i\u015fleri Bakanl\u0131\u011f\u0131, afet ve acil durumlarda g\u00f6rev yapacak k\u00f6pekli arama timlerinin \u00e7al\u0131\u015fma ve s\u0131nav usullerini d\u00fczenleyen yeni y\u00f6netmeli\u011fi Resmi Gazete\u2019de yay\u0131mlad\u0131. Sertifikasyon ve denetim s\u00fcre\u00e7leri detayland\u0131r\u0131ld\u0131.ANKARA (\u0130GFA) &#8211; \u0130\u00e7i\u015fleri Bakanl\u0131\u011f\u0131 Afet ve Acil Durum Y\u00f6netimi Ba\u015fkanl\u0131\u011f\u0131 (AFAD), \u201cK\u00f6pekli Arama Timi \u00c7al\u0131\u015fma ve S\u0131nav Y\u00f6netmeli\u011fi\u201dni bug\u00fcnk\u00fc Resm\u00ee Gazete\u2019de yay\u0131mlad\u0131.<br \/>\nY\u00f6netmelik, afet veya acil durumlarda kay\u0131p ki\u015filerin bulunmas\u0131 ve kurtar\u0131lmas\u0131 i\u00e7in g\u00f6rev yapan k\u00f6pekli arama timlerinin \u00e7al\u0131\u015fma esaslar\u0131n\u0131, s\u0131nav s\u00fcre\u00e7lerini ve sertifikasyon usullerini d\u00fczenledi. Y\u00f6netmelik, afetzedelerin yerini tespit etmek i\u00e7in e\u011fitilmi\u015f g\u00f6rev k\u00f6pekleri ve k\u00f6pek idarecilerinden olu\u015fan timlerin faaliyetlerini kapsarken, timlerin koordinasyonunu, e\u011fitimini ve g\u00f6rev yeterlili\u011fini standardize edecek.<br \/>\nK\u00f6pekli arama \u00e7al\u0131\u015fmalar\u0131, AFAD Arama ve Kurtarma Dairesi Ba\u015fkanl\u0131\u011f\u0131 koordinasyonunda il m\u00fcd\u00fcrl\u00fckleri sorumlulu\u011funda y\u00fcr\u00fct\u00fclecek.<br \/>\nTimler, her an g\u00f6reve haz\u0131r olacak ve ara\u00e7-ekipmanlar\u0131 il m\u00fcd\u00fcrl\u00fcklerince sa\u011flanacak.<br \/>\nK\u00f6pekli arama timleri, e\u011fitim ve g\u00f6rev yeterlilik s\u0131navlar\u0131n\u0131 ge\u00e7erek 2 y\u0131l ge\u00e7erli sertifika alacak. Sertifikas\u0131z timler g\u00f6rev yapamayacak.<br \/>\nY\u0131lda iki kez yap\u0131lacak s\u0131navlar, enkazda canl\u0131 arama, do\u011fada canl\u0131 arama, iz takip ve kadavra arama bran\u015flar\u0131n\u0131 kaps\u0131yor. S\u0131nav komisyonu, AFAD, Emniyet, Jandarma, MSB ve di\u011fer kurumlardan olu\u015facak.<br \/>\nK\u00f6pekli arama timi denetim komisyonu, s\u0131navlar\u0131 denetleyecek, \u00f6nerileri de\u011ferlendirecek ve uluslararas\u0131 i\u015f birliklerini koordine edecek.<br \/>\n\u0130\u00e7i\u015fleri Bakanl\u0131\u011f\u0131 taraf\u0131ndan y\u00fcr\u00fct\u00fclecek y\u00f6netmeli\u011fin y\u00fcr\u00fcrl\u00fc\u011fe girmesiyle 2011 tarihli eski y\u00f6netmeli\u011fi y\u00fcr\u00fcrl\u00fckten kald\u0131rd\u0131. Mevcut s\u0131nav komisyonu, yeni komisyon kurulana kadar g\u00f6revine devam edece\u011fi belirtildi.<br \/>\nS\u00f6z konusu y\u00f6netmeli\u011fin detaylar\u0131na ula\u015fmak i\u00e7in t\u0131klayabilirsiniz\u00a0<\/p>\n<p>\u200bHaberin Al\u0131nt\u0131land\u0131\u011f\u0131 Kaynak: www.iskenderun.org<\/p>","protected":false},"excerpt":{"rendered":"<p>\u0130\u00e7i\u015fleri Bakanl\u0131\u011f\u0131, afet ve acil durumlarda g\u00f6rev yapacak k\u00f6pekli arama timlerinin \u00e7al\u0131\u015fma ve s\u0131nav usullerini d\u00fczenleyen yeni y\u00f6netmeli\u011fi Resmi Gazete\u2019de yay\u0131mlad\u0131. Sertifikasyon ve denetim s\u00fcre\u00e7leri detayland\u0131r\u0131ld\u0131.ANKARA (\u0130GFA) &#8211; \u0130\u00e7i\u015fleri Bakanl\u0131\u011f\u0131 Afet ve Acil Durum Y\u00f6netimi Ba\u015fkanl\u0131\u011f\u0131 (AFAD), \u201cK\u00f6pekli Arama Timi \u00c7al\u0131\u015fma ve S\u0131nav Y\u00f6netmeli\u011fi\u201dni bug\u00fcnk\u00fc Resm\u00ee Gazete\u2019de yay\u0131mlad\u0131. Y\u00f6netmelik, afet veya acil durumlarda kay\u0131p ki\u015filerin bulunmas\u0131 ve kurtar\u0131lmas\u0131 i\u00e7in g\u00f6rev yapan k\u00f6pekli arama timlerinin \u00e7al\u0131\u015fma esaslar\u0131n\u0131, s\u0131nav s\u00fcre\u00e7lerini ve sertifikasyon usullerini d\u00fczenledi. Y\u00f6netmelik, afetzedelerin yerini tespit etmek i\u00e7in e\u011fitilmi\u015f g\u00f6rev k\u00f6pekleri ve k\u00f6pek idarecilerinden olu\u015fan timlerin faaliyetlerini kapsarken, timlerin koordinasyonunu, e\u011fitimini ve g\u00f6rev yeterlili\u011fini standardize edecek. K\u00f6pekli arama \u00e7al\u0131\u015fmalar\u0131, AFAD Arama ve Kurtarma Dairesi Ba\u015fkanl\u0131\u011f\u0131 koordinasyonunda il m\u00fcd\u00fcrl\u00fckleri sorumlulu\u011funda y\u00fcr\u00fct\u00fclecek. Timler, her an g\u00f6reve haz\u0131r olacak ve ara\u00e7-ekipmanlar\u0131 il m\u00fcd\u00fcrl\u00fcklerince sa\u011flanacak. K\u00f6pekli arama timleri, e\u011fitim ve g\u00f6rev yeterlilik s\u0131navlar\u0131n\u0131 ge\u00e7erek 2 y\u0131l ge\u00e7erli sertifika alacak. Sertifikas\u0131z timler g\u00f6rev yapamayacak. Y\u0131lda iki kez yap\u0131lacak s\u0131navlar, enkazda canl\u0131 arama, do\u011fada canl\u0131 arama, iz takip ve kadavra arama bran\u015flar\u0131n\u0131 kaps\u0131yor. S\u0131nav komisyonu, AFAD, Emniyet, Jandarma, MSB ve di\u011fer kurumlardan olu\u015facak. K\u00f6pekli arama timi denetim komisyonu, s\u0131navlar\u0131 denetleyecek, \u00f6nerileri de\u011ferlendirecek ve uluslararas\u0131 i\u015f birliklerini koordine edecek. \u0130\u00e7i\u015fleri Bakanl\u0131\u011f\u0131 taraf\u0131ndan y\u00fcr\u00fct\u00fclecek y\u00f6netmeli\u011fin y\u00fcr\u00fcrl\u00fc\u011fe girmesiyle 2011 tarihli eski y\u00f6netmeli\u011fi y\u00fcr\u00fcrl\u00fckten kald\u0131rd\u0131. Mevcut s\u0131nav komisyonu, yeni komisyon &hellip;<\/p>","protected":false},"author":1,"featured_media":0,"comment_status":"","ping_status":"open","sticky":false,"template":"","format":"standard","meta":{"_acf_changed":false,"footnotes":""},"categories":[24],"tags":[],"class_list":["post-96364","post","type-post","status-publish","format-standard","has-post-thumbnail","hentry","category-gundem"],"acf":[],"yoast_head":"<!-- This site is optimized with the Yoast SEO Premium plugin v26.6 (Yoast SEO v27.1.1) - https:\/\/yoast.com\/product\/yoast-seo-premium-wordpress\/ -->\n<title>Afet k\u00f6peklerine detayl\u0131 y\u00f6netmelik... K\u00f6pekli Arama Timi Y\u00f6netmeli\u011fi yay\u0131mland\u0131 - Av. Deniz Can K\u0131z\u0131l<\/title>\n<meta name=\"robots\" content=\"index, follow, max-snippet:-1, max-image-preview:large, max-video-preview:-1\" \/>\n<link rel=\"canonical\" href=\"https:\/\/denizcankizil.tr\/uk\/haberler\/gundem\/afet-kopeklerine-detayli-yonetmelik-kopekli-arama-timi-yonetmeligi-yayimlandi\/\" \/>\n<meta property=\"og:locale\" content=\"uk_UA\" \/>\n<meta property=\"og:type\" content=\"article\" \/>\n<meta property=\"og:title\" content=\"Afet k\u00f6peklerine detayl\u0131 y\u00f6netmelik... K\u00f6pekli Arama Timi Y\u00f6netmeli\u011fi yay\u0131mland\u0131\" \/>\n<meta property=\"og:description\" content=\"\u0130\u00e7i\u015fleri Bakanl\u0131\u011f\u0131, afet ve acil durumlarda g\u00f6rev yapacak k\u00f6pekli arama timlerinin \u00e7al\u0131\u015fma ve s\u0131nav usullerini d\u00fczenleyen yeni y\u00f6netmeli\u011fi Resmi Gazete\u2019de yay\u0131mlad\u0131. Sertifikasyon ve denetim s\u00fcre\u00e7leri detayland\u0131r\u0131ld\u0131.ANKARA (\u0130GFA) &#8211; \u0130\u00e7i\u015fleri Bakanl\u0131\u011f\u0131 Afet ve Acil Durum Y\u00f6netimi Ba\u015fkanl\u0131\u011f\u0131 (AFAD), \u201cK\u00f6pekli Arama Timi \u00c7al\u0131\u015fma ve S\u0131nav Y\u00f6netmeli\u011fi\u201dni bug\u00fcnk\u00fc Resm\u00ee Gazete\u2019de yay\u0131mlad\u0131. Y\u00f6netmelik, afet veya acil durumlarda kay\u0131p ki\u015filerin bulunmas\u0131 ve kurtar\u0131lmas\u0131 i\u00e7in g\u00f6rev yapan k\u00f6pekli arama timlerinin \u00e7al\u0131\u015fma esaslar\u0131n\u0131, s\u0131nav s\u00fcre\u00e7lerini ve sertifikasyon usullerini d\u00fczenledi. Y\u00f6netmelik, afetzedelerin yerini tespit etmek i\u00e7in e\u011fitilmi\u015f g\u00f6rev k\u00f6pekleri ve k\u00f6pek idarecilerinden olu\u015fan timlerin faaliyetlerini kapsarken, timlerin koordinasyonunu, e\u011fitimini ve g\u00f6rev yeterlili\u011fini standardize edecek. K\u00f6pekli arama \u00e7al\u0131\u015fmalar\u0131, AFAD Arama ve Kurtarma Dairesi Ba\u015fkanl\u0131\u011f\u0131 koordinasyonunda il m\u00fcd\u00fcrl\u00fckleri sorumlulu\u011funda y\u00fcr\u00fct\u00fclecek. Timler, her an g\u00f6reve haz\u0131r olacak ve ara\u00e7-ekipmanlar\u0131 il m\u00fcd\u00fcrl\u00fcklerince sa\u011flanacak. K\u00f6pekli arama timleri, e\u011fitim ve g\u00f6rev yeterlilik s\u0131navlar\u0131n\u0131 ge\u00e7erek 2 y\u0131l ge\u00e7erli sertifika alacak. Sertifikas\u0131z timler g\u00f6rev yapamayacak. Y\u0131lda iki kez yap\u0131lacak s\u0131navlar, enkazda canl\u0131 arama, do\u011fada canl\u0131 arama, iz takip ve kadavra arama bran\u015flar\u0131n\u0131 kaps\u0131yor. S\u0131nav komisyonu, AFAD, Emniyet, Jandarma, MSB ve di\u011fer kurumlardan olu\u015facak. K\u00f6pekli arama timi denetim komisyonu, s\u0131navlar\u0131 denetleyecek, \u00f6nerileri de\u011ferlendirecek ve uluslararas\u0131 i\u015f birliklerini koordine edecek. \u0130\u00e7i\u015fleri Bakanl\u0131\u011f\u0131 taraf\u0131ndan y\u00fcr\u00fct\u00fclecek y\u00f6netmeli\u011fin y\u00fcr\u00fcrl\u00fc\u011fe girmesiyle 2011 tarihli eski y\u00f6netmeli\u011fi y\u00fcr\u00fcrl\u00fckten kald\u0131rd\u0131. Mevcut s\u0131nav komisyonu, yeni komisyon &hellip;\" \/>\n<meta property=\"og:url\" content=\"https:\/\/denizcankizil.tr\/uk\/haberler\/gundem\/afet-kopeklerine-detayli-yonetmelik-kopekli-arama-timi-yonetmeligi-yayimlandi\/\" \/>\n<meta property=\"og:site_name\" content=\"Av. Deniz Can K\u0131z\u0131l\" \/>\n<meta property=\"article:published_time\" content=\"2025-05-25T11:42:24+00:00\" \/>\n<meta name=\"author\" content=\"admin\" \/>\n<meta name=\"twitter:card\" content=\"summary_large_image\" \/>\n<meta name=\"twitter:label1\" content=\"\u041d\u0430\u043f\u0438\u0441\u0430\u043d\u043e\" \/>\n\t<meta name=\"twitter:data1\" content=\"admin\" \/>\n\t<meta name=\"twitter:label2\" content=\"\u041f\u0440\u0438\u0431\u043b. \u0447\u0430\u0441 \u0447\u0438\u0442\u0430\u043d\u043d\u044f\" \/>\n\t<meta name=\"twitter:data2\" content=\"3 \u0445\u0432\u0438\u043b\u0438\u043d\u0438\" \/>\n<script type=\"application\/ld+json\" class=\"yoast-schema-graph\">{\"@context\":\"https:\/\/schema.org\",\"@graph\":[{\"@type\":\"Article\",\"@id\":\"https:\/\/denizcankizil.tr\/de\/haberler\/gundem\/afet-kopeklerine-detayli-yonetmelik-kopekli-arama-timi-yonetmeligi-yayimlandi\/#article\",\"isPartOf\":{\"@id\":\"https:\/\/denizcankizil.tr\/de\/haberler\/gundem\/afet-kopeklerine-detayli-yonetmelik-kopekli-arama-timi-yonetmeligi-yayimlandi\/\"},\"author\":{\"name\":\"admin\",\"@id\":\"https:\/\/denizcankizil.tr\/de\/#\/schema\/person\/be3c05fe6a12686905512445d8185489\"},\"headline\":\"Afet k\u00f6peklerine detayl\u0131 y\u00f6netmelik&#8230; K\u00f6pekli Arama Timi Y\u00f6netmeli\u011fi yay\u0131mland\u0131\",\"datePublished\":\"2025-05-25T11:42:24+00:00\",\"mainEntityOfPage\":{\"@id\":\"https:\/\/denizcankizil.tr\/de\/haberler\/gundem\/afet-kopeklerine-detayli-yonetmelik-kopekli-arama-timi-yonetmeligi-yayimlandi\/\"},\"wordCount\":677,\"publisher\":{\"@id\":\"https:\/\/denizcankizil.tr\/de\/#organization\"},\"articleSection\":[\"G\u00fcndem\"],\"inLanguage\":\"uk\"},{\"@type\":\"WebPage\",\"@id\":\"https:\/\/denizcankizil.tr\/de\/haberler\/gundem\/afet-kopeklerine-detayli-yonetmelik-kopekli-arama-timi-yonetmeligi-yayimlandi\/\",\"url\":\"https:\/\/denizcankizil.tr\/de\/haberler\/gundem\/afet-kopeklerine-detayli-yonetmelik-kopekli-arama-timi-yonetmeligi-yayimlandi\/\",\"name\":\"Afet k\u00f6peklerine detayl\u0131 y\u00f6netmelik... K\u00f6pekli Arama Timi Y\u00f6netmeli\u011fi yay\u0131mland\u0131 - Av. Deniz Can K\u0131z\u0131l\",\"isPartOf\":{\"@id\":\"https:\/\/denizcankizil.tr\/de\/#website\"},\"datePublished\":\"2025-05-25T11:42:24+00:00\",\"breadcrumb\":{\"@id\":\"https:\/\/denizcankizil.tr\/de\/haberler\/gundem\/afet-kopeklerine-detayli-yonetmelik-kopekli-arama-timi-yonetmeligi-yayimlandi\/#breadcrumb\"},\"inLanguage\":\"uk\",\"potentialAction\":[{\"@type\":\"ReadAction\",\"target\":[\"https:\/\/denizcankizil.tr\/de\/haberler\/gundem\/afet-kopeklerine-detayli-yonetmelik-kopekli-arama-timi-yonetmeligi-yayimlandi\/\"]}]},{\"@type\":\"BreadcrumbList\",\"@id\":\"https:\/\/denizcankizil.tr\/de\/haberler\/gundem\/afet-kopeklerine-detayli-yonetmelik-kopekli-arama-timi-yonetmeligi-yayimlandi\/#breadcrumb\",\"itemListElement\":[{\"@type\":\"ListItem\",\"position\":1,\"name\":\"Home\",\"item\":\"https:\/\/denizcankizil.tr\/de\/\"},{\"@type\":\"ListItem\",\"position\":2,\"name\":\"Afet k\u00f6peklerine detayl\u0131 y\u00f6netmelik&#8230; K\u00f6pekli Arama Timi Y\u00f6netmeli\u011fi yay\u0131mland\u0131\"}]},{\"@type\":\"WebSite\",\"@id\":\"https:\/\/denizcankizil.tr\/de\/#website\",\"url\":\"https:\/\/denizcankizil.tr\/de\/\",\"name\":\"Av. Deniz Can K\u0131z\u0131l\",\"description\":\"Avukat Deniz Can K\u0131z\u0131l Antalya Barosu\",\"publisher\":{\"@id\":\"https:\/\/denizcankizil.tr\/de\/#organization\"},\"potentialAction\":[{\"@type\":\"SearchAction\",\"target\":{\"@type\":\"EntryPoint\",\"urlTemplate\":\"https:\/\/denizcankizil.tr\/de\/?s={search_term_string}\"},\"query-input\":{\"@type\":\"PropertyValueSpecification\",\"valueRequired\":true,\"valueName\":\"search_term_string\"}}],\"inLanguage\":\"uk\"},{\"@type\":\"Organization\",\"@id\":\"https:\/\/denizcankizil.tr\/de\/#organization\",\"name\":\"Av. Deniz Can K\u0131z\u0131l\",\"url\":\"https:\/\/denizcankizil.tr\/de\/\",\"logo\":{\"@type\":\"ImageObject\",\"inLanguage\":\"uk\",\"@id\":\"https:\/\/denizcankizil.tr\/de\/#\/schema\/logo\/image\/\",\"url\":\"https:\/\/denizcankizil.tr\/wp-content\/uploads\/2024\/10\/siyah-logo-svg.svg\",\"contentUrl\":\"https:\/\/denizcankizil.tr\/wp-content\/uploads\/2024\/10\/siyah-logo-svg.svg\",\"width\":1080,\"height\":1080,\"caption\":\"Av. Deniz Can K\u0131z\u0131l\"},\"image\":{\"@id\":\"https:\/\/denizcankizil.tr\/de\/#\/schema\/logo\/image\/\"}},{\"@type\":\"Person\",\"@id\":\"https:\/\/denizcankizil.tr\/de\/#\/schema\/person\/be3c05fe6a12686905512445d8185489\",\"name\":\"admin\",\"image\":{\"@type\":\"ImageObject\",\"inLanguage\":\"uk\",\"@id\":\"https:\/\/denizcankizil.tr\/de\/#\/schema\/person\/image\/\",\"url\":\"https:\/\/secure.gravatar.com\/avatar\/c1fce94c830dc79107e174f890d7210541c4a63e8e5d816341794a2151c9d58c?s=96&d=mm&r=g\",\"contentUrl\":\"https:\/\/secure.gravatar.com\/avatar\/c1fce94c830dc79107e174f890d7210541c4a63e8e5d816341794a2151c9d58c?s=96&d=mm&r=g\",\"caption\":\"admin\"},\"sameAs\":[\"http:\/\/denizcankizil.tr\"],\"url\":\"https:\/\/www.iskenderun.org\/afet-kopeklerine-detayli-yonetmelik-kopekli-arama-timi-yonetmeligi-yayimlandi\"}]}<\/script>\n<!-- \/ Yoast SEO Premium plugin. -->","yoast_head_json":{"title":"Afet k\u00f6peklerine detayl\u0131 y\u00f6netmelik... K\u00f6pekli Arama Timi Y\u00f6netmeli\u011fi yay\u0131mland\u0131 - Av. Deniz Can K\u0131z\u0131l","robots":{"index":"index","follow":"follow","max-snippet":"max-snippet:-1","max-image-preview":"max-image-preview:large","max-video-preview":"max-video-preview:-1"},"canonical":"https:\/\/denizcankizil.tr\/uk\/haberler\/gundem\/afet-kopeklerine-detayli-yonetmelik-kopekli-arama-timi-yonetmeligi-yayimlandi\/","og_locale":"uk_UA","og_type":"article","og_title":"Afet k\u00f6peklerine detayl\u0131 y\u00f6netmelik... K\u00f6pekli Arama Timi Y\u00f6netmeli\u011fi yay\u0131mland\u0131","og_description":"\u0130\u00e7i\u015fleri Bakanl\u0131\u011f\u0131, afet ve acil durumlarda g\u00f6rev yapacak k\u00f6pekli arama timlerinin \u00e7al\u0131\u015fma ve s\u0131nav usullerini d\u00fczenleyen yeni y\u00f6netmeli\u011fi Resmi Gazete\u2019de yay\u0131mlad\u0131. Sertifikasyon ve denetim s\u00fcre\u00e7leri detayland\u0131r\u0131ld\u0131.ANKARA (\u0130GFA) &#8211; \u0130\u00e7i\u015fleri Bakanl\u0131\u011f\u0131 Afet ve Acil Durum Y\u00f6netimi Ba\u015fkanl\u0131\u011f\u0131 (AFAD), \u201cK\u00f6pekli Arama Timi \u00c7al\u0131\u015fma ve S\u0131nav Y\u00f6netmeli\u011fi\u201dni bug\u00fcnk\u00fc Resm\u00ee Gazete\u2019de yay\u0131mlad\u0131. Y\u00f6netmelik, afet veya acil durumlarda kay\u0131p ki\u015filerin bulunmas\u0131 ve kurtar\u0131lmas\u0131 i\u00e7in g\u00f6rev yapan k\u00f6pekli arama timlerinin \u00e7al\u0131\u015fma esaslar\u0131n\u0131, s\u0131nav s\u00fcre\u00e7lerini ve sertifikasyon usullerini d\u00fczenledi. Y\u00f6netmelik, afetzedelerin yerini tespit etmek i\u00e7in e\u011fitilmi\u015f g\u00f6rev k\u00f6pekleri ve k\u00f6pek idarecilerinden olu\u015fan timlerin faaliyetlerini kapsarken, timlerin koordinasyonunu, e\u011fitimini ve g\u00f6rev yeterlili\u011fini standardize edecek. K\u00f6pekli arama \u00e7al\u0131\u015fmalar\u0131, AFAD Arama ve Kurtarma Dairesi Ba\u015fkanl\u0131\u011f\u0131 koordinasyonunda il m\u00fcd\u00fcrl\u00fckleri sorumlulu\u011funda y\u00fcr\u00fct\u00fclecek. Timler, her an g\u00f6reve haz\u0131r olacak ve ara\u00e7-ekipmanlar\u0131 il m\u00fcd\u00fcrl\u00fcklerince sa\u011flanacak. K\u00f6pekli arama timleri, e\u011fitim ve g\u00f6rev yeterlilik s\u0131navlar\u0131n\u0131 ge\u00e7erek 2 y\u0131l ge\u00e7erli sertifika alacak. Sertifikas\u0131z timler g\u00f6rev yapamayacak. Y\u0131lda iki kez yap\u0131lacak s\u0131navlar, enkazda canl\u0131 arama, do\u011fada canl\u0131 arama, iz takip ve kadavra arama bran\u015flar\u0131n\u0131 kaps\u0131yor. S\u0131nav komisyonu, AFAD, Emniyet, Jandarma, MSB ve di\u011fer kurumlardan olu\u015facak. K\u00f6pekli arama timi denetim komisyonu, s\u0131navlar\u0131 denetleyecek, \u00f6nerileri de\u011ferlendirecek ve uluslararas\u0131 i\u015f birliklerini koordine edecek. \u0130\u00e7i\u015fleri Bakanl\u0131\u011f\u0131 taraf\u0131ndan y\u00fcr\u00fct\u00fclecek y\u00f6netmeli\u011fin y\u00fcr\u00fcrl\u00fc\u011fe girmesiyle 2011 tarihli eski y\u00f6netmeli\u011fi y\u00fcr\u00fcrl\u00fckten kald\u0131rd\u0131. Mevcut s\u0131nav komisyonu, yeni komisyon &hellip;","og_url":"https:\/\/denizcankizil.tr\/uk\/haberler\/gundem\/afet-kopeklerine-detayli-yonetmelik-kopekli-arama-timi-yonetmeligi-yayimlandi\/","og_site_name":"Av. Deniz Can K\u0131z\u0131l","article_published_time":"2025-05-25T11:42:24+00:00","author":"admin","twitter_card":"summary_large_image","twitter_misc":{"\u041d\u0430\u043f\u0438\u0441\u0430\u043d\u043e":"admin","\u041f\u0440\u0438\u0431\u043b. \u0447\u0430\u0441 \u0447\u0438\u0442\u0430\u043d\u043d\u044f":"3 \u0445\u0432\u0438\u043b\u0438\u043d\u0438"},"schema":{"@context":"https:\/\/schema.org","@graph":[{"@type":"Article","@id":"https:\/\/denizcankizil.tr\/de\/haberler\/gundem\/afet-kopeklerine-detayli-yonetmelik-kopekli-arama-timi-yonetmeligi-yayimlandi\/#article","isPartOf":{"@id":"https:\/\/denizcankizil.tr\/de\/haberler\/gundem\/afet-kopeklerine-detayli-yonetmelik-kopekli-arama-timi-yonetmeligi-yayimlandi\/"},"author":{"name":"admin","@id":"https:\/\/denizcankizil.tr\/de\/#\/schema\/person\/be3c05fe6a12686905512445d8185489"},"headline":"Afet k\u00f6peklerine detayl\u0131 y\u00f6netmelik&#8230; K\u00f6pekli Arama Timi Y\u00f6netmeli\u011fi yay\u0131mland\u0131","datePublished":"2025-05-25T11:42:24+00:00","mainEntityOfPage":{"@id":"https:\/\/denizcankizil.tr\/de\/haberler\/gundem\/afet-kopeklerine-detayli-yonetmelik-kopekli-arama-timi-yonetmeligi-yayimlandi\/"},"wordCount":677,"publisher":{"@id":"https:\/\/denizcankizil.tr\/de\/#organization"},"articleSection":["G\u00fcndem"],"inLanguage":"uk"},{"@type":"WebPage","@id":"https:\/\/denizcankizil.tr\/de\/haberler\/gundem\/afet-kopeklerine-detayli-yonetmelik-kopekli-arama-timi-yonetmeligi-yayimlandi\/","url":"https:\/\/denizcankizil.tr\/de\/haberler\/gundem\/afet-kopeklerine-detayli-yonetmelik-kopekli-arama-timi-yonetmeligi-yayimlandi\/","name":"Afet k\u00f6peklerine detayl\u0131 y\u00f6netmelik... K\u00f6pekli Arama Timi Y\u00f6netmeli\u011fi yay\u0131mland\u0131 - Av. Deniz Can K\u0131z\u0131l","isPartOf":{"@id":"https:\/\/denizcankizil.tr\/de\/#website"},"datePublished":"2025-05-25T11:42:24+00:00","breadcrumb":{"@id":"https:\/\/denizcankizil.tr\/de\/haberler\/gundem\/afet-kopeklerine-detayli-yonetmelik-kopekli-arama-timi-yonetmeligi-yayimlandi\/#breadcrumb"},"inLanguage":"uk","potentialAction":[{"@type":"ReadAction","target":["https:\/\/denizcankizil.tr\/de\/haberler\/gundem\/afet-kopeklerine-detayli-yonetmelik-kopekli-arama-timi-yonetmeligi-yayimlandi\/"]}]},{"@type":"BreadcrumbList","@id":"https:\/\/denizcankizil.tr\/de\/haberler\/gundem\/afet-kopeklerine-detayli-yonetmelik-kopekli-arama-timi-yonetmeligi-yayimlandi\/#breadcrumb","itemListElement":[{"@type":"ListItem","position":1,"name":"Home","item":"https:\/\/denizcankizil.tr\/de\/"},{"@type":"ListItem","position":2,"name":"Afet k\u00f6peklerine detayl\u0131 y\u00f6netmelik&#8230; K\u00f6pekli Arama Timi Y\u00f6netmeli\u011fi yay\u0131mland\u0131"}]},{"@type":"WebSite","@id":"https:\/\/denizcankizil.tr\/de\/#website","url":"https:\/\/denizcankizil.tr\/de\/","name":"Av. Deniz Can K\u0131z\u0131l","description":"Avukat Deniz Can K\u0131z\u0131l Antalya Barosu","publisher":{"@id":"https:\/\/denizcankizil.tr\/de\/#organization"},"potentialAction":[{"@type":"SearchAction","target":{"@type":"EntryPoint","urlTemplate":"https:\/\/denizcankizil.tr\/de\/?s={search_term_string}"},"query-input":{"@type":"PropertyValueSpecification","valueRequired":true,"valueName":"search_term_string"}}],"inLanguage":"uk"},{"@type":"Organization","@id":"https:\/\/denizcankizil.tr\/de\/#organization","name":"Av. Deniz Can K\u0131z\u0131l","url":"https:\/\/denizcankizil.tr\/de\/","logo":{"@type":"ImageObject","inLanguage":"uk","@id":"https:\/\/denizcankizil.tr\/de\/#\/schema\/logo\/image\/","url":"https:\/\/denizcankizil.tr\/wp-content\/uploads\/2024\/10\/siyah-logo-svg.svg","contentUrl":"https:\/\/denizcankizil.tr\/wp-content\/uploads\/2024\/10\/siyah-logo-svg.svg","width":1080,"height":1080,"caption":"Av. Deniz Can K\u0131z\u0131l"},"image":{"@id":"https:\/\/denizcankizil.tr\/de\/#\/schema\/logo\/image\/"}},{"@type":"Person","@id":"https:\/\/denizcankizil.tr\/de\/#\/schema\/person\/be3c05fe6a12686905512445d8185489","name":"\u0430\u0434\u043c\u0456\u043d","image":{"@type":"ImageObject","inLanguage":"uk","@id":"https:\/\/denizcankizil.tr\/de\/#\/schema\/person\/image\/","url":"https:\/\/secure.gravatar.com\/avatar\/c1fce94c830dc79107e174f890d7210541c4a63e8e5d816341794a2151c9d58c?s=96&d=mm&r=g","contentUrl":"https:\/\/secure.gravatar.com\/avatar\/c1fce94c830dc79107e174f890d7210541c4a63e8e5d816341794a2151c9d58c?s=96&d=mm&r=g","caption":"admin"},"sameAs":["http:\/\/denizcankizil.tr"],"url":"https:\/\/www.iskenderun.org\/afet-kopeklerine-detayli-yonetmelik-kopekli-arama-timi-yonetmeligi-yayimlandi"}]}},"_links":{"self":[{"href":"https:\/\/denizcankizil.tr\/uk\/wp-json\/wp\/v2\/posts\/96364","targetHints":{"allow":["GET"]}}],"collection":[{"href":"https:\/\/denizcankizil.tr\/uk\/wp-json\/wp\/v2\/posts"}],"about":[{"href":"https:\/\/denizcankizil.tr\/uk\/wp-json\/wp\/v2\/types\/post"}],"author":[{"embeddable":true,"href":"https:\/\/denizcankizil.tr\/uk\/wp-json\/wp\/v2\/users\/1"}],"replies":[{"embeddable":true,"href":"https:\/\/denizcankizil.tr\/uk\/wp-json\/wp\/v2\/comments?post=96364"}],"version-history":[{"count":0,"href":"https:\/\/denizcankizil.tr\/uk\/wp-json\/wp\/v2\/posts\/96364\/revisions"}],"wp:attachment":[{"href":"https:\/\/denizcankizil.tr\/uk\/wp-json\/wp\/v2\/media?parent=96364"}],"wp:term":[{"taxonomy":"category","embeddable":true,"href":"https:\/\/denizcankizil.tr\/uk\/wp-json\/wp\/v2\/categories?post=96364"},{"taxonomy":"post_tag","embeddable":true,"href":"https:\/\/denizcankizil.tr\/uk\/wp-json\/wp\/v2\/tags?post=96364"}],"curies":[{"name":"wp","href":"https:\/\/api.w.org\/{rel}","templated":true}]}}