{"id":9594,"date":"2024-10-28T20:41:32","date_gmt":"2024-10-28T17:41:32","guid":{"rendered":"https:\/\/denizcankizil.tr\/uncategorized-tr\/cumhuriyetin-101-yili-dolayisiyla-kemerde-toren-duzenlendi\/"},"modified":"2024-10-28T20:41:32","modified_gmt":"2024-10-28T17:41:32","slug":"cumhuriyetin-101-yili-dolayisiyla-kemerde-toren-duzenlendi","status":"publish","type":"post","link":"https:\/\/denizcankizil.tr\/uk\/haberler\/gundem\/cumhuriyetin-101-yili-dolayisiyla-kemerde-toren-duzenlendi\/","title":{"rendered":"Cumhuriyet\u2019in 101. y\u0131l\u0131 dolay\u0131s\u0131yla Kemer\u2019de t\u00f6ren d\u00fczenlendi."},"content":{"rendered":"<p>Kaymakam Solmaz ve Ba\u015fkan Topalo\u011flu\u2019nun Atat\u00fcrk An\u0131t\u0131\u2019na \u00e7elenk sunumuyla ba\u015flayan t\u00f6ren, sayg\u0131 duru\u015funda bulunulmas\u0131n\u0131n ard\u0131ndan \u0130stiklal Mar\u015f\u0131\u2019n\u0131n okunmas\u0131yla sona erdi.<\/p>\n<p>\u200bKaymakam Solmaz ve Ba\u015fkan Topalo\u011flu\u2019nun Atat\u00fcrk An\u0131t\u0131\u2019na \u00e7elenk sunumuyla ba\u015flayan t\u00f6ren, sayg\u0131 duru\u015funda bulunulmas\u0131n\u0131n ard\u0131ndan \u0130stiklal Mar\u015f\u0131\u2019n\u0131n okunmas\u0131yla sona erdi.\u00a0<\/p>\n<p>\u200bHaberin Al\u0131nt\u0131land\u0131\u011f\u0131 Kaynak: www.iskenderun.org<\/p>","protected":false},"excerpt":{"rendered":"<p>Kaymakam Solmaz ve Ba\u015fkan Topalo\u011flu\u2019nun Atat\u00fcrk An\u0131t\u0131\u2019na \u00e7elenk sunumuyla ba\u015flayan t\u00f6ren, sayg\u0131 duru\u015funda bulunulmas\u0131n\u0131n ard\u0131ndan \u0130stiklal Mar\u015f\u0131\u2019n\u0131n okunmas\u0131yla sona erdi. \u200bKaymakam Solmaz ve Ba\u015fkan Topalo\u011flu\u2019nun Atat\u00fcrk An\u0131t\u0131\u2019na \u00e7elenk sunumuyla ba\u015flayan t\u00f6ren, sayg\u0131 duru\u015funda bulunulmas\u0131n\u0131n ard\u0131ndan \u0130stiklal Mar\u015f\u0131\u2019n\u0131n okunmas\u0131yla sona erdi.\u00a0 \u200bHaberin Al\u0131nt\u0131land\u0131\u011f\u0131 Kaynak: www.iskenderun.org<\/p>","protected":false},"author":0,"featured_media":0,"comment_status":"open","ping_status":"open","sticky":false,"template":"","format":"standard","meta":{"_acf_changed":false,"footnotes":""},"categories":[24,535],"tags":[],"class_list":["post-9594","post","type-post","status-publish","format-standard","has-post-thumbnail","hentry","category-gundem","category-uncategorized-tr"],"acf":[],"yoast_head":"<!-- This site is optimized with the Yoast SEO Premium plugin v26.6 (Yoast SEO v27.1.1) - https:\/\/yoast.com\/product\/yoast-seo-premium-wordpress\/ -->\n<title>Cumhuriyet\u2019in 101. y\u0131l\u0131 dolay\u0131s\u0131yla Kemer\u2019de t\u00f6ren d\u00fczenlendi. - Av. Deniz Can K\u0131z\u0131l<\/title>\n<meta name=\"robots\" content=\"index, follow, max-snippet:-1, max-image-preview:large, max-video-preview:-1\" \/>\n<link rel=\"canonical\" href=\"https:\/\/denizcankizil.tr\/uk\/haberler\/gundem\/cumhuriyetin-101-yili-dolayisiyla-kemerde-toren-duzenlendi\/\" \/>\n<meta property=\"og:locale\" content=\"uk_UA\" \/>\n<meta property=\"og:type\" content=\"article\" \/>\n<meta property=\"og:title\" content=\"Cumhuriyet\u2019in 101. y\u0131l\u0131 dolay\u0131s\u0131yla Kemer\u2019de t\u00f6ren d\u00fczenlendi.\" \/>\n<meta property=\"og:description\" content=\"Kaymakam Solmaz ve Ba\u015fkan Topalo\u011flu\u2019nun Atat\u00fcrk An\u0131t\u0131\u2019na \u00e7elenk sunumuyla ba\u015flayan t\u00f6ren, sayg\u0131 duru\u015funda bulunulmas\u0131n\u0131n ard\u0131ndan \u0130stiklal Mar\u015f\u0131\u2019n\u0131n okunmas\u0131yla sona erdi. \u200bKaymakam Solmaz ve Ba\u015fkan Topalo\u011flu\u2019nun Atat\u00fcrk An\u0131t\u0131\u2019na \u00e7elenk sunumuyla ba\u015flayan t\u00f6ren, sayg\u0131 duru\u015funda bulunulmas\u0131n\u0131n ard\u0131ndan \u0130stiklal Mar\u015f\u0131\u2019n\u0131n okunmas\u0131yla sona erdi.\u00a0 \u200bHaberin Al\u0131nt\u0131land\u0131\u011f\u0131 Kaynak: www.iskenderun.org\" \/>\n<meta property=\"og:url\" content=\"https:\/\/denizcankizil.tr\/uk\/haberler\/gundem\/cumhuriyetin-101-yili-dolayisiyla-kemerde-toren-duzenlendi\/\" \/>\n<meta property=\"og:site_name\" content=\"Av. Deniz Can K\u0131z\u0131l\" \/>\n<meta property=\"article:published_time\" content=\"2024-10-28T17:41:32+00:00\" \/>\n<meta name=\"twitter:card\" content=\"summary_large_image\" \/>\n<script type=\"application\/ld+json\" class=\"yoast-schema-graph\">{\"@context\":\"https:\/\/schema.org\",\"@graph\":[{\"@type\":\"Article\",\"@id\":\"https:\/\/denizcankizil.tr\/de\/haberler\/gundem\/cumhuriyetin-101-yili-dolayisiyla-kemerde-toren-duzenlendi\/#article\",\"isPartOf\":{\"@id\":\"https:\/\/denizcankizil.tr\/de\/haberler\/gundem\/cumhuriyetin-101-yili-dolayisiyla-kemerde-toren-duzenlendi\/\"},\"author\":{\"name\":\"\",\"@id\":\"\"},\"headline\":\"Cumhuriyet\u2019in 101. y\u0131l\u0131 dolay\u0131s\u0131yla Kemer\u2019de t\u00f6ren d\u00fczenlendi.\",\"datePublished\":\"2024-10-28T17:41:32+00:00\",\"mainEntityOfPage\":{\"@id\":\"https:\/\/denizcankizil.tr\/de\/haberler\/gundem\/cumhuriyetin-101-yili-dolayisiyla-kemerde-toren-duzenlendi\/\"},\"wordCount\":91,\"commentCount\":0,\"publisher\":{\"@id\":\"https:\/\/denizcankizil.tr\/de\/#organization\"},\"articleSection\":[\"G\u00fcndem\",\"Uncategorized\"],\"inLanguage\":\"uk\",\"potentialAction\":[{\"@type\":\"CommentAction\",\"name\":\"Comment\",\"target\":[\"https:\/\/denizcankizil.tr\/de\/haberler\/gundem\/cumhuriyetin-101-yili-dolayisiyla-kemerde-toren-duzenlendi\/#respond\"]}]},{\"@type\":\"WebPage\",\"@id\":\"https:\/\/denizcankizil.tr\/de\/haberler\/gundem\/cumhuriyetin-101-yili-dolayisiyla-kemerde-toren-duzenlendi\/\",\"url\":\"https:\/\/denizcankizil.tr\/de\/haberler\/gundem\/cumhuriyetin-101-yili-dolayisiyla-kemerde-toren-duzenlendi\/\",\"name\":\"Cumhuriyet\u2019in 101. y\u0131l\u0131 dolay\u0131s\u0131yla Kemer\u2019de t\u00f6ren d\u00fczenlendi. - Av. Deniz Can K\u0131z\u0131l\",\"isPartOf\":{\"@id\":\"https:\/\/denizcankizil.tr\/de\/#website\"},\"datePublished\":\"2024-10-28T17:41:32+00:00\",\"breadcrumb\":{\"@id\":\"https:\/\/denizcankizil.tr\/de\/haberler\/gundem\/cumhuriyetin-101-yili-dolayisiyla-kemerde-toren-duzenlendi\/#breadcrumb\"},\"inLanguage\":\"uk\",\"potentialAction\":[{\"@type\":\"ReadAction\",\"target\":[\"https:\/\/denizcankizil.tr\/de\/haberler\/gundem\/cumhuriyetin-101-yili-dolayisiyla-kemerde-toren-duzenlendi\/\"]}]},{\"@type\":\"BreadcrumbList\",\"@id\":\"https:\/\/denizcankizil.tr\/de\/haberler\/gundem\/cumhuriyetin-101-yili-dolayisiyla-kemerde-toren-duzenlendi\/#breadcrumb\",\"itemListElement\":[{\"@type\":\"ListItem\",\"position\":1,\"name\":\"Home\",\"item\":\"https:\/\/denizcankizil.tr\/de\/\"},{\"@type\":\"ListItem\",\"position\":2,\"name\":\"Cumhuriyet\u2019in 101. y\u0131l\u0131 dolay\u0131s\u0131yla Kemer\u2019de t\u00f6ren d\u00fczenlendi.\"}]},{\"@type\":\"WebSite\",\"@id\":\"https:\/\/denizcankizil.tr\/de\/#website\",\"url\":\"https:\/\/denizcankizil.tr\/de\/\",\"name\":\"Av. Deniz Can K\u0131z\u0131l\",\"description\":\"Avukat Deniz Can K\u0131z\u0131l Antalya Barosu\",\"publisher\":{\"@id\":\"https:\/\/denizcankizil.tr\/de\/#organization\"},\"potentialAction\":[{\"@type\":\"SearchAction\",\"target\":{\"@type\":\"EntryPoint\",\"urlTemplate\":\"https:\/\/denizcankizil.tr\/de\/?s={search_term_string}\"},\"query-input\":{\"@type\":\"PropertyValueSpecification\",\"valueRequired\":true,\"valueName\":\"search_term_string\"}}],\"inLanguage\":\"uk\"},{\"@type\":\"Organization\",\"@id\":\"https:\/\/denizcankizil.tr\/de\/#organization\",\"name\":\"Av. Deniz Can K\u0131z\u0131l\",\"url\":\"https:\/\/denizcankizil.tr\/de\/\",\"logo\":{\"@type\":\"ImageObject\",\"inLanguage\":\"uk\",\"@id\":\"https:\/\/denizcankizil.tr\/de\/#\/schema\/logo\/image\/\",\"url\":\"https:\/\/denizcankizil.tr\/wp-content\/uploads\/2024\/10\/siyah-logo-svg.svg\",\"contentUrl\":\"https:\/\/denizcankizil.tr\/wp-content\/uploads\/2024\/10\/siyah-logo-svg.svg\",\"width\":1080,\"height\":1080,\"caption\":\"Av. Deniz Can K\u0131z\u0131l\"},\"image\":{\"@id\":\"https:\/\/denizcankizil.tr\/de\/#\/schema\/logo\/image\/\"}}]}<\/script>\n<!-- \/ Yoast SEO Premium plugin. -->","yoast_head_json":{"title":"Cumhuriyet\u2019in 101. y\u0131l\u0131 dolay\u0131s\u0131yla Kemer\u2019de t\u00f6ren d\u00fczenlendi. - Av. Deniz Can K\u0131z\u0131l","robots":{"index":"index","follow":"follow","max-snippet":"max-snippet:-1","max-image-preview":"max-image-preview:large","max-video-preview":"max-video-preview:-1"},"canonical":"https:\/\/denizcankizil.tr\/uk\/haberler\/gundem\/cumhuriyetin-101-yili-dolayisiyla-kemerde-toren-duzenlendi\/","og_locale":"uk_UA","og_type":"article","og_title":"Cumhuriyet\u2019in 101. y\u0131l\u0131 dolay\u0131s\u0131yla Kemer\u2019de t\u00f6ren d\u00fczenlendi.","og_description":"Kaymakam Solmaz ve Ba\u015fkan Topalo\u011flu\u2019nun Atat\u00fcrk An\u0131t\u0131\u2019na \u00e7elenk sunumuyla ba\u015flayan t\u00f6ren, sayg\u0131 duru\u015funda bulunulmas\u0131n\u0131n ard\u0131ndan \u0130stiklal Mar\u015f\u0131\u2019n\u0131n okunmas\u0131yla sona erdi. \u200bKaymakam Solmaz ve Ba\u015fkan Topalo\u011flu\u2019nun Atat\u00fcrk An\u0131t\u0131\u2019na \u00e7elenk sunumuyla ba\u015flayan t\u00f6ren, sayg\u0131 duru\u015funda bulunulmas\u0131n\u0131n ard\u0131ndan \u0130stiklal Mar\u015f\u0131\u2019n\u0131n okunmas\u0131yla sona erdi.\u00a0 \u200bHaberin Al\u0131nt\u0131land\u0131\u011f\u0131 Kaynak: www.iskenderun.org","og_url":"https:\/\/denizcankizil.tr\/uk\/haberler\/gundem\/cumhuriyetin-101-yili-dolayisiyla-kemerde-toren-duzenlendi\/","og_site_name":"Av. Deniz Can K\u0131z\u0131l","article_published_time":"2024-10-28T17:41:32+00:00","twitter_card":"summary_large_image","schema":{"@context":"https:\/\/schema.org","@graph":[{"@type":"Article","@id":"https:\/\/denizcankizil.tr\/de\/haberler\/gundem\/cumhuriyetin-101-yili-dolayisiyla-kemerde-toren-duzenlendi\/#article","isPartOf":{"@id":"https:\/\/denizcankizil.tr\/de\/haberler\/gundem\/cumhuriyetin-101-yili-dolayisiyla-kemerde-toren-duzenlendi\/"},"author":{"name":"","@id":""},"headline":"Cumhuriyet\u2019in 101. y\u0131l\u0131 dolay\u0131s\u0131yla Kemer\u2019de t\u00f6ren d\u00fczenlendi.","datePublished":"2024-10-28T17:41:32+00:00","mainEntityOfPage":{"@id":"https:\/\/denizcankizil.tr\/de\/haberler\/gundem\/cumhuriyetin-101-yili-dolayisiyla-kemerde-toren-duzenlendi\/"},"wordCount":91,"commentCount":0,"publisher":{"@id":"https:\/\/denizcankizil.tr\/de\/#organization"},"articleSection":["G\u00fcndem","Uncategorized"],"inLanguage":"uk","potentialAction":[{"@type":"CommentAction","name":"Comment","target":["https:\/\/denizcankizil.tr\/de\/haberler\/gundem\/cumhuriyetin-101-yili-dolayisiyla-kemerde-toren-duzenlendi\/#respond"]}]},{"@type":"WebPage","@id":"https:\/\/denizcankizil.tr\/de\/haberler\/gundem\/cumhuriyetin-101-yili-dolayisiyla-kemerde-toren-duzenlendi\/","url":"https:\/\/denizcankizil.tr\/de\/haberler\/gundem\/cumhuriyetin-101-yili-dolayisiyla-kemerde-toren-duzenlendi\/","name":"Cumhuriyet\u2019in 101. y\u0131l\u0131 dolay\u0131s\u0131yla Kemer\u2019de t\u00f6ren d\u00fczenlendi. - Av. Deniz Can K\u0131z\u0131l","isPartOf":{"@id":"https:\/\/denizcankizil.tr\/de\/#website"},"datePublished":"2024-10-28T17:41:32+00:00","breadcrumb":{"@id":"https:\/\/denizcankizil.tr\/de\/haberler\/gundem\/cumhuriyetin-101-yili-dolayisiyla-kemerde-toren-duzenlendi\/#breadcrumb"},"inLanguage":"uk","potentialAction":[{"@type":"ReadAction","target":["https:\/\/denizcankizil.tr\/de\/haberler\/gundem\/cumhuriyetin-101-yili-dolayisiyla-kemerde-toren-duzenlendi\/"]}]},{"@type":"BreadcrumbList","@id":"https:\/\/denizcankizil.tr\/de\/haberler\/gundem\/cumhuriyetin-101-yili-dolayisiyla-kemerde-toren-duzenlendi\/#breadcrumb","itemListElement":[{"@type":"ListItem","position":1,"name":"Home","item":"https:\/\/denizcankizil.tr\/de\/"},{"@type":"ListItem","position":2,"name":"Cumhuriyet\u2019in 101. y\u0131l\u0131 dolay\u0131s\u0131yla Kemer\u2019de t\u00f6ren d\u00fczenlendi."}]},{"@type":"WebSite","@id":"https:\/\/denizcankizil.tr\/de\/#website","url":"https:\/\/denizcankizil.tr\/de\/","name":"Av. Deniz Can K\u0131z\u0131l","description":"Avukat Deniz Can K\u0131z\u0131l Antalya Barosu","publisher":{"@id":"https:\/\/denizcankizil.tr\/de\/#organization"},"potentialAction":[{"@type":"SearchAction","target":{"@type":"EntryPoint","urlTemplate":"https:\/\/denizcankizil.tr\/de\/?s={search_term_string}"},"query-input":{"@type":"PropertyValueSpecification","valueRequired":true,"valueName":"search_term_string"}}],"inLanguage":"uk"},{"@type":"Organization","@id":"https:\/\/denizcankizil.tr\/de\/#organization","name":"Av. Deniz Can K\u0131z\u0131l","url":"https:\/\/denizcankizil.tr\/de\/","logo":{"@type":"ImageObject","inLanguage":"uk","@id":"https:\/\/denizcankizil.tr\/de\/#\/schema\/logo\/image\/","url":"https:\/\/denizcankizil.tr\/wp-content\/uploads\/2024\/10\/siyah-logo-svg.svg","contentUrl":"https:\/\/denizcankizil.tr\/wp-content\/uploads\/2024\/10\/siyah-logo-svg.svg","width":1080,"height":1080,"caption":"Av. Deniz Can K\u0131z\u0131l"},"image":{"@id":"https:\/\/denizcankizil.tr\/de\/#\/schema\/logo\/image\/"}}]}},"_links":{"self":[{"href":"https:\/\/denizcankizil.tr\/uk\/wp-json\/wp\/v2\/posts\/9594","targetHints":{"allow":["GET"]}}],"collection":[{"href":"https:\/\/denizcankizil.tr\/uk\/wp-json\/wp\/v2\/posts"}],"about":[{"href":"https:\/\/denizcankizil.tr\/uk\/wp-json\/wp\/v2\/types\/post"}],"replies":[{"embeddable":true,"href":"https:\/\/denizcankizil.tr\/uk\/wp-json\/wp\/v2\/comments?post=9594"}],"version-history":[{"count":0,"href":"https:\/\/denizcankizil.tr\/uk\/wp-json\/wp\/v2\/posts\/9594\/revisions"}],"wp:attachment":[{"href":"https:\/\/denizcankizil.tr\/uk\/wp-json\/wp\/v2\/media?parent=9594"}],"wp:term":[{"taxonomy":"category","embeddable":true,"href":"https:\/\/denizcankizil.tr\/uk\/wp-json\/wp\/v2\/categories?post=9594"},{"taxonomy":"post_tag","embeddable":true,"href":"https:\/\/denizcankizil.tr\/uk\/wp-json\/wp\/v2\/tags?post=9594"}],"curies":[{"name":"wp","href":"https:\/\/api.w.org\/{rel}","templated":true}]}}