{"id":95555,"date":"2025-05-24T16:41:14","date_gmt":"2025-05-24T13:41:14","guid":{"rendered":"https:\/\/denizcankizil.tr\/uncategorized-tr\/baskan-kotandan-cocuklara-sertifika\/"},"modified":"2025-05-24T16:41:14","modified_gmt":"2025-05-24T13:41:14","slug":"baskan-kotandan-cocuklara-sertifika","status":"publish","type":"post","link":"https:\/\/denizcankizil.tr\/uk\/haberler\/antalya\/baskan-kotandan-cocuklara-sertifika\/","title":{"rendered":"Ba\u015fkan Kotan&#8217;dan, \u00e7ocuklara sertifika"},"content":{"rendered":"<p>Konyaalt\u0131 Belediyesi, il\u00e7edeki t\u00fcm vatanda\u015flar\u0131 d\u00f6rt mevsim boyunca sporla bulu\u015fturmaya devam ediyor. Bu kapsamda d\u00fczenlenen K\u0131\u015f Spor Okullar\u0131&#8217;n\u0131n 2&#8217;nci d\u00f6nemi ger\u00e7ekle\u015fen sertifika t\u00f6reniyle tamamland\u0131. Kurslar\u0131 ba\u015far\u0131yla tamamlayan \u00e7ocuklara sertifikalar\u0131n\u0131, Konyaalt\u0131 Belediye Ba\u015fkan\u0131 Cem Kotan verdi. Ayr\u0131ca, Konyaalt\u0131 Belediyesi Toros Spor Tesisleri&#8217;nde ger\u00e7ekle\u015fen t\u00f6renden \u00f6nce, \u00e7ocuklar i\u00e7in \u00f6zel haz\u0131rlanan alanda etkinlikler de d\u00fczenlendi. \u00d6te yandan \u00e7ocuklar\u0131na destek olmak i\u00e7in t\u00f6rene kat\u0131lan aileler, kurslar i\u00e7in Ba\u015fkan Kotan&#8217;a ve t\u00fcm eme\u011fi ge\u00e7enlere te\u015fekk\u00fcr etti.<\/p>\n<p>Ba\u015fkan Kotan: &#8220;Sizler bizim gelece\u011fimizsiniz&#8221;<br \/>\nGer\u00e7ekle\u015fen sertifika t\u00f6reninde konu\u015fan Kotan, &#8220;Aylarca kurslar\u0131m\u0131za ba\u015far\u0131yla kat\u0131lan \u00e7ocuklar\u0131m\u0131z\u0131 ve onlara destek olan ailelerini tebrik ediyorum. \u00c7ocuklar\u0131m\u0131z i\u00e7in t\u00fcm gayretimizle \u00e7al\u0131\u015fmaya devam ediyoruz&#8221; dedi. Ekonomik bask\u0131lara ve kesintilere ra\u011fmen il\u00e7eyi k\u00fclt\u00fcr, sanat ve spor etkinlikleriyle bulu\u015fturduklar\u0131n\u0131 aktaran Kotan, &#8220;\u00c7ocuklar, sizler bizim gelece\u011fimizsiniz. Sizlerin ba\u015far\u0131l\u0131 olmas\u0131n\u0131 istiyoruz. Mustafa Kemal Atat\u00fcrk&#8217;\u00fcn yolunda ve ilkelerinin izinde gitmeye devam edece\u011fiz. Yolunuz da baht\u0131n\u0131z da a\u00e7\u0131k olsun&#8221; \u015feklinde konu\u015ftu.<\/p>\n<p>\u00c7ocuklardan Ba\u015fkan Kotan&#8217;a te\u015fekk\u00fcr mektubu<br \/>\nKurslara judo bran\u015f\u0131nda kat\u0131lan ve ba\u015far\u0131yla tamamlayan Cesur \u0130nan Olcay, t\u00fcm \u00f6\u011frenciler ad\u0131na bir te\u015fekk\u00fcr mektubu okudu. Minik cesur, okudu\u011fu mektubunda \u015fu ifadeleri dile getirdi:<br \/>\n&#8220;Burada \u00e7ok \u015fey \u00f6\u011frendik. En \u00e7ok da yeni arkada\u015flar edinmeyi sevdim. Bu kurslarda bizleri bir araya getirdi\u011finiz i\u00e7in Ba\u015fkan\u0131m\u0131za ve \u00f6\u011fretmenlerimize t\u00fcm arkada\u015flar\u0131m ad\u0131na \u00e7ok te\u015fekk\u00fcr ederim. Ba\u015fkan\u0131m, bizlerin daha \u00e7ok arkada\u015f\u0131 olmas\u0131 i\u00e7in b\u00fct\u00fcn kurslar\u0131m\u0131z\u0131n devam etmesini istiyoruz.&#8221;<br \/>\nCesur&#8217;un okudu\u011fu mektubun ard\u0131ndan Ba\u015fkan Kotan da \u00e7ocuklar\u0131 k\u0131rmayarak, kurslar\u0131n artarak devam edece\u011finin m\u00fcjdesini verdi.<\/p>\n<p>Kaynak: www.kanalv.com.tr Haber Sitesinden Al\u0131nm\u0131\u015ft\u0131r.<\/p>","protected":false},"excerpt":{"rendered":"<p>Konyaalt\u0131 Belediyesi, il\u00e7edeki t\u00fcm vatanda\u015flar\u0131 d\u00f6rt mevsim boyunca sporla bulu\u015fturmaya devam ediyor. Bu kapsamda d\u00fczenlenen K\u0131\u015f Spor Okullar\u0131&#8217;n\u0131n 2&#8217;nci d\u00f6nemi ger\u00e7ekle\u015fen sertifika t\u00f6reniyle tamamland\u0131. Kurslar\u0131 ba\u015far\u0131yla tamamlayan \u00e7ocuklara sertifikalar\u0131n\u0131, Konyaalt\u0131 Belediye Ba\u015fkan\u0131 Cem Kotan verdi. Ayr\u0131ca, Konyaalt\u0131 Belediyesi Toros Spor Tesisleri&#8217;nde ger\u00e7ekle\u015fen t\u00f6renden \u00f6nce, \u00e7ocuklar i\u00e7in \u00f6zel haz\u0131rlanan alanda etkinlikler de d\u00fczenlendi. \u00d6te yandan \u00e7ocuklar\u0131na destek olmak i\u00e7in t\u00f6rene kat\u0131lan aileler, kurslar i\u00e7in Ba\u015fkan Kotan&#8217;a ve t\u00fcm eme\u011fi ge\u00e7enlere te\u015fekk\u00fcr etti. Ba\u015fkan Kotan: &#8220;Sizler bizim gelece\u011fimizsiniz&#8221; Ger\u00e7ekle\u015fen sertifika t\u00f6reninde konu\u015fan Kotan, &#8220;Aylarca kurslar\u0131m\u0131za ba\u015far\u0131yla kat\u0131lan \u00e7ocuklar\u0131m\u0131z\u0131 ve onlara destek olan ailelerini tebrik ediyorum. \u00c7ocuklar\u0131m\u0131z i\u00e7in t\u00fcm gayretimizle \u00e7al\u0131\u015fmaya devam ediyoruz&#8221; dedi. Ekonomik bask\u0131lara ve kesintilere ra\u011fmen il\u00e7eyi k\u00fclt\u00fcr, sanat ve spor etkinlikleriyle bulu\u015fturduklar\u0131n\u0131 aktaran Kotan, &#8220;\u00c7ocuklar, sizler bizim gelece\u011fimizsiniz. Sizlerin ba\u015far\u0131l\u0131 olmas\u0131n\u0131 istiyoruz. Mustafa Kemal Atat\u00fcrk&#8217;\u00fcn yolunda ve ilkelerinin izinde gitmeye devam edece\u011fiz. Yolunuz da baht\u0131n\u0131z da a\u00e7\u0131k olsun&#8221; \u015feklinde konu\u015ftu. \u00c7ocuklardan Ba\u015fkan Kotan&#8217;a te\u015fekk\u00fcr mektubu Kurslara judo bran\u015f\u0131nda kat\u0131lan ve ba\u015far\u0131yla tamamlayan Cesur \u0130nan Olcay, t\u00fcm \u00f6\u011frenciler ad\u0131na bir te\u015fekk\u00fcr mektubu okudu. Minik cesur, okudu\u011fu mektubunda \u015fu ifadeleri dile getirdi: &#8220;Burada \u00e7ok \u015fey \u00f6\u011frendik. En \u00e7ok da yeni arkada\u015flar edinmeyi sevdim. Bu kurslarda bizleri bir araya getirdi\u011finiz i\u00e7in Ba\u015fkan\u0131m\u0131za ve \u00f6\u011fretmenlerimize t\u00fcm arkada\u015flar\u0131m ad\u0131na \u00e7ok te\u015fekk\u00fcr ederim. Ba\u015fkan\u0131m, bizlerin &hellip;<\/p>","protected":false},"author":4,"featured_media":0,"comment_status":"","ping_status":"open","sticky":false,"template":"","format":"standard","meta":{"_acf_changed":false,"footnotes":""},"categories":[26],"tags":[],"class_list":["post-95555","post","type-post","status-publish","format-standard","hentry","category-antalya"],"acf":[],"yoast_head":"<!-- This site is optimized with the Yoast SEO Premium plugin v26.6 (Yoast SEO v27.1.1) - https:\/\/yoast.com\/product\/yoast-seo-premium-wordpress\/ -->\n<title>Ba\u015fkan Kotan&#039;dan, \u00e7ocuklara sertifika - Av. Deniz Can K\u0131z\u0131l<\/title>\n<meta name=\"robots\" content=\"index, follow, max-snippet:-1, max-image-preview:large, max-video-preview:-1\" \/>\n<link rel=\"canonical\" href=\"https:\/\/denizcankizil.tr\/uk\/haberler\/antalya\/baskan-kotandan-cocuklara-sertifika\/\" \/>\n<meta property=\"og:locale\" content=\"uk_UA\" \/>\n<meta property=\"og:type\" content=\"article\" \/>\n<meta property=\"og:title\" content=\"Ba\u015fkan Kotan&#039;dan, \u00e7ocuklara sertifika\" \/>\n<meta property=\"og:description\" content=\"Konyaalt\u0131 Belediyesi, il\u00e7edeki t\u00fcm vatanda\u015flar\u0131 d\u00f6rt mevsim boyunca sporla bulu\u015fturmaya devam ediyor. Bu kapsamda d\u00fczenlenen K\u0131\u015f Spor Okullar\u0131&#8217;n\u0131n 2&#8217;nci d\u00f6nemi ger\u00e7ekle\u015fen sertifika t\u00f6reniyle tamamland\u0131. Kurslar\u0131 ba\u015far\u0131yla tamamlayan \u00e7ocuklara sertifikalar\u0131n\u0131, Konyaalt\u0131 Belediye Ba\u015fkan\u0131 Cem Kotan verdi. Ayr\u0131ca, Konyaalt\u0131 Belediyesi Toros Spor Tesisleri&#8217;nde ger\u00e7ekle\u015fen t\u00f6renden \u00f6nce, \u00e7ocuklar i\u00e7in \u00f6zel haz\u0131rlanan alanda etkinlikler de d\u00fczenlendi. \u00d6te yandan \u00e7ocuklar\u0131na destek olmak i\u00e7in t\u00f6rene kat\u0131lan aileler, kurslar i\u00e7in Ba\u015fkan Kotan&#8217;a ve t\u00fcm eme\u011fi ge\u00e7enlere te\u015fekk\u00fcr etti. Ba\u015fkan Kotan: &#8220;Sizler bizim gelece\u011fimizsiniz&#8221; Ger\u00e7ekle\u015fen sertifika t\u00f6reninde konu\u015fan Kotan, &#8220;Aylarca kurslar\u0131m\u0131za ba\u015far\u0131yla kat\u0131lan \u00e7ocuklar\u0131m\u0131z\u0131 ve onlara destek olan ailelerini tebrik ediyorum. \u00c7ocuklar\u0131m\u0131z i\u00e7in t\u00fcm gayretimizle \u00e7al\u0131\u015fmaya devam ediyoruz&#8221; dedi. Ekonomik bask\u0131lara ve kesintilere ra\u011fmen il\u00e7eyi k\u00fclt\u00fcr, sanat ve spor etkinlikleriyle bulu\u015fturduklar\u0131n\u0131 aktaran Kotan, &#8220;\u00c7ocuklar, sizler bizim gelece\u011fimizsiniz. Sizlerin ba\u015far\u0131l\u0131 olmas\u0131n\u0131 istiyoruz. Mustafa Kemal Atat\u00fcrk&#8217;\u00fcn yolunda ve ilkelerinin izinde gitmeye devam edece\u011fiz. Yolunuz da baht\u0131n\u0131z da a\u00e7\u0131k olsun&#8221; \u015feklinde konu\u015ftu. \u00c7ocuklardan Ba\u015fkan Kotan&#8217;a te\u015fekk\u00fcr mektubu Kurslara judo bran\u015f\u0131nda kat\u0131lan ve ba\u015far\u0131yla tamamlayan Cesur \u0130nan Olcay, t\u00fcm \u00f6\u011frenciler ad\u0131na bir te\u015fekk\u00fcr mektubu okudu. Minik cesur, okudu\u011fu mektubunda \u015fu ifadeleri dile getirdi: &#8220;Burada \u00e7ok \u015fey \u00f6\u011frendik. En \u00e7ok da yeni arkada\u015flar edinmeyi sevdim. Bu kurslarda bizleri bir araya getirdi\u011finiz i\u00e7in Ba\u015fkan\u0131m\u0131za ve \u00f6\u011fretmenlerimize t\u00fcm arkada\u015flar\u0131m ad\u0131na \u00e7ok te\u015fekk\u00fcr ederim. Ba\u015fkan\u0131m, bizlerin &hellip;\" \/>\n<meta property=\"og:url\" content=\"https:\/\/denizcankizil.tr\/uk\/haberler\/antalya\/baskan-kotandan-cocuklara-sertifika\/\" \/>\n<meta property=\"og:site_name\" content=\"Av. Deniz Can K\u0131z\u0131l\" \/>\n<meta property=\"article:published_time\" content=\"2025-05-24T13:41:14+00:00\" \/>\n<meta name=\"author\" content=\"Av. Deniz Can K\u0131z\u0131l\" \/>\n<meta name=\"twitter:card\" content=\"summary_large_image\" \/>\n<meta name=\"twitter:label1\" content=\"\u041d\u0430\u043f\u0438\u0441\u0430\u043d\u043e\" \/>\n\t<meta name=\"twitter:data1\" content=\"Av. Deniz Can K\u0131z\u0131l\" \/>\n\t<meta name=\"twitter:label2\" content=\"\u041f\u0440\u0438\u0431\u043b. \u0447\u0430\u0441 \u0447\u0438\u0442\u0430\u043d\u043d\u044f\" \/>\n\t<meta name=\"twitter:data2\" content=\"2 \u0445\u0432\u0438\u043b\u0438\u043d\u0438\" \/>\n<script type=\"application\/ld+json\" class=\"yoast-schema-graph\">{\"@context\":\"https:\/\/schema.org\",\"@graph\":[{\"@type\":\"Article\",\"@id\":\"https:\/\/denizcankizil.tr\/en\/haberler\/antalya\/baskan-kotandan-cocuklara-sertifika\/#article\",\"isPartOf\":{\"@id\":\"https:\/\/denizcankizil.tr\/en\/haberler\/antalya\/baskan-kotandan-cocuklara-sertifika\/\"},\"author\":{\"name\":\"Av. Deniz Can K\u0131z\u0131l\",\"@id\":\"https:\/\/denizcankizil.tr\/de\/#\/schema\/person\/5dc1b22991bd7ac833867c10afc9b0ff\"},\"headline\":\"Ba\u015fkan Kotan&#8217;dan, \u00e7ocuklara sertifika\",\"datePublished\":\"2025-05-24T13:41:14+00:00\",\"mainEntityOfPage\":{\"@id\":\"https:\/\/denizcankizil.tr\/en\/haberler\/antalya\/baskan-kotandan-cocuklara-sertifika\/\"},\"wordCount\":355,\"publisher\":{\"@id\":\"https:\/\/denizcankizil.tr\/de\/#organization\"},\"articleSection\":[\"Antalya\"],\"inLanguage\":\"uk\"},{\"@type\":\"WebPage\",\"@id\":\"https:\/\/denizcankizil.tr\/en\/haberler\/antalya\/baskan-kotandan-cocuklara-sertifika\/\",\"url\":\"https:\/\/denizcankizil.tr\/en\/haberler\/antalya\/baskan-kotandan-cocuklara-sertifika\/\",\"name\":\"Ba\u015fkan Kotan'dan, \u00e7ocuklara sertifika - Av. Deniz Can K\u0131z\u0131l\",\"isPartOf\":{\"@id\":\"https:\/\/denizcankizil.tr\/de\/#website\"},\"datePublished\":\"2025-05-24T13:41:14+00:00\",\"breadcrumb\":{\"@id\":\"https:\/\/denizcankizil.tr\/en\/haberler\/antalya\/baskan-kotandan-cocuklara-sertifika\/#breadcrumb\"},\"inLanguage\":\"uk\",\"potentialAction\":[{\"@type\":\"ReadAction\",\"target\":[\"https:\/\/denizcankizil.tr\/en\/haberler\/antalya\/baskan-kotandan-cocuklara-sertifika\/\"]}]},{\"@type\":\"BreadcrumbList\",\"@id\":\"https:\/\/denizcankizil.tr\/en\/haberler\/antalya\/baskan-kotandan-cocuklara-sertifika\/#breadcrumb\",\"itemListElement\":[{\"@type\":\"ListItem\",\"position\":1,\"name\":\"Home\",\"item\":\"https:\/\/denizcankizil.tr\/de\/\"},{\"@type\":\"ListItem\",\"position\":2,\"name\":\"Ba\u015fkan Kotan&#8217;dan, \u00e7ocuklara sertifika\"}]},{\"@type\":\"WebSite\",\"@id\":\"https:\/\/denizcankizil.tr\/de\/#website\",\"url\":\"https:\/\/denizcankizil.tr\/de\/\",\"name\":\"Av. Deniz Can K\u0131z\u0131l\",\"description\":\"Avukat Deniz Can K\u0131z\u0131l Antalya Barosu\",\"publisher\":{\"@id\":\"https:\/\/denizcankizil.tr\/de\/#organization\"},\"potentialAction\":[{\"@type\":\"SearchAction\",\"target\":{\"@type\":\"EntryPoint\",\"urlTemplate\":\"https:\/\/denizcankizil.tr\/de\/?s={search_term_string}\"},\"query-input\":{\"@type\":\"PropertyValueSpecification\",\"valueRequired\":true,\"valueName\":\"search_term_string\"}}],\"inLanguage\":\"uk\"},{\"@type\":\"Organization\",\"@id\":\"https:\/\/denizcankizil.tr\/de\/#organization\",\"name\":\"Av. Deniz Can K\u0131z\u0131l\",\"url\":\"https:\/\/denizcankizil.tr\/de\/\",\"logo\":{\"@type\":\"ImageObject\",\"inLanguage\":\"uk\",\"@id\":\"https:\/\/denizcankizil.tr\/de\/#\/schema\/logo\/image\/\",\"url\":\"https:\/\/denizcankizil.tr\/wp-content\/uploads\/2024\/10\/siyah-logo-svg.svg\",\"contentUrl\":\"https:\/\/denizcankizil.tr\/wp-content\/uploads\/2024\/10\/siyah-logo-svg.svg\",\"width\":1080,\"height\":1080,\"caption\":\"Av. Deniz Can K\u0131z\u0131l\"},\"image\":{\"@id\":\"https:\/\/denizcankizil.tr\/de\/#\/schema\/logo\/image\/\"}},{\"@type\":\"Person\",\"@id\":\"https:\/\/denizcankizil.tr\/de\/#\/schema\/person\/5dc1b22991bd7ac833867c10afc9b0ff\",\"name\":\"Av. Deniz Can K\u0131z\u0131l\",\"image\":{\"@type\":\"ImageObject\",\"inLanguage\":\"uk\",\"@id\":\"https:\/\/denizcankizil.tr\/de\/#\/schema\/person\/image\/\",\"url\":\"https:\/\/secure.gravatar.com\/avatar\/a0b128fb9855c79efc976d5640eedb31dc35ec297594d6016d2cf7c60e975bb6?s=96&d=mm&r=g\",\"contentUrl\":\"https:\/\/secure.gravatar.com\/avatar\/a0b128fb9855c79efc976d5640eedb31dc35ec297594d6016d2cf7c60e975bb6?s=96&d=mm&r=g\",\"caption\":\"Av. Deniz Can K\u0131z\u0131l\"},\"sameAs\":[\"http:\/\/www.denizcankizil.tr\"],\"url\":\"https:\/\/denizcankizil.tr\/uk\/author\/denizcankizil\/\"}]}<\/script>\n<!-- \/ Yoast SEO Premium plugin. -->","yoast_head_json":{"title":"Ba\u015fkan Kotan'dan, \u00e7ocuklara sertifika - Av. Deniz Can K\u0131z\u0131l","robots":{"index":"index","follow":"follow","max-snippet":"max-snippet:-1","max-image-preview":"max-image-preview:large","max-video-preview":"max-video-preview:-1"},"canonical":"https:\/\/denizcankizil.tr\/uk\/haberler\/antalya\/baskan-kotandan-cocuklara-sertifika\/","og_locale":"uk_UA","og_type":"article","og_title":"Ba\u015fkan Kotan'dan, \u00e7ocuklara sertifika","og_description":"Konyaalt\u0131 Belediyesi, il\u00e7edeki t\u00fcm vatanda\u015flar\u0131 d\u00f6rt mevsim boyunca sporla bulu\u015fturmaya devam ediyor. Bu kapsamda d\u00fczenlenen K\u0131\u015f Spor Okullar\u0131&#8217;n\u0131n 2&#8217;nci d\u00f6nemi ger\u00e7ekle\u015fen sertifika t\u00f6reniyle tamamland\u0131. Kurslar\u0131 ba\u015far\u0131yla tamamlayan \u00e7ocuklara sertifikalar\u0131n\u0131, Konyaalt\u0131 Belediye Ba\u015fkan\u0131 Cem Kotan verdi. Ayr\u0131ca, Konyaalt\u0131 Belediyesi Toros Spor Tesisleri&#8217;nde ger\u00e7ekle\u015fen t\u00f6renden \u00f6nce, \u00e7ocuklar i\u00e7in \u00f6zel haz\u0131rlanan alanda etkinlikler de d\u00fczenlendi. \u00d6te yandan \u00e7ocuklar\u0131na destek olmak i\u00e7in t\u00f6rene kat\u0131lan aileler, kurslar i\u00e7in Ba\u015fkan Kotan&#8217;a ve t\u00fcm eme\u011fi ge\u00e7enlere te\u015fekk\u00fcr etti. Ba\u015fkan Kotan: &#8220;Sizler bizim gelece\u011fimizsiniz&#8221; Ger\u00e7ekle\u015fen sertifika t\u00f6reninde konu\u015fan Kotan, &#8220;Aylarca kurslar\u0131m\u0131za ba\u015far\u0131yla kat\u0131lan \u00e7ocuklar\u0131m\u0131z\u0131 ve onlara destek olan ailelerini tebrik ediyorum. \u00c7ocuklar\u0131m\u0131z i\u00e7in t\u00fcm gayretimizle \u00e7al\u0131\u015fmaya devam ediyoruz&#8221; dedi. Ekonomik bask\u0131lara ve kesintilere ra\u011fmen il\u00e7eyi k\u00fclt\u00fcr, sanat ve spor etkinlikleriyle bulu\u015fturduklar\u0131n\u0131 aktaran Kotan, &#8220;\u00c7ocuklar, sizler bizim gelece\u011fimizsiniz. Sizlerin ba\u015far\u0131l\u0131 olmas\u0131n\u0131 istiyoruz. Mustafa Kemal Atat\u00fcrk&#8217;\u00fcn yolunda ve ilkelerinin izinde gitmeye devam edece\u011fiz. Yolunuz da baht\u0131n\u0131z da a\u00e7\u0131k olsun&#8221; \u015feklinde konu\u015ftu. \u00c7ocuklardan Ba\u015fkan Kotan&#8217;a te\u015fekk\u00fcr mektubu Kurslara judo bran\u015f\u0131nda kat\u0131lan ve ba\u015far\u0131yla tamamlayan Cesur \u0130nan Olcay, t\u00fcm \u00f6\u011frenciler ad\u0131na bir te\u015fekk\u00fcr mektubu okudu. Minik cesur, okudu\u011fu mektubunda \u015fu ifadeleri dile getirdi: &#8220;Burada \u00e7ok \u015fey \u00f6\u011frendik. En \u00e7ok da yeni arkada\u015flar edinmeyi sevdim. Bu kurslarda bizleri bir araya getirdi\u011finiz i\u00e7in Ba\u015fkan\u0131m\u0131za ve \u00f6\u011fretmenlerimize t\u00fcm arkada\u015flar\u0131m ad\u0131na \u00e7ok te\u015fekk\u00fcr ederim. Ba\u015fkan\u0131m, bizlerin &hellip;","og_url":"https:\/\/denizcankizil.tr\/uk\/haberler\/antalya\/baskan-kotandan-cocuklara-sertifika\/","og_site_name":"Av. Deniz Can K\u0131z\u0131l","article_published_time":"2025-05-24T13:41:14+00:00","author":"Av. Deniz Can K\u0131z\u0131l","twitter_card":"summary_large_image","twitter_misc":{"\u041d\u0430\u043f\u0438\u0441\u0430\u043d\u043e":"Av. Deniz Can K\u0131z\u0131l","\u041f\u0440\u0438\u0431\u043b. \u0447\u0430\u0441 \u0447\u0438\u0442\u0430\u043d\u043d\u044f":"2 \u0445\u0432\u0438\u043b\u0438\u043d\u0438"},"schema":{"@context":"https:\/\/schema.org","@graph":[{"@type":"Article","@id":"https:\/\/denizcankizil.tr\/en\/haberler\/antalya\/baskan-kotandan-cocuklara-sertifika\/#article","isPartOf":{"@id":"https:\/\/denizcankizil.tr\/en\/haberler\/antalya\/baskan-kotandan-cocuklara-sertifika\/"},"author":{"name":"Av. Deniz Can K\u0131z\u0131l","@id":"https:\/\/denizcankizil.tr\/de\/#\/schema\/person\/5dc1b22991bd7ac833867c10afc9b0ff"},"headline":"Ba\u015fkan Kotan&#8217;dan, \u00e7ocuklara sertifika","datePublished":"2025-05-24T13:41:14+00:00","mainEntityOfPage":{"@id":"https:\/\/denizcankizil.tr\/en\/haberler\/antalya\/baskan-kotandan-cocuklara-sertifika\/"},"wordCount":355,"publisher":{"@id":"https:\/\/denizcankizil.tr\/de\/#organization"},"articleSection":["Antalya"],"inLanguage":"uk"},{"@type":"WebPage","@id":"https:\/\/denizcankizil.tr\/en\/haberler\/antalya\/baskan-kotandan-cocuklara-sertifika\/","url":"https:\/\/denizcankizil.tr\/en\/haberler\/antalya\/baskan-kotandan-cocuklara-sertifika\/","name":"Ba\u015fkan Kotan'dan, \u00e7ocuklara sertifika - Av. Deniz Can K\u0131z\u0131l","isPartOf":{"@id":"https:\/\/denizcankizil.tr\/de\/#website"},"datePublished":"2025-05-24T13:41:14+00:00","breadcrumb":{"@id":"https:\/\/denizcankizil.tr\/en\/haberler\/antalya\/baskan-kotandan-cocuklara-sertifika\/#breadcrumb"},"inLanguage":"uk","potentialAction":[{"@type":"ReadAction","target":["https:\/\/denizcankizil.tr\/en\/haberler\/antalya\/baskan-kotandan-cocuklara-sertifika\/"]}]},{"@type":"BreadcrumbList","@id":"https:\/\/denizcankizil.tr\/en\/haberler\/antalya\/baskan-kotandan-cocuklara-sertifika\/#breadcrumb","itemListElement":[{"@type":"ListItem","position":1,"name":"Home","item":"https:\/\/denizcankizil.tr\/de\/"},{"@type":"ListItem","position":2,"name":"Ba\u015fkan Kotan&#8217;dan, \u00e7ocuklara sertifika"}]},{"@type":"WebSite","@id":"https:\/\/denizcankizil.tr\/de\/#website","url":"https:\/\/denizcankizil.tr\/de\/","name":"Av. Deniz Can K\u0131z\u0131l","description":"Avukat Deniz Can K\u0131z\u0131l Antalya Barosu","publisher":{"@id":"https:\/\/denizcankizil.tr\/de\/#organization"},"potentialAction":[{"@type":"SearchAction","target":{"@type":"EntryPoint","urlTemplate":"https:\/\/denizcankizil.tr\/de\/?s={search_term_string}"},"query-input":{"@type":"PropertyValueSpecification","valueRequired":true,"valueName":"search_term_string"}}],"inLanguage":"uk"},{"@type":"Organization","@id":"https:\/\/denizcankizil.tr\/de\/#organization","name":"Av. Deniz Can K\u0131z\u0131l","url":"https:\/\/denizcankizil.tr\/de\/","logo":{"@type":"ImageObject","inLanguage":"uk","@id":"https:\/\/denizcankizil.tr\/de\/#\/schema\/logo\/image\/","url":"https:\/\/denizcankizil.tr\/wp-content\/uploads\/2024\/10\/siyah-logo-svg.svg","contentUrl":"https:\/\/denizcankizil.tr\/wp-content\/uploads\/2024\/10\/siyah-logo-svg.svg","width":1080,"height":1080,"caption":"Av. Deniz Can K\u0131z\u0131l"},"image":{"@id":"https:\/\/denizcankizil.tr\/de\/#\/schema\/logo\/image\/"}},{"@type":"Person","@id":"https:\/\/denizcankizil.tr\/de\/#\/schema\/person\/5dc1b22991bd7ac833867c10afc9b0ff","name":"Av. Deniz Can K\u0131z\u0131l","image":{"@type":"ImageObject","inLanguage":"uk","@id":"https:\/\/denizcankizil.tr\/de\/#\/schema\/person\/image\/","url":"https:\/\/secure.gravatar.com\/avatar\/a0b128fb9855c79efc976d5640eedb31dc35ec297594d6016d2cf7c60e975bb6?s=96&d=mm&r=g","contentUrl":"https:\/\/secure.gravatar.com\/avatar\/a0b128fb9855c79efc976d5640eedb31dc35ec297594d6016d2cf7c60e975bb6?s=96&d=mm&r=g","caption":"Av. Deniz Can K\u0131z\u0131l"},"sameAs":["http:\/\/www.denizcankizil.tr"],"url":"https:\/\/denizcankizil.tr\/uk\/author\/denizcankizil\/"}]}},"_links":{"self":[{"href":"https:\/\/denizcankizil.tr\/uk\/wp-json\/wp\/v2\/posts\/95555","targetHints":{"allow":["GET"]}}],"collection":[{"href":"https:\/\/denizcankizil.tr\/uk\/wp-json\/wp\/v2\/posts"}],"about":[{"href":"https:\/\/denizcankizil.tr\/uk\/wp-json\/wp\/v2\/types\/post"}],"author":[{"embeddable":true,"href":"https:\/\/denizcankizil.tr\/uk\/wp-json\/wp\/v2\/users\/4"}],"replies":[{"embeddable":true,"href":"https:\/\/denizcankizil.tr\/uk\/wp-json\/wp\/v2\/comments?post=95555"}],"version-history":[{"count":0,"href":"https:\/\/denizcankizil.tr\/uk\/wp-json\/wp\/v2\/posts\/95555\/revisions"}],"wp:attachment":[{"href":"https:\/\/denizcankizil.tr\/uk\/wp-json\/wp\/v2\/media?parent=95555"}],"wp:term":[{"taxonomy":"category","embeddable":true,"href":"https:\/\/denizcankizil.tr\/uk\/wp-json\/wp\/v2\/categories?post=95555"},{"taxonomy":"post_tag","embeddable":true,"href":"https:\/\/denizcankizil.tr\/uk\/wp-json\/wp\/v2\/tags?post=95555"}],"curies":[{"name":"wp","href":"https:\/\/api.w.org\/{rel}","templated":true}]}}