{"id":95046,"date":"2025-05-23T23:31:51","date_gmt":"2025-05-23T20:31:51","guid":{"rendered":"https:\/\/denizcankizil.tr\/uncategorized-tr\/asirlik-tarifler-bursa-osmangazide-lezzetlendi\/"},"modified":"2025-05-23T23:31:51","modified_gmt":"2025-05-23T20:31:51","slug":"asirlik-tarifler-bursa-osmangazide-lezzetlendi","status":"publish","type":"post","link":"https:\/\/denizcankizil.tr\/uk\/haberler\/gundem\/asirlik-tarifler-bursa-osmangazide-lezzetlendi\/","title":{"rendered":"As\u0131rl\u0131k tarifler Bursa Osmangazi\u2019de lezzetlendi"},"content":{"rendered":"<p>T\u00fcrk mutfa\u011f\u0131n\u0131n as\u0131rl\u0131k lezzetlerinin sergilendi\u011fi 21-27 May\u0131s tarihlerinde bu y\u0131l  \u201cAs\u0131rl\u0131k Tariflerle T\u00fcrk Mutfa\u011f\u0131\u201d temas\u0131yla ger\u00e7ekle\u015ftirilen T\u00fcrk Mutfa\u011f\u0131 Haftas\u0131, etkinlikleri Bursa&#8217;da Tophane Meydan\u0131&#8217;nda d\u00fczenlenen a\u00e7\u0131l\u0131\u015f t\u00f6reniyle kap\u0131lar\u0131n\u0131 ziyaret\u00e7ilerine a\u00e7t\u0131.BURSA (\u0130GFA) &#8211; Osmangazi Belediyesi ev sahipli\u011finde K\u00fclt\u00fcr ve Turizm Bakanl\u0131\u011f\u0131 \u00f6nc\u00fcl\u00fc\u011f\u00fc ile Bursa Valili\u011fi Koordinasyonuyla bu y\u0131l d\u00f6rd\u00fcnc\u00fcs\u00fc kutlanan T\u00fcrk Mutfa\u011f\u0131 Haftas\u0131, etkinlikleri Osmangazi il\u00e7esinde d\u00fczenlenen t\u00f6renle ba\u015flad\u0131.<br \/>\nT\u00fcrk mutfa\u011f\u0131n\u0131n tarihi ve k\u00fclt\u00fcrel miras\u0131n\u0131 tan\u0131tmak amac\u0131yla, d\u00fczenlenen T\u00fcrk Mutfa\u011f\u0131 Haftas\u0131, etkinliklerine Osmangazi Belediye Ba\u015fkan\u0131 Erkan Ayd\u0131n, Bursa Vali Yard\u0131mc\u0131s\u0131 R\u0131za Gen\u00e7o\u011flu, Bursa \u0130l K\u00fclt\u00fcr ve Turizm M\u00fcd\u00fcr\u00fc Kamil \u00d6zer, Gastro Bursa Dergisi \u0130mtiyaz Sahibi \u00d6nder U\u00e7ar, k\u00f6y kad\u0131nlar\u0131 kooperatifleri ve \u00e7ok say\u0131da vatanda\u015f kat\u0131ld\u0131. A\u00e7\u0131l\u0131\u015f\u0131n ard\u0131ndan Osmangazi Belediye Ba\u015fkan\u0131 Erkan Ayd\u0131n ve protokol \u00fcyeleri Tophane Meydan\u0131\u2019nda kurulan stantlar\u0131 tek tek gezerek y\u00f6resel lezzetleri tatt\u0131.<br \/>\nBirlik ve beraberlik sofrada ba\u015flad\u0131\u011f\u0131n\u0131 ifade eden Osmangazi Belediye Ba\u015fkan\u0131 Erkan Ayd\u0131n, \u201cOrtak sofralar, ortak de\u011ferler demek. Bizleri bir araya getiren yeme\u011fin etraf\u0131nda kurulan muhabbet, payla\u015f\u0131m ve k\u00fclt\u00fcr  g\u00fcn\u00fcm\u00fczde h\u0131zl\u0131 ya\u015fam tarz\u0131 ve ekonomik zorluklar geleneksel sofralar\u0131 g\u00f6lgede b\u0131raksa da, bizler k\u00f6klerimizden ald\u0131\u011f\u0131m\u0131z g\u00fc\u00e7le k\u00fclt\u00fcr\u00fcm\u00fcze sahip \u00e7\u0131kmaya devam ediyoruz. Bursa mutfa\u011f\u0131n\u0131n kendine has tatlar\u0131; kuzu etiyle haz\u0131rlanan nefis yemekler, kestane ve enginar\u0131n uyumuyla ortaya \u00e7\u0131kan \u00f6zel lezzetler, Bursa inciriyle ta\u00e7lanan tatl\u0131lar yaln\u0131zca damaklar\u0131m\u0131z\u0131 de\u011fil, kalplerimizi de doyuruyor. T\u00fcrk Mutfa\u011f\u0131 Haftas\u0131 kapsam\u0131nda, K\u00fclt\u00fcr ve Turizm Bakanl\u0131\u011f\u0131 ile Bursa Valili\u011fi i\u015f birli\u011finde Tophane Meydan\u0131\u2019nda d\u00fczenledi\u011fimiz etkinlikte bu ortak miras\u0131 ya\u015fatman\u0131n mutlulu\u011funu ya\u015fad\u0131k. Sofralarda bulu\u015fmam\u0131za vesile olan herkese te\u015fekk\u00fcr ediyorum\u201d dedi.<\/p>\n<p>T\u00fcrk Mutfa\u011f\u0131 Haftas\u0131 etkinliklerini bu y\u0131lda ger\u00e7ekle\u015ftirdiklerini belirten Bursa Vali Yard\u0131mc\u0131s\u0131 R\u0131za Gen\u00e7o\u011flu, \u201cB\u00fcy\u00fck bir mutlulukla ifade etmek isterim ki 81 il i\u00e7inde en \u00e7ok noktada program ger\u00e7ekle\u015ftirilen il Bursa\u2019d\u0131r. D\u00fczenledi\u011fimiz T\u00fcrk Mutfa\u011f\u0131 Haftas\u0131 etkinlikleri belediyelerimizin b\u00fcy\u00fck katk\u0131lar\u0131yla ger\u00e7ekle\u015fiyor. Bug\u00fcne kadar g\u00f6stermi\u015f olduklar\u0131 ilgi ve alakadan dolay\u0131 ba\u015fta Erkan Ayd\u0131n, ba\u015fkan\u0131m\u0131z olmak \u00fczere t\u00fcm belediye ba\u015fkanlar\u0131na te\u015fekk\u00fcr ediyorum\u201d diye konu\u015ftu.<br \/>\nBursa \u0130l K\u00fclt\u00fcr ve Turizm M\u00fcd\u00fcr\u00fc Kamil \u00d6zer, ise \u201cArt\u0131k k\u00fclt\u00fcr ve turizm d\u00fcnyada \u00fclkelerin ve \u015fehirlerin tan\u0131t\u0131lmas\u0131ndaki en \u00f6nemli etken haline d\u00f6n\u00fc\u015ft\u00fc. Burada bug\u00fcn Bursa\u2019m\u0131zdaki en \u00f6nemli \u00fcr\u00fcnlerimizin de tan\u0131t\u0131yoruz katk\u0131s\u0131 olan t\u00fcm payda\u015flar\u0131m\u0131za te\u015fekk\u00fcr ediyorum\u201d dedi.<\/p>\n<p>\u200bT\u00fcrk mutfa\u011f\u0131n\u0131n as\u0131rl\u0131k lezzetlerinin sergilendi\u011fi 21-27 May\u0131s tarihlerinde bu y\u0131l  \u201cAs\u0131rl\u0131k Tariflerle T\u00fcrk Mutfa\u011f\u0131\u201d temas\u0131yla ger\u00e7ekle\u015ftirilen T\u00fcrk Mutfa\u011f\u0131 Haftas\u0131, etkinlikleri Bursa&#8217;da Tophane Meydan\u0131&#8217;nda d\u00fczenlenen a\u00e7\u0131l\u0131\u015f t\u00f6reniyle kap\u0131lar\u0131n\u0131 ziyaret\u00e7ilerine a\u00e7t\u0131.BURSA (\u0130GFA) &#8211; Osmangazi Belediyesi ev sahipli\u011finde K\u00fclt\u00fcr ve Turizm Bakanl\u0131\u011f\u0131 \u00f6nc\u00fcl\u00fc\u011f\u00fc ile Bursa Valili\u011fi Koordinasyonuyla bu y\u0131l d\u00f6rd\u00fcnc\u00fcs\u00fc kutlanan T\u00fcrk Mutfa\u011f\u0131 Haftas\u0131, etkinlikleri Osmangazi il\u00e7esinde d\u00fczenlenen t\u00f6renle ba\u015flad\u0131.<br \/>\nT\u00fcrk mutfa\u011f\u0131n\u0131n tarihi ve k\u00fclt\u00fcrel miras\u0131n\u0131 tan\u0131tmak amac\u0131yla, d\u00fczenlenen T\u00fcrk Mutfa\u011f\u0131 Haftas\u0131, etkinliklerine Osmangazi Belediye Ba\u015fkan\u0131 Erkan Ayd\u0131n, Bursa Vali Yard\u0131mc\u0131s\u0131 R\u0131za Gen\u00e7o\u011flu, Bursa \u0130l K\u00fclt\u00fcr ve Turizm M\u00fcd\u00fcr\u00fc Kamil \u00d6zer, Gastro Bursa Dergisi \u0130mtiyaz Sahibi \u00d6nder U\u00e7ar, k\u00f6y kad\u0131nlar\u0131 kooperatifleri ve \u00e7ok say\u0131da vatanda\u015f kat\u0131ld\u0131. A\u00e7\u0131l\u0131\u015f\u0131n ard\u0131ndan Osmangazi Belediye Ba\u015fkan\u0131 Erkan Ayd\u0131n ve protokol \u00fcyeleri Tophane Meydan\u0131\u2019nda kurulan stantlar\u0131 tek tek gezerek y\u00f6resel lezzetleri tatt\u0131.<br \/>\nBirlik ve beraberlik sofrada ba\u015flad\u0131\u011f\u0131n\u0131 ifade eden Osmangazi Belediye Ba\u015fkan\u0131 Erkan Ayd\u0131n, \u201cOrtak sofralar, ortak de\u011ferler demek. Bizleri bir araya getiren yeme\u011fin etraf\u0131nda kurulan muhabbet, payla\u015f\u0131m ve k\u00fclt\u00fcr  g\u00fcn\u00fcm\u00fczde h\u0131zl\u0131 ya\u015fam tarz\u0131 ve ekonomik zorluklar geleneksel sofralar\u0131 g\u00f6lgede b\u0131raksa da, bizler k\u00f6klerimizden ald\u0131\u011f\u0131m\u0131z g\u00fc\u00e7le k\u00fclt\u00fcr\u00fcm\u00fcze sahip \u00e7\u0131kmaya devam ediyoruz. Bursa mutfa\u011f\u0131n\u0131n kendine has tatlar\u0131; kuzu etiyle haz\u0131rlanan nefis yemekler, kestane ve enginar\u0131n uyumuyla ortaya \u00e7\u0131kan \u00f6zel lezzetler, Bursa inciriyle ta\u00e7lanan tatl\u0131lar yaln\u0131zca damaklar\u0131m\u0131z\u0131 de\u011fil, kalplerimizi de doyuruyor. T\u00fcrk Mutfa\u011f\u0131 Haftas\u0131 kapsam\u0131nda, K\u00fclt\u00fcr ve Turizm Bakanl\u0131\u011f\u0131 ile Bursa Valili\u011fi i\u015f birli\u011finde Tophane Meydan\u0131\u2019nda d\u00fczenledi\u011fimiz etkinlikte bu ortak miras\u0131 ya\u015fatman\u0131n mutlulu\u011funu ya\u015fad\u0131k. Sofralarda bulu\u015fmam\u0131za vesile olan herkese te\u015fekk\u00fcr ediyorum\u201d dedi.<\/p>\n<p>T\u00fcrk Mutfa\u011f\u0131 Haftas\u0131 etkinliklerini bu y\u0131lda ger\u00e7ekle\u015ftirdiklerini belirten Bursa Vali Yard\u0131mc\u0131s\u0131 R\u0131za Gen\u00e7o\u011flu, \u201cB\u00fcy\u00fck bir mutlulukla ifade etmek isterim ki 81 il i\u00e7inde en \u00e7ok noktada program ger\u00e7ekle\u015ftirilen il Bursa\u2019d\u0131r. D\u00fczenledi\u011fimiz T\u00fcrk Mutfa\u011f\u0131 Haftas\u0131 etkinlikleri belediyelerimizin b\u00fcy\u00fck katk\u0131lar\u0131yla ger\u00e7ekle\u015fiyor. Bug\u00fcne kadar g\u00f6stermi\u015f olduklar\u0131 ilgi ve alakadan dolay\u0131 ba\u015fta Erkan Ayd\u0131n, ba\u015fkan\u0131m\u0131z olmak \u00fczere t\u00fcm belediye ba\u015fkanlar\u0131na te\u015fekk\u00fcr ediyorum\u201d diye konu\u015ftu.<br \/>\nBursa \u0130l K\u00fclt\u00fcr ve Turizm M\u00fcd\u00fcr\u00fc Kamil \u00d6zer, ise \u201cArt\u0131k k\u00fclt\u00fcr ve turizm d\u00fcnyada \u00fclkelerin ve \u015fehirlerin tan\u0131t\u0131lmas\u0131ndaki en \u00f6nemli etken haline d\u00f6n\u00fc\u015ft\u00fc. Burada bug\u00fcn Bursa\u2019m\u0131zdaki en \u00f6nemli \u00fcr\u00fcnlerimizin de tan\u0131t\u0131yoruz katk\u0131s\u0131 olan t\u00fcm payda\u015flar\u0131m\u0131za te\u015fekk\u00fcr ediyorum\u201d dedi.\u00a0<\/p>\n<p>\u200bHaberin Al\u0131nt\u0131land\u0131\u011f\u0131 Kaynak: www.iskenderun.org<\/p>","protected":false},"excerpt":{"rendered":"<p>T\u00fcrk mutfa\u011f\u0131n\u0131n as\u0131rl\u0131k lezzetlerinin sergilendi\u011fi 21-27 May\u0131s tarihlerinde bu y\u0131l \u201cAs\u0131rl\u0131k Tariflerle T\u00fcrk Mutfa\u011f\u0131\u201d temas\u0131yla ger\u00e7ekle\u015ftirilen T\u00fcrk Mutfa\u011f\u0131 Haftas\u0131, etkinlikleri Bursa&#8217;da Tophane Meydan\u0131&#8217;nda d\u00fczenlenen a\u00e7\u0131l\u0131\u015f t\u00f6reniyle kap\u0131lar\u0131n\u0131 ziyaret\u00e7ilerine a\u00e7t\u0131.BURSA (\u0130GFA) &#8211; Osmangazi Belediyesi ev sahipli\u011finde K\u00fclt\u00fcr ve Turizm Bakanl\u0131\u011f\u0131 \u00f6nc\u00fcl\u00fc\u011f\u00fc ile Bursa Valili\u011fi Koordinasyonuyla bu y\u0131l d\u00f6rd\u00fcnc\u00fcs\u00fc kutlanan T\u00fcrk Mutfa\u011f\u0131 Haftas\u0131, etkinlikleri Osmangazi il\u00e7esinde d\u00fczenlenen t\u00f6renle ba\u015flad\u0131. T\u00fcrk mutfa\u011f\u0131n\u0131n tarihi ve k\u00fclt\u00fcrel miras\u0131n\u0131 tan\u0131tmak amac\u0131yla, d\u00fczenlenen T\u00fcrk Mutfa\u011f\u0131 Haftas\u0131, etkinliklerine Osmangazi Belediye Ba\u015fkan\u0131 Erkan Ayd\u0131n, Bursa Vali Yard\u0131mc\u0131s\u0131 R\u0131za Gen\u00e7o\u011flu, Bursa \u0130l K\u00fclt\u00fcr ve Turizm M\u00fcd\u00fcr\u00fc Kamil \u00d6zer, Gastro Bursa Dergisi \u0130mtiyaz Sahibi \u00d6nder U\u00e7ar, k\u00f6y kad\u0131nlar\u0131 kooperatifleri ve \u00e7ok say\u0131da vatanda\u015f kat\u0131ld\u0131. A\u00e7\u0131l\u0131\u015f\u0131n ard\u0131ndan Osmangazi Belediye Ba\u015fkan\u0131 Erkan Ayd\u0131n ve protokol \u00fcyeleri Tophane Meydan\u0131\u2019nda kurulan stantlar\u0131 tek tek gezerek y\u00f6resel lezzetleri tatt\u0131. Birlik ve beraberlik sofrada ba\u015flad\u0131\u011f\u0131n\u0131 ifade eden Osmangazi Belediye Ba\u015fkan\u0131 Erkan Ayd\u0131n, \u201cOrtak sofralar, ortak de\u011ferler demek. Bizleri bir araya getiren yeme\u011fin etraf\u0131nda kurulan muhabbet, payla\u015f\u0131m ve k\u00fclt\u00fcr g\u00fcn\u00fcm\u00fczde h\u0131zl\u0131 ya\u015fam tarz\u0131 ve ekonomik zorluklar geleneksel sofralar\u0131 g\u00f6lgede b\u0131raksa da, bizler k\u00f6klerimizden ald\u0131\u011f\u0131m\u0131z g\u00fc\u00e7le k\u00fclt\u00fcr\u00fcm\u00fcze sahip \u00e7\u0131kmaya devam ediyoruz. Bursa mutfa\u011f\u0131n\u0131n kendine has tatlar\u0131; kuzu etiyle haz\u0131rlanan nefis yemekler, kestane ve enginar\u0131n uyumuyla ortaya \u00e7\u0131kan \u00f6zel lezzetler, Bursa inciriyle ta\u00e7lanan tatl\u0131lar yaln\u0131zca damaklar\u0131m\u0131z\u0131 de\u011fil, kalplerimizi de doyuruyor. &hellip;<\/p>","protected":false},"author":1,"featured_media":0,"comment_status":"","ping_status":"open","sticky":false,"template":"","format":"standard","meta":{"_acf_changed":false,"footnotes":""},"categories":[24],"tags":[],"class_list":["post-95046","post","type-post","status-publish","format-standard","has-post-thumbnail","hentry","category-gundem"],"acf":[],"yoast_head":"<!-- This site is optimized with the Yoast SEO Premium plugin v26.6 (Yoast SEO v27.1.1) - https:\/\/yoast.com\/product\/yoast-seo-premium-wordpress\/ -->\n<title>As\u0131rl\u0131k tarifler Bursa Osmangazi\u2019de lezzetlendi - Av. Deniz Can K\u0131z\u0131l<\/title>\n<meta name=\"robots\" content=\"index, follow, max-snippet:-1, max-image-preview:large, max-video-preview:-1\" \/>\n<link rel=\"canonical\" href=\"https:\/\/denizcankizil.tr\/uk\/haberler\/gundem\/asirlik-tarifler-bursa-osmangazide-lezzetlendi\/\" \/>\n<meta property=\"og:locale\" content=\"uk_UA\" \/>\n<meta property=\"og:type\" content=\"article\" \/>\n<meta property=\"og:title\" content=\"As\u0131rl\u0131k tarifler Bursa Osmangazi\u2019de lezzetlendi\" \/>\n<meta property=\"og:description\" content=\"T\u00fcrk mutfa\u011f\u0131n\u0131n as\u0131rl\u0131k lezzetlerinin sergilendi\u011fi 21-27 May\u0131s tarihlerinde bu y\u0131l \u201cAs\u0131rl\u0131k Tariflerle T\u00fcrk Mutfa\u011f\u0131\u201d temas\u0131yla ger\u00e7ekle\u015ftirilen T\u00fcrk Mutfa\u011f\u0131 Haftas\u0131, etkinlikleri Bursa&#8217;da Tophane Meydan\u0131&#8217;nda d\u00fczenlenen a\u00e7\u0131l\u0131\u015f t\u00f6reniyle kap\u0131lar\u0131n\u0131 ziyaret\u00e7ilerine a\u00e7t\u0131.BURSA (\u0130GFA) &#8211; Osmangazi Belediyesi ev sahipli\u011finde K\u00fclt\u00fcr ve Turizm Bakanl\u0131\u011f\u0131 \u00f6nc\u00fcl\u00fc\u011f\u00fc ile Bursa Valili\u011fi Koordinasyonuyla bu y\u0131l d\u00f6rd\u00fcnc\u00fcs\u00fc kutlanan T\u00fcrk Mutfa\u011f\u0131 Haftas\u0131, etkinlikleri Osmangazi il\u00e7esinde d\u00fczenlenen t\u00f6renle ba\u015flad\u0131. T\u00fcrk mutfa\u011f\u0131n\u0131n tarihi ve k\u00fclt\u00fcrel miras\u0131n\u0131 tan\u0131tmak amac\u0131yla, d\u00fczenlenen T\u00fcrk Mutfa\u011f\u0131 Haftas\u0131, etkinliklerine Osmangazi Belediye Ba\u015fkan\u0131 Erkan Ayd\u0131n, Bursa Vali Yard\u0131mc\u0131s\u0131 R\u0131za Gen\u00e7o\u011flu, Bursa \u0130l K\u00fclt\u00fcr ve Turizm M\u00fcd\u00fcr\u00fc Kamil \u00d6zer, Gastro Bursa Dergisi \u0130mtiyaz Sahibi \u00d6nder U\u00e7ar, k\u00f6y kad\u0131nlar\u0131 kooperatifleri ve \u00e7ok say\u0131da vatanda\u015f kat\u0131ld\u0131. A\u00e7\u0131l\u0131\u015f\u0131n ard\u0131ndan Osmangazi Belediye Ba\u015fkan\u0131 Erkan Ayd\u0131n ve protokol \u00fcyeleri Tophane Meydan\u0131\u2019nda kurulan stantlar\u0131 tek tek gezerek y\u00f6resel lezzetleri tatt\u0131. Birlik ve beraberlik sofrada ba\u015flad\u0131\u011f\u0131n\u0131 ifade eden Osmangazi Belediye Ba\u015fkan\u0131 Erkan Ayd\u0131n, \u201cOrtak sofralar, ortak de\u011ferler demek. Bizleri bir araya getiren yeme\u011fin etraf\u0131nda kurulan muhabbet, payla\u015f\u0131m ve k\u00fclt\u00fcr g\u00fcn\u00fcm\u00fczde h\u0131zl\u0131 ya\u015fam tarz\u0131 ve ekonomik zorluklar geleneksel sofralar\u0131 g\u00f6lgede b\u0131raksa da, bizler k\u00f6klerimizden ald\u0131\u011f\u0131m\u0131z g\u00fc\u00e7le k\u00fclt\u00fcr\u00fcm\u00fcze sahip \u00e7\u0131kmaya devam ediyoruz. Bursa mutfa\u011f\u0131n\u0131n kendine has tatlar\u0131; kuzu etiyle haz\u0131rlanan nefis yemekler, kestane ve enginar\u0131n uyumuyla ortaya \u00e7\u0131kan \u00f6zel lezzetler, Bursa inciriyle ta\u00e7lanan tatl\u0131lar yaln\u0131zca damaklar\u0131m\u0131z\u0131 de\u011fil, kalplerimizi de doyuruyor. &hellip;\" \/>\n<meta property=\"og:url\" content=\"https:\/\/denizcankizil.tr\/uk\/haberler\/gundem\/asirlik-tarifler-bursa-osmangazide-lezzetlendi\/\" \/>\n<meta property=\"og:site_name\" content=\"Av. Deniz Can K\u0131z\u0131l\" \/>\n<meta property=\"article:published_time\" content=\"2025-05-23T20:31:51+00:00\" \/>\n<meta name=\"author\" content=\"admin\" \/>\n<meta name=\"twitter:card\" content=\"summary_large_image\" \/>\n<meta name=\"twitter:label1\" content=\"\u041d\u0430\u043f\u0438\u0441\u0430\u043d\u043e\" \/>\n\t<meta name=\"twitter:data1\" content=\"admin\" \/>\n\t<meta name=\"twitter:label2\" content=\"\u041f\u0440\u0438\u0431\u043b. \u0447\u0430\u0441 \u0447\u0438\u0442\u0430\u043d\u043d\u044f\" \/>\n\t<meta name=\"twitter:data2\" content=\"5 \u0445\u0432\u0438\u043b\u0438\u043d\" \/>\n<script type=\"application\/ld+json\" class=\"yoast-schema-graph\">{\"@context\":\"https:\/\/schema.org\",\"@graph\":[{\"@type\":\"Article\",\"@id\":\"https:\/\/denizcankizil.tr\/uk\/haberler\/gundem\/asirlik-tarifler-bursa-osmangazide-lezzetlendi\/#article\",\"isPartOf\":{\"@id\":\"https:\/\/denizcankizil.tr\/uk\/haberler\/gundem\/asirlik-tarifler-bursa-osmangazide-lezzetlendi\/\"},\"author\":{\"name\":\"admin\",\"@id\":\"https:\/\/denizcankizil.tr\/#\/schema\/person\/be3c05fe6a12686905512445d8185489\"},\"headline\":\"As\u0131rl\u0131k tarifler Bursa Osmangazi\u2019de lezzetlendi\",\"datePublished\":\"2025-05-23T20:31:51+00:00\",\"mainEntityOfPage\":{\"@id\":\"https:\/\/denizcankizil.tr\/uk\/haberler\/gundem\/asirlik-tarifler-bursa-osmangazide-lezzetlendi\/\"},\"wordCount\":1050,\"publisher\":{\"@id\":\"https:\/\/denizcankizil.tr\/#organization\"},\"articleSection\":[\"G\u00fcndem\"],\"inLanguage\":\"uk\"},{\"@type\":\"WebPage\",\"@id\":\"https:\/\/denizcankizil.tr\/uk\/haberler\/gundem\/asirlik-tarifler-bursa-osmangazide-lezzetlendi\/\",\"url\":\"https:\/\/denizcankizil.tr\/uk\/haberler\/gundem\/asirlik-tarifler-bursa-osmangazide-lezzetlendi\/\",\"name\":\"As\u0131rl\u0131k tarifler Bursa Osmangazi\u2019de lezzetlendi - Av. Deniz Can K\u0131z\u0131l\",\"isPartOf\":{\"@id\":\"https:\/\/denizcankizil.tr\/#website\"},\"datePublished\":\"2025-05-23T20:31:51+00:00\",\"breadcrumb\":{\"@id\":\"https:\/\/denizcankizil.tr\/uk\/haberler\/gundem\/asirlik-tarifler-bursa-osmangazide-lezzetlendi\/#breadcrumb\"},\"inLanguage\":\"uk\",\"potentialAction\":[{\"@type\":\"ReadAction\",\"target\":[\"https:\/\/denizcankizil.tr\/uk\/haberler\/gundem\/asirlik-tarifler-bursa-osmangazide-lezzetlendi\/\"]}]},{\"@type\":\"BreadcrumbList\",\"@id\":\"https:\/\/denizcankizil.tr\/uk\/haberler\/gundem\/asirlik-tarifler-bursa-osmangazide-lezzetlendi\/#breadcrumb\",\"itemListElement\":[{\"@type\":\"ListItem\",\"position\":1,\"name\":\"Home\",\"item\":\"https:\/\/denizcankizil.tr\/de\/\"},{\"@type\":\"ListItem\",\"position\":2,\"name\":\"As\u0131rl\u0131k tarifler Bursa Osmangazi\u2019de lezzetlendi\"}]},{\"@type\":\"WebSite\",\"@id\":\"https:\/\/denizcankizil.tr\/#website\",\"url\":\"https:\/\/denizcankizil.tr\/\",\"name\":\"Av. Deniz Can K\u0131z\u0131l\",\"description\":\"Avukat Deniz Can K\u0131z\u0131l Antalya Barosu\",\"publisher\":{\"@id\":\"https:\/\/denizcankizil.tr\/#organization\"},\"potentialAction\":[{\"@type\":\"SearchAction\",\"target\":{\"@type\":\"EntryPoint\",\"urlTemplate\":\"https:\/\/denizcankizil.tr\/?s={search_term_string}\"},\"query-input\":{\"@type\":\"PropertyValueSpecification\",\"valueRequired\":true,\"valueName\":\"search_term_string\"}}],\"inLanguage\":\"uk\"},{\"@type\":\"Organization\",\"@id\":\"https:\/\/denizcankizil.tr\/#organization\",\"name\":\"Av. Deniz Can K\u0131z\u0131l\",\"url\":\"https:\/\/denizcankizil.tr\/\",\"logo\":{\"@type\":\"ImageObject\",\"inLanguage\":\"uk\",\"@id\":\"https:\/\/denizcankizil.tr\/#\/schema\/logo\/image\/\",\"url\":\"https:\/\/denizcankizil.tr\/wp-content\/uploads\/2024\/10\/siyah-logo-svg.svg\",\"contentUrl\":\"https:\/\/denizcankizil.tr\/wp-content\/uploads\/2024\/10\/siyah-logo-svg.svg\",\"width\":1080,\"height\":1080,\"caption\":\"Av. Deniz Can K\u0131z\u0131l\"},\"image\":{\"@id\":\"https:\/\/denizcankizil.tr\/#\/schema\/logo\/image\/\"}},{\"@type\":\"Person\",\"@id\":\"https:\/\/denizcankizil.tr\/#\/schema\/person\/be3c05fe6a12686905512445d8185489\",\"name\":\"admin\",\"image\":{\"@type\":\"ImageObject\",\"inLanguage\":\"uk\",\"@id\":\"https:\/\/denizcankizil.tr\/#\/schema\/person\/image\/\",\"url\":\"https:\/\/secure.gravatar.com\/avatar\/c1fce94c830dc79107e174f890d7210541c4a63e8e5d816341794a2151c9d58c?s=96&d=mm&r=g\",\"contentUrl\":\"https:\/\/secure.gravatar.com\/avatar\/c1fce94c830dc79107e174f890d7210541c4a63e8e5d816341794a2151c9d58c?s=96&d=mm&r=g\",\"caption\":\"admin\"},\"sameAs\":[\"http:\/\/denizcankizil.tr\"],\"url\":\"https:\/\/www.iskenderun.org\/asirlik-tarifler-bursa-osmangazide-lezzetlendi\"}]}<\/script>\n<!-- \/ Yoast SEO Premium plugin. -->","yoast_head_json":{"title":"As\u0131rl\u0131k tarifler Bursa Osmangazi\u2019de lezzetlendi - Av. Deniz Can K\u0131z\u0131l","robots":{"index":"index","follow":"follow","max-snippet":"max-snippet:-1","max-image-preview":"max-image-preview:large","max-video-preview":"max-video-preview:-1"},"canonical":"https:\/\/denizcankizil.tr\/uk\/haberler\/gundem\/asirlik-tarifler-bursa-osmangazide-lezzetlendi\/","og_locale":"uk_UA","og_type":"article","og_title":"As\u0131rl\u0131k tarifler Bursa Osmangazi\u2019de lezzetlendi","og_description":"T\u00fcrk mutfa\u011f\u0131n\u0131n as\u0131rl\u0131k lezzetlerinin sergilendi\u011fi 21-27 May\u0131s tarihlerinde bu y\u0131l \u201cAs\u0131rl\u0131k Tariflerle T\u00fcrk Mutfa\u011f\u0131\u201d temas\u0131yla ger\u00e7ekle\u015ftirilen T\u00fcrk Mutfa\u011f\u0131 Haftas\u0131, etkinlikleri Bursa&#8217;da Tophane Meydan\u0131&#8217;nda d\u00fczenlenen a\u00e7\u0131l\u0131\u015f t\u00f6reniyle kap\u0131lar\u0131n\u0131 ziyaret\u00e7ilerine a\u00e7t\u0131.BURSA (\u0130GFA) &#8211; Osmangazi Belediyesi ev sahipli\u011finde K\u00fclt\u00fcr ve Turizm Bakanl\u0131\u011f\u0131 \u00f6nc\u00fcl\u00fc\u011f\u00fc ile Bursa Valili\u011fi Koordinasyonuyla bu y\u0131l d\u00f6rd\u00fcnc\u00fcs\u00fc kutlanan T\u00fcrk Mutfa\u011f\u0131 Haftas\u0131, etkinlikleri Osmangazi il\u00e7esinde d\u00fczenlenen t\u00f6renle ba\u015flad\u0131. T\u00fcrk mutfa\u011f\u0131n\u0131n tarihi ve k\u00fclt\u00fcrel miras\u0131n\u0131 tan\u0131tmak amac\u0131yla, d\u00fczenlenen T\u00fcrk Mutfa\u011f\u0131 Haftas\u0131, etkinliklerine Osmangazi Belediye Ba\u015fkan\u0131 Erkan Ayd\u0131n, Bursa Vali Yard\u0131mc\u0131s\u0131 R\u0131za Gen\u00e7o\u011flu, Bursa \u0130l K\u00fclt\u00fcr ve Turizm M\u00fcd\u00fcr\u00fc Kamil \u00d6zer, Gastro Bursa Dergisi \u0130mtiyaz Sahibi \u00d6nder U\u00e7ar, k\u00f6y kad\u0131nlar\u0131 kooperatifleri ve \u00e7ok say\u0131da vatanda\u015f kat\u0131ld\u0131. A\u00e7\u0131l\u0131\u015f\u0131n ard\u0131ndan Osmangazi Belediye Ba\u015fkan\u0131 Erkan Ayd\u0131n ve protokol \u00fcyeleri Tophane Meydan\u0131\u2019nda kurulan stantlar\u0131 tek tek gezerek y\u00f6resel lezzetleri tatt\u0131. Birlik ve beraberlik sofrada ba\u015flad\u0131\u011f\u0131n\u0131 ifade eden Osmangazi Belediye Ba\u015fkan\u0131 Erkan Ayd\u0131n, \u201cOrtak sofralar, ortak de\u011ferler demek. Bizleri bir araya getiren yeme\u011fin etraf\u0131nda kurulan muhabbet, payla\u015f\u0131m ve k\u00fclt\u00fcr g\u00fcn\u00fcm\u00fczde h\u0131zl\u0131 ya\u015fam tarz\u0131 ve ekonomik zorluklar geleneksel sofralar\u0131 g\u00f6lgede b\u0131raksa da, bizler k\u00f6klerimizden ald\u0131\u011f\u0131m\u0131z g\u00fc\u00e7le k\u00fclt\u00fcr\u00fcm\u00fcze sahip \u00e7\u0131kmaya devam ediyoruz. Bursa mutfa\u011f\u0131n\u0131n kendine has tatlar\u0131; kuzu etiyle haz\u0131rlanan nefis yemekler, kestane ve enginar\u0131n uyumuyla ortaya \u00e7\u0131kan \u00f6zel lezzetler, Bursa inciriyle ta\u00e7lanan tatl\u0131lar yaln\u0131zca damaklar\u0131m\u0131z\u0131 de\u011fil, kalplerimizi de doyuruyor. &hellip;","og_url":"https:\/\/denizcankizil.tr\/uk\/haberler\/gundem\/asirlik-tarifler-bursa-osmangazide-lezzetlendi\/","og_site_name":"Av. Deniz Can K\u0131z\u0131l","article_published_time":"2025-05-23T20:31:51+00:00","author":"admin","twitter_card":"summary_large_image","twitter_misc":{"\u041d\u0430\u043f\u0438\u0441\u0430\u043d\u043e":"admin","\u041f\u0440\u0438\u0431\u043b. \u0447\u0430\u0441 \u0447\u0438\u0442\u0430\u043d\u043d\u044f":"5 \u0445\u0432\u0438\u043b\u0438\u043d"},"schema":{"@context":"https:\/\/schema.org","@graph":[{"@type":"Article","@id":"https:\/\/denizcankizil.tr\/uk\/haberler\/gundem\/asirlik-tarifler-bursa-osmangazide-lezzetlendi\/#article","isPartOf":{"@id":"https:\/\/denizcankizil.tr\/uk\/haberler\/gundem\/asirlik-tarifler-bursa-osmangazide-lezzetlendi\/"},"author":{"name":"admin","@id":"https:\/\/denizcankizil.tr\/#\/schema\/person\/be3c05fe6a12686905512445d8185489"},"headline":"As\u0131rl\u0131k tarifler Bursa Osmangazi\u2019de lezzetlendi","datePublished":"2025-05-23T20:31:51+00:00","mainEntityOfPage":{"@id":"https:\/\/denizcankizil.tr\/uk\/haberler\/gundem\/asirlik-tarifler-bursa-osmangazide-lezzetlendi\/"},"wordCount":1050,"publisher":{"@id":"https:\/\/denizcankizil.tr\/#organization"},"articleSection":["G\u00fcndem"],"inLanguage":"uk"},{"@type":"WebPage","@id":"https:\/\/denizcankizil.tr\/uk\/haberler\/gundem\/asirlik-tarifler-bursa-osmangazide-lezzetlendi\/","url":"https:\/\/denizcankizil.tr\/uk\/haberler\/gundem\/asirlik-tarifler-bursa-osmangazide-lezzetlendi\/","name":"As\u0131rl\u0131k tarifler Bursa Osmangazi\u2019de lezzetlendi - Av. Deniz Can K\u0131z\u0131l","isPartOf":{"@id":"https:\/\/denizcankizil.tr\/#website"},"datePublished":"2025-05-23T20:31:51+00:00","breadcrumb":{"@id":"https:\/\/denizcankizil.tr\/uk\/haberler\/gundem\/asirlik-tarifler-bursa-osmangazide-lezzetlendi\/#breadcrumb"},"inLanguage":"uk","potentialAction":[{"@type":"ReadAction","target":["https:\/\/denizcankizil.tr\/uk\/haberler\/gundem\/asirlik-tarifler-bursa-osmangazide-lezzetlendi\/"]}]},{"@type":"BreadcrumbList","@id":"https:\/\/denizcankizil.tr\/uk\/haberler\/gundem\/asirlik-tarifler-bursa-osmangazide-lezzetlendi\/#breadcrumb","itemListElement":[{"@type":"ListItem","position":1,"name":"Home","item":"https:\/\/denizcankizil.tr\/de\/"},{"@type":"ListItem","position":2,"name":"As\u0131rl\u0131k tarifler Bursa Osmangazi\u2019de lezzetlendi"}]},{"@type":"WebSite","@id":"https:\/\/denizcankizil.tr\/#website","url":"https:\/\/denizcankizil.tr\/","name":"Av. Deniz Can K\u0131z\u0131l","description":"Avukat Deniz Can K\u0131z\u0131l Antalya Barosu","publisher":{"@id":"https:\/\/denizcankizil.tr\/#organization"},"potentialAction":[{"@type":"SearchAction","target":{"@type":"EntryPoint","urlTemplate":"https:\/\/denizcankizil.tr\/?s={search_term_string}"},"query-input":{"@type":"PropertyValueSpecification","valueRequired":true,"valueName":"search_term_string"}}],"inLanguage":"uk"},{"@type":"Organization","@id":"https:\/\/denizcankizil.tr\/#organization","name":"Av. Deniz Can K\u0131z\u0131l","url":"https:\/\/denizcankizil.tr\/","logo":{"@type":"ImageObject","inLanguage":"uk","@id":"https:\/\/denizcankizil.tr\/#\/schema\/logo\/image\/","url":"https:\/\/denizcankizil.tr\/wp-content\/uploads\/2024\/10\/siyah-logo-svg.svg","contentUrl":"https:\/\/denizcankizil.tr\/wp-content\/uploads\/2024\/10\/siyah-logo-svg.svg","width":1080,"height":1080,"caption":"Av. Deniz Can K\u0131z\u0131l"},"image":{"@id":"https:\/\/denizcankizil.tr\/#\/schema\/logo\/image\/"}},{"@type":"Person","@id":"https:\/\/denizcankizil.tr\/#\/schema\/person\/be3c05fe6a12686905512445d8185489","name":"\u0430\u0434\u043c\u0456\u043d","image":{"@type":"ImageObject","inLanguage":"uk","@id":"https:\/\/denizcankizil.tr\/#\/schema\/person\/image\/","url":"https:\/\/secure.gravatar.com\/avatar\/c1fce94c830dc79107e174f890d7210541c4a63e8e5d816341794a2151c9d58c?s=96&d=mm&r=g","contentUrl":"https:\/\/secure.gravatar.com\/avatar\/c1fce94c830dc79107e174f890d7210541c4a63e8e5d816341794a2151c9d58c?s=96&d=mm&r=g","caption":"admin"},"sameAs":["http:\/\/denizcankizil.tr"],"url":"https:\/\/www.iskenderun.org\/asirlik-tarifler-bursa-osmangazide-lezzetlendi"}]}},"_links":{"self":[{"href":"https:\/\/denizcankizil.tr\/uk\/wp-json\/wp\/v2\/posts\/95046","targetHints":{"allow":["GET"]}}],"collection":[{"href":"https:\/\/denizcankizil.tr\/uk\/wp-json\/wp\/v2\/posts"}],"about":[{"href":"https:\/\/denizcankizil.tr\/uk\/wp-json\/wp\/v2\/types\/post"}],"author":[{"embeddable":true,"href":"https:\/\/denizcankizil.tr\/uk\/wp-json\/wp\/v2\/users\/1"}],"replies":[{"embeddable":true,"href":"https:\/\/denizcankizil.tr\/uk\/wp-json\/wp\/v2\/comments?post=95046"}],"version-history":[{"count":0,"href":"https:\/\/denizcankizil.tr\/uk\/wp-json\/wp\/v2\/posts\/95046\/revisions"}],"wp:attachment":[{"href":"https:\/\/denizcankizil.tr\/uk\/wp-json\/wp\/v2\/media?parent=95046"}],"wp:term":[{"taxonomy":"category","embeddable":true,"href":"https:\/\/denizcankizil.tr\/uk\/wp-json\/wp\/v2\/categories?post=95046"},{"taxonomy":"post_tag","embeddable":true,"href":"https:\/\/denizcankizil.tr\/uk\/wp-json\/wp\/v2\/tags?post=95046"}],"curies":[{"name":"wp","href":"https:\/\/api.w.org\/{rel}","templated":true}]}}