{"id":9500,"date":"2024-10-28T15:42:44","date_gmt":"2024-10-28T12:42:44","guid":{"rendered":"https:\/\/denizcankizil.tr\/uncategorized-tr\/minikler-cumhuriyet-bayramini-coskuyla-kutladi\/"},"modified":"2024-10-28T15:42:44","modified_gmt":"2024-10-28T12:42:44","slug":"minikler-cumhuriyet-bayramini-coskuyla-kutladi","status":"publish","type":"post","link":"https:\/\/denizcankizil.tr\/uk\/haberler\/gundem\/minikler-cumhuriyet-bayramini-coskuyla-kutladi\/","title":{"rendered":"Minikler Cumhuriyet Bayram\u0131n\u0131 co\u015fkuyla kutlad\u0131"},"content":{"rendered":"<p>B\u00fcy\u00fck\u015fehir\u2019in organize etti\u011fi 29 Ekim Cumhuriyet Bayram\u0131 etkinlikleri kapsam\u0131nda \u00e7ocuklar, Cumhuriyet\u2019in 101\u2019inci y\u0131l\u0131n\u0131 co\u015fkuyla kutlad\u0131<\/p>\n<p>\u200bB\u00fcy\u00fck\u015fehir\u2019in organize etti\u011fi 29 Ekim Cumhuriyet Bayram\u0131 etkinlikleri kapsam\u0131nda \u00e7ocuklar, Cumhuriyet\u2019in 101\u2019inci y\u0131l\u0131n\u0131 co\u015fkuyla kutlad\u0131\u00a0<\/p>\n<p>\u200bHaberin Al\u0131nt\u0131land\u0131\u011f\u0131 Kaynak: www.iskenderun.org<\/p>","protected":false},"excerpt":{"rendered":"<p>B\u00fcy\u00fck\u015fehir\u2019in organize etti\u011fi 29 Ekim Cumhuriyet Bayram\u0131 etkinlikleri kapsam\u0131nda \u00e7ocuklar, Cumhuriyet\u2019in 101\u2019inci y\u0131l\u0131n\u0131 co\u015fkuyla kutlad\u0131 \u200bB\u00fcy\u00fck\u015fehir\u2019in organize etti\u011fi 29 Ekim Cumhuriyet Bayram\u0131 etkinlikleri kapsam\u0131nda \u00e7ocuklar, Cumhuriyet\u2019in 101\u2019inci y\u0131l\u0131n\u0131 co\u015fkuyla kutlad\u0131\u00a0 \u200bHaberin Al\u0131nt\u0131land\u0131\u011f\u0131 Kaynak: www.iskenderun.org<\/p>","protected":false},"author":0,"featured_media":0,"comment_status":"open","ping_status":"open","sticky":false,"template":"","format":"standard","meta":{"_acf_changed":false,"footnotes":""},"categories":[24,535],"tags":[],"class_list":["post-9500","post","type-post","status-publish","format-standard","has-post-thumbnail","hentry","category-gundem","category-uncategorized-tr"],"acf":[],"yoast_head":"<!-- This site is optimized with the Yoast SEO Premium plugin v26.6 (Yoast SEO v27.1.1) - https:\/\/yoast.com\/product\/yoast-seo-premium-wordpress\/ -->\n<title>Minikler Cumhuriyet Bayram\u0131n\u0131 co\u015fkuyla kutlad\u0131 - Av. Deniz Can K\u0131z\u0131l<\/title>\n<meta name=\"robots\" content=\"index, follow, max-snippet:-1, max-image-preview:large, max-video-preview:-1\" \/>\n<link rel=\"canonical\" href=\"https:\/\/denizcankizil.tr\/uk\/haberler\/gundem\/minikler-cumhuriyet-bayramini-coskuyla-kutladi\/\" \/>\n<meta property=\"og:locale\" content=\"uk_UA\" \/>\n<meta property=\"og:type\" content=\"article\" \/>\n<meta property=\"og:title\" content=\"Minikler Cumhuriyet Bayram\u0131n\u0131 co\u015fkuyla kutlad\u0131\" \/>\n<meta property=\"og:description\" content=\"B\u00fcy\u00fck\u015fehir\u2019in organize etti\u011fi 29 Ekim Cumhuriyet Bayram\u0131 etkinlikleri kapsam\u0131nda \u00e7ocuklar, Cumhuriyet\u2019in 101\u2019inci y\u0131l\u0131n\u0131 co\u015fkuyla kutlad\u0131 \u200bB\u00fcy\u00fck\u015fehir\u2019in organize etti\u011fi 29 Ekim Cumhuriyet Bayram\u0131 etkinlikleri kapsam\u0131nda \u00e7ocuklar, Cumhuriyet\u2019in 101\u2019inci y\u0131l\u0131n\u0131 co\u015fkuyla kutlad\u0131\u00a0 \u200bHaberin Al\u0131nt\u0131land\u0131\u011f\u0131 Kaynak: www.iskenderun.org\" \/>\n<meta property=\"og:url\" content=\"https:\/\/denizcankizil.tr\/uk\/haberler\/gundem\/minikler-cumhuriyet-bayramini-coskuyla-kutladi\/\" \/>\n<meta property=\"og:site_name\" content=\"Av. Deniz Can K\u0131z\u0131l\" \/>\n<meta property=\"article:published_time\" content=\"2024-10-28T12:42:44+00:00\" \/>\n<meta name=\"twitter:card\" content=\"summary_large_image\" \/>\n<script type=\"application\/ld+json\" class=\"yoast-schema-graph\">{\"@context\":\"https:\/\/schema.org\",\"@graph\":[{\"@type\":\"Article\",\"@id\":\"https:\/\/denizcankizil.tr\/uk\/haberler\/gundem\/minikler-cumhuriyet-bayramini-coskuyla-kutladi\/#article\",\"isPartOf\":{\"@id\":\"https:\/\/denizcankizil.tr\/uk\/haberler\/gundem\/minikler-cumhuriyet-bayramini-coskuyla-kutladi\/\"},\"author\":{\"name\":\"\",\"@id\":\"\"},\"headline\":\"Minikler Cumhuriyet Bayram\u0131n\u0131 co\u015fkuyla kutlad\u0131\",\"datePublished\":\"2024-10-28T12:42:44+00:00\",\"mainEntityOfPage\":{\"@id\":\"https:\/\/denizcankizil.tr\/uk\/haberler\/gundem\/minikler-cumhuriyet-bayramini-coskuyla-kutladi\/\"},\"wordCount\":63,\"commentCount\":0,\"publisher\":{\"@id\":\"https:\/\/denizcankizil.tr\/#organization\"},\"articleSection\":[\"G\u00fcndem\",\"Uncategorized\"],\"inLanguage\":\"uk\",\"potentialAction\":[{\"@type\":\"CommentAction\",\"name\":\"Comment\",\"target\":[\"https:\/\/denizcankizil.tr\/uk\/haberler\/gundem\/minikler-cumhuriyet-bayramini-coskuyla-kutladi\/#respond\"]}]},{\"@type\":\"WebPage\",\"@id\":\"https:\/\/denizcankizil.tr\/uk\/haberler\/gundem\/minikler-cumhuriyet-bayramini-coskuyla-kutladi\/\",\"url\":\"https:\/\/denizcankizil.tr\/uk\/haberler\/gundem\/minikler-cumhuriyet-bayramini-coskuyla-kutladi\/\",\"name\":\"Minikler Cumhuriyet Bayram\u0131n\u0131 co\u015fkuyla kutlad\u0131 - Av. Deniz Can K\u0131z\u0131l\",\"isPartOf\":{\"@id\":\"https:\/\/denizcankizil.tr\/#website\"},\"datePublished\":\"2024-10-28T12:42:44+00:00\",\"breadcrumb\":{\"@id\":\"https:\/\/denizcankizil.tr\/uk\/haberler\/gundem\/minikler-cumhuriyet-bayramini-coskuyla-kutladi\/#breadcrumb\"},\"inLanguage\":\"uk\",\"potentialAction\":[{\"@type\":\"ReadAction\",\"target\":[\"https:\/\/denizcankizil.tr\/uk\/haberler\/gundem\/minikler-cumhuriyet-bayramini-coskuyla-kutladi\/\"]}]},{\"@type\":\"BreadcrumbList\",\"@id\":\"https:\/\/denizcankizil.tr\/uk\/haberler\/gundem\/minikler-cumhuriyet-bayramini-coskuyla-kutladi\/#breadcrumb\",\"itemListElement\":[{\"@type\":\"ListItem\",\"position\":1,\"name\":\"Home\",\"item\":\"https:\/\/denizcankizil.tr\/de\/\"},{\"@type\":\"ListItem\",\"position\":2,\"name\":\"Minikler Cumhuriyet Bayram\u0131n\u0131 co\u015fkuyla kutlad\u0131\"}]},{\"@type\":\"WebSite\",\"@id\":\"https:\/\/denizcankizil.tr\/#website\",\"url\":\"https:\/\/denizcankizil.tr\/\",\"name\":\"Av. Deniz Can K\u0131z\u0131l\",\"description\":\"Avukat Deniz Can K\u0131z\u0131l Antalya Barosu\",\"publisher\":{\"@id\":\"https:\/\/denizcankizil.tr\/#organization\"},\"potentialAction\":[{\"@type\":\"SearchAction\",\"target\":{\"@type\":\"EntryPoint\",\"urlTemplate\":\"https:\/\/denizcankizil.tr\/?s={search_term_string}\"},\"query-input\":{\"@type\":\"PropertyValueSpecification\",\"valueRequired\":true,\"valueName\":\"search_term_string\"}}],\"inLanguage\":\"uk\"},{\"@type\":\"Organization\",\"@id\":\"https:\/\/denizcankizil.tr\/#organization\",\"name\":\"Av. Deniz Can K\u0131z\u0131l\",\"url\":\"https:\/\/denizcankizil.tr\/\",\"logo\":{\"@type\":\"ImageObject\",\"inLanguage\":\"uk\",\"@id\":\"https:\/\/denizcankizil.tr\/#\/schema\/logo\/image\/\",\"url\":\"https:\/\/denizcankizil.tr\/wp-content\/uploads\/2024\/10\/siyah-logo-svg.svg\",\"contentUrl\":\"https:\/\/denizcankizil.tr\/wp-content\/uploads\/2024\/10\/siyah-logo-svg.svg\",\"width\":1080,\"height\":1080,\"caption\":\"Av. Deniz Can K\u0131z\u0131l\"},\"image\":{\"@id\":\"https:\/\/denizcankizil.tr\/#\/schema\/logo\/image\/\"}}]}<\/script>\n<!-- \/ Yoast SEO Premium plugin. -->","yoast_head_json":{"title":"Minikler Cumhuriyet Bayram\u0131n\u0131 co\u015fkuyla kutlad\u0131 - Av. Deniz Can K\u0131z\u0131l","robots":{"index":"index","follow":"follow","max-snippet":"max-snippet:-1","max-image-preview":"max-image-preview:large","max-video-preview":"max-video-preview:-1"},"canonical":"https:\/\/denizcankizil.tr\/uk\/haberler\/gundem\/minikler-cumhuriyet-bayramini-coskuyla-kutladi\/","og_locale":"uk_UA","og_type":"article","og_title":"Minikler Cumhuriyet Bayram\u0131n\u0131 co\u015fkuyla kutlad\u0131","og_description":"B\u00fcy\u00fck\u015fehir\u2019in organize etti\u011fi 29 Ekim Cumhuriyet Bayram\u0131 etkinlikleri kapsam\u0131nda \u00e7ocuklar, Cumhuriyet\u2019in 101\u2019inci y\u0131l\u0131n\u0131 co\u015fkuyla kutlad\u0131 \u200bB\u00fcy\u00fck\u015fehir\u2019in organize etti\u011fi 29 Ekim Cumhuriyet Bayram\u0131 etkinlikleri kapsam\u0131nda \u00e7ocuklar, Cumhuriyet\u2019in 101\u2019inci y\u0131l\u0131n\u0131 co\u015fkuyla kutlad\u0131\u00a0 \u200bHaberin Al\u0131nt\u0131land\u0131\u011f\u0131 Kaynak: www.iskenderun.org","og_url":"https:\/\/denizcankizil.tr\/uk\/haberler\/gundem\/minikler-cumhuriyet-bayramini-coskuyla-kutladi\/","og_site_name":"Av. Deniz Can K\u0131z\u0131l","article_published_time":"2024-10-28T12:42:44+00:00","twitter_card":"summary_large_image","schema":{"@context":"https:\/\/schema.org","@graph":[{"@type":"Article","@id":"https:\/\/denizcankizil.tr\/uk\/haberler\/gundem\/minikler-cumhuriyet-bayramini-coskuyla-kutladi\/#article","isPartOf":{"@id":"https:\/\/denizcankizil.tr\/uk\/haberler\/gundem\/minikler-cumhuriyet-bayramini-coskuyla-kutladi\/"},"author":{"name":"","@id":""},"headline":"Minikler Cumhuriyet Bayram\u0131n\u0131 co\u015fkuyla kutlad\u0131","datePublished":"2024-10-28T12:42:44+00:00","mainEntityOfPage":{"@id":"https:\/\/denizcankizil.tr\/uk\/haberler\/gundem\/minikler-cumhuriyet-bayramini-coskuyla-kutladi\/"},"wordCount":63,"commentCount":0,"publisher":{"@id":"https:\/\/denizcankizil.tr\/#organization"},"articleSection":["G\u00fcndem","Uncategorized"],"inLanguage":"uk","potentialAction":[{"@type":"CommentAction","name":"Comment","target":["https:\/\/denizcankizil.tr\/uk\/haberler\/gundem\/minikler-cumhuriyet-bayramini-coskuyla-kutladi\/#respond"]}]},{"@type":"WebPage","@id":"https:\/\/denizcankizil.tr\/uk\/haberler\/gundem\/minikler-cumhuriyet-bayramini-coskuyla-kutladi\/","url":"https:\/\/denizcankizil.tr\/uk\/haberler\/gundem\/minikler-cumhuriyet-bayramini-coskuyla-kutladi\/","name":"Minikler Cumhuriyet Bayram\u0131n\u0131 co\u015fkuyla kutlad\u0131 - Av. Deniz Can K\u0131z\u0131l","isPartOf":{"@id":"https:\/\/denizcankizil.tr\/#website"},"datePublished":"2024-10-28T12:42:44+00:00","breadcrumb":{"@id":"https:\/\/denizcankizil.tr\/uk\/haberler\/gundem\/minikler-cumhuriyet-bayramini-coskuyla-kutladi\/#breadcrumb"},"inLanguage":"uk","potentialAction":[{"@type":"ReadAction","target":["https:\/\/denizcankizil.tr\/uk\/haberler\/gundem\/minikler-cumhuriyet-bayramini-coskuyla-kutladi\/"]}]},{"@type":"BreadcrumbList","@id":"https:\/\/denizcankizil.tr\/uk\/haberler\/gundem\/minikler-cumhuriyet-bayramini-coskuyla-kutladi\/#breadcrumb","itemListElement":[{"@type":"ListItem","position":1,"name":"Home","item":"https:\/\/denizcankizil.tr\/de\/"},{"@type":"ListItem","position":2,"name":"Minikler Cumhuriyet Bayram\u0131n\u0131 co\u015fkuyla kutlad\u0131"}]},{"@type":"WebSite","@id":"https:\/\/denizcankizil.tr\/#website","url":"https:\/\/denizcankizil.tr\/","name":"Av. Deniz Can K\u0131z\u0131l","description":"Avukat Deniz Can K\u0131z\u0131l Antalya Barosu","publisher":{"@id":"https:\/\/denizcankizil.tr\/#organization"},"potentialAction":[{"@type":"SearchAction","target":{"@type":"EntryPoint","urlTemplate":"https:\/\/denizcankizil.tr\/?s={search_term_string}"},"query-input":{"@type":"PropertyValueSpecification","valueRequired":true,"valueName":"search_term_string"}}],"inLanguage":"uk"},{"@type":"Organization","@id":"https:\/\/denizcankizil.tr\/#organization","name":"Av. Deniz Can K\u0131z\u0131l","url":"https:\/\/denizcankizil.tr\/","logo":{"@type":"ImageObject","inLanguage":"uk","@id":"https:\/\/denizcankizil.tr\/#\/schema\/logo\/image\/","url":"https:\/\/denizcankizil.tr\/wp-content\/uploads\/2024\/10\/siyah-logo-svg.svg","contentUrl":"https:\/\/denizcankizil.tr\/wp-content\/uploads\/2024\/10\/siyah-logo-svg.svg","width":1080,"height":1080,"caption":"Av. Deniz Can K\u0131z\u0131l"},"image":{"@id":"https:\/\/denizcankizil.tr\/#\/schema\/logo\/image\/"}}]}},"_links":{"self":[{"href":"https:\/\/denizcankizil.tr\/uk\/wp-json\/wp\/v2\/posts\/9500","targetHints":{"allow":["GET"]}}],"collection":[{"href":"https:\/\/denizcankizil.tr\/uk\/wp-json\/wp\/v2\/posts"}],"about":[{"href":"https:\/\/denizcankizil.tr\/uk\/wp-json\/wp\/v2\/types\/post"}],"replies":[{"embeddable":true,"href":"https:\/\/denizcankizil.tr\/uk\/wp-json\/wp\/v2\/comments?post=9500"}],"version-history":[{"count":0,"href":"https:\/\/denizcankizil.tr\/uk\/wp-json\/wp\/v2\/posts\/9500\/revisions"}],"wp:attachment":[{"href":"https:\/\/denizcankizil.tr\/uk\/wp-json\/wp\/v2\/media?parent=9500"}],"wp:term":[{"taxonomy":"category","embeddable":true,"href":"https:\/\/denizcankizil.tr\/uk\/wp-json\/wp\/v2\/categories?post=9500"},{"taxonomy":"post_tag","embeddable":true,"href":"https:\/\/denizcankizil.tr\/uk\/wp-json\/wp\/v2\/tags?post=9500"}],"curies":[{"name":"wp","href":"https:\/\/api.w.org\/{rel}","templated":true}]}}