{"id":94689,"date":"2025-05-23T12:41:25","date_gmt":"2025-05-23T09:41:25","guid":{"rendered":"https:\/\/denizcankizil.tr\/uncategorized-tr\/antalyada-turizmcilerin-doviz-kuru-rahatsizligi-sikayetlerini-bakan-ersoya-ilettiler\/"},"modified":"2025-05-23T12:41:25","modified_gmt":"2025-05-23T09:41:25","slug":"antalyada-turizmcilerin-doviz-kuru-rahatsizligi-sikayetlerini-bakan-ersoya-ilettiler","status":"publish","type":"post","link":"https:\/\/denizcankizil.tr\/uk\/haberler\/gundem\/antalyada-turizmcilerin-doviz-kuru-rahatsizligi-sikayetlerini-bakan-ersoya-ilettiler\/","title":{"rendered":"Antalya\u2019da turizmcilerin d\u00f6viz kuru rahats\u0131zl\u0131\u011f\u0131: \u015eikayetlerini Bakan Ersoy\u2019a ilettiler!"},"content":{"rendered":"<p>Akdeniz Turistik Otelciler ve \u0130\u015fletmeciler Birli\u011fi (AKTOB)\u2019un geleneksel ayl\u0131k toplant\u0131s\u0131, bu ay K\u00fclt\u00fcr ve Turizm Bakan\u0131 Mehmet Nuri Ersoy\u2019u a\u011f\u0131rlad\u0131. AKTOB Y\u00f6netim Kurulu Ba\u015fkan\u0131 Kaan Kavalo\u011flu\u2019nun ev sahipli\u011finde Akra Hotel\u2019de ger\u00e7ekle\u015ftirilen toplant\u0131ya sekt\u00f6r\u00fcn \u00f6nde gelen temsilcileri yo\u011fun ilgi g\u00f6sterdi.<\/p>\n<p>D\u00d6V\u0130Z KURUNU ELE\u015eT\u0130RD\u0130<\/p>\n<p>Toplant\u0131n\u0131n ana g\u00fcndeminde, T\u00fcrkiye\u2019nin 2024 turizm performans\u0131, 2025 y\u0131l\u0131 hedefleri ve \u00f6zellikle Polonya ile Romanya pazarlar\u0131na y\u00f6nelik geli\u015fmeler yer ald\u0131. Ayn\u0131 zamanda dijital tan\u0131t\u0131m faaliyetleri, s\u00fcrd\u00fcr\u00fclebilirlik politikalar\u0131 ve Antalya\u2019n\u0131n k\u00fclt\u00fcrel \u00e7e\u015fitlili\u011fini \u00f6n plana \u00e7\u0131karan projeler de masaya yat\u0131r\u0131ld\u0131.<\/p>\n<p>D\u00d6V\u0130Z KURU RAHATSIZLI\u011eI<\/p>\n<p>AKTOB Ba\u015fkan\u0131 Kaan Kavalo\u011flu, konu\u015fmas\u0131nda d\u00f6viz kurundaki dalgalanmalar\u0131n sekt\u00f6r\u00fc zorlad\u0131\u011f\u0131n\u0131 belirterek, \u201cDevletimizin eekonomi politikas\u0131n\u0131 destekliyoruz. \u0130hracat\u00e7\u0131lar gibi bizim i\u00e7in de d\u00f6viz kuru \u00e7ok \u00f6nemli. D\u00f6viz kurunun bu \u015fekilde stabilize gitmesi bizi olduk\u00e7a yoruyor. Turizmi milli bir mesele olarak g\u00f6r\u00fcyoruz. Turizmde \u00e7ok \u00f6nemli bir yere geldik. Bu zorluklar\u0131 da sizlerin deste\u011fi ile atlataca\u011f\u0131m\u0131za inan\u0131yoruz.\u201d dedi.<\/p>\n<p>Y\u00dcZDE 95 \u00dcZER\u0130NDE ARTI\u015e<\/p>\n<p>Kavalo\u011flu, \u201c2024 y\u0131l\u0131 tarihi rekorlar\u0131n k\u0131r\u0131ld\u0131\u011f\u0131 bir y\u0131l oldu. Hedeflerimizi yukar\u0131 revize ettik. 2017 ve 2024 y\u0131llar\u0131 aras\u0131nda turist say\u0131s\u0131nda 64 turizm gelirlerinde ise y\u00fczde 95 \u00fczerinde bir art\u0131\u015f ya\u015fand\u0131. 2017 y\u0131l\u0131nda ki\u015fi baz\u0131 geceleme 75 dolar iken 2024 y\u0131l\u0131nda 108 dolara 2025 y\u0131l\u0131n\u0131n ilk \u00e7eyre\u011finde ise 116 dolara y\u00fckseldi.\u201d s\u00f6zlerine yer verdi.<\/p>\n<p>POLONYA \u0130LG\u0130S\u0130<\/p>\n<p>Kaan Kavalo\u011flu, \u201cPolonya, son y\u0131llarda \u00e7ok ciddi bir turizm potansiyeli haline geldi. Al\u0131m g\u00fcc\u00fc y\u00fcksek turist profiliyle dikkat \u00e7eken bu pazarda, \u00f6zellikle 30 ya\u015f alt\u0131 ziyaret\u00e7iler al\u0131\u015fveri\u015f turizmine ilgi g\u00f6steriyor. Orta s\u0131n\u0131f ise deniz, kum ve g\u00fcne\u015fi \u00f6nceliyor.\u201d dedi. Kavalo\u011flu, Polonya\u2019dan gelen turist say\u0131s\u0131n\u0131n ge\u00e7en y\u0131l 1 milyonu ge\u00e7ti\u011fini, T\u00fcrkiye\u2019nin bu \u00fclkede en \u00e7ok tercih edilen 4\u2019\u00fcnc\u00fc destinasyon oldu\u011funu kaydetti.<\/p>\n<p>ROMANYA HEDEF\u0130<\/p>\n<p>Romanya ise T\u00fcrkiye\u2019nin ikinci b\u00fcy\u00fck kaynak pazar\u0131 konumunda. Romen turistlerin kimlik kart\u0131yla \u00fclkeye giri\u015f yapabilmesi, bu pazar\u0131n cazibesini art\u0131r\u0131yor. Kavalo\u011flu, 2024 y\u0131l\u0131nda yurt d\u0131\u015f\u0131na \u00e7\u0131kan Romen turist say\u0131s\u0131n\u0131n 10,9 milyona ula\u015ft\u0131\u011f\u0131n\u0131, Antalya\u2019ya gelen Romen turist say\u0131s\u0131n\u0131n ise 400 bini ge\u00e7ti\u011fini belirtti. Kaan Kavalo\u011flu, \u201cRomanya\u2019da da T\u00fcrkiye, en \u00e7ok tercih edilen \u00fclkeler aras\u0131nda 4. s\u0131rada. Hedefimiz, Romen turist say\u0131s\u0131n\u0131 da 1 milyonun \u00fczerine \u00e7\u0131karmak.\u201d dedi.<\/p>\n<p>TUR\u0130ZM GEL\u0130RLER\u0130 ARTTI<\/p>\n<p>K\u00fclt\u00fcr ve Turizm Bakan\u0131 Mehmet Nuri Ersoy ise konu\u015fmas\u0131nda T\u00fcrkiye\u2019nin turizmde geldi\u011fi noktay\u0131 rakamlarla ortaya koydu. 2024 y\u0131l\u0131n\u0131n rekorlarla dolu bir d\u00f6nem oldu\u011funu ifade eden Ersoy, 62,3 milyon ziyaret\u00e7i ve 61,1 milyar dolar gelir ile y\u0131l\u0131 kapatt\u0131klar\u0131n\u0131 s\u00f6yledi. 2017-2024 d\u00f6neminde ziyaret\u00e7i say\u0131s\u0131nda y\u00fczde 64, turizm gelirlerinde ise y\u00fczde 95,5 oran\u0131nda art\u0131\u015f sa\u011fland\u0131\u011f\u0131n\u0131 belirten Ersoy, nitelikli turist hedefinin ba\u015far\u0131ya ula\u015ft\u0131\u011f\u0131n\u0131 ifade etti. Ki\u015fi ba\u015f\u0131 gecelik harcaman\u0131n 2017\u2019de 75 dolarken, 2024\u2019te 106 dolara, 2025 hedefiyle birlikte 116 dolara ula\u015ft\u0131\u011f\u0131n\u0131 aktard\u0131.<\/p>\n<p>HEDEF 64 M\u0130LYAR DOLAR<\/p>\n<p>Bakan Ersoy, \u201cBu geli\u015fmeler, Birle\u015fmi\u015f Milletler Turizm \u00d6rg\u00fct\u00fc s\u0131ralamalar\u0131na da yans\u0131d\u0131. T\u00fcrkiye, 2017 y\u0131l\u0131nda 8\u2019inci s\u0131radayken, 2023\u2019te 5\u2019inci s\u0131raya, 2024\u2019te ise 4\u2019nc\u00fc s\u0131raya y\u00fckseldi. 2025 y\u0131l\u0131 i\u00e7in hedefimiz 65 milyon turist ve 64 milyar dolar gelir. Antalya, sadece T\u00fcrkiye&#8217;nin de\u011fil, d\u00fcnyan\u0131n da en \u00f6nemli turizm destinasyonlar\u0131ndan biri olma yolunda kararl\u0131l\u0131kla ilerliyor. Bu ba\u015far\u0131, sadece do\u011fal g\u00fczelliklerimizin de\u011fil, ayn\u0131 zamanda y\u00fcr\u00fctt\u00fc\u011f\u00fcm\u00fcz stratejik tan\u0131t\u0131m \u00e7al\u0131\u015fmalar\u0131n\u0131n ve yerel payda\u015flar\u0131m\u0131zla kurdu\u011fumuz g\u00fc\u00e7l\u00fc i\u015f birliklerinin bir sonucu.\u201d s\u00f6zlerine yer verdi.<\/p>\n<p>138 M\u0130LYON G\u00d6R\u00dcNT\u00dcLEME<\/p>\n<p>Bakan Ersoy, 2024 y\u0131l\u0131nda Antalya\u2019da ger\u00e7ekle\u015ftirilen 46 etkinlikte 32 \u00fclkeden 697 ki\u015fiyi a\u011f\u0131rland\u0131\u011f\u0131n\u0131 s\u00f6zlerine ekledi. Ersoy, \u201c2025 y\u0131l\u0131n\u0131n yaln\u0131zca ilk d\u00f6rt ay\u0131nda bu rakam\u0131 1288 ki\u015fiye \u00e7\u0131karm\u0131\u015f olmam\u0131z, do\u011fru yolda ilerledi\u011fimizin a\u00e7\u0131k bir g\u00f6stergesi. Bu kapsamda \u00f6zellikle Wizz Air ile hayata ge\u00e7irdi\u011fimiz \u201cGet Lost with Wizz Air\u201d kampanyas\u0131, 138 milyon g\u00f6r\u00fcnt\u00fclenmeye ula\u015farak tarihin en ba\u015far\u0131l\u0131 kampanyalar\u0131ndan biri oldu.\u201d s\u00f6zlerine yer verdi.<\/p>\n<p>ANTALYA \u00d6N PLANA \u00c7IKARILIYOR<\/p>\n<p>Tan\u0131t\u0131m faaliyetlerini dijital mecralarda da yo\u011fun bi\u00e7imde s\u00fcrd\u00fcrd\u00fcklerini kaydeden Bakan Ersoy, \u201cGoT\u00fcrkiye platformumuz \u00fczerinden 2024 y\u0131l\u0131nda 901 milyon, 2025\u2019in ilk \u00e7eyre\u011finde ise 176 milyonun \u00fczerinde dijital g\u00f6sterim elde ettik. Sosyal medya payla\u015f\u0131mlar\u0131m\u0131z ise milyonlarca ki\u015fiye ula\u015farak Antalya&#8217;n\u0131n d\u00fcnya genelinde tan\u0131n\u0131rl\u0131\u011f\u0131n\u0131 peki\u015ftirdi. Sadece tan\u0131t\u0131mla yetinmiyor, i\u00e7erik \u00fcretimiyle de Antalya\u2019n\u0131n k\u00fclt\u00fcrel ve tarihi zenginliklerini \u00f6n plana \u00e7\u0131kar\u0131yoruz.\u201d dedi.<\/p>\n<p>\u00c7OK Y\u00d6NL\u00dc DEST\u0130NASYON<\/p>\n<p>Bakan Ersoy, \u201cGece m\u00fczecili\u011fi gibi yenilik\u00e7i uygulamalarla sezonu 12 aya yaymay\u0131, ziyaret\u00e7ileri otel d\u0131\u015f\u0131na \u00e7\u0131karmay\u0131 ve turistik hareketlili\u011fi kent merkezlerine ta\u015f\u0131may\u0131 hedefliyoruz. Alanya, Aspendos, Side, Patara gibi \u00f6ren yerlerimizin gece saatlerinde de ziyarete a\u00e7\u0131k olmas\u0131, bu hedefin somut bir ad\u0131m\u0131 olarak \u00f6ne \u00e7\u0131kt\u0131. Antalya sadece deniz, kum ve g\u00fcne\u015ften ibaret de\u011fildir. Spor turizminden gastronomiye, k\u00fclt\u00fcrden do\u011faya kadar \u00e7ok y\u00f6nl\u00fc bir destinasyon oldu\u011funu art\u0131k t\u00fcm d\u00fcnya biliyor.\u201d a\u00e7\u0131klamas\u0131nda bulundu.<\/p>\n<p>D\u0130J\u0130TALDE YO\u011eUN TANITIM<\/p>\n<p>Antalya\u2019n\u0131n yaln\u0131zca deniz, kum ve g\u00fcne\u015f ile ba\u011flant\u0131l\u0131 olmad\u0131\u011f\u0131n\u0131 ifade eden Bakan Ersoy, \u201cBisiklet turizmi, do\u011fa ve spor turizmi, arkeoloji, gastronomi ve k\u00fclt\u00fcr rotalar\u0131yla \u00e7ok y\u00f6nl\u00fc bir turizm anlay\u0131\u015f\u0131n\u0131 yayg\u0131nla\u015ft\u0131r\u0131yoruz. 2025 y\u0131l\u0131 itibar\u0131yla T\u00fcrkiye genelinde 28\u2019i Antalya\u2019da olmak \u00fczere 58 bisiklet dostu konaklama tesisi hizmet veriyor. GoT\u00fcrkiye platformumuz, bug\u00fcn 4.5 milyon TikTok, 5.16 milyon YouTube, 3.8 milyon Instagram takip\u00e7isiyle d\u00fcnya \u00e7ap\u0131nda en \u00e7ok takip edilen \u00fclke tan\u0131t\u0131m hesab\u0131 oldu\u201d dedi.<\/p>\n<p>Bakan Ersoy, 2025 y\u0131l\u0131n\u0131n turizmde yeni rekorlar k\u0131racaklar\u0131 bir y\u0131l olaca\u011f\u0131n\u0131 s\u00f6zlerine ekledi. Ersoy, \u201cHep birlikte T\u00fcrkiye\u2019yi turizmde k\u00fcresel bir marka haline getirmeye devam edece\u011fiz.\u201d a\u00e7\u0131klamas\u0131nda bulundu. Toplant\u0131ya Antalya Valisi Hulusi \u015eahin, Antalya B\u00fcy\u00fck\u015fehir Belediye Ba\u015fkan\u0131 Muhittin B\u00f6cek de kat\u0131larak haz\u0131r bulundu.<\/p>\n<p>\u200bAntalya\u2019da turizm sekt\u00f6r\u00fcn\u00fcn \u00f6nde gelenleri dura\u011fan giden d\u00f6viz kurunun kendileri i\u00e7in yorucu bir hale geldi\u011fini ifade etti. K\u00fclt\u00fcr ve Turizm Bakan\u0131 Mehmet Nuri Ersoy\u2019un kat\u0131ld\u0131\u011f\u0131 toplant\u0131da konu\u015fan AKTOB Ba\u015fkan\u0131 Kaan Kavalo\u011flu, bakandan destek istedi.\u00a0<\/p>\n<p>\u200bHaberin Al\u0131nt\u0131land\u0131\u011f\u0131 Kaynak: www.antalyakorfez.com<\/p>","protected":false},"excerpt":{"rendered":"<p>Akdeniz Turistik Otelciler ve \u0130\u015fletmeciler Birli\u011fi (AKTOB)\u2019un geleneksel ayl\u0131k toplant\u0131s\u0131, bu ay K\u00fclt\u00fcr ve Turizm Bakan\u0131 Mehmet Nuri Ersoy\u2019u a\u011f\u0131rlad\u0131. AKTOB Y\u00f6netim Kurulu Ba\u015fkan\u0131 Kaan Kavalo\u011flu\u2019nun ev sahipli\u011finde Akra Hotel\u2019de ger\u00e7ekle\u015ftirilen toplant\u0131ya sekt\u00f6r\u00fcn \u00f6nde gelen temsilcileri yo\u011fun ilgi g\u00f6sterdi. D\u00d6V\u0130Z KURUNU ELE\u015eT\u0130RD\u0130 Toplant\u0131n\u0131n ana g\u00fcndeminde, T\u00fcrkiye\u2019nin 2024 turizm performans\u0131, 2025 y\u0131l\u0131 hedefleri ve \u00f6zellikle Polonya ile Romanya pazarlar\u0131na y\u00f6nelik geli\u015fmeler yer ald\u0131. Ayn\u0131 zamanda dijital tan\u0131t\u0131m faaliyetleri, s\u00fcrd\u00fcr\u00fclebilirlik politikalar\u0131 ve Antalya\u2019n\u0131n k\u00fclt\u00fcrel \u00e7e\u015fitlili\u011fini \u00f6n plana \u00e7\u0131karan projeler de masaya yat\u0131r\u0131ld\u0131. D\u00d6V\u0130Z KURU RAHATSIZLI\u011eI AKTOB Ba\u015fkan\u0131 Kaan Kavalo\u011flu, konu\u015fmas\u0131nda d\u00f6viz kurundaki dalgalanmalar\u0131n sekt\u00f6r\u00fc zorlad\u0131\u011f\u0131n\u0131 belirterek, \u201cDevletimizin eekonomi politikas\u0131n\u0131 destekliyoruz. \u0130hracat\u00e7\u0131lar gibi bizim i\u00e7in de d\u00f6viz kuru \u00e7ok \u00f6nemli. D\u00f6viz kurunun bu \u015fekilde stabilize gitmesi bizi olduk\u00e7a yoruyor. Turizmi milli bir mesele olarak g\u00f6r\u00fcyoruz. Turizmde \u00e7ok \u00f6nemli bir yere geldik. Bu zorluklar\u0131 da sizlerin deste\u011fi ile atlataca\u011f\u0131m\u0131za inan\u0131yoruz.\u201d dedi. Y\u00dcZDE 95 \u00dcZER\u0130NDE ARTI\u015e Kavalo\u011flu, \u201c2024 y\u0131l\u0131 tarihi rekorlar\u0131n k\u0131r\u0131ld\u0131\u011f\u0131 bir y\u0131l oldu. Hedeflerimizi yukar\u0131 revize ettik. 2017 ve 2024 y\u0131llar\u0131 aras\u0131nda turist say\u0131s\u0131nda 64 turizm gelirlerinde ise y\u00fczde 95 \u00fczerinde bir art\u0131\u015f ya\u015fand\u0131. 2017 y\u0131l\u0131nda ki\u015fi baz\u0131 geceleme 75 dolar iken 2024 y\u0131l\u0131nda 108 dolara 2025 y\u0131l\u0131n\u0131n ilk \u00e7eyre\u011finde ise 116 dolara y\u00fckseldi.\u201d s\u00f6zlerine yer verdi. POLONYA \u0130LG\u0130S\u0130 Kaan Kavalo\u011flu, \u201cPolonya, son &hellip;<\/p>","protected":false},"author":5,"featured_media":0,"comment_status":"","ping_status":"open","sticky":false,"template":"","format":"standard","meta":{"_acf_changed":false,"footnotes":""},"categories":[24],"tags":[],"class_list":["post-94689","post","type-post","status-publish","format-standard","has-post-thumbnail","hentry","category-gundem"],"acf":[],"yoast_head":"<!-- This site is optimized with the Yoast SEO Premium plugin v26.6 (Yoast SEO v27.1.1) - https:\/\/yoast.com\/product\/yoast-seo-premium-wordpress\/ -->\n<title>Antalya\u2019da turizmcilerin d\u00f6viz kuru rahats\u0131zl\u0131\u011f\u0131: \u015eikayetlerini Bakan Ersoy\u2019a ilettiler! - Av. Deniz Can K\u0131z\u0131l<\/title>\n<meta name=\"robots\" content=\"index, follow, max-snippet:-1, max-image-preview:large, max-video-preview:-1\" \/>\n<link rel=\"canonical\" href=\"https:\/\/denizcankizil.tr\/uk\/haberler\/gundem\/antalyada-turizmcilerin-doviz-kuru-rahatsizligi-sikayetlerini-bakan-ersoya-ilettiler\/\" \/>\n<meta property=\"og:locale\" content=\"uk_UA\" \/>\n<meta property=\"og:type\" content=\"article\" \/>\n<meta property=\"og:title\" content=\"Antalya\u2019da turizmcilerin d\u00f6viz kuru rahats\u0131zl\u0131\u011f\u0131: \u015eikayetlerini Bakan Ersoy\u2019a ilettiler!\" \/>\n<meta property=\"og:description\" content=\"Akdeniz Turistik Otelciler ve \u0130\u015fletmeciler Birli\u011fi (AKTOB)\u2019un geleneksel ayl\u0131k toplant\u0131s\u0131, bu ay K\u00fclt\u00fcr ve Turizm Bakan\u0131 Mehmet Nuri Ersoy\u2019u a\u011f\u0131rlad\u0131. AKTOB Y\u00f6netim Kurulu Ba\u015fkan\u0131 Kaan Kavalo\u011flu\u2019nun ev sahipli\u011finde Akra Hotel\u2019de ger\u00e7ekle\u015ftirilen toplant\u0131ya sekt\u00f6r\u00fcn \u00f6nde gelen temsilcileri yo\u011fun ilgi g\u00f6sterdi. D\u00d6V\u0130Z KURUNU ELE\u015eT\u0130RD\u0130 Toplant\u0131n\u0131n ana g\u00fcndeminde, T\u00fcrkiye\u2019nin 2024 turizm performans\u0131, 2025 y\u0131l\u0131 hedefleri ve \u00f6zellikle Polonya ile Romanya pazarlar\u0131na y\u00f6nelik geli\u015fmeler yer ald\u0131. Ayn\u0131 zamanda dijital tan\u0131t\u0131m faaliyetleri, s\u00fcrd\u00fcr\u00fclebilirlik politikalar\u0131 ve Antalya\u2019n\u0131n k\u00fclt\u00fcrel \u00e7e\u015fitlili\u011fini \u00f6n plana \u00e7\u0131karan projeler de masaya yat\u0131r\u0131ld\u0131. D\u00d6V\u0130Z KURU RAHATSIZLI\u011eI AKTOB Ba\u015fkan\u0131 Kaan Kavalo\u011flu, konu\u015fmas\u0131nda d\u00f6viz kurundaki dalgalanmalar\u0131n sekt\u00f6r\u00fc zorlad\u0131\u011f\u0131n\u0131 belirterek, \u201cDevletimizin eekonomi politikas\u0131n\u0131 destekliyoruz. \u0130hracat\u00e7\u0131lar gibi bizim i\u00e7in de d\u00f6viz kuru \u00e7ok \u00f6nemli. D\u00f6viz kurunun bu \u015fekilde stabilize gitmesi bizi olduk\u00e7a yoruyor. Turizmi milli bir mesele olarak g\u00f6r\u00fcyoruz. Turizmde \u00e7ok \u00f6nemli bir yere geldik. Bu zorluklar\u0131 da sizlerin deste\u011fi ile atlataca\u011f\u0131m\u0131za inan\u0131yoruz.\u201d dedi. Y\u00dcZDE 95 \u00dcZER\u0130NDE ARTI\u015e Kavalo\u011flu, \u201c2024 y\u0131l\u0131 tarihi rekorlar\u0131n k\u0131r\u0131ld\u0131\u011f\u0131 bir y\u0131l oldu. Hedeflerimizi yukar\u0131 revize ettik. 2017 ve 2024 y\u0131llar\u0131 aras\u0131nda turist say\u0131s\u0131nda 64 turizm gelirlerinde ise y\u00fczde 95 \u00fczerinde bir art\u0131\u015f ya\u015fand\u0131. 2017 y\u0131l\u0131nda ki\u015fi baz\u0131 geceleme 75 dolar iken 2024 y\u0131l\u0131nda 108 dolara 2025 y\u0131l\u0131n\u0131n ilk \u00e7eyre\u011finde ise 116 dolara y\u00fckseldi.\u201d s\u00f6zlerine yer verdi. POLONYA \u0130LG\u0130S\u0130 Kaan Kavalo\u011flu, \u201cPolonya, son &hellip;\" \/>\n<meta property=\"og:url\" content=\"https:\/\/denizcankizil.tr\/uk\/haberler\/gundem\/antalyada-turizmcilerin-doviz-kuru-rahatsizligi-sikayetlerini-bakan-ersoya-ilettiler\/\" \/>\n<meta property=\"og:site_name\" content=\"Av. Deniz Can K\u0131z\u0131l\" \/>\n<meta property=\"article:published_time\" content=\"2025-05-23T09:41:25+00:00\" \/>\n<meta name=\"author\" content=\"Antalya K\u00f6rfez\" \/>\n<meta name=\"twitter:card\" content=\"summary_large_image\" \/>\n<meta name=\"twitter:label1\" content=\"\u041d\u0430\u043f\u0438\u0441\u0430\u043d\u043e\" \/>\n\t<meta name=\"twitter:data1\" content=\"Antalya K\u00f6rfez\" \/>\n\t<meta name=\"twitter:label2\" content=\"\u041f\u0440\u0438\u0431\u043b. \u0447\u0430\u0441 \u0447\u0438\u0442\u0430\u043d\u043d\u044f\" \/>\n\t<meta name=\"twitter:data2\" content=\"6 \u0445\u0432\u0438\u043b\u0438\u043d\" \/>\n<script type=\"application\/ld+json\" class=\"yoast-schema-graph\">{\"@context\":\"https:\/\/schema.org\",\"@graph\":[{\"@type\":\"Article\",\"@id\":\"https:\/\/denizcankizil.tr\/uk\/haberler\/gundem\/antalyada-turizmcilerin-doviz-kuru-rahatsizligi-sikayetlerini-bakan-ersoya-ilettiler\/#article\",\"isPartOf\":{\"@id\":\"https:\/\/denizcankizil.tr\/uk\/haberler\/gundem\/antalyada-turizmcilerin-doviz-kuru-rahatsizligi-sikayetlerini-bakan-ersoya-ilettiler\/\"},\"author\":{\"name\":\"Antalya K\u00f6rfez\",\"@id\":\"https:\/\/denizcankizil.tr\/#\/schema\/person\/e1eb71bb4dd684d46563f0af307e1234\"},\"headline\":\"Antalya\u2019da turizmcilerin d\u00f6viz kuru rahats\u0131zl\u0131\u011f\u0131: \u015eikayetlerini Bakan Ersoy\u2019a ilettiler!\",\"datePublished\":\"2025-05-23T09:41:25+00:00\",\"mainEntityOfPage\":{\"@id\":\"https:\/\/denizcankizil.tr\/uk\/haberler\/gundem\/antalyada-turizmcilerin-doviz-kuru-rahatsizligi-sikayetlerini-bakan-ersoya-ilettiler\/\"},\"wordCount\":1182,\"publisher\":{\"@id\":\"https:\/\/denizcankizil.tr\/#organization\"},\"articleSection\":[\"G\u00fcndem\"],\"inLanguage\":\"uk\"},{\"@type\":\"WebPage\",\"@id\":\"https:\/\/denizcankizil.tr\/uk\/haberler\/gundem\/antalyada-turizmcilerin-doviz-kuru-rahatsizligi-sikayetlerini-bakan-ersoya-ilettiler\/\",\"url\":\"https:\/\/denizcankizil.tr\/uk\/haberler\/gundem\/antalyada-turizmcilerin-doviz-kuru-rahatsizligi-sikayetlerini-bakan-ersoya-ilettiler\/\",\"name\":\"Antalya\u2019da turizmcilerin d\u00f6viz kuru rahats\u0131zl\u0131\u011f\u0131: \u015eikayetlerini Bakan Ersoy\u2019a ilettiler! - Av. Deniz Can K\u0131z\u0131l\",\"isPartOf\":{\"@id\":\"https:\/\/denizcankizil.tr\/#website\"},\"datePublished\":\"2025-05-23T09:41:25+00:00\",\"breadcrumb\":{\"@id\":\"https:\/\/denizcankizil.tr\/uk\/haberler\/gundem\/antalyada-turizmcilerin-doviz-kuru-rahatsizligi-sikayetlerini-bakan-ersoya-ilettiler\/#breadcrumb\"},\"inLanguage\":\"uk\",\"potentialAction\":[{\"@type\":\"ReadAction\",\"target\":[\"https:\/\/denizcankizil.tr\/uk\/haberler\/gundem\/antalyada-turizmcilerin-doviz-kuru-rahatsizligi-sikayetlerini-bakan-ersoya-ilettiler\/\"]}]},{\"@type\":\"BreadcrumbList\",\"@id\":\"https:\/\/denizcankizil.tr\/uk\/haberler\/gundem\/antalyada-turizmcilerin-doviz-kuru-rahatsizligi-sikayetlerini-bakan-ersoya-ilettiler\/#breadcrumb\",\"itemListElement\":[{\"@type\":\"ListItem\",\"position\":1,\"name\":\"Home\",\"item\":\"https:\/\/denizcankizil.tr\/de\/\"},{\"@type\":\"ListItem\",\"position\":2,\"name\":\"Antalya\u2019da turizmcilerin d\u00f6viz kuru rahats\u0131zl\u0131\u011f\u0131: \u015eikayetlerini Bakan Ersoy\u2019a ilettiler!\"}]},{\"@type\":\"WebSite\",\"@id\":\"https:\/\/denizcankizil.tr\/#website\",\"url\":\"https:\/\/denizcankizil.tr\/\",\"name\":\"Av. Deniz Can K\u0131z\u0131l\",\"description\":\"Avukat Deniz Can K\u0131z\u0131l Antalya Barosu\",\"publisher\":{\"@id\":\"https:\/\/denizcankizil.tr\/#organization\"},\"potentialAction\":[{\"@type\":\"SearchAction\",\"target\":{\"@type\":\"EntryPoint\",\"urlTemplate\":\"https:\/\/denizcankizil.tr\/?s={search_term_string}\"},\"query-input\":{\"@type\":\"PropertyValueSpecification\",\"valueRequired\":true,\"valueName\":\"search_term_string\"}}],\"inLanguage\":\"uk\"},{\"@type\":\"Organization\",\"@id\":\"https:\/\/denizcankizil.tr\/#organization\",\"name\":\"Av. Deniz Can K\u0131z\u0131l\",\"url\":\"https:\/\/denizcankizil.tr\/\",\"logo\":{\"@type\":\"ImageObject\",\"inLanguage\":\"uk\",\"@id\":\"https:\/\/denizcankizil.tr\/#\/schema\/logo\/image\/\",\"url\":\"https:\/\/denizcankizil.tr\/wp-content\/uploads\/2024\/10\/siyah-logo-svg.svg\",\"contentUrl\":\"https:\/\/denizcankizil.tr\/wp-content\/uploads\/2024\/10\/siyah-logo-svg.svg\",\"width\":1080,\"height\":1080,\"caption\":\"Av. Deniz Can K\u0131z\u0131l\"},\"image\":{\"@id\":\"https:\/\/denizcankizil.tr\/#\/schema\/logo\/image\/\"}},{\"@type\":\"Person\",\"@id\":\"https:\/\/denizcankizil.tr\/#\/schema\/person\/e1eb71bb4dd684d46563f0af307e1234\",\"name\":\"Antalya K\u00f6rfez\",\"image\":{\"@type\":\"ImageObject\",\"inLanguage\":\"uk\",\"@id\":\"https:\/\/denizcankizil.tr\/#\/schema\/person\/image\/\",\"url\":\"https:\/\/secure.gravatar.com\/avatar\/42b01982558a48a0b501fdcab6a408d3717ea5919095ee2e67b0e521799c5905?s=96&d=mm&r=g\",\"contentUrl\":\"https:\/\/secure.gravatar.com\/avatar\/42b01982558a48a0b501fdcab6a408d3717ea5919095ee2e67b0e521799c5905?s=96&d=mm&r=g\",\"caption\":\"Antalya K\u00f6rfez\"},\"sameAs\":[\"http:\/\/www.antalyakorfez.com\"],\"url\":\"https:\/\/www.antalyakorfez.com\/antalyada-turizmcilerin-doviz-kuru-rahatsizligi-sikayetlerini-bakan-ersoya-ilettiler\"}]}<\/script>\n<!-- \/ Yoast SEO Premium plugin. -->","yoast_head_json":{"title":"Antalya\u2019da turizmcilerin d\u00f6viz kuru rahats\u0131zl\u0131\u011f\u0131: \u015eikayetlerini Bakan Ersoy\u2019a ilettiler! - Av. Deniz Can K\u0131z\u0131l","robots":{"index":"index","follow":"follow","max-snippet":"max-snippet:-1","max-image-preview":"max-image-preview:large","max-video-preview":"max-video-preview:-1"},"canonical":"https:\/\/denizcankizil.tr\/uk\/haberler\/gundem\/antalyada-turizmcilerin-doviz-kuru-rahatsizligi-sikayetlerini-bakan-ersoya-ilettiler\/","og_locale":"uk_UA","og_type":"article","og_title":"Antalya\u2019da turizmcilerin d\u00f6viz kuru rahats\u0131zl\u0131\u011f\u0131: \u015eikayetlerini Bakan Ersoy\u2019a ilettiler!","og_description":"Akdeniz Turistik Otelciler ve \u0130\u015fletmeciler Birli\u011fi (AKTOB)\u2019un geleneksel ayl\u0131k toplant\u0131s\u0131, bu ay K\u00fclt\u00fcr ve Turizm Bakan\u0131 Mehmet Nuri Ersoy\u2019u a\u011f\u0131rlad\u0131. AKTOB Y\u00f6netim Kurulu Ba\u015fkan\u0131 Kaan Kavalo\u011flu\u2019nun ev sahipli\u011finde Akra Hotel\u2019de ger\u00e7ekle\u015ftirilen toplant\u0131ya sekt\u00f6r\u00fcn \u00f6nde gelen temsilcileri yo\u011fun ilgi g\u00f6sterdi. D\u00d6V\u0130Z KURUNU ELE\u015eT\u0130RD\u0130 Toplant\u0131n\u0131n ana g\u00fcndeminde, T\u00fcrkiye\u2019nin 2024 turizm performans\u0131, 2025 y\u0131l\u0131 hedefleri ve \u00f6zellikle Polonya ile Romanya pazarlar\u0131na y\u00f6nelik geli\u015fmeler yer ald\u0131. Ayn\u0131 zamanda dijital tan\u0131t\u0131m faaliyetleri, s\u00fcrd\u00fcr\u00fclebilirlik politikalar\u0131 ve Antalya\u2019n\u0131n k\u00fclt\u00fcrel \u00e7e\u015fitlili\u011fini \u00f6n plana \u00e7\u0131karan projeler de masaya yat\u0131r\u0131ld\u0131. D\u00d6V\u0130Z KURU RAHATSIZLI\u011eI AKTOB Ba\u015fkan\u0131 Kaan Kavalo\u011flu, konu\u015fmas\u0131nda d\u00f6viz kurundaki dalgalanmalar\u0131n sekt\u00f6r\u00fc zorlad\u0131\u011f\u0131n\u0131 belirterek, \u201cDevletimizin eekonomi politikas\u0131n\u0131 destekliyoruz. \u0130hracat\u00e7\u0131lar gibi bizim i\u00e7in de d\u00f6viz kuru \u00e7ok \u00f6nemli. D\u00f6viz kurunun bu \u015fekilde stabilize gitmesi bizi olduk\u00e7a yoruyor. Turizmi milli bir mesele olarak g\u00f6r\u00fcyoruz. Turizmde \u00e7ok \u00f6nemli bir yere geldik. Bu zorluklar\u0131 da sizlerin deste\u011fi ile atlataca\u011f\u0131m\u0131za inan\u0131yoruz.\u201d dedi. Y\u00dcZDE 95 \u00dcZER\u0130NDE ARTI\u015e Kavalo\u011flu, \u201c2024 y\u0131l\u0131 tarihi rekorlar\u0131n k\u0131r\u0131ld\u0131\u011f\u0131 bir y\u0131l oldu. Hedeflerimizi yukar\u0131 revize ettik. 2017 ve 2024 y\u0131llar\u0131 aras\u0131nda turist say\u0131s\u0131nda 64 turizm gelirlerinde ise y\u00fczde 95 \u00fczerinde bir art\u0131\u015f ya\u015fand\u0131. 2017 y\u0131l\u0131nda ki\u015fi baz\u0131 geceleme 75 dolar iken 2024 y\u0131l\u0131nda 108 dolara 2025 y\u0131l\u0131n\u0131n ilk \u00e7eyre\u011finde ise 116 dolara y\u00fckseldi.\u201d s\u00f6zlerine yer verdi. POLONYA \u0130LG\u0130S\u0130 Kaan Kavalo\u011flu, \u201cPolonya, son &hellip;","og_url":"https:\/\/denizcankizil.tr\/uk\/haberler\/gundem\/antalyada-turizmcilerin-doviz-kuru-rahatsizligi-sikayetlerini-bakan-ersoya-ilettiler\/","og_site_name":"Av. Deniz Can K\u0131z\u0131l","article_published_time":"2025-05-23T09:41:25+00:00","author":"Antalya K\u00f6rfez","twitter_card":"summary_large_image","twitter_misc":{"\u041d\u0430\u043f\u0438\u0441\u0430\u043d\u043e":"Antalya K\u00f6rfez","\u041f\u0440\u0438\u0431\u043b. \u0447\u0430\u0441 \u0447\u0438\u0442\u0430\u043d\u043d\u044f":"6 \u0445\u0432\u0438\u043b\u0438\u043d"},"schema":{"@context":"https:\/\/schema.org","@graph":[{"@type":"Article","@id":"https:\/\/denizcankizil.tr\/uk\/haberler\/gundem\/antalyada-turizmcilerin-doviz-kuru-rahatsizligi-sikayetlerini-bakan-ersoya-ilettiler\/#article","isPartOf":{"@id":"https:\/\/denizcankizil.tr\/uk\/haberler\/gundem\/antalyada-turizmcilerin-doviz-kuru-rahatsizligi-sikayetlerini-bakan-ersoya-ilettiler\/"},"author":{"name":"Antalya K\u00f6rfez","@id":"https:\/\/denizcankizil.tr\/#\/schema\/person\/e1eb71bb4dd684d46563f0af307e1234"},"headline":"Antalya\u2019da turizmcilerin d\u00f6viz kuru rahats\u0131zl\u0131\u011f\u0131: \u015eikayetlerini Bakan Ersoy\u2019a ilettiler!","datePublished":"2025-05-23T09:41:25+00:00","mainEntityOfPage":{"@id":"https:\/\/denizcankizil.tr\/uk\/haberler\/gundem\/antalyada-turizmcilerin-doviz-kuru-rahatsizligi-sikayetlerini-bakan-ersoya-ilettiler\/"},"wordCount":1182,"publisher":{"@id":"https:\/\/denizcankizil.tr\/#organization"},"articleSection":["G\u00fcndem"],"inLanguage":"uk"},{"@type":"WebPage","@id":"https:\/\/denizcankizil.tr\/uk\/haberler\/gundem\/antalyada-turizmcilerin-doviz-kuru-rahatsizligi-sikayetlerini-bakan-ersoya-ilettiler\/","url":"https:\/\/denizcankizil.tr\/uk\/haberler\/gundem\/antalyada-turizmcilerin-doviz-kuru-rahatsizligi-sikayetlerini-bakan-ersoya-ilettiler\/","name":"Antalya\u2019da turizmcilerin d\u00f6viz kuru rahats\u0131zl\u0131\u011f\u0131: \u015eikayetlerini Bakan Ersoy\u2019a ilettiler! - Av. Deniz Can K\u0131z\u0131l","isPartOf":{"@id":"https:\/\/denizcankizil.tr\/#website"},"datePublished":"2025-05-23T09:41:25+00:00","breadcrumb":{"@id":"https:\/\/denizcankizil.tr\/uk\/haberler\/gundem\/antalyada-turizmcilerin-doviz-kuru-rahatsizligi-sikayetlerini-bakan-ersoya-ilettiler\/#breadcrumb"},"inLanguage":"uk","potentialAction":[{"@type":"ReadAction","target":["https:\/\/denizcankizil.tr\/uk\/haberler\/gundem\/antalyada-turizmcilerin-doviz-kuru-rahatsizligi-sikayetlerini-bakan-ersoya-ilettiler\/"]}]},{"@type":"BreadcrumbList","@id":"https:\/\/denizcankizil.tr\/uk\/haberler\/gundem\/antalyada-turizmcilerin-doviz-kuru-rahatsizligi-sikayetlerini-bakan-ersoya-ilettiler\/#breadcrumb","itemListElement":[{"@type":"ListItem","position":1,"name":"Home","item":"https:\/\/denizcankizil.tr\/de\/"},{"@type":"ListItem","position":2,"name":"Antalya\u2019da turizmcilerin d\u00f6viz kuru rahats\u0131zl\u0131\u011f\u0131: \u015eikayetlerini Bakan Ersoy\u2019a ilettiler!"}]},{"@type":"WebSite","@id":"https:\/\/denizcankizil.tr\/#website","url":"https:\/\/denizcankizil.tr\/","name":"Av. Deniz Can K\u0131z\u0131l","description":"Avukat Deniz Can K\u0131z\u0131l Antalya Barosu","publisher":{"@id":"https:\/\/denizcankizil.tr\/#organization"},"potentialAction":[{"@type":"SearchAction","target":{"@type":"EntryPoint","urlTemplate":"https:\/\/denizcankizil.tr\/?s={search_term_string}"},"query-input":{"@type":"PropertyValueSpecification","valueRequired":true,"valueName":"search_term_string"}}],"inLanguage":"uk"},{"@type":"Organization","@id":"https:\/\/denizcankizil.tr\/#organization","name":"Av. Deniz Can K\u0131z\u0131l","url":"https:\/\/denizcankizil.tr\/","logo":{"@type":"ImageObject","inLanguage":"uk","@id":"https:\/\/denizcankizil.tr\/#\/schema\/logo\/image\/","url":"https:\/\/denizcankizil.tr\/wp-content\/uploads\/2024\/10\/siyah-logo-svg.svg","contentUrl":"https:\/\/denizcankizil.tr\/wp-content\/uploads\/2024\/10\/siyah-logo-svg.svg","width":1080,"height":1080,"caption":"Av. Deniz Can K\u0131z\u0131l"},"image":{"@id":"https:\/\/denizcankizil.tr\/#\/schema\/logo\/image\/"}},{"@type":"Person","@id":"https:\/\/denizcankizil.tr\/#\/schema\/person\/e1eb71bb4dd684d46563f0af307e1234","name":"Antalya K\u00f6rfez","image":{"@type":"ImageObject","inLanguage":"uk","@id":"https:\/\/denizcankizil.tr\/#\/schema\/person\/image\/","url":"https:\/\/secure.gravatar.com\/avatar\/42b01982558a48a0b501fdcab6a408d3717ea5919095ee2e67b0e521799c5905?s=96&d=mm&r=g","contentUrl":"https:\/\/secure.gravatar.com\/avatar\/42b01982558a48a0b501fdcab6a408d3717ea5919095ee2e67b0e521799c5905?s=96&d=mm&r=g","caption":"Antalya K\u00f6rfez"},"sameAs":["http:\/\/www.antalyakorfez.com"],"url":"https:\/\/www.antalyakorfez.com\/antalyada-turizmcilerin-doviz-kuru-rahatsizligi-sikayetlerini-bakan-ersoya-ilettiler"}]}},"_links":{"self":[{"href":"https:\/\/denizcankizil.tr\/uk\/wp-json\/wp\/v2\/posts\/94689","targetHints":{"allow":["GET"]}}],"collection":[{"href":"https:\/\/denizcankizil.tr\/uk\/wp-json\/wp\/v2\/posts"}],"about":[{"href":"https:\/\/denizcankizil.tr\/uk\/wp-json\/wp\/v2\/types\/post"}],"author":[{"embeddable":true,"href":"https:\/\/denizcankizil.tr\/uk\/wp-json\/wp\/v2\/users\/5"}],"replies":[{"embeddable":true,"href":"https:\/\/denizcankizil.tr\/uk\/wp-json\/wp\/v2\/comments?post=94689"}],"version-history":[{"count":0,"href":"https:\/\/denizcankizil.tr\/uk\/wp-json\/wp\/v2\/posts\/94689\/revisions"}],"wp:attachment":[{"href":"https:\/\/denizcankizil.tr\/uk\/wp-json\/wp\/v2\/media?parent=94689"}],"wp:term":[{"taxonomy":"category","embeddable":true,"href":"https:\/\/denizcankizil.tr\/uk\/wp-json\/wp\/v2\/categories?post=94689"},{"taxonomy":"post_tag","embeddable":true,"href":"https:\/\/denizcankizil.tr\/uk\/wp-json\/wp\/v2\/tags?post=94689"}],"curies":[{"name":"wp","href":"https:\/\/api.w.org\/{rel}","templated":true}]}}