{"id":9454,"date":"2024-10-28T14:27:23","date_gmt":"2024-10-28T11:27:23","guid":{"rendered":"https:\/\/denizcankizil.tr\/uncategorized-tr\/on-alim-hakki-ve-tapu-iptali-kesif-ve-eylem-paylasimi\/"},"modified":"2024-10-28T14:27:23","modified_gmt":"2024-10-28T11:27:23","slug":"on-alim-hakki-ve-tapu-iptali-kesif-ve-eylem-paylasimi","status":"publish","type":"post","link":"https:\/\/denizcankizil.tr\/uk\/seo\/on-alim-hakki-ve-tapu-iptali-kesif-ve-eylem-paylasimi\/","title":{"rendered":"\u00d6n Al\u0131m Hakk\u0131 ve Tapu \u0130ptali: Ke\u015fif ve Eylem Payla\u015f\u0131m\u0131"},"content":{"rendered":"<p> \u00d6n Al\u0131m Hakk\u0131 ve \u2064Tapu \u0130ptali: Ke\u015fif ve Eylem Payla\u015f\u0131m\u0131<\/p>\n<p>Kamu hukukunun ve \u00f6zel m\u00fclkiyet ili\u015fkilerinin dinamiklerini inceleyen bu \u00e7al\u0131\u015fmada, \u00f6n al\u0131m hakk\u0131 ve tapu iptali kavramlar\u0131n\u0131n hukuksal \u00e7er\u00e7evesi\u2062 derinlemesine ele al\u0131nacakt\u0131r. \u00d6zellikle T\u00fcrkiye&#8217;deki gayrimenkul piyasas\u0131nda\u200c \u00f6nemli bir yere sahip olan \u00f6n al\u0131m hakk\u0131, bir\u2063 malikin gayrimenkul\u00fcn\u00fc \u00fc\u00e7\u00fcnc\u00fc \u015fah\u0131slara devretmesi durumunda, mevcut malikin\u2062 veya belirli bir \u015fahs\u0131n \u2064bu\u200c ta\u015f\u0131nmaz\u0131 sat\u0131n alma \u2064hakk\u0131n\u0131 ifade etmektedir. Bu hak, m\u00fclkiyetin devri s\u0131ras\u0131nda hukuki ihtilaflara neden olabilece\u011fi gibi, ayn\u0131\u200c zamanda haks\u0131z fiil ve iptal s\u00fcre\u00e7lerini \u200bde beraberinde getirebilmektedir. <\/p>\n<p>Makale, \u00f6n al\u0131m hakk\u0131n\u0131n uygulama alanlar\u0131n\u0131 ve tapu iptali\u2063 s\u00fcre\u00e7lerini lay\u0131k\u0131yla anlayabilmek i\u00e7in gerekli olan hukuki zaaflar\u0131n, sosyal \u2062ve ekonomik etkilerin ke\u015ffine\u2064 y\u00f6nelik bir eylem payla\u015f\u0131m\u0131n\u0131 hedeflemektedir. Belirtilen konular\u0131n kapsaml\u0131 bir analizini sunarak hem akademik hem \u200dde pratik anlamda hukuk\u00e7ulara, gayrimenkul uzmanlar\u0131na ve politika yap\u0131c\u0131lara katk\u0131da bulunmay\u0131 ama\u00e7lamaktad\u0131r.\u200d Bu ba\u011flamda, \u00f6n \u2064al\u0131m hakk\u0131 ve tapu\u2062 iptali aras\u0131ndaki ili\u015fkiyi detayl\u0131 bir \u015fekilde irdelemek, yaln\u0131zca mevcut hukuksal durumu anlamakla kalmay\u0131p, ayn\u0131 zamanda gelece\u011fe d\u00f6n\u00fck \u00e7\u00f6z\u00fcm \u00f6nerileri geli\u015ftirmek i\u00e7in de zemin haz\u0131rlayacakt\u0131r.<br \/><img decoding=\"async\" class=\"kimage_class lazyload\" data-src=\"https:\/\/denizcankizil.tr\/wp-content\/uploads\/2024\/10\/ii_200.jpg\" alt=\"\u00d6n Al\u0131m Hakk\u0131n\u0131n Hukuki \u00c7er\u00e7evesi\u200c ve Uygulama \u200dAlanlar\u0131\" src=\"data:image\/svg+xml;base64,PHN2ZyB3aWR0aD0iMSIgaGVpZ2h0PSIxIiB4bWxucz0iaHR0cDovL3d3dy53My5vcmcvMjAwMC9zdmciPjwvc3ZnPg==\"><\/p>\n<h2 id=\"on-alim-hakkinin-hukuki-cercevesi-ve-uygulama-alanlari\">\u00d6n Al\u0131m \u2063Hakk\u0131n\u0131n Hukuki \u00c7er\u00e7evesi ve Uygulama Alanlar\u0131<\/h2>\n<section class=\"post-section\">\n<p>\u00d6n al\u0131m hakk\u0131, \u200cbir ta\u015f\u0131nmaz\u0131n sat\u0131\u015f\u0131\u2063 durumunda, mevcut mal sahibine \u00f6ncelikli olarak sat\u0131n\u2062 alma imkan\u0131 veren bir hukuki bir durumdur. \u2063Bu hak, <strong>\u0426\u0438\u0432\u0456\u043b\u044c\u043d\u0438\u0439 \u043a\u043e\u0434\u0435\u043a\u0441 \u0422\u0443\u0440\u0435\u0447\u0447\u0438\u043d\u0438<\/strong> kapsam\u0131nda d\u00fczenlenmi\u015f olup, \u00f6zellikle kat\u200b m\u00fclkiyeti ve gayrimenkul geli\u015ftirme projelerinde \u2064s\u0131k\u00e7a kar\u015f\u0131la\u015f\u0131lan bir uygulama alan\u0131d\u0131r. \u00d6n al\u0131m hakk\u0131n\u0131n \u200dtan\u0131nmas\u0131, ta\u015f\u0131nmaz\u0131n de\u011feri \u00fczerinde \u00f6nemli bir etkiye sahip olabilir\u200c ve mal sahibi ile al\u0131c\u0131 aras\u0131ndaki ili\u015fkiyi\u2064 d\u00fczenleyen \u00f6nemli bir hususu te\u015fkil eder.<\/p>\n<p>Uygulama alanlar\u0131nda, \u00f6n al\u0131m hakk\u0131, farkl\u0131 \u015fekillerde ortaya \u00e7\u0131kabilir. \u00d6rne\u011fin, <strong>kat\u2062 m\u00fclkiyeti<\/strong> sisteminde, di\u011fer \u200bmalikler, bir malik ta\u015f\u0131nmaz\u0131n\u0131 satmak\u2062 istedi\u011finde \u00f6ncelikli\u200c sat\u0131n alma hakk\u0131na \u2062sahiptirler. Bu durum, \u2064\u00f6zellikle\u2062 m\u00fcstakil \u200cta\u015f\u0131nmazlar i\u00e7in \u00f6nemlidir ve mal sahipleri aras\u0131nda dengenin korunmas\u0131na yard\u0131mc\u0131 olur. Ayr\u0131ca, <strong>gayrimenkul\u2063 geli\u015ftirme projeleri<\/strong> \u00e7er\u00e7evesinde de \u00f6n al\u0131m hakk\u0131 olduk\u00e7a yayg\u0131nd\u0131r ve al\u0131c\u0131lar\u0131n projelerde yer alan ta\u015f\u0131nmazlar\u0131 \u00f6ncelikli olarak sat\u0131n alma imkan\u0131n\u0131 sunar.<\/p>\n<p>\u00d6n al\u0131m hakk\u0131 ile ilgili \u200bhukuki i\u015flemler, belirli \u015fekil \u015fartlar\u0131n\u0131 gerektirmektedir. Bu ba\u011flamda, <strong>noter onay\u0131<\/strong> ve <strong>tapu siciline \u2063tescil<\/strong> gibi \u200cad\u0131mlar,\u200d bu hakk\u0131n ge\u00e7erlili\u011fi\u200d a\u00e7\u0131s\u0131ndan \u00f6nemlidir. Ayr\u0131ca, bu\u200d hakk\u0131n kullan\u0131lmas\u0131 i\u00e7in belirli s\u00fcreler ve bildirim y\u00fck\u00fcml\u00fcl\u00fckleri de bulunmaktad\u0131r. A\u015fa\u011f\u0131da, \u00f6n al\u0131m hakk\u0131n\u0131n hukuki \u00e7er\u00e7evesi\u200d ve ba\u015fl\u0131ca uygulama alanlar\u0131n\u0131 \u00f6zetleyen bir\u2064 tablo yer almaktad\u0131r:<\/p>\n<table class=\"wp-block-table\">\n<thead>\n<tr>\n<th>Hukuki \u00c7er\u00e7eve<\/th>\n<th>\u041f\u043e\u044f\u0441\u043d\u0435\u043d\u043d\u044f<\/th>\n<\/tr>\n<\/thead>\n<tbody>\n<tr>\n<td>T\u00fcrk Medeni \u2062Kanunu<\/td>\n<td>\u00d6n al\u0131m hakk\u0131n\u0131n temel d\u00fczenlemelerini i\u00e7erir.<\/td>\n<\/tr>\n<tr>\n<td>Kat M\u00fclkiyeti Kanunu<\/td>\n<td>Malikler aras\u0131nda ta\u015f\u0131nmaz\u0131n sat\u0131\u015f\u0131nda \u00f6ncelik hakk\u0131 sa\u011flar.<\/td>\n<\/tr>\n<tr>\n<td>Tapu Sicili<\/td>\n<td>\u00d6n al\u0131m hakk\u0131n\u0131n ge\u00e7erlili\u011fi \u2062i\u00e7in tescil\u2064 gereklidir.<\/td>\n<\/tr>\n<\/tbody>\n<\/table>\n<\/section>\n<p><img decoding=\"async\" class=\"kimage_class lazyload\" data-src=\"https:\/\/denizcankizil.tr\/wp-content\/uploads\/2024\/10\/bJieI-253D.jpg\" alt=\"Tapu\u200b \u0130ptali S\u00fcrecinin \u00c7at\u0131\u015fma ve \u00c7\u00f6z\u00fcm \u200cStratejileri\" src=\"data:image\/svg+xml;base64,PHN2ZyB3aWR0aD0iMSIgaGVpZ2h0PSIxIiB4bWxucz0iaHR0cDovL3d3dy53My5vcmcvMjAwMC9zdmciPjwvc3ZnPg==\"><\/p>\n<h2 id=\"tapu-iptali-surecinin-catisma-ve-cozum-stratejileri\">Tapu \u0130ptali S\u00fcrecinin \u00c7at\u0131\u015fma ve \u00c7\u00f6z\u00fcm Stratejileri<\/h2>\n<p>Tapu \u2062iptali s\u00fcre\u00e7leri, s\u0131kl\u0131kla \u200bhukuki\u200b anla\u015fmazl\u0131klara ve \u00e7at\u0131\u015fmalara yol a\u00e7maktad\u0131r. Bu t\u00fcr durumlar\u0131n \u00fcstesinden \u200dgelebilmek\u2064 i\u00e7in, tarafa ait ve taraflar aras\u0131 ileti\u015fim stratejileri geli\u015ftirilmesi olduk\u00e7a \u2062\u00f6nemlidir. \u00d6zellikle, \u00f6n \u2064al\u0131m hakk\u0131 gibi m\u00fclkiyet haklar\u0131, tapu iptali davalar\u0131nda s\u0131k\u00e7a tart\u0131\u015f\u0131lan konular aras\u0131ndad\u0131r. \u00c7at\u0131\u015fmalar\u0131n \u00f6nlenmesi ve\u2063 \u00e7\u00f6z\u00fclmesi i\u00e7in, a\u015fa\u011f\u0131daki stratejiler dikkate al\u0131nmal\u0131d\u0131r:<\/p>\n<ul>\n<li><strong>\u0130yi bir ileti\u015fim kurmak:<\/strong> Taraflar\u2063 aras\u0131 a\u00e7\u0131k ileti\u015fim, yanl\u0131\u015f anlamalar\u0131 ve \u00e7at\u0131\u015fmalar\u0131 \u00f6nleme a\u00e7\u0131s\u0131ndan \u2063kritik bir rol oynamaktad\u0131r.<\/li>\n<li><strong>Hukuki bilgi edinimi:<\/strong> Taraflar\u0131n haklar\u0131n\u0131 ve y\u00fck\u00fcml\u00fcl\u00fcklerini anlamas\u0131, \u200ddaha bilin\u00e7li ve etkili bir yakla\u015f\u0131m geli\u015ftirmelerine olanak tan\u0131r.<\/li>\n<li><strong>Uzmana ba\u015fvurmak:<\/strong> Bir gayrimenkul hukuku\u200d uzman\u0131 \u2062ile \u00e7al\u0131\u015fmak,\u2062 <a href=\"https:\/\/denizcankizil.tr\/uk\/seo\/miras-hukuku-avukati-hangi-dava-turlerine-bakar-antalyadaki-adliye-ve-mahkemeler-listesi-nelerdir-antalyanin-ilceleri-hangileridir\/\" title=\"Miras Hukuku Avukat\u0131 Hangi Dava T\u00fcrlerine Bakar ? Antalya&#039;daki Adliye ve Mahkemeler Listesi Nelerdir? Antalya&#039;n\u0131n il\u00e7eleri hangileridir?\">s\u00fcrecin daha\u2062 sa\u011fl\u0131kl\u0131 ilerlemesine yard\u0131mc\u0131 olabilir<\/a>.<\/li>\n<\/ul>\n<p>\u00c7at\u0131\u015fmalar\u0131n \u00e7\u00f6z\u00fcm\u00fcnde, alternatif \u00e7\u00f6z\u00fcm y\u00f6ntemlerinin kullan\u0131lmas\u0131 da son derece etkilidir. Mediation (arabuluculuk) ve tahkim \u2064gibi y\u00f6ntemler, \u200btaraflar\u0131n dava masraflar\u0131n\u0131\u200c minimize ederken, ayn\u0131 zamanda daha h\u0131zl\u0131 sonu\u00e7 al\u0131nmas\u0131n\u0131 sa\u011flar. Bu y\u00f6ntemlerde, taraflar\u2064 kendi aralar\u0131nda m\u00fczakereler\u200b yaparak ortak bir zemin bulmaya \u00e7al\u0131\u015f\u0131rlar.\u2063 A\u015fa\u011f\u0131da, \u00e7eli\u015fkili durumlar\u0131n \u2063\u00e7\u00f6z\u00fcm\u00fcnde \u2064kullan\u0131labilecek y\u00f6ntemler verilmi\u015ftir:<\/p>\n<table class=\"wp-block-table\">\n<thead>\n<tr>\n<th>Y\u00f6ntem<\/th>\n<th>\u041f\u043e\u044f\u0441\u043d\u0435\u043d\u043d\u044f<\/th>\n<\/tr>\n<\/thead>\n<tbody>\n<tr>\n<td>Mediation<\/td>\n<td>Taraflar aras\u0131nda \u200cbir arabulucu yard\u0131m\u0131yla \u00e7\u00f6z\u00fcm bulma s\u00fcreci.<\/td>\n<\/tr>\n<tr>\n<td>Tahkim<\/td>\n<td>Taraflar\u0131n bir hakem \u2063\u00f6n\u00fcnde itirazlar\u0131\u200c \u00e7\u00f6zmesi.<\/td>\n<\/tr>\n<tr>\n<td>Uzla\u015fma<\/td>\n<td>Taraflar\u0131n kar\u015f\u0131l\u0131kl\u0131 olarak bir \u00e7\u00f6z\u00fcme ula\u015fmas\u0131.<\/td>\n<\/tr>\n<\/tbody>\n<\/table>\n<p>Sonu\u00e7 olarak, tapu iptali s\u00fcre\u00e7lerinde \u00e7at\u0131\u015fmalar\u2062 ka\u00e7\u0131n\u0131lmaz\u200d olabilir.\u200c Ancak, etkili ileti\u015fim stratejileri ve alternatif \u00e7\u00f6z\u00fcm y\u00f6ntemleri \u2063ile bu\u200d \u00e7at\u0131\u015fmalar y\u00f6netilebilir. Taraflar\u0131n haklar\u0131na sayg\u0131\u200b g\u00f6sterilerek, adil ve kal\u0131c\u0131 \u00e7\u00f6z\u00fcmler bulunmas\u0131 m\u00fcmk\u00fcnd\u00fcr. B\u00f6ylelikle, taraflar aras\u0131nda g\u00fcven \u2064in\u015fa \u2062edilerek \u2062gelecekteki anla\u015fmazl\u0131klar\u0131n \u00f6n\u00fcne\u200d ge\u00e7ilmi\u015f\u2064 olacakt\u0131r.<\/p>\n<p><img decoding=\"async\" class=\"kimage_class lazyload\" data-src=\"https:\/\/denizcankizil.tr\/wp-content\/uploads\/2024\/10\/3984-antalyada-sigorta-hukuku-avukatinin-gorev-alanlari.jpg\" alt=\"Ke\u015fif S\u00fcrecinin \u00d6nemi ve Etkili Eylem\u200d Planlar\u0131\" src=\"data:image\/svg+xml;base64,PHN2ZyB3aWR0aD0iMSIgaGVpZ2h0PSIxIiB4bWxucz0iaHR0cDovL3d3dy53My5vcmcvMjAwMC9zdmciPjwvc3ZnPg==\"><\/p>\n<h2 id=\"kesif-surecinin-onemi-ve-etkili-eylem-planlari\">Ke\u015fif \u200dS\u00fcrecinin \u00d6nemi \u200cve Etkili Eylem Planlar\u0131<\/h2>\n<section>\n<p>Ke\u015fif s\u00fcreci, herhangi bir hukuki ihtilaf\u0131n \u00e7\u00f6z\u00fcm\u00fcnde kritik bir a\u015famad\u0131r. \u00d6zellikle <strong>\u00f6n al\u0131m hakk\u0131<\/strong> ve <strong>tapu iptali<\/strong> gibi durumlarla kar\u015f\u0131la\u015f\u0131ld\u0131\u011f\u0131nda, ke\u015fif s\u00fcrecinin etkin y\u00f6netimi, hak kay\u0131plar\u0131n\u0131 en aza indirmek i\u00e7in gereklidir. Bu s\u00fcre\u00e7, taraflar\u0131n iddialar\u0131n\u0131 somut\u2063 delillerle desteklemeleri ve ihtilaf\u0131n \u00e7\u00f6z\u00fcm\u00fc i\u00e7in gerekli verilerin toplanmas\u0131 a\u00e7\u0131s\u0131ndan \u00f6nem arz eder.<\/p>\n<p>Etkin bir eylem plan\u0131 olu\u015fturmak, ke\u015fif s\u00fcrecinden elde edilen sonu\u00e7lar\u0131n en verimli \u015fekilde kullan\u0131labilmesi \u2063ad\u0131na zorunludur. Ba\u015far\u0131l\u0131 bir eylem plan\u0131, a\u015fa\u011f\u0131daki unsurlar\u0131 i\u00e7ermelidir:<\/p>\n<ul>\n<li><strong>Hedeflerin Belirlenmesi:<\/strong> Kapsaml\u0131 bir hedef tan\u0131m\u0131 yap\u0131lmal\u0131d\u0131r.<\/li>\n<li><strong>Kaynaklar\u0131n Planlanmas\u0131:<\/strong> Gerekli kaynaklar\u0131n (finansal, insan g\u00fcc\u00fc, zaman \u2063vb.) y\u00f6netimi sa\u011flanmal\u0131d\u0131r.<\/li>\n<li><strong>Zaman \u2063\u00c7izelgesi\u200d Olu\u015fturma:<\/strong> Uygulanabilir bir zaman \u00e7izelgesi belirlenmelidir.<\/li>\n<li><strong>\u0130leti\u015fim Stratejileri:<\/strong> \u0130lgili taraflarla etkili ileti\u015fim sa\u011flanmal\u0131d\u0131r.<\/li>\n<\/ul>\n<p>Sonu\u00e7 olarak, ke\u015fif s\u00fcreci ve\u2062 eylem planlar\u0131n\u0131n dikkatlice ele al\u0131nmas\u0131, m\u00fclk\u2063 \u00fczerindeki haklar i\u00e7in hayati bir \u00f6neme sahiptir. Bu kapsamda kullan\u0131lacak olan y\u00f6ntemler ve stratejiler, \u200csadece\u2063 mevcut hukuki durumu ayd\u0131nlatmakla kalmay\u0131p, ayn\u0131 zamanda \u200dileride kar\u015f\u0131la\u015f\u0131labilecek hukuki sorunlara haz\u0131rl\u0131kl\u0131 olmaya da \u2062katk\u0131da bulunur. \u0130yi bir planlama\u200d ve ke\u015fif\u2063 s\u00fcreci, hukuki s\u00fcre\u00e7lerin sa\u011fl\u0131kl\u0131 bir \u015fekilde y\u00f6netilmesine olanak tan\u0131r.<\/p>\n<\/section>\n<h2 id=\"on-alim-hakki-kullanimina-yonelik-hukuki-tavsiyeler-ve-uygulama-standartlari\">\u00d6n Al\u0131m \u200bHakk\u0131 Kullan\u0131m\u0131na Y\u00f6nelik Hukuki\u200c Tavsiyeler \u200cve Uygulama Standartlar\u0131<\/h2>\n<section>\n<p>        \u00d6n al\u0131m hakk\u0131, ta\u015f\u0131nmaz sahiplerine, m\u00fclklerini satmadan \u00f6nce belirli bir\u200c s\u00fcre\u2063 i\u00e7erisinde sat\u0131n alma\u200c hakk\u0131 tan\u0131yan \u2063\u00f6nemli bir hukuki enstr\u00fcmand\u0131r. Bu\u200c hakk\u0131n kullan\u0131m\u0131, genellikle sat\u0131c\u0131\u200d ile potansiyel al\u0131c\u0131 aras\u0131nda imzalanan bir s\u00f6zle\u015fme ile belirlenir.\u200c \u00d6n \u2062al\u0131m hakk\u0131n\u0131n devreye girmesi durumunda, <a href=\"https:\/\/denizcankizil.tr\/uk\/hukukihaber\/tapu-iptali-ve-tescil-davasi-vekalet-gorevinin-kotuye-kullanilmasi-iyiniyetli-olmayan-iktisap\/\" title=\"TAPU \u0130PTAL\u0130 VE TESC\u0130L DAVASI - VEKALET G\u00d6REV\u0130N\u0130N K\u00d6T\u00dcYE KULLANILMASI - \u0130Y\u0130N\u0130YETL\u0130 OLMAYAN \u0130KT\u0130SAP\">hak sahibi<\/a>, belirlenen ko\u015fullar alt\u0131nda m\u00fclk\u00fc sat\u0131n\u200d almak i\u00e7in gerekli ad\u0131mlar\u0131 atmak zorundad\u0131r. Bu s\u00fcre\u00e7te dikkat edilmesi gereken\u2063 baz\u0131 \u00f6nemli hususlar bulunmaktad\u0131r:<br \/>\n  \u200b\n    <\/p>\n<ul>\n<li><strong>Hak sahibinin bilgilendirilmesi:<\/strong> Ta\u015f\u0131nmaz\u0131n sat\u0131\u015f\u0131na dair t\u00fcm detaylar\u0131n \u00f6n al\u0131m hakk\u0131 sahibiyle payla\u015f\u0131lmas\u0131 gerekmektedir.<\/li>\n<li><strong>S\u00fcresinde \u2063bildirim yap\u0131lmas\u0131:<\/strong> \u00d6n al\u0131m hakk\u0131n\u0131n kullan\u0131lmas\u0131 i\u00e7in gerekli s\u00fcrelerin iyi \u200bde\u011ferlendirilmesi \u00f6nemlidir.<\/li>\n<li><strong>Yaz\u0131l\u0131 ba\u015fvuru:<\/strong> \u00d6n al\u0131m hakk\u0131n\u0131n\u2062 kullan\u0131lmas\u0131, yaz\u0131l\u0131 bir talep ile yap\u0131lmal\u0131d\u0131r.<\/li>\n<\/ul>\n<p>        \u2064     \u00d6n al\u0131m hakk\u0131n\u0131n uygulanmas\u0131 a\u015famas\u0131nda hukuki belgelerin eksiksiz bir \u015fekilde haz\u0131rlanmas\u0131 ve sunulmas\u0131 kritik bir rol\u200c oynamaktad\u0131r. Ayr\u0131ca, \u2064tapu i\u015flemleri s\u0131ras\u0131nda kar\u015f\u0131la\u015f\u0131labilecek hukuki sorunlar\u0131n \u00f6n\u00fcne ge\u00e7ilmesi\u200d amac\u0131yla, \u2062t\u00fcm yasal gerekliliklerin yerine getirilmesi son derece\u2062 \u00f6nemlidir. Bu ba\u011flamda,\u200c \u00f6n al\u0131m hakk\u0131 sahibinin\u200b dikkat etmesi gereken ba\u015fl\u0131ca noktalar aras\u0131nda \u015funlar yer al\u0131r:\n    <\/p>\n<table class=\"wp-block-table\">\n<thead>\n<tr>\n<th>Hukuki Noktalar<\/th>\n<th>\u041f\u043e\u044f\u0441\u043d\u0435\u043d\u043d\u044f<\/th>\n<\/tr>\n<\/thead>\n<tbody>\n<tr>\n<td>Ba\u015fvuru S\u00fcresi<\/td>\n<td>Sat\u0131\u015f teklifi ile birlikte belirtilen s\u00fcre i\u00e7inde yap\u0131lmal\u0131d\u0131r.<\/td>\n<\/tr>\n<tr>\n<td>Tapu \u0130ptali<\/td>\n<td>Belirtilen s\u00fcrede kullan\u0131lmayan hak, iptal edilebilir.<\/td>\n<\/tr>\n<\/tbody>\n<\/table>\n<p>        \u200c  \u200d     Son olarak, \u00f6n al\u0131m hakk\u0131 kullan\u0131m\u0131\u200c s\u00fcrecinde \u200dolas\u0131 anla\u015fmazl\u0131klar\u0131n \u00f6nlenmesi i\u00e7in hukuki dan\u0131\u015fmanl\u0131k hizmetlerinden yararlanmak faydal\u0131 olacakt\u0131r. Bu\u200b t\u00fcr \u2063bir destek, s\u00fcrecin sa\u011fl\u0131kl\u0131 bir \u015fekilde ilerlemesini sa\u011flayarak, \u2064hukuki risklerin minimize edilmesine yard\u0131mc\u0131 \u2063olacakt\u0131r. \u00d6zellikle, tapu \u2062iptali gibi sorunlarla \u2063kar\u015f\u0131la\u015f\u0131ld\u0131\u011f\u0131nda, uzman bir avukattan al\u0131nacak tavsiyeler, hak kay\u0131plar\u0131n\u0131n \u00f6nlenmesi a\u00e7\u0131s\u0131ndan kritik \u00f6neme sahiptir. Her durumda, \u00f6n al\u0131m hakk\u0131n\u0131n\u200c kullan\u0131m\u0131 konusunda bilin\u00e7li ad\u0131mlar\u200d at\u0131lmas\u0131, hem sahipler hem de al\u0131c\u0131lar i\u00e7in g\u00fcvenli bir i\u015flem s\u00fcreci \u200csa\u011flayacakt\u0131r.\n    <\/p>\n<\/section>\n<p>Sonu\u00e7 olarak, \u00f6n al\u0131m\u2064 hakk\u0131 ve tapu iptali konular\u0131, gayrimenkul hukuku \u00e7er\u00e7evesinde \u00f6nemli bir yere sahiptir. \u200dBu kapsamda,\u200b \u00f6n al\u0131m\u200c hakk\u0131, hak \u200dsahiplerinin ekonomik g\u00fcvenli\u011fini sa\u011flarken, tapu iptali ise \u200bm\u00fclkiyet\u200c haklar\u0131n\u0131n korunmas\u0131nda hayati \u200dbir rol oynamaktad\u0131r. Ke\u015fif ve eylem payla\u015f\u0131m\u0131 s\u00fcre\u00e7lerinin etkin bir\u2062 \u015fekilde y\u00fcr\u00fct\u00fclmesi, bu haklar\u0131n ihlal edilmesini \u00f6nlemek ve \u200cadil bir yarg\u0131 s\u00fcrecinin sa\u011flanmas\u0131\u200b a\u00e7\u0131s\u0131ndan kritik \u00f6neme \u200bsahiptir. Gelecek \u200c\u00e7al\u0131\u015fmalarda, s\u00f6z konusu haklar\u0131n uygulanabilirli\u011fini art\u0131rmak ve hukuki belirsizlikleri minimize etmek amac\u0131yla, mevzuatta yap\u0131lacak d\u00fczenlemelerin \u200d\u00f6nemi vurgulanmal\u0131d\u0131r. \u2064\u00d6zellikle, mahkemeler aras\u0131 i\u015f\u200c birli\u011fi ve uzmanla\u015fma, uyu\u015fmazl\u0131klar\u0131n \u00e7\u00f6z\u00fcm\u00fcnde etkili bir y\u00f6ntem olarak kar\u015f\u0131m\u0131za \u2064\u00e7\u0131kmaktad\u0131r. Bu ba\u011flamda, akademik camian\u0131n ve ilgili sekt\u00f6rlerin \u200dbirlikte hareket etmesi, bu alandaki geli\u015fmelerin daha sa\u011fl\u0131kl\u0131 bir \u015fekilde ilerlemesine katk\u0131 sa\u011flayacakt\u0131r. Gayrimenkul hukuku alan\u0131nda ger\u00e7ekle\u015ftirilecek kapsaml\u0131 ara\u015ft\u0131rmalar\u0131n, \u00f6n al\u0131m hakk\u0131 ve tapu iptali konular\u0131ndaki mevcut literat\u00fcre \u00f6nemli katk\u0131larda bulunmas\u0131 umuduyla, \u2063bu \u00e7al\u0131\u015fman\u0131n okuyucular i\u00e7in faydal\u0131 bir kaynak olmas\u0131n\u0131 dileriz. <\/p>","protected":false},"excerpt":{"rendered":"<p>\u00d6n al\u0131m hakk\u0131, ta\u015f\u0131nmaz hakimiyeti ve taraflar aras\u0131ndaki ili\u015fkilerin belirlenmesinde kritik bir rol oynamaktad\u0131r. Tapu iptali davalar\u0131nda ke\u015fif ve eylem payla\u015f\u0131m\u0131, bu hakk\u0131n korunmas\u0131 ve etkinli\u011fi a\u00e7\u0131s\u0131ndan \u00f6nemlidir. Bu ba\u011flamda, hukukun \u00fcst\u00fcnl\u00fc\u011f\u00fc ilkesine dayal\u0131 bir yakla\u015f\u0131m benimsemek gerekmektedir.<\/p>","protected":false},"author":1,"featured_media":9455,"comment_status":"open","ping_status":"open","sticky":false,"template":"","format":"standard","meta":{"_acf_changed":false,"footnotes":""},"categories":[28],"tags":[],"class_list":["post-9454","post","type-post","status-publish","format-standard","has-post-thumbnail","hentry","category-seo"],"acf":[],"yoast_head":"<!-- This site is optimized with the Yoast SEO Premium plugin v26.6 (Yoast SEO v27.1.1) - https:\/\/yoast.com\/product\/yoast-seo-premium-wordpress\/ -->\n<title>\u00d6n Al\u0131m Hakk\u0131 ve Tapu \u0130ptali: Ke\u015fif ve Eylem Payla\u015f\u0131m\u0131 - Av. Deniz Can K\u0131z\u0131l<\/title>\n<meta name=\"robots\" content=\"index, follow, max-snippet:-1, max-image-preview:large, max-video-preview:-1\" \/>\n<link rel=\"canonical\" href=\"https:\/\/denizcankizil.tr\/uk\/seo\/on-alim-hakki-ve-tapu-iptali-kesif-ve-eylem-paylasimi\/\" \/>\n<meta property=\"og:locale\" content=\"uk_UA\" \/>\n<meta property=\"og:type\" content=\"article\" \/>\n<meta property=\"og:title\" content=\"\u00d6n Al\u0131m Hakk\u0131 ve Tapu \u0130ptali: Ke\u015fif ve Eylem Payla\u015f\u0131m\u0131\" \/>\n<meta property=\"og:description\" content=\"\u00d6n al\u0131m hakk\u0131, ta\u015f\u0131nmaz hakimiyeti ve taraflar aras\u0131ndaki ili\u015fkilerin belirlenmesinde kritik bir rol oynamaktad\u0131r. Tapu iptali davalar\u0131nda ke\u015fif ve eylem payla\u015f\u0131m\u0131, bu hakk\u0131n korunmas\u0131 ve etkinli\u011fi a\u00e7\u0131s\u0131ndan \u00f6nemlidir. Bu ba\u011flamda, hukukun \u00fcst\u00fcnl\u00fc\u011f\u00fc ilkesine dayal\u0131 bir yakla\u015f\u0131m benimsemek gerekmektedir.\" \/>\n<meta property=\"og:url\" content=\"https:\/\/denizcankizil.tr\/uk\/seo\/on-alim-hakki-ve-tapu-iptali-kesif-ve-eylem-paylasimi\/\" \/>\n<meta property=\"og:site_name\" content=\"Av. Deniz Can K\u0131z\u0131l\" \/>\n<meta property=\"article:published_time\" content=\"2024-10-28T11:27:23+00:00\" \/>\n<meta property=\"og:image\" content=\"https:\/\/denizcankizil.tr\/wp-content\/uploads\/2024\/10\/9454-on-alim-hakki-ve-tapu-iptali-kesif-ve-eylem-paylasimi.jpg\" \/>\n\t<meta property=\"og:image:width\" content=\"800\" \/>\n\t<meta property=\"og:image:height\" content=\"800\" \/>\n\t<meta property=\"og:image:type\" content=\"image\/jpeg\" \/>\n<meta name=\"author\" content=\"admin\" \/>\n<meta name=\"twitter:card\" content=\"summary_large_image\" \/>\n<meta name=\"twitter:label1\" content=\"\u041d\u0430\u043f\u0438\u0441\u0430\u043d\u043e\" \/>\n\t<meta name=\"twitter:data1\" content=\"admin\" \/>\n\t<meta name=\"twitter:label2\" content=\"\u041f\u0440\u0438\u0431\u043b. \u0447\u0430\u0441 \u0447\u0438\u0442\u0430\u043d\u043d\u044f\" \/>\n\t<meta name=\"twitter:data2\" content=\"9 \u0445\u0432\u0438\u043b\u0438\u043d\" \/>\n<script type=\"application\/ld+json\" class=\"yoast-schema-graph\">{\"@context\":\"https:\/\/schema.org\",\"@graph\":[{\"@type\":\"Article\",\"@id\":\"https:\/\/denizcankizil.tr\/uk\/seo\/on-alim-hakki-ve-tapu-iptali-kesif-ve-eylem-paylasimi\/#article\",\"isPartOf\":{\"@id\":\"https:\/\/denizcankizil.tr\/uk\/seo\/on-alim-hakki-ve-tapu-iptali-kesif-ve-eylem-paylasimi\/\"},\"author\":{\"name\":\"admin\",\"@id\":\"https:\/\/denizcankizil.tr\/de\/#\/schema\/person\/be3c05fe6a12686905512445d8185489\"},\"headline\":\"\u00d6n Al\u0131m Hakk\u0131 ve Tapu \u0130ptali: Ke\u015fif ve Eylem Payla\u015f\u0131m\u0131\",\"datePublished\":\"2024-10-28T11:27:23+00:00\",\"mainEntityOfPage\":{\"@id\":\"https:\/\/denizcankizil.tr\/uk\/seo\/on-alim-hakki-ve-tapu-iptali-kesif-ve-eylem-paylasimi\/\"},\"wordCount\":1759,\"commentCount\":0,\"publisher\":{\"@id\":\"https:\/\/denizcankizil.tr\/de\/#organization\"},\"image\":{\"@id\":\"https:\/\/denizcankizil.tr\/uk\/seo\/on-alim-hakki-ve-tapu-iptali-kesif-ve-eylem-paylasimi\/#primaryimage\"},\"thumbnailUrl\":\"https:\/\/denizcankizil.tr\/wp-content\/uploads\/2024\/10\/9454-on-alim-hakki-ve-tapu-iptali-kesif-ve-eylem-paylasimi.jpg\",\"articleSection\":[\"Seo\"],\"inLanguage\":\"uk\",\"potentialAction\":[{\"@type\":\"CommentAction\",\"name\":\"Comment\",\"target\":[\"https:\/\/denizcankizil.tr\/uk\/seo\/on-alim-hakki-ve-tapu-iptali-kesif-ve-eylem-paylasimi\/#respond\"]}]},{\"@type\":\"WebPage\",\"@id\":\"https:\/\/denizcankizil.tr\/uk\/seo\/on-alim-hakki-ve-tapu-iptali-kesif-ve-eylem-paylasimi\/\",\"url\":\"https:\/\/denizcankizil.tr\/uk\/seo\/on-alim-hakki-ve-tapu-iptali-kesif-ve-eylem-paylasimi\/\",\"name\":\"\u00d6n Al\u0131m Hakk\u0131 ve Tapu \u0130ptali: Ke\u015fif ve Eylem Payla\u015f\u0131m\u0131 - Av. Deniz Can K\u0131z\u0131l\",\"isPartOf\":{\"@id\":\"https:\/\/denizcankizil.tr\/de\/#website\"},\"primaryImageOfPage\":{\"@id\":\"https:\/\/denizcankizil.tr\/uk\/seo\/on-alim-hakki-ve-tapu-iptali-kesif-ve-eylem-paylasimi\/#primaryimage\"},\"image\":{\"@id\":\"https:\/\/denizcankizil.tr\/uk\/seo\/on-alim-hakki-ve-tapu-iptali-kesif-ve-eylem-paylasimi\/#primaryimage\"},\"thumbnailUrl\":\"https:\/\/denizcankizil.tr\/wp-content\/uploads\/2024\/10\/9454-on-alim-hakki-ve-tapu-iptali-kesif-ve-eylem-paylasimi.jpg\",\"datePublished\":\"2024-10-28T11:27:23+00:00\",\"breadcrumb\":{\"@id\":\"https:\/\/denizcankizil.tr\/uk\/seo\/on-alim-hakki-ve-tapu-iptali-kesif-ve-eylem-paylasimi\/#breadcrumb\"},\"inLanguage\":\"uk\",\"potentialAction\":[{\"@type\":\"ReadAction\",\"target\":[\"https:\/\/denizcankizil.tr\/uk\/seo\/on-alim-hakki-ve-tapu-iptali-kesif-ve-eylem-paylasimi\/\"]}]},{\"@type\":\"ImageObject\",\"inLanguage\":\"uk\",\"@id\":\"https:\/\/denizcankizil.tr\/uk\/seo\/on-alim-hakki-ve-tapu-iptali-kesif-ve-eylem-paylasimi\/#primaryimage\",\"url\":\"https:\/\/denizcankizil.tr\/wp-content\/uploads\/2024\/10\/9454-on-alim-hakki-ve-tapu-iptali-kesif-ve-eylem-paylasimi.jpg\",\"contentUrl\":\"https:\/\/denizcankizil.tr\/wp-content\/uploads\/2024\/10\/9454-on-alim-hakki-ve-tapu-iptali-kesif-ve-eylem-paylasimi.jpg\",\"width\":800,\"height\":800,\"caption\":\"\u00d6n Al\u0131m Hakk\u0131 ve Tapu \u0130ptali: Ke\u015fif ve Eylem Payla\u015f\u0131m\u0131\"},{\"@type\":\"BreadcrumbList\",\"@id\":\"https:\/\/denizcankizil.tr\/uk\/seo\/on-alim-hakki-ve-tapu-iptali-kesif-ve-eylem-paylasimi\/#breadcrumb\",\"itemListElement\":[{\"@type\":\"ListItem\",\"position\":1,\"name\":\"Home\",\"item\":\"https:\/\/denizcankizil.tr\/de\/\"},{\"@type\":\"ListItem\",\"position\":2,\"name\":\"\u00d6n Al\u0131m Hakk\u0131 ve Tapu \u0130ptali: Ke\u015fif ve Eylem Payla\u015f\u0131m\u0131\"}]},{\"@type\":\"WebSite\",\"@id\":\"https:\/\/denizcankizil.tr\/de\/#website\",\"url\":\"https:\/\/denizcankizil.tr\/de\/\",\"name\":\"Av. Deniz Can K\u0131z\u0131l\",\"description\":\"Avukat Deniz Can K\u0131z\u0131l Antalya Barosu\",\"publisher\":{\"@id\":\"https:\/\/denizcankizil.tr\/de\/#organization\"},\"potentialAction\":[{\"@type\":\"SearchAction\",\"target\":{\"@type\":\"EntryPoint\",\"urlTemplate\":\"https:\/\/denizcankizil.tr\/de\/?s={search_term_string}\"},\"query-input\":{\"@type\":\"PropertyValueSpecification\",\"valueRequired\":true,\"valueName\":\"search_term_string\"}}],\"inLanguage\":\"uk\"},{\"@type\":\"Organization\",\"@id\":\"https:\/\/denizcankizil.tr\/de\/#organization\",\"name\":\"Av. Deniz Can K\u0131z\u0131l\",\"url\":\"https:\/\/denizcankizil.tr\/de\/\",\"logo\":{\"@type\":\"ImageObject\",\"inLanguage\":\"uk\",\"@id\":\"https:\/\/denizcankizil.tr\/de\/#\/schema\/logo\/image\/\",\"url\":\"https:\/\/denizcankizil.tr\/wp-content\/uploads\/2024\/10\/siyah-logo-svg.svg\",\"contentUrl\":\"https:\/\/denizcankizil.tr\/wp-content\/uploads\/2024\/10\/siyah-logo-svg.svg\",\"width\":1080,\"height\":1080,\"caption\":\"Av. Deniz Can K\u0131z\u0131l\"},\"image\":{\"@id\":\"https:\/\/denizcankizil.tr\/de\/#\/schema\/logo\/image\/\"}},{\"@type\":\"Person\",\"@id\":\"https:\/\/denizcankizil.tr\/de\/#\/schema\/person\/be3c05fe6a12686905512445d8185489\",\"name\":\"admin\",\"image\":{\"@type\":\"ImageObject\",\"inLanguage\":\"uk\",\"@id\":\"https:\/\/denizcankizil.tr\/de\/#\/schema\/person\/image\/\",\"url\":\"https:\/\/secure.gravatar.com\/avatar\/c1fce94c830dc79107e174f890d7210541c4a63e8e5d816341794a2151c9d58c?s=96&d=mm&r=g\",\"contentUrl\":\"https:\/\/secure.gravatar.com\/avatar\/c1fce94c830dc79107e174f890d7210541c4a63e8e5d816341794a2151c9d58c?s=96&d=mm&r=g\",\"caption\":\"admin\"},\"sameAs\":[\"http:\/\/denizcankizil.tr\"],\"url\":\"https:\/\/denizcankizil.tr\/uk\/author\/admin\/\"}]}<\/script>\n<!-- \/ Yoast SEO Premium plugin. -->","yoast_head_json":{"title":"\u00d6n Al\u0131m Hakk\u0131 ve Tapu \u0130ptali: Ke\u015fif ve Eylem Payla\u015f\u0131m\u0131 - Av. Deniz Can K\u0131z\u0131l","robots":{"index":"index","follow":"follow","max-snippet":"max-snippet:-1","max-image-preview":"max-image-preview:large","max-video-preview":"max-video-preview:-1"},"canonical":"https:\/\/denizcankizil.tr\/uk\/seo\/on-alim-hakki-ve-tapu-iptali-kesif-ve-eylem-paylasimi\/","og_locale":"uk_UA","og_type":"article","og_title":"\u00d6n Al\u0131m Hakk\u0131 ve Tapu \u0130ptali: Ke\u015fif ve Eylem Payla\u015f\u0131m\u0131","og_description":"\u00d6n al\u0131m hakk\u0131, ta\u015f\u0131nmaz hakimiyeti ve taraflar aras\u0131ndaki ili\u015fkilerin belirlenmesinde kritik bir rol oynamaktad\u0131r. Tapu iptali davalar\u0131nda ke\u015fif ve eylem payla\u015f\u0131m\u0131, bu hakk\u0131n korunmas\u0131 ve etkinli\u011fi a\u00e7\u0131s\u0131ndan \u00f6nemlidir. Bu ba\u011flamda, hukukun \u00fcst\u00fcnl\u00fc\u011f\u00fc ilkesine dayal\u0131 bir yakla\u015f\u0131m benimsemek gerekmektedir.","og_url":"https:\/\/denizcankizil.tr\/uk\/seo\/on-alim-hakki-ve-tapu-iptali-kesif-ve-eylem-paylasimi\/","og_site_name":"Av. Deniz Can K\u0131z\u0131l","article_published_time":"2024-10-28T11:27:23+00:00","og_image":[{"width":800,"height":800,"url":"https:\/\/denizcankizil.tr\/wp-content\/uploads\/2024\/10\/9454-on-alim-hakki-ve-tapu-iptali-kesif-ve-eylem-paylasimi.jpg","type":"image\/jpeg"}],"author":"admin","twitter_card":"summary_large_image","twitter_misc":{"\u041d\u0430\u043f\u0438\u0441\u0430\u043d\u043e":"admin","\u041f\u0440\u0438\u0431\u043b. \u0447\u0430\u0441 \u0447\u0438\u0442\u0430\u043d\u043d\u044f":"9 \u0445\u0432\u0438\u043b\u0438\u043d"},"schema":{"@context":"https:\/\/schema.org","@graph":[{"@type":"Article","@id":"https:\/\/denizcankizil.tr\/uk\/seo\/on-alim-hakki-ve-tapu-iptali-kesif-ve-eylem-paylasimi\/#article","isPartOf":{"@id":"https:\/\/denizcankizil.tr\/uk\/seo\/on-alim-hakki-ve-tapu-iptali-kesif-ve-eylem-paylasimi\/"},"author":{"name":"admin","@id":"https:\/\/denizcankizil.tr\/de\/#\/schema\/person\/be3c05fe6a12686905512445d8185489"},"headline":"\u00d6n Al\u0131m Hakk\u0131 ve Tapu \u0130ptali: Ke\u015fif ve Eylem Payla\u015f\u0131m\u0131","datePublished":"2024-10-28T11:27:23+00:00","mainEntityOfPage":{"@id":"https:\/\/denizcankizil.tr\/uk\/seo\/on-alim-hakki-ve-tapu-iptali-kesif-ve-eylem-paylasimi\/"},"wordCount":1759,"commentCount":0,"publisher":{"@id":"https:\/\/denizcankizil.tr\/de\/#organization"},"image":{"@id":"https:\/\/denizcankizil.tr\/uk\/seo\/on-alim-hakki-ve-tapu-iptali-kesif-ve-eylem-paylasimi\/#primaryimage"},"thumbnailUrl":"https:\/\/denizcankizil.tr\/wp-content\/uploads\/2024\/10\/9454-on-alim-hakki-ve-tapu-iptali-kesif-ve-eylem-paylasimi.jpg","articleSection":["Seo"],"inLanguage":"uk","potentialAction":[{"@type":"CommentAction","name":"Comment","target":["https:\/\/denizcankizil.tr\/uk\/seo\/on-alim-hakki-ve-tapu-iptali-kesif-ve-eylem-paylasimi\/#respond"]}]},{"@type":"WebPage","@id":"https:\/\/denizcankizil.tr\/uk\/seo\/on-alim-hakki-ve-tapu-iptali-kesif-ve-eylem-paylasimi\/","url":"https:\/\/denizcankizil.tr\/uk\/seo\/on-alim-hakki-ve-tapu-iptali-kesif-ve-eylem-paylasimi\/","name":"\u00d6n Al\u0131m Hakk\u0131 ve Tapu \u0130ptali: Ke\u015fif ve Eylem Payla\u015f\u0131m\u0131 - Av. Deniz Can K\u0131z\u0131l","isPartOf":{"@id":"https:\/\/denizcankizil.tr\/de\/#website"},"primaryImageOfPage":{"@id":"https:\/\/denizcankizil.tr\/uk\/seo\/on-alim-hakki-ve-tapu-iptali-kesif-ve-eylem-paylasimi\/#primaryimage"},"image":{"@id":"https:\/\/denizcankizil.tr\/uk\/seo\/on-alim-hakki-ve-tapu-iptali-kesif-ve-eylem-paylasimi\/#primaryimage"},"thumbnailUrl":"https:\/\/denizcankizil.tr\/wp-content\/uploads\/2024\/10\/9454-on-alim-hakki-ve-tapu-iptali-kesif-ve-eylem-paylasimi.jpg","datePublished":"2024-10-28T11:27:23+00:00","breadcrumb":{"@id":"https:\/\/denizcankizil.tr\/uk\/seo\/on-alim-hakki-ve-tapu-iptali-kesif-ve-eylem-paylasimi\/#breadcrumb"},"inLanguage":"uk","potentialAction":[{"@type":"ReadAction","target":["https:\/\/denizcankizil.tr\/uk\/seo\/on-alim-hakki-ve-tapu-iptali-kesif-ve-eylem-paylasimi\/"]}]},{"@type":"ImageObject","inLanguage":"uk","@id":"https:\/\/denizcankizil.tr\/uk\/seo\/on-alim-hakki-ve-tapu-iptali-kesif-ve-eylem-paylasimi\/#primaryimage","url":"https:\/\/denizcankizil.tr\/wp-content\/uploads\/2024\/10\/9454-on-alim-hakki-ve-tapu-iptali-kesif-ve-eylem-paylasimi.jpg","contentUrl":"https:\/\/denizcankizil.tr\/wp-content\/uploads\/2024\/10\/9454-on-alim-hakki-ve-tapu-iptali-kesif-ve-eylem-paylasimi.jpg","width":800,"height":800,"caption":"\u00d6n Al\u0131m Hakk\u0131 ve Tapu \u0130ptali: Ke\u015fif ve Eylem Payla\u015f\u0131m\u0131"},{"@type":"BreadcrumbList","@id":"https:\/\/denizcankizil.tr\/uk\/seo\/on-alim-hakki-ve-tapu-iptali-kesif-ve-eylem-paylasimi\/#breadcrumb","itemListElement":[{"@type":"ListItem","position":1,"name":"Home","item":"https:\/\/denizcankizil.tr\/de\/"},{"@type":"ListItem","position":2,"name":"\u00d6n Al\u0131m Hakk\u0131 ve Tapu \u0130ptali: Ke\u015fif ve Eylem Payla\u015f\u0131m\u0131"}]},{"@type":"WebSite","@id":"https:\/\/denizcankizil.tr\/de\/#website","url":"https:\/\/denizcankizil.tr\/de\/","name":"Av. Deniz Can K\u0131z\u0131l","description":"Avukat Deniz Can K\u0131z\u0131l Antalya Barosu","publisher":{"@id":"https:\/\/denizcankizil.tr\/de\/#organization"},"potentialAction":[{"@type":"SearchAction","target":{"@type":"EntryPoint","urlTemplate":"https:\/\/denizcankizil.tr\/de\/?s={search_term_string}"},"query-input":{"@type":"PropertyValueSpecification","valueRequired":true,"valueName":"search_term_string"}}],"inLanguage":"uk"},{"@type":"Organization","@id":"https:\/\/denizcankizil.tr\/de\/#organization","name":"Av. Deniz Can K\u0131z\u0131l","url":"https:\/\/denizcankizil.tr\/de\/","logo":{"@type":"ImageObject","inLanguage":"uk","@id":"https:\/\/denizcankizil.tr\/de\/#\/schema\/logo\/image\/","url":"https:\/\/denizcankizil.tr\/wp-content\/uploads\/2024\/10\/siyah-logo-svg.svg","contentUrl":"https:\/\/denizcankizil.tr\/wp-content\/uploads\/2024\/10\/siyah-logo-svg.svg","width":1080,"height":1080,"caption":"Av. Deniz Can K\u0131z\u0131l"},"image":{"@id":"https:\/\/denizcankizil.tr\/de\/#\/schema\/logo\/image\/"}},{"@type":"Person","@id":"https:\/\/denizcankizil.tr\/de\/#\/schema\/person\/be3c05fe6a12686905512445d8185489","name":"\u0430\u0434\u043c\u0456\u043d","image":{"@type":"ImageObject","inLanguage":"uk","@id":"https:\/\/denizcankizil.tr\/de\/#\/schema\/person\/image\/","url":"https:\/\/secure.gravatar.com\/avatar\/c1fce94c830dc79107e174f890d7210541c4a63e8e5d816341794a2151c9d58c?s=96&d=mm&r=g","contentUrl":"https:\/\/secure.gravatar.com\/avatar\/c1fce94c830dc79107e174f890d7210541c4a63e8e5d816341794a2151c9d58c?s=96&d=mm&r=g","caption":"admin"},"sameAs":["http:\/\/denizcankizil.tr"],"url":"https:\/\/denizcankizil.tr\/uk\/author\/admin\/"}]}},"_links":{"self":[{"href":"https:\/\/denizcankizil.tr\/uk\/wp-json\/wp\/v2\/posts\/9454","targetHints":{"allow":["GET"]}}],"collection":[{"href":"https:\/\/denizcankizil.tr\/uk\/wp-json\/wp\/v2\/posts"}],"about":[{"href":"https:\/\/denizcankizil.tr\/uk\/wp-json\/wp\/v2\/types\/post"}],"author":[{"embeddable":true,"href":"https:\/\/denizcankizil.tr\/uk\/wp-json\/wp\/v2\/users\/1"}],"replies":[{"embeddable":true,"href":"https:\/\/denizcankizil.tr\/uk\/wp-json\/wp\/v2\/comments?post=9454"}],"version-history":[{"count":0,"href":"https:\/\/denizcankizil.tr\/uk\/wp-json\/wp\/v2\/posts\/9454\/revisions"}],"wp:featuredmedia":[{"embeddable":true,"href":"https:\/\/denizcankizil.tr\/uk\/wp-json\/wp\/v2\/media\/9455"}],"wp:attachment":[{"href":"https:\/\/denizcankizil.tr\/uk\/wp-json\/wp\/v2\/media?parent=9454"}],"wp:term":[{"taxonomy":"category","embeddable":true,"href":"https:\/\/denizcankizil.tr\/uk\/wp-json\/wp\/v2\/categories?post=9454"},{"taxonomy":"post_tag","embeddable":true,"href":"https:\/\/denizcankizil.tr\/uk\/wp-json\/wp\/v2\/tags?post=9454"}],"curies":[{"name":"wp","href":"https:\/\/api.w.org\/{rel}","templated":true}]}}