{"id":94294,"date":"2025-05-22T18:41:47","date_gmt":"2025-05-22T15:41:47","guid":{"rendered":"https:\/\/denizcankizil.tr\/uncategorized-tr\/kaymakam-ile-ogretmeninin-duygusal-bulusmasi\/"},"modified":"2025-05-22T18:41:47","modified_gmt":"2025-05-22T15:41:47","slug":"kaymakam-ile-ogretmeninin-duygusal-bulusmasi","status":"publish","type":"post","link":"https:\/\/denizcankizil.tr\/uk\/haberler\/gundem\/kaymakam-ile-ogretmeninin-duygusal-bulusmasi\/","title":{"rendered":"Kaymakam ile \u00f6\u011fretmeninin duygusal bulu\u015fmas\u0131\u2026"},"content":{"rendered":"<p>1999-2000 y\u0131llar\u0131 aras\u0131nda Mersin\u2019in Mut il\u00e7esine ba\u011fl\u0131 K\u00f6selerli k\u00f6y\u00fcnde bulunan Turhan Akay \u0130lkokulu\u2019nda e\u011fitim g\u00f6ren Kaymakam Mehmet Sert, o y\u0131llarda s\u0131n\u0131f \u00f6\u011fretmeni olan Nurhan Seven\u2019i bulmak i\u00e7in uzun s\u00fcredir \u00e7aba g\u00f6steriyordu. Kaymakam Sert, \u00f6\u011fretmeninin \u0130skenderun H\u00fcrriyet \u0130lkokulu\u2019nda g\u00f6rev yapt\u0131\u011f\u0131n\u0131 \u00f6\u011frenince, ona s\u00fcrpriz bir ziyaret ger\u00e7ekle\u015ftirdi.<\/p>\n<p>S\u00fcrpriz Ziyaret Duyguland\u0131rd\u0131<\/p>\n<p>Ziyaret s\u0131ras\u0131nda Kaymakam Mehmet Sert\u2019e \u0130skenderun \u0130l\u00e7e Milli E\u011fitim M\u00fcd\u00fcr\u00fc Ali Haytaz, Alt\u0131n\u00f6z\u00fc \u0130l\u00e7e Milli E\u011fitim M\u00fcd\u00fcr\u00fc Mehmet G\u00fcner ve H\u00fcrriyet \u0130lkokulu M\u00fcd\u00fcr\u00fc \u0130madettin O\u011fuz e\u015flik etti. Ders i\u015fledi\u011fi s\u0131rada s\u0131n\u0131f kap\u0131s\u0131 \u00e7al\u0131nan \u00f6\u011fretmen Nurhan Seven, i\u00e7eri giren eski \u00f6\u011frencisini ilk anda tan\u0131yamad\u0131. Ancak Mehmet Sert&#8217;in g\u00f6zlerine bak\u0131nca tan\u0131yan \u00f6\u011fretmen Seven, \u201cEskiden de hep g\u00fclerdin, \u00e7ok mutlu bir \u00e7ocuktun. \u015eimdi de ayn\u0131s\u0131n, seni g\u00f6zlerinden tan\u0131d\u0131m\u201d diyerek \u00f6\u011frencisine sar\u0131ld\u0131.<\/p>\n<p>\u201c2019\u2019dan Bu Yana Sizi Ar\u0131yordum\u201d<\/p>\n<p>Duygular\u0131n\u0131 gizleyemeyen Kaymakam Sert, \u00f6\u011fretmenine y\u0131llard\u0131r ula\u015fmaya \u00e7al\u0131\u015ft\u0131\u011f\u0131n\u0131 belirterek, \u201c2019 y\u0131l\u0131ndan bu yana sizi ar\u0131yordum. Bug\u00fcn burada olmak, size yeniden sar\u0131lmak benim i\u00e7in tarifsiz bir mutluluk,\u201d dedi. \u00d6\u011frencisinin g\u00f6sterdi\u011fi vefa kar\u015f\u0131s\u0131nda g\u00f6zleri dolan \u00f6\u011fretmen Seven, bu anlar\u0131n hayat\u0131 boyunca unutulmaz bir yer edinece\u011fini s\u00f6yledi.<\/p>\n<p>Hem H\u00fcz\u00fcn Hem Mutluluk<\/p>\n<p>26 y\u0131l sonra ger\u00e7ekle\u015fen bu \u00f6zel bulu\u015fma, s\u0131n\u0131fta bulunan di\u011fer \u00f6\u011fretmen ve y\u00f6neticiler taraf\u0131ndan da duygusal anlarla izlendi. Kaymakam Sert\u2019in, \u00f6\u011fretmenine olan vefas\u0131 ve minneti \u00f6rnek bir davran\u0131\u015f olarak takdir toplad\u0131.<\/p>\n<p>\u200bHatay\u2019\u0131n \u0130skenderun il\u00e7esi H\u00fcrriyet \u0130lkokulu, y\u0131llar sonra ger\u00e7ekle\u015fen anlaml\u0131 bir bulu\u015fmaya ev sahipli\u011fi yapt\u0131. Alt\u0131n\u00f6z\u00fc Kaymakam\u0131 Mehmet Sert, 26 y\u0131l \u00f6nce ilkokul y\u0131llar\u0131nda kendisine \u00f6\u011fretmenlik yapan Nurhan Seven\u2019i ziyaretinde duygusal anlar ya\u015fand\u0131.\u00a0<\/p>\n<p>\u200bHaberin Al\u0131nt\u0131land\u0131\u011f\u0131 Kaynak: www.iskenderun.org<\/p>","protected":false},"excerpt":{"rendered":"<p>1999-2000 y\u0131llar\u0131 aras\u0131nda Mersin\u2019in Mut il\u00e7esine ba\u011fl\u0131 K\u00f6selerli k\u00f6y\u00fcnde bulunan Turhan Akay \u0130lkokulu\u2019nda e\u011fitim g\u00f6ren Kaymakam Mehmet Sert, o y\u0131llarda s\u0131n\u0131f \u00f6\u011fretmeni olan Nurhan Seven\u2019i bulmak i\u00e7in uzun s\u00fcredir \u00e7aba g\u00f6steriyordu. Kaymakam Sert, \u00f6\u011fretmeninin \u0130skenderun H\u00fcrriyet \u0130lkokulu\u2019nda g\u00f6rev yapt\u0131\u011f\u0131n\u0131 \u00f6\u011frenince, ona s\u00fcrpriz bir ziyaret ger\u00e7ekle\u015ftirdi. S\u00fcrpriz Ziyaret Duyguland\u0131rd\u0131 Ziyaret s\u0131ras\u0131nda Kaymakam Mehmet Sert\u2019e \u0130skenderun \u0130l\u00e7e Milli E\u011fitim M\u00fcd\u00fcr\u00fc Ali Haytaz, Alt\u0131n\u00f6z\u00fc \u0130l\u00e7e Milli E\u011fitim M\u00fcd\u00fcr\u00fc Mehmet G\u00fcner ve H\u00fcrriyet \u0130lkokulu M\u00fcd\u00fcr\u00fc \u0130madettin O\u011fuz e\u015flik etti. Ders i\u015fledi\u011fi s\u0131rada s\u0131n\u0131f kap\u0131s\u0131 \u00e7al\u0131nan \u00f6\u011fretmen Nurhan Seven, i\u00e7eri giren eski \u00f6\u011frencisini ilk anda tan\u0131yamad\u0131. Ancak Mehmet Sert&#8217;in g\u00f6zlerine bak\u0131nca tan\u0131yan \u00f6\u011fretmen Seven, \u201cEskiden de hep g\u00fclerdin, \u00e7ok mutlu bir \u00e7ocuktun. \u015eimdi de ayn\u0131s\u0131n, seni g\u00f6zlerinden tan\u0131d\u0131m\u201d diyerek \u00f6\u011frencisine sar\u0131ld\u0131. \u201c2019\u2019dan Bu Yana Sizi Ar\u0131yordum\u201d Duygular\u0131n\u0131 gizleyemeyen Kaymakam Sert, \u00f6\u011fretmenine y\u0131llard\u0131r ula\u015fmaya \u00e7al\u0131\u015ft\u0131\u011f\u0131n\u0131 belirterek, \u201c2019 y\u0131l\u0131ndan bu yana sizi ar\u0131yordum. Bug\u00fcn burada olmak, size yeniden sar\u0131lmak benim i\u00e7in tarifsiz bir mutluluk,\u201d dedi. \u00d6\u011frencisinin g\u00f6sterdi\u011fi vefa kar\u015f\u0131s\u0131nda g\u00f6zleri dolan \u00f6\u011fretmen Seven, bu anlar\u0131n hayat\u0131 boyunca unutulmaz bir yer edinece\u011fini s\u00f6yledi. Hem H\u00fcz\u00fcn Hem Mutluluk 26 y\u0131l sonra ger\u00e7ekle\u015fen bu \u00f6zel bulu\u015fma, s\u0131n\u0131fta bulunan di\u011fer \u00f6\u011fretmen ve y\u00f6neticiler taraf\u0131ndan da duygusal anlarla izlendi. Kaymakam Sert\u2019in, \u00f6\u011fretmenine olan vefas\u0131 ve minneti \u00f6rnek bir davran\u0131\u015f olarak takdir toplad\u0131. &hellip;<\/p>","protected":false},"author":1,"featured_media":0,"comment_status":"","ping_status":"open","sticky":false,"template":"","format":"standard","meta":{"_acf_changed":false,"footnotes":""},"categories":[24],"tags":[],"class_list":["post-94294","post","type-post","status-publish","format-standard","has-post-thumbnail","hentry","category-gundem"],"acf":[],"yoast_head":"<!-- This site is optimized with the Yoast SEO Premium plugin v26.6 (Yoast SEO v27.1.1) - https:\/\/yoast.com\/product\/yoast-seo-premium-wordpress\/ -->\n<title>Kaymakam ile \u00f6\u011fretmeninin duygusal bulu\u015fmas\u0131\u2026 - Av. Deniz Can K\u0131z\u0131l<\/title>\n<meta name=\"robots\" content=\"index, follow, max-snippet:-1, max-image-preview:large, max-video-preview:-1\" \/>\n<link rel=\"canonical\" href=\"https:\/\/denizcankizil.tr\/uk\/haberler\/gundem\/kaymakam-ile-ogretmeninin-duygusal-bulusmasi\/\" \/>\n<meta property=\"og:locale\" content=\"uk_UA\" \/>\n<meta property=\"og:type\" content=\"article\" \/>\n<meta property=\"og:title\" content=\"Kaymakam ile \u00f6\u011fretmeninin duygusal bulu\u015fmas\u0131\u2026\" \/>\n<meta property=\"og:description\" content=\"1999-2000 y\u0131llar\u0131 aras\u0131nda Mersin\u2019in Mut il\u00e7esine ba\u011fl\u0131 K\u00f6selerli k\u00f6y\u00fcnde bulunan Turhan Akay \u0130lkokulu\u2019nda e\u011fitim g\u00f6ren Kaymakam Mehmet Sert, o y\u0131llarda s\u0131n\u0131f \u00f6\u011fretmeni olan Nurhan Seven\u2019i bulmak i\u00e7in uzun s\u00fcredir \u00e7aba g\u00f6steriyordu. Kaymakam Sert, \u00f6\u011fretmeninin \u0130skenderun H\u00fcrriyet \u0130lkokulu\u2019nda g\u00f6rev yapt\u0131\u011f\u0131n\u0131 \u00f6\u011frenince, ona s\u00fcrpriz bir ziyaret ger\u00e7ekle\u015ftirdi. S\u00fcrpriz Ziyaret Duyguland\u0131rd\u0131 Ziyaret s\u0131ras\u0131nda Kaymakam Mehmet Sert\u2019e \u0130skenderun \u0130l\u00e7e Milli E\u011fitim M\u00fcd\u00fcr\u00fc Ali Haytaz, Alt\u0131n\u00f6z\u00fc \u0130l\u00e7e Milli E\u011fitim M\u00fcd\u00fcr\u00fc Mehmet G\u00fcner ve H\u00fcrriyet \u0130lkokulu M\u00fcd\u00fcr\u00fc \u0130madettin O\u011fuz e\u015flik etti. Ders i\u015fledi\u011fi s\u0131rada s\u0131n\u0131f kap\u0131s\u0131 \u00e7al\u0131nan \u00f6\u011fretmen Nurhan Seven, i\u00e7eri giren eski \u00f6\u011frencisini ilk anda tan\u0131yamad\u0131. Ancak Mehmet Sert&#8217;in g\u00f6zlerine bak\u0131nca tan\u0131yan \u00f6\u011fretmen Seven, \u201cEskiden de hep g\u00fclerdin, \u00e7ok mutlu bir \u00e7ocuktun. \u015eimdi de ayn\u0131s\u0131n, seni g\u00f6zlerinden tan\u0131d\u0131m\u201d diyerek \u00f6\u011frencisine sar\u0131ld\u0131. \u201c2019\u2019dan Bu Yana Sizi Ar\u0131yordum\u201d Duygular\u0131n\u0131 gizleyemeyen Kaymakam Sert, \u00f6\u011fretmenine y\u0131llard\u0131r ula\u015fmaya \u00e7al\u0131\u015ft\u0131\u011f\u0131n\u0131 belirterek, \u201c2019 y\u0131l\u0131ndan bu yana sizi ar\u0131yordum. Bug\u00fcn burada olmak, size yeniden sar\u0131lmak benim i\u00e7in tarifsiz bir mutluluk,\u201d dedi. \u00d6\u011frencisinin g\u00f6sterdi\u011fi vefa kar\u015f\u0131s\u0131nda g\u00f6zleri dolan \u00f6\u011fretmen Seven, bu anlar\u0131n hayat\u0131 boyunca unutulmaz bir yer edinece\u011fini s\u00f6yledi. Hem H\u00fcz\u00fcn Hem Mutluluk 26 y\u0131l sonra ger\u00e7ekle\u015fen bu \u00f6zel bulu\u015fma, s\u0131n\u0131fta bulunan di\u011fer \u00f6\u011fretmen ve y\u00f6neticiler taraf\u0131ndan da duygusal anlarla izlendi. Kaymakam Sert\u2019in, \u00f6\u011fretmenine olan vefas\u0131 ve minneti \u00f6rnek bir davran\u0131\u015f olarak takdir toplad\u0131. &hellip;\" \/>\n<meta property=\"og:url\" content=\"https:\/\/denizcankizil.tr\/uk\/haberler\/gundem\/kaymakam-ile-ogretmeninin-duygusal-bulusmasi\/\" \/>\n<meta property=\"og:site_name\" content=\"Av. Deniz Can K\u0131z\u0131l\" \/>\n<meta property=\"article:published_time\" content=\"2025-05-22T15:41:47+00:00\" \/>\n<meta name=\"author\" content=\"admin\" \/>\n<meta name=\"twitter:card\" content=\"summary_large_image\" \/>\n<meta name=\"twitter:label1\" content=\"\u041d\u0430\u043f\u0438\u0441\u0430\u043d\u043e\" \/>\n\t<meta name=\"twitter:data1\" content=\"admin\" \/>\n\t<meta name=\"twitter:label2\" content=\"\u041f\u0440\u0438\u0431\u043b. \u0447\u0430\u0441 \u0447\u0438\u0442\u0430\u043d\u043d\u044f\" \/>\n\t<meta name=\"twitter:data2\" content=\"2 \u0445\u0432\u0438\u043b\u0438\u043d\u0438\" \/>\n<script type=\"application\/ld+json\" class=\"yoast-schema-graph\">{\"@context\":\"https:\/\/schema.org\",\"@graph\":[{\"@type\":\"Article\",\"@id\":\"https:\/\/denizcankizil.tr\/ru\/haberler\/gundem\/kaymakam-ile-ogretmeninin-duygusal-bulusmasi\/#article\",\"isPartOf\":{\"@id\":\"https:\/\/denizcankizil.tr\/ru\/haberler\/gundem\/kaymakam-ile-ogretmeninin-duygusal-bulusmasi\/\"},\"author\":{\"name\":\"admin\",\"@id\":\"https:\/\/denizcankizil.tr\/de\/#\/schema\/person\/be3c05fe6a12686905512445d8185489\"},\"headline\":\"Kaymakam ile \u00f6\u011fretmeninin duygusal bulu\u015fmas\u0131\u2026\",\"datePublished\":\"2025-05-22T15:41:47+00:00\",\"mainEntityOfPage\":{\"@id\":\"https:\/\/denizcankizil.tr\/ru\/haberler\/gundem\/kaymakam-ile-ogretmeninin-duygusal-bulusmasi\/\"},\"wordCount\":357,\"publisher\":{\"@id\":\"https:\/\/denizcankizil.tr\/de\/#organization\"},\"articleSection\":[\"G\u00fcndem\"],\"inLanguage\":\"uk\"},{\"@type\":\"WebPage\",\"@id\":\"https:\/\/denizcankizil.tr\/ru\/haberler\/gundem\/kaymakam-ile-ogretmeninin-duygusal-bulusmasi\/\",\"url\":\"https:\/\/denizcankizil.tr\/ru\/haberler\/gundem\/kaymakam-ile-ogretmeninin-duygusal-bulusmasi\/\",\"name\":\"Kaymakam ile \u00f6\u011fretmeninin duygusal bulu\u015fmas\u0131\u2026 - Av. Deniz Can K\u0131z\u0131l\",\"isPartOf\":{\"@id\":\"https:\/\/denizcankizil.tr\/de\/#website\"},\"datePublished\":\"2025-05-22T15:41:47+00:00\",\"breadcrumb\":{\"@id\":\"https:\/\/denizcankizil.tr\/ru\/haberler\/gundem\/kaymakam-ile-ogretmeninin-duygusal-bulusmasi\/#breadcrumb\"},\"inLanguage\":\"uk\",\"potentialAction\":[{\"@type\":\"ReadAction\",\"target\":[\"https:\/\/denizcankizil.tr\/ru\/haberler\/gundem\/kaymakam-ile-ogretmeninin-duygusal-bulusmasi\/\"]}]},{\"@type\":\"BreadcrumbList\",\"@id\":\"https:\/\/denizcankizil.tr\/ru\/haberler\/gundem\/kaymakam-ile-ogretmeninin-duygusal-bulusmasi\/#breadcrumb\",\"itemListElement\":[{\"@type\":\"ListItem\",\"position\":1,\"name\":\"Home\",\"item\":\"https:\/\/denizcankizil.tr\/de\/\"},{\"@type\":\"ListItem\",\"position\":2,\"name\":\"Kaymakam ile \u00f6\u011fretmeninin duygusal bulu\u015fmas\u0131\u2026\"}]},{\"@type\":\"WebSite\",\"@id\":\"https:\/\/denizcankizil.tr\/de\/#website\",\"url\":\"https:\/\/denizcankizil.tr\/de\/\",\"name\":\"Av. Deniz Can K\u0131z\u0131l\",\"description\":\"Avukat Deniz Can K\u0131z\u0131l Antalya Barosu\",\"publisher\":{\"@id\":\"https:\/\/denizcankizil.tr\/de\/#organization\"},\"potentialAction\":[{\"@type\":\"SearchAction\",\"target\":{\"@type\":\"EntryPoint\",\"urlTemplate\":\"https:\/\/denizcankizil.tr\/de\/?s={search_term_string}\"},\"query-input\":{\"@type\":\"PropertyValueSpecification\",\"valueRequired\":true,\"valueName\":\"search_term_string\"}}],\"inLanguage\":\"uk\"},{\"@type\":\"Organization\",\"@id\":\"https:\/\/denizcankizil.tr\/de\/#organization\",\"name\":\"Av. Deniz Can K\u0131z\u0131l\",\"url\":\"https:\/\/denizcankizil.tr\/de\/\",\"logo\":{\"@type\":\"ImageObject\",\"inLanguage\":\"uk\",\"@id\":\"https:\/\/denizcankizil.tr\/de\/#\/schema\/logo\/image\/\",\"url\":\"https:\/\/denizcankizil.tr\/wp-content\/uploads\/2024\/10\/siyah-logo-svg.svg\",\"contentUrl\":\"https:\/\/denizcankizil.tr\/wp-content\/uploads\/2024\/10\/siyah-logo-svg.svg\",\"width\":1080,\"height\":1080,\"caption\":\"Av. Deniz Can K\u0131z\u0131l\"},\"image\":{\"@id\":\"https:\/\/denizcankizil.tr\/de\/#\/schema\/logo\/image\/\"}},{\"@type\":\"Person\",\"@id\":\"https:\/\/denizcankizil.tr\/de\/#\/schema\/person\/be3c05fe6a12686905512445d8185489\",\"name\":\"admin\",\"image\":{\"@type\":\"ImageObject\",\"inLanguage\":\"uk\",\"@id\":\"https:\/\/denizcankizil.tr\/de\/#\/schema\/person\/image\/\",\"url\":\"https:\/\/secure.gravatar.com\/avatar\/c1fce94c830dc79107e174f890d7210541c4a63e8e5d816341794a2151c9d58c?s=96&d=mm&r=g\",\"contentUrl\":\"https:\/\/secure.gravatar.com\/avatar\/c1fce94c830dc79107e174f890d7210541c4a63e8e5d816341794a2151c9d58c?s=96&d=mm&r=g\",\"caption\":\"admin\"},\"sameAs\":[\"http:\/\/denizcankizil.tr\"],\"url\":\"https:\/\/www.iskenderun.org\/kaymakam-ile-ogretmeninin-duygusal-bulusmasi\"}]}<\/script>\n<!-- \/ Yoast SEO Premium plugin. -->","yoast_head_json":{"title":"Kaymakam ile \u00f6\u011fretmeninin duygusal bulu\u015fmas\u0131\u2026 - Av. Deniz Can K\u0131z\u0131l","robots":{"index":"index","follow":"follow","max-snippet":"max-snippet:-1","max-image-preview":"max-image-preview:large","max-video-preview":"max-video-preview:-1"},"canonical":"https:\/\/denizcankizil.tr\/uk\/haberler\/gundem\/kaymakam-ile-ogretmeninin-duygusal-bulusmasi\/","og_locale":"uk_UA","og_type":"article","og_title":"Kaymakam ile \u00f6\u011fretmeninin duygusal bulu\u015fmas\u0131\u2026","og_description":"1999-2000 y\u0131llar\u0131 aras\u0131nda Mersin\u2019in Mut il\u00e7esine ba\u011fl\u0131 K\u00f6selerli k\u00f6y\u00fcnde bulunan Turhan Akay \u0130lkokulu\u2019nda e\u011fitim g\u00f6ren Kaymakam Mehmet Sert, o y\u0131llarda s\u0131n\u0131f \u00f6\u011fretmeni olan Nurhan Seven\u2019i bulmak i\u00e7in uzun s\u00fcredir \u00e7aba g\u00f6steriyordu. Kaymakam Sert, \u00f6\u011fretmeninin \u0130skenderun H\u00fcrriyet \u0130lkokulu\u2019nda g\u00f6rev yapt\u0131\u011f\u0131n\u0131 \u00f6\u011frenince, ona s\u00fcrpriz bir ziyaret ger\u00e7ekle\u015ftirdi. S\u00fcrpriz Ziyaret Duyguland\u0131rd\u0131 Ziyaret s\u0131ras\u0131nda Kaymakam Mehmet Sert\u2019e \u0130skenderun \u0130l\u00e7e Milli E\u011fitim M\u00fcd\u00fcr\u00fc Ali Haytaz, Alt\u0131n\u00f6z\u00fc \u0130l\u00e7e Milli E\u011fitim M\u00fcd\u00fcr\u00fc Mehmet G\u00fcner ve H\u00fcrriyet \u0130lkokulu M\u00fcd\u00fcr\u00fc \u0130madettin O\u011fuz e\u015flik etti. Ders i\u015fledi\u011fi s\u0131rada s\u0131n\u0131f kap\u0131s\u0131 \u00e7al\u0131nan \u00f6\u011fretmen Nurhan Seven, i\u00e7eri giren eski \u00f6\u011frencisini ilk anda tan\u0131yamad\u0131. Ancak Mehmet Sert&#8217;in g\u00f6zlerine bak\u0131nca tan\u0131yan \u00f6\u011fretmen Seven, \u201cEskiden de hep g\u00fclerdin, \u00e7ok mutlu bir \u00e7ocuktun. \u015eimdi de ayn\u0131s\u0131n, seni g\u00f6zlerinden tan\u0131d\u0131m\u201d diyerek \u00f6\u011frencisine sar\u0131ld\u0131. \u201c2019\u2019dan Bu Yana Sizi Ar\u0131yordum\u201d Duygular\u0131n\u0131 gizleyemeyen Kaymakam Sert, \u00f6\u011fretmenine y\u0131llard\u0131r ula\u015fmaya \u00e7al\u0131\u015ft\u0131\u011f\u0131n\u0131 belirterek, \u201c2019 y\u0131l\u0131ndan bu yana sizi ar\u0131yordum. Bug\u00fcn burada olmak, size yeniden sar\u0131lmak benim i\u00e7in tarifsiz bir mutluluk,\u201d dedi. \u00d6\u011frencisinin g\u00f6sterdi\u011fi vefa kar\u015f\u0131s\u0131nda g\u00f6zleri dolan \u00f6\u011fretmen Seven, bu anlar\u0131n hayat\u0131 boyunca unutulmaz bir yer edinece\u011fini s\u00f6yledi. Hem H\u00fcz\u00fcn Hem Mutluluk 26 y\u0131l sonra ger\u00e7ekle\u015fen bu \u00f6zel bulu\u015fma, s\u0131n\u0131fta bulunan di\u011fer \u00f6\u011fretmen ve y\u00f6neticiler taraf\u0131ndan da duygusal anlarla izlendi. Kaymakam Sert\u2019in, \u00f6\u011fretmenine olan vefas\u0131 ve minneti \u00f6rnek bir davran\u0131\u015f olarak takdir toplad\u0131. &hellip;","og_url":"https:\/\/denizcankizil.tr\/uk\/haberler\/gundem\/kaymakam-ile-ogretmeninin-duygusal-bulusmasi\/","og_site_name":"Av. Deniz Can K\u0131z\u0131l","article_published_time":"2025-05-22T15:41:47+00:00","author":"admin","twitter_card":"summary_large_image","twitter_misc":{"\u041d\u0430\u043f\u0438\u0441\u0430\u043d\u043e":"admin","\u041f\u0440\u0438\u0431\u043b. \u0447\u0430\u0441 \u0447\u0438\u0442\u0430\u043d\u043d\u044f":"2 \u0445\u0432\u0438\u043b\u0438\u043d\u0438"},"schema":{"@context":"https:\/\/schema.org","@graph":[{"@type":"Article","@id":"https:\/\/denizcankizil.tr\/ru\/haberler\/gundem\/kaymakam-ile-ogretmeninin-duygusal-bulusmasi\/#article","isPartOf":{"@id":"https:\/\/denizcankizil.tr\/ru\/haberler\/gundem\/kaymakam-ile-ogretmeninin-duygusal-bulusmasi\/"},"author":{"name":"admin","@id":"https:\/\/denizcankizil.tr\/de\/#\/schema\/person\/be3c05fe6a12686905512445d8185489"},"headline":"Kaymakam ile \u00f6\u011fretmeninin duygusal bulu\u015fmas\u0131\u2026","datePublished":"2025-05-22T15:41:47+00:00","mainEntityOfPage":{"@id":"https:\/\/denizcankizil.tr\/ru\/haberler\/gundem\/kaymakam-ile-ogretmeninin-duygusal-bulusmasi\/"},"wordCount":357,"publisher":{"@id":"https:\/\/denizcankizil.tr\/de\/#organization"},"articleSection":["G\u00fcndem"],"inLanguage":"uk"},{"@type":"WebPage","@id":"https:\/\/denizcankizil.tr\/ru\/haberler\/gundem\/kaymakam-ile-ogretmeninin-duygusal-bulusmasi\/","url":"https:\/\/denizcankizil.tr\/ru\/haberler\/gundem\/kaymakam-ile-ogretmeninin-duygusal-bulusmasi\/","name":"Kaymakam ile \u00f6\u011fretmeninin duygusal bulu\u015fmas\u0131\u2026 - Av. Deniz Can K\u0131z\u0131l","isPartOf":{"@id":"https:\/\/denizcankizil.tr\/de\/#website"},"datePublished":"2025-05-22T15:41:47+00:00","breadcrumb":{"@id":"https:\/\/denizcankizil.tr\/ru\/haberler\/gundem\/kaymakam-ile-ogretmeninin-duygusal-bulusmasi\/#breadcrumb"},"inLanguage":"uk","potentialAction":[{"@type":"ReadAction","target":["https:\/\/denizcankizil.tr\/ru\/haberler\/gundem\/kaymakam-ile-ogretmeninin-duygusal-bulusmasi\/"]}]},{"@type":"BreadcrumbList","@id":"https:\/\/denizcankizil.tr\/ru\/haberler\/gundem\/kaymakam-ile-ogretmeninin-duygusal-bulusmasi\/#breadcrumb","itemListElement":[{"@type":"ListItem","position":1,"name":"Home","item":"https:\/\/denizcankizil.tr\/de\/"},{"@type":"ListItem","position":2,"name":"Kaymakam ile \u00f6\u011fretmeninin duygusal bulu\u015fmas\u0131\u2026"}]},{"@type":"WebSite","@id":"https:\/\/denizcankizil.tr\/de\/#website","url":"https:\/\/denizcankizil.tr\/de\/","name":"Av. Deniz Can K\u0131z\u0131l","description":"Avukat Deniz Can K\u0131z\u0131l Antalya Barosu","publisher":{"@id":"https:\/\/denizcankizil.tr\/de\/#organization"},"potentialAction":[{"@type":"SearchAction","target":{"@type":"EntryPoint","urlTemplate":"https:\/\/denizcankizil.tr\/de\/?s={search_term_string}"},"query-input":{"@type":"PropertyValueSpecification","valueRequired":true,"valueName":"search_term_string"}}],"inLanguage":"uk"},{"@type":"Organization","@id":"https:\/\/denizcankizil.tr\/de\/#organization","name":"Av. Deniz Can K\u0131z\u0131l","url":"https:\/\/denizcankizil.tr\/de\/","logo":{"@type":"ImageObject","inLanguage":"uk","@id":"https:\/\/denizcankizil.tr\/de\/#\/schema\/logo\/image\/","url":"https:\/\/denizcankizil.tr\/wp-content\/uploads\/2024\/10\/siyah-logo-svg.svg","contentUrl":"https:\/\/denizcankizil.tr\/wp-content\/uploads\/2024\/10\/siyah-logo-svg.svg","width":1080,"height":1080,"caption":"Av. Deniz Can K\u0131z\u0131l"},"image":{"@id":"https:\/\/denizcankizil.tr\/de\/#\/schema\/logo\/image\/"}},{"@type":"Person","@id":"https:\/\/denizcankizil.tr\/de\/#\/schema\/person\/be3c05fe6a12686905512445d8185489","name":"\u0430\u0434\u043c\u0456\u043d","image":{"@type":"ImageObject","inLanguage":"uk","@id":"https:\/\/denizcankizil.tr\/de\/#\/schema\/person\/image\/","url":"https:\/\/secure.gravatar.com\/avatar\/c1fce94c830dc79107e174f890d7210541c4a63e8e5d816341794a2151c9d58c?s=96&d=mm&r=g","contentUrl":"https:\/\/secure.gravatar.com\/avatar\/c1fce94c830dc79107e174f890d7210541c4a63e8e5d816341794a2151c9d58c?s=96&d=mm&r=g","caption":"admin"},"sameAs":["http:\/\/denizcankizil.tr"],"url":"https:\/\/www.iskenderun.org\/kaymakam-ile-ogretmeninin-duygusal-bulusmasi"}]}},"_links":{"self":[{"href":"https:\/\/denizcankizil.tr\/uk\/wp-json\/wp\/v2\/posts\/94294","targetHints":{"allow":["GET"]}}],"collection":[{"href":"https:\/\/denizcankizil.tr\/uk\/wp-json\/wp\/v2\/posts"}],"about":[{"href":"https:\/\/denizcankizil.tr\/uk\/wp-json\/wp\/v2\/types\/post"}],"author":[{"embeddable":true,"href":"https:\/\/denizcankizil.tr\/uk\/wp-json\/wp\/v2\/users\/1"}],"replies":[{"embeddable":true,"href":"https:\/\/denizcankizil.tr\/uk\/wp-json\/wp\/v2\/comments?post=94294"}],"version-history":[{"count":0,"href":"https:\/\/denizcankizil.tr\/uk\/wp-json\/wp\/v2\/posts\/94294\/revisions"}],"wp:attachment":[{"href":"https:\/\/denizcankizil.tr\/uk\/wp-json\/wp\/v2\/media?parent=94294"}],"wp:term":[{"taxonomy":"category","embeddable":true,"href":"https:\/\/denizcankizil.tr\/uk\/wp-json\/wp\/v2\/categories?post=94294"},{"taxonomy":"post_tag","embeddable":true,"href":"https:\/\/denizcankizil.tr\/uk\/wp-json\/wp\/v2\/tags?post=94294"}],"curies":[{"name":"wp","href":"https:\/\/api.w.org\/{rel}","templated":true}]}}