{"id":9427,"date":"2024-10-28T12:41:25","date_gmt":"2024-10-28T09:41:25","guid":{"rendered":"https:\/\/denizcankizil.tr\/uncategorized-tr\/duzcede-hirsizlar-jasattan-kacamadi\/"},"modified":"2024-10-28T12:41:25","modified_gmt":"2024-10-28T09:41:25","slug":"duzcede-hirsizlar-jasattan-kacamadi","status":"publish","type":"post","link":"https:\/\/denizcankizil.tr\/uk\/haberler\/gundem\/duzcede-hirsizlar-jasattan-kacamadi\/","title":{"rendered":"D\u00fczce&#8217;de h\u0131rs\u0131zlar JASAT&#8217;tan ka\u00e7amad\u0131!"},"content":{"rendered":"<p>D\u00fczce&#8217;de JASAT ve Jandarma Komutanl\u0131\u011f\u0131&#8217;na ba\u011fl\u0131 ekipler, h\u0131rs\u0131zl\u0131k ve kamu d\u00fczenini bozanlara kar\u015f\u0131 yapt\u0131\u011f\u0131 operasyonlarda \u015f\u00fcphelileri yakalad\u0131. Farkl\u0131 tarih ve noktalarda toplamda 920 kilogram f\u0131nd\u0131\u011f\u0131n \u00e7al\u0131nmas\u0131n\u0131n yan\u0131 s\u0131ra \u00e7e\u015fitli h\u0131rs\u0131zl\u0131k su\u00e7lar\u0131na kar\u0131\u015fan \u015f\u00fcpheliler adli makamlara sevk edildi.Sefer DEM\u0130R \/ D\u00dcZCE (\u0130GFA) &#8211; D\u00fczce \u0130l Jandarma Komutanl\u0131\u011f\u0131&#8217;na ekipler, il genelinde h\u0131rs\u0131zl\u0131k ve kamu d\u00fczenini bozanlara kar\u015f\u0131 operasyon d\u00fczenledi.<br \/>\nAl\u0131nan bilgilere g\u00f6re Jandarma ekiplerinin sorumluluk b\u00f6lgesinde emniyet ve asayi\u015f ile kamu d\u00fczeninin devaml\u0131l\u0131\u011f\u0131n\u0131 sa\u011flamak, su\u00e7 i\u015flenmesini \u00f6nlemek, i\u015flenen su\u00e7larda ise \u015f\u00fcphelilerin tespit ve yakalanmas\u0131 \u00e7al\u0131\u015fmalar\u0131na aral\u0131ks\u0131z devam edildi\u011fi kaydedildi.<br \/>\nSon operasyonlarda Y\u0131\u011f\u0131lca&#8217;da farkl\u0131 tarihlerde toplamda 920 kilogram f\u0131nd\u0131\u011f\u0131n \u00e7al\u0131nmas\u0131 ile oto, akaryak\u0131t ve i\u015f yerinden h\u0131rs\u0131zl\u0131k olaylar\u0131n\u0131n yan\u0131 s\u0131ra G\u00f6lyaka&#8217;da meskun mahalde silahla havaya ate\u015f a\u00e7ma sonras\u0131nda yorgun merminin mala zarar vermesi olay\u0131na kar\u0131\u015fan \u015f\u00fcphelilerin tamam\u0131 yakaland\u0131.<br \/>\nOperasyonu Jandarman\u0131n dedektifleri olan JASAT ve \u0130l\u00e7e Jandarma Komutanl\u0131klar\u0131 ortakla\u015fa d\u00fczenledi. Titiz ara\u015ft\u0131rmalar sonucunda \u015f\u00fcpheliler tespit edilerek yakalan\u0131rken, \u015fah\u0131slarla ilgili adli i\u015flemler ba\u015flat\u0131ld\u0131.<\/p>\n<p>\u200bD\u00fczce&#8217;de JASAT ve Jandarma Komutanl\u0131\u011f\u0131&#8217;na ba\u011fl\u0131 ekipler, h\u0131rs\u0131zl\u0131k ve kamu d\u00fczenini bozanlara kar\u015f\u0131 yapt\u0131\u011f\u0131 operasyonlarda \u015f\u00fcphelileri yakalad\u0131  Farkl\u0131 tarih ve noktalarda toplamda 920 kilogram f\u0131nd\u0131\u011f\u0131n \u00e7al\u0131nmas\u0131n\u0131n yan\u0131 s\u0131ra \u00e7e\u015fitli h\u0131rs\u0131zl\u0131k su\u00e7lar\u0131na kar\u0131\u015fan \u015f\u00fcpheliler adli makamlara sevk edildi\u00a0<\/p>\n<p>\u200bHaberin Al\u0131nt\u0131land\u0131\u011f\u0131 Kaynak: www.iskenderun.org<\/p>","protected":false},"excerpt":{"rendered":"<p>D\u00fczce&#8217;de JASAT ve Jandarma Komutanl\u0131\u011f\u0131&#8217;na ba\u011fl\u0131 ekipler, h\u0131rs\u0131zl\u0131k ve kamu d\u00fczenini bozanlara kar\u015f\u0131 yapt\u0131\u011f\u0131 operasyonlarda \u015f\u00fcphelileri yakalad\u0131. Farkl\u0131 tarih ve noktalarda toplamda 920 kilogram f\u0131nd\u0131\u011f\u0131n \u00e7al\u0131nmas\u0131n\u0131n yan\u0131 s\u0131ra \u00e7e\u015fitli h\u0131rs\u0131zl\u0131k su\u00e7lar\u0131na kar\u0131\u015fan \u015f\u00fcpheliler adli makamlara sevk edildi.Sefer DEM\u0130R \/ D\u00dcZCE (\u0130GFA) &#8211; D\u00fczce \u0130l Jandarma Komutanl\u0131\u011f\u0131&#8217;na ekipler, il genelinde h\u0131rs\u0131zl\u0131k ve kamu d\u00fczenini bozanlara kar\u015f\u0131 operasyon d\u00fczenledi. Al\u0131nan bilgilere g\u00f6re Jandarma ekiplerinin sorumluluk b\u00f6lgesinde emniyet ve asayi\u015f ile kamu d\u00fczeninin devaml\u0131l\u0131\u011f\u0131n\u0131 sa\u011flamak, su\u00e7 i\u015flenmesini \u00f6nlemek, i\u015flenen su\u00e7larda ise \u015f\u00fcphelilerin tespit ve yakalanmas\u0131 \u00e7al\u0131\u015fmalar\u0131na aral\u0131ks\u0131z devam edildi\u011fi kaydedildi. Son operasyonlarda Y\u0131\u011f\u0131lca&#8217;da farkl\u0131 tarihlerde toplamda 920 kilogram f\u0131nd\u0131\u011f\u0131n \u00e7al\u0131nmas\u0131 ile oto, akaryak\u0131t ve i\u015f yerinden h\u0131rs\u0131zl\u0131k olaylar\u0131n\u0131n yan\u0131 s\u0131ra G\u00f6lyaka&#8217;da meskun mahalde silahla havaya ate\u015f a\u00e7ma sonras\u0131nda yorgun merminin mala zarar vermesi olay\u0131na kar\u0131\u015fan \u015f\u00fcphelilerin tamam\u0131 yakaland\u0131. Operasyonu Jandarman\u0131n dedektifleri olan JASAT ve \u0130l\u00e7e Jandarma Komutanl\u0131klar\u0131 ortakla\u015fa d\u00fczenledi. Titiz ara\u015ft\u0131rmalar sonucunda \u015f\u00fcpheliler tespit edilerek yakalan\u0131rken, \u015fah\u0131slarla ilgili adli i\u015flemler ba\u015flat\u0131ld\u0131. \u200bD\u00fczce&#8217;de JASAT ve Jandarma Komutanl\u0131\u011f\u0131&#8217;na ba\u011fl\u0131 ekipler, h\u0131rs\u0131zl\u0131k ve kamu d\u00fczenini bozanlara kar\u015f\u0131 yapt\u0131\u011f\u0131 operasyonlarda \u015f\u00fcphelileri yakalad\u0131 Farkl\u0131 tarih ve noktalarda toplamda 920 kilogram f\u0131nd\u0131\u011f\u0131n \u00e7al\u0131nmas\u0131n\u0131n yan\u0131 s\u0131ra \u00e7e\u015fitli h\u0131rs\u0131zl\u0131k su\u00e7lar\u0131na kar\u0131\u015fan \u015f\u00fcpheliler adli makamlara sevk edildi\u00a0 \u200bHaberin Al\u0131nt\u0131land\u0131\u011f\u0131 Kaynak: www.iskenderun.org<\/p>","protected":false},"author":0,"featured_media":0,"comment_status":"open","ping_status":"open","sticky":false,"template":"","format":"standard","meta":{"_acf_changed":false,"footnotes":""},"categories":[24,535],"tags":[],"class_list":["post-9427","post","type-post","status-publish","format-standard","has-post-thumbnail","hentry","category-gundem","category-uncategorized-tr"],"acf":[],"yoast_head":"<!-- This site is optimized with the Yoast SEO Premium plugin v26.6 (Yoast SEO v27.1.1) - https:\/\/yoast.com\/product\/yoast-seo-premium-wordpress\/ -->\n<title>D\u00fczce&#039;de h\u0131rs\u0131zlar JASAT&#039;tan ka\u00e7amad\u0131! - Av. Deniz Can K\u0131z\u0131l<\/title>\n<meta name=\"robots\" content=\"index, follow, max-snippet:-1, max-image-preview:large, max-video-preview:-1\" \/>\n<link rel=\"canonical\" href=\"https:\/\/denizcankizil.tr\/uk\/haberler\/gundem\/duzcede-hirsizlar-jasattan-kacamadi\/\" \/>\n<meta property=\"og:locale\" content=\"uk_UA\" \/>\n<meta property=\"og:type\" content=\"article\" \/>\n<meta property=\"og:title\" content=\"D\u00fczce&#039;de h\u0131rs\u0131zlar JASAT&#039;tan ka\u00e7amad\u0131!\" \/>\n<meta property=\"og:description\" content=\"D\u00fczce&#8217;de JASAT ve Jandarma Komutanl\u0131\u011f\u0131&#8217;na ba\u011fl\u0131 ekipler, h\u0131rs\u0131zl\u0131k ve kamu d\u00fczenini bozanlara kar\u015f\u0131 yapt\u0131\u011f\u0131 operasyonlarda \u015f\u00fcphelileri yakalad\u0131. Farkl\u0131 tarih ve noktalarda toplamda 920 kilogram f\u0131nd\u0131\u011f\u0131n \u00e7al\u0131nmas\u0131n\u0131n yan\u0131 s\u0131ra \u00e7e\u015fitli h\u0131rs\u0131zl\u0131k su\u00e7lar\u0131na kar\u0131\u015fan \u015f\u00fcpheliler adli makamlara sevk edildi.Sefer DEM\u0130R \/ D\u00dcZCE (\u0130GFA) &#8211; D\u00fczce \u0130l Jandarma Komutanl\u0131\u011f\u0131&#8217;na ekipler, il genelinde h\u0131rs\u0131zl\u0131k ve kamu d\u00fczenini bozanlara kar\u015f\u0131 operasyon d\u00fczenledi. Al\u0131nan bilgilere g\u00f6re Jandarma ekiplerinin sorumluluk b\u00f6lgesinde emniyet ve asayi\u015f ile kamu d\u00fczeninin devaml\u0131l\u0131\u011f\u0131n\u0131 sa\u011flamak, su\u00e7 i\u015flenmesini \u00f6nlemek, i\u015flenen su\u00e7larda ise \u015f\u00fcphelilerin tespit ve yakalanmas\u0131 \u00e7al\u0131\u015fmalar\u0131na aral\u0131ks\u0131z devam edildi\u011fi kaydedildi. Son operasyonlarda Y\u0131\u011f\u0131lca&#8217;da farkl\u0131 tarihlerde toplamda 920 kilogram f\u0131nd\u0131\u011f\u0131n \u00e7al\u0131nmas\u0131 ile oto, akaryak\u0131t ve i\u015f yerinden h\u0131rs\u0131zl\u0131k olaylar\u0131n\u0131n yan\u0131 s\u0131ra G\u00f6lyaka&#8217;da meskun mahalde silahla havaya ate\u015f a\u00e7ma sonras\u0131nda yorgun merminin mala zarar vermesi olay\u0131na kar\u0131\u015fan \u015f\u00fcphelilerin tamam\u0131 yakaland\u0131. Operasyonu Jandarman\u0131n dedektifleri olan JASAT ve \u0130l\u00e7e Jandarma Komutanl\u0131klar\u0131 ortakla\u015fa d\u00fczenledi. Titiz ara\u015ft\u0131rmalar sonucunda \u015f\u00fcpheliler tespit edilerek yakalan\u0131rken, \u015fah\u0131slarla ilgili adli i\u015flemler ba\u015flat\u0131ld\u0131. \u200bD\u00fczce&#8217;de JASAT ve Jandarma Komutanl\u0131\u011f\u0131&#8217;na ba\u011fl\u0131 ekipler, h\u0131rs\u0131zl\u0131k ve kamu d\u00fczenini bozanlara kar\u015f\u0131 yapt\u0131\u011f\u0131 operasyonlarda \u015f\u00fcphelileri yakalad\u0131 Farkl\u0131 tarih ve noktalarda toplamda 920 kilogram f\u0131nd\u0131\u011f\u0131n \u00e7al\u0131nmas\u0131n\u0131n yan\u0131 s\u0131ra \u00e7e\u015fitli h\u0131rs\u0131zl\u0131k su\u00e7lar\u0131na kar\u0131\u015fan \u015f\u00fcpheliler adli makamlara sevk edildi\u00a0 \u200bHaberin Al\u0131nt\u0131land\u0131\u011f\u0131 Kaynak: www.iskenderun.org\" \/>\n<meta property=\"og:url\" content=\"https:\/\/denizcankizil.tr\/uk\/haberler\/gundem\/duzcede-hirsizlar-jasattan-kacamadi\/\" \/>\n<meta property=\"og:site_name\" content=\"Av. Deniz Can K\u0131z\u0131l\" \/>\n<meta property=\"article:published_time\" content=\"2024-10-28T09:41:25+00:00\" \/>\n<meta name=\"twitter:card\" content=\"summary_large_image\" \/>\n<meta name=\"twitter:label1\" content=\"\u041f\u0440\u0438\u0431\u043b. \u0447\u0430\u0441 \u0447\u0438\u0442\u0430\u043d\u043d\u044f\" \/>\n\t<meta name=\"twitter:data1\" content=\"1 \u0445\u0432\u0438\u043b\u0438\u043d\u0430\" \/>\n<script type=\"application\/ld+json\" class=\"yoast-schema-graph\">{\"@context\":\"https:\/\/schema.org\",\"@graph\":[{\"@type\":\"Article\",\"@id\":\"https:\/\/denizcankizil.tr\/uk\/haberler\/gundem\/duzcede-hirsizlar-jasattan-kacamadi\/#article\",\"isPartOf\":{\"@id\":\"https:\/\/denizcankizil.tr\/uk\/haberler\/gundem\/duzcede-hirsizlar-jasattan-kacamadi\/\"},\"author\":{\"name\":\"\",\"@id\":\"\"},\"headline\":\"D\u00fczce&#8217;de h\u0131rs\u0131zlar JASAT&#8217;tan ka\u00e7amad\u0131!\",\"datePublished\":\"2024-10-28T09:41:25+00:00\",\"mainEntityOfPage\":{\"@id\":\"https:\/\/denizcankizil.tr\/uk\/haberler\/gundem\/duzcede-hirsizlar-jasattan-kacamadi\/\"},\"wordCount\":296,\"commentCount\":0,\"publisher\":{\"@id\":\"https:\/\/denizcankizil.tr\/#organization\"},\"articleSection\":[\"G\u00fcndem\",\"Uncategorized\"],\"inLanguage\":\"uk\",\"potentialAction\":[{\"@type\":\"CommentAction\",\"name\":\"Comment\",\"target\":[\"https:\/\/denizcankizil.tr\/uk\/haberler\/gundem\/duzcede-hirsizlar-jasattan-kacamadi\/#respond\"]}]},{\"@type\":\"WebPage\",\"@id\":\"https:\/\/denizcankizil.tr\/uk\/haberler\/gundem\/duzcede-hirsizlar-jasattan-kacamadi\/\",\"url\":\"https:\/\/denizcankizil.tr\/uk\/haberler\/gundem\/duzcede-hirsizlar-jasattan-kacamadi\/\",\"name\":\"D\u00fczce'de h\u0131rs\u0131zlar JASAT'tan ka\u00e7amad\u0131! - Av. Deniz Can K\u0131z\u0131l\",\"isPartOf\":{\"@id\":\"https:\/\/denizcankizil.tr\/#website\"},\"datePublished\":\"2024-10-28T09:41:25+00:00\",\"breadcrumb\":{\"@id\":\"https:\/\/denizcankizil.tr\/uk\/haberler\/gundem\/duzcede-hirsizlar-jasattan-kacamadi\/#breadcrumb\"},\"inLanguage\":\"uk\",\"potentialAction\":[{\"@type\":\"ReadAction\",\"target\":[\"https:\/\/denizcankizil.tr\/uk\/haberler\/gundem\/duzcede-hirsizlar-jasattan-kacamadi\/\"]}]},{\"@type\":\"BreadcrumbList\",\"@id\":\"https:\/\/denizcankizil.tr\/uk\/haberler\/gundem\/duzcede-hirsizlar-jasattan-kacamadi\/#breadcrumb\",\"itemListElement\":[{\"@type\":\"ListItem\",\"position\":1,\"name\":\"Home\",\"item\":\"https:\/\/denizcankizil.tr\/de\/\"},{\"@type\":\"ListItem\",\"position\":2,\"name\":\"D\u00fczce&#8217;de h\u0131rs\u0131zlar JASAT&#8217;tan ka\u00e7amad\u0131!\"}]},{\"@type\":\"WebSite\",\"@id\":\"https:\/\/denizcankizil.tr\/#website\",\"url\":\"https:\/\/denizcankizil.tr\/\",\"name\":\"Av. Deniz Can K\u0131z\u0131l\",\"description\":\"Avukat Deniz Can K\u0131z\u0131l Antalya Barosu\",\"publisher\":{\"@id\":\"https:\/\/denizcankizil.tr\/#organization\"},\"potentialAction\":[{\"@type\":\"SearchAction\",\"target\":{\"@type\":\"EntryPoint\",\"urlTemplate\":\"https:\/\/denizcankizil.tr\/?s={search_term_string}\"},\"query-input\":{\"@type\":\"PropertyValueSpecification\",\"valueRequired\":true,\"valueName\":\"search_term_string\"}}],\"inLanguage\":\"uk\"},{\"@type\":\"Organization\",\"@id\":\"https:\/\/denizcankizil.tr\/#organization\",\"name\":\"Av. Deniz Can K\u0131z\u0131l\",\"url\":\"https:\/\/denizcankizil.tr\/\",\"logo\":{\"@type\":\"ImageObject\",\"inLanguage\":\"uk\",\"@id\":\"https:\/\/denizcankizil.tr\/#\/schema\/logo\/image\/\",\"url\":\"https:\/\/denizcankizil.tr\/wp-content\/uploads\/2024\/10\/siyah-logo-svg.svg\",\"contentUrl\":\"https:\/\/denizcankizil.tr\/wp-content\/uploads\/2024\/10\/siyah-logo-svg.svg\",\"width\":1080,\"height\":1080,\"caption\":\"Av. Deniz Can K\u0131z\u0131l\"},\"image\":{\"@id\":\"https:\/\/denizcankizil.tr\/#\/schema\/logo\/image\/\"}}]}<\/script>\n<!-- \/ Yoast SEO Premium plugin. -->","yoast_head_json":{"title":"D\u00fczce'de h\u0131rs\u0131zlar JASAT'tan ka\u00e7amad\u0131! - Av. Deniz Can K\u0131z\u0131l","robots":{"index":"index","follow":"follow","max-snippet":"max-snippet:-1","max-image-preview":"max-image-preview:large","max-video-preview":"max-video-preview:-1"},"canonical":"https:\/\/denizcankizil.tr\/uk\/haberler\/gundem\/duzcede-hirsizlar-jasattan-kacamadi\/","og_locale":"uk_UA","og_type":"article","og_title":"D\u00fczce'de h\u0131rs\u0131zlar JASAT'tan ka\u00e7amad\u0131!","og_description":"D\u00fczce&#8217;de JASAT ve Jandarma Komutanl\u0131\u011f\u0131&#8217;na ba\u011fl\u0131 ekipler, h\u0131rs\u0131zl\u0131k ve kamu d\u00fczenini bozanlara kar\u015f\u0131 yapt\u0131\u011f\u0131 operasyonlarda \u015f\u00fcphelileri yakalad\u0131. Farkl\u0131 tarih ve noktalarda toplamda 920 kilogram f\u0131nd\u0131\u011f\u0131n \u00e7al\u0131nmas\u0131n\u0131n yan\u0131 s\u0131ra \u00e7e\u015fitli h\u0131rs\u0131zl\u0131k su\u00e7lar\u0131na kar\u0131\u015fan \u015f\u00fcpheliler adli makamlara sevk edildi.Sefer DEM\u0130R \/ D\u00dcZCE (\u0130GFA) &#8211; D\u00fczce \u0130l Jandarma Komutanl\u0131\u011f\u0131&#8217;na ekipler, il genelinde h\u0131rs\u0131zl\u0131k ve kamu d\u00fczenini bozanlara kar\u015f\u0131 operasyon d\u00fczenledi. Al\u0131nan bilgilere g\u00f6re Jandarma ekiplerinin sorumluluk b\u00f6lgesinde emniyet ve asayi\u015f ile kamu d\u00fczeninin devaml\u0131l\u0131\u011f\u0131n\u0131 sa\u011flamak, su\u00e7 i\u015flenmesini \u00f6nlemek, i\u015flenen su\u00e7larda ise \u015f\u00fcphelilerin tespit ve yakalanmas\u0131 \u00e7al\u0131\u015fmalar\u0131na aral\u0131ks\u0131z devam edildi\u011fi kaydedildi. Son operasyonlarda Y\u0131\u011f\u0131lca&#8217;da farkl\u0131 tarihlerde toplamda 920 kilogram f\u0131nd\u0131\u011f\u0131n \u00e7al\u0131nmas\u0131 ile oto, akaryak\u0131t ve i\u015f yerinden h\u0131rs\u0131zl\u0131k olaylar\u0131n\u0131n yan\u0131 s\u0131ra G\u00f6lyaka&#8217;da meskun mahalde silahla havaya ate\u015f a\u00e7ma sonras\u0131nda yorgun merminin mala zarar vermesi olay\u0131na kar\u0131\u015fan \u015f\u00fcphelilerin tamam\u0131 yakaland\u0131. Operasyonu Jandarman\u0131n dedektifleri olan JASAT ve \u0130l\u00e7e Jandarma Komutanl\u0131klar\u0131 ortakla\u015fa d\u00fczenledi. Titiz ara\u015ft\u0131rmalar sonucunda \u015f\u00fcpheliler tespit edilerek yakalan\u0131rken, \u015fah\u0131slarla ilgili adli i\u015flemler ba\u015flat\u0131ld\u0131. \u200bD\u00fczce&#8217;de JASAT ve Jandarma Komutanl\u0131\u011f\u0131&#8217;na ba\u011fl\u0131 ekipler, h\u0131rs\u0131zl\u0131k ve kamu d\u00fczenini bozanlara kar\u015f\u0131 yapt\u0131\u011f\u0131 operasyonlarda \u015f\u00fcphelileri yakalad\u0131 Farkl\u0131 tarih ve noktalarda toplamda 920 kilogram f\u0131nd\u0131\u011f\u0131n \u00e7al\u0131nmas\u0131n\u0131n yan\u0131 s\u0131ra \u00e7e\u015fitli h\u0131rs\u0131zl\u0131k su\u00e7lar\u0131na kar\u0131\u015fan \u015f\u00fcpheliler adli makamlara sevk edildi\u00a0 \u200bHaberin Al\u0131nt\u0131land\u0131\u011f\u0131 Kaynak: www.iskenderun.org","og_url":"https:\/\/denizcankizil.tr\/uk\/haberler\/gundem\/duzcede-hirsizlar-jasattan-kacamadi\/","og_site_name":"Av. Deniz Can K\u0131z\u0131l","article_published_time":"2024-10-28T09:41:25+00:00","twitter_card":"summary_large_image","twitter_misc":{"\u041f\u0440\u0438\u0431\u043b. \u0447\u0430\u0441 \u0447\u0438\u0442\u0430\u043d\u043d\u044f":"1 \u0445\u0432\u0438\u043b\u0438\u043d\u0430"},"schema":{"@context":"https:\/\/schema.org","@graph":[{"@type":"Article","@id":"https:\/\/denizcankizil.tr\/uk\/haberler\/gundem\/duzcede-hirsizlar-jasattan-kacamadi\/#article","isPartOf":{"@id":"https:\/\/denizcankizil.tr\/uk\/haberler\/gundem\/duzcede-hirsizlar-jasattan-kacamadi\/"},"author":{"name":"","@id":""},"headline":"D\u00fczce&#8217;de h\u0131rs\u0131zlar JASAT&#8217;tan ka\u00e7amad\u0131!","datePublished":"2024-10-28T09:41:25+00:00","mainEntityOfPage":{"@id":"https:\/\/denizcankizil.tr\/uk\/haberler\/gundem\/duzcede-hirsizlar-jasattan-kacamadi\/"},"wordCount":296,"commentCount":0,"publisher":{"@id":"https:\/\/denizcankizil.tr\/#organization"},"articleSection":["G\u00fcndem","Uncategorized"],"inLanguage":"uk","potentialAction":[{"@type":"CommentAction","name":"Comment","target":["https:\/\/denizcankizil.tr\/uk\/haberler\/gundem\/duzcede-hirsizlar-jasattan-kacamadi\/#respond"]}]},{"@type":"WebPage","@id":"https:\/\/denizcankizil.tr\/uk\/haberler\/gundem\/duzcede-hirsizlar-jasattan-kacamadi\/","url":"https:\/\/denizcankizil.tr\/uk\/haberler\/gundem\/duzcede-hirsizlar-jasattan-kacamadi\/","name":"D\u00fczce'de h\u0131rs\u0131zlar JASAT'tan ka\u00e7amad\u0131! - Av. Deniz Can K\u0131z\u0131l","isPartOf":{"@id":"https:\/\/denizcankizil.tr\/#website"},"datePublished":"2024-10-28T09:41:25+00:00","breadcrumb":{"@id":"https:\/\/denizcankizil.tr\/uk\/haberler\/gundem\/duzcede-hirsizlar-jasattan-kacamadi\/#breadcrumb"},"inLanguage":"uk","potentialAction":[{"@type":"ReadAction","target":["https:\/\/denizcankizil.tr\/uk\/haberler\/gundem\/duzcede-hirsizlar-jasattan-kacamadi\/"]}]},{"@type":"BreadcrumbList","@id":"https:\/\/denizcankizil.tr\/uk\/haberler\/gundem\/duzcede-hirsizlar-jasattan-kacamadi\/#breadcrumb","itemListElement":[{"@type":"ListItem","position":1,"name":"Home","item":"https:\/\/denizcankizil.tr\/de\/"},{"@type":"ListItem","position":2,"name":"D\u00fczce&#8217;de h\u0131rs\u0131zlar JASAT&#8217;tan ka\u00e7amad\u0131!"}]},{"@type":"WebSite","@id":"https:\/\/denizcankizil.tr\/#website","url":"https:\/\/denizcankizil.tr\/","name":"Av. Deniz Can K\u0131z\u0131l","description":"Avukat Deniz Can K\u0131z\u0131l Antalya Barosu","publisher":{"@id":"https:\/\/denizcankizil.tr\/#organization"},"potentialAction":[{"@type":"SearchAction","target":{"@type":"EntryPoint","urlTemplate":"https:\/\/denizcankizil.tr\/?s={search_term_string}"},"query-input":{"@type":"PropertyValueSpecification","valueRequired":true,"valueName":"search_term_string"}}],"inLanguage":"uk"},{"@type":"Organization","@id":"https:\/\/denizcankizil.tr\/#organization","name":"Av. Deniz Can K\u0131z\u0131l","url":"https:\/\/denizcankizil.tr\/","logo":{"@type":"ImageObject","inLanguage":"uk","@id":"https:\/\/denizcankizil.tr\/#\/schema\/logo\/image\/","url":"https:\/\/denizcankizil.tr\/wp-content\/uploads\/2024\/10\/siyah-logo-svg.svg","contentUrl":"https:\/\/denizcankizil.tr\/wp-content\/uploads\/2024\/10\/siyah-logo-svg.svg","width":1080,"height":1080,"caption":"Av. Deniz Can K\u0131z\u0131l"},"image":{"@id":"https:\/\/denizcankizil.tr\/#\/schema\/logo\/image\/"}}]}},"_links":{"self":[{"href":"https:\/\/denizcankizil.tr\/uk\/wp-json\/wp\/v2\/posts\/9427","targetHints":{"allow":["GET"]}}],"collection":[{"href":"https:\/\/denizcankizil.tr\/uk\/wp-json\/wp\/v2\/posts"}],"about":[{"href":"https:\/\/denizcankizil.tr\/uk\/wp-json\/wp\/v2\/types\/post"}],"replies":[{"embeddable":true,"href":"https:\/\/denizcankizil.tr\/uk\/wp-json\/wp\/v2\/comments?post=9427"}],"version-history":[{"count":0,"href":"https:\/\/denizcankizil.tr\/uk\/wp-json\/wp\/v2\/posts\/9427\/revisions"}],"wp:attachment":[{"href":"https:\/\/denizcankizil.tr\/uk\/wp-json\/wp\/v2\/media?parent=9427"}],"wp:term":[{"taxonomy":"category","embeddable":true,"href":"https:\/\/denizcankizil.tr\/uk\/wp-json\/wp\/v2\/categories?post=9427"},{"taxonomy":"post_tag","embeddable":true,"href":"https:\/\/denizcankizil.tr\/uk\/wp-json\/wp\/v2\/tags?post=9427"}],"curies":[{"name":"wp","href":"https:\/\/api.w.org\/{rel}","templated":true}]}}