{"id":94129,"date":"2025-05-22T12:41:57","date_gmt":"2025-05-22T09:41:57","guid":{"rendered":"https:\/\/denizcankizil.tr\/uncategorized-tr\/hep-birlikte-arsuz-icin\/"},"modified":"2025-05-22T12:41:57","modified_gmt":"2025-05-22T09:41:57","slug":"hep-birlikte-arsuz-icin","status":"publish","type":"post","link":"https:\/\/denizcankizil.tr\/uk\/haberler\/gundem\/hep-birlikte-arsuz-icin\/","title":{"rendered":"Hep Birlikte Arsuz \u0130\u00e7in"},"content":{"rendered":"<p>Arsuz \u0130\u015f \u0130nsanlar\u0131 Derne\u011fi (AR\u0130AD) Ba\u015fkan\u0131 Adnan A\u011f\u0131r beraberinde y\u00f6netim kurulu \u00fcyeleriyle birlikte g\u00f6reve yeni atanan Arsuz Belediye ba\u015fkan yard\u0131mc\u0131lar\u0131; S\u00fcleyman Devrim, M. Z\u00fclfikar G\u00fcler ve Sedat Bekta\u015fl\u0131\u2019ya hay\u0131rl\u0131 olsun ziyaretinde bulundu.\u00a0<\/p>\n<p>Ba\u015fkan A\u011f\u0131r ve y\u00f6netim kurulu \u00fcyeleri, yeni g\u00f6reve atanan belediye ba\u015fkan yard\u0131mc\u0131lar\u0131na hay\u0131rl\u0131 olsun dileklerinde bulunarak ba\u015far\u0131lar diledi.\u00a0<\/p>\n<p>Arsuz Belediye ba\u015fkan yard\u0131mc\u0131lar\u0131 ise ziyaretten dolay\u0131 memnuniyetlerini dile getirerek Ba\u015fkan A\u011f\u0131r ile y\u00f6netim kurulu \u00fcyelerine te\u015fekk\u00fcr ettiler.\u00a0<\/p>\n<p>Ziyaretler iyi dilek temennilerin akabinde \u00e7ekilen hat\u0131ra foto\u011fraflar\u0131 ile son buldu.<\/p>\n<p>\u200bArsuz \u0130\u015f \u0130nsanlar\u0131 Derne\u011fi ge\u00e7ti\u011fimiz g\u00fcnlerde g\u00f6reve yeni atanan Arsuz Belediye Ba\u015fkan Yard\u0131mc\u0131lar\u0131na hay\u0131rl\u0131 olsun ziyareti ger\u00e7ekle\u015ftirdi.\u00a0<\/p>\n<p>\u200bHaberin Al\u0131nt\u0131land\u0131\u011f\u0131 Kaynak: www.iskenderun.org<\/p>","protected":false},"excerpt":{"rendered":"<p>Arsuz \u0130\u015f \u0130nsanlar\u0131 Derne\u011fi (AR\u0130AD) Ba\u015fkan\u0131 Adnan A\u011f\u0131r beraberinde y\u00f6netim kurulu \u00fcyeleriyle birlikte g\u00f6reve yeni atanan Arsuz Belediye ba\u015fkan yard\u0131mc\u0131lar\u0131; S\u00fcleyman Devrim, M. Z\u00fclfikar G\u00fcler ve Sedat Bekta\u015fl\u0131\u2019ya hay\u0131rl\u0131 olsun ziyaretinde bulundu.\u00a0 Ba\u015fkan A\u011f\u0131r ve y\u00f6netim kurulu \u00fcyeleri, yeni g\u00f6reve atanan belediye ba\u015fkan yard\u0131mc\u0131lar\u0131na hay\u0131rl\u0131 olsun dileklerinde bulunarak ba\u015far\u0131lar diledi.\u00a0 Arsuz Belediye ba\u015fkan yard\u0131mc\u0131lar\u0131 ise ziyaretten dolay\u0131 memnuniyetlerini dile getirerek Ba\u015fkan A\u011f\u0131r ile y\u00f6netim kurulu \u00fcyelerine te\u015fekk\u00fcr ettiler.\u00a0 Ziyaretler iyi dilek temennilerin akabinde \u00e7ekilen hat\u0131ra foto\u011fraflar\u0131 ile son buldu. \u200bArsuz \u0130\u015f \u0130nsanlar\u0131 Derne\u011fi ge\u00e7ti\u011fimiz g\u00fcnlerde g\u00f6reve yeni atanan Arsuz Belediye Ba\u015fkan Yard\u0131mc\u0131lar\u0131na hay\u0131rl\u0131 olsun ziyareti ger\u00e7ekle\u015ftirdi.\u00a0 \u200bHaberin Al\u0131nt\u0131land\u0131\u011f\u0131 Kaynak: www.iskenderun.org<\/p>","protected":false},"author":1,"featured_media":0,"comment_status":"","ping_status":"open","sticky":false,"template":"","format":"standard","meta":{"_acf_changed":false,"footnotes":""},"categories":[24],"tags":[],"class_list":["post-94129","post","type-post","status-publish","format-standard","has-post-thumbnail","hentry","category-gundem"],"acf":[],"yoast_head":"<!-- This site is optimized with the Yoast SEO Premium plugin v26.6 (Yoast SEO v27.1.1) - https:\/\/yoast.com\/product\/yoast-seo-premium-wordpress\/ -->\n<title>Hep Birlikte Arsuz \u0130\u00e7in - Av. Deniz Can K\u0131z\u0131l<\/title>\n<meta name=\"robots\" content=\"index, follow, max-snippet:-1, max-image-preview:large, max-video-preview:-1\" \/>\n<link rel=\"canonical\" href=\"https:\/\/denizcankizil.tr\/uk\/haberler\/gundem\/hep-birlikte-arsuz-icin\/\" \/>\n<meta property=\"og:locale\" content=\"uk_UA\" \/>\n<meta property=\"og:type\" content=\"article\" \/>\n<meta property=\"og:title\" content=\"Hep Birlikte Arsuz \u0130\u00e7in\" \/>\n<meta property=\"og:description\" content=\"Arsuz \u0130\u015f \u0130nsanlar\u0131 Derne\u011fi (AR\u0130AD) Ba\u015fkan\u0131 Adnan A\u011f\u0131r beraberinde y\u00f6netim kurulu \u00fcyeleriyle birlikte g\u00f6reve yeni atanan Arsuz Belediye ba\u015fkan yard\u0131mc\u0131lar\u0131; S\u00fcleyman Devrim, M. Z\u00fclfikar G\u00fcler ve Sedat Bekta\u015fl\u0131\u2019ya hay\u0131rl\u0131 olsun ziyaretinde bulundu.\u00a0 Ba\u015fkan A\u011f\u0131r ve y\u00f6netim kurulu \u00fcyeleri, yeni g\u00f6reve atanan belediye ba\u015fkan yard\u0131mc\u0131lar\u0131na hay\u0131rl\u0131 olsun dileklerinde bulunarak ba\u015far\u0131lar diledi.\u00a0 Arsuz Belediye ba\u015fkan yard\u0131mc\u0131lar\u0131 ise ziyaretten dolay\u0131 memnuniyetlerini dile getirerek Ba\u015fkan A\u011f\u0131r ile y\u00f6netim kurulu \u00fcyelerine te\u015fekk\u00fcr ettiler.\u00a0 Ziyaretler iyi dilek temennilerin akabinde \u00e7ekilen hat\u0131ra foto\u011fraflar\u0131 ile son buldu. \u200bArsuz \u0130\u015f \u0130nsanlar\u0131 Derne\u011fi ge\u00e7ti\u011fimiz g\u00fcnlerde g\u00f6reve yeni atanan Arsuz Belediye Ba\u015fkan Yard\u0131mc\u0131lar\u0131na hay\u0131rl\u0131 olsun ziyareti ger\u00e7ekle\u015ftirdi.\u00a0 \u200bHaberin Al\u0131nt\u0131land\u0131\u011f\u0131 Kaynak: www.iskenderun.org\" \/>\n<meta property=\"og:url\" content=\"https:\/\/denizcankizil.tr\/uk\/haberler\/gundem\/hep-birlikte-arsuz-icin\/\" \/>\n<meta property=\"og:site_name\" content=\"Av. Deniz Can K\u0131z\u0131l\" \/>\n<meta property=\"article:published_time\" content=\"2025-05-22T09:41:57+00:00\" \/>\n<meta name=\"author\" content=\"admin\" \/>\n<meta name=\"twitter:card\" content=\"summary_large_image\" \/>\n<meta name=\"twitter:label1\" content=\"\u041d\u0430\u043f\u0438\u0441\u0430\u043d\u043e\" \/>\n\t<meta name=\"twitter:data1\" content=\"admin\" \/>\n\t<meta name=\"twitter:label2\" content=\"\u041f\u0440\u0438\u0431\u043b. \u0447\u0430\u0441 \u0447\u0438\u0442\u0430\u043d\u043d\u044f\" \/>\n\t<meta name=\"twitter:data2\" content=\"1 \u0445\u0432\u0438\u043b\u0438\u043d\u0430\" \/>\n<script type=\"application\/ld+json\" class=\"yoast-schema-graph\">{\"@context\":\"https:\/\/schema.org\",\"@graph\":[{\"@type\":\"Article\",\"@id\":\"https:\/\/denizcankizil.tr\/uk\/haberler\/gundem\/hep-birlikte-arsuz-icin\/#article\",\"isPartOf\":{\"@id\":\"https:\/\/denizcankizil.tr\/uk\/haberler\/gundem\/hep-birlikte-arsuz-icin\/\"},\"author\":{\"name\":\"admin\",\"@id\":\"https:\/\/denizcankizil.tr\/de\/#\/schema\/person\/be3c05fe6a12686905512445d8185489\"},\"headline\":\"Hep Birlikte Arsuz \u0130\u00e7in\",\"datePublished\":\"2025-05-22T09:41:57+00:00\",\"mainEntityOfPage\":{\"@id\":\"https:\/\/denizcankizil.tr\/uk\/haberler\/gundem\/hep-birlikte-arsuz-icin\/\"},\"wordCount\":154,\"publisher\":{\"@id\":\"https:\/\/denizcankizil.tr\/de\/#organization\"},\"articleSection\":[\"G\u00fcndem\"],\"inLanguage\":\"uk\"},{\"@type\":\"WebPage\",\"@id\":\"https:\/\/denizcankizil.tr\/uk\/haberler\/gundem\/hep-birlikte-arsuz-icin\/\",\"url\":\"https:\/\/denizcankizil.tr\/uk\/haberler\/gundem\/hep-birlikte-arsuz-icin\/\",\"name\":\"Hep Birlikte Arsuz \u0130\u00e7in - Av. Deniz Can K\u0131z\u0131l\",\"isPartOf\":{\"@id\":\"https:\/\/denizcankizil.tr\/de\/#website\"},\"datePublished\":\"2025-05-22T09:41:57+00:00\",\"breadcrumb\":{\"@id\":\"https:\/\/denizcankizil.tr\/uk\/haberler\/gundem\/hep-birlikte-arsuz-icin\/#breadcrumb\"},\"inLanguage\":\"uk\",\"potentialAction\":[{\"@type\":\"ReadAction\",\"target\":[\"https:\/\/denizcankizil.tr\/uk\/haberler\/gundem\/hep-birlikte-arsuz-icin\/\"]}]},{\"@type\":\"BreadcrumbList\",\"@id\":\"https:\/\/denizcankizil.tr\/uk\/haberler\/gundem\/hep-birlikte-arsuz-icin\/#breadcrumb\",\"itemListElement\":[{\"@type\":\"ListItem\",\"position\":1,\"name\":\"Home\",\"item\":\"https:\/\/denizcankizil.tr\/de\/\"},{\"@type\":\"ListItem\",\"position\":2,\"name\":\"Hep Birlikte Arsuz \u0130\u00e7in\"}]},{\"@type\":\"WebSite\",\"@id\":\"https:\/\/denizcankizil.tr\/de\/#website\",\"url\":\"https:\/\/denizcankizil.tr\/de\/\",\"name\":\"Av. Deniz Can K\u0131z\u0131l\",\"description\":\"Avukat Deniz Can K\u0131z\u0131l Antalya Barosu\",\"publisher\":{\"@id\":\"https:\/\/denizcankizil.tr\/de\/#organization\"},\"potentialAction\":[{\"@type\":\"SearchAction\",\"target\":{\"@type\":\"EntryPoint\",\"urlTemplate\":\"https:\/\/denizcankizil.tr\/de\/?s={search_term_string}\"},\"query-input\":{\"@type\":\"PropertyValueSpecification\",\"valueRequired\":true,\"valueName\":\"search_term_string\"}}],\"inLanguage\":\"uk\"},{\"@type\":\"Organization\",\"@id\":\"https:\/\/denizcankizil.tr\/de\/#organization\",\"name\":\"Av. Deniz Can K\u0131z\u0131l\",\"url\":\"https:\/\/denizcankizil.tr\/de\/\",\"logo\":{\"@type\":\"ImageObject\",\"inLanguage\":\"uk\",\"@id\":\"https:\/\/denizcankizil.tr\/de\/#\/schema\/logo\/image\/\",\"url\":\"https:\/\/denizcankizil.tr\/wp-content\/uploads\/2024\/10\/siyah-logo-svg.svg\",\"contentUrl\":\"https:\/\/denizcankizil.tr\/wp-content\/uploads\/2024\/10\/siyah-logo-svg.svg\",\"width\":1080,\"height\":1080,\"caption\":\"Av. Deniz Can K\u0131z\u0131l\"},\"image\":{\"@id\":\"https:\/\/denizcankizil.tr\/de\/#\/schema\/logo\/image\/\"}},{\"@type\":\"Person\",\"@id\":\"https:\/\/denizcankizil.tr\/de\/#\/schema\/person\/be3c05fe6a12686905512445d8185489\",\"name\":\"admin\",\"image\":{\"@type\":\"ImageObject\",\"inLanguage\":\"uk\",\"@id\":\"https:\/\/denizcankizil.tr\/de\/#\/schema\/person\/image\/\",\"url\":\"https:\/\/secure.gravatar.com\/avatar\/c1fce94c830dc79107e174f890d7210541c4a63e8e5d816341794a2151c9d58c?s=96&d=mm&r=g\",\"contentUrl\":\"https:\/\/secure.gravatar.com\/avatar\/c1fce94c830dc79107e174f890d7210541c4a63e8e5d816341794a2151c9d58c?s=96&d=mm&r=g\",\"caption\":\"admin\"},\"sameAs\":[\"http:\/\/denizcankizil.tr\"],\"url\":\"https:\/\/www.iskenderun.org\/hep-birlikte-arsuz-icin\"}]}<\/script>\n<!-- \/ Yoast SEO Premium plugin. -->","yoast_head_json":{"title":"Hep Birlikte Arsuz \u0130\u00e7in - Av. Deniz Can K\u0131z\u0131l","robots":{"index":"index","follow":"follow","max-snippet":"max-snippet:-1","max-image-preview":"max-image-preview:large","max-video-preview":"max-video-preview:-1"},"canonical":"https:\/\/denizcankizil.tr\/uk\/haberler\/gundem\/hep-birlikte-arsuz-icin\/","og_locale":"uk_UA","og_type":"article","og_title":"Hep Birlikte Arsuz \u0130\u00e7in","og_description":"Arsuz \u0130\u015f \u0130nsanlar\u0131 Derne\u011fi (AR\u0130AD) Ba\u015fkan\u0131 Adnan A\u011f\u0131r beraberinde y\u00f6netim kurulu \u00fcyeleriyle birlikte g\u00f6reve yeni atanan Arsuz Belediye ba\u015fkan yard\u0131mc\u0131lar\u0131; S\u00fcleyman Devrim, M. Z\u00fclfikar G\u00fcler ve Sedat Bekta\u015fl\u0131\u2019ya hay\u0131rl\u0131 olsun ziyaretinde bulundu.\u00a0 Ba\u015fkan A\u011f\u0131r ve y\u00f6netim kurulu \u00fcyeleri, yeni g\u00f6reve atanan belediye ba\u015fkan yard\u0131mc\u0131lar\u0131na hay\u0131rl\u0131 olsun dileklerinde bulunarak ba\u015far\u0131lar diledi.\u00a0 Arsuz Belediye ba\u015fkan yard\u0131mc\u0131lar\u0131 ise ziyaretten dolay\u0131 memnuniyetlerini dile getirerek Ba\u015fkan A\u011f\u0131r ile y\u00f6netim kurulu \u00fcyelerine te\u015fekk\u00fcr ettiler.\u00a0 Ziyaretler iyi dilek temennilerin akabinde \u00e7ekilen hat\u0131ra foto\u011fraflar\u0131 ile son buldu. \u200bArsuz \u0130\u015f \u0130nsanlar\u0131 Derne\u011fi ge\u00e7ti\u011fimiz g\u00fcnlerde g\u00f6reve yeni atanan Arsuz Belediye Ba\u015fkan Yard\u0131mc\u0131lar\u0131na hay\u0131rl\u0131 olsun ziyareti ger\u00e7ekle\u015ftirdi.\u00a0 \u200bHaberin Al\u0131nt\u0131land\u0131\u011f\u0131 Kaynak: www.iskenderun.org","og_url":"https:\/\/denizcankizil.tr\/uk\/haberler\/gundem\/hep-birlikte-arsuz-icin\/","og_site_name":"Av. Deniz Can K\u0131z\u0131l","article_published_time":"2025-05-22T09:41:57+00:00","author":"admin","twitter_card":"summary_large_image","twitter_misc":{"\u041d\u0430\u043f\u0438\u0441\u0430\u043d\u043e":"admin","\u041f\u0440\u0438\u0431\u043b. \u0447\u0430\u0441 \u0447\u0438\u0442\u0430\u043d\u043d\u044f":"1 \u0445\u0432\u0438\u043b\u0438\u043d\u0430"},"schema":{"@context":"https:\/\/schema.org","@graph":[{"@type":"Article","@id":"https:\/\/denizcankizil.tr\/uk\/haberler\/gundem\/hep-birlikte-arsuz-icin\/#article","isPartOf":{"@id":"https:\/\/denizcankizil.tr\/uk\/haberler\/gundem\/hep-birlikte-arsuz-icin\/"},"author":{"name":"admin","@id":"https:\/\/denizcankizil.tr\/de\/#\/schema\/person\/be3c05fe6a12686905512445d8185489"},"headline":"Hep Birlikte Arsuz \u0130\u00e7in","datePublished":"2025-05-22T09:41:57+00:00","mainEntityOfPage":{"@id":"https:\/\/denizcankizil.tr\/uk\/haberler\/gundem\/hep-birlikte-arsuz-icin\/"},"wordCount":154,"publisher":{"@id":"https:\/\/denizcankizil.tr\/de\/#organization"},"articleSection":["G\u00fcndem"],"inLanguage":"uk"},{"@type":"WebPage","@id":"https:\/\/denizcankizil.tr\/uk\/haberler\/gundem\/hep-birlikte-arsuz-icin\/","url":"https:\/\/denizcankizil.tr\/uk\/haberler\/gundem\/hep-birlikte-arsuz-icin\/","name":"Hep Birlikte Arsuz \u0130\u00e7in - Av. Deniz Can K\u0131z\u0131l","isPartOf":{"@id":"https:\/\/denizcankizil.tr\/de\/#website"},"datePublished":"2025-05-22T09:41:57+00:00","breadcrumb":{"@id":"https:\/\/denizcankizil.tr\/uk\/haberler\/gundem\/hep-birlikte-arsuz-icin\/#breadcrumb"},"inLanguage":"uk","potentialAction":[{"@type":"ReadAction","target":["https:\/\/denizcankizil.tr\/uk\/haberler\/gundem\/hep-birlikte-arsuz-icin\/"]}]},{"@type":"BreadcrumbList","@id":"https:\/\/denizcankizil.tr\/uk\/haberler\/gundem\/hep-birlikte-arsuz-icin\/#breadcrumb","itemListElement":[{"@type":"ListItem","position":1,"name":"Home","item":"https:\/\/denizcankizil.tr\/de\/"},{"@type":"ListItem","position":2,"name":"Hep Birlikte Arsuz \u0130\u00e7in"}]},{"@type":"WebSite","@id":"https:\/\/denizcankizil.tr\/de\/#website","url":"https:\/\/denizcankizil.tr\/de\/","name":"Av. Deniz Can K\u0131z\u0131l","description":"Avukat Deniz Can K\u0131z\u0131l Antalya Barosu","publisher":{"@id":"https:\/\/denizcankizil.tr\/de\/#organization"},"potentialAction":[{"@type":"SearchAction","target":{"@type":"EntryPoint","urlTemplate":"https:\/\/denizcankizil.tr\/de\/?s={search_term_string}"},"query-input":{"@type":"PropertyValueSpecification","valueRequired":true,"valueName":"search_term_string"}}],"inLanguage":"uk"},{"@type":"Organization","@id":"https:\/\/denizcankizil.tr\/de\/#organization","name":"Av. Deniz Can K\u0131z\u0131l","url":"https:\/\/denizcankizil.tr\/de\/","logo":{"@type":"ImageObject","inLanguage":"uk","@id":"https:\/\/denizcankizil.tr\/de\/#\/schema\/logo\/image\/","url":"https:\/\/denizcankizil.tr\/wp-content\/uploads\/2024\/10\/siyah-logo-svg.svg","contentUrl":"https:\/\/denizcankizil.tr\/wp-content\/uploads\/2024\/10\/siyah-logo-svg.svg","width":1080,"height":1080,"caption":"Av. Deniz Can K\u0131z\u0131l"},"image":{"@id":"https:\/\/denizcankizil.tr\/de\/#\/schema\/logo\/image\/"}},{"@type":"Person","@id":"https:\/\/denizcankizil.tr\/de\/#\/schema\/person\/be3c05fe6a12686905512445d8185489","name":"\u0430\u0434\u043c\u0456\u043d","image":{"@type":"ImageObject","inLanguage":"uk","@id":"https:\/\/denizcankizil.tr\/de\/#\/schema\/person\/image\/","url":"https:\/\/secure.gravatar.com\/avatar\/c1fce94c830dc79107e174f890d7210541c4a63e8e5d816341794a2151c9d58c?s=96&d=mm&r=g","contentUrl":"https:\/\/secure.gravatar.com\/avatar\/c1fce94c830dc79107e174f890d7210541c4a63e8e5d816341794a2151c9d58c?s=96&d=mm&r=g","caption":"admin"},"sameAs":["http:\/\/denizcankizil.tr"],"url":"https:\/\/www.iskenderun.org\/hep-birlikte-arsuz-icin"}]}},"_links":{"self":[{"href":"https:\/\/denizcankizil.tr\/uk\/wp-json\/wp\/v2\/posts\/94129","targetHints":{"allow":["GET"]}}],"collection":[{"href":"https:\/\/denizcankizil.tr\/uk\/wp-json\/wp\/v2\/posts"}],"about":[{"href":"https:\/\/denizcankizil.tr\/uk\/wp-json\/wp\/v2\/types\/post"}],"author":[{"embeddable":true,"href":"https:\/\/denizcankizil.tr\/uk\/wp-json\/wp\/v2\/users\/1"}],"replies":[{"embeddable":true,"href":"https:\/\/denizcankizil.tr\/uk\/wp-json\/wp\/v2\/comments?post=94129"}],"version-history":[{"count":0,"href":"https:\/\/denizcankizil.tr\/uk\/wp-json\/wp\/v2\/posts\/94129\/revisions"}],"wp:attachment":[{"href":"https:\/\/denizcankizil.tr\/uk\/wp-json\/wp\/v2\/media?parent=94129"}],"wp:term":[{"taxonomy":"category","embeddable":true,"href":"https:\/\/denizcankizil.tr\/uk\/wp-json\/wp\/v2\/categories?post=94129"},{"taxonomy":"post_tag","embeddable":true,"href":"https:\/\/denizcankizil.tr\/uk\/wp-json\/wp\/v2\/tags?post=94129"}],"curies":[{"name":"wp","href":"https:\/\/api.w.org\/{rel}","templated":true}]}}