{"id":94077,"date":"2025-05-22T10:42:20","date_gmt":"2025-05-22T07:42:20","guid":{"rendered":"https:\/\/denizcankizil.tr\/uncategorized-tr\/unlulerin-fotografcisi-koray-kasaptan-new-jerseyde-acik-hava-sergisi\/"},"modified":"2025-05-22T10:42:20","modified_gmt":"2025-05-22T07:42:20","slug":"unlulerin-fotografcisi-koray-kasaptan-new-jerseyde-acik-hava-sergisi","status":"publish","type":"post","link":"https:\/\/denizcankizil.tr\/uk\/haberler\/gundem\/unlulerin-fotografcisi-koray-kasaptan-new-jerseyde-acik-hava-sergisi\/","title":{"rendered":"\u00dcnl\u00fclerin foto\u011fraf\u00e7\u0131s\u0131 Koray Kasap&#8217;tan New Jersey&#8217;de a\u00e7\u0131k hava sergisi"},"content":{"rendered":"<p>Usta foto\u011fraf sanat\u00e7\u0131s\u0131 Koray Kasap, Morristown\u2019daki Fig &amp; Lilly Garden\u2019da d\u00fczenledi\u011fi a\u00e7\u0131k hava sergisiyle ABD\u2019deki sanatseverlerle bulu\u015ftu.\u00d6zlem \u00d6zg\u00fct Y\u00f6rekli \/ abdpost.com &#8211; ABD (\u0130GFA) &#8211; Sergide hem sanatsal \u00fcretimlerinin \u00e7ok y\u00f6nl\u00fcl\u00fc\u011f\u00fcn\u00fc hem de toplumsal duyarl\u0131l\u0131\u011f\u0131n\u0131 ortaya koyan Kasap, \u201cKapal\u0131 alanlara hapsolmu\u015f sanat anlay\u0131\u015f\u0131ndan uzak duruyorum. Sanat, do\u011frudan insanla temas etmeli,\u201d diyerek sanat felsefesini ABDPost New York Temsilcisi \u00d6zlem \u00d6zg\u00fct Y\u00f6rekli&#8217;ye anlatt\u0131.<br \/>\nT\u00fcrk foto\u011fraf sanat\u0131n\u0131n usta isimlerinden Koray Kasap, sanatseverleri b\u00fcy\u00fcleyen \u00f6zel bir a\u00e7\u0131k hava sergisiyle bu kez ABD\u2019deki sanatseverlerle bulu\u015ftu.<br \/>\nSANAT, SOKAKTA VE \u0130NSANLARIN KALB\u0130NDE<br \/>\n\u201cSanat, insanlar\u0131n bir araya geldi\u011fi yerlerde olmal\u0131,\u201d diyen Kasap, sergiyi dostlar\u0131n\u0131n avlusunda, samimi bir atmosferde ger\u00e7ekle\u015ftirmeyi tercih etti\u011fini belirtti.<br \/>\nSergi mekan\u0131 Fig &amp; Lilly Garden, do\u011fayla i\u00e7 i\u00e7e huzurlu atmosferi ve ev sahipli\u011fi yapt\u0131\u011f\u0131 \u00f6zg\u00fcn sanat eserleriyle kat\u0131l\u0131mc\u0131lara unutulmaz bir ak\u015fam ya\u015fatt\u0131.<br \/>\nZiyaret\u00e7iler, yaln\u0131zca sanatla de\u011fil, ayn\u0131 zamanda lezzetli ikramlarla da a\u011f\u0131rland\u0131.<\/p>\n<p>SANATIN HER ALANINDA DER\u0130N \u0130ZLER<br \/>\n1991 y\u0131l\u0131ndan bu yana profesyonel kariyerini s\u00fcrd\u00fcren Kasap, bug\u00fcne dek Tarkan, Kenan Do\u011fulu, MF\u00d6, \u00d6zlem Tekin gibi 600\u2019e yak\u0131n sanat\u00e7\u0131n\u0131n alb\u00fcm foto\u011fraflar\u0131n\u0131 \u00e7ekti. Ayr\u0131ca Cem Y\u0131lmaz, Y\u0131lmaz Erdo\u011fan, Beyaz\u0131t \u00d6zt\u00fcrk gibi sahne sanat\u00e7\u0131lar\u0131n\u0131n tan\u0131t\u0131m projelerinde de foto\u011fraf\u00e7\u0131 olarak yer ald\u0131.<br \/>\nModa sekt\u00f6r\u00fcnde Polo Garage, Ki\u011f\u0131l\u0131, Damat gibi markalarla \u00e7al\u0131\u015fmalar y\u00fcr\u00fcten sanat\u00e7\u0131, TRT belgeselleri ve \u00e7e\u015fitli video klip projelerinde de g\u00f6r\u00fcnt\u00fc y\u00f6netmeni olarak g\u00f6rev ald\u0131.<\/p>\n<p>NEW YORK\u2019A UZANAN SANAT YOLCULU\u011eU<br \/>\n2017\u2019den bu yana New York\u2019ta sanat ya\u015fam\u0131na devam eden Koray Kasap, asl\u0131nda 1999\u2019dan itibaren ABD ile g\u00fc\u00e7l\u00fc ba\u011flar kurdu\u011funu ve 2015 y\u0131l\u0131nda burada do\u011fan o\u011fluyla birlikte art\u0131k iki k\u00fclt\u00fcr aras\u0131nda \u00fcretim yapt\u0131\u011f\u0131n\u0131 belirtiyor.<br \/>\nSergide dikkat \u00e7eken eserler aras\u0131nda, efsanevi boks\u00f6r Muhammed Ali\u2019ye ait orijinal antrenman eldivenleri \u00fczerine kurgulanan bir \u00e7al\u0131\u015fma yer ald\u0131. Kasap, eldivenlere yerle\u015ftirdi\u011fi sembollerle Ali\u2019nin hem spor hem insan haklar\u0131 m\u00fccadelesine g\u00f6nderme yapt\u0131.<br \/>\nBir di\u011fer g\u00fc\u00e7l\u00fc eser ise Filistinli bir annenin ve \u00e7ocuklar\u0131n\u0131n sessiz \u00e7\u0131\u011fl\u0131\u011f\u0131n\u0131 anlatan bir \u00e7al\u0131\u015fmayd\u0131. Sanat\u00e7\u0131, bu eserde \u201cbir \u015fey yapamaman\u0131n\u201d h\u00fczn\u00fcn\u00fc ve insanl\u0131k dram\u0131n\u0131 simgesel bir dille aktard\u0131.<br \/>\nSERG\u0130 YOLCULU\u011eU DEVAM EDECEK<br \/>\nKasap, serginin sadece bir g\u00fcnl\u00fck olmad\u0131\u011f\u0131n\u0131, farkl\u0131 lokasyonlarda ve yine a\u00e7\u0131k alanlarda sanatseverlerle bulu\u015fturulaca\u011f\u0131n\u0131 s\u00f6yledi.<br \/>\n\u201cKapal\u0131 alanlarda, duvarlara s\u0131k\u0131\u015fm\u0131\u015f bir sanat istemiyorum,\u201d diyen sanat\u00e7\u0131, sanat\u0131n daha eri\u015filebilir ve insani bir boyutta sunulmas\u0131 gerekti\u011fini vurgulad\u0131.<\/p>\n<p>\u200bUsta foto\u011fraf sanat\u00e7\u0131s\u0131 Koray Kasap, Morristown\u2019daki Fig &amp; Lilly Garden\u2019da d\u00fczenledi\u011fi a\u00e7\u0131k hava sergisiyle ABD\u2019deki sanatseverlerle bulu\u015ftu.\u00d6zlem \u00d6zg\u00fct Y\u00f6rekli \/ abdpost.com &#8211; ABD (\u0130GFA) &#8211; Sergide hem sanatsal \u00fcretimlerinin \u00e7ok y\u00f6nl\u00fcl\u00fc\u011f\u00fcn\u00fc hem de toplumsal duyarl\u0131l\u0131\u011f\u0131n\u0131 ortaya koyan Kasap, \u201cKapal\u0131 alanlara hapsolmu\u015f sanat anlay\u0131\u015f\u0131ndan uzak duruyorum. Sanat, do\u011frudan insanla temas etmeli,\u201d diyerek sanat felsefesini ABDPost New York Temsilcisi \u00d6zlem \u00d6zg\u00fct Y\u00f6rekli&#8217;ye anlatt\u0131.<br \/>\nT\u00fcrk foto\u011fraf sanat\u0131n\u0131n usta isimlerinden Koray Kasap, sanatseverleri b\u00fcy\u00fcleyen \u00f6zel bir a\u00e7\u0131k hava sergisiyle bu kez ABD\u2019deki sanatseverlerle bulu\u015ftu.<br \/>\nSANAT, SOKAKTA VE \u0130NSANLARIN KALB\u0130NDE<br \/>\n\u201cSanat, insanlar\u0131n bir araya geldi\u011fi yerlerde olmal\u0131,\u201d diyen Kasap, sergiyi dostlar\u0131n\u0131n avlusunda, samimi bir atmosferde ger\u00e7ekle\u015ftirmeyi tercih etti\u011fini belirtti.<br \/>\nSergi mekan\u0131 Fig &amp; Lilly Garden, do\u011fayla i\u00e7 i\u00e7e huzurlu atmosferi ve ev sahipli\u011fi yapt\u0131\u011f\u0131 \u00f6zg\u00fcn sanat eserleriyle kat\u0131l\u0131mc\u0131lara unutulmaz bir ak\u015fam ya\u015fatt\u0131.<br \/>\nZiyaret\u00e7iler, yaln\u0131zca sanatla de\u011fil, ayn\u0131 zamanda lezzetli ikramlarla da a\u011f\u0131rland\u0131.<\/p>\n<p>SANATIN HER ALANINDA DER\u0130N \u0130ZLER<br \/>\n1991 y\u0131l\u0131ndan bu yana profesyonel kariyerini s\u00fcrd\u00fcren Kasap, bug\u00fcne dek Tarkan, Kenan Do\u011fulu, MF\u00d6, \u00d6zlem Tekin gibi 600\u2019e yak\u0131n sanat\u00e7\u0131n\u0131n alb\u00fcm foto\u011fraflar\u0131n\u0131 \u00e7ekti. Ayr\u0131ca Cem Y\u0131lmaz, Y\u0131lmaz Erdo\u011fan, Beyaz\u0131t \u00d6zt\u00fcrk gibi sahne sanat\u00e7\u0131lar\u0131n\u0131n tan\u0131t\u0131m projelerinde de foto\u011fraf\u00e7\u0131 olarak yer ald\u0131.<br \/>\nModa sekt\u00f6r\u00fcnde Polo Garage, Ki\u011f\u0131l\u0131, Damat gibi markalarla \u00e7al\u0131\u015fmalar y\u00fcr\u00fcten sanat\u00e7\u0131, TRT belgeselleri ve \u00e7e\u015fitli video klip projelerinde de g\u00f6r\u00fcnt\u00fc y\u00f6netmeni olarak g\u00f6rev ald\u0131.<\/p>\n<p>NEW YORK\u2019A UZANAN SANAT YOLCULU\u011eU<br \/>\n2017\u2019den bu yana New York\u2019ta sanat ya\u015fam\u0131na devam eden Koray Kasap, asl\u0131nda 1999\u2019dan itibaren ABD ile g\u00fc\u00e7l\u00fc ba\u011flar kurdu\u011funu ve 2015 y\u0131l\u0131nda burada do\u011fan o\u011fluyla birlikte art\u0131k iki k\u00fclt\u00fcr aras\u0131nda \u00fcretim yapt\u0131\u011f\u0131n\u0131 belirtiyor.<br \/>\nSergide dikkat \u00e7eken eserler aras\u0131nda, efsanevi boks\u00f6r Muhammed Ali\u2019ye ait orijinal antrenman eldivenleri \u00fczerine kurgulanan bir \u00e7al\u0131\u015fma yer ald\u0131. Kasap, eldivenlere yerle\u015ftirdi\u011fi sembollerle Ali\u2019nin hem spor hem insan haklar\u0131 m\u00fccadelesine g\u00f6nderme yapt\u0131.<br \/>\nBir di\u011fer g\u00fc\u00e7l\u00fc eser ise Filistinli bir annenin ve \u00e7ocuklar\u0131n\u0131n sessiz \u00e7\u0131\u011fl\u0131\u011f\u0131n\u0131 anlatan bir \u00e7al\u0131\u015fmayd\u0131. Sanat\u00e7\u0131, bu eserde \u201cbir \u015fey yapamaman\u0131n\u201d h\u00fczn\u00fcn\u00fc ve insanl\u0131k dram\u0131n\u0131 simgesel bir dille aktard\u0131.<br \/>\nSERG\u0130 YOLCULU\u011eU DEVAM EDECEK<br \/>\nKasap, serginin sadece bir g\u00fcnl\u00fck olmad\u0131\u011f\u0131n\u0131, farkl\u0131 lokasyonlarda ve yine a\u00e7\u0131k alanlarda sanatseverlerle bulu\u015fturulaca\u011f\u0131n\u0131 s\u00f6yledi.<br \/>\n\u201cKapal\u0131 alanlarda, duvarlara s\u0131k\u0131\u015fm\u0131\u015f bir sanat istemiyorum,\u201d diyen sanat\u00e7\u0131, sanat\u0131n daha eri\u015filebilir ve insani bir boyutta sunulmas\u0131 gerekti\u011fini vurgulad\u0131.\u00a0<\/p>\n<p>\u200bHaberin Al\u0131nt\u0131land\u0131\u011f\u0131 Kaynak: www.iskenderun.org<\/p>","protected":false},"excerpt":{"rendered":"<p>Usta foto\u011fraf sanat\u00e7\u0131s\u0131 Koray Kasap, Morristown\u2019daki Fig &amp; Lilly Garden\u2019da d\u00fczenledi\u011fi a\u00e7\u0131k hava sergisiyle ABD\u2019deki sanatseverlerle bulu\u015ftu.\u00d6zlem \u00d6zg\u00fct Y\u00f6rekli \/ abdpost.com &#8211; ABD (\u0130GFA) &#8211; Sergide hem sanatsal \u00fcretimlerinin \u00e7ok y\u00f6nl\u00fcl\u00fc\u011f\u00fcn\u00fc hem de toplumsal duyarl\u0131l\u0131\u011f\u0131n\u0131 ortaya koyan Kasap, \u201cKapal\u0131 alanlara hapsolmu\u015f sanat anlay\u0131\u015f\u0131ndan uzak duruyorum. Sanat, do\u011frudan insanla temas etmeli,\u201d diyerek sanat felsefesini ABDPost New York Temsilcisi \u00d6zlem \u00d6zg\u00fct Y\u00f6rekli&#8217;ye anlatt\u0131. T\u00fcrk foto\u011fraf sanat\u0131n\u0131n usta isimlerinden Koray Kasap, sanatseverleri b\u00fcy\u00fcleyen \u00f6zel bir a\u00e7\u0131k hava sergisiyle bu kez ABD\u2019deki sanatseverlerle bulu\u015ftu. SANAT, SOKAKTA VE \u0130NSANLARIN KALB\u0130NDE \u201cSanat, insanlar\u0131n bir araya geldi\u011fi yerlerde olmal\u0131,\u201d diyen Kasap, sergiyi dostlar\u0131n\u0131n avlusunda, samimi bir atmosferde ger\u00e7ekle\u015ftirmeyi tercih etti\u011fini belirtti. Sergi mekan\u0131 Fig &amp; Lilly Garden, do\u011fayla i\u00e7 i\u00e7e huzurlu atmosferi ve ev sahipli\u011fi yapt\u0131\u011f\u0131 \u00f6zg\u00fcn sanat eserleriyle kat\u0131l\u0131mc\u0131lara unutulmaz bir ak\u015fam ya\u015fatt\u0131. Ziyaret\u00e7iler, yaln\u0131zca sanatla de\u011fil, ayn\u0131 zamanda lezzetli ikramlarla da a\u011f\u0131rland\u0131. SANATIN HER ALANINDA DER\u0130N \u0130ZLER 1991 y\u0131l\u0131ndan bu yana profesyonel kariyerini s\u00fcrd\u00fcren Kasap, bug\u00fcne dek Tarkan, Kenan Do\u011fulu, MF\u00d6, \u00d6zlem Tekin gibi 600\u2019e yak\u0131n sanat\u00e7\u0131n\u0131n alb\u00fcm foto\u011fraflar\u0131n\u0131 \u00e7ekti. Ayr\u0131ca Cem Y\u0131lmaz, Y\u0131lmaz Erdo\u011fan, Beyaz\u0131t \u00d6zt\u00fcrk gibi sahne sanat\u00e7\u0131lar\u0131n\u0131n tan\u0131t\u0131m projelerinde de foto\u011fraf\u00e7\u0131 olarak yer ald\u0131. Moda sekt\u00f6r\u00fcnde Polo Garage, Ki\u011f\u0131l\u0131, Damat gibi markalarla \u00e7al\u0131\u015fmalar y\u00fcr\u00fcten sanat\u00e7\u0131, TRT belgeselleri ve \u00e7e\u015fitli video klip projelerinde &hellip;<\/p>","protected":false},"author":1,"featured_media":0,"comment_status":"","ping_status":"open","sticky":false,"template":"","format":"standard","meta":{"_acf_changed":false,"footnotes":""},"categories":[24],"tags":[],"class_list":["post-94077","post","type-post","status-publish","format-standard","has-post-thumbnail","hentry","category-gundem"],"acf":[],"yoast_head":"<!-- This site is optimized with the Yoast SEO Premium plugin v26.6 (Yoast SEO v27.1.1) - https:\/\/yoast.com\/product\/yoast-seo-premium-wordpress\/ -->\n<title>\u00dcnl\u00fclerin foto\u011fraf\u00e7\u0131s\u0131 Koray Kasap&#039;tan New Jersey&#039;de a\u00e7\u0131k hava sergisi - Av. Deniz Can K\u0131z\u0131l<\/title>\n<meta name=\"robots\" content=\"index, follow, max-snippet:-1, max-image-preview:large, max-video-preview:-1\" \/>\n<link rel=\"canonical\" href=\"http:\/\/denizcankizil.tr\/uk\/haberler\/gundem\/unlulerin-fotografcisi-koray-kasaptan-new-jerseyde-acik-hava-sergisi\/\" \/>\n<meta property=\"og:locale\" content=\"uk_UA\" \/>\n<meta property=\"og:type\" content=\"article\" \/>\n<meta property=\"og:title\" content=\"\u00dcnl\u00fclerin foto\u011fraf\u00e7\u0131s\u0131 Koray Kasap&#039;tan New Jersey&#039;de a\u00e7\u0131k hava sergisi\" \/>\n<meta property=\"og:description\" content=\"Usta foto\u011fraf sanat\u00e7\u0131s\u0131 Koray Kasap, Morristown\u2019daki Fig &amp; Lilly Garden\u2019da d\u00fczenledi\u011fi a\u00e7\u0131k hava sergisiyle ABD\u2019deki sanatseverlerle bulu\u015ftu.\u00d6zlem \u00d6zg\u00fct Y\u00f6rekli \/ abdpost.com &#8211; ABD (\u0130GFA) &#8211; Sergide hem sanatsal \u00fcretimlerinin \u00e7ok y\u00f6nl\u00fcl\u00fc\u011f\u00fcn\u00fc hem de toplumsal duyarl\u0131l\u0131\u011f\u0131n\u0131 ortaya koyan Kasap, \u201cKapal\u0131 alanlara hapsolmu\u015f sanat anlay\u0131\u015f\u0131ndan uzak duruyorum. Sanat, do\u011frudan insanla temas etmeli,\u201d diyerek sanat felsefesini ABDPost New York Temsilcisi \u00d6zlem \u00d6zg\u00fct Y\u00f6rekli&#8217;ye anlatt\u0131. T\u00fcrk foto\u011fraf sanat\u0131n\u0131n usta isimlerinden Koray Kasap, sanatseverleri b\u00fcy\u00fcleyen \u00f6zel bir a\u00e7\u0131k hava sergisiyle bu kez ABD\u2019deki sanatseverlerle bulu\u015ftu. SANAT, SOKAKTA VE \u0130NSANLARIN KALB\u0130NDE \u201cSanat, insanlar\u0131n bir araya geldi\u011fi yerlerde olmal\u0131,\u201d diyen Kasap, sergiyi dostlar\u0131n\u0131n avlusunda, samimi bir atmosferde ger\u00e7ekle\u015ftirmeyi tercih etti\u011fini belirtti. Sergi mekan\u0131 Fig &amp; Lilly Garden, do\u011fayla i\u00e7 i\u00e7e huzurlu atmosferi ve ev sahipli\u011fi yapt\u0131\u011f\u0131 \u00f6zg\u00fcn sanat eserleriyle kat\u0131l\u0131mc\u0131lara unutulmaz bir ak\u015fam ya\u015fatt\u0131. Ziyaret\u00e7iler, yaln\u0131zca sanatla de\u011fil, ayn\u0131 zamanda lezzetli ikramlarla da a\u011f\u0131rland\u0131. SANATIN HER ALANINDA DER\u0130N \u0130ZLER 1991 y\u0131l\u0131ndan bu yana profesyonel kariyerini s\u00fcrd\u00fcren Kasap, bug\u00fcne dek Tarkan, Kenan Do\u011fulu, MF\u00d6, \u00d6zlem Tekin gibi 600\u2019e yak\u0131n sanat\u00e7\u0131n\u0131n alb\u00fcm foto\u011fraflar\u0131n\u0131 \u00e7ekti. Ayr\u0131ca Cem Y\u0131lmaz, Y\u0131lmaz Erdo\u011fan, Beyaz\u0131t \u00d6zt\u00fcrk gibi sahne sanat\u00e7\u0131lar\u0131n\u0131n tan\u0131t\u0131m projelerinde de foto\u011fraf\u00e7\u0131 olarak yer ald\u0131. Moda sekt\u00f6r\u00fcnde Polo Garage, Ki\u011f\u0131l\u0131, Damat gibi markalarla \u00e7al\u0131\u015fmalar y\u00fcr\u00fcten sanat\u00e7\u0131, TRT belgeselleri ve \u00e7e\u015fitli video klip projelerinde &hellip;\" \/>\n<meta property=\"og:url\" content=\"http:\/\/denizcankizil.tr\/uk\/haberler\/gundem\/unlulerin-fotografcisi-koray-kasaptan-new-jerseyde-acik-hava-sergisi\/\" \/>\n<meta property=\"og:site_name\" content=\"Av. Deniz Can K\u0131z\u0131l\" \/>\n<meta property=\"article:published_time\" content=\"2025-05-22T07:42:20+00:00\" \/>\n<meta name=\"author\" content=\"admin\" \/>\n<meta name=\"twitter:card\" content=\"summary_large_image\" \/>\n<meta name=\"twitter:label1\" content=\"\u041d\u0430\u043f\u0438\u0441\u0430\u043d\u043e\" \/>\n\t<meta name=\"twitter:data1\" content=\"admin\" \/>\n\t<meta name=\"twitter:label2\" content=\"\u041f\u0440\u0438\u0431\u043b. \u0447\u0430\u0441 \u0447\u0438\u0442\u0430\u043d\u043d\u044f\" \/>\n\t<meta name=\"twitter:data2\" content=\"5 \u0445\u0432\u0438\u043b\u0438\u043d\" \/>\n<script type=\"application\/ld+json\" class=\"yoast-schema-graph\">{\"@context\":\"https:\/\/schema.org\",\"@graph\":[{\"@type\":\"Article\",\"@id\":\"http:\/\/denizcankizil.tr\/de\/haberler\/gundem\/unlulerin-fotografcisi-koray-kasaptan-new-jerseyde-acik-hava-sergisi\/#article\",\"isPartOf\":{\"@id\":\"http:\/\/denizcankizil.tr\/de\/haberler\/gundem\/unlulerin-fotografcisi-koray-kasaptan-new-jerseyde-acik-hava-sergisi\/\"},\"author\":{\"name\":\"admin\",\"@id\":\"https:\/\/denizcankizil.tr\/de\/#\/schema\/person\/be3c05fe6a12686905512445d8185489\"},\"headline\":\"\u00dcnl\u00fclerin foto\u011fraf\u00e7\u0131s\u0131 Koray Kasap&#8217;tan New Jersey&#8217;de a\u00e7\u0131k hava sergisi\",\"datePublished\":\"2025-05-22T07:42:20+00:00\",\"mainEntityOfPage\":{\"@id\":\"http:\/\/denizcankizil.tr\/de\/haberler\/gundem\/unlulerin-fotografcisi-koray-kasaptan-new-jerseyde-acik-hava-sergisi\/\"},\"wordCount\":983,\"publisher\":{\"@id\":\"https:\/\/denizcankizil.tr\/de\/#organization\"},\"articleSection\":[\"G\u00fcndem\"],\"inLanguage\":\"uk\"},{\"@type\":\"WebPage\",\"@id\":\"http:\/\/denizcankizil.tr\/de\/haberler\/gundem\/unlulerin-fotografcisi-koray-kasaptan-new-jerseyde-acik-hava-sergisi\/\",\"url\":\"http:\/\/denizcankizil.tr\/de\/haberler\/gundem\/unlulerin-fotografcisi-koray-kasaptan-new-jerseyde-acik-hava-sergisi\/\",\"name\":\"\u00dcnl\u00fclerin foto\u011fraf\u00e7\u0131s\u0131 Koray Kasap'tan New Jersey'de a\u00e7\u0131k hava sergisi - Av. Deniz Can K\u0131z\u0131l\",\"isPartOf\":{\"@id\":\"https:\/\/denizcankizil.tr\/de\/#website\"},\"datePublished\":\"2025-05-22T07:42:20+00:00\",\"breadcrumb\":{\"@id\":\"http:\/\/denizcankizil.tr\/de\/haberler\/gundem\/unlulerin-fotografcisi-koray-kasaptan-new-jerseyde-acik-hava-sergisi\/#breadcrumb\"},\"inLanguage\":\"uk\",\"potentialAction\":[{\"@type\":\"ReadAction\",\"target\":[\"http:\/\/denizcankizil.tr\/de\/haberler\/gundem\/unlulerin-fotografcisi-koray-kasaptan-new-jerseyde-acik-hava-sergisi\/\"]}]},{\"@type\":\"BreadcrumbList\",\"@id\":\"http:\/\/denizcankizil.tr\/de\/haberler\/gundem\/unlulerin-fotografcisi-koray-kasaptan-new-jerseyde-acik-hava-sergisi\/#breadcrumb\",\"itemListElement\":[{\"@type\":\"ListItem\",\"position\":1,\"name\":\"Home\",\"item\":\"https:\/\/denizcankizil.tr\/de\/\"},{\"@type\":\"ListItem\",\"position\":2,\"name\":\"\u00dcnl\u00fclerin foto\u011fraf\u00e7\u0131s\u0131 Koray Kasap&#8217;tan New Jersey&#8217;de a\u00e7\u0131k hava sergisi\"}]},{\"@type\":\"WebSite\",\"@id\":\"https:\/\/denizcankizil.tr\/de\/#website\",\"url\":\"https:\/\/denizcankizil.tr\/de\/\",\"name\":\"Av. Deniz Can K\u0131z\u0131l\",\"description\":\"Avukat Deniz Can K\u0131z\u0131l Antalya Barosu\",\"publisher\":{\"@id\":\"https:\/\/denizcankizil.tr\/de\/#organization\"},\"potentialAction\":[{\"@type\":\"SearchAction\",\"target\":{\"@type\":\"EntryPoint\",\"urlTemplate\":\"https:\/\/denizcankizil.tr\/de\/?s={search_term_string}\"},\"query-input\":{\"@type\":\"PropertyValueSpecification\",\"valueRequired\":true,\"valueName\":\"search_term_string\"}}],\"inLanguage\":\"uk\"},{\"@type\":\"Organization\",\"@id\":\"https:\/\/denizcankizil.tr\/de\/#organization\",\"name\":\"Av. Deniz Can K\u0131z\u0131l\",\"url\":\"https:\/\/denizcankizil.tr\/de\/\",\"logo\":{\"@type\":\"ImageObject\",\"inLanguage\":\"uk\",\"@id\":\"https:\/\/denizcankizil.tr\/de\/#\/schema\/logo\/image\/\",\"url\":\"https:\/\/denizcankizil.tr\/wp-content\/uploads\/2024\/10\/siyah-logo-svg.svg\",\"contentUrl\":\"https:\/\/denizcankizil.tr\/wp-content\/uploads\/2024\/10\/siyah-logo-svg.svg\",\"width\":1080,\"height\":1080,\"caption\":\"Av. Deniz Can K\u0131z\u0131l\"},\"image\":{\"@id\":\"https:\/\/denizcankizil.tr\/de\/#\/schema\/logo\/image\/\"}},{\"@type\":\"Person\",\"@id\":\"https:\/\/denizcankizil.tr\/de\/#\/schema\/person\/be3c05fe6a12686905512445d8185489\",\"name\":\"admin\",\"image\":{\"@type\":\"ImageObject\",\"inLanguage\":\"uk\",\"@id\":\"https:\/\/denizcankizil.tr\/de\/#\/schema\/person\/image\/\",\"url\":\"https:\/\/secure.gravatar.com\/avatar\/c1fce94c830dc79107e174f890d7210541c4a63e8e5d816341794a2151c9d58c?s=96&d=mm&r=g\",\"contentUrl\":\"https:\/\/secure.gravatar.com\/avatar\/c1fce94c830dc79107e174f890d7210541c4a63e8e5d816341794a2151c9d58c?s=96&d=mm&r=g\",\"caption\":\"admin\"},\"sameAs\":[\"http:\/\/denizcankizil.tr\"],\"url\":\"https:\/\/www.iskenderun.org\/unlulerin-fotografcisi-koray-kasaptan-new-jerseyde-acik-hava-sergisi\"}]}<\/script>\n<!-- \/ Yoast SEO Premium plugin. -->","yoast_head_json":{"title":"\u00dcnl\u00fclerin foto\u011fraf\u00e7\u0131s\u0131 Koray Kasap'tan New Jersey'de a\u00e7\u0131k hava sergisi - Av. Deniz Can K\u0131z\u0131l","robots":{"index":"index","follow":"follow","max-snippet":"max-snippet:-1","max-image-preview":"max-image-preview:large","max-video-preview":"max-video-preview:-1"},"canonical":"http:\/\/denizcankizil.tr\/uk\/haberler\/gundem\/unlulerin-fotografcisi-koray-kasaptan-new-jerseyde-acik-hava-sergisi\/","og_locale":"uk_UA","og_type":"article","og_title":"\u00dcnl\u00fclerin foto\u011fraf\u00e7\u0131s\u0131 Koray Kasap'tan New Jersey'de a\u00e7\u0131k hava sergisi","og_description":"Usta foto\u011fraf sanat\u00e7\u0131s\u0131 Koray Kasap, Morristown\u2019daki Fig &amp; Lilly Garden\u2019da d\u00fczenledi\u011fi a\u00e7\u0131k hava sergisiyle ABD\u2019deki sanatseverlerle bulu\u015ftu.\u00d6zlem \u00d6zg\u00fct Y\u00f6rekli \/ abdpost.com &#8211; ABD (\u0130GFA) &#8211; Sergide hem sanatsal \u00fcretimlerinin \u00e7ok y\u00f6nl\u00fcl\u00fc\u011f\u00fcn\u00fc hem de toplumsal duyarl\u0131l\u0131\u011f\u0131n\u0131 ortaya koyan Kasap, \u201cKapal\u0131 alanlara hapsolmu\u015f sanat anlay\u0131\u015f\u0131ndan uzak duruyorum. Sanat, do\u011frudan insanla temas etmeli,\u201d diyerek sanat felsefesini ABDPost New York Temsilcisi \u00d6zlem \u00d6zg\u00fct Y\u00f6rekli&#8217;ye anlatt\u0131. T\u00fcrk foto\u011fraf sanat\u0131n\u0131n usta isimlerinden Koray Kasap, sanatseverleri b\u00fcy\u00fcleyen \u00f6zel bir a\u00e7\u0131k hava sergisiyle bu kez ABD\u2019deki sanatseverlerle bulu\u015ftu. SANAT, SOKAKTA VE \u0130NSANLARIN KALB\u0130NDE \u201cSanat, insanlar\u0131n bir araya geldi\u011fi yerlerde olmal\u0131,\u201d diyen Kasap, sergiyi dostlar\u0131n\u0131n avlusunda, samimi bir atmosferde ger\u00e7ekle\u015ftirmeyi tercih etti\u011fini belirtti. Sergi mekan\u0131 Fig &amp; Lilly Garden, do\u011fayla i\u00e7 i\u00e7e huzurlu atmosferi ve ev sahipli\u011fi yapt\u0131\u011f\u0131 \u00f6zg\u00fcn sanat eserleriyle kat\u0131l\u0131mc\u0131lara unutulmaz bir ak\u015fam ya\u015fatt\u0131. Ziyaret\u00e7iler, yaln\u0131zca sanatla de\u011fil, ayn\u0131 zamanda lezzetli ikramlarla da a\u011f\u0131rland\u0131. SANATIN HER ALANINDA DER\u0130N \u0130ZLER 1991 y\u0131l\u0131ndan bu yana profesyonel kariyerini s\u00fcrd\u00fcren Kasap, bug\u00fcne dek Tarkan, Kenan Do\u011fulu, MF\u00d6, \u00d6zlem Tekin gibi 600\u2019e yak\u0131n sanat\u00e7\u0131n\u0131n alb\u00fcm foto\u011fraflar\u0131n\u0131 \u00e7ekti. Ayr\u0131ca Cem Y\u0131lmaz, Y\u0131lmaz Erdo\u011fan, Beyaz\u0131t \u00d6zt\u00fcrk gibi sahne sanat\u00e7\u0131lar\u0131n\u0131n tan\u0131t\u0131m projelerinde de foto\u011fraf\u00e7\u0131 olarak yer ald\u0131. Moda sekt\u00f6r\u00fcnde Polo Garage, Ki\u011f\u0131l\u0131, Damat gibi markalarla \u00e7al\u0131\u015fmalar y\u00fcr\u00fcten sanat\u00e7\u0131, TRT belgeselleri ve \u00e7e\u015fitli video klip projelerinde &hellip;","og_url":"http:\/\/denizcankizil.tr\/uk\/haberler\/gundem\/unlulerin-fotografcisi-koray-kasaptan-new-jerseyde-acik-hava-sergisi\/","og_site_name":"Av. Deniz Can K\u0131z\u0131l","article_published_time":"2025-05-22T07:42:20+00:00","author":"admin","twitter_card":"summary_large_image","twitter_misc":{"\u041d\u0430\u043f\u0438\u0441\u0430\u043d\u043e":"admin","\u041f\u0440\u0438\u0431\u043b. \u0447\u0430\u0441 \u0447\u0438\u0442\u0430\u043d\u043d\u044f":"5 \u0445\u0432\u0438\u043b\u0438\u043d"},"schema":{"@context":"https:\/\/schema.org","@graph":[{"@type":"Article","@id":"http:\/\/denizcankizil.tr\/de\/haberler\/gundem\/unlulerin-fotografcisi-koray-kasaptan-new-jerseyde-acik-hava-sergisi\/#article","isPartOf":{"@id":"http:\/\/denizcankizil.tr\/de\/haberler\/gundem\/unlulerin-fotografcisi-koray-kasaptan-new-jerseyde-acik-hava-sergisi\/"},"author":{"name":"admin","@id":"https:\/\/denizcankizil.tr\/de\/#\/schema\/person\/be3c05fe6a12686905512445d8185489"},"headline":"\u00dcnl\u00fclerin foto\u011fraf\u00e7\u0131s\u0131 Koray Kasap&#8217;tan New Jersey&#8217;de a\u00e7\u0131k hava sergisi","datePublished":"2025-05-22T07:42:20+00:00","mainEntityOfPage":{"@id":"http:\/\/denizcankizil.tr\/de\/haberler\/gundem\/unlulerin-fotografcisi-koray-kasaptan-new-jerseyde-acik-hava-sergisi\/"},"wordCount":983,"publisher":{"@id":"https:\/\/denizcankizil.tr\/de\/#organization"},"articleSection":["G\u00fcndem"],"inLanguage":"uk"},{"@type":"WebPage","@id":"http:\/\/denizcankizil.tr\/de\/haberler\/gundem\/unlulerin-fotografcisi-koray-kasaptan-new-jerseyde-acik-hava-sergisi\/","url":"http:\/\/denizcankizil.tr\/de\/haberler\/gundem\/unlulerin-fotografcisi-koray-kasaptan-new-jerseyde-acik-hava-sergisi\/","name":"\u00dcnl\u00fclerin foto\u011fraf\u00e7\u0131s\u0131 Koray Kasap'tan New Jersey'de a\u00e7\u0131k hava sergisi - Av. Deniz Can K\u0131z\u0131l","isPartOf":{"@id":"https:\/\/denizcankizil.tr\/de\/#website"},"datePublished":"2025-05-22T07:42:20+00:00","breadcrumb":{"@id":"http:\/\/denizcankizil.tr\/de\/haberler\/gundem\/unlulerin-fotografcisi-koray-kasaptan-new-jerseyde-acik-hava-sergisi\/#breadcrumb"},"inLanguage":"uk","potentialAction":[{"@type":"ReadAction","target":["http:\/\/denizcankizil.tr\/de\/haberler\/gundem\/unlulerin-fotografcisi-koray-kasaptan-new-jerseyde-acik-hava-sergisi\/"]}]},{"@type":"BreadcrumbList","@id":"http:\/\/denizcankizil.tr\/de\/haberler\/gundem\/unlulerin-fotografcisi-koray-kasaptan-new-jerseyde-acik-hava-sergisi\/#breadcrumb","itemListElement":[{"@type":"ListItem","position":1,"name":"Home","item":"https:\/\/denizcankizil.tr\/de\/"},{"@type":"ListItem","position":2,"name":"\u00dcnl\u00fclerin foto\u011fraf\u00e7\u0131s\u0131 Koray Kasap&#8217;tan New Jersey&#8217;de a\u00e7\u0131k hava sergisi"}]},{"@type":"WebSite","@id":"https:\/\/denizcankizil.tr\/de\/#website","url":"https:\/\/denizcankizil.tr\/de\/","name":"Av. Deniz Can K\u0131z\u0131l","description":"Avukat Deniz Can K\u0131z\u0131l Antalya Barosu","publisher":{"@id":"https:\/\/denizcankizil.tr\/de\/#organization"},"potentialAction":[{"@type":"SearchAction","target":{"@type":"EntryPoint","urlTemplate":"https:\/\/denizcankizil.tr\/de\/?s={search_term_string}"},"query-input":{"@type":"PropertyValueSpecification","valueRequired":true,"valueName":"search_term_string"}}],"inLanguage":"uk"},{"@type":"Organization","@id":"https:\/\/denizcankizil.tr\/de\/#organization","name":"Av. Deniz Can K\u0131z\u0131l","url":"https:\/\/denizcankizil.tr\/de\/","logo":{"@type":"ImageObject","inLanguage":"uk","@id":"https:\/\/denizcankizil.tr\/de\/#\/schema\/logo\/image\/","url":"https:\/\/denizcankizil.tr\/wp-content\/uploads\/2024\/10\/siyah-logo-svg.svg","contentUrl":"https:\/\/denizcankizil.tr\/wp-content\/uploads\/2024\/10\/siyah-logo-svg.svg","width":1080,"height":1080,"caption":"Av. Deniz Can K\u0131z\u0131l"},"image":{"@id":"https:\/\/denizcankizil.tr\/de\/#\/schema\/logo\/image\/"}},{"@type":"Person","@id":"https:\/\/denizcankizil.tr\/de\/#\/schema\/person\/be3c05fe6a12686905512445d8185489","name":"\u0430\u0434\u043c\u0456\u043d","image":{"@type":"ImageObject","inLanguage":"uk","@id":"https:\/\/denizcankizil.tr\/de\/#\/schema\/person\/image\/","url":"https:\/\/secure.gravatar.com\/avatar\/c1fce94c830dc79107e174f890d7210541c4a63e8e5d816341794a2151c9d58c?s=96&d=mm&r=g","contentUrl":"https:\/\/secure.gravatar.com\/avatar\/c1fce94c830dc79107e174f890d7210541c4a63e8e5d816341794a2151c9d58c?s=96&d=mm&r=g","caption":"admin"},"sameAs":["http:\/\/denizcankizil.tr"],"url":"https:\/\/www.iskenderun.org\/unlulerin-fotografcisi-koray-kasaptan-new-jerseyde-acik-hava-sergisi"}]}},"_links":{"self":[{"href":"https:\/\/denizcankizil.tr\/uk\/wp-json\/wp\/v2\/posts\/94077","targetHints":{"allow":["GET"]}}],"collection":[{"href":"https:\/\/denizcankizil.tr\/uk\/wp-json\/wp\/v2\/posts"}],"about":[{"href":"https:\/\/denizcankizil.tr\/uk\/wp-json\/wp\/v2\/types\/post"}],"author":[{"embeddable":true,"href":"https:\/\/denizcankizil.tr\/uk\/wp-json\/wp\/v2\/users\/1"}],"replies":[{"embeddable":true,"href":"https:\/\/denizcankizil.tr\/uk\/wp-json\/wp\/v2\/comments?post=94077"}],"version-history":[{"count":0,"href":"https:\/\/denizcankizil.tr\/uk\/wp-json\/wp\/v2\/posts\/94077\/revisions"}],"wp:attachment":[{"href":"https:\/\/denizcankizil.tr\/uk\/wp-json\/wp\/v2\/media?parent=94077"}],"wp:term":[{"taxonomy":"category","embeddable":true,"href":"https:\/\/denizcankizil.tr\/uk\/wp-json\/wp\/v2\/categories?post=94077"},{"taxonomy":"post_tag","embeddable":true,"href":"https:\/\/denizcankizil.tr\/uk\/wp-json\/wp\/v2\/tags?post=94077"}],"curies":[{"name":"wp","href":"https:\/\/api.w.org\/{rel}","templated":true}]}}