{"id":94074,"date":"2025-05-22T10:42:16","date_gmt":"2025-05-22T07:42:16","guid":{"rendered":"https:\/\/denizcankizil.tr\/uncategorized-tr\/istanbulda-narkokapan-istanbul-2-operasyonu-272-torbaci-gozaltina-alindi\/"},"modified":"2025-05-22T10:42:16","modified_gmt":"2025-05-22T07:42:16","slug":"istanbulda-narkokapan-istanbul-2-operasyonu-272-torbaci-gozaltina-alindi","status":"publish","type":"post","link":"https:\/\/denizcankizil.tr\/uk\/haberler\/gundem\/istanbulda-narkokapan-istanbul-2-operasyonu-272-torbaci-gozaltina-alindi\/","title":{"rendered":"\u0130stanbul\u2019da \u201cNarkokapan-\u0130stanbul 2\u201d operasyonu! 272 torbac\u0131 g\u00f6zalt\u0131na al\u0131nd\u0131!"},"content":{"rendered":"<p>\u0130stanbul\u2019da uyu\u015fturucu madde sat\u0131c\u0131lar\u0131na y\u00f6nelik d\u00fczenlenen \u201cNarkokapan-\u0130stanbul 2\u201d operasyonunda 272 sokak sat\u0131c\u0131s\u0131, yani \u201ctorbac\u0131\u201d yakaland\u0131.ANKARA (\u0130GFA) &#8211; Emniyet Genel M\u00fcd\u00fcrl\u00fc\u011f\u00fc Narkotik Su\u00e7larla M\u00fccadele Ba\u015fkanl\u0131\u011f\u0131 koordinesinde, \u0130stanbul \u0130l Emniyet M\u00fcd\u00fcrl\u00fc\u011f\u00fc taraf\u0131ndan ger\u00e7ekle\u015ftirilen operasyon, \u00f6zellikle gen\u00e7leri hedef alan uyu\u015fturucu sat\u0131c\u0131lar\u0131na darbe vurdu.<br \/>\n\u0130\u00e7i\u015fleri Bakan\u0131 Ali Yerlikaya &#8221;Operasyonun haz\u0131rl\u0131k s\u00fcreci 4 ay s\u00fcrd\u00fc. Bu s\u00fcre zarf\u0131nda \u0130stanbul\u2019un il\u00e7eleri detayl\u0131 bir \u015fekilde mercek alt\u0131na al\u0131nd\u0131. Elde edilen bilgiler titizlikle analiz edilerek \u015f\u00fcpheliler teknik ve fiziki takip alt\u0131na al\u0131nd\u0131. Su\u00e7 faaliyetleri tek tek delillendirildi. Operasyon, Esenyurt, Pendik, Ba\u011fc\u0131lar, Be\u015fikta\u015f ve \u015ei\u015fli il\u00e7eleri merkezli e\u015f zamanl\u0131 bask\u0131nlarla ger\u00e7ekle\u015ftirildi\u011fini bildirdi.<br \/>\nYerlikaya payla\u015f\u0131m\u0131nda sosyal medya hesab\u0131ndan yapt\u0131\u011f\u0131 payla\u015f\u0131mda ayr\u0131ca &#8221;Yetkililer, operasyonun hedefinin gen\u00e7leri zehirleyen sokak sat\u0131c\u0131lar\u0131 oldu\u011funu vurgulad\u0131: \u201cGen\u00e7lerimizin hayat\u0131n\u0131 \u00e7almaya c\u00fcret eden zehir tacirlerine net bir mesaj verdik: Girdi\u011finiz sokak, \u00e7\u0131kmaz sokakt\u0131r! Gen\u00e7lerimize dokunmaya kalkarsan\u0131z, bunun bedelini hukuk \u00f6n\u00fcnde \u00f6dersiniz!\u201d<br \/>\n\u0130stanbul Valisi, operasyonlar\u0131 koordine eden Ba\u015fsavc\u0131l\u0131klar ve \u0130stanbul \u0130l Emniyet M\u00fcd\u00fcr\u00fc ile emniyet g\u00fc\u00e7leri tebrik edildi. A\u00e7\u0131klamada, \u201cUyu\u015fturucu, insanl\u0131\u011f\u0131n en b\u00fcy\u00fck d\u00fc\u015fman\u0131d\u0131r! Zehir tacirleriyle \u00fclkemiz ve insanl\u0131k ad\u0131na m\u00fccadele etmeye devam edece\u011fiz\u201d ifadelerine yer verdi. <\/p>\n<p><blockquote class=\"twitter-tweet\" data-width=\"550\" data-dnt=\"true\"><p lang=\"tr\" dir=\"ltr\">\u201cNARKOKAPAN-\u0130STANBUL 2 operasyonumuzda 272 torbac\u0131 g\u00f6zalt\u0131na al\u0131nd\u0131.\u201d<br><br>Uyu\u015fturucu Madde sat\u0131c\u0131lar\u0131na y\u00f6nelik e\u015f zamanl\u0131 olarak \u0130stanbul\u2019da ger\u00e7ekle\u015ftirdi\u011fimiz operasyonlarda; 272 torbac\u0131 yakaland\u0131. <br><br>\ud83d\udd3bOperasyondaki hedefimiz \u00f6zellikle gen\u00e7lerimize musallat olan mahalle ve sokak\u2026 <a href=\"https:\/\/t.co\/OMitMpaF9P\">pic.twitter.com\/OMitMpaF9P<\/a><\/p>&mdash; Ali Yerlikaya (@AliYerlikaya) <a href=\"https:\/\/twitter.com\/AliYerlikaya\/status\/1925423806878826749?ref_src=twsrc%5Etfw\">May 22, 2025<\/a><\/blockquote><script async src=\"https:\/\/platform.twitter.com\/widgets.js\" charset=\"utf-8\"><\/script><\/p>\n<p>\u200b\u0130stanbul\u2019da uyu\u015fturucu madde sat\u0131c\u0131lar\u0131na y\u00f6nelik d\u00fczenlenen \u201cNarkokapan-\u0130stanbul 2\u201d operasyonunda 272 sokak sat\u0131c\u0131s\u0131, yani \u201ctorbac\u0131\u201d yakaland\u0131.ANKARA (\u0130GFA) &#8211; Emniyet Genel M\u00fcd\u00fcrl\u00fc\u011f\u00fc Narkotik Su\u00e7larla M\u00fccadele Ba\u015fkanl\u0131\u011f\u0131 koordinesinde, \u0130stanbul \u0130l Emniyet M\u00fcd\u00fcrl\u00fc\u011f\u00fc taraf\u0131ndan ger\u00e7ekle\u015ftirilen operasyon, \u00f6zellikle gen\u00e7leri hedef alan uyu\u015fturucu sat\u0131c\u0131lar\u0131na darbe vurdu.<br \/>\n\u0130\u00e7i\u015fleri Bakan\u0131 Ali Yerlikaya &#8221;Operasyonun haz\u0131rl\u0131k s\u00fcreci 4 ay s\u00fcrd\u00fc. Bu s\u00fcre zarf\u0131nda \u0130stanbul\u2019un il\u00e7eleri detayl\u0131 bir \u015fekilde mercek alt\u0131na al\u0131nd\u0131. Elde edilen bilgiler titizlikle analiz edilerek \u015f\u00fcpheliler teknik ve fiziki takip alt\u0131na al\u0131nd\u0131. Su\u00e7 faaliyetleri tek tek delillendirildi. Operasyon, Esenyurt, Pendik, Ba\u011fc\u0131lar, Be\u015fikta\u015f ve \u015ei\u015fli il\u00e7eleri merkezli e\u015f zamanl\u0131 bask\u0131nlarla ger\u00e7ekle\u015ftirildi\u011fini bildirdi.<br \/>\nYerlikaya payla\u015f\u0131m\u0131nda sosyal medya hesab\u0131ndan yapt\u0131\u011f\u0131 payla\u015f\u0131mda ayr\u0131ca &#8221;Yetkililer, operasyonun hedefinin gen\u00e7leri zehirleyen sokak sat\u0131c\u0131lar\u0131 oldu\u011funu vurgulad\u0131: \u201cGen\u00e7lerimizin hayat\u0131n\u0131 \u00e7almaya c\u00fcret eden zehir tacirlerine net bir mesaj verdik: Girdi\u011finiz sokak, \u00e7\u0131kmaz sokakt\u0131r! Gen\u00e7lerimize dokunmaya kalkarsan\u0131z, bunun bedelini hukuk \u00f6n\u00fcnde \u00f6dersiniz!\u201d<br \/>\n\u0130stanbul Valisi, operasyonlar\u0131 koordine eden Ba\u015fsavc\u0131l\u0131klar ve \u0130stanbul \u0130l Emniyet M\u00fcd\u00fcr\u00fc ile emniyet g\u00fc\u00e7leri tebrik edildi. A\u00e7\u0131klamada, \u201cUyu\u015fturucu, insanl\u0131\u011f\u0131n en b\u00fcy\u00fck d\u00fc\u015fman\u0131d\u0131r! Zehir tacirleriyle \u00fclkemiz ve insanl\u0131k ad\u0131na m\u00fccadele etmeye devam edece\u011fiz\u201d ifadelerine yer verdi. <\/p>\n<p>https:\/\/twitter.com\/AliYerlikaya\/status\/1925423806878826749\u00a0<\/p>\n<p>\u200bHaberin Al\u0131nt\u0131land\u0131\u011f\u0131 Kaynak: www.iskenderun.org<\/p>","protected":false},"excerpt":{"rendered":"<p>\u0130stanbul\u2019da uyu\u015fturucu madde sat\u0131c\u0131lar\u0131na y\u00f6nelik d\u00fczenlenen \u201cNarkokapan-\u0130stanbul 2\u201d operasyonunda 272 sokak sat\u0131c\u0131s\u0131, yani \u201ctorbac\u0131\u201d yakaland\u0131.ANKARA (\u0130GFA) &#8211; Emniyet Genel M\u00fcd\u00fcrl\u00fc\u011f\u00fc Narkotik Su\u00e7larla M\u00fccadele Ba\u015fkanl\u0131\u011f\u0131 koordinesinde, \u0130stanbul \u0130l Emniyet M\u00fcd\u00fcrl\u00fc\u011f\u00fc taraf\u0131ndan ger\u00e7ekle\u015ftirilen operasyon, \u00f6zellikle gen\u00e7leri hedef alan uyu\u015fturucu sat\u0131c\u0131lar\u0131na darbe vurdu. \u0130\u00e7i\u015fleri Bakan\u0131 Ali Yerlikaya &#8221;Operasyonun haz\u0131rl\u0131k s\u00fcreci 4 ay s\u00fcrd\u00fc. Bu s\u00fcre zarf\u0131nda \u0130stanbul\u2019un il\u00e7eleri detayl\u0131 bir \u015fekilde mercek alt\u0131na al\u0131nd\u0131. Elde edilen bilgiler titizlikle analiz edilerek \u015f\u00fcpheliler teknik ve fiziki takip alt\u0131na al\u0131nd\u0131. Su\u00e7 faaliyetleri tek tek delillendirildi. Operasyon, Esenyurt, Pendik, Ba\u011fc\u0131lar, Be\u015fikta\u015f ve \u015ei\u015fli il\u00e7eleri merkezli e\u015f zamanl\u0131 bask\u0131nlarla ger\u00e7ekle\u015ftirildi\u011fini bildirdi. Yerlikaya payla\u015f\u0131m\u0131nda sosyal medya hesab\u0131ndan yapt\u0131\u011f\u0131 payla\u015f\u0131mda ayr\u0131ca &#8221;Yetkililer, operasyonun hedefinin gen\u00e7leri zehirleyen sokak sat\u0131c\u0131lar\u0131 oldu\u011funu vurgulad\u0131: \u201cGen\u00e7lerimizin hayat\u0131n\u0131 \u00e7almaya c\u00fcret eden zehir tacirlerine net bir mesaj verdik: Girdi\u011finiz sokak, \u00e7\u0131kmaz sokakt\u0131r! Gen\u00e7lerimize dokunmaya kalkarsan\u0131z, bunun bedelini hukuk \u00f6n\u00fcnde \u00f6dersiniz!\u201d \u0130stanbul Valisi, operasyonlar\u0131 koordine eden Ba\u015fsavc\u0131l\u0131klar ve \u0130stanbul \u0130l Emniyet M\u00fcd\u00fcr\u00fc ile emniyet g\u00fc\u00e7leri tebrik edildi. A\u00e7\u0131klamada, \u201cUyu\u015fturucu, insanl\u0131\u011f\u0131n en b\u00fcy\u00fck d\u00fc\u015fman\u0131d\u0131r! Zehir tacirleriyle \u00fclkemiz ve insanl\u0131k ad\u0131na m\u00fccadele etmeye devam edece\u011fiz\u201d ifadelerine yer verdi. \u201cNARKOKAPAN-\u0130STANBUL 2 operasyonumuzda 272 torbac\u0131 g\u00f6zalt\u0131na al\u0131nd\u0131.\u201d Uyu\u015fturucu Madde sat\u0131c\u0131lar\u0131na y\u00f6nelik e\u015f zamanl\u0131 olarak \u0130stanbul\u2019da ger\u00e7ekle\u015ftirdi\u011fimiz operasyonlarda; 272 torbac\u0131 yakaland\u0131. \ud83d\udd3bOperasyondaki hedefimiz \u00f6zellikle gen\u00e7lerimize musallat olan mahalle ve sokak\u2026 pic.twitter.com\/OMitMpaF9P &mdash; Ali &hellip;<\/p>","protected":false},"author":1,"featured_media":0,"comment_status":"","ping_status":"open","sticky":false,"template":"","format":"standard","meta":{"_acf_changed":false,"footnotes":""},"categories":[24],"tags":[],"class_list":["post-94074","post","type-post","status-publish","format-standard","has-post-thumbnail","hentry","category-gundem"],"acf":[],"yoast_head":"<!-- This site is optimized with the Yoast SEO Premium plugin v26.6 (Yoast SEO v27.1.1) - https:\/\/yoast.com\/product\/yoast-seo-premium-wordpress\/ -->\n<title>\u0130stanbul\u2019da \u201cNarkokapan-\u0130stanbul 2\u201d operasyonu! 272 torbac\u0131 g\u00f6zalt\u0131na al\u0131nd\u0131! - Av. Deniz Can K\u0131z\u0131l<\/title>\n<meta name=\"robots\" content=\"index, follow, max-snippet:-1, max-image-preview:large, max-video-preview:-1\" \/>\n<link rel=\"canonical\" href=\"https:\/\/denizcankizil.tr\/uk\/haberler\/gundem\/istanbulda-narkokapan-istanbul-2-operasyonu-272-torbaci-gozaltina-alindi\/\" \/>\n<meta property=\"og:locale\" content=\"uk_UA\" \/>\n<meta property=\"og:type\" content=\"article\" \/>\n<meta property=\"og:title\" content=\"\u0130stanbul\u2019da \u201cNarkokapan-\u0130stanbul 2\u201d operasyonu! 272 torbac\u0131 g\u00f6zalt\u0131na al\u0131nd\u0131!\" \/>\n<meta property=\"og:description\" content=\"\u0130stanbul\u2019da uyu\u015fturucu madde sat\u0131c\u0131lar\u0131na y\u00f6nelik d\u00fczenlenen \u201cNarkokapan-\u0130stanbul 2\u201d operasyonunda 272 sokak sat\u0131c\u0131s\u0131, yani \u201ctorbac\u0131\u201d yakaland\u0131.ANKARA (\u0130GFA) &#8211; Emniyet Genel M\u00fcd\u00fcrl\u00fc\u011f\u00fc Narkotik Su\u00e7larla M\u00fccadele Ba\u015fkanl\u0131\u011f\u0131 koordinesinde, \u0130stanbul \u0130l Emniyet M\u00fcd\u00fcrl\u00fc\u011f\u00fc taraf\u0131ndan ger\u00e7ekle\u015ftirilen operasyon, \u00f6zellikle gen\u00e7leri hedef alan uyu\u015fturucu sat\u0131c\u0131lar\u0131na darbe vurdu. \u0130\u00e7i\u015fleri Bakan\u0131 Ali Yerlikaya &#8221;Operasyonun haz\u0131rl\u0131k s\u00fcreci 4 ay s\u00fcrd\u00fc. Bu s\u00fcre zarf\u0131nda \u0130stanbul\u2019un il\u00e7eleri detayl\u0131 bir \u015fekilde mercek alt\u0131na al\u0131nd\u0131. Elde edilen bilgiler titizlikle analiz edilerek \u015f\u00fcpheliler teknik ve fiziki takip alt\u0131na al\u0131nd\u0131. Su\u00e7 faaliyetleri tek tek delillendirildi. Operasyon, Esenyurt, Pendik, Ba\u011fc\u0131lar, Be\u015fikta\u015f ve \u015ei\u015fli il\u00e7eleri merkezli e\u015f zamanl\u0131 bask\u0131nlarla ger\u00e7ekle\u015ftirildi\u011fini bildirdi. Yerlikaya payla\u015f\u0131m\u0131nda sosyal medya hesab\u0131ndan yapt\u0131\u011f\u0131 payla\u015f\u0131mda ayr\u0131ca &#8221;Yetkililer, operasyonun hedefinin gen\u00e7leri zehirleyen sokak sat\u0131c\u0131lar\u0131 oldu\u011funu vurgulad\u0131: \u201cGen\u00e7lerimizin hayat\u0131n\u0131 \u00e7almaya c\u00fcret eden zehir tacirlerine net bir mesaj verdik: Girdi\u011finiz sokak, \u00e7\u0131kmaz sokakt\u0131r! Gen\u00e7lerimize dokunmaya kalkarsan\u0131z, bunun bedelini hukuk \u00f6n\u00fcnde \u00f6dersiniz!\u201d \u0130stanbul Valisi, operasyonlar\u0131 koordine eden Ba\u015fsavc\u0131l\u0131klar ve \u0130stanbul \u0130l Emniyet M\u00fcd\u00fcr\u00fc ile emniyet g\u00fc\u00e7leri tebrik edildi. A\u00e7\u0131klamada, \u201cUyu\u015fturucu, insanl\u0131\u011f\u0131n en b\u00fcy\u00fck d\u00fc\u015fman\u0131d\u0131r! Zehir tacirleriyle \u00fclkemiz ve insanl\u0131k ad\u0131na m\u00fccadele etmeye devam edece\u011fiz\u201d ifadelerine yer verdi. \u201cNARKOKAPAN-\u0130STANBUL 2 operasyonumuzda 272 torbac\u0131 g\u00f6zalt\u0131na al\u0131nd\u0131.\u201d Uyu\u015fturucu Madde sat\u0131c\u0131lar\u0131na y\u00f6nelik e\u015f zamanl\u0131 olarak \u0130stanbul\u2019da ger\u00e7ekle\u015ftirdi\u011fimiz operasyonlarda; 272 torbac\u0131 yakaland\u0131. \ud83d\udd3bOperasyondaki hedefimiz \u00f6zellikle gen\u00e7lerimize musallat olan mahalle ve sokak\u2026 pic.twitter.com\/OMitMpaF9P &mdash; Ali &hellip;\" \/>\n<meta property=\"og:url\" content=\"https:\/\/denizcankizil.tr\/uk\/haberler\/gundem\/istanbulda-narkokapan-istanbul-2-operasyonu-272-torbaci-gozaltina-alindi\/\" \/>\n<meta property=\"og:site_name\" content=\"Av. Deniz Can K\u0131z\u0131l\" \/>\n<meta property=\"article:published_time\" content=\"2025-05-22T07:42:16+00:00\" \/>\n<meta name=\"author\" content=\"admin\" \/>\n<meta name=\"twitter:card\" content=\"summary_large_image\" \/>\n<meta name=\"twitter:label1\" content=\"\u041d\u0430\u043f\u0438\u0441\u0430\u043d\u043e\" \/>\n\t<meta name=\"twitter:data1\" content=\"admin\" \/>\n\t<meta name=\"twitter:label2\" content=\"\u041f\u0440\u0438\u0431\u043b. \u0447\u0430\u0441 \u0447\u0438\u0442\u0430\u043d\u043d\u044f\" \/>\n\t<meta name=\"twitter:data2\" content=\"3 \u0445\u0432\u0438\u043b\u0438\u043d\u0438\" \/>\n<script type=\"application\/ld+json\" class=\"yoast-schema-graph\">{\"@context\":\"https:\/\/schema.org\",\"@graph\":[{\"@type\":\"Article\",\"@id\":\"https:\/\/denizcankizil.tr\/uk\/haberler\/gundem\/istanbulda-narkokapan-istanbul-2-operasyonu-272-torbaci-gozaltina-alindi\/#article\",\"isPartOf\":{\"@id\":\"https:\/\/denizcankizil.tr\/uk\/haberler\/gundem\/istanbulda-narkokapan-istanbul-2-operasyonu-272-torbaci-gozaltina-alindi\/\"},\"author\":{\"name\":\"admin\",\"@id\":\"https:\/\/denizcankizil.tr\/de\/#\/schema\/person\/be3c05fe6a12686905512445d8185489\"},\"headline\":\"\u0130stanbul\u2019da \u201cNarkokapan-\u0130stanbul 2\u201d operasyonu! 272 torbac\u0131 g\u00f6zalt\u0131na al\u0131nd\u0131!\",\"datePublished\":\"2025-05-22T07:42:16+00:00\",\"mainEntityOfPage\":{\"@id\":\"https:\/\/denizcankizil.tr\/uk\/haberler\/gundem\/istanbulda-narkokapan-istanbul-2-operasyonu-272-torbaci-gozaltina-alindi\/\"},\"wordCount\":525,\"publisher\":{\"@id\":\"https:\/\/denizcankizil.tr\/de\/#organization\"},\"articleSection\":[\"G\u00fcndem\"],\"inLanguage\":\"uk\"},{\"@type\":\"WebPage\",\"@id\":\"https:\/\/denizcankizil.tr\/uk\/haberler\/gundem\/istanbulda-narkokapan-istanbul-2-operasyonu-272-torbaci-gozaltina-alindi\/\",\"url\":\"https:\/\/denizcankizil.tr\/uk\/haberler\/gundem\/istanbulda-narkokapan-istanbul-2-operasyonu-272-torbaci-gozaltina-alindi\/\",\"name\":\"\u0130stanbul\u2019da \u201cNarkokapan-\u0130stanbul 2\u201d operasyonu! 272 torbac\u0131 g\u00f6zalt\u0131na al\u0131nd\u0131! - Av. Deniz Can K\u0131z\u0131l\",\"isPartOf\":{\"@id\":\"https:\/\/denizcankizil.tr\/de\/#website\"},\"datePublished\":\"2025-05-22T07:42:16+00:00\",\"breadcrumb\":{\"@id\":\"https:\/\/denizcankizil.tr\/uk\/haberler\/gundem\/istanbulda-narkokapan-istanbul-2-operasyonu-272-torbaci-gozaltina-alindi\/#breadcrumb\"},\"inLanguage\":\"uk\",\"potentialAction\":[{\"@type\":\"ReadAction\",\"target\":[\"https:\/\/denizcankizil.tr\/uk\/haberler\/gundem\/istanbulda-narkokapan-istanbul-2-operasyonu-272-torbaci-gozaltina-alindi\/\"]}]},{\"@type\":\"BreadcrumbList\",\"@id\":\"https:\/\/denizcankizil.tr\/uk\/haberler\/gundem\/istanbulda-narkokapan-istanbul-2-operasyonu-272-torbaci-gozaltina-alindi\/#breadcrumb\",\"itemListElement\":[{\"@type\":\"ListItem\",\"position\":1,\"name\":\"Home\",\"item\":\"https:\/\/denizcankizil.tr\/de\/\"},{\"@type\":\"ListItem\",\"position\":2,\"name\":\"\u0130stanbul\u2019da \u201cNarkokapan-\u0130stanbul 2\u201d operasyonu! 272 torbac\u0131 g\u00f6zalt\u0131na al\u0131nd\u0131!\"}]},{\"@type\":\"WebSite\",\"@id\":\"https:\/\/denizcankizil.tr\/de\/#website\",\"url\":\"https:\/\/denizcankizil.tr\/de\/\",\"name\":\"Av. Deniz Can K\u0131z\u0131l\",\"description\":\"Avukat Deniz Can K\u0131z\u0131l Antalya Barosu\",\"publisher\":{\"@id\":\"https:\/\/denizcankizil.tr\/de\/#organization\"},\"potentialAction\":[{\"@type\":\"SearchAction\",\"target\":{\"@type\":\"EntryPoint\",\"urlTemplate\":\"https:\/\/denizcankizil.tr\/de\/?s={search_term_string}\"},\"query-input\":{\"@type\":\"PropertyValueSpecification\",\"valueRequired\":true,\"valueName\":\"search_term_string\"}}],\"inLanguage\":\"uk\"},{\"@type\":\"Organization\",\"@id\":\"https:\/\/denizcankizil.tr\/de\/#organization\",\"name\":\"Av. Deniz Can K\u0131z\u0131l\",\"url\":\"https:\/\/denizcankizil.tr\/de\/\",\"logo\":{\"@type\":\"ImageObject\",\"inLanguage\":\"uk\",\"@id\":\"https:\/\/denizcankizil.tr\/de\/#\/schema\/logo\/image\/\",\"url\":\"https:\/\/denizcankizil.tr\/wp-content\/uploads\/2024\/10\/siyah-logo-svg.svg\",\"contentUrl\":\"https:\/\/denizcankizil.tr\/wp-content\/uploads\/2024\/10\/siyah-logo-svg.svg\",\"width\":1080,\"height\":1080,\"caption\":\"Av. Deniz Can K\u0131z\u0131l\"},\"image\":{\"@id\":\"https:\/\/denizcankizil.tr\/de\/#\/schema\/logo\/image\/\"}},{\"@type\":\"Person\",\"@id\":\"https:\/\/denizcankizil.tr\/de\/#\/schema\/person\/be3c05fe6a12686905512445d8185489\",\"name\":\"admin\",\"image\":{\"@type\":\"ImageObject\",\"inLanguage\":\"uk\",\"@id\":\"https:\/\/denizcankizil.tr\/de\/#\/schema\/person\/image\/\",\"url\":\"https:\/\/secure.gravatar.com\/avatar\/c1fce94c830dc79107e174f890d7210541c4a63e8e5d816341794a2151c9d58c?s=96&d=mm&r=g\",\"contentUrl\":\"https:\/\/secure.gravatar.com\/avatar\/c1fce94c830dc79107e174f890d7210541c4a63e8e5d816341794a2151c9d58c?s=96&d=mm&r=g\",\"caption\":\"admin\"},\"sameAs\":[\"http:\/\/denizcankizil.tr\"],\"url\":\"https:\/\/www.iskenderun.org\/istanbulda-narkokapan-istanbul-2-operasyonu-272-torbaci-gozaltina-alindi\"}]}<\/script>\n<!-- \/ Yoast SEO Premium plugin. -->","yoast_head_json":{"title":"\u0130stanbul\u2019da \u201cNarkokapan-\u0130stanbul 2\u201d operasyonu! 272 torbac\u0131 g\u00f6zalt\u0131na al\u0131nd\u0131! - Av. Deniz Can K\u0131z\u0131l","robots":{"index":"index","follow":"follow","max-snippet":"max-snippet:-1","max-image-preview":"max-image-preview:large","max-video-preview":"max-video-preview:-1"},"canonical":"https:\/\/denizcankizil.tr\/uk\/haberler\/gundem\/istanbulda-narkokapan-istanbul-2-operasyonu-272-torbaci-gozaltina-alindi\/","og_locale":"uk_UA","og_type":"article","og_title":"\u0130stanbul\u2019da \u201cNarkokapan-\u0130stanbul 2\u201d operasyonu! 272 torbac\u0131 g\u00f6zalt\u0131na al\u0131nd\u0131!","og_description":"\u0130stanbul\u2019da uyu\u015fturucu madde sat\u0131c\u0131lar\u0131na y\u00f6nelik d\u00fczenlenen \u201cNarkokapan-\u0130stanbul 2\u201d operasyonunda 272 sokak sat\u0131c\u0131s\u0131, yani \u201ctorbac\u0131\u201d yakaland\u0131.ANKARA (\u0130GFA) &#8211; Emniyet Genel M\u00fcd\u00fcrl\u00fc\u011f\u00fc Narkotik Su\u00e7larla M\u00fccadele Ba\u015fkanl\u0131\u011f\u0131 koordinesinde, \u0130stanbul \u0130l Emniyet M\u00fcd\u00fcrl\u00fc\u011f\u00fc taraf\u0131ndan ger\u00e7ekle\u015ftirilen operasyon, \u00f6zellikle gen\u00e7leri hedef alan uyu\u015fturucu sat\u0131c\u0131lar\u0131na darbe vurdu. \u0130\u00e7i\u015fleri Bakan\u0131 Ali Yerlikaya &#8221;Operasyonun haz\u0131rl\u0131k s\u00fcreci 4 ay s\u00fcrd\u00fc. Bu s\u00fcre zarf\u0131nda \u0130stanbul\u2019un il\u00e7eleri detayl\u0131 bir \u015fekilde mercek alt\u0131na al\u0131nd\u0131. Elde edilen bilgiler titizlikle analiz edilerek \u015f\u00fcpheliler teknik ve fiziki takip alt\u0131na al\u0131nd\u0131. Su\u00e7 faaliyetleri tek tek delillendirildi. Operasyon, Esenyurt, Pendik, Ba\u011fc\u0131lar, Be\u015fikta\u015f ve \u015ei\u015fli il\u00e7eleri merkezli e\u015f zamanl\u0131 bask\u0131nlarla ger\u00e7ekle\u015ftirildi\u011fini bildirdi. Yerlikaya payla\u015f\u0131m\u0131nda sosyal medya hesab\u0131ndan yapt\u0131\u011f\u0131 payla\u015f\u0131mda ayr\u0131ca &#8221;Yetkililer, operasyonun hedefinin gen\u00e7leri zehirleyen sokak sat\u0131c\u0131lar\u0131 oldu\u011funu vurgulad\u0131: \u201cGen\u00e7lerimizin hayat\u0131n\u0131 \u00e7almaya c\u00fcret eden zehir tacirlerine net bir mesaj verdik: Girdi\u011finiz sokak, \u00e7\u0131kmaz sokakt\u0131r! Gen\u00e7lerimize dokunmaya kalkarsan\u0131z, bunun bedelini hukuk \u00f6n\u00fcnde \u00f6dersiniz!\u201d \u0130stanbul Valisi, operasyonlar\u0131 koordine eden Ba\u015fsavc\u0131l\u0131klar ve \u0130stanbul \u0130l Emniyet M\u00fcd\u00fcr\u00fc ile emniyet g\u00fc\u00e7leri tebrik edildi. A\u00e7\u0131klamada, \u201cUyu\u015fturucu, insanl\u0131\u011f\u0131n en b\u00fcy\u00fck d\u00fc\u015fman\u0131d\u0131r! Zehir tacirleriyle \u00fclkemiz ve insanl\u0131k ad\u0131na m\u00fccadele etmeye devam edece\u011fiz\u201d ifadelerine yer verdi. \u201cNARKOKAPAN-\u0130STANBUL 2 operasyonumuzda 272 torbac\u0131 g\u00f6zalt\u0131na al\u0131nd\u0131.\u201d Uyu\u015fturucu Madde sat\u0131c\u0131lar\u0131na y\u00f6nelik e\u015f zamanl\u0131 olarak \u0130stanbul\u2019da ger\u00e7ekle\u015ftirdi\u011fimiz operasyonlarda; 272 torbac\u0131 yakaland\u0131. \ud83d\udd3bOperasyondaki hedefimiz \u00f6zellikle gen\u00e7lerimize musallat olan mahalle ve sokak\u2026 pic.twitter.com\/OMitMpaF9P &mdash; Ali &hellip;","og_url":"https:\/\/denizcankizil.tr\/uk\/haberler\/gundem\/istanbulda-narkokapan-istanbul-2-operasyonu-272-torbaci-gozaltina-alindi\/","og_site_name":"Av. Deniz Can K\u0131z\u0131l","article_published_time":"2025-05-22T07:42:16+00:00","author":"admin","twitter_card":"summary_large_image","twitter_misc":{"\u041d\u0430\u043f\u0438\u0441\u0430\u043d\u043e":"admin","\u041f\u0440\u0438\u0431\u043b. \u0447\u0430\u0441 \u0447\u0438\u0442\u0430\u043d\u043d\u044f":"3 \u0445\u0432\u0438\u043b\u0438\u043d\u0438"},"schema":{"@context":"https:\/\/schema.org","@graph":[{"@type":"Article","@id":"https:\/\/denizcankizil.tr\/uk\/haberler\/gundem\/istanbulda-narkokapan-istanbul-2-operasyonu-272-torbaci-gozaltina-alindi\/#article","isPartOf":{"@id":"https:\/\/denizcankizil.tr\/uk\/haberler\/gundem\/istanbulda-narkokapan-istanbul-2-operasyonu-272-torbaci-gozaltina-alindi\/"},"author":{"name":"admin","@id":"https:\/\/denizcankizil.tr\/de\/#\/schema\/person\/be3c05fe6a12686905512445d8185489"},"headline":"\u0130stanbul\u2019da \u201cNarkokapan-\u0130stanbul 2\u201d operasyonu! 272 torbac\u0131 g\u00f6zalt\u0131na al\u0131nd\u0131!","datePublished":"2025-05-22T07:42:16+00:00","mainEntityOfPage":{"@id":"https:\/\/denizcankizil.tr\/uk\/haberler\/gundem\/istanbulda-narkokapan-istanbul-2-operasyonu-272-torbaci-gozaltina-alindi\/"},"wordCount":525,"publisher":{"@id":"https:\/\/denizcankizil.tr\/de\/#organization"},"articleSection":["G\u00fcndem"],"inLanguage":"uk"},{"@type":"WebPage","@id":"https:\/\/denizcankizil.tr\/uk\/haberler\/gundem\/istanbulda-narkokapan-istanbul-2-operasyonu-272-torbaci-gozaltina-alindi\/","url":"https:\/\/denizcankizil.tr\/uk\/haberler\/gundem\/istanbulda-narkokapan-istanbul-2-operasyonu-272-torbaci-gozaltina-alindi\/","name":"\u0130stanbul\u2019da \u201cNarkokapan-\u0130stanbul 2\u201d operasyonu! 272 torbac\u0131 g\u00f6zalt\u0131na al\u0131nd\u0131! - Av. Deniz Can K\u0131z\u0131l","isPartOf":{"@id":"https:\/\/denizcankizil.tr\/de\/#website"},"datePublished":"2025-05-22T07:42:16+00:00","breadcrumb":{"@id":"https:\/\/denizcankizil.tr\/uk\/haberler\/gundem\/istanbulda-narkokapan-istanbul-2-operasyonu-272-torbaci-gozaltina-alindi\/#breadcrumb"},"inLanguage":"uk","potentialAction":[{"@type":"ReadAction","target":["https:\/\/denizcankizil.tr\/uk\/haberler\/gundem\/istanbulda-narkokapan-istanbul-2-operasyonu-272-torbaci-gozaltina-alindi\/"]}]},{"@type":"BreadcrumbList","@id":"https:\/\/denizcankizil.tr\/uk\/haberler\/gundem\/istanbulda-narkokapan-istanbul-2-operasyonu-272-torbaci-gozaltina-alindi\/#breadcrumb","itemListElement":[{"@type":"ListItem","position":1,"name":"Home","item":"https:\/\/denizcankizil.tr\/de\/"},{"@type":"ListItem","position":2,"name":"\u0130stanbul\u2019da \u201cNarkokapan-\u0130stanbul 2\u201d operasyonu! 272 torbac\u0131 g\u00f6zalt\u0131na al\u0131nd\u0131!"}]},{"@type":"WebSite","@id":"https:\/\/denizcankizil.tr\/de\/#website","url":"https:\/\/denizcankizil.tr\/de\/","name":"Av. Deniz Can K\u0131z\u0131l","description":"Avukat Deniz Can K\u0131z\u0131l Antalya Barosu","publisher":{"@id":"https:\/\/denizcankizil.tr\/de\/#organization"},"potentialAction":[{"@type":"SearchAction","target":{"@type":"EntryPoint","urlTemplate":"https:\/\/denizcankizil.tr\/de\/?s={search_term_string}"},"query-input":{"@type":"PropertyValueSpecification","valueRequired":true,"valueName":"search_term_string"}}],"inLanguage":"uk"},{"@type":"Organization","@id":"https:\/\/denizcankizil.tr\/de\/#organization","name":"Av. Deniz Can K\u0131z\u0131l","url":"https:\/\/denizcankizil.tr\/de\/","logo":{"@type":"ImageObject","inLanguage":"uk","@id":"https:\/\/denizcankizil.tr\/de\/#\/schema\/logo\/image\/","url":"https:\/\/denizcankizil.tr\/wp-content\/uploads\/2024\/10\/siyah-logo-svg.svg","contentUrl":"https:\/\/denizcankizil.tr\/wp-content\/uploads\/2024\/10\/siyah-logo-svg.svg","width":1080,"height":1080,"caption":"Av. Deniz Can K\u0131z\u0131l"},"image":{"@id":"https:\/\/denizcankizil.tr\/de\/#\/schema\/logo\/image\/"}},{"@type":"Person","@id":"https:\/\/denizcankizil.tr\/de\/#\/schema\/person\/be3c05fe6a12686905512445d8185489","name":"\u0430\u0434\u043c\u0456\u043d","image":{"@type":"ImageObject","inLanguage":"uk","@id":"https:\/\/denizcankizil.tr\/de\/#\/schema\/person\/image\/","url":"https:\/\/secure.gravatar.com\/avatar\/c1fce94c830dc79107e174f890d7210541c4a63e8e5d816341794a2151c9d58c?s=96&d=mm&r=g","contentUrl":"https:\/\/secure.gravatar.com\/avatar\/c1fce94c830dc79107e174f890d7210541c4a63e8e5d816341794a2151c9d58c?s=96&d=mm&r=g","caption":"admin"},"sameAs":["http:\/\/denizcankizil.tr"],"url":"https:\/\/www.iskenderun.org\/istanbulda-narkokapan-istanbul-2-operasyonu-272-torbaci-gozaltina-alindi"}]}},"_links":{"self":[{"href":"https:\/\/denizcankizil.tr\/uk\/wp-json\/wp\/v2\/posts\/94074","targetHints":{"allow":["GET"]}}],"collection":[{"href":"https:\/\/denizcankizil.tr\/uk\/wp-json\/wp\/v2\/posts"}],"about":[{"href":"https:\/\/denizcankizil.tr\/uk\/wp-json\/wp\/v2\/types\/post"}],"author":[{"embeddable":true,"href":"https:\/\/denizcankizil.tr\/uk\/wp-json\/wp\/v2\/users\/1"}],"replies":[{"embeddable":true,"href":"https:\/\/denizcankizil.tr\/uk\/wp-json\/wp\/v2\/comments?post=94074"}],"version-history":[{"count":0,"href":"https:\/\/denizcankizil.tr\/uk\/wp-json\/wp\/v2\/posts\/94074\/revisions"}],"wp:attachment":[{"href":"https:\/\/denizcankizil.tr\/uk\/wp-json\/wp\/v2\/media?parent=94074"}],"wp:term":[{"taxonomy":"category","embeddable":true,"href":"https:\/\/denizcankizil.tr\/uk\/wp-json\/wp\/v2\/categories?post=94074"},{"taxonomy":"post_tag","embeddable":true,"href":"https:\/\/denizcankizil.tr\/uk\/wp-json\/wp\/v2\/tags?post=94074"}],"curies":[{"name":"wp","href":"https:\/\/api.w.org\/{rel}","templated":true}]}}