{"id":94073,"date":"2025-05-22T10:42:15","date_gmt":"2025-05-22T07:42:15","guid":{"rendered":"https:\/\/denizcankizil.tr\/uncategorized-tr\/duzcede-fabrikada-yangin-cikti-can-kaybi-yok\/"},"modified":"2025-05-22T10:42:15","modified_gmt":"2025-05-22T07:42:15","slug":"duzcede-fabrikada-yangin-cikti-can-kaybi-yok","status":"publish","type":"post","link":"https:\/\/denizcankizil.tr\/uk\/haberler\/gundem\/duzcede-fabrikada-yangin-cikti-can-kaybi-yok\/","title":{"rendered":"D\u00fczce&#8217;de fabrikada yang\u0131n \u00e7\u0131kt\u0131! Can kayb\u0131 yok!"},"content":{"rendered":"<p>D\u00fczce Beyk\u00f6y 1. Organize Sanayi B\u00f6lgesi\u2019nde bir fabrikada \u00e7\u0131kan yang\u0131n, itfaiye ekiplerince s\u00f6nd\u00fcr\u00fcld\u00fc. Maddi hasar\u0131n meydana geldi\u011fi olayda can kayb\u0131 veya yaralanma ya\u015fanmad\u0131.Sefer DEM\u0130R \/ D\u00dcZCE (\u0130GFA) &#8211;  D\u00fczce\u2019nin Beyk\u00f6y beldesindeki 1. Organize Sanayi B\u00f6lgesi\u2019nde, binek ve hafif ticari ara\u00e7lar i\u00e7in s\u00fcspansiyon ve direksiyon par\u00e7alar\u0131 \u00fcreten bir fabrikada yang\u0131n \u00e7\u0131kt\u0131.<br \/>\nHavaland\u0131rma \u00fcnitelerinde ba\u015flayan yang\u0131n, k\u0131sa s\u00fcrede fark edilerek ihbar edildi.<\/p>\n<p>Olay yerine h\u0131zla itfaiye, sa\u011fl\u0131k ve jandarma ekipleri sevk edildi. \u0130tfaiye ekipleri, yang\u0131na m\u00fcdahale ederek alevleri kontrol alt\u0131na ald\u0131 ve so\u011futma \u00e7al\u0131\u015fmas\u0131 ger\u00e7ekle\u015ftirdi.<br \/>\nYang\u0131nda \u00f6len ya da yaralanan olmazken, fabrikada maddi hasar meydana geldi.<br \/>\nYetkililer, yang\u0131n\u0131n \u00e7\u0131k\u0131\u015f nedenine y\u00f6nelik tahkikat ba\u015flatt\u0131.<\/p>\n<p>\u200bD\u00fczce Beyk\u00f6y 1. Organize Sanayi B\u00f6lgesi\u2019nde bir fabrikada \u00e7\u0131kan yang\u0131n, itfaiye ekiplerince s\u00f6nd\u00fcr\u00fcld\u00fc. Maddi hasar\u0131n meydana geldi\u011fi olayda can kayb\u0131 veya yaralanma ya\u015fanmad\u0131.Sefer DEM\u0130R \/ D\u00dcZCE (\u0130GFA) &#8211;  D\u00fczce\u2019nin Beyk\u00f6y beldesindeki 1. Organize Sanayi B\u00f6lgesi\u2019nde, binek ve hafif ticari ara\u00e7lar i\u00e7in s\u00fcspansiyon ve direksiyon par\u00e7alar\u0131 \u00fcreten bir fabrikada yang\u0131n \u00e7\u0131kt\u0131.<br \/>\nHavaland\u0131rma \u00fcnitelerinde ba\u015flayan yang\u0131n, k\u0131sa s\u00fcrede fark edilerek ihbar edildi.<\/p>\n<p>Olay yerine h\u0131zla itfaiye, sa\u011fl\u0131k ve jandarma ekipleri sevk edildi. \u0130tfaiye ekipleri, yang\u0131na m\u00fcdahale ederek alevleri kontrol alt\u0131na ald\u0131 ve so\u011futma \u00e7al\u0131\u015fmas\u0131 ger\u00e7ekle\u015ftirdi.<br \/>\nYang\u0131nda \u00f6len ya da yaralanan olmazken, fabrikada maddi hasar meydana geldi.<br \/>\nYetkililer, yang\u0131n\u0131n \u00e7\u0131k\u0131\u015f nedenine y\u00f6nelik tahkikat ba\u015flatt\u0131.\u00a0<\/p>\n<p>\u200bHaberin Al\u0131nt\u0131land\u0131\u011f\u0131 Kaynak: www.iskenderun.org<\/p>","protected":false},"excerpt":{"rendered":"<p>D\u00fczce Beyk\u00f6y 1. Organize Sanayi B\u00f6lgesi\u2019nde bir fabrikada \u00e7\u0131kan yang\u0131n, itfaiye ekiplerince s\u00f6nd\u00fcr\u00fcld\u00fc. Maddi hasar\u0131n meydana geldi\u011fi olayda can kayb\u0131 veya yaralanma ya\u015fanmad\u0131.Sefer DEM\u0130R \/ D\u00dcZCE (\u0130GFA) &#8211; D\u00fczce\u2019nin Beyk\u00f6y beldesindeki 1. Organize Sanayi B\u00f6lgesi\u2019nde, binek ve hafif ticari ara\u00e7lar i\u00e7in s\u00fcspansiyon ve direksiyon par\u00e7alar\u0131 \u00fcreten bir fabrikada yang\u0131n \u00e7\u0131kt\u0131. Havaland\u0131rma \u00fcnitelerinde ba\u015flayan yang\u0131n, k\u0131sa s\u00fcrede fark edilerek ihbar edildi. Olay yerine h\u0131zla itfaiye, sa\u011fl\u0131k ve jandarma ekipleri sevk edildi. \u0130tfaiye ekipleri, yang\u0131na m\u00fcdahale ederek alevleri kontrol alt\u0131na ald\u0131 ve so\u011futma \u00e7al\u0131\u015fmas\u0131 ger\u00e7ekle\u015ftirdi. Yang\u0131nda \u00f6len ya da yaralanan olmazken, fabrikada maddi hasar meydana geldi. Yetkililer, yang\u0131n\u0131n \u00e7\u0131k\u0131\u015f nedenine y\u00f6nelik tahkikat ba\u015flatt\u0131. \u200bD\u00fczce Beyk\u00f6y 1. Organize Sanayi B\u00f6lgesi\u2019nde bir fabrikada \u00e7\u0131kan yang\u0131n, itfaiye ekiplerince s\u00f6nd\u00fcr\u00fcld\u00fc. Maddi hasar\u0131n meydana geldi\u011fi olayda can kayb\u0131 veya yaralanma ya\u015fanmad\u0131.Sefer DEM\u0130R \/ D\u00dcZCE (\u0130GFA) &#8211; D\u00fczce\u2019nin Beyk\u00f6y beldesindeki 1. Organize Sanayi B\u00f6lgesi\u2019nde, binek ve hafif ticari ara\u00e7lar i\u00e7in s\u00fcspansiyon ve direksiyon par\u00e7alar\u0131 \u00fcreten bir fabrikada yang\u0131n \u00e7\u0131kt\u0131. Havaland\u0131rma \u00fcnitelerinde ba\u015flayan yang\u0131n, k\u0131sa s\u00fcrede fark edilerek ihbar edildi. Olay yerine h\u0131zla itfaiye, sa\u011fl\u0131k ve jandarma ekipleri sevk edildi. \u0130tfaiye ekipleri, yang\u0131na m\u00fcdahale ederek alevleri kontrol alt\u0131na ald\u0131 ve so\u011futma \u00e7al\u0131\u015fmas\u0131 ger\u00e7ekle\u015ftirdi. Yang\u0131nda \u00f6len ya da yaralanan olmazken, fabrikada maddi hasar meydana geldi. Yetkililer, yang\u0131n\u0131n \u00e7\u0131k\u0131\u015f nedenine y\u00f6nelik &hellip;<\/p>","protected":false},"author":1,"featured_media":0,"comment_status":"","ping_status":"open","sticky":false,"template":"","format":"standard","meta":{"_acf_changed":false,"footnotes":""},"categories":[24],"tags":[],"class_list":["post-94073","post","type-post","status-publish","format-standard","has-post-thumbnail","hentry","category-gundem"],"acf":[],"yoast_head":"<!-- This site is optimized with the Yoast SEO Premium plugin v26.6 (Yoast SEO v27.1.1) - https:\/\/yoast.com\/product\/yoast-seo-premium-wordpress\/ -->\n<title>D\u00fczce&#039;de fabrikada yang\u0131n \u00e7\u0131kt\u0131! Can kayb\u0131 yok! - Av. Deniz Can K\u0131z\u0131l<\/title>\n<meta name=\"robots\" content=\"index, follow, max-snippet:-1, max-image-preview:large, max-video-preview:-1\" \/>\n<link rel=\"canonical\" href=\"https:\/\/denizcankizil.tr\/uk\/haberler\/gundem\/duzcede-fabrikada-yangin-cikti-can-kaybi-yok\/\" \/>\n<meta property=\"og:locale\" content=\"uk_UA\" \/>\n<meta property=\"og:type\" content=\"article\" \/>\n<meta property=\"og:title\" content=\"D\u00fczce&#039;de fabrikada yang\u0131n \u00e7\u0131kt\u0131! Can kayb\u0131 yok!\" \/>\n<meta property=\"og:description\" content=\"D\u00fczce Beyk\u00f6y 1. Organize Sanayi B\u00f6lgesi\u2019nde bir fabrikada \u00e7\u0131kan yang\u0131n, itfaiye ekiplerince s\u00f6nd\u00fcr\u00fcld\u00fc. Maddi hasar\u0131n meydana geldi\u011fi olayda can kayb\u0131 veya yaralanma ya\u015fanmad\u0131.Sefer DEM\u0130R \/ D\u00dcZCE (\u0130GFA) &#8211; D\u00fczce\u2019nin Beyk\u00f6y beldesindeki 1. Organize Sanayi B\u00f6lgesi\u2019nde, binek ve hafif ticari ara\u00e7lar i\u00e7in s\u00fcspansiyon ve direksiyon par\u00e7alar\u0131 \u00fcreten bir fabrikada yang\u0131n \u00e7\u0131kt\u0131. Havaland\u0131rma \u00fcnitelerinde ba\u015flayan yang\u0131n, k\u0131sa s\u00fcrede fark edilerek ihbar edildi. Olay yerine h\u0131zla itfaiye, sa\u011fl\u0131k ve jandarma ekipleri sevk edildi. \u0130tfaiye ekipleri, yang\u0131na m\u00fcdahale ederek alevleri kontrol alt\u0131na ald\u0131 ve so\u011futma \u00e7al\u0131\u015fmas\u0131 ger\u00e7ekle\u015ftirdi. Yang\u0131nda \u00f6len ya da yaralanan olmazken, fabrikada maddi hasar meydana geldi. Yetkililer, yang\u0131n\u0131n \u00e7\u0131k\u0131\u015f nedenine y\u00f6nelik tahkikat ba\u015flatt\u0131. \u200bD\u00fczce Beyk\u00f6y 1. Organize Sanayi B\u00f6lgesi\u2019nde bir fabrikada \u00e7\u0131kan yang\u0131n, itfaiye ekiplerince s\u00f6nd\u00fcr\u00fcld\u00fc. Maddi hasar\u0131n meydana geldi\u011fi olayda can kayb\u0131 veya yaralanma ya\u015fanmad\u0131.Sefer DEM\u0130R \/ D\u00dcZCE (\u0130GFA) &#8211; D\u00fczce\u2019nin Beyk\u00f6y beldesindeki 1. Organize Sanayi B\u00f6lgesi\u2019nde, binek ve hafif ticari ara\u00e7lar i\u00e7in s\u00fcspansiyon ve direksiyon par\u00e7alar\u0131 \u00fcreten bir fabrikada yang\u0131n \u00e7\u0131kt\u0131. Havaland\u0131rma \u00fcnitelerinde ba\u015flayan yang\u0131n, k\u0131sa s\u00fcrede fark edilerek ihbar edildi. Olay yerine h\u0131zla itfaiye, sa\u011fl\u0131k ve jandarma ekipleri sevk edildi. \u0130tfaiye ekipleri, yang\u0131na m\u00fcdahale ederek alevleri kontrol alt\u0131na ald\u0131 ve so\u011futma \u00e7al\u0131\u015fmas\u0131 ger\u00e7ekle\u015ftirdi. Yang\u0131nda \u00f6len ya da yaralanan olmazken, fabrikada maddi hasar meydana geldi. Yetkililer, yang\u0131n\u0131n \u00e7\u0131k\u0131\u015f nedenine y\u00f6nelik &hellip;\" \/>\n<meta property=\"og:url\" content=\"https:\/\/denizcankizil.tr\/uk\/haberler\/gundem\/duzcede-fabrikada-yangin-cikti-can-kaybi-yok\/\" \/>\n<meta property=\"og:site_name\" content=\"Av. Deniz Can K\u0131z\u0131l\" \/>\n<meta property=\"article:published_time\" content=\"2025-05-22T07:42:15+00:00\" \/>\n<meta name=\"author\" content=\"admin\" \/>\n<meta name=\"twitter:card\" content=\"summary_large_image\" \/>\n<meta name=\"twitter:label1\" content=\"\u041d\u0430\u043f\u0438\u0441\u0430\u043d\u043e\" \/>\n\t<meta name=\"twitter:data1\" content=\"admin\" \/>\n\t<meta name=\"twitter:label2\" content=\"\u041f\u0440\u0438\u0431\u043b. \u0447\u0430\u0441 \u0447\u0438\u0442\u0430\u043d\u043d\u044f\" \/>\n\t<meta name=\"twitter:data2\" content=\"1 \u0445\u0432\u0438\u043b\u0438\u043d\u0430\" \/>\n<script type=\"application\/ld+json\" class=\"yoast-schema-graph\">{\"@context\":\"https:\/\/schema.org\",\"@graph\":[{\"@type\":\"Article\",\"@id\":\"https:\/\/denizcankizil.tr\/uk\/haberler\/gundem\/duzcede-fabrikada-yangin-cikti-can-kaybi-yok\/#article\",\"isPartOf\":{\"@id\":\"https:\/\/denizcankizil.tr\/uk\/haberler\/gundem\/duzcede-fabrikada-yangin-cikti-can-kaybi-yok\/\"},\"author\":{\"name\":\"admin\",\"@id\":\"https:\/\/denizcankizil.tr\/#\/schema\/person\/be3c05fe6a12686905512445d8185489\"},\"headline\":\"D\u00fczce&#8217;de fabrikada yang\u0131n \u00e7\u0131kt\u0131! Can kayb\u0131 yok!\",\"datePublished\":\"2025-05-22T07:42:15+00:00\",\"mainEntityOfPage\":{\"@id\":\"https:\/\/denizcankizil.tr\/uk\/haberler\/gundem\/duzcede-fabrikada-yangin-cikti-can-kaybi-yok\/\"},\"wordCount\":302,\"publisher\":{\"@id\":\"https:\/\/denizcankizil.tr\/#organization\"},\"articleSection\":[\"G\u00fcndem\"],\"inLanguage\":\"uk\"},{\"@type\":\"WebPage\",\"@id\":\"https:\/\/denizcankizil.tr\/uk\/haberler\/gundem\/duzcede-fabrikada-yangin-cikti-can-kaybi-yok\/\",\"url\":\"https:\/\/denizcankizil.tr\/uk\/haberler\/gundem\/duzcede-fabrikada-yangin-cikti-can-kaybi-yok\/\",\"name\":\"D\u00fczce'de fabrikada yang\u0131n \u00e7\u0131kt\u0131! Can kayb\u0131 yok! - Av. Deniz Can K\u0131z\u0131l\",\"isPartOf\":{\"@id\":\"https:\/\/denizcankizil.tr\/#website\"},\"datePublished\":\"2025-05-22T07:42:15+00:00\",\"breadcrumb\":{\"@id\":\"https:\/\/denizcankizil.tr\/uk\/haberler\/gundem\/duzcede-fabrikada-yangin-cikti-can-kaybi-yok\/#breadcrumb\"},\"inLanguage\":\"uk\",\"potentialAction\":[{\"@type\":\"ReadAction\",\"target\":[\"https:\/\/denizcankizil.tr\/uk\/haberler\/gundem\/duzcede-fabrikada-yangin-cikti-can-kaybi-yok\/\"]}]},{\"@type\":\"BreadcrumbList\",\"@id\":\"https:\/\/denizcankizil.tr\/uk\/haberler\/gundem\/duzcede-fabrikada-yangin-cikti-can-kaybi-yok\/#breadcrumb\",\"itemListElement\":[{\"@type\":\"ListItem\",\"position\":1,\"name\":\"Home\",\"item\":\"https:\/\/denizcankizil.tr\/uk\/\"},{\"@type\":\"ListItem\",\"position\":2,\"name\":\"D\u00fczce&#8217;de fabrikada yang\u0131n \u00e7\u0131kt\u0131! Can kayb\u0131 yok!\"}]},{\"@type\":\"WebSite\",\"@id\":\"https:\/\/denizcankizil.tr\/#website\",\"url\":\"https:\/\/denizcankizil.tr\/\",\"name\":\"Av. Deniz Can K\u0131z\u0131l\",\"description\":\"Avukat Deniz Can K\u0131z\u0131l Antalya Barosu\",\"publisher\":{\"@id\":\"https:\/\/denizcankizil.tr\/#organization\"},\"potentialAction\":[{\"@type\":\"SearchAction\",\"target\":{\"@type\":\"EntryPoint\",\"urlTemplate\":\"https:\/\/denizcankizil.tr\/?s={search_term_string}\"},\"query-input\":{\"@type\":\"PropertyValueSpecification\",\"valueRequired\":true,\"valueName\":\"search_term_string\"}}],\"inLanguage\":\"uk\"},{\"@type\":\"Organization\",\"@id\":\"https:\/\/denizcankizil.tr\/#organization\",\"name\":\"Av. Deniz Can K\u0131z\u0131l\",\"url\":\"https:\/\/denizcankizil.tr\/\",\"logo\":{\"@type\":\"ImageObject\",\"inLanguage\":\"uk\",\"@id\":\"https:\/\/denizcankizil.tr\/#\/schema\/logo\/image\/\",\"url\":\"https:\/\/denizcankizil.tr\/wp-content\/uploads\/2024\/10\/siyah-logo-svg.svg\",\"contentUrl\":\"https:\/\/denizcankizil.tr\/wp-content\/uploads\/2024\/10\/siyah-logo-svg.svg\",\"width\":1080,\"height\":1080,\"caption\":\"Av. Deniz Can K\u0131z\u0131l\"},\"image\":{\"@id\":\"https:\/\/denizcankizil.tr\/#\/schema\/logo\/image\/\"}},{\"@type\":\"Person\",\"@id\":\"https:\/\/denizcankizil.tr\/#\/schema\/person\/be3c05fe6a12686905512445d8185489\",\"name\":\"admin\",\"image\":{\"@type\":\"ImageObject\",\"inLanguage\":\"uk\",\"@id\":\"https:\/\/denizcankizil.tr\/#\/schema\/person\/image\/\",\"url\":\"https:\/\/secure.gravatar.com\/avatar\/c1fce94c830dc79107e174f890d7210541c4a63e8e5d816341794a2151c9d58c?s=96&d=mm&r=g\",\"contentUrl\":\"https:\/\/secure.gravatar.com\/avatar\/c1fce94c830dc79107e174f890d7210541c4a63e8e5d816341794a2151c9d58c?s=96&d=mm&r=g\",\"caption\":\"admin\"},\"sameAs\":[\"http:\/\/denizcankizil.tr\"],\"url\":\"https:\/\/www.iskenderun.org\/duzcede-fabrikada-yangin-cikti-can-kaybi-yok\"}]}<\/script>\n<!-- \/ Yoast SEO Premium plugin. -->","yoast_head_json":{"title":"D\u00fczce'de fabrikada yang\u0131n \u00e7\u0131kt\u0131! Can kayb\u0131 yok! - Av. Deniz Can K\u0131z\u0131l","robots":{"index":"index","follow":"follow","max-snippet":"max-snippet:-1","max-image-preview":"max-image-preview:large","max-video-preview":"max-video-preview:-1"},"canonical":"https:\/\/denizcankizil.tr\/uk\/haberler\/gundem\/duzcede-fabrikada-yangin-cikti-can-kaybi-yok\/","og_locale":"uk_UA","og_type":"article","og_title":"D\u00fczce'de fabrikada yang\u0131n \u00e7\u0131kt\u0131! Can kayb\u0131 yok!","og_description":"D\u00fczce Beyk\u00f6y 1. Organize Sanayi B\u00f6lgesi\u2019nde bir fabrikada \u00e7\u0131kan yang\u0131n, itfaiye ekiplerince s\u00f6nd\u00fcr\u00fcld\u00fc. Maddi hasar\u0131n meydana geldi\u011fi olayda can kayb\u0131 veya yaralanma ya\u015fanmad\u0131.Sefer DEM\u0130R \/ D\u00dcZCE (\u0130GFA) &#8211; D\u00fczce\u2019nin Beyk\u00f6y beldesindeki 1. Organize Sanayi B\u00f6lgesi\u2019nde, binek ve hafif ticari ara\u00e7lar i\u00e7in s\u00fcspansiyon ve direksiyon par\u00e7alar\u0131 \u00fcreten bir fabrikada yang\u0131n \u00e7\u0131kt\u0131. Havaland\u0131rma \u00fcnitelerinde ba\u015flayan yang\u0131n, k\u0131sa s\u00fcrede fark edilerek ihbar edildi. Olay yerine h\u0131zla itfaiye, sa\u011fl\u0131k ve jandarma ekipleri sevk edildi. \u0130tfaiye ekipleri, yang\u0131na m\u00fcdahale ederek alevleri kontrol alt\u0131na ald\u0131 ve so\u011futma \u00e7al\u0131\u015fmas\u0131 ger\u00e7ekle\u015ftirdi. Yang\u0131nda \u00f6len ya da yaralanan olmazken, fabrikada maddi hasar meydana geldi. Yetkililer, yang\u0131n\u0131n \u00e7\u0131k\u0131\u015f nedenine y\u00f6nelik tahkikat ba\u015flatt\u0131. \u200bD\u00fczce Beyk\u00f6y 1. Organize Sanayi B\u00f6lgesi\u2019nde bir fabrikada \u00e7\u0131kan yang\u0131n, itfaiye ekiplerince s\u00f6nd\u00fcr\u00fcld\u00fc. Maddi hasar\u0131n meydana geldi\u011fi olayda can kayb\u0131 veya yaralanma ya\u015fanmad\u0131.Sefer DEM\u0130R \/ D\u00dcZCE (\u0130GFA) &#8211; D\u00fczce\u2019nin Beyk\u00f6y beldesindeki 1. Organize Sanayi B\u00f6lgesi\u2019nde, binek ve hafif ticari ara\u00e7lar i\u00e7in s\u00fcspansiyon ve direksiyon par\u00e7alar\u0131 \u00fcreten bir fabrikada yang\u0131n \u00e7\u0131kt\u0131. Havaland\u0131rma \u00fcnitelerinde ba\u015flayan yang\u0131n, k\u0131sa s\u00fcrede fark edilerek ihbar edildi. Olay yerine h\u0131zla itfaiye, sa\u011fl\u0131k ve jandarma ekipleri sevk edildi. \u0130tfaiye ekipleri, yang\u0131na m\u00fcdahale ederek alevleri kontrol alt\u0131na ald\u0131 ve so\u011futma \u00e7al\u0131\u015fmas\u0131 ger\u00e7ekle\u015ftirdi. Yang\u0131nda \u00f6len ya da yaralanan olmazken, fabrikada maddi hasar meydana geldi. Yetkililer, yang\u0131n\u0131n \u00e7\u0131k\u0131\u015f nedenine y\u00f6nelik &hellip;","og_url":"https:\/\/denizcankizil.tr\/uk\/haberler\/gundem\/duzcede-fabrikada-yangin-cikti-can-kaybi-yok\/","og_site_name":"Av. Deniz Can K\u0131z\u0131l","article_published_time":"2025-05-22T07:42:15+00:00","author":"admin","twitter_card":"summary_large_image","twitter_misc":{"\u041d\u0430\u043f\u0438\u0441\u0430\u043d\u043e":"admin","\u041f\u0440\u0438\u0431\u043b. \u0447\u0430\u0441 \u0447\u0438\u0442\u0430\u043d\u043d\u044f":"1 \u0445\u0432\u0438\u043b\u0438\u043d\u0430"},"schema":{"@context":"https:\/\/schema.org","@graph":[{"@type":"Article","@id":"https:\/\/denizcankizil.tr\/uk\/haberler\/gundem\/duzcede-fabrikada-yangin-cikti-can-kaybi-yok\/#article","isPartOf":{"@id":"https:\/\/denizcankizil.tr\/uk\/haberler\/gundem\/duzcede-fabrikada-yangin-cikti-can-kaybi-yok\/"},"author":{"name":"admin","@id":"https:\/\/denizcankizil.tr\/#\/schema\/person\/be3c05fe6a12686905512445d8185489"},"headline":"D\u00fczce&#8217;de fabrikada yang\u0131n \u00e7\u0131kt\u0131! Can kayb\u0131 yok!","datePublished":"2025-05-22T07:42:15+00:00","mainEntityOfPage":{"@id":"https:\/\/denizcankizil.tr\/uk\/haberler\/gundem\/duzcede-fabrikada-yangin-cikti-can-kaybi-yok\/"},"wordCount":302,"publisher":{"@id":"https:\/\/denizcankizil.tr\/#organization"},"articleSection":["G\u00fcndem"],"inLanguage":"uk"},{"@type":"WebPage","@id":"https:\/\/denizcankizil.tr\/uk\/haberler\/gundem\/duzcede-fabrikada-yangin-cikti-can-kaybi-yok\/","url":"https:\/\/denizcankizil.tr\/uk\/haberler\/gundem\/duzcede-fabrikada-yangin-cikti-can-kaybi-yok\/","name":"D\u00fczce'de fabrikada yang\u0131n \u00e7\u0131kt\u0131! Can kayb\u0131 yok! - Av. Deniz Can K\u0131z\u0131l","isPartOf":{"@id":"https:\/\/denizcankizil.tr\/#website"},"datePublished":"2025-05-22T07:42:15+00:00","breadcrumb":{"@id":"https:\/\/denizcankizil.tr\/uk\/haberler\/gundem\/duzcede-fabrikada-yangin-cikti-can-kaybi-yok\/#breadcrumb"},"inLanguage":"uk","potentialAction":[{"@type":"ReadAction","target":["https:\/\/denizcankizil.tr\/uk\/haberler\/gundem\/duzcede-fabrikada-yangin-cikti-can-kaybi-yok\/"]}]},{"@type":"BreadcrumbList","@id":"https:\/\/denizcankizil.tr\/uk\/haberler\/gundem\/duzcede-fabrikada-yangin-cikti-can-kaybi-yok\/#breadcrumb","itemListElement":[{"@type":"ListItem","position":1,"name":"Home","item":"https:\/\/denizcankizil.tr\/uk\/"},{"@type":"ListItem","position":2,"name":"D\u00fczce&#8217;de fabrikada yang\u0131n \u00e7\u0131kt\u0131! Can kayb\u0131 yok!"}]},{"@type":"WebSite","@id":"https:\/\/denizcankizil.tr\/#website","url":"https:\/\/denizcankizil.tr\/","name":"Av. Deniz Can K\u0131z\u0131l","description":"Avukat Deniz Can K\u0131z\u0131l Antalya Barosu","publisher":{"@id":"https:\/\/denizcankizil.tr\/#organization"},"potentialAction":[{"@type":"SearchAction","target":{"@type":"EntryPoint","urlTemplate":"https:\/\/denizcankizil.tr\/?s={search_term_string}"},"query-input":{"@type":"PropertyValueSpecification","valueRequired":true,"valueName":"search_term_string"}}],"inLanguage":"uk"},{"@type":"Organization","@id":"https:\/\/denizcankizil.tr\/#organization","name":"Av. Deniz Can K\u0131z\u0131l","url":"https:\/\/denizcankizil.tr\/","logo":{"@type":"ImageObject","inLanguage":"uk","@id":"https:\/\/denizcankizil.tr\/#\/schema\/logo\/image\/","url":"https:\/\/denizcankizil.tr\/wp-content\/uploads\/2024\/10\/siyah-logo-svg.svg","contentUrl":"https:\/\/denizcankizil.tr\/wp-content\/uploads\/2024\/10\/siyah-logo-svg.svg","width":1080,"height":1080,"caption":"Av. Deniz Can K\u0131z\u0131l"},"image":{"@id":"https:\/\/denizcankizil.tr\/#\/schema\/logo\/image\/"}},{"@type":"Person","@id":"https:\/\/denizcankizil.tr\/#\/schema\/person\/be3c05fe6a12686905512445d8185489","name":"\u0430\u0434\u043c\u0456\u043d","image":{"@type":"ImageObject","inLanguage":"uk","@id":"https:\/\/denizcankizil.tr\/#\/schema\/person\/image\/","url":"https:\/\/secure.gravatar.com\/avatar\/c1fce94c830dc79107e174f890d7210541c4a63e8e5d816341794a2151c9d58c?s=96&d=mm&r=g","contentUrl":"https:\/\/secure.gravatar.com\/avatar\/c1fce94c830dc79107e174f890d7210541c4a63e8e5d816341794a2151c9d58c?s=96&d=mm&r=g","caption":"admin"},"sameAs":["http:\/\/denizcankizil.tr"],"url":"https:\/\/www.iskenderun.org\/duzcede-fabrikada-yangin-cikti-can-kaybi-yok"}]}},"_links":{"self":[{"href":"https:\/\/denizcankizil.tr\/uk\/wp-json\/wp\/v2\/posts\/94073","targetHints":{"allow":["GET"]}}],"collection":[{"href":"https:\/\/denizcankizil.tr\/uk\/wp-json\/wp\/v2\/posts"}],"about":[{"href":"https:\/\/denizcankizil.tr\/uk\/wp-json\/wp\/v2\/types\/post"}],"author":[{"embeddable":true,"href":"https:\/\/denizcankizil.tr\/uk\/wp-json\/wp\/v2\/users\/1"}],"replies":[{"embeddable":true,"href":"https:\/\/denizcankizil.tr\/uk\/wp-json\/wp\/v2\/comments?post=94073"}],"version-history":[{"count":0,"href":"https:\/\/denizcankizil.tr\/uk\/wp-json\/wp\/v2\/posts\/94073\/revisions"}],"wp:attachment":[{"href":"https:\/\/denizcankizil.tr\/uk\/wp-json\/wp\/v2\/media?parent=94073"}],"wp:term":[{"taxonomy":"category","embeddable":true,"href":"https:\/\/denizcankizil.tr\/uk\/wp-json\/wp\/v2\/categories?post=94073"},{"taxonomy":"post_tag","embeddable":true,"href":"https:\/\/denizcankizil.tr\/uk\/wp-json\/wp\/v2\/tags?post=94073"}],"curies":[{"name":"wp","href":"https:\/\/api.w.org\/{rel}","templated":true}]}}