{"id":9407,"date":"2024-10-28T12:41:15","date_gmt":"2024-10-28T09:41:15","guid":{"rendered":"https:\/\/denizcankizil.tr\/uncategorized-tr\/antalyada-falezlerin-koruma-statusu-dusuruldu\/"},"modified":"2024-10-28T12:41:15","modified_gmt":"2024-10-28T09:41:15","slug":"antalyada-falezlerin-koruma-statusu-dusuruldu","status":"publish","type":"post","link":"https:\/\/denizcankizil.tr\/uk\/haberler\/gundem\/antalyada-falezlerin-koruma-statusu-dusuruldu\/","title":{"rendered":"Antalya\u2019da falezlerin koruma stat\u00fcs\u00fc d\u00fc\u015f\u00fcr\u00fcld\u00fc!"},"content":{"rendered":"<p>2020 y\u0131l\u0131nda koruma s\u0131n\u0131rlar\u0131 \u00e7izilerek haz\u0131rlanan haritada \u2018kesin korunacak hassas alan\u2019 olan b\u00f6lgenin Konyaalt\u0131 yakas\u0131ndaki k\u0131sm\u0131 7 Eyl\u00fcl 2024 tarihli Resmi Gazete karar\u0131yla k\u00fc\u00e7\u00fclt\u00fcld\u00fc. Buna g\u00f6re Antalya M\u00fczesi\u2019nin kar\u015f\u0131s\u0131ndaki k\u0131y\u0131 alan\u0131 ve Konyaalt\u0131 Varyant\u0131\u2019n\u0131n bulundu\u011fu b\u00f6lgede koruma stat\u00fcs\u00fc kald\u0131r\u0131ld\u0131. Muratpa\u015fa-Konyaalt\u0131 falez band\u0131n\u0131n koruma s\u0131n\u0131rlar\u0131 daralt\u0131lmas\u0131na itirazlar devam ediyor. Falezlerde yap\u0131la\u015fman\u0131n \u00f6n\u00fcn\u00fcn a\u00e7\u0131ld\u0131\u011f\u0131na dikkat \u00e7eken \u015eehir Planc\u0131lar\u0131 Odas\u0131 (\u015ePO) Antalya \u015eubesi Ba\u015fkan\u0131 Funda Y\u00f6r\u00fck, falezlerin korunmas\u0131 i\u00e7in mahkemeye ba\u015fvurduklar\u0131n\u0131 s\u00f6yledi. \u00a0Dan\u0131\u015fta 4\u2019\u00fcnc\u00fc dairesi ve Antalya 5\u2019inci idare mahkemesine a\u00e7\u0131lan davada cumhurba\u015fkan\u0131 karar\u0131n\u0131n \u00f6ncelikle y\u00fcr\u00fctmesinin durdurulmas\u0131na takiben iptaline karar verilmesi talep edildi.<\/p>\n<p>\u00a0FALEZLER YEN\u0130DEN KORUMA ALTINA ALINDI<\/p>\n<p>Bu geli\u015fmelerin ard\u0131ndan Antalya \u00c7evre \u015eehircilik ve \u0130klim De\u011fi\u015fikli\u011fi \u0130l M\u00fcd\u00fcrl\u00fc\u011f\u00fc bir a\u00e7\u0131klama yaparak kayg\u0131lar\u0131 giderdi. \u00a0Yap\u0131lan a\u00e7\u0131klamada falezler hatt\u0131 yeniden \u201cNitelikli Dog\u0306al Koruma Alan\u0131\u201d olarak tescil edildi\u011fi duyuruldu. Yaz\u0131l\u0131 olarak duyurulan geli\u015fmede, \u201cMuratpas\u0327a ilc\u0327esi, Bahc\u0327elievler Mahallesi s\u0131n\u0131rlar\u0131 ic\u0327erisinde yer alan Muratpas\u0327a-Konyaalt\u0131 Falezleri Dog\u0306al Sit Alan\u0131 as\u0327ag\u0306\u0131daki haritada go\u0308sterildig\u0306i s\u0327ekliyle revize edilerek, revize edilen alanlar Bakanl\u0131k Makam\u0131n\u0131n 09.09.2024 tarihli ve 10399331 say\u0131l\u0131 Olur\u2019u ile \u201cNitelikli Dog\u0306al Koruma Alan\u0131\u201d olarak tescil edilmis\u0327tir. \u00a027 Ekim 2017 tarihli ve 30223 say\u0131l\u0131 Resmi Gazete\u2019mde yay\u0131mlanan \u201cKorunan Alanlar\u0131n Tespit, Tescil ve Onay\u0131na I\u0307lis\u0327kin Usul ve Esaslara Dair Yo\u0308netmelikte Deg\u0306is\u0327iklik Yap\u0131lmas\u0131na Dair Y\u00f6netmelik\u201d in 2. maddesinin (j) bendinde yer alan \u201cAn\u0131t a\u011fa\u00e7lar haric\u0327, tabiat varl\u0131klar\u0131n\u0131n ve dog\u0306al sit alanlar\u0131n\u0131n tescil kararlar\u0131 Resmi Gazete\u2019de yay\u0131mlan\u0131r ve Bakanl\u0131\u011f\u0131n internet sayfas\u0131nda bir ay su\u0308re ile duyurulur.\u201d h\u00fckm\u00fc\u0308 gere\u011fi ekteki haritada belirtilen dog\u0306al sit alan\u0131n\u0131n tescili tebli\u011f\u0306 olunur\u201d ifadeleri yer ald\u0131.\u00a0<\/p>\n<p>&#8220;FALEZLERE \u0130SKELE YAPILAB\u0130L\u0130R&#8221;<\/p>\n<p>Nitelikli karar uygulamas\u0131n\u0131n yerinde olmad\u0131\u011f\u0131n\u0131 ifade eden \u015eehir Planc\u0131lar\u0131 Odas\u0131 (\u015ePO) Antalya \u015eubesi Ba\u015fkan\u0131 Funda Y\u00f6r\u00fck, \u201cNiteliklide falezlere iskele yapabilir, g\u00fcn\u00fcbirlik tesis yap\u0131labilir. Birisi iskele yapmak isterse biz ne yapaca\u011f\u0131z? \u2018Kesin Korunacak Hassas Alan\u2019 olarak yeniden ilan edilmesini istiyoruz. Hemen a\u015fa\u011f\u0131s\u0131nda Akdeniz foklar\u0131 var\u201d dedi.<\/p>\n<p>\u200bAntalya\u2019da D\u00fcden \u015eelalesi\u2019nden ba\u015flay\u0131p Lara sahilinden Konyaalt\u0131 sahiline uzanan falez hatt\u0131n\u0131n \u2018Kesin Korunacak Hassas Alan\u2019 stat\u00fcs\u00fcne sahip Muratpa\u015fa-Konyaalt\u0131 falez band\u0131n\u0131n koruma s\u0131n\u0131rlar\u0131 daralt\u0131lm\u0131\u015ft\u0131. Antalyal\u0131lar\u0131n isyan\u0131na ra\u011fmen falezlerin koruma stat\u00fcs\u00fc \u201cNitelikli Dog\u0306al Koruma Alan\u0131\u201d olarak tescil edildi\u00a0<\/p>\n<p>\u200bHaberin Al\u0131nt\u0131land\u0131\u011f\u0131 Kaynak: www.antalyakorfez.com<\/p>","protected":false},"excerpt":{"rendered":"<p>2020 y\u0131l\u0131nda koruma s\u0131n\u0131rlar\u0131 \u00e7izilerek haz\u0131rlanan haritada \u2018kesin korunacak hassas alan\u2019 olan b\u00f6lgenin Konyaalt\u0131 yakas\u0131ndaki k\u0131sm\u0131 7 Eyl\u00fcl 2024 tarihli Resmi Gazete karar\u0131yla k\u00fc\u00e7\u00fclt\u00fcld\u00fc. Buna g\u00f6re Antalya M\u00fczesi\u2019nin kar\u015f\u0131s\u0131ndaki k\u0131y\u0131 alan\u0131 ve Konyaalt\u0131 Varyant\u0131\u2019n\u0131n bulundu\u011fu b\u00f6lgede koruma stat\u00fcs\u00fc kald\u0131r\u0131ld\u0131. Muratpa\u015fa-Konyaalt\u0131 falez band\u0131n\u0131n koruma s\u0131n\u0131rlar\u0131 daralt\u0131lmas\u0131na itirazlar devam ediyor. Falezlerde yap\u0131la\u015fman\u0131n \u00f6n\u00fcn\u00fcn a\u00e7\u0131ld\u0131\u011f\u0131na dikkat \u00e7eken \u015eehir Planc\u0131lar\u0131 Odas\u0131 (\u015ePO) Antalya \u015eubesi Ba\u015fkan\u0131 Funda Y\u00f6r\u00fck, falezlerin korunmas\u0131 i\u00e7in mahkemeye ba\u015fvurduklar\u0131n\u0131 s\u00f6yledi. \u00a0Dan\u0131\u015fta 4\u2019\u00fcnc\u00fc dairesi ve Antalya 5\u2019inci idare mahkemesine a\u00e7\u0131lan davada cumhurba\u015fkan\u0131 karar\u0131n\u0131n \u00f6ncelikle y\u00fcr\u00fctmesinin durdurulmas\u0131na takiben iptaline karar verilmesi talep edildi. \u00a0FALEZLER YEN\u0130DEN KORUMA ALTINA ALINDI Bu geli\u015fmelerin ard\u0131ndan Antalya \u00c7evre \u015eehircilik ve \u0130klim De\u011fi\u015fikli\u011fi \u0130l M\u00fcd\u00fcrl\u00fc\u011f\u00fc bir a\u00e7\u0131klama yaparak kayg\u0131lar\u0131 giderdi. \u00a0Yap\u0131lan a\u00e7\u0131klamada falezler hatt\u0131 yeniden \u201cNitelikli Dog\u0306al Koruma Alan\u0131\u201d olarak tescil edildi\u011fi duyuruldu. Yaz\u0131l\u0131 olarak duyurulan geli\u015fmede, \u201cMuratpas\u0327a ilc\u0327esi, Bahc\u0327elievler Mahallesi s\u0131n\u0131rlar\u0131 ic\u0327erisinde yer alan Muratpas\u0327a-Konyaalt\u0131 Falezleri Dog\u0306al Sit Alan\u0131 as\u0327ag\u0306\u0131daki haritada go\u0308sterildig\u0306i s\u0327ekliyle revize edilerek, revize edilen alanlar Bakanl\u0131k Makam\u0131n\u0131n 09.09.2024 tarihli ve 10399331 say\u0131l\u0131 Olur\u2019u ile \u201cNitelikli Dog\u0306al Koruma Alan\u0131\u201d olarak tescil edilmis\u0327tir. \u00a027 Ekim 2017 tarihli ve 30223 say\u0131l\u0131 Resmi Gazete\u2019mde yay\u0131mlanan \u201cKorunan Alanlar\u0131n Tespit, Tescil ve Onay\u0131na I\u0307lis\u0327kin Usul ve Esaslara Dair Yo\u0308netmelikte Deg\u0306is\u0327iklik Yap\u0131lmas\u0131na Dair Y\u00f6netmelik\u201d in 2. maddesinin (j) bendinde yer alan \u201cAn\u0131t &hellip;<\/p>","protected":false},"author":0,"featured_media":0,"comment_status":"open","ping_status":"open","sticky":false,"template":"","format":"standard","meta":{"_acf_changed":false,"footnotes":""},"categories":[24,535],"tags":[],"class_list":["post-9407","post","type-post","status-publish","format-standard","has-post-thumbnail","hentry","category-gundem","category-uncategorized-tr"],"acf":[],"yoast_head":"<!-- This site is optimized with the Yoast SEO Premium plugin v26.6 (Yoast SEO v27.1.1) - https:\/\/yoast.com\/product\/yoast-seo-premium-wordpress\/ -->\n<title>Antalya\u2019da falezlerin koruma stat\u00fcs\u00fc d\u00fc\u015f\u00fcr\u00fcld\u00fc! - Av. Deniz Can K\u0131z\u0131l<\/title>\n<meta name=\"robots\" content=\"index, follow, max-snippet:-1, max-image-preview:large, max-video-preview:-1\" \/>\n<link rel=\"canonical\" href=\"https:\/\/denizcankizil.tr\/uk\/haberler\/gundem\/antalyada-falezlerin-koruma-statusu-dusuruldu\/\" \/>\n<meta property=\"og:locale\" content=\"uk_UA\" \/>\n<meta property=\"og:type\" content=\"article\" \/>\n<meta property=\"og:title\" content=\"Antalya\u2019da falezlerin koruma stat\u00fcs\u00fc d\u00fc\u015f\u00fcr\u00fcld\u00fc!\" \/>\n<meta property=\"og:description\" content=\"2020 y\u0131l\u0131nda koruma s\u0131n\u0131rlar\u0131 \u00e7izilerek haz\u0131rlanan haritada \u2018kesin korunacak hassas alan\u2019 olan b\u00f6lgenin Konyaalt\u0131 yakas\u0131ndaki k\u0131sm\u0131 7 Eyl\u00fcl 2024 tarihli Resmi Gazete karar\u0131yla k\u00fc\u00e7\u00fclt\u00fcld\u00fc. Buna g\u00f6re Antalya M\u00fczesi\u2019nin kar\u015f\u0131s\u0131ndaki k\u0131y\u0131 alan\u0131 ve Konyaalt\u0131 Varyant\u0131\u2019n\u0131n bulundu\u011fu b\u00f6lgede koruma stat\u00fcs\u00fc kald\u0131r\u0131ld\u0131. Muratpa\u015fa-Konyaalt\u0131 falez band\u0131n\u0131n koruma s\u0131n\u0131rlar\u0131 daralt\u0131lmas\u0131na itirazlar devam ediyor. Falezlerde yap\u0131la\u015fman\u0131n \u00f6n\u00fcn\u00fcn a\u00e7\u0131ld\u0131\u011f\u0131na dikkat \u00e7eken \u015eehir Planc\u0131lar\u0131 Odas\u0131 (\u015ePO) Antalya \u015eubesi Ba\u015fkan\u0131 Funda Y\u00f6r\u00fck, falezlerin korunmas\u0131 i\u00e7in mahkemeye ba\u015fvurduklar\u0131n\u0131 s\u00f6yledi. \u00a0Dan\u0131\u015fta 4\u2019\u00fcnc\u00fc dairesi ve Antalya 5\u2019inci idare mahkemesine a\u00e7\u0131lan davada cumhurba\u015fkan\u0131 karar\u0131n\u0131n \u00f6ncelikle y\u00fcr\u00fctmesinin durdurulmas\u0131na takiben iptaline karar verilmesi talep edildi. \u00a0FALEZLER YEN\u0130DEN KORUMA ALTINA ALINDI Bu geli\u015fmelerin ard\u0131ndan Antalya \u00c7evre \u015eehircilik ve \u0130klim De\u011fi\u015fikli\u011fi \u0130l M\u00fcd\u00fcrl\u00fc\u011f\u00fc bir a\u00e7\u0131klama yaparak kayg\u0131lar\u0131 giderdi. \u00a0Yap\u0131lan a\u00e7\u0131klamada falezler hatt\u0131 yeniden \u201cNitelikli Dog\u0306al Koruma Alan\u0131\u201d olarak tescil edildi\u011fi duyuruldu. Yaz\u0131l\u0131 olarak duyurulan geli\u015fmede, \u201cMuratpas\u0327a ilc\u0327esi, Bahc\u0327elievler Mahallesi s\u0131n\u0131rlar\u0131 ic\u0327erisinde yer alan Muratpas\u0327a-Konyaalt\u0131 Falezleri Dog\u0306al Sit Alan\u0131 as\u0327ag\u0306\u0131daki haritada go\u0308sterildig\u0306i s\u0327ekliyle revize edilerek, revize edilen alanlar Bakanl\u0131k Makam\u0131n\u0131n 09.09.2024 tarihli ve 10399331 say\u0131l\u0131 Olur\u2019u ile \u201cNitelikli Dog\u0306al Koruma Alan\u0131\u201d olarak tescil edilmis\u0327tir. \u00a027 Ekim 2017 tarihli ve 30223 say\u0131l\u0131 Resmi Gazete\u2019mde yay\u0131mlanan \u201cKorunan Alanlar\u0131n Tespit, Tescil ve Onay\u0131na I\u0307lis\u0327kin Usul ve Esaslara Dair Yo\u0308netmelikte Deg\u0306is\u0327iklik Yap\u0131lmas\u0131na Dair Y\u00f6netmelik\u201d in 2. maddesinin (j) bendinde yer alan \u201cAn\u0131t &hellip;\" \/>\n<meta property=\"og:url\" content=\"https:\/\/denizcankizil.tr\/uk\/haberler\/gundem\/antalyada-falezlerin-koruma-statusu-dusuruldu\/\" \/>\n<meta property=\"og:site_name\" content=\"Av. Deniz Can K\u0131z\u0131l\" \/>\n<meta property=\"article:published_time\" content=\"2024-10-28T09:41:15+00:00\" \/>\n<meta name=\"twitter:card\" content=\"summary_large_image\" \/>\n<meta name=\"twitter:label1\" content=\"\u041f\u0440\u0438\u0431\u043b. \u0447\u0430\u0441 \u0447\u0438\u0442\u0430\u043d\u043d\u044f\" \/>\n\t<meta name=\"twitter:data1\" content=\"2 \u0445\u0432\u0438\u043b\u0438\u043d\u0438\" \/>\n<script type=\"application\/ld+json\" class=\"yoast-schema-graph\">{\"@context\":\"https:\/\/schema.org\",\"@graph\":[{\"@type\":\"Article\",\"@id\":\"https:\/\/denizcankizil.tr\/uk\/haberler\/gundem\/antalyada-falezlerin-koruma-statusu-dusuruldu\/#article\",\"isPartOf\":{\"@id\":\"https:\/\/denizcankizil.tr\/uk\/haberler\/gundem\/antalyada-falezlerin-koruma-statusu-dusuruldu\/\"},\"author\":{\"name\":\"\",\"@id\":\"\"},\"headline\":\"Antalya\u2019da falezlerin koruma stat\u00fcs\u00fc d\u00fc\u015f\u00fcr\u00fcld\u00fc!\",\"datePublished\":\"2024-10-28T09:41:15+00:00\",\"mainEntityOfPage\":{\"@id\":\"https:\/\/denizcankizil.tr\/uk\/haberler\/gundem\/antalyada-falezlerin-koruma-statusu-dusuruldu\/\"},\"wordCount\":490,\"commentCount\":0,\"publisher\":{\"@id\":\"https:\/\/denizcankizil.tr\/#organization\"},\"articleSection\":[\"G\u00fcndem\",\"Uncategorized\"],\"inLanguage\":\"uk\",\"potentialAction\":[{\"@type\":\"CommentAction\",\"name\":\"Comment\",\"target\":[\"https:\/\/denizcankizil.tr\/uk\/haberler\/gundem\/antalyada-falezlerin-koruma-statusu-dusuruldu\/#respond\"]}]},{\"@type\":\"WebPage\",\"@id\":\"https:\/\/denizcankizil.tr\/uk\/haberler\/gundem\/antalyada-falezlerin-koruma-statusu-dusuruldu\/\",\"url\":\"https:\/\/denizcankizil.tr\/uk\/haberler\/gundem\/antalyada-falezlerin-koruma-statusu-dusuruldu\/\",\"name\":\"Antalya\u2019da falezlerin koruma stat\u00fcs\u00fc d\u00fc\u015f\u00fcr\u00fcld\u00fc! - Av. Deniz Can K\u0131z\u0131l\",\"isPartOf\":{\"@id\":\"https:\/\/denizcankizil.tr\/#website\"},\"datePublished\":\"2024-10-28T09:41:15+00:00\",\"breadcrumb\":{\"@id\":\"https:\/\/denizcankizil.tr\/uk\/haberler\/gundem\/antalyada-falezlerin-koruma-statusu-dusuruldu\/#breadcrumb\"},\"inLanguage\":\"uk\",\"potentialAction\":[{\"@type\":\"ReadAction\",\"target\":[\"https:\/\/denizcankizil.tr\/uk\/haberler\/gundem\/antalyada-falezlerin-koruma-statusu-dusuruldu\/\"]}]},{\"@type\":\"BreadcrumbList\",\"@id\":\"https:\/\/denizcankizil.tr\/uk\/haberler\/gundem\/antalyada-falezlerin-koruma-statusu-dusuruldu\/#breadcrumb\",\"itemListElement\":[{\"@type\":\"ListItem\",\"position\":1,\"name\":\"Home\",\"item\":\"https:\/\/denizcankizil.tr\/de\/\"},{\"@type\":\"ListItem\",\"position\":2,\"name\":\"Antalya\u2019da falezlerin koruma stat\u00fcs\u00fc d\u00fc\u015f\u00fcr\u00fcld\u00fc!\"}]},{\"@type\":\"WebSite\",\"@id\":\"https:\/\/denizcankizil.tr\/#website\",\"url\":\"https:\/\/denizcankizil.tr\/\",\"name\":\"Av. Deniz Can K\u0131z\u0131l\",\"description\":\"Avukat Deniz Can K\u0131z\u0131l Antalya Barosu\",\"publisher\":{\"@id\":\"https:\/\/denizcankizil.tr\/#organization\"},\"potentialAction\":[{\"@type\":\"SearchAction\",\"target\":{\"@type\":\"EntryPoint\",\"urlTemplate\":\"https:\/\/denizcankizil.tr\/?s={search_term_string}\"},\"query-input\":{\"@type\":\"PropertyValueSpecification\",\"valueRequired\":true,\"valueName\":\"search_term_string\"}}],\"inLanguage\":\"uk\"},{\"@type\":\"Organization\",\"@id\":\"https:\/\/denizcankizil.tr\/#organization\",\"name\":\"Av. Deniz Can K\u0131z\u0131l\",\"url\":\"https:\/\/denizcankizil.tr\/\",\"logo\":{\"@type\":\"ImageObject\",\"inLanguage\":\"uk\",\"@id\":\"https:\/\/denizcankizil.tr\/#\/schema\/logo\/image\/\",\"url\":\"https:\/\/denizcankizil.tr\/wp-content\/uploads\/2024\/10\/siyah-logo-svg.svg\",\"contentUrl\":\"https:\/\/denizcankizil.tr\/wp-content\/uploads\/2024\/10\/siyah-logo-svg.svg\",\"width\":1080,\"height\":1080,\"caption\":\"Av. Deniz Can K\u0131z\u0131l\"},\"image\":{\"@id\":\"https:\/\/denizcankizil.tr\/#\/schema\/logo\/image\/\"}}]}<\/script>\n<!-- \/ Yoast SEO Premium plugin. -->","yoast_head_json":{"title":"Antalya\u2019da falezlerin koruma stat\u00fcs\u00fc d\u00fc\u015f\u00fcr\u00fcld\u00fc! - Av. Deniz Can K\u0131z\u0131l","robots":{"index":"index","follow":"follow","max-snippet":"max-snippet:-1","max-image-preview":"max-image-preview:large","max-video-preview":"max-video-preview:-1"},"canonical":"https:\/\/denizcankizil.tr\/uk\/haberler\/gundem\/antalyada-falezlerin-koruma-statusu-dusuruldu\/","og_locale":"uk_UA","og_type":"article","og_title":"Antalya\u2019da falezlerin koruma stat\u00fcs\u00fc d\u00fc\u015f\u00fcr\u00fcld\u00fc!","og_description":"2020 y\u0131l\u0131nda koruma s\u0131n\u0131rlar\u0131 \u00e7izilerek haz\u0131rlanan haritada \u2018kesin korunacak hassas alan\u2019 olan b\u00f6lgenin Konyaalt\u0131 yakas\u0131ndaki k\u0131sm\u0131 7 Eyl\u00fcl 2024 tarihli Resmi Gazete karar\u0131yla k\u00fc\u00e7\u00fclt\u00fcld\u00fc. Buna g\u00f6re Antalya M\u00fczesi\u2019nin kar\u015f\u0131s\u0131ndaki k\u0131y\u0131 alan\u0131 ve Konyaalt\u0131 Varyant\u0131\u2019n\u0131n bulundu\u011fu b\u00f6lgede koruma stat\u00fcs\u00fc kald\u0131r\u0131ld\u0131. Muratpa\u015fa-Konyaalt\u0131 falez band\u0131n\u0131n koruma s\u0131n\u0131rlar\u0131 daralt\u0131lmas\u0131na itirazlar devam ediyor. Falezlerde yap\u0131la\u015fman\u0131n \u00f6n\u00fcn\u00fcn a\u00e7\u0131ld\u0131\u011f\u0131na dikkat \u00e7eken \u015eehir Planc\u0131lar\u0131 Odas\u0131 (\u015ePO) Antalya \u015eubesi Ba\u015fkan\u0131 Funda Y\u00f6r\u00fck, falezlerin korunmas\u0131 i\u00e7in mahkemeye ba\u015fvurduklar\u0131n\u0131 s\u00f6yledi. \u00a0Dan\u0131\u015fta 4\u2019\u00fcnc\u00fc dairesi ve Antalya 5\u2019inci idare mahkemesine a\u00e7\u0131lan davada cumhurba\u015fkan\u0131 karar\u0131n\u0131n \u00f6ncelikle y\u00fcr\u00fctmesinin durdurulmas\u0131na takiben iptaline karar verilmesi talep edildi. \u00a0FALEZLER YEN\u0130DEN KORUMA ALTINA ALINDI Bu geli\u015fmelerin ard\u0131ndan Antalya \u00c7evre \u015eehircilik ve \u0130klim De\u011fi\u015fikli\u011fi \u0130l M\u00fcd\u00fcrl\u00fc\u011f\u00fc bir a\u00e7\u0131klama yaparak kayg\u0131lar\u0131 giderdi. \u00a0Yap\u0131lan a\u00e7\u0131klamada falezler hatt\u0131 yeniden \u201cNitelikli Dog\u0306al Koruma Alan\u0131\u201d olarak tescil edildi\u011fi duyuruldu. Yaz\u0131l\u0131 olarak duyurulan geli\u015fmede, \u201cMuratpas\u0327a ilc\u0327esi, Bahc\u0327elievler Mahallesi s\u0131n\u0131rlar\u0131 ic\u0327erisinde yer alan Muratpas\u0327a-Konyaalt\u0131 Falezleri Dog\u0306al Sit Alan\u0131 as\u0327ag\u0306\u0131daki haritada go\u0308sterildig\u0306i s\u0327ekliyle revize edilerek, revize edilen alanlar Bakanl\u0131k Makam\u0131n\u0131n 09.09.2024 tarihli ve 10399331 say\u0131l\u0131 Olur\u2019u ile \u201cNitelikli Dog\u0306al Koruma Alan\u0131\u201d olarak tescil edilmis\u0327tir. \u00a027 Ekim 2017 tarihli ve 30223 say\u0131l\u0131 Resmi Gazete\u2019mde yay\u0131mlanan \u201cKorunan Alanlar\u0131n Tespit, Tescil ve Onay\u0131na I\u0307lis\u0327kin Usul ve Esaslara Dair Yo\u0308netmelikte Deg\u0306is\u0327iklik Yap\u0131lmas\u0131na Dair Y\u00f6netmelik\u201d in 2. maddesinin (j) bendinde yer alan \u201cAn\u0131t &hellip;","og_url":"https:\/\/denizcankizil.tr\/uk\/haberler\/gundem\/antalyada-falezlerin-koruma-statusu-dusuruldu\/","og_site_name":"Av. Deniz Can K\u0131z\u0131l","article_published_time":"2024-10-28T09:41:15+00:00","twitter_card":"summary_large_image","twitter_misc":{"\u041f\u0440\u0438\u0431\u043b. \u0447\u0430\u0441 \u0447\u0438\u0442\u0430\u043d\u043d\u044f":"2 \u0445\u0432\u0438\u043b\u0438\u043d\u0438"},"schema":{"@context":"https:\/\/schema.org","@graph":[{"@type":"Article","@id":"https:\/\/denizcankizil.tr\/uk\/haberler\/gundem\/antalyada-falezlerin-koruma-statusu-dusuruldu\/#article","isPartOf":{"@id":"https:\/\/denizcankizil.tr\/uk\/haberler\/gundem\/antalyada-falezlerin-koruma-statusu-dusuruldu\/"},"author":{"name":"","@id":""},"headline":"Antalya\u2019da falezlerin koruma stat\u00fcs\u00fc d\u00fc\u015f\u00fcr\u00fcld\u00fc!","datePublished":"2024-10-28T09:41:15+00:00","mainEntityOfPage":{"@id":"https:\/\/denizcankizil.tr\/uk\/haberler\/gundem\/antalyada-falezlerin-koruma-statusu-dusuruldu\/"},"wordCount":490,"commentCount":0,"publisher":{"@id":"https:\/\/denizcankizil.tr\/#organization"},"articleSection":["G\u00fcndem","Uncategorized"],"inLanguage":"uk","potentialAction":[{"@type":"CommentAction","name":"Comment","target":["https:\/\/denizcankizil.tr\/uk\/haberler\/gundem\/antalyada-falezlerin-koruma-statusu-dusuruldu\/#respond"]}]},{"@type":"WebPage","@id":"https:\/\/denizcankizil.tr\/uk\/haberler\/gundem\/antalyada-falezlerin-koruma-statusu-dusuruldu\/","url":"https:\/\/denizcankizil.tr\/uk\/haberler\/gundem\/antalyada-falezlerin-koruma-statusu-dusuruldu\/","name":"Antalya\u2019da falezlerin koruma stat\u00fcs\u00fc d\u00fc\u015f\u00fcr\u00fcld\u00fc! - Av. Deniz Can K\u0131z\u0131l","isPartOf":{"@id":"https:\/\/denizcankizil.tr\/#website"},"datePublished":"2024-10-28T09:41:15+00:00","breadcrumb":{"@id":"https:\/\/denizcankizil.tr\/uk\/haberler\/gundem\/antalyada-falezlerin-koruma-statusu-dusuruldu\/#breadcrumb"},"inLanguage":"uk","potentialAction":[{"@type":"ReadAction","target":["https:\/\/denizcankizil.tr\/uk\/haberler\/gundem\/antalyada-falezlerin-koruma-statusu-dusuruldu\/"]}]},{"@type":"BreadcrumbList","@id":"https:\/\/denizcankizil.tr\/uk\/haberler\/gundem\/antalyada-falezlerin-koruma-statusu-dusuruldu\/#breadcrumb","itemListElement":[{"@type":"ListItem","position":1,"name":"Home","item":"https:\/\/denizcankizil.tr\/de\/"},{"@type":"ListItem","position":2,"name":"Antalya\u2019da falezlerin koruma stat\u00fcs\u00fc d\u00fc\u015f\u00fcr\u00fcld\u00fc!"}]},{"@type":"WebSite","@id":"https:\/\/denizcankizil.tr\/#website","url":"https:\/\/denizcankizil.tr\/","name":"Av. Deniz Can K\u0131z\u0131l","description":"Avukat Deniz Can K\u0131z\u0131l Antalya Barosu","publisher":{"@id":"https:\/\/denizcankizil.tr\/#organization"},"potentialAction":[{"@type":"SearchAction","target":{"@type":"EntryPoint","urlTemplate":"https:\/\/denizcankizil.tr\/?s={search_term_string}"},"query-input":{"@type":"PropertyValueSpecification","valueRequired":true,"valueName":"search_term_string"}}],"inLanguage":"uk"},{"@type":"Organization","@id":"https:\/\/denizcankizil.tr\/#organization","name":"Av. Deniz Can K\u0131z\u0131l","url":"https:\/\/denizcankizil.tr\/","logo":{"@type":"ImageObject","inLanguage":"uk","@id":"https:\/\/denizcankizil.tr\/#\/schema\/logo\/image\/","url":"https:\/\/denizcankizil.tr\/wp-content\/uploads\/2024\/10\/siyah-logo-svg.svg","contentUrl":"https:\/\/denizcankizil.tr\/wp-content\/uploads\/2024\/10\/siyah-logo-svg.svg","width":1080,"height":1080,"caption":"Av. Deniz Can K\u0131z\u0131l"},"image":{"@id":"https:\/\/denizcankizil.tr\/#\/schema\/logo\/image\/"}}]}},"_links":{"self":[{"href":"https:\/\/denizcankizil.tr\/uk\/wp-json\/wp\/v2\/posts\/9407","targetHints":{"allow":["GET"]}}],"collection":[{"href":"https:\/\/denizcankizil.tr\/uk\/wp-json\/wp\/v2\/posts"}],"about":[{"href":"https:\/\/denizcankizil.tr\/uk\/wp-json\/wp\/v2\/types\/post"}],"replies":[{"embeddable":true,"href":"https:\/\/denizcankizil.tr\/uk\/wp-json\/wp\/v2\/comments?post=9407"}],"version-history":[{"count":0,"href":"https:\/\/denizcankizil.tr\/uk\/wp-json\/wp\/v2\/posts\/9407\/revisions"}],"wp:attachment":[{"href":"https:\/\/denizcankizil.tr\/uk\/wp-json\/wp\/v2\/media?parent=9407"}],"wp:term":[{"taxonomy":"category","embeddable":true,"href":"https:\/\/denizcankizil.tr\/uk\/wp-json\/wp\/v2\/categories?post=9407"},{"taxonomy":"post_tag","embeddable":true,"href":"https:\/\/denizcankizil.tr\/uk\/wp-json\/wp\/v2\/tags?post=9407"}],"curies":[{"name":"wp","href":"https:\/\/api.w.org\/{rel}","templated":true}]}}