{"id":93995,"date":"2025-05-22T07:41:49","date_gmt":"2025-05-22T04:41:49","guid":{"rendered":"https:\/\/denizcankizil.tr\/uncategorized-tr\/jobponte-turkiyeyle-almanya-arasinda-kariyer-koprusu-kuruyor\/"},"modified":"2025-05-22T07:41:49","modified_gmt":"2025-05-22T04:41:49","slug":"jobponte-turkiyeyle-almanya-arasinda-kariyer-koprusu-kuruyor","status":"publish","type":"post","link":"https:\/\/denizcankizil.tr\/uk\/haberler\/gundem\/jobponte-turkiyeyle-almanya-arasinda-kariyer-koprusu-kuruyor\/","title":{"rendered":"JobPonte, T\u00fcrkiye\u2019yle Almanya aras\u0131nda kariyer k\u00f6pr\u00fcs\u00fc kuruyor"},"content":{"rendered":"<p>Alman as\u0131ll\u0131 oyuncu Wilma Elles\u2019in de destek verdi\u011fi JobPonte projesi Almanya\u2019da yeni bir kariyer ba\u015flang\u0131c\u0131 yapmak isteyen nitelikli bireyler i\u00e7in g\u00fcvenilir, profesyonel ve tamamen \u00fccretsiz bir \u00e7\u00f6z\u00fcm sunuyor.\u00a0<\/p>\n<p>\u200bAlman as\u0131ll\u0131 oyuncu Wilma Elles\u2019in de destek verdi\u011fi JobPonte projesi Almanya\u2019da yeni bir kariyer ba\u015flang\u0131c\u0131 yapmak isteyen nitelikli bireyler i\u00e7in g\u00fcvenilir, profesyonel ve tamamen \u00fccretsiz bir \u00e7\u00f6z\u00fcm sunuyor.\u00a0\u00a0<\/p>\n<p>\u200bHaberin Al\u0131nt\u0131land\u0131\u011f\u0131 Kaynak: www.iskenderun.org<\/p>","protected":false},"excerpt":{"rendered":"<p>Alman as\u0131ll\u0131 oyuncu Wilma Elles\u2019in de destek verdi\u011fi JobPonte projesi Almanya\u2019da yeni bir kariyer ba\u015flang\u0131c\u0131 yapmak isteyen nitelikli bireyler i\u00e7in g\u00fcvenilir, profesyonel ve tamamen \u00fccretsiz bir \u00e7\u00f6z\u00fcm sunuyor.\u00a0 \u200bAlman as\u0131ll\u0131 oyuncu Wilma Elles\u2019in de destek verdi\u011fi JobPonte projesi Almanya\u2019da yeni bir kariyer ba\u015flang\u0131c\u0131 yapmak isteyen nitelikli bireyler i\u00e7in g\u00fcvenilir, profesyonel ve tamamen \u00fccretsiz bir \u00e7\u00f6z\u00fcm sunuyor.\u00a0\u00a0 \u200bHaberin Al\u0131nt\u0131land\u0131\u011f\u0131 Kaynak: www.iskenderun.org<\/p>","protected":false},"author":1,"featured_media":0,"comment_status":"","ping_status":"open","sticky":false,"template":"","format":"standard","meta":{"_acf_changed":false,"footnotes":""},"categories":[24],"tags":[],"class_list":["post-93995","post","type-post","status-publish","format-standard","has-post-thumbnail","hentry","category-gundem"],"acf":[],"yoast_head":"<!-- This site is optimized with the Yoast SEO Premium plugin v26.6 (Yoast SEO v27.1.1) - https:\/\/yoast.com\/product\/yoast-seo-premium-wordpress\/ -->\n<title>JobPonte, T\u00fcrkiye\u2019yle Almanya aras\u0131nda kariyer k\u00f6pr\u00fcs\u00fc kuruyor - Av. Deniz Can K\u0131z\u0131l<\/title>\n<meta name=\"robots\" content=\"index, follow, max-snippet:-1, max-image-preview:large, max-video-preview:-1\" \/>\n<link rel=\"canonical\" href=\"https:\/\/denizcankizil.tr\/uk\/haberler\/gundem\/jobponte-turkiyeyle-almanya-arasinda-kariyer-koprusu-kuruyor\/\" \/>\n<meta property=\"og:locale\" content=\"uk_UA\" \/>\n<meta property=\"og:type\" content=\"article\" \/>\n<meta property=\"og:title\" content=\"JobPonte, T\u00fcrkiye\u2019yle Almanya aras\u0131nda kariyer k\u00f6pr\u00fcs\u00fc kuruyor\" \/>\n<meta property=\"og:description\" content=\"Alman as\u0131ll\u0131 oyuncu Wilma Elles\u2019in de destek verdi\u011fi JobPonte projesi Almanya\u2019da yeni bir kariyer ba\u015flang\u0131c\u0131 yapmak isteyen nitelikli bireyler i\u00e7in g\u00fcvenilir, profesyonel ve tamamen \u00fccretsiz bir \u00e7\u00f6z\u00fcm sunuyor.\u00a0 \u200bAlman as\u0131ll\u0131 oyuncu Wilma Elles\u2019in de destek verdi\u011fi JobPonte projesi Almanya\u2019da yeni bir kariyer ba\u015flang\u0131c\u0131 yapmak isteyen nitelikli bireyler i\u00e7in g\u00fcvenilir, profesyonel ve tamamen \u00fccretsiz bir \u00e7\u00f6z\u00fcm sunuyor.\u00a0\u00a0 \u200bHaberin Al\u0131nt\u0131land\u0131\u011f\u0131 Kaynak: www.iskenderun.org\" \/>\n<meta property=\"og:url\" content=\"https:\/\/denizcankizil.tr\/uk\/haberler\/gundem\/jobponte-turkiyeyle-almanya-arasinda-kariyer-koprusu-kuruyor\/\" \/>\n<meta property=\"og:site_name\" content=\"Av. Deniz Can K\u0131z\u0131l\" \/>\n<meta property=\"article:published_time\" content=\"2025-05-22T04:41:49+00:00\" \/>\n<meta name=\"author\" content=\"admin\" \/>\n<meta name=\"twitter:card\" content=\"summary_large_image\" \/>\n<meta name=\"twitter:label1\" content=\"\u041d\u0430\u043f\u0438\u0441\u0430\u043d\u043e\" \/>\n\t<meta name=\"twitter:data1\" content=\"admin\" \/>\n<script type=\"application\/ld+json\" class=\"yoast-schema-graph\">{\"@context\":\"https:\/\/schema.org\",\"@graph\":[{\"@type\":\"Article\",\"@id\":\"https:\/\/denizcankizil.tr\/ru\/haberler\/gundem\/jobponte-turkiyeyle-almanya-arasinda-kariyer-koprusu-kuruyor\/#article\",\"isPartOf\":{\"@id\":\"https:\/\/denizcankizil.tr\/ru\/haberler\/gundem\/jobponte-turkiyeyle-almanya-arasinda-kariyer-koprusu-kuruyor\/\"},\"author\":{\"name\":\"admin\",\"@id\":\"https:\/\/denizcankizil.tr\/de\/#\/schema\/person\/be3c05fe6a12686905512445d8185489\"},\"headline\":\"JobPonte, T\u00fcrkiye\u2019yle Almanya aras\u0131nda kariyer k\u00f6pr\u00fcs\u00fc kuruyor\",\"datePublished\":\"2025-05-22T04:41:49+00:00\",\"mainEntityOfPage\":{\"@id\":\"https:\/\/denizcankizil.tr\/ru\/haberler\/gundem\/jobponte-turkiyeyle-almanya-arasinda-kariyer-koprusu-kuruyor\/\"},\"wordCount\":94,\"publisher\":{\"@id\":\"https:\/\/denizcankizil.tr\/de\/#organization\"},\"articleSection\":[\"G\u00fcndem\"],\"inLanguage\":\"uk\"},{\"@type\":\"WebPage\",\"@id\":\"https:\/\/denizcankizil.tr\/ru\/haberler\/gundem\/jobponte-turkiyeyle-almanya-arasinda-kariyer-koprusu-kuruyor\/\",\"url\":\"https:\/\/denizcankizil.tr\/ru\/haberler\/gundem\/jobponte-turkiyeyle-almanya-arasinda-kariyer-koprusu-kuruyor\/\",\"name\":\"JobPonte, T\u00fcrkiye\u2019yle Almanya aras\u0131nda kariyer k\u00f6pr\u00fcs\u00fc kuruyor - Av. Deniz Can K\u0131z\u0131l\",\"isPartOf\":{\"@id\":\"https:\/\/denizcankizil.tr\/de\/#website\"},\"datePublished\":\"2025-05-22T04:41:49+00:00\",\"breadcrumb\":{\"@id\":\"https:\/\/denizcankizil.tr\/ru\/haberler\/gundem\/jobponte-turkiyeyle-almanya-arasinda-kariyer-koprusu-kuruyor\/#breadcrumb\"},\"inLanguage\":\"uk\",\"potentialAction\":[{\"@type\":\"ReadAction\",\"target\":[\"https:\/\/denizcankizil.tr\/ru\/haberler\/gundem\/jobponte-turkiyeyle-almanya-arasinda-kariyer-koprusu-kuruyor\/\"]}]},{\"@type\":\"BreadcrumbList\",\"@id\":\"https:\/\/denizcankizil.tr\/ru\/haberler\/gundem\/jobponte-turkiyeyle-almanya-arasinda-kariyer-koprusu-kuruyor\/#breadcrumb\",\"itemListElement\":[{\"@type\":\"ListItem\",\"position\":1,\"name\":\"Home\",\"item\":\"https:\/\/denizcankizil.tr\/de\/\"},{\"@type\":\"ListItem\",\"position\":2,\"name\":\"JobPonte, T\u00fcrkiye\u2019yle Almanya aras\u0131nda kariyer k\u00f6pr\u00fcs\u00fc kuruyor\"}]},{\"@type\":\"WebSite\",\"@id\":\"https:\/\/denizcankizil.tr\/de\/#website\",\"url\":\"https:\/\/denizcankizil.tr\/de\/\",\"name\":\"Av. Deniz Can K\u0131z\u0131l\",\"description\":\"Avukat Deniz Can K\u0131z\u0131l Antalya Barosu\",\"publisher\":{\"@id\":\"https:\/\/denizcankizil.tr\/de\/#organization\"},\"potentialAction\":[{\"@type\":\"SearchAction\",\"target\":{\"@type\":\"EntryPoint\",\"urlTemplate\":\"https:\/\/denizcankizil.tr\/de\/?s={search_term_string}\"},\"query-input\":{\"@type\":\"PropertyValueSpecification\",\"valueRequired\":true,\"valueName\":\"search_term_string\"}}],\"inLanguage\":\"uk\"},{\"@type\":\"Organization\",\"@id\":\"https:\/\/denizcankizil.tr\/de\/#organization\",\"name\":\"Av. Deniz Can K\u0131z\u0131l\",\"url\":\"https:\/\/denizcankizil.tr\/de\/\",\"logo\":{\"@type\":\"ImageObject\",\"inLanguage\":\"uk\",\"@id\":\"https:\/\/denizcankizil.tr\/de\/#\/schema\/logo\/image\/\",\"url\":\"https:\/\/denizcankizil.tr\/wp-content\/uploads\/2024\/10\/siyah-logo-svg.svg\",\"contentUrl\":\"https:\/\/denizcankizil.tr\/wp-content\/uploads\/2024\/10\/siyah-logo-svg.svg\",\"width\":1080,\"height\":1080,\"caption\":\"Av. Deniz Can K\u0131z\u0131l\"},\"image\":{\"@id\":\"https:\/\/denizcankizil.tr\/de\/#\/schema\/logo\/image\/\"}},{\"@type\":\"Person\",\"@id\":\"https:\/\/denizcankizil.tr\/de\/#\/schema\/person\/be3c05fe6a12686905512445d8185489\",\"name\":\"admin\",\"image\":{\"@type\":\"ImageObject\",\"inLanguage\":\"uk\",\"@id\":\"https:\/\/denizcankizil.tr\/de\/#\/schema\/person\/image\/\",\"url\":\"https:\/\/secure.gravatar.com\/avatar\/c1fce94c830dc79107e174f890d7210541c4a63e8e5d816341794a2151c9d58c?s=96&d=mm&r=g\",\"contentUrl\":\"https:\/\/secure.gravatar.com\/avatar\/c1fce94c830dc79107e174f890d7210541c4a63e8e5d816341794a2151c9d58c?s=96&d=mm&r=g\",\"caption\":\"admin\"},\"sameAs\":[\"http:\/\/denizcankizil.tr\"],\"url\":\"https:\/\/www.iskenderun.org\/jobponte-turkiyeyle-almanya-arasinda-kariyer-koprusu-kuruyor\"}]}<\/script>\n<!-- \/ Yoast SEO Premium plugin. -->","yoast_head_json":{"title":"JobPonte, T\u00fcrkiye\u2019yle Almanya aras\u0131nda kariyer k\u00f6pr\u00fcs\u00fc kuruyor - Av. Deniz Can K\u0131z\u0131l","robots":{"index":"index","follow":"follow","max-snippet":"max-snippet:-1","max-image-preview":"max-image-preview:large","max-video-preview":"max-video-preview:-1"},"canonical":"https:\/\/denizcankizil.tr\/uk\/haberler\/gundem\/jobponte-turkiyeyle-almanya-arasinda-kariyer-koprusu-kuruyor\/","og_locale":"uk_UA","og_type":"article","og_title":"JobPonte, T\u00fcrkiye\u2019yle Almanya aras\u0131nda kariyer k\u00f6pr\u00fcs\u00fc kuruyor","og_description":"Alman as\u0131ll\u0131 oyuncu Wilma Elles\u2019in de destek verdi\u011fi JobPonte projesi Almanya\u2019da yeni bir kariyer ba\u015flang\u0131c\u0131 yapmak isteyen nitelikli bireyler i\u00e7in g\u00fcvenilir, profesyonel ve tamamen \u00fccretsiz bir \u00e7\u00f6z\u00fcm sunuyor.\u00a0 \u200bAlman as\u0131ll\u0131 oyuncu Wilma Elles\u2019in de destek verdi\u011fi JobPonte projesi Almanya\u2019da yeni bir kariyer ba\u015flang\u0131c\u0131 yapmak isteyen nitelikli bireyler i\u00e7in g\u00fcvenilir, profesyonel ve tamamen \u00fccretsiz bir \u00e7\u00f6z\u00fcm sunuyor.\u00a0\u00a0 \u200bHaberin Al\u0131nt\u0131land\u0131\u011f\u0131 Kaynak: www.iskenderun.org","og_url":"https:\/\/denizcankizil.tr\/uk\/haberler\/gundem\/jobponte-turkiyeyle-almanya-arasinda-kariyer-koprusu-kuruyor\/","og_site_name":"Av. Deniz Can K\u0131z\u0131l","article_published_time":"2025-05-22T04:41:49+00:00","author":"admin","twitter_card":"summary_large_image","twitter_misc":{"\u041d\u0430\u043f\u0438\u0441\u0430\u043d\u043e":"admin"},"schema":{"@context":"https:\/\/schema.org","@graph":[{"@type":"Article","@id":"https:\/\/denizcankizil.tr\/ru\/haberler\/gundem\/jobponte-turkiyeyle-almanya-arasinda-kariyer-koprusu-kuruyor\/#article","isPartOf":{"@id":"https:\/\/denizcankizil.tr\/ru\/haberler\/gundem\/jobponte-turkiyeyle-almanya-arasinda-kariyer-koprusu-kuruyor\/"},"author":{"name":"admin","@id":"https:\/\/denizcankizil.tr\/de\/#\/schema\/person\/be3c05fe6a12686905512445d8185489"},"headline":"JobPonte, T\u00fcrkiye\u2019yle Almanya aras\u0131nda kariyer k\u00f6pr\u00fcs\u00fc kuruyor","datePublished":"2025-05-22T04:41:49+00:00","mainEntityOfPage":{"@id":"https:\/\/denizcankizil.tr\/ru\/haberler\/gundem\/jobponte-turkiyeyle-almanya-arasinda-kariyer-koprusu-kuruyor\/"},"wordCount":94,"publisher":{"@id":"https:\/\/denizcankizil.tr\/de\/#organization"},"articleSection":["G\u00fcndem"],"inLanguage":"uk"},{"@type":"WebPage","@id":"https:\/\/denizcankizil.tr\/ru\/haberler\/gundem\/jobponte-turkiyeyle-almanya-arasinda-kariyer-koprusu-kuruyor\/","url":"https:\/\/denizcankizil.tr\/ru\/haberler\/gundem\/jobponte-turkiyeyle-almanya-arasinda-kariyer-koprusu-kuruyor\/","name":"JobPonte, T\u00fcrkiye\u2019yle Almanya aras\u0131nda kariyer k\u00f6pr\u00fcs\u00fc kuruyor - Av. Deniz Can K\u0131z\u0131l","isPartOf":{"@id":"https:\/\/denizcankizil.tr\/de\/#website"},"datePublished":"2025-05-22T04:41:49+00:00","breadcrumb":{"@id":"https:\/\/denizcankizil.tr\/ru\/haberler\/gundem\/jobponte-turkiyeyle-almanya-arasinda-kariyer-koprusu-kuruyor\/#breadcrumb"},"inLanguage":"uk","potentialAction":[{"@type":"ReadAction","target":["https:\/\/denizcankizil.tr\/ru\/haberler\/gundem\/jobponte-turkiyeyle-almanya-arasinda-kariyer-koprusu-kuruyor\/"]}]},{"@type":"BreadcrumbList","@id":"https:\/\/denizcankizil.tr\/ru\/haberler\/gundem\/jobponte-turkiyeyle-almanya-arasinda-kariyer-koprusu-kuruyor\/#breadcrumb","itemListElement":[{"@type":"ListItem","position":1,"name":"Home","item":"https:\/\/denizcankizil.tr\/de\/"},{"@type":"ListItem","position":2,"name":"JobPonte, T\u00fcrkiye\u2019yle Almanya aras\u0131nda kariyer k\u00f6pr\u00fcs\u00fc kuruyor"}]},{"@type":"WebSite","@id":"https:\/\/denizcankizil.tr\/de\/#website","url":"https:\/\/denizcankizil.tr\/de\/","name":"Av. Deniz Can K\u0131z\u0131l","description":"Avukat Deniz Can K\u0131z\u0131l Antalya Barosu","publisher":{"@id":"https:\/\/denizcankizil.tr\/de\/#organization"},"potentialAction":[{"@type":"SearchAction","target":{"@type":"EntryPoint","urlTemplate":"https:\/\/denizcankizil.tr\/de\/?s={search_term_string}"},"query-input":{"@type":"PropertyValueSpecification","valueRequired":true,"valueName":"search_term_string"}}],"inLanguage":"uk"},{"@type":"Organization","@id":"https:\/\/denizcankizil.tr\/de\/#organization","name":"Av. Deniz Can K\u0131z\u0131l","url":"https:\/\/denizcankizil.tr\/de\/","logo":{"@type":"ImageObject","inLanguage":"uk","@id":"https:\/\/denizcankizil.tr\/de\/#\/schema\/logo\/image\/","url":"https:\/\/denizcankizil.tr\/wp-content\/uploads\/2024\/10\/siyah-logo-svg.svg","contentUrl":"https:\/\/denizcankizil.tr\/wp-content\/uploads\/2024\/10\/siyah-logo-svg.svg","width":1080,"height":1080,"caption":"Av. Deniz Can K\u0131z\u0131l"},"image":{"@id":"https:\/\/denizcankizil.tr\/de\/#\/schema\/logo\/image\/"}},{"@type":"Person","@id":"https:\/\/denizcankizil.tr\/de\/#\/schema\/person\/be3c05fe6a12686905512445d8185489","name":"\u0430\u0434\u043c\u0456\u043d","image":{"@type":"ImageObject","inLanguage":"uk","@id":"https:\/\/denizcankizil.tr\/de\/#\/schema\/person\/image\/","url":"https:\/\/secure.gravatar.com\/avatar\/c1fce94c830dc79107e174f890d7210541c4a63e8e5d816341794a2151c9d58c?s=96&d=mm&r=g","contentUrl":"https:\/\/secure.gravatar.com\/avatar\/c1fce94c830dc79107e174f890d7210541c4a63e8e5d816341794a2151c9d58c?s=96&d=mm&r=g","caption":"admin"},"sameAs":["http:\/\/denizcankizil.tr"],"url":"https:\/\/www.iskenderun.org\/jobponte-turkiyeyle-almanya-arasinda-kariyer-koprusu-kuruyor"}]}},"_links":{"self":[{"href":"https:\/\/denizcankizil.tr\/uk\/wp-json\/wp\/v2\/posts\/93995","targetHints":{"allow":["GET"]}}],"collection":[{"href":"https:\/\/denizcankizil.tr\/uk\/wp-json\/wp\/v2\/posts"}],"about":[{"href":"https:\/\/denizcankizil.tr\/uk\/wp-json\/wp\/v2\/types\/post"}],"author":[{"embeddable":true,"href":"https:\/\/denizcankizil.tr\/uk\/wp-json\/wp\/v2\/users\/1"}],"replies":[{"embeddable":true,"href":"https:\/\/denizcankizil.tr\/uk\/wp-json\/wp\/v2\/comments?post=93995"}],"version-history":[{"count":0,"href":"https:\/\/denizcankizil.tr\/uk\/wp-json\/wp\/v2\/posts\/93995\/revisions"}],"wp:attachment":[{"href":"https:\/\/denizcankizil.tr\/uk\/wp-json\/wp\/v2\/media?parent=93995"}],"wp:term":[{"taxonomy":"category","embeddable":true,"href":"https:\/\/denizcankizil.tr\/uk\/wp-json\/wp\/v2\/categories?post=93995"},{"taxonomy":"post_tag","embeddable":true,"href":"https:\/\/denizcankizil.tr\/uk\/wp-json\/wp\/v2\/tags?post=93995"}],"curies":[{"name":"wp","href":"https:\/\/api.w.org\/{rel}","templated":true}]}}