{"id":93643,"date":"2025-05-21T16:42:48","date_gmt":"2025-05-21T13:42:48","guid":{"rendered":"https:\/\/denizcankizil.tr\/uncategorized-tr\/turkiye-cin-avrupa-tasimaciliginda-kilit-ulke-olacak\/"},"modified":"2025-05-21T16:42:48","modified_gmt":"2025-05-21T13:42:48","slug":"turkiye-cin-avrupa-tasimaciliginda-kilit-ulke-olacak","status":"publish","type":"post","link":"https:\/\/denizcankizil.tr\/uk\/haberler\/gundem\/turkiye-cin-avrupa-tasimaciliginda-kilit-ulke-olacak\/","title":{"rendered":"T\u00fcrkiye, \u00c7in-Avrupa ta\u015f\u0131mac\u0131l\u0131\u011f\u0131nda kilit \u00fclke olacak"},"content":{"rendered":"<p>Ula\u015ft\u0131rma ve Altyap\u0131 Bakan\u0131 Abdulkadir Uralo\u011flu, 9. \u0130pek Yolu Uluslararas\u0131 Fuar\u0131 \u00c7in-Avrupa Demiryolu Ekspresi K\u00fcresel Ortaklar E\u015fle\u015ftirme Oturumu\u2019nda konu\u015ftu. Burada \u00f6nemli a\u00e7\u0131klamalarda bulunan Bakan Uralo\u011flu, T\u00fcrkiye\u2019nin Asya ve Avrupa aras\u0131ndaki k\u00f6pr\u00fc g\u00f6revi g\u00f6rmesinin b\u00f6lge i\u00e7in ne kadar \u00f6nemli oldu\u011funa dikkat \u00e7ekti.<\/p>\n<p>T\u00dcRK\u0130YE B\u0130R K\u00d6PR\u00dc <\/p>\n<p>T\u00fcrkiye\u2019nin jeopolitik konumuna vurgu yapan Bakan Uralo\u011flu, \u201c\u00c7in-Avrupa Demiryolu Ekspresi, bu kadim kenti, modern lojistik a\u011flar\u0131n \u00f6nc\u00fcs\u00fc haline getirirken; T\u00fcrkiye olarak bizler de Asya ile Avrupa aras\u0131ndaki bu yeni \u00c7elik \u0130pek Yolu\u2019nun \u00f6nemli bir bile\u015feniyiz. T\u00fcrkiye, Asya ile Avrupa aras\u0131ndaki k\u00f6pr\u00fc i\u015flevini yerine getiren stratejik konumuyla, Ku\u015fak Yol Giri\u015fiminin modern d\u00fcnyadaki en \u00f6nemli ba\u011flant\u0131 noktalar\u0131ndan birini olu\u015fturmaktad\u0131r\u201d dedi.<\/p>\n<p>SON YILLARDA LOJ\u0130ST\u0130K ADINA \u00d6NEML\u0130 HAMLELER YAPILDI <\/p>\n<p>Bakan Uralo\u011flu, Orta Koridor\u2019un kilit par\u00e7as\u0131 T\u00fcrkiye\u2019nin hem kara hem demiryolu hem de deniz yoluyla sa\u011flad\u0131\u011f\u0131 g\u00fc\u00e7l\u00fc altyap\u0131 ile \u00c7in-Avrupa ta\u015f\u0131mac\u0131l\u0131\u011f\u0131nda \u00f6nemli bir ge\u00e7i\u015f noktas\u0131 oldu\u011funu belirterek, \u201cT\u00fcrkiye olarak son y\u0131llarda lojistik altyap\u0131m\u0131za b\u00fcy\u00fck yat\u0131r\u0131mlar yapt\u0131\u011f\u0131m\u0131z\u0131 hat\u0131rlatmak isterim. Bak\u00fc-Tiflis-Kars Demir Yolu Hatt\u0131, Marmaray T\u00fcneli gibi mega projelerimizle Asya ve Avrupa aras\u0131nda kesintisiz ula\u015f\u0131m\u0131 sa\u011flamak i\u00e7in gereken altyap\u0131y\u0131 tamamlad\u0131k. Bu yat\u0131r\u0131mlar, Xi\u2019an&#8217;dan T\u00fcrkiye&#8217;ye ve oradan da Avrupa&#8217;ya giden y\u00fcklerin daha verimli ve h\u0131zl\u0131 bir \u015fekilde ta\u015f\u0131nmas\u0131n\u0131 sa\u011flamaktad\u0131r\u201d diye konu\u015ftu.<\/p>\n<p>T\u00dcRK\u0130YE K\u0130L\u0130T B\u0130R ROL ALACAK <\/p>\n<p>Bakan Uralo\u011flu ayr\u0131ca, ta\u015f\u0131mac\u0131l\u0131\u011f\u0131 daha verimli hale getirebilmek ad\u0131na Xi\u2019an\u2019dan T\u00fcrkiye\u2019ye ve oradan Avrupa\u2019ya giden ta\u015f\u0131ma hatlar\u0131n\u0131n d\u00fczenli ve g\u00fcvenilir hale getirilmesi i\u00e7in darbo\u011fazlar\u0131n iyile\u015ftirilmesine odaklanman\u0131n gerekli oldu\u011funu s\u00f6yledi. G\u00fcmr\u00fck i\u015flemlerinin dijitalle\u015ftirilmesi ve h\u0131zland\u0131r\u0131lmas\u0131n\u0131n \u00f6nemli bir g\u00fcndem maddesi olmas\u0131 gerekti\u011fini vurgulayan Uralo\u011flu, \u201cModern teknolojilerle veri payla\u015f\u0131m\u0131n\u0131 g\u00fc\u00e7lendirerek g\u00fcmr\u00fck i\u015flemleri s\u0131ras\u0131nda ya\u015fanan zaman kay\u0131plar\u0131n\u0131 ortadan kald\u0131rmal\u0131y\u0131z. T\u00fcrkiye olarak biz, bu g\u00fczerg\u00e2h \u00fczerindeki transit konumumuzu; yaln\u0131zca kendimiz i\u00e7in de\u011fil, t\u00fcm b\u00f6lge \u00fclkeleri i\u00e7in payla\u015f\u0131labilir bir kazan\u0131ma d\u00f6n\u00fc\u015ft\u00fcrmeye kararl\u0131y\u0131z\u201d ifadelerini kulland\u0131.<\/p>\n<p>T\u00dcRK\u0130YE D\u0130\u011eER \u00dcLKELER ARASINDAK\u0130 BA\u011eLARI G\u00dc\u00c7LEND\u0130R\u0130LECEK <\/p>\n<p>Bu ba\u011flamda, lojistik ve ta\u015f\u0131mac\u0131l\u0131k alan\u0131nda etkili bir i\u015f birli\u011fi i\u00e7in kurumsal d\u00fczeyde s\u00fcrekli bir diyalog kurulmas\u0131 gerekti\u011fine dair inanc\u0131n\u0131 payla\u015fan Uralo\u011flu, \u201cT\u00fcrkiye, lojistik sekt\u00f6r\u00fc ve demir yolu \u015firketleri aras\u0131nda uzun vadeli i\u015f birliklerini te\u015fvik etmek i\u00e7in, ortak yat\u0131r\u0131mlar ve kamu-\u00f6zel sekt\u00f6r i\u015f birlikleri yapmaya haz\u0131rd\u0131r. Ula\u015ft\u0131rma sekt\u00f6rlerinin ba\u015far\u0131s\u0131n\u0131n g\u00fczerg\u00e2h \u00fclkelerinin; ticareti kolayla\u015ft\u0131rmalar\u0131na, g\u00fcmr\u00fck alan\u0131nda i\u015f birli\u011fine gitmelerine, g\u00fcmr\u00fck ve ta\u015f\u0131ma tarifelerini makul seviyelerde tutmalar\u0131na, tarife d\u0131\u015f\u0131 engelleri kald\u0131rmalar\u0131na ve yat\u0131r\u0131mlar\u0131 te\u015fvik etmelerine ba\u011fl\u0131 oldu\u011funun hepimiz fark\u0131nday\u0131z. Ortak vizyonumuzun ve kar\u015f\u0131l\u0131kl\u0131 g\u00fcvenin, \u00fclkelerimiz aras\u0131ndaki ba\u011flar\u0131 daha da g\u00fc\u00e7lendirece\u011fine can\u0131 g\u00f6n\u00fclden inan\u0131yorum. Bu toplant\u0131, yaln\u0131zca lojistik ve ticaretin gelece\u011fini de\u011fil, ayn\u0131 zamanda insanl\u0131k i\u00e7in ortak bir refah yolunun in\u015fas\u0131na katk\u0131 sa\u011flamak amac\u0131yla b\u00fcy\u00fck bir f\u0131rsat sunmaktad\u0131r\u201d dedi.<\/p>\n<p>\u200bUla\u015ft\u0131rma ve Altyap\u0131 Bakan\u0131 Abdulkadir Uralo\u011flu, T\u00fcrkiye\u2019nin Avrupa ve Asya\u2019y\u0131 birbirine ba\u011flayan bir k\u00f6pr\u00fc oldu\u011funu belirtti. Uralo\u011flu, T\u00fcrkiye&#8217;nin, hem kara hem demiryolu hem de deniz yoluyla sa\u011flad\u0131\u011f\u0131 g\u00fc\u00e7l\u00fc altyap\u0131s\u0131yla \u00c7in-Avrupa ta\u015f\u0131mac\u0131l\u0131\u011f\u0131nda \u00f6nemli bir ge\u00e7i\u015f noktas\u0131 oldu\u011funu vurgulad\u0131.\u00a0<\/p>\n<p>\u200bHaberin Al\u0131nt\u0131land\u0131\u011f\u0131 Kaynak: www.antalyakorfez.com<\/p>","protected":false},"excerpt":{"rendered":"<p>Ula\u015ft\u0131rma ve Altyap\u0131 Bakan\u0131 Abdulkadir Uralo\u011flu, 9. \u0130pek Yolu Uluslararas\u0131 Fuar\u0131 \u00c7in-Avrupa Demiryolu Ekspresi K\u00fcresel Ortaklar E\u015fle\u015ftirme Oturumu\u2019nda konu\u015ftu. Burada \u00f6nemli a\u00e7\u0131klamalarda bulunan Bakan Uralo\u011flu, T\u00fcrkiye\u2019nin Asya ve Avrupa aras\u0131ndaki k\u00f6pr\u00fc g\u00f6revi g\u00f6rmesinin b\u00f6lge i\u00e7in ne kadar \u00f6nemli oldu\u011funa dikkat \u00e7ekti. T\u00dcRK\u0130YE B\u0130R K\u00d6PR\u00dc T\u00fcrkiye\u2019nin jeopolitik konumuna vurgu yapan Bakan Uralo\u011flu, \u201c\u00c7in-Avrupa Demiryolu Ekspresi, bu kadim kenti, modern lojistik a\u011flar\u0131n \u00f6nc\u00fcs\u00fc haline getirirken; T\u00fcrkiye olarak bizler de Asya ile Avrupa aras\u0131ndaki bu yeni \u00c7elik \u0130pek Yolu\u2019nun \u00f6nemli bir bile\u015feniyiz. T\u00fcrkiye, Asya ile Avrupa aras\u0131ndaki k\u00f6pr\u00fc i\u015flevini yerine getiren stratejik konumuyla, Ku\u015fak Yol Giri\u015fiminin modern d\u00fcnyadaki en \u00f6nemli ba\u011flant\u0131 noktalar\u0131ndan birini olu\u015fturmaktad\u0131r\u201d dedi. SON YILLARDA LOJ\u0130ST\u0130K ADINA \u00d6NEML\u0130 HAMLELER YAPILDI Bakan Uralo\u011flu, Orta Koridor\u2019un kilit par\u00e7as\u0131 T\u00fcrkiye\u2019nin hem kara hem demiryolu hem de deniz yoluyla sa\u011flad\u0131\u011f\u0131 g\u00fc\u00e7l\u00fc altyap\u0131 ile \u00c7in-Avrupa ta\u015f\u0131mac\u0131l\u0131\u011f\u0131nda \u00f6nemli bir ge\u00e7i\u015f noktas\u0131 oldu\u011funu belirterek, \u201cT\u00fcrkiye olarak son y\u0131llarda lojistik altyap\u0131m\u0131za b\u00fcy\u00fck yat\u0131r\u0131mlar yapt\u0131\u011f\u0131m\u0131z\u0131 hat\u0131rlatmak isterim. Bak\u00fc-Tiflis-Kars Demir Yolu Hatt\u0131, Marmaray T\u00fcneli gibi mega projelerimizle Asya ve Avrupa aras\u0131nda kesintisiz ula\u015f\u0131m\u0131 sa\u011flamak i\u00e7in gereken altyap\u0131y\u0131 tamamlad\u0131k. Bu yat\u0131r\u0131mlar, Xi\u2019an&#8217;dan T\u00fcrkiye&#8217;ye ve oradan da Avrupa&#8217;ya giden y\u00fcklerin daha verimli ve h\u0131zl\u0131 bir \u015fekilde ta\u015f\u0131nmas\u0131n\u0131 sa\u011flamaktad\u0131r\u201d diye konu\u015ftu. T\u00dcRK\u0130YE K\u0130L\u0130T B\u0130R ROL ALACAK Bakan Uralo\u011flu ayr\u0131ca, ta\u015f\u0131mac\u0131l\u0131\u011f\u0131 daha verimli hale getirebilmek &hellip;<\/p>","protected":false},"author":5,"featured_media":0,"comment_status":"","ping_status":"open","sticky":false,"template":"","format":"standard","meta":{"_acf_changed":false,"footnotes":""},"categories":[24],"tags":[],"class_list":["post-93643","post","type-post","status-publish","format-standard","has-post-thumbnail","hentry","category-gundem"],"acf":[],"yoast_head":"<!-- This site is optimized with the Yoast SEO Premium plugin v26.6 (Yoast SEO v27.1.1) - https:\/\/yoast.com\/product\/yoast-seo-premium-wordpress\/ -->\n<title>T\u00fcrkiye, \u00c7in-Avrupa ta\u015f\u0131mac\u0131l\u0131\u011f\u0131nda kilit \u00fclke olacak - Av. Deniz Can K\u0131z\u0131l<\/title>\n<meta name=\"robots\" content=\"index, follow, max-snippet:-1, max-image-preview:large, max-video-preview:-1\" \/>\n<link rel=\"canonical\" href=\"https:\/\/denizcankizil.tr\/uk\/haberler\/gundem\/turkiye-cin-avrupa-tasimaciliginda-kilit-ulke-olacak\/\" \/>\n<meta property=\"og:locale\" content=\"uk_UA\" \/>\n<meta property=\"og:type\" content=\"article\" \/>\n<meta property=\"og:title\" content=\"T\u00fcrkiye, \u00c7in-Avrupa ta\u015f\u0131mac\u0131l\u0131\u011f\u0131nda kilit \u00fclke olacak\" \/>\n<meta property=\"og:description\" content=\"Ula\u015ft\u0131rma ve Altyap\u0131 Bakan\u0131 Abdulkadir Uralo\u011flu, 9. \u0130pek Yolu Uluslararas\u0131 Fuar\u0131 \u00c7in-Avrupa Demiryolu Ekspresi K\u00fcresel Ortaklar E\u015fle\u015ftirme Oturumu\u2019nda konu\u015ftu. Burada \u00f6nemli a\u00e7\u0131klamalarda bulunan Bakan Uralo\u011flu, T\u00fcrkiye\u2019nin Asya ve Avrupa aras\u0131ndaki k\u00f6pr\u00fc g\u00f6revi g\u00f6rmesinin b\u00f6lge i\u00e7in ne kadar \u00f6nemli oldu\u011funa dikkat \u00e7ekti. T\u00dcRK\u0130YE B\u0130R K\u00d6PR\u00dc T\u00fcrkiye\u2019nin jeopolitik konumuna vurgu yapan Bakan Uralo\u011flu, \u201c\u00c7in-Avrupa Demiryolu Ekspresi, bu kadim kenti, modern lojistik a\u011flar\u0131n \u00f6nc\u00fcs\u00fc haline getirirken; T\u00fcrkiye olarak bizler de Asya ile Avrupa aras\u0131ndaki bu yeni \u00c7elik \u0130pek Yolu\u2019nun \u00f6nemli bir bile\u015feniyiz. T\u00fcrkiye, Asya ile Avrupa aras\u0131ndaki k\u00f6pr\u00fc i\u015flevini yerine getiren stratejik konumuyla, Ku\u015fak Yol Giri\u015fiminin modern d\u00fcnyadaki en \u00f6nemli ba\u011flant\u0131 noktalar\u0131ndan birini olu\u015fturmaktad\u0131r\u201d dedi. SON YILLARDA LOJ\u0130ST\u0130K ADINA \u00d6NEML\u0130 HAMLELER YAPILDI Bakan Uralo\u011flu, Orta Koridor\u2019un kilit par\u00e7as\u0131 T\u00fcrkiye\u2019nin hem kara hem demiryolu hem de deniz yoluyla sa\u011flad\u0131\u011f\u0131 g\u00fc\u00e7l\u00fc altyap\u0131 ile \u00c7in-Avrupa ta\u015f\u0131mac\u0131l\u0131\u011f\u0131nda \u00f6nemli bir ge\u00e7i\u015f noktas\u0131 oldu\u011funu belirterek, \u201cT\u00fcrkiye olarak son y\u0131llarda lojistik altyap\u0131m\u0131za b\u00fcy\u00fck yat\u0131r\u0131mlar yapt\u0131\u011f\u0131m\u0131z\u0131 hat\u0131rlatmak isterim. Bak\u00fc-Tiflis-Kars Demir Yolu Hatt\u0131, Marmaray T\u00fcneli gibi mega projelerimizle Asya ve Avrupa aras\u0131nda kesintisiz ula\u015f\u0131m\u0131 sa\u011flamak i\u00e7in gereken altyap\u0131y\u0131 tamamlad\u0131k. Bu yat\u0131r\u0131mlar, Xi\u2019an&#8217;dan T\u00fcrkiye&#8217;ye ve oradan da Avrupa&#8217;ya giden y\u00fcklerin daha verimli ve h\u0131zl\u0131 bir \u015fekilde ta\u015f\u0131nmas\u0131n\u0131 sa\u011flamaktad\u0131r\u201d diye konu\u015ftu. T\u00dcRK\u0130YE K\u0130L\u0130T B\u0130R ROL ALACAK Bakan Uralo\u011flu ayr\u0131ca, ta\u015f\u0131mac\u0131l\u0131\u011f\u0131 daha verimli hale getirebilmek &hellip;\" \/>\n<meta property=\"og:url\" content=\"https:\/\/denizcankizil.tr\/uk\/haberler\/gundem\/turkiye-cin-avrupa-tasimaciliginda-kilit-ulke-olacak\/\" \/>\n<meta property=\"og:site_name\" content=\"Av. Deniz Can K\u0131z\u0131l\" \/>\n<meta property=\"article:published_time\" content=\"2025-05-21T13:42:48+00:00\" \/>\n<meta name=\"author\" content=\"Antalya K\u00f6rfez\" \/>\n<meta name=\"twitter:card\" content=\"summary_large_image\" \/>\n<meta name=\"twitter:label1\" content=\"\u041d\u0430\u043f\u0438\u0441\u0430\u043d\u043e\" \/>\n\t<meta name=\"twitter:data1\" content=\"Antalya K\u00f6rfez\" \/>\n\t<meta name=\"twitter:label2\" content=\"\u041f\u0440\u0438\u0431\u043b. \u0447\u0430\u0441 \u0447\u0438\u0442\u0430\u043d\u043d\u044f\" \/>\n\t<meta name=\"twitter:data2\" content=\"3 \u0445\u0432\u0438\u043b\u0438\u043d\u0438\" \/>\n<script type=\"application\/ld+json\" class=\"yoast-schema-graph\">{\"@context\":\"https:\/\/schema.org\",\"@graph\":[{\"@type\":\"Article\",\"@id\":\"https:\/\/denizcankizil.tr\/uk\/haberler\/gundem\/turkiye-cin-avrupa-tasimaciliginda-kilit-ulke-olacak\/#article\",\"isPartOf\":{\"@id\":\"https:\/\/denizcankizil.tr\/uk\/haberler\/gundem\/turkiye-cin-avrupa-tasimaciliginda-kilit-ulke-olacak\/\"},\"author\":{\"name\":\"Antalya K\u00f6rfez\",\"@id\":\"https:\/\/denizcankizil.tr\/de\/#\/schema\/person\/e1eb71bb4dd684d46563f0af307e1234\"},\"headline\":\"T\u00fcrkiye, \u00c7in-Avrupa ta\u015f\u0131mac\u0131l\u0131\u011f\u0131nda kilit \u00fclke olacak\",\"datePublished\":\"2025-05-21T13:42:48+00:00\",\"mainEntityOfPage\":{\"@id\":\"https:\/\/denizcankizil.tr\/uk\/haberler\/gundem\/turkiye-cin-avrupa-tasimaciliginda-kilit-ulke-olacak\/\"},\"wordCount\":710,\"publisher\":{\"@id\":\"https:\/\/denizcankizil.tr\/de\/#organization\"},\"articleSection\":[\"G\u00fcndem\"],\"inLanguage\":\"uk\"},{\"@type\":\"WebPage\",\"@id\":\"https:\/\/denizcankizil.tr\/uk\/haberler\/gundem\/turkiye-cin-avrupa-tasimaciliginda-kilit-ulke-olacak\/\",\"url\":\"https:\/\/denizcankizil.tr\/uk\/haberler\/gundem\/turkiye-cin-avrupa-tasimaciliginda-kilit-ulke-olacak\/\",\"name\":\"T\u00fcrkiye, \u00c7in-Avrupa ta\u015f\u0131mac\u0131l\u0131\u011f\u0131nda kilit \u00fclke olacak - Av. Deniz Can K\u0131z\u0131l\",\"isPartOf\":{\"@id\":\"https:\/\/denizcankizil.tr\/de\/#website\"},\"datePublished\":\"2025-05-21T13:42:48+00:00\",\"breadcrumb\":{\"@id\":\"https:\/\/denizcankizil.tr\/uk\/haberler\/gundem\/turkiye-cin-avrupa-tasimaciliginda-kilit-ulke-olacak\/#breadcrumb\"},\"inLanguage\":\"uk\",\"potentialAction\":[{\"@type\":\"ReadAction\",\"target\":[\"https:\/\/denizcankizil.tr\/uk\/haberler\/gundem\/turkiye-cin-avrupa-tasimaciliginda-kilit-ulke-olacak\/\"]}]},{\"@type\":\"BreadcrumbList\",\"@id\":\"https:\/\/denizcankizil.tr\/uk\/haberler\/gundem\/turkiye-cin-avrupa-tasimaciliginda-kilit-ulke-olacak\/#breadcrumb\",\"itemListElement\":[{\"@type\":\"ListItem\",\"position\":1,\"name\":\"Home\",\"item\":\"https:\/\/denizcankizil.tr\/de\/\"},{\"@type\":\"ListItem\",\"position\":2,\"name\":\"T\u00fcrkiye, \u00c7in-Avrupa ta\u015f\u0131mac\u0131l\u0131\u011f\u0131nda kilit \u00fclke olacak\"}]},{\"@type\":\"WebSite\",\"@id\":\"https:\/\/denizcankizil.tr\/de\/#website\",\"url\":\"https:\/\/denizcankizil.tr\/de\/\",\"name\":\"Av. Deniz Can K\u0131z\u0131l\",\"description\":\"Avukat Deniz Can K\u0131z\u0131l Antalya Barosu\",\"publisher\":{\"@id\":\"https:\/\/denizcankizil.tr\/de\/#organization\"},\"potentialAction\":[{\"@type\":\"SearchAction\",\"target\":{\"@type\":\"EntryPoint\",\"urlTemplate\":\"https:\/\/denizcankizil.tr\/de\/?s={search_term_string}\"},\"query-input\":{\"@type\":\"PropertyValueSpecification\",\"valueRequired\":true,\"valueName\":\"search_term_string\"}}],\"inLanguage\":\"uk\"},{\"@type\":\"Organization\",\"@id\":\"https:\/\/denizcankizil.tr\/de\/#organization\",\"name\":\"Av. Deniz Can K\u0131z\u0131l\",\"url\":\"https:\/\/denizcankizil.tr\/de\/\",\"logo\":{\"@type\":\"ImageObject\",\"inLanguage\":\"uk\",\"@id\":\"https:\/\/denizcankizil.tr\/de\/#\/schema\/logo\/image\/\",\"url\":\"https:\/\/denizcankizil.tr\/wp-content\/uploads\/2024\/10\/siyah-logo-svg.svg\",\"contentUrl\":\"https:\/\/denizcankizil.tr\/wp-content\/uploads\/2024\/10\/siyah-logo-svg.svg\",\"width\":1080,\"height\":1080,\"caption\":\"Av. Deniz Can K\u0131z\u0131l\"},\"image\":{\"@id\":\"https:\/\/denizcankizil.tr\/de\/#\/schema\/logo\/image\/\"}},{\"@type\":\"Person\",\"@id\":\"https:\/\/denizcankizil.tr\/de\/#\/schema\/person\/e1eb71bb4dd684d46563f0af307e1234\",\"name\":\"Antalya K\u00f6rfez\",\"image\":{\"@type\":\"ImageObject\",\"inLanguage\":\"uk\",\"@id\":\"https:\/\/denizcankizil.tr\/de\/#\/schema\/person\/image\/\",\"url\":\"https:\/\/secure.gravatar.com\/avatar\/42b01982558a48a0b501fdcab6a408d3717ea5919095ee2e67b0e521799c5905?s=96&d=mm&r=g\",\"contentUrl\":\"https:\/\/secure.gravatar.com\/avatar\/42b01982558a48a0b501fdcab6a408d3717ea5919095ee2e67b0e521799c5905?s=96&d=mm&r=g\",\"caption\":\"Antalya K\u00f6rfez\"},\"sameAs\":[\"http:\/\/www.antalyakorfez.com\"],\"url\":\"https:\/\/www.antalyakorfez.com\/turkiye-cin-avrupa-tasimaciliginda-kilit-ulke-olacak\"}]}<\/script>\n<!-- \/ Yoast SEO Premium plugin. -->","yoast_head_json":{"title":"T\u00fcrkiye, \u00c7in-Avrupa ta\u015f\u0131mac\u0131l\u0131\u011f\u0131nda kilit \u00fclke olacak - Av. Deniz Can K\u0131z\u0131l","robots":{"index":"index","follow":"follow","max-snippet":"max-snippet:-1","max-image-preview":"max-image-preview:large","max-video-preview":"max-video-preview:-1"},"canonical":"https:\/\/denizcankizil.tr\/uk\/haberler\/gundem\/turkiye-cin-avrupa-tasimaciliginda-kilit-ulke-olacak\/","og_locale":"uk_UA","og_type":"article","og_title":"T\u00fcrkiye, \u00c7in-Avrupa ta\u015f\u0131mac\u0131l\u0131\u011f\u0131nda kilit \u00fclke olacak","og_description":"Ula\u015ft\u0131rma ve Altyap\u0131 Bakan\u0131 Abdulkadir Uralo\u011flu, 9. \u0130pek Yolu Uluslararas\u0131 Fuar\u0131 \u00c7in-Avrupa Demiryolu Ekspresi K\u00fcresel Ortaklar E\u015fle\u015ftirme Oturumu\u2019nda konu\u015ftu. Burada \u00f6nemli a\u00e7\u0131klamalarda bulunan Bakan Uralo\u011flu, T\u00fcrkiye\u2019nin Asya ve Avrupa aras\u0131ndaki k\u00f6pr\u00fc g\u00f6revi g\u00f6rmesinin b\u00f6lge i\u00e7in ne kadar \u00f6nemli oldu\u011funa dikkat \u00e7ekti. T\u00dcRK\u0130YE B\u0130R K\u00d6PR\u00dc T\u00fcrkiye\u2019nin jeopolitik konumuna vurgu yapan Bakan Uralo\u011flu, \u201c\u00c7in-Avrupa Demiryolu Ekspresi, bu kadim kenti, modern lojistik a\u011flar\u0131n \u00f6nc\u00fcs\u00fc haline getirirken; T\u00fcrkiye olarak bizler de Asya ile Avrupa aras\u0131ndaki bu yeni \u00c7elik \u0130pek Yolu\u2019nun \u00f6nemli bir bile\u015feniyiz. T\u00fcrkiye, Asya ile Avrupa aras\u0131ndaki k\u00f6pr\u00fc i\u015flevini yerine getiren stratejik konumuyla, Ku\u015fak Yol Giri\u015fiminin modern d\u00fcnyadaki en \u00f6nemli ba\u011flant\u0131 noktalar\u0131ndan birini olu\u015fturmaktad\u0131r\u201d dedi. SON YILLARDA LOJ\u0130ST\u0130K ADINA \u00d6NEML\u0130 HAMLELER YAPILDI Bakan Uralo\u011flu, Orta Koridor\u2019un kilit par\u00e7as\u0131 T\u00fcrkiye\u2019nin hem kara hem demiryolu hem de deniz yoluyla sa\u011flad\u0131\u011f\u0131 g\u00fc\u00e7l\u00fc altyap\u0131 ile \u00c7in-Avrupa ta\u015f\u0131mac\u0131l\u0131\u011f\u0131nda \u00f6nemli bir ge\u00e7i\u015f noktas\u0131 oldu\u011funu belirterek, \u201cT\u00fcrkiye olarak son y\u0131llarda lojistik altyap\u0131m\u0131za b\u00fcy\u00fck yat\u0131r\u0131mlar yapt\u0131\u011f\u0131m\u0131z\u0131 hat\u0131rlatmak isterim. Bak\u00fc-Tiflis-Kars Demir Yolu Hatt\u0131, Marmaray T\u00fcneli gibi mega projelerimizle Asya ve Avrupa aras\u0131nda kesintisiz ula\u015f\u0131m\u0131 sa\u011flamak i\u00e7in gereken altyap\u0131y\u0131 tamamlad\u0131k. Bu yat\u0131r\u0131mlar, Xi\u2019an&#8217;dan T\u00fcrkiye&#8217;ye ve oradan da Avrupa&#8217;ya giden y\u00fcklerin daha verimli ve h\u0131zl\u0131 bir \u015fekilde ta\u015f\u0131nmas\u0131n\u0131 sa\u011flamaktad\u0131r\u201d diye konu\u015ftu. T\u00dcRK\u0130YE K\u0130L\u0130T B\u0130R ROL ALACAK Bakan Uralo\u011flu ayr\u0131ca, ta\u015f\u0131mac\u0131l\u0131\u011f\u0131 daha verimli hale getirebilmek &hellip;","og_url":"https:\/\/denizcankizil.tr\/uk\/haberler\/gundem\/turkiye-cin-avrupa-tasimaciliginda-kilit-ulke-olacak\/","og_site_name":"Av. Deniz Can K\u0131z\u0131l","article_published_time":"2025-05-21T13:42:48+00:00","author":"Antalya K\u00f6rfez","twitter_card":"summary_large_image","twitter_misc":{"\u041d\u0430\u043f\u0438\u0441\u0430\u043d\u043e":"Antalya K\u00f6rfez","\u041f\u0440\u0438\u0431\u043b. \u0447\u0430\u0441 \u0447\u0438\u0442\u0430\u043d\u043d\u044f":"3 \u0445\u0432\u0438\u043b\u0438\u043d\u0438"},"schema":{"@context":"https:\/\/schema.org","@graph":[{"@type":"Article","@id":"https:\/\/denizcankizil.tr\/uk\/haberler\/gundem\/turkiye-cin-avrupa-tasimaciliginda-kilit-ulke-olacak\/#article","isPartOf":{"@id":"https:\/\/denizcankizil.tr\/uk\/haberler\/gundem\/turkiye-cin-avrupa-tasimaciliginda-kilit-ulke-olacak\/"},"author":{"name":"Antalya K\u00f6rfez","@id":"https:\/\/denizcankizil.tr\/de\/#\/schema\/person\/e1eb71bb4dd684d46563f0af307e1234"},"headline":"T\u00fcrkiye, \u00c7in-Avrupa ta\u015f\u0131mac\u0131l\u0131\u011f\u0131nda kilit \u00fclke olacak","datePublished":"2025-05-21T13:42:48+00:00","mainEntityOfPage":{"@id":"https:\/\/denizcankizil.tr\/uk\/haberler\/gundem\/turkiye-cin-avrupa-tasimaciliginda-kilit-ulke-olacak\/"},"wordCount":710,"publisher":{"@id":"https:\/\/denizcankizil.tr\/de\/#organization"},"articleSection":["G\u00fcndem"],"inLanguage":"uk"},{"@type":"WebPage","@id":"https:\/\/denizcankizil.tr\/uk\/haberler\/gundem\/turkiye-cin-avrupa-tasimaciliginda-kilit-ulke-olacak\/","url":"https:\/\/denizcankizil.tr\/uk\/haberler\/gundem\/turkiye-cin-avrupa-tasimaciliginda-kilit-ulke-olacak\/","name":"T\u00fcrkiye, \u00c7in-Avrupa ta\u015f\u0131mac\u0131l\u0131\u011f\u0131nda kilit \u00fclke olacak - Av. Deniz Can K\u0131z\u0131l","isPartOf":{"@id":"https:\/\/denizcankizil.tr\/de\/#website"},"datePublished":"2025-05-21T13:42:48+00:00","breadcrumb":{"@id":"https:\/\/denizcankizil.tr\/uk\/haberler\/gundem\/turkiye-cin-avrupa-tasimaciliginda-kilit-ulke-olacak\/#breadcrumb"},"inLanguage":"uk","potentialAction":[{"@type":"ReadAction","target":["https:\/\/denizcankizil.tr\/uk\/haberler\/gundem\/turkiye-cin-avrupa-tasimaciliginda-kilit-ulke-olacak\/"]}]},{"@type":"BreadcrumbList","@id":"https:\/\/denizcankizil.tr\/uk\/haberler\/gundem\/turkiye-cin-avrupa-tasimaciliginda-kilit-ulke-olacak\/#breadcrumb","itemListElement":[{"@type":"ListItem","position":1,"name":"Home","item":"https:\/\/denizcankizil.tr\/de\/"},{"@type":"ListItem","position":2,"name":"T\u00fcrkiye, \u00c7in-Avrupa ta\u015f\u0131mac\u0131l\u0131\u011f\u0131nda kilit \u00fclke olacak"}]},{"@type":"WebSite","@id":"https:\/\/denizcankizil.tr\/de\/#website","url":"https:\/\/denizcankizil.tr\/de\/","name":"Av. Deniz Can K\u0131z\u0131l","description":"Avukat Deniz Can K\u0131z\u0131l Antalya Barosu","publisher":{"@id":"https:\/\/denizcankizil.tr\/de\/#organization"},"potentialAction":[{"@type":"SearchAction","target":{"@type":"EntryPoint","urlTemplate":"https:\/\/denizcankizil.tr\/de\/?s={search_term_string}"},"query-input":{"@type":"PropertyValueSpecification","valueRequired":true,"valueName":"search_term_string"}}],"inLanguage":"uk"},{"@type":"Organization","@id":"https:\/\/denizcankizil.tr\/de\/#organization","name":"Av. Deniz Can K\u0131z\u0131l","url":"https:\/\/denizcankizil.tr\/de\/","logo":{"@type":"ImageObject","inLanguage":"uk","@id":"https:\/\/denizcankizil.tr\/de\/#\/schema\/logo\/image\/","url":"https:\/\/denizcankizil.tr\/wp-content\/uploads\/2024\/10\/siyah-logo-svg.svg","contentUrl":"https:\/\/denizcankizil.tr\/wp-content\/uploads\/2024\/10\/siyah-logo-svg.svg","width":1080,"height":1080,"caption":"Av. Deniz Can K\u0131z\u0131l"},"image":{"@id":"https:\/\/denizcankizil.tr\/de\/#\/schema\/logo\/image\/"}},{"@type":"Person","@id":"https:\/\/denizcankizil.tr\/de\/#\/schema\/person\/e1eb71bb4dd684d46563f0af307e1234","name":"Antalya K\u00f6rfez","image":{"@type":"ImageObject","inLanguage":"uk","@id":"https:\/\/denizcankizil.tr\/de\/#\/schema\/person\/image\/","url":"https:\/\/secure.gravatar.com\/avatar\/42b01982558a48a0b501fdcab6a408d3717ea5919095ee2e67b0e521799c5905?s=96&d=mm&r=g","contentUrl":"https:\/\/secure.gravatar.com\/avatar\/42b01982558a48a0b501fdcab6a408d3717ea5919095ee2e67b0e521799c5905?s=96&d=mm&r=g","caption":"Antalya K\u00f6rfez"},"sameAs":["http:\/\/www.antalyakorfez.com"],"url":"https:\/\/www.antalyakorfez.com\/turkiye-cin-avrupa-tasimaciliginda-kilit-ulke-olacak"}]}},"_links":{"self":[{"href":"https:\/\/denizcankizil.tr\/uk\/wp-json\/wp\/v2\/posts\/93643","targetHints":{"allow":["GET"]}}],"collection":[{"href":"https:\/\/denizcankizil.tr\/uk\/wp-json\/wp\/v2\/posts"}],"about":[{"href":"https:\/\/denizcankizil.tr\/uk\/wp-json\/wp\/v2\/types\/post"}],"author":[{"embeddable":true,"href":"https:\/\/denizcankizil.tr\/uk\/wp-json\/wp\/v2\/users\/5"}],"replies":[{"embeddable":true,"href":"https:\/\/denizcankizil.tr\/uk\/wp-json\/wp\/v2\/comments?post=93643"}],"version-history":[{"count":0,"href":"https:\/\/denizcankizil.tr\/uk\/wp-json\/wp\/v2\/posts\/93643\/revisions"}],"wp:attachment":[{"href":"https:\/\/denizcankizil.tr\/uk\/wp-json\/wp\/v2\/media?parent=93643"}],"wp:term":[{"taxonomy":"category","embeddable":true,"href":"https:\/\/denizcankizil.tr\/uk\/wp-json\/wp\/v2\/categories?post=93643"},{"taxonomy":"post_tag","embeddable":true,"href":"https:\/\/denizcankizil.tr\/uk\/wp-json\/wp\/v2\/tags?post=93643"}],"curies":[{"name":"wp","href":"https:\/\/api.w.org\/{rel}","templated":true}]}}