{"id":93580,"date":"2025-05-21T13:41:15","date_gmt":"2025-05-21T10:41:15","guid":{"rendered":"https:\/\/denizcankizil.tr\/uncategorized-tr\/ataya-saygi-sergisi\/"},"modified":"2025-05-21T13:41:15","modified_gmt":"2025-05-21T10:41:15","slug":"ataya-saygi-sergisi","status":"publish","type":"post","link":"https:\/\/denizcankizil.tr\/uk\/haberler\/antalya\/ataya-saygi-sergisi\/","title":{"rendered":"Ata\u2019ya sayg\u0131 sergisi"},"content":{"rendered":"<p>Antalya B\u00fcy\u00fck\u015fehir Belediyesi\u2019ne ait B\u00fclent Ecevit K\u00fclt\u00fcr Merkezi\u2019nde Gen\u00e7lik Haftas\u0131 kapsam\u0131nda Akdeniz \u00dcniversitesi \u00f6\u011frencilerinin eserlerinden olu\u015fan, &#8220;Ata\u2019ya Sayg\u0131&#8221; sergisinin a\u00e7\u0131l\u0131\u015f\u0131 ger\u00e7ekle\u015fti. Sergide, gen\u00e7 sanat\u00e7\u0131lar eserlerini sergileme f\u0131rsat\u0131 buldu. 23 May\u0131s tarihine kadar a\u00e7\u0131k kalacak sergide resim, heykel, grafik tasar\u0131m ve seramik gibi farkl\u0131 disiplinlerden \u00f6zg\u00fcn eserler yer al\u0131yor.<\/p>\n<p>&#8220;Sizlere destek olmaktan mutluyuz&#8221;<br \/>\nSerginin a\u00e7\u0131l\u0131\u015f\u0131nda konu\u015fan Antalya B\u00fcy\u00fck\u015fehir Belediyesi Genel Sekreter Yard\u0131mc\u0131s\u0131 Cemil B\u00f6cek, gen\u00e7 sanat\u00e7\u0131lara verdikleri \u00f6nemi dile getirerek &#8220;T\u00fcrk gen\u00e7li\u011finin Ata\u2019s\u0131na duydu\u011fu sayg\u0131 ve minneti bu \u015fekilde dile getirmesi, g\u00f6nl\u00fcnden, ruhundan kopan eserleri bizlerle payla\u015fmas\u0131 bizleri mutlu etti. Sanat ruhumuzu her zaman ok\u015fas\u0131n, gelece\u011fe hep bu \u015fekilde bakal\u0131m istiyoruz. Sizlere destek olmaktan \u00e7ok mutluyuz&#8221; dedi.<\/p>\n<p>\u00dcniversite ve belediye i\u015f birli\u011fiyle anlaml\u0131 sergi<br \/>\nAkdeniz \u00dcniversitesi G\u00fczel Sanatlar Fak\u00fcltesi Dekan Yard\u0131mc\u0131s\u0131 Zuhal Ba\u015fbu\u011f ise &#8220;T\u00fcrk gen\u00e7li\u011fi Atat\u00fcrk\u2019\u00fcn izinde ilelebet y\u00fcr\u00fcyecektir. Ata\u2019m\u0131z\u0131n an\u0131ld\u0131\u011f\u0131 t\u00fcm etkinliklerde olmaktan b\u00fcy\u00fck gurur duyuyoruz. Bu vesileyle Antalya B\u00fcy\u00fck\u015fehir Belediyesi\u2019ne, eme\u011fi ge\u00e7enlere ve eserleriyle katk\u0131 sunan \u00f6\u011frencilerimize te\u015fekk\u00fcr ederim&#8221; diye konu\u015ftu.<\/p>\n<p>&#8220;Sanat, \u00f6zg\u00fcrl\u00fc\u011f\u00fcn en y\u00fcksek ifadesidir&#8221;<br \/>\nSergide eserleriyle yer alan Grafik B\u00f6l\u00fcm\u00fc \u00f6\u011frencisi Ya\u011fmur Kaya, gen\u00e7 sanat\u00e7\u0131lar\u0131n bu anlaml\u0131 g\u00fcnde yaln\u0131zca bir sergi de\u011fil, ayn\u0131 zamanda bir duru\u015f sergilediklerini vurgulayarak &#8220;Bu g\u00fcn burada sadece bir sergi a\u00e7m\u0131yoruz. Ayn\u0131 zamanda bir duru\u015fu, bir anlay\u0131\u015f\u0131, bir duyguyu payla\u015f\u0131yoruz. Sergimizin ismi Ata\u2019ya Sayg\u0131 olsa da i\u00e7eri\u011fi \u00f6zg\u00fcr. \u00c7\u00fcnk\u00fc bizler fikirlerini \u00f6zg\u00fcrl\u00fck \u00fczerine kurmu\u015f bir liderin miras\u00e7\u0131lar\u0131y\u0131z. Sanat\u0131 da \u00f6zg\u00fcrl\u00fc\u011f\u00fcn en y\u00fcksek ifadelerinden biri olarak g\u00f6r\u00fcyoruz. Bu sergide resimden heykele, grafik tasar\u0131mdan serami\u011fe kadar bir\u00e7ok farkl\u0131 disiplinden \u00f6zg\u00fcn ve \u00e7a\u011fda\u015f eserler yer al\u0131yor. Bu sergiyi d\u00fczenleyerek hem b\u00fcy\u00fck mirasa selam g\u00f6nderiyor, hem de onun a\u00e7t\u0131\u011f\u0131 ayd\u0131nl\u0131k yolda y\u00fcr\u00fcmeye devam etti\u011fimizi g\u00f6steriyoruz&#8221; ifadelerini kulland\u0131.<\/p>\n<p>Kaynak: www.kanalv.com.tr Haber Sitesinden Al\u0131nm\u0131\u015ft\u0131r.<\/p>","protected":false},"excerpt":{"rendered":"<p>Antalya B\u00fcy\u00fck\u015fehir Belediyesi\u2019ne ait B\u00fclent Ecevit K\u00fclt\u00fcr Merkezi\u2019nde Gen\u00e7lik Haftas\u0131 kapsam\u0131nda Akdeniz \u00dcniversitesi \u00f6\u011frencilerinin eserlerinden olu\u015fan, &#8220;Ata\u2019ya Sayg\u0131&#8221; sergisinin a\u00e7\u0131l\u0131\u015f\u0131 ger\u00e7ekle\u015fti. Sergide, gen\u00e7 sanat\u00e7\u0131lar eserlerini sergileme f\u0131rsat\u0131 buldu. 23 May\u0131s tarihine kadar a\u00e7\u0131k kalacak sergide resim, heykel, grafik tasar\u0131m ve seramik gibi farkl\u0131 disiplinlerden \u00f6zg\u00fcn eserler yer al\u0131yor. &#8220;Sizlere destek olmaktan mutluyuz&#8221; Serginin a\u00e7\u0131l\u0131\u015f\u0131nda konu\u015fan Antalya B\u00fcy\u00fck\u015fehir Belediyesi Genel Sekreter Yard\u0131mc\u0131s\u0131 Cemil B\u00f6cek, gen\u00e7 sanat\u00e7\u0131lara verdikleri \u00f6nemi dile getirerek &#8220;T\u00fcrk gen\u00e7li\u011finin Ata\u2019s\u0131na duydu\u011fu sayg\u0131 ve minneti bu \u015fekilde dile getirmesi, g\u00f6nl\u00fcnden, ruhundan kopan eserleri bizlerle payla\u015fmas\u0131 bizleri mutlu etti. Sanat ruhumuzu her zaman ok\u015fas\u0131n, gelece\u011fe hep bu \u015fekilde bakal\u0131m istiyoruz. Sizlere destek olmaktan \u00e7ok mutluyuz&#8221; dedi. \u00dcniversite ve belediye i\u015f birli\u011fiyle anlaml\u0131 sergi Akdeniz \u00dcniversitesi G\u00fczel Sanatlar Fak\u00fcltesi Dekan Yard\u0131mc\u0131s\u0131 Zuhal Ba\u015fbu\u011f ise &#8220;T\u00fcrk gen\u00e7li\u011fi Atat\u00fcrk\u2019\u00fcn izinde ilelebet y\u00fcr\u00fcyecektir. Ata\u2019m\u0131z\u0131n an\u0131ld\u0131\u011f\u0131 t\u00fcm etkinliklerde olmaktan b\u00fcy\u00fck gurur duyuyoruz. Bu vesileyle Antalya B\u00fcy\u00fck\u015fehir Belediyesi\u2019ne, eme\u011fi ge\u00e7enlere ve eserleriyle katk\u0131 sunan \u00f6\u011frencilerimize te\u015fekk\u00fcr ederim&#8221; diye konu\u015ftu. &#8220;Sanat, \u00f6zg\u00fcrl\u00fc\u011f\u00fcn en y\u00fcksek ifadesidir&#8221; Sergide eserleriyle yer alan Grafik B\u00f6l\u00fcm\u00fc \u00f6\u011frencisi Ya\u011fmur Kaya, gen\u00e7 sanat\u00e7\u0131lar\u0131n bu anlaml\u0131 g\u00fcnde yaln\u0131zca bir sergi de\u011fil, ayn\u0131 zamanda bir duru\u015f sergilediklerini vurgulayarak &#8220;Bu g\u00fcn burada sadece bir sergi a\u00e7m\u0131yoruz. Ayn\u0131 zamanda bir duru\u015fu, bir anlay\u0131\u015f\u0131, bir duyguyu payla\u015f\u0131yoruz. Sergimizin ismi &hellip;<\/p>","protected":false},"author":4,"featured_media":93581,"comment_status":"","ping_status":"open","sticky":false,"template":"","format":"standard","meta":{"_acf_changed":false,"footnotes":""},"categories":[26],"tags":[],"class_list":["post-93580","post","type-post","status-publish","format-standard","has-post-thumbnail","hentry","category-antalya"],"acf":[],"yoast_head":"<!-- This site is optimized with the Yoast SEO Premium plugin v26.6 (Yoast SEO v27.1.1) - https:\/\/yoast.com\/product\/yoast-seo-premium-wordpress\/ -->\n<title>Ata\u2019ya sayg\u0131 sergisi - Av. Deniz Can K\u0131z\u0131l<\/title>\n<meta name=\"robots\" content=\"index, follow, max-snippet:-1, max-image-preview:large, max-video-preview:-1\" \/>\n<link rel=\"canonical\" href=\"https:\/\/denizcankizil.tr\/uk\/haberler\/antalya\/ataya-saygi-sergisi\/\" \/>\n<meta property=\"og:locale\" content=\"uk_UA\" \/>\n<meta property=\"og:type\" content=\"article\" \/>\n<meta property=\"og:title\" content=\"Ata\u2019ya sayg\u0131 sergisi\" \/>\n<meta property=\"og:description\" content=\"Antalya B\u00fcy\u00fck\u015fehir Belediyesi\u2019ne ait B\u00fclent Ecevit K\u00fclt\u00fcr Merkezi\u2019nde Gen\u00e7lik Haftas\u0131 kapsam\u0131nda Akdeniz \u00dcniversitesi \u00f6\u011frencilerinin eserlerinden olu\u015fan, &#8220;Ata\u2019ya Sayg\u0131&#8221; sergisinin a\u00e7\u0131l\u0131\u015f\u0131 ger\u00e7ekle\u015fti. Sergide, gen\u00e7 sanat\u00e7\u0131lar eserlerini sergileme f\u0131rsat\u0131 buldu. 23 May\u0131s tarihine kadar a\u00e7\u0131k kalacak sergide resim, heykel, grafik tasar\u0131m ve seramik gibi farkl\u0131 disiplinlerden \u00f6zg\u00fcn eserler yer al\u0131yor. &#8220;Sizlere destek olmaktan mutluyuz&#8221; Serginin a\u00e7\u0131l\u0131\u015f\u0131nda konu\u015fan Antalya B\u00fcy\u00fck\u015fehir Belediyesi Genel Sekreter Yard\u0131mc\u0131s\u0131 Cemil B\u00f6cek, gen\u00e7 sanat\u00e7\u0131lara verdikleri \u00f6nemi dile getirerek &#8220;T\u00fcrk gen\u00e7li\u011finin Ata\u2019s\u0131na duydu\u011fu sayg\u0131 ve minneti bu \u015fekilde dile getirmesi, g\u00f6nl\u00fcnden, ruhundan kopan eserleri bizlerle payla\u015fmas\u0131 bizleri mutlu etti. Sanat ruhumuzu her zaman ok\u015fas\u0131n, gelece\u011fe hep bu \u015fekilde bakal\u0131m istiyoruz. Sizlere destek olmaktan \u00e7ok mutluyuz&#8221; dedi. \u00dcniversite ve belediye i\u015f birli\u011fiyle anlaml\u0131 sergi Akdeniz \u00dcniversitesi G\u00fczel Sanatlar Fak\u00fcltesi Dekan Yard\u0131mc\u0131s\u0131 Zuhal Ba\u015fbu\u011f ise &#8220;T\u00fcrk gen\u00e7li\u011fi Atat\u00fcrk\u2019\u00fcn izinde ilelebet y\u00fcr\u00fcyecektir. Ata\u2019m\u0131z\u0131n an\u0131ld\u0131\u011f\u0131 t\u00fcm etkinliklerde olmaktan b\u00fcy\u00fck gurur duyuyoruz. Bu vesileyle Antalya B\u00fcy\u00fck\u015fehir Belediyesi\u2019ne, eme\u011fi ge\u00e7enlere ve eserleriyle katk\u0131 sunan \u00f6\u011frencilerimize te\u015fekk\u00fcr ederim&#8221; diye konu\u015ftu. &#8220;Sanat, \u00f6zg\u00fcrl\u00fc\u011f\u00fcn en y\u00fcksek ifadesidir&#8221; Sergide eserleriyle yer alan Grafik B\u00f6l\u00fcm\u00fc \u00f6\u011frencisi Ya\u011fmur Kaya, gen\u00e7 sanat\u00e7\u0131lar\u0131n bu anlaml\u0131 g\u00fcnde yaln\u0131zca bir sergi de\u011fil, ayn\u0131 zamanda bir duru\u015f sergilediklerini vurgulayarak &#8220;Bu g\u00fcn burada sadece bir sergi a\u00e7m\u0131yoruz. Ayn\u0131 zamanda bir duru\u015fu, bir anlay\u0131\u015f\u0131, bir duyguyu payla\u015f\u0131yoruz. Sergimizin ismi &hellip;\" \/>\n<meta property=\"og:url\" content=\"https:\/\/denizcankizil.tr\/uk\/haberler\/antalya\/ataya-saygi-sergisi\/\" \/>\n<meta property=\"og:site_name\" content=\"Av. Deniz Can K\u0131z\u0131l\" \/>\n<meta property=\"article:published_time\" content=\"2025-05-21T10:41:15+00:00\" \/>\n<meta property=\"og:image\" content=\"https:\/\/denizcankizil.tr\/wp-content\/uploads\/2025\/05\/6459-01-BMcO8v.jpg\" \/>\n\t<meta property=\"og:image:width\" content=\"1280\" \/>\n\t<meta property=\"og:image:height\" content=\"720\" \/>\n\t<meta property=\"og:image:type\" content=\"image\/jpeg\" \/>\n<meta name=\"author\" content=\"Av. Deniz Can K\u0131z\u0131l\" \/>\n<meta name=\"twitter:card\" content=\"summary_large_image\" \/>\n<meta name=\"twitter:label1\" content=\"\u041d\u0430\u043f\u0438\u0441\u0430\u043d\u043e\" \/>\n\t<meta name=\"twitter:data1\" content=\"Av. Deniz Can K\u0131z\u0131l\" \/>\n\t<meta name=\"twitter:label2\" content=\"\u041f\u0440\u0438\u0431\u043b. \u0447\u0430\u0441 \u0447\u0438\u0442\u0430\u043d\u043d\u044f\" \/>\n\t<meta name=\"twitter:data2\" content=\"2 \u0445\u0432\u0438\u043b\u0438\u043d\u0438\" \/>\n<script type=\"application\/ld+json\" class=\"yoast-schema-graph\">{\"@context\":\"https:\/\/schema.org\",\"@graph\":[{\"@type\":\"Article\",\"@id\":\"https:\/\/denizcankizil.tr\/uk\/haberler\/antalya\/ataya-saygi-sergisi\/#article\",\"isPartOf\":{\"@id\":\"https:\/\/denizcankizil.tr\/uk\/haberler\/antalya\/ataya-saygi-sergisi\/\"},\"author\":{\"name\":\"Av. Deniz Can K\u0131z\u0131l\",\"@id\":\"https:\/\/denizcankizil.tr\/#\/schema\/person\/5dc1b22991bd7ac833867c10afc9b0ff\"},\"headline\":\"Ata\u2019ya sayg\u0131 sergisi\",\"datePublished\":\"2025-05-21T10:41:15+00:00\",\"mainEntityOfPage\":{\"@id\":\"https:\/\/denizcankizil.tr\/uk\/haberler\/antalya\/ataya-saygi-sergisi\/\"},\"wordCount\":396,\"publisher\":{\"@id\":\"https:\/\/denizcankizil.tr\/#organization\"},\"image\":{\"@id\":\"https:\/\/denizcankizil.tr\/uk\/haberler\/antalya\/ataya-saygi-sergisi\/#primaryimage\"},\"thumbnailUrl\":\"https:\/\/denizcankizil.tr\/wp-content\/uploads\/2025\/05\/6459-01-BMcO8v.jpg\",\"articleSection\":[\"Antalya\"],\"inLanguage\":\"uk\"},{\"@type\":\"WebPage\",\"@id\":\"https:\/\/denizcankizil.tr\/uk\/haberler\/antalya\/ataya-saygi-sergisi\/\",\"url\":\"https:\/\/denizcankizil.tr\/uk\/haberler\/antalya\/ataya-saygi-sergisi\/\",\"name\":\"Ata\u2019ya sayg\u0131 sergisi - Av. Deniz Can K\u0131z\u0131l\",\"isPartOf\":{\"@id\":\"https:\/\/denizcankizil.tr\/#website\"},\"primaryImageOfPage\":{\"@id\":\"https:\/\/denizcankizil.tr\/uk\/haberler\/antalya\/ataya-saygi-sergisi\/#primaryimage\"},\"image\":{\"@id\":\"https:\/\/denizcankizil.tr\/uk\/haberler\/antalya\/ataya-saygi-sergisi\/#primaryimage\"},\"thumbnailUrl\":\"https:\/\/denizcankizil.tr\/wp-content\/uploads\/2025\/05\/6459-01-BMcO8v.jpg\",\"datePublished\":\"2025-05-21T10:41:15+00:00\",\"breadcrumb\":{\"@id\":\"https:\/\/denizcankizil.tr\/uk\/haberler\/antalya\/ataya-saygi-sergisi\/#breadcrumb\"},\"inLanguage\":\"uk\",\"potentialAction\":[{\"@type\":\"ReadAction\",\"target\":[\"https:\/\/denizcankizil.tr\/uk\/haberler\/antalya\/ataya-saygi-sergisi\/\"]}]},{\"@type\":\"ImageObject\",\"inLanguage\":\"uk\",\"@id\":\"https:\/\/denizcankizil.tr\/uk\/haberler\/antalya\/ataya-saygi-sergisi\/#primaryimage\",\"url\":\"https:\/\/denizcankizil.tr\/wp-content\/uploads\/2025\/05\/6459-01-BMcO8v.jpg\",\"contentUrl\":\"https:\/\/denizcankizil.tr\/wp-content\/uploads\/2025\/05\/6459-01-BMcO8v.jpg\",\"width\":1280,\"height\":720},{\"@type\":\"BreadcrumbList\",\"@id\":\"https:\/\/denizcankizil.tr\/uk\/haberler\/antalya\/ataya-saygi-sergisi\/#breadcrumb\",\"itemListElement\":[{\"@type\":\"ListItem\",\"position\":1,\"name\":\"Home\",\"item\":\"https:\/\/denizcankizil.tr\/de\/\"},{\"@type\":\"ListItem\",\"position\":2,\"name\":\"Ata\u2019ya sayg\u0131 sergisi\"}]},{\"@type\":\"WebSite\",\"@id\":\"https:\/\/denizcankizil.tr\/#website\",\"url\":\"https:\/\/denizcankizil.tr\/\",\"name\":\"Av. Deniz Can K\u0131z\u0131l\",\"description\":\"Avukat Deniz Can K\u0131z\u0131l Antalya Barosu\",\"publisher\":{\"@id\":\"https:\/\/denizcankizil.tr\/#organization\"},\"potentialAction\":[{\"@type\":\"SearchAction\",\"target\":{\"@type\":\"EntryPoint\",\"urlTemplate\":\"https:\/\/denizcankizil.tr\/?s={search_term_string}\"},\"query-input\":{\"@type\":\"PropertyValueSpecification\",\"valueRequired\":true,\"valueName\":\"search_term_string\"}}],\"inLanguage\":\"uk\"},{\"@type\":\"Organization\",\"@id\":\"https:\/\/denizcankizil.tr\/#organization\",\"name\":\"Av. Deniz Can K\u0131z\u0131l\",\"url\":\"https:\/\/denizcankizil.tr\/\",\"logo\":{\"@type\":\"ImageObject\",\"inLanguage\":\"uk\",\"@id\":\"https:\/\/denizcankizil.tr\/#\/schema\/logo\/image\/\",\"url\":\"https:\/\/denizcankizil.tr\/wp-content\/uploads\/2024\/10\/siyah-logo-svg.svg\",\"contentUrl\":\"https:\/\/denizcankizil.tr\/wp-content\/uploads\/2024\/10\/siyah-logo-svg.svg\",\"width\":1080,\"height\":1080,\"caption\":\"Av. Deniz Can K\u0131z\u0131l\"},\"image\":{\"@id\":\"https:\/\/denizcankizil.tr\/#\/schema\/logo\/image\/\"}},{\"@type\":\"Person\",\"@id\":\"https:\/\/denizcankizil.tr\/#\/schema\/person\/5dc1b22991bd7ac833867c10afc9b0ff\",\"name\":\"Av. Deniz Can K\u0131z\u0131l\",\"image\":{\"@type\":\"ImageObject\",\"inLanguage\":\"uk\",\"@id\":\"https:\/\/denizcankizil.tr\/#\/schema\/person\/image\/\",\"url\":\"https:\/\/secure.gravatar.com\/avatar\/a0b128fb9855c79efc976d5640eedb31dc35ec297594d6016d2cf7c60e975bb6?s=96&d=mm&r=g\",\"contentUrl\":\"https:\/\/secure.gravatar.com\/avatar\/a0b128fb9855c79efc976d5640eedb31dc35ec297594d6016d2cf7c60e975bb6?s=96&d=mm&r=g\",\"caption\":\"Av. Deniz Can K\u0131z\u0131l\"},\"sameAs\":[\"http:\/\/www.denizcankizil.tr\"],\"url\":\"https:\/\/denizcankizil.tr\/uk\/author\/denizcankizil\/\"}]}<\/script>\n<!-- \/ Yoast SEO Premium plugin. -->","yoast_head_json":{"title":"Ata\u2019ya sayg\u0131 sergisi - Av. Deniz Can K\u0131z\u0131l","robots":{"index":"index","follow":"follow","max-snippet":"max-snippet:-1","max-image-preview":"max-image-preview:large","max-video-preview":"max-video-preview:-1"},"canonical":"https:\/\/denizcankizil.tr\/uk\/haberler\/antalya\/ataya-saygi-sergisi\/","og_locale":"uk_UA","og_type":"article","og_title":"Ata\u2019ya sayg\u0131 sergisi","og_description":"Antalya B\u00fcy\u00fck\u015fehir Belediyesi\u2019ne ait B\u00fclent Ecevit K\u00fclt\u00fcr Merkezi\u2019nde Gen\u00e7lik Haftas\u0131 kapsam\u0131nda Akdeniz \u00dcniversitesi \u00f6\u011frencilerinin eserlerinden olu\u015fan, &#8220;Ata\u2019ya Sayg\u0131&#8221; sergisinin a\u00e7\u0131l\u0131\u015f\u0131 ger\u00e7ekle\u015fti. Sergide, gen\u00e7 sanat\u00e7\u0131lar eserlerini sergileme f\u0131rsat\u0131 buldu. 23 May\u0131s tarihine kadar a\u00e7\u0131k kalacak sergide resim, heykel, grafik tasar\u0131m ve seramik gibi farkl\u0131 disiplinlerden \u00f6zg\u00fcn eserler yer al\u0131yor. &#8220;Sizlere destek olmaktan mutluyuz&#8221; Serginin a\u00e7\u0131l\u0131\u015f\u0131nda konu\u015fan Antalya B\u00fcy\u00fck\u015fehir Belediyesi Genel Sekreter Yard\u0131mc\u0131s\u0131 Cemil B\u00f6cek, gen\u00e7 sanat\u00e7\u0131lara verdikleri \u00f6nemi dile getirerek &#8220;T\u00fcrk gen\u00e7li\u011finin Ata\u2019s\u0131na duydu\u011fu sayg\u0131 ve minneti bu \u015fekilde dile getirmesi, g\u00f6nl\u00fcnden, ruhundan kopan eserleri bizlerle payla\u015fmas\u0131 bizleri mutlu etti. Sanat ruhumuzu her zaman ok\u015fas\u0131n, gelece\u011fe hep bu \u015fekilde bakal\u0131m istiyoruz. Sizlere destek olmaktan \u00e7ok mutluyuz&#8221; dedi. \u00dcniversite ve belediye i\u015f birli\u011fiyle anlaml\u0131 sergi Akdeniz \u00dcniversitesi G\u00fczel Sanatlar Fak\u00fcltesi Dekan Yard\u0131mc\u0131s\u0131 Zuhal Ba\u015fbu\u011f ise &#8220;T\u00fcrk gen\u00e7li\u011fi Atat\u00fcrk\u2019\u00fcn izinde ilelebet y\u00fcr\u00fcyecektir. Ata\u2019m\u0131z\u0131n an\u0131ld\u0131\u011f\u0131 t\u00fcm etkinliklerde olmaktan b\u00fcy\u00fck gurur duyuyoruz. Bu vesileyle Antalya B\u00fcy\u00fck\u015fehir Belediyesi\u2019ne, eme\u011fi ge\u00e7enlere ve eserleriyle katk\u0131 sunan \u00f6\u011frencilerimize te\u015fekk\u00fcr ederim&#8221; diye konu\u015ftu. &#8220;Sanat, \u00f6zg\u00fcrl\u00fc\u011f\u00fcn en y\u00fcksek ifadesidir&#8221; Sergide eserleriyle yer alan Grafik B\u00f6l\u00fcm\u00fc \u00f6\u011frencisi Ya\u011fmur Kaya, gen\u00e7 sanat\u00e7\u0131lar\u0131n bu anlaml\u0131 g\u00fcnde yaln\u0131zca bir sergi de\u011fil, ayn\u0131 zamanda bir duru\u015f sergilediklerini vurgulayarak &#8220;Bu g\u00fcn burada sadece bir sergi a\u00e7m\u0131yoruz. Ayn\u0131 zamanda bir duru\u015fu, bir anlay\u0131\u015f\u0131, bir duyguyu payla\u015f\u0131yoruz. Sergimizin ismi &hellip;","og_url":"https:\/\/denizcankizil.tr\/uk\/haberler\/antalya\/ataya-saygi-sergisi\/","og_site_name":"Av. Deniz Can K\u0131z\u0131l","article_published_time":"2025-05-21T10:41:15+00:00","og_image":[{"width":1280,"height":720,"url":"https:\/\/denizcankizil.tr\/wp-content\/uploads\/2025\/05\/6459-01-BMcO8v.jpg","type":"image\/jpeg"}],"author":"Av. Deniz Can K\u0131z\u0131l","twitter_card":"summary_large_image","twitter_misc":{"\u041d\u0430\u043f\u0438\u0441\u0430\u043d\u043e":"Av. Deniz Can K\u0131z\u0131l","\u041f\u0440\u0438\u0431\u043b. \u0447\u0430\u0441 \u0447\u0438\u0442\u0430\u043d\u043d\u044f":"2 \u0445\u0432\u0438\u043b\u0438\u043d\u0438"},"schema":{"@context":"https:\/\/schema.org","@graph":[{"@type":"Article","@id":"https:\/\/denizcankizil.tr\/uk\/haberler\/antalya\/ataya-saygi-sergisi\/#article","isPartOf":{"@id":"https:\/\/denizcankizil.tr\/uk\/haberler\/antalya\/ataya-saygi-sergisi\/"},"author":{"name":"Av. Deniz Can K\u0131z\u0131l","@id":"https:\/\/denizcankizil.tr\/#\/schema\/person\/5dc1b22991bd7ac833867c10afc9b0ff"},"headline":"Ata\u2019ya sayg\u0131 sergisi","datePublished":"2025-05-21T10:41:15+00:00","mainEntityOfPage":{"@id":"https:\/\/denizcankizil.tr\/uk\/haberler\/antalya\/ataya-saygi-sergisi\/"},"wordCount":396,"publisher":{"@id":"https:\/\/denizcankizil.tr\/#organization"},"image":{"@id":"https:\/\/denizcankizil.tr\/uk\/haberler\/antalya\/ataya-saygi-sergisi\/#primaryimage"},"thumbnailUrl":"https:\/\/denizcankizil.tr\/wp-content\/uploads\/2025\/05\/6459-01-BMcO8v.jpg","articleSection":["Antalya"],"inLanguage":"uk"},{"@type":"WebPage","@id":"https:\/\/denizcankizil.tr\/uk\/haberler\/antalya\/ataya-saygi-sergisi\/","url":"https:\/\/denizcankizil.tr\/uk\/haberler\/antalya\/ataya-saygi-sergisi\/","name":"Ata\u2019ya sayg\u0131 sergisi - Av. Deniz Can K\u0131z\u0131l","isPartOf":{"@id":"https:\/\/denizcankizil.tr\/#website"},"primaryImageOfPage":{"@id":"https:\/\/denizcankizil.tr\/uk\/haberler\/antalya\/ataya-saygi-sergisi\/#primaryimage"},"image":{"@id":"https:\/\/denizcankizil.tr\/uk\/haberler\/antalya\/ataya-saygi-sergisi\/#primaryimage"},"thumbnailUrl":"https:\/\/denizcankizil.tr\/wp-content\/uploads\/2025\/05\/6459-01-BMcO8v.jpg","datePublished":"2025-05-21T10:41:15+00:00","breadcrumb":{"@id":"https:\/\/denizcankizil.tr\/uk\/haberler\/antalya\/ataya-saygi-sergisi\/#breadcrumb"},"inLanguage":"uk","potentialAction":[{"@type":"ReadAction","target":["https:\/\/denizcankizil.tr\/uk\/haberler\/antalya\/ataya-saygi-sergisi\/"]}]},{"@type":"ImageObject","inLanguage":"uk","@id":"https:\/\/denizcankizil.tr\/uk\/haberler\/antalya\/ataya-saygi-sergisi\/#primaryimage","url":"https:\/\/denizcankizil.tr\/wp-content\/uploads\/2025\/05\/6459-01-BMcO8v.jpg","contentUrl":"https:\/\/denizcankizil.tr\/wp-content\/uploads\/2025\/05\/6459-01-BMcO8v.jpg","width":1280,"height":720},{"@type":"BreadcrumbList","@id":"https:\/\/denizcankizil.tr\/uk\/haberler\/antalya\/ataya-saygi-sergisi\/#breadcrumb","itemListElement":[{"@type":"ListItem","position":1,"name":"Home","item":"https:\/\/denizcankizil.tr\/de\/"},{"@type":"ListItem","position":2,"name":"Ata\u2019ya sayg\u0131 sergisi"}]},{"@type":"WebSite","@id":"https:\/\/denizcankizil.tr\/#website","url":"https:\/\/denizcankizil.tr\/","name":"Av. Deniz Can K\u0131z\u0131l","description":"Avukat Deniz Can K\u0131z\u0131l Antalya Barosu","publisher":{"@id":"https:\/\/denizcankizil.tr\/#organization"},"potentialAction":[{"@type":"SearchAction","target":{"@type":"EntryPoint","urlTemplate":"https:\/\/denizcankizil.tr\/?s={search_term_string}"},"query-input":{"@type":"PropertyValueSpecification","valueRequired":true,"valueName":"search_term_string"}}],"inLanguage":"uk"},{"@type":"Organization","@id":"https:\/\/denizcankizil.tr\/#organization","name":"Av. Deniz Can K\u0131z\u0131l","url":"https:\/\/denizcankizil.tr\/","logo":{"@type":"ImageObject","inLanguage":"uk","@id":"https:\/\/denizcankizil.tr\/#\/schema\/logo\/image\/","url":"https:\/\/denizcankizil.tr\/wp-content\/uploads\/2024\/10\/siyah-logo-svg.svg","contentUrl":"https:\/\/denizcankizil.tr\/wp-content\/uploads\/2024\/10\/siyah-logo-svg.svg","width":1080,"height":1080,"caption":"Av. Deniz Can K\u0131z\u0131l"},"image":{"@id":"https:\/\/denizcankizil.tr\/#\/schema\/logo\/image\/"}},{"@type":"Person","@id":"https:\/\/denizcankizil.tr\/#\/schema\/person\/5dc1b22991bd7ac833867c10afc9b0ff","name":"Av. Deniz Can K\u0131z\u0131l","image":{"@type":"ImageObject","inLanguage":"uk","@id":"https:\/\/denizcankizil.tr\/#\/schema\/person\/image\/","url":"https:\/\/secure.gravatar.com\/avatar\/a0b128fb9855c79efc976d5640eedb31dc35ec297594d6016d2cf7c60e975bb6?s=96&d=mm&r=g","contentUrl":"https:\/\/secure.gravatar.com\/avatar\/a0b128fb9855c79efc976d5640eedb31dc35ec297594d6016d2cf7c60e975bb6?s=96&d=mm&r=g","caption":"Av. Deniz Can K\u0131z\u0131l"},"sameAs":["http:\/\/www.denizcankizil.tr"],"url":"https:\/\/denizcankizil.tr\/uk\/author\/denizcankizil\/"}]}},"_links":{"self":[{"href":"https:\/\/denizcankizil.tr\/uk\/wp-json\/wp\/v2\/posts\/93580","targetHints":{"allow":["GET"]}}],"collection":[{"href":"https:\/\/denizcankizil.tr\/uk\/wp-json\/wp\/v2\/posts"}],"about":[{"href":"https:\/\/denizcankizil.tr\/uk\/wp-json\/wp\/v2\/types\/post"}],"author":[{"embeddable":true,"href":"https:\/\/denizcankizil.tr\/uk\/wp-json\/wp\/v2\/users\/4"}],"replies":[{"embeddable":true,"href":"https:\/\/denizcankizil.tr\/uk\/wp-json\/wp\/v2\/comments?post=93580"}],"version-history":[{"count":0,"href":"https:\/\/denizcankizil.tr\/uk\/wp-json\/wp\/v2\/posts\/93580\/revisions"}],"wp:featuredmedia":[{"embeddable":true,"href":"https:\/\/denizcankizil.tr\/uk\/wp-json\/wp\/v2\/media\/93581"}],"wp:attachment":[{"href":"https:\/\/denizcankizil.tr\/uk\/wp-json\/wp\/v2\/media?parent=93580"}],"wp:term":[{"taxonomy":"category","embeddable":true,"href":"https:\/\/denizcankizil.tr\/uk\/wp-json\/wp\/v2\/categories?post=93580"},{"taxonomy":"post_tag","embeddable":true,"href":"https:\/\/denizcankizil.tr\/uk\/wp-json\/wp\/v2\/tags?post=93580"}],"curies":[{"name":"wp","href":"https:\/\/api.w.org\/{rel}","templated":true}]}}