{"id":93518,"date":"2025-05-21T10:41:33","date_gmt":"2025-05-21T07:41:33","guid":{"rendered":"https:\/\/denizcankizil.tr\/uncategorized-tr\/bu-sahillere-gece-girisin-cezasi-557-bin-tl\/"},"modified":"2025-05-21T10:41:33","modified_gmt":"2025-05-21T07:41:33","slug":"bu-sahillere-gece-girisin-cezasi-557-bin-tl","status":"publish","type":"post","link":"https:\/\/denizcankizil.tr\/uk\/haberler\/antalya\/bu-sahillere-gece-girisin-cezasi-557-bin-tl\/","title":{"rendered":"Bu sahillere gece giri\u015fin cezas\u0131 557 bin TL"},"content":{"rendered":"<p>D\u00fcnya Do\u011fay\u0131 Koruma Birli\u011fi&#8217;nin (IUCN) nesli tehlike alt\u0131ndaki t\u00fcrler listesindeki caretta caretta ve chelonia mydas t\u00fcr\u00fc deniz kaplumba\u011falar\u0131n\u0131n Akdeniz sahillerindeki yuvalama d\u00f6nemi ba\u015flad\u0131. Her y\u0131l nisan sonu veya may\u0131s ay\u0131nda ba\u015flayan s\u00fcre\u00e7, eri\u015fkin kaplumba\u011falar\u0131n kumsallara \u00e7\u0131k\u0131p yumurta b\u0131rakmas\u0131, temmuz ortas\u0131ndan itibaren de yuvalardan yavrular\u0131n \u00e7\u0131k\u0131\u015f\u0131 ve denize ula\u015fmas\u0131 \u015feklinde eyl\u00fcl ay\u0131 sonuna kadar devam ediyor. Deniz kaplumba\u011falar\u0131n\u0131n Akdeniz&#8217;deki en b\u00fcy\u00fck yuvalama kumsallar\u0131n\u0131, T\u00fcrkiye&#8217;nin Akdeniz k\u0131y\u0131lar\u0131 olu\u015fturuyor.<\/p>\n<p>T\u00dcRK\u0130YE&#8217;DE 21 YUVALAMA KUMSALI<\/p>\n<p>T\u00fcrkiye&#8217;de en b\u00fcy\u00fck yuvalama alanlar\u0131 Antalya&#8217;da bulunuyor. Ekoloji Ara\u015ft\u0131rmalar Derne\u011fi&#8217;nin (EKAD), bu sezon 27&#8217;nci y\u0131l \u00e7al\u0131\u015fmalar\u0131n\u0131 y\u00fcr\u00fctece\u011fi 30 kilometrelik Belek kumsal\u0131 hem T\u00fcrkiye hem de Akdeniz&#8217;in en b\u00fcy\u00fck yuvalama alan\u0131 olarak ge\u00e7iyor. T\u00fcrkiye&#8217;de 9&#8217;u Antalya&#8217;da olmak \u00fczere, Mu\u011fla, Mersin, Adana ve Hatay illerinde 21 deniz kaplumba\u011fas\u0131 yuvalama kumsal\u0131 bulunuyor. Bu kumsallar; Ekincik, Dalyan, Dalaman, Fethiye, Patara, Kale, Kumluca, Olimpos-\u00c7\u0131ral\u0131, Tekirova, Belek, K\u0131z\u0131lot, Demirta\u015f, Gazipa\u015fa, Anamur, G\u00f6ksu Deltas\u0131, Alata, Davultepe, Kazanl\u0131, Akyatan, Yumurtal\u0131k, Samanda\u011f.<\/p>\n<p>BU YIL CEZA M\u0130KTARI 557 B\u0130N 212 TL<\/p>\n<p>Tar\u0131m ve Orman Bakanl\u0131\u011f\u0131&#8217;na ba\u011fl\u0131 Do\u011fa Koruma Milli Parklar (DKMP) Genel M\u00fcd\u00fcrl\u00fc\u011f\u00fc ile \u00c7evre \u015eehircilik ve \u0130klim De\u011fi\u015fikli\u011fi Bakanl\u0131\u011f\u0131&#8217;na ba\u011fl\u0131 Tabiat Varl\u0131klar\u0131n\u0131 Koruma Genel M\u00fcd\u00fcrl\u00fc\u011f\u00fc sorumlulu\u011fundaki bu kumsallar\u0131n tamam\u0131nda, yuvalama ve yavru \u00e7\u0131k\u0131\u015f d\u00f6nemi olan may\u0131s-eyl\u00fcl aylar\u0131 aras\u0131nda geceleri sahile giri\u015fler yasak. Ayr\u0131ca bu sahillere ara\u00e7la giri\u015f, \u00e7ad\u0131r kurmak, kamp yapmak, ate\u015f veya mangal yakmak gibi faaliyetler de tamamen yasak. Bu yasaklar\u0131 ihlal edenlere ise idari para cezalar\u0131 veriliyor. Bu ceza miktar\u0131 2025 y\u0131l\u0131 i\u00e7in 557 bin 212 TL olarak belirlendi.<\/p>\n<p>GECE KAPLUMBA\u011eALARIN, G\u00dcND\u00dcZ TUR\u0130STLER\u0130N<\/p>\n<p>Akdeniz&#8217;de bu y\u0131l\u0131n ilk caretta caretta yuvalar\u0131, EKAD&#8217;\u0131n \u00e7al\u0131\u015fma sahas\u0131 olan Belek kumsal\u0131nda ger\u00e7ekle\u015fti. 2025 sezonunda 27&#8217;nci y\u0131l\u0131na giren EKAD ekibi, 5 May\u0131s&#8217;\u0131 6 May\u0131s&#8217;a ba\u011flayan gece, Belek kumsal\u0131nda y\u0131l\u0131n ilk yuvalar\u0131yla kar\u015f\u0131la\u015ft\u0131 ve tespit edilen 3 yuva koruma alt\u0131na al\u0131nd\u0131. Eyl\u00fcl ay\u0131 sonuna kadar koruma alt\u0131ndaki bu kumsallar\u0131 yerli ve yabanc\u0131 turistler sadece g\u00fcnd\u00fczleri kullanabilecek, geceleri ise deniz kaplumba\u011falar\u0131na ait olacak. Kumsallara giri\u015f yasa\u011f\u0131 saat 20.00&#8217;de ba\u015flay\u0131p sabah 08.00&#8217;e kadar s\u00fcr\u00fcyor ve bu konudaki t\u00fcm uyar\u0131 tabelalar\u0131 ile de bilgilendirmeler yap\u0131l\u0131yor.<\/p>\n<p>Kaynak: www.kanalv.com.tr Haber Sitesinden Al\u0131nm\u0131\u015ft\u0131r.<\/p>","protected":false},"excerpt":{"rendered":"<p>D\u00fcnya Do\u011fay\u0131 Koruma Birli\u011fi&#8217;nin (IUCN) nesli tehlike alt\u0131ndaki t\u00fcrler listesindeki caretta caretta ve chelonia mydas t\u00fcr\u00fc deniz kaplumba\u011falar\u0131n\u0131n Akdeniz sahillerindeki yuvalama d\u00f6nemi ba\u015flad\u0131. Her y\u0131l nisan sonu veya may\u0131s ay\u0131nda ba\u015flayan s\u00fcre\u00e7, eri\u015fkin kaplumba\u011falar\u0131n kumsallara \u00e7\u0131k\u0131p yumurta b\u0131rakmas\u0131, temmuz ortas\u0131ndan itibaren de yuvalardan yavrular\u0131n \u00e7\u0131k\u0131\u015f\u0131 ve denize ula\u015fmas\u0131 \u015feklinde eyl\u00fcl ay\u0131 sonuna kadar devam ediyor. Deniz kaplumba\u011falar\u0131n\u0131n Akdeniz&#8217;deki en b\u00fcy\u00fck yuvalama kumsallar\u0131n\u0131, T\u00fcrkiye&#8217;nin Akdeniz k\u0131y\u0131lar\u0131 olu\u015fturuyor. T\u00dcRK\u0130YE&#8217;DE 21 YUVALAMA KUMSALI T\u00fcrkiye&#8217;de en b\u00fcy\u00fck yuvalama alanlar\u0131 Antalya&#8217;da bulunuyor. Ekoloji Ara\u015ft\u0131rmalar Derne\u011fi&#8217;nin (EKAD), bu sezon 27&#8217;nci y\u0131l \u00e7al\u0131\u015fmalar\u0131n\u0131 y\u00fcr\u00fctece\u011fi 30 kilometrelik Belek kumsal\u0131 hem T\u00fcrkiye hem de Akdeniz&#8217;in en b\u00fcy\u00fck yuvalama alan\u0131 olarak ge\u00e7iyor. T\u00fcrkiye&#8217;de 9&#8217;u Antalya&#8217;da olmak \u00fczere, Mu\u011fla, Mersin, Adana ve Hatay illerinde 21 deniz kaplumba\u011fas\u0131 yuvalama kumsal\u0131 bulunuyor. Bu kumsallar; Ekincik, Dalyan, Dalaman, Fethiye, Patara, Kale, Kumluca, Olimpos-\u00c7\u0131ral\u0131, Tekirova, Belek, K\u0131z\u0131lot, Demirta\u015f, Gazipa\u015fa, Anamur, G\u00f6ksu Deltas\u0131, Alata, Davultepe, Kazanl\u0131, Akyatan, Yumurtal\u0131k, Samanda\u011f. BU YIL CEZA M\u0130KTARI 557 B\u0130N 212 TL Tar\u0131m ve Orman Bakanl\u0131\u011f\u0131&#8217;na ba\u011fl\u0131 Do\u011fa Koruma Milli Parklar (DKMP) Genel M\u00fcd\u00fcrl\u00fc\u011f\u00fc ile \u00c7evre \u015eehircilik ve \u0130klim De\u011fi\u015fikli\u011fi Bakanl\u0131\u011f\u0131&#8217;na ba\u011fl\u0131 Tabiat Varl\u0131klar\u0131n\u0131 Koruma Genel M\u00fcd\u00fcrl\u00fc\u011f\u00fc sorumlulu\u011fundaki bu kumsallar\u0131n tamam\u0131nda, yuvalama ve yavru \u00e7\u0131k\u0131\u015f d\u00f6nemi olan may\u0131s-eyl\u00fcl aylar\u0131 aras\u0131nda geceleri sahile giri\u015fler yasak. Ayr\u0131ca bu sahillere ara\u00e7la giri\u015f, \u00e7ad\u0131r kurmak, &hellip;<\/p>","protected":false},"author":4,"featured_media":93519,"comment_status":"","ping_status":"open","sticky":false,"template":"","format":"standard","meta":{"_acf_changed":false,"footnotes":""},"categories":[26],"tags":[],"class_list":["post-93518","post","type-post","status-publish","format-standard","has-post-thumbnail","hentry","category-antalya"],"acf":[],"yoast_head":"<!-- This site is optimized with the Yoast SEO Premium plugin v26.6 (Yoast SEO v27.1.1) - https:\/\/yoast.com\/product\/yoast-seo-premium-wordpress\/ -->\n<title>Bu sahillere gece giri\u015fin cezas\u0131 557 bin TL - Av. Deniz Can K\u0131z\u0131l<\/title>\n<meta name=\"robots\" content=\"index, follow, max-snippet:-1, max-image-preview:large, max-video-preview:-1\" \/>\n<link rel=\"canonical\" href=\"https:\/\/denizcankizil.tr\/uk\/haberler\/antalya\/bu-sahillere-gece-girisin-cezasi-557-bin-tl\/\" \/>\n<meta property=\"og:locale\" content=\"uk_UA\" \/>\n<meta property=\"og:type\" content=\"article\" \/>\n<meta property=\"og:title\" content=\"Bu sahillere gece giri\u015fin cezas\u0131 557 bin TL\" \/>\n<meta property=\"og:description\" content=\"D\u00fcnya Do\u011fay\u0131 Koruma Birli\u011fi&#8217;nin (IUCN) nesli tehlike alt\u0131ndaki t\u00fcrler listesindeki caretta caretta ve chelonia mydas t\u00fcr\u00fc deniz kaplumba\u011falar\u0131n\u0131n Akdeniz sahillerindeki yuvalama d\u00f6nemi ba\u015flad\u0131. Her y\u0131l nisan sonu veya may\u0131s ay\u0131nda ba\u015flayan s\u00fcre\u00e7, eri\u015fkin kaplumba\u011falar\u0131n kumsallara \u00e7\u0131k\u0131p yumurta b\u0131rakmas\u0131, temmuz ortas\u0131ndan itibaren de yuvalardan yavrular\u0131n \u00e7\u0131k\u0131\u015f\u0131 ve denize ula\u015fmas\u0131 \u015feklinde eyl\u00fcl ay\u0131 sonuna kadar devam ediyor. Deniz kaplumba\u011falar\u0131n\u0131n Akdeniz&#8217;deki en b\u00fcy\u00fck yuvalama kumsallar\u0131n\u0131, T\u00fcrkiye&#8217;nin Akdeniz k\u0131y\u0131lar\u0131 olu\u015fturuyor. T\u00dcRK\u0130YE&#8217;DE 21 YUVALAMA KUMSALI T\u00fcrkiye&#8217;de en b\u00fcy\u00fck yuvalama alanlar\u0131 Antalya&#8217;da bulunuyor. Ekoloji Ara\u015ft\u0131rmalar Derne\u011fi&#8217;nin (EKAD), bu sezon 27&#8217;nci y\u0131l \u00e7al\u0131\u015fmalar\u0131n\u0131 y\u00fcr\u00fctece\u011fi 30 kilometrelik Belek kumsal\u0131 hem T\u00fcrkiye hem de Akdeniz&#8217;in en b\u00fcy\u00fck yuvalama alan\u0131 olarak ge\u00e7iyor. T\u00fcrkiye&#8217;de 9&#8217;u Antalya&#8217;da olmak \u00fczere, Mu\u011fla, Mersin, Adana ve Hatay illerinde 21 deniz kaplumba\u011fas\u0131 yuvalama kumsal\u0131 bulunuyor. Bu kumsallar; Ekincik, Dalyan, Dalaman, Fethiye, Patara, Kale, Kumluca, Olimpos-\u00c7\u0131ral\u0131, Tekirova, Belek, K\u0131z\u0131lot, Demirta\u015f, Gazipa\u015fa, Anamur, G\u00f6ksu Deltas\u0131, Alata, Davultepe, Kazanl\u0131, Akyatan, Yumurtal\u0131k, Samanda\u011f. BU YIL CEZA M\u0130KTARI 557 B\u0130N 212 TL Tar\u0131m ve Orman Bakanl\u0131\u011f\u0131&#8217;na ba\u011fl\u0131 Do\u011fa Koruma Milli Parklar (DKMP) Genel M\u00fcd\u00fcrl\u00fc\u011f\u00fc ile \u00c7evre \u015eehircilik ve \u0130klim De\u011fi\u015fikli\u011fi Bakanl\u0131\u011f\u0131&#8217;na ba\u011fl\u0131 Tabiat Varl\u0131klar\u0131n\u0131 Koruma Genel M\u00fcd\u00fcrl\u00fc\u011f\u00fc sorumlulu\u011fundaki bu kumsallar\u0131n tamam\u0131nda, yuvalama ve yavru \u00e7\u0131k\u0131\u015f d\u00f6nemi olan may\u0131s-eyl\u00fcl aylar\u0131 aras\u0131nda geceleri sahile giri\u015fler yasak. Ayr\u0131ca bu sahillere ara\u00e7la giri\u015f, \u00e7ad\u0131r kurmak, &hellip;\" \/>\n<meta property=\"og:url\" content=\"https:\/\/denizcankizil.tr\/uk\/haberler\/antalya\/bu-sahillere-gece-girisin-cezasi-557-bin-tl\/\" \/>\n<meta property=\"og:site_name\" content=\"Av. Deniz Can K\u0131z\u0131l\" \/>\n<meta property=\"article:published_time\" content=\"2025-05-21T07:41:33+00:00\" \/>\n<meta property=\"og:image\" content=\"https:\/\/denizcankizil.tr\/wp-content\/uploads\/2025\/05\/6449-01-b6eNAE.jpg\" \/>\n\t<meta property=\"og:image:width\" content=\"1280\" \/>\n\t<meta property=\"og:image:height\" content=\"720\" \/>\n\t<meta property=\"og:image:type\" content=\"image\/jpeg\" \/>\n<meta name=\"author\" content=\"Av. Deniz Can K\u0131z\u0131l\" \/>\n<meta name=\"twitter:card\" content=\"summary_large_image\" \/>\n<meta name=\"twitter:label1\" content=\"\u041d\u0430\u043f\u0438\u0441\u0430\u043d\u043e\" \/>\n\t<meta name=\"twitter:data1\" content=\"Av. Deniz Can K\u0131z\u0131l\" \/>\n\t<meta name=\"twitter:label2\" content=\"\u041f\u0440\u0438\u0431\u043b. \u0447\u0430\u0441 \u0447\u0438\u0442\u0430\u043d\u043d\u044f\" \/>\n\t<meta name=\"twitter:data2\" content=\"2 \u0445\u0432\u0438\u043b\u0438\u043d\u0438\" \/>\n<script type=\"application\/ld+json\" class=\"yoast-schema-graph\">{\"@context\":\"https:\/\/schema.org\",\"@graph\":[{\"@type\":\"Article\",\"@id\":\"https:\/\/denizcankizil.tr\/ru\/haberler\/antalya\/bu-sahillere-gece-girisin-cezasi-557-bin-tl\/#article\",\"isPartOf\":{\"@id\":\"https:\/\/denizcankizil.tr\/ru\/haberler\/antalya\/bu-sahillere-gece-girisin-cezasi-557-bin-tl\/\"},\"author\":{\"name\":\"Av. Deniz Can K\u0131z\u0131l\",\"@id\":\"https:\/\/denizcankizil.tr\/de\/#\/schema\/person\/5dc1b22991bd7ac833867c10afc9b0ff\"},\"headline\":\"Bu sahillere gece giri\u015fin cezas\u0131 557 bin TL\",\"datePublished\":\"2025-05-21T07:41:33+00:00\",\"mainEntityOfPage\":{\"@id\":\"https:\/\/denizcankizil.tr\/ru\/haberler\/antalya\/bu-sahillere-gece-girisin-cezasi-557-bin-tl\/\"},\"wordCount\":467,\"publisher\":{\"@id\":\"https:\/\/denizcankizil.tr\/de\/#organization\"},\"image\":{\"@id\":\"https:\/\/denizcankizil.tr\/ru\/haberler\/antalya\/bu-sahillere-gece-girisin-cezasi-557-bin-tl\/#primaryimage\"},\"thumbnailUrl\":\"https:\/\/denizcankizil.tr\/wp-content\/uploads\/2025\/05\/6449-01-b6eNAE.jpg\",\"articleSection\":[\"Antalya\"],\"inLanguage\":\"uk\"},{\"@type\":\"WebPage\",\"@id\":\"https:\/\/denizcankizil.tr\/ru\/haberler\/antalya\/bu-sahillere-gece-girisin-cezasi-557-bin-tl\/\",\"url\":\"https:\/\/denizcankizil.tr\/ru\/haberler\/antalya\/bu-sahillere-gece-girisin-cezasi-557-bin-tl\/\",\"name\":\"Bu sahillere gece giri\u015fin cezas\u0131 557 bin TL - Av. Deniz Can K\u0131z\u0131l\",\"isPartOf\":{\"@id\":\"https:\/\/denizcankizil.tr\/de\/#website\"},\"primaryImageOfPage\":{\"@id\":\"https:\/\/denizcankizil.tr\/ru\/haberler\/antalya\/bu-sahillere-gece-girisin-cezasi-557-bin-tl\/#primaryimage\"},\"image\":{\"@id\":\"https:\/\/denizcankizil.tr\/ru\/haberler\/antalya\/bu-sahillere-gece-girisin-cezasi-557-bin-tl\/#primaryimage\"},\"thumbnailUrl\":\"https:\/\/denizcankizil.tr\/wp-content\/uploads\/2025\/05\/6449-01-b6eNAE.jpg\",\"datePublished\":\"2025-05-21T07:41:33+00:00\",\"breadcrumb\":{\"@id\":\"https:\/\/denizcankizil.tr\/ru\/haberler\/antalya\/bu-sahillere-gece-girisin-cezasi-557-bin-tl\/#breadcrumb\"},\"inLanguage\":\"uk\",\"potentialAction\":[{\"@type\":\"ReadAction\",\"target\":[\"https:\/\/denizcankizil.tr\/ru\/haberler\/antalya\/bu-sahillere-gece-girisin-cezasi-557-bin-tl\/\"]}]},{\"@type\":\"ImageObject\",\"inLanguage\":\"uk\",\"@id\":\"https:\/\/denizcankizil.tr\/ru\/haberler\/antalya\/bu-sahillere-gece-girisin-cezasi-557-bin-tl\/#primaryimage\",\"url\":\"https:\/\/denizcankizil.tr\/wp-content\/uploads\/2025\/05\/6449-01-b6eNAE.jpg\",\"contentUrl\":\"https:\/\/denizcankizil.tr\/wp-content\/uploads\/2025\/05\/6449-01-b6eNAE.jpg\",\"width\":1280,\"height\":720},{\"@type\":\"BreadcrumbList\",\"@id\":\"https:\/\/denizcankizil.tr\/ru\/haberler\/antalya\/bu-sahillere-gece-girisin-cezasi-557-bin-tl\/#breadcrumb\",\"itemListElement\":[{\"@type\":\"ListItem\",\"position\":1,\"name\":\"Home\",\"item\":\"https:\/\/denizcankizil.tr\/de\/\"},{\"@type\":\"ListItem\",\"position\":2,\"name\":\"Bu sahillere gece giri\u015fin cezas\u0131 557 bin TL\"}]},{\"@type\":\"WebSite\",\"@id\":\"https:\/\/denizcankizil.tr\/de\/#website\",\"url\":\"https:\/\/denizcankizil.tr\/de\/\",\"name\":\"Av. Deniz Can K\u0131z\u0131l\",\"description\":\"Avukat Deniz Can K\u0131z\u0131l Antalya Barosu\",\"publisher\":{\"@id\":\"https:\/\/denizcankizil.tr\/de\/#organization\"},\"potentialAction\":[{\"@type\":\"SearchAction\",\"target\":{\"@type\":\"EntryPoint\",\"urlTemplate\":\"https:\/\/denizcankizil.tr\/de\/?s={search_term_string}\"},\"query-input\":{\"@type\":\"PropertyValueSpecification\",\"valueRequired\":true,\"valueName\":\"search_term_string\"}}],\"inLanguage\":\"uk\"},{\"@type\":\"Organization\",\"@id\":\"https:\/\/denizcankizil.tr\/de\/#organization\",\"name\":\"Av. Deniz Can K\u0131z\u0131l\",\"url\":\"https:\/\/denizcankizil.tr\/de\/\",\"logo\":{\"@type\":\"ImageObject\",\"inLanguage\":\"uk\",\"@id\":\"https:\/\/denizcankizil.tr\/de\/#\/schema\/logo\/image\/\",\"url\":\"https:\/\/denizcankizil.tr\/wp-content\/uploads\/2024\/10\/siyah-logo-svg.svg\",\"contentUrl\":\"https:\/\/denizcankizil.tr\/wp-content\/uploads\/2024\/10\/siyah-logo-svg.svg\",\"width\":1080,\"height\":1080,\"caption\":\"Av. Deniz Can K\u0131z\u0131l\"},\"image\":{\"@id\":\"https:\/\/denizcankizil.tr\/de\/#\/schema\/logo\/image\/\"}},{\"@type\":\"Person\",\"@id\":\"https:\/\/denizcankizil.tr\/de\/#\/schema\/person\/5dc1b22991bd7ac833867c10afc9b0ff\",\"name\":\"Av. Deniz Can K\u0131z\u0131l\",\"image\":{\"@type\":\"ImageObject\",\"inLanguage\":\"uk\",\"@id\":\"https:\/\/denizcankizil.tr\/de\/#\/schema\/person\/image\/\",\"url\":\"https:\/\/secure.gravatar.com\/avatar\/a0b128fb9855c79efc976d5640eedb31dc35ec297594d6016d2cf7c60e975bb6?s=96&d=mm&r=g\",\"contentUrl\":\"https:\/\/secure.gravatar.com\/avatar\/a0b128fb9855c79efc976d5640eedb31dc35ec297594d6016d2cf7c60e975bb6?s=96&d=mm&r=g\",\"caption\":\"Av. Deniz Can K\u0131z\u0131l\"},\"sameAs\":[\"http:\/\/www.denizcankizil.tr\"],\"url\":\"https:\/\/denizcankizil.tr\/uk\/author\/denizcankizil\/\"}]}<\/script>\n<!-- \/ Yoast SEO Premium plugin. -->","yoast_head_json":{"title":"Bu sahillere gece giri\u015fin cezas\u0131 557 bin TL - Av. Deniz Can K\u0131z\u0131l","robots":{"index":"index","follow":"follow","max-snippet":"max-snippet:-1","max-image-preview":"max-image-preview:large","max-video-preview":"max-video-preview:-1"},"canonical":"https:\/\/denizcankizil.tr\/uk\/haberler\/antalya\/bu-sahillere-gece-girisin-cezasi-557-bin-tl\/","og_locale":"uk_UA","og_type":"article","og_title":"Bu sahillere gece giri\u015fin cezas\u0131 557 bin TL","og_description":"D\u00fcnya Do\u011fay\u0131 Koruma Birli\u011fi&#8217;nin (IUCN) nesli tehlike alt\u0131ndaki t\u00fcrler listesindeki caretta caretta ve chelonia mydas t\u00fcr\u00fc deniz kaplumba\u011falar\u0131n\u0131n Akdeniz sahillerindeki yuvalama d\u00f6nemi ba\u015flad\u0131. Her y\u0131l nisan sonu veya may\u0131s ay\u0131nda ba\u015flayan s\u00fcre\u00e7, eri\u015fkin kaplumba\u011falar\u0131n kumsallara \u00e7\u0131k\u0131p yumurta b\u0131rakmas\u0131, temmuz ortas\u0131ndan itibaren de yuvalardan yavrular\u0131n \u00e7\u0131k\u0131\u015f\u0131 ve denize ula\u015fmas\u0131 \u015feklinde eyl\u00fcl ay\u0131 sonuna kadar devam ediyor. Deniz kaplumba\u011falar\u0131n\u0131n Akdeniz&#8217;deki en b\u00fcy\u00fck yuvalama kumsallar\u0131n\u0131, T\u00fcrkiye&#8217;nin Akdeniz k\u0131y\u0131lar\u0131 olu\u015fturuyor. T\u00dcRK\u0130YE&#8217;DE 21 YUVALAMA KUMSALI T\u00fcrkiye&#8217;de en b\u00fcy\u00fck yuvalama alanlar\u0131 Antalya&#8217;da bulunuyor. Ekoloji Ara\u015ft\u0131rmalar Derne\u011fi&#8217;nin (EKAD), bu sezon 27&#8217;nci y\u0131l \u00e7al\u0131\u015fmalar\u0131n\u0131 y\u00fcr\u00fctece\u011fi 30 kilometrelik Belek kumsal\u0131 hem T\u00fcrkiye hem de Akdeniz&#8217;in en b\u00fcy\u00fck yuvalama alan\u0131 olarak ge\u00e7iyor. T\u00fcrkiye&#8217;de 9&#8217;u Antalya&#8217;da olmak \u00fczere, Mu\u011fla, Mersin, Adana ve Hatay illerinde 21 deniz kaplumba\u011fas\u0131 yuvalama kumsal\u0131 bulunuyor. Bu kumsallar; Ekincik, Dalyan, Dalaman, Fethiye, Patara, Kale, Kumluca, Olimpos-\u00c7\u0131ral\u0131, Tekirova, Belek, K\u0131z\u0131lot, Demirta\u015f, Gazipa\u015fa, Anamur, G\u00f6ksu Deltas\u0131, Alata, Davultepe, Kazanl\u0131, Akyatan, Yumurtal\u0131k, Samanda\u011f. BU YIL CEZA M\u0130KTARI 557 B\u0130N 212 TL Tar\u0131m ve Orman Bakanl\u0131\u011f\u0131&#8217;na ba\u011fl\u0131 Do\u011fa Koruma Milli Parklar (DKMP) Genel M\u00fcd\u00fcrl\u00fc\u011f\u00fc ile \u00c7evre \u015eehircilik ve \u0130klim De\u011fi\u015fikli\u011fi Bakanl\u0131\u011f\u0131&#8217;na ba\u011fl\u0131 Tabiat Varl\u0131klar\u0131n\u0131 Koruma Genel M\u00fcd\u00fcrl\u00fc\u011f\u00fc sorumlulu\u011fundaki bu kumsallar\u0131n tamam\u0131nda, yuvalama ve yavru \u00e7\u0131k\u0131\u015f d\u00f6nemi olan may\u0131s-eyl\u00fcl aylar\u0131 aras\u0131nda geceleri sahile giri\u015fler yasak. Ayr\u0131ca bu sahillere ara\u00e7la giri\u015f, \u00e7ad\u0131r kurmak, &hellip;","og_url":"https:\/\/denizcankizil.tr\/uk\/haberler\/antalya\/bu-sahillere-gece-girisin-cezasi-557-bin-tl\/","og_site_name":"Av. Deniz Can K\u0131z\u0131l","article_published_time":"2025-05-21T07:41:33+00:00","og_image":[{"width":1280,"height":720,"url":"https:\/\/denizcankizil.tr\/wp-content\/uploads\/2025\/05\/6449-01-b6eNAE.jpg","type":"image\/jpeg"}],"author":"Av. Deniz Can K\u0131z\u0131l","twitter_card":"summary_large_image","twitter_misc":{"\u041d\u0430\u043f\u0438\u0441\u0430\u043d\u043e":"Av. Deniz Can K\u0131z\u0131l","\u041f\u0440\u0438\u0431\u043b. \u0447\u0430\u0441 \u0447\u0438\u0442\u0430\u043d\u043d\u044f":"2 \u0445\u0432\u0438\u043b\u0438\u043d\u0438"},"schema":{"@context":"https:\/\/schema.org","@graph":[{"@type":"Article","@id":"https:\/\/denizcankizil.tr\/ru\/haberler\/antalya\/bu-sahillere-gece-girisin-cezasi-557-bin-tl\/#article","isPartOf":{"@id":"https:\/\/denizcankizil.tr\/ru\/haberler\/antalya\/bu-sahillere-gece-girisin-cezasi-557-bin-tl\/"},"author":{"name":"Av. Deniz Can K\u0131z\u0131l","@id":"https:\/\/denizcankizil.tr\/de\/#\/schema\/person\/5dc1b22991bd7ac833867c10afc9b0ff"},"headline":"Bu sahillere gece giri\u015fin cezas\u0131 557 bin TL","datePublished":"2025-05-21T07:41:33+00:00","mainEntityOfPage":{"@id":"https:\/\/denizcankizil.tr\/ru\/haberler\/antalya\/bu-sahillere-gece-girisin-cezasi-557-bin-tl\/"},"wordCount":467,"publisher":{"@id":"https:\/\/denizcankizil.tr\/de\/#organization"},"image":{"@id":"https:\/\/denizcankizil.tr\/ru\/haberler\/antalya\/bu-sahillere-gece-girisin-cezasi-557-bin-tl\/#primaryimage"},"thumbnailUrl":"https:\/\/denizcankizil.tr\/wp-content\/uploads\/2025\/05\/6449-01-b6eNAE.jpg","articleSection":["Antalya"],"inLanguage":"uk"},{"@type":"WebPage","@id":"https:\/\/denizcankizil.tr\/ru\/haberler\/antalya\/bu-sahillere-gece-girisin-cezasi-557-bin-tl\/","url":"https:\/\/denizcankizil.tr\/ru\/haberler\/antalya\/bu-sahillere-gece-girisin-cezasi-557-bin-tl\/","name":"Bu sahillere gece giri\u015fin cezas\u0131 557 bin TL - Av. Deniz Can K\u0131z\u0131l","isPartOf":{"@id":"https:\/\/denizcankizil.tr\/de\/#website"},"primaryImageOfPage":{"@id":"https:\/\/denizcankizil.tr\/ru\/haberler\/antalya\/bu-sahillere-gece-girisin-cezasi-557-bin-tl\/#primaryimage"},"image":{"@id":"https:\/\/denizcankizil.tr\/ru\/haberler\/antalya\/bu-sahillere-gece-girisin-cezasi-557-bin-tl\/#primaryimage"},"thumbnailUrl":"https:\/\/denizcankizil.tr\/wp-content\/uploads\/2025\/05\/6449-01-b6eNAE.jpg","datePublished":"2025-05-21T07:41:33+00:00","breadcrumb":{"@id":"https:\/\/denizcankizil.tr\/ru\/haberler\/antalya\/bu-sahillere-gece-girisin-cezasi-557-bin-tl\/#breadcrumb"},"inLanguage":"uk","potentialAction":[{"@type":"ReadAction","target":["https:\/\/denizcankizil.tr\/ru\/haberler\/antalya\/bu-sahillere-gece-girisin-cezasi-557-bin-tl\/"]}]},{"@type":"ImageObject","inLanguage":"uk","@id":"https:\/\/denizcankizil.tr\/ru\/haberler\/antalya\/bu-sahillere-gece-girisin-cezasi-557-bin-tl\/#primaryimage","url":"https:\/\/denizcankizil.tr\/wp-content\/uploads\/2025\/05\/6449-01-b6eNAE.jpg","contentUrl":"https:\/\/denizcankizil.tr\/wp-content\/uploads\/2025\/05\/6449-01-b6eNAE.jpg","width":1280,"height":720},{"@type":"BreadcrumbList","@id":"https:\/\/denizcankizil.tr\/ru\/haberler\/antalya\/bu-sahillere-gece-girisin-cezasi-557-bin-tl\/#breadcrumb","itemListElement":[{"@type":"ListItem","position":1,"name":"Home","item":"https:\/\/denizcankizil.tr\/de\/"},{"@type":"ListItem","position":2,"name":"Bu sahillere gece giri\u015fin cezas\u0131 557 bin TL"}]},{"@type":"WebSite","@id":"https:\/\/denizcankizil.tr\/de\/#website","url":"https:\/\/denizcankizil.tr\/de\/","name":"Av. Deniz Can K\u0131z\u0131l","description":"Avukat Deniz Can K\u0131z\u0131l Antalya Barosu","publisher":{"@id":"https:\/\/denizcankizil.tr\/de\/#organization"},"potentialAction":[{"@type":"SearchAction","target":{"@type":"EntryPoint","urlTemplate":"https:\/\/denizcankizil.tr\/de\/?s={search_term_string}"},"query-input":{"@type":"PropertyValueSpecification","valueRequired":true,"valueName":"search_term_string"}}],"inLanguage":"uk"},{"@type":"Organization","@id":"https:\/\/denizcankizil.tr\/de\/#organization","name":"Av. Deniz Can K\u0131z\u0131l","url":"https:\/\/denizcankizil.tr\/de\/","logo":{"@type":"ImageObject","inLanguage":"uk","@id":"https:\/\/denizcankizil.tr\/de\/#\/schema\/logo\/image\/","url":"https:\/\/denizcankizil.tr\/wp-content\/uploads\/2024\/10\/siyah-logo-svg.svg","contentUrl":"https:\/\/denizcankizil.tr\/wp-content\/uploads\/2024\/10\/siyah-logo-svg.svg","width":1080,"height":1080,"caption":"Av. Deniz Can K\u0131z\u0131l"},"image":{"@id":"https:\/\/denizcankizil.tr\/de\/#\/schema\/logo\/image\/"}},{"@type":"Person","@id":"https:\/\/denizcankizil.tr\/de\/#\/schema\/person\/5dc1b22991bd7ac833867c10afc9b0ff","name":"Av. Deniz Can K\u0131z\u0131l","image":{"@type":"ImageObject","inLanguage":"uk","@id":"https:\/\/denizcankizil.tr\/de\/#\/schema\/person\/image\/","url":"https:\/\/secure.gravatar.com\/avatar\/a0b128fb9855c79efc976d5640eedb31dc35ec297594d6016d2cf7c60e975bb6?s=96&d=mm&r=g","contentUrl":"https:\/\/secure.gravatar.com\/avatar\/a0b128fb9855c79efc976d5640eedb31dc35ec297594d6016d2cf7c60e975bb6?s=96&d=mm&r=g","caption":"Av. Deniz Can K\u0131z\u0131l"},"sameAs":["http:\/\/www.denizcankizil.tr"],"url":"https:\/\/denizcankizil.tr\/uk\/author\/denizcankizil\/"}]}},"_links":{"self":[{"href":"https:\/\/denizcankizil.tr\/uk\/wp-json\/wp\/v2\/posts\/93518","targetHints":{"allow":["GET"]}}],"collection":[{"href":"https:\/\/denizcankizil.tr\/uk\/wp-json\/wp\/v2\/posts"}],"about":[{"href":"https:\/\/denizcankizil.tr\/uk\/wp-json\/wp\/v2\/types\/post"}],"author":[{"embeddable":true,"href":"https:\/\/denizcankizil.tr\/uk\/wp-json\/wp\/v2\/users\/4"}],"replies":[{"embeddable":true,"href":"https:\/\/denizcankizil.tr\/uk\/wp-json\/wp\/v2\/comments?post=93518"}],"version-history":[{"count":0,"href":"https:\/\/denizcankizil.tr\/uk\/wp-json\/wp\/v2\/posts\/93518\/revisions"}],"wp:featuredmedia":[{"embeddable":true,"href":"https:\/\/denizcankizil.tr\/uk\/wp-json\/wp\/v2\/media\/93519"}],"wp:attachment":[{"href":"https:\/\/denizcankizil.tr\/uk\/wp-json\/wp\/v2\/media?parent=93518"}],"wp:term":[{"taxonomy":"category","embeddable":true,"href":"https:\/\/denizcankizil.tr\/uk\/wp-json\/wp\/v2\/categories?post=93518"},{"taxonomy":"post_tag","embeddable":true,"href":"https:\/\/denizcankizil.tr\/uk\/wp-json\/wp\/v2\/tags?post=93518"}],"curies":[{"name":"wp","href":"https:\/\/api.w.org\/{rel}","templated":true}]}}