{"id":92562,"date":"2025-05-20T11:41:39","date_gmt":"2025-05-20T08:41:39","guid":{"rendered":"https:\/\/denizcankizil.tr\/uncategorized-tr\/antalyada-ceza-ile-19-mayis-coskusu\/"},"modified":"2025-05-20T11:41:39","modified_gmt":"2025-05-20T08:41:39","slug":"antalyada-ceza-ile-19-mayis-coskusu","status":"publish","type":"post","link":"https:\/\/denizcankizil.tr\/uk\/haberler\/antalya\/antalyada-ceza-ile-19-mayis-coskusu\/","title":{"rendered":"Antalya&#8217;da &#8216;Ceza&#8217; ile 19 May\u0131s co\u015fkusu"},"content":{"rendered":"<p>19 May\u0131s Atat\u00fcrk&#8217;\u00fc Anma, Gen\u00e7lik ve Spor Bayram\u0131 kutlamalar\u0131 kapsam\u0131nda Antalya B\u00fcy\u00fck\u015fehir Belediyesi ve Cumhuriyet \u0130\u00e7in Antalya El Ele Platformu taraf\u0131ndan d\u00fczenlenen fener alay\u0131na on binlerce vatanda\u015f kat\u0131ld\u0131. Konyaalt\u0131 Varyant&#8217;tan ba\u015flayan y\u00fcr\u00fcy\u00fc\u015fe ellerinde T\u00fcrk bayraklar\u0131 ve me\u015falelerle kat\u0131lan vatanda\u015flar co\u015fkuyla y\u00fcr\u00fcd\u00fc. Fener Alay\u0131 Cumhuriyet Meydan\u0131&#8217;nda son buldu.<\/p>\n<p>Saatler \u00f6ncesinden Cumhuriyet Meydan\u0131&#8217;n\u0131 dolduran binlerce Antalyal\u0131,fener alay\u0131na kat\u0131lan vatanda\u015flar\u0131 ve protokol\u00fc alk\u0131\u015flarla kar\u015f\u0131lad\u0131. Cumhuriyet Meydan\u0131&#8217;n\u0131 dolduran ve \u00e7o\u011funlu\u011fu gen\u00e7lerden olu\u015fan co\u015fkulu kalabal\u0131k DJ performans\u0131 ile e\u011flendi. Sayg\u0131 duru\u015fu ve \u0130stiklal Mar\u015f\u0131&#8217;n\u0131n okunmas\u0131n\u0131n ard\u0131ndan sahneye \u00e7\u0131kan Antalya B\u00fcy\u00fck\u015fehir Belediye Ba\u015fkan\u0131 Muhittin B\u00f6cek, elinde T\u00fcrk bayra\u011f\u0131 ile alan\u0131 dolduran Antalyal\u0131lar\u0131 selamlad\u0131.<\/p>\n<p>ANTALYALILARIN BAYRAMINI KUTLADI<\/p>\n<p>Cumhuriyet Meydan\u0131&#8217;n\u0131 dolduran Antalyal\u0131lara seslenen Ba\u015fkan B\u00f6cek, \u201cCumhuriyetimizin kurucusu Gazi Mustafa Kemal Atat\u00fcrk&#8217;\u00fcn 19 May\u0131s 1919&#8217;da Samsun&#8217;a \u00e7\u0131karak yakt\u0131\u011f\u0131 ba\u011f\u0131ms\u0131zl\u0131k ve \u00f6zg\u00fcrl\u00fck me\u015falesi, 106 y\u0131ld\u0131r yolumuzu ayd\u0131nlatmaya devam ediyor. Kurtulu\u015f m\u00fccadelemizi ba\u015flatan, Cumhuriyetimizin kurucusu Gazi Mustafa Kemal Atat\u00fcrk&#8217;\u00fc, kahraman gazilerimizi ve t\u00fcm \u015fehitlerimizi, rahmet, minnet ve \u00f6zlemle an\u0131yor, \u00f6nlerinde sayg\u0131yla e\u011filiyorum&#8221; s\u00f6zleriyle konu\u015fmas\u0131na ba\u015flad\u0131. Ba\u015fkan B\u00f6cek, alan\u0131 dolduran binlerce Antalyal\u0131n\u0131n bayram\u0131n\u0131 kutlad\u0131.<\/p>\n<p>CEZA \u015eARKILARIYLA 19 MAYIS&#8217;A RENK KATTI<\/p>\n<p>Ba\u015fkan B\u00f6cek&#8217;in konu\u015fmas\u0131n\u0131n ard\u0131ndan co\u015fkulu gece, Ceza konseri ile devam etti. Ceza, en g\u00fczel \u015fark\u0131lar\u0131n\u0131 Antalyal\u0131lar ve gen\u00e7ler i\u00e7in seslendirdi. Antalya&#8217;da olmaktan duydu\u011fu memnuniyeti dile getiren Ceza, \u201c\u015eu anda d\u00fcnyan\u0131n en g\u00fczel deniz manzaras\u0131na bak\u0131yorum. Buradan muhte\u015fem g\u00f6r\u00fcn\u00fcyorsunuz. Bug\u00fcn hepimiz i\u00e7in \u00e7ok \u00f6nemli bir g\u00fcn. Ata&#8217;m\u0131z\u0131n milli m\u00fccadeleyi ba\u015flatt\u0131\u011f\u0131, her\u015feyin ba\u015flad\u0131\u011f\u0131 \u00f6zel ve \u00f6nemli bir g\u00fcn. B\u00f6yle \u00f6zel bir g\u00fcnde beni sizlerle bulu\u015fturan ba\u015fta Ba\u015fkan\u0131m\u0131z Muhittin B\u00f6cek olmak \u00fczere t\u00fcm eme\u011fi ge\u00e7enlere sonsuz te\u015fekk\u00fcrler. Ata&#8217;m\u0131z\u0131 ve silah arkada\u015flar\u0131n\u0131 minnetle ve sayg\u0131yla an\u0131yoruz. Bayram\u0131m\u0131z kutlu olsun&#8221; dedi. Ba\u015fkan B\u00f6cek de Ceza&#8217;ya ay y\u0131ld\u0131zl\u0131 plaket ve \u00e7i\u00e7ek takdim etti. 19 May\u0131s kutlamalar\u0131 gece boyu Ceza&#8217;n\u0131n seslendirdi\u011fi \u015fark\u0131larla devam etti. Ceza&#8217;n\u0131n \u015fark\u0131lar\u0131na hep bir a\u011f\u0131zdan e\u015flik eden Antalyal\u0131lar co\u015fku dolu bir bayram ya\u015fad\u0131.<\/p>\n<p>Kaynak: www.kanalv.com.tr Haber Sitesinden Al\u0131nm\u0131\u015ft\u0131r.<\/p>","protected":false},"excerpt":{"rendered":"<p>19 May\u0131s Atat\u00fcrk&#8217;\u00fc Anma, Gen\u00e7lik ve Spor Bayram\u0131 kutlamalar\u0131 kapsam\u0131nda Antalya B\u00fcy\u00fck\u015fehir Belediyesi ve Cumhuriyet \u0130\u00e7in Antalya El Ele Platformu taraf\u0131ndan d\u00fczenlenen fener alay\u0131na on binlerce vatanda\u015f kat\u0131ld\u0131. Konyaalt\u0131 Varyant&#8217;tan ba\u015flayan y\u00fcr\u00fcy\u00fc\u015fe ellerinde T\u00fcrk bayraklar\u0131 ve me\u015falelerle kat\u0131lan vatanda\u015flar co\u015fkuyla y\u00fcr\u00fcd\u00fc. Fener Alay\u0131 Cumhuriyet Meydan\u0131&#8217;nda son buldu. Saatler \u00f6ncesinden Cumhuriyet Meydan\u0131&#8217;n\u0131 dolduran binlerce Antalyal\u0131,fener alay\u0131na kat\u0131lan vatanda\u015flar\u0131 ve protokol\u00fc alk\u0131\u015flarla kar\u015f\u0131lad\u0131. Cumhuriyet Meydan\u0131&#8217;n\u0131 dolduran ve \u00e7o\u011funlu\u011fu gen\u00e7lerden olu\u015fan co\u015fkulu kalabal\u0131k DJ performans\u0131 ile e\u011flendi. Sayg\u0131 duru\u015fu ve \u0130stiklal Mar\u015f\u0131&#8217;n\u0131n okunmas\u0131n\u0131n ard\u0131ndan sahneye \u00e7\u0131kan Antalya B\u00fcy\u00fck\u015fehir Belediye Ba\u015fkan\u0131 Muhittin B\u00f6cek, elinde T\u00fcrk bayra\u011f\u0131 ile alan\u0131 dolduran Antalyal\u0131lar\u0131 selamlad\u0131. ANTALYALILARIN BAYRAMINI KUTLADI Cumhuriyet Meydan\u0131&#8217;n\u0131 dolduran Antalyal\u0131lara seslenen Ba\u015fkan B\u00f6cek, \u201cCumhuriyetimizin kurucusu Gazi Mustafa Kemal Atat\u00fcrk&#8217;\u00fcn 19 May\u0131s 1919&#8217;da Samsun&#8217;a \u00e7\u0131karak yakt\u0131\u011f\u0131 ba\u011f\u0131ms\u0131zl\u0131k ve \u00f6zg\u00fcrl\u00fck me\u015falesi, 106 y\u0131ld\u0131r yolumuzu ayd\u0131nlatmaya devam ediyor. Kurtulu\u015f m\u00fccadelemizi ba\u015flatan, Cumhuriyetimizin kurucusu Gazi Mustafa Kemal Atat\u00fcrk&#8217;\u00fc, kahraman gazilerimizi ve t\u00fcm \u015fehitlerimizi, rahmet, minnet ve \u00f6zlemle an\u0131yor, \u00f6nlerinde sayg\u0131yla e\u011filiyorum&#8221; s\u00f6zleriyle konu\u015fmas\u0131na ba\u015flad\u0131. Ba\u015fkan B\u00f6cek, alan\u0131 dolduran binlerce Antalyal\u0131n\u0131n bayram\u0131n\u0131 kutlad\u0131. CEZA \u015eARKILARIYLA 19 MAYIS&#8217;A RENK KATTI Ba\u015fkan B\u00f6cek&#8217;in konu\u015fmas\u0131n\u0131n ard\u0131ndan co\u015fkulu gece, Ceza konseri ile devam etti. Ceza, en g\u00fczel \u015fark\u0131lar\u0131n\u0131 Antalyal\u0131lar ve gen\u00e7ler i\u00e7in seslendirdi. Antalya&#8217;da olmaktan duydu\u011fu memnuniyeti dile getiren Ceza, \u201c\u015eu anda d\u00fcnyan\u0131n en g\u00fczel &hellip;<\/p>","protected":false},"author":4,"featured_media":92563,"comment_status":"","ping_status":"open","sticky":false,"template":"","format":"standard","meta":{"_acf_changed":false,"footnotes":""},"categories":[26],"tags":[],"class_list":["post-92562","post","type-post","status-publish","format-standard","has-post-thumbnail","hentry","category-antalya"],"acf":[],"yoast_head":"<!-- This site is optimized with the Yoast SEO Premium plugin v26.6 (Yoast SEO v27.1.1) - https:\/\/yoast.com\/product\/yoast-seo-premium-wordpress\/ -->\n<title>Antalya&#039;da &#039;Ceza&#039; ile 19 May\u0131s co\u015fkusu - Av. Deniz Can K\u0131z\u0131l<\/title>\n<meta name=\"robots\" content=\"index, follow, max-snippet:-1, max-image-preview:large, max-video-preview:-1\" \/>\n<link rel=\"canonical\" href=\"https:\/\/denizcankizil.tr\/uk\/haberler\/antalya\/antalyada-ceza-ile-19-mayis-coskusu\/\" \/>\n<meta property=\"og:locale\" content=\"uk_UA\" \/>\n<meta property=\"og:type\" content=\"article\" \/>\n<meta property=\"og:title\" content=\"Antalya&#039;da &#039;Ceza&#039; ile 19 May\u0131s co\u015fkusu\" \/>\n<meta property=\"og:description\" content=\"19 May\u0131s Atat\u00fcrk&#8217;\u00fc Anma, Gen\u00e7lik ve Spor Bayram\u0131 kutlamalar\u0131 kapsam\u0131nda Antalya B\u00fcy\u00fck\u015fehir Belediyesi ve Cumhuriyet \u0130\u00e7in Antalya El Ele Platformu taraf\u0131ndan d\u00fczenlenen fener alay\u0131na on binlerce vatanda\u015f kat\u0131ld\u0131. Konyaalt\u0131 Varyant&#8217;tan ba\u015flayan y\u00fcr\u00fcy\u00fc\u015fe ellerinde T\u00fcrk bayraklar\u0131 ve me\u015falelerle kat\u0131lan vatanda\u015flar co\u015fkuyla y\u00fcr\u00fcd\u00fc. Fener Alay\u0131 Cumhuriyet Meydan\u0131&#8217;nda son buldu. Saatler \u00f6ncesinden Cumhuriyet Meydan\u0131&#8217;n\u0131 dolduran binlerce Antalyal\u0131,fener alay\u0131na kat\u0131lan vatanda\u015flar\u0131 ve protokol\u00fc alk\u0131\u015flarla kar\u015f\u0131lad\u0131. Cumhuriyet Meydan\u0131&#8217;n\u0131 dolduran ve \u00e7o\u011funlu\u011fu gen\u00e7lerden olu\u015fan co\u015fkulu kalabal\u0131k DJ performans\u0131 ile e\u011flendi. Sayg\u0131 duru\u015fu ve \u0130stiklal Mar\u015f\u0131&#8217;n\u0131n okunmas\u0131n\u0131n ard\u0131ndan sahneye \u00e7\u0131kan Antalya B\u00fcy\u00fck\u015fehir Belediye Ba\u015fkan\u0131 Muhittin B\u00f6cek, elinde T\u00fcrk bayra\u011f\u0131 ile alan\u0131 dolduran Antalyal\u0131lar\u0131 selamlad\u0131. ANTALYALILARIN BAYRAMINI KUTLADI Cumhuriyet Meydan\u0131&#8217;n\u0131 dolduran Antalyal\u0131lara seslenen Ba\u015fkan B\u00f6cek, \u201cCumhuriyetimizin kurucusu Gazi Mustafa Kemal Atat\u00fcrk&#8217;\u00fcn 19 May\u0131s 1919&#8217;da Samsun&#8217;a \u00e7\u0131karak yakt\u0131\u011f\u0131 ba\u011f\u0131ms\u0131zl\u0131k ve \u00f6zg\u00fcrl\u00fck me\u015falesi, 106 y\u0131ld\u0131r yolumuzu ayd\u0131nlatmaya devam ediyor. Kurtulu\u015f m\u00fccadelemizi ba\u015flatan, Cumhuriyetimizin kurucusu Gazi Mustafa Kemal Atat\u00fcrk&#8217;\u00fc, kahraman gazilerimizi ve t\u00fcm \u015fehitlerimizi, rahmet, minnet ve \u00f6zlemle an\u0131yor, \u00f6nlerinde sayg\u0131yla e\u011filiyorum&#8221; s\u00f6zleriyle konu\u015fmas\u0131na ba\u015flad\u0131. Ba\u015fkan B\u00f6cek, alan\u0131 dolduran binlerce Antalyal\u0131n\u0131n bayram\u0131n\u0131 kutlad\u0131. CEZA \u015eARKILARIYLA 19 MAYIS&#8217;A RENK KATTI Ba\u015fkan B\u00f6cek&#8217;in konu\u015fmas\u0131n\u0131n ard\u0131ndan co\u015fkulu gece, Ceza konseri ile devam etti. Ceza, en g\u00fczel \u015fark\u0131lar\u0131n\u0131 Antalyal\u0131lar ve gen\u00e7ler i\u00e7in seslendirdi. Antalya&#8217;da olmaktan duydu\u011fu memnuniyeti dile getiren Ceza, \u201c\u015eu anda d\u00fcnyan\u0131n en g\u00fczel &hellip;\" \/>\n<meta property=\"og:url\" content=\"https:\/\/denizcankizil.tr\/uk\/haberler\/antalya\/antalyada-ceza-ile-19-mayis-coskusu\/\" \/>\n<meta property=\"og:site_name\" content=\"Av. Deniz Can K\u0131z\u0131l\" \/>\n<meta property=\"article:published_time\" content=\"2025-05-20T08:41:39+00:00\" \/>\n<meta property=\"og:image\" content=\"https:\/\/denizcankizil.tr\/wp-content\/uploads\/2025\/05\/6426-01-TBfzkR.jpg\" \/>\n\t<meta property=\"og:image:width\" content=\"1280\" \/>\n\t<meta property=\"og:image:height\" content=\"720\" \/>\n\t<meta property=\"og:image:type\" content=\"image\/jpeg\" \/>\n<meta name=\"author\" content=\"Av. Deniz Can K\u0131z\u0131l\" \/>\n<meta name=\"twitter:card\" content=\"summary_large_image\" \/>\n<meta name=\"twitter:label1\" content=\"\u041d\u0430\u043f\u0438\u0441\u0430\u043d\u043e\" \/>\n\t<meta name=\"twitter:data1\" content=\"Av. Deniz Can K\u0131z\u0131l\" \/>\n\t<meta name=\"twitter:label2\" content=\"\u041f\u0440\u0438\u0431\u043b. \u0447\u0430\u0441 \u0447\u0438\u0442\u0430\u043d\u043d\u044f\" \/>\n\t<meta name=\"twitter:data2\" content=\"2 \u0445\u0432\u0438\u043b\u0438\u043d\u0438\" \/>\n<script type=\"application\/ld+json\" class=\"yoast-schema-graph\">{\"@context\":\"https:\/\/schema.org\",\"@graph\":[{\"@type\":\"Article\",\"@id\":\"https:\/\/denizcankizil.tr\/de\/haberler\/antalya\/antalyada-ceza-ile-19-mayis-coskusu\/#article\",\"isPartOf\":{\"@id\":\"https:\/\/denizcankizil.tr\/de\/haberler\/antalya\/antalyada-ceza-ile-19-mayis-coskusu\/\"},\"author\":{\"name\":\"Av. Deniz Can K\u0131z\u0131l\",\"@id\":\"https:\/\/denizcankizil.tr\/de\/#\/schema\/person\/5dc1b22991bd7ac833867c10afc9b0ff\"},\"headline\":\"Antalya&#8217;da &#8216;Ceza&#8217; ile 19 May\u0131s co\u015fkusu\",\"datePublished\":\"2025-05-20T08:41:39+00:00\",\"mainEntityOfPage\":{\"@id\":\"https:\/\/denizcankizil.tr\/de\/haberler\/antalya\/antalyada-ceza-ile-19-mayis-coskusu\/\"},\"wordCount\":465,\"publisher\":{\"@id\":\"https:\/\/denizcankizil.tr\/de\/#organization\"},\"image\":{\"@id\":\"https:\/\/denizcankizil.tr\/de\/haberler\/antalya\/antalyada-ceza-ile-19-mayis-coskusu\/#primaryimage\"},\"thumbnailUrl\":\"https:\/\/denizcankizil.tr\/wp-content\/uploads\/2025\/05\/6426-01-TBfzkR.jpg\",\"articleSection\":[\"Antalya\"],\"inLanguage\":\"uk\"},{\"@type\":\"WebPage\",\"@id\":\"https:\/\/denizcankizil.tr\/de\/haberler\/antalya\/antalyada-ceza-ile-19-mayis-coskusu\/\",\"url\":\"https:\/\/denizcankizil.tr\/de\/haberler\/antalya\/antalyada-ceza-ile-19-mayis-coskusu\/\",\"name\":\"Antalya'da 'Ceza' ile 19 May\u0131s co\u015fkusu - Av. Deniz Can K\u0131z\u0131l\",\"isPartOf\":{\"@id\":\"https:\/\/denizcankizil.tr\/de\/#website\"},\"primaryImageOfPage\":{\"@id\":\"https:\/\/denizcankizil.tr\/de\/haberler\/antalya\/antalyada-ceza-ile-19-mayis-coskusu\/#primaryimage\"},\"image\":{\"@id\":\"https:\/\/denizcankizil.tr\/de\/haberler\/antalya\/antalyada-ceza-ile-19-mayis-coskusu\/#primaryimage\"},\"thumbnailUrl\":\"https:\/\/denizcankizil.tr\/wp-content\/uploads\/2025\/05\/6426-01-TBfzkR.jpg\",\"datePublished\":\"2025-05-20T08:41:39+00:00\",\"breadcrumb\":{\"@id\":\"https:\/\/denizcankizil.tr\/de\/haberler\/antalya\/antalyada-ceza-ile-19-mayis-coskusu\/#breadcrumb\"},\"inLanguage\":\"uk\",\"potentialAction\":[{\"@type\":\"ReadAction\",\"target\":[\"https:\/\/denizcankizil.tr\/de\/haberler\/antalya\/antalyada-ceza-ile-19-mayis-coskusu\/\"]}]},{\"@type\":\"ImageObject\",\"inLanguage\":\"uk\",\"@id\":\"https:\/\/denizcankizil.tr\/de\/haberler\/antalya\/antalyada-ceza-ile-19-mayis-coskusu\/#primaryimage\",\"url\":\"https:\/\/denizcankizil.tr\/wp-content\/uploads\/2025\/05\/6426-01-TBfzkR.jpg\",\"contentUrl\":\"https:\/\/denizcankizil.tr\/wp-content\/uploads\/2025\/05\/6426-01-TBfzkR.jpg\",\"width\":1280,\"height\":720},{\"@type\":\"BreadcrumbList\",\"@id\":\"https:\/\/denizcankizil.tr\/de\/haberler\/antalya\/antalyada-ceza-ile-19-mayis-coskusu\/#breadcrumb\",\"itemListElement\":[{\"@type\":\"ListItem\",\"position\":1,\"name\":\"Home\",\"item\":\"https:\/\/denizcankizil.tr\/de\/\"},{\"@type\":\"ListItem\",\"position\":2,\"name\":\"Antalya&#8217;da &#8216;Ceza&#8217; ile 19 May\u0131s co\u015fkusu\"}]},{\"@type\":\"WebSite\",\"@id\":\"https:\/\/denizcankizil.tr\/de\/#website\",\"url\":\"https:\/\/denizcankizil.tr\/de\/\",\"name\":\"Av. Deniz Can K\u0131z\u0131l\",\"description\":\"Avukat Deniz Can K\u0131z\u0131l Antalya Barosu\",\"publisher\":{\"@id\":\"https:\/\/denizcankizil.tr\/de\/#organization\"},\"potentialAction\":[{\"@type\":\"SearchAction\",\"target\":{\"@type\":\"EntryPoint\",\"urlTemplate\":\"https:\/\/denizcankizil.tr\/de\/?s={search_term_string}\"},\"query-input\":{\"@type\":\"PropertyValueSpecification\",\"valueRequired\":true,\"valueName\":\"search_term_string\"}}],\"inLanguage\":\"uk\"},{\"@type\":\"Organization\",\"@id\":\"https:\/\/denizcankizil.tr\/de\/#organization\",\"name\":\"Av. Deniz Can K\u0131z\u0131l\",\"url\":\"https:\/\/denizcankizil.tr\/de\/\",\"logo\":{\"@type\":\"ImageObject\",\"inLanguage\":\"uk\",\"@id\":\"https:\/\/denizcankizil.tr\/de\/#\/schema\/logo\/image\/\",\"url\":\"https:\/\/denizcankizil.tr\/wp-content\/uploads\/2024\/10\/siyah-logo-svg.svg\",\"contentUrl\":\"https:\/\/denizcankizil.tr\/wp-content\/uploads\/2024\/10\/siyah-logo-svg.svg\",\"width\":1080,\"height\":1080,\"caption\":\"Av. Deniz Can K\u0131z\u0131l\"},\"image\":{\"@id\":\"https:\/\/denizcankizil.tr\/de\/#\/schema\/logo\/image\/\"}},{\"@type\":\"Person\",\"@id\":\"https:\/\/denizcankizil.tr\/de\/#\/schema\/person\/5dc1b22991bd7ac833867c10afc9b0ff\",\"name\":\"Av. Deniz Can K\u0131z\u0131l\",\"image\":{\"@type\":\"ImageObject\",\"inLanguage\":\"uk\",\"@id\":\"https:\/\/denizcankizil.tr\/de\/#\/schema\/person\/image\/\",\"url\":\"https:\/\/secure.gravatar.com\/avatar\/a0b128fb9855c79efc976d5640eedb31dc35ec297594d6016d2cf7c60e975bb6?s=96&d=mm&r=g\",\"contentUrl\":\"https:\/\/secure.gravatar.com\/avatar\/a0b128fb9855c79efc976d5640eedb31dc35ec297594d6016d2cf7c60e975bb6?s=96&d=mm&r=g\",\"caption\":\"Av. Deniz Can K\u0131z\u0131l\"},\"sameAs\":[\"http:\/\/www.denizcankizil.tr\"],\"url\":\"https:\/\/denizcankizil.tr\/uk\/author\/denizcankizil\/\"}]}<\/script>\n<!-- \/ Yoast SEO Premium plugin. -->","yoast_head_json":{"title":"Antalya'da 'Ceza' ile 19 May\u0131s co\u015fkusu - Av. Deniz Can K\u0131z\u0131l","robots":{"index":"index","follow":"follow","max-snippet":"max-snippet:-1","max-image-preview":"max-image-preview:large","max-video-preview":"max-video-preview:-1"},"canonical":"https:\/\/denizcankizil.tr\/uk\/haberler\/antalya\/antalyada-ceza-ile-19-mayis-coskusu\/","og_locale":"uk_UA","og_type":"article","og_title":"Antalya'da 'Ceza' ile 19 May\u0131s co\u015fkusu","og_description":"19 May\u0131s Atat\u00fcrk&#8217;\u00fc Anma, Gen\u00e7lik ve Spor Bayram\u0131 kutlamalar\u0131 kapsam\u0131nda Antalya B\u00fcy\u00fck\u015fehir Belediyesi ve Cumhuriyet \u0130\u00e7in Antalya El Ele Platformu taraf\u0131ndan d\u00fczenlenen fener alay\u0131na on binlerce vatanda\u015f kat\u0131ld\u0131. Konyaalt\u0131 Varyant&#8217;tan ba\u015flayan y\u00fcr\u00fcy\u00fc\u015fe ellerinde T\u00fcrk bayraklar\u0131 ve me\u015falelerle kat\u0131lan vatanda\u015flar co\u015fkuyla y\u00fcr\u00fcd\u00fc. Fener Alay\u0131 Cumhuriyet Meydan\u0131&#8217;nda son buldu. Saatler \u00f6ncesinden Cumhuriyet Meydan\u0131&#8217;n\u0131 dolduran binlerce Antalyal\u0131,fener alay\u0131na kat\u0131lan vatanda\u015flar\u0131 ve protokol\u00fc alk\u0131\u015flarla kar\u015f\u0131lad\u0131. Cumhuriyet Meydan\u0131&#8217;n\u0131 dolduran ve \u00e7o\u011funlu\u011fu gen\u00e7lerden olu\u015fan co\u015fkulu kalabal\u0131k DJ performans\u0131 ile e\u011flendi. Sayg\u0131 duru\u015fu ve \u0130stiklal Mar\u015f\u0131&#8217;n\u0131n okunmas\u0131n\u0131n ard\u0131ndan sahneye \u00e7\u0131kan Antalya B\u00fcy\u00fck\u015fehir Belediye Ba\u015fkan\u0131 Muhittin B\u00f6cek, elinde T\u00fcrk bayra\u011f\u0131 ile alan\u0131 dolduran Antalyal\u0131lar\u0131 selamlad\u0131. ANTALYALILARIN BAYRAMINI KUTLADI Cumhuriyet Meydan\u0131&#8217;n\u0131 dolduran Antalyal\u0131lara seslenen Ba\u015fkan B\u00f6cek, \u201cCumhuriyetimizin kurucusu Gazi Mustafa Kemal Atat\u00fcrk&#8217;\u00fcn 19 May\u0131s 1919&#8217;da Samsun&#8217;a \u00e7\u0131karak yakt\u0131\u011f\u0131 ba\u011f\u0131ms\u0131zl\u0131k ve \u00f6zg\u00fcrl\u00fck me\u015falesi, 106 y\u0131ld\u0131r yolumuzu ayd\u0131nlatmaya devam ediyor. Kurtulu\u015f m\u00fccadelemizi ba\u015flatan, Cumhuriyetimizin kurucusu Gazi Mustafa Kemal Atat\u00fcrk&#8217;\u00fc, kahraman gazilerimizi ve t\u00fcm \u015fehitlerimizi, rahmet, minnet ve \u00f6zlemle an\u0131yor, \u00f6nlerinde sayg\u0131yla e\u011filiyorum&#8221; s\u00f6zleriyle konu\u015fmas\u0131na ba\u015flad\u0131. Ba\u015fkan B\u00f6cek, alan\u0131 dolduran binlerce Antalyal\u0131n\u0131n bayram\u0131n\u0131 kutlad\u0131. CEZA \u015eARKILARIYLA 19 MAYIS&#8217;A RENK KATTI Ba\u015fkan B\u00f6cek&#8217;in konu\u015fmas\u0131n\u0131n ard\u0131ndan co\u015fkulu gece, Ceza konseri ile devam etti. Ceza, en g\u00fczel \u015fark\u0131lar\u0131n\u0131 Antalyal\u0131lar ve gen\u00e7ler i\u00e7in seslendirdi. Antalya&#8217;da olmaktan duydu\u011fu memnuniyeti dile getiren Ceza, \u201c\u015eu anda d\u00fcnyan\u0131n en g\u00fczel &hellip;","og_url":"https:\/\/denizcankizil.tr\/uk\/haberler\/antalya\/antalyada-ceza-ile-19-mayis-coskusu\/","og_site_name":"Av. Deniz Can K\u0131z\u0131l","article_published_time":"2025-05-20T08:41:39+00:00","og_image":[{"width":1280,"height":720,"url":"https:\/\/denizcankizil.tr\/wp-content\/uploads\/2025\/05\/6426-01-TBfzkR.jpg","type":"image\/jpeg"}],"author":"Av. Deniz Can K\u0131z\u0131l","twitter_card":"summary_large_image","twitter_misc":{"\u041d\u0430\u043f\u0438\u0441\u0430\u043d\u043e":"Av. Deniz Can K\u0131z\u0131l","\u041f\u0440\u0438\u0431\u043b. \u0447\u0430\u0441 \u0447\u0438\u0442\u0430\u043d\u043d\u044f":"2 \u0445\u0432\u0438\u043b\u0438\u043d\u0438"},"schema":{"@context":"https:\/\/schema.org","@graph":[{"@type":"Article","@id":"https:\/\/denizcankizil.tr\/de\/haberler\/antalya\/antalyada-ceza-ile-19-mayis-coskusu\/#article","isPartOf":{"@id":"https:\/\/denizcankizil.tr\/de\/haberler\/antalya\/antalyada-ceza-ile-19-mayis-coskusu\/"},"author":{"name":"Av. Deniz Can K\u0131z\u0131l","@id":"https:\/\/denizcankizil.tr\/de\/#\/schema\/person\/5dc1b22991bd7ac833867c10afc9b0ff"},"headline":"Antalya&#8217;da &#8216;Ceza&#8217; ile 19 May\u0131s co\u015fkusu","datePublished":"2025-05-20T08:41:39+00:00","mainEntityOfPage":{"@id":"https:\/\/denizcankizil.tr\/de\/haberler\/antalya\/antalyada-ceza-ile-19-mayis-coskusu\/"},"wordCount":465,"publisher":{"@id":"https:\/\/denizcankizil.tr\/de\/#organization"},"image":{"@id":"https:\/\/denizcankizil.tr\/de\/haberler\/antalya\/antalyada-ceza-ile-19-mayis-coskusu\/#primaryimage"},"thumbnailUrl":"https:\/\/denizcankizil.tr\/wp-content\/uploads\/2025\/05\/6426-01-TBfzkR.jpg","articleSection":["Antalya"],"inLanguage":"uk"},{"@type":"WebPage","@id":"https:\/\/denizcankizil.tr\/de\/haberler\/antalya\/antalyada-ceza-ile-19-mayis-coskusu\/","url":"https:\/\/denizcankizil.tr\/de\/haberler\/antalya\/antalyada-ceza-ile-19-mayis-coskusu\/","name":"Antalya'da 'Ceza' ile 19 May\u0131s co\u015fkusu - Av. Deniz Can K\u0131z\u0131l","isPartOf":{"@id":"https:\/\/denizcankizil.tr\/de\/#website"},"primaryImageOfPage":{"@id":"https:\/\/denizcankizil.tr\/de\/haberler\/antalya\/antalyada-ceza-ile-19-mayis-coskusu\/#primaryimage"},"image":{"@id":"https:\/\/denizcankizil.tr\/de\/haberler\/antalya\/antalyada-ceza-ile-19-mayis-coskusu\/#primaryimage"},"thumbnailUrl":"https:\/\/denizcankizil.tr\/wp-content\/uploads\/2025\/05\/6426-01-TBfzkR.jpg","datePublished":"2025-05-20T08:41:39+00:00","breadcrumb":{"@id":"https:\/\/denizcankizil.tr\/de\/haberler\/antalya\/antalyada-ceza-ile-19-mayis-coskusu\/#breadcrumb"},"inLanguage":"uk","potentialAction":[{"@type":"ReadAction","target":["https:\/\/denizcankizil.tr\/de\/haberler\/antalya\/antalyada-ceza-ile-19-mayis-coskusu\/"]}]},{"@type":"ImageObject","inLanguage":"uk","@id":"https:\/\/denizcankizil.tr\/de\/haberler\/antalya\/antalyada-ceza-ile-19-mayis-coskusu\/#primaryimage","url":"https:\/\/denizcankizil.tr\/wp-content\/uploads\/2025\/05\/6426-01-TBfzkR.jpg","contentUrl":"https:\/\/denizcankizil.tr\/wp-content\/uploads\/2025\/05\/6426-01-TBfzkR.jpg","width":1280,"height":720},{"@type":"BreadcrumbList","@id":"https:\/\/denizcankizil.tr\/de\/haberler\/antalya\/antalyada-ceza-ile-19-mayis-coskusu\/#breadcrumb","itemListElement":[{"@type":"ListItem","position":1,"name":"Home","item":"https:\/\/denizcankizil.tr\/de\/"},{"@type":"ListItem","position":2,"name":"Antalya&#8217;da &#8216;Ceza&#8217; ile 19 May\u0131s co\u015fkusu"}]},{"@type":"WebSite","@id":"https:\/\/denizcankizil.tr\/de\/#website","url":"https:\/\/denizcankizil.tr\/de\/","name":"Av. Deniz Can K\u0131z\u0131l","description":"Avukat Deniz Can K\u0131z\u0131l Antalya Barosu","publisher":{"@id":"https:\/\/denizcankizil.tr\/de\/#organization"},"potentialAction":[{"@type":"SearchAction","target":{"@type":"EntryPoint","urlTemplate":"https:\/\/denizcankizil.tr\/de\/?s={search_term_string}"},"query-input":{"@type":"PropertyValueSpecification","valueRequired":true,"valueName":"search_term_string"}}],"inLanguage":"uk"},{"@type":"Organization","@id":"https:\/\/denizcankizil.tr\/de\/#organization","name":"Av. Deniz Can K\u0131z\u0131l","url":"https:\/\/denizcankizil.tr\/de\/","logo":{"@type":"ImageObject","inLanguage":"uk","@id":"https:\/\/denizcankizil.tr\/de\/#\/schema\/logo\/image\/","url":"https:\/\/denizcankizil.tr\/wp-content\/uploads\/2024\/10\/siyah-logo-svg.svg","contentUrl":"https:\/\/denizcankizil.tr\/wp-content\/uploads\/2024\/10\/siyah-logo-svg.svg","width":1080,"height":1080,"caption":"Av. Deniz Can K\u0131z\u0131l"},"image":{"@id":"https:\/\/denizcankizil.tr\/de\/#\/schema\/logo\/image\/"}},{"@type":"Person","@id":"https:\/\/denizcankizil.tr\/de\/#\/schema\/person\/5dc1b22991bd7ac833867c10afc9b0ff","name":"Av. Deniz Can K\u0131z\u0131l","image":{"@type":"ImageObject","inLanguage":"uk","@id":"https:\/\/denizcankizil.tr\/de\/#\/schema\/person\/image\/","url":"https:\/\/secure.gravatar.com\/avatar\/a0b128fb9855c79efc976d5640eedb31dc35ec297594d6016d2cf7c60e975bb6?s=96&d=mm&r=g","contentUrl":"https:\/\/secure.gravatar.com\/avatar\/a0b128fb9855c79efc976d5640eedb31dc35ec297594d6016d2cf7c60e975bb6?s=96&d=mm&r=g","caption":"Av. Deniz Can K\u0131z\u0131l"},"sameAs":["http:\/\/www.denizcankizil.tr"],"url":"https:\/\/denizcankizil.tr\/uk\/author\/denizcankizil\/"}]}},"_links":{"self":[{"href":"https:\/\/denizcankizil.tr\/uk\/wp-json\/wp\/v2\/posts\/92562","targetHints":{"allow":["GET"]}}],"collection":[{"href":"https:\/\/denizcankizil.tr\/uk\/wp-json\/wp\/v2\/posts"}],"about":[{"href":"https:\/\/denizcankizil.tr\/uk\/wp-json\/wp\/v2\/types\/post"}],"author":[{"embeddable":true,"href":"https:\/\/denizcankizil.tr\/uk\/wp-json\/wp\/v2\/users\/4"}],"replies":[{"embeddable":true,"href":"https:\/\/denizcankizil.tr\/uk\/wp-json\/wp\/v2\/comments?post=92562"}],"version-history":[{"count":0,"href":"https:\/\/denizcankizil.tr\/uk\/wp-json\/wp\/v2\/posts\/92562\/revisions"}],"wp:featuredmedia":[{"embeddable":true,"href":"https:\/\/denizcankizil.tr\/uk\/wp-json\/wp\/v2\/media\/92563"}],"wp:attachment":[{"href":"https:\/\/denizcankizil.tr\/uk\/wp-json\/wp\/v2\/media?parent=92562"}],"wp:term":[{"taxonomy":"category","embeddable":true,"href":"https:\/\/denizcankizil.tr\/uk\/wp-json\/wp\/v2\/categories?post=92562"},{"taxonomy":"post_tag","embeddable":true,"href":"https:\/\/denizcankizil.tr\/uk\/wp-json\/wp\/v2\/tags?post=92562"}],"curies":[{"name":"wp","href":"https:\/\/api.w.org\/{rel}","templated":true}]}}