{"id":91779,"date":"2025-05-16T13:50:00","date_gmt":"2025-05-16T10:50:00","guid":{"rendered":"https:\/\/denizcankizil.tr\/uncategorized-tr\/kismi-af-calismasina-iliskin-kisa-bir-degerlendirme\/"},"modified":"2025-05-16T13:50:00","modified_gmt":"2025-05-16T10:50:00","slug":"kismi-af-calismasina-iliskin-kisa-bir-degerlendirme","status":"publish","type":"post","link":"https:\/\/denizcankizil.tr\/uk\/hukukihaber\/kismi-af-calismasina-iliskin-kisa-bir-degerlendirme\/","title":{"rendered":"&#8216;K\u0131smi af&#8217; \u00e7al\u0131\u015fmas\u0131na ili\u015fkin k\u0131sa bir de\u011ferlendirme"},"content":{"rendered":"<p>Kamuoyu ile payla\u015f\u0131lan baz\u0131 a\u00e7\u0131klamalarda; k\u0131smi af kapsam\u0131nda cezan\u0131n 1\/8\u2019i infaz edildikten sonra tahliye yolunun a\u00e7\u0131labilece\u011fi \u015feklinde, bizce hatal\u0131 ve ger\u00e7ekle\u015fmesi m\u00fcmk\u00fcn olmayan duyumlara yer verildi\u011fi g\u00f6r\u00fclmektedir.<\/p>\n<p>\u0130nfazda yasal de\u011fi\u015fikli\u011fe ili\u015fkin \u00e7al\u0131\u015fmay\u0131 g\u00f6rmeden kesin yorum yapmak elbette do\u011fru ve m\u00fcmk\u00fcn de\u011fil, ancak iki temel tespit yap\u0131labilir:<\/p>\n<p>Birincisi; 31 Temmuz Yasas\u0131 olarak bilinen \u0130nfaz Kanunu Ge\u00e7ici 10. madde ile ilgili su\u00e7 tarihini esas alan bir de\u011fi\u015fiklik olaca\u011f\u0131 muhakkak. Bu konuda cezan\u0131n kesinle\u015fme tarihlerinin esas al\u0131nmas\u0131 sebebiyle, h\u00fck\u00fcml\u00fclerin hukuki durumunda meydana gelen farkl\u0131l\u0131klar do\u011fal olarak e\u015fitsiz sonu\u00e7lara yol a\u00e7t\u0131. \u00d6ncelikle bu e\u015fitsizli\u011fin giderilmesi gerekir ve giderilece\u011fi de anla\u015f\u0131l\u0131yor, bu iyile\u015ftirmeden yakla\u015f\u0131k 55.000 h\u00fck\u00fcml\u00fcn\u00fcn faydalanmas\u0131 bekleniyor. K\u0131smi af olarak adland\u0131r\u0131lan yasal de\u011fi\u015fiklik, bu konu ile ilgilidir.<\/p>\n<p>\u0130kincisi; 1\/5 veya 1\/8 infazdan sonra denetimli serbestlik ki, bu konu kamuoyunda hatal\u0131 \u015fekilde af olarak d\u00fc\u015f\u00fcn\u00fcl\u00fcyor. Bu d\u00fc\u015f\u00fcncenin do\u011fru olmad\u0131\u011f\u0131n\u0131 s\u00f6yleyebiliriz; \u00e7\u00fcnk\u00fc cezan\u0131n belirli bir oranda infaz\u0131 \u015fart\u0131 getirilmesi, cezas\u0131zl\u0131k alg\u0131s\u0131n\u0131n ortadan kald\u0131r\u0131lmas\u0131 amac\u0131na dayan\u0131yor. Daha \u00f6nce yetkili mercilerin yapt\u0131\u011f\u0131 \u00e7ok say\u0131da a\u00e7\u0131klamada, az miktarda hapis cezas\u0131 alan h\u00fck\u00fcml\u00fclerin de cezaevine gireceklerine dair ifadeler yer ald\u0131. Kanaatimizce; denetimli serbestlikte yap\u0131lacak bu kal\u0131c\u0131 d\u00fczenlemede, 1\/5 veya 1\/8 hangi oran uygulanacaksa, o oran\u0131 infaz eden h\u00fck\u00fcml\u00fcn\u00fcn ba\u015fka bir \u015fart aranmaks\u0131z\u0131n tahliyesi g\u00fcndeme gelmeyecektir. Uygulama, \u201cminimum 1\/5 veya 1\/8 cezay\u0131 infaz etmek\u201d ve \u201cmevzuatta aranan di\u011fer \u015fartlar\u0131 sa\u011flamak\u201d kayd\u0131yla denetimli serbestlik \u015feklinde geli\u015fecektir. Sonu\u00e7 olarak; cezas\u0131n\u0131n az bir k\u0131sm\u0131n\u0131 yatan h\u00fck\u00fcml\u00fclerin, ba\u015fka bir \u015fart aranmaks\u0131z\u0131n denetimli serbestli\u011fe ayr\u0131laca\u011f\u0131na dair d\u00fc\u015f\u00fcncelerin isabetli olmad\u0131\u011f\u0131n\u0131, b\u00f6yle bir sonucun cezas\u0131zl\u0131k alg\u0131s\u0131n\u0131 ortadan kald\u0131rma amac\u0131 ile \u00e7eli\u015fece\u011fini, bu y\u00f6nde bir geli\u015fme beklemedi\u011fimizi ifade etmek isteriz.<\/p>\n<p>Son olarak; ter\u00f6r su\u00e7lar\u0131ndan h\u00fck\u00fcml\u00fcleri de kapsayan b\u00fcy\u00fck af beklentisi oldu\u011fu g\u00f6r\u00fclmekle birlikte, mevcut \u00e7al\u0131\u015fman\u0131n bununla ilgisinin olmad\u0131\u011f\u0131 anla\u015f\u0131lmaktad\u0131r. Umut hakk\u0131 olarak bilinen konunun ise; hassasiyetle de\u011ferlendirilmesi gereken, siyasi tercihlerin \u00f6ne ge\u00e7ece\u011fi, torba yasada yer almamas\u0131 gereken bir mesele oldu\u011funu ifade etmek isteriz. Ya\u015fl\u0131 ve hasta h\u00fck\u00fcml\u00fclerle ilgili yasa de\u011fi\u015fikli\u011fi \u00e7al\u0131\u015fmas\u0131 yap\u0131ld\u0131\u011f\u0131 da s\u00f6ylenmektedir. Bunun, umut hakk\u0131 ile ilgisinin olmad\u0131\u011f\u0131n\u0131 da ifade edelim.<\/p>\n<p>Yasa de\u011fi\u015fikli\u011fi \u00e7al\u0131\u015fmas\u0131n\u0131n, Mecliste yap\u0131lacak g\u00f6r\u00fc\u015fmelerde geni\u015fletilebilme ve geli\u015ftirilebilme ihtimali bulundu\u011funu da belirtmek isteriz. Yasa teklifi netle\u015fmeden net bir \u015fey s\u00f6ylenemez.<\/p>\n<p>\u200bKamuoyu ile payla\u015f\u0131lan baz\u0131 a\u00e7\u0131klamalarda; k\u0131smi af kapsam\u0131nda cezan\u0131n 1\/8\u2019i infaz edildikten sonra tahliye yolunun a\u00e7\u0131labilece\u011fi \u015feklinde, bizce hatal\u0131 ve ger\u00e7ekle\u015fmesi m\u00fcmk\u00fcn olmayan duyumlara yer verildi\u011fi g\u00f6r\u00fclmektedir.<\/p>\n<p>\u0130nfazda yasal de\u011fi\u015fikli\u011fe ili\u015fkin \u00e7al\u0131\u015fmay\u0131 g\u00f6rmeden kesin yorum yapmak elbette do\u011fru ve m\u00fcmk\u00fcn de\u011fil, ancak iki temel tespit yap\u0131labilir:<\/p>\n<p>Birincisi; 31 Temmuz Yasas\u0131 olarak bilinen \u0130nfaz Kanunu Ge\u00e7ici 10. madde ile ilgili su\u00e7 tarihini esas alan bir de\u011fi\u015fiklik olaca\u011f\u0131 muhakkak. Bu konuda cezan\u0131n kesinle\u015fme tarihlerinin esas al\u0131nmas\u0131 sebebiyle, h\u00fck\u00fcml\u00fclerin hukuki durumunda meydana gelen farkl\u0131l\u0131klar do\u011fal olarak e\u015fitsiz sonu\u00e7lara yol a\u00e7t\u0131. \u00d6ncelikle bu e\u015fitsizli\u011fin giderilmesi gerekir ve giderilece\u011fi de anla\u015f\u0131l\u0131yor, bu iyile\u015ftirmeden yakla\u015f\u0131k 55.000 h\u00fck\u00fcml\u00fcn\u00fcn faydalanmas\u0131 bekleniyor. K\u0131smi af olarak adland\u0131r\u0131lan yasal de\u011fi\u015fiklik, bu konu ile ilgilidir.<\/p>\n<p>\u0130kincisi; 1\/5 veya 1\/8 infazdan sonra denetimli serbestlik ki, bu konu kamuoyunda hatal\u0131 \u015fekilde af olarak d\u00fc\u015f\u00fcn\u00fcl\u00fcyor. Bu d\u00fc\u015f\u00fcncenin do\u011fru olmad\u0131\u011f\u0131n\u0131 s\u00f6yleyebiliriz; \u00e7\u00fcnk\u00fc cezan\u0131n belirli bir oranda infaz\u0131 \u015fart\u0131 getirilmesi, cezas\u0131zl\u0131k alg\u0131s\u0131n\u0131n ortadan kald\u0131r\u0131lmas\u0131 amac\u0131na dayan\u0131yor. Daha \u00f6nce yetkili mercilerin yapt\u0131\u011f\u0131 \u00e7ok say\u0131da a\u00e7\u0131klamada, az miktarda hapis cezas\u0131 alan h\u00fck\u00fcml\u00fclerin de cezaevine gireceklerine dair ifadeler yer ald\u0131. Kanaatimizce; denetimli serbestlikte yap\u0131lacak bu kal\u0131c\u0131 d\u00fczenlemede, 1\/5 veya 1\/8 hangi oran uygulanacaksa, o oran\u0131 infaz eden h\u00fck\u00fcml\u00fcn\u00fcn ba\u015fka bir \u015fart aranmaks\u0131z\u0131n tahliyesi g\u00fcndeme gelmeyecektir. Uygulama, \u201cminimum 1\/5 veya 1\/8 cezay\u0131 infaz etmek\u201d ve \u201cmevzuatta aranan di\u011fer \u015fartlar\u0131 sa\u011flamak\u201d kayd\u0131yla denetimli serbestlik \u015feklinde geli\u015fecektir. Sonu\u00e7 olarak; cezas\u0131n\u0131n az bir k\u0131sm\u0131n\u0131 yatan h\u00fck\u00fcml\u00fclerin, ba\u015fka bir \u015fart aranmaks\u0131z\u0131n denetimli serbestli\u011fe ayr\u0131laca\u011f\u0131na dair d\u00fc\u015f\u00fcncelerin isabetli olmad\u0131\u011f\u0131n\u0131, b\u00f6yle bir sonucun cezas\u0131zl\u0131k alg\u0131s\u0131n\u0131 ortadan kald\u0131rma amac\u0131 ile \u00e7eli\u015fece\u011fini, bu y\u00f6nde bir geli\u015fme beklemedi\u011fimizi ifade etmek isteriz.<\/p>\n<p>Son olarak; ter\u00f6r su\u00e7lar\u0131ndan h\u00fck\u00fcml\u00fcleri de kapsayan b\u00fcy\u00fck af beklentisi oldu\u011fu g\u00f6r\u00fclmekle birlikte, mevcut \u00e7al\u0131\u015fman\u0131n bununla ilgisinin olmad\u0131\u011f\u0131 anla\u015f\u0131lmaktad\u0131r. Umut hakk\u0131 olarak bilinen konunun ise; hassasiyetle de\u011ferlendirilmesi gereken, siyasi tercihlerin \u00f6ne ge\u00e7ece\u011fi, torba yasada yer almamas\u0131 gereken bir mesele oldu\u011funu ifade etmek isteriz. Ya\u015fl\u0131 ve hasta h\u00fck\u00fcml\u00fclerle ilgili yasa de\u011fi\u015fikli\u011fi \u00e7al\u0131\u015fmas\u0131 yap\u0131ld\u0131\u011f\u0131 da s\u00f6ylenmektedir. Bunun, umut hakk\u0131 ile ilgisinin olmad\u0131\u011f\u0131n\u0131 da ifade edelim.<\/p>\n<p>Yasa de\u011fi\u015fikli\u011fi \u00e7al\u0131\u015fmas\u0131n\u0131n, Mecliste yap\u0131lacak g\u00f6r\u00fc\u015fmelerde geni\u015fletilebilme ve geli\u015ftirilebilme ihtimali bulundu\u011funu da belirtmek isteriz. Yasa teklifi netle\u015fmeden net bir \u015fey s\u00f6ylenemez.\u00a0Hukuki Haber<\/p>\n<p>Haberin Al\u0131nt\u0131land\u0131\u011f\u0131 Kaynak: www.hukukihaber.net<\/p>","protected":false},"excerpt":{"rendered":"<p>Kamuoyu ile payla\u015f\u0131lan baz\u0131 a\u00e7\u0131klamalarda; k\u0131smi af kapsam\u0131nda cezan\u0131n 1\/8\u2019i infaz edildikten sonra tahliye yolunun a\u00e7\u0131labilece\u011fi \u015feklinde, bizce hatal\u0131 ve ger\u00e7ekle\u015fmesi m\u00fcmk\u00fcn olmayan duyumlara yer verildi\u011fi g\u00f6r\u00fclmektedir. \u0130nfazda yasal de\u011fi\u015fikli\u011fe ili\u015fkin \u00e7al\u0131\u015fmay\u0131 g\u00f6rmeden kesin yorum yapmak elbette do\u011fru ve m\u00fcmk\u00fcn de\u011fil, ancak iki temel tespit yap\u0131labilir: Birincisi; 31 Temmuz Yasas\u0131 olarak bilinen \u0130nfaz Kanunu Ge\u00e7ici 10. madde ile ilgili su\u00e7 tarihini esas alan bir de\u011fi\u015fiklik olaca\u011f\u0131 muhakkak. Bu konuda cezan\u0131n kesinle\u015fme tarihlerinin esas al\u0131nmas\u0131 sebebiyle, h\u00fck\u00fcml\u00fclerin hukuki durumunda meydana gelen farkl\u0131l\u0131klar do\u011fal olarak e\u015fitsiz sonu\u00e7lara yol a\u00e7t\u0131. \u00d6ncelikle bu e\u015fitsizli\u011fin giderilmesi gerekir ve giderilece\u011fi de anla\u015f\u0131l\u0131yor, bu iyile\u015ftirmeden yakla\u015f\u0131k 55.000 h\u00fck\u00fcml\u00fcn\u00fcn faydalanmas\u0131 bekleniyor. K\u0131smi af olarak adland\u0131r\u0131lan yasal de\u011fi\u015fiklik, bu konu ile ilgilidir. \u0130kincisi; 1\/5 veya 1\/8 infazdan sonra denetimli serbestlik ki, bu konu kamuoyunda hatal\u0131 \u015fekilde af olarak d\u00fc\u015f\u00fcn\u00fcl\u00fcyor. Bu d\u00fc\u015f\u00fcncenin do\u011fru olmad\u0131\u011f\u0131n\u0131 s\u00f6yleyebiliriz; \u00e7\u00fcnk\u00fc cezan\u0131n belirli bir oranda infaz\u0131 \u015fart\u0131 getirilmesi, cezas\u0131zl\u0131k alg\u0131s\u0131n\u0131n ortadan kald\u0131r\u0131lmas\u0131 amac\u0131na dayan\u0131yor. Daha \u00f6nce yetkili mercilerin yapt\u0131\u011f\u0131 \u00e7ok say\u0131da a\u00e7\u0131klamada, az miktarda hapis cezas\u0131 alan h\u00fck\u00fcml\u00fclerin de cezaevine gireceklerine dair ifadeler yer ald\u0131. Kanaatimizce; denetimli serbestlikte yap\u0131lacak bu kal\u0131c\u0131 d\u00fczenlemede, 1\/5 veya 1\/8 hangi oran uygulanacaksa, o oran\u0131 infaz eden h\u00fck\u00fcml\u00fcn\u00fcn ba\u015fka bir \u015fart aranmaks\u0131z\u0131n tahliyesi g\u00fcndeme gelmeyecektir. Uygulama, \u201cminimum 1\/5 veya 1\/8 &hellip;<\/p>","protected":false},"author":3,"featured_media":0,"comment_status":"","ping_status":"open","sticky":false,"template":"","format":"standard","meta":{"_acf_changed":false,"footnotes":""},"categories":[27],"tags":[],"class_list":["post-91779","post","type-post","status-publish","format-standard","has-post-thumbnail","hentry","category-hukukihaber"],"acf":[],"yoast_head":"<!-- This site is optimized with the Yoast SEO Premium plugin v26.6 (Yoast SEO v27.1.1) - https:\/\/yoast.com\/product\/yoast-seo-premium-wordpress\/ -->\n<title>&#039;K\u0131smi af&#039; \u00e7al\u0131\u015fmas\u0131na ili\u015fkin k\u0131sa bir de\u011ferlendirme - Av. Deniz Can K\u0131z\u0131l<\/title>\n<meta name=\"robots\" content=\"index, follow, max-snippet:-1, max-image-preview:large, max-video-preview:-1\" \/>\n<link rel=\"canonical\" href=\"https:\/\/denizcankizil.tr\/uk\/hukukihaber\/kismi-af-calismasina-iliskin-kisa-bir-degerlendirme\/\" \/>\n<meta property=\"og:locale\" content=\"uk_UA\" \/>\n<meta property=\"og:type\" content=\"article\" \/>\n<meta property=\"og:title\" content=\"&#039;K\u0131smi af&#039; \u00e7al\u0131\u015fmas\u0131na ili\u015fkin k\u0131sa bir de\u011ferlendirme\" \/>\n<meta property=\"og:description\" content=\"Kamuoyu ile payla\u015f\u0131lan baz\u0131 a\u00e7\u0131klamalarda; k\u0131smi af kapsam\u0131nda cezan\u0131n 1\/8\u2019i infaz edildikten sonra tahliye yolunun a\u00e7\u0131labilece\u011fi \u015feklinde, bizce hatal\u0131 ve ger\u00e7ekle\u015fmesi m\u00fcmk\u00fcn olmayan duyumlara yer verildi\u011fi g\u00f6r\u00fclmektedir. \u0130nfazda yasal de\u011fi\u015fikli\u011fe ili\u015fkin \u00e7al\u0131\u015fmay\u0131 g\u00f6rmeden kesin yorum yapmak elbette do\u011fru ve m\u00fcmk\u00fcn de\u011fil, ancak iki temel tespit yap\u0131labilir: Birincisi; 31 Temmuz Yasas\u0131 olarak bilinen \u0130nfaz Kanunu Ge\u00e7ici 10. madde ile ilgili su\u00e7 tarihini esas alan bir de\u011fi\u015fiklik olaca\u011f\u0131 muhakkak. Bu konuda cezan\u0131n kesinle\u015fme tarihlerinin esas al\u0131nmas\u0131 sebebiyle, h\u00fck\u00fcml\u00fclerin hukuki durumunda meydana gelen farkl\u0131l\u0131klar do\u011fal olarak e\u015fitsiz sonu\u00e7lara yol a\u00e7t\u0131. \u00d6ncelikle bu e\u015fitsizli\u011fin giderilmesi gerekir ve giderilece\u011fi de anla\u015f\u0131l\u0131yor, bu iyile\u015ftirmeden yakla\u015f\u0131k 55.000 h\u00fck\u00fcml\u00fcn\u00fcn faydalanmas\u0131 bekleniyor. K\u0131smi af olarak adland\u0131r\u0131lan yasal de\u011fi\u015fiklik, bu konu ile ilgilidir. \u0130kincisi; 1\/5 veya 1\/8 infazdan sonra denetimli serbestlik ki, bu konu kamuoyunda hatal\u0131 \u015fekilde af olarak d\u00fc\u015f\u00fcn\u00fcl\u00fcyor. Bu d\u00fc\u015f\u00fcncenin do\u011fru olmad\u0131\u011f\u0131n\u0131 s\u00f6yleyebiliriz; \u00e7\u00fcnk\u00fc cezan\u0131n belirli bir oranda infaz\u0131 \u015fart\u0131 getirilmesi, cezas\u0131zl\u0131k alg\u0131s\u0131n\u0131n ortadan kald\u0131r\u0131lmas\u0131 amac\u0131na dayan\u0131yor. Daha \u00f6nce yetkili mercilerin yapt\u0131\u011f\u0131 \u00e7ok say\u0131da a\u00e7\u0131klamada, az miktarda hapis cezas\u0131 alan h\u00fck\u00fcml\u00fclerin de cezaevine gireceklerine dair ifadeler yer ald\u0131. Kanaatimizce; denetimli serbestlikte yap\u0131lacak bu kal\u0131c\u0131 d\u00fczenlemede, 1\/5 veya 1\/8 hangi oran uygulanacaksa, o oran\u0131 infaz eden h\u00fck\u00fcml\u00fcn\u00fcn ba\u015fka bir \u015fart aranmaks\u0131z\u0131n tahliyesi g\u00fcndeme gelmeyecektir. Uygulama, \u201cminimum 1\/5 veya 1\/8 &hellip;\" \/>\n<meta property=\"og:url\" content=\"https:\/\/denizcankizil.tr\/uk\/hukukihaber\/kismi-af-calismasina-iliskin-kisa-bir-degerlendirme\/\" \/>\n<meta property=\"og:site_name\" content=\"Av. Deniz Can K\u0131z\u0131l\" \/>\n<meta property=\"article:published_time\" content=\"2025-05-16T10:50:00+00:00\" \/>\n<meta name=\"author\" content=\"Hukuki Haber.net\" \/>\n<meta name=\"twitter:card\" content=\"summary_large_image\" \/>\n<meta name=\"twitter:label1\" content=\"\u041d\u0430\u043f\u0438\u0441\u0430\u043d\u043e\" \/>\n\t<meta name=\"twitter:data1\" content=\"Hukuki Haber.net\" \/>\n\t<meta name=\"twitter:label2\" content=\"\u041f\u0440\u0438\u0431\u043b. \u0447\u0430\u0441 \u0447\u0438\u0442\u0430\u043d\u043d\u044f\" \/>\n\t<meta name=\"twitter:data2\" content=\"5 \u0445\u0432\u0438\u043b\u0438\u043d\" \/>\n<script type=\"application\/ld+json\" class=\"yoast-schema-graph\">{\"@context\":\"https:\/\/schema.org\",\"@graph\":[{\"@type\":\"Article\",\"@id\":\"https:\/\/denizcankizil.tr\/uk\/hukukihaber\/kismi-af-calismasina-iliskin-kisa-bir-degerlendirme\/#article\",\"isPartOf\":{\"@id\":\"https:\/\/denizcankizil.tr\/uk\/hukukihaber\/kismi-af-calismasina-iliskin-kisa-bir-degerlendirme\/\"},\"author\":{\"name\":\"Hukuki Haber.net\",\"@id\":\"https:\/\/denizcankizil.tr\/#\/schema\/person\/001a271de994a0aa3f90eea084424822\"},\"headline\":\"&#8216;K\u0131smi af&#8217; \u00e7al\u0131\u015fmas\u0131na ili\u015fkin k\u0131sa bir de\u011ferlendirme\",\"datePublished\":\"2025-05-16T10:50:00+00:00\",\"mainEntityOfPage\":{\"@id\":\"https:\/\/denizcankizil.tr\/uk\/hukukihaber\/kismi-af-calismasina-iliskin-kisa-bir-degerlendirme\/\"},\"wordCount\":1001,\"publisher\":{\"@id\":\"https:\/\/denizcankizil.tr\/#organization\"},\"articleSection\":[\"Hukuki Haberler\"],\"inLanguage\":\"uk\"},{\"@type\":\"WebPage\",\"@id\":\"https:\/\/denizcankizil.tr\/uk\/hukukihaber\/kismi-af-calismasina-iliskin-kisa-bir-degerlendirme\/\",\"url\":\"https:\/\/denizcankizil.tr\/uk\/hukukihaber\/kismi-af-calismasina-iliskin-kisa-bir-degerlendirme\/\",\"name\":\"'K\u0131smi af' \u00e7al\u0131\u015fmas\u0131na ili\u015fkin k\u0131sa bir de\u011ferlendirme - Av. Deniz Can K\u0131z\u0131l\",\"isPartOf\":{\"@id\":\"https:\/\/denizcankizil.tr\/#website\"},\"datePublished\":\"2025-05-16T10:50:00+00:00\",\"breadcrumb\":{\"@id\":\"https:\/\/denizcankizil.tr\/uk\/hukukihaber\/kismi-af-calismasina-iliskin-kisa-bir-degerlendirme\/#breadcrumb\"},\"inLanguage\":\"uk\",\"potentialAction\":[{\"@type\":\"ReadAction\",\"target\":[\"https:\/\/denizcankizil.tr\/uk\/hukukihaber\/kismi-af-calismasina-iliskin-kisa-bir-degerlendirme\/\"]}]},{\"@type\":\"BreadcrumbList\",\"@id\":\"https:\/\/denizcankizil.tr\/uk\/hukukihaber\/kismi-af-calismasina-iliskin-kisa-bir-degerlendirme\/#breadcrumb\",\"itemListElement\":[{\"@type\":\"ListItem\",\"position\":1,\"name\":\"Home\",\"item\":\"https:\/\/denizcankizil.tr\/de\/\"},{\"@type\":\"ListItem\",\"position\":2,\"name\":\"&#8216;K\u0131smi af&#8217; \u00e7al\u0131\u015fmas\u0131na ili\u015fkin k\u0131sa bir de\u011ferlendirme\"}]},{\"@type\":\"WebSite\",\"@id\":\"https:\/\/denizcankizil.tr\/#website\",\"url\":\"https:\/\/denizcankizil.tr\/\",\"name\":\"Av. Deniz Can K\u0131z\u0131l\",\"description\":\"Avukat Deniz Can K\u0131z\u0131l Antalya Barosu\",\"publisher\":{\"@id\":\"https:\/\/denizcankizil.tr\/#organization\"},\"potentialAction\":[{\"@type\":\"SearchAction\",\"target\":{\"@type\":\"EntryPoint\",\"urlTemplate\":\"https:\/\/denizcankizil.tr\/?s={search_term_string}\"},\"query-input\":{\"@type\":\"PropertyValueSpecification\",\"valueRequired\":true,\"valueName\":\"search_term_string\"}}],\"inLanguage\":\"uk\"},{\"@type\":\"Organization\",\"@id\":\"https:\/\/denizcankizil.tr\/#organization\",\"name\":\"Av. Deniz Can K\u0131z\u0131l\",\"url\":\"https:\/\/denizcankizil.tr\/\",\"logo\":{\"@type\":\"ImageObject\",\"inLanguage\":\"uk\",\"@id\":\"https:\/\/denizcankizil.tr\/#\/schema\/logo\/image\/\",\"url\":\"https:\/\/denizcankizil.tr\/wp-content\/uploads\/2024\/10\/siyah-logo-svg.svg\",\"contentUrl\":\"https:\/\/denizcankizil.tr\/wp-content\/uploads\/2024\/10\/siyah-logo-svg.svg\",\"width\":1080,\"height\":1080,\"caption\":\"Av. Deniz Can K\u0131z\u0131l\"},\"image\":{\"@id\":\"https:\/\/denizcankizil.tr\/#\/schema\/logo\/image\/\"}},{\"@type\":\"Person\",\"@id\":\"https:\/\/denizcankizil.tr\/#\/schema\/person\/001a271de994a0aa3f90eea084424822\",\"name\":\"Hukuki Haber.net\",\"image\":{\"@type\":\"ImageObject\",\"inLanguage\":\"uk\",\"@id\":\"https:\/\/denizcankizil.tr\/#\/schema\/person\/image\/\",\"url\":\"https:\/\/secure.gravatar.com\/avatar\/57d8a49151495586611a149d29fc42865b951dc053a84709a3172ccb5abf3118?s=96&d=mm&r=g\",\"contentUrl\":\"https:\/\/secure.gravatar.com\/avatar\/57d8a49151495586611a149d29fc42865b951dc053a84709a3172ccb5abf3118?s=96&d=mm&r=g\",\"caption\":\"Hukuki Haber.net\"},\"sameAs\":[\"http:\/\/www.hukukihaber.net\"],\"url\":\"https:\/\/www.hukukihaber.net\/kismi-af-calismasina-iliskin-kisa-bir-degerlendirme\"}]}<\/script>\n<!-- \/ Yoast SEO Premium plugin. -->","yoast_head_json":{"title":"'K\u0131smi af' \u00e7al\u0131\u015fmas\u0131na ili\u015fkin k\u0131sa bir de\u011ferlendirme - Av. Deniz Can K\u0131z\u0131l","robots":{"index":"index","follow":"follow","max-snippet":"max-snippet:-1","max-image-preview":"max-image-preview:large","max-video-preview":"max-video-preview:-1"},"canonical":"https:\/\/denizcankizil.tr\/uk\/hukukihaber\/kismi-af-calismasina-iliskin-kisa-bir-degerlendirme\/","og_locale":"uk_UA","og_type":"article","og_title":"'K\u0131smi af' \u00e7al\u0131\u015fmas\u0131na ili\u015fkin k\u0131sa bir de\u011ferlendirme","og_description":"Kamuoyu ile payla\u015f\u0131lan baz\u0131 a\u00e7\u0131klamalarda; k\u0131smi af kapsam\u0131nda cezan\u0131n 1\/8\u2019i infaz edildikten sonra tahliye yolunun a\u00e7\u0131labilece\u011fi \u015feklinde, bizce hatal\u0131 ve ger\u00e7ekle\u015fmesi m\u00fcmk\u00fcn olmayan duyumlara yer verildi\u011fi g\u00f6r\u00fclmektedir. \u0130nfazda yasal de\u011fi\u015fikli\u011fe ili\u015fkin \u00e7al\u0131\u015fmay\u0131 g\u00f6rmeden kesin yorum yapmak elbette do\u011fru ve m\u00fcmk\u00fcn de\u011fil, ancak iki temel tespit yap\u0131labilir: Birincisi; 31 Temmuz Yasas\u0131 olarak bilinen \u0130nfaz Kanunu Ge\u00e7ici 10. madde ile ilgili su\u00e7 tarihini esas alan bir de\u011fi\u015fiklik olaca\u011f\u0131 muhakkak. Bu konuda cezan\u0131n kesinle\u015fme tarihlerinin esas al\u0131nmas\u0131 sebebiyle, h\u00fck\u00fcml\u00fclerin hukuki durumunda meydana gelen farkl\u0131l\u0131klar do\u011fal olarak e\u015fitsiz sonu\u00e7lara yol a\u00e7t\u0131. \u00d6ncelikle bu e\u015fitsizli\u011fin giderilmesi gerekir ve giderilece\u011fi de anla\u015f\u0131l\u0131yor, bu iyile\u015ftirmeden yakla\u015f\u0131k 55.000 h\u00fck\u00fcml\u00fcn\u00fcn faydalanmas\u0131 bekleniyor. K\u0131smi af olarak adland\u0131r\u0131lan yasal de\u011fi\u015fiklik, bu konu ile ilgilidir. \u0130kincisi; 1\/5 veya 1\/8 infazdan sonra denetimli serbestlik ki, bu konu kamuoyunda hatal\u0131 \u015fekilde af olarak d\u00fc\u015f\u00fcn\u00fcl\u00fcyor. Bu d\u00fc\u015f\u00fcncenin do\u011fru olmad\u0131\u011f\u0131n\u0131 s\u00f6yleyebiliriz; \u00e7\u00fcnk\u00fc cezan\u0131n belirli bir oranda infaz\u0131 \u015fart\u0131 getirilmesi, cezas\u0131zl\u0131k alg\u0131s\u0131n\u0131n ortadan kald\u0131r\u0131lmas\u0131 amac\u0131na dayan\u0131yor. Daha \u00f6nce yetkili mercilerin yapt\u0131\u011f\u0131 \u00e7ok say\u0131da a\u00e7\u0131klamada, az miktarda hapis cezas\u0131 alan h\u00fck\u00fcml\u00fclerin de cezaevine gireceklerine dair ifadeler yer ald\u0131. Kanaatimizce; denetimli serbestlikte yap\u0131lacak bu kal\u0131c\u0131 d\u00fczenlemede, 1\/5 veya 1\/8 hangi oran uygulanacaksa, o oran\u0131 infaz eden h\u00fck\u00fcml\u00fcn\u00fcn ba\u015fka bir \u015fart aranmaks\u0131z\u0131n tahliyesi g\u00fcndeme gelmeyecektir. Uygulama, \u201cminimum 1\/5 veya 1\/8 &hellip;","og_url":"https:\/\/denizcankizil.tr\/uk\/hukukihaber\/kismi-af-calismasina-iliskin-kisa-bir-degerlendirme\/","og_site_name":"Av. Deniz Can K\u0131z\u0131l","article_published_time":"2025-05-16T10:50:00+00:00","author":"Hukuki Haber.net","twitter_card":"summary_large_image","twitter_misc":{"\u041d\u0430\u043f\u0438\u0441\u0430\u043d\u043e":"Hukuki Haber.net","\u041f\u0440\u0438\u0431\u043b. \u0447\u0430\u0441 \u0447\u0438\u0442\u0430\u043d\u043d\u044f":"5 \u0445\u0432\u0438\u043b\u0438\u043d"},"schema":{"@context":"https:\/\/schema.org","@graph":[{"@type":"Article","@id":"https:\/\/denizcankizil.tr\/uk\/hukukihaber\/kismi-af-calismasina-iliskin-kisa-bir-degerlendirme\/#article","isPartOf":{"@id":"https:\/\/denizcankizil.tr\/uk\/hukukihaber\/kismi-af-calismasina-iliskin-kisa-bir-degerlendirme\/"},"author":{"name":"Hukuki Haber.net","@id":"https:\/\/denizcankizil.tr\/#\/schema\/person\/001a271de994a0aa3f90eea084424822"},"headline":"&#8216;K\u0131smi af&#8217; \u00e7al\u0131\u015fmas\u0131na ili\u015fkin k\u0131sa bir de\u011ferlendirme","datePublished":"2025-05-16T10:50:00+00:00","mainEntityOfPage":{"@id":"https:\/\/denizcankizil.tr\/uk\/hukukihaber\/kismi-af-calismasina-iliskin-kisa-bir-degerlendirme\/"},"wordCount":1001,"publisher":{"@id":"https:\/\/denizcankizil.tr\/#organization"},"articleSection":["Hukuki Haberler"],"inLanguage":"uk"},{"@type":"WebPage","@id":"https:\/\/denizcankizil.tr\/uk\/hukukihaber\/kismi-af-calismasina-iliskin-kisa-bir-degerlendirme\/","url":"https:\/\/denizcankizil.tr\/uk\/hukukihaber\/kismi-af-calismasina-iliskin-kisa-bir-degerlendirme\/","name":"'K\u0131smi af' \u00e7al\u0131\u015fmas\u0131na ili\u015fkin k\u0131sa bir de\u011ferlendirme - Av. Deniz Can K\u0131z\u0131l","isPartOf":{"@id":"https:\/\/denizcankizil.tr\/#website"},"datePublished":"2025-05-16T10:50:00+00:00","breadcrumb":{"@id":"https:\/\/denizcankizil.tr\/uk\/hukukihaber\/kismi-af-calismasina-iliskin-kisa-bir-degerlendirme\/#breadcrumb"},"inLanguage":"uk","potentialAction":[{"@type":"ReadAction","target":["https:\/\/denizcankizil.tr\/uk\/hukukihaber\/kismi-af-calismasina-iliskin-kisa-bir-degerlendirme\/"]}]},{"@type":"BreadcrumbList","@id":"https:\/\/denizcankizil.tr\/uk\/hukukihaber\/kismi-af-calismasina-iliskin-kisa-bir-degerlendirme\/#breadcrumb","itemListElement":[{"@type":"ListItem","position":1,"name":"Home","item":"https:\/\/denizcankizil.tr\/de\/"},{"@type":"ListItem","position":2,"name":"&#8216;K\u0131smi af&#8217; \u00e7al\u0131\u015fmas\u0131na ili\u015fkin k\u0131sa bir de\u011ferlendirme"}]},{"@type":"WebSite","@id":"https:\/\/denizcankizil.tr\/#website","url":"https:\/\/denizcankizil.tr\/","name":"Av. Deniz Can K\u0131z\u0131l","description":"Avukat Deniz Can K\u0131z\u0131l Antalya Barosu","publisher":{"@id":"https:\/\/denizcankizil.tr\/#organization"},"potentialAction":[{"@type":"SearchAction","target":{"@type":"EntryPoint","urlTemplate":"https:\/\/denizcankizil.tr\/?s={search_term_string}"},"query-input":{"@type":"PropertyValueSpecification","valueRequired":true,"valueName":"search_term_string"}}],"inLanguage":"uk"},{"@type":"Organization","@id":"https:\/\/denizcankizil.tr\/#organization","name":"Av. Deniz Can K\u0131z\u0131l","url":"https:\/\/denizcankizil.tr\/","logo":{"@type":"ImageObject","inLanguage":"uk","@id":"https:\/\/denizcankizil.tr\/#\/schema\/logo\/image\/","url":"https:\/\/denizcankizil.tr\/wp-content\/uploads\/2024\/10\/siyah-logo-svg.svg","contentUrl":"https:\/\/denizcankizil.tr\/wp-content\/uploads\/2024\/10\/siyah-logo-svg.svg","width":1080,"height":1080,"caption":"Av. Deniz Can K\u0131z\u0131l"},"image":{"@id":"https:\/\/denizcankizil.tr\/#\/schema\/logo\/image\/"}},{"@type":"Person","@id":"https:\/\/denizcankizil.tr\/#\/schema\/person\/001a271de994a0aa3f90eea084424822","name":"Hukuki Haber.net","image":{"@type":"ImageObject","inLanguage":"uk","@id":"https:\/\/denizcankizil.tr\/#\/schema\/person\/image\/","url":"https:\/\/secure.gravatar.com\/avatar\/57d8a49151495586611a149d29fc42865b951dc053a84709a3172ccb5abf3118?s=96&d=mm&r=g","contentUrl":"https:\/\/secure.gravatar.com\/avatar\/57d8a49151495586611a149d29fc42865b951dc053a84709a3172ccb5abf3118?s=96&d=mm&r=g","caption":"Hukuki Haber.net"},"sameAs":["http:\/\/www.hukukihaber.net"],"url":"https:\/\/www.hukukihaber.net\/kismi-af-calismasina-iliskin-kisa-bir-degerlendirme"}]}},"_links":{"self":[{"href":"https:\/\/denizcankizil.tr\/uk\/wp-json\/wp\/v2\/posts\/91779","targetHints":{"allow":["GET"]}}],"collection":[{"href":"https:\/\/denizcankizil.tr\/uk\/wp-json\/wp\/v2\/posts"}],"about":[{"href":"https:\/\/denizcankizil.tr\/uk\/wp-json\/wp\/v2\/types\/post"}],"author":[{"embeddable":true,"href":"https:\/\/denizcankizil.tr\/uk\/wp-json\/wp\/v2\/users\/3"}],"replies":[{"embeddable":true,"href":"https:\/\/denizcankizil.tr\/uk\/wp-json\/wp\/v2\/comments?post=91779"}],"version-history":[{"count":0,"href":"https:\/\/denizcankizil.tr\/uk\/wp-json\/wp\/v2\/posts\/91779\/revisions"}],"wp:attachment":[{"href":"https:\/\/denizcankizil.tr\/uk\/wp-json\/wp\/v2\/media?parent=91779"}],"wp:term":[{"taxonomy":"category","embeddable":true,"href":"https:\/\/denizcankizil.tr\/uk\/wp-json\/wp\/v2\/categories?post=91779"},{"taxonomy":"post_tag","embeddable":true,"href":"https:\/\/denizcankizil.tr\/uk\/wp-json\/wp\/v2\/tags?post=91779"}],"curies":[{"name":"wp","href":"https:\/\/api.w.org\/{rel}","templated":true}]}}