{"id":91564,"date":"2025-05-19T13:41:48","date_gmt":"2025-05-19T10:41:48","guid":{"rendered":"https:\/\/denizcankizil.tr\/uncategorized-tr\/muhittin-bocek-ile-ibrahim-ethem-tas-bu-kez-ayni-takimda\/"},"modified":"2025-05-19T13:41:48","modified_gmt":"2025-05-19T10:41:48","slug":"muhittin-bocek-ile-ibrahim-ethem-tas-bu-kez-ayni-takimda","status":"publish","type":"post","link":"https:\/\/denizcankizil.tr\/uk\/haberler\/gundem\/muhittin-bocek-ile-ibrahim-ethem-tas-bu-kez-ayni-takimda\/","title":{"rendered":"Muhittin B\u00f6cek ile \u0130brahim Ethem Ta\u015f bu kez ayn\u0131 tak\u0131mda"},"content":{"rendered":"<p>Antalya\u2019da 19 May\u0131s Atat\u00fcrk\u2019\u00fc Anma Gen\u00e7lik ve Spor Bayram\u0131 co\u015fkuyla kutland\u0131. Karaalio\u011flu Park\u0131 i\u00e7indeki etkinler renkli g\u00f6r\u00fcnt\u00fclere sahne oldu. Etkinlikler kapsam\u0131nda Antalya B\u00fcy\u00fck\u015fehir Belediye Ba\u015fkan\u0131 Muhittin B\u00f6cek ile Ak Parti Antalya Milletvekili \u0130brahim Ethem Ta\u015f, lang\u0131rt ma\u00e7\u0131na ayn\u0131 tak\u0131mda yer ald\u0131. \u0130kilinin rakibi ise Antalya Valisi Hulusi \u015eahin ile Antalya \u0130l Emniyet M\u00fcd\u00fcr\u00fc \u0130lker Arslan oldu.<\/p>\n<p>OYUNCU DE\u011e\u0130\u015e\u0130KL\u0130\u011e\u0130 OLDU<\/p>\n<p>Zorlu ma\u00e7ta \u0130brahim Ethem Ta\u015f, savunmada yer al\u0131rken, Muhittin B\u00f6cek gol bulmaya \u00e7al\u0131\u015ft\u0131. Ma\u00e7\u0131n ilerleyen dakikalar\u0131nda oyuncu de\u011fi\u015fikli\u011fi ya\u015fand\u0131. Ethem Ta\u015f\u2019\u0131n yerine Antalya Esnaf ve Sanatkarlar Odalar\u0131 Birli\u011fi (AESOB), Ba\u015fkan\u0131 Adl\u0131han Dere ald\u0131. Antalya protokol\u00fcn\u00fc bir araya getiren lang\u0131rt ma\u00e7\u0131 olduk\u00e7a zorlu ge\u00e7ti.<\/p>\n<p>RENKL\u0130 ETK\u0130NL\u0130KLER<\/p>\n<p>Antalya\u2019da d\u00fczenlenen etkinlikler kapsam\u0131nda Uluslararas\u0131 Gen\u00e7lik Festivali\u2019ne kat\u0131lmak \u00fczere Antalya\u2019da bulunan yabanc\u0131 \u00fclkelerden gelen gen\u00e7ler de \u00e7e\u015fitli g\u00f6steriler sundu. K\u00fclt\u00fcrel danslar ve spor g\u00f6sterileri b\u00fcy\u00fck ilgi g\u00f6rd\u00fc. Program\u0131n devam\u0131nda Seans Dans Kul\u00fcb\u00fc \u00f6\u011frencileri akrobasi performanslar\u0131 sergilerken, Avrupa \u015fampiyonu olan jimnastik \u00f6\u011frencilerinin g\u00f6sterileri de t\u00f6rene damga vurdu.<\/p>\n<p>\u200bAntalya B\u00fcy\u00fck\u015fehir Belediye Ba\u015fkan\u0131 Muhittin B\u00f6cek ile Ak Parti Antalya Milletvekili \u0130brahim Ethem Ta\u015f, bu kez ayn\u0131 ama\u00e7 i\u00e7in birlikte m\u00fccadele etti.\u00a0<\/p>\n<p>\u200bHaberin Al\u0131nt\u0131land\u0131\u011f\u0131 Kaynak: www.antalyakorfez.com<\/p>","protected":false},"excerpt":{"rendered":"<p>Antalya\u2019da 19 May\u0131s Atat\u00fcrk\u2019\u00fc Anma Gen\u00e7lik ve Spor Bayram\u0131 co\u015fkuyla kutland\u0131. Karaalio\u011flu Park\u0131 i\u00e7indeki etkinler renkli g\u00f6r\u00fcnt\u00fclere sahne oldu. Etkinlikler kapsam\u0131nda Antalya B\u00fcy\u00fck\u015fehir Belediye Ba\u015fkan\u0131 Muhittin B\u00f6cek ile Ak Parti Antalya Milletvekili \u0130brahim Ethem Ta\u015f, lang\u0131rt ma\u00e7\u0131na ayn\u0131 tak\u0131mda yer ald\u0131. \u0130kilinin rakibi ise Antalya Valisi Hulusi \u015eahin ile Antalya \u0130l Emniyet M\u00fcd\u00fcr\u00fc \u0130lker Arslan oldu. OYUNCU DE\u011e\u0130\u015e\u0130KL\u0130\u011e\u0130 OLDU Zorlu ma\u00e7ta \u0130brahim Ethem Ta\u015f, savunmada yer al\u0131rken, Muhittin B\u00f6cek gol bulmaya \u00e7al\u0131\u015ft\u0131. Ma\u00e7\u0131n ilerleyen dakikalar\u0131nda oyuncu de\u011fi\u015fikli\u011fi ya\u015fand\u0131. Ethem Ta\u015f\u2019\u0131n yerine Antalya Esnaf ve Sanatkarlar Odalar\u0131 Birli\u011fi (AESOB), Ba\u015fkan\u0131 Adl\u0131han Dere ald\u0131. Antalya protokol\u00fcn\u00fc bir araya getiren lang\u0131rt ma\u00e7\u0131 olduk\u00e7a zorlu ge\u00e7ti. RENKL\u0130 ETK\u0130NL\u0130KLER Antalya\u2019da d\u00fczenlenen etkinlikler kapsam\u0131nda Uluslararas\u0131 Gen\u00e7lik Festivali\u2019ne kat\u0131lmak \u00fczere Antalya\u2019da bulunan yabanc\u0131 \u00fclkelerden gelen gen\u00e7ler de \u00e7e\u015fitli g\u00f6steriler sundu. K\u00fclt\u00fcrel danslar ve spor g\u00f6sterileri b\u00fcy\u00fck ilgi g\u00f6rd\u00fc. Program\u0131n devam\u0131nda Seans Dans Kul\u00fcb\u00fc \u00f6\u011frencileri akrobasi performanslar\u0131 sergilerken, Avrupa \u015fampiyonu olan jimnastik \u00f6\u011frencilerinin g\u00f6sterileri de t\u00f6rene damga vurdu. \u200bAntalya B\u00fcy\u00fck\u015fehir Belediye Ba\u015fkan\u0131 Muhittin B\u00f6cek ile Ak Parti Antalya Milletvekili \u0130brahim Ethem Ta\u015f, bu kez ayn\u0131 ama\u00e7 i\u00e7in birlikte m\u00fccadele etti.\u00a0 \u200bHaberin Al\u0131nt\u0131land\u0131\u011f\u0131 Kaynak: www.antalyakorfez.com<\/p>","protected":false},"author":5,"featured_media":0,"comment_status":"","ping_status":"open","sticky":false,"template":"","format":"standard","meta":{"_acf_changed":false,"footnotes":""},"categories":[24],"tags":[],"class_list":["post-91564","post","type-post","status-publish","format-standard","has-post-thumbnail","hentry","category-gundem"],"acf":[],"yoast_head":"<!-- This site is optimized with the Yoast SEO Premium plugin v26.6 (Yoast SEO v27.1.1) - https:\/\/yoast.com\/product\/yoast-seo-premium-wordpress\/ -->\n<title>Muhittin B\u00f6cek ile \u0130brahim Ethem Ta\u015f bu kez ayn\u0131 tak\u0131mda - Av. Deniz Can K\u0131z\u0131l<\/title>\n<meta name=\"robots\" content=\"index, follow, max-snippet:-1, max-image-preview:large, max-video-preview:-1\" \/>\n<link rel=\"canonical\" href=\"https:\/\/denizcankizil.tr\/uk\/haberler\/gundem\/muhittin-bocek-ile-ibrahim-ethem-tas-bu-kez-ayni-takimda\/\" \/>\n<meta property=\"og:locale\" content=\"uk_UA\" \/>\n<meta property=\"og:type\" content=\"article\" \/>\n<meta property=\"og:title\" content=\"Muhittin B\u00f6cek ile \u0130brahim Ethem Ta\u015f bu kez ayn\u0131 tak\u0131mda\" \/>\n<meta property=\"og:description\" content=\"Antalya\u2019da 19 May\u0131s Atat\u00fcrk\u2019\u00fc Anma Gen\u00e7lik ve Spor Bayram\u0131 co\u015fkuyla kutland\u0131. Karaalio\u011flu Park\u0131 i\u00e7indeki etkinler renkli g\u00f6r\u00fcnt\u00fclere sahne oldu. Etkinlikler kapsam\u0131nda Antalya B\u00fcy\u00fck\u015fehir Belediye Ba\u015fkan\u0131 Muhittin B\u00f6cek ile Ak Parti Antalya Milletvekili \u0130brahim Ethem Ta\u015f, lang\u0131rt ma\u00e7\u0131na ayn\u0131 tak\u0131mda yer ald\u0131. \u0130kilinin rakibi ise Antalya Valisi Hulusi \u015eahin ile Antalya \u0130l Emniyet M\u00fcd\u00fcr\u00fc \u0130lker Arslan oldu. OYUNCU DE\u011e\u0130\u015e\u0130KL\u0130\u011e\u0130 OLDU Zorlu ma\u00e7ta \u0130brahim Ethem Ta\u015f, savunmada yer al\u0131rken, Muhittin B\u00f6cek gol bulmaya \u00e7al\u0131\u015ft\u0131. Ma\u00e7\u0131n ilerleyen dakikalar\u0131nda oyuncu de\u011fi\u015fikli\u011fi ya\u015fand\u0131. Ethem Ta\u015f\u2019\u0131n yerine Antalya Esnaf ve Sanatkarlar Odalar\u0131 Birli\u011fi (AESOB), Ba\u015fkan\u0131 Adl\u0131han Dere ald\u0131. Antalya protokol\u00fcn\u00fc bir araya getiren lang\u0131rt ma\u00e7\u0131 olduk\u00e7a zorlu ge\u00e7ti. RENKL\u0130 ETK\u0130NL\u0130KLER Antalya\u2019da d\u00fczenlenen etkinlikler kapsam\u0131nda Uluslararas\u0131 Gen\u00e7lik Festivali\u2019ne kat\u0131lmak \u00fczere Antalya\u2019da bulunan yabanc\u0131 \u00fclkelerden gelen gen\u00e7ler de \u00e7e\u015fitli g\u00f6steriler sundu. K\u00fclt\u00fcrel danslar ve spor g\u00f6sterileri b\u00fcy\u00fck ilgi g\u00f6rd\u00fc. Program\u0131n devam\u0131nda Seans Dans Kul\u00fcb\u00fc \u00f6\u011frencileri akrobasi performanslar\u0131 sergilerken, Avrupa \u015fampiyonu olan jimnastik \u00f6\u011frencilerinin g\u00f6sterileri de t\u00f6rene damga vurdu. \u200bAntalya B\u00fcy\u00fck\u015fehir Belediye Ba\u015fkan\u0131 Muhittin B\u00f6cek ile Ak Parti Antalya Milletvekili \u0130brahim Ethem Ta\u015f, bu kez ayn\u0131 ama\u00e7 i\u00e7in birlikte m\u00fccadele etti.\u00a0 \u200bHaberin Al\u0131nt\u0131land\u0131\u011f\u0131 Kaynak: www.antalyakorfez.com\" \/>\n<meta property=\"og:url\" content=\"https:\/\/denizcankizil.tr\/uk\/haberler\/gundem\/muhittin-bocek-ile-ibrahim-ethem-tas-bu-kez-ayni-takimda\/\" \/>\n<meta property=\"og:site_name\" content=\"Av. Deniz Can K\u0131z\u0131l\" \/>\n<meta property=\"article:published_time\" content=\"2025-05-19T10:41:48+00:00\" \/>\n<meta name=\"author\" content=\"Antalya K\u00f6rfez\" \/>\n<meta name=\"twitter:card\" content=\"summary_large_image\" \/>\n<meta name=\"twitter:label1\" content=\"\u041d\u0430\u043f\u0438\u0441\u0430\u043d\u043e\" \/>\n\t<meta name=\"twitter:data1\" content=\"Antalya K\u00f6rfez\" \/>\n\t<meta name=\"twitter:label2\" content=\"\u041f\u0440\u0438\u0431\u043b. \u0447\u0430\u0441 \u0447\u0438\u0442\u0430\u043d\u043d\u044f\" \/>\n\t<meta name=\"twitter:data2\" content=\"1 \u0445\u0432\u0438\u043b\u0438\u043d\u0430\" \/>\n<script type=\"application\/ld+json\" class=\"yoast-schema-graph\">{\"@context\":\"https:\/\/schema.org\",\"@graph\":[{\"@type\":\"Article\",\"@id\":\"https:\/\/denizcankizil.tr\/uk\/haberler\/gundem\/muhittin-bocek-ile-ibrahim-ethem-tas-bu-kez-ayni-takimda\/#article\",\"isPartOf\":{\"@id\":\"https:\/\/denizcankizil.tr\/uk\/haberler\/gundem\/muhittin-bocek-ile-ibrahim-ethem-tas-bu-kez-ayni-takimda\/\"},\"author\":{\"name\":\"Antalya K\u00f6rfez\",\"@id\":\"https:\/\/denizcankizil.tr\/#\/schema\/person\/e1eb71bb4dd684d46563f0af307e1234\"},\"headline\":\"Muhittin B\u00f6cek ile \u0130brahim Ethem Ta\u015f bu kez ayn\u0131 tak\u0131mda\",\"datePublished\":\"2025-05-19T10:41:48+00:00\",\"mainEntityOfPage\":{\"@id\":\"https:\/\/denizcankizil.tr\/uk\/haberler\/gundem\/muhittin-bocek-ile-ibrahim-ethem-tas-bu-kez-ayni-takimda\/\"},\"wordCount\":261,\"publisher\":{\"@id\":\"https:\/\/denizcankizil.tr\/#organization\"},\"articleSection\":[\"G\u00fcndem\"],\"inLanguage\":\"uk\"},{\"@type\":\"WebPage\",\"@id\":\"https:\/\/denizcankizil.tr\/uk\/haberler\/gundem\/muhittin-bocek-ile-ibrahim-ethem-tas-bu-kez-ayni-takimda\/\",\"url\":\"https:\/\/denizcankizil.tr\/uk\/haberler\/gundem\/muhittin-bocek-ile-ibrahim-ethem-tas-bu-kez-ayni-takimda\/\",\"name\":\"Muhittin B\u00f6cek ile \u0130brahim Ethem Ta\u015f bu kez ayn\u0131 tak\u0131mda - Av. Deniz Can K\u0131z\u0131l\",\"isPartOf\":{\"@id\":\"https:\/\/denizcankizil.tr\/#website\"},\"datePublished\":\"2025-05-19T10:41:48+00:00\",\"breadcrumb\":{\"@id\":\"https:\/\/denizcankizil.tr\/uk\/haberler\/gundem\/muhittin-bocek-ile-ibrahim-ethem-tas-bu-kez-ayni-takimda\/#breadcrumb\"},\"inLanguage\":\"uk\",\"potentialAction\":[{\"@type\":\"ReadAction\",\"target\":[\"https:\/\/denizcankizil.tr\/uk\/haberler\/gundem\/muhittin-bocek-ile-ibrahim-ethem-tas-bu-kez-ayni-takimda\/\"]}]},{\"@type\":\"BreadcrumbList\",\"@id\":\"https:\/\/denizcankizil.tr\/uk\/haberler\/gundem\/muhittin-bocek-ile-ibrahim-ethem-tas-bu-kez-ayni-takimda\/#breadcrumb\",\"itemListElement\":[{\"@type\":\"ListItem\",\"position\":1,\"name\":\"Home\",\"item\":\"https:\/\/denizcankizil.tr\/de\/\"},{\"@type\":\"ListItem\",\"position\":2,\"name\":\"Muhittin B\u00f6cek ile \u0130brahim Ethem Ta\u015f bu kez ayn\u0131 tak\u0131mda\"}]},{\"@type\":\"WebSite\",\"@id\":\"https:\/\/denizcankizil.tr\/#website\",\"url\":\"https:\/\/denizcankizil.tr\/\",\"name\":\"Av. Deniz Can K\u0131z\u0131l\",\"description\":\"Avukat Deniz Can K\u0131z\u0131l Antalya Barosu\",\"publisher\":{\"@id\":\"https:\/\/denizcankizil.tr\/#organization\"},\"potentialAction\":[{\"@type\":\"SearchAction\",\"target\":{\"@type\":\"EntryPoint\",\"urlTemplate\":\"https:\/\/denizcankizil.tr\/?s={search_term_string}\"},\"query-input\":{\"@type\":\"PropertyValueSpecification\",\"valueRequired\":true,\"valueName\":\"search_term_string\"}}],\"inLanguage\":\"uk\"},{\"@type\":\"Organization\",\"@id\":\"https:\/\/denizcankizil.tr\/#organization\",\"name\":\"Av. Deniz Can K\u0131z\u0131l\",\"url\":\"https:\/\/denizcankizil.tr\/\",\"logo\":{\"@type\":\"ImageObject\",\"inLanguage\":\"uk\",\"@id\":\"https:\/\/denizcankizil.tr\/#\/schema\/logo\/image\/\",\"url\":\"https:\/\/denizcankizil.tr\/wp-content\/uploads\/2024\/10\/siyah-logo-svg.svg\",\"contentUrl\":\"https:\/\/denizcankizil.tr\/wp-content\/uploads\/2024\/10\/siyah-logo-svg.svg\",\"width\":1080,\"height\":1080,\"caption\":\"Av. Deniz Can K\u0131z\u0131l\"},\"image\":{\"@id\":\"https:\/\/denizcankizil.tr\/#\/schema\/logo\/image\/\"}},{\"@type\":\"Person\",\"@id\":\"https:\/\/denizcankizil.tr\/#\/schema\/person\/e1eb71bb4dd684d46563f0af307e1234\",\"name\":\"Antalya K\u00f6rfez\",\"image\":{\"@type\":\"ImageObject\",\"inLanguage\":\"uk\",\"@id\":\"https:\/\/denizcankizil.tr\/#\/schema\/person\/image\/\",\"url\":\"https:\/\/secure.gravatar.com\/avatar\/42b01982558a48a0b501fdcab6a408d3717ea5919095ee2e67b0e521799c5905?s=96&d=mm&r=g\",\"contentUrl\":\"https:\/\/secure.gravatar.com\/avatar\/42b01982558a48a0b501fdcab6a408d3717ea5919095ee2e67b0e521799c5905?s=96&d=mm&r=g\",\"caption\":\"Antalya K\u00f6rfez\"},\"sameAs\":[\"http:\/\/www.antalyakorfez.com\"],\"url\":\"https:\/\/www.antalyakorfez.com\/muhittin-bocek-ile-ibrahim-ethem-tas-bu-kez-ayni-takimda\"}]}<\/script>\n<!-- \/ Yoast SEO Premium plugin. -->","yoast_head_json":{"title":"Muhittin B\u00f6cek ile \u0130brahim Ethem Ta\u015f bu kez ayn\u0131 tak\u0131mda - Av. Deniz Can K\u0131z\u0131l","robots":{"index":"index","follow":"follow","max-snippet":"max-snippet:-1","max-image-preview":"max-image-preview:large","max-video-preview":"max-video-preview:-1"},"canonical":"https:\/\/denizcankizil.tr\/uk\/haberler\/gundem\/muhittin-bocek-ile-ibrahim-ethem-tas-bu-kez-ayni-takimda\/","og_locale":"uk_UA","og_type":"article","og_title":"Muhittin B\u00f6cek ile \u0130brahim Ethem Ta\u015f bu kez ayn\u0131 tak\u0131mda","og_description":"Antalya\u2019da 19 May\u0131s Atat\u00fcrk\u2019\u00fc Anma Gen\u00e7lik ve Spor Bayram\u0131 co\u015fkuyla kutland\u0131. Karaalio\u011flu Park\u0131 i\u00e7indeki etkinler renkli g\u00f6r\u00fcnt\u00fclere sahne oldu. Etkinlikler kapsam\u0131nda Antalya B\u00fcy\u00fck\u015fehir Belediye Ba\u015fkan\u0131 Muhittin B\u00f6cek ile Ak Parti Antalya Milletvekili \u0130brahim Ethem Ta\u015f, lang\u0131rt ma\u00e7\u0131na ayn\u0131 tak\u0131mda yer ald\u0131. \u0130kilinin rakibi ise Antalya Valisi Hulusi \u015eahin ile Antalya \u0130l Emniyet M\u00fcd\u00fcr\u00fc \u0130lker Arslan oldu. OYUNCU DE\u011e\u0130\u015e\u0130KL\u0130\u011e\u0130 OLDU Zorlu ma\u00e7ta \u0130brahim Ethem Ta\u015f, savunmada yer al\u0131rken, Muhittin B\u00f6cek gol bulmaya \u00e7al\u0131\u015ft\u0131. Ma\u00e7\u0131n ilerleyen dakikalar\u0131nda oyuncu de\u011fi\u015fikli\u011fi ya\u015fand\u0131. Ethem Ta\u015f\u2019\u0131n yerine Antalya Esnaf ve Sanatkarlar Odalar\u0131 Birli\u011fi (AESOB), Ba\u015fkan\u0131 Adl\u0131han Dere ald\u0131. Antalya protokol\u00fcn\u00fc bir araya getiren lang\u0131rt ma\u00e7\u0131 olduk\u00e7a zorlu ge\u00e7ti. RENKL\u0130 ETK\u0130NL\u0130KLER Antalya\u2019da d\u00fczenlenen etkinlikler kapsam\u0131nda Uluslararas\u0131 Gen\u00e7lik Festivali\u2019ne kat\u0131lmak \u00fczere Antalya\u2019da bulunan yabanc\u0131 \u00fclkelerden gelen gen\u00e7ler de \u00e7e\u015fitli g\u00f6steriler sundu. K\u00fclt\u00fcrel danslar ve spor g\u00f6sterileri b\u00fcy\u00fck ilgi g\u00f6rd\u00fc. Program\u0131n devam\u0131nda Seans Dans Kul\u00fcb\u00fc \u00f6\u011frencileri akrobasi performanslar\u0131 sergilerken, Avrupa \u015fampiyonu olan jimnastik \u00f6\u011frencilerinin g\u00f6sterileri de t\u00f6rene damga vurdu. \u200bAntalya B\u00fcy\u00fck\u015fehir Belediye Ba\u015fkan\u0131 Muhittin B\u00f6cek ile Ak Parti Antalya Milletvekili \u0130brahim Ethem Ta\u015f, bu kez ayn\u0131 ama\u00e7 i\u00e7in birlikte m\u00fccadele etti.\u00a0 \u200bHaberin Al\u0131nt\u0131land\u0131\u011f\u0131 Kaynak: www.antalyakorfez.com","og_url":"https:\/\/denizcankizil.tr\/uk\/haberler\/gundem\/muhittin-bocek-ile-ibrahim-ethem-tas-bu-kez-ayni-takimda\/","og_site_name":"Av. Deniz Can K\u0131z\u0131l","article_published_time":"2025-05-19T10:41:48+00:00","author":"Antalya K\u00f6rfez","twitter_card":"summary_large_image","twitter_misc":{"\u041d\u0430\u043f\u0438\u0441\u0430\u043d\u043e":"Antalya K\u00f6rfez","\u041f\u0440\u0438\u0431\u043b. \u0447\u0430\u0441 \u0447\u0438\u0442\u0430\u043d\u043d\u044f":"1 \u0445\u0432\u0438\u043b\u0438\u043d\u0430"},"schema":{"@context":"https:\/\/schema.org","@graph":[{"@type":"Article","@id":"https:\/\/denizcankizil.tr\/uk\/haberler\/gundem\/muhittin-bocek-ile-ibrahim-ethem-tas-bu-kez-ayni-takimda\/#article","isPartOf":{"@id":"https:\/\/denizcankizil.tr\/uk\/haberler\/gundem\/muhittin-bocek-ile-ibrahim-ethem-tas-bu-kez-ayni-takimda\/"},"author":{"name":"Antalya K\u00f6rfez","@id":"https:\/\/denizcankizil.tr\/#\/schema\/person\/e1eb71bb4dd684d46563f0af307e1234"},"headline":"Muhittin B\u00f6cek ile \u0130brahim Ethem Ta\u015f bu kez ayn\u0131 tak\u0131mda","datePublished":"2025-05-19T10:41:48+00:00","mainEntityOfPage":{"@id":"https:\/\/denizcankizil.tr\/uk\/haberler\/gundem\/muhittin-bocek-ile-ibrahim-ethem-tas-bu-kez-ayni-takimda\/"},"wordCount":261,"publisher":{"@id":"https:\/\/denizcankizil.tr\/#organization"},"articleSection":["G\u00fcndem"],"inLanguage":"uk"},{"@type":"WebPage","@id":"https:\/\/denizcankizil.tr\/uk\/haberler\/gundem\/muhittin-bocek-ile-ibrahim-ethem-tas-bu-kez-ayni-takimda\/","url":"https:\/\/denizcankizil.tr\/uk\/haberler\/gundem\/muhittin-bocek-ile-ibrahim-ethem-tas-bu-kez-ayni-takimda\/","name":"Muhittin B\u00f6cek ile \u0130brahim Ethem Ta\u015f bu kez ayn\u0131 tak\u0131mda - Av. Deniz Can K\u0131z\u0131l","isPartOf":{"@id":"https:\/\/denizcankizil.tr\/#website"},"datePublished":"2025-05-19T10:41:48+00:00","breadcrumb":{"@id":"https:\/\/denizcankizil.tr\/uk\/haberler\/gundem\/muhittin-bocek-ile-ibrahim-ethem-tas-bu-kez-ayni-takimda\/#breadcrumb"},"inLanguage":"uk","potentialAction":[{"@type":"ReadAction","target":["https:\/\/denizcankizil.tr\/uk\/haberler\/gundem\/muhittin-bocek-ile-ibrahim-ethem-tas-bu-kez-ayni-takimda\/"]}]},{"@type":"BreadcrumbList","@id":"https:\/\/denizcankizil.tr\/uk\/haberler\/gundem\/muhittin-bocek-ile-ibrahim-ethem-tas-bu-kez-ayni-takimda\/#breadcrumb","itemListElement":[{"@type":"ListItem","position":1,"name":"Home","item":"https:\/\/denizcankizil.tr\/de\/"},{"@type":"ListItem","position":2,"name":"Muhittin B\u00f6cek ile \u0130brahim Ethem Ta\u015f bu kez ayn\u0131 tak\u0131mda"}]},{"@type":"WebSite","@id":"https:\/\/denizcankizil.tr\/#website","url":"https:\/\/denizcankizil.tr\/","name":"Av. Deniz Can K\u0131z\u0131l","description":"Avukat Deniz Can K\u0131z\u0131l Antalya Barosu","publisher":{"@id":"https:\/\/denizcankizil.tr\/#organization"},"potentialAction":[{"@type":"SearchAction","target":{"@type":"EntryPoint","urlTemplate":"https:\/\/denizcankizil.tr\/?s={search_term_string}"},"query-input":{"@type":"PropertyValueSpecification","valueRequired":true,"valueName":"search_term_string"}}],"inLanguage":"uk"},{"@type":"Organization","@id":"https:\/\/denizcankizil.tr\/#organization","name":"Av. Deniz Can K\u0131z\u0131l","url":"https:\/\/denizcankizil.tr\/","logo":{"@type":"ImageObject","inLanguage":"uk","@id":"https:\/\/denizcankizil.tr\/#\/schema\/logo\/image\/","url":"https:\/\/denizcankizil.tr\/wp-content\/uploads\/2024\/10\/siyah-logo-svg.svg","contentUrl":"https:\/\/denizcankizil.tr\/wp-content\/uploads\/2024\/10\/siyah-logo-svg.svg","width":1080,"height":1080,"caption":"Av. Deniz Can K\u0131z\u0131l"},"image":{"@id":"https:\/\/denizcankizil.tr\/#\/schema\/logo\/image\/"}},{"@type":"Person","@id":"https:\/\/denizcankizil.tr\/#\/schema\/person\/e1eb71bb4dd684d46563f0af307e1234","name":"Antalya K\u00f6rfez","image":{"@type":"ImageObject","inLanguage":"uk","@id":"https:\/\/denizcankizil.tr\/#\/schema\/person\/image\/","url":"https:\/\/secure.gravatar.com\/avatar\/42b01982558a48a0b501fdcab6a408d3717ea5919095ee2e67b0e521799c5905?s=96&d=mm&r=g","contentUrl":"https:\/\/secure.gravatar.com\/avatar\/42b01982558a48a0b501fdcab6a408d3717ea5919095ee2e67b0e521799c5905?s=96&d=mm&r=g","caption":"Antalya K\u00f6rfez"},"sameAs":["http:\/\/www.antalyakorfez.com"],"url":"https:\/\/www.antalyakorfez.com\/muhittin-bocek-ile-ibrahim-ethem-tas-bu-kez-ayni-takimda"}]}},"_links":{"self":[{"href":"https:\/\/denizcankizil.tr\/uk\/wp-json\/wp\/v2\/posts\/91564","targetHints":{"allow":["GET"]}}],"collection":[{"href":"https:\/\/denizcankizil.tr\/uk\/wp-json\/wp\/v2\/posts"}],"about":[{"href":"https:\/\/denizcankizil.tr\/uk\/wp-json\/wp\/v2\/types\/post"}],"author":[{"embeddable":true,"href":"https:\/\/denizcankizil.tr\/uk\/wp-json\/wp\/v2\/users\/5"}],"replies":[{"embeddable":true,"href":"https:\/\/denizcankizil.tr\/uk\/wp-json\/wp\/v2\/comments?post=91564"}],"version-history":[{"count":0,"href":"https:\/\/denizcankizil.tr\/uk\/wp-json\/wp\/v2\/posts\/91564\/revisions"}],"wp:attachment":[{"href":"https:\/\/denizcankizil.tr\/uk\/wp-json\/wp\/v2\/media?parent=91564"}],"wp:term":[{"taxonomy":"category","embeddable":true,"href":"https:\/\/denizcankizil.tr\/uk\/wp-json\/wp\/v2\/categories?post=91564"},{"taxonomy":"post_tag","embeddable":true,"href":"https:\/\/denizcankizil.tr\/uk\/wp-json\/wp\/v2\/tags?post=91564"}],"curies":[{"name":"wp","href":"https:\/\/api.w.org\/{rel}","templated":true}]}}