{"id":91506,"date":"2025-05-19T12:41:20","date_gmt":"2025-05-19T09:41:20","guid":{"rendered":"https:\/\/denizcankizil.tr\/uncategorized-tr\/antalyada-19-mayista-ataturk-surprizi-atiyla-geldi-zeybekle-buyuk-alkis-aldi\/"},"modified":"2025-05-19T12:41:20","modified_gmt":"2025-05-19T09:41:20","slug":"antalyada-19-mayista-ataturk-surprizi-atiyla-geldi-zeybekle-buyuk-alkis-aldi","status":"publish","type":"post","link":"https:\/\/denizcankizil.tr\/uk\/haberler\/gundem\/antalyada-19-mayista-ataturk-surprizi-atiyla-geldi-zeybekle-buyuk-alkis-aldi\/","title":{"rendered":"Antalya\u2019da 19 May\u0131s\u2019ta Atat\u00fcrk s\u00fcrprizi: At\u0131yla geldi, zeybekle b\u00fcy\u00fck alk\u0131\u015f ald\u0131"},"content":{"rendered":"<p>Antalya\u2019da 19 May\u0131s Atat\u00fcrk\u2019\u00fc Anma, Gen\u00e7lik ve Spor Bayram\u0131, Karaalio\u011flu Park\u0131 i\u00e7erisindeki Eski Stadyum\u2019da d\u00fczenlenen g\u00f6rkemli t\u00f6renle kutland\u0131. Sabah saatlerinde Cumhuriyet Meydan\u0131\u2019nda ba\u015flayan kutlamalar kapsam\u0131nda Antalya Gen\u00e7lik ve Spor \u0130l M\u00fcd\u00fcr\u00fc Yavuz G\u00fcrhan ve beraberindeki gen\u00e7ler, Atat\u00fcrk An\u0131t\u0131\u2019na \u00e7elenk sundu. Sayg\u0131 duru\u015fu ve \u0130stiklal Mar\u015f\u0131\u2019n\u0131n ard\u0131ndan kutlamalar, Karaalio\u011flu Park\u0131\u2019nda geni\u015f kat\u0131l\u0131ml\u0131 bir t\u00f6renle devam etti. T\u00f6re Antalya Valisi Hulusi \u015eahin, Antalya B\u00fcy\u00fck\u015fehir Belediye Ba\u015fkan\u0131 Muhittin B\u00f6cek ba\u015fta olmak \u00fczere \u00e7ok say\u0131da ki\u015fi kat\u0131ld\u0131.<\/p>\n<p>T\u00dcRK\u0130YE\u2019Y\u0130 S\u0130ZLER \u0130N\u015eA EDECEKS\u0130N\u0130Z<\/p>\n<p>T\u00f6renin a\u00e7\u0131l\u0131\u015f konu\u015fmas\u0131n\u0131 yapan Antalya Gen\u00e7lik ve Spor \u0130l M\u00fcd\u00fcr\u00fc Yavuz G\u00fcrhan, 19 May\u0131s\u2019\u0131n T\u00fcrk milletinin ba\u011f\u0131ms\u0131zl\u0131k me\u015falesini yakt\u0131\u011f\u0131 g\u00fcn oldu\u011funu vurgulayarak gen\u00e7lere hitaben bir konu\u015fma ger\u00e7ekle\u015ftirdi. G\u00fcrhan, \u201cBug\u00fcn Samsun\u2019da yak\u0131lan kurtulu\u015f me\u015falesinin t\u00fcm vatan\u0131 sard\u0131\u011f\u0131 g\u00fcn\u00fcn y\u0131ld\u00f6n\u00fcm\u00fcd\u00fcr. O g\u00fcn aya\u011fa kalkan bir milletin evlatlar\u0131 bug\u00fcn bilimde, sanatta, sporda ve teknolojide \u2018biz de var\u0131z\u2019 diyor. Sevgili gen\u00e7ler; sizler Mustafa Kemal Atat\u00fcrk\u2019\u00fcn yakt\u0131\u011f\u0131 me\u015falenin ta\u015f\u0131y\u0131c\u0131s\u0131, bu cumhuriyetin emanet\u00e7ilerisiniz. Atalar\u0131n\u0131zdan ald\u0131\u011f\u0131n\u0131z g\u00fc\u00e7le, gelece\u011fin T\u00fcrkiye\u2019sini sizler in\u015fa edeceksiniz&#8221; dedi.<\/p>\n<p>ATAT\u00dcRK\u2019E \u0130LG\u0130<\/p>\n<p>Antalya K\u00f6rfez Gazetesi muhabiri Ertu\u011frul G\u00fcn&#8217;\u00fcn haberine g\u00f6re; konu\u015fman\u0131n ard\u0131ndan t\u00f6rene kat\u0131lanlar aras\u0131nda en b\u00fcy\u00fck ilgiyi temsili Atat\u00fcrk rol\u00fcndeki Necati \u00d6ner g\u00f6rd\u00fc. Atat\u00fcrk k\u0131yafetleriyle alana at\u0131yla gelen \u00d6ner, t\u00f6ren alan\u0131nda gen\u00e7leri selamlad\u0131. Ard\u0131ndan sahneye \u00e7\u0131karak zeybek oynayan \u00d6ner, izleyicilerden b\u00fcy\u00fck alk\u0131\u015f ald\u0131. \u00d6ner daha sonra gen\u00e7lerle birlikte platforma \u00e7\u0131karak \u201cgelece\u011fe inan\u00e7la y\u00fcr\u00fcme\u201d mesaj\u0131 verdi.<\/p>\n<p>GEN\u00c7LERDEN FEST\u0130VAL<\/p>\n<p>Etkinlikler kapsam\u0131nda Uluslararas\u0131 Gen\u00e7lik Festivali\u2019ne kat\u0131lmak \u00fczere Antalya\u2019da bulunan yabanc\u0131 \u00fclkelerden gelen gen\u00e7ler de \u00e7e\u015fitli g\u00f6steriler sundu. K\u00fclt\u00fcrel danslar ve spor g\u00f6sterileri b\u00fcy\u00fck ilgi g\u00f6rd\u00fc. Program\u0131n devam\u0131nda Seans Dans Kul\u00fcb\u00fc \u00f6\u011frencileri akrobasi performanslar\u0131 sergilerken, Avrupa \u015fampiyonu olan jimnastik \u00f6\u011frencilerinin g\u00f6sterileri de t\u00f6rene damga vurdu.<\/p>\n<p>BALKONLARDAN DESTEK<\/p>\n<p>T\u00f6rene bir\u00e7ok vatanda\u015f balkonuna ast\u0131\u011f\u0131 bayraklar ile kat\u0131larak destek verdi. Vatanda\u015flar bir yandan t\u00f6renleri izlerken di\u011fer taraftan ise gen\u00e7lerin m\u00fczik danslar\u0131na zaman zaman e\u015flik etti. 19 May\u0131s co\u015fkusu kenti sararak bir\u00e7ok evin penceresine ve balkonuna bayrak as\u0131lt\u0131.<\/p>\n<p>DEVAM EDECEK<\/p>\n<p>Kutlamalar ak\u015fam Varyant \u2019tan ba\u015flayarak Cumhuriyet Meydan\u0131na kadar devam edecek olan Fener alay\u0131 ile devam edecek. 19 May\u0131s kutlamalar\u0131 g\u00fcn boyu s\u00fcren Gen\u00e7lik ve Spor Festivali ile devam edecek.<\/p>\n<p>\u200bAntalya\u2019da 19 May\u0131s Atat\u00fcrk\u2019\u00fc Anma, Gen\u00e7lik ve Spor Bayram\u0131 eski stadyumda co\u015fkuyla kutland\u0131. T\u00f6rene kat\u0131lanlar aras\u0131nda en b\u00fcy\u00fck ilgiyi temsili Atat\u00fcrk rol\u00fcndeki Necati \u00d6ner g\u00f6rd\u00fc.\u00a0<\/p>\n<p>\u200bHaberin Al\u0131nt\u0131land\u0131\u011f\u0131 Kaynak: www.antalyakorfez.com<\/p>","protected":false},"excerpt":{"rendered":"<p>Antalya\u2019da 19 May\u0131s Atat\u00fcrk\u2019\u00fc Anma, Gen\u00e7lik ve Spor Bayram\u0131, Karaalio\u011flu Park\u0131 i\u00e7erisindeki Eski Stadyum\u2019da d\u00fczenlenen g\u00f6rkemli t\u00f6renle kutland\u0131. Sabah saatlerinde Cumhuriyet Meydan\u0131\u2019nda ba\u015flayan kutlamalar kapsam\u0131nda Antalya Gen\u00e7lik ve Spor \u0130l M\u00fcd\u00fcr\u00fc Yavuz G\u00fcrhan ve beraberindeki gen\u00e7ler, Atat\u00fcrk An\u0131t\u0131\u2019na \u00e7elenk sundu. Sayg\u0131 duru\u015fu ve \u0130stiklal Mar\u015f\u0131\u2019n\u0131n ard\u0131ndan kutlamalar, Karaalio\u011flu Park\u0131\u2019nda geni\u015f kat\u0131l\u0131ml\u0131 bir t\u00f6renle devam etti. T\u00f6re Antalya Valisi Hulusi \u015eahin, Antalya B\u00fcy\u00fck\u015fehir Belediye Ba\u015fkan\u0131 Muhittin B\u00f6cek ba\u015fta olmak \u00fczere \u00e7ok say\u0131da ki\u015fi kat\u0131ld\u0131. T\u00dcRK\u0130YE\u2019Y\u0130 S\u0130ZLER \u0130N\u015eA EDECEKS\u0130N\u0130Z T\u00f6renin a\u00e7\u0131l\u0131\u015f konu\u015fmas\u0131n\u0131 yapan Antalya Gen\u00e7lik ve Spor \u0130l M\u00fcd\u00fcr\u00fc Yavuz G\u00fcrhan, 19 May\u0131s\u2019\u0131n T\u00fcrk milletinin ba\u011f\u0131ms\u0131zl\u0131k me\u015falesini yakt\u0131\u011f\u0131 g\u00fcn oldu\u011funu vurgulayarak gen\u00e7lere hitaben bir konu\u015fma ger\u00e7ekle\u015ftirdi. G\u00fcrhan, \u201cBug\u00fcn Samsun\u2019da yak\u0131lan kurtulu\u015f me\u015falesinin t\u00fcm vatan\u0131 sard\u0131\u011f\u0131 g\u00fcn\u00fcn y\u0131ld\u00f6n\u00fcm\u00fcd\u00fcr. O g\u00fcn aya\u011fa kalkan bir milletin evlatlar\u0131 bug\u00fcn bilimde, sanatta, sporda ve teknolojide \u2018biz de var\u0131z\u2019 diyor. Sevgili gen\u00e7ler; sizler Mustafa Kemal Atat\u00fcrk\u2019\u00fcn yakt\u0131\u011f\u0131 me\u015falenin ta\u015f\u0131y\u0131c\u0131s\u0131, bu cumhuriyetin emanet\u00e7ilerisiniz. Atalar\u0131n\u0131zdan ald\u0131\u011f\u0131n\u0131z g\u00fc\u00e7le, gelece\u011fin T\u00fcrkiye\u2019sini sizler in\u015fa edeceksiniz&#8221; dedi. ATAT\u00dcRK\u2019E \u0130LG\u0130 Antalya K\u00f6rfez Gazetesi muhabiri Ertu\u011frul G\u00fcn&#8217;\u00fcn haberine g\u00f6re; konu\u015fman\u0131n ard\u0131ndan t\u00f6rene kat\u0131lanlar aras\u0131nda en b\u00fcy\u00fck ilgiyi temsili Atat\u00fcrk rol\u00fcndeki Necati \u00d6ner g\u00f6rd\u00fc. Atat\u00fcrk k\u0131yafetleriyle alana at\u0131yla gelen \u00d6ner, t\u00f6ren alan\u0131nda gen\u00e7leri selamlad\u0131. Ard\u0131ndan sahneye \u00e7\u0131karak zeybek oynayan \u00d6ner, izleyicilerden b\u00fcy\u00fck alk\u0131\u015f ald\u0131. \u00d6ner daha sonra &hellip;<\/p>","protected":false},"author":5,"featured_media":0,"comment_status":"","ping_status":"open","sticky":false,"template":"","format":"standard","meta":{"_acf_changed":false,"footnotes":""},"categories":[24],"tags":[],"class_list":["post-91506","post","type-post","status-publish","format-standard","has-post-thumbnail","hentry","category-gundem"],"acf":[],"yoast_head":"<!-- This site is optimized with the Yoast SEO Premium plugin v26.6 (Yoast SEO v27.1.1) - https:\/\/yoast.com\/product\/yoast-seo-premium-wordpress\/ -->\n<title>Antalya\u2019da 19 May\u0131s\u2019ta Atat\u00fcrk s\u00fcrprizi: At\u0131yla geldi, zeybekle b\u00fcy\u00fck alk\u0131\u015f ald\u0131 - Av. Deniz Can K\u0131z\u0131l<\/title>\n<meta name=\"robots\" content=\"index, follow, max-snippet:-1, max-image-preview:large, max-video-preview:-1\" \/>\n<link rel=\"canonical\" href=\"https:\/\/denizcankizil.tr\/uk\/haberler\/gundem\/antalyada-19-mayista-ataturk-surprizi-atiyla-geldi-zeybekle-buyuk-alkis-aldi\/\" \/>\n<meta property=\"og:locale\" content=\"uk_UA\" \/>\n<meta property=\"og:type\" content=\"article\" \/>\n<meta property=\"og:title\" content=\"Antalya\u2019da 19 May\u0131s\u2019ta Atat\u00fcrk s\u00fcrprizi: At\u0131yla geldi, zeybekle b\u00fcy\u00fck alk\u0131\u015f ald\u0131\" \/>\n<meta property=\"og:description\" content=\"Antalya\u2019da 19 May\u0131s Atat\u00fcrk\u2019\u00fc Anma, Gen\u00e7lik ve Spor Bayram\u0131, Karaalio\u011flu Park\u0131 i\u00e7erisindeki Eski Stadyum\u2019da d\u00fczenlenen g\u00f6rkemli t\u00f6renle kutland\u0131. Sabah saatlerinde Cumhuriyet Meydan\u0131\u2019nda ba\u015flayan kutlamalar kapsam\u0131nda Antalya Gen\u00e7lik ve Spor \u0130l M\u00fcd\u00fcr\u00fc Yavuz G\u00fcrhan ve beraberindeki gen\u00e7ler, Atat\u00fcrk An\u0131t\u0131\u2019na \u00e7elenk sundu. Sayg\u0131 duru\u015fu ve \u0130stiklal Mar\u015f\u0131\u2019n\u0131n ard\u0131ndan kutlamalar, Karaalio\u011flu Park\u0131\u2019nda geni\u015f kat\u0131l\u0131ml\u0131 bir t\u00f6renle devam etti. T\u00f6re Antalya Valisi Hulusi \u015eahin, Antalya B\u00fcy\u00fck\u015fehir Belediye Ba\u015fkan\u0131 Muhittin B\u00f6cek ba\u015fta olmak \u00fczere \u00e7ok say\u0131da ki\u015fi kat\u0131ld\u0131. T\u00dcRK\u0130YE\u2019Y\u0130 S\u0130ZLER \u0130N\u015eA EDECEKS\u0130N\u0130Z T\u00f6renin a\u00e7\u0131l\u0131\u015f konu\u015fmas\u0131n\u0131 yapan Antalya Gen\u00e7lik ve Spor \u0130l M\u00fcd\u00fcr\u00fc Yavuz G\u00fcrhan, 19 May\u0131s\u2019\u0131n T\u00fcrk milletinin ba\u011f\u0131ms\u0131zl\u0131k me\u015falesini yakt\u0131\u011f\u0131 g\u00fcn oldu\u011funu vurgulayarak gen\u00e7lere hitaben bir konu\u015fma ger\u00e7ekle\u015ftirdi. G\u00fcrhan, \u201cBug\u00fcn Samsun\u2019da yak\u0131lan kurtulu\u015f me\u015falesinin t\u00fcm vatan\u0131 sard\u0131\u011f\u0131 g\u00fcn\u00fcn y\u0131ld\u00f6n\u00fcm\u00fcd\u00fcr. O g\u00fcn aya\u011fa kalkan bir milletin evlatlar\u0131 bug\u00fcn bilimde, sanatta, sporda ve teknolojide \u2018biz de var\u0131z\u2019 diyor. Sevgili gen\u00e7ler; sizler Mustafa Kemal Atat\u00fcrk\u2019\u00fcn yakt\u0131\u011f\u0131 me\u015falenin ta\u015f\u0131y\u0131c\u0131s\u0131, bu cumhuriyetin emanet\u00e7ilerisiniz. Atalar\u0131n\u0131zdan ald\u0131\u011f\u0131n\u0131z g\u00fc\u00e7le, gelece\u011fin T\u00fcrkiye\u2019sini sizler in\u015fa edeceksiniz&#8221; dedi. ATAT\u00dcRK\u2019E \u0130LG\u0130 Antalya K\u00f6rfez Gazetesi muhabiri Ertu\u011frul G\u00fcn&#8217;\u00fcn haberine g\u00f6re; konu\u015fman\u0131n ard\u0131ndan t\u00f6rene kat\u0131lanlar aras\u0131nda en b\u00fcy\u00fck ilgiyi temsili Atat\u00fcrk rol\u00fcndeki Necati \u00d6ner g\u00f6rd\u00fc. Atat\u00fcrk k\u0131yafetleriyle alana at\u0131yla gelen \u00d6ner, t\u00f6ren alan\u0131nda gen\u00e7leri selamlad\u0131. Ard\u0131ndan sahneye \u00e7\u0131karak zeybek oynayan \u00d6ner, izleyicilerden b\u00fcy\u00fck alk\u0131\u015f ald\u0131. \u00d6ner daha sonra &hellip;\" \/>\n<meta property=\"og:url\" content=\"https:\/\/denizcankizil.tr\/uk\/haberler\/gundem\/antalyada-19-mayista-ataturk-surprizi-atiyla-geldi-zeybekle-buyuk-alkis-aldi\/\" \/>\n<meta property=\"og:site_name\" content=\"Av. Deniz Can K\u0131z\u0131l\" \/>\n<meta property=\"article:published_time\" content=\"2025-05-19T09:41:20+00:00\" \/>\n<meta name=\"author\" content=\"Antalya K\u00f6rfez\" \/>\n<meta name=\"twitter:card\" content=\"summary_large_image\" \/>\n<meta name=\"twitter:label1\" content=\"\u041d\u0430\u043f\u0438\u0441\u0430\u043d\u043e\" \/>\n\t<meta name=\"twitter:data1\" content=\"Antalya K\u00f6rfez\" \/>\n\t<meta name=\"twitter:label2\" content=\"\u041f\u0440\u0438\u0431\u043b. \u0447\u0430\u0441 \u0447\u0438\u0442\u0430\u043d\u043d\u044f\" \/>\n\t<meta name=\"twitter:data2\" content=\"3 \u0445\u0432\u0438\u043b\u0438\u043d\u0438\" \/>\n<script type=\"application\/ld+json\" class=\"yoast-schema-graph\">{\"@context\":\"https:\/\/schema.org\",\"@graph\":[{\"@type\":\"Article\",\"@id\":\"https:\/\/denizcankizil.tr\/ru\/haberler\/gundem\/antalyada-19-mayista-ataturk-surprizi-atiyla-geldi-zeybekle-buyuk-alkis-aldi\/#article\",\"isPartOf\":{\"@id\":\"https:\/\/denizcankizil.tr\/ru\/haberler\/gundem\/antalyada-19-mayista-ataturk-surprizi-atiyla-geldi-zeybekle-buyuk-alkis-aldi\/\"},\"author\":{\"name\":\"Antalya K\u00f6rfez\",\"@id\":\"https:\/\/denizcankizil.tr\/de\/#\/schema\/person\/e1eb71bb4dd684d46563f0af307e1234\"},\"headline\":\"Antalya\u2019da 19 May\u0131s\u2019ta Atat\u00fcrk s\u00fcrprizi: At\u0131yla geldi, zeybekle b\u00fcy\u00fck alk\u0131\u015f ald\u0131\",\"datePublished\":\"2025-05-19T09:41:20+00:00\",\"mainEntityOfPage\":{\"@id\":\"https:\/\/denizcankizil.tr\/ru\/haberler\/gundem\/antalyada-19-mayista-ataturk-surprizi-atiyla-geldi-zeybekle-buyuk-alkis-aldi\/\"},\"wordCount\":560,\"publisher\":{\"@id\":\"https:\/\/denizcankizil.tr\/de\/#organization\"},\"articleSection\":[\"G\u00fcndem\"],\"inLanguage\":\"uk\"},{\"@type\":\"WebPage\",\"@id\":\"https:\/\/denizcankizil.tr\/ru\/haberler\/gundem\/antalyada-19-mayista-ataturk-surprizi-atiyla-geldi-zeybekle-buyuk-alkis-aldi\/\",\"url\":\"https:\/\/denizcankizil.tr\/ru\/haberler\/gundem\/antalyada-19-mayista-ataturk-surprizi-atiyla-geldi-zeybekle-buyuk-alkis-aldi\/\",\"name\":\"Antalya\u2019da 19 May\u0131s\u2019ta Atat\u00fcrk s\u00fcrprizi: At\u0131yla geldi, zeybekle b\u00fcy\u00fck alk\u0131\u015f ald\u0131 - Av. Deniz Can K\u0131z\u0131l\",\"isPartOf\":{\"@id\":\"https:\/\/denizcankizil.tr\/de\/#website\"},\"datePublished\":\"2025-05-19T09:41:20+00:00\",\"breadcrumb\":{\"@id\":\"https:\/\/denizcankizil.tr\/ru\/haberler\/gundem\/antalyada-19-mayista-ataturk-surprizi-atiyla-geldi-zeybekle-buyuk-alkis-aldi\/#breadcrumb\"},\"inLanguage\":\"uk\",\"potentialAction\":[{\"@type\":\"ReadAction\",\"target\":[\"https:\/\/denizcankizil.tr\/ru\/haberler\/gundem\/antalyada-19-mayista-ataturk-surprizi-atiyla-geldi-zeybekle-buyuk-alkis-aldi\/\"]}]},{\"@type\":\"BreadcrumbList\",\"@id\":\"https:\/\/denizcankizil.tr\/ru\/haberler\/gundem\/antalyada-19-mayista-ataturk-surprizi-atiyla-geldi-zeybekle-buyuk-alkis-aldi\/#breadcrumb\",\"itemListElement\":[{\"@type\":\"ListItem\",\"position\":1,\"name\":\"Home\",\"item\":\"https:\/\/denizcankizil.tr\/de\/\"},{\"@type\":\"ListItem\",\"position\":2,\"name\":\"Antalya\u2019da 19 May\u0131s\u2019ta Atat\u00fcrk s\u00fcrprizi: At\u0131yla geldi, zeybekle b\u00fcy\u00fck alk\u0131\u015f ald\u0131\"}]},{\"@type\":\"WebSite\",\"@id\":\"https:\/\/denizcankizil.tr\/de\/#website\",\"url\":\"https:\/\/denizcankizil.tr\/de\/\",\"name\":\"Av. Deniz Can K\u0131z\u0131l\",\"description\":\"Avukat Deniz Can K\u0131z\u0131l Antalya Barosu\",\"publisher\":{\"@id\":\"https:\/\/denizcankizil.tr\/de\/#organization\"},\"potentialAction\":[{\"@type\":\"SearchAction\",\"target\":{\"@type\":\"EntryPoint\",\"urlTemplate\":\"https:\/\/denizcankizil.tr\/de\/?s={search_term_string}\"},\"query-input\":{\"@type\":\"PropertyValueSpecification\",\"valueRequired\":true,\"valueName\":\"search_term_string\"}}],\"inLanguage\":\"uk\"},{\"@type\":\"Organization\",\"@id\":\"https:\/\/denizcankizil.tr\/de\/#organization\",\"name\":\"Av. Deniz Can K\u0131z\u0131l\",\"url\":\"https:\/\/denizcankizil.tr\/de\/\",\"logo\":{\"@type\":\"ImageObject\",\"inLanguage\":\"uk\",\"@id\":\"https:\/\/denizcankizil.tr\/de\/#\/schema\/logo\/image\/\",\"url\":\"https:\/\/denizcankizil.tr\/wp-content\/uploads\/2024\/10\/siyah-logo-svg.svg\",\"contentUrl\":\"https:\/\/denizcankizil.tr\/wp-content\/uploads\/2024\/10\/siyah-logo-svg.svg\",\"width\":1080,\"height\":1080,\"caption\":\"Av. Deniz Can K\u0131z\u0131l\"},\"image\":{\"@id\":\"https:\/\/denizcankizil.tr\/de\/#\/schema\/logo\/image\/\"}},{\"@type\":\"Person\",\"@id\":\"https:\/\/denizcankizil.tr\/de\/#\/schema\/person\/e1eb71bb4dd684d46563f0af307e1234\",\"name\":\"Antalya K\u00f6rfez\",\"image\":{\"@type\":\"ImageObject\",\"inLanguage\":\"uk\",\"@id\":\"https:\/\/denizcankizil.tr\/de\/#\/schema\/person\/image\/\",\"url\":\"https:\/\/secure.gravatar.com\/avatar\/42b01982558a48a0b501fdcab6a408d3717ea5919095ee2e67b0e521799c5905?s=96&d=mm&r=g\",\"contentUrl\":\"https:\/\/secure.gravatar.com\/avatar\/42b01982558a48a0b501fdcab6a408d3717ea5919095ee2e67b0e521799c5905?s=96&d=mm&r=g\",\"caption\":\"Antalya K\u00f6rfez\"},\"sameAs\":[\"http:\/\/www.antalyakorfez.com\"],\"url\":\"https:\/\/www.antalyakorfez.com\/antalyada-19-mayista-ataturk-surprizi-atiyla-geldi-zeybekle-buyuk-alkis-aldi\"}]}<\/script>\n<!-- \/ Yoast SEO Premium plugin. -->","yoast_head_json":{"title":"Antalya\u2019da 19 May\u0131s\u2019ta Atat\u00fcrk s\u00fcrprizi: At\u0131yla geldi, zeybekle b\u00fcy\u00fck alk\u0131\u015f ald\u0131 - Av. Deniz Can K\u0131z\u0131l","robots":{"index":"index","follow":"follow","max-snippet":"max-snippet:-1","max-image-preview":"max-image-preview:large","max-video-preview":"max-video-preview:-1"},"canonical":"https:\/\/denizcankizil.tr\/uk\/haberler\/gundem\/antalyada-19-mayista-ataturk-surprizi-atiyla-geldi-zeybekle-buyuk-alkis-aldi\/","og_locale":"uk_UA","og_type":"article","og_title":"Antalya\u2019da 19 May\u0131s\u2019ta Atat\u00fcrk s\u00fcrprizi: At\u0131yla geldi, zeybekle b\u00fcy\u00fck alk\u0131\u015f ald\u0131","og_description":"Antalya\u2019da 19 May\u0131s Atat\u00fcrk\u2019\u00fc Anma, Gen\u00e7lik ve Spor Bayram\u0131, Karaalio\u011flu Park\u0131 i\u00e7erisindeki Eski Stadyum\u2019da d\u00fczenlenen g\u00f6rkemli t\u00f6renle kutland\u0131. Sabah saatlerinde Cumhuriyet Meydan\u0131\u2019nda ba\u015flayan kutlamalar kapsam\u0131nda Antalya Gen\u00e7lik ve Spor \u0130l M\u00fcd\u00fcr\u00fc Yavuz G\u00fcrhan ve beraberindeki gen\u00e7ler, Atat\u00fcrk An\u0131t\u0131\u2019na \u00e7elenk sundu. Sayg\u0131 duru\u015fu ve \u0130stiklal Mar\u015f\u0131\u2019n\u0131n ard\u0131ndan kutlamalar, Karaalio\u011flu Park\u0131\u2019nda geni\u015f kat\u0131l\u0131ml\u0131 bir t\u00f6renle devam etti. T\u00f6re Antalya Valisi Hulusi \u015eahin, Antalya B\u00fcy\u00fck\u015fehir Belediye Ba\u015fkan\u0131 Muhittin B\u00f6cek ba\u015fta olmak \u00fczere \u00e7ok say\u0131da ki\u015fi kat\u0131ld\u0131. T\u00dcRK\u0130YE\u2019Y\u0130 S\u0130ZLER \u0130N\u015eA EDECEKS\u0130N\u0130Z T\u00f6renin a\u00e7\u0131l\u0131\u015f konu\u015fmas\u0131n\u0131 yapan Antalya Gen\u00e7lik ve Spor \u0130l M\u00fcd\u00fcr\u00fc Yavuz G\u00fcrhan, 19 May\u0131s\u2019\u0131n T\u00fcrk milletinin ba\u011f\u0131ms\u0131zl\u0131k me\u015falesini yakt\u0131\u011f\u0131 g\u00fcn oldu\u011funu vurgulayarak gen\u00e7lere hitaben bir konu\u015fma ger\u00e7ekle\u015ftirdi. G\u00fcrhan, \u201cBug\u00fcn Samsun\u2019da yak\u0131lan kurtulu\u015f me\u015falesinin t\u00fcm vatan\u0131 sard\u0131\u011f\u0131 g\u00fcn\u00fcn y\u0131ld\u00f6n\u00fcm\u00fcd\u00fcr. O g\u00fcn aya\u011fa kalkan bir milletin evlatlar\u0131 bug\u00fcn bilimde, sanatta, sporda ve teknolojide \u2018biz de var\u0131z\u2019 diyor. Sevgili gen\u00e7ler; sizler Mustafa Kemal Atat\u00fcrk\u2019\u00fcn yakt\u0131\u011f\u0131 me\u015falenin ta\u015f\u0131y\u0131c\u0131s\u0131, bu cumhuriyetin emanet\u00e7ilerisiniz. Atalar\u0131n\u0131zdan ald\u0131\u011f\u0131n\u0131z g\u00fc\u00e7le, gelece\u011fin T\u00fcrkiye\u2019sini sizler in\u015fa edeceksiniz&#8221; dedi. ATAT\u00dcRK\u2019E \u0130LG\u0130 Antalya K\u00f6rfez Gazetesi muhabiri Ertu\u011frul G\u00fcn&#8217;\u00fcn haberine g\u00f6re; konu\u015fman\u0131n ard\u0131ndan t\u00f6rene kat\u0131lanlar aras\u0131nda en b\u00fcy\u00fck ilgiyi temsili Atat\u00fcrk rol\u00fcndeki Necati \u00d6ner g\u00f6rd\u00fc. Atat\u00fcrk k\u0131yafetleriyle alana at\u0131yla gelen \u00d6ner, t\u00f6ren alan\u0131nda gen\u00e7leri selamlad\u0131. Ard\u0131ndan sahneye \u00e7\u0131karak zeybek oynayan \u00d6ner, izleyicilerden b\u00fcy\u00fck alk\u0131\u015f ald\u0131. \u00d6ner daha sonra &hellip;","og_url":"https:\/\/denizcankizil.tr\/uk\/haberler\/gundem\/antalyada-19-mayista-ataturk-surprizi-atiyla-geldi-zeybekle-buyuk-alkis-aldi\/","og_site_name":"Av. Deniz Can K\u0131z\u0131l","article_published_time":"2025-05-19T09:41:20+00:00","author":"Antalya K\u00f6rfez","twitter_card":"summary_large_image","twitter_misc":{"\u041d\u0430\u043f\u0438\u0441\u0430\u043d\u043e":"Antalya K\u00f6rfez","\u041f\u0440\u0438\u0431\u043b. \u0447\u0430\u0441 \u0447\u0438\u0442\u0430\u043d\u043d\u044f":"3 \u0445\u0432\u0438\u043b\u0438\u043d\u0438"},"schema":{"@context":"https:\/\/schema.org","@graph":[{"@type":"Article","@id":"https:\/\/denizcankizil.tr\/ru\/haberler\/gundem\/antalyada-19-mayista-ataturk-surprizi-atiyla-geldi-zeybekle-buyuk-alkis-aldi\/#article","isPartOf":{"@id":"https:\/\/denizcankizil.tr\/ru\/haberler\/gundem\/antalyada-19-mayista-ataturk-surprizi-atiyla-geldi-zeybekle-buyuk-alkis-aldi\/"},"author":{"name":"Antalya K\u00f6rfez","@id":"https:\/\/denizcankizil.tr\/de\/#\/schema\/person\/e1eb71bb4dd684d46563f0af307e1234"},"headline":"Antalya\u2019da 19 May\u0131s\u2019ta Atat\u00fcrk s\u00fcrprizi: At\u0131yla geldi, zeybekle b\u00fcy\u00fck alk\u0131\u015f ald\u0131","datePublished":"2025-05-19T09:41:20+00:00","mainEntityOfPage":{"@id":"https:\/\/denizcankizil.tr\/ru\/haberler\/gundem\/antalyada-19-mayista-ataturk-surprizi-atiyla-geldi-zeybekle-buyuk-alkis-aldi\/"},"wordCount":560,"publisher":{"@id":"https:\/\/denizcankizil.tr\/de\/#organization"},"articleSection":["G\u00fcndem"],"inLanguage":"uk"},{"@type":"WebPage","@id":"https:\/\/denizcankizil.tr\/ru\/haberler\/gundem\/antalyada-19-mayista-ataturk-surprizi-atiyla-geldi-zeybekle-buyuk-alkis-aldi\/","url":"https:\/\/denizcankizil.tr\/ru\/haberler\/gundem\/antalyada-19-mayista-ataturk-surprizi-atiyla-geldi-zeybekle-buyuk-alkis-aldi\/","name":"Antalya\u2019da 19 May\u0131s\u2019ta Atat\u00fcrk s\u00fcrprizi: At\u0131yla geldi, zeybekle b\u00fcy\u00fck alk\u0131\u015f ald\u0131 - Av. Deniz Can K\u0131z\u0131l","isPartOf":{"@id":"https:\/\/denizcankizil.tr\/de\/#website"},"datePublished":"2025-05-19T09:41:20+00:00","breadcrumb":{"@id":"https:\/\/denizcankizil.tr\/ru\/haberler\/gundem\/antalyada-19-mayista-ataturk-surprizi-atiyla-geldi-zeybekle-buyuk-alkis-aldi\/#breadcrumb"},"inLanguage":"uk","potentialAction":[{"@type":"ReadAction","target":["https:\/\/denizcankizil.tr\/ru\/haberler\/gundem\/antalyada-19-mayista-ataturk-surprizi-atiyla-geldi-zeybekle-buyuk-alkis-aldi\/"]}]},{"@type":"BreadcrumbList","@id":"https:\/\/denizcankizil.tr\/ru\/haberler\/gundem\/antalyada-19-mayista-ataturk-surprizi-atiyla-geldi-zeybekle-buyuk-alkis-aldi\/#breadcrumb","itemListElement":[{"@type":"ListItem","position":1,"name":"Home","item":"https:\/\/denizcankizil.tr\/de\/"},{"@type":"ListItem","position":2,"name":"Antalya\u2019da 19 May\u0131s\u2019ta Atat\u00fcrk s\u00fcrprizi: At\u0131yla geldi, zeybekle b\u00fcy\u00fck alk\u0131\u015f ald\u0131"}]},{"@type":"WebSite","@id":"https:\/\/denizcankizil.tr\/de\/#website","url":"https:\/\/denizcankizil.tr\/de\/","name":"Av. Deniz Can K\u0131z\u0131l","description":"Avukat Deniz Can K\u0131z\u0131l Antalya Barosu","publisher":{"@id":"https:\/\/denizcankizil.tr\/de\/#organization"},"potentialAction":[{"@type":"SearchAction","target":{"@type":"EntryPoint","urlTemplate":"https:\/\/denizcankizil.tr\/de\/?s={search_term_string}"},"query-input":{"@type":"PropertyValueSpecification","valueRequired":true,"valueName":"search_term_string"}}],"inLanguage":"uk"},{"@type":"Organization","@id":"https:\/\/denizcankizil.tr\/de\/#organization","name":"Av. Deniz Can K\u0131z\u0131l","url":"https:\/\/denizcankizil.tr\/de\/","logo":{"@type":"ImageObject","inLanguage":"uk","@id":"https:\/\/denizcankizil.tr\/de\/#\/schema\/logo\/image\/","url":"https:\/\/denizcankizil.tr\/wp-content\/uploads\/2024\/10\/siyah-logo-svg.svg","contentUrl":"https:\/\/denizcankizil.tr\/wp-content\/uploads\/2024\/10\/siyah-logo-svg.svg","width":1080,"height":1080,"caption":"Av. Deniz Can K\u0131z\u0131l"},"image":{"@id":"https:\/\/denizcankizil.tr\/de\/#\/schema\/logo\/image\/"}},{"@type":"Person","@id":"https:\/\/denizcankizil.tr\/de\/#\/schema\/person\/e1eb71bb4dd684d46563f0af307e1234","name":"Antalya K\u00f6rfez","image":{"@type":"ImageObject","inLanguage":"uk","@id":"https:\/\/denizcankizil.tr\/de\/#\/schema\/person\/image\/","url":"https:\/\/secure.gravatar.com\/avatar\/42b01982558a48a0b501fdcab6a408d3717ea5919095ee2e67b0e521799c5905?s=96&d=mm&r=g","contentUrl":"https:\/\/secure.gravatar.com\/avatar\/42b01982558a48a0b501fdcab6a408d3717ea5919095ee2e67b0e521799c5905?s=96&d=mm&r=g","caption":"Antalya K\u00f6rfez"},"sameAs":["http:\/\/www.antalyakorfez.com"],"url":"https:\/\/www.antalyakorfez.com\/antalyada-19-mayista-ataturk-surprizi-atiyla-geldi-zeybekle-buyuk-alkis-aldi"}]}},"_links":{"self":[{"href":"https:\/\/denizcankizil.tr\/uk\/wp-json\/wp\/v2\/posts\/91506","targetHints":{"allow":["GET"]}}],"collection":[{"href":"https:\/\/denizcankizil.tr\/uk\/wp-json\/wp\/v2\/posts"}],"about":[{"href":"https:\/\/denizcankizil.tr\/uk\/wp-json\/wp\/v2\/types\/post"}],"author":[{"embeddable":true,"href":"https:\/\/denizcankizil.tr\/uk\/wp-json\/wp\/v2\/users\/5"}],"replies":[{"embeddable":true,"href":"https:\/\/denizcankizil.tr\/uk\/wp-json\/wp\/v2\/comments?post=91506"}],"version-history":[{"count":0,"href":"https:\/\/denizcankizil.tr\/uk\/wp-json\/wp\/v2\/posts\/91506\/revisions"}],"wp:attachment":[{"href":"https:\/\/denizcankizil.tr\/uk\/wp-json\/wp\/v2\/media?parent=91506"}],"wp:term":[{"taxonomy":"category","embeddable":true,"href":"https:\/\/denizcankizil.tr\/uk\/wp-json\/wp\/v2\/categories?post=91506"},{"taxonomy":"post_tag","embeddable":true,"href":"https:\/\/denizcankizil.tr\/uk\/wp-json\/wp\/v2\/tags?post=91506"}],"curies":[{"name":"wp","href":"https:\/\/api.w.org\/{rel}","templated":true}]}}