{"id":91458,"date":"2025-05-19T11:41:14","date_gmt":"2025-05-19T08:41:14","guid":{"rendered":"https:\/\/denizcankizil.tr\/uncategorized-tr\/manavgatta-baspehlivan-okulu-oldu\/"},"modified":"2025-05-19T11:41:14","modified_gmt":"2025-05-19T08:41:14","slug":"manavgatta-baspehlivan-okulu-oldu","status":"publish","type":"post","link":"https:\/\/denizcankizil.tr\/uk\/haberler\/antalya\/manavgatta-baspehlivan-okulu-oldu\/","title":{"rendered":"Manavgat&#8217;ta ba\u015fpehlivan Okulu oldu"},"content":{"rendered":"<p>CW Enerji T\u00fcrkiye Ya\u011fl\u0131 G\u00fcre\u015f Ligi&#8217;nin ilk etab\u0131 olan Manavgat Belediyesi 12. Geleneksel Manavgat Ya\u011fl\u0131 Pehlivan G\u00fcre\u015fleri tamamland\u0131. Toplam 72 ba\u015fpehlivan\u0131n kat\u0131ld\u0131\u011f\u0131 g\u00fcre\u015flerin finalinde Yusuf Can Zeybek ile Orhan Okulu kar\u015f\u0131 kar\u015f\u0131ya geldi. M\u00fcsabaka boyunca rakibine g\u00f6re daha pasif g\u00fcre\u015fen Orhan Okulu, bir ihtar ald\u0131. Normal s\u00fcrede iki ba\u015fpehlivan aras\u0131nda yeni\u015f \u00e7\u0131kmay\u0131nca m\u00fccadele puanlamaya ta\u015f\u0131nd\u0131. Nefes kesen puanlama b\u00f6l\u00fcm\u00fcn\u00fcn 18. dakikas\u0131nda puan almay\u0131 ba\u015faran Orhan Okulu, alt\u0131n kemere uzand\u0131. Feyzullah Akt\u00fcrk ve Enes Do\u011fan da \u00fc\u00e7\u00fcnc\u00fcl\u00fck k\u00fcrs\u00fcs\u00fcn\u00fc payla\u015ft\u0131. 16 May\u0131s Cuma g\u00fcn\u00fc ba\u015flayan g\u00fcre\u015flere, T\u00fcrkiye&#8217;nin d\u00f6rt bir yan\u0131ndan toplam 1716 pehlivan kat\u0131ld\u0131.<\/p>\n<p>Antalya Valisi Hulusi \u015eahin, Antalya B\u00fcy\u00fck\u015fehir Belediye Ba\u015fkan\u0131 Muhittin B\u00f6cek, CHP Antalya milletvekilleri Aliye Co\u015far ile Mustafa Erdem, AK Parti Antalya Milletvekili Kemal \u00c7elik, Yeniden Refah Partisi Konya Milletvekili Ali Y\u00fcksel, Manavgat Kaymakam\u0131 Adil Karata\u015f, Manavgat Belediye Ba\u015fkan\u0131 Niyazi Nefi Kara, CHP \u0130l Ba\u015fkan\u0131 Nail Kamac\u0131, Antalya Gen\u00e7lik ve Spor \u0130l M\u00fcd\u00fcr\u00fc Yavuz G\u00fcrhan, Serik Belediye Ba\u015fkan\u0131 Kadir Kumbul, CHP Manavgat \u0130l\u00e7e Ba\u015fkan\u0131 Oykun Ba\u015far, T\u00fcrkiye Geleneksel G\u00fcre\u015fler Federasyonu Ba\u015fkan\u0131 \u0130brahim T\u00fcrki\u015f, CW Enerji Y\u00f6netim Kurulu Ba\u015fkan\u0131 Tar\u0131k Sarvan, Manavgat G\u00fcre\u015f A\u011fas\u0131 Hasan \u00d6zden, Tarihi K\u0131rkp\u0131nar Ya\u011fl\u0131 G\u00fcre\u015fleri A\u011fas\u0131 Ufuk \u00d6z\u00fcnl\u00fc, 672. Tarihi Elmal\u0131 Ye\u015filyayla Ya\u011fl\u0131 Pehlivan G\u00fcre\u015fleri A\u011fas\u0131 Hakan \u00c7etin, siyasi partilerin temsilcileri, oda ba\u015fkanlar\u0131, STK temsilcileri ve binlerce vatanda\u015f son g\u00fcn m\u00fcsabakalar\u0131n\u0131 trib\u00fcnlerden takip etti.<\/p>\n<p>Geleneksel a\u011fal\u0131k ihalesini ge\u00e7en y\u0131llarda oldu\u011fu gibi bu y\u0131l da i\u015f insan\u0131 Hasan \u00d6zden kazand\u0131. \u00d6zden, 12 milyon 107 bin TL&#8217;lik teklifiyle 2025 y\u0131l\u0131 g\u00fcre\u015f a\u011fal\u0131\u011f\u0131 unvan\u0131n\u0131n sahibi oldu.<\/p>\n<p>Kaynak: www.kanalv.com.tr Haber Sitesinden Al\u0131nm\u0131\u015ft\u0131r.<\/p>","protected":false},"excerpt":{"rendered":"<p>CW Enerji T\u00fcrkiye Ya\u011fl\u0131 G\u00fcre\u015f Ligi&#8217;nin ilk etab\u0131 olan Manavgat Belediyesi 12. Geleneksel Manavgat Ya\u011fl\u0131 Pehlivan G\u00fcre\u015fleri tamamland\u0131. Toplam 72 ba\u015fpehlivan\u0131n kat\u0131ld\u0131\u011f\u0131 g\u00fcre\u015flerin finalinde Yusuf Can Zeybek ile Orhan Okulu kar\u015f\u0131 kar\u015f\u0131ya geldi. M\u00fcsabaka boyunca rakibine g\u00f6re daha pasif g\u00fcre\u015fen Orhan Okulu, bir ihtar ald\u0131. Normal s\u00fcrede iki ba\u015fpehlivan aras\u0131nda yeni\u015f \u00e7\u0131kmay\u0131nca m\u00fccadele puanlamaya ta\u015f\u0131nd\u0131. Nefes kesen puanlama b\u00f6l\u00fcm\u00fcn\u00fcn 18. dakikas\u0131nda puan almay\u0131 ba\u015faran Orhan Okulu, alt\u0131n kemere uzand\u0131. Feyzullah Akt\u00fcrk ve Enes Do\u011fan da \u00fc\u00e7\u00fcnc\u00fcl\u00fck k\u00fcrs\u00fcs\u00fcn\u00fc payla\u015ft\u0131. 16 May\u0131s Cuma g\u00fcn\u00fc ba\u015flayan g\u00fcre\u015flere, T\u00fcrkiye&#8217;nin d\u00f6rt bir yan\u0131ndan toplam 1716 pehlivan kat\u0131ld\u0131. Antalya Valisi Hulusi \u015eahin, Antalya B\u00fcy\u00fck\u015fehir Belediye Ba\u015fkan\u0131 Muhittin B\u00f6cek, CHP Antalya milletvekilleri Aliye Co\u015far ile Mustafa Erdem, AK Parti Antalya Milletvekili Kemal \u00c7elik, Yeniden Refah Partisi Konya Milletvekili Ali Y\u00fcksel, Manavgat Kaymakam\u0131 Adil Karata\u015f, Manavgat Belediye Ba\u015fkan\u0131 Niyazi Nefi Kara, CHP \u0130l Ba\u015fkan\u0131 Nail Kamac\u0131, Antalya Gen\u00e7lik ve Spor \u0130l M\u00fcd\u00fcr\u00fc Yavuz G\u00fcrhan, Serik Belediye Ba\u015fkan\u0131 Kadir Kumbul, CHP Manavgat \u0130l\u00e7e Ba\u015fkan\u0131 Oykun Ba\u015far, T\u00fcrkiye Geleneksel G\u00fcre\u015fler Federasyonu Ba\u015fkan\u0131 \u0130brahim T\u00fcrki\u015f, CW Enerji Y\u00f6netim Kurulu Ba\u015fkan\u0131 Tar\u0131k Sarvan, Manavgat G\u00fcre\u015f A\u011fas\u0131 Hasan \u00d6zden, Tarihi K\u0131rkp\u0131nar Ya\u011fl\u0131 G\u00fcre\u015fleri A\u011fas\u0131 Ufuk \u00d6z\u00fcnl\u00fc, 672. Tarihi Elmal\u0131 Ye\u015filyayla Ya\u011fl\u0131 Pehlivan G\u00fcre\u015fleri A\u011fas\u0131 Hakan \u00c7etin, siyasi partilerin temsilcileri, oda ba\u015fkanlar\u0131, STK temsilcileri &hellip;<\/p>","protected":false},"author":4,"featured_media":0,"comment_status":"","ping_status":"open","sticky":false,"template":"","format":"standard","meta":{"_acf_changed":false,"footnotes":""},"categories":[26],"tags":[],"class_list":["post-91458","post","type-post","status-publish","format-standard","hentry","category-antalya"],"acf":[],"yoast_head":"<!-- This site is optimized with the Yoast SEO Premium plugin v26.6 (Yoast SEO v27.1.1) - https:\/\/yoast.com\/product\/yoast-seo-premium-wordpress\/ -->\n<title>Manavgat&#039;ta ba\u015fpehlivan Okulu oldu - Av. Deniz Can K\u0131z\u0131l<\/title>\n<meta name=\"robots\" content=\"index, follow, max-snippet:-1, max-image-preview:large, max-video-preview:-1\" \/>\n<link rel=\"canonical\" href=\"https:\/\/denizcankizil.tr\/uk\/haberler\/antalya\/manavgatta-baspehlivan-okulu-oldu\/\" \/>\n<meta property=\"og:locale\" content=\"uk_UA\" \/>\n<meta property=\"og:type\" content=\"article\" \/>\n<meta property=\"og:title\" content=\"Manavgat&#039;ta ba\u015fpehlivan Okulu oldu\" \/>\n<meta property=\"og:description\" content=\"CW Enerji T\u00fcrkiye Ya\u011fl\u0131 G\u00fcre\u015f Ligi&#8217;nin ilk etab\u0131 olan Manavgat Belediyesi 12. Geleneksel Manavgat Ya\u011fl\u0131 Pehlivan G\u00fcre\u015fleri tamamland\u0131. Toplam 72 ba\u015fpehlivan\u0131n kat\u0131ld\u0131\u011f\u0131 g\u00fcre\u015flerin finalinde Yusuf Can Zeybek ile Orhan Okulu kar\u015f\u0131 kar\u015f\u0131ya geldi. M\u00fcsabaka boyunca rakibine g\u00f6re daha pasif g\u00fcre\u015fen Orhan Okulu, bir ihtar ald\u0131. Normal s\u00fcrede iki ba\u015fpehlivan aras\u0131nda yeni\u015f \u00e7\u0131kmay\u0131nca m\u00fccadele puanlamaya ta\u015f\u0131nd\u0131. Nefes kesen puanlama b\u00f6l\u00fcm\u00fcn\u00fcn 18. dakikas\u0131nda puan almay\u0131 ba\u015faran Orhan Okulu, alt\u0131n kemere uzand\u0131. Feyzullah Akt\u00fcrk ve Enes Do\u011fan da \u00fc\u00e7\u00fcnc\u00fcl\u00fck k\u00fcrs\u00fcs\u00fcn\u00fc payla\u015ft\u0131. 16 May\u0131s Cuma g\u00fcn\u00fc ba\u015flayan g\u00fcre\u015flere, T\u00fcrkiye&#8217;nin d\u00f6rt bir yan\u0131ndan toplam 1716 pehlivan kat\u0131ld\u0131. Antalya Valisi Hulusi \u015eahin, Antalya B\u00fcy\u00fck\u015fehir Belediye Ba\u015fkan\u0131 Muhittin B\u00f6cek, CHP Antalya milletvekilleri Aliye Co\u015far ile Mustafa Erdem, AK Parti Antalya Milletvekili Kemal \u00c7elik, Yeniden Refah Partisi Konya Milletvekili Ali Y\u00fcksel, Manavgat Kaymakam\u0131 Adil Karata\u015f, Manavgat Belediye Ba\u015fkan\u0131 Niyazi Nefi Kara, CHP \u0130l Ba\u015fkan\u0131 Nail Kamac\u0131, Antalya Gen\u00e7lik ve Spor \u0130l M\u00fcd\u00fcr\u00fc Yavuz G\u00fcrhan, Serik Belediye Ba\u015fkan\u0131 Kadir Kumbul, CHP Manavgat \u0130l\u00e7e Ba\u015fkan\u0131 Oykun Ba\u015far, T\u00fcrkiye Geleneksel G\u00fcre\u015fler Federasyonu Ba\u015fkan\u0131 \u0130brahim T\u00fcrki\u015f, CW Enerji Y\u00f6netim Kurulu Ba\u015fkan\u0131 Tar\u0131k Sarvan, Manavgat G\u00fcre\u015f A\u011fas\u0131 Hasan \u00d6zden, Tarihi K\u0131rkp\u0131nar Ya\u011fl\u0131 G\u00fcre\u015fleri A\u011fas\u0131 Ufuk \u00d6z\u00fcnl\u00fc, 672. Tarihi Elmal\u0131 Ye\u015filyayla Ya\u011fl\u0131 Pehlivan G\u00fcre\u015fleri A\u011fas\u0131 Hakan \u00c7etin, siyasi partilerin temsilcileri, oda ba\u015fkanlar\u0131, STK temsilcileri &hellip;\" \/>\n<meta property=\"og:url\" content=\"https:\/\/denizcankizil.tr\/uk\/haberler\/antalya\/manavgatta-baspehlivan-okulu-oldu\/\" \/>\n<meta property=\"og:site_name\" content=\"Av. Deniz Can K\u0131z\u0131l\" \/>\n<meta property=\"article:published_time\" content=\"2025-05-19T08:41:14+00:00\" \/>\n<meta name=\"author\" content=\"Av. Deniz Can K\u0131z\u0131l\" \/>\n<meta name=\"twitter:card\" content=\"summary_large_image\" \/>\n<meta name=\"twitter:label1\" content=\"\u041d\u0430\u043f\u0438\u0441\u0430\u043d\u043e\" \/>\n\t<meta name=\"twitter:data1\" content=\"Av. Deniz Can K\u0131z\u0131l\" \/>\n\t<meta name=\"twitter:label2\" content=\"\u041f\u0440\u0438\u0431\u043b. \u0447\u0430\u0441 \u0447\u0438\u0442\u0430\u043d\u043d\u044f\" \/>\n\t<meta name=\"twitter:data2\" content=\"2 \u0445\u0432\u0438\u043b\u0438\u043d\u0438\" \/>\n<script type=\"application\/ld+json\" class=\"yoast-schema-graph\">{\"@context\":\"https:\/\/schema.org\",\"@graph\":[{\"@type\":\"Article\",\"@id\":\"https:\/\/denizcankizil.tr\/uk\/haberler\/antalya\/manavgatta-baspehlivan-okulu-oldu\/#article\",\"isPartOf\":{\"@id\":\"https:\/\/denizcankizil.tr\/uk\/haberler\/antalya\/manavgatta-baspehlivan-okulu-oldu\/\"},\"author\":{\"name\":\"Av. Deniz Can K\u0131z\u0131l\",\"@id\":\"https:\/\/denizcankizil.tr\/#\/schema\/person\/5dc1b22991bd7ac833867c10afc9b0ff\"},\"headline\":\"Manavgat&#8217;ta ba\u015fpehlivan Okulu oldu\",\"datePublished\":\"2025-05-19T08:41:14+00:00\",\"mainEntityOfPage\":{\"@id\":\"https:\/\/denizcankizil.tr\/uk\/haberler\/antalya\/manavgatta-baspehlivan-okulu-oldu\/\"},\"wordCount\":350,\"publisher\":{\"@id\":\"https:\/\/denizcankizil.tr\/#organization\"},\"articleSection\":[\"Antalya\"],\"inLanguage\":\"uk\"},{\"@type\":\"WebPage\",\"@id\":\"https:\/\/denizcankizil.tr\/uk\/haberler\/antalya\/manavgatta-baspehlivan-okulu-oldu\/\",\"url\":\"https:\/\/denizcankizil.tr\/uk\/haberler\/antalya\/manavgatta-baspehlivan-okulu-oldu\/\",\"name\":\"Manavgat'ta ba\u015fpehlivan Okulu oldu - Av. Deniz Can K\u0131z\u0131l\",\"isPartOf\":{\"@id\":\"https:\/\/denizcankizil.tr\/#website\"},\"datePublished\":\"2025-05-19T08:41:14+00:00\",\"breadcrumb\":{\"@id\":\"https:\/\/denizcankizil.tr\/uk\/haberler\/antalya\/manavgatta-baspehlivan-okulu-oldu\/#breadcrumb\"},\"inLanguage\":\"uk\",\"potentialAction\":[{\"@type\":\"ReadAction\",\"target\":[\"https:\/\/denizcankizil.tr\/uk\/haberler\/antalya\/manavgatta-baspehlivan-okulu-oldu\/\"]}]},{\"@type\":\"BreadcrumbList\",\"@id\":\"https:\/\/denizcankizil.tr\/uk\/haberler\/antalya\/manavgatta-baspehlivan-okulu-oldu\/#breadcrumb\",\"itemListElement\":[{\"@type\":\"ListItem\",\"position\":1,\"name\":\"Home\",\"item\":\"https:\/\/denizcankizil.tr\/de\/\"},{\"@type\":\"ListItem\",\"position\":2,\"name\":\"Manavgat&#8217;ta ba\u015fpehlivan Okulu oldu\"}]},{\"@type\":\"WebSite\",\"@id\":\"https:\/\/denizcankizil.tr\/#website\",\"url\":\"https:\/\/denizcankizil.tr\/\",\"name\":\"Av. Deniz Can K\u0131z\u0131l\",\"description\":\"Avukat Deniz Can K\u0131z\u0131l Antalya Barosu\",\"publisher\":{\"@id\":\"https:\/\/denizcankizil.tr\/#organization\"},\"potentialAction\":[{\"@type\":\"SearchAction\",\"target\":{\"@type\":\"EntryPoint\",\"urlTemplate\":\"https:\/\/denizcankizil.tr\/?s={search_term_string}\"},\"query-input\":{\"@type\":\"PropertyValueSpecification\",\"valueRequired\":true,\"valueName\":\"search_term_string\"}}],\"inLanguage\":\"uk\"},{\"@type\":\"Organization\",\"@id\":\"https:\/\/denizcankizil.tr\/#organization\",\"name\":\"Av. Deniz Can K\u0131z\u0131l\",\"url\":\"https:\/\/denizcankizil.tr\/\",\"logo\":{\"@type\":\"ImageObject\",\"inLanguage\":\"uk\",\"@id\":\"https:\/\/denizcankizil.tr\/#\/schema\/logo\/image\/\",\"url\":\"https:\/\/denizcankizil.tr\/wp-content\/uploads\/2024\/10\/siyah-logo-svg.svg\",\"contentUrl\":\"https:\/\/denizcankizil.tr\/wp-content\/uploads\/2024\/10\/siyah-logo-svg.svg\",\"width\":1080,\"height\":1080,\"caption\":\"Av. Deniz Can K\u0131z\u0131l\"},\"image\":{\"@id\":\"https:\/\/denizcankizil.tr\/#\/schema\/logo\/image\/\"}},{\"@type\":\"Person\",\"@id\":\"https:\/\/denizcankizil.tr\/#\/schema\/person\/5dc1b22991bd7ac833867c10afc9b0ff\",\"name\":\"Av. Deniz Can K\u0131z\u0131l\",\"image\":{\"@type\":\"ImageObject\",\"inLanguage\":\"uk\",\"@id\":\"https:\/\/denizcankizil.tr\/#\/schema\/person\/image\/\",\"url\":\"https:\/\/secure.gravatar.com\/avatar\/a0b128fb9855c79efc976d5640eedb31dc35ec297594d6016d2cf7c60e975bb6?s=96&d=mm&r=g\",\"contentUrl\":\"https:\/\/secure.gravatar.com\/avatar\/a0b128fb9855c79efc976d5640eedb31dc35ec297594d6016d2cf7c60e975bb6?s=96&d=mm&r=g\",\"caption\":\"Av. Deniz Can K\u0131z\u0131l\"},\"sameAs\":[\"http:\/\/www.denizcankizil.tr\"],\"url\":\"https:\/\/denizcankizil.tr\/uk\/author\/denizcankizil\/\"}]}<\/script>\n<!-- \/ Yoast SEO Premium plugin. -->","yoast_head_json":{"title":"Manavgat'ta ba\u015fpehlivan Okulu oldu - Av. Deniz Can K\u0131z\u0131l","robots":{"index":"index","follow":"follow","max-snippet":"max-snippet:-1","max-image-preview":"max-image-preview:large","max-video-preview":"max-video-preview:-1"},"canonical":"https:\/\/denizcankizil.tr\/uk\/haberler\/antalya\/manavgatta-baspehlivan-okulu-oldu\/","og_locale":"uk_UA","og_type":"article","og_title":"Manavgat'ta ba\u015fpehlivan Okulu oldu","og_description":"CW Enerji T\u00fcrkiye Ya\u011fl\u0131 G\u00fcre\u015f Ligi&#8217;nin ilk etab\u0131 olan Manavgat Belediyesi 12. Geleneksel Manavgat Ya\u011fl\u0131 Pehlivan G\u00fcre\u015fleri tamamland\u0131. Toplam 72 ba\u015fpehlivan\u0131n kat\u0131ld\u0131\u011f\u0131 g\u00fcre\u015flerin finalinde Yusuf Can Zeybek ile Orhan Okulu kar\u015f\u0131 kar\u015f\u0131ya geldi. M\u00fcsabaka boyunca rakibine g\u00f6re daha pasif g\u00fcre\u015fen Orhan Okulu, bir ihtar ald\u0131. Normal s\u00fcrede iki ba\u015fpehlivan aras\u0131nda yeni\u015f \u00e7\u0131kmay\u0131nca m\u00fccadele puanlamaya ta\u015f\u0131nd\u0131. Nefes kesen puanlama b\u00f6l\u00fcm\u00fcn\u00fcn 18. dakikas\u0131nda puan almay\u0131 ba\u015faran Orhan Okulu, alt\u0131n kemere uzand\u0131. Feyzullah Akt\u00fcrk ve Enes Do\u011fan da \u00fc\u00e7\u00fcnc\u00fcl\u00fck k\u00fcrs\u00fcs\u00fcn\u00fc payla\u015ft\u0131. 16 May\u0131s Cuma g\u00fcn\u00fc ba\u015flayan g\u00fcre\u015flere, T\u00fcrkiye&#8217;nin d\u00f6rt bir yan\u0131ndan toplam 1716 pehlivan kat\u0131ld\u0131. Antalya Valisi Hulusi \u015eahin, Antalya B\u00fcy\u00fck\u015fehir Belediye Ba\u015fkan\u0131 Muhittin B\u00f6cek, CHP Antalya milletvekilleri Aliye Co\u015far ile Mustafa Erdem, AK Parti Antalya Milletvekili Kemal \u00c7elik, Yeniden Refah Partisi Konya Milletvekili Ali Y\u00fcksel, Manavgat Kaymakam\u0131 Adil Karata\u015f, Manavgat Belediye Ba\u015fkan\u0131 Niyazi Nefi Kara, CHP \u0130l Ba\u015fkan\u0131 Nail Kamac\u0131, Antalya Gen\u00e7lik ve Spor \u0130l M\u00fcd\u00fcr\u00fc Yavuz G\u00fcrhan, Serik Belediye Ba\u015fkan\u0131 Kadir Kumbul, CHP Manavgat \u0130l\u00e7e Ba\u015fkan\u0131 Oykun Ba\u015far, T\u00fcrkiye Geleneksel G\u00fcre\u015fler Federasyonu Ba\u015fkan\u0131 \u0130brahim T\u00fcrki\u015f, CW Enerji Y\u00f6netim Kurulu Ba\u015fkan\u0131 Tar\u0131k Sarvan, Manavgat G\u00fcre\u015f A\u011fas\u0131 Hasan \u00d6zden, Tarihi K\u0131rkp\u0131nar Ya\u011fl\u0131 G\u00fcre\u015fleri A\u011fas\u0131 Ufuk \u00d6z\u00fcnl\u00fc, 672. Tarihi Elmal\u0131 Ye\u015filyayla Ya\u011fl\u0131 Pehlivan G\u00fcre\u015fleri A\u011fas\u0131 Hakan \u00c7etin, siyasi partilerin temsilcileri, oda ba\u015fkanlar\u0131, STK temsilcileri &hellip;","og_url":"https:\/\/denizcankizil.tr\/uk\/haberler\/antalya\/manavgatta-baspehlivan-okulu-oldu\/","og_site_name":"Av. Deniz Can K\u0131z\u0131l","article_published_time":"2025-05-19T08:41:14+00:00","author":"Av. Deniz Can K\u0131z\u0131l","twitter_card":"summary_large_image","twitter_misc":{"\u041d\u0430\u043f\u0438\u0441\u0430\u043d\u043e":"Av. Deniz Can K\u0131z\u0131l","\u041f\u0440\u0438\u0431\u043b. \u0447\u0430\u0441 \u0447\u0438\u0442\u0430\u043d\u043d\u044f":"2 \u0445\u0432\u0438\u043b\u0438\u043d\u0438"},"schema":{"@context":"https:\/\/schema.org","@graph":[{"@type":"Article","@id":"https:\/\/denizcankizil.tr\/uk\/haberler\/antalya\/manavgatta-baspehlivan-okulu-oldu\/#article","isPartOf":{"@id":"https:\/\/denizcankizil.tr\/uk\/haberler\/antalya\/manavgatta-baspehlivan-okulu-oldu\/"},"author":{"name":"Av. Deniz Can K\u0131z\u0131l","@id":"https:\/\/denizcankizil.tr\/#\/schema\/person\/5dc1b22991bd7ac833867c10afc9b0ff"},"headline":"Manavgat&#8217;ta ba\u015fpehlivan Okulu oldu","datePublished":"2025-05-19T08:41:14+00:00","mainEntityOfPage":{"@id":"https:\/\/denizcankizil.tr\/uk\/haberler\/antalya\/manavgatta-baspehlivan-okulu-oldu\/"},"wordCount":350,"publisher":{"@id":"https:\/\/denizcankizil.tr\/#organization"},"articleSection":["Antalya"],"inLanguage":"uk"},{"@type":"WebPage","@id":"https:\/\/denizcankizil.tr\/uk\/haberler\/antalya\/manavgatta-baspehlivan-okulu-oldu\/","url":"https:\/\/denizcankizil.tr\/uk\/haberler\/antalya\/manavgatta-baspehlivan-okulu-oldu\/","name":"Manavgat'ta ba\u015fpehlivan Okulu oldu - Av. Deniz Can K\u0131z\u0131l","isPartOf":{"@id":"https:\/\/denizcankizil.tr\/#website"},"datePublished":"2025-05-19T08:41:14+00:00","breadcrumb":{"@id":"https:\/\/denizcankizil.tr\/uk\/haberler\/antalya\/manavgatta-baspehlivan-okulu-oldu\/#breadcrumb"},"inLanguage":"uk","potentialAction":[{"@type":"ReadAction","target":["https:\/\/denizcankizil.tr\/uk\/haberler\/antalya\/manavgatta-baspehlivan-okulu-oldu\/"]}]},{"@type":"BreadcrumbList","@id":"https:\/\/denizcankizil.tr\/uk\/haberler\/antalya\/manavgatta-baspehlivan-okulu-oldu\/#breadcrumb","itemListElement":[{"@type":"ListItem","position":1,"name":"Home","item":"https:\/\/denizcankizil.tr\/de\/"},{"@type":"ListItem","position":2,"name":"Manavgat&#8217;ta ba\u015fpehlivan Okulu oldu"}]},{"@type":"WebSite","@id":"https:\/\/denizcankizil.tr\/#website","url":"https:\/\/denizcankizil.tr\/","name":"Av. Deniz Can K\u0131z\u0131l","description":"Avukat Deniz Can K\u0131z\u0131l Antalya Barosu","publisher":{"@id":"https:\/\/denizcankizil.tr\/#organization"},"potentialAction":[{"@type":"SearchAction","target":{"@type":"EntryPoint","urlTemplate":"https:\/\/denizcankizil.tr\/?s={search_term_string}"},"query-input":{"@type":"PropertyValueSpecification","valueRequired":true,"valueName":"search_term_string"}}],"inLanguage":"uk"},{"@type":"Organization","@id":"https:\/\/denizcankizil.tr\/#organization","name":"Av. Deniz Can K\u0131z\u0131l","url":"https:\/\/denizcankizil.tr\/","logo":{"@type":"ImageObject","inLanguage":"uk","@id":"https:\/\/denizcankizil.tr\/#\/schema\/logo\/image\/","url":"https:\/\/denizcankizil.tr\/wp-content\/uploads\/2024\/10\/siyah-logo-svg.svg","contentUrl":"https:\/\/denizcankizil.tr\/wp-content\/uploads\/2024\/10\/siyah-logo-svg.svg","width":1080,"height":1080,"caption":"Av. Deniz Can K\u0131z\u0131l"},"image":{"@id":"https:\/\/denizcankizil.tr\/#\/schema\/logo\/image\/"}},{"@type":"Person","@id":"https:\/\/denizcankizil.tr\/#\/schema\/person\/5dc1b22991bd7ac833867c10afc9b0ff","name":"Av. Deniz Can K\u0131z\u0131l","image":{"@type":"ImageObject","inLanguage":"uk","@id":"https:\/\/denizcankizil.tr\/#\/schema\/person\/image\/","url":"https:\/\/secure.gravatar.com\/avatar\/a0b128fb9855c79efc976d5640eedb31dc35ec297594d6016d2cf7c60e975bb6?s=96&d=mm&r=g","contentUrl":"https:\/\/secure.gravatar.com\/avatar\/a0b128fb9855c79efc976d5640eedb31dc35ec297594d6016d2cf7c60e975bb6?s=96&d=mm&r=g","caption":"Av. Deniz Can K\u0131z\u0131l"},"sameAs":["http:\/\/www.denizcankizil.tr"],"url":"https:\/\/denizcankizil.tr\/uk\/author\/denizcankizil\/"}]}},"_links":{"self":[{"href":"https:\/\/denizcankizil.tr\/uk\/wp-json\/wp\/v2\/posts\/91458","targetHints":{"allow":["GET"]}}],"collection":[{"href":"https:\/\/denizcankizil.tr\/uk\/wp-json\/wp\/v2\/posts"}],"about":[{"href":"https:\/\/denizcankizil.tr\/uk\/wp-json\/wp\/v2\/types\/post"}],"author":[{"embeddable":true,"href":"https:\/\/denizcankizil.tr\/uk\/wp-json\/wp\/v2\/users\/4"}],"replies":[{"embeddable":true,"href":"https:\/\/denizcankizil.tr\/uk\/wp-json\/wp\/v2\/comments?post=91458"}],"version-history":[{"count":0,"href":"https:\/\/denizcankizil.tr\/uk\/wp-json\/wp\/v2\/posts\/91458\/revisions"}],"wp:attachment":[{"href":"https:\/\/denizcankizil.tr\/uk\/wp-json\/wp\/v2\/media?parent=91458"}],"wp:term":[{"taxonomy":"category","embeddable":true,"href":"https:\/\/denizcankizil.tr\/uk\/wp-json\/wp\/v2\/categories?post=91458"},{"taxonomy":"post_tag","embeddable":true,"href":"https:\/\/denizcankizil.tr\/uk\/wp-json\/wp\/v2\/tags?post=91458"}],"curies":[{"name":"wp","href":"https:\/\/api.w.org\/{rel}","templated":true}]}}