{"id":9063,"date":"2024-10-27T20:41:26","date_gmt":"2024-10-27T17:41:26","guid":{"rendered":"https:\/\/denizcankizil.tr\/uncategorized-tr\/canakkalenin-ardindan-bir-deprem-haberi-de-adanadan\/"},"modified":"2024-10-27T20:41:26","modified_gmt":"2024-10-27T17:41:26","slug":"canakkalenin-ardindan-bir-deprem-haberi-de-adanadan","status":"publish","type":"post","link":"https:\/\/denizcankizil.tr\/uk\/haberler\/gundem\/canakkalenin-ardindan-bir-deprem-haberi-de-adanadan\/","title":{"rendered":"\u00c7anakkale\u2019nin ard\u0131ndan bir deprem haberi de Adana\u2019dan\u2026"},"content":{"rendered":"<p>Afet ve Acil Durum Y\u00f6netimi Ba\u015fkanl\u0131\u011f\u0131 (AFAD) Adana&#8217;da ve \u00e7evre illerde de hissedilen bir deprem meydana geldi\u011fini duyurdu. Kozan AFAD taraf\u0131ndan yap\u0131lan a\u00e7\u0131klamada, depremin b\u00fcy\u00fckl\u00fc\u011f\u00fcn\u00fcn 5.0 oldu\u011fu bildirildi. Depremin merkez \u00fcss\u00fc ise Kozan olarak a\u00e7\u0131kland\u0131.<\/p>\n<p>&#8220;HERHANG\u0130 B\u0130R OLUMSUZ DURUM YOK&#8221;<\/p>\n<p>Adana Valisi Yavuz Selim K\u00f6\u015fger, sosyal medya hesab\u0131ndan yapt\u0131\u011f\u0131 a\u00e7\u0131klamada, &#8220;Kozan il\u00e7emiz merkezli 5.0 b\u00fcy\u00fckl\u00fc\u011f\u00fcnde bir deprem ger\u00e7ekle\u015fmi\u015f olup, an itibar\u0131 ile tespit edilen olumsuz bir durum yoktur. Ge\u00e7mi\u015f olsun Kozan, Allah beterinden korusun&#8221; dedi.\u00a0<br \/>\n\u00a0 \u00a0 \u00a0 \u00a0 \u00a0 \u00a0 \u00a0 \u00a0 \u00a0 \u00a0 \u00a0 \u00a0 \u00a0 \u00a0 \u00a0 \u00a0 \u00a0<\/p>\n<p>\u200bAFAD, saat 20.07 sular\u0131nda Adana&#8217;n\u0131n Kozan il\u00e7esinde 5.0 b\u00fcy\u00fckl\u00fc\u011f\u00fcnde bir deprem meydana geldi\u011fini duyurdu\u00a0<\/p>\n<p>\u200bHaberin Al\u0131nt\u0131land\u0131\u011f\u0131 Kaynak: www.antalyakorfez.com<\/p>","protected":false},"excerpt":{"rendered":"<p>Afet ve Acil Durum Y\u00f6netimi Ba\u015fkanl\u0131\u011f\u0131 (AFAD) Adana&#8217;da ve \u00e7evre illerde de hissedilen bir deprem meydana geldi\u011fini duyurdu. Kozan AFAD taraf\u0131ndan yap\u0131lan a\u00e7\u0131klamada, depremin b\u00fcy\u00fckl\u00fc\u011f\u00fcn\u00fcn 5.0 oldu\u011fu bildirildi. Depremin merkez \u00fcss\u00fc ise Kozan olarak a\u00e7\u0131kland\u0131. &#8220;HERHANG\u0130 B\u0130R OLUMSUZ DURUM YOK&#8221; Adana Valisi Yavuz Selim K\u00f6\u015fger, sosyal medya hesab\u0131ndan yapt\u0131\u011f\u0131 a\u00e7\u0131klamada, &#8220;Kozan il\u00e7emiz merkezli 5.0 b\u00fcy\u00fckl\u00fc\u011f\u00fcnde bir deprem ger\u00e7ekle\u015fmi\u015f olup, an itibar\u0131 ile tespit edilen olumsuz bir durum yoktur. Ge\u00e7mi\u015f olsun Kozan, Allah beterinden korusun&#8221; dedi.\u00a0 \u00a0 \u00a0 \u00a0 \u00a0 \u00a0 \u00a0 \u00a0 \u00a0 \u00a0 \u00a0 \u00a0 \u00a0 \u00a0 \u00a0 \u00a0 \u00a0 \u00a0 \u200bAFAD, saat 20.07 sular\u0131nda Adana&#8217;n\u0131n Kozan il\u00e7esinde 5.0 b\u00fcy\u00fckl\u00fc\u011f\u00fcnde bir deprem meydana geldi\u011fini duyurdu\u00a0 \u200bHaberin Al\u0131nt\u0131land\u0131\u011f\u0131 Kaynak: www.antalyakorfez.com<\/p>","protected":false},"author":0,"featured_media":0,"comment_status":"open","ping_status":"open","sticky":false,"template":"","format":"standard","meta":{"_acf_changed":false,"footnotes":""},"categories":[24,535],"tags":[],"class_list":["post-9063","post","type-post","status-publish","format-standard","has-post-thumbnail","hentry","category-gundem","category-uncategorized-tr"],"acf":[],"yoast_head":"<!-- This site is optimized with the Yoast SEO Premium plugin v26.6 (Yoast SEO v27.1.1) - https:\/\/yoast.com\/product\/yoast-seo-premium-wordpress\/ -->\n<title>\u00c7anakkale\u2019nin ard\u0131ndan bir deprem haberi de Adana\u2019dan\u2026 - Av. Deniz Can K\u0131z\u0131l<\/title>\n<meta name=\"robots\" content=\"index, follow, max-snippet:-1, max-image-preview:large, max-video-preview:-1\" \/>\n<link rel=\"canonical\" href=\"https:\/\/denizcankizil.tr\/uk\/haberler\/gundem\/canakkalenin-ardindan-bir-deprem-haberi-de-adanadan\/\" \/>\n<meta property=\"og:locale\" content=\"uk_UA\" \/>\n<meta property=\"og:type\" content=\"article\" \/>\n<meta property=\"og:title\" content=\"\u00c7anakkale\u2019nin ard\u0131ndan bir deprem haberi de Adana\u2019dan\u2026\" \/>\n<meta property=\"og:description\" content=\"Afet ve Acil Durum Y\u00f6netimi Ba\u015fkanl\u0131\u011f\u0131 (AFAD) Adana&#8217;da ve \u00e7evre illerde de hissedilen bir deprem meydana geldi\u011fini duyurdu. Kozan AFAD taraf\u0131ndan yap\u0131lan a\u00e7\u0131klamada, depremin b\u00fcy\u00fckl\u00fc\u011f\u00fcn\u00fcn 5.0 oldu\u011fu bildirildi. Depremin merkez \u00fcss\u00fc ise Kozan olarak a\u00e7\u0131kland\u0131. &#8220;HERHANG\u0130 B\u0130R OLUMSUZ DURUM YOK&#8221; Adana Valisi Yavuz Selim K\u00f6\u015fger, sosyal medya hesab\u0131ndan yapt\u0131\u011f\u0131 a\u00e7\u0131klamada, &#8220;Kozan il\u00e7emiz merkezli 5.0 b\u00fcy\u00fckl\u00fc\u011f\u00fcnde bir deprem ger\u00e7ekle\u015fmi\u015f olup, an itibar\u0131 ile tespit edilen olumsuz bir durum yoktur. Ge\u00e7mi\u015f olsun Kozan, Allah beterinden korusun&#8221; dedi.\u00a0 \u00a0 \u00a0 \u00a0 \u00a0 \u00a0 \u00a0 \u00a0 \u00a0 \u00a0 \u00a0 \u00a0 \u00a0 \u00a0 \u00a0 \u00a0 \u00a0 \u00a0 \u200bAFAD, saat 20.07 sular\u0131nda Adana&#8217;n\u0131n Kozan il\u00e7esinde 5.0 b\u00fcy\u00fckl\u00fc\u011f\u00fcnde bir deprem meydana geldi\u011fini duyurdu\u00a0 \u200bHaberin Al\u0131nt\u0131land\u0131\u011f\u0131 Kaynak: www.antalyakorfez.com\" \/>\n<meta property=\"og:url\" content=\"https:\/\/denizcankizil.tr\/uk\/haberler\/gundem\/canakkalenin-ardindan-bir-deprem-haberi-de-adanadan\/\" \/>\n<meta property=\"og:site_name\" content=\"Av. Deniz Can K\u0131z\u0131l\" \/>\n<meta property=\"article:published_time\" content=\"2024-10-27T17:41:26+00:00\" \/>\n<meta name=\"twitter:card\" content=\"summary_large_image\" \/>\n<meta name=\"twitter:label1\" content=\"\u041f\u0440\u0438\u0431\u043b. \u0447\u0430\u0441 \u0447\u0438\u0442\u0430\u043d\u043d\u044f\" \/>\n\t<meta name=\"twitter:data1\" content=\"1 \u0445\u0432\u0438\u043b\u0438\u043d\u0430\" \/>\n<script type=\"application\/ld+json\" class=\"yoast-schema-graph\">{\"@context\":\"https:\/\/schema.org\",\"@graph\":[{\"@type\":\"Article\",\"@id\":\"https:\/\/denizcankizil.tr\/uk\/haberler\/gundem\/canakkalenin-ardindan-bir-deprem-haberi-de-adanadan\/#article\",\"isPartOf\":{\"@id\":\"https:\/\/denizcankizil.tr\/uk\/haberler\/gundem\/canakkalenin-ardindan-bir-deprem-haberi-de-adanadan\/\"},\"author\":{\"name\":\"\",\"@id\":\"\"},\"headline\":\"\u00c7anakkale\u2019nin ard\u0131ndan bir deprem haberi de Adana\u2019dan\u2026\",\"datePublished\":\"2024-10-27T17:41:26+00:00\",\"mainEntityOfPage\":{\"@id\":\"https:\/\/denizcankizil.tr\/uk\/haberler\/gundem\/canakkalenin-ardindan-bir-deprem-haberi-de-adanadan\/\"},\"wordCount\":135,\"commentCount\":0,\"publisher\":{\"@id\":\"https:\/\/denizcankizil.tr\/de\/#organization\"},\"articleSection\":[\"G\u00fcndem\",\"Uncategorized\"],\"inLanguage\":\"uk\",\"potentialAction\":[{\"@type\":\"CommentAction\",\"name\":\"Comment\",\"target\":[\"https:\/\/denizcankizil.tr\/uk\/haberler\/gundem\/canakkalenin-ardindan-bir-deprem-haberi-de-adanadan\/#respond\"]}]},{\"@type\":\"WebPage\",\"@id\":\"https:\/\/denizcankizil.tr\/uk\/haberler\/gundem\/canakkalenin-ardindan-bir-deprem-haberi-de-adanadan\/\",\"url\":\"https:\/\/denizcankizil.tr\/uk\/haberler\/gundem\/canakkalenin-ardindan-bir-deprem-haberi-de-adanadan\/\",\"name\":\"\u00c7anakkale\u2019nin ard\u0131ndan bir deprem haberi de Adana\u2019dan\u2026 - Av. Deniz Can K\u0131z\u0131l\",\"isPartOf\":{\"@id\":\"https:\/\/denizcankizil.tr\/de\/#website\"},\"datePublished\":\"2024-10-27T17:41:26+00:00\",\"breadcrumb\":{\"@id\":\"https:\/\/denizcankizil.tr\/uk\/haberler\/gundem\/canakkalenin-ardindan-bir-deprem-haberi-de-adanadan\/#breadcrumb\"},\"inLanguage\":\"uk\",\"potentialAction\":[{\"@type\":\"ReadAction\",\"target\":[\"https:\/\/denizcankizil.tr\/uk\/haberler\/gundem\/canakkalenin-ardindan-bir-deprem-haberi-de-adanadan\/\"]}]},{\"@type\":\"BreadcrumbList\",\"@id\":\"https:\/\/denizcankizil.tr\/uk\/haberler\/gundem\/canakkalenin-ardindan-bir-deprem-haberi-de-adanadan\/#breadcrumb\",\"itemListElement\":[{\"@type\":\"ListItem\",\"position\":1,\"name\":\"Home\",\"item\":\"https:\/\/denizcankizil.tr\/de\/\"},{\"@type\":\"ListItem\",\"position\":2,\"name\":\"\u00c7anakkale\u2019nin ard\u0131ndan bir deprem haberi de Adana\u2019dan\u2026\"}]},{\"@type\":\"WebSite\",\"@id\":\"https:\/\/denizcankizil.tr\/de\/#website\",\"url\":\"https:\/\/denizcankizil.tr\/de\/\",\"name\":\"Av. Deniz Can K\u0131z\u0131l\",\"description\":\"Avukat Deniz Can K\u0131z\u0131l Antalya Barosu\",\"publisher\":{\"@id\":\"https:\/\/denizcankizil.tr\/de\/#organization\"},\"potentialAction\":[{\"@type\":\"SearchAction\",\"target\":{\"@type\":\"EntryPoint\",\"urlTemplate\":\"https:\/\/denizcankizil.tr\/de\/?s={search_term_string}\"},\"query-input\":{\"@type\":\"PropertyValueSpecification\",\"valueRequired\":true,\"valueName\":\"search_term_string\"}}],\"inLanguage\":\"uk\"},{\"@type\":\"Organization\",\"@id\":\"https:\/\/denizcankizil.tr\/de\/#organization\",\"name\":\"Av. Deniz Can K\u0131z\u0131l\",\"url\":\"https:\/\/denizcankizil.tr\/de\/\",\"logo\":{\"@type\":\"ImageObject\",\"inLanguage\":\"uk\",\"@id\":\"https:\/\/denizcankizil.tr\/de\/#\/schema\/logo\/image\/\",\"url\":\"https:\/\/denizcankizil.tr\/wp-content\/uploads\/2024\/10\/siyah-logo-svg.svg\",\"contentUrl\":\"https:\/\/denizcankizil.tr\/wp-content\/uploads\/2024\/10\/siyah-logo-svg.svg\",\"width\":1080,\"height\":1080,\"caption\":\"Av. Deniz Can K\u0131z\u0131l\"},\"image\":{\"@id\":\"https:\/\/denizcankizil.tr\/de\/#\/schema\/logo\/image\/\"}}]}<\/script>\n<!-- \/ Yoast SEO Premium plugin. -->","yoast_head_json":{"title":"\u00c7anakkale\u2019nin ard\u0131ndan bir deprem haberi de Adana\u2019dan\u2026 - Av. Deniz Can K\u0131z\u0131l","robots":{"index":"index","follow":"follow","max-snippet":"max-snippet:-1","max-image-preview":"max-image-preview:large","max-video-preview":"max-video-preview:-1"},"canonical":"https:\/\/denizcankizil.tr\/uk\/haberler\/gundem\/canakkalenin-ardindan-bir-deprem-haberi-de-adanadan\/","og_locale":"uk_UA","og_type":"article","og_title":"\u00c7anakkale\u2019nin ard\u0131ndan bir deprem haberi de Adana\u2019dan\u2026","og_description":"Afet ve Acil Durum Y\u00f6netimi Ba\u015fkanl\u0131\u011f\u0131 (AFAD) Adana&#8217;da ve \u00e7evre illerde de hissedilen bir deprem meydana geldi\u011fini duyurdu. Kozan AFAD taraf\u0131ndan yap\u0131lan a\u00e7\u0131klamada, depremin b\u00fcy\u00fckl\u00fc\u011f\u00fcn\u00fcn 5.0 oldu\u011fu bildirildi. Depremin merkez \u00fcss\u00fc ise Kozan olarak a\u00e7\u0131kland\u0131. &#8220;HERHANG\u0130 B\u0130R OLUMSUZ DURUM YOK&#8221; Adana Valisi Yavuz Selim K\u00f6\u015fger, sosyal medya hesab\u0131ndan yapt\u0131\u011f\u0131 a\u00e7\u0131klamada, &#8220;Kozan il\u00e7emiz merkezli 5.0 b\u00fcy\u00fckl\u00fc\u011f\u00fcnde bir deprem ger\u00e7ekle\u015fmi\u015f olup, an itibar\u0131 ile tespit edilen olumsuz bir durum yoktur. Ge\u00e7mi\u015f olsun Kozan, Allah beterinden korusun&#8221; dedi.\u00a0 \u00a0 \u00a0 \u00a0 \u00a0 \u00a0 \u00a0 \u00a0 \u00a0 \u00a0 \u00a0 \u00a0 \u00a0 \u00a0 \u00a0 \u00a0 \u00a0 \u00a0 \u200bAFAD, saat 20.07 sular\u0131nda Adana&#8217;n\u0131n Kozan il\u00e7esinde 5.0 b\u00fcy\u00fckl\u00fc\u011f\u00fcnde bir deprem meydana geldi\u011fini duyurdu\u00a0 \u200bHaberin Al\u0131nt\u0131land\u0131\u011f\u0131 Kaynak: www.antalyakorfez.com","og_url":"https:\/\/denizcankizil.tr\/uk\/haberler\/gundem\/canakkalenin-ardindan-bir-deprem-haberi-de-adanadan\/","og_site_name":"Av. Deniz Can K\u0131z\u0131l","article_published_time":"2024-10-27T17:41:26+00:00","twitter_card":"summary_large_image","twitter_misc":{"\u041f\u0440\u0438\u0431\u043b. \u0447\u0430\u0441 \u0447\u0438\u0442\u0430\u043d\u043d\u044f":"1 \u0445\u0432\u0438\u043b\u0438\u043d\u0430"},"schema":{"@context":"https:\/\/schema.org","@graph":[{"@type":"Article","@id":"https:\/\/denizcankizil.tr\/uk\/haberler\/gundem\/canakkalenin-ardindan-bir-deprem-haberi-de-adanadan\/#article","isPartOf":{"@id":"https:\/\/denizcankizil.tr\/uk\/haberler\/gundem\/canakkalenin-ardindan-bir-deprem-haberi-de-adanadan\/"},"author":{"name":"","@id":""},"headline":"\u00c7anakkale\u2019nin ard\u0131ndan bir deprem haberi de Adana\u2019dan\u2026","datePublished":"2024-10-27T17:41:26+00:00","mainEntityOfPage":{"@id":"https:\/\/denizcankizil.tr\/uk\/haberler\/gundem\/canakkalenin-ardindan-bir-deprem-haberi-de-adanadan\/"},"wordCount":135,"commentCount":0,"publisher":{"@id":"https:\/\/denizcankizil.tr\/de\/#organization"},"articleSection":["G\u00fcndem","Uncategorized"],"inLanguage":"uk","potentialAction":[{"@type":"CommentAction","name":"Comment","target":["https:\/\/denizcankizil.tr\/uk\/haberler\/gundem\/canakkalenin-ardindan-bir-deprem-haberi-de-adanadan\/#respond"]}]},{"@type":"WebPage","@id":"https:\/\/denizcankizil.tr\/uk\/haberler\/gundem\/canakkalenin-ardindan-bir-deprem-haberi-de-adanadan\/","url":"https:\/\/denizcankizil.tr\/uk\/haberler\/gundem\/canakkalenin-ardindan-bir-deprem-haberi-de-adanadan\/","name":"\u00c7anakkale\u2019nin ard\u0131ndan bir deprem haberi de Adana\u2019dan\u2026 - Av. Deniz Can K\u0131z\u0131l","isPartOf":{"@id":"https:\/\/denizcankizil.tr\/de\/#website"},"datePublished":"2024-10-27T17:41:26+00:00","breadcrumb":{"@id":"https:\/\/denizcankizil.tr\/uk\/haberler\/gundem\/canakkalenin-ardindan-bir-deprem-haberi-de-adanadan\/#breadcrumb"},"inLanguage":"uk","potentialAction":[{"@type":"ReadAction","target":["https:\/\/denizcankizil.tr\/uk\/haberler\/gundem\/canakkalenin-ardindan-bir-deprem-haberi-de-adanadan\/"]}]},{"@type":"BreadcrumbList","@id":"https:\/\/denizcankizil.tr\/uk\/haberler\/gundem\/canakkalenin-ardindan-bir-deprem-haberi-de-adanadan\/#breadcrumb","itemListElement":[{"@type":"ListItem","position":1,"name":"Home","item":"https:\/\/denizcankizil.tr\/de\/"},{"@type":"ListItem","position":2,"name":"\u00c7anakkale\u2019nin ard\u0131ndan bir deprem haberi de Adana\u2019dan\u2026"}]},{"@type":"WebSite","@id":"https:\/\/denizcankizil.tr\/de\/#website","url":"https:\/\/denizcankizil.tr\/de\/","name":"Av. Deniz Can K\u0131z\u0131l","description":"Avukat Deniz Can K\u0131z\u0131l Antalya Barosu","publisher":{"@id":"https:\/\/denizcankizil.tr\/de\/#organization"},"potentialAction":[{"@type":"SearchAction","target":{"@type":"EntryPoint","urlTemplate":"https:\/\/denizcankizil.tr\/de\/?s={search_term_string}"},"query-input":{"@type":"PropertyValueSpecification","valueRequired":true,"valueName":"search_term_string"}}],"inLanguage":"uk"},{"@type":"Organization","@id":"https:\/\/denizcankizil.tr\/de\/#organization","name":"Av. Deniz Can K\u0131z\u0131l","url":"https:\/\/denizcankizil.tr\/de\/","logo":{"@type":"ImageObject","inLanguage":"uk","@id":"https:\/\/denizcankizil.tr\/de\/#\/schema\/logo\/image\/","url":"https:\/\/denizcankizil.tr\/wp-content\/uploads\/2024\/10\/siyah-logo-svg.svg","contentUrl":"https:\/\/denizcankizil.tr\/wp-content\/uploads\/2024\/10\/siyah-logo-svg.svg","width":1080,"height":1080,"caption":"Av. Deniz Can K\u0131z\u0131l"},"image":{"@id":"https:\/\/denizcankizil.tr\/de\/#\/schema\/logo\/image\/"}}]}},"_links":{"self":[{"href":"https:\/\/denizcankizil.tr\/uk\/wp-json\/wp\/v2\/posts\/9063","targetHints":{"allow":["GET"]}}],"collection":[{"href":"https:\/\/denizcankizil.tr\/uk\/wp-json\/wp\/v2\/posts"}],"about":[{"href":"https:\/\/denizcankizil.tr\/uk\/wp-json\/wp\/v2\/types\/post"}],"replies":[{"embeddable":true,"href":"https:\/\/denizcankizil.tr\/uk\/wp-json\/wp\/v2\/comments?post=9063"}],"version-history":[{"count":0,"href":"https:\/\/denizcankizil.tr\/uk\/wp-json\/wp\/v2\/posts\/9063\/revisions"}],"wp:attachment":[{"href":"https:\/\/denizcankizil.tr\/uk\/wp-json\/wp\/v2\/media?parent=9063"}],"wp:term":[{"taxonomy":"category","embeddable":true,"href":"https:\/\/denizcankizil.tr\/uk\/wp-json\/wp\/v2\/categories?post=9063"},{"taxonomy":"post_tag","embeddable":true,"href":"https:\/\/denizcankizil.tr\/uk\/wp-json\/wp\/v2\/tags?post=9063"}],"curies":[{"name":"wp","href":"https:\/\/api.w.org\/{rel}","templated":true}]}}