{"id":9037,"date":"2024-10-27T18:42:08","date_gmt":"2024-10-27T15:42:08","guid":{"rendered":"https:\/\/denizcankizil.tr\/uncategorized-tr\/agrida-bakan-yumaklidan-organize-tarim-bolgesine-ziyaret\/"},"modified":"2024-10-27T18:42:08","modified_gmt":"2024-10-27T15:42:08","slug":"agrida-bakan-yumaklidan-organize-tarim-bolgesine-ziyaret","status":"publish","type":"post","link":"https:\/\/denizcankizil.tr\/uk\/haberler\/gundem\/agrida-bakan-yumaklidan-organize-tarim-bolgesine-ziyaret\/","title":{"rendered":"A\u011fr\u0131&#8217;da Bakan Yumakl\u0131&#8217;dan organize tar\u0131m b\u00f6lgesine ziyaret"},"content":{"rendered":"<p>Tar\u0131m ve Orman Bakan\u0131 \u0130brahim Yumakl\u0131, \u00e7e\u015fitli programlara kat\u0131lmak \u00fczere gitti\u011fi A\u011fr\u0131&#8217;da Diyadin Tar\u0131ma Dayal\u0131 \u0130htisas Sera Organize Sanayi B\u00f6lgesi&#8217;nde incelemelerde bulundu.ANKARA (\u0130GFA) &#8211;\u00a0 A\u011fr\u0131&#8217;da jeotermal kaynaklardan yararlan\u0131larak domates \u00fcretilen seray\u0131 gezen Tar\u0131m ve Orman Bakan\u0131 \u0130brahim Yumakl\u0131, burada gazetecilere yapt\u0131\u011f\u0131 a\u00e7\u0131klamada, Diyadin&#8217;de jeotermal organize tar\u0131m b\u00f6lgesinin birinci ve ikinci etaplar\u0131n\u0131n geli\u015fimiyle ilgili bilgi ald\u0131klar\u0131n\u0131 s\u00f6yledi.<br \/>\n42 ilde 61 organize tar\u0131m b\u00f6lgesi belirlediklerini anlatan Yumakl\u0131, &#8220;Buradaki yat\u0131r\u0131m s\u00fcrecini h\u0131zland\u0131r\u0131yoruz. 42 organize tar\u0131m b\u00f6lgesinin 21&#8217;i bitkisel, 20&#8217;si hayvansal. Birisi de su \u00fcr\u00fcnleriyle ilgili. \u00d6zellikle temiz enerjinin kullan\u0131ld\u0131\u011f\u0131 \u00fclkemizin yeralt\u0131 zenginliklerinin hem bitkisel \u00fcretimde hem de hayvansal \u00fcretimde \u00e7ok \u00f6nemli bir girdi olarak yerini ald\u0131\u011f\u0131 bir d\u00f6nemde organize tar\u0131m b\u00f6lgelerinin \u00fcretime olan katk\u0131s\u0131 itibar\u0131yla son derece \u00f6nemli bir g\u00f6rev icra ediyor ve edecek.&#8221; dedi.<br \/>\nBakan Yumakl\u0131, 61 organize tar\u0131m b\u00f6lgesinden 14&#8217;\u00fcn\u00fcn altyap\u0131 \u00e7al\u0131\u015fmalar\u0131n\u0131 tamamlamak \u00fczere olduklar\u0131n\u0131 kaydetti.<br \/>\n&#8220;Hayvansal \u00fcretim konulu organize tar\u0131m b\u00f6lgelerinde de yakla\u015f\u0131k 800 besi i\u015fletmesinde 110 bin ba\u015f hayvan var. Bitkisel \u00fcretim konulu organize tar\u0131m b\u00f6lgelerinde de 374 dekarl\u0131k sera alan\u0131nda y\u0131ll\u0131k 11 bin ton domates ve \u00e7ilek \u00fcretimi yap\u0131l\u0131yor. Toplam 7 organize tar\u0131m b\u00f6lgesinde de yine altyap\u0131 in\u015faatlar\u0131 halihaz\u0131rda devam ediyor. Sadece T\u00fcrkiye&#8217;nin de\u011fil d\u00fcnyan\u0131n da en b\u00fcy\u00fck organize b\u00f6lgelerinden bir tanesi de Bal\u0131kesir G\u00f6nen&#8217;de, in\u015fas\u0131 devam ediyor.&#8221;<br \/>\nOrganize tar\u0131m b\u00f6lgelerinin hem bitkisel hem de hayvansal \u00fcretim kabiliyetleri a\u00e7\u0131s\u0131ndan \u00fclkeye \u00e7ok b\u00fcy\u00fck de\u011ferler kataca\u011f\u0131n\u0131 d\u00fc\u015f\u00fcnd\u00fcklerini vurgulayan Yumakl\u0131, bu konuda yat\u0131r\u0131mc\u0131lar\u0131n da ciddi bir ilgisi oldu\u011funu ifade etti. Bakan Yumakl\u0131, bundan sonraki d\u00f6nemde de \u00e7ok farkl\u0131 yerlerde organize tar\u0131m b\u00f6lgelerinin hem geli\u015fiminin takibi hem de yat\u0131r\u0131mlar\u0131n sonu\u00e7lanmas\u0131 ve a\u00e7\u0131l\u0131\u015f\u0131 itibar\u0131yla vatanda\u015flara m\u00fcjdeler vermeye devam edeceklerini s\u00f6yledi.<br \/>\nDiyadin Tar\u0131ma Dayal\u0131 \u0130htisas Sera Organize Sanayi B\u00f6lgesi&#8217;nin \u00f6neminden bahseden Yumakl\u0131, &#8220;&#8221;Burada (Diyadin Tar\u0131ma Dayal\u0131 \u0130htisas Sera Organize Sanayi B\u00f6lgesi) yakla\u015f\u0131k 1300 dekarl\u0131k b\u00fct\u00fcn faaliyet alan\u0131nda tamam\u0131 faaliyete ge\u00e7ti\u011finde y\u00fczde 75&#8217;i kad\u0131n olmak \u00fczere yakla\u015f\u0131k 1500 ki\u015filik bir istihdam s\u00f6z konusu olabilecek. Yani her a\u00e7\u0131dan \u00fclkemizin b\u00fct\u00fcn b\u00f6lgelerinin geli\u015fimi a\u00e7\u0131s\u0131ndan, \u00fclkemizin ihtiya\u00e7 duydu\u011fu ve buralarda \u00fcretilecek olan \u00fcr\u00fcnler a\u00e7\u0131s\u0131ndan \u00f6nemini bir kez daha belirtmek istiyorum. \u015eimdiden \u00fclkemiz ve bu yat\u0131r\u0131mlar\u0131n bulundu\u011fu iller i\u00e7in hay\u0131rl\u0131 u\u011furlu olmas\u0131n\u0131 diliyorum.&#8221; diye konu\u015ftu.<\/p>\n<p>\u200bTar\u0131m ve Orman Bakan\u0131 \u0130brahim Yumakl\u0131, \u00e7e\u015fitli programlara kat\u0131lmak \u00fczere gitti\u011fi A\u011fr\u0131&#8217;da Diyadin Tar\u0131ma Dayal\u0131 \u0130htisas Sera Organize Sanayi B\u00f6lgesi&#8217;nde incelemelerde bulundu\u00a0<\/p>\n<p>\u200bHaberin Al\u0131nt\u0131land\u0131\u011f\u0131 Kaynak: www.iskenderun.org<\/p>","protected":false},"excerpt":{"rendered":"<p>Tar\u0131m ve Orman Bakan\u0131 \u0130brahim Yumakl\u0131, \u00e7e\u015fitli programlara kat\u0131lmak \u00fczere gitti\u011fi A\u011fr\u0131&#8217;da Diyadin Tar\u0131ma Dayal\u0131 \u0130htisas Sera Organize Sanayi B\u00f6lgesi&#8217;nde incelemelerde bulundu.ANKARA (\u0130GFA) &#8211;\u00a0 A\u011fr\u0131&#8217;da jeotermal kaynaklardan yararlan\u0131larak domates \u00fcretilen seray\u0131 gezen Tar\u0131m ve Orman Bakan\u0131 \u0130brahim Yumakl\u0131, burada gazetecilere yapt\u0131\u011f\u0131 a\u00e7\u0131klamada, Diyadin&#8217;de jeotermal organize tar\u0131m b\u00f6lgesinin birinci ve ikinci etaplar\u0131n\u0131n geli\u015fimiyle ilgili bilgi ald\u0131klar\u0131n\u0131 s\u00f6yledi. 42 ilde 61 organize tar\u0131m b\u00f6lgesi belirlediklerini anlatan Yumakl\u0131, &#8220;Buradaki yat\u0131r\u0131m s\u00fcrecini h\u0131zland\u0131r\u0131yoruz. 42 organize tar\u0131m b\u00f6lgesinin 21&#8217;i bitkisel, 20&#8217;si hayvansal. Birisi de su \u00fcr\u00fcnleriyle ilgili. \u00d6zellikle temiz enerjinin kullan\u0131ld\u0131\u011f\u0131 \u00fclkemizin yeralt\u0131 zenginliklerinin hem bitkisel \u00fcretimde hem de hayvansal \u00fcretimde \u00e7ok \u00f6nemli bir girdi olarak yerini ald\u0131\u011f\u0131 bir d\u00f6nemde organize tar\u0131m b\u00f6lgelerinin \u00fcretime olan katk\u0131s\u0131 itibar\u0131yla son derece \u00f6nemli bir g\u00f6rev icra ediyor ve edecek.&#8221; dedi. Bakan Yumakl\u0131, 61 organize tar\u0131m b\u00f6lgesinden 14&#8217;\u00fcn\u00fcn altyap\u0131 \u00e7al\u0131\u015fmalar\u0131n\u0131 tamamlamak \u00fczere olduklar\u0131n\u0131 kaydetti. &#8220;Hayvansal \u00fcretim konulu organize tar\u0131m b\u00f6lgelerinde de yakla\u015f\u0131k 800 besi i\u015fletmesinde 110 bin ba\u015f hayvan var. Bitkisel \u00fcretim konulu organize tar\u0131m b\u00f6lgelerinde de 374 dekarl\u0131k sera alan\u0131nda y\u0131ll\u0131k 11 bin ton domates ve \u00e7ilek \u00fcretimi yap\u0131l\u0131yor. Toplam 7 organize tar\u0131m b\u00f6lgesinde de yine altyap\u0131 in\u015faatlar\u0131 halihaz\u0131rda devam ediyor. Sadece T\u00fcrkiye&#8217;nin de\u011fil d\u00fcnyan\u0131n da en b\u00fcy\u00fck organize b\u00f6lgelerinden bir tanesi de Bal\u0131kesir G\u00f6nen&#8217;de, in\u015fas\u0131 devam ediyor.&#8221; &hellip;<\/p>","protected":false},"author":0,"featured_media":0,"comment_status":"open","ping_status":"open","sticky":false,"template":"","format":"standard","meta":{"_acf_changed":false,"footnotes":""},"categories":[24,535],"tags":[],"class_list":["post-9037","post","type-post","status-publish","format-standard","has-post-thumbnail","hentry","category-gundem","category-uncategorized-tr"],"acf":[],"yoast_head":"<!-- This site is optimized with the Yoast SEO Premium plugin v26.6 (Yoast SEO v27.1.1) - https:\/\/yoast.com\/product\/yoast-seo-premium-wordpress\/ -->\n<title>A\u011fr\u0131&#039;da Bakan Yumakl\u0131&#039;dan organize tar\u0131m b\u00f6lgesine ziyaret - Av. Deniz Can K\u0131z\u0131l<\/title>\n<meta name=\"robots\" content=\"index, follow, max-snippet:-1, max-image-preview:large, max-video-preview:-1\" \/>\n<link rel=\"canonical\" href=\"https:\/\/denizcankizil.tr\/uk\/haberler\/gundem\/agrida-bakan-yumaklidan-organize-tarim-bolgesine-ziyaret\/\" \/>\n<meta property=\"og:locale\" content=\"uk_UA\" \/>\n<meta property=\"og:type\" content=\"article\" \/>\n<meta property=\"og:title\" content=\"A\u011fr\u0131&#039;da Bakan Yumakl\u0131&#039;dan organize tar\u0131m b\u00f6lgesine ziyaret\" \/>\n<meta property=\"og:description\" content=\"Tar\u0131m ve Orman Bakan\u0131 \u0130brahim Yumakl\u0131, \u00e7e\u015fitli programlara kat\u0131lmak \u00fczere gitti\u011fi A\u011fr\u0131&#8217;da Diyadin Tar\u0131ma Dayal\u0131 \u0130htisas Sera Organize Sanayi B\u00f6lgesi&#8217;nde incelemelerde bulundu.ANKARA (\u0130GFA) &#8211;\u00a0 A\u011fr\u0131&#8217;da jeotermal kaynaklardan yararlan\u0131larak domates \u00fcretilen seray\u0131 gezen Tar\u0131m ve Orman Bakan\u0131 \u0130brahim Yumakl\u0131, burada gazetecilere yapt\u0131\u011f\u0131 a\u00e7\u0131klamada, Diyadin&#8217;de jeotermal organize tar\u0131m b\u00f6lgesinin birinci ve ikinci etaplar\u0131n\u0131n geli\u015fimiyle ilgili bilgi ald\u0131klar\u0131n\u0131 s\u00f6yledi. 42 ilde 61 organize tar\u0131m b\u00f6lgesi belirlediklerini anlatan Yumakl\u0131, &#8220;Buradaki yat\u0131r\u0131m s\u00fcrecini h\u0131zland\u0131r\u0131yoruz. 42 organize tar\u0131m b\u00f6lgesinin 21&#8217;i bitkisel, 20&#8217;si hayvansal. Birisi de su \u00fcr\u00fcnleriyle ilgili. \u00d6zellikle temiz enerjinin kullan\u0131ld\u0131\u011f\u0131 \u00fclkemizin yeralt\u0131 zenginliklerinin hem bitkisel \u00fcretimde hem de hayvansal \u00fcretimde \u00e7ok \u00f6nemli bir girdi olarak yerini ald\u0131\u011f\u0131 bir d\u00f6nemde organize tar\u0131m b\u00f6lgelerinin \u00fcretime olan katk\u0131s\u0131 itibar\u0131yla son derece \u00f6nemli bir g\u00f6rev icra ediyor ve edecek.&#8221; dedi. Bakan Yumakl\u0131, 61 organize tar\u0131m b\u00f6lgesinden 14&#8217;\u00fcn\u00fcn altyap\u0131 \u00e7al\u0131\u015fmalar\u0131n\u0131 tamamlamak \u00fczere olduklar\u0131n\u0131 kaydetti. &#8220;Hayvansal \u00fcretim konulu organize tar\u0131m b\u00f6lgelerinde de yakla\u015f\u0131k 800 besi i\u015fletmesinde 110 bin ba\u015f hayvan var. Bitkisel \u00fcretim konulu organize tar\u0131m b\u00f6lgelerinde de 374 dekarl\u0131k sera alan\u0131nda y\u0131ll\u0131k 11 bin ton domates ve \u00e7ilek \u00fcretimi yap\u0131l\u0131yor. Toplam 7 organize tar\u0131m b\u00f6lgesinde de yine altyap\u0131 in\u015faatlar\u0131 halihaz\u0131rda devam ediyor. Sadece T\u00fcrkiye&#8217;nin de\u011fil d\u00fcnyan\u0131n da en b\u00fcy\u00fck organize b\u00f6lgelerinden bir tanesi de Bal\u0131kesir G\u00f6nen&#8217;de, in\u015fas\u0131 devam ediyor.&#8221; &hellip;\" \/>\n<meta property=\"og:url\" content=\"https:\/\/denizcankizil.tr\/uk\/haberler\/gundem\/agrida-bakan-yumaklidan-organize-tarim-bolgesine-ziyaret\/\" \/>\n<meta property=\"og:site_name\" content=\"Av. Deniz Can K\u0131z\u0131l\" \/>\n<meta property=\"article:published_time\" content=\"2024-10-27T15:42:08+00:00\" \/>\n<meta name=\"twitter:card\" content=\"summary_large_image\" \/>\n<meta name=\"twitter:label1\" content=\"\u041f\u0440\u0438\u0431\u043b. \u0447\u0430\u0441 \u0447\u0438\u0442\u0430\u043d\u043d\u044f\" \/>\n\t<meta name=\"twitter:data1\" content=\"3 \u0445\u0432\u0438\u043b\u0438\u043d\u0438\" \/>\n<script type=\"application\/ld+json\" class=\"yoast-schema-graph\">{\"@context\":\"https:\/\/schema.org\",\"@graph\":[{\"@type\":\"Article\",\"@id\":\"https:\/\/denizcankizil.tr\/uk\/haberler\/gundem\/agrida-bakan-yumaklidan-organize-tarim-bolgesine-ziyaret\/#article\",\"isPartOf\":{\"@id\":\"https:\/\/denizcankizil.tr\/uk\/haberler\/gundem\/agrida-bakan-yumaklidan-organize-tarim-bolgesine-ziyaret\/\"},\"author\":{\"name\":\"\",\"@id\":\"\"},\"headline\":\"A\u011fr\u0131&#8217;da Bakan Yumakl\u0131&#8217;dan organize tar\u0131m b\u00f6lgesine ziyaret\",\"datePublished\":\"2024-10-27T15:42:08+00:00\",\"mainEntityOfPage\":{\"@id\":\"https:\/\/denizcankizil.tr\/uk\/haberler\/gundem\/agrida-bakan-yumaklidan-organize-tarim-bolgesine-ziyaret\/\"},\"wordCount\":517,\"commentCount\":0,\"publisher\":{\"@id\":\"https:\/\/denizcankizil.tr\/de\/#organization\"},\"articleSection\":[\"G\u00fcndem\",\"Uncategorized\"],\"inLanguage\":\"uk\",\"potentialAction\":[{\"@type\":\"CommentAction\",\"name\":\"Comment\",\"target\":[\"https:\/\/denizcankizil.tr\/uk\/haberler\/gundem\/agrida-bakan-yumaklidan-organize-tarim-bolgesine-ziyaret\/#respond\"]}]},{\"@type\":\"WebPage\",\"@id\":\"https:\/\/denizcankizil.tr\/uk\/haberler\/gundem\/agrida-bakan-yumaklidan-organize-tarim-bolgesine-ziyaret\/\",\"url\":\"https:\/\/denizcankizil.tr\/uk\/haberler\/gundem\/agrida-bakan-yumaklidan-organize-tarim-bolgesine-ziyaret\/\",\"name\":\"A\u011fr\u0131'da Bakan Yumakl\u0131'dan organize tar\u0131m b\u00f6lgesine ziyaret - Av. Deniz Can K\u0131z\u0131l\",\"isPartOf\":{\"@id\":\"https:\/\/denizcankizil.tr\/de\/#website\"},\"datePublished\":\"2024-10-27T15:42:08+00:00\",\"breadcrumb\":{\"@id\":\"https:\/\/denizcankizil.tr\/uk\/haberler\/gundem\/agrida-bakan-yumaklidan-organize-tarim-bolgesine-ziyaret\/#breadcrumb\"},\"inLanguage\":\"uk\",\"potentialAction\":[{\"@type\":\"ReadAction\",\"target\":[\"https:\/\/denizcankizil.tr\/uk\/haberler\/gundem\/agrida-bakan-yumaklidan-organize-tarim-bolgesine-ziyaret\/\"]}]},{\"@type\":\"BreadcrumbList\",\"@id\":\"https:\/\/denizcankizil.tr\/uk\/haberler\/gundem\/agrida-bakan-yumaklidan-organize-tarim-bolgesine-ziyaret\/#breadcrumb\",\"itemListElement\":[{\"@type\":\"ListItem\",\"position\":1,\"name\":\"Home\",\"item\":\"https:\/\/denizcankizil.tr\/de\/\"},{\"@type\":\"ListItem\",\"position\":2,\"name\":\"A\u011fr\u0131&#8217;da Bakan Yumakl\u0131&#8217;dan organize tar\u0131m b\u00f6lgesine ziyaret\"}]},{\"@type\":\"WebSite\",\"@id\":\"https:\/\/denizcankizil.tr\/de\/#website\",\"url\":\"https:\/\/denizcankizil.tr\/de\/\",\"name\":\"Av. Deniz Can K\u0131z\u0131l\",\"description\":\"Avukat Deniz Can K\u0131z\u0131l Antalya Barosu\",\"publisher\":{\"@id\":\"https:\/\/denizcankizil.tr\/de\/#organization\"},\"potentialAction\":[{\"@type\":\"SearchAction\",\"target\":{\"@type\":\"EntryPoint\",\"urlTemplate\":\"https:\/\/denizcankizil.tr\/de\/?s={search_term_string}\"},\"query-input\":{\"@type\":\"PropertyValueSpecification\",\"valueRequired\":true,\"valueName\":\"search_term_string\"}}],\"inLanguage\":\"uk\"},{\"@type\":\"Organization\",\"@id\":\"https:\/\/denizcankizil.tr\/de\/#organization\",\"name\":\"Av. Deniz Can K\u0131z\u0131l\",\"url\":\"https:\/\/denizcankizil.tr\/de\/\",\"logo\":{\"@type\":\"ImageObject\",\"inLanguage\":\"uk\",\"@id\":\"https:\/\/denizcankizil.tr\/de\/#\/schema\/logo\/image\/\",\"url\":\"https:\/\/denizcankizil.tr\/wp-content\/uploads\/2024\/10\/siyah-logo-svg.svg\",\"contentUrl\":\"https:\/\/denizcankizil.tr\/wp-content\/uploads\/2024\/10\/siyah-logo-svg.svg\",\"width\":1080,\"height\":1080,\"caption\":\"Av. Deniz Can K\u0131z\u0131l\"},\"image\":{\"@id\":\"https:\/\/denizcankizil.tr\/de\/#\/schema\/logo\/image\/\"}}]}<\/script>\n<!-- \/ Yoast SEO Premium plugin. -->","yoast_head_json":{"title":"A\u011fr\u0131'da Bakan Yumakl\u0131'dan organize tar\u0131m b\u00f6lgesine ziyaret - Av. Deniz Can K\u0131z\u0131l","robots":{"index":"index","follow":"follow","max-snippet":"max-snippet:-1","max-image-preview":"max-image-preview:large","max-video-preview":"max-video-preview:-1"},"canonical":"https:\/\/denizcankizil.tr\/uk\/haberler\/gundem\/agrida-bakan-yumaklidan-organize-tarim-bolgesine-ziyaret\/","og_locale":"uk_UA","og_type":"article","og_title":"A\u011fr\u0131'da Bakan Yumakl\u0131'dan organize tar\u0131m b\u00f6lgesine ziyaret","og_description":"Tar\u0131m ve Orman Bakan\u0131 \u0130brahim Yumakl\u0131, \u00e7e\u015fitli programlara kat\u0131lmak \u00fczere gitti\u011fi A\u011fr\u0131&#8217;da Diyadin Tar\u0131ma Dayal\u0131 \u0130htisas Sera Organize Sanayi B\u00f6lgesi&#8217;nde incelemelerde bulundu.ANKARA (\u0130GFA) &#8211;\u00a0 A\u011fr\u0131&#8217;da jeotermal kaynaklardan yararlan\u0131larak domates \u00fcretilen seray\u0131 gezen Tar\u0131m ve Orman Bakan\u0131 \u0130brahim Yumakl\u0131, burada gazetecilere yapt\u0131\u011f\u0131 a\u00e7\u0131klamada, Diyadin&#8217;de jeotermal organize tar\u0131m b\u00f6lgesinin birinci ve ikinci etaplar\u0131n\u0131n geli\u015fimiyle ilgili bilgi ald\u0131klar\u0131n\u0131 s\u00f6yledi. 42 ilde 61 organize tar\u0131m b\u00f6lgesi belirlediklerini anlatan Yumakl\u0131, &#8220;Buradaki yat\u0131r\u0131m s\u00fcrecini h\u0131zland\u0131r\u0131yoruz. 42 organize tar\u0131m b\u00f6lgesinin 21&#8217;i bitkisel, 20&#8217;si hayvansal. Birisi de su \u00fcr\u00fcnleriyle ilgili. \u00d6zellikle temiz enerjinin kullan\u0131ld\u0131\u011f\u0131 \u00fclkemizin yeralt\u0131 zenginliklerinin hem bitkisel \u00fcretimde hem de hayvansal \u00fcretimde \u00e7ok \u00f6nemli bir girdi olarak yerini ald\u0131\u011f\u0131 bir d\u00f6nemde organize tar\u0131m b\u00f6lgelerinin \u00fcretime olan katk\u0131s\u0131 itibar\u0131yla son derece \u00f6nemli bir g\u00f6rev icra ediyor ve edecek.&#8221; dedi. Bakan Yumakl\u0131, 61 organize tar\u0131m b\u00f6lgesinden 14&#8217;\u00fcn\u00fcn altyap\u0131 \u00e7al\u0131\u015fmalar\u0131n\u0131 tamamlamak \u00fczere olduklar\u0131n\u0131 kaydetti. &#8220;Hayvansal \u00fcretim konulu organize tar\u0131m b\u00f6lgelerinde de yakla\u015f\u0131k 800 besi i\u015fletmesinde 110 bin ba\u015f hayvan var. Bitkisel \u00fcretim konulu organize tar\u0131m b\u00f6lgelerinde de 374 dekarl\u0131k sera alan\u0131nda y\u0131ll\u0131k 11 bin ton domates ve \u00e7ilek \u00fcretimi yap\u0131l\u0131yor. Toplam 7 organize tar\u0131m b\u00f6lgesinde de yine altyap\u0131 in\u015faatlar\u0131 halihaz\u0131rda devam ediyor. Sadece T\u00fcrkiye&#8217;nin de\u011fil d\u00fcnyan\u0131n da en b\u00fcy\u00fck organize b\u00f6lgelerinden bir tanesi de Bal\u0131kesir G\u00f6nen&#8217;de, in\u015fas\u0131 devam ediyor.&#8221; &hellip;","og_url":"https:\/\/denizcankizil.tr\/uk\/haberler\/gundem\/agrida-bakan-yumaklidan-organize-tarim-bolgesine-ziyaret\/","og_site_name":"Av. Deniz Can K\u0131z\u0131l","article_published_time":"2024-10-27T15:42:08+00:00","twitter_card":"summary_large_image","twitter_misc":{"\u041f\u0440\u0438\u0431\u043b. \u0447\u0430\u0441 \u0447\u0438\u0442\u0430\u043d\u043d\u044f":"3 \u0445\u0432\u0438\u043b\u0438\u043d\u0438"},"schema":{"@context":"https:\/\/schema.org","@graph":[{"@type":"Article","@id":"https:\/\/denizcankizil.tr\/uk\/haberler\/gundem\/agrida-bakan-yumaklidan-organize-tarim-bolgesine-ziyaret\/#article","isPartOf":{"@id":"https:\/\/denizcankizil.tr\/uk\/haberler\/gundem\/agrida-bakan-yumaklidan-organize-tarim-bolgesine-ziyaret\/"},"author":{"name":"","@id":""},"headline":"A\u011fr\u0131&#8217;da Bakan Yumakl\u0131&#8217;dan organize tar\u0131m b\u00f6lgesine ziyaret","datePublished":"2024-10-27T15:42:08+00:00","mainEntityOfPage":{"@id":"https:\/\/denizcankizil.tr\/uk\/haberler\/gundem\/agrida-bakan-yumaklidan-organize-tarim-bolgesine-ziyaret\/"},"wordCount":517,"commentCount":0,"publisher":{"@id":"https:\/\/denizcankizil.tr\/de\/#organization"},"articleSection":["G\u00fcndem","Uncategorized"],"inLanguage":"uk","potentialAction":[{"@type":"CommentAction","name":"Comment","target":["https:\/\/denizcankizil.tr\/uk\/haberler\/gundem\/agrida-bakan-yumaklidan-organize-tarim-bolgesine-ziyaret\/#respond"]}]},{"@type":"WebPage","@id":"https:\/\/denizcankizil.tr\/uk\/haberler\/gundem\/agrida-bakan-yumaklidan-organize-tarim-bolgesine-ziyaret\/","url":"https:\/\/denizcankizil.tr\/uk\/haberler\/gundem\/agrida-bakan-yumaklidan-organize-tarim-bolgesine-ziyaret\/","name":"A\u011fr\u0131'da Bakan Yumakl\u0131'dan organize tar\u0131m b\u00f6lgesine ziyaret - Av. Deniz Can K\u0131z\u0131l","isPartOf":{"@id":"https:\/\/denizcankizil.tr\/de\/#website"},"datePublished":"2024-10-27T15:42:08+00:00","breadcrumb":{"@id":"https:\/\/denizcankizil.tr\/uk\/haberler\/gundem\/agrida-bakan-yumaklidan-organize-tarim-bolgesine-ziyaret\/#breadcrumb"},"inLanguage":"uk","potentialAction":[{"@type":"ReadAction","target":["https:\/\/denizcankizil.tr\/uk\/haberler\/gundem\/agrida-bakan-yumaklidan-organize-tarim-bolgesine-ziyaret\/"]}]},{"@type":"BreadcrumbList","@id":"https:\/\/denizcankizil.tr\/uk\/haberler\/gundem\/agrida-bakan-yumaklidan-organize-tarim-bolgesine-ziyaret\/#breadcrumb","itemListElement":[{"@type":"ListItem","position":1,"name":"Home","item":"https:\/\/denizcankizil.tr\/de\/"},{"@type":"ListItem","position":2,"name":"A\u011fr\u0131&#8217;da Bakan Yumakl\u0131&#8217;dan organize tar\u0131m b\u00f6lgesine ziyaret"}]},{"@type":"WebSite","@id":"https:\/\/denizcankizil.tr\/de\/#website","url":"https:\/\/denizcankizil.tr\/de\/","name":"Av. Deniz Can K\u0131z\u0131l","description":"Avukat Deniz Can K\u0131z\u0131l Antalya Barosu","publisher":{"@id":"https:\/\/denizcankizil.tr\/de\/#organization"},"potentialAction":[{"@type":"SearchAction","target":{"@type":"EntryPoint","urlTemplate":"https:\/\/denizcankizil.tr\/de\/?s={search_term_string}"},"query-input":{"@type":"PropertyValueSpecification","valueRequired":true,"valueName":"search_term_string"}}],"inLanguage":"uk"},{"@type":"Organization","@id":"https:\/\/denizcankizil.tr\/de\/#organization","name":"Av. Deniz Can K\u0131z\u0131l","url":"https:\/\/denizcankizil.tr\/de\/","logo":{"@type":"ImageObject","inLanguage":"uk","@id":"https:\/\/denizcankizil.tr\/de\/#\/schema\/logo\/image\/","url":"https:\/\/denizcankizil.tr\/wp-content\/uploads\/2024\/10\/siyah-logo-svg.svg","contentUrl":"https:\/\/denizcankizil.tr\/wp-content\/uploads\/2024\/10\/siyah-logo-svg.svg","width":1080,"height":1080,"caption":"Av. Deniz Can K\u0131z\u0131l"},"image":{"@id":"https:\/\/denizcankizil.tr\/de\/#\/schema\/logo\/image\/"}}]}},"_links":{"self":[{"href":"https:\/\/denizcankizil.tr\/uk\/wp-json\/wp\/v2\/posts\/9037","targetHints":{"allow":["GET"]}}],"collection":[{"href":"https:\/\/denizcankizil.tr\/uk\/wp-json\/wp\/v2\/posts"}],"about":[{"href":"https:\/\/denizcankizil.tr\/uk\/wp-json\/wp\/v2\/types\/post"}],"replies":[{"embeddable":true,"href":"https:\/\/denizcankizil.tr\/uk\/wp-json\/wp\/v2\/comments?post=9037"}],"version-history":[{"count":0,"href":"https:\/\/denizcankizil.tr\/uk\/wp-json\/wp\/v2\/posts\/9037\/revisions"}],"wp:attachment":[{"href":"https:\/\/denizcankizil.tr\/uk\/wp-json\/wp\/v2\/media?parent=9037"}],"wp:term":[{"taxonomy":"category","embeddable":true,"href":"https:\/\/denizcankizil.tr\/uk\/wp-json\/wp\/v2\/categories?post=9037"},{"taxonomy":"post_tag","embeddable":true,"href":"https:\/\/denizcankizil.tr\/uk\/wp-json\/wp\/v2\/tags?post=9037"}],"curies":[{"name":"wp","href":"https:\/\/api.w.org\/{rel}","templated":true}]}}