{"id":89624,"date":"2025-05-17T16:42:11","date_gmt":"2025-05-17T13:42:11","guid":{"rendered":"https:\/\/denizcankizil.tr\/uncategorized-tr\/ozel-egitim-ogrencileri-istinye-universitesinin-senliginde-bulustu\/"},"modified":"2025-05-17T16:42:11","modified_gmt":"2025-05-17T13:42:11","slug":"ozel-egitim-ogrencileri-istinye-universitesinin-senliginde-bulustu","status":"publish","type":"post","link":"https:\/\/denizcankizil.tr\/uk\/haberler\/gundem\/ozel-egitim-ogrencileri-istinye-universitesinin-senliginde-bulustu\/","title":{"rendered":"\u00d6zel e\u011fitim \u00f6\u011frencileri \u0130stinye \u00dcniversitesi\u2019nin \u015fenli\u011finde bulu\u015ftu"},"content":{"rendered":"<p>\u0130stinye \u00dcniversitesi \u00c7ocuk Geli\u015fimi ile Gastronomi ve Mutfak Sanatlar\u0131 b\u00f6l\u00fcmlerinin ev sahipli\u011finde 15 May\u0131s\u2019ta d\u00fczenlenen \u00d6zel E\u011fitim \u015eenli\u011fi, \u0130stanbul\u2019da ikamet eden yakla\u015f\u0131k 100 \u00f6zel e\u011fitim \u00f6\u011frencisiyle ailelerini kamp\u00fcste a\u011f\u0131rlad\u0131.<\/p>\n<p>\u200b\u0130stinye \u00dcniversitesi \u00c7ocuk Geli\u015fimi ile Gastronomi ve Mutfak Sanatlar\u0131 b\u00f6l\u00fcmlerinin ev sahipli\u011finde 15 May\u0131s\u2019ta d\u00fczenlenen \u00d6zel E\u011fitim \u015eenli\u011fi, \u0130stanbul\u2019da ikamet eden yakla\u015f\u0131k 100 \u00f6zel e\u011fitim \u00f6\u011frencisiyle ailelerini kamp\u00fcste a\u011f\u0131rlad\u0131.\u00a0<\/p>\n<p>\u200bHaberin Al\u0131nt\u0131land\u0131\u011f\u0131 Kaynak: www.iskenderun.org<\/p>","protected":false},"excerpt":{"rendered":"<p>\u0130stinye \u00dcniversitesi \u00c7ocuk Geli\u015fimi ile Gastronomi ve Mutfak Sanatlar\u0131 b\u00f6l\u00fcmlerinin ev sahipli\u011finde 15 May\u0131s\u2019ta d\u00fczenlenen \u00d6zel E\u011fitim \u015eenli\u011fi, \u0130stanbul\u2019da ikamet eden yakla\u015f\u0131k 100 \u00f6zel e\u011fitim \u00f6\u011frencisiyle ailelerini kamp\u00fcste a\u011f\u0131rlad\u0131. \u200b\u0130stinye \u00dcniversitesi \u00c7ocuk Geli\u015fimi ile Gastronomi ve Mutfak Sanatlar\u0131 b\u00f6l\u00fcmlerinin ev sahipli\u011finde 15 May\u0131s\u2019ta d\u00fczenlenen \u00d6zel E\u011fitim \u015eenli\u011fi, \u0130stanbul\u2019da ikamet eden yakla\u015f\u0131k 100 \u00f6zel e\u011fitim \u00f6\u011frencisiyle ailelerini kamp\u00fcste a\u011f\u0131rlad\u0131.\u00a0 \u200bHaberin Al\u0131nt\u0131land\u0131\u011f\u0131 Kaynak: www.iskenderun.org<\/p>","protected":false},"author":1,"featured_media":0,"comment_status":"","ping_status":"open","sticky":false,"template":"","format":"standard","meta":{"_acf_changed":false,"footnotes":""},"categories":[24],"tags":[],"class_list":["post-89624","post","type-post","status-publish","format-standard","has-post-thumbnail","hentry","category-gundem"],"acf":[],"yoast_head":"<!-- This site is optimized with the Yoast SEO Premium plugin v26.6 (Yoast SEO v27.1.1) - https:\/\/yoast.com\/product\/yoast-seo-premium-wordpress\/ -->\n<title>\u00d6zel e\u011fitim \u00f6\u011frencileri \u0130stinye \u00dcniversitesi\u2019nin \u015fenli\u011finde bulu\u015ftu - Av. Deniz Can K\u0131z\u0131l<\/title>\n<meta name=\"robots\" content=\"index, follow, max-snippet:-1, max-image-preview:large, max-video-preview:-1\" \/>\n<link rel=\"canonical\" href=\"https:\/\/denizcankizil.tr\/uk\/haberler\/gundem\/ozel-egitim-ogrencileri-istinye-universitesinin-senliginde-bulustu\/\" \/>\n<meta property=\"og:locale\" content=\"uk_UA\" \/>\n<meta property=\"og:type\" content=\"article\" \/>\n<meta property=\"og:title\" content=\"\u00d6zel e\u011fitim \u00f6\u011frencileri \u0130stinye \u00dcniversitesi\u2019nin \u015fenli\u011finde bulu\u015ftu\" \/>\n<meta property=\"og:description\" content=\"\u0130stinye \u00dcniversitesi \u00c7ocuk Geli\u015fimi ile Gastronomi ve Mutfak Sanatlar\u0131 b\u00f6l\u00fcmlerinin ev sahipli\u011finde 15 May\u0131s\u2019ta d\u00fczenlenen \u00d6zel E\u011fitim \u015eenli\u011fi, \u0130stanbul\u2019da ikamet eden yakla\u015f\u0131k 100 \u00f6zel e\u011fitim \u00f6\u011frencisiyle ailelerini kamp\u00fcste a\u011f\u0131rlad\u0131. \u200b\u0130stinye \u00dcniversitesi \u00c7ocuk Geli\u015fimi ile Gastronomi ve Mutfak Sanatlar\u0131 b\u00f6l\u00fcmlerinin ev sahipli\u011finde 15 May\u0131s\u2019ta d\u00fczenlenen \u00d6zel E\u011fitim \u015eenli\u011fi, \u0130stanbul\u2019da ikamet eden yakla\u015f\u0131k 100 \u00f6zel e\u011fitim \u00f6\u011frencisiyle ailelerini kamp\u00fcste a\u011f\u0131rlad\u0131.\u00a0 \u200bHaberin Al\u0131nt\u0131land\u0131\u011f\u0131 Kaynak: www.iskenderun.org\" \/>\n<meta property=\"og:url\" content=\"https:\/\/denizcankizil.tr\/uk\/haberler\/gundem\/ozel-egitim-ogrencileri-istinye-universitesinin-senliginde-bulustu\/\" \/>\n<meta property=\"og:site_name\" content=\"Av. Deniz Can K\u0131z\u0131l\" \/>\n<meta property=\"article:published_time\" content=\"2025-05-17T13:42:11+00:00\" \/>\n<meta name=\"author\" content=\"admin\" \/>\n<meta name=\"twitter:card\" content=\"summary_large_image\" \/>\n<meta name=\"twitter:label1\" content=\"\u041d\u0430\u043f\u0438\u0441\u0430\u043d\u043e\" \/>\n\t<meta name=\"twitter:data1\" content=\"admin\" \/>\n<script type=\"application\/ld+json\" class=\"yoast-schema-graph\">{\"@context\":\"https:\/\/schema.org\",\"@graph\":[{\"@type\":\"Article\",\"@id\":\"https:\/\/denizcankizil.tr\/uk\/haberler\/gundem\/ozel-egitim-ogrencileri-istinye-universitesinin-senliginde-bulustu\/#article\",\"isPartOf\":{\"@id\":\"https:\/\/denizcankizil.tr\/uk\/haberler\/gundem\/ozel-egitim-ogrencileri-istinye-universitesinin-senliginde-bulustu\/\"},\"author\":{\"name\":\"admin\",\"@id\":\"https:\/\/denizcankizil.tr\/de\/#\/schema\/person\/be3c05fe6a12686905512445d8185489\"},\"headline\":\"\u00d6zel e\u011fitim \u00f6\u011frencileri \u0130stinye \u00dcniversitesi\u2019nin \u015fenli\u011finde bulu\u015ftu\",\"datePublished\":\"2025-05-17T13:42:11+00:00\",\"mainEntityOfPage\":{\"@id\":\"https:\/\/denizcankizil.tr\/uk\/haberler\/gundem\/ozel-egitim-ogrencileri-istinye-universitesinin-senliginde-bulustu\/\"},\"wordCount\":101,\"publisher\":{\"@id\":\"https:\/\/denizcankizil.tr\/de\/#organization\"},\"articleSection\":[\"G\u00fcndem\"],\"inLanguage\":\"uk\"},{\"@type\":\"WebPage\",\"@id\":\"https:\/\/denizcankizil.tr\/uk\/haberler\/gundem\/ozel-egitim-ogrencileri-istinye-universitesinin-senliginde-bulustu\/\",\"url\":\"https:\/\/denizcankizil.tr\/uk\/haberler\/gundem\/ozel-egitim-ogrencileri-istinye-universitesinin-senliginde-bulustu\/\",\"name\":\"\u00d6zel e\u011fitim \u00f6\u011frencileri \u0130stinye \u00dcniversitesi\u2019nin \u015fenli\u011finde bulu\u015ftu - Av. Deniz Can K\u0131z\u0131l\",\"isPartOf\":{\"@id\":\"https:\/\/denizcankizil.tr\/de\/#website\"},\"datePublished\":\"2025-05-17T13:42:11+00:00\",\"breadcrumb\":{\"@id\":\"https:\/\/denizcankizil.tr\/uk\/haberler\/gundem\/ozel-egitim-ogrencileri-istinye-universitesinin-senliginde-bulustu\/#breadcrumb\"},\"inLanguage\":\"uk\",\"potentialAction\":[{\"@type\":\"ReadAction\",\"target\":[\"https:\/\/denizcankizil.tr\/uk\/haberler\/gundem\/ozel-egitim-ogrencileri-istinye-universitesinin-senliginde-bulustu\/\"]}]},{\"@type\":\"BreadcrumbList\",\"@id\":\"https:\/\/denizcankizil.tr\/uk\/haberler\/gundem\/ozel-egitim-ogrencileri-istinye-universitesinin-senliginde-bulustu\/#breadcrumb\",\"itemListElement\":[{\"@type\":\"ListItem\",\"position\":1,\"name\":\"Home\",\"item\":\"https:\/\/denizcankizil.tr\/de\/\"},{\"@type\":\"ListItem\",\"position\":2,\"name\":\"\u00d6zel e\u011fitim \u00f6\u011frencileri \u0130stinye \u00dcniversitesi\u2019nin \u015fenli\u011finde bulu\u015ftu\"}]},{\"@type\":\"WebSite\",\"@id\":\"https:\/\/denizcankizil.tr\/de\/#website\",\"url\":\"https:\/\/denizcankizil.tr\/de\/\",\"name\":\"Av. Deniz Can K\u0131z\u0131l\",\"description\":\"Avukat Deniz Can K\u0131z\u0131l Antalya Barosu\",\"publisher\":{\"@id\":\"https:\/\/denizcankizil.tr\/de\/#organization\"},\"potentialAction\":[{\"@type\":\"SearchAction\",\"target\":{\"@type\":\"EntryPoint\",\"urlTemplate\":\"https:\/\/denizcankizil.tr\/de\/?s={search_term_string}\"},\"query-input\":{\"@type\":\"PropertyValueSpecification\",\"valueRequired\":true,\"valueName\":\"search_term_string\"}}],\"inLanguage\":\"uk\"},{\"@type\":\"Organization\",\"@id\":\"https:\/\/denizcankizil.tr\/de\/#organization\",\"name\":\"Av. Deniz Can K\u0131z\u0131l\",\"url\":\"https:\/\/denizcankizil.tr\/de\/\",\"logo\":{\"@type\":\"ImageObject\",\"inLanguage\":\"uk\",\"@id\":\"https:\/\/denizcankizil.tr\/de\/#\/schema\/logo\/image\/\",\"url\":\"https:\/\/denizcankizil.tr\/wp-content\/uploads\/2024\/10\/siyah-logo-svg.svg\",\"contentUrl\":\"https:\/\/denizcankizil.tr\/wp-content\/uploads\/2024\/10\/siyah-logo-svg.svg\",\"width\":1080,\"height\":1080,\"caption\":\"Av. Deniz Can K\u0131z\u0131l\"},\"image\":{\"@id\":\"https:\/\/denizcankizil.tr\/de\/#\/schema\/logo\/image\/\"}},{\"@type\":\"Person\",\"@id\":\"https:\/\/denizcankizil.tr\/de\/#\/schema\/person\/be3c05fe6a12686905512445d8185489\",\"name\":\"admin\",\"image\":{\"@type\":\"ImageObject\",\"inLanguage\":\"uk\",\"@id\":\"https:\/\/denizcankizil.tr\/de\/#\/schema\/person\/image\/\",\"url\":\"https:\/\/secure.gravatar.com\/avatar\/c1fce94c830dc79107e174f890d7210541c4a63e8e5d816341794a2151c9d58c?s=96&d=mm&r=g\",\"contentUrl\":\"https:\/\/secure.gravatar.com\/avatar\/c1fce94c830dc79107e174f890d7210541c4a63e8e5d816341794a2151c9d58c?s=96&d=mm&r=g\",\"caption\":\"admin\"},\"sameAs\":[\"http:\/\/denizcankizil.tr\"],\"url\":\"https:\/\/www.iskenderun.org\/ozel-egitim-ogrencileri-istinye-universitesinin-senliginde-bulustu\"}]}<\/script>\n<!-- \/ Yoast SEO Premium plugin. -->","yoast_head_json":{"title":"\u00d6zel e\u011fitim \u00f6\u011frencileri \u0130stinye \u00dcniversitesi\u2019nin \u015fenli\u011finde bulu\u015ftu - Av. Deniz Can K\u0131z\u0131l","robots":{"index":"index","follow":"follow","max-snippet":"max-snippet:-1","max-image-preview":"max-image-preview:large","max-video-preview":"max-video-preview:-1"},"canonical":"https:\/\/denizcankizil.tr\/uk\/haberler\/gundem\/ozel-egitim-ogrencileri-istinye-universitesinin-senliginde-bulustu\/","og_locale":"uk_UA","og_type":"article","og_title":"\u00d6zel e\u011fitim \u00f6\u011frencileri \u0130stinye \u00dcniversitesi\u2019nin \u015fenli\u011finde bulu\u015ftu","og_description":"\u0130stinye \u00dcniversitesi \u00c7ocuk Geli\u015fimi ile Gastronomi ve Mutfak Sanatlar\u0131 b\u00f6l\u00fcmlerinin ev sahipli\u011finde 15 May\u0131s\u2019ta d\u00fczenlenen \u00d6zel E\u011fitim \u015eenli\u011fi, \u0130stanbul\u2019da ikamet eden yakla\u015f\u0131k 100 \u00f6zel e\u011fitim \u00f6\u011frencisiyle ailelerini kamp\u00fcste a\u011f\u0131rlad\u0131. \u200b\u0130stinye \u00dcniversitesi \u00c7ocuk Geli\u015fimi ile Gastronomi ve Mutfak Sanatlar\u0131 b\u00f6l\u00fcmlerinin ev sahipli\u011finde 15 May\u0131s\u2019ta d\u00fczenlenen \u00d6zel E\u011fitim \u015eenli\u011fi, \u0130stanbul\u2019da ikamet eden yakla\u015f\u0131k 100 \u00f6zel e\u011fitim \u00f6\u011frencisiyle ailelerini kamp\u00fcste a\u011f\u0131rlad\u0131.\u00a0 \u200bHaberin Al\u0131nt\u0131land\u0131\u011f\u0131 Kaynak: www.iskenderun.org","og_url":"https:\/\/denizcankizil.tr\/uk\/haberler\/gundem\/ozel-egitim-ogrencileri-istinye-universitesinin-senliginde-bulustu\/","og_site_name":"Av. Deniz Can K\u0131z\u0131l","article_published_time":"2025-05-17T13:42:11+00:00","author":"admin","twitter_card":"summary_large_image","twitter_misc":{"\u041d\u0430\u043f\u0438\u0441\u0430\u043d\u043e":"admin"},"schema":{"@context":"https:\/\/schema.org","@graph":[{"@type":"Article","@id":"https:\/\/denizcankizil.tr\/uk\/haberler\/gundem\/ozel-egitim-ogrencileri-istinye-universitesinin-senliginde-bulustu\/#article","isPartOf":{"@id":"https:\/\/denizcankizil.tr\/uk\/haberler\/gundem\/ozel-egitim-ogrencileri-istinye-universitesinin-senliginde-bulustu\/"},"author":{"name":"admin","@id":"https:\/\/denizcankizil.tr\/de\/#\/schema\/person\/be3c05fe6a12686905512445d8185489"},"headline":"\u00d6zel e\u011fitim \u00f6\u011frencileri \u0130stinye \u00dcniversitesi\u2019nin \u015fenli\u011finde bulu\u015ftu","datePublished":"2025-05-17T13:42:11+00:00","mainEntityOfPage":{"@id":"https:\/\/denizcankizil.tr\/uk\/haberler\/gundem\/ozel-egitim-ogrencileri-istinye-universitesinin-senliginde-bulustu\/"},"wordCount":101,"publisher":{"@id":"https:\/\/denizcankizil.tr\/de\/#organization"},"articleSection":["G\u00fcndem"],"inLanguage":"uk"},{"@type":"WebPage","@id":"https:\/\/denizcankizil.tr\/uk\/haberler\/gundem\/ozel-egitim-ogrencileri-istinye-universitesinin-senliginde-bulustu\/","url":"https:\/\/denizcankizil.tr\/uk\/haberler\/gundem\/ozel-egitim-ogrencileri-istinye-universitesinin-senliginde-bulustu\/","name":"\u00d6zel e\u011fitim \u00f6\u011frencileri \u0130stinye \u00dcniversitesi\u2019nin \u015fenli\u011finde bulu\u015ftu - Av. Deniz Can K\u0131z\u0131l","isPartOf":{"@id":"https:\/\/denizcankizil.tr\/de\/#website"},"datePublished":"2025-05-17T13:42:11+00:00","breadcrumb":{"@id":"https:\/\/denizcankizil.tr\/uk\/haberler\/gundem\/ozel-egitim-ogrencileri-istinye-universitesinin-senliginde-bulustu\/#breadcrumb"},"inLanguage":"uk","potentialAction":[{"@type":"ReadAction","target":["https:\/\/denizcankizil.tr\/uk\/haberler\/gundem\/ozel-egitim-ogrencileri-istinye-universitesinin-senliginde-bulustu\/"]}]},{"@type":"BreadcrumbList","@id":"https:\/\/denizcankizil.tr\/uk\/haberler\/gundem\/ozel-egitim-ogrencileri-istinye-universitesinin-senliginde-bulustu\/#breadcrumb","itemListElement":[{"@type":"ListItem","position":1,"name":"Home","item":"https:\/\/denizcankizil.tr\/de\/"},{"@type":"ListItem","position":2,"name":"\u00d6zel e\u011fitim \u00f6\u011frencileri \u0130stinye \u00dcniversitesi\u2019nin \u015fenli\u011finde bulu\u015ftu"}]},{"@type":"WebSite","@id":"https:\/\/denizcankizil.tr\/de\/#website","url":"https:\/\/denizcankizil.tr\/de\/","name":"Av. Deniz Can K\u0131z\u0131l","description":"Avukat Deniz Can K\u0131z\u0131l Antalya Barosu","publisher":{"@id":"https:\/\/denizcankizil.tr\/de\/#organization"},"potentialAction":[{"@type":"SearchAction","target":{"@type":"EntryPoint","urlTemplate":"https:\/\/denizcankizil.tr\/de\/?s={search_term_string}"},"query-input":{"@type":"PropertyValueSpecification","valueRequired":true,"valueName":"search_term_string"}}],"inLanguage":"uk"},{"@type":"Organization","@id":"https:\/\/denizcankizil.tr\/de\/#organization","name":"Av. Deniz Can K\u0131z\u0131l","url":"https:\/\/denizcankizil.tr\/de\/","logo":{"@type":"ImageObject","inLanguage":"uk","@id":"https:\/\/denizcankizil.tr\/de\/#\/schema\/logo\/image\/","url":"https:\/\/denizcankizil.tr\/wp-content\/uploads\/2024\/10\/siyah-logo-svg.svg","contentUrl":"https:\/\/denizcankizil.tr\/wp-content\/uploads\/2024\/10\/siyah-logo-svg.svg","width":1080,"height":1080,"caption":"Av. Deniz Can K\u0131z\u0131l"},"image":{"@id":"https:\/\/denizcankizil.tr\/de\/#\/schema\/logo\/image\/"}},{"@type":"Person","@id":"https:\/\/denizcankizil.tr\/de\/#\/schema\/person\/be3c05fe6a12686905512445d8185489","name":"\u0430\u0434\u043c\u0456\u043d","image":{"@type":"ImageObject","inLanguage":"uk","@id":"https:\/\/denizcankizil.tr\/de\/#\/schema\/person\/image\/","url":"https:\/\/secure.gravatar.com\/avatar\/c1fce94c830dc79107e174f890d7210541c4a63e8e5d816341794a2151c9d58c?s=96&d=mm&r=g","contentUrl":"https:\/\/secure.gravatar.com\/avatar\/c1fce94c830dc79107e174f890d7210541c4a63e8e5d816341794a2151c9d58c?s=96&d=mm&r=g","caption":"admin"},"sameAs":["http:\/\/denizcankizil.tr"],"url":"https:\/\/www.iskenderun.org\/ozel-egitim-ogrencileri-istinye-universitesinin-senliginde-bulustu"}]}},"_links":{"self":[{"href":"https:\/\/denizcankizil.tr\/uk\/wp-json\/wp\/v2\/posts\/89624","targetHints":{"allow":["GET"]}}],"collection":[{"href":"https:\/\/denizcankizil.tr\/uk\/wp-json\/wp\/v2\/posts"}],"about":[{"href":"https:\/\/denizcankizil.tr\/uk\/wp-json\/wp\/v2\/types\/post"}],"author":[{"embeddable":true,"href":"https:\/\/denizcankizil.tr\/uk\/wp-json\/wp\/v2\/users\/1"}],"replies":[{"embeddable":true,"href":"https:\/\/denizcankizil.tr\/uk\/wp-json\/wp\/v2\/comments?post=89624"}],"version-history":[{"count":0,"href":"https:\/\/denizcankizil.tr\/uk\/wp-json\/wp\/v2\/posts\/89624\/revisions"}],"wp:attachment":[{"href":"https:\/\/denizcankizil.tr\/uk\/wp-json\/wp\/v2\/media?parent=89624"}],"wp:term":[{"taxonomy":"category","embeddable":true,"href":"https:\/\/denizcankizil.tr\/uk\/wp-json\/wp\/v2\/categories?post=89624"},{"taxonomy":"post_tag","embeddable":true,"href":"https:\/\/denizcankizil.tr\/uk\/wp-json\/wp\/v2\/tags?post=89624"}],"curies":[{"name":"wp","href":"https:\/\/api.w.org\/{rel}","templated":true}]}}