{"id":89265,"date":"2025-05-17T09:41:14","date_gmt":"2025-05-17T06:41:14","guid":{"rendered":"https:\/\/denizcankizil.tr\/uncategorized-tr\/3-yeni-bolge-idare-mahkemesi-kuruluyor\/"},"modified":"2025-05-17T09:41:14","modified_gmt":"2025-05-17T06:41:14","slug":"3-yeni-bolge-idare-mahkemesi-kuruluyor","status":"publish","type":"post","link":"https:\/\/denizcankizil.tr\/uk\/haberler\/antalya\/3-yeni-bolge-idare-mahkemesi-kuruluyor\/","title":{"rendered":"3 yeni B\u00f6lge \u0130dare Mahkemesi kuruluyor"},"content":{"rendered":"<p>Resmi Gazete\u2019de yay\u0131mlanan karara g\u00f6re, Antalya, Diyarbak\u0131r ve Kayseri\u2019de B\u00f6lge \u0130dare Mahkemesi kurulacak. Antalya B\u00f6lge \u0130dare Mahkemesi&#8217;nin yarg\u0131 \u00e7evresi ise Antalya, Burdur ve Isparta olacak. Ayr\u0131ca Antalya B\u00f6lge \u0130dare Mahkemesi&#8217;nde B\u00f6lge \u0130dare Mahkemesi Ba\u015fkanl\u0131\u011f\u0131, B\u00f6lge \u0130dare Mahkemesi Ba\u015fkanlar Kurulu, 8 \u0130dari Dava Dairesi, 1 Vergi Dava Dairesi ve B\u00f6lge \u0130dare Mahkemesi Adalet Komisyonu kurulacak.<br \/>\nKarar ile birlikte Diyarbak\u0131r B\u00f6lge \u0130dare Mahkemesi&#8217;nin yarg\u0131 \u00e7evresi Diyarbak\u0131r, Batman, Elaz\u0131\u011f, Mardin, Siirt, \u015e\u0131rnak, Bing\u00f6l ve Mu\u015f illeri olacak. Diyarbak\u0131r B\u00f6lge \u0130dare Mahkemesinde B\u00f6lge \u0130dare Mahkemesi Ba\u015fkanl\u0131\u011f\u0131, B\u00f6lge \u0130dare Mahkemesi Ba\u015fkanlar Kurulu, 11 \u0130dari Dava Dairesi, 1 Vergi Dava Dairesi ve B\u00f6lge \u0130dare Mahkemesi Adalet Komisyonu kurulacak.<br \/>\nKayseri B\u00f6lge \u0130dare Mahkemesi&#8217;nin yarg\u0131 \u00e7evresi ise Kayseri, K\u0131r\u015fehir, Nev\u015fehir, Sivas ve Yozgat olacak belirlenecek. Kayseri B\u00f6lge \u0130dare Mahkemesi&#8217;nde B\u00f6lge \u0130dare Mahkemesi Ba\u015fkanl\u0131\u011f\u0131, B\u00f6lge \u0130dare Mahkemesi Ba\u015fkanlar Kurulu, 5 \u0130dari Dava Dairesi, 1 Vergi Dava Dairesi ve B\u00f6lge \u0130dare Mahkemesi Adalet Komisyonu kurulacak. Ayr\u0131ca karar ile birlikte, Diyarbak\u0131r 2. Vergi Mahkemesi kurulacak.<\/p>\n<p>B\u00f6lge \u0130dare Mahkemesi say\u0131s\u0131 9\u2019dan 12\u2019ye y\u00fckseldi<br \/>\nKarar hakk\u0131nda sosyal medya hesab\u0131ndan payla\u015f\u0131m yapan Adalet Bakan\u0131 Y\u0131lmaz Tun\u00e7 ise B\u00f6lge \u0130dare Mahkemesi say\u0131s\u0131n\u0131n 12\u2019ye y\u00fckseldi\u011fini vurgulayarak, &#8220;Yarg\u0131lamalar\u0131n makul s\u00fcrede sonu\u00e7land\u0131r\u0131lmas\u0131, adaletin gecikmeden tecellisi ve mahkemelerde ihtisasla\u015fman\u0131n sa\u011flanmas\u0131 amac\u0131yla ad\u0131mlar\u0131m\u0131z\u0131 kararl\u0131l\u0131kla at\u0131yoruz. B\u00f6lge \u0130dare Mahkemelerinin Kurulmas\u0131 ve Yarg\u0131 \u00c7evrelerinin Belirlenmesi ile Vergi Mahkemesi&#8217;nin Kurulmas\u0131na \u0130li\u015fkin Karar, Resmi Gazete&#8217;de yay\u0131mlanarak y\u00fcr\u00fcrl\u00fc\u011fe girdi. Yarg\u0131n\u0131n etkinli\u011fini art\u0131racak, idari ve vergi yarg\u0131lamalar\u0131n\u0131n daha makul s\u00fcrede sonu\u00e7lanmas\u0131n\u0131 sa\u011flayacak, vatanda\u015flar\u0131m\u0131z\u0131n yarg\u0131 mercilerine eri\u015fimini daha da kolayla\u015ft\u0131racak mahkemelerimizin yarg\u0131 te\u015fkilat\u0131m\u0131za, \u00fclkemize ve milletimize hay\u0131rl\u0131 olmas\u0131n\u0131 diliyorum&#8221; ifadelerine yer verdi.<\/p>\n<p>Kaynak: www.kanalv.com.tr Haber Sitesinden Al\u0131nm\u0131\u015ft\u0131r.<\/p>","protected":false},"excerpt":{"rendered":"<p>Resmi Gazete\u2019de yay\u0131mlanan karara g\u00f6re, Antalya, Diyarbak\u0131r ve Kayseri\u2019de B\u00f6lge \u0130dare Mahkemesi kurulacak. Antalya B\u00f6lge \u0130dare Mahkemesi&#8217;nin yarg\u0131 \u00e7evresi ise Antalya, Burdur ve Isparta olacak. Ayr\u0131ca Antalya B\u00f6lge \u0130dare Mahkemesi&#8217;nde B\u00f6lge \u0130dare Mahkemesi Ba\u015fkanl\u0131\u011f\u0131, B\u00f6lge \u0130dare Mahkemesi Ba\u015fkanlar Kurulu, 8 \u0130dari Dava Dairesi, 1 Vergi Dava Dairesi ve B\u00f6lge \u0130dare Mahkemesi Adalet Komisyonu kurulacak. Karar ile birlikte Diyarbak\u0131r B\u00f6lge \u0130dare Mahkemesi&#8217;nin yarg\u0131 \u00e7evresi Diyarbak\u0131r, Batman, Elaz\u0131\u011f, Mardin, Siirt, \u015e\u0131rnak, Bing\u00f6l ve Mu\u015f illeri olacak. Diyarbak\u0131r B\u00f6lge \u0130dare Mahkemesinde B\u00f6lge \u0130dare Mahkemesi Ba\u015fkanl\u0131\u011f\u0131, B\u00f6lge \u0130dare Mahkemesi Ba\u015fkanlar Kurulu, 11 \u0130dari Dava Dairesi, 1 Vergi Dava Dairesi ve B\u00f6lge \u0130dare Mahkemesi Adalet Komisyonu kurulacak. Kayseri B\u00f6lge \u0130dare Mahkemesi&#8217;nin yarg\u0131 \u00e7evresi ise Kayseri, K\u0131r\u015fehir, Nev\u015fehir, Sivas ve Yozgat olacak belirlenecek. Kayseri B\u00f6lge \u0130dare Mahkemesi&#8217;nde B\u00f6lge \u0130dare Mahkemesi Ba\u015fkanl\u0131\u011f\u0131, B\u00f6lge \u0130dare Mahkemesi Ba\u015fkanlar Kurulu, 5 \u0130dari Dava Dairesi, 1 Vergi Dava Dairesi ve B\u00f6lge \u0130dare Mahkemesi Adalet Komisyonu kurulacak. Ayr\u0131ca karar ile birlikte, Diyarbak\u0131r 2. Vergi Mahkemesi kurulacak. B\u00f6lge \u0130dare Mahkemesi say\u0131s\u0131 9\u2019dan 12\u2019ye y\u00fckseldi Karar hakk\u0131nda sosyal medya hesab\u0131ndan payla\u015f\u0131m yapan Adalet Bakan\u0131 Y\u0131lmaz Tun\u00e7 ise B\u00f6lge \u0130dare Mahkemesi say\u0131s\u0131n\u0131n 12\u2019ye y\u00fckseldi\u011fini vurgulayarak, &#8220;Yarg\u0131lamalar\u0131n makul s\u00fcrede sonu\u00e7land\u0131r\u0131lmas\u0131, adaletin gecikmeden tecellisi ve mahkemelerde ihtisasla\u015fman\u0131n sa\u011flanmas\u0131 amac\u0131yla ad\u0131mlar\u0131m\u0131z\u0131 kararl\u0131l\u0131kla at\u0131yoruz. B\u00f6lge \u0130dare Mahkemelerinin Kurulmas\u0131 ve &hellip;<\/p>","protected":false},"author":4,"featured_media":89266,"comment_status":"","ping_status":"open","sticky":false,"template":"","format":"standard","meta":{"_acf_changed":false,"footnotes":""},"categories":[26],"tags":[],"class_list":["post-89265","post","type-post","status-publish","format-standard","has-post-thumbnail","hentry","category-antalya"],"acf":[],"yoast_head":"<!-- This site is optimized with the Yoast SEO Premium plugin v26.6 (Yoast SEO v27.1.1) - https:\/\/yoast.com\/product\/yoast-seo-premium-wordpress\/ -->\n<title>3 yeni B\u00f6lge \u0130dare Mahkemesi kuruluyor - Av. Deniz Can K\u0131z\u0131l<\/title>\n<meta name=\"robots\" content=\"index, follow, max-snippet:-1, max-image-preview:large, max-video-preview:-1\" \/>\n<link rel=\"canonical\" href=\"https:\/\/denizcankizil.tr\/uk\/haberler\/antalya\/3-yeni-bolge-idare-mahkemesi-kuruluyor\/\" \/>\n<meta property=\"og:locale\" content=\"uk_UA\" \/>\n<meta property=\"og:type\" content=\"article\" \/>\n<meta property=\"og:title\" content=\"3 yeni B\u00f6lge \u0130dare Mahkemesi kuruluyor\" \/>\n<meta property=\"og:description\" content=\"Resmi Gazete\u2019de yay\u0131mlanan karara g\u00f6re, Antalya, Diyarbak\u0131r ve Kayseri\u2019de B\u00f6lge \u0130dare Mahkemesi kurulacak. Antalya B\u00f6lge \u0130dare Mahkemesi&#8217;nin yarg\u0131 \u00e7evresi ise Antalya, Burdur ve Isparta olacak. Ayr\u0131ca Antalya B\u00f6lge \u0130dare Mahkemesi&#8217;nde B\u00f6lge \u0130dare Mahkemesi Ba\u015fkanl\u0131\u011f\u0131, B\u00f6lge \u0130dare Mahkemesi Ba\u015fkanlar Kurulu, 8 \u0130dari Dava Dairesi, 1 Vergi Dava Dairesi ve B\u00f6lge \u0130dare Mahkemesi Adalet Komisyonu kurulacak. Karar ile birlikte Diyarbak\u0131r B\u00f6lge \u0130dare Mahkemesi&#8217;nin yarg\u0131 \u00e7evresi Diyarbak\u0131r, Batman, Elaz\u0131\u011f, Mardin, Siirt, \u015e\u0131rnak, Bing\u00f6l ve Mu\u015f illeri olacak. Diyarbak\u0131r B\u00f6lge \u0130dare Mahkemesinde B\u00f6lge \u0130dare Mahkemesi Ba\u015fkanl\u0131\u011f\u0131, B\u00f6lge \u0130dare Mahkemesi Ba\u015fkanlar Kurulu, 11 \u0130dari Dava Dairesi, 1 Vergi Dava Dairesi ve B\u00f6lge \u0130dare Mahkemesi Adalet Komisyonu kurulacak. Kayseri B\u00f6lge \u0130dare Mahkemesi&#8217;nin yarg\u0131 \u00e7evresi ise Kayseri, K\u0131r\u015fehir, Nev\u015fehir, Sivas ve Yozgat olacak belirlenecek. Kayseri B\u00f6lge \u0130dare Mahkemesi&#8217;nde B\u00f6lge \u0130dare Mahkemesi Ba\u015fkanl\u0131\u011f\u0131, B\u00f6lge \u0130dare Mahkemesi Ba\u015fkanlar Kurulu, 5 \u0130dari Dava Dairesi, 1 Vergi Dava Dairesi ve B\u00f6lge \u0130dare Mahkemesi Adalet Komisyonu kurulacak. Ayr\u0131ca karar ile birlikte, Diyarbak\u0131r 2. Vergi Mahkemesi kurulacak. B\u00f6lge \u0130dare Mahkemesi say\u0131s\u0131 9\u2019dan 12\u2019ye y\u00fckseldi Karar hakk\u0131nda sosyal medya hesab\u0131ndan payla\u015f\u0131m yapan Adalet Bakan\u0131 Y\u0131lmaz Tun\u00e7 ise B\u00f6lge \u0130dare Mahkemesi say\u0131s\u0131n\u0131n 12\u2019ye y\u00fckseldi\u011fini vurgulayarak, &#8220;Yarg\u0131lamalar\u0131n makul s\u00fcrede sonu\u00e7land\u0131r\u0131lmas\u0131, adaletin gecikmeden tecellisi ve mahkemelerde ihtisasla\u015fman\u0131n sa\u011flanmas\u0131 amac\u0131yla ad\u0131mlar\u0131m\u0131z\u0131 kararl\u0131l\u0131kla at\u0131yoruz. B\u00f6lge \u0130dare Mahkemelerinin Kurulmas\u0131 ve &hellip;\" \/>\n<meta property=\"og:url\" content=\"https:\/\/denizcankizil.tr\/uk\/haberler\/antalya\/3-yeni-bolge-idare-mahkemesi-kuruluyor\/\" \/>\n<meta property=\"og:site_name\" content=\"Av. Deniz Can K\u0131z\u0131l\" \/>\n<meta property=\"article:published_time\" content=\"2025-05-17T06:41:14+00:00\" \/>\n<meta property=\"og:image\" content=\"https:\/\/denizcankizil.tr\/wp-content\/uploads\/2025\/05\/6380-01-LMsjYS.jpg\" \/>\n\t<meta property=\"og:image:width\" content=\"1280\" \/>\n\t<meta property=\"og:image:height\" content=\"720\" \/>\n\t<meta property=\"og:image:type\" content=\"image\/jpeg\" \/>\n<meta name=\"author\" content=\"Av. Deniz Can K\u0131z\u0131l\" \/>\n<meta name=\"twitter:card\" content=\"summary_large_image\" \/>\n<meta name=\"twitter:label1\" content=\"\u041d\u0430\u043f\u0438\u0441\u0430\u043d\u043e\" \/>\n\t<meta name=\"twitter:data1\" content=\"Av. Deniz Can K\u0131z\u0131l\" \/>\n\t<meta name=\"twitter:label2\" content=\"\u041f\u0440\u0438\u0431\u043b. \u0447\u0430\u0441 \u0447\u0438\u0442\u0430\u043d\u043d\u044f\" \/>\n\t<meta name=\"twitter:data2\" content=\"2 \u0445\u0432\u0438\u043b\u0438\u043d\u0438\" \/>\n<script type=\"application\/ld+json\" class=\"yoast-schema-graph\">{\"@context\":\"https:\/\/schema.org\",\"@graph\":[{\"@type\":\"Article\",\"@id\":\"https:\/\/denizcankizil.tr\/uk\/haberler\/antalya\/3-yeni-bolge-idare-mahkemesi-kuruluyor\/#article\",\"isPartOf\":{\"@id\":\"https:\/\/denizcankizil.tr\/uk\/haberler\/antalya\/3-yeni-bolge-idare-mahkemesi-kuruluyor\/\"},\"author\":{\"name\":\"Av. Deniz Can K\u0131z\u0131l\",\"@id\":\"https:\/\/denizcankizil.tr\/de\/#\/schema\/person\/5dc1b22991bd7ac833867c10afc9b0ff\"},\"headline\":\"3 yeni B\u00f6lge \u0130dare Mahkemesi kuruluyor\",\"datePublished\":\"2025-05-17T06:41:14+00:00\",\"mainEntityOfPage\":{\"@id\":\"https:\/\/denizcankizil.tr\/uk\/haberler\/antalya\/3-yeni-bolge-idare-mahkemesi-kuruluyor\/\"},\"wordCount\":358,\"publisher\":{\"@id\":\"https:\/\/denizcankizil.tr\/de\/#organization\"},\"image\":{\"@id\":\"https:\/\/denizcankizil.tr\/uk\/haberler\/antalya\/3-yeni-bolge-idare-mahkemesi-kuruluyor\/#primaryimage\"},\"thumbnailUrl\":\"https:\/\/denizcankizil.tr\/wp-content\/uploads\/2025\/05\/6380-01-LMsjYS.jpg\",\"articleSection\":[\"Antalya\"],\"inLanguage\":\"uk\"},{\"@type\":\"WebPage\",\"@id\":\"https:\/\/denizcankizil.tr\/uk\/haberler\/antalya\/3-yeni-bolge-idare-mahkemesi-kuruluyor\/\",\"url\":\"https:\/\/denizcankizil.tr\/uk\/haberler\/antalya\/3-yeni-bolge-idare-mahkemesi-kuruluyor\/\",\"name\":\"3 yeni B\u00f6lge \u0130dare Mahkemesi kuruluyor - Av. Deniz Can K\u0131z\u0131l\",\"isPartOf\":{\"@id\":\"https:\/\/denizcankizil.tr\/de\/#website\"},\"primaryImageOfPage\":{\"@id\":\"https:\/\/denizcankizil.tr\/uk\/haberler\/antalya\/3-yeni-bolge-idare-mahkemesi-kuruluyor\/#primaryimage\"},\"image\":{\"@id\":\"https:\/\/denizcankizil.tr\/uk\/haberler\/antalya\/3-yeni-bolge-idare-mahkemesi-kuruluyor\/#primaryimage\"},\"thumbnailUrl\":\"https:\/\/denizcankizil.tr\/wp-content\/uploads\/2025\/05\/6380-01-LMsjYS.jpg\",\"datePublished\":\"2025-05-17T06:41:14+00:00\",\"breadcrumb\":{\"@id\":\"https:\/\/denizcankizil.tr\/uk\/haberler\/antalya\/3-yeni-bolge-idare-mahkemesi-kuruluyor\/#breadcrumb\"},\"inLanguage\":\"uk\",\"potentialAction\":[{\"@type\":\"ReadAction\",\"target\":[\"https:\/\/denizcankizil.tr\/uk\/haberler\/antalya\/3-yeni-bolge-idare-mahkemesi-kuruluyor\/\"]}]},{\"@type\":\"ImageObject\",\"inLanguage\":\"uk\",\"@id\":\"https:\/\/denizcankizil.tr\/uk\/haberler\/antalya\/3-yeni-bolge-idare-mahkemesi-kuruluyor\/#primaryimage\",\"url\":\"https:\/\/denizcankizil.tr\/wp-content\/uploads\/2025\/05\/6380-01-LMsjYS.jpg\",\"contentUrl\":\"https:\/\/denizcankizil.tr\/wp-content\/uploads\/2025\/05\/6380-01-LMsjYS.jpg\",\"width\":1280,\"height\":720},{\"@type\":\"BreadcrumbList\",\"@id\":\"https:\/\/denizcankizil.tr\/uk\/haberler\/antalya\/3-yeni-bolge-idare-mahkemesi-kuruluyor\/#breadcrumb\",\"itemListElement\":[{\"@type\":\"ListItem\",\"position\":1,\"name\":\"Home\",\"item\":\"https:\/\/denizcankizil.tr\/de\/\"},{\"@type\":\"ListItem\",\"position\":2,\"name\":\"3 yeni B\u00f6lge \u0130dare Mahkemesi kuruluyor\"}]},{\"@type\":\"WebSite\",\"@id\":\"https:\/\/denizcankizil.tr\/de\/#website\",\"url\":\"https:\/\/denizcankizil.tr\/de\/\",\"name\":\"Av. Deniz Can K\u0131z\u0131l\",\"description\":\"Avukat Deniz Can K\u0131z\u0131l Antalya Barosu\",\"publisher\":{\"@id\":\"https:\/\/denizcankizil.tr\/de\/#organization\"},\"potentialAction\":[{\"@type\":\"SearchAction\",\"target\":{\"@type\":\"EntryPoint\",\"urlTemplate\":\"https:\/\/denizcankizil.tr\/de\/?s={search_term_string}\"},\"query-input\":{\"@type\":\"PropertyValueSpecification\",\"valueRequired\":true,\"valueName\":\"search_term_string\"}}],\"inLanguage\":\"uk\"},{\"@type\":\"Organization\",\"@id\":\"https:\/\/denizcankizil.tr\/de\/#organization\",\"name\":\"Av. Deniz Can K\u0131z\u0131l\",\"url\":\"https:\/\/denizcankizil.tr\/de\/\",\"logo\":{\"@type\":\"ImageObject\",\"inLanguage\":\"uk\",\"@id\":\"https:\/\/denizcankizil.tr\/de\/#\/schema\/logo\/image\/\",\"url\":\"https:\/\/denizcankizil.tr\/wp-content\/uploads\/2024\/10\/siyah-logo-svg.svg\",\"contentUrl\":\"https:\/\/denizcankizil.tr\/wp-content\/uploads\/2024\/10\/siyah-logo-svg.svg\",\"width\":1080,\"height\":1080,\"caption\":\"Av. Deniz Can K\u0131z\u0131l\"},\"image\":{\"@id\":\"https:\/\/denizcankizil.tr\/de\/#\/schema\/logo\/image\/\"}},{\"@type\":\"Person\",\"@id\":\"https:\/\/denizcankizil.tr\/de\/#\/schema\/person\/5dc1b22991bd7ac833867c10afc9b0ff\",\"name\":\"Av. Deniz Can K\u0131z\u0131l\",\"image\":{\"@type\":\"ImageObject\",\"inLanguage\":\"uk\",\"@id\":\"https:\/\/denizcankizil.tr\/de\/#\/schema\/person\/image\/\",\"url\":\"https:\/\/secure.gravatar.com\/avatar\/a0b128fb9855c79efc976d5640eedb31dc35ec297594d6016d2cf7c60e975bb6?s=96&d=mm&r=g\",\"contentUrl\":\"https:\/\/secure.gravatar.com\/avatar\/a0b128fb9855c79efc976d5640eedb31dc35ec297594d6016d2cf7c60e975bb6?s=96&d=mm&r=g\",\"caption\":\"Av. Deniz Can K\u0131z\u0131l\"},\"sameAs\":[\"http:\/\/www.denizcankizil.tr\"],\"url\":\"https:\/\/denizcankizil.tr\/uk\/author\/denizcankizil\/\"}]}<\/script>\n<!-- \/ Yoast SEO Premium plugin. -->","yoast_head_json":{"title":"3 yeni B\u00f6lge \u0130dare Mahkemesi kuruluyor - Av. Deniz Can K\u0131z\u0131l","robots":{"index":"index","follow":"follow","max-snippet":"max-snippet:-1","max-image-preview":"max-image-preview:large","max-video-preview":"max-video-preview:-1"},"canonical":"https:\/\/denizcankizil.tr\/uk\/haberler\/antalya\/3-yeni-bolge-idare-mahkemesi-kuruluyor\/","og_locale":"uk_UA","og_type":"article","og_title":"3 yeni B\u00f6lge \u0130dare Mahkemesi kuruluyor","og_description":"Resmi Gazete\u2019de yay\u0131mlanan karara g\u00f6re, Antalya, Diyarbak\u0131r ve Kayseri\u2019de B\u00f6lge \u0130dare Mahkemesi kurulacak. Antalya B\u00f6lge \u0130dare Mahkemesi&#8217;nin yarg\u0131 \u00e7evresi ise Antalya, Burdur ve Isparta olacak. Ayr\u0131ca Antalya B\u00f6lge \u0130dare Mahkemesi&#8217;nde B\u00f6lge \u0130dare Mahkemesi Ba\u015fkanl\u0131\u011f\u0131, B\u00f6lge \u0130dare Mahkemesi Ba\u015fkanlar Kurulu, 8 \u0130dari Dava Dairesi, 1 Vergi Dava Dairesi ve B\u00f6lge \u0130dare Mahkemesi Adalet Komisyonu kurulacak. Karar ile birlikte Diyarbak\u0131r B\u00f6lge \u0130dare Mahkemesi&#8217;nin yarg\u0131 \u00e7evresi Diyarbak\u0131r, Batman, Elaz\u0131\u011f, Mardin, Siirt, \u015e\u0131rnak, Bing\u00f6l ve Mu\u015f illeri olacak. Diyarbak\u0131r B\u00f6lge \u0130dare Mahkemesinde B\u00f6lge \u0130dare Mahkemesi Ba\u015fkanl\u0131\u011f\u0131, B\u00f6lge \u0130dare Mahkemesi Ba\u015fkanlar Kurulu, 11 \u0130dari Dava Dairesi, 1 Vergi Dava Dairesi ve B\u00f6lge \u0130dare Mahkemesi Adalet Komisyonu kurulacak. Kayseri B\u00f6lge \u0130dare Mahkemesi&#8217;nin yarg\u0131 \u00e7evresi ise Kayseri, K\u0131r\u015fehir, Nev\u015fehir, Sivas ve Yozgat olacak belirlenecek. Kayseri B\u00f6lge \u0130dare Mahkemesi&#8217;nde B\u00f6lge \u0130dare Mahkemesi Ba\u015fkanl\u0131\u011f\u0131, B\u00f6lge \u0130dare Mahkemesi Ba\u015fkanlar Kurulu, 5 \u0130dari Dava Dairesi, 1 Vergi Dava Dairesi ve B\u00f6lge \u0130dare Mahkemesi Adalet Komisyonu kurulacak. Ayr\u0131ca karar ile birlikte, Diyarbak\u0131r 2. Vergi Mahkemesi kurulacak. B\u00f6lge \u0130dare Mahkemesi say\u0131s\u0131 9\u2019dan 12\u2019ye y\u00fckseldi Karar hakk\u0131nda sosyal medya hesab\u0131ndan payla\u015f\u0131m yapan Adalet Bakan\u0131 Y\u0131lmaz Tun\u00e7 ise B\u00f6lge \u0130dare Mahkemesi say\u0131s\u0131n\u0131n 12\u2019ye y\u00fckseldi\u011fini vurgulayarak, &#8220;Yarg\u0131lamalar\u0131n makul s\u00fcrede sonu\u00e7land\u0131r\u0131lmas\u0131, adaletin gecikmeden tecellisi ve mahkemelerde ihtisasla\u015fman\u0131n sa\u011flanmas\u0131 amac\u0131yla ad\u0131mlar\u0131m\u0131z\u0131 kararl\u0131l\u0131kla at\u0131yoruz. B\u00f6lge \u0130dare Mahkemelerinin Kurulmas\u0131 ve &hellip;","og_url":"https:\/\/denizcankizil.tr\/uk\/haberler\/antalya\/3-yeni-bolge-idare-mahkemesi-kuruluyor\/","og_site_name":"Av. Deniz Can K\u0131z\u0131l","article_published_time":"2025-05-17T06:41:14+00:00","og_image":[{"width":1280,"height":720,"url":"https:\/\/denizcankizil.tr\/wp-content\/uploads\/2025\/05\/6380-01-LMsjYS.jpg","type":"image\/jpeg"}],"author":"Av. Deniz Can K\u0131z\u0131l","twitter_card":"summary_large_image","twitter_misc":{"\u041d\u0430\u043f\u0438\u0441\u0430\u043d\u043e":"Av. Deniz Can K\u0131z\u0131l","\u041f\u0440\u0438\u0431\u043b. \u0447\u0430\u0441 \u0447\u0438\u0442\u0430\u043d\u043d\u044f":"2 \u0445\u0432\u0438\u043b\u0438\u043d\u0438"},"schema":{"@context":"https:\/\/schema.org","@graph":[{"@type":"Article","@id":"https:\/\/denizcankizil.tr\/uk\/haberler\/antalya\/3-yeni-bolge-idare-mahkemesi-kuruluyor\/#article","isPartOf":{"@id":"https:\/\/denizcankizil.tr\/uk\/haberler\/antalya\/3-yeni-bolge-idare-mahkemesi-kuruluyor\/"},"author":{"name":"Av. Deniz Can K\u0131z\u0131l","@id":"https:\/\/denizcankizil.tr\/de\/#\/schema\/person\/5dc1b22991bd7ac833867c10afc9b0ff"},"headline":"3 yeni B\u00f6lge \u0130dare Mahkemesi kuruluyor","datePublished":"2025-05-17T06:41:14+00:00","mainEntityOfPage":{"@id":"https:\/\/denizcankizil.tr\/uk\/haberler\/antalya\/3-yeni-bolge-idare-mahkemesi-kuruluyor\/"},"wordCount":358,"publisher":{"@id":"https:\/\/denizcankizil.tr\/de\/#organization"},"image":{"@id":"https:\/\/denizcankizil.tr\/uk\/haberler\/antalya\/3-yeni-bolge-idare-mahkemesi-kuruluyor\/#primaryimage"},"thumbnailUrl":"https:\/\/denizcankizil.tr\/wp-content\/uploads\/2025\/05\/6380-01-LMsjYS.jpg","articleSection":["Antalya"],"inLanguage":"uk"},{"@type":"WebPage","@id":"https:\/\/denizcankizil.tr\/uk\/haberler\/antalya\/3-yeni-bolge-idare-mahkemesi-kuruluyor\/","url":"https:\/\/denizcankizil.tr\/uk\/haberler\/antalya\/3-yeni-bolge-idare-mahkemesi-kuruluyor\/","name":"3 yeni B\u00f6lge \u0130dare Mahkemesi kuruluyor - Av. Deniz Can K\u0131z\u0131l","isPartOf":{"@id":"https:\/\/denizcankizil.tr\/de\/#website"},"primaryImageOfPage":{"@id":"https:\/\/denizcankizil.tr\/uk\/haberler\/antalya\/3-yeni-bolge-idare-mahkemesi-kuruluyor\/#primaryimage"},"image":{"@id":"https:\/\/denizcankizil.tr\/uk\/haberler\/antalya\/3-yeni-bolge-idare-mahkemesi-kuruluyor\/#primaryimage"},"thumbnailUrl":"https:\/\/denizcankizil.tr\/wp-content\/uploads\/2025\/05\/6380-01-LMsjYS.jpg","datePublished":"2025-05-17T06:41:14+00:00","breadcrumb":{"@id":"https:\/\/denizcankizil.tr\/uk\/haberler\/antalya\/3-yeni-bolge-idare-mahkemesi-kuruluyor\/#breadcrumb"},"inLanguage":"uk","potentialAction":[{"@type":"ReadAction","target":["https:\/\/denizcankizil.tr\/uk\/haberler\/antalya\/3-yeni-bolge-idare-mahkemesi-kuruluyor\/"]}]},{"@type":"ImageObject","inLanguage":"uk","@id":"https:\/\/denizcankizil.tr\/uk\/haberler\/antalya\/3-yeni-bolge-idare-mahkemesi-kuruluyor\/#primaryimage","url":"https:\/\/denizcankizil.tr\/wp-content\/uploads\/2025\/05\/6380-01-LMsjYS.jpg","contentUrl":"https:\/\/denizcankizil.tr\/wp-content\/uploads\/2025\/05\/6380-01-LMsjYS.jpg","width":1280,"height":720},{"@type":"BreadcrumbList","@id":"https:\/\/denizcankizil.tr\/uk\/haberler\/antalya\/3-yeni-bolge-idare-mahkemesi-kuruluyor\/#breadcrumb","itemListElement":[{"@type":"ListItem","position":1,"name":"Home","item":"https:\/\/denizcankizil.tr\/de\/"},{"@type":"ListItem","position":2,"name":"3 yeni B\u00f6lge \u0130dare Mahkemesi kuruluyor"}]},{"@type":"WebSite","@id":"https:\/\/denizcankizil.tr\/de\/#website","url":"https:\/\/denizcankizil.tr\/de\/","name":"Av. Deniz Can K\u0131z\u0131l","description":"Avukat Deniz Can K\u0131z\u0131l Antalya Barosu","publisher":{"@id":"https:\/\/denizcankizil.tr\/de\/#organization"},"potentialAction":[{"@type":"SearchAction","target":{"@type":"EntryPoint","urlTemplate":"https:\/\/denizcankizil.tr\/de\/?s={search_term_string}"},"query-input":{"@type":"PropertyValueSpecification","valueRequired":true,"valueName":"search_term_string"}}],"inLanguage":"uk"},{"@type":"Organization","@id":"https:\/\/denizcankizil.tr\/de\/#organization","name":"Av. Deniz Can K\u0131z\u0131l","url":"https:\/\/denizcankizil.tr\/de\/","logo":{"@type":"ImageObject","inLanguage":"uk","@id":"https:\/\/denizcankizil.tr\/de\/#\/schema\/logo\/image\/","url":"https:\/\/denizcankizil.tr\/wp-content\/uploads\/2024\/10\/siyah-logo-svg.svg","contentUrl":"https:\/\/denizcankizil.tr\/wp-content\/uploads\/2024\/10\/siyah-logo-svg.svg","width":1080,"height":1080,"caption":"Av. Deniz Can K\u0131z\u0131l"},"image":{"@id":"https:\/\/denizcankizil.tr\/de\/#\/schema\/logo\/image\/"}},{"@type":"Person","@id":"https:\/\/denizcankizil.tr\/de\/#\/schema\/person\/5dc1b22991bd7ac833867c10afc9b0ff","name":"Av. Deniz Can K\u0131z\u0131l","image":{"@type":"ImageObject","inLanguage":"uk","@id":"https:\/\/denizcankizil.tr\/de\/#\/schema\/person\/image\/","url":"https:\/\/secure.gravatar.com\/avatar\/a0b128fb9855c79efc976d5640eedb31dc35ec297594d6016d2cf7c60e975bb6?s=96&d=mm&r=g","contentUrl":"https:\/\/secure.gravatar.com\/avatar\/a0b128fb9855c79efc976d5640eedb31dc35ec297594d6016d2cf7c60e975bb6?s=96&d=mm&r=g","caption":"Av. Deniz Can K\u0131z\u0131l"},"sameAs":["http:\/\/www.denizcankizil.tr"],"url":"https:\/\/denizcankizil.tr\/uk\/author\/denizcankizil\/"}]}},"_links":{"self":[{"href":"https:\/\/denizcankizil.tr\/uk\/wp-json\/wp\/v2\/posts\/89265","targetHints":{"allow":["GET"]}}],"collection":[{"href":"https:\/\/denizcankizil.tr\/uk\/wp-json\/wp\/v2\/posts"}],"about":[{"href":"https:\/\/denizcankizil.tr\/uk\/wp-json\/wp\/v2\/types\/post"}],"author":[{"embeddable":true,"href":"https:\/\/denizcankizil.tr\/uk\/wp-json\/wp\/v2\/users\/4"}],"replies":[{"embeddable":true,"href":"https:\/\/denizcankizil.tr\/uk\/wp-json\/wp\/v2\/comments?post=89265"}],"version-history":[{"count":0,"href":"https:\/\/denizcankizil.tr\/uk\/wp-json\/wp\/v2\/posts\/89265\/revisions"}],"wp:featuredmedia":[{"embeddable":true,"href":"https:\/\/denizcankizil.tr\/uk\/wp-json\/wp\/v2\/media\/89266"}],"wp:attachment":[{"href":"https:\/\/denizcankizil.tr\/uk\/wp-json\/wp\/v2\/media?parent=89265"}],"wp:term":[{"taxonomy":"category","embeddable":true,"href":"https:\/\/denizcankizil.tr\/uk\/wp-json\/wp\/v2\/categories?post=89265"},{"taxonomy":"post_tag","embeddable":true,"href":"https:\/\/denizcankizil.tr\/uk\/wp-json\/wp\/v2\/tags?post=89265"}],"curies":[{"name":"wp","href":"https:\/\/api.w.org\/{rel}","templated":true}]}}