{"id":88564,"date":"2025-05-16T16:42:08","date_gmt":"2025-05-16T13:42:08","guid":{"rendered":"https:\/\/denizcankizil.tr\/uncategorized-tr\/dikkat-hatayda-ormanlara-girisler-yasaklandi\/"},"modified":"2025-05-16T16:42:08","modified_gmt":"2025-05-16T13:42:08","slug":"dikkat-hatayda-ormanlara-girisler-yasaklandi","status":"publish","type":"post","link":"https:\/\/denizcankizil.tr\/uk\/haberler\/gundem\/dikkat-hatayda-ormanlara-girisler-yasaklandi\/","title":{"rendered":"Dikkat! Hatay\u2019da Ormanlara Giri\u015fler Yasakland\u0131\u2026"},"content":{"rendered":"<p>Bu kapsamda ormanl\u0131k alanlar\u0131n korunmas\u0131na y\u00f6nelik \u00f6nemli bir karar alan Valilik al\u0131nan bu tedbirle, yaz aylar\u0131nda olas\u0131 yang\u0131nlar\u0131n \u00f6nlenmesi ve do\u011fan\u0131n korunmas\u0131n\u0131 hedefliyor. Yetkililer, vatanda\u015flardan karara azami hassasiyet g\u00f6stermelerini isterken, yasa\u011fa uymayanlar hakk\u0131nda idari ve adli i\u015flem uygulanaca\u011f\u0131 uyar\u0131s\u0131nda bulundu.<\/p>\n<p>&#8220;ORMANLARIMIZI B\u0130RL\u0130KTE KORUYALIM&#8221; \u00c7A\u011eRISI<\/p>\n<p>Hatay Valili\u011fi, t\u00fcm vatanda\u015flara \u015fu \u00e7a\u011fr\u0131da bulundu: \u201cL\u00fctfen kurallara uyal\u0131m, ormanlar\u0131m\u0131z\u0131 birlikte koruyal\u0131m. Unutmayal\u0131m ki, tek bir k\u0131v\u0131lc\u0131m binlerce a\u011fac\u0131 yok edebilir.\u201d<\/p>\n<p>Al\u0131nan karar kapsam\u0131nda piknik, kamp, y\u00fcr\u00fcy\u00fc\u015f gibi faaliyetler de dahil olmak \u00fczere ormanl\u0131k alanlara herhangi bir sebeple girilmesi yasak olacak. Uygulaman\u0131n, ormanlar\u0131n do\u011fal dengesini korumaya y\u00f6nelik \u00f6nemli bir ad\u0131m oldu\u011fu belirtiliyor.<\/p>\n<p>\u200bArtan hava s\u0131cakl\u0131klar\u0131yla birlikte orman yang\u0131n\u0131 riski ciddi boyutlara ula\u015fmas\u0131 nedeniyle Valilik taraf\u0131ndan al\u0131nan kararla, 15 May\u0131s \u2013 30 Kas\u0131m 2025 tarihleri aras\u0131nda Hatay genelindeki t\u00fcm ormanl\u0131k alanlara giri\u015f ve \u00e7\u0131k\u0131\u015flar yasakland\u0131\u011f\u0131 a\u00e7\u0131kland\u0131.\u00a0<\/p>\n<p>\u200bHaberin Al\u0131nt\u0131land\u0131\u011f\u0131 Kaynak: www.iskenderun.org<\/p>","protected":false},"excerpt":{"rendered":"<p>Bu kapsamda ormanl\u0131k alanlar\u0131n korunmas\u0131na y\u00f6nelik \u00f6nemli bir karar alan Valilik al\u0131nan bu tedbirle, yaz aylar\u0131nda olas\u0131 yang\u0131nlar\u0131n \u00f6nlenmesi ve do\u011fan\u0131n korunmas\u0131n\u0131 hedefliyor. Yetkililer, vatanda\u015flardan karara azami hassasiyet g\u00f6stermelerini isterken, yasa\u011fa uymayanlar hakk\u0131nda idari ve adli i\u015flem uygulanaca\u011f\u0131 uyar\u0131s\u0131nda bulundu. &#8220;ORMANLARIMIZI B\u0130RL\u0130KTE KORUYALIM&#8221; \u00c7A\u011eRISI Hatay Valili\u011fi, t\u00fcm vatanda\u015flara \u015fu \u00e7a\u011fr\u0131da bulundu: \u201cL\u00fctfen kurallara uyal\u0131m, ormanlar\u0131m\u0131z\u0131 birlikte koruyal\u0131m. Unutmayal\u0131m ki, tek bir k\u0131v\u0131lc\u0131m binlerce a\u011fac\u0131 yok edebilir.\u201d Al\u0131nan karar kapsam\u0131nda piknik, kamp, y\u00fcr\u00fcy\u00fc\u015f gibi faaliyetler de dahil olmak \u00fczere ormanl\u0131k alanlara herhangi bir sebeple girilmesi yasak olacak. Uygulaman\u0131n, ormanlar\u0131n do\u011fal dengesini korumaya y\u00f6nelik \u00f6nemli bir ad\u0131m oldu\u011fu belirtiliyor. \u200bArtan hava s\u0131cakl\u0131klar\u0131yla birlikte orman yang\u0131n\u0131 riski ciddi boyutlara ula\u015fmas\u0131 nedeniyle Valilik taraf\u0131ndan al\u0131nan kararla, 15 May\u0131s \u2013 30 Kas\u0131m 2025 tarihleri aras\u0131nda Hatay genelindeki t\u00fcm ormanl\u0131k alanlara giri\u015f ve \u00e7\u0131k\u0131\u015flar yasakland\u0131\u011f\u0131 a\u00e7\u0131kland\u0131.\u00a0 \u200bHaberin Al\u0131nt\u0131land\u0131\u011f\u0131 Kaynak: www.iskenderun.org<\/p>","protected":false},"author":1,"featured_media":0,"comment_status":"","ping_status":"open","sticky":false,"template":"","format":"standard","meta":{"_acf_changed":false,"footnotes":""},"categories":[24],"tags":[],"class_list":["post-88564","post","type-post","status-publish","format-standard","has-post-thumbnail","hentry","category-gundem"],"acf":[],"yoast_head":"<!-- This site is optimized with the Yoast SEO Premium plugin v26.6 (Yoast SEO v27.1.1) - https:\/\/yoast.com\/product\/yoast-seo-premium-wordpress\/ -->\n<title>Dikkat! Hatay\u2019da Ormanlara Giri\u015fler Yasakland\u0131\u2026 - Av. Deniz Can K\u0131z\u0131l<\/title>\n<meta name=\"robots\" content=\"index, follow, max-snippet:-1, max-image-preview:large, max-video-preview:-1\" \/>\n<link rel=\"canonical\" href=\"https:\/\/denizcankizil.tr\/uk\/haberler\/gundem\/dikkat-hatayda-ormanlara-girisler-yasaklandi\/\" \/>\n<meta property=\"og:locale\" content=\"uk_UA\" \/>\n<meta property=\"og:type\" content=\"article\" \/>\n<meta property=\"og:title\" content=\"Dikkat! Hatay\u2019da Ormanlara Giri\u015fler Yasakland\u0131\u2026\" \/>\n<meta property=\"og:description\" content=\"Bu kapsamda ormanl\u0131k alanlar\u0131n korunmas\u0131na y\u00f6nelik \u00f6nemli bir karar alan Valilik al\u0131nan bu tedbirle, yaz aylar\u0131nda olas\u0131 yang\u0131nlar\u0131n \u00f6nlenmesi ve do\u011fan\u0131n korunmas\u0131n\u0131 hedefliyor. Yetkililer, vatanda\u015flardan karara azami hassasiyet g\u00f6stermelerini isterken, yasa\u011fa uymayanlar hakk\u0131nda idari ve adli i\u015flem uygulanaca\u011f\u0131 uyar\u0131s\u0131nda bulundu. &#8220;ORMANLARIMIZI B\u0130RL\u0130KTE KORUYALIM&#8221; \u00c7A\u011eRISI Hatay Valili\u011fi, t\u00fcm vatanda\u015flara \u015fu \u00e7a\u011fr\u0131da bulundu: \u201cL\u00fctfen kurallara uyal\u0131m, ormanlar\u0131m\u0131z\u0131 birlikte koruyal\u0131m. Unutmayal\u0131m ki, tek bir k\u0131v\u0131lc\u0131m binlerce a\u011fac\u0131 yok edebilir.\u201d Al\u0131nan karar kapsam\u0131nda piknik, kamp, y\u00fcr\u00fcy\u00fc\u015f gibi faaliyetler de dahil olmak \u00fczere ormanl\u0131k alanlara herhangi bir sebeple girilmesi yasak olacak. Uygulaman\u0131n, ormanlar\u0131n do\u011fal dengesini korumaya y\u00f6nelik \u00f6nemli bir ad\u0131m oldu\u011fu belirtiliyor. \u200bArtan hava s\u0131cakl\u0131klar\u0131yla birlikte orman yang\u0131n\u0131 riski ciddi boyutlara ula\u015fmas\u0131 nedeniyle Valilik taraf\u0131ndan al\u0131nan kararla, 15 May\u0131s \u2013 30 Kas\u0131m 2025 tarihleri aras\u0131nda Hatay genelindeki t\u00fcm ormanl\u0131k alanlara giri\u015f ve \u00e7\u0131k\u0131\u015flar yasakland\u0131\u011f\u0131 a\u00e7\u0131kland\u0131.\u00a0 \u200bHaberin Al\u0131nt\u0131land\u0131\u011f\u0131 Kaynak: www.iskenderun.org\" \/>\n<meta property=\"og:url\" content=\"https:\/\/denizcankizil.tr\/uk\/haberler\/gundem\/dikkat-hatayda-ormanlara-girisler-yasaklandi\/\" \/>\n<meta property=\"og:site_name\" content=\"Av. Deniz Can K\u0131z\u0131l\" \/>\n<meta property=\"article:published_time\" content=\"2025-05-16T13:42:08+00:00\" \/>\n<meta name=\"author\" content=\"admin\" \/>\n<meta name=\"twitter:card\" content=\"summary_large_image\" \/>\n<meta name=\"twitter:label1\" content=\"\u041d\u0430\u043f\u0438\u0441\u0430\u043d\u043e\" \/>\n\t<meta name=\"twitter:data1\" content=\"admin\" \/>\n\t<meta name=\"twitter:label2\" content=\"\u041f\u0440\u0438\u0431\u043b. \u0447\u0430\u0441 \u0447\u0438\u0442\u0430\u043d\u043d\u044f\" \/>\n\t<meta name=\"twitter:data2\" content=\"1 \u0445\u0432\u0438\u043b\u0438\u043d\u0430\" \/>\n<script type=\"application\/ld+json\" class=\"yoast-schema-graph\">{\"@context\":\"https:\/\/schema.org\",\"@graph\":[{\"@type\":\"Article\",\"@id\":\"https:\/\/denizcankizil.tr\/uk\/haberler\/gundem\/dikkat-hatayda-ormanlara-girisler-yasaklandi\/#article\",\"isPartOf\":{\"@id\":\"https:\/\/denizcankizil.tr\/uk\/haberler\/gundem\/dikkat-hatayda-ormanlara-girisler-yasaklandi\/\"},\"author\":{\"name\":\"admin\",\"@id\":\"https:\/\/denizcankizil.tr\/#\/schema\/person\/be3c05fe6a12686905512445d8185489\"},\"headline\":\"Dikkat! Hatay\u2019da Ormanlara Giri\u015fler Yasakland\u0131\u2026\",\"datePublished\":\"2025-05-16T13:42:08+00:00\",\"mainEntityOfPage\":{\"@id\":\"https:\/\/denizcankizil.tr\/uk\/haberler\/gundem\/dikkat-hatayda-ormanlara-girisler-yasaklandi\/\"},\"wordCount\":202,\"publisher\":{\"@id\":\"https:\/\/denizcankizil.tr\/#organization\"},\"articleSection\":[\"G\u00fcndem\"],\"inLanguage\":\"uk\"},{\"@type\":\"WebPage\",\"@id\":\"https:\/\/denizcankizil.tr\/uk\/haberler\/gundem\/dikkat-hatayda-ormanlara-girisler-yasaklandi\/\",\"url\":\"https:\/\/denizcankizil.tr\/uk\/haberler\/gundem\/dikkat-hatayda-ormanlara-girisler-yasaklandi\/\",\"name\":\"Dikkat! Hatay\u2019da Ormanlara Giri\u015fler Yasakland\u0131\u2026 - Av. Deniz Can K\u0131z\u0131l\",\"isPartOf\":{\"@id\":\"https:\/\/denizcankizil.tr\/#website\"},\"datePublished\":\"2025-05-16T13:42:08+00:00\",\"breadcrumb\":{\"@id\":\"https:\/\/denizcankizil.tr\/uk\/haberler\/gundem\/dikkat-hatayda-ormanlara-girisler-yasaklandi\/#breadcrumb\"},\"inLanguage\":\"uk\",\"potentialAction\":[{\"@type\":\"ReadAction\",\"target\":[\"https:\/\/denizcankizil.tr\/uk\/haberler\/gundem\/dikkat-hatayda-ormanlara-girisler-yasaklandi\/\"]}]},{\"@type\":\"BreadcrumbList\",\"@id\":\"https:\/\/denizcankizil.tr\/uk\/haberler\/gundem\/dikkat-hatayda-ormanlara-girisler-yasaklandi\/#breadcrumb\",\"itemListElement\":[{\"@type\":\"ListItem\",\"position\":1,\"name\":\"Home\",\"item\":\"https:\/\/denizcankizil.tr\/de\/\"},{\"@type\":\"ListItem\",\"position\":2,\"name\":\"Dikkat! Hatay\u2019da Ormanlara Giri\u015fler Yasakland\u0131\u2026\"}]},{\"@type\":\"WebSite\",\"@id\":\"https:\/\/denizcankizil.tr\/#website\",\"url\":\"https:\/\/denizcankizil.tr\/\",\"name\":\"Av. Deniz Can K\u0131z\u0131l\",\"description\":\"Avukat Deniz Can K\u0131z\u0131l Antalya Barosu\",\"publisher\":{\"@id\":\"https:\/\/denizcankizil.tr\/#organization\"},\"potentialAction\":[{\"@type\":\"SearchAction\",\"target\":{\"@type\":\"EntryPoint\",\"urlTemplate\":\"https:\/\/denizcankizil.tr\/?s={search_term_string}\"},\"query-input\":{\"@type\":\"PropertyValueSpecification\",\"valueRequired\":true,\"valueName\":\"search_term_string\"}}],\"inLanguage\":\"uk\"},{\"@type\":\"Organization\",\"@id\":\"https:\/\/denizcankizil.tr\/#organization\",\"name\":\"Av. Deniz Can K\u0131z\u0131l\",\"url\":\"https:\/\/denizcankizil.tr\/\",\"logo\":{\"@type\":\"ImageObject\",\"inLanguage\":\"uk\",\"@id\":\"https:\/\/denizcankizil.tr\/#\/schema\/logo\/image\/\",\"url\":\"https:\/\/denizcankizil.tr\/wp-content\/uploads\/2024\/10\/siyah-logo-svg.svg\",\"contentUrl\":\"https:\/\/denizcankizil.tr\/wp-content\/uploads\/2024\/10\/siyah-logo-svg.svg\",\"width\":1080,\"height\":1080,\"caption\":\"Av. Deniz Can K\u0131z\u0131l\"},\"image\":{\"@id\":\"https:\/\/denizcankizil.tr\/#\/schema\/logo\/image\/\"}},{\"@type\":\"Person\",\"@id\":\"https:\/\/denizcankizil.tr\/#\/schema\/person\/be3c05fe6a12686905512445d8185489\",\"name\":\"admin\",\"image\":{\"@type\":\"ImageObject\",\"inLanguage\":\"uk\",\"@id\":\"https:\/\/denizcankizil.tr\/#\/schema\/person\/image\/\",\"url\":\"https:\/\/secure.gravatar.com\/avatar\/c1fce94c830dc79107e174f890d7210541c4a63e8e5d816341794a2151c9d58c?s=96&d=mm&r=g\",\"contentUrl\":\"https:\/\/secure.gravatar.com\/avatar\/c1fce94c830dc79107e174f890d7210541c4a63e8e5d816341794a2151c9d58c?s=96&d=mm&r=g\",\"caption\":\"admin\"},\"sameAs\":[\"http:\/\/denizcankizil.tr\"],\"url\":\"https:\/\/www.iskenderun.org\/dikkat-hatayda-ormanlara-girisler-yasaklandi\"}]}<\/script>\n<!-- \/ Yoast SEO Premium plugin. -->","yoast_head_json":{"title":"Dikkat! Hatay\u2019da Ormanlara Giri\u015fler Yasakland\u0131\u2026 - Av. Deniz Can K\u0131z\u0131l","robots":{"index":"index","follow":"follow","max-snippet":"max-snippet:-1","max-image-preview":"max-image-preview:large","max-video-preview":"max-video-preview:-1"},"canonical":"https:\/\/denizcankizil.tr\/uk\/haberler\/gundem\/dikkat-hatayda-ormanlara-girisler-yasaklandi\/","og_locale":"uk_UA","og_type":"article","og_title":"Dikkat! Hatay\u2019da Ormanlara Giri\u015fler Yasakland\u0131\u2026","og_description":"Bu kapsamda ormanl\u0131k alanlar\u0131n korunmas\u0131na y\u00f6nelik \u00f6nemli bir karar alan Valilik al\u0131nan bu tedbirle, yaz aylar\u0131nda olas\u0131 yang\u0131nlar\u0131n \u00f6nlenmesi ve do\u011fan\u0131n korunmas\u0131n\u0131 hedefliyor. Yetkililer, vatanda\u015flardan karara azami hassasiyet g\u00f6stermelerini isterken, yasa\u011fa uymayanlar hakk\u0131nda idari ve adli i\u015flem uygulanaca\u011f\u0131 uyar\u0131s\u0131nda bulundu. &#8220;ORMANLARIMIZI B\u0130RL\u0130KTE KORUYALIM&#8221; \u00c7A\u011eRISI Hatay Valili\u011fi, t\u00fcm vatanda\u015flara \u015fu \u00e7a\u011fr\u0131da bulundu: \u201cL\u00fctfen kurallara uyal\u0131m, ormanlar\u0131m\u0131z\u0131 birlikte koruyal\u0131m. Unutmayal\u0131m ki, tek bir k\u0131v\u0131lc\u0131m binlerce a\u011fac\u0131 yok edebilir.\u201d Al\u0131nan karar kapsam\u0131nda piknik, kamp, y\u00fcr\u00fcy\u00fc\u015f gibi faaliyetler de dahil olmak \u00fczere ormanl\u0131k alanlara herhangi bir sebeple girilmesi yasak olacak. Uygulaman\u0131n, ormanlar\u0131n do\u011fal dengesini korumaya y\u00f6nelik \u00f6nemli bir ad\u0131m oldu\u011fu belirtiliyor. \u200bArtan hava s\u0131cakl\u0131klar\u0131yla birlikte orman yang\u0131n\u0131 riski ciddi boyutlara ula\u015fmas\u0131 nedeniyle Valilik taraf\u0131ndan al\u0131nan kararla, 15 May\u0131s \u2013 30 Kas\u0131m 2025 tarihleri aras\u0131nda Hatay genelindeki t\u00fcm ormanl\u0131k alanlara giri\u015f ve \u00e7\u0131k\u0131\u015flar yasakland\u0131\u011f\u0131 a\u00e7\u0131kland\u0131.\u00a0 \u200bHaberin Al\u0131nt\u0131land\u0131\u011f\u0131 Kaynak: www.iskenderun.org","og_url":"https:\/\/denizcankizil.tr\/uk\/haberler\/gundem\/dikkat-hatayda-ormanlara-girisler-yasaklandi\/","og_site_name":"Av. Deniz Can K\u0131z\u0131l","article_published_time":"2025-05-16T13:42:08+00:00","author":"admin","twitter_card":"summary_large_image","twitter_misc":{"\u041d\u0430\u043f\u0438\u0441\u0430\u043d\u043e":"admin","\u041f\u0440\u0438\u0431\u043b. \u0447\u0430\u0441 \u0447\u0438\u0442\u0430\u043d\u043d\u044f":"1 \u0445\u0432\u0438\u043b\u0438\u043d\u0430"},"schema":{"@context":"https:\/\/schema.org","@graph":[{"@type":"Article","@id":"https:\/\/denizcankizil.tr\/uk\/haberler\/gundem\/dikkat-hatayda-ormanlara-girisler-yasaklandi\/#article","isPartOf":{"@id":"https:\/\/denizcankizil.tr\/uk\/haberler\/gundem\/dikkat-hatayda-ormanlara-girisler-yasaklandi\/"},"author":{"name":"admin","@id":"https:\/\/denizcankizil.tr\/#\/schema\/person\/be3c05fe6a12686905512445d8185489"},"headline":"Dikkat! Hatay\u2019da Ormanlara Giri\u015fler Yasakland\u0131\u2026","datePublished":"2025-05-16T13:42:08+00:00","mainEntityOfPage":{"@id":"https:\/\/denizcankizil.tr\/uk\/haberler\/gundem\/dikkat-hatayda-ormanlara-girisler-yasaklandi\/"},"wordCount":202,"publisher":{"@id":"https:\/\/denizcankizil.tr\/#organization"},"articleSection":["G\u00fcndem"],"inLanguage":"uk"},{"@type":"WebPage","@id":"https:\/\/denizcankizil.tr\/uk\/haberler\/gundem\/dikkat-hatayda-ormanlara-girisler-yasaklandi\/","url":"https:\/\/denizcankizil.tr\/uk\/haberler\/gundem\/dikkat-hatayda-ormanlara-girisler-yasaklandi\/","name":"Dikkat! Hatay\u2019da Ormanlara Giri\u015fler Yasakland\u0131\u2026 - Av. Deniz Can K\u0131z\u0131l","isPartOf":{"@id":"https:\/\/denizcankizil.tr\/#website"},"datePublished":"2025-05-16T13:42:08+00:00","breadcrumb":{"@id":"https:\/\/denizcankizil.tr\/uk\/haberler\/gundem\/dikkat-hatayda-ormanlara-girisler-yasaklandi\/#breadcrumb"},"inLanguage":"uk","potentialAction":[{"@type":"ReadAction","target":["https:\/\/denizcankizil.tr\/uk\/haberler\/gundem\/dikkat-hatayda-ormanlara-girisler-yasaklandi\/"]}]},{"@type":"BreadcrumbList","@id":"https:\/\/denizcankizil.tr\/uk\/haberler\/gundem\/dikkat-hatayda-ormanlara-girisler-yasaklandi\/#breadcrumb","itemListElement":[{"@type":"ListItem","position":1,"name":"Home","item":"https:\/\/denizcankizil.tr\/de\/"},{"@type":"ListItem","position":2,"name":"Dikkat! Hatay\u2019da Ormanlara Giri\u015fler Yasakland\u0131\u2026"}]},{"@type":"WebSite","@id":"https:\/\/denizcankizil.tr\/#website","url":"https:\/\/denizcankizil.tr\/","name":"Av. Deniz Can K\u0131z\u0131l","description":"Avukat Deniz Can K\u0131z\u0131l Antalya Barosu","publisher":{"@id":"https:\/\/denizcankizil.tr\/#organization"},"potentialAction":[{"@type":"SearchAction","target":{"@type":"EntryPoint","urlTemplate":"https:\/\/denizcankizil.tr\/?s={search_term_string}"},"query-input":{"@type":"PropertyValueSpecification","valueRequired":true,"valueName":"search_term_string"}}],"inLanguage":"uk"},{"@type":"Organization","@id":"https:\/\/denizcankizil.tr\/#organization","name":"Av. Deniz Can K\u0131z\u0131l","url":"https:\/\/denizcankizil.tr\/","logo":{"@type":"ImageObject","inLanguage":"uk","@id":"https:\/\/denizcankizil.tr\/#\/schema\/logo\/image\/","url":"https:\/\/denizcankizil.tr\/wp-content\/uploads\/2024\/10\/siyah-logo-svg.svg","contentUrl":"https:\/\/denizcankizil.tr\/wp-content\/uploads\/2024\/10\/siyah-logo-svg.svg","width":1080,"height":1080,"caption":"Av. Deniz Can K\u0131z\u0131l"},"image":{"@id":"https:\/\/denizcankizil.tr\/#\/schema\/logo\/image\/"}},{"@type":"Person","@id":"https:\/\/denizcankizil.tr\/#\/schema\/person\/be3c05fe6a12686905512445d8185489","name":"\u0430\u0434\u043c\u0456\u043d","image":{"@type":"ImageObject","inLanguage":"uk","@id":"https:\/\/denizcankizil.tr\/#\/schema\/person\/image\/","url":"https:\/\/secure.gravatar.com\/avatar\/c1fce94c830dc79107e174f890d7210541c4a63e8e5d816341794a2151c9d58c?s=96&d=mm&r=g","contentUrl":"https:\/\/secure.gravatar.com\/avatar\/c1fce94c830dc79107e174f890d7210541c4a63e8e5d816341794a2151c9d58c?s=96&d=mm&r=g","caption":"admin"},"sameAs":["http:\/\/denizcankizil.tr"],"url":"https:\/\/www.iskenderun.org\/dikkat-hatayda-ormanlara-girisler-yasaklandi"}]}},"_links":{"self":[{"href":"https:\/\/denizcankizil.tr\/uk\/wp-json\/wp\/v2\/posts\/88564","targetHints":{"allow":["GET"]}}],"collection":[{"href":"https:\/\/denizcankizil.tr\/uk\/wp-json\/wp\/v2\/posts"}],"about":[{"href":"https:\/\/denizcankizil.tr\/uk\/wp-json\/wp\/v2\/types\/post"}],"author":[{"embeddable":true,"href":"https:\/\/denizcankizil.tr\/uk\/wp-json\/wp\/v2\/users\/1"}],"replies":[{"embeddable":true,"href":"https:\/\/denizcankizil.tr\/uk\/wp-json\/wp\/v2\/comments?post=88564"}],"version-history":[{"count":0,"href":"https:\/\/denizcankizil.tr\/uk\/wp-json\/wp\/v2\/posts\/88564\/revisions"}],"wp:attachment":[{"href":"https:\/\/denizcankizil.tr\/uk\/wp-json\/wp\/v2\/media?parent=88564"}],"wp:term":[{"taxonomy":"category","embeddable":true,"href":"https:\/\/denizcankizil.tr\/uk\/wp-json\/wp\/v2\/categories?post=88564"},{"taxonomy":"post_tag","embeddable":true,"href":"https:\/\/denizcankizil.tr\/uk\/wp-json\/wp\/v2\/tags?post=88564"}],"curies":[{"name":"wp","href":"https:\/\/api.w.org\/{rel}","templated":true}]}}