{"id":87530,"date":"2025-05-15T17:53:13","date_gmt":"2025-05-15T14:53:13","guid":{"rendered":"https:\/\/denizcankizil.tr\/uncategorized-tr\/isitme-engelliler-derneginden-gunese-plaket\/"},"modified":"2025-05-15T17:53:13","modified_gmt":"2025-05-15T14:53:13","slug":"isitme-engelliler-derneginden-gunese-plaket","status":"publish","type":"post","link":"https:\/\/denizcankizil.tr\/uk\/haberler\/gundem\/isitme-engelliler-derneginden-gunese-plaket\/","title":{"rendered":"\u0130\u015fitme Engelliler Derne\u011fi\u2019nden G\u00fcne\u015f\u2019e plaket\u2026"},"content":{"rendered":"<p>Ziyaret s\u0131ras\u0131nda Dernek Ba\u015fkan\u0131 Mehmet \u00c7\u00f6rt\u00fck, Emniyet M\u00fcd\u00fcr\u00fc\u2019ne toplumsal duyarl\u0131l\u0131\u011f\u0131 ve engelli vatanda\u015flara y\u00f6nelik hassasiyetinden \u00f6t\u00fcr\u00fc bir plaket takdim etti.<\/p>\n<p>\u00c7\u00f6rt\u00fck, \u201cSay\u0131n Emniyet M\u00fcd\u00fcr\u00fcm\u00fcz, sadece g\u00fcvenli\u011fi sa\u011flamakla kalmay\u0131p, toplumun t\u00fcm kesimleriyle kurdu\u011fu s\u0131cak ve yap\u0131c\u0131 ili\u015fkilerle bizlere her zaman destek oldu. Kendisine derne\u011fimiz ve \u00fcyelerimiz ad\u0131na te\u015fekk\u00fcr ediyoruz.\u201d<\/p>\n<p>Emniyet M\u00fcd\u00fcr\u00fc de ziyaretten duydu\u011fu memnuniyeti dile getirerek, engelli bireylerin her zaman yanlar\u0131nda olduklar\u0131n\u0131 ve toplumsal dayan\u0131\u015fman\u0131n \u00f6nemine inand\u0131klar\u0131n\u0131 ifade etti.<\/p>\n<p>Ziyaret, kar\u015f\u0131l\u0131kl\u0131 iyi dileklerin iletilmesinin ard\u0131ndan hat\u0131ra foto\u011fraf\u0131 \u00e7ekilmesiyle sona erdi.<\/p>\n<p>\u200b\u0130skenderun \u0130\u015fitme Engelliler Derne\u011fi Ba\u015fkan\u0131 Mehmet \u00c7\u00f6rt\u00fck ve dernek y\u00f6netim kurulu \u00fcyelerinden olu\u015fan heyet, \u0130skenderun \u0130l\u00e7e Emniyet M\u00fcd\u00fcr\u00fc\u2019n\u00fc ziyaret ederek, il\u00e7eye sundu\u011fu hizmetler ve engelli bireylere verdi\u011fi desteklerden dolay\u0131 te\u015fekk\u00fcr etti.\u00a0<\/p>\n<p>\u200bHaberin Al\u0131nt\u0131land\u0131\u011f\u0131 Kaynak: www.iskenderun.org<\/p>","protected":false},"excerpt":{"rendered":"<p>Ziyaret s\u0131ras\u0131nda Dernek Ba\u015fkan\u0131 Mehmet \u00c7\u00f6rt\u00fck, Emniyet M\u00fcd\u00fcr\u00fc\u2019ne toplumsal duyarl\u0131l\u0131\u011f\u0131 ve engelli vatanda\u015flara y\u00f6nelik hassasiyetinden \u00f6t\u00fcr\u00fc bir plaket takdim etti. \u00c7\u00f6rt\u00fck, \u201cSay\u0131n Emniyet M\u00fcd\u00fcr\u00fcm\u00fcz, sadece g\u00fcvenli\u011fi sa\u011flamakla kalmay\u0131p, toplumun t\u00fcm kesimleriyle kurdu\u011fu s\u0131cak ve yap\u0131c\u0131 ili\u015fkilerle bizlere her zaman destek oldu. Kendisine derne\u011fimiz ve \u00fcyelerimiz ad\u0131na te\u015fekk\u00fcr ediyoruz.\u201d Emniyet M\u00fcd\u00fcr\u00fc de ziyaretten duydu\u011fu memnuniyeti dile getirerek, engelli bireylerin her zaman yanlar\u0131nda olduklar\u0131n\u0131 ve toplumsal dayan\u0131\u015fman\u0131n \u00f6nemine inand\u0131klar\u0131n\u0131 ifade etti. Ziyaret, kar\u015f\u0131l\u0131kl\u0131 iyi dileklerin iletilmesinin ard\u0131ndan hat\u0131ra foto\u011fraf\u0131 \u00e7ekilmesiyle sona erdi. \u200b\u0130skenderun \u0130\u015fitme Engelliler Derne\u011fi Ba\u015fkan\u0131 Mehmet \u00c7\u00f6rt\u00fck ve dernek y\u00f6netim kurulu \u00fcyelerinden olu\u015fan heyet, \u0130skenderun \u0130l\u00e7e Emniyet M\u00fcd\u00fcr\u00fc\u2019n\u00fc ziyaret ederek, il\u00e7eye sundu\u011fu hizmetler ve engelli bireylere verdi\u011fi desteklerden dolay\u0131 te\u015fekk\u00fcr etti.\u00a0 \u200bHaberin Al\u0131nt\u0131land\u0131\u011f\u0131 Kaynak: www.iskenderun.org<\/p>","protected":false},"author":1,"featured_media":0,"comment_status":"","ping_status":"open","sticky":false,"template":"","format":"standard","meta":{"_acf_changed":false,"footnotes":""},"categories":[24],"tags":[],"class_list":["post-87530","post","type-post","status-publish","format-standard","has-post-thumbnail","hentry","category-gundem"],"acf":[],"yoast_head":"<!-- This site is optimized with the Yoast SEO Premium plugin v26.6 (Yoast SEO v27.1.1) - https:\/\/yoast.com\/product\/yoast-seo-premium-wordpress\/ -->\n<title>\u0130\u015fitme Engelliler Derne\u011fi\u2019nden G\u00fcne\u015f\u2019e plaket\u2026 - Av. Deniz Can K\u0131z\u0131l<\/title>\n<meta name=\"robots\" content=\"index, follow, max-snippet:-1, max-image-preview:large, max-video-preview:-1\" \/>\n<link rel=\"canonical\" href=\"https:\/\/denizcankizil.tr\/uk\/haberler\/gundem\/isitme-engelliler-derneginden-gunese-plaket\/\" \/>\n<meta property=\"og:locale\" content=\"uk_UA\" \/>\n<meta property=\"og:type\" content=\"article\" \/>\n<meta property=\"og:title\" content=\"\u0130\u015fitme Engelliler Derne\u011fi\u2019nden G\u00fcne\u015f\u2019e plaket\u2026\" \/>\n<meta property=\"og:description\" content=\"Ziyaret s\u0131ras\u0131nda Dernek Ba\u015fkan\u0131 Mehmet \u00c7\u00f6rt\u00fck, Emniyet M\u00fcd\u00fcr\u00fc\u2019ne toplumsal duyarl\u0131l\u0131\u011f\u0131 ve engelli vatanda\u015flara y\u00f6nelik hassasiyetinden \u00f6t\u00fcr\u00fc bir plaket takdim etti. \u00c7\u00f6rt\u00fck, \u201cSay\u0131n Emniyet M\u00fcd\u00fcr\u00fcm\u00fcz, sadece g\u00fcvenli\u011fi sa\u011flamakla kalmay\u0131p, toplumun t\u00fcm kesimleriyle kurdu\u011fu s\u0131cak ve yap\u0131c\u0131 ili\u015fkilerle bizlere her zaman destek oldu. Kendisine derne\u011fimiz ve \u00fcyelerimiz ad\u0131na te\u015fekk\u00fcr ediyoruz.\u201d Emniyet M\u00fcd\u00fcr\u00fc de ziyaretten duydu\u011fu memnuniyeti dile getirerek, engelli bireylerin her zaman yanlar\u0131nda olduklar\u0131n\u0131 ve toplumsal dayan\u0131\u015fman\u0131n \u00f6nemine inand\u0131klar\u0131n\u0131 ifade etti. Ziyaret, kar\u015f\u0131l\u0131kl\u0131 iyi dileklerin iletilmesinin ard\u0131ndan hat\u0131ra foto\u011fraf\u0131 \u00e7ekilmesiyle sona erdi. \u200b\u0130skenderun \u0130\u015fitme Engelliler Derne\u011fi Ba\u015fkan\u0131 Mehmet \u00c7\u00f6rt\u00fck ve dernek y\u00f6netim kurulu \u00fcyelerinden olu\u015fan heyet, \u0130skenderun \u0130l\u00e7e Emniyet M\u00fcd\u00fcr\u00fc\u2019n\u00fc ziyaret ederek, il\u00e7eye sundu\u011fu hizmetler ve engelli bireylere verdi\u011fi desteklerden dolay\u0131 te\u015fekk\u00fcr etti.\u00a0 \u200bHaberin Al\u0131nt\u0131land\u0131\u011f\u0131 Kaynak: www.iskenderun.org\" \/>\n<meta property=\"og:url\" content=\"https:\/\/denizcankizil.tr\/uk\/haberler\/gundem\/isitme-engelliler-derneginden-gunese-plaket\/\" \/>\n<meta property=\"og:site_name\" content=\"Av. Deniz Can K\u0131z\u0131l\" \/>\n<meta property=\"article:published_time\" content=\"2025-05-15T14:53:13+00:00\" \/>\n<meta name=\"author\" content=\"admin\" \/>\n<meta name=\"twitter:card\" content=\"summary_large_image\" \/>\n<meta name=\"twitter:label1\" content=\"\u041d\u0430\u043f\u0438\u0441\u0430\u043d\u043e\" \/>\n\t<meta name=\"twitter:data1\" content=\"admin\" \/>\n\t<meta name=\"twitter:label2\" content=\"\u041f\u0440\u0438\u0431\u043b. \u0447\u0430\u0441 \u0447\u0438\u0442\u0430\u043d\u043d\u044f\" \/>\n\t<meta name=\"twitter:data2\" content=\"1 \u0445\u0432\u0438\u043b\u0438\u043d\u0430\" \/>\n<script type=\"application\/ld+json\" class=\"yoast-schema-graph\">{\"@context\":\"https:\/\/schema.org\",\"@graph\":[{\"@type\":\"Article\",\"@id\":\"https:\/\/denizcankizil.tr\/ru\/haberler\/gundem\/isitme-engelliler-derneginden-gunese-plaket\/#article\",\"isPartOf\":{\"@id\":\"https:\/\/denizcankizil.tr\/ru\/haberler\/gundem\/isitme-engelliler-derneginden-gunese-plaket\/\"},\"author\":{\"name\":\"admin\",\"@id\":\"https:\/\/denizcankizil.tr\/de\/#\/schema\/person\/be3c05fe6a12686905512445d8185489\"},\"headline\":\"\u0130\u015fitme Engelliler Derne\u011fi\u2019nden G\u00fcne\u015f\u2019e plaket\u2026\",\"datePublished\":\"2025-05-15T14:53:13+00:00\",\"mainEntityOfPage\":{\"@id\":\"https:\/\/denizcankizil.tr\/ru\/haberler\/gundem\/isitme-engelliler-derneginden-gunese-plaket\/\"},\"wordCount\":186,\"publisher\":{\"@id\":\"https:\/\/denizcankizil.tr\/de\/#organization\"},\"articleSection\":[\"G\u00fcndem\"],\"inLanguage\":\"uk\"},{\"@type\":\"WebPage\",\"@id\":\"https:\/\/denizcankizil.tr\/ru\/haberler\/gundem\/isitme-engelliler-derneginden-gunese-plaket\/\",\"url\":\"https:\/\/denizcankizil.tr\/ru\/haberler\/gundem\/isitme-engelliler-derneginden-gunese-plaket\/\",\"name\":\"\u0130\u015fitme Engelliler Derne\u011fi\u2019nden G\u00fcne\u015f\u2019e plaket\u2026 - Av. Deniz Can K\u0131z\u0131l\",\"isPartOf\":{\"@id\":\"https:\/\/denizcankizil.tr\/de\/#website\"},\"datePublished\":\"2025-05-15T14:53:13+00:00\",\"breadcrumb\":{\"@id\":\"https:\/\/denizcankizil.tr\/ru\/haberler\/gundem\/isitme-engelliler-derneginden-gunese-plaket\/#breadcrumb\"},\"inLanguage\":\"uk\",\"potentialAction\":[{\"@type\":\"ReadAction\",\"target\":[\"https:\/\/denizcankizil.tr\/ru\/haberler\/gundem\/isitme-engelliler-derneginden-gunese-plaket\/\"]}]},{\"@type\":\"BreadcrumbList\",\"@id\":\"https:\/\/denizcankizil.tr\/ru\/haberler\/gundem\/isitme-engelliler-derneginden-gunese-plaket\/#breadcrumb\",\"itemListElement\":[{\"@type\":\"ListItem\",\"position\":1,\"name\":\"Home\",\"item\":\"https:\/\/denizcankizil.tr\/de\/\"},{\"@type\":\"ListItem\",\"position\":2,\"name\":\"\u0130\u015fitme Engelliler Derne\u011fi\u2019nden G\u00fcne\u015f\u2019e plaket\u2026\"}]},{\"@type\":\"WebSite\",\"@id\":\"https:\/\/denizcankizil.tr\/de\/#website\",\"url\":\"https:\/\/denizcankizil.tr\/de\/\",\"name\":\"Av. Deniz Can K\u0131z\u0131l\",\"description\":\"Avukat Deniz Can K\u0131z\u0131l Antalya Barosu\",\"publisher\":{\"@id\":\"https:\/\/denizcankizil.tr\/de\/#organization\"},\"potentialAction\":[{\"@type\":\"SearchAction\",\"target\":{\"@type\":\"EntryPoint\",\"urlTemplate\":\"https:\/\/denizcankizil.tr\/de\/?s={search_term_string}\"},\"query-input\":{\"@type\":\"PropertyValueSpecification\",\"valueRequired\":true,\"valueName\":\"search_term_string\"}}],\"inLanguage\":\"uk\"},{\"@type\":\"Organization\",\"@id\":\"https:\/\/denizcankizil.tr\/de\/#organization\",\"name\":\"Av. Deniz Can K\u0131z\u0131l\",\"url\":\"https:\/\/denizcankizil.tr\/de\/\",\"logo\":{\"@type\":\"ImageObject\",\"inLanguage\":\"uk\",\"@id\":\"https:\/\/denizcankizil.tr\/de\/#\/schema\/logo\/image\/\",\"url\":\"https:\/\/denizcankizil.tr\/wp-content\/uploads\/2024\/10\/siyah-logo-svg.svg\",\"contentUrl\":\"https:\/\/denizcankizil.tr\/wp-content\/uploads\/2024\/10\/siyah-logo-svg.svg\",\"width\":1080,\"height\":1080,\"caption\":\"Av. Deniz Can K\u0131z\u0131l\"},\"image\":{\"@id\":\"https:\/\/denizcankizil.tr\/de\/#\/schema\/logo\/image\/\"}},{\"@type\":\"Person\",\"@id\":\"https:\/\/denizcankizil.tr\/de\/#\/schema\/person\/be3c05fe6a12686905512445d8185489\",\"name\":\"admin\",\"image\":{\"@type\":\"ImageObject\",\"inLanguage\":\"uk\",\"@id\":\"https:\/\/denizcankizil.tr\/de\/#\/schema\/person\/image\/\",\"url\":\"https:\/\/secure.gravatar.com\/avatar\/c1fce94c830dc79107e174f890d7210541c4a63e8e5d816341794a2151c9d58c?s=96&d=mm&r=g\",\"contentUrl\":\"https:\/\/secure.gravatar.com\/avatar\/c1fce94c830dc79107e174f890d7210541c4a63e8e5d816341794a2151c9d58c?s=96&d=mm&r=g\",\"caption\":\"admin\"},\"sameAs\":[\"http:\/\/denizcankizil.tr\"],\"url\":\"https:\/\/www.iskenderun.org\/isitme-engelliler-derneginden-gunese-plaket\"}]}<\/script>\n<!-- \/ Yoast SEO Premium plugin. -->","yoast_head_json":{"title":"\u0130\u015fitme Engelliler Derne\u011fi\u2019nden G\u00fcne\u015f\u2019e plaket\u2026 - Av. Deniz Can K\u0131z\u0131l","robots":{"index":"index","follow":"follow","max-snippet":"max-snippet:-1","max-image-preview":"max-image-preview:large","max-video-preview":"max-video-preview:-1"},"canonical":"https:\/\/denizcankizil.tr\/uk\/haberler\/gundem\/isitme-engelliler-derneginden-gunese-plaket\/","og_locale":"uk_UA","og_type":"article","og_title":"\u0130\u015fitme Engelliler Derne\u011fi\u2019nden G\u00fcne\u015f\u2019e plaket\u2026","og_description":"Ziyaret s\u0131ras\u0131nda Dernek Ba\u015fkan\u0131 Mehmet \u00c7\u00f6rt\u00fck, Emniyet M\u00fcd\u00fcr\u00fc\u2019ne toplumsal duyarl\u0131l\u0131\u011f\u0131 ve engelli vatanda\u015flara y\u00f6nelik hassasiyetinden \u00f6t\u00fcr\u00fc bir plaket takdim etti. \u00c7\u00f6rt\u00fck, \u201cSay\u0131n Emniyet M\u00fcd\u00fcr\u00fcm\u00fcz, sadece g\u00fcvenli\u011fi sa\u011flamakla kalmay\u0131p, toplumun t\u00fcm kesimleriyle kurdu\u011fu s\u0131cak ve yap\u0131c\u0131 ili\u015fkilerle bizlere her zaman destek oldu. Kendisine derne\u011fimiz ve \u00fcyelerimiz ad\u0131na te\u015fekk\u00fcr ediyoruz.\u201d Emniyet M\u00fcd\u00fcr\u00fc de ziyaretten duydu\u011fu memnuniyeti dile getirerek, engelli bireylerin her zaman yanlar\u0131nda olduklar\u0131n\u0131 ve toplumsal dayan\u0131\u015fman\u0131n \u00f6nemine inand\u0131klar\u0131n\u0131 ifade etti. Ziyaret, kar\u015f\u0131l\u0131kl\u0131 iyi dileklerin iletilmesinin ard\u0131ndan hat\u0131ra foto\u011fraf\u0131 \u00e7ekilmesiyle sona erdi. \u200b\u0130skenderun \u0130\u015fitme Engelliler Derne\u011fi Ba\u015fkan\u0131 Mehmet \u00c7\u00f6rt\u00fck ve dernek y\u00f6netim kurulu \u00fcyelerinden olu\u015fan heyet, \u0130skenderun \u0130l\u00e7e Emniyet M\u00fcd\u00fcr\u00fc\u2019n\u00fc ziyaret ederek, il\u00e7eye sundu\u011fu hizmetler ve engelli bireylere verdi\u011fi desteklerden dolay\u0131 te\u015fekk\u00fcr etti.\u00a0 \u200bHaberin Al\u0131nt\u0131land\u0131\u011f\u0131 Kaynak: www.iskenderun.org","og_url":"https:\/\/denizcankizil.tr\/uk\/haberler\/gundem\/isitme-engelliler-derneginden-gunese-plaket\/","og_site_name":"Av. Deniz Can K\u0131z\u0131l","article_published_time":"2025-05-15T14:53:13+00:00","author":"admin","twitter_card":"summary_large_image","twitter_misc":{"\u041d\u0430\u043f\u0438\u0441\u0430\u043d\u043e":"admin","\u041f\u0440\u0438\u0431\u043b. \u0447\u0430\u0441 \u0447\u0438\u0442\u0430\u043d\u043d\u044f":"1 \u0445\u0432\u0438\u043b\u0438\u043d\u0430"},"schema":{"@context":"https:\/\/schema.org","@graph":[{"@type":"Article","@id":"https:\/\/denizcankizil.tr\/ru\/haberler\/gundem\/isitme-engelliler-derneginden-gunese-plaket\/#article","isPartOf":{"@id":"https:\/\/denizcankizil.tr\/ru\/haberler\/gundem\/isitme-engelliler-derneginden-gunese-plaket\/"},"author":{"name":"admin","@id":"https:\/\/denizcankizil.tr\/de\/#\/schema\/person\/be3c05fe6a12686905512445d8185489"},"headline":"\u0130\u015fitme Engelliler Derne\u011fi\u2019nden G\u00fcne\u015f\u2019e plaket\u2026","datePublished":"2025-05-15T14:53:13+00:00","mainEntityOfPage":{"@id":"https:\/\/denizcankizil.tr\/ru\/haberler\/gundem\/isitme-engelliler-derneginden-gunese-plaket\/"},"wordCount":186,"publisher":{"@id":"https:\/\/denizcankizil.tr\/de\/#organization"},"articleSection":["G\u00fcndem"],"inLanguage":"uk"},{"@type":"WebPage","@id":"https:\/\/denizcankizil.tr\/ru\/haberler\/gundem\/isitme-engelliler-derneginden-gunese-plaket\/","url":"https:\/\/denizcankizil.tr\/ru\/haberler\/gundem\/isitme-engelliler-derneginden-gunese-plaket\/","name":"\u0130\u015fitme Engelliler Derne\u011fi\u2019nden G\u00fcne\u015f\u2019e plaket\u2026 - Av. Deniz Can K\u0131z\u0131l","isPartOf":{"@id":"https:\/\/denizcankizil.tr\/de\/#website"},"datePublished":"2025-05-15T14:53:13+00:00","breadcrumb":{"@id":"https:\/\/denizcankizil.tr\/ru\/haberler\/gundem\/isitme-engelliler-derneginden-gunese-plaket\/#breadcrumb"},"inLanguage":"uk","potentialAction":[{"@type":"ReadAction","target":["https:\/\/denizcankizil.tr\/ru\/haberler\/gundem\/isitme-engelliler-derneginden-gunese-plaket\/"]}]},{"@type":"BreadcrumbList","@id":"https:\/\/denizcankizil.tr\/ru\/haberler\/gundem\/isitme-engelliler-derneginden-gunese-plaket\/#breadcrumb","itemListElement":[{"@type":"ListItem","position":1,"name":"Home","item":"https:\/\/denizcankizil.tr\/de\/"},{"@type":"ListItem","position":2,"name":"\u0130\u015fitme Engelliler Derne\u011fi\u2019nden G\u00fcne\u015f\u2019e plaket\u2026"}]},{"@type":"WebSite","@id":"https:\/\/denizcankizil.tr\/de\/#website","url":"https:\/\/denizcankizil.tr\/de\/","name":"Av. Deniz Can K\u0131z\u0131l","description":"Avukat Deniz Can K\u0131z\u0131l Antalya Barosu","publisher":{"@id":"https:\/\/denizcankizil.tr\/de\/#organization"},"potentialAction":[{"@type":"SearchAction","target":{"@type":"EntryPoint","urlTemplate":"https:\/\/denizcankizil.tr\/de\/?s={search_term_string}"},"query-input":{"@type":"PropertyValueSpecification","valueRequired":true,"valueName":"search_term_string"}}],"inLanguage":"uk"},{"@type":"Organization","@id":"https:\/\/denizcankizil.tr\/de\/#organization","name":"Av. Deniz Can K\u0131z\u0131l","url":"https:\/\/denizcankizil.tr\/de\/","logo":{"@type":"ImageObject","inLanguage":"uk","@id":"https:\/\/denizcankizil.tr\/de\/#\/schema\/logo\/image\/","url":"https:\/\/denizcankizil.tr\/wp-content\/uploads\/2024\/10\/siyah-logo-svg.svg","contentUrl":"https:\/\/denizcankizil.tr\/wp-content\/uploads\/2024\/10\/siyah-logo-svg.svg","width":1080,"height":1080,"caption":"Av. Deniz Can K\u0131z\u0131l"},"image":{"@id":"https:\/\/denizcankizil.tr\/de\/#\/schema\/logo\/image\/"}},{"@type":"Person","@id":"https:\/\/denizcankizil.tr\/de\/#\/schema\/person\/be3c05fe6a12686905512445d8185489","name":"\u0430\u0434\u043c\u0456\u043d","image":{"@type":"ImageObject","inLanguage":"uk","@id":"https:\/\/denizcankizil.tr\/de\/#\/schema\/person\/image\/","url":"https:\/\/secure.gravatar.com\/avatar\/c1fce94c830dc79107e174f890d7210541c4a63e8e5d816341794a2151c9d58c?s=96&d=mm&r=g","contentUrl":"https:\/\/secure.gravatar.com\/avatar\/c1fce94c830dc79107e174f890d7210541c4a63e8e5d816341794a2151c9d58c?s=96&d=mm&r=g","caption":"admin"},"sameAs":["http:\/\/denizcankizil.tr"],"url":"https:\/\/www.iskenderun.org\/isitme-engelliler-derneginden-gunese-plaket"}]}},"_links":{"self":[{"href":"https:\/\/denizcankizil.tr\/uk\/wp-json\/wp\/v2\/posts\/87530","targetHints":{"allow":["GET"]}}],"collection":[{"href":"https:\/\/denizcankizil.tr\/uk\/wp-json\/wp\/v2\/posts"}],"about":[{"href":"https:\/\/denizcankizil.tr\/uk\/wp-json\/wp\/v2\/types\/post"}],"author":[{"embeddable":true,"href":"https:\/\/denizcankizil.tr\/uk\/wp-json\/wp\/v2\/users\/1"}],"replies":[{"embeddable":true,"href":"https:\/\/denizcankizil.tr\/uk\/wp-json\/wp\/v2\/comments?post=87530"}],"version-history":[{"count":0,"href":"https:\/\/denizcankizil.tr\/uk\/wp-json\/wp\/v2\/posts\/87530\/revisions"}],"wp:attachment":[{"href":"https:\/\/denizcankizil.tr\/uk\/wp-json\/wp\/v2\/media?parent=87530"}],"wp:term":[{"taxonomy":"category","embeddable":true,"href":"https:\/\/denizcankizil.tr\/uk\/wp-json\/wp\/v2\/categories?post=87530"},{"taxonomy":"post_tag","embeddable":true,"href":"https:\/\/denizcankizil.tr\/uk\/wp-json\/wp\/v2\/tags?post=87530"}],"curies":[{"name":"wp","href":"https:\/\/api.w.org\/{rel}","templated":true}]}}