{"id":87485,"date":"2025-05-15T17:52:20","date_gmt":"2025-05-15T14:52:20","guid":{"rendered":"https:\/\/denizcankizil.tr\/uncategorized-tr\/egenin-incisi-bodrumda-insaat-yasaklari-basladi\/"},"modified":"2025-05-15T17:52:20","modified_gmt":"2025-05-15T14:52:20","slug":"egenin-incisi-bodrumda-insaat-yasaklari-basladi","status":"publish","type":"post","link":"https:\/\/denizcankizil.tr\/uk\/haberler\/gundem\/egenin-incisi-bodrumda-insaat-yasaklari-basladi\/","title":{"rendered":"Ege\u2019nin incisi Bodrum\u2019da in\u015faat yasaklar\u0131 ba\u015flad\u0131"},"content":{"rendered":"<p>D\u00fcnyan\u0131n \u00f6nemli turizm destinasyonlar\u0131ndan Bodrum\u2019da 15 May\u0131s-15 Ekim tarihleri aras\u0131ndan uygulanan in\u015faat yasaklar\u0131 bug\u00fcn ba\u015flad\u0131. Yar\u0131mada genelinde devam eden in\u015faatlar faaliyetlerine son verirken, kurallara uymayan in\u015faat firmalar\u0131na ise cezai i\u015flem uygulanaca\u011f\u0131 belirtildi.<\/p>\n<p>BODRUM\u2019DA \u0130N\u015eAAT YASA\u011eI <\/p>\n<p>Denetimlerin aral\u0131ks\u0131z s\u00fcrece\u011fini belirten Bodrum Belediye Ba\u015fkan\u0131 Tamer Mandalinci, &#8220;Ge\u00e7ti\u011fimiz y\u0131llarda in\u015faat yasa\u011f\u0131 15 May\u0131s\u2019ta ba\u015fl\u0131yordu baz\u0131 durumlarda Valilik onay\u0131 ile 1 Haziran ve 15 Haziran\u2019a kadar uzad\u0131\u011f\u0131n\u0131 g\u00f6rd\u00fck. Bu d\u00f6nemde \u015fu an \u00f6yle bir kararla kar\u015f\u0131 kar\u015f\u0131ya de\u011filiz. O nedenle bug\u00fcn itibar\u0131yla fiili olarak Bodrum\u2019da in\u015faat yasa\u011f\u0131 ba\u015flam\u0131\u015ft\u0131r. Zab\u0131ta ve di\u011fer birimdeki ekiplerimizle beraber in\u015faatlarda denetimlere ba\u015flad\u0131k. Belediye hoparl\u00f6rlerimizden in\u015faat yasa\u011f\u0131 ile ilgili \u00e7a\u011fr\u0131lar\u0131m\u0131z\u0131 yap\u0131yoruz&#8221; dedi.<\/p>\n<p>\u201cGEREK\u0130RSE \u015eANT\u0130YELER\u0130N\u0130Z M\u00dcH\u00dcRLENECEK\u201d<\/p>\n<p>Bodrum&#8217;daki i\u015f yapan firmalar\u0131 a\u011f\u0131r tonajl\u0131 ara\u00e7lar\u0131n\u0131, hafriyat kamyonlar\u0131n\u0131, beton mikseri ve k\u0131r\u0131c\u0131lar\u0131n\u0131 bug\u00fcnden itibaren \u00e7al\u0131\u015ft\u0131rmamalar\u0131n\u0131 isteyen Ba\u015fkan Mandalinci, &#8220;\u00c7al\u0131\u015ft\u0131rd\u0131\u011f\u0131n\u0131z takdirde hem para cezas\u0131yla kar\u015f\u0131 kar\u015f\u0131ya kalacaks\u0131n\u0131z gerekirse \u015fantiyeleriniz m\u00fch\u00fcrlenecek. \u00c7al\u0131\u015fmalar\u0131m\u0131z 7\/24 esas\u0131na g\u00f6re devam ediyor. B\u00f6lgede \u00e7al\u0131\u015fma oldu\u011funu g\u00f6ren vatanda\u015flar\u0131m\u0131z l\u00fctfen belediyemize bildirsin. Bizlerde kontrol ve denetimlerimizi yapal\u0131m. Bu fark\u0131ndal\u0131k ile g\u00fczel bir turizm sezonuna &#8216;Merhaba&#8217; diyelim&#8221; diye konu\u015ftu.<\/p>\n<p>\u200bMu\u011fla\u2019n\u0131n Bodrum il\u00e7esinde 15 May\u0131s 2025 Per\u015fembe g\u00fcn\u00fc (bug\u00fcn) ba\u015flayan in\u015faat yasa\u011f\u0131 15 Ekim\u2019de sona erecek. Bu s\u00fcre boyunca yasaklara uymayan i\u015fletmelere, cezas\u0131 kesilip, m\u00fch\u00fcrleme i\u015flemi yap\u0131lacak.\u00a0<\/p>\n<p>\u200bHaberin Al\u0131nt\u0131land\u0131\u011f\u0131 Kaynak: www.antalyakorfez.com<\/p>","protected":false},"excerpt":{"rendered":"<p>D\u00fcnyan\u0131n \u00f6nemli turizm destinasyonlar\u0131ndan Bodrum\u2019da 15 May\u0131s-15 Ekim tarihleri aras\u0131ndan uygulanan in\u015faat yasaklar\u0131 bug\u00fcn ba\u015flad\u0131. Yar\u0131mada genelinde devam eden in\u015faatlar faaliyetlerine son verirken, kurallara uymayan in\u015faat firmalar\u0131na ise cezai i\u015flem uygulanaca\u011f\u0131 belirtildi. BODRUM\u2019DA \u0130N\u015eAAT YASA\u011eI Denetimlerin aral\u0131ks\u0131z s\u00fcrece\u011fini belirten Bodrum Belediye Ba\u015fkan\u0131 Tamer Mandalinci, &#8220;Ge\u00e7ti\u011fimiz y\u0131llarda in\u015faat yasa\u011f\u0131 15 May\u0131s\u2019ta ba\u015fl\u0131yordu baz\u0131 durumlarda Valilik onay\u0131 ile 1 Haziran ve 15 Haziran\u2019a kadar uzad\u0131\u011f\u0131n\u0131 g\u00f6rd\u00fck. Bu d\u00f6nemde \u015fu an \u00f6yle bir kararla kar\u015f\u0131 kar\u015f\u0131ya de\u011filiz. O nedenle bug\u00fcn itibar\u0131yla fiili olarak Bodrum\u2019da in\u015faat yasa\u011f\u0131 ba\u015flam\u0131\u015ft\u0131r. Zab\u0131ta ve di\u011fer birimdeki ekiplerimizle beraber in\u015faatlarda denetimlere ba\u015flad\u0131k. Belediye hoparl\u00f6rlerimizden in\u015faat yasa\u011f\u0131 ile ilgili \u00e7a\u011fr\u0131lar\u0131m\u0131z\u0131 yap\u0131yoruz&#8221; dedi. \u201cGEREK\u0130RSE \u015eANT\u0130YELER\u0130N\u0130Z M\u00dcH\u00dcRLENECEK\u201d Bodrum&#8217;daki i\u015f yapan firmalar\u0131 a\u011f\u0131r tonajl\u0131 ara\u00e7lar\u0131n\u0131, hafriyat kamyonlar\u0131n\u0131, beton mikseri ve k\u0131r\u0131c\u0131lar\u0131n\u0131 bug\u00fcnden itibaren \u00e7al\u0131\u015ft\u0131rmamalar\u0131n\u0131 isteyen Ba\u015fkan Mandalinci, &#8220;\u00c7al\u0131\u015ft\u0131rd\u0131\u011f\u0131n\u0131z takdirde hem para cezas\u0131yla kar\u015f\u0131 kar\u015f\u0131ya kalacaks\u0131n\u0131z gerekirse \u015fantiyeleriniz m\u00fch\u00fcrlenecek. \u00c7al\u0131\u015fmalar\u0131m\u0131z 7\/24 esas\u0131na g\u00f6re devam ediyor. B\u00f6lgede \u00e7al\u0131\u015fma oldu\u011funu g\u00f6ren vatanda\u015flar\u0131m\u0131z l\u00fctfen belediyemize bildirsin. Bizlerde kontrol ve denetimlerimizi yapal\u0131m. Bu fark\u0131ndal\u0131k ile g\u00fczel bir turizm sezonuna &#8216;Merhaba&#8217; diyelim&#8221; diye konu\u015ftu. \u200bMu\u011fla\u2019n\u0131n Bodrum il\u00e7esinde 15 May\u0131s 2025 Per\u015fembe g\u00fcn\u00fc (bug\u00fcn) ba\u015flayan in\u015faat yasa\u011f\u0131 15 Ekim\u2019de sona erecek. Bu s\u00fcre boyunca yasaklara uymayan i\u015fletmelere, cezas\u0131 kesilip, m\u00fch\u00fcrleme i\u015flemi yap\u0131lacak.\u00a0 \u200bHaberin Al\u0131nt\u0131land\u0131\u011f\u0131 Kaynak: www.antalyakorfez.com<\/p>","protected":false},"author":5,"featured_media":0,"comment_status":"","ping_status":"open","sticky":false,"template":"","format":"standard","meta":{"_acf_changed":false,"footnotes":""},"categories":[24],"tags":[],"class_list":["post-87485","post","type-post","status-publish","format-standard","has-post-thumbnail","hentry","category-gundem"],"acf":[],"yoast_head":"<!-- This site is optimized with the Yoast SEO Premium plugin v26.6 (Yoast SEO v27.1.1) - https:\/\/yoast.com\/product\/yoast-seo-premium-wordpress\/ -->\n<title>Ege\u2019nin incisi Bodrum\u2019da in\u015faat yasaklar\u0131 ba\u015flad\u0131 - Av. Deniz Can K\u0131z\u0131l<\/title>\n<meta name=\"robots\" content=\"index, follow, max-snippet:-1, max-image-preview:large, max-video-preview:-1\" \/>\n<link rel=\"canonical\" href=\"http:\/\/denizcankizil.tr\/uk\/haberler\/gundem\/egenin-incisi-bodrumda-insaat-yasaklari-basladi\/\" \/>\n<meta property=\"og:locale\" content=\"uk_UA\" \/>\n<meta property=\"og:type\" content=\"article\" \/>\n<meta property=\"og:title\" content=\"Ege\u2019nin incisi Bodrum\u2019da in\u015faat yasaklar\u0131 ba\u015flad\u0131\" \/>\n<meta property=\"og:description\" content=\"D\u00fcnyan\u0131n \u00f6nemli turizm destinasyonlar\u0131ndan Bodrum\u2019da 15 May\u0131s-15 Ekim tarihleri aras\u0131ndan uygulanan in\u015faat yasaklar\u0131 bug\u00fcn ba\u015flad\u0131. Yar\u0131mada genelinde devam eden in\u015faatlar faaliyetlerine son verirken, kurallara uymayan in\u015faat firmalar\u0131na ise cezai i\u015flem uygulanaca\u011f\u0131 belirtildi. BODRUM\u2019DA \u0130N\u015eAAT YASA\u011eI Denetimlerin aral\u0131ks\u0131z s\u00fcrece\u011fini belirten Bodrum Belediye Ba\u015fkan\u0131 Tamer Mandalinci, &#8220;Ge\u00e7ti\u011fimiz y\u0131llarda in\u015faat yasa\u011f\u0131 15 May\u0131s\u2019ta ba\u015fl\u0131yordu baz\u0131 durumlarda Valilik onay\u0131 ile 1 Haziran ve 15 Haziran\u2019a kadar uzad\u0131\u011f\u0131n\u0131 g\u00f6rd\u00fck. Bu d\u00f6nemde \u015fu an \u00f6yle bir kararla kar\u015f\u0131 kar\u015f\u0131ya de\u011filiz. O nedenle bug\u00fcn itibar\u0131yla fiili olarak Bodrum\u2019da in\u015faat yasa\u011f\u0131 ba\u015flam\u0131\u015ft\u0131r. Zab\u0131ta ve di\u011fer birimdeki ekiplerimizle beraber in\u015faatlarda denetimlere ba\u015flad\u0131k. Belediye hoparl\u00f6rlerimizden in\u015faat yasa\u011f\u0131 ile ilgili \u00e7a\u011fr\u0131lar\u0131m\u0131z\u0131 yap\u0131yoruz&#8221; dedi. \u201cGEREK\u0130RSE \u015eANT\u0130YELER\u0130N\u0130Z M\u00dcH\u00dcRLENECEK\u201d Bodrum&#8217;daki i\u015f yapan firmalar\u0131 a\u011f\u0131r tonajl\u0131 ara\u00e7lar\u0131n\u0131, hafriyat kamyonlar\u0131n\u0131, beton mikseri ve k\u0131r\u0131c\u0131lar\u0131n\u0131 bug\u00fcnden itibaren \u00e7al\u0131\u015ft\u0131rmamalar\u0131n\u0131 isteyen Ba\u015fkan Mandalinci, &#8220;\u00c7al\u0131\u015ft\u0131rd\u0131\u011f\u0131n\u0131z takdirde hem para cezas\u0131yla kar\u015f\u0131 kar\u015f\u0131ya kalacaks\u0131n\u0131z gerekirse \u015fantiyeleriniz m\u00fch\u00fcrlenecek. \u00c7al\u0131\u015fmalar\u0131m\u0131z 7\/24 esas\u0131na g\u00f6re devam ediyor. B\u00f6lgede \u00e7al\u0131\u015fma oldu\u011funu g\u00f6ren vatanda\u015flar\u0131m\u0131z l\u00fctfen belediyemize bildirsin. Bizlerde kontrol ve denetimlerimizi yapal\u0131m. Bu fark\u0131ndal\u0131k ile g\u00fczel bir turizm sezonuna &#8216;Merhaba&#8217; diyelim&#8221; diye konu\u015ftu. \u200bMu\u011fla\u2019n\u0131n Bodrum il\u00e7esinde 15 May\u0131s 2025 Per\u015fembe g\u00fcn\u00fc (bug\u00fcn) ba\u015flayan in\u015faat yasa\u011f\u0131 15 Ekim\u2019de sona erecek. Bu s\u00fcre boyunca yasaklara uymayan i\u015fletmelere, cezas\u0131 kesilip, m\u00fch\u00fcrleme i\u015flemi yap\u0131lacak.\u00a0 \u200bHaberin Al\u0131nt\u0131land\u0131\u011f\u0131 Kaynak: www.antalyakorfez.com\" \/>\n<meta property=\"og:url\" content=\"http:\/\/denizcankizil.tr\/uk\/haberler\/gundem\/egenin-incisi-bodrumda-insaat-yasaklari-basladi\/\" \/>\n<meta property=\"og:site_name\" content=\"Av. Deniz Can K\u0131z\u0131l\" \/>\n<meta property=\"article:published_time\" content=\"2025-05-15T14:52:20+00:00\" \/>\n<meta name=\"author\" content=\"Antalya K\u00f6rfez\" \/>\n<meta name=\"twitter:card\" content=\"summary_large_image\" \/>\n<meta name=\"twitter:label1\" content=\"\u041d\u0430\u043f\u0438\u0441\u0430\u043d\u043e\" \/>\n\t<meta name=\"twitter:data1\" content=\"Antalya K\u00f6rfez\" \/>\n\t<meta name=\"twitter:label2\" content=\"\u041f\u0440\u0438\u0431\u043b. \u0447\u0430\u0441 \u0447\u0438\u0442\u0430\u043d\u043d\u044f\" \/>\n\t<meta name=\"twitter:data2\" content=\"2 \u0445\u0432\u0438\u043b\u0438\u043d\u0438\" \/>\n<script type=\"application\/ld+json\" class=\"yoast-schema-graph\">{\"@context\":\"https:\/\/schema.org\",\"@graph\":[{\"@type\":\"Article\",\"@id\":\"http:\/\/denizcankizil.tr\/en\/haberler\/gundem\/egenin-incisi-bodrumda-insaat-yasaklari-basladi\/#article\",\"isPartOf\":{\"@id\":\"http:\/\/denizcankizil.tr\/en\/haberler\/gundem\/egenin-incisi-bodrumda-insaat-yasaklari-basladi\/\"},\"author\":{\"name\":\"Antalya K\u00f6rfez\",\"@id\":\"https:\/\/denizcankizil.tr\/de\/#\/schema\/person\/e1eb71bb4dd684d46563f0af307e1234\"},\"headline\":\"Ege\u2019nin incisi Bodrum\u2019da in\u015faat yasaklar\u0131 ba\u015flad\u0131\",\"datePublished\":\"2025-05-15T14:52:20+00:00\",\"mainEntityOfPage\":{\"@id\":\"http:\/\/denizcankizil.tr\/en\/haberler\/gundem\/egenin-incisi-bodrumda-insaat-yasaklari-basladi\/\"},\"wordCount\":323,\"publisher\":{\"@id\":\"https:\/\/denizcankizil.tr\/de\/#organization\"},\"articleSection\":[\"G\u00fcndem\"],\"inLanguage\":\"uk\"},{\"@type\":\"WebPage\",\"@id\":\"http:\/\/denizcankizil.tr\/en\/haberler\/gundem\/egenin-incisi-bodrumda-insaat-yasaklari-basladi\/\",\"url\":\"http:\/\/denizcankizil.tr\/en\/haberler\/gundem\/egenin-incisi-bodrumda-insaat-yasaklari-basladi\/\",\"name\":\"Ege\u2019nin incisi Bodrum\u2019da in\u015faat yasaklar\u0131 ba\u015flad\u0131 - Av. Deniz Can K\u0131z\u0131l\",\"isPartOf\":{\"@id\":\"https:\/\/denizcankizil.tr\/de\/#website\"},\"datePublished\":\"2025-05-15T14:52:20+00:00\",\"breadcrumb\":{\"@id\":\"http:\/\/denizcankizil.tr\/en\/haberler\/gundem\/egenin-incisi-bodrumda-insaat-yasaklari-basladi\/#breadcrumb\"},\"inLanguage\":\"uk\",\"potentialAction\":[{\"@type\":\"ReadAction\",\"target\":[\"http:\/\/denizcankizil.tr\/en\/haberler\/gundem\/egenin-incisi-bodrumda-insaat-yasaklari-basladi\/\"]}]},{\"@type\":\"BreadcrumbList\",\"@id\":\"http:\/\/denizcankizil.tr\/en\/haberler\/gundem\/egenin-incisi-bodrumda-insaat-yasaklari-basladi\/#breadcrumb\",\"itemListElement\":[{\"@type\":\"ListItem\",\"position\":1,\"name\":\"Home\",\"item\":\"https:\/\/denizcankizil.tr\/de\/\"},{\"@type\":\"ListItem\",\"position\":2,\"name\":\"Ege\u2019nin incisi Bodrum\u2019da in\u015faat yasaklar\u0131 ba\u015flad\u0131\"}]},{\"@type\":\"WebSite\",\"@id\":\"https:\/\/denizcankizil.tr\/de\/#website\",\"url\":\"https:\/\/denizcankizil.tr\/de\/\",\"name\":\"Av. Deniz Can K\u0131z\u0131l\",\"description\":\"Avukat Deniz Can K\u0131z\u0131l Antalya Barosu\",\"publisher\":{\"@id\":\"https:\/\/denizcankizil.tr\/de\/#organization\"},\"potentialAction\":[{\"@type\":\"SearchAction\",\"target\":{\"@type\":\"EntryPoint\",\"urlTemplate\":\"https:\/\/denizcankizil.tr\/de\/?s={search_term_string}\"},\"query-input\":{\"@type\":\"PropertyValueSpecification\",\"valueRequired\":true,\"valueName\":\"search_term_string\"}}],\"inLanguage\":\"uk\"},{\"@type\":\"Organization\",\"@id\":\"https:\/\/denizcankizil.tr\/de\/#organization\",\"name\":\"Av. Deniz Can K\u0131z\u0131l\",\"url\":\"https:\/\/denizcankizil.tr\/de\/\",\"logo\":{\"@type\":\"ImageObject\",\"inLanguage\":\"uk\",\"@id\":\"https:\/\/denizcankizil.tr\/de\/#\/schema\/logo\/image\/\",\"url\":\"https:\/\/denizcankizil.tr\/wp-content\/uploads\/2024\/10\/siyah-logo-svg.svg\",\"contentUrl\":\"https:\/\/denizcankizil.tr\/wp-content\/uploads\/2024\/10\/siyah-logo-svg.svg\",\"width\":1080,\"height\":1080,\"caption\":\"Av. Deniz Can K\u0131z\u0131l\"},\"image\":{\"@id\":\"https:\/\/denizcankizil.tr\/de\/#\/schema\/logo\/image\/\"}},{\"@type\":\"Person\",\"@id\":\"https:\/\/denizcankizil.tr\/de\/#\/schema\/person\/e1eb71bb4dd684d46563f0af307e1234\",\"name\":\"Antalya K\u00f6rfez\",\"image\":{\"@type\":\"ImageObject\",\"inLanguage\":\"uk\",\"@id\":\"https:\/\/denizcankizil.tr\/de\/#\/schema\/person\/image\/\",\"url\":\"https:\/\/secure.gravatar.com\/avatar\/42b01982558a48a0b501fdcab6a408d3717ea5919095ee2e67b0e521799c5905?s=96&d=mm&r=g\",\"contentUrl\":\"https:\/\/secure.gravatar.com\/avatar\/42b01982558a48a0b501fdcab6a408d3717ea5919095ee2e67b0e521799c5905?s=96&d=mm&r=g\",\"caption\":\"Antalya K\u00f6rfez\"},\"sameAs\":[\"http:\/\/www.antalyakorfez.com\"],\"url\":\"https:\/\/www.antalyakorfez.com\/egenin-incisi-bodrumda-insaat-yasaklari-basladi\"}]}<\/script>\n<!-- \/ Yoast SEO Premium plugin. -->","yoast_head_json":{"title":"Ege\u2019nin incisi Bodrum\u2019da in\u015faat yasaklar\u0131 ba\u015flad\u0131 - Av. Deniz Can K\u0131z\u0131l","robots":{"index":"index","follow":"follow","max-snippet":"max-snippet:-1","max-image-preview":"max-image-preview:large","max-video-preview":"max-video-preview:-1"},"canonical":"http:\/\/denizcankizil.tr\/uk\/haberler\/gundem\/egenin-incisi-bodrumda-insaat-yasaklari-basladi\/","og_locale":"uk_UA","og_type":"article","og_title":"Ege\u2019nin incisi Bodrum\u2019da in\u015faat yasaklar\u0131 ba\u015flad\u0131","og_description":"D\u00fcnyan\u0131n \u00f6nemli turizm destinasyonlar\u0131ndan Bodrum\u2019da 15 May\u0131s-15 Ekim tarihleri aras\u0131ndan uygulanan in\u015faat yasaklar\u0131 bug\u00fcn ba\u015flad\u0131. Yar\u0131mada genelinde devam eden in\u015faatlar faaliyetlerine son verirken, kurallara uymayan in\u015faat firmalar\u0131na ise cezai i\u015flem uygulanaca\u011f\u0131 belirtildi. BODRUM\u2019DA \u0130N\u015eAAT YASA\u011eI Denetimlerin aral\u0131ks\u0131z s\u00fcrece\u011fini belirten Bodrum Belediye Ba\u015fkan\u0131 Tamer Mandalinci, &#8220;Ge\u00e7ti\u011fimiz y\u0131llarda in\u015faat yasa\u011f\u0131 15 May\u0131s\u2019ta ba\u015fl\u0131yordu baz\u0131 durumlarda Valilik onay\u0131 ile 1 Haziran ve 15 Haziran\u2019a kadar uzad\u0131\u011f\u0131n\u0131 g\u00f6rd\u00fck. Bu d\u00f6nemde \u015fu an \u00f6yle bir kararla kar\u015f\u0131 kar\u015f\u0131ya de\u011filiz. O nedenle bug\u00fcn itibar\u0131yla fiili olarak Bodrum\u2019da in\u015faat yasa\u011f\u0131 ba\u015flam\u0131\u015ft\u0131r. Zab\u0131ta ve di\u011fer birimdeki ekiplerimizle beraber in\u015faatlarda denetimlere ba\u015flad\u0131k. Belediye hoparl\u00f6rlerimizden in\u015faat yasa\u011f\u0131 ile ilgili \u00e7a\u011fr\u0131lar\u0131m\u0131z\u0131 yap\u0131yoruz&#8221; dedi. \u201cGEREK\u0130RSE \u015eANT\u0130YELER\u0130N\u0130Z M\u00dcH\u00dcRLENECEK\u201d Bodrum&#8217;daki i\u015f yapan firmalar\u0131 a\u011f\u0131r tonajl\u0131 ara\u00e7lar\u0131n\u0131, hafriyat kamyonlar\u0131n\u0131, beton mikseri ve k\u0131r\u0131c\u0131lar\u0131n\u0131 bug\u00fcnden itibaren \u00e7al\u0131\u015ft\u0131rmamalar\u0131n\u0131 isteyen Ba\u015fkan Mandalinci, &#8220;\u00c7al\u0131\u015ft\u0131rd\u0131\u011f\u0131n\u0131z takdirde hem para cezas\u0131yla kar\u015f\u0131 kar\u015f\u0131ya kalacaks\u0131n\u0131z gerekirse \u015fantiyeleriniz m\u00fch\u00fcrlenecek. \u00c7al\u0131\u015fmalar\u0131m\u0131z 7\/24 esas\u0131na g\u00f6re devam ediyor. B\u00f6lgede \u00e7al\u0131\u015fma oldu\u011funu g\u00f6ren vatanda\u015flar\u0131m\u0131z l\u00fctfen belediyemize bildirsin. Bizlerde kontrol ve denetimlerimizi yapal\u0131m. Bu fark\u0131ndal\u0131k ile g\u00fczel bir turizm sezonuna &#8216;Merhaba&#8217; diyelim&#8221; diye konu\u015ftu. \u200bMu\u011fla\u2019n\u0131n Bodrum il\u00e7esinde 15 May\u0131s 2025 Per\u015fembe g\u00fcn\u00fc (bug\u00fcn) ba\u015flayan in\u015faat yasa\u011f\u0131 15 Ekim\u2019de sona erecek. Bu s\u00fcre boyunca yasaklara uymayan i\u015fletmelere, cezas\u0131 kesilip, m\u00fch\u00fcrleme i\u015flemi yap\u0131lacak.\u00a0 \u200bHaberin Al\u0131nt\u0131land\u0131\u011f\u0131 Kaynak: www.antalyakorfez.com","og_url":"http:\/\/denizcankizil.tr\/uk\/haberler\/gundem\/egenin-incisi-bodrumda-insaat-yasaklari-basladi\/","og_site_name":"Av. Deniz Can K\u0131z\u0131l","article_published_time":"2025-05-15T14:52:20+00:00","author":"Antalya K\u00f6rfez","twitter_card":"summary_large_image","twitter_misc":{"\u041d\u0430\u043f\u0438\u0441\u0430\u043d\u043e":"Antalya K\u00f6rfez","\u041f\u0440\u0438\u0431\u043b. \u0447\u0430\u0441 \u0447\u0438\u0442\u0430\u043d\u043d\u044f":"2 \u0445\u0432\u0438\u043b\u0438\u043d\u0438"},"schema":{"@context":"https:\/\/schema.org","@graph":[{"@type":"Article","@id":"http:\/\/denizcankizil.tr\/en\/haberler\/gundem\/egenin-incisi-bodrumda-insaat-yasaklari-basladi\/#article","isPartOf":{"@id":"http:\/\/denizcankizil.tr\/en\/haberler\/gundem\/egenin-incisi-bodrumda-insaat-yasaklari-basladi\/"},"author":{"name":"Antalya K\u00f6rfez","@id":"https:\/\/denizcankizil.tr\/de\/#\/schema\/person\/e1eb71bb4dd684d46563f0af307e1234"},"headline":"Ege\u2019nin incisi Bodrum\u2019da in\u015faat yasaklar\u0131 ba\u015flad\u0131","datePublished":"2025-05-15T14:52:20+00:00","mainEntityOfPage":{"@id":"http:\/\/denizcankizil.tr\/en\/haberler\/gundem\/egenin-incisi-bodrumda-insaat-yasaklari-basladi\/"},"wordCount":323,"publisher":{"@id":"https:\/\/denizcankizil.tr\/de\/#organization"},"articleSection":["G\u00fcndem"],"inLanguage":"uk"},{"@type":"WebPage","@id":"http:\/\/denizcankizil.tr\/en\/haberler\/gundem\/egenin-incisi-bodrumda-insaat-yasaklari-basladi\/","url":"http:\/\/denizcankizil.tr\/en\/haberler\/gundem\/egenin-incisi-bodrumda-insaat-yasaklari-basladi\/","name":"Ege\u2019nin incisi Bodrum\u2019da in\u015faat yasaklar\u0131 ba\u015flad\u0131 - Av. Deniz Can K\u0131z\u0131l","isPartOf":{"@id":"https:\/\/denizcankizil.tr\/de\/#website"},"datePublished":"2025-05-15T14:52:20+00:00","breadcrumb":{"@id":"http:\/\/denizcankizil.tr\/en\/haberler\/gundem\/egenin-incisi-bodrumda-insaat-yasaklari-basladi\/#breadcrumb"},"inLanguage":"uk","potentialAction":[{"@type":"ReadAction","target":["http:\/\/denizcankizil.tr\/en\/haberler\/gundem\/egenin-incisi-bodrumda-insaat-yasaklari-basladi\/"]}]},{"@type":"BreadcrumbList","@id":"http:\/\/denizcankizil.tr\/en\/haberler\/gundem\/egenin-incisi-bodrumda-insaat-yasaklari-basladi\/#breadcrumb","itemListElement":[{"@type":"ListItem","position":1,"name":"Home","item":"https:\/\/denizcankizil.tr\/de\/"},{"@type":"ListItem","position":2,"name":"Ege\u2019nin incisi Bodrum\u2019da in\u015faat yasaklar\u0131 ba\u015flad\u0131"}]},{"@type":"WebSite","@id":"https:\/\/denizcankizil.tr\/de\/#website","url":"https:\/\/denizcankizil.tr\/de\/","name":"Av. Deniz Can K\u0131z\u0131l","description":"Avukat Deniz Can K\u0131z\u0131l Antalya Barosu","publisher":{"@id":"https:\/\/denizcankizil.tr\/de\/#organization"},"potentialAction":[{"@type":"SearchAction","target":{"@type":"EntryPoint","urlTemplate":"https:\/\/denizcankizil.tr\/de\/?s={search_term_string}"},"query-input":{"@type":"PropertyValueSpecification","valueRequired":true,"valueName":"search_term_string"}}],"inLanguage":"uk"},{"@type":"Organization","@id":"https:\/\/denizcankizil.tr\/de\/#organization","name":"Av. Deniz Can K\u0131z\u0131l","url":"https:\/\/denizcankizil.tr\/de\/","logo":{"@type":"ImageObject","inLanguage":"uk","@id":"https:\/\/denizcankizil.tr\/de\/#\/schema\/logo\/image\/","url":"https:\/\/denizcankizil.tr\/wp-content\/uploads\/2024\/10\/siyah-logo-svg.svg","contentUrl":"https:\/\/denizcankizil.tr\/wp-content\/uploads\/2024\/10\/siyah-logo-svg.svg","width":1080,"height":1080,"caption":"Av. Deniz Can K\u0131z\u0131l"},"image":{"@id":"https:\/\/denizcankizil.tr\/de\/#\/schema\/logo\/image\/"}},{"@type":"Person","@id":"https:\/\/denizcankizil.tr\/de\/#\/schema\/person\/e1eb71bb4dd684d46563f0af307e1234","name":"Antalya K\u00f6rfez","image":{"@type":"ImageObject","inLanguage":"uk","@id":"https:\/\/denizcankizil.tr\/de\/#\/schema\/person\/image\/","url":"https:\/\/secure.gravatar.com\/avatar\/42b01982558a48a0b501fdcab6a408d3717ea5919095ee2e67b0e521799c5905?s=96&d=mm&r=g","contentUrl":"https:\/\/secure.gravatar.com\/avatar\/42b01982558a48a0b501fdcab6a408d3717ea5919095ee2e67b0e521799c5905?s=96&d=mm&r=g","caption":"Antalya K\u00f6rfez"},"sameAs":["http:\/\/www.antalyakorfez.com"],"url":"https:\/\/www.antalyakorfez.com\/egenin-incisi-bodrumda-insaat-yasaklari-basladi"}]}},"_links":{"self":[{"href":"https:\/\/denizcankizil.tr\/uk\/wp-json\/wp\/v2\/posts\/87485","targetHints":{"allow":["GET"]}}],"collection":[{"href":"https:\/\/denizcankizil.tr\/uk\/wp-json\/wp\/v2\/posts"}],"about":[{"href":"https:\/\/denizcankizil.tr\/uk\/wp-json\/wp\/v2\/types\/post"}],"author":[{"embeddable":true,"href":"https:\/\/denizcankizil.tr\/uk\/wp-json\/wp\/v2\/users\/5"}],"replies":[{"embeddable":true,"href":"https:\/\/denizcankizil.tr\/uk\/wp-json\/wp\/v2\/comments?post=87485"}],"version-history":[{"count":0,"href":"https:\/\/denizcankizil.tr\/uk\/wp-json\/wp\/v2\/posts\/87485\/revisions"}],"wp:attachment":[{"href":"https:\/\/denizcankizil.tr\/uk\/wp-json\/wp\/v2\/media?parent=87485"}],"wp:term":[{"taxonomy":"category","embeddable":true,"href":"https:\/\/denizcankizil.tr\/uk\/wp-json\/wp\/v2\/categories?post=87485"},{"taxonomy":"post_tag","embeddable":true,"href":"https:\/\/denizcankizil.tr\/uk\/wp-json\/wp\/v2\/tags?post=87485"}],"curies":[{"name":"wp","href":"https:\/\/api.w.org\/{rel}","templated":true}]}}