{"id":87480,"date":"2025-05-15T17:50:47","date_gmt":"2025-05-15T14:50:47","guid":{"rendered":"https:\/\/denizcankizil.tr\/uncategorized-tr\/kepezden-kardeslik-koprusu\/"},"modified":"2025-05-15T17:50:47","modified_gmt":"2025-05-15T14:50:47","slug":"kepezden-kardeslik-koprusu","status":"publish","type":"post","link":"https:\/\/denizcankizil.tr\/uk\/haberler\/antalya\/kepezden-kardeslik-koprusu\/","title":{"rendered":"Kepez&#8217;den karde\u015flik k\u00f6pr\u00fcs\u00fc"},"content":{"rendered":"<p>Antalya\u2019n\u0131n Kepez il\u00e7esi ile K\u0131rg\u0131zistan\u2019\u0131n Bal\u0131k\u00e7\u0131 \u015fehri, karde\u015f \u015fehir protokol\u00fcyle dostluklar\u0131n\u0131 resmiyete d\u00f6kt\u00fc. &#8220;Karde\u015f \u015eehir Protokol\u00fc&#8221; Kepez Belediye Ba\u015fkan\u0131 Mesut Kocag\u00f6z ve Bal\u0131k\u00e7\u0131 Belediye Ba\u015fkan\u0131 Azamat Arnabek Uulu taraf\u0131ndan imzaland\u0131. T\u00fcrk D\u00fcnyas\u0131 Belediyeler Birli\u011fi\u2019nin koordinat\u00f6rl\u00fc\u011f\u00fcnde hayata ge\u00e7irilen protokol, iki \u015fehir aras\u0131nda sosyal, k\u00fclt\u00fcrel ve ekonomik alanlarda i\u015f birli\u011fini geli\u015ftirmeyi ama\u00e7l\u0131yor. Kepez Belediyesi ba\u015fkanl\u0131k makam\u0131nda d\u00fczenlenen t\u00f6rende, iki belediye ba\u015fkan\u0131 kar\u015f\u0131l\u0131kl\u0131 iyi dileklerini ileterek, duygu ve d\u00fc\u015f\u00fcncelerini dile getirdi.<br \/>\n&#8220;Yerel y\u00f6netimlerin i\u015fbirli\u011fi \u00e7ok \u00f6nemli&#8221;<br \/>\nKepez Belediye Ba\u015fkan\u0131 Mesut Kocag\u00f6z, &#8220;Ben ba\u015fta ba\u015fkonsolosumuza sizlerle bizleri tan\u0131\u015ft\u0131rd\u0131klar\u0131 i\u00e7in \u00e7ok te\u015fekk\u00fcr ederim. Biz ayn\u0131 soydan geliyoruz. Bizim i\u00e7in \u00e7ok \u00e7ok \u00f6nemli oldu\u011funu d\u00fc\u015f\u00fcn\u00fcyoruz. Biz iki karde\u015fiz, iki karde\u015f \u00fclkeyiz. Birbirimiz i\u00e7in elimizden ne geliyorsa yapmak zorunda oldu\u011fumuzu d\u00fc\u015f\u00fcn\u00fcyoruz. Sizlerin g\u00fc\u00e7l\u00fc olmas\u0131 bizi g\u00fc\u00e7l\u00fc yapar, bizlerin g\u00fc\u00e7l\u00fc olmas\u0131 sizleri g\u00fc\u00e7l\u00fc yapar. O y\u00fczden i\u015fbirli\u011fimizi geli\u015ftirmemiz gerekir. Biz buna haz\u0131r\u0131z. Bizlerde sizleri ziyaret etmeyi \u00e7ok isteriz. Orada ne yapmam\u0131z gerekiyorsa, raporlay\u0131p haz\u0131rlay\u0131p teknik arkada\u015flar\u0131m\u0131zla gelerek, elimizden ne gerekiyorsa yapaca\u011f\u0131z. \u00dclke genelinde de sizlerle iyi ili\u015fkilerimiz var. Ben hep \u015funa inanm\u0131\u015f\u0131md\u0131r. B\u00fct\u00fcn geli\u015fmeler yerel y\u00f6netimlerden ba\u015flar&#8221; ifadelerini kulland\u0131.<br \/>\nK\u0131rg\u0131z Cumhuriyeti\u2019nin Bal\u0131k\u00e7\u0131 Belediye Ba\u015fkan\u0131 Azamat Arnabek Uulu ise misafirperverlikten dolay\u0131 duydu\u011fu memnuniyeti dile getirerek Ba\u015fkan Kocag\u00f6z\u2019e te\u015fekk\u00fcr etti. Uulu, &#8220;G\u00fcnlerdir bizimleydiniz, bizim i\u00e7in gerekli olan her \u015feyi g\u00f6rme ve tan\u0131ma f\u0131rsat\u0131 bulduk. ASAT\u2019a yapt\u0131\u011f\u0131m\u0131z ziyaret bizim i\u00e7in \u00e7ok \u00f6nemliydi. Kepez\u2019in m\u00fcze ve k\u00fct\u00fcphanelerini inceledik. Bal\u0131k\u00e7\u0131\u2019da yeni a\u00e7\u0131lacak m\u00fcze ve k\u00fct\u00fcphanelerde bu deneyimlerden faydalanaca\u011f\u0131z. A\u00e7\u0131l\u0131\u015fa sizleri de davet etmek isteriz&#8221; dedi.<br \/>\nT\u00f6renin sonunda Bal\u0131k\u00e7\u0131 Belediye Ba\u015fkan\u0131 Azamat Arnabek Uulu, Kepez Belediye Ba\u015fkan\u0131 Mesut Kocag\u00f6z\u2019e K\u0131rg\u0131z halk\u0131n\u0131n geleneksel \u015fapkas\u0131 olan kalpak hediye etti. Her iki ba\u015fkan da kar\u015f\u0131l\u0131kl\u0131 &#8220;hay\u0131rl\u0131 olsun&#8221; dilekleriyle protokol\u00fc imzalayarak, karde\u015f \u015fehir ili\u015fkisini resmiyete d\u00f6kt\u00fc.<br \/>\nProtokol kapsam\u0131<br \/>\nProtokol kapsam\u0131nda; sanayi, altyap\u0131, turizm, k\u00fclt\u00fcr, e\u011fitim, sa\u011fl\u0131k, tar\u0131m ve daha bir\u00e7ok alanda i\u015fbirli\u011fi geli\u015ftirilecek. Yerel y\u00f6netimler, \u015firketler, kurumlar ve sivil toplum kurulu\u015flar\u0131 aras\u0131nda koordinasyon sa\u011flanarak ortak projeler y\u00fcr\u00fct\u00fclecek. Ayr\u0131ca iki \u015fehirde ortak festivaller, panay\u0131rlar, sempozyumlar ve paneller d\u00fczenlenerek T\u00fcrk d\u00fcnyas\u0131nda birlik ve beraberli\u011fin g\u00fc\u00e7lendirilmesi hedefleniyor. Sanat ve k\u00fclt\u00fcrel miras alan\u0131nda da i\u015fbirli\u011fini \u00f6ng\u00f6ren protokol, \u00fcniversiteler aras\u0131 akademik payla\u015f\u0131mlar\u0131, k\u00fclt\u00fcrel etkinlikleri ve sanat projelerini de kaps\u0131yor. Yerel \u00f6rf, adet ve geleneklerin tan\u0131t\u0131laca\u011f\u0131 projelerin yan\u0131 s\u0131ra yemek, m\u00fczik, resim, heykel ve edebiyat alanlar\u0131nda ortak \u00e7al\u0131\u015fmalar yap\u0131lacak. Karde\u015f \u015fehir ili\u015fkilerinin bir simgesi olarak, her iki \u015fehirde birer parka kar\u015f\u0131l\u0131kl\u0131 olarak birbirlerinin isimleri verilecek.<\/p>\n<p>Heyet Kepez\u2019de incelemelerde bulundu<br \/>\nK\u0131rg\u0131z Cumhuriyeti\u2019nin Bal\u0131k\u00e7\u0131 \u015eehri\u2019nden gelen ve aralar\u0131nda Belediye Ba\u015fkan\u0131 Azamat Arnabek Uulu\u2019nun da bulundu\u011fu 9 ki\u015filik heyet, Kepez Belediyesi\u2019nin \u00f6rnek hizmetlerini yerinde inceledi. Kepez Belediyesi ba\u015fkan yard\u0131mc\u0131lar\u0131 e\u015fli\u011finde belediyenin \u00e7e\u015fitli birimlerini ziyaret eden heyet, hizmetler hakk\u0131nda detayl\u0131 bilgiler ald\u0131. Ziyaretin ilk dura\u011f\u0131, Kepez Belediyesi Park ve Bah\u00e7eler M\u00fcd\u00fcrl\u00fc\u011f\u00fc\u2019n\u00fcn \u00fcretim sahas\u0131 oldu. As\u0131rl\u0131k zeytin a\u011fa\u00e7lar\u0131 ve topraks\u0131z \u00fcretimle k\u00f6klendirilen fidanlar, heyetin en \u00e7ok ilgisini \u00e7eken alanlar oldu. Bal\u0131k\u00e7\u0131 \u015eehri Belediye Ba\u015fkan\u0131 Azamat Arnabek Uulu, serada g\u00f6rd\u00fc\u011f\u00fc k\u0131rm\u0131z\u0131 g\u00fcllerin kendi \u015fehrinde de yeti\u015fti\u011fini belirterek, &#8220;G\u00fcl gibi dayan\u0131kl\u0131 ba\u015fka t\u00fcrler varsa, bunlar\u0131 Bal\u0131k\u00e7\u0131 \u015fehrimizde de yeti\u015ftirmek isteriz&#8221; dedi.<br \/>\nHeyet, Kepez Belediyesi\u2019nin metal ve ah\u015fap i\u015fleri at\u00f6lyelerini de gezerek, burada \u00e7\u00f6p kutusundan piknik masas\u0131na kadar belediyenin t\u00fcm ihtiya\u00e7lar\u0131n\u0131n \u00fcretildi\u011fi alanlar\u0131 inceledi. \u00dcretim kapasitesi hakk\u0131nda bilgi alan Bal\u0131k\u00e7\u0131 Belediye Ba\u015fkan\u0131 Arnabek Uulu, &#8220;Bu at\u00f6lyeler belediye i\u00e7in b\u00fcy\u00fck bir avantaj. Her \u015feyi ba\u011f\u0131ms\u0131z olarak kendiniz \u00fcretiyorsunuz. Kepez\u2019de neredeyse t\u00fcm ihtiya\u00e7lar kendi kaynaklar\u0131n\u0131zla kar\u015f\u0131lan\u0131yor. Devletinizi ve belediyenizi daha da b\u00fcy\u00fck ba\u015far\u0131lara ta\u015f\u0131man\u0131z\u0131 temenni ediyoruz&#8221; diye konu\u015ftu.<br \/>\nHeyet, daha sonra Kent Orman\u0131 alan\u0131n\u0131 gezdi. Antalya\u2019y\u0131 Kepez\u2019den masmavi uzanan deniziyle ku\u015f bak\u0131\u015f\u0131 izleyen heyet hayranl\u0131klar\u0131n\u0131 dile getirerek, bu an\u0131 foto\u011fraf kareleriyle \u00f6l\u00fcms\u00fczle\u015ftirdi. Heyet, Dokumapark\u2019teki Oyuncak M\u00fczesi, Bir Zamanlar Antalya M\u00fczesi, Antalya K\u00fct\u00fcphanesi ve ASAT\u2019\u0131 ziyaret etti.<br \/>\n9 ki\u015filik heyet<br \/>\nK\u0131rg\u0131z Cumhuriyeti\u2019nin Bal\u0131k\u00e7\u0131 \u015eehri\u2019nde gelen heyette: Bal\u0131k\u00e7\u0131 Belediye Ba\u015fkan\u0131 Azamat Arnabek Uulu, belediyenin Meclis Ba\u015fkan\u0131 Dastan Amanal\u0131yev, Ekonomi ve B\u00f6lgesel Kalk\u0131nma B\u00f6l\u00fcm\u00fc Ba\u015fkan\u0131 Aygul Bekmurzayeva, Ba\u015fkan Asistan\u0131 ve terc\u00fcman\u0131 Mirlan Satarov, M\u00fclkiyet \u0130dari Ba\u015fkan\u0131 Erlan Shambetal\u0131ev, Su Boru Hatlar\u0131 \u0130\u015fletme M\u00fcd\u00fcr\u00fc Kuban Samud\u0131nov, \u00c7evre D\u00fczenleme ve Temizlik \u0130\u015fleri M\u00fcd\u00fcr\u00fc Edilbek Tokonbayev, Bal\u0131k\u00e7\u0131 K\u00fclt\u00fcr B\u00f6l\u00fcm\u00fc Ba\u015fkan\u0131 Sakamat Mukambetov ve Bal\u0131k\u00e7\u0131 Kamu-Siyasi Gazate Edit\u00f6r\u00fc Meerim Asanova yer ald\u0131.<\/p>\n<p>Kaynak: www.kanalv.com.tr Haber Sitesinden Al\u0131nm\u0131\u015ft\u0131r.<\/p>","protected":false},"excerpt":{"rendered":"<p>Antalya\u2019n\u0131n Kepez il\u00e7esi ile K\u0131rg\u0131zistan\u2019\u0131n Bal\u0131k\u00e7\u0131 \u015fehri, karde\u015f \u015fehir protokol\u00fcyle dostluklar\u0131n\u0131 resmiyete d\u00f6kt\u00fc. &#8220;Karde\u015f \u015eehir Protokol\u00fc&#8221; Kepez Belediye Ba\u015fkan\u0131 Mesut Kocag\u00f6z ve Bal\u0131k\u00e7\u0131 Belediye Ba\u015fkan\u0131 Azamat Arnabek Uulu taraf\u0131ndan imzaland\u0131. T\u00fcrk D\u00fcnyas\u0131 Belediyeler Birli\u011fi\u2019nin koordinat\u00f6rl\u00fc\u011f\u00fcnde hayata ge\u00e7irilen protokol, iki \u015fehir aras\u0131nda sosyal, k\u00fclt\u00fcrel ve ekonomik alanlarda i\u015f birli\u011fini geli\u015ftirmeyi ama\u00e7l\u0131yor. Kepez Belediyesi ba\u015fkanl\u0131k makam\u0131nda d\u00fczenlenen t\u00f6rende, iki belediye ba\u015fkan\u0131 kar\u015f\u0131l\u0131kl\u0131 iyi dileklerini ileterek, duygu ve d\u00fc\u015f\u00fcncelerini dile getirdi. &#8220;Yerel y\u00f6netimlerin i\u015fbirli\u011fi \u00e7ok \u00f6nemli&#8221; Kepez Belediye Ba\u015fkan\u0131 Mesut Kocag\u00f6z, &#8220;Ben ba\u015fta ba\u015fkonsolosumuza sizlerle bizleri tan\u0131\u015ft\u0131rd\u0131klar\u0131 i\u00e7in \u00e7ok te\u015fekk\u00fcr ederim. Biz ayn\u0131 soydan geliyoruz. Bizim i\u00e7in \u00e7ok \u00e7ok \u00f6nemli oldu\u011funu d\u00fc\u015f\u00fcn\u00fcyoruz. Biz iki karde\u015fiz, iki karde\u015f \u00fclkeyiz. Birbirimiz i\u00e7in elimizden ne geliyorsa yapmak zorunda oldu\u011fumuzu d\u00fc\u015f\u00fcn\u00fcyoruz. Sizlerin g\u00fc\u00e7l\u00fc olmas\u0131 bizi g\u00fc\u00e7l\u00fc yapar, bizlerin g\u00fc\u00e7l\u00fc olmas\u0131 sizleri g\u00fc\u00e7l\u00fc yapar. O y\u00fczden i\u015fbirli\u011fimizi geli\u015ftirmemiz gerekir. Biz buna haz\u0131r\u0131z. Bizlerde sizleri ziyaret etmeyi \u00e7ok isteriz. Orada ne yapmam\u0131z gerekiyorsa, raporlay\u0131p haz\u0131rlay\u0131p teknik arkada\u015flar\u0131m\u0131zla gelerek, elimizden ne gerekiyorsa yapaca\u011f\u0131z. \u00dclke genelinde de sizlerle iyi ili\u015fkilerimiz var. Ben hep \u015funa inanm\u0131\u015f\u0131md\u0131r. B\u00fct\u00fcn geli\u015fmeler yerel y\u00f6netimlerden ba\u015flar&#8221; ifadelerini kulland\u0131. K\u0131rg\u0131z Cumhuriyeti\u2019nin Bal\u0131k\u00e7\u0131 Belediye Ba\u015fkan\u0131 Azamat Arnabek Uulu ise misafirperverlikten dolay\u0131 duydu\u011fu memnuniyeti dile getirerek Ba\u015fkan Kocag\u00f6z\u2019e te\u015fekk\u00fcr etti. Uulu, &#8220;G\u00fcnlerdir bizimleydiniz, bizim i\u00e7in gerekli olan her \u015feyi g\u00f6rme &hellip;<\/p>","protected":false},"author":4,"featured_media":87481,"comment_status":"","ping_status":"open","sticky":false,"template":"","format":"standard","meta":{"_acf_changed":false,"footnotes":""},"categories":[26],"tags":[],"class_list":["post-87480","post","type-post","status-publish","format-standard","has-post-thumbnail","hentry","category-antalya"],"acf":[],"yoast_head":"<!-- This site is optimized with the Yoast SEO Premium plugin v26.6 (Yoast SEO v27.1.1) - https:\/\/yoast.com\/product\/yoast-seo-premium-wordpress\/ -->\n<title>Kepez&#039;den karde\u015flik k\u00f6pr\u00fcs\u00fc - Av. Deniz Can K\u0131z\u0131l<\/title>\n<meta name=\"robots\" content=\"index, follow, max-snippet:-1, max-image-preview:large, max-video-preview:-1\" \/>\n<link rel=\"canonical\" href=\"https:\/\/denizcankizil.tr\/uk\/haberler\/antalya\/kepezden-kardeslik-koprusu\/\" \/>\n<meta property=\"og:locale\" content=\"uk_UA\" \/>\n<meta property=\"og:type\" content=\"article\" \/>\n<meta property=\"og:title\" content=\"Kepez&#039;den karde\u015flik k\u00f6pr\u00fcs\u00fc\" \/>\n<meta property=\"og:description\" content=\"Antalya\u2019n\u0131n Kepez il\u00e7esi ile K\u0131rg\u0131zistan\u2019\u0131n Bal\u0131k\u00e7\u0131 \u015fehri, karde\u015f \u015fehir protokol\u00fcyle dostluklar\u0131n\u0131 resmiyete d\u00f6kt\u00fc. &#8220;Karde\u015f \u015eehir Protokol\u00fc&#8221; Kepez Belediye Ba\u015fkan\u0131 Mesut Kocag\u00f6z ve Bal\u0131k\u00e7\u0131 Belediye Ba\u015fkan\u0131 Azamat Arnabek Uulu taraf\u0131ndan imzaland\u0131. T\u00fcrk D\u00fcnyas\u0131 Belediyeler Birli\u011fi\u2019nin koordinat\u00f6rl\u00fc\u011f\u00fcnde hayata ge\u00e7irilen protokol, iki \u015fehir aras\u0131nda sosyal, k\u00fclt\u00fcrel ve ekonomik alanlarda i\u015f birli\u011fini geli\u015ftirmeyi ama\u00e7l\u0131yor. Kepez Belediyesi ba\u015fkanl\u0131k makam\u0131nda d\u00fczenlenen t\u00f6rende, iki belediye ba\u015fkan\u0131 kar\u015f\u0131l\u0131kl\u0131 iyi dileklerini ileterek, duygu ve d\u00fc\u015f\u00fcncelerini dile getirdi. &#8220;Yerel y\u00f6netimlerin i\u015fbirli\u011fi \u00e7ok \u00f6nemli&#8221; Kepez Belediye Ba\u015fkan\u0131 Mesut Kocag\u00f6z, &#8220;Ben ba\u015fta ba\u015fkonsolosumuza sizlerle bizleri tan\u0131\u015ft\u0131rd\u0131klar\u0131 i\u00e7in \u00e7ok te\u015fekk\u00fcr ederim. Biz ayn\u0131 soydan geliyoruz. Bizim i\u00e7in \u00e7ok \u00e7ok \u00f6nemli oldu\u011funu d\u00fc\u015f\u00fcn\u00fcyoruz. Biz iki karde\u015fiz, iki karde\u015f \u00fclkeyiz. Birbirimiz i\u00e7in elimizden ne geliyorsa yapmak zorunda oldu\u011fumuzu d\u00fc\u015f\u00fcn\u00fcyoruz. Sizlerin g\u00fc\u00e7l\u00fc olmas\u0131 bizi g\u00fc\u00e7l\u00fc yapar, bizlerin g\u00fc\u00e7l\u00fc olmas\u0131 sizleri g\u00fc\u00e7l\u00fc yapar. O y\u00fczden i\u015fbirli\u011fimizi geli\u015ftirmemiz gerekir. Biz buna haz\u0131r\u0131z. Bizlerde sizleri ziyaret etmeyi \u00e7ok isteriz. Orada ne yapmam\u0131z gerekiyorsa, raporlay\u0131p haz\u0131rlay\u0131p teknik arkada\u015flar\u0131m\u0131zla gelerek, elimizden ne gerekiyorsa yapaca\u011f\u0131z. \u00dclke genelinde de sizlerle iyi ili\u015fkilerimiz var. Ben hep \u015funa inanm\u0131\u015f\u0131md\u0131r. B\u00fct\u00fcn geli\u015fmeler yerel y\u00f6netimlerden ba\u015flar&#8221; ifadelerini kulland\u0131. K\u0131rg\u0131z Cumhuriyeti\u2019nin Bal\u0131k\u00e7\u0131 Belediye Ba\u015fkan\u0131 Azamat Arnabek Uulu ise misafirperverlikten dolay\u0131 duydu\u011fu memnuniyeti dile getirerek Ba\u015fkan Kocag\u00f6z\u2019e te\u015fekk\u00fcr etti. Uulu, &#8220;G\u00fcnlerdir bizimleydiniz, bizim i\u00e7in gerekli olan her \u015feyi g\u00f6rme &hellip;\" \/>\n<meta property=\"og:url\" content=\"https:\/\/denizcankizil.tr\/uk\/haberler\/antalya\/kepezden-kardeslik-koprusu\/\" \/>\n<meta property=\"og:site_name\" content=\"Av. Deniz Can K\u0131z\u0131l\" \/>\n<meta property=\"article:published_time\" content=\"2025-05-15T14:50:47+00:00\" \/>\n<meta property=\"og:image\" content=\"https:\/\/denizcankizil.tr\/wp-content\/uploads\/2025\/05\/6358-01-u0X9NO.jpg\" \/>\n\t<meta property=\"og:image:width\" content=\"1280\" \/>\n\t<meta property=\"og:image:height\" content=\"720\" \/>\n\t<meta property=\"og:image:type\" content=\"image\/jpeg\" \/>\n<meta name=\"author\" content=\"Av. Deniz Can K\u0131z\u0131l\" \/>\n<meta name=\"twitter:card\" content=\"summary_large_image\" \/>\n<meta name=\"twitter:label1\" content=\"\u041d\u0430\u043f\u0438\u0441\u0430\u043d\u043e\" \/>\n\t<meta name=\"twitter:data1\" content=\"Av. Deniz Can K\u0131z\u0131l\" \/>\n\t<meta name=\"twitter:label2\" content=\"\u041f\u0440\u0438\u0431\u043b. \u0447\u0430\u0441 \u0447\u0438\u0442\u0430\u043d\u043d\u044f\" \/>\n\t<meta name=\"twitter:data2\" content=\"5 \u0445\u0432\u0438\u043b\u0438\u043d\" \/>\n<script type=\"application\/ld+json\" class=\"yoast-schema-graph\">{\"@context\":\"https:\/\/schema.org\",\"@graph\":[{\"@type\":\"Article\",\"@id\":\"https:\/\/denizcankizil.tr\/uk\/haberler\/antalya\/kepezden-kardeslik-koprusu\/#article\",\"isPartOf\":{\"@id\":\"https:\/\/denizcankizil.tr\/uk\/haberler\/antalya\/kepezden-kardeslik-koprusu\/\"},\"author\":{\"name\":\"Av. Deniz Can K\u0131z\u0131l\",\"@id\":\"https:\/\/denizcankizil.tr\/de\/#\/schema\/person\/5dc1b22991bd7ac833867c10afc9b0ff\"},\"headline\":\"Kepez&#8217;den karde\u015flik k\u00f6pr\u00fcs\u00fc\",\"datePublished\":\"2025-05-15T14:50:47+00:00\",\"mainEntityOfPage\":{\"@id\":\"https:\/\/denizcankizil.tr\/uk\/haberler\/antalya\/kepezden-kardeslik-koprusu\/\"},\"wordCount\":963,\"publisher\":{\"@id\":\"https:\/\/denizcankizil.tr\/de\/#organization\"},\"image\":{\"@id\":\"https:\/\/denizcankizil.tr\/uk\/haberler\/antalya\/kepezden-kardeslik-koprusu\/#primaryimage\"},\"thumbnailUrl\":\"https:\/\/denizcankizil.tr\/wp-content\/uploads\/2025\/05\/6358-01-u0X9NO.jpg\",\"articleSection\":[\"Antalya\"],\"inLanguage\":\"uk\"},{\"@type\":\"WebPage\",\"@id\":\"https:\/\/denizcankizil.tr\/uk\/haberler\/antalya\/kepezden-kardeslik-koprusu\/\",\"url\":\"https:\/\/denizcankizil.tr\/uk\/haberler\/antalya\/kepezden-kardeslik-koprusu\/\",\"name\":\"Kepez'den karde\u015flik k\u00f6pr\u00fcs\u00fc - Av. Deniz Can K\u0131z\u0131l\",\"isPartOf\":{\"@id\":\"https:\/\/denizcankizil.tr\/de\/#website\"},\"primaryImageOfPage\":{\"@id\":\"https:\/\/denizcankizil.tr\/uk\/haberler\/antalya\/kepezden-kardeslik-koprusu\/#primaryimage\"},\"image\":{\"@id\":\"https:\/\/denizcankizil.tr\/uk\/haberler\/antalya\/kepezden-kardeslik-koprusu\/#primaryimage\"},\"thumbnailUrl\":\"https:\/\/denizcankizil.tr\/wp-content\/uploads\/2025\/05\/6358-01-u0X9NO.jpg\",\"datePublished\":\"2025-05-15T14:50:47+00:00\",\"breadcrumb\":{\"@id\":\"https:\/\/denizcankizil.tr\/uk\/haberler\/antalya\/kepezden-kardeslik-koprusu\/#breadcrumb\"},\"inLanguage\":\"uk\",\"potentialAction\":[{\"@type\":\"ReadAction\",\"target\":[\"https:\/\/denizcankizil.tr\/uk\/haberler\/antalya\/kepezden-kardeslik-koprusu\/\"]}]},{\"@type\":\"ImageObject\",\"inLanguage\":\"uk\",\"@id\":\"https:\/\/denizcankizil.tr\/uk\/haberler\/antalya\/kepezden-kardeslik-koprusu\/#primaryimage\",\"url\":\"https:\/\/denizcankizil.tr\/wp-content\/uploads\/2025\/05\/6358-01-u0X9NO.jpg\",\"contentUrl\":\"https:\/\/denizcankizil.tr\/wp-content\/uploads\/2025\/05\/6358-01-u0X9NO.jpg\",\"width\":1280,\"height\":720},{\"@type\":\"BreadcrumbList\",\"@id\":\"https:\/\/denizcankizil.tr\/uk\/haberler\/antalya\/kepezden-kardeslik-koprusu\/#breadcrumb\",\"itemListElement\":[{\"@type\":\"ListItem\",\"position\":1,\"name\":\"Home\",\"item\":\"https:\/\/denizcankizil.tr\/de\/\"},{\"@type\":\"ListItem\",\"position\":2,\"name\":\"Kepez&#8217;den karde\u015flik k\u00f6pr\u00fcs\u00fc\"}]},{\"@type\":\"WebSite\",\"@id\":\"https:\/\/denizcankizil.tr\/de\/#website\",\"url\":\"https:\/\/denizcankizil.tr\/de\/\",\"name\":\"Av. Deniz Can K\u0131z\u0131l\",\"description\":\"Avukat Deniz Can K\u0131z\u0131l Antalya Barosu\",\"publisher\":{\"@id\":\"https:\/\/denizcankizil.tr\/de\/#organization\"},\"potentialAction\":[{\"@type\":\"SearchAction\",\"target\":{\"@type\":\"EntryPoint\",\"urlTemplate\":\"https:\/\/denizcankizil.tr\/de\/?s={search_term_string}\"},\"query-input\":{\"@type\":\"PropertyValueSpecification\",\"valueRequired\":true,\"valueName\":\"search_term_string\"}}],\"inLanguage\":\"uk\"},{\"@type\":\"Organization\",\"@id\":\"https:\/\/denizcankizil.tr\/de\/#organization\",\"name\":\"Av. Deniz Can K\u0131z\u0131l\",\"url\":\"https:\/\/denizcankizil.tr\/de\/\",\"logo\":{\"@type\":\"ImageObject\",\"inLanguage\":\"uk\",\"@id\":\"https:\/\/denizcankizil.tr\/de\/#\/schema\/logo\/image\/\",\"url\":\"https:\/\/denizcankizil.tr\/wp-content\/uploads\/2024\/10\/siyah-logo-svg.svg\",\"contentUrl\":\"https:\/\/denizcankizil.tr\/wp-content\/uploads\/2024\/10\/siyah-logo-svg.svg\",\"width\":1080,\"height\":1080,\"caption\":\"Av. Deniz Can K\u0131z\u0131l\"},\"image\":{\"@id\":\"https:\/\/denizcankizil.tr\/de\/#\/schema\/logo\/image\/\"}},{\"@type\":\"Person\",\"@id\":\"https:\/\/denizcankizil.tr\/de\/#\/schema\/person\/5dc1b22991bd7ac833867c10afc9b0ff\",\"name\":\"Av. Deniz Can K\u0131z\u0131l\",\"image\":{\"@type\":\"ImageObject\",\"inLanguage\":\"uk\",\"@id\":\"https:\/\/denizcankizil.tr\/de\/#\/schema\/person\/image\/\",\"url\":\"https:\/\/secure.gravatar.com\/avatar\/a0b128fb9855c79efc976d5640eedb31dc35ec297594d6016d2cf7c60e975bb6?s=96&d=mm&r=g\",\"contentUrl\":\"https:\/\/secure.gravatar.com\/avatar\/a0b128fb9855c79efc976d5640eedb31dc35ec297594d6016d2cf7c60e975bb6?s=96&d=mm&r=g\",\"caption\":\"Av. Deniz Can K\u0131z\u0131l\"},\"sameAs\":[\"http:\/\/www.denizcankizil.tr\"],\"url\":\"https:\/\/denizcankizil.tr\/uk\/author\/denizcankizil\/\"}]}<\/script>\n<!-- \/ Yoast SEO Premium plugin. -->","yoast_head_json":{"title":"Kepez'den karde\u015flik k\u00f6pr\u00fcs\u00fc - Av. Deniz Can K\u0131z\u0131l","robots":{"index":"index","follow":"follow","max-snippet":"max-snippet:-1","max-image-preview":"max-image-preview:large","max-video-preview":"max-video-preview:-1"},"canonical":"https:\/\/denizcankizil.tr\/uk\/haberler\/antalya\/kepezden-kardeslik-koprusu\/","og_locale":"uk_UA","og_type":"article","og_title":"Kepez'den karde\u015flik k\u00f6pr\u00fcs\u00fc","og_description":"Antalya\u2019n\u0131n Kepez il\u00e7esi ile K\u0131rg\u0131zistan\u2019\u0131n Bal\u0131k\u00e7\u0131 \u015fehri, karde\u015f \u015fehir protokol\u00fcyle dostluklar\u0131n\u0131 resmiyete d\u00f6kt\u00fc. &#8220;Karde\u015f \u015eehir Protokol\u00fc&#8221; Kepez Belediye Ba\u015fkan\u0131 Mesut Kocag\u00f6z ve Bal\u0131k\u00e7\u0131 Belediye Ba\u015fkan\u0131 Azamat Arnabek Uulu taraf\u0131ndan imzaland\u0131. T\u00fcrk D\u00fcnyas\u0131 Belediyeler Birli\u011fi\u2019nin koordinat\u00f6rl\u00fc\u011f\u00fcnde hayata ge\u00e7irilen protokol, iki \u015fehir aras\u0131nda sosyal, k\u00fclt\u00fcrel ve ekonomik alanlarda i\u015f birli\u011fini geli\u015ftirmeyi ama\u00e7l\u0131yor. Kepez Belediyesi ba\u015fkanl\u0131k makam\u0131nda d\u00fczenlenen t\u00f6rende, iki belediye ba\u015fkan\u0131 kar\u015f\u0131l\u0131kl\u0131 iyi dileklerini ileterek, duygu ve d\u00fc\u015f\u00fcncelerini dile getirdi. &#8220;Yerel y\u00f6netimlerin i\u015fbirli\u011fi \u00e7ok \u00f6nemli&#8221; Kepez Belediye Ba\u015fkan\u0131 Mesut Kocag\u00f6z, &#8220;Ben ba\u015fta ba\u015fkonsolosumuza sizlerle bizleri tan\u0131\u015ft\u0131rd\u0131klar\u0131 i\u00e7in \u00e7ok te\u015fekk\u00fcr ederim. Biz ayn\u0131 soydan geliyoruz. Bizim i\u00e7in \u00e7ok \u00e7ok \u00f6nemli oldu\u011funu d\u00fc\u015f\u00fcn\u00fcyoruz. Biz iki karde\u015fiz, iki karde\u015f \u00fclkeyiz. Birbirimiz i\u00e7in elimizden ne geliyorsa yapmak zorunda oldu\u011fumuzu d\u00fc\u015f\u00fcn\u00fcyoruz. Sizlerin g\u00fc\u00e7l\u00fc olmas\u0131 bizi g\u00fc\u00e7l\u00fc yapar, bizlerin g\u00fc\u00e7l\u00fc olmas\u0131 sizleri g\u00fc\u00e7l\u00fc yapar. O y\u00fczden i\u015fbirli\u011fimizi geli\u015ftirmemiz gerekir. Biz buna haz\u0131r\u0131z. Bizlerde sizleri ziyaret etmeyi \u00e7ok isteriz. Orada ne yapmam\u0131z gerekiyorsa, raporlay\u0131p haz\u0131rlay\u0131p teknik arkada\u015flar\u0131m\u0131zla gelerek, elimizden ne gerekiyorsa yapaca\u011f\u0131z. \u00dclke genelinde de sizlerle iyi ili\u015fkilerimiz var. Ben hep \u015funa inanm\u0131\u015f\u0131md\u0131r. B\u00fct\u00fcn geli\u015fmeler yerel y\u00f6netimlerden ba\u015flar&#8221; ifadelerini kulland\u0131. K\u0131rg\u0131z Cumhuriyeti\u2019nin Bal\u0131k\u00e7\u0131 Belediye Ba\u015fkan\u0131 Azamat Arnabek Uulu ise misafirperverlikten dolay\u0131 duydu\u011fu memnuniyeti dile getirerek Ba\u015fkan Kocag\u00f6z\u2019e te\u015fekk\u00fcr etti. Uulu, &#8220;G\u00fcnlerdir bizimleydiniz, bizim i\u00e7in gerekli olan her \u015feyi g\u00f6rme &hellip;","og_url":"https:\/\/denizcankizil.tr\/uk\/haberler\/antalya\/kepezden-kardeslik-koprusu\/","og_site_name":"Av. Deniz Can K\u0131z\u0131l","article_published_time":"2025-05-15T14:50:47+00:00","og_image":[{"width":1280,"height":720,"url":"https:\/\/denizcankizil.tr\/wp-content\/uploads\/2025\/05\/6358-01-u0X9NO.jpg","type":"image\/jpeg"}],"author":"Av. Deniz Can K\u0131z\u0131l","twitter_card":"summary_large_image","twitter_misc":{"\u041d\u0430\u043f\u0438\u0441\u0430\u043d\u043e":"Av. Deniz Can K\u0131z\u0131l","\u041f\u0440\u0438\u0431\u043b. \u0447\u0430\u0441 \u0447\u0438\u0442\u0430\u043d\u043d\u044f":"5 \u0445\u0432\u0438\u043b\u0438\u043d"},"schema":{"@context":"https:\/\/schema.org","@graph":[{"@type":"Article","@id":"https:\/\/denizcankizil.tr\/uk\/haberler\/antalya\/kepezden-kardeslik-koprusu\/#article","isPartOf":{"@id":"https:\/\/denizcankizil.tr\/uk\/haberler\/antalya\/kepezden-kardeslik-koprusu\/"},"author":{"name":"Av. Deniz Can K\u0131z\u0131l","@id":"https:\/\/denizcankizil.tr\/de\/#\/schema\/person\/5dc1b22991bd7ac833867c10afc9b0ff"},"headline":"Kepez&#8217;den karde\u015flik k\u00f6pr\u00fcs\u00fc","datePublished":"2025-05-15T14:50:47+00:00","mainEntityOfPage":{"@id":"https:\/\/denizcankizil.tr\/uk\/haberler\/antalya\/kepezden-kardeslik-koprusu\/"},"wordCount":963,"publisher":{"@id":"https:\/\/denizcankizil.tr\/de\/#organization"},"image":{"@id":"https:\/\/denizcankizil.tr\/uk\/haberler\/antalya\/kepezden-kardeslik-koprusu\/#primaryimage"},"thumbnailUrl":"https:\/\/denizcankizil.tr\/wp-content\/uploads\/2025\/05\/6358-01-u0X9NO.jpg","articleSection":["Antalya"],"inLanguage":"uk"},{"@type":"WebPage","@id":"https:\/\/denizcankizil.tr\/uk\/haberler\/antalya\/kepezden-kardeslik-koprusu\/","url":"https:\/\/denizcankizil.tr\/uk\/haberler\/antalya\/kepezden-kardeslik-koprusu\/","name":"Kepez'den karde\u015flik k\u00f6pr\u00fcs\u00fc - Av. Deniz Can K\u0131z\u0131l","isPartOf":{"@id":"https:\/\/denizcankizil.tr\/de\/#website"},"primaryImageOfPage":{"@id":"https:\/\/denizcankizil.tr\/uk\/haberler\/antalya\/kepezden-kardeslik-koprusu\/#primaryimage"},"image":{"@id":"https:\/\/denizcankizil.tr\/uk\/haberler\/antalya\/kepezden-kardeslik-koprusu\/#primaryimage"},"thumbnailUrl":"https:\/\/denizcankizil.tr\/wp-content\/uploads\/2025\/05\/6358-01-u0X9NO.jpg","datePublished":"2025-05-15T14:50:47+00:00","breadcrumb":{"@id":"https:\/\/denizcankizil.tr\/uk\/haberler\/antalya\/kepezden-kardeslik-koprusu\/#breadcrumb"},"inLanguage":"uk","potentialAction":[{"@type":"ReadAction","target":["https:\/\/denizcankizil.tr\/uk\/haberler\/antalya\/kepezden-kardeslik-koprusu\/"]}]},{"@type":"ImageObject","inLanguage":"uk","@id":"https:\/\/denizcankizil.tr\/uk\/haberler\/antalya\/kepezden-kardeslik-koprusu\/#primaryimage","url":"https:\/\/denizcankizil.tr\/wp-content\/uploads\/2025\/05\/6358-01-u0X9NO.jpg","contentUrl":"https:\/\/denizcankizil.tr\/wp-content\/uploads\/2025\/05\/6358-01-u0X9NO.jpg","width":1280,"height":720},{"@type":"BreadcrumbList","@id":"https:\/\/denizcankizil.tr\/uk\/haberler\/antalya\/kepezden-kardeslik-koprusu\/#breadcrumb","itemListElement":[{"@type":"ListItem","position":1,"name":"Home","item":"https:\/\/denizcankizil.tr\/de\/"},{"@type":"ListItem","position":2,"name":"Kepez&#8217;den karde\u015flik k\u00f6pr\u00fcs\u00fc"}]},{"@type":"WebSite","@id":"https:\/\/denizcankizil.tr\/de\/#website","url":"https:\/\/denizcankizil.tr\/de\/","name":"Av. Deniz Can K\u0131z\u0131l","description":"Avukat Deniz Can K\u0131z\u0131l Antalya Barosu","publisher":{"@id":"https:\/\/denizcankizil.tr\/de\/#organization"},"potentialAction":[{"@type":"SearchAction","target":{"@type":"EntryPoint","urlTemplate":"https:\/\/denizcankizil.tr\/de\/?s={search_term_string}"},"query-input":{"@type":"PropertyValueSpecification","valueRequired":true,"valueName":"search_term_string"}}],"inLanguage":"uk"},{"@type":"Organization","@id":"https:\/\/denizcankizil.tr\/de\/#organization","name":"Av. Deniz Can K\u0131z\u0131l","url":"https:\/\/denizcankizil.tr\/de\/","logo":{"@type":"ImageObject","inLanguage":"uk","@id":"https:\/\/denizcankizil.tr\/de\/#\/schema\/logo\/image\/","url":"https:\/\/denizcankizil.tr\/wp-content\/uploads\/2024\/10\/siyah-logo-svg.svg","contentUrl":"https:\/\/denizcankizil.tr\/wp-content\/uploads\/2024\/10\/siyah-logo-svg.svg","width":1080,"height":1080,"caption":"Av. Deniz Can K\u0131z\u0131l"},"image":{"@id":"https:\/\/denizcankizil.tr\/de\/#\/schema\/logo\/image\/"}},{"@type":"Person","@id":"https:\/\/denizcankizil.tr\/de\/#\/schema\/person\/5dc1b22991bd7ac833867c10afc9b0ff","name":"Av. Deniz Can K\u0131z\u0131l","image":{"@type":"ImageObject","inLanguage":"uk","@id":"https:\/\/denizcankizil.tr\/de\/#\/schema\/person\/image\/","url":"https:\/\/secure.gravatar.com\/avatar\/a0b128fb9855c79efc976d5640eedb31dc35ec297594d6016d2cf7c60e975bb6?s=96&d=mm&r=g","contentUrl":"https:\/\/secure.gravatar.com\/avatar\/a0b128fb9855c79efc976d5640eedb31dc35ec297594d6016d2cf7c60e975bb6?s=96&d=mm&r=g","caption":"Av. Deniz Can K\u0131z\u0131l"},"sameAs":["http:\/\/www.denizcankizil.tr"],"url":"https:\/\/denizcankizil.tr\/uk\/author\/denizcankizil\/"}]}},"_links":{"self":[{"href":"https:\/\/denizcankizil.tr\/uk\/wp-json\/wp\/v2\/posts\/87480","targetHints":{"allow":["GET"]}}],"collection":[{"href":"https:\/\/denizcankizil.tr\/uk\/wp-json\/wp\/v2\/posts"}],"about":[{"href":"https:\/\/denizcankizil.tr\/uk\/wp-json\/wp\/v2\/types\/post"}],"author":[{"embeddable":true,"href":"https:\/\/denizcankizil.tr\/uk\/wp-json\/wp\/v2\/users\/4"}],"replies":[{"embeddable":true,"href":"https:\/\/denizcankizil.tr\/uk\/wp-json\/wp\/v2\/comments?post=87480"}],"version-history":[{"count":0,"href":"https:\/\/denizcankizil.tr\/uk\/wp-json\/wp\/v2\/posts\/87480\/revisions"}],"wp:featuredmedia":[{"embeddable":true,"href":"https:\/\/denizcankizil.tr\/uk\/wp-json\/wp\/v2\/media\/87481"}],"wp:attachment":[{"href":"https:\/\/denizcankizil.tr\/uk\/wp-json\/wp\/v2\/media?parent=87480"}],"wp:term":[{"taxonomy":"category","embeddable":true,"href":"https:\/\/denizcankizil.tr\/uk\/wp-json\/wp\/v2\/categories?post=87480"},{"taxonomy":"post_tag","embeddable":true,"href":"https:\/\/denizcankizil.tr\/uk\/wp-json\/wp\/v2\/tags?post=87480"}],"curies":[{"name":"wp","href":"https:\/\/api.w.org\/{rel}","templated":true}]}}