{"id":87476,"date":"2025-05-15T16:51:37","date_gmt":"2025-05-15T13:51:37","guid":{"rendered":"https:\/\/denizcankizil.tr\/uncategorized-tr\/tarim-ufede-turuncgiller-zirvede\/"},"modified":"2025-05-15T16:51:37","modified_gmt":"2025-05-15T13:51:37","slug":"tarim-ufede-turuncgiller-zirvede","status":"publish","type":"post","link":"https:\/\/denizcankizil.tr\/uk\/haberler\/gundem\/tarim-ufede-turuncgiller-zirvede\/","title":{"rendered":"Tar\u0131m-\u00dcFE&#8217;de turun\u00e7giller zirvede"},"content":{"rendered":"<p>Tar\u0131m \u00dcr\u00fcnleri \u00dcretici Fiyat Endeksi (Tar\u0131m-\u00dcFE), Nisan 2025\u2019te y\u0131ll\u0131k bazda y\u00fczde 27,50 y\u00fckseldi, ancak ayl\u0131k y\u00fczde 0,45 geriledi. Turun\u00e7giller, y\u0131ll\u0131k ve ayl\u0131k en y\u00fcksek art\u0131\u015f g\u00f6steren alt grup oldu.ANKARA (\u0130GFA) &#8211; T\u00fcrkiye \u0130statistik Kurumu\u2019nun (T\u00dc\u0130K) verilerine g\u00f6re, Tar\u0131m-\u00dcFE (2020=100) Nisan 2025\u2019te bir \u00f6nceki aya g\u00f6re y\u00fczde 0,45 d\u00fc\u015f\u00fc\u015f, 2024 Aral\u0131k ay\u0131na g\u00f6re y\u00fczde 12,31, ge\u00e7en y\u0131l\u0131n ayn\u0131 ay\u0131na g\u00f6re y\u00fczde 27,50 ve 12 ayl\u0131k ortalamalara g\u00f6re y\u00fczde 37,52 art\u0131\u015f g\u00f6sterdi.<br \/>\nAyl\u0131k bazda tar\u0131m ve avc\u0131l\u0131k \u00fcr\u00fcnleri y\u00fczde 0,86 azal\u0131rken, ormanc\u0131l\u0131k \u00fcr\u00fcnleri y\u00fczde 3,71, bal\u0131k\u00e7\u0131l\u0131k ve su \u00fcr\u00fcnleri y\u00fczde 8,79 artt\u0131.<br \/>\nAna gruplarda tek y\u0131ll\u0131k bitkisel \u00fcr\u00fcnler y\u00fczde 8,33 gerilerken, \u00e7ok y\u0131ll\u0131k bitkisel \u00fcr\u00fcnler y\u00fczde 13,20, canl\u0131 hayvanlar ve hayvansal \u00fcr\u00fcnler y\u00fczde 1,54 y\u00fckseldi.<\/p>\n<p>Y\u0131ll\u0131k en y\u00fcksek art\u0131\u015f y\u00fczde 121,05 ile turun\u00e7gillerde, ayl\u0131k en y\u00fcksek art\u0131\u015f ise y\u00fczde 29,16 ile yine turun\u00e7gillerde kaydedildi.<\/p>\n<p>\u200bTar\u0131m \u00dcr\u00fcnleri \u00dcretici Fiyat Endeksi (Tar\u0131m-\u00dcFE), Nisan 2025\u2019te y\u0131ll\u0131k bazda y\u00fczde 27,50 y\u00fckseldi, ancak ayl\u0131k y\u00fczde 0,45 geriledi. Turun\u00e7giller, y\u0131ll\u0131k ve ayl\u0131k en y\u00fcksek art\u0131\u015f g\u00f6steren alt grup oldu.ANKARA (\u0130GFA) &#8211; T\u00fcrkiye \u0130statistik Kurumu\u2019nun (T\u00dc\u0130K) verilerine g\u00f6re, Tar\u0131m-\u00dcFE (2020=100) Nisan 2025\u2019te bir \u00f6nceki aya g\u00f6re y\u00fczde 0,45 d\u00fc\u015f\u00fc\u015f, 2024 Aral\u0131k ay\u0131na g\u00f6re y\u00fczde 12,31, ge\u00e7en y\u0131l\u0131n ayn\u0131 ay\u0131na g\u00f6re y\u00fczde 27,50 ve 12 ayl\u0131k ortalamalara g\u00f6re y\u00fczde 37,52 art\u0131\u015f g\u00f6sterdi.<br \/>\nAyl\u0131k bazda tar\u0131m ve avc\u0131l\u0131k \u00fcr\u00fcnleri y\u00fczde 0,86 azal\u0131rken, ormanc\u0131l\u0131k \u00fcr\u00fcnleri y\u00fczde 3,71, bal\u0131k\u00e7\u0131l\u0131k ve su \u00fcr\u00fcnleri y\u00fczde 8,79 artt\u0131.<br \/>\nAna gruplarda tek y\u0131ll\u0131k bitkisel \u00fcr\u00fcnler y\u00fczde 8,33 gerilerken, \u00e7ok y\u0131ll\u0131k bitkisel \u00fcr\u00fcnler y\u00fczde 13,20, canl\u0131 hayvanlar ve hayvansal \u00fcr\u00fcnler y\u00fczde 1,54 y\u00fckseldi.<\/p>\n<p>Y\u0131ll\u0131k en y\u00fcksek art\u0131\u015f y\u00fczde 121,05 ile turun\u00e7gillerde, ayl\u0131k en y\u00fcksek art\u0131\u015f ise y\u00fczde 29,16 ile yine turun\u00e7gillerde kaydedildi.\u00a0<\/p>\n<p>\u200bHaberin Al\u0131nt\u0131land\u0131\u011f\u0131 Kaynak: www.iskenderun.org<\/p>","protected":false},"excerpt":{"rendered":"<p>Tar\u0131m \u00dcr\u00fcnleri \u00dcretici Fiyat Endeksi (Tar\u0131m-\u00dcFE), Nisan 2025\u2019te y\u0131ll\u0131k bazda y\u00fczde 27,50 y\u00fckseldi, ancak ayl\u0131k y\u00fczde 0,45 geriledi. Turun\u00e7giller, y\u0131ll\u0131k ve ayl\u0131k en y\u00fcksek art\u0131\u015f g\u00f6steren alt grup oldu.ANKARA (\u0130GFA) &#8211; T\u00fcrkiye \u0130statistik Kurumu\u2019nun (T\u00dc\u0130K) verilerine g\u00f6re, Tar\u0131m-\u00dcFE (2020=100) Nisan 2025\u2019te bir \u00f6nceki aya g\u00f6re y\u00fczde 0,45 d\u00fc\u015f\u00fc\u015f, 2024 Aral\u0131k ay\u0131na g\u00f6re y\u00fczde 12,31, ge\u00e7en y\u0131l\u0131n ayn\u0131 ay\u0131na g\u00f6re y\u00fczde 27,50 ve 12 ayl\u0131k ortalamalara g\u00f6re y\u00fczde 37,52 art\u0131\u015f g\u00f6sterdi. Ayl\u0131k bazda tar\u0131m ve avc\u0131l\u0131k \u00fcr\u00fcnleri y\u00fczde 0,86 azal\u0131rken, ormanc\u0131l\u0131k \u00fcr\u00fcnleri y\u00fczde 3,71, bal\u0131k\u00e7\u0131l\u0131k ve su \u00fcr\u00fcnleri y\u00fczde 8,79 artt\u0131. Ana gruplarda tek y\u0131ll\u0131k bitkisel \u00fcr\u00fcnler y\u00fczde 8,33 gerilerken, \u00e7ok y\u0131ll\u0131k bitkisel \u00fcr\u00fcnler y\u00fczde 13,20, canl\u0131 hayvanlar ve hayvansal \u00fcr\u00fcnler y\u00fczde 1,54 y\u00fckseldi. Y\u0131ll\u0131k en y\u00fcksek art\u0131\u015f y\u00fczde 121,05 ile turun\u00e7gillerde, ayl\u0131k en y\u00fcksek art\u0131\u015f ise y\u00fczde 29,16 ile yine turun\u00e7gillerde kaydedildi. \u200bTar\u0131m \u00dcr\u00fcnleri \u00dcretici Fiyat Endeksi (Tar\u0131m-\u00dcFE), Nisan 2025\u2019te y\u0131ll\u0131k bazda y\u00fczde 27,50 y\u00fckseldi, ancak ayl\u0131k y\u00fczde 0,45 geriledi. Turun\u00e7giller, y\u0131ll\u0131k ve ayl\u0131k en y\u00fcksek art\u0131\u015f g\u00f6steren alt grup oldu.ANKARA (\u0130GFA) &#8211; T\u00fcrkiye \u0130statistik Kurumu\u2019nun (T\u00dc\u0130K) verilerine g\u00f6re, Tar\u0131m-\u00dcFE (2020=100) Nisan 2025\u2019te bir \u00f6nceki aya g\u00f6re y\u00fczde 0,45 d\u00fc\u015f\u00fc\u015f, 2024 Aral\u0131k ay\u0131na g\u00f6re y\u00fczde 12,31, ge\u00e7en y\u0131l\u0131n ayn\u0131 ay\u0131na g\u00f6re y\u00fczde 27,50 ve 12 ayl\u0131k ortalamalara g\u00f6re y\u00fczde 37,52 &hellip;<\/p>","protected":false},"author":1,"featured_media":0,"comment_status":"","ping_status":"open","sticky":false,"template":"","format":"standard","meta":{"_acf_changed":false,"footnotes":""},"categories":[24],"tags":[],"class_list":["post-87476","post","type-post","status-publish","format-standard","has-post-thumbnail","hentry","category-gundem"],"acf":[],"yoast_head":"<!-- This site is optimized with the Yoast SEO Premium plugin v26.6 (Yoast SEO v27.1.1) - https:\/\/yoast.com\/product\/yoast-seo-premium-wordpress\/ -->\n<title>Tar\u0131m-\u00dcFE&#039;de turun\u00e7giller zirvede - Av. Deniz Can K\u0131z\u0131l<\/title>\n<meta name=\"robots\" content=\"index, follow, max-snippet:-1, max-image-preview:large, max-video-preview:-1\" \/>\n<link rel=\"canonical\" href=\"https:\/\/denizcankizil.tr\/uk\/haberler\/gundem\/tarim-ufede-turuncgiller-zirvede\/\" \/>\n<meta property=\"og:locale\" content=\"uk_UA\" \/>\n<meta property=\"og:type\" content=\"article\" \/>\n<meta property=\"og:title\" content=\"Tar\u0131m-\u00dcFE&#039;de turun\u00e7giller zirvede\" \/>\n<meta property=\"og:description\" content=\"Tar\u0131m \u00dcr\u00fcnleri \u00dcretici Fiyat Endeksi (Tar\u0131m-\u00dcFE), Nisan 2025\u2019te y\u0131ll\u0131k bazda y\u00fczde 27,50 y\u00fckseldi, ancak ayl\u0131k y\u00fczde 0,45 geriledi. Turun\u00e7giller, y\u0131ll\u0131k ve ayl\u0131k en y\u00fcksek art\u0131\u015f g\u00f6steren alt grup oldu.ANKARA (\u0130GFA) &#8211; T\u00fcrkiye \u0130statistik Kurumu\u2019nun (T\u00dc\u0130K) verilerine g\u00f6re, Tar\u0131m-\u00dcFE (2020=100) Nisan 2025\u2019te bir \u00f6nceki aya g\u00f6re y\u00fczde 0,45 d\u00fc\u015f\u00fc\u015f, 2024 Aral\u0131k ay\u0131na g\u00f6re y\u00fczde 12,31, ge\u00e7en y\u0131l\u0131n ayn\u0131 ay\u0131na g\u00f6re y\u00fczde 27,50 ve 12 ayl\u0131k ortalamalara g\u00f6re y\u00fczde 37,52 art\u0131\u015f g\u00f6sterdi. Ayl\u0131k bazda tar\u0131m ve avc\u0131l\u0131k \u00fcr\u00fcnleri y\u00fczde 0,86 azal\u0131rken, ormanc\u0131l\u0131k \u00fcr\u00fcnleri y\u00fczde 3,71, bal\u0131k\u00e7\u0131l\u0131k ve su \u00fcr\u00fcnleri y\u00fczde 8,79 artt\u0131. Ana gruplarda tek y\u0131ll\u0131k bitkisel \u00fcr\u00fcnler y\u00fczde 8,33 gerilerken, \u00e7ok y\u0131ll\u0131k bitkisel \u00fcr\u00fcnler y\u00fczde 13,20, canl\u0131 hayvanlar ve hayvansal \u00fcr\u00fcnler y\u00fczde 1,54 y\u00fckseldi. Y\u0131ll\u0131k en y\u00fcksek art\u0131\u015f y\u00fczde 121,05 ile turun\u00e7gillerde, ayl\u0131k en y\u00fcksek art\u0131\u015f ise y\u00fczde 29,16 ile yine turun\u00e7gillerde kaydedildi. \u200bTar\u0131m \u00dcr\u00fcnleri \u00dcretici Fiyat Endeksi (Tar\u0131m-\u00dcFE), Nisan 2025\u2019te y\u0131ll\u0131k bazda y\u00fczde 27,50 y\u00fckseldi, ancak ayl\u0131k y\u00fczde 0,45 geriledi. Turun\u00e7giller, y\u0131ll\u0131k ve ayl\u0131k en y\u00fcksek art\u0131\u015f g\u00f6steren alt grup oldu.ANKARA (\u0130GFA) &#8211; T\u00fcrkiye \u0130statistik Kurumu\u2019nun (T\u00dc\u0130K) verilerine g\u00f6re, Tar\u0131m-\u00dcFE (2020=100) Nisan 2025\u2019te bir \u00f6nceki aya g\u00f6re y\u00fczde 0,45 d\u00fc\u015f\u00fc\u015f, 2024 Aral\u0131k ay\u0131na g\u00f6re y\u00fczde 12,31, ge\u00e7en y\u0131l\u0131n ayn\u0131 ay\u0131na g\u00f6re y\u00fczde 27,50 ve 12 ayl\u0131k ortalamalara g\u00f6re y\u00fczde 37,52 &hellip;\" \/>\n<meta property=\"og:url\" content=\"https:\/\/denizcankizil.tr\/uk\/haberler\/gundem\/tarim-ufede-turuncgiller-zirvede\/\" \/>\n<meta property=\"og:site_name\" content=\"Av. Deniz Can K\u0131z\u0131l\" \/>\n<meta property=\"article:published_time\" content=\"2025-05-15T13:51:37+00:00\" \/>\n<meta name=\"author\" content=\"admin\" \/>\n<meta name=\"twitter:card\" content=\"summary_large_image\" \/>\n<meta name=\"twitter:label1\" content=\"\u041d\u0430\u043f\u0438\u0441\u0430\u043d\u043e\" \/>\n\t<meta name=\"twitter:data1\" content=\"admin\" \/>\n\t<meta name=\"twitter:label2\" content=\"\u041f\u0440\u0438\u0431\u043b. \u0447\u0430\u0441 \u0447\u0438\u0442\u0430\u043d\u043d\u044f\" \/>\n\t<meta name=\"twitter:data2\" content=\"2 \u0445\u0432\u0438\u043b\u0438\u043d\u0438\" \/>\n<script type=\"application\/ld+json\" class=\"yoast-schema-graph\">{\"@context\":\"https:\/\/schema.org\",\"@graph\":[{\"@type\":\"Article\",\"@id\":\"https:\/\/denizcankizil.tr\/uk\/haberler\/gundem\/tarim-ufede-turuncgiller-zirvede\/#article\",\"isPartOf\":{\"@id\":\"https:\/\/denizcankizil.tr\/uk\/haberler\/gundem\/tarim-ufede-turuncgiller-zirvede\/\"},\"author\":{\"name\":\"admin\",\"@id\":\"https:\/\/denizcankizil.tr\/#\/schema\/person\/be3c05fe6a12686905512445d8185489\"},\"headline\":\"Tar\u0131m-\u00dcFE&#8217;de turun\u00e7giller zirvede\",\"datePublished\":\"2025-05-15T13:51:37+00:00\",\"mainEntityOfPage\":{\"@id\":\"https:\/\/denizcankizil.tr\/uk\/haberler\/gundem\/tarim-ufede-turuncgiller-zirvede\/\"},\"wordCount\":395,\"publisher\":{\"@id\":\"https:\/\/denizcankizil.tr\/#organization\"},\"articleSection\":[\"G\u00fcndem\"],\"inLanguage\":\"uk\"},{\"@type\":\"WebPage\",\"@id\":\"https:\/\/denizcankizil.tr\/uk\/haberler\/gundem\/tarim-ufede-turuncgiller-zirvede\/\",\"url\":\"https:\/\/denizcankizil.tr\/uk\/haberler\/gundem\/tarim-ufede-turuncgiller-zirvede\/\",\"name\":\"Tar\u0131m-\u00dcFE'de turun\u00e7giller zirvede - Av. Deniz Can K\u0131z\u0131l\",\"isPartOf\":{\"@id\":\"https:\/\/denizcankizil.tr\/#website\"},\"datePublished\":\"2025-05-15T13:51:37+00:00\",\"breadcrumb\":{\"@id\":\"https:\/\/denizcankizil.tr\/uk\/haberler\/gundem\/tarim-ufede-turuncgiller-zirvede\/#breadcrumb\"},\"inLanguage\":\"uk\",\"potentialAction\":[{\"@type\":\"ReadAction\",\"target\":[\"https:\/\/denizcankizil.tr\/uk\/haberler\/gundem\/tarim-ufede-turuncgiller-zirvede\/\"]}]},{\"@type\":\"BreadcrumbList\",\"@id\":\"https:\/\/denizcankizil.tr\/uk\/haberler\/gundem\/tarim-ufede-turuncgiller-zirvede\/#breadcrumb\",\"itemListElement\":[{\"@type\":\"ListItem\",\"position\":1,\"name\":\"Home\",\"item\":\"https:\/\/denizcankizil.tr\/de\/\"},{\"@type\":\"ListItem\",\"position\":2,\"name\":\"Tar\u0131m-\u00dcFE&#8217;de turun\u00e7giller zirvede\"}]},{\"@type\":\"WebSite\",\"@id\":\"https:\/\/denizcankizil.tr\/#website\",\"url\":\"https:\/\/denizcankizil.tr\/\",\"name\":\"Av. Deniz Can K\u0131z\u0131l\",\"description\":\"Avukat Deniz Can K\u0131z\u0131l Antalya Barosu\",\"publisher\":{\"@id\":\"https:\/\/denizcankizil.tr\/#organization\"},\"potentialAction\":[{\"@type\":\"SearchAction\",\"target\":{\"@type\":\"EntryPoint\",\"urlTemplate\":\"https:\/\/denizcankizil.tr\/?s={search_term_string}\"},\"query-input\":{\"@type\":\"PropertyValueSpecification\",\"valueRequired\":true,\"valueName\":\"search_term_string\"}}],\"inLanguage\":\"uk\"},{\"@type\":\"Organization\",\"@id\":\"https:\/\/denizcankizil.tr\/#organization\",\"name\":\"Av. Deniz Can K\u0131z\u0131l\",\"url\":\"https:\/\/denizcankizil.tr\/\",\"logo\":{\"@type\":\"ImageObject\",\"inLanguage\":\"uk\",\"@id\":\"https:\/\/denizcankizil.tr\/#\/schema\/logo\/image\/\",\"url\":\"https:\/\/denizcankizil.tr\/wp-content\/uploads\/2024\/10\/siyah-logo-svg.svg\",\"contentUrl\":\"https:\/\/denizcankizil.tr\/wp-content\/uploads\/2024\/10\/siyah-logo-svg.svg\",\"width\":1080,\"height\":1080,\"caption\":\"Av. Deniz Can K\u0131z\u0131l\"},\"image\":{\"@id\":\"https:\/\/denizcankizil.tr\/#\/schema\/logo\/image\/\"}},{\"@type\":\"Person\",\"@id\":\"https:\/\/denizcankizil.tr\/#\/schema\/person\/be3c05fe6a12686905512445d8185489\",\"name\":\"admin\",\"image\":{\"@type\":\"ImageObject\",\"inLanguage\":\"uk\",\"@id\":\"https:\/\/denizcankizil.tr\/#\/schema\/person\/image\/\",\"url\":\"https:\/\/secure.gravatar.com\/avatar\/c1fce94c830dc79107e174f890d7210541c4a63e8e5d816341794a2151c9d58c?s=96&d=mm&r=g\",\"contentUrl\":\"https:\/\/secure.gravatar.com\/avatar\/c1fce94c830dc79107e174f890d7210541c4a63e8e5d816341794a2151c9d58c?s=96&d=mm&r=g\",\"caption\":\"admin\"},\"sameAs\":[\"http:\/\/denizcankizil.tr\"],\"url\":\"https:\/\/www.iskenderun.org\/tarim-ufede-turuncgiller-zirvede\"}]}<\/script>\n<!-- \/ Yoast SEO Premium plugin. -->","yoast_head_json":{"title":"Tar\u0131m-\u00dcFE'de turun\u00e7giller zirvede - Av. Deniz Can K\u0131z\u0131l","robots":{"index":"index","follow":"follow","max-snippet":"max-snippet:-1","max-image-preview":"max-image-preview:large","max-video-preview":"max-video-preview:-1"},"canonical":"https:\/\/denizcankizil.tr\/uk\/haberler\/gundem\/tarim-ufede-turuncgiller-zirvede\/","og_locale":"uk_UA","og_type":"article","og_title":"Tar\u0131m-\u00dcFE'de turun\u00e7giller zirvede","og_description":"Tar\u0131m \u00dcr\u00fcnleri \u00dcretici Fiyat Endeksi (Tar\u0131m-\u00dcFE), Nisan 2025\u2019te y\u0131ll\u0131k bazda y\u00fczde 27,50 y\u00fckseldi, ancak ayl\u0131k y\u00fczde 0,45 geriledi. Turun\u00e7giller, y\u0131ll\u0131k ve ayl\u0131k en y\u00fcksek art\u0131\u015f g\u00f6steren alt grup oldu.ANKARA (\u0130GFA) &#8211; T\u00fcrkiye \u0130statistik Kurumu\u2019nun (T\u00dc\u0130K) verilerine g\u00f6re, Tar\u0131m-\u00dcFE (2020=100) Nisan 2025\u2019te bir \u00f6nceki aya g\u00f6re y\u00fczde 0,45 d\u00fc\u015f\u00fc\u015f, 2024 Aral\u0131k ay\u0131na g\u00f6re y\u00fczde 12,31, ge\u00e7en y\u0131l\u0131n ayn\u0131 ay\u0131na g\u00f6re y\u00fczde 27,50 ve 12 ayl\u0131k ortalamalara g\u00f6re y\u00fczde 37,52 art\u0131\u015f g\u00f6sterdi. Ayl\u0131k bazda tar\u0131m ve avc\u0131l\u0131k \u00fcr\u00fcnleri y\u00fczde 0,86 azal\u0131rken, ormanc\u0131l\u0131k \u00fcr\u00fcnleri y\u00fczde 3,71, bal\u0131k\u00e7\u0131l\u0131k ve su \u00fcr\u00fcnleri y\u00fczde 8,79 artt\u0131. Ana gruplarda tek y\u0131ll\u0131k bitkisel \u00fcr\u00fcnler y\u00fczde 8,33 gerilerken, \u00e7ok y\u0131ll\u0131k bitkisel \u00fcr\u00fcnler y\u00fczde 13,20, canl\u0131 hayvanlar ve hayvansal \u00fcr\u00fcnler y\u00fczde 1,54 y\u00fckseldi. Y\u0131ll\u0131k en y\u00fcksek art\u0131\u015f y\u00fczde 121,05 ile turun\u00e7gillerde, ayl\u0131k en y\u00fcksek art\u0131\u015f ise y\u00fczde 29,16 ile yine turun\u00e7gillerde kaydedildi. \u200bTar\u0131m \u00dcr\u00fcnleri \u00dcretici Fiyat Endeksi (Tar\u0131m-\u00dcFE), Nisan 2025\u2019te y\u0131ll\u0131k bazda y\u00fczde 27,50 y\u00fckseldi, ancak ayl\u0131k y\u00fczde 0,45 geriledi. Turun\u00e7giller, y\u0131ll\u0131k ve ayl\u0131k en y\u00fcksek art\u0131\u015f g\u00f6steren alt grup oldu.ANKARA (\u0130GFA) &#8211; T\u00fcrkiye \u0130statistik Kurumu\u2019nun (T\u00dc\u0130K) verilerine g\u00f6re, Tar\u0131m-\u00dcFE (2020=100) Nisan 2025\u2019te bir \u00f6nceki aya g\u00f6re y\u00fczde 0,45 d\u00fc\u015f\u00fc\u015f, 2024 Aral\u0131k ay\u0131na g\u00f6re y\u00fczde 12,31, ge\u00e7en y\u0131l\u0131n ayn\u0131 ay\u0131na g\u00f6re y\u00fczde 27,50 ve 12 ayl\u0131k ortalamalara g\u00f6re y\u00fczde 37,52 &hellip;","og_url":"https:\/\/denizcankizil.tr\/uk\/haberler\/gundem\/tarim-ufede-turuncgiller-zirvede\/","og_site_name":"Av. Deniz Can K\u0131z\u0131l","article_published_time":"2025-05-15T13:51:37+00:00","author":"admin","twitter_card":"summary_large_image","twitter_misc":{"\u041d\u0430\u043f\u0438\u0441\u0430\u043d\u043e":"admin","\u041f\u0440\u0438\u0431\u043b. \u0447\u0430\u0441 \u0447\u0438\u0442\u0430\u043d\u043d\u044f":"2 \u0445\u0432\u0438\u043b\u0438\u043d\u0438"},"schema":{"@context":"https:\/\/schema.org","@graph":[{"@type":"Article","@id":"https:\/\/denizcankizil.tr\/uk\/haberler\/gundem\/tarim-ufede-turuncgiller-zirvede\/#article","isPartOf":{"@id":"https:\/\/denizcankizil.tr\/uk\/haberler\/gundem\/tarim-ufede-turuncgiller-zirvede\/"},"author":{"name":"admin","@id":"https:\/\/denizcankizil.tr\/#\/schema\/person\/be3c05fe6a12686905512445d8185489"},"headline":"Tar\u0131m-\u00dcFE&#8217;de turun\u00e7giller zirvede","datePublished":"2025-05-15T13:51:37+00:00","mainEntityOfPage":{"@id":"https:\/\/denizcankizil.tr\/uk\/haberler\/gundem\/tarim-ufede-turuncgiller-zirvede\/"},"wordCount":395,"publisher":{"@id":"https:\/\/denizcankizil.tr\/#organization"},"articleSection":["G\u00fcndem"],"inLanguage":"uk"},{"@type":"WebPage","@id":"https:\/\/denizcankizil.tr\/uk\/haberler\/gundem\/tarim-ufede-turuncgiller-zirvede\/","url":"https:\/\/denizcankizil.tr\/uk\/haberler\/gundem\/tarim-ufede-turuncgiller-zirvede\/","name":"Tar\u0131m-\u00dcFE'de turun\u00e7giller zirvede - Av. Deniz Can K\u0131z\u0131l","isPartOf":{"@id":"https:\/\/denizcankizil.tr\/#website"},"datePublished":"2025-05-15T13:51:37+00:00","breadcrumb":{"@id":"https:\/\/denizcankizil.tr\/uk\/haberler\/gundem\/tarim-ufede-turuncgiller-zirvede\/#breadcrumb"},"inLanguage":"uk","potentialAction":[{"@type":"ReadAction","target":["https:\/\/denizcankizil.tr\/uk\/haberler\/gundem\/tarim-ufede-turuncgiller-zirvede\/"]}]},{"@type":"BreadcrumbList","@id":"https:\/\/denizcankizil.tr\/uk\/haberler\/gundem\/tarim-ufede-turuncgiller-zirvede\/#breadcrumb","itemListElement":[{"@type":"ListItem","position":1,"name":"Home","item":"https:\/\/denizcankizil.tr\/de\/"},{"@type":"ListItem","position":2,"name":"Tar\u0131m-\u00dcFE&#8217;de turun\u00e7giller zirvede"}]},{"@type":"WebSite","@id":"https:\/\/denizcankizil.tr\/#website","url":"https:\/\/denizcankizil.tr\/","name":"Av. Deniz Can K\u0131z\u0131l","description":"Avukat Deniz Can K\u0131z\u0131l Antalya Barosu","publisher":{"@id":"https:\/\/denizcankizil.tr\/#organization"},"potentialAction":[{"@type":"SearchAction","target":{"@type":"EntryPoint","urlTemplate":"https:\/\/denizcankizil.tr\/?s={search_term_string}"},"query-input":{"@type":"PropertyValueSpecification","valueRequired":true,"valueName":"search_term_string"}}],"inLanguage":"uk"},{"@type":"Organization","@id":"https:\/\/denizcankizil.tr\/#organization","name":"Av. Deniz Can K\u0131z\u0131l","url":"https:\/\/denizcankizil.tr\/","logo":{"@type":"ImageObject","inLanguage":"uk","@id":"https:\/\/denizcankizil.tr\/#\/schema\/logo\/image\/","url":"https:\/\/denizcankizil.tr\/wp-content\/uploads\/2024\/10\/siyah-logo-svg.svg","contentUrl":"https:\/\/denizcankizil.tr\/wp-content\/uploads\/2024\/10\/siyah-logo-svg.svg","width":1080,"height":1080,"caption":"Av. Deniz Can K\u0131z\u0131l"},"image":{"@id":"https:\/\/denizcankizil.tr\/#\/schema\/logo\/image\/"}},{"@type":"Person","@id":"https:\/\/denizcankizil.tr\/#\/schema\/person\/be3c05fe6a12686905512445d8185489","name":"\u0430\u0434\u043c\u0456\u043d","image":{"@type":"ImageObject","inLanguage":"uk","@id":"https:\/\/denizcankizil.tr\/#\/schema\/person\/image\/","url":"https:\/\/secure.gravatar.com\/avatar\/c1fce94c830dc79107e174f890d7210541c4a63e8e5d816341794a2151c9d58c?s=96&d=mm&r=g","contentUrl":"https:\/\/secure.gravatar.com\/avatar\/c1fce94c830dc79107e174f890d7210541c4a63e8e5d816341794a2151c9d58c?s=96&d=mm&r=g","caption":"admin"},"sameAs":["http:\/\/denizcankizil.tr"],"url":"https:\/\/www.iskenderun.org\/tarim-ufede-turuncgiller-zirvede"}]}},"_links":{"self":[{"href":"https:\/\/denizcankizil.tr\/uk\/wp-json\/wp\/v2\/posts\/87476","targetHints":{"allow":["GET"]}}],"collection":[{"href":"https:\/\/denizcankizil.tr\/uk\/wp-json\/wp\/v2\/posts"}],"about":[{"href":"https:\/\/denizcankizil.tr\/uk\/wp-json\/wp\/v2\/types\/post"}],"author":[{"embeddable":true,"href":"https:\/\/denizcankizil.tr\/uk\/wp-json\/wp\/v2\/users\/1"}],"replies":[{"embeddable":true,"href":"https:\/\/denizcankizil.tr\/uk\/wp-json\/wp\/v2\/comments?post=87476"}],"version-history":[{"count":0,"href":"https:\/\/denizcankizil.tr\/uk\/wp-json\/wp\/v2\/posts\/87476\/revisions"}],"wp:attachment":[{"href":"https:\/\/denizcankizil.tr\/uk\/wp-json\/wp\/v2\/media?parent=87476"}],"wp:term":[{"taxonomy":"category","embeddable":true,"href":"https:\/\/denizcankizil.tr\/uk\/wp-json\/wp\/v2\/categories?post=87476"},{"taxonomy":"post_tag","embeddable":true,"href":"https:\/\/denizcankizil.tr\/uk\/wp-json\/wp\/v2\/tags?post=87476"}],"curies":[{"name":"wp","href":"https:\/\/api.w.org\/{rel}","templated":true}]}}