{"id":87328,"date":"2025-05-15T13:42:40","date_gmt":"2025-05-15T10:42:40","guid":{"rendered":"https:\/\/denizcankizil.tr\/uncategorized-tr\/batti-ciktida-tek-tarafli-motosiklet-kazasi\/"},"modified":"2025-05-15T13:42:40","modified_gmt":"2025-05-15T10:42:40","slug":"batti-ciktida-tek-tarafli-motosiklet-kazasi","status":"publish","type":"post","link":"https:\/\/denizcankizil.tr\/uk\/haberler\/gundem\/batti-ciktida-tek-tarafli-motosiklet-kazasi\/","title":{"rendered":"Batt\u0131-\u00e7\u0131kt\u0131da tek tarafl\u0131 motosiklet kazas\u0131\u2026"},"content":{"rendered":"<p>Edinilen bilgilere g\u00f6re kaza, gece saatlerinde \u0130skenderun Pac Meydan\u0131 ile Mete Aslan Bulvar\u0131 aras\u0131nda bulunan batt\u0131-\u00e7\u0131kt\u0131n\u0131n altge\u00e7idinde meydana geldi. Adana istikametinden \u0130skenderun Pac Meydan\u0131 y\u00f6n\u00fcne seyir halinde olan 31 AGD 974 plakal\u0131 motosikletin s\u00fcr\u00fcc\u00fcs\u00fc Hasan \u00d6ral, hen\u00fcz bilinmeyen bir nedenle \u00e7\u0131k\u0131\u015f rampas\u0131 yak\u0131n\u0131nda direksiyon hakimiyetini kaybederek orta ref\u00fcje \u00e7arpt\u0131. Kazada motosiklet s\u00fcr\u00fcc\u00fcs\u00fc Hasan \u00d6ral ve arkas\u0131nda bulunan Emre \u00c7elik a\u011f\u0131r yaraland\u0131. \u00c7evredeki vatanda\u015flar\u0131n ihbar\u0131 \u00fczerine olay yerine sa\u011fl\u0131k ve emniyet ekipleri sevk edildi.<\/p>\n<p>Sa\u011fl\u0131k ekipleri, durumu kritik olan motosiklet s\u00fcr\u00fcc\u00fcs\u00fc Hasan \u00d6ral\u2019a olay yerinde kalp masaj\u0131 yaparak hayata d\u00f6nd\u00fcrmeye \u00e7al\u0131\u015ft\u0131. Ancak kald\u0131r\u0131ld\u0131\u011f\u0131 hastanede yap\u0131lan t\u00fcm m\u00fcdahalelere ra\u011fmen s\u00fcr\u00fcc\u00fc Hasan \u00d6ral ya\u015fam\u0131n\u0131 yitirdi. Motosiklette yolcu olarak bulunan Emre \u00c7elik ise a\u011f\u0131r yaral\u0131 olarak hastaneye kald\u0131r\u0131ld\u0131, durumunun ciddiyetini korudu\u011fu \u00f6\u011frenildi. Kazayla ilgili Emniyet g\u00fc\u00e7leri, soru\u015fturma ba\u015flatt\u0131.<\/p>\n<p>\u200bHatay\u2019\u0131n \u0130skenderun il\u00e7esinde batt\u0131-\u00e7\u0131kt\u0131 altge\u00e7idinde meydana gelen tek tarafl\u0131 motosiklet kazas\u0131nda iki ki\u015fi yaraland\u0131, kazada durumu a\u011f\u0131r olan ve kalbi duran motosiklet s\u00fcr\u00fcc\u00fcs\u00fcne olay yerinde sa\u011fl\u0131k ekipleri kalp masaj\u0131 yapt\u0131, ancak hastanede kurtar\u0131lamad\u0131.\u00a0<\/p>\n<p>\u200bHaberin Al\u0131nt\u0131land\u0131\u011f\u0131 Kaynak: www.iskenderun.org<\/p>","protected":false},"excerpt":{"rendered":"<p>Edinilen bilgilere g\u00f6re kaza, gece saatlerinde \u0130skenderun Pac Meydan\u0131 ile Mete Aslan Bulvar\u0131 aras\u0131nda bulunan batt\u0131-\u00e7\u0131kt\u0131n\u0131n altge\u00e7idinde meydana geldi. Adana istikametinden \u0130skenderun Pac Meydan\u0131 y\u00f6n\u00fcne seyir halinde olan 31 AGD 974 plakal\u0131 motosikletin s\u00fcr\u00fcc\u00fcs\u00fc Hasan \u00d6ral, hen\u00fcz bilinmeyen bir nedenle \u00e7\u0131k\u0131\u015f rampas\u0131 yak\u0131n\u0131nda direksiyon hakimiyetini kaybederek orta ref\u00fcje \u00e7arpt\u0131. Kazada motosiklet s\u00fcr\u00fcc\u00fcs\u00fc Hasan \u00d6ral ve arkas\u0131nda bulunan Emre \u00c7elik a\u011f\u0131r yaraland\u0131. \u00c7evredeki vatanda\u015flar\u0131n ihbar\u0131 \u00fczerine olay yerine sa\u011fl\u0131k ve emniyet ekipleri sevk edildi. Sa\u011fl\u0131k ekipleri, durumu kritik olan motosiklet s\u00fcr\u00fcc\u00fcs\u00fc Hasan \u00d6ral\u2019a olay yerinde kalp masaj\u0131 yaparak hayata d\u00f6nd\u00fcrmeye \u00e7al\u0131\u015ft\u0131. Ancak kald\u0131r\u0131ld\u0131\u011f\u0131 hastanede yap\u0131lan t\u00fcm m\u00fcdahalelere ra\u011fmen s\u00fcr\u00fcc\u00fc Hasan \u00d6ral ya\u015fam\u0131n\u0131 yitirdi. Motosiklette yolcu olarak bulunan Emre \u00c7elik ise a\u011f\u0131r yaral\u0131 olarak hastaneye kald\u0131r\u0131ld\u0131, durumunun ciddiyetini korudu\u011fu \u00f6\u011frenildi. Kazayla ilgili Emniyet g\u00fc\u00e7leri, soru\u015fturma ba\u015flatt\u0131. \u200bHatay\u2019\u0131n \u0130skenderun il\u00e7esinde batt\u0131-\u00e7\u0131kt\u0131 altge\u00e7idinde meydana gelen tek tarafl\u0131 motosiklet kazas\u0131nda iki ki\u015fi yaraland\u0131, kazada durumu a\u011f\u0131r olan ve kalbi duran motosiklet s\u00fcr\u00fcc\u00fcs\u00fcne olay yerinde sa\u011fl\u0131k ekipleri kalp masaj\u0131 yapt\u0131, ancak hastanede kurtar\u0131lamad\u0131.\u00a0 \u200bHaberin Al\u0131nt\u0131land\u0131\u011f\u0131 Kaynak: www.iskenderun.org<\/p>","protected":false},"author":1,"featured_media":0,"comment_status":"","ping_status":"open","sticky":false,"template":"","format":"standard","meta":{"_acf_changed":false,"footnotes":""},"categories":[24],"tags":[],"class_list":["post-87328","post","type-post","status-publish","format-standard","has-post-thumbnail","hentry","category-gundem"],"acf":[],"yoast_head":"<!-- This site is optimized with the Yoast SEO Premium plugin v26.6 (Yoast SEO v27.1.1) - https:\/\/yoast.com\/product\/yoast-seo-premium-wordpress\/ -->\n<title>Batt\u0131-\u00e7\u0131kt\u0131da tek tarafl\u0131 motosiklet kazas\u0131\u2026 - Av. Deniz Can K\u0131z\u0131l<\/title>\n<meta name=\"robots\" content=\"index, follow, max-snippet:-1, max-image-preview:large, max-video-preview:-1\" \/>\n<link rel=\"canonical\" href=\"https:\/\/denizcankizil.tr\/uk\/haberler\/gundem\/batti-ciktida-tek-tarafli-motosiklet-kazasi\/\" \/>\n<meta property=\"og:locale\" content=\"uk_UA\" \/>\n<meta property=\"og:type\" content=\"article\" \/>\n<meta property=\"og:title\" content=\"Batt\u0131-\u00e7\u0131kt\u0131da tek tarafl\u0131 motosiklet kazas\u0131\u2026\" \/>\n<meta property=\"og:description\" content=\"Edinilen bilgilere g\u00f6re kaza, gece saatlerinde \u0130skenderun Pac Meydan\u0131 ile Mete Aslan Bulvar\u0131 aras\u0131nda bulunan batt\u0131-\u00e7\u0131kt\u0131n\u0131n altge\u00e7idinde meydana geldi. Adana istikametinden \u0130skenderun Pac Meydan\u0131 y\u00f6n\u00fcne seyir halinde olan 31 AGD 974 plakal\u0131 motosikletin s\u00fcr\u00fcc\u00fcs\u00fc Hasan \u00d6ral, hen\u00fcz bilinmeyen bir nedenle \u00e7\u0131k\u0131\u015f rampas\u0131 yak\u0131n\u0131nda direksiyon hakimiyetini kaybederek orta ref\u00fcje \u00e7arpt\u0131. Kazada motosiklet s\u00fcr\u00fcc\u00fcs\u00fc Hasan \u00d6ral ve arkas\u0131nda bulunan Emre \u00c7elik a\u011f\u0131r yaraland\u0131. \u00c7evredeki vatanda\u015flar\u0131n ihbar\u0131 \u00fczerine olay yerine sa\u011fl\u0131k ve emniyet ekipleri sevk edildi. Sa\u011fl\u0131k ekipleri, durumu kritik olan motosiklet s\u00fcr\u00fcc\u00fcs\u00fc Hasan \u00d6ral\u2019a olay yerinde kalp masaj\u0131 yaparak hayata d\u00f6nd\u00fcrmeye \u00e7al\u0131\u015ft\u0131. Ancak kald\u0131r\u0131ld\u0131\u011f\u0131 hastanede yap\u0131lan t\u00fcm m\u00fcdahalelere ra\u011fmen s\u00fcr\u00fcc\u00fc Hasan \u00d6ral ya\u015fam\u0131n\u0131 yitirdi. Motosiklette yolcu olarak bulunan Emre \u00c7elik ise a\u011f\u0131r yaral\u0131 olarak hastaneye kald\u0131r\u0131ld\u0131, durumunun ciddiyetini korudu\u011fu \u00f6\u011frenildi. Kazayla ilgili Emniyet g\u00fc\u00e7leri, soru\u015fturma ba\u015flatt\u0131. \u200bHatay\u2019\u0131n \u0130skenderun il\u00e7esinde batt\u0131-\u00e7\u0131kt\u0131 altge\u00e7idinde meydana gelen tek tarafl\u0131 motosiklet kazas\u0131nda iki ki\u015fi yaraland\u0131, kazada durumu a\u011f\u0131r olan ve kalbi duran motosiklet s\u00fcr\u00fcc\u00fcs\u00fcne olay yerinde sa\u011fl\u0131k ekipleri kalp masaj\u0131 yapt\u0131, ancak hastanede kurtar\u0131lamad\u0131.\u00a0 \u200bHaberin Al\u0131nt\u0131land\u0131\u011f\u0131 Kaynak: www.iskenderun.org\" \/>\n<meta property=\"og:url\" content=\"https:\/\/denizcankizil.tr\/uk\/haberler\/gundem\/batti-ciktida-tek-tarafli-motosiklet-kazasi\/\" \/>\n<meta property=\"og:site_name\" content=\"Av. Deniz Can K\u0131z\u0131l\" \/>\n<meta property=\"article:published_time\" content=\"2025-05-15T10:42:40+00:00\" \/>\n<meta name=\"author\" content=\"admin\" \/>\n<meta name=\"twitter:card\" content=\"summary_large_image\" \/>\n<meta name=\"twitter:label1\" content=\"\u041d\u0430\u043f\u0438\u0441\u0430\u043d\u043e\" \/>\n\t<meta name=\"twitter:data1\" content=\"admin\" \/>\n\t<meta name=\"twitter:label2\" content=\"\u041f\u0440\u0438\u0431\u043b. \u0447\u0430\u0441 \u0447\u0438\u0442\u0430\u043d\u043d\u044f\" \/>\n\t<meta name=\"twitter:data2\" content=\"1 \u0445\u0432\u0438\u043b\u0438\u043d\u0430\" \/>\n<script type=\"application\/ld+json\" class=\"yoast-schema-graph\">{\"@context\":\"https:\/\/schema.org\",\"@graph\":[{\"@type\":\"Article\",\"@id\":\"https:\/\/denizcankizil.tr\/uk\/haberler\/gundem\/batti-ciktida-tek-tarafli-motosiklet-kazasi\/#article\",\"isPartOf\":{\"@id\":\"https:\/\/denizcankizil.tr\/uk\/haberler\/gundem\/batti-ciktida-tek-tarafli-motosiklet-kazasi\/\"},\"author\":{\"name\":\"admin\",\"@id\":\"https:\/\/denizcankizil.tr\/#\/schema\/person\/be3c05fe6a12686905512445d8185489\"},\"headline\":\"Batt\u0131-\u00e7\u0131kt\u0131da tek tarafl\u0131 motosiklet kazas\u0131\u2026\",\"datePublished\":\"2025-05-15T10:42:40+00:00\",\"mainEntityOfPage\":{\"@id\":\"https:\/\/denizcankizil.tr\/uk\/haberler\/gundem\/batti-ciktida-tek-tarafli-motosiklet-kazasi\/\"},\"wordCount\":237,\"publisher\":{\"@id\":\"https:\/\/denizcankizil.tr\/#organization\"},\"articleSection\":[\"G\u00fcndem\"],\"inLanguage\":\"uk\"},{\"@type\":\"WebPage\",\"@id\":\"https:\/\/denizcankizil.tr\/uk\/haberler\/gundem\/batti-ciktida-tek-tarafli-motosiklet-kazasi\/\",\"url\":\"https:\/\/denizcankizil.tr\/uk\/haberler\/gundem\/batti-ciktida-tek-tarafli-motosiklet-kazasi\/\",\"name\":\"Batt\u0131-\u00e7\u0131kt\u0131da tek tarafl\u0131 motosiklet kazas\u0131\u2026 - Av. Deniz Can K\u0131z\u0131l\",\"isPartOf\":{\"@id\":\"https:\/\/denizcankizil.tr\/#website\"},\"datePublished\":\"2025-05-15T10:42:40+00:00\",\"breadcrumb\":{\"@id\":\"https:\/\/denizcankizil.tr\/uk\/haberler\/gundem\/batti-ciktida-tek-tarafli-motosiklet-kazasi\/#breadcrumb\"},\"inLanguage\":\"uk\",\"potentialAction\":[{\"@type\":\"ReadAction\",\"target\":[\"https:\/\/denizcankizil.tr\/uk\/haberler\/gundem\/batti-ciktida-tek-tarafli-motosiklet-kazasi\/\"]}]},{\"@type\":\"BreadcrumbList\",\"@id\":\"https:\/\/denizcankizil.tr\/uk\/haberler\/gundem\/batti-ciktida-tek-tarafli-motosiklet-kazasi\/#breadcrumb\",\"itemListElement\":[{\"@type\":\"ListItem\",\"position\":1,\"name\":\"Home\",\"item\":\"https:\/\/denizcankizil.tr\/de\/\"},{\"@type\":\"ListItem\",\"position\":2,\"name\":\"Batt\u0131-\u00e7\u0131kt\u0131da tek tarafl\u0131 motosiklet kazas\u0131\u2026\"}]},{\"@type\":\"WebSite\",\"@id\":\"https:\/\/denizcankizil.tr\/#website\",\"url\":\"https:\/\/denizcankizil.tr\/\",\"name\":\"Av. Deniz Can K\u0131z\u0131l\",\"description\":\"Avukat Deniz Can K\u0131z\u0131l Antalya Barosu\",\"publisher\":{\"@id\":\"https:\/\/denizcankizil.tr\/#organization\"},\"potentialAction\":[{\"@type\":\"SearchAction\",\"target\":{\"@type\":\"EntryPoint\",\"urlTemplate\":\"https:\/\/denizcankizil.tr\/?s={search_term_string}\"},\"query-input\":{\"@type\":\"PropertyValueSpecification\",\"valueRequired\":true,\"valueName\":\"search_term_string\"}}],\"inLanguage\":\"uk\"},{\"@type\":\"Organization\",\"@id\":\"https:\/\/denizcankizil.tr\/#organization\",\"name\":\"Av. Deniz Can K\u0131z\u0131l\",\"url\":\"https:\/\/denizcankizil.tr\/\",\"logo\":{\"@type\":\"ImageObject\",\"inLanguage\":\"uk\",\"@id\":\"https:\/\/denizcankizil.tr\/#\/schema\/logo\/image\/\",\"url\":\"https:\/\/denizcankizil.tr\/wp-content\/uploads\/2024\/10\/siyah-logo-svg.svg\",\"contentUrl\":\"https:\/\/denizcankizil.tr\/wp-content\/uploads\/2024\/10\/siyah-logo-svg.svg\",\"width\":1080,\"height\":1080,\"caption\":\"Av. Deniz Can K\u0131z\u0131l\"},\"image\":{\"@id\":\"https:\/\/denizcankizil.tr\/#\/schema\/logo\/image\/\"}},{\"@type\":\"Person\",\"@id\":\"https:\/\/denizcankizil.tr\/#\/schema\/person\/be3c05fe6a12686905512445d8185489\",\"name\":\"admin\",\"image\":{\"@type\":\"ImageObject\",\"inLanguage\":\"uk\",\"@id\":\"https:\/\/denizcankizil.tr\/#\/schema\/person\/image\/\",\"url\":\"https:\/\/secure.gravatar.com\/avatar\/c1fce94c830dc79107e174f890d7210541c4a63e8e5d816341794a2151c9d58c?s=96&d=mm&r=g\",\"contentUrl\":\"https:\/\/secure.gravatar.com\/avatar\/c1fce94c830dc79107e174f890d7210541c4a63e8e5d816341794a2151c9d58c?s=96&d=mm&r=g\",\"caption\":\"admin\"},\"sameAs\":[\"http:\/\/denizcankizil.tr\"],\"url\":\"https:\/\/www.iskenderun.org\/batti-ciktida-tek-tarafli-motosiklet-kazasi\"}]}<\/script>\n<!-- \/ Yoast SEO Premium plugin. -->","yoast_head_json":{"title":"Batt\u0131-\u00e7\u0131kt\u0131da tek tarafl\u0131 motosiklet kazas\u0131\u2026 - Av. Deniz Can K\u0131z\u0131l","robots":{"index":"index","follow":"follow","max-snippet":"max-snippet:-1","max-image-preview":"max-image-preview:large","max-video-preview":"max-video-preview:-1"},"canonical":"https:\/\/denizcankizil.tr\/uk\/haberler\/gundem\/batti-ciktida-tek-tarafli-motosiklet-kazasi\/","og_locale":"uk_UA","og_type":"article","og_title":"Batt\u0131-\u00e7\u0131kt\u0131da tek tarafl\u0131 motosiklet kazas\u0131\u2026","og_description":"Edinilen bilgilere g\u00f6re kaza, gece saatlerinde \u0130skenderun Pac Meydan\u0131 ile Mete Aslan Bulvar\u0131 aras\u0131nda bulunan batt\u0131-\u00e7\u0131kt\u0131n\u0131n altge\u00e7idinde meydana geldi. Adana istikametinden \u0130skenderun Pac Meydan\u0131 y\u00f6n\u00fcne seyir halinde olan 31 AGD 974 plakal\u0131 motosikletin s\u00fcr\u00fcc\u00fcs\u00fc Hasan \u00d6ral, hen\u00fcz bilinmeyen bir nedenle \u00e7\u0131k\u0131\u015f rampas\u0131 yak\u0131n\u0131nda direksiyon hakimiyetini kaybederek orta ref\u00fcje \u00e7arpt\u0131. Kazada motosiklet s\u00fcr\u00fcc\u00fcs\u00fc Hasan \u00d6ral ve arkas\u0131nda bulunan Emre \u00c7elik a\u011f\u0131r yaraland\u0131. \u00c7evredeki vatanda\u015flar\u0131n ihbar\u0131 \u00fczerine olay yerine sa\u011fl\u0131k ve emniyet ekipleri sevk edildi. Sa\u011fl\u0131k ekipleri, durumu kritik olan motosiklet s\u00fcr\u00fcc\u00fcs\u00fc Hasan \u00d6ral\u2019a olay yerinde kalp masaj\u0131 yaparak hayata d\u00f6nd\u00fcrmeye \u00e7al\u0131\u015ft\u0131. Ancak kald\u0131r\u0131ld\u0131\u011f\u0131 hastanede yap\u0131lan t\u00fcm m\u00fcdahalelere ra\u011fmen s\u00fcr\u00fcc\u00fc Hasan \u00d6ral ya\u015fam\u0131n\u0131 yitirdi. Motosiklette yolcu olarak bulunan Emre \u00c7elik ise a\u011f\u0131r yaral\u0131 olarak hastaneye kald\u0131r\u0131ld\u0131, durumunun ciddiyetini korudu\u011fu \u00f6\u011frenildi. Kazayla ilgili Emniyet g\u00fc\u00e7leri, soru\u015fturma ba\u015flatt\u0131. \u200bHatay\u2019\u0131n \u0130skenderun il\u00e7esinde batt\u0131-\u00e7\u0131kt\u0131 altge\u00e7idinde meydana gelen tek tarafl\u0131 motosiklet kazas\u0131nda iki ki\u015fi yaraland\u0131, kazada durumu a\u011f\u0131r olan ve kalbi duran motosiklet s\u00fcr\u00fcc\u00fcs\u00fcne olay yerinde sa\u011fl\u0131k ekipleri kalp masaj\u0131 yapt\u0131, ancak hastanede kurtar\u0131lamad\u0131.\u00a0 \u200bHaberin Al\u0131nt\u0131land\u0131\u011f\u0131 Kaynak: www.iskenderun.org","og_url":"https:\/\/denizcankizil.tr\/uk\/haberler\/gundem\/batti-ciktida-tek-tarafli-motosiklet-kazasi\/","og_site_name":"Av. Deniz Can K\u0131z\u0131l","article_published_time":"2025-05-15T10:42:40+00:00","author":"admin","twitter_card":"summary_large_image","twitter_misc":{"\u041d\u0430\u043f\u0438\u0441\u0430\u043d\u043e":"admin","\u041f\u0440\u0438\u0431\u043b. \u0447\u0430\u0441 \u0447\u0438\u0442\u0430\u043d\u043d\u044f":"1 \u0445\u0432\u0438\u043b\u0438\u043d\u0430"},"schema":{"@context":"https:\/\/schema.org","@graph":[{"@type":"Article","@id":"https:\/\/denizcankizil.tr\/uk\/haberler\/gundem\/batti-ciktida-tek-tarafli-motosiklet-kazasi\/#article","isPartOf":{"@id":"https:\/\/denizcankizil.tr\/uk\/haberler\/gundem\/batti-ciktida-tek-tarafli-motosiklet-kazasi\/"},"author":{"name":"admin","@id":"https:\/\/denizcankizil.tr\/#\/schema\/person\/be3c05fe6a12686905512445d8185489"},"headline":"Batt\u0131-\u00e7\u0131kt\u0131da tek tarafl\u0131 motosiklet kazas\u0131\u2026","datePublished":"2025-05-15T10:42:40+00:00","mainEntityOfPage":{"@id":"https:\/\/denizcankizil.tr\/uk\/haberler\/gundem\/batti-ciktida-tek-tarafli-motosiklet-kazasi\/"},"wordCount":237,"publisher":{"@id":"https:\/\/denizcankizil.tr\/#organization"},"articleSection":["G\u00fcndem"],"inLanguage":"uk"},{"@type":"WebPage","@id":"https:\/\/denizcankizil.tr\/uk\/haberler\/gundem\/batti-ciktida-tek-tarafli-motosiklet-kazasi\/","url":"https:\/\/denizcankizil.tr\/uk\/haberler\/gundem\/batti-ciktida-tek-tarafli-motosiklet-kazasi\/","name":"Batt\u0131-\u00e7\u0131kt\u0131da tek tarafl\u0131 motosiklet kazas\u0131\u2026 - Av. Deniz Can K\u0131z\u0131l","isPartOf":{"@id":"https:\/\/denizcankizil.tr\/#website"},"datePublished":"2025-05-15T10:42:40+00:00","breadcrumb":{"@id":"https:\/\/denizcankizil.tr\/uk\/haberler\/gundem\/batti-ciktida-tek-tarafli-motosiklet-kazasi\/#breadcrumb"},"inLanguage":"uk","potentialAction":[{"@type":"ReadAction","target":["https:\/\/denizcankizil.tr\/uk\/haberler\/gundem\/batti-ciktida-tek-tarafli-motosiklet-kazasi\/"]}]},{"@type":"BreadcrumbList","@id":"https:\/\/denizcankizil.tr\/uk\/haberler\/gundem\/batti-ciktida-tek-tarafli-motosiklet-kazasi\/#breadcrumb","itemListElement":[{"@type":"ListItem","position":1,"name":"Home","item":"https:\/\/denizcankizil.tr\/de\/"},{"@type":"ListItem","position":2,"name":"Batt\u0131-\u00e7\u0131kt\u0131da tek tarafl\u0131 motosiklet kazas\u0131\u2026"}]},{"@type":"WebSite","@id":"https:\/\/denizcankizil.tr\/#website","url":"https:\/\/denizcankizil.tr\/","name":"Av. Deniz Can K\u0131z\u0131l","description":"Avukat Deniz Can K\u0131z\u0131l Antalya Barosu","publisher":{"@id":"https:\/\/denizcankizil.tr\/#organization"},"potentialAction":[{"@type":"SearchAction","target":{"@type":"EntryPoint","urlTemplate":"https:\/\/denizcankizil.tr\/?s={search_term_string}"},"query-input":{"@type":"PropertyValueSpecification","valueRequired":true,"valueName":"search_term_string"}}],"inLanguage":"uk"},{"@type":"Organization","@id":"https:\/\/denizcankizil.tr\/#organization","name":"Av. Deniz Can K\u0131z\u0131l","url":"https:\/\/denizcankizil.tr\/","logo":{"@type":"ImageObject","inLanguage":"uk","@id":"https:\/\/denizcankizil.tr\/#\/schema\/logo\/image\/","url":"https:\/\/denizcankizil.tr\/wp-content\/uploads\/2024\/10\/siyah-logo-svg.svg","contentUrl":"https:\/\/denizcankizil.tr\/wp-content\/uploads\/2024\/10\/siyah-logo-svg.svg","width":1080,"height":1080,"caption":"Av. Deniz Can K\u0131z\u0131l"},"image":{"@id":"https:\/\/denizcankizil.tr\/#\/schema\/logo\/image\/"}},{"@type":"Person","@id":"https:\/\/denizcankizil.tr\/#\/schema\/person\/be3c05fe6a12686905512445d8185489","name":"\u0430\u0434\u043c\u0456\u043d","image":{"@type":"ImageObject","inLanguage":"uk","@id":"https:\/\/denizcankizil.tr\/#\/schema\/person\/image\/","url":"https:\/\/secure.gravatar.com\/avatar\/c1fce94c830dc79107e174f890d7210541c4a63e8e5d816341794a2151c9d58c?s=96&d=mm&r=g","contentUrl":"https:\/\/secure.gravatar.com\/avatar\/c1fce94c830dc79107e174f890d7210541c4a63e8e5d816341794a2151c9d58c?s=96&d=mm&r=g","caption":"admin"},"sameAs":["http:\/\/denizcankizil.tr"],"url":"https:\/\/www.iskenderun.org\/batti-ciktida-tek-tarafli-motosiklet-kazasi"}]}},"_links":{"self":[{"href":"https:\/\/denizcankizil.tr\/uk\/wp-json\/wp\/v2\/posts\/87328","targetHints":{"allow":["GET"]}}],"collection":[{"href":"https:\/\/denizcankizil.tr\/uk\/wp-json\/wp\/v2\/posts"}],"about":[{"href":"https:\/\/denizcankizil.tr\/uk\/wp-json\/wp\/v2\/types\/post"}],"author":[{"embeddable":true,"href":"https:\/\/denizcankizil.tr\/uk\/wp-json\/wp\/v2\/users\/1"}],"replies":[{"embeddable":true,"href":"https:\/\/denizcankizil.tr\/uk\/wp-json\/wp\/v2\/comments?post=87328"}],"version-history":[{"count":0,"href":"https:\/\/denizcankizil.tr\/uk\/wp-json\/wp\/v2\/posts\/87328\/revisions"}],"wp:attachment":[{"href":"https:\/\/denizcankizil.tr\/uk\/wp-json\/wp\/v2\/media?parent=87328"}],"wp:term":[{"taxonomy":"category","embeddable":true,"href":"https:\/\/denizcankizil.tr\/uk\/wp-json\/wp\/v2\/categories?post=87328"},{"taxonomy":"post_tag","embeddable":true,"href":"https:\/\/denizcankizil.tr\/uk\/wp-json\/wp\/v2\/tags?post=87328"}],"curies":[{"name":"wp","href":"https:\/\/api.w.org\/{rel}","templated":true}]}}