{"id":86439,"date":"2025-05-14T16:43:03","date_gmt":"2025-05-14T13:43:03","guid":{"rendered":"https:\/\/denizcankizil.tr\/uncategorized-tr\/anadolu-mozaigi-izmirde-olustu\/"},"modified":"2025-05-14T16:43:03","modified_gmt":"2025-05-14T13:43:03","slug":"anadolu-mozaigi-izmirde-olustu","status":"publish","type":"post","link":"https:\/\/denizcankizil.tr\/uk\/haberler\/gundem\/anadolu-mozaigi-izmirde-olustu\/","title":{"rendered":"Anadolu mozai\u011fi \u0130zmir\u2019de olu\u015ftu"},"content":{"rendered":"<p>\u0130zmir, k\u00fclt\u00fcrel miras\u0131n korunmas\u0131na ve gen\u00e7 nesillere aktar\u0131lmas\u0131na y\u00f6nelik \u00f6nemli bir etkinli\u011fe ev sahipli\u011fi yapt\u0131.\u0130ZM\u0130R (\u0130GFA) &#8211; ODT\u00dc Tarih Bulu\u015fmalar\u0131-II K\u00fclt\u00fcrel Miras \u00d6\u011frenci \u00c7al\u0131\u015ftay\u0131, 25-27 Nisan 2025 tarihlerinde \u0130zmir\u2019in se\u00e7kin okullar\u0131ndan ve ODT\u00dc GVO Ankara, Denizli, Kayseri, Kocaeli ve Mersin okullar\u0131ndan gelen lise \u00f6\u011frencilerini ve \u00f6\u011fretmenlerini bir araya getirerek, k\u00fclt\u00fcrleraras\u0131 etkile\u015fimi ve ortak \u00fcretimi destekledi.<br \/>\nODT\u00dc Tarih Bulu\u015fmalar\u0131-II K\u00fclt\u00fcrel Miras \u00d6\u011frenci \u00c7al\u0131\u015ftay\u0131, \u0130zmir\u2019in tarihi zenginliklerini T\u00fcrkiye\u2019nin d\u00f6rt bir taraf\u0131ndan gelen gen\u00e7 g\u00f6zlerle ke\u015ffetmek ve gelece\u011fe ta\u015f\u0131mak i\u00e7in at\u0131lan b\u00fcy\u00fck bir ad\u0131m oldu. K\u00fclt\u00fcrel mirasa duyulan g\u00fcven ve ba\u011fl\u0131l\u0131\u011f\u0131 peki\u015ftirdi.<br \/>\n\u0130zmir\u2019in sembol yerleri gezildi<br \/>\n\u00c7al\u0131\u015ftay\u0131n ilk g\u00fcn\u00fc, \u0130zmir\u2019in k\u00f6kl\u00fc tarihini yerinde ke\u015ffetmek amac\u0131yla d\u00fczenlenen saha gezisiyle ba\u015flad\u0131. \u00d6\u011frenciler, Basmane Tren Gar\u0131\u2019ndan ba\u015flayarak K\u00fclt\u00fcrpark ve K\u00fclt\u00fcr Sanat Fabrikas\u0131\u2019na uzanan rotada \u015fehrin tarih\u00ee dokusunu yak\u0131ndan tan\u0131ma f\u0131rsat\u0131 buldu. Arkeoloji M\u00fczesi, Etnografya M\u00fczesi ve Resim Heykel M\u00fczesi gibi \u00f6nemli duraklar, kat\u0131l\u0131mc\u0131lar\u0131n k\u00fclt\u00fcrel miras kavram\u0131n\u0131 sahada deneyimlemelerine olanak sundu.<br \/>\n\u00d6zba\u015f: \u201cK\u00fclt\u00fcrel miras\u0131 gelece\u011fe gen\u00e7ler ta\u015f\u0131yacak\u201d<br \/>\n\u00c7al\u0131\u015ftay\u0131n ikinci g\u00fcn\u00fc, Prof. Dr. Banu \u00c7ulha \u00d6zba\u015f\u2019\u0131n ilham verici a\u00e7\u0131l\u0131\u015f konu\u015fmas\u0131 ile ba\u015flad\u0131. \u00d6zba\u015f, k\u00fclt\u00fcrel miras\u0131n birey kimli\u011finin ve toplumsal belle\u011fin yap\u0131 ta\u015flar\u0131ndan biri oldu\u011funu vurgulayarak, gen\u00e7lerin bu miras\u0131 gelece\u011fe ta\u015f\u0131ma sorumlulu\u011funa dikkat \u00e7ekti. Ard\u0131ndan Akademik Koordinat\u00f6r Yasemen Ta\u015fdemir, \u00f6\u011frencilerle ger\u00e7ekle\u015ftirdi\u011fi s\u00f6yle\u015fide, k\u00fclt\u00fcrel miras\u0131n sadece korunacak bir de\u011fer de\u011fil, ayn\u0131 zamanda ya\u015fayan ve \u00fcreten bir s\u00fcre\u00e7 oldu\u011funu anlatt\u0131.<br \/>\nGen\u00e7lerden k\u00fclt\u00fcrel miras\u0131n korunmas\u0131 i\u00e7in \u00f6neriler<br \/>\nG\u00fcn\u00fcn devam\u0131nda, farkl\u0131 illerden gelen \u00f6\u011frenciler, \u201cSanat ve Performans\u201d, \u201cMimari\u201d, \u201cGastronomi\u201d, \u201cDo\u011fal An\u0131tlar\u201d, \u201cArkeolojik Alanlar\u201d, \u201cZanaat Alanlar\u0131\u201d ve \u201cDil ve Edebiyat\u201d ba\u015fl\u0131klar\u0131nda haz\u0131rlad\u0131klar\u0131 sunumlar\u0131 payla\u015ft\u0131. Sunumlar s\u0131ras\u0131nda \u00f6\u011frenciler hem kendi \u015fehirlerindeki miras alanlar\u0131n\u0131 tan\u0131tt\u0131lar hem de k\u00fclt\u00fcrel de\u011ferlerin korunmas\u0131 i\u00e7in \u00e7\u00f6z\u00fcm \u00f6nerilerini tart\u0131\u015ft\u0131lar. \u00d6\u011frenciler ayr\u0131ca d\u00fczenlenen komisyon \u00e7al\u0131\u015fmalar\u0131nda farkl\u0131 okullardan arkada\u015flar\u0131yla i\u015f birli\u011fi yaparak ortak bildiriler geli\u015ftirdi.<br \/>\n\u00dc\u00e7 g\u00fcn s\u00fcren \u00e7al\u0131\u015ftay, \u00f6\u011frencilerin haz\u0131rlad\u0131\u011f\u0131 sunumlar\u0131n ve bildirilerin payla\u015f\u0131lmas\u0131, ard\u0131ndan da sertifika t\u00f6reniyle sona erdi. Etkinlik boyunca \u00f6\u011frenmenin ve payla\u015fman\u0131n \u00f6n planda oldu\u011fu atmosfer, kat\u0131l\u0131mc\u0131lar\u0131n hem akademik hem sosyal a\u00e7\u0131dan unutulmaz bir deneyim ya\u015famas\u0131n\u0131 sa\u011flad\u0131.<br \/>\nODT\u00dc GVO Tarih Bulu\u015fmalar\u0131\u2019n\u0131n ikincisiyle ilgili de\u011ferlendirmelerde bulunan ODT\u00dc GVO \u0130zmir Okul M\u00fcd\u00fcr\u00fc Serhat YILDIZ, ODT\u00dc Tarih Bulu\u015fmalar\u0131&#8217;n\u0131n k\u00fclt\u00fcrel miras bilincinin gen\u00e7ler aras\u0131nda yayg\u0131nla\u015ft\u0131r\u0131lmas\u0131, T\u00fcrkiye&#8217;de farkl\u0131 \u015fehirlerdeki gen\u00e7lerin aras\u0131nda k\u00fclt\u00fcrel miras temelli dostluklar\u0131n kurulmas\u0131 ve networklerinin geli\u015fmesi a\u00e7\u0131s\u0131ndan \u00f6nemli bir rol \u00fcstlendi\u011fini belirtti. Y\u0131ld\u0131z; \u201cKat\u0131l\u0131mc\u0131lara ve destek veren t\u00fcm kurumlara te\u015fekk\u00fcr ediyoruz. Gelecek y\u0131llarda bu bulu\u015fmalar\u0131n b\u00fcy\u00fcyerek devam etmesi i\u00e7in \u00fczerimize d\u00fc\u015feni yapmaya haz\u0131r\u0131z\u201d diyerek bu bulu\u015fmalar\u0131n b\u00fcy\u00fcyerek devam edece\u011finin m\u00fcjdesini verdi.<\/p>\n<p>\u200b\u0130zmir, k\u00fclt\u00fcrel miras\u0131n korunmas\u0131na ve gen\u00e7 nesillere aktar\u0131lmas\u0131na y\u00f6nelik \u00f6nemli bir etkinli\u011fe ev sahipli\u011fi yapt\u0131.\u0130ZM\u0130R (\u0130GFA) &#8211; ODT\u00dc Tarih Bulu\u015fmalar\u0131-II K\u00fclt\u00fcrel Miras \u00d6\u011frenci \u00c7al\u0131\u015ftay\u0131, 25-27 Nisan 2025 tarihlerinde \u0130zmir\u2019in se\u00e7kin okullar\u0131ndan ve ODT\u00dc GVO Ankara, Denizli, Kayseri, Kocaeli ve Mersin okullar\u0131ndan gelen lise \u00f6\u011frencilerini ve \u00f6\u011fretmenlerini bir araya getirerek, k\u00fclt\u00fcrleraras\u0131 etkile\u015fimi ve ortak \u00fcretimi destekledi.<br \/>\nODT\u00dc Tarih Bulu\u015fmalar\u0131-II K\u00fclt\u00fcrel Miras \u00d6\u011frenci \u00c7al\u0131\u015ftay\u0131, \u0130zmir\u2019in tarihi zenginliklerini T\u00fcrkiye\u2019nin d\u00f6rt bir taraf\u0131ndan gelen gen\u00e7 g\u00f6zlerle ke\u015ffetmek ve gelece\u011fe ta\u015f\u0131mak i\u00e7in at\u0131lan b\u00fcy\u00fck bir ad\u0131m oldu. K\u00fclt\u00fcrel mirasa duyulan g\u00fcven ve ba\u011fl\u0131l\u0131\u011f\u0131 peki\u015ftirdi.<br \/>\n\u0130zmir\u2019in sembol yerleri gezildi<br \/>\n\u00c7al\u0131\u015ftay\u0131n ilk g\u00fcn\u00fc, \u0130zmir\u2019in k\u00f6kl\u00fc tarihini yerinde ke\u015ffetmek amac\u0131yla d\u00fczenlenen saha gezisiyle ba\u015flad\u0131. \u00d6\u011frenciler, Basmane Tren Gar\u0131\u2019ndan ba\u015flayarak K\u00fclt\u00fcrpark ve K\u00fclt\u00fcr Sanat Fabrikas\u0131\u2019na uzanan rotada \u015fehrin tarih\u00ee dokusunu yak\u0131ndan tan\u0131ma f\u0131rsat\u0131 buldu. Arkeoloji M\u00fczesi, Etnografya M\u00fczesi ve Resim Heykel M\u00fczesi gibi \u00f6nemli duraklar, kat\u0131l\u0131mc\u0131lar\u0131n k\u00fclt\u00fcrel miras kavram\u0131n\u0131 sahada deneyimlemelerine olanak sundu.<br \/>\n\u00d6zba\u015f: \u201cK\u00fclt\u00fcrel miras\u0131 gelece\u011fe gen\u00e7ler ta\u015f\u0131yacak\u201d<br \/>\n\u00c7al\u0131\u015ftay\u0131n ikinci g\u00fcn\u00fc, Prof. Dr. Banu \u00c7ulha \u00d6zba\u015f\u2019\u0131n ilham verici a\u00e7\u0131l\u0131\u015f konu\u015fmas\u0131 ile ba\u015flad\u0131. \u00d6zba\u015f, k\u00fclt\u00fcrel miras\u0131n birey kimli\u011finin ve toplumsal belle\u011fin yap\u0131 ta\u015flar\u0131ndan biri oldu\u011funu vurgulayarak, gen\u00e7lerin bu miras\u0131 gelece\u011fe ta\u015f\u0131ma sorumlulu\u011funa dikkat \u00e7ekti. Ard\u0131ndan Akademik Koordinat\u00f6r Yasemen Ta\u015fdemir, \u00f6\u011frencilerle ger\u00e7ekle\u015ftirdi\u011fi s\u00f6yle\u015fide, k\u00fclt\u00fcrel miras\u0131n sadece korunacak bir de\u011fer de\u011fil, ayn\u0131 zamanda ya\u015fayan ve \u00fcreten bir s\u00fcre\u00e7 oldu\u011funu anlatt\u0131.<br \/>\nGen\u00e7lerden k\u00fclt\u00fcrel miras\u0131n korunmas\u0131 i\u00e7in \u00f6neriler<br \/>\nG\u00fcn\u00fcn devam\u0131nda, farkl\u0131 illerden gelen \u00f6\u011frenciler, \u201cSanat ve Performans\u201d, \u201cMimari\u201d, \u201cGastronomi\u201d, \u201cDo\u011fal An\u0131tlar\u201d, \u201cArkeolojik Alanlar\u201d, \u201cZanaat Alanlar\u0131\u201d ve \u201cDil ve Edebiyat\u201d ba\u015fl\u0131klar\u0131nda haz\u0131rlad\u0131klar\u0131 sunumlar\u0131 payla\u015ft\u0131. Sunumlar s\u0131ras\u0131nda \u00f6\u011frenciler hem kendi \u015fehirlerindeki miras alanlar\u0131n\u0131 tan\u0131tt\u0131lar hem de k\u00fclt\u00fcrel de\u011ferlerin korunmas\u0131 i\u00e7in \u00e7\u00f6z\u00fcm \u00f6nerilerini tart\u0131\u015ft\u0131lar. \u00d6\u011frenciler ayr\u0131ca d\u00fczenlenen komisyon \u00e7al\u0131\u015fmalar\u0131nda farkl\u0131 okullardan arkada\u015flar\u0131yla i\u015f birli\u011fi yaparak ortak bildiriler geli\u015ftirdi.<br \/>\n\u00dc\u00e7 g\u00fcn s\u00fcren \u00e7al\u0131\u015ftay, \u00f6\u011frencilerin haz\u0131rlad\u0131\u011f\u0131 sunumlar\u0131n ve bildirilerin payla\u015f\u0131lmas\u0131, ard\u0131ndan da sertifika t\u00f6reniyle sona erdi. Etkinlik boyunca \u00f6\u011frenmenin ve payla\u015fman\u0131n \u00f6n planda oldu\u011fu atmosfer, kat\u0131l\u0131mc\u0131lar\u0131n hem akademik hem sosyal a\u00e7\u0131dan unutulmaz bir deneyim ya\u015famas\u0131n\u0131 sa\u011flad\u0131.<br \/>\nODT\u00dc GVO Tarih Bulu\u015fmalar\u0131\u2019n\u0131n ikincisiyle ilgili de\u011ferlendirmelerde bulunan ODT\u00dc GVO \u0130zmir Okul M\u00fcd\u00fcr\u00fc Serhat YILDIZ, ODT\u00dc Tarih Bulu\u015fmalar\u0131&#8217;n\u0131n k\u00fclt\u00fcrel miras bilincinin gen\u00e7ler aras\u0131nda yayg\u0131nla\u015ft\u0131r\u0131lmas\u0131, T\u00fcrkiye&#8217;de farkl\u0131 \u015fehirlerdeki gen\u00e7lerin aras\u0131nda k\u00fclt\u00fcrel miras temelli dostluklar\u0131n kurulmas\u0131 ve networklerinin geli\u015fmesi a\u00e7\u0131s\u0131ndan \u00f6nemli bir rol \u00fcstlendi\u011fini belirtti. Y\u0131ld\u0131z; \u201cKat\u0131l\u0131mc\u0131lara ve destek veren t\u00fcm kurumlara te\u015fekk\u00fcr ediyoruz. Gelecek y\u0131llarda bu bulu\u015fmalar\u0131n b\u00fcy\u00fcyerek devam etmesi i\u00e7in \u00fczerimize d\u00fc\u015feni yapmaya haz\u0131r\u0131z\u201d diyerek bu bulu\u015fmalar\u0131n b\u00fcy\u00fcyerek devam edece\u011finin m\u00fcjdesini verdi.\u00a0<\/p>\n<p>\u200bHaberin Al\u0131nt\u0131land\u0131\u011f\u0131 Kaynak: www.iskenderun.org<\/p>","protected":false},"excerpt":{"rendered":"<p>\u0130zmir, k\u00fclt\u00fcrel miras\u0131n korunmas\u0131na ve gen\u00e7 nesillere aktar\u0131lmas\u0131na y\u00f6nelik \u00f6nemli bir etkinli\u011fe ev sahipli\u011fi yapt\u0131.\u0130ZM\u0130R (\u0130GFA) &#8211; ODT\u00dc Tarih Bulu\u015fmalar\u0131-II K\u00fclt\u00fcrel Miras \u00d6\u011frenci \u00c7al\u0131\u015ftay\u0131, 25-27 Nisan 2025 tarihlerinde \u0130zmir\u2019in se\u00e7kin okullar\u0131ndan ve ODT\u00dc GVO Ankara, Denizli, Kayseri, Kocaeli ve Mersin okullar\u0131ndan gelen lise \u00f6\u011frencilerini ve \u00f6\u011fretmenlerini bir araya getirerek, k\u00fclt\u00fcrleraras\u0131 etkile\u015fimi ve ortak \u00fcretimi destekledi. ODT\u00dc Tarih Bulu\u015fmalar\u0131-II K\u00fclt\u00fcrel Miras \u00d6\u011frenci \u00c7al\u0131\u015ftay\u0131, \u0130zmir\u2019in tarihi zenginliklerini T\u00fcrkiye\u2019nin d\u00f6rt bir taraf\u0131ndan gelen gen\u00e7 g\u00f6zlerle ke\u015ffetmek ve gelece\u011fe ta\u015f\u0131mak i\u00e7in at\u0131lan b\u00fcy\u00fck bir ad\u0131m oldu. K\u00fclt\u00fcrel mirasa duyulan g\u00fcven ve ba\u011fl\u0131l\u0131\u011f\u0131 peki\u015ftirdi. \u0130zmir\u2019in sembol yerleri gezildi \u00c7al\u0131\u015ftay\u0131n ilk g\u00fcn\u00fc, \u0130zmir\u2019in k\u00f6kl\u00fc tarihini yerinde ke\u015ffetmek amac\u0131yla d\u00fczenlenen saha gezisiyle ba\u015flad\u0131. \u00d6\u011frenciler, Basmane Tren Gar\u0131\u2019ndan ba\u015flayarak K\u00fclt\u00fcrpark ve K\u00fclt\u00fcr Sanat Fabrikas\u0131\u2019na uzanan rotada \u015fehrin tarih\u00ee dokusunu yak\u0131ndan tan\u0131ma f\u0131rsat\u0131 buldu. Arkeoloji M\u00fczesi, Etnografya M\u00fczesi ve Resim Heykel M\u00fczesi gibi \u00f6nemli duraklar, kat\u0131l\u0131mc\u0131lar\u0131n k\u00fclt\u00fcrel miras kavram\u0131n\u0131 sahada deneyimlemelerine olanak sundu. \u00d6zba\u015f: \u201cK\u00fclt\u00fcrel miras\u0131 gelece\u011fe gen\u00e7ler ta\u015f\u0131yacak\u201d \u00c7al\u0131\u015ftay\u0131n ikinci g\u00fcn\u00fc, Prof. Dr. Banu \u00c7ulha \u00d6zba\u015f\u2019\u0131n ilham verici a\u00e7\u0131l\u0131\u015f konu\u015fmas\u0131 ile ba\u015flad\u0131. \u00d6zba\u015f, k\u00fclt\u00fcrel miras\u0131n birey kimli\u011finin ve toplumsal belle\u011fin yap\u0131 ta\u015flar\u0131ndan biri oldu\u011funu vurgulayarak, gen\u00e7lerin bu miras\u0131 gelece\u011fe ta\u015f\u0131ma sorumlulu\u011funa dikkat \u00e7ekti. Ard\u0131ndan Akademik Koordinat\u00f6r Yasemen Ta\u015fdemir, \u00f6\u011frencilerle ger\u00e7ekle\u015ftirdi\u011fi s\u00f6yle\u015fide, k\u00fclt\u00fcrel miras\u0131n sadece korunacak bir de\u011fer de\u011fil, &hellip;<\/p>","protected":false},"author":1,"featured_media":0,"comment_status":"","ping_status":"open","sticky":false,"template":"","format":"standard","meta":{"_acf_changed":false,"footnotes":""},"categories":[24],"tags":[],"class_list":["post-86439","post","type-post","status-publish","format-standard","has-post-thumbnail","hentry","category-gundem"],"acf":[],"yoast_head":"<!-- This site is optimized with the Yoast SEO Premium plugin v26.6 (Yoast SEO v27.1.1) - https:\/\/yoast.com\/product\/yoast-seo-premium-wordpress\/ -->\n<title>Anadolu mozai\u011fi \u0130zmir\u2019de olu\u015ftu - Av. Deniz Can K\u0131z\u0131l<\/title>\n<meta name=\"robots\" content=\"index, follow, max-snippet:-1, max-image-preview:large, max-video-preview:-1\" \/>\n<link rel=\"canonical\" href=\"https:\/\/denizcankizil.tr\/uk\/haberler\/gundem\/anadolu-mozaigi-izmirde-olustu\/\" \/>\n<meta property=\"og:locale\" content=\"uk_UA\" \/>\n<meta property=\"og:type\" content=\"article\" \/>\n<meta property=\"og:title\" content=\"Anadolu mozai\u011fi \u0130zmir\u2019de olu\u015ftu\" \/>\n<meta property=\"og:description\" content=\"\u0130zmir, k\u00fclt\u00fcrel miras\u0131n korunmas\u0131na ve gen\u00e7 nesillere aktar\u0131lmas\u0131na y\u00f6nelik \u00f6nemli bir etkinli\u011fe ev sahipli\u011fi yapt\u0131.\u0130ZM\u0130R (\u0130GFA) &#8211; ODT\u00dc Tarih Bulu\u015fmalar\u0131-II K\u00fclt\u00fcrel Miras \u00d6\u011frenci \u00c7al\u0131\u015ftay\u0131, 25-27 Nisan 2025 tarihlerinde \u0130zmir\u2019in se\u00e7kin okullar\u0131ndan ve ODT\u00dc GVO Ankara, Denizli, Kayseri, Kocaeli ve Mersin okullar\u0131ndan gelen lise \u00f6\u011frencilerini ve \u00f6\u011fretmenlerini bir araya getirerek, k\u00fclt\u00fcrleraras\u0131 etkile\u015fimi ve ortak \u00fcretimi destekledi. ODT\u00dc Tarih Bulu\u015fmalar\u0131-II K\u00fclt\u00fcrel Miras \u00d6\u011frenci \u00c7al\u0131\u015ftay\u0131, \u0130zmir\u2019in tarihi zenginliklerini T\u00fcrkiye\u2019nin d\u00f6rt bir taraf\u0131ndan gelen gen\u00e7 g\u00f6zlerle ke\u015ffetmek ve gelece\u011fe ta\u015f\u0131mak i\u00e7in at\u0131lan b\u00fcy\u00fck bir ad\u0131m oldu. K\u00fclt\u00fcrel mirasa duyulan g\u00fcven ve ba\u011fl\u0131l\u0131\u011f\u0131 peki\u015ftirdi. \u0130zmir\u2019in sembol yerleri gezildi \u00c7al\u0131\u015ftay\u0131n ilk g\u00fcn\u00fc, \u0130zmir\u2019in k\u00f6kl\u00fc tarihini yerinde ke\u015ffetmek amac\u0131yla d\u00fczenlenen saha gezisiyle ba\u015flad\u0131. \u00d6\u011frenciler, Basmane Tren Gar\u0131\u2019ndan ba\u015flayarak K\u00fclt\u00fcrpark ve K\u00fclt\u00fcr Sanat Fabrikas\u0131\u2019na uzanan rotada \u015fehrin tarih\u00ee dokusunu yak\u0131ndan tan\u0131ma f\u0131rsat\u0131 buldu. Arkeoloji M\u00fczesi, Etnografya M\u00fczesi ve Resim Heykel M\u00fczesi gibi \u00f6nemli duraklar, kat\u0131l\u0131mc\u0131lar\u0131n k\u00fclt\u00fcrel miras kavram\u0131n\u0131 sahada deneyimlemelerine olanak sundu. \u00d6zba\u015f: \u201cK\u00fclt\u00fcrel miras\u0131 gelece\u011fe gen\u00e7ler ta\u015f\u0131yacak\u201d \u00c7al\u0131\u015ftay\u0131n ikinci g\u00fcn\u00fc, Prof. Dr. Banu \u00c7ulha \u00d6zba\u015f\u2019\u0131n ilham verici a\u00e7\u0131l\u0131\u015f konu\u015fmas\u0131 ile ba\u015flad\u0131. \u00d6zba\u015f, k\u00fclt\u00fcrel miras\u0131n birey kimli\u011finin ve toplumsal belle\u011fin yap\u0131 ta\u015flar\u0131ndan biri oldu\u011funu vurgulayarak, gen\u00e7lerin bu miras\u0131 gelece\u011fe ta\u015f\u0131ma sorumlulu\u011funa dikkat \u00e7ekti. Ard\u0131ndan Akademik Koordinat\u00f6r Yasemen Ta\u015fdemir, \u00f6\u011frencilerle ger\u00e7ekle\u015ftirdi\u011fi s\u00f6yle\u015fide, k\u00fclt\u00fcrel miras\u0131n sadece korunacak bir de\u011fer de\u011fil, &hellip;\" \/>\n<meta property=\"og:url\" content=\"https:\/\/denizcankizil.tr\/uk\/haberler\/gundem\/anadolu-mozaigi-izmirde-olustu\/\" \/>\n<meta property=\"og:site_name\" content=\"Av. Deniz Can K\u0131z\u0131l\" \/>\n<meta property=\"article:published_time\" content=\"2025-05-14T13:43:03+00:00\" \/>\n<meta name=\"author\" content=\"admin\" \/>\n<meta name=\"twitter:card\" content=\"summary_large_image\" \/>\n<meta name=\"twitter:label1\" content=\"\u041d\u0430\u043f\u0438\u0441\u0430\u043d\u043e\" \/>\n\t<meta name=\"twitter:data1\" content=\"admin\" \/>\n\t<meta name=\"twitter:label2\" content=\"\u041f\u0440\u0438\u0431\u043b. \u0447\u0430\u0441 \u0447\u0438\u0442\u0430\u043d\u043d\u044f\" \/>\n\t<meta name=\"twitter:data2\" content=\"6 \u0445\u0432\u0438\u043b\u0438\u043d\" \/>\n<script type=\"application\/ld+json\" class=\"yoast-schema-graph\">{\"@context\":\"https:\/\/schema.org\",\"@graph\":[{\"@type\":\"Article\",\"@id\":\"https:\/\/denizcankizil.tr\/uk\/haberler\/gundem\/anadolu-mozaigi-izmirde-olustu\/#article\",\"isPartOf\":{\"@id\":\"https:\/\/denizcankizil.tr\/uk\/haberler\/gundem\/anadolu-mozaigi-izmirde-olustu\/\"},\"author\":{\"name\":\"admin\",\"@id\":\"https:\/\/denizcankizil.tr\/#\/schema\/person\/be3c05fe6a12686905512445d8185489\"},\"headline\":\"Anadolu mozai\u011fi \u0130zmir\u2019de olu\u015ftu\",\"datePublished\":\"2025-05-14T13:43:03+00:00\",\"mainEntityOfPage\":{\"@id\":\"https:\/\/denizcankizil.tr\/uk\/haberler\/gundem\/anadolu-mozaigi-izmirde-olustu\/\"},\"wordCount\":1219,\"publisher\":{\"@id\":\"https:\/\/denizcankizil.tr\/#organization\"},\"articleSection\":[\"G\u00fcndem\"],\"inLanguage\":\"uk\"},{\"@type\":\"WebPage\",\"@id\":\"https:\/\/denizcankizil.tr\/uk\/haberler\/gundem\/anadolu-mozaigi-izmirde-olustu\/\",\"url\":\"https:\/\/denizcankizil.tr\/uk\/haberler\/gundem\/anadolu-mozaigi-izmirde-olustu\/\",\"name\":\"Anadolu mozai\u011fi \u0130zmir\u2019de olu\u015ftu - Av. Deniz Can K\u0131z\u0131l\",\"isPartOf\":{\"@id\":\"https:\/\/denizcankizil.tr\/#website\"},\"datePublished\":\"2025-05-14T13:43:03+00:00\",\"breadcrumb\":{\"@id\":\"https:\/\/denizcankizil.tr\/uk\/haberler\/gundem\/anadolu-mozaigi-izmirde-olustu\/#breadcrumb\"},\"inLanguage\":\"uk\",\"potentialAction\":[{\"@type\":\"ReadAction\",\"target\":[\"https:\/\/denizcankizil.tr\/uk\/haberler\/gundem\/anadolu-mozaigi-izmirde-olustu\/\"]}]},{\"@type\":\"BreadcrumbList\",\"@id\":\"https:\/\/denizcankizil.tr\/uk\/haberler\/gundem\/anadolu-mozaigi-izmirde-olustu\/#breadcrumb\",\"itemListElement\":[{\"@type\":\"ListItem\",\"position\":1,\"name\":\"Home\",\"item\":\"https:\/\/denizcankizil.tr\/de\/\"},{\"@type\":\"ListItem\",\"position\":2,\"name\":\"Anadolu mozai\u011fi \u0130zmir\u2019de olu\u015ftu\"}]},{\"@type\":\"WebSite\",\"@id\":\"https:\/\/denizcankizil.tr\/#website\",\"url\":\"https:\/\/denizcankizil.tr\/\",\"name\":\"Av. Deniz Can K\u0131z\u0131l\",\"description\":\"Avukat Deniz Can K\u0131z\u0131l Antalya Barosu\",\"publisher\":{\"@id\":\"https:\/\/denizcankizil.tr\/#organization\"},\"potentialAction\":[{\"@type\":\"SearchAction\",\"target\":{\"@type\":\"EntryPoint\",\"urlTemplate\":\"https:\/\/denizcankizil.tr\/?s={search_term_string}\"},\"query-input\":{\"@type\":\"PropertyValueSpecification\",\"valueRequired\":true,\"valueName\":\"search_term_string\"}}],\"inLanguage\":\"uk\"},{\"@type\":\"Organization\",\"@id\":\"https:\/\/denizcankizil.tr\/#organization\",\"name\":\"Av. Deniz Can K\u0131z\u0131l\",\"url\":\"https:\/\/denizcankizil.tr\/\",\"logo\":{\"@type\":\"ImageObject\",\"inLanguage\":\"uk\",\"@id\":\"https:\/\/denizcankizil.tr\/#\/schema\/logo\/image\/\",\"url\":\"https:\/\/denizcankizil.tr\/wp-content\/uploads\/2024\/10\/siyah-logo-svg.svg\",\"contentUrl\":\"https:\/\/denizcankizil.tr\/wp-content\/uploads\/2024\/10\/siyah-logo-svg.svg\",\"width\":1080,\"height\":1080,\"caption\":\"Av. Deniz Can K\u0131z\u0131l\"},\"image\":{\"@id\":\"https:\/\/denizcankizil.tr\/#\/schema\/logo\/image\/\"}},{\"@type\":\"Person\",\"@id\":\"https:\/\/denizcankizil.tr\/#\/schema\/person\/be3c05fe6a12686905512445d8185489\",\"name\":\"admin\",\"image\":{\"@type\":\"ImageObject\",\"inLanguage\":\"uk\",\"@id\":\"https:\/\/denizcankizil.tr\/#\/schema\/person\/image\/\",\"url\":\"https:\/\/secure.gravatar.com\/avatar\/c1fce94c830dc79107e174f890d7210541c4a63e8e5d816341794a2151c9d58c?s=96&d=mm&r=g\",\"contentUrl\":\"https:\/\/secure.gravatar.com\/avatar\/c1fce94c830dc79107e174f890d7210541c4a63e8e5d816341794a2151c9d58c?s=96&d=mm&r=g\",\"caption\":\"admin\"},\"sameAs\":[\"http:\/\/denizcankizil.tr\"],\"url\":\"https:\/\/www.iskenderun.org\/anadolu-mozaigi-izmirde-olustu\"}]}<\/script>\n<!-- \/ Yoast SEO Premium plugin. -->","yoast_head_json":{"title":"Anadolu mozai\u011fi \u0130zmir\u2019de olu\u015ftu - Av. Deniz Can K\u0131z\u0131l","robots":{"index":"index","follow":"follow","max-snippet":"max-snippet:-1","max-image-preview":"max-image-preview:large","max-video-preview":"max-video-preview:-1"},"canonical":"https:\/\/denizcankizil.tr\/uk\/haberler\/gundem\/anadolu-mozaigi-izmirde-olustu\/","og_locale":"uk_UA","og_type":"article","og_title":"Anadolu mozai\u011fi \u0130zmir\u2019de olu\u015ftu","og_description":"\u0130zmir, k\u00fclt\u00fcrel miras\u0131n korunmas\u0131na ve gen\u00e7 nesillere aktar\u0131lmas\u0131na y\u00f6nelik \u00f6nemli bir etkinli\u011fe ev sahipli\u011fi yapt\u0131.\u0130ZM\u0130R (\u0130GFA) &#8211; ODT\u00dc Tarih Bulu\u015fmalar\u0131-II K\u00fclt\u00fcrel Miras \u00d6\u011frenci \u00c7al\u0131\u015ftay\u0131, 25-27 Nisan 2025 tarihlerinde \u0130zmir\u2019in se\u00e7kin okullar\u0131ndan ve ODT\u00dc GVO Ankara, Denizli, Kayseri, Kocaeli ve Mersin okullar\u0131ndan gelen lise \u00f6\u011frencilerini ve \u00f6\u011fretmenlerini bir araya getirerek, k\u00fclt\u00fcrleraras\u0131 etkile\u015fimi ve ortak \u00fcretimi destekledi. ODT\u00dc Tarih Bulu\u015fmalar\u0131-II K\u00fclt\u00fcrel Miras \u00d6\u011frenci \u00c7al\u0131\u015ftay\u0131, \u0130zmir\u2019in tarihi zenginliklerini T\u00fcrkiye\u2019nin d\u00f6rt bir taraf\u0131ndan gelen gen\u00e7 g\u00f6zlerle ke\u015ffetmek ve gelece\u011fe ta\u015f\u0131mak i\u00e7in at\u0131lan b\u00fcy\u00fck bir ad\u0131m oldu. K\u00fclt\u00fcrel mirasa duyulan g\u00fcven ve ba\u011fl\u0131l\u0131\u011f\u0131 peki\u015ftirdi. \u0130zmir\u2019in sembol yerleri gezildi \u00c7al\u0131\u015ftay\u0131n ilk g\u00fcn\u00fc, \u0130zmir\u2019in k\u00f6kl\u00fc tarihini yerinde ke\u015ffetmek amac\u0131yla d\u00fczenlenen saha gezisiyle ba\u015flad\u0131. \u00d6\u011frenciler, Basmane Tren Gar\u0131\u2019ndan ba\u015flayarak K\u00fclt\u00fcrpark ve K\u00fclt\u00fcr Sanat Fabrikas\u0131\u2019na uzanan rotada \u015fehrin tarih\u00ee dokusunu yak\u0131ndan tan\u0131ma f\u0131rsat\u0131 buldu. Arkeoloji M\u00fczesi, Etnografya M\u00fczesi ve Resim Heykel M\u00fczesi gibi \u00f6nemli duraklar, kat\u0131l\u0131mc\u0131lar\u0131n k\u00fclt\u00fcrel miras kavram\u0131n\u0131 sahada deneyimlemelerine olanak sundu. \u00d6zba\u015f: \u201cK\u00fclt\u00fcrel miras\u0131 gelece\u011fe gen\u00e7ler ta\u015f\u0131yacak\u201d \u00c7al\u0131\u015ftay\u0131n ikinci g\u00fcn\u00fc, Prof. Dr. Banu \u00c7ulha \u00d6zba\u015f\u2019\u0131n ilham verici a\u00e7\u0131l\u0131\u015f konu\u015fmas\u0131 ile ba\u015flad\u0131. \u00d6zba\u015f, k\u00fclt\u00fcrel miras\u0131n birey kimli\u011finin ve toplumsal belle\u011fin yap\u0131 ta\u015flar\u0131ndan biri oldu\u011funu vurgulayarak, gen\u00e7lerin bu miras\u0131 gelece\u011fe ta\u015f\u0131ma sorumlulu\u011funa dikkat \u00e7ekti. Ard\u0131ndan Akademik Koordinat\u00f6r Yasemen Ta\u015fdemir, \u00f6\u011frencilerle ger\u00e7ekle\u015ftirdi\u011fi s\u00f6yle\u015fide, k\u00fclt\u00fcrel miras\u0131n sadece korunacak bir de\u011fer de\u011fil, &hellip;","og_url":"https:\/\/denizcankizil.tr\/uk\/haberler\/gundem\/anadolu-mozaigi-izmirde-olustu\/","og_site_name":"Av. Deniz Can K\u0131z\u0131l","article_published_time":"2025-05-14T13:43:03+00:00","author":"admin","twitter_card":"summary_large_image","twitter_misc":{"\u041d\u0430\u043f\u0438\u0441\u0430\u043d\u043e":"admin","\u041f\u0440\u0438\u0431\u043b. \u0447\u0430\u0441 \u0447\u0438\u0442\u0430\u043d\u043d\u044f":"6 \u0445\u0432\u0438\u043b\u0438\u043d"},"schema":{"@context":"https:\/\/schema.org","@graph":[{"@type":"Article","@id":"https:\/\/denizcankizil.tr\/uk\/haberler\/gundem\/anadolu-mozaigi-izmirde-olustu\/#article","isPartOf":{"@id":"https:\/\/denizcankizil.tr\/uk\/haberler\/gundem\/anadolu-mozaigi-izmirde-olustu\/"},"author":{"name":"admin","@id":"https:\/\/denizcankizil.tr\/#\/schema\/person\/be3c05fe6a12686905512445d8185489"},"headline":"Anadolu mozai\u011fi \u0130zmir\u2019de olu\u015ftu","datePublished":"2025-05-14T13:43:03+00:00","mainEntityOfPage":{"@id":"https:\/\/denizcankizil.tr\/uk\/haberler\/gundem\/anadolu-mozaigi-izmirde-olustu\/"},"wordCount":1219,"publisher":{"@id":"https:\/\/denizcankizil.tr\/#organization"},"articleSection":["G\u00fcndem"],"inLanguage":"uk"},{"@type":"WebPage","@id":"https:\/\/denizcankizil.tr\/uk\/haberler\/gundem\/anadolu-mozaigi-izmirde-olustu\/","url":"https:\/\/denizcankizil.tr\/uk\/haberler\/gundem\/anadolu-mozaigi-izmirde-olustu\/","name":"Anadolu mozai\u011fi \u0130zmir\u2019de olu\u015ftu - Av. Deniz Can K\u0131z\u0131l","isPartOf":{"@id":"https:\/\/denizcankizil.tr\/#website"},"datePublished":"2025-05-14T13:43:03+00:00","breadcrumb":{"@id":"https:\/\/denizcankizil.tr\/uk\/haberler\/gundem\/anadolu-mozaigi-izmirde-olustu\/#breadcrumb"},"inLanguage":"uk","potentialAction":[{"@type":"ReadAction","target":["https:\/\/denizcankizil.tr\/uk\/haberler\/gundem\/anadolu-mozaigi-izmirde-olustu\/"]}]},{"@type":"BreadcrumbList","@id":"https:\/\/denizcankizil.tr\/uk\/haberler\/gundem\/anadolu-mozaigi-izmirde-olustu\/#breadcrumb","itemListElement":[{"@type":"ListItem","position":1,"name":"Home","item":"https:\/\/denizcankizil.tr\/de\/"},{"@type":"ListItem","position":2,"name":"Anadolu mozai\u011fi \u0130zmir\u2019de olu\u015ftu"}]},{"@type":"WebSite","@id":"https:\/\/denizcankizil.tr\/#website","url":"https:\/\/denizcankizil.tr\/","name":"Av. Deniz Can K\u0131z\u0131l","description":"Avukat Deniz Can K\u0131z\u0131l Antalya Barosu","publisher":{"@id":"https:\/\/denizcankizil.tr\/#organization"},"potentialAction":[{"@type":"SearchAction","target":{"@type":"EntryPoint","urlTemplate":"https:\/\/denizcankizil.tr\/?s={search_term_string}"},"query-input":{"@type":"PropertyValueSpecification","valueRequired":true,"valueName":"search_term_string"}}],"inLanguage":"uk"},{"@type":"Organization","@id":"https:\/\/denizcankizil.tr\/#organization","name":"Av. Deniz Can K\u0131z\u0131l","url":"https:\/\/denizcankizil.tr\/","logo":{"@type":"ImageObject","inLanguage":"uk","@id":"https:\/\/denizcankizil.tr\/#\/schema\/logo\/image\/","url":"https:\/\/denizcankizil.tr\/wp-content\/uploads\/2024\/10\/siyah-logo-svg.svg","contentUrl":"https:\/\/denizcankizil.tr\/wp-content\/uploads\/2024\/10\/siyah-logo-svg.svg","width":1080,"height":1080,"caption":"Av. Deniz Can K\u0131z\u0131l"},"image":{"@id":"https:\/\/denizcankizil.tr\/#\/schema\/logo\/image\/"}},{"@type":"Person","@id":"https:\/\/denizcankizil.tr\/#\/schema\/person\/be3c05fe6a12686905512445d8185489","name":"\u0430\u0434\u043c\u0456\u043d","image":{"@type":"ImageObject","inLanguage":"uk","@id":"https:\/\/denizcankizil.tr\/#\/schema\/person\/image\/","url":"https:\/\/secure.gravatar.com\/avatar\/c1fce94c830dc79107e174f890d7210541c4a63e8e5d816341794a2151c9d58c?s=96&d=mm&r=g","contentUrl":"https:\/\/secure.gravatar.com\/avatar\/c1fce94c830dc79107e174f890d7210541c4a63e8e5d816341794a2151c9d58c?s=96&d=mm&r=g","caption":"admin"},"sameAs":["http:\/\/denizcankizil.tr"],"url":"https:\/\/www.iskenderun.org\/anadolu-mozaigi-izmirde-olustu"}]}},"_links":{"self":[{"href":"https:\/\/denizcankizil.tr\/uk\/wp-json\/wp\/v2\/posts\/86439","targetHints":{"allow":["GET"]}}],"collection":[{"href":"https:\/\/denizcankizil.tr\/uk\/wp-json\/wp\/v2\/posts"}],"about":[{"href":"https:\/\/denizcankizil.tr\/uk\/wp-json\/wp\/v2\/types\/post"}],"author":[{"embeddable":true,"href":"https:\/\/denizcankizil.tr\/uk\/wp-json\/wp\/v2\/users\/1"}],"replies":[{"embeddable":true,"href":"https:\/\/denizcankizil.tr\/uk\/wp-json\/wp\/v2\/comments?post=86439"}],"version-history":[{"count":0,"href":"https:\/\/denizcankizil.tr\/uk\/wp-json\/wp\/v2\/posts\/86439\/revisions"}],"wp:attachment":[{"href":"https:\/\/denizcankizil.tr\/uk\/wp-json\/wp\/v2\/media?parent=86439"}],"wp:term":[{"taxonomy":"category","embeddable":true,"href":"https:\/\/denizcankizil.tr\/uk\/wp-json\/wp\/v2\/categories?post=86439"},{"taxonomy":"post_tag","embeddable":true,"href":"https:\/\/denizcankizil.tr\/uk\/wp-json\/wp\/v2\/tags?post=86439"}],"curies":[{"name":"wp","href":"https:\/\/api.w.org\/{rel}","templated":true}]}}