{"id":86346,"date":"2025-05-14T14:48:00","date_gmt":"2025-05-14T11:48:00","guid":{"rendered":"https:\/\/denizcankizil.tr\/uncategorized-tr\/takip-aylik-isleyecek-nafakayi-da-kapsadigindan-sikayet-sonucunda-verilen-karar-miktar-itibariyla-kesin-degildir\/"},"modified":"2025-05-14T14:48:00","modified_gmt":"2025-05-14T11:48:00","slug":"takip-aylik-isleyecek-nafakayi-da-kapsadigindan-sikayet-sonucunda-verilen-karar-miktar-itibariyla-kesin-degildir","status":"publish","type":"post","link":"https:\/\/denizcankizil.tr\/uk\/hukukihaber\/takip-aylik-isleyecek-nafakayi-da-kapsadigindan-sikayet-sonucunda-verilen-karar-miktar-itibariyla-kesin-degildir\/","title":{"rendered":"TAK\u0130P, AYLIK \u0130\u015eLEYECEK NAFAKAYI DA KAPSADI\u011eINDAN \u015e\u0130K\u00c2YET SONUCUNDA VER\u0130LEN KARAR M\u0130KTAR \u0130T\u0130BARIYLA KES\u0130N DE\u011e\u0130LD\u0130R"},"content":{"rendered":"<p>T.C.<\/p>\n<p>YARGITAY<\/p>\n<p>12. HUKUK DA\u0130RES\u0130<\/p>\n<p>Esas Numaras\u0131: 2023\/3312<\/p>\n<p>Karar Numaras\u0131: 2024\/303<\/p>\n<p>Karar Tarihi: 15.01.2024<\/p>\n<p>NAFAKANIN TAHS\u0130L\u0130 \u0130\u00c7\u0130N BA\u015eLATILAN \u0130CRA TAK\u0130B\u0130<\/p>\n<p>\u0130LAMIN KES\u0130NLE\u015eMEDEN \u0130CRAYA KONULAMAYACA\u011eI \u0130DD\u0130ASI<\/p>\n<p>AYLIK \u0130\u015eLEYECEK NAFAKANIN TAHS\u0130L\u0130NE Y\u00d6NEL\u0130K TAK\u0130BE YAPILAN \u015e\u0130KAYET SONUCU VER\u0130LEN KARARIN \u0130ST\u0130NAF VE TEMY\u0130Z KES\u0130NL\u0130K SINIRINDA KALMADI\u011eI<\/p>\n<p>\u00d6ZET\u0130: \u015eikayete konu icra takibine ili\u015fkin icra emri 05.01 2021 ila 05.10.2022 aylar\u0131 aras\u0131nda (bu aylar dahil ) i\u015flemi\u015f her ay i\u00e7in 300,00 TL. nafaka, yasal faizleri ve vekalet \u00fccreti toplam\u0131 10.680,00 TL. ile AYLIK \u0130\u015eLEYECEK NAFAKANIN tahsiline ili\u015fkindir. Ba\u015fka bir deyi\u015fle, takip salt i\u015flemi\u015f nafaka ve vekalet \u00fccretine ili\u015fkin olmay\u0131p, &#8220;AYLIK \u0130\u015eLEYECEK NAFAKA&#8221; y\u0131da kapsamaktad\u0131r. Talep edilen i\u015fleyecek nafakan\u0131n ne kadar oldu\u011funu bu a\u015famada belirlemek m\u00fcmk\u00fcn olmay\u0131p, talebin ucu a\u00e7\u0131kt\u0131r. Bu durum kar\u015f\u0131s\u0131nda i\u015flemi\u015f nafaka ve vekalet \u00fccreti toplam\u0131 10.680,00 TL. ile AYLIK \u0130\u015eLEYECEK NAFAKANIN tahsiline y\u00f6nelik icra emrine kar\u015f\u0131 yap\u0131lan \u015fikayet sonucunda verilen karar\u0131n miktar itibar\u0131 ile kesin olmay\u0131p \u0130cra ve iflas kanunu ilgili maddeleri uyar\u0131nca istinaf\u0131 ve temyizi kabil kararlardand\u0131r.<\/p>\n<p>Yukar\u0131da tarih ve numaras\u0131 yaz\u0131l\u0131 B\u00f6lge Adliye Mahkemesince verilen karar\u0131n m\u00fcddeti i\u00e7inde temyizen tetkiki davac\u0131\/bor\u00e7lu vasisi taraf\u0131ndan istenmesi \u00fczerine bu i\u015fle ilgili dosya daireye g\u00f6nderilmi\u015f olup, dava dosyas\u0131 i\u00e7in Tetkik H\u00e2kimi &#8230; taraf\u0131ndan d\u00fczenlenen rapor dinlendikten ve dosya i\u00e7erisindeki t\u00fcm belgeler okunup incelendikten sonra i\u015fin gere\u011fi g\u00f6r\u00fc\u015f\u00fcl\u00fcp d\u00fc\u015f\u00fcn\u00fcld\u00fc :<\/p>\n<p>Dosyadaki bilgi ve belgelerden;<\/p>\n<p>Alacakl\u0131\/daval\u0131 &#8230; &#8230; vekili taraf\u0131ndan \u00d6rnek 1 takip talebi ile &#8230; Aile Mahkemesinin 14.10.2021 tarih ve 2021\/9 E. 2021\/1069 K. say\u0131l\u0131 ilam\u0131na dayan\u0131larak 05.01.2021 ila 05.10.2022 aylar\u0131 aras\u0131nda ( bu aylar dahil ) i\u015flemi\u015f her ay i\u00e7in 300,00 TL. nafaka, yasal faizleri ve vekalet \u00fccreti toplam\u0131 10.680,00 TL. ile AYLIK \u0130\u015eLEYECEK NAFAKANIN tahsilinin talep edildi\u011fi,<\/p>\n<p>\u0130cra M\u00fcd\u00fcrl\u00fc\u011f\u00fcnce takip talebine uygun olarak \u00d6rnek4-5 icra emrinin d\u00fczenlendi\u011fi,<\/p>\n<p>Bor\u00e7lu k\u0131s\u0131tl\u0131 vasisinin;<\/p>\n<p>Dayanak ilam\u0131n kesinle\u015fmeden icraya konulamayaca\u011f\u0131n\u0131, herhangi bir bor\u00e7lar\u0131n\u0131n olmad\u0131\u011f\u0131n\u0131 ve yetkiye itiraz ettiklerini bildirerek \u015fikayette bulundu\u011fu,<\/p>\n<p>\u0130lk Derece Mahkemesince yap\u0131lan yarg\u0131lama sonunda 10.11.2022 tarihli karar ile &#8220;davan\u0131n miktar itibar\u0131 ile kesin olarak REDD\u0130NE,&#8221; karar verildi\u011fi,<\/p>\n<p>Vasinin \u0130lk Derece Mahkemesinin karar\u0131n\u0131 istinaf etti\u011fi,<\/p>\n<p>\u0130lk Derece Mahkemesince istinaf talebinin 20.12.2022 tarihli ek karar ile &#8220;&#8230;verilen karar kesin oldu\u011fundan istinaf talebinin reddine, &#8221; karar verildi\u011fi,<\/p>\n<p>Vasinin ek karara kar\u015f\u0131 da istinaf talebinde bulundu\u011fu,<\/p>\n<p>&#8230; B\u00f6lge Adliye Mahkemesi 8. Hukuk Dairesi&#8217; nin &#8221; ilk derece mahkemesi karar\u0131n\u0131n miktar itibar\u0131 ile 18.700,00 TL. lik kesinlik s\u0131n\u0131r\u0131n\u0131n alt\u0131nda kald\u0131\u011f\u0131&#8221; gerek\u00e7esi ile vasinin ilk derece mahkemesinin istinaf talebinin reddine y\u00f6nelik istinaf talebinin esastan reddine karar verdi\u011fi,<\/p>\n<p>Vasinin bu karar\u0131 temyiz etti\u011fi,<\/p>\n<p>&#8230; B\u00f6lge Adliye Mahkemesi 8. Hukuk Dairesi&#8217; nin &#8220;17.02.2023 g\u00fcn ve 2023\/408 E. 2023\/439 K. say\u0131l\u0131 ek karar ile &#8221; temyize konu vasinin istinaf ba\u015fvurusunun reddine ili\u015fkin karar\u0131n miktar itibar\u0131 ile kesin olup, temyize ba\u015fvurulamayaca\u011f\u0131 &#8221; gerek\u00e7esi ile temyiz talebinin reddine karar verildi\u011fi anla\u015f\u0131lm\u0131\u015ft\u0131r.<\/p>\n<p>Vasi, B\u00f6lge Adliye Mahkemesinin &#8221; temyiz talebinin reddine ili\u015fkin ek karar\u0131n\u0131 &#8221; s\u00fcresinde temyiz etmi\u015ftir.<\/p>\n<p>\u015eikayete konu icra takibine ili\u015fkin icra emri &#8221; 05.01 2021 ila 05.10.2022 aylar\u0131 aras\u0131nda ( bu aylar dahil ) i\u015flemi\u015f her ay i\u00e7in 300,00 TL. nafaka, yasal faizleri ve vekalet \u00fccreti toplam\u0131 10.680,00 TL. ile AYLIK \u0130\u015eLEYECEK NAFAKANIN tahsiline ili\u015fkindir.<\/p>\n<p>Ba\u015fka bir deyi\u015fle, takip salt i\u015flemi\u015f nafaka ve vekalet \u00fccretine ili\u015fkin olmay\u0131p, &#8220;AYLIK \u0130\u015eLEYECEK NAFAKA&#8221; y\u0131da kapsamaktad\u0131r.<\/p>\n<p>Talep edilen i\u015fleyecek nafakan\u0131n ne kadar oldu\u011funu bu a\u015famada belirlemek m\u00fcmk\u00fcn olmay\u0131p, talebin ucu a\u00e7\u0131kt\u0131r.<\/p>\n<p>Bu durum kar\u015f\u0131s\u0131nda i\u015flemi\u015f nafaka ve vekalet \u00fccreti toplam\u0131 10.680,00 TL. ile AYLIK \u0130\u015eLEYECEK NAFAKANIN tahsiline y\u00f6nelik icra emrine kar\u015f\u0131 yap\u0131lan \u015fikayet sonucunda verilen karar\u0131n miktar itibar\u0131 ile kesin olmay\u0131p \u0130\u0130K&#8217;n\u0131n 363 ve 364. maddeleri uyar\u0131nca istinaf\u0131 ve temyizi kabil kararlardand\u0131r. B\u00f6lge Adliye Mahkemesinin 02.03.2023 tarih 2023\/408 E. 2023\/439 K. say\u0131l\u0131 temyiz dilek\u00e7esinin reddine ili\u015fkin ek karar\u0131n kald\u0131r\u0131lmas\u0131na, istinaf talebinin HMK 346\/2 bendi uyar\u0131nca i\u015fin esas\u0131n\u0131n incelenmesi i\u00e7in B\u00f6lge Adliye Mahkemesinin 17.02.2023 tarihli esastan red karar\u0131n\u0131n bozulmas\u0131 gerekmi\u015ftir.<\/p>\n<p>SONU\u00c7:<\/p>\n<p>Yukar\u0131da yaz\u0131l\u0131 nedenlerle, &#8230; B\u00f6lge Adliye Mahkemesi 8. Hukuk Dairesinin 02.03.2023 tarih ve 2023\/408 E.- 2023\/439 K. say\u0131l\u0131, vasinin temyiz talebinin reddine ili\u015fkin ek karar\u0131n\u0131n kald\u0131r\u0131lmas\u0131na, istinaf talebiyle ilgili olarak i\u015fin esas\u0131n\u0131n incelenmesi i\u00e7in B\u00f6lge Adliye Mahkemesinin 17.02.2023 tarih 2023\/408 E. 2023\/439 K. say\u0131l\u0131 karar\u0131n 5311 say\u0131l\u0131 Kanun ile de\u011fi\u015fik \u0130\u0130K&#8217;nun 364\/2. maddesi g\u00f6ndermesiyle uygulanmas\u0131 gereken 6100 say\u0131l\u0131 HMK&#8217;nun 373\/2. maddeleri uyar\u0131nca BOZULMASINA, pe\u015fin al\u0131nan temyiz harc\u0131n\u0131n istek halinde ilgiliye iadesine, bozma nedenine g\u00f6re esasa ili\u015fkin temyiz itirazlar\u0131n\u0131n bu a\u015famada incelenmesine yer olmad\u0131\u011f\u0131na, dosyan\u0131n B\u00f6lge Adliye Mahkemesine g\u00f6nderilmesine, 15\/01\/2024 g\u00fcn\u00fcnde oy birli\u011fiyle karar verildi.<\/p>\n<p>legalbank.net<\/p>\n<p>\u200bT.C.<\/p>\n<p>YARGITAY<\/p>\n<p>12. HUKUK DA\u0130RES\u0130<\/p>\n<p>Esas Numaras\u0131: 2023\/3312<\/p>\n<p>Karar Numaras\u0131: 2024\/303<\/p>\n<p>Karar Tarihi: 15.01.2024<\/p>\n<p>NAFAKANIN TAHS\u0130L\u0130 \u0130\u00c7\u0130N BA\u015eLATILAN \u0130CRA TAK\u0130B\u0130<\/p>\n<p>\u0130LAMIN KES\u0130NLE\u015eMEDEN \u0130CRAYA KONULAMAYACA\u011eI \u0130DD\u0130ASI<\/p>\n<p>AYLIK \u0130\u015eLEYECEK NAFAKANIN TAHS\u0130L\u0130NE Y\u00d6NEL\u0130K TAK\u0130BE YAPILAN \u015e\u0130KAYET SONUCU VER\u0130LEN KARARIN \u0130ST\u0130NAF VE TEMY\u0130Z KES\u0130NL\u0130K SINIRINDA KALMADI\u011eI<\/p>\n<p>\u00d6ZET\u0130: \u015eikayete konu icra takibine ili\u015fkin icra emri 05.01 2021 ila 05.10.2022 aylar\u0131 aras\u0131nda (bu aylar dahil ) i\u015flemi\u015f her ay i\u00e7in 300,00 TL. nafaka, yasal faizleri ve vekalet \u00fccreti toplam\u0131 10.680,00 TL. ile AYLIK \u0130\u015eLEYECEK NAFAKANIN tahsiline ili\u015fkindir. Ba\u015fka bir deyi\u015fle, takip salt i\u015flemi\u015f nafaka ve vekalet \u00fccretine ili\u015fkin olmay\u0131p, &#8220;AYLIK \u0130\u015eLEYECEK NAFAKA&#8221; y\u0131da kapsamaktad\u0131r. Talep edilen i\u015fleyecek nafakan\u0131n ne kadar oldu\u011funu bu a\u015famada belirlemek m\u00fcmk\u00fcn olmay\u0131p, talebin ucu a\u00e7\u0131kt\u0131r. Bu durum kar\u015f\u0131s\u0131nda i\u015flemi\u015f nafaka ve vekalet \u00fccreti toplam\u0131 10.680,00 TL. ile AYLIK \u0130\u015eLEYECEK NAFAKANIN tahsiline y\u00f6nelik icra emrine kar\u015f\u0131 yap\u0131lan \u015fikayet sonucunda verilen karar\u0131n miktar itibar\u0131 ile kesin olmay\u0131p \u0130cra ve iflas kanunu ilgili maddeleri uyar\u0131nca istinaf\u0131 ve temyizi kabil kararlardand\u0131r.<\/p>\n<p>Yukar\u0131da tarih ve numaras\u0131 yaz\u0131l\u0131 B\u00f6lge Adliye Mahkemesince verilen karar\u0131n m\u00fcddeti i\u00e7inde temyizen tetkiki davac\u0131\/bor\u00e7lu vasisi taraf\u0131ndan istenmesi \u00fczerine bu i\u015fle ilgili dosya daireye g\u00f6nderilmi\u015f olup, dava dosyas\u0131 i\u00e7in Tetkik H\u00e2kimi &#8230; taraf\u0131ndan d\u00fczenlenen rapor dinlendikten ve dosya i\u00e7erisindeki t\u00fcm belgeler okunup incelendikten sonra i\u015fin gere\u011fi g\u00f6r\u00fc\u015f\u00fcl\u00fcp d\u00fc\u015f\u00fcn\u00fcld\u00fc :<\/p>\n<p>Dosyadaki bilgi ve belgelerden;<\/p>\n<p>Alacakl\u0131\/daval\u0131 &#8230; &#8230; vekili taraf\u0131ndan \u00d6rnek 1 takip talebi ile &#8230; Aile Mahkemesinin 14.10.2021 tarih ve 2021\/9 E. 2021\/1069 K. say\u0131l\u0131 ilam\u0131na dayan\u0131larak 05.01.2021 ila 05.10.2022 aylar\u0131 aras\u0131nda ( bu aylar dahil ) i\u015flemi\u015f her ay i\u00e7in 300,00 TL. nafaka, yasal faizleri ve vekalet \u00fccreti toplam\u0131 10.680,00 TL. ile AYLIK \u0130\u015eLEYECEK NAFAKANIN tahsilinin talep edildi\u011fi,<\/p>\n<p>\u0130cra M\u00fcd\u00fcrl\u00fc\u011f\u00fcnce takip talebine uygun olarak \u00d6rnek4-5 icra emrinin d\u00fczenlendi\u011fi,<\/p>\n<p>Bor\u00e7lu k\u0131s\u0131tl\u0131 vasisinin;<\/p>\n<p>Dayanak ilam\u0131n kesinle\u015fmeden icraya konulamayaca\u011f\u0131n\u0131, herhangi bir bor\u00e7lar\u0131n\u0131n olmad\u0131\u011f\u0131n\u0131 ve yetkiye itiraz ettiklerini bildirerek \u015fikayette bulundu\u011fu,<\/p>\n<p>\u0130lk Derece Mahkemesince yap\u0131lan yarg\u0131lama sonunda 10.11.2022 tarihli karar ile &#8220;davan\u0131n miktar itibar\u0131 ile kesin olarak REDD\u0130NE,&#8221; karar verildi\u011fi,<\/p>\n<p>Vasinin \u0130lk Derece Mahkemesinin karar\u0131n\u0131 istinaf etti\u011fi,<\/p>\n<p>\u0130lk Derece Mahkemesince istinaf talebinin 20.12.2022 tarihli ek karar ile &#8220;&#8230;verilen karar kesin oldu\u011fundan istinaf talebinin reddine, &#8221; karar verildi\u011fi,<\/p>\n<p>Vasinin ek karara kar\u015f\u0131 da istinaf talebinde bulundu\u011fu,<\/p>\n<p>&#8230; B\u00f6lge Adliye Mahkemesi 8. Hukuk Dairesi&#8217; nin &#8221; ilk derece mahkemesi karar\u0131n\u0131n miktar itibar\u0131 ile 18.700,00 TL. lik kesinlik s\u0131n\u0131r\u0131n\u0131n alt\u0131nda kald\u0131\u011f\u0131&#8221; gerek\u00e7esi ile vasinin ilk derece mahkemesinin istinaf talebinin reddine y\u00f6nelik istinaf talebinin esastan reddine karar verdi\u011fi,<\/p>\n<p>Vasinin bu karar\u0131 temyiz etti\u011fi,<\/p>\n<p>&#8230; B\u00f6lge Adliye Mahkemesi 8. Hukuk Dairesi&#8217; nin &#8220;17.02.2023 g\u00fcn ve 2023\/408 E. 2023\/439 K. say\u0131l\u0131 ek karar ile &#8221; temyize konu vasinin istinaf ba\u015fvurusunun reddine ili\u015fkin karar\u0131n miktar itibar\u0131 ile kesin olup, temyize ba\u015fvurulamayaca\u011f\u0131 &#8221; gerek\u00e7esi ile temyiz talebinin reddine karar verildi\u011fi anla\u015f\u0131lm\u0131\u015ft\u0131r.<\/p>\n<p>Vasi, B\u00f6lge Adliye Mahkemesinin &#8221; temyiz talebinin reddine ili\u015fkin ek karar\u0131n\u0131 &#8221; s\u00fcresinde temyiz etmi\u015ftir.<\/p>\n<p>\u015eikayete konu icra takibine ili\u015fkin icra emri &#8221; 05.01 2021 ila 05.10.2022 aylar\u0131 aras\u0131nda ( bu aylar dahil ) i\u015flemi\u015f her ay i\u00e7in 300,00 TL. nafaka, yasal faizleri ve vekalet \u00fccreti toplam\u0131 10.680,00 TL. ile AYLIK \u0130\u015eLEYECEK NAFAKANIN tahsiline ili\u015fkindir.<\/p>\n<p>Ba\u015fka bir deyi\u015fle, takip salt i\u015flemi\u015f nafaka ve vekalet \u00fccretine ili\u015fkin olmay\u0131p, &#8220;AYLIK \u0130\u015eLEYECEK NAFAKA&#8221; y\u0131da kapsamaktad\u0131r.<\/p>\n<p>Talep edilen i\u015fleyecek nafakan\u0131n ne kadar oldu\u011funu bu a\u015famada belirlemek m\u00fcmk\u00fcn olmay\u0131p, talebin ucu a\u00e7\u0131kt\u0131r.<\/p>\n<p>Bu durum kar\u015f\u0131s\u0131nda i\u015flemi\u015f nafaka ve vekalet \u00fccreti toplam\u0131 10.680,00 TL. ile AYLIK \u0130\u015eLEYECEK NAFAKANIN tahsiline y\u00f6nelik icra emrine kar\u015f\u0131 yap\u0131lan \u015fikayet sonucunda verilen karar\u0131n miktar itibar\u0131 ile kesin olmay\u0131p \u0130\u0130K&#8217;n\u0131n 363 ve 364. maddeleri uyar\u0131nca istinaf\u0131 ve temyizi kabil kararlardand\u0131r. B\u00f6lge Adliye Mahkemesinin 02.03.2023 tarih 2023\/408 E. 2023\/439 K. say\u0131l\u0131 temyiz dilek\u00e7esinin reddine ili\u015fkin ek karar\u0131n kald\u0131r\u0131lmas\u0131na, istinaf talebinin HMK 346\/2 bendi uyar\u0131nca i\u015fin esas\u0131n\u0131n incelenmesi i\u00e7in B\u00f6lge Adliye Mahkemesinin 17.02.2023 tarihli esastan red karar\u0131n\u0131n bozulmas\u0131 gerekmi\u015ftir.<\/p>\n<p>SONU\u00c7:<\/p>\n<p>Yukar\u0131da yaz\u0131l\u0131 nedenlerle, &#8230; B\u00f6lge Adliye Mahkemesi 8. Hukuk Dairesinin 02.03.2023 tarih ve 2023\/408 E.- 2023\/439 K. say\u0131l\u0131, vasinin temyiz talebinin reddine ili\u015fkin ek karar\u0131n\u0131n kald\u0131r\u0131lmas\u0131na, istinaf talebiyle ilgili olarak i\u015fin esas\u0131n\u0131n incelenmesi i\u00e7in B\u00f6lge Adliye Mahkemesinin 17.02.2023 tarih 2023\/408 E. 2023\/439 K. say\u0131l\u0131 karar\u0131n 5311 say\u0131l\u0131 Kanun ile de\u011fi\u015fik \u0130\u0130K&#8217;nun 364\/2. maddesi g\u00f6ndermesiyle uygulanmas\u0131 gereken 6100 say\u0131l\u0131 HMK&#8217;nun 373\/2. maddeleri uyar\u0131nca BOZULMASINA, pe\u015fin al\u0131nan temyiz harc\u0131n\u0131n istek halinde ilgiliye iadesine, bozma nedenine g\u00f6re esasa ili\u015fkin temyiz itirazlar\u0131n\u0131n bu a\u015famada incelenmesine yer olmad\u0131\u011f\u0131na, dosyan\u0131n B\u00f6lge Adliye Mahkemesine g\u00f6nderilmesine, 15\/01\/2024 g\u00fcn\u00fcnde oy birli\u011fiyle karar verildi.<\/p>\n<p>legalbank.net\u00a0Hukuki Haber<\/p>\n<p>Haberin Al\u0131nt\u0131land\u0131\u011f\u0131 Kaynak: www.hukukihaber.net<\/p>","protected":false},"excerpt":{"rendered":"<p>T.C. YARGITAY 12. HUKUK DA\u0130RES\u0130 Esas Numaras\u0131: 2023\/3312 Karar Numaras\u0131: 2024\/303 Karar Tarihi: 15.01.2024 NAFAKANIN TAHS\u0130L\u0130 \u0130\u00c7\u0130N BA\u015eLATILAN \u0130CRA TAK\u0130B\u0130 \u0130LAMIN KES\u0130NLE\u015eMEDEN \u0130CRAYA KONULAMAYACA\u011eI \u0130DD\u0130ASI AYLIK \u0130\u015eLEYECEK NAFAKANIN TAHS\u0130L\u0130NE Y\u00d6NEL\u0130K TAK\u0130BE YAPILAN \u015e\u0130KAYET SONUCU VER\u0130LEN KARARIN \u0130ST\u0130NAF VE TEMY\u0130Z KES\u0130NL\u0130K SINIRINDA KALMADI\u011eI \u00d6ZET\u0130: \u015eikayete konu icra takibine ili\u015fkin icra emri 05.01 2021 ila 05.10.2022 aylar\u0131 aras\u0131nda (bu aylar dahil ) i\u015flemi\u015f her ay i\u00e7in 300,00 TL. nafaka, yasal faizleri ve vekalet \u00fccreti toplam\u0131 10.680,00 TL. ile AYLIK \u0130\u015eLEYECEK NAFAKANIN tahsiline ili\u015fkindir. Ba\u015fka bir deyi\u015fle, takip salt i\u015flemi\u015f nafaka ve vekalet \u00fccretine ili\u015fkin olmay\u0131p, &#8220;AYLIK \u0130\u015eLEYECEK NAFAKA&#8221; y\u0131da kapsamaktad\u0131r. Talep edilen i\u015fleyecek nafakan\u0131n ne kadar oldu\u011funu bu a\u015famada belirlemek m\u00fcmk\u00fcn olmay\u0131p, talebin ucu a\u00e7\u0131kt\u0131r. Bu durum kar\u015f\u0131s\u0131nda i\u015flemi\u015f nafaka ve vekalet \u00fccreti toplam\u0131 10.680,00 TL. ile AYLIK \u0130\u015eLEYECEK NAFAKANIN tahsiline y\u00f6nelik icra emrine kar\u015f\u0131 yap\u0131lan \u015fikayet sonucunda verilen karar\u0131n miktar itibar\u0131 ile kesin olmay\u0131p \u0130cra ve iflas kanunu ilgili maddeleri uyar\u0131nca istinaf\u0131 ve temyizi kabil kararlardand\u0131r. Yukar\u0131da tarih ve numaras\u0131 yaz\u0131l\u0131 B\u00f6lge Adliye Mahkemesince verilen karar\u0131n m\u00fcddeti i\u00e7inde temyizen tetkiki davac\u0131\/bor\u00e7lu vasisi taraf\u0131ndan istenmesi \u00fczerine bu i\u015fle ilgili dosya daireye g\u00f6nderilmi\u015f olup, dava dosyas\u0131 i\u00e7in Tetkik H\u00e2kimi &#8230; taraf\u0131ndan d\u00fczenlenen rapor dinlendikten ve dosya i\u00e7erisindeki t\u00fcm belgeler okunup incelendikten sonra i\u015fin &hellip;<\/p>","protected":false},"author":3,"featured_media":0,"comment_status":"","ping_status":"open","sticky":false,"template":"","format":"standard","meta":{"_acf_changed":false,"footnotes":""},"categories":[27],"tags":[],"class_list":["post-86346","post","type-post","status-publish","format-standard","has-post-thumbnail","hentry","category-hukukihaber"],"acf":[],"yoast_head":"<!-- This site is optimized with the Yoast SEO Premium plugin v26.6 (Yoast SEO v27.1.1) - https:\/\/yoast.com\/product\/yoast-seo-premium-wordpress\/ -->\n<title>TAK\u0130P, AYLIK \u0130\u015eLEYECEK NAFAKAYI DA KAPSADI\u011eINDAN \u015e\u0130K\u00c2YET SONUCUNDA VER\u0130LEN KARAR M\u0130KTAR \u0130T\u0130BARIYLA KES\u0130N DE\u011e\u0130LD\u0130R - Av. Deniz Can K\u0131z\u0131l<\/title>\n<meta name=\"robots\" content=\"index, follow, max-snippet:-1, max-image-preview:large, max-video-preview:-1\" \/>\n<link rel=\"canonical\" href=\"https:\/\/denizcankizil.tr\/uk\/hukukihaber\/takip-aylik-isleyecek-nafakayi-da-kapsadigindan-sikayet-sonucunda-verilen-karar-miktar-itibariyla-kesin-degildir\/\" \/>\n<meta property=\"og:locale\" content=\"uk_UA\" \/>\n<meta property=\"og:type\" content=\"article\" \/>\n<meta property=\"og:title\" content=\"TAK\u0130P, AYLIK \u0130\u015eLEYECEK NAFAKAYI DA KAPSADI\u011eINDAN \u015e\u0130K\u00c2YET SONUCUNDA VER\u0130LEN KARAR M\u0130KTAR \u0130T\u0130BARIYLA KES\u0130N DE\u011e\u0130LD\u0130R\" \/>\n<meta property=\"og:description\" content=\"T.C. YARGITAY 12. HUKUK DA\u0130RES\u0130 Esas Numaras\u0131: 2023\/3312 Karar Numaras\u0131: 2024\/303 Karar Tarihi: 15.01.2024 NAFAKANIN TAHS\u0130L\u0130 \u0130\u00c7\u0130N BA\u015eLATILAN \u0130CRA TAK\u0130B\u0130 \u0130LAMIN KES\u0130NLE\u015eMEDEN \u0130CRAYA KONULAMAYACA\u011eI \u0130DD\u0130ASI AYLIK \u0130\u015eLEYECEK NAFAKANIN TAHS\u0130L\u0130NE Y\u00d6NEL\u0130K TAK\u0130BE YAPILAN \u015e\u0130KAYET SONUCU VER\u0130LEN KARARIN \u0130ST\u0130NAF VE TEMY\u0130Z KES\u0130NL\u0130K SINIRINDA KALMADI\u011eI \u00d6ZET\u0130: \u015eikayete konu icra takibine ili\u015fkin icra emri 05.01 2021 ila 05.10.2022 aylar\u0131 aras\u0131nda (bu aylar dahil ) i\u015flemi\u015f her ay i\u00e7in 300,00 TL. nafaka, yasal faizleri ve vekalet \u00fccreti toplam\u0131 10.680,00 TL. ile AYLIK \u0130\u015eLEYECEK NAFAKANIN tahsiline ili\u015fkindir. Ba\u015fka bir deyi\u015fle, takip salt i\u015flemi\u015f nafaka ve vekalet \u00fccretine ili\u015fkin olmay\u0131p, &#8220;AYLIK \u0130\u015eLEYECEK NAFAKA&#8221; y\u0131da kapsamaktad\u0131r. Talep edilen i\u015fleyecek nafakan\u0131n ne kadar oldu\u011funu bu a\u015famada belirlemek m\u00fcmk\u00fcn olmay\u0131p, talebin ucu a\u00e7\u0131kt\u0131r. Bu durum kar\u015f\u0131s\u0131nda i\u015flemi\u015f nafaka ve vekalet \u00fccreti toplam\u0131 10.680,00 TL. ile AYLIK \u0130\u015eLEYECEK NAFAKANIN tahsiline y\u00f6nelik icra emrine kar\u015f\u0131 yap\u0131lan \u015fikayet sonucunda verilen karar\u0131n miktar itibar\u0131 ile kesin olmay\u0131p \u0130cra ve iflas kanunu ilgili maddeleri uyar\u0131nca istinaf\u0131 ve temyizi kabil kararlardand\u0131r. Yukar\u0131da tarih ve numaras\u0131 yaz\u0131l\u0131 B\u00f6lge Adliye Mahkemesince verilen karar\u0131n m\u00fcddeti i\u00e7inde temyizen tetkiki davac\u0131\/bor\u00e7lu vasisi taraf\u0131ndan istenmesi \u00fczerine bu i\u015fle ilgili dosya daireye g\u00f6nderilmi\u015f olup, dava dosyas\u0131 i\u00e7in Tetkik H\u00e2kimi &#8230; taraf\u0131ndan d\u00fczenlenen rapor dinlendikten ve dosya i\u00e7erisindeki t\u00fcm belgeler okunup incelendikten sonra i\u015fin &hellip;\" \/>\n<meta property=\"og:url\" content=\"https:\/\/denizcankizil.tr\/uk\/hukukihaber\/takip-aylik-isleyecek-nafakayi-da-kapsadigindan-sikayet-sonucunda-verilen-karar-miktar-itibariyla-kesin-degildir\/\" \/>\n<meta property=\"og:site_name\" content=\"Av. Deniz Can K\u0131z\u0131l\" \/>\n<meta property=\"article:published_time\" content=\"2025-05-14T11:48:00+00:00\" \/>\n<meta name=\"author\" content=\"Hukuki Haber.net\" \/>\n<meta name=\"twitter:card\" content=\"summary_large_image\" \/>\n<meta name=\"twitter:label1\" content=\"\u041d\u0430\u043f\u0438\u0441\u0430\u043d\u043e\" \/>\n\t<meta name=\"twitter:data1\" content=\"Hukuki Haber.net\" \/>\n\t<meta name=\"twitter:label2\" content=\"\u041f\u0440\u0438\u0431\u043b. \u0447\u0430\u0441 \u0447\u0438\u0442\u0430\u043d\u043d\u044f\" \/>\n\t<meta name=\"twitter:data2\" content=\"9 \u0445\u0432\u0438\u043b\u0438\u043d\" \/>\n<script type=\"application\/ld+json\" class=\"yoast-schema-graph\">{\"@context\":\"https:\/\/schema.org\",\"@graph\":[{\"@type\":\"Article\",\"@id\":\"https:\/\/denizcankizil.tr\/en\/hukukihaber\/takip-aylik-isleyecek-nafakayi-da-kapsadigindan-sikayet-sonucunda-verilen-karar-miktar-itibariyla-kesin-degildir\/#article\",\"isPartOf\":{\"@id\":\"https:\/\/denizcankizil.tr\/en\/hukukihaber\/takip-aylik-isleyecek-nafakayi-da-kapsadigindan-sikayet-sonucunda-verilen-karar-miktar-itibariyla-kesin-degildir\/\"},\"author\":{\"name\":\"Hukuki Haber.net\",\"@id\":\"https:\/\/denizcankizil.tr\/de\/#\/schema\/person\/001a271de994a0aa3f90eea084424822\"},\"headline\":\"TAK\u0130P, AYLIK \u0130\u015eLEYECEK NAFAKAYI DA KAPSADI\u011eINDAN \u015e\u0130K\u00c2YET SONUCUNDA VER\u0130LEN KARAR M\u0130KTAR \u0130T\u0130BARIYLA KES\u0130N DE\u011e\u0130LD\u0130R\",\"datePublished\":\"2025-05-14T11:48:00+00:00\",\"mainEntityOfPage\":{\"@id\":\"https:\/\/denizcankizil.tr\/en\/hukukihaber\/takip-aylik-isleyecek-nafakayi-da-kapsadigindan-sikayet-sonucunda-verilen-karar-miktar-itibariyla-kesin-degildir\/\"},\"wordCount\":1743,\"publisher\":{\"@id\":\"https:\/\/denizcankizil.tr\/de\/#organization\"},\"articleSection\":[\"Hukuki Haberler\"],\"inLanguage\":\"uk\"},{\"@type\":\"WebPage\",\"@id\":\"https:\/\/denizcankizil.tr\/en\/hukukihaber\/takip-aylik-isleyecek-nafakayi-da-kapsadigindan-sikayet-sonucunda-verilen-karar-miktar-itibariyla-kesin-degildir\/\",\"url\":\"https:\/\/denizcankizil.tr\/en\/hukukihaber\/takip-aylik-isleyecek-nafakayi-da-kapsadigindan-sikayet-sonucunda-verilen-karar-miktar-itibariyla-kesin-degildir\/\",\"name\":\"TAK\u0130P, AYLIK \u0130\u015eLEYECEK NAFAKAYI DA KAPSADI\u011eINDAN \u015e\u0130K\u00c2YET SONUCUNDA VER\u0130LEN KARAR M\u0130KTAR \u0130T\u0130BARIYLA KES\u0130N DE\u011e\u0130LD\u0130R - Av. Deniz Can K\u0131z\u0131l\",\"isPartOf\":{\"@id\":\"https:\/\/denizcankizil.tr\/de\/#website\"},\"datePublished\":\"2025-05-14T11:48:00+00:00\",\"breadcrumb\":{\"@id\":\"https:\/\/denizcankizil.tr\/en\/hukukihaber\/takip-aylik-isleyecek-nafakayi-da-kapsadigindan-sikayet-sonucunda-verilen-karar-miktar-itibariyla-kesin-degildir\/#breadcrumb\"},\"inLanguage\":\"uk\",\"potentialAction\":[{\"@type\":\"ReadAction\",\"target\":[\"https:\/\/denizcankizil.tr\/en\/hukukihaber\/takip-aylik-isleyecek-nafakayi-da-kapsadigindan-sikayet-sonucunda-verilen-karar-miktar-itibariyla-kesin-degildir\/\"]}]},{\"@type\":\"BreadcrumbList\",\"@id\":\"https:\/\/denizcankizil.tr\/en\/hukukihaber\/takip-aylik-isleyecek-nafakayi-da-kapsadigindan-sikayet-sonucunda-verilen-karar-miktar-itibariyla-kesin-degildir\/#breadcrumb\",\"itemListElement\":[{\"@type\":\"ListItem\",\"position\":1,\"name\":\"Home\",\"item\":\"https:\/\/denizcankizil.tr\/de\/\"},{\"@type\":\"ListItem\",\"position\":2,\"name\":\"TAK\u0130P, AYLIK \u0130\u015eLEYECEK NAFAKAYI DA KAPSADI\u011eINDAN \u015e\u0130K\u00c2YET SONUCUNDA VER\u0130LEN KARAR M\u0130KTAR \u0130T\u0130BARIYLA KES\u0130N DE\u011e\u0130LD\u0130R\"}]},{\"@type\":\"WebSite\",\"@id\":\"https:\/\/denizcankizil.tr\/de\/#website\",\"url\":\"https:\/\/denizcankizil.tr\/de\/\",\"name\":\"Av. Deniz Can K\u0131z\u0131l\",\"description\":\"Avukat Deniz Can K\u0131z\u0131l Antalya Barosu\",\"publisher\":{\"@id\":\"https:\/\/denizcankizil.tr\/de\/#organization\"},\"potentialAction\":[{\"@type\":\"SearchAction\",\"target\":{\"@type\":\"EntryPoint\",\"urlTemplate\":\"https:\/\/denizcankizil.tr\/de\/?s={search_term_string}\"},\"query-input\":{\"@type\":\"PropertyValueSpecification\",\"valueRequired\":true,\"valueName\":\"search_term_string\"}}],\"inLanguage\":\"uk\"},{\"@type\":\"Organization\",\"@id\":\"https:\/\/denizcankizil.tr\/de\/#organization\",\"name\":\"Av. Deniz Can K\u0131z\u0131l\",\"url\":\"https:\/\/denizcankizil.tr\/de\/\",\"logo\":{\"@type\":\"ImageObject\",\"inLanguage\":\"uk\",\"@id\":\"https:\/\/denizcankizil.tr\/de\/#\/schema\/logo\/image\/\",\"url\":\"https:\/\/denizcankizil.tr\/wp-content\/uploads\/2024\/10\/siyah-logo-svg.svg\",\"contentUrl\":\"https:\/\/denizcankizil.tr\/wp-content\/uploads\/2024\/10\/siyah-logo-svg.svg\",\"width\":1080,\"height\":1080,\"caption\":\"Av. Deniz Can K\u0131z\u0131l\"},\"image\":{\"@id\":\"https:\/\/denizcankizil.tr\/de\/#\/schema\/logo\/image\/\"}},{\"@type\":\"Person\",\"@id\":\"https:\/\/denizcankizil.tr\/de\/#\/schema\/person\/001a271de994a0aa3f90eea084424822\",\"name\":\"Hukuki Haber.net\",\"image\":{\"@type\":\"ImageObject\",\"inLanguage\":\"uk\",\"@id\":\"https:\/\/denizcankizil.tr\/de\/#\/schema\/person\/image\/\",\"url\":\"https:\/\/secure.gravatar.com\/avatar\/57d8a49151495586611a149d29fc42865b951dc053a84709a3172ccb5abf3118?s=96&d=mm&r=g\",\"contentUrl\":\"https:\/\/secure.gravatar.com\/avatar\/57d8a49151495586611a149d29fc42865b951dc053a84709a3172ccb5abf3118?s=96&d=mm&r=g\",\"caption\":\"Hukuki Haber.net\"},\"sameAs\":[\"http:\/\/www.hukukihaber.net\"],\"url\":\"https:\/\/denizcankizil.tr\/uk\/author\/hukukihabernet\/\"}]}<\/script>\n<!-- \/ Yoast SEO Premium plugin. -->","yoast_head_json":{"title":"TAK\u0130P, AYLIK \u0130\u015eLEYECEK NAFAKAYI DA KAPSADI\u011eINDAN \u015e\u0130K\u00c2YET SONUCUNDA VER\u0130LEN KARAR M\u0130KTAR \u0130T\u0130BARIYLA KES\u0130N DE\u011e\u0130LD\u0130R - Av. Deniz Can K\u0131z\u0131l","robots":{"index":"index","follow":"follow","max-snippet":"max-snippet:-1","max-image-preview":"max-image-preview:large","max-video-preview":"max-video-preview:-1"},"canonical":"https:\/\/denizcankizil.tr\/uk\/hukukihaber\/takip-aylik-isleyecek-nafakayi-da-kapsadigindan-sikayet-sonucunda-verilen-karar-miktar-itibariyla-kesin-degildir\/","og_locale":"uk_UA","og_type":"article","og_title":"TAK\u0130P, AYLIK \u0130\u015eLEYECEK NAFAKAYI DA KAPSADI\u011eINDAN \u015e\u0130K\u00c2YET SONUCUNDA VER\u0130LEN KARAR M\u0130KTAR \u0130T\u0130BARIYLA KES\u0130N DE\u011e\u0130LD\u0130R","og_description":"T.C. YARGITAY 12. HUKUK DA\u0130RES\u0130 Esas Numaras\u0131: 2023\/3312 Karar Numaras\u0131: 2024\/303 Karar Tarihi: 15.01.2024 NAFAKANIN TAHS\u0130L\u0130 \u0130\u00c7\u0130N BA\u015eLATILAN \u0130CRA TAK\u0130B\u0130 \u0130LAMIN KES\u0130NLE\u015eMEDEN \u0130CRAYA KONULAMAYACA\u011eI \u0130DD\u0130ASI AYLIK \u0130\u015eLEYECEK NAFAKANIN TAHS\u0130L\u0130NE Y\u00d6NEL\u0130K TAK\u0130BE YAPILAN \u015e\u0130KAYET SONUCU VER\u0130LEN KARARIN \u0130ST\u0130NAF VE TEMY\u0130Z KES\u0130NL\u0130K SINIRINDA KALMADI\u011eI \u00d6ZET\u0130: \u015eikayete konu icra takibine ili\u015fkin icra emri 05.01 2021 ila 05.10.2022 aylar\u0131 aras\u0131nda (bu aylar dahil ) i\u015flemi\u015f her ay i\u00e7in 300,00 TL. nafaka, yasal faizleri ve vekalet \u00fccreti toplam\u0131 10.680,00 TL. ile AYLIK \u0130\u015eLEYECEK NAFAKANIN tahsiline ili\u015fkindir. Ba\u015fka bir deyi\u015fle, takip salt i\u015flemi\u015f nafaka ve vekalet \u00fccretine ili\u015fkin olmay\u0131p, &#8220;AYLIK \u0130\u015eLEYECEK NAFAKA&#8221; y\u0131da kapsamaktad\u0131r. Talep edilen i\u015fleyecek nafakan\u0131n ne kadar oldu\u011funu bu a\u015famada belirlemek m\u00fcmk\u00fcn olmay\u0131p, talebin ucu a\u00e7\u0131kt\u0131r. Bu durum kar\u015f\u0131s\u0131nda i\u015flemi\u015f nafaka ve vekalet \u00fccreti toplam\u0131 10.680,00 TL. ile AYLIK \u0130\u015eLEYECEK NAFAKANIN tahsiline y\u00f6nelik icra emrine kar\u015f\u0131 yap\u0131lan \u015fikayet sonucunda verilen karar\u0131n miktar itibar\u0131 ile kesin olmay\u0131p \u0130cra ve iflas kanunu ilgili maddeleri uyar\u0131nca istinaf\u0131 ve temyizi kabil kararlardand\u0131r. Yukar\u0131da tarih ve numaras\u0131 yaz\u0131l\u0131 B\u00f6lge Adliye Mahkemesince verilen karar\u0131n m\u00fcddeti i\u00e7inde temyizen tetkiki davac\u0131\/bor\u00e7lu vasisi taraf\u0131ndan istenmesi \u00fczerine bu i\u015fle ilgili dosya daireye g\u00f6nderilmi\u015f olup, dava dosyas\u0131 i\u00e7in Tetkik H\u00e2kimi &#8230; taraf\u0131ndan d\u00fczenlenen rapor dinlendikten ve dosya i\u00e7erisindeki t\u00fcm belgeler okunup incelendikten sonra i\u015fin &hellip;","og_url":"https:\/\/denizcankizil.tr\/uk\/hukukihaber\/takip-aylik-isleyecek-nafakayi-da-kapsadigindan-sikayet-sonucunda-verilen-karar-miktar-itibariyla-kesin-degildir\/","og_site_name":"Av. Deniz Can K\u0131z\u0131l","article_published_time":"2025-05-14T11:48:00+00:00","author":"Hukuki Haber.net","twitter_card":"summary_large_image","twitter_misc":{"\u041d\u0430\u043f\u0438\u0441\u0430\u043d\u043e":"Hukuki Haber.net","\u041f\u0440\u0438\u0431\u043b. \u0447\u0430\u0441 \u0447\u0438\u0442\u0430\u043d\u043d\u044f":"9 \u0445\u0432\u0438\u043b\u0438\u043d"},"schema":{"@context":"https:\/\/schema.org","@graph":[{"@type":"Article","@id":"https:\/\/denizcankizil.tr\/en\/hukukihaber\/takip-aylik-isleyecek-nafakayi-da-kapsadigindan-sikayet-sonucunda-verilen-karar-miktar-itibariyla-kesin-degildir\/#article","isPartOf":{"@id":"https:\/\/denizcankizil.tr\/en\/hukukihaber\/takip-aylik-isleyecek-nafakayi-da-kapsadigindan-sikayet-sonucunda-verilen-karar-miktar-itibariyla-kesin-degildir\/"},"author":{"name":"Hukuki Haber.net","@id":"https:\/\/denizcankizil.tr\/de\/#\/schema\/person\/001a271de994a0aa3f90eea084424822"},"headline":"TAK\u0130P, AYLIK \u0130\u015eLEYECEK NAFAKAYI DA KAPSADI\u011eINDAN \u015e\u0130K\u00c2YET SONUCUNDA VER\u0130LEN KARAR M\u0130KTAR \u0130T\u0130BARIYLA KES\u0130N DE\u011e\u0130LD\u0130R","datePublished":"2025-05-14T11:48:00+00:00","mainEntityOfPage":{"@id":"https:\/\/denizcankizil.tr\/en\/hukukihaber\/takip-aylik-isleyecek-nafakayi-da-kapsadigindan-sikayet-sonucunda-verilen-karar-miktar-itibariyla-kesin-degildir\/"},"wordCount":1743,"publisher":{"@id":"https:\/\/denizcankizil.tr\/de\/#organization"},"articleSection":["Hukuki Haberler"],"inLanguage":"uk"},{"@type":"WebPage","@id":"https:\/\/denizcankizil.tr\/en\/hukukihaber\/takip-aylik-isleyecek-nafakayi-da-kapsadigindan-sikayet-sonucunda-verilen-karar-miktar-itibariyla-kesin-degildir\/","url":"https:\/\/denizcankizil.tr\/en\/hukukihaber\/takip-aylik-isleyecek-nafakayi-da-kapsadigindan-sikayet-sonucunda-verilen-karar-miktar-itibariyla-kesin-degildir\/","name":"TAK\u0130P, AYLIK \u0130\u015eLEYECEK NAFAKAYI DA KAPSADI\u011eINDAN \u015e\u0130K\u00c2YET SONUCUNDA VER\u0130LEN KARAR M\u0130KTAR \u0130T\u0130BARIYLA KES\u0130N DE\u011e\u0130LD\u0130R - Av. Deniz Can K\u0131z\u0131l","isPartOf":{"@id":"https:\/\/denizcankizil.tr\/de\/#website"},"datePublished":"2025-05-14T11:48:00+00:00","breadcrumb":{"@id":"https:\/\/denizcankizil.tr\/en\/hukukihaber\/takip-aylik-isleyecek-nafakayi-da-kapsadigindan-sikayet-sonucunda-verilen-karar-miktar-itibariyla-kesin-degildir\/#breadcrumb"},"inLanguage":"uk","potentialAction":[{"@type":"ReadAction","target":["https:\/\/denizcankizil.tr\/en\/hukukihaber\/takip-aylik-isleyecek-nafakayi-da-kapsadigindan-sikayet-sonucunda-verilen-karar-miktar-itibariyla-kesin-degildir\/"]}]},{"@type":"BreadcrumbList","@id":"https:\/\/denizcankizil.tr\/en\/hukukihaber\/takip-aylik-isleyecek-nafakayi-da-kapsadigindan-sikayet-sonucunda-verilen-karar-miktar-itibariyla-kesin-degildir\/#breadcrumb","itemListElement":[{"@type":"ListItem","position":1,"name":"Home","item":"https:\/\/denizcankizil.tr\/de\/"},{"@type":"ListItem","position":2,"name":"TAK\u0130P, AYLIK \u0130\u015eLEYECEK NAFAKAYI DA KAPSADI\u011eINDAN \u015e\u0130K\u00c2YET SONUCUNDA VER\u0130LEN KARAR M\u0130KTAR \u0130T\u0130BARIYLA KES\u0130N DE\u011e\u0130LD\u0130R"}]},{"@type":"WebSite","@id":"https:\/\/denizcankizil.tr\/de\/#website","url":"https:\/\/denizcankizil.tr\/de\/","name":"Av. Deniz Can K\u0131z\u0131l","description":"Avukat Deniz Can K\u0131z\u0131l Antalya Barosu","publisher":{"@id":"https:\/\/denizcankizil.tr\/de\/#organization"},"potentialAction":[{"@type":"SearchAction","target":{"@type":"EntryPoint","urlTemplate":"https:\/\/denizcankizil.tr\/de\/?s={search_term_string}"},"query-input":{"@type":"PropertyValueSpecification","valueRequired":true,"valueName":"search_term_string"}}],"inLanguage":"uk"},{"@type":"Organization","@id":"https:\/\/denizcankizil.tr\/de\/#organization","name":"Av. Deniz Can K\u0131z\u0131l","url":"https:\/\/denizcankizil.tr\/de\/","logo":{"@type":"ImageObject","inLanguage":"uk","@id":"https:\/\/denizcankizil.tr\/de\/#\/schema\/logo\/image\/","url":"https:\/\/denizcankizil.tr\/wp-content\/uploads\/2024\/10\/siyah-logo-svg.svg","contentUrl":"https:\/\/denizcankizil.tr\/wp-content\/uploads\/2024\/10\/siyah-logo-svg.svg","width":1080,"height":1080,"caption":"Av. Deniz Can K\u0131z\u0131l"},"image":{"@id":"https:\/\/denizcankizil.tr\/de\/#\/schema\/logo\/image\/"}},{"@type":"Person","@id":"https:\/\/denizcankizil.tr\/de\/#\/schema\/person\/001a271de994a0aa3f90eea084424822","name":"Hukuki Haber.net","image":{"@type":"ImageObject","inLanguage":"uk","@id":"https:\/\/denizcankizil.tr\/de\/#\/schema\/person\/image\/","url":"https:\/\/secure.gravatar.com\/avatar\/57d8a49151495586611a149d29fc42865b951dc053a84709a3172ccb5abf3118?s=96&d=mm&r=g","contentUrl":"https:\/\/secure.gravatar.com\/avatar\/57d8a49151495586611a149d29fc42865b951dc053a84709a3172ccb5abf3118?s=96&d=mm&r=g","caption":"Hukuki Haber.net"},"sameAs":["http:\/\/www.hukukihaber.net"],"url":"https:\/\/denizcankizil.tr\/uk\/author\/hukukihabernet\/"}]}},"_links":{"self":[{"href":"https:\/\/denizcankizil.tr\/uk\/wp-json\/wp\/v2\/posts\/86346","targetHints":{"allow":["GET"]}}],"collection":[{"href":"https:\/\/denizcankizil.tr\/uk\/wp-json\/wp\/v2\/posts"}],"about":[{"href":"https:\/\/denizcankizil.tr\/uk\/wp-json\/wp\/v2\/types\/post"}],"author":[{"embeddable":true,"href":"https:\/\/denizcankizil.tr\/uk\/wp-json\/wp\/v2\/users\/3"}],"replies":[{"embeddable":true,"href":"https:\/\/denizcankizil.tr\/uk\/wp-json\/wp\/v2\/comments?post=86346"}],"version-history":[{"count":0,"href":"https:\/\/denizcankizil.tr\/uk\/wp-json\/wp\/v2\/posts\/86346\/revisions"}],"wp:attachment":[{"href":"https:\/\/denizcankizil.tr\/uk\/wp-json\/wp\/v2\/media?parent=86346"}],"wp:term":[{"taxonomy":"category","embeddable":true,"href":"https:\/\/denizcankizil.tr\/uk\/wp-json\/wp\/v2\/categories?post=86346"},{"taxonomy":"post_tag","embeddable":true,"href":"https:\/\/denizcankizil.tr\/uk\/wp-json\/wp\/v2\/tags?post=86346"}],"curies":[{"name":"wp","href":"https:\/\/api.w.org\/{rel}","templated":true}]}}