{"id":86063,"date":"2025-05-14T09:41:22","date_gmt":"2025-05-14T06:41:22","guid":{"rendered":"https:\/\/denizcankizil.tr\/uncategorized-tr\/soma-unutulmadi-301-madenci-antalyada-anildi\/"},"modified":"2025-05-14T09:41:22","modified_gmt":"2025-05-14T06:41:22","slug":"soma-unutulmadi-301-madenci-antalyada-anildi","status":"publish","type":"post","link":"https:\/\/denizcankizil.tr\/uk\/haberler\/gundem\/soma-unutulmadi-301-madenci-antalyada-anildi\/","title":{"rendered":"SOMA unutulmad\u0131: 301 madenci Antalya\u2019da an\u0131ld\u0131"},"content":{"rendered":"<p>Antalya Attalos Meydan\u0131&#8217;nda Emek ve Demokrasi G\u00fc\u00e7leri D\u0130SK ve KESK ortak bas\u0131n a\u00e7\u0131klamas\u0131 yapt\u0131. A\u00e7\u0131klamada, Soma maden facias\u0131nda hayat\u0131n\u0131 kaybeden 301 madencinin unutulmas\u0131na izin verilmeyece\u011fi belirtildi. A\u00e7\u0131klamay\u0131 okuyan D\u0130SK Akdeniz B\u00f6lge Temsilcisi ve D\u0130SK GENEL-\u0130\u015e Sendikas\u0131 Antalya \u015eube Ba\u015fkan\u0131 Vedat K\u00fc\u00e7\u00fck, \u201cAdaletin yerine gelmedi\u011fi, cezas\u0131zl\u0131\u011f\u0131n bir iktidar politikas\u0131 oldu\u011fu akl\u0131m\u0131zdan hi\u00e7 \u00e7\u0131km\u0131yor\u201d dedi.<\/p>\n<p>UNUTMADIK UNUTMUYORUZ!<\/p>\n<p>301 madencinin ya\u015fam\u0131n\u0131 yitirdi\u011fi maden facias\u0131yla ilgili a\u00e7\u0131klama yapan D\u0130SK Akdeniz B\u00f6lge Temsilcisi ve D\u0130SK GENEL-\u0130\u015e Sendikas\u0131 Antalya \u015eube Ba\u015fkan\u0131 Vedat K\u00fc\u00e7\u00fck, \u201cSoma\u2019da 301 maden i\u015f\u00e7isinin katledilmesi ve 162 i\u015f\u00e7inin yaralanmas\u0131n\u0131n \u00fczerinden tam 11 y\u0131l ge\u00e7ti. 11 y\u0131lda ac\u0131m\u0131z hi\u00e7 dinmedi\u011fi gibi, \u00fczerine madencilik, turizm ve end\u00fcstriyel i\u015fletmelerdeki yeni kitlesel i\u015f\u00e7i \u00f6l\u00fcmleri ya\u015fanmaya devam etti. Soma katliam\u0131 kar\u015f\u0131s\u0131nda i\u015flemeyen adalet, yeni i\u015f\u00e7i katliamlar\u0131nda da i\u015flemedi. Adaletin yerine gelmedi\u011fi, cezas\u0131zl\u0131\u011f\u0131n bir iktidar politikas\u0131 oldu\u011fu akl\u0131m\u0131zdan hi\u00e7 \u00e7\u0131km\u0131yor\u201d dedi.<\/p>\n<p>K\u00fc\u00e7\u00fck a\u00e7\u0131klamas\u0131n\u0131n devam\u0131nda, \u201cKa\u011f\u0131t \u00fczerinde kalan s\u00f6zle\u015fmeler, yasalar, stratejiler ve eylem planlar\u0131, insan onuruna yak\u0131\u015f\u0131r i\u015f anlay\u0131\u015f\u0131n\u0131n \u00e7ok uza\u011f\u0131nda kal\u0131rken \u00e7al\u0131\u015fma ortam ve ko\u015fullar\u0131n\u0131n iyile\u015ftirilmesi iktidar\u0131n ve sermayenin umurunda olmad\u0131. Bu nedenle i\u015f\u00e7iler \u00e7al\u0131\u015f\u0131rken \u00f6l\u00fcyor, katlediliyor. \u0130nsan onuruna yak\u0131\u015fan, \u00f6l\u00fcmc\u00fcl tehlikelerden koruyan bir \u00e7al\u0131\u015fma ortam\u0131 sa\u011flanacaksa sermayenin ve iktidar\u0131n merhametiyle de\u011fil, \u00e7al\u0131\u015fanlar\u0131n kendi \u00f6rg\u00fctl\u00fc g\u00fcc\u00fcyle, m\u00fccadelesiyle olacakt\u0131r. Unutmad\u0131k, unutmuyoruz\u201d diye konu\u015ftu.<\/p>\n<p>CEZANIN \u00dcST\u00dc \u00d6RT\u00dcL\u00dcYOR<\/p>\n<p>Soma facias\u0131n\u0131n \u00fcst\u00fcne cezas\u0131zl\u0131k \u00f6rt\u00fcs\u00fcn\u00fcn \u00e7ekildi\u011fine vurgu yapan K\u00fc\u00e7\u00fck, \u201c2020 y\u0131l\u0131nda Anayasa Mahkemesi\u2019nin karar\u0131yla katliamda sorumlulu\u011fu olan kamu g\u00f6revlilerinin yarg\u0131lanmas\u0131n\u0131n yolu a\u00e7\u0131ld\u0131. Aradan 3 y\u0131l ge\u00e7tikten sonra Aral\u0131k 2023 y\u0131l\u0131nda 28 kamu g\u00f6revlisinin yarg\u0131lanmas\u0131 i\u00e7in iddianame tamamland\u0131. 29 Nisan 2025 tarihinde \u00e7\u0131kan karar ile hukuki s\u00fcre\u00e7, kamu g\u00f6revlilerinin g\u00f6revi k\u00f6t\u00fcye kullanmas\u0131 kapsam\u0131nda cezas\u0131zl\u0131\u011f\u0131yla sonu\u00e7land\u0131. Soma Katliam\u0131 davas\u0131n\u0131 Soma\u2019dan ka\u00e7\u0131ran, maden patronu ve y\u00f6neticilerini adeta \u00f6d\u00fcllendiren bu yarg\u0131 sistemi, verdi\u011fi kararla Soma facias\u0131n\u0131n \u00fcst\u00fcne cezas\u0131zl\u0131k \u00f6rt\u00fcs\u00fcn\u00fc \u00e7ekti\u201d dedi.<\/p>\n<p>T\u00dcRK\u0130YE TAR\u0130H\u0130N\u0130N EN B\u00dcY\u00dcK \u0130\u015e\u00c7\u0130 KATL\u0130AMI<\/p>\n<p>Enerji Sanayi ve Maden Kamu Emek\u00e7ileri Sendikas\u0131 (ESM) Antalya \u015eube Ba\u015fkan\u0131 Tanju \u0130\u015feri ise, \u201cT\u00fcrkiye tarihinin en b\u00fcy\u00fck i\u015f\u00e7i katliam\u0131; Soma K\u00f6m\u00fcr \u0130\u015fletmeleri A.\u015e. taraf\u0131ndan i\u015fletilen Soma\/Eynez yeralt\u0131 k\u00f6m\u00fcr oca\u011f\u0131nda, bundan tam 11 y\u0131l \u00f6nce ger\u00e7ekle\u015fti ve 13 May\u0131s 2014`te meydana gelen faciada aralar\u0131nda 5 maden m\u00fchendisinin de bulundu\u011fu 301 maden emek\u00e7isi hayat\u0131n\u0131 kaybetmi\u015ftir. D\u00f6nemin Bakan\u0131 taraf\u0131ndan en g\u00fcvenilir denilen madende ya\u015fanan facian\u0131n 11. y\u0131l\u0131nda ac\u0131m\u0131z so\u011fumam\u0131\u015ft\u0131r ve halen devam etmektedir. Soma maden katliam\u0131nda hayat\u0131n\u0131 kaybedenleri sayg\u0131yla an\u0131yoruz. An\u0131lar\u0131 m\u00fccadelemizde ya\u015fayacak. \u2018Unutmayaca\u011f\u0131z, Unutturmayaca\u011f\u0131z\u2019 dedik. Bug\u00fcn buraya y\u0131llard\u0131r 301 madenciye olan borcumuzu, m\u00fccadele s\u00f6z\u00fcm\u00fcz\u00fc tutmaya geldik. Biliyoruz ki; Soma\u2019y\u0131 unutursak, unutturursak \u0130li\u00e7\u2019ler, Amasra\u2019lar, Ermenek\u2019ler, Siirt\u2019ler, Elbistan\u2019lar, Kozlu\u2019lar, Karadonlar ve sayamad\u0131\u011f\u0131m\u0131z nice facialar ve \u00f6l\u00fcmler ya\u015fanmaya devam edecek\u201d dedi.<\/p>\n<p>\u200bAntalya Emek ve Demokrasi G\u00fc\u00e7leri Soma maden facias\u0131n\u0131n 11. Y\u0131ld\u00f6n\u00fcm\u00fcnde Attalos Meydan\u0131\u2019nda bir araya geldi. Topluluk, adalet \u00e7a\u011fr\u0131s\u0131nda bulundu.\u00a0<\/p>\n<p>\u200bHaberin Al\u0131nt\u0131land\u0131\u011f\u0131 Kaynak: www.antalyakorfez.com<\/p>","protected":false},"excerpt":{"rendered":"<p>Antalya Attalos Meydan\u0131&#8217;nda Emek ve Demokrasi G\u00fc\u00e7leri D\u0130SK ve KESK ortak bas\u0131n a\u00e7\u0131klamas\u0131 yapt\u0131. A\u00e7\u0131klamada, Soma maden facias\u0131nda hayat\u0131n\u0131 kaybeden 301 madencinin unutulmas\u0131na izin verilmeyece\u011fi belirtildi. A\u00e7\u0131klamay\u0131 okuyan D\u0130SK Akdeniz B\u00f6lge Temsilcisi ve D\u0130SK GENEL-\u0130\u015e Sendikas\u0131 Antalya \u015eube Ba\u015fkan\u0131 Vedat K\u00fc\u00e7\u00fck, \u201cAdaletin yerine gelmedi\u011fi, cezas\u0131zl\u0131\u011f\u0131n bir iktidar politikas\u0131 oldu\u011fu akl\u0131m\u0131zdan hi\u00e7 \u00e7\u0131km\u0131yor\u201d dedi. UNUTMADIK UNUTMUYORUZ! 301 madencinin ya\u015fam\u0131n\u0131 yitirdi\u011fi maden facias\u0131yla ilgili a\u00e7\u0131klama yapan D\u0130SK Akdeniz B\u00f6lge Temsilcisi ve D\u0130SK GENEL-\u0130\u015e Sendikas\u0131 Antalya \u015eube Ba\u015fkan\u0131 Vedat K\u00fc\u00e7\u00fck, \u201cSoma\u2019da 301 maden i\u015f\u00e7isinin katledilmesi ve 162 i\u015f\u00e7inin yaralanmas\u0131n\u0131n \u00fczerinden tam 11 y\u0131l ge\u00e7ti. 11 y\u0131lda ac\u0131m\u0131z hi\u00e7 dinmedi\u011fi gibi, \u00fczerine madencilik, turizm ve end\u00fcstriyel i\u015fletmelerdeki yeni kitlesel i\u015f\u00e7i \u00f6l\u00fcmleri ya\u015fanmaya devam etti. Soma katliam\u0131 kar\u015f\u0131s\u0131nda i\u015flemeyen adalet, yeni i\u015f\u00e7i katliamlar\u0131nda da i\u015flemedi. Adaletin yerine gelmedi\u011fi, cezas\u0131zl\u0131\u011f\u0131n bir iktidar politikas\u0131 oldu\u011fu akl\u0131m\u0131zdan hi\u00e7 \u00e7\u0131km\u0131yor\u201d dedi. K\u00fc\u00e7\u00fck a\u00e7\u0131klamas\u0131n\u0131n devam\u0131nda, \u201cKa\u011f\u0131t \u00fczerinde kalan s\u00f6zle\u015fmeler, yasalar, stratejiler ve eylem planlar\u0131, insan onuruna yak\u0131\u015f\u0131r i\u015f anlay\u0131\u015f\u0131n\u0131n \u00e7ok uza\u011f\u0131nda kal\u0131rken \u00e7al\u0131\u015fma ortam ve ko\u015fullar\u0131n\u0131n iyile\u015ftirilmesi iktidar\u0131n ve sermayenin umurunda olmad\u0131. Bu nedenle i\u015f\u00e7iler \u00e7al\u0131\u015f\u0131rken \u00f6l\u00fcyor, katlediliyor. \u0130nsan onuruna yak\u0131\u015fan, \u00f6l\u00fcmc\u00fcl tehlikelerden koruyan bir \u00e7al\u0131\u015fma ortam\u0131 sa\u011flanacaksa sermayenin ve iktidar\u0131n merhametiyle de\u011fil, \u00e7al\u0131\u015fanlar\u0131n kendi \u00f6rg\u00fctl\u00fc g\u00fcc\u00fcyle, m\u00fccadelesiyle olacakt\u0131r. Unutmad\u0131k, unutmuyoruz\u201d diye konu\u015ftu. CEZANIN \u00dcST\u00dc \u00d6RT\u00dcL\u00dcYOR Soma facias\u0131n\u0131n \u00fcst\u00fcne cezas\u0131zl\u0131k &hellip;<\/p>","protected":false},"author":5,"featured_media":0,"comment_status":"","ping_status":"open","sticky":false,"template":"","format":"standard","meta":{"_acf_changed":false,"footnotes":""},"categories":[24],"tags":[],"class_list":["post-86063","post","type-post","status-publish","format-standard","has-post-thumbnail","hentry","category-gundem"],"acf":[],"yoast_head":"<!-- This site is optimized with the Yoast SEO Premium plugin v26.6 (Yoast SEO v27.1.1) - https:\/\/yoast.com\/product\/yoast-seo-premium-wordpress\/ -->\n<title>SOMA unutulmad\u0131: 301 madenci Antalya\u2019da an\u0131ld\u0131 - Av. Deniz Can K\u0131z\u0131l<\/title>\n<meta name=\"robots\" content=\"index, follow, max-snippet:-1, max-image-preview:large, max-video-preview:-1\" \/>\n<link rel=\"canonical\" href=\"https:\/\/denizcankizil.tr\/uk\/haberler\/gundem\/soma-unutulmadi-301-madenci-antalyada-anildi\/\" \/>\n<meta property=\"og:locale\" content=\"uk_UA\" \/>\n<meta property=\"og:type\" content=\"article\" \/>\n<meta property=\"og:title\" content=\"SOMA unutulmad\u0131: 301 madenci Antalya\u2019da an\u0131ld\u0131\" \/>\n<meta property=\"og:description\" content=\"Antalya Attalos Meydan\u0131&#8217;nda Emek ve Demokrasi G\u00fc\u00e7leri D\u0130SK ve KESK ortak bas\u0131n a\u00e7\u0131klamas\u0131 yapt\u0131. A\u00e7\u0131klamada, Soma maden facias\u0131nda hayat\u0131n\u0131 kaybeden 301 madencinin unutulmas\u0131na izin verilmeyece\u011fi belirtildi. A\u00e7\u0131klamay\u0131 okuyan D\u0130SK Akdeniz B\u00f6lge Temsilcisi ve D\u0130SK GENEL-\u0130\u015e Sendikas\u0131 Antalya \u015eube Ba\u015fkan\u0131 Vedat K\u00fc\u00e7\u00fck, \u201cAdaletin yerine gelmedi\u011fi, cezas\u0131zl\u0131\u011f\u0131n bir iktidar politikas\u0131 oldu\u011fu akl\u0131m\u0131zdan hi\u00e7 \u00e7\u0131km\u0131yor\u201d dedi. UNUTMADIK UNUTMUYORUZ! 301 madencinin ya\u015fam\u0131n\u0131 yitirdi\u011fi maden facias\u0131yla ilgili a\u00e7\u0131klama yapan D\u0130SK Akdeniz B\u00f6lge Temsilcisi ve D\u0130SK GENEL-\u0130\u015e Sendikas\u0131 Antalya \u015eube Ba\u015fkan\u0131 Vedat K\u00fc\u00e7\u00fck, \u201cSoma\u2019da 301 maden i\u015f\u00e7isinin katledilmesi ve 162 i\u015f\u00e7inin yaralanmas\u0131n\u0131n \u00fczerinden tam 11 y\u0131l ge\u00e7ti. 11 y\u0131lda ac\u0131m\u0131z hi\u00e7 dinmedi\u011fi gibi, \u00fczerine madencilik, turizm ve end\u00fcstriyel i\u015fletmelerdeki yeni kitlesel i\u015f\u00e7i \u00f6l\u00fcmleri ya\u015fanmaya devam etti. Soma katliam\u0131 kar\u015f\u0131s\u0131nda i\u015flemeyen adalet, yeni i\u015f\u00e7i katliamlar\u0131nda da i\u015flemedi. Adaletin yerine gelmedi\u011fi, cezas\u0131zl\u0131\u011f\u0131n bir iktidar politikas\u0131 oldu\u011fu akl\u0131m\u0131zdan hi\u00e7 \u00e7\u0131km\u0131yor\u201d dedi. K\u00fc\u00e7\u00fck a\u00e7\u0131klamas\u0131n\u0131n devam\u0131nda, \u201cKa\u011f\u0131t \u00fczerinde kalan s\u00f6zle\u015fmeler, yasalar, stratejiler ve eylem planlar\u0131, insan onuruna yak\u0131\u015f\u0131r i\u015f anlay\u0131\u015f\u0131n\u0131n \u00e7ok uza\u011f\u0131nda kal\u0131rken \u00e7al\u0131\u015fma ortam ve ko\u015fullar\u0131n\u0131n iyile\u015ftirilmesi iktidar\u0131n ve sermayenin umurunda olmad\u0131. Bu nedenle i\u015f\u00e7iler \u00e7al\u0131\u015f\u0131rken \u00f6l\u00fcyor, katlediliyor. \u0130nsan onuruna yak\u0131\u015fan, \u00f6l\u00fcmc\u00fcl tehlikelerden koruyan bir \u00e7al\u0131\u015fma ortam\u0131 sa\u011flanacaksa sermayenin ve iktidar\u0131n merhametiyle de\u011fil, \u00e7al\u0131\u015fanlar\u0131n kendi \u00f6rg\u00fctl\u00fc g\u00fcc\u00fcyle, m\u00fccadelesiyle olacakt\u0131r. Unutmad\u0131k, unutmuyoruz\u201d diye konu\u015ftu. CEZANIN \u00dcST\u00dc \u00d6RT\u00dcL\u00dcYOR Soma facias\u0131n\u0131n \u00fcst\u00fcne cezas\u0131zl\u0131k &hellip;\" \/>\n<meta property=\"og:url\" content=\"https:\/\/denizcankizil.tr\/uk\/haberler\/gundem\/soma-unutulmadi-301-madenci-antalyada-anildi\/\" \/>\n<meta property=\"og:site_name\" content=\"Av. Deniz Can K\u0131z\u0131l\" \/>\n<meta property=\"article:published_time\" content=\"2025-05-14T06:41:22+00:00\" \/>\n<meta name=\"author\" content=\"Antalya K\u00f6rfez\" \/>\n<meta name=\"twitter:card\" content=\"summary_large_image\" \/>\n<meta name=\"twitter:label1\" content=\"\u041d\u0430\u043f\u0438\u0441\u0430\u043d\u043e\" \/>\n\t<meta name=\"twitter:data1\" content=\"Antalya K\u00f6rfez\" \/>\n\t<meta name=\"twitter:label2\" content=\"\u041f\u0440\u0438\u0431\u043b. \u0447\u0430\u0441 \u0447\u0438\u0442\u0430\u043d\u043d\u044f\" \/>\n\t<meta name=\"twitter:data2\" content=\"3 \u0445\u0432\u0438\u043b\u0438\u043d\u0438\" \/>\n<script type=\"application\/ld+json\" class=\"yoast-schema-graph\">{\"@context\":\"https:\/\/schema.org\",\"@graph\":[{\"@type\":\"Article\",\"@id\":\"https:\/\/denizcankizil.tr\/ru\/haberler\/gundem\/soma-unutulmadi-301-madenci-antalyada-anildi\/#article\",\"isPartOf\":{\"@id\":\"https:\/\/denizcankizil.tr\/ru\/haberler\/gundem\/soma-unutulmadi-301-madenci-antalyada-anildi\/\"},\"author\":{\"name\":\"Antalya K\u00f6rfez\",\"@id\":\"https:\/\/denizcankizil.tr\/de\/#\/schema\/person\/e1eb71bb4dd684d46563f0af307e1234\"},\"headline\":\"SOMA unutulmad\u0131: 301 madenci Antalya\u2019da an\u0131ld\u0131\",\"datePublished\":\"2025-05-14T06:41:22+00:00\",\"mainEntityOfPage\":{\"@id\":\"https:\/\/denizcankizil.tr\/ru\/haberler\/gundem\/soma-unutulmadi-301-madenci-antalyada-anildi\/\"},\"wordCount\":644,\"publisher\":{\"@id\":\"https:\/\/denizcankizil.tr\/de\/#organization\"},\"articleSection\":[\"G\u00fcndem\"],\"inLanguage\":\"uk\"},{\"@type\":\"WebPage\",\"@id\":\"https:\/\/denizcankizil.tr\/ru\/haberler\/gundem\/soma-unutulmadi-301-madenci-antalyada-anildi\/\",\"url\":\"https:\/\/denizcankizil.tr\/ru\/haberler\/gundem\/soma-unutulmadi-301-madenci-antalyada-anildi\/\",\"name\":\"SOMA unutulmad\u0131: 301 madenci Antalya\u2019da an\u0131ld\u0131 - Av. Deniz Can K\u0131z\u0131l\",\"isPartOf\":{\"@id\":\"https:\/\/denizcankizil.tr\/de\/#website\"},\"datePublished\":\"2025-05-14T06:41:22+00:00\",\"breadcrumb\":{\"@id\":\"https:\/\/denizcankizil.tr\/ru\/haberler\/gundem\/soma-unutulmadi-301-madenci-antalyada-anildi\/#breadcrumb\"},\"inLanguage\":\"uk\",\"potentialAction\":[{\"@type\":\"ReadAction\",\"target\":[\"https:\/\/denizcankizil.tr\/ru\/haberler\/gundem\/soma-unutulmadi-301-madenci-antalyada-anildi\/\"]}]},{\"@type\":\"BreadcrumbList\",\"@id\":\"https:\/\/denizcankizil.tr\/ru\/haberler\/gundem\/soma-unutulmadi-301-madenci-antalyada-anildi\/#breadcrumb\",\"itemListElement\":[{\"@type\":\"ListItem\",\"position\":1,\"name\":\"Home\",\"item\":\"https:\/\/denizcankizil.tr\/de\/\"},{\"@type\":\"ListItem\",\"position\":2,\"name\":\"SOMA unutulmad\u0131: 301 madenci Antalya\u2019da an\u0131ld\u0131\"}]},{\"@type\":\"WebSite\",\"@id\":\"https:\/\/denizcankizil.tr\/de\/#website\",\"url\":\"https:\/\/denizcankizil.tr\/de\/\",\"name\":\"Av. Deniz Can K\u0131z\u0131l\",\"description\":\"Avukat Deniz Can K\u0131z\u0131l Antalya Barosu\",\"publisher\":{\"@id\":\"https:\/\/denizcankizil.tr\/de\/#organization\"},\"potentialAction\":[{\"@type\":\"SearchAction\",\"target\":{\"@type\":\"EntryPoint\",\"urlTemplate\":\"https:\/\/denizcankizil.tr\/de\/?s={search_term_string}\"},\"query-input\":{\"@type\":\"PropertyValueSpecification\",\"valueRequired\":true,\"valueName\":\"search_term_string\"}}],\"inLanguage\":\"uk\"},{\"@type\":\"Organization\",\"@id\":\"https:\/\/denizcankizil.tr\/de\/#organization\",\"name\":\"Av. Deniz Can K\u0131z\u0131l\",\"url\":\"https:\/\/denizcankizil.tr\/de\/\",\"logo\":{\"@type\":\"ImageObject\",\"inLanguage\":\"uk\",\"@id\":\"https:\/\/denizcankizil.tr\/de\/#\/schema\/logo\/image\/\",\"url\":\"https:\/\/denizcankizil.tr\/wp-content\/uploads\/2024\/10\/siyah-logo-svg.svg\",\"contentUrl\":\"https:\/\/denizcankizil.tr\/wp-content\/uploads\/2024\/10\/siyah-logo-svg.svg\",\"width\":1080,\"height\":1080,\"caption\":\"Av. Deniz Can K\u0131z\u0131l\"},\"image\":{\"@id\":\"https:\/\/denizcankizil.tr\/de\/#\/schema\/logo\/image\/\"}},{\"@type\":\"Person\",\"@id\":\"https:\/\/denizcankizil.tr\/de\/#\/schema\/person\/e1eb71bb4dd684d46563f0af307e1234\",\"name\":\"Antalya K\u00f6rfez\",\"image\":{\"@type\":\"ImageObject\",\"inLanguage\":\"uk\",\"@id\":\"https:\/\/denizcankizil.tr\/de\/#\/schema\/person\/image\/\",\"url\":\"https:\/\/secure.gravatar.com\/avatar\/42b01982558a48a0b501fdcab6a408d3717ea5919095ee2e67b0e521799c5905?s=96&d=mm&r=g\",\"contentUrl\":\"https:\/\/secure.gravatar.com\/avatar\/42b01982558a48a0b501fdcab6a408d3717ea5919095ee2e67b0e521799c5905?s=96&d=mm&r=g\",\"caption\":\"Antalya K\u00f6rfez\"},\"sameAs\":[\"http:\/\/www.antalyakorfez.com\"],\"url\":\"https:\/\/www.antalyakorfez.com\/soma-unutulmadi-301-madenci-antalyada-anildi\"}]}<\/script>\n<!-- \/ Yoast SEO Premium plugin. -->","yoast_head_json":{"title":"SOMA unutulmad\u0131: 301 madenci Antalya\u2019da an\u0131ld\u0131 - Av. Deniz Can K\u0131z\u0131l","robots":{"index":"index","follow":"follow","max-snippet":"max-snippet:-1","max-image-preview":"max-image-preview:large","max-video-preview":"max-video-preview:-1"},"canonical":"https:\/\/denizcankizil.tr\/uk\/haberler\/gundem\/soma-unutulmadi-301-madenci-antalyada-anildi\/","og_locale":"uk_UA","og_type":"article","og_title":"SOMA unutulmad\u0131: 301 madenci Antalya\u2019da an\u0131ld\u0131","og_description":"Antalya Attalos Meydan\u0131&#8217;nda Emek ve Demokrasi G\u00fc\u00e7leri D\u0130SK ve KESK ortak bas\u0131n a\u00e7\u0131klamas\u0131 yapt\u0131. A\u00e7\u0131klamada, Soma maden facias\u0131nda hayat\u0131n\u0131 kaybeden 301 madencinin unutulmas\u0131na izin verilmeyece\u011fi belirtildi. A\u00e7\u0131klamay\u0131 okuyan D\u0130SK Akdeniz B\u00f6lge Temsilcisi ve D\u0130SK GENEL-\u0130\u015e Sendikas\u0131 Antalya \u015eube Ba\u015fkan\u0131 Vedat K\u00fc\u00e7\u00fck, \u201cAdaletin yerine gelmedi\u011fi, cezas\u0131zl\u0131\u011f\u0131n bir iktidar politikas\u0131 oldu\u011fu akl\u0131m\u0131zdan hi\u00e7 \u00e7\u0131km\u0131yor\u201d dedi. UNUTMADIK UNUTMUYORUZ! 301 madencinin ya\u015fam\u0131n\u0131 yitirdi\u011fi maden facias\u0131yla ilgili a\u00e7\u0131klama yapan D\u0130SK Akdeniz B\u00f6lge Temsilcisi ve D\u0130SK GENEL-\u0130\u015e Sendikas\u0131 Antalya \u015eube Ba\u015fkan\u0131 Vedat K\u00fc\u00e7\u00fck, \u201cSoma\u2019da 301 maden i\u015f\u00e7isinin katledilmesi ve 162 i\u015f\u00e7inin yaralanmas\u0131n\u0131n \u00fczerinden tam 11 y\u0131l ge\u00e7ti. 11 y\u0131lda ac\u0131m\u0131z hi\u00e7 dinmedi\u011fi gibi, \u00fczerine madencilik, turizm ve end\u00fcstriyel i\u015fletmelerdeki yeni kitlesel i\u015f\u00e7i \u00f6l\u00fcmleri ya\u015fanmaya devam etti. Soma katliam\u0131 kar\u015f\u0131s\u0131nda i\u015flemeyen adalet, yeni i\u015f\u00e7i katliamlar\u0131nda da i\u015flemedi. Adaletin yerine gelmedi\u011fi, cezas\u0131zl\u0131\u011f\u0131n bir iktidar politikas\u0131 oldu\u011fu akl\u0131m\u0131zdan hi\u00e7 \u00e7\u0131km\u0131yor\u201d dedi. K\u00fc\u00e7\u00fck a\u00e7\u0131klamas\u0131n\u0131n devam\u0131nda, \u201cKa\u011f\u0131t \u00fczerinde kalan s\u00f6zle\u015fmeler, yasalar, stratejiler ve eylem planlar\u0131, insan onuruna yak\u0131\u015f\u0131r i\u015f anlay\u0131\u015f\u0131n\u0131n \u00e7ok uza\u011f\u0131nda kal\u0131rken \u00e7al\u0131\u015fma ortam ve ko\u015fullar\u0131n\u0131n iyile\u015ftirilmesi iktidar\u0131n ve sermayenin umurunda olmad\u0131. Bu nedenle i\u015f\u00e7iler \u00e7al\u0131\u015f\u0131rken \u00f6l\u00fcyor, katlediliyor. \u0130nsan onuruna yak\u0131\u015fan, \u00f6l\u00fcmc\u00fcl tehlikelerden koruyan bir \u00e7al\u0131\u015fma ortam\u0131 sa\u011flanacaksa sermayenin ve iktidar\u0131n merhametiyle de\u011fil, \u00e7al\u0131\u015fanlar\u0131n kendi \u00f6rg\u00fctl\u00fc g\u00fcc\u00fcyle, m\u00fccadelesiyle olacakt\u0131r. Unutmad\u0131k, unutmuyoruz\u201d diye konu\u015ftu. CEZANIN \u00dcST\u00dc \u00d6RT\u00dcL\u00dcYOR Soma facias\u0131n\u0131n \u00fcst\u00fcne cezas\u0131zl\u0131k &hellip;","og_url":"https:\/\/denizcankizil.tr\/uk\/haberler\/gundem\/soma-unutulmadi-301-madenci-antalyada-anildi\/","og_site_name":"Av. Deniz Can K\u0131z\u0131l","article_published_time":"2025-05-14T06:41:22+00:00","author":"Antalya K\u00f6rfez","twitter_card":"summary_large_image","twitter_misc":{"\u041d\u0430\u043f\u0438\u0441\u0430\u043d\u043e":"Antalya K\u00f6rfez","\u041f\u0440\u0438\u0431\u043b. \u0447\u0430\u0441 \u0447\u0438\u0442\u0430\u043d\u043d\u044f":"3 \u0445\u0432\u0438\u043b\u0438\u043d\u0438"},"schema":{"@context":"https:\/\/schema.org","@graph":[{"@type":"Article","@id":"https:\/\/denizcankizil.tr\/ru\/haberler\/gundem\/soma-unutulmadi-301-madenci-antalyada-anildi\/#article","isPartOf":{"@id":"https:\/\/denizcankizil.tr\/ru\/haberler\/gundem\/soma-unutulmadi-301-madenci-antalyada-anildi\/"},"author":{"name":"Antalya K\u00f6rfez","@id":"https:\/\/denizcankizil.tr\/de\/#\/schema\/person\/e1eb71bb4dd684d46563f0af307e1234"},"headline":"SOMA unutulmad\u0131: 301 madenci Antalya\u2019da an\u0131ld\u0131","datePublished":"2025-05-14T06:41:22+00:00","mainEntityOfPage":{"@id":"https:\/\/denizcankizil.tr\/ru\/haberler\/gundem\/soma-unutulmadi-301-madenci-antalyada-anildi\/"},"wordCount":644,"publisher":{"@id":"https:\/\/denizcankizil.tr\/de\/#organization"},"articleSection":["G\u00fcndem"],"inLanguage":"uk"},{"@type":"WebPage","@id":"https:\/\/denizcankizil.tr\/ru\/haberler\/gundem\/soma-unutulmadi-301-madenci-antalyada-anildi\/","url":"https:\/\/denizcankizil.tr\/ru\/haberler\/gundem\/soma-unutulmadi-301-madenci-antalyada-anildi\/","name":"SOMA unutulmad\u0131: 301 madenci Antalya\u2019da an\u0131ld\u0131 - Av. Deniz Can K\u0131z\u0131l","isPartOf":{"@id":"https:\/\/denizcankizil.tr\/de\/#website"},"datePublished":"2025-05-14T06:41:22+00:00","breadcrumb":{"@id":"https:\/\/denizcankizil.tr\/ru\/haberler\/gundem\/soma-unutulmadi-301-madenci-antalyada-anildi\/#breadcrumb"},"inLanguage":"uk","potentialAction":[{"@type":"ReadAction","target":["https:\/\/denizcankizil.tr\/ru\/haberler\/gundem\/soma-unutulmadi-301-madenci-antalyada-anildi\/"]}]},{"@type":"BreadcrumbList","@id":"https:\/\/denizcankizil.tr\/ru\/haberler\/gundem\/soma-unutulmadi-301-madenci-antalyada-anildi\/#breadcrumb","itemListElement":[{"@type":"ListItem","position":1,"name":"Home","item":"https:\/\/denizcankizil.tr\/de\/"},{"@type":"ListItem","position":2,"name":"SOMA unutulmad\u0131: 301 madenci Antalya\u2019da an\u0131ld\u0131"}]},{"@type":"WebSite","@id":"https:\/\/denizcankizil.tr\/de\/#website","url":"https:\/\/denizcankizil.tr\/de\/","name":"Av. Deniz Can K\u0131z\u0131l","description":"Avukat Deniz Can K\u0131z\u0131l Antalya Barosu","publisher":{"@id":"https:\/\/denizcankizil.tr\/de\/#organization"},"potentialAction":[{"@type":"SearchAction","target":{"@type":"EntryPoint","urlTemplate":"https:\/\/denizcankizil.tr\/de\/?s={search_term_string}"},"query-input":{"@type":"PropertyValueSpecification","valueRequired":true,"valueName":"search_term_string"}}],"inLanguage":"uk"},{"@type":"Organization","@id":"https:\/\/denizcankizil.tr\/de\/#organization","name":"Av. Deniz Can K\u0131z\u0131l","url":"https:\/\/denizcankizil.tr\/de\/","logo":{"@type":"ImageObject","inLanguage":"uk","@id":"https:\/\/denizcankizil.tr\/de\/#\/schema\/logo\/image\/","url":"https:\/\/denizcankizil.tr\/wp-content\/uploads\/2024\/10\/siyah-logo-svg.svg","contentUrl":"https:\/\/denizcankizil.tr\/wp-content\/uploads\/2024\/10\/siyah-logo-svg.svg","width":1080,"height":1080,"caption":"Av. Deniz Can K\u0131z\u0131l"},"image":{"@id":"https:\/\/denizcankizil.tr\/de\/#\/schema\/logo\/image\/"}},{"@type":"Person","@id":"https:\/\/denizcankizil.tr\/de\/#\/schema\/person\/e1eb71bb4dd684d46563f0af307e1234","name":"Antalya K\u00f6rfez","image":{"@type":"ImageObject","inLanguage":"uk","@id":"https:\/\/denizcankizil.tr\/de\/#\/schema\/person\/image\/","url":"https:\/\/secure.gravatar.com\/avatar\/42b01982558a48a0b501fdcab6a408d3717ea5919095ee2e67b0e521799c5905?s=96&d=mm&r=g","contentUrl":"https:\/\/secure.gravatar.com\/avatar\/42b01982558a48a0b501fdcab6a408d3717ea5919095ee2e67b0e521799c5905?s=96&d=mm&r=g","caption":"Antalya K\u00f6rfez"},"sameAs":["http:\/\/www.antalyakorfez.com"],"url":"https:\/\/www.antalyakorfez.com\/soma-unutulmadi-301-madenci-antalyada-anildi"}]}},"_links":{"self":[{"href":"https:\/\/denizcankizil.tr\/uk\/wp-json\/wp\/v2\/posts\/86063","targetHints":{"allow":["GET"]}}],"collection":[{"href":"https:\/\/denizcankizil.tr\/uk\/wp-json\/wp\/v2\/posts"}],"about":[{"href":"https:\/\/denizcankizil.tr\/uk\/wp-json\/wp\/v2\/types\/post"}],"author":[{"embeddable":true,"href":"https:\/\/denizcankizil.tr\/uk\/wp-json\/wp\/v2\/users\/5"}],"replies":[{"embeddable":true,"href":"https:\/\/denizcankizil.tr\/uk\/wp-json\/wp\/v2\/comments?post=86063"}],"version-history":[{"count":0,"href":"https:\/\/denizcankizil.tr\/uk\/wp-json\/wp\/v2\/posts\/86063\/revisions"}],"wp:attachment":[{"href":"https:\/\/denizcankizil.tr\/uk\/wp-json\/wp\/v2\/media?parent=86063"}],"wp:term":[{"taxonomy":"category","embeddable":true,"href":"https:\/\/denizcankizil.tr\/uk\/wp-json\/wp\/v2\/categories?post=86063"},{"taxonomy":"post_tag","embeddable":true,"href":"https:\/\/denizcankizil.tr\/uk\/wp-json\/wp\/v2\/tags?post=86063"}],"curies":[{"name":"wp","href":"https:\/\/api.w.org\/{rel}","templated":true}]}}