{"id":85353,"date":"2025-05-13T17:41:26","date_gmt":"2025-05-13T14:41:26","guid":{"rendered":"https:\/\/denizcankizil.tr\/uncategorized-tr\/sur-yapi-antalyada-hayat-basladi-donusum-projesinde-yeni-etaplara-geciliyor\/"},"modified":"2025-05-13T17:41:26","modified_gmt":"2025-05-13T14:41:26","slug":"sur-yapi-antalyada-hayat-basladi-donusum-projesinde-yeni-etaplara-geciliyor","status":"publish","type":"post","link":"https:\/\/denizcankizil.tr\/uk\/haberler\/gundem\/sur-yapi-antalyada-hayat-basladi-donusum-projesinde-yeni-etaplara-geciliyor\/","title":{"rendered":"Sur Yap\u0131 Antalya\u2019da hayat ba\u015flad\u0131: D\u00f6n\u00fc\u015f\u00fcm projesinde yeni etaplara ge\u00e7iliyor"},"content":{"rendered":"<p>T\u00fcrkiye\u2019nin ve Avrupa\u2019n\u0131n en b\u00fcy\u00fck kentsel d\u00f6n\u00fc\u015f\u00fcm projelerinden biri olan Sur Yap\u0131 Antalya\u2019da ya\u015fam resmen ba\u015flad\u0131. 2018 y\u0131l\u0131nda temeli at\u0131lan ve Antalya Kepez-Santral b\u00f6lgesinde 1,3 milyon metrekarelik alanda y\u00fckselen proje, bug\u00fcn itibar\u0131yla 7 bin 500 konutun teslimiyle \u00f6nemli bir e\u015fi\u011fi geride b\u0131rakt\u0131. Proje tamamland\u0131\u011f\u0131nda toplamda 19 bin konutluk dev bir yerle\u015fim alan\u0131 haline gelmi\u015f olacak. Ak\u0131ll\u0131 \u015fehir konseptiyle geli\u015ftirilen proje, yaln\u0131zca modern konutlardan ibaret de\u011fil; e\u011fitim kurumlar\u0131ndan sa\u011fl\u0131k tesislerine, al\u0131\u015fveri\u015f caddelerinden ibadet alanlar\u0131na kadar her \u015feyin planland\u0131\u011f\u0131 bir ya\u015fam merkezi olarak kurguland\u0131. Sur Yap\u0131, bu projeyle sadece bir yap\u0131 in\u015fa etmedi\u011fini, adeta yeni bir \u015fehir yaratt\u0131\u011f\u0131n\u0131 vurguluyor.<\/p>\n<p>HAYAT BA\u015eLADI<\/p>\n<p>Projeye dair detaylar\u0131n payla\u015f\u0131ld\u0131\u011f\u0131 bas\u0131n toplant\u0131s\u0131nda konu\u015fan Sur Yap\u0131 Y\u00f6netim Kurulu Ba\u015fkan\u0131 Z. Altan Elmas, \u201cBug\u00fcn bizim i\u00e7in heyecan verici bir g\u00fcn. 2018 y\u0131l\u0131nda temelini att\u0131\u011f\u0131m\u0131z bu b\u00fcy\u00fck projede hayat resmen ba\u015flad\u0131. Projenin belli bir a\u015famas\u0131n\u0131 tamamlad\u0131k ve \u015fu ana kadar 7 bin 500 konutun teslimini ger\u00e7ekle\u015ftirdik\u201d dedi. Elmas, ilk konutlar\u0131n 2020 y\u0131l\u0131nda teslim edilmeye ba\u015fland\u0131\u011f\u0131n\u0131 ve bu s\u00fcre\u00e7te her 2-3 ayda bir yeni etaplar\u0131n tamamlanarak hak sahiplerine konutlar\u0131n\u0131n verildi\u011fini belirtti.<\/p>\n<p>\u00d6RNEK D\u00d6N\u00dc\u015e\u00dcM MODEL\u0130<\/p>\n<p>Sur Yap\u0131 Antalya\u2019n\u0131n T\u00fcrkiye\u2019de kentsel d\u00f6n\u00fc\u015f\u00fcm a\u00e7\u0131s\u0131ndan \u00f6rnek bir model te\u015fkil etti\u011fini s\u00f6yleyen Elmas, \u201cBu projeyle bir \u015fehir konseptinde, \u00f6rnek bir kentsel d\u00f6n\u00fc\u015f\u00fcm vizyonunu hayata ge\u00e7irdik. \u0130stanbul ba\u015fta olmak \u00fczere bir\u00e7ok kentte projelerimiz oldu ancak Sur Yap\u0131 Antalya, boyut ve i\u00e7erik a\u00e7\u0131s\u0131ndan bamba\u015fka bir seviyede yer al\u0131yor. 6 bin 400 konutluk ilk etab\u0131 bitirdik. \u015eimdi 2. ve 3. etaplara h\u0131z veriyoruz. Toplamda 4 etap e\u015f zamanl\u0131 olarak ilerliyor. Ortaya ger\u00e7ekten b\u00fcy\u00fck bir \u015fehir \u00e7\u0131kt\u0131\u201d ifadelerini kulland\u0131.<\/p>\n<p>DEVAM EDEN BA\u015eARI<\/p>\n<p>Elmas, projenin y\u00fcr\u00fct\u00fclmesi s\u00fcrecinde bir\u00e7ok krizle kar\u015f\u0131la\u015ft\u0131klar\u0131n\u0131, ancak her \u015feye ra\u011fmen in\u015faatlar\u0131n kesintisiz s\u00fcrd\u00fcr\u00fcld\u00fc\u011f\u00fcn\u00fc belirtti. Pandemi, y\u00fcksek enflasyon, tedarik zincirinde ya\u015fanan problemler ve i\u015f g\u00fcc\u00fc yetersizli\u011finin projeyi zorlad\u0131\u011f\u0131n\u0131 anlatan Elmas, \u201c\u00d6zellikle in\u015faat maliyetleri son derece artt\u0131. 2020\u2019de bir metrek\u00fcp beton 250 TL iken, 2024\u2019te bu rakam 2.500 TL\u2019ye ula\u015ft\u0131. Buna ra\u011fmen b\u00fcy\u00fck bir \u00f6zveriyle teslimleri s\u00fcrd\u00fcrd\u00fck. Bu s\u00fcre\u00e7te vatanda\u015flar\u0131m\u0131z\u0131n ma\u011fdur olmamas\u0131 i\u00e7in elimizden gelen her \u015feyi yapt\u0131k.\u201d dedi.<\/p>\n<p>\u0130N\u015eAAT SEKT\u00d6R\u00dcN\u00dc ZORLADI<\/p>\n<p>\u0130n\u015faat sekt\u00f6r\u00fcn\u00fcn son y\u0131llarda ciddi i\u015f g\u00fcc\u00fc kayb\u0131na u\u011frad\u0131\u011f\u0131n\u0131 belirten Elmas, \u201c2019 y\u0131l\u0131ndaki ekonomik kriz sonras\u0131 yakla\u015f\u0131k 700 bin ki\u015fi sekt\u00f6rden ayr\u0131ld\u0131. Bir\u00e7o\u011fu farkl\u0131 alanlara y\u00f6neldi, kimileri yurt d\u0131\u015f\u0131na \u00e7\u0131kt\u0131. \u015eu anda h\u00e2l\u00e2 yeterli say\u0131da kalifiye i\u015f g\u00fcc\u00fcne ula\u015fmakta zorlan\u0131yoruz. Bazen 3-5 ki\u015filik ekiple \u00e7al\u0131\u015fmak zorunda kal\u0131yoruz\u201d diye konu\u015ftu.<\/p>\n<p>TOPLUMSAL SORUMLULUK<\/p>\n<p>Altan Elmas, 6 \u015eubat 2023 tarihinde ya\u015fanan b\u00fcy\u00fck depremin ard\u0131ndan 3 ay s\u00fcreyle Antalya\u2019daki in\u015faat faaliyetlerine ara verdiklerini ve bu s\u00fcre\u00e7te Ad\u0131yaman ile Kahramanmara\u015f\u2019ta deprem konutlar\u0131n\u0131n yap\u0131m\u0131na odakland\u0131klar\u0131n\u0131 a\u00e7\u0131klad\u0131. Elmas, \u201cSur Yap\u0131 olarak sadece ticari de\u011fil, toplumsal sorumlulu\u011fumuzun da fark\u0131nday\u0131z. Deprem b\u00f6lgesinde yaralar\u0131 sarmak i\u00e7in elimizi ta\u015f\u0131n alt\u0131na koyduk. Kentsel d\u00f6n\u00fc\u015f\u00fcm, \u00fclkemizin en acil ihtiya\u00e7lar\u0131ndan biridir. \u0130stanbul\u2019da 23 Nisan\u2019da ya\u015fanan sars\u0131nt\u0131 da bunu bir kez daha hat\u0131rlatt\u0131&#8221; dedi.<\/p>\n<p>KAMUSAL ALANLARA \u00d6ZEL \u00d6NEM<\/p>\n<p>Sur Yap\u0131 Antalya, sadece konutlardan olu\u015fan bir proje de\u011fil. Projede e\u011fitim, sa\u011fl\u0131k ve ibadet alanlar\u0131 da b\u00fcy\u00fck bir yer tutuyor. Elmas, \u201cProjede okul alanlar\u0131 Milli E\u011fitim Bakanl\u0131\u011f\u0131\u2019na ba\u011fl\u0131 olarak planland\u0131. Ancak biz de sorumluluk alarak Antalya Valili\u011fi ile bir protokol imzalad\u0131k. Ba\u011f\u0131\u015f yoluyla bir okul in\u015fa edece\u011fiz. Ayr\u0131ca projenin i\u00e7erisinde Antalya\u2019n\u0131n en b\u00fcy\u00fck camilerinden birini yapmay\u0131 da planl\u0131yoruz\u201d \u015feklinde konu\u015ftu.<\/p>\n<p>FA\u0130ZLER ZORLUYOR<\/p>\n<p>Konut sat\u0131\u015flar\u0131n\u0131n rekor seviyelere \u00e7\u0131kt\u0131\u011f\u0131n\u0131 ifade eden Elmas, \u201c\u0130kinci el konut piyasas\u0131nda ciddi bir hareketlilik var ancak birinci el sat\u0131\u015flarda d\u00fc\u015f\u00fc\u015f s\u00f6z konusu. Konut kredileri tarihi dip seviyelerde, insanlar art\u0131k konutlar\u0131n\u0131 kendi imk\u00e2nlar\u0131yla almaya \u00e7al\u0131\u015f\u0131yor. Faiz oranlar\u0131 \u00e7ok y\u00fcksek. Bu ortamda yat\u0131r\u0131m yapmak hi\u00e7 kolay de\u011fil. Temmuz ay\u0131ndan itibaren faizlerin d\u00fc\u015fece\u011fini, 2026 y\u0131l\u0131nda hem enflasyonun hem de faizlerin daha makul seviyeye gelece\u011fini \u00f6ng\u00f6r\u00fcyoruz\u201d dedi.<\/p>\n<p>ANTALYA CAZ\u0130BE MERKEZ\u0130 <\/p>\n<p>Antalya\u2019n\u0131n yaz aylar\u0131nda artan n\u00fcfusuyla birlikte konut talebinde de b\u00fcy\u00fck bir hareketlilik ya\u015fand\u0131\u011f\u0131n\u0131 belirten Elmas, \u201cYaz d\u00f6neminde konut sat\u0131\u015flar\u0131 art\u0131yor. Baz\u0131 vatanda\u015flar birden fazla daire al\u0131yor. Sur Yap\u0131 Antalya\u2019ya olan ilgi s\u00fcr\u00fcyor. Projemiz, hem ya\u015famak hem de yat\u0131r\u0131m i\u00e7in tercih edilen bir adres haline geldi\u201d a\u00e7\u0131klamas\u0131n\u0131 yapt\u0131.<\/p>\n<p>S\u0130YASET \u00dcST\u00dc B\u0130R D\u00d6N\u00dc\u015e\u00dcM PROJES\u0130<\/p>\n<p>Projenin siyasi bir zemin \u00fczerine in\u015fa edilmedi\u011fini vurgulayan Elmas, \u201cProjemize AK Parti d\u00f6neminde ba\u015flad\u0131k, \u015fu anda CHP\u2019li belediye y\u00f6netimiyle \u00e7al\u0131\u015f\u0131yoruz. Ancak bu proje siyaset \u00fcst\u00fcd\u00fcr. Burada \u00f6nemli olan Antalya\u2019n\u0131n d\u00f6n\u00fc\u015f\u00fcm\u00fcd\u00fcr. Bu \u015fehir i\u00e7in kim katk\u0131 sunuyorsa te\u015fekk\u00fcr ederiz\u201d dedi.<\/p>\n<p>YEN\u0130 ETAPLARA HAZIRLIK VAR<\/p>\n<p>Mart itibar\u0131yla projedeki konutlar\u0131n tamam\u0131n\u0131n Sur Yap\u0131 i\u015ftiraki olan Antepe\u2019ye devredildi\u011fini ve kiralar\u0131n da \u00f6dendi\u011fini belirten Elmas, hak sahiplerinin b\u00fcy\u00fck k\u0131sm\u0131n\u0131n konutlar\u0131n\u0131 teslim ald\u0131\u011f\u0131n\u0131 kaydetti. Yeni etaplar i\u00e7in haz\u0131rl\u0131klar\u0131n s\u00fcrd\u00fc\u011f\u00fcn\u00fc s\u00f6yleyen Elmas, \u201cTalebe g\u00f6re yeni projeler geli\u015ftirebiliriz. Sur Yap\u0131 Antalya\u2019da her \u015fey planl\u0131, s\u00fcrd\u00fcr\u00fclebilir ve topluma de\u011fer katan bir \u015fekilde ilerliyor\u201d diyerek konu\u015fmas\u0131n\u0131 tamamlad\u0131. Toplant\u0131ya Sur Yap\u0131 y\u00f6neticilerinden Sur Tatil Evleri Genel M\u00fcd\u00fcr\u00fc \u00d6mer Faruk Elmas, G\u00f6zlemci \u0130cra Kurulu \u00dcyesi Yahya Elmas, Gayrimenkul \u0130\u015f Geli\u015ftirme ve Sat\u0131\u015f Direkt\u00f6r\u00fc Nergis Bah\u00e7ekap\u0131l\u0131 ve Pazarlama ve Kurumsal \u0130leti\u015fim Direkt\u00f6r\u00fc Ece Ceren Kany\u0131lmaz da kat\u0131ld\u0131.<\/p>\n<p>\u200bT\u00fcrkiye\u2019nin ve Avrupa\u2019n\u0131n en b\u00fcy\u00fck kentsel d\u00f6n\u00fc\u015f\u00fcm projelerinden biri olan Sur Yap\u0131 Antalya\u2019da hayat resmen ba\u015flad\u0131. Sur Yap\u0131 Y\u00f6netim Kurulu Ba\u015fkan\u0131 Z. Altan Elmas projede bug\u00fcne kadar 7 bin 500 konutun teslim edildi\u011fini ifade ederek, yeni etaplara ge\u00e7ildi\u011fini kaydetti.\u00a0<\/p>\n<p>\u200bHaberin Al\u0131nt\u0131land\u0131\u011f\u0131 Kaynak: www.antalyakorfez.com<\/p>","protected":false},"excerpt":{"rendered":"<p>T\u00fcrkiye\u2019nin ve Avrupa\u2019n\u0131n en b\u00fcy\u00fck kentsel d\u00f6n\u00fc\u015f\u00fcm projelerinden biri olan Sur Yap\u0131 Antalya\u2019da ya\u015fam resmen ba\u015flad\u0131. 2018 y\u0131l\u0131nda temeli at\u0131lan ve Antalya Kepez-Santral b\u00f6lgesinde 1,3 milyon metrekarelik alanda y\u00fckselen proje, bug\u00fcn itibar\u0131yla 7 bin 500 konutun teslimiyle \u00f6nemli bir e\u015fi\u011fi geride b\u0131rakt\u0131. Proje tamamland\u0131\u011f\u0131nda toplamda 19 bin konutluk dev bir yerle\u015fim alan\u0131 haline gelmi\u015f olacak. Ak\u0131ll\u0131 \u015fehir konseptiyle geli\u015ftirilen proje, yaln\u0131zca modern konutlardan ibaret de\u011fil; e\u011fitim kurumlar\u0131ndan sa\u011fl\u0131k tesislerine, al\u0131\u015fveri\u015f caddelerinden ibadet alanlar\u0131na kadar her \u015feyin planland\u0131\u011f\u0131 bir ya\u015fam merkezi olarak kurguland\u0131. Sur Yap\u0131, bu projeyle sadece bir yap\u0131 in\u015fa etmedi\u011fini, adeta yeni bir \u015fehir yaratt\u0131\u011f\u0131n\u0131 vurguluyor. HAYAT BA\u015eLADI Projeye dair detaylar\u0131n payla\u015f\u0131ld\u0131\u011f\u0131 bas\u0131n toplant\u0131s\u0131nda konu\u015fan Sur Yap\u0131 Y\u00f6netim Kurulu Ba\u015fkan\u0131 Z. Altan Elmas, \u201cBug\u00fcn bizim i\u00e7in heyecan verici bir g\u00fcn. 2018 y\u0131l\u0131nda temelini att\u0131\u011f\u0131m\u0131z bu b\u00fcy\u00fck projede hayat resmen ba\u015flad\u0131. Projenin belli bir a\u015famas\u0131n\u0131 tamamlad\u0131k ve \u015fu ana kadar 7 bin 500 konutun teslimini ger\u00e7ekle\u015ftirdik\u201d dedi. Elmas, ilk konutlar\u0131n 2020 y\u0131l\u0131nda teslim edilmeye ba\u015fland\u0131\u011f\u0131n\u0131 ve bu s\u00fcre\u00e7te her 2-3 ayda bir yeni etaplar\u0131n tamamlanarak hak sahiplerine konutlar\u0131n\u0131n verildi\u011fini belirtti. \u00d6RNEK D\u00d6N\u00dc\u015e\u00dcM MODEL\u0130 Sur Yap\u0131 Antalya\u2019n\u0131n T\u00fcrkiye\u2019de kentsel d\u00f6n\u00fc\u015f\u00fcm a\u00e7\u0131s\u0131ndan \u00f6rnek bir model te\u015fkil etti\u011fini s\u00f6yleyen Elmas, \u201cBu projeyle bir \u015fehir konseptinde, \u00f6rnek bir kentsel d\u00f6n\u00fc\u015f\u00fcm vizyonunu hayata ge\u00e7irdik. \u0130stanbul &hellip;<\/p>","protected":false},"author":5,"featured_media":0,"comment_status":"","ping_status":"open","sticky":false,"template":"","format":"standard","meta":{"_acf_changed":false,"footnotes":""},"categories":[24],"tags":[],"class_list":["post-85353","post","type-post","status-publish","format-standard","has-post-thumbnail","hentry","category-gundem"],"acf":[],"yoast_head":"<!-- This site is optimized with the Yoast SEO Premium plugin v26.6 (Yoast SEO v27.1.1) - https:\/\/yoast.com\/product\/yoast-seo-premium-wordpress\/ -->\n<title>Sur Yap\u0131 Antalya\u2019da hayat ba\u015flad\u0131: D\u00f6n\u00fc\u015f\u00fcm projesinde yeni etaplara ge\u00e7iliyor - Av. Deniz Can K\u0131z\u0131l<\/title>\n<meta name=\"robots\" content=\"index, follow, max-snippet:-1, max-image-preview:large, max-video-preview:-1\" \/>\n<link rel=\"canonical\" href=\"https:\/\/denizcankizil.tr\/uk\/haberler\/gundem\/sur-yapi-antalyada-hayat-basladi-donusum-projesinde-yeni-etaplara-geciliyor\/\" \/>\n<meta property=\"og:locale\" content=\"uk_UA\" \/>\n<meta property=\"og:type\" content=\"article\" \/>\n<meta property=\"og:title\" content=\"Sur Yap\u0131 Antalya\u2019da hayat ba\u015flad\u0131: D\u00f6n\u00fc\u015f\u00fcm projesinde yeni etaplara ge\u00e7iliyor\" \/>\n<meta property=\"og:description\" content=\"T\u00fcrkiye\u2019nin ve Avrupa\u2019n\u0131n en b\u00fcy\u00fck kentsel d\u00f6n\u00fc\u015f\u00fcm projelerinden biri olan Sur Yap\u0131 Antalya\u2019da ya\u015fam resmen ba\u015flad\u0131. 2018 y\u0131l\u0131nda temeli at\u0131lan ve Antalya Kepez-Santral b\u00f6lgesinde 1,3 milyon metrekarelik alanda y\u00fckselen proje, bug\u00fcn itibar\u0131yla 7 bin 500 konutun teslimiyle \u00f6nemli bir e\u015fi\u011fi geride b\u0131rakt\u0131. Proje tamamland\u0131\u011f\u0131nda toplamda 19 bin konutluk dev bir yerle\u015fim alan\u0131 haline gelmi\u015f olacak. Ak\u0131ll\u0131 \u015fehir konseptiyle geli\u015ftirilen proje, yaln\u0131zca modern konutlardan ibaret de\u011fil; e\u011fitim kurumlar\u0131ndan sa\u011fl\u0131k tesislerine, al\u0131\u015fveri\u015f caddelerinden ibadet alanlar\u0131na kadar her \u015feyin planland\u0131\u011f\u0131 bir ya\u015fam merkezi olarak kurguland\u0131. Sur Yap\u0131, bu projeyle sadece bir yap\u0131 in\u015fa etmedi\u011fini, adeta yeni bir \u015fehir yaratt\u0131\u011f\u0131n\u0131 vurguluyor. HAYAT BA\u015eLADI Projeye dair detaylar\u0131n payla\u015f\u0131ld\u0131\u011f\u0131 bas\u0131n toplant\u0131s\u0131nda konu\u015fan Sur Yap\u0131 Y\u00f6netim Kurulu Ba\u015fkan\u0131 Z. Altan Elmas, \u201cBug\u00fcn bizim i\u00e7in heyecan verici bir g\u00fcn. 2018 y\u0131l\u0131nda temelini att\u0131\u011f\u0131m\u0131z bu b\u00fcy\u00fck projede hayat resmen ba\u015flad\u0131. Projenin belli bir a\u015famas\u0131n\u0131 tamamlad\u0131k ve \u015fu ana kadar 7 bin 500 konutun teslimini ger\u00e7ekle\u015ftirdik\u201d dedi. Elmas, ilk konutlar\u0131n 2020 y\u0131l\u0131nda teslim edilmeye ba\u015fland\u0131\u011f\u0131n\u0131 ve bu s\u00fcre\u00e7te her 2-3 ayda bir yeni etaplar\u0131n tamamlanarak hak sahiplerine konutlar\u0131n\u0131n verildi\u011fini belirtti. \u00d6RNEK D\u00d6N\u00dc\u015e\u00dcM MODEL\u0130 Sur Yap\u0131 Antalya\u2019n\u0131n T\u00fcrkiye\u2019de kentsel d\u00f6n\u00fc\u015f\u00fcm a\u00e7\u0131s\u0131ndan \u00f6rnek bir model te\u015fkil etti\u011fini s\u00f6yleyen Elmas, \u201cBu projeyle bir \u015fehir konseptinde, \u00f6rnek bir kentsel d\u00f6n\u00fc\u015f\u00fcm vizyonunu hayata ge\u00e7irdik. \u0130stanbul &hellip;\" \/>\n<meta property=\"og:url\" content=\"https:\/\/denizcankizil.tr\/uk\/haberler\/gundem\/sur-yapi-antalyada-hayat-basladi-donusum-projesinde-yeni-etaplara-geciliyor\/\" \/>\n<meta property=\"og:site_name\" content=\"Av. Deniz Can K\u0131z\u0131l\" \/>\n<meta property=\"article:published_time\" content=\"2025-05-13T14:41:26+00:00\" \/>\n<meta name=\"author\" content=\"Antalya K\u00f6rfez\" \/>\n<meta name=\"twitter:card\" content=\"summary_large_image\" \/>\n<meta name=\"twitter:label1\" content=\"\u041d\u0430\u043f\u0438\u0441\u0430\u043d\u043e\" \/>\n\t<meta name=\"twitter:data1\" content=\"Antalya K\u00f6rfez\" \/>\n\t<meta name=\"twitter:label2\" content=\"\u041f\u0440\u0438\u0431\u043b. \u0447\u0430\u0441 \u0447\u0438\u0442\u0430\u043d\u043d\u044f\" \/>\n\t<meta name=\"twitter:data2\" content=\"6 \u0445\u0432\u0438\u043b\u0438\u043d\" \/>\n<script type=\"application\/ld+json\" class=\"yoast-schema-graph\">{\"@context\":\"https:\/\/schema.org\",\"@graph\":[{\"@type\":\"Article\",\"@id\":\"https:\/\/denizcankizil.tr\/ru\/haberler\/gundem\/sur-yapi-antalyada-hayat-basladi-donusum-projesinde-yeni-etaplara-geciliyor\/#article\",\"isPartOf\":{\"@id\":\"https:\/\/denizcankizil.tr\/ru\/haberler\/gundem\/sur-yapi-antalyada-hayat-basladi-donusum-projesinde-yeni-etaplara-geciliyor\/\"},\"author\":{\"name\":\"Antalya K\u00f6rfez\",\"@id\":\"https:\/\/denizcankizil.tr\/de\/#\/schema\/person\/e1eb71bb4dd684d46563f0af307e1234\"},\"headline\":\"Sur Yap\u0131 Antalya\u2019da hayat ba\u015flad\u0131: D\u00f6n\u00fc\u015f\u00fcm projesinde yeni etaplara ge\u00e7iliyor\",\"datePublished\":\"2025-05-13T14:41:26+00:00\",\"mainEntityOfPage\":{\"@id\":\"https:\/\/denizcankizil.tr\/ru\/haberler\/gundem\/sur-yapi-antalyada-hayat-basladi-donusum-projesinde-yeni-etaplara-geciliyor\/\"},\"wordCount\":1158,\"publisher\":{\"@id\":\"https:\/\/denizcankizil.tr\/de\/#organization\"},\"articleSection\":[\"G\u00fcndem\"],\"inLanguage\":\"uk\"},{\"@type\":\"WebPage\",\"@id\":\"https:\/\/denizcankizil.tr\/ru\/haberler\/gundem\/sur-yapi-antalyada-hayat-basladi-donusum-projesinde-yeni-etaplara-geciliyor\/\",\"url\":\"https:\/\/denizcankizil.tr\/ru\/haberler\/gundem\/sur-yapi-antalyada-hayat-basladi-donusum-projesinde-yeni-etaplara-geciliyor\/\",\"name\":\"Sur Yap\u0131 Antalya\u2019da hayat ba\u015flad\u0131: D\u00f6n\u00fc\u015f\u00fcm projesinde yeni etaplara ge\u00e7iliyor - Av. Deniz Can K\u0131z\u0131l\",\"isPartOf\":{\"@id\":\"https:\/\/denizcankizil.tr\/de\/#website\"},\"datePublished\":\"2025-05-13T14:41:26+00:00\",\"breadcrumb\":{\"@id\":\"https:\/\/denizcankizil.tr\/ru\/haberler\/gundem\/sur-yapi-antalyada-hayat-basladi-donusum-projesinde-yeni-etaplara-geciliyor\/#breadcrumb\"},\"inLanguage\":\"uk\",\"potentialAction\":[{\"@type\":\"ReadAction\",\"target\":[\"https:\/\/denizcankizil.tr\/ru\/haberler\/gundem\/sur-yapi-antalyada-hayat-basladi-donusum-projesinde-yeni-etaplara-geciliyor\/\"]}]},{\"@type\":\"BreadcrumbList\",\"@id\":\"https:\/\/denizcankizil.tr\/ru\/haberler\/gundem\/sur-yapi-antalyada-hayat-basladi-donusum-projesinde-yeni-etaplara-geciliyor\/#breadcrumb\",\"itemListElement\":[{\"@type\":\"ListItem\",\"position\":1,\"name\":\"Home\",\"item\":\"https:\/\/denizcankizil.tr\/de\/\"},{\"@type\":\"ListItem\",\"position\":2,\"name\":\"Sur Yap\u0131 Antalya\u2019da hayat ba\u015flad\u0131: D\u00f6n\u00fc\u015f\u00fcm projesinde yeni etaplara ge\u00e7iliyor\"}]},{\"@type\":\"WebSite\",\"@id\":\"https:\/\/denizcankizil.tr\/de\/#website\",\"url\":\"https:\/\/denizcankizil.tr\/de\/\",\"name\":\"Av. Deniz Can K\u0131z\u0131l\",\"description\":\"Avukat Deniz Can K\u0131z\u0131l Antalya Barosu\",\"publisher\":{\"@id\":\"https:\/\/denizcankizil.tr\/de\/#organization\"},\"potentialAction\":[{\"@type\":\"SearchAction\",\"target\":{\"@type\":\"EntryPoint\",\"urlTemplate\":\"https:\/\/denizcankizil.tr\/de\/?s={search_term_string}\"},\"query-input\":{\"@type\":\"PropertyValueSpecification\",\"valueRequired\":true,\"valueName\":\"search_term_string\"}}],\"inLanguage\":\"uk\"},{\"@type\":\"Organization\",\"@id\":\"https:\/\/denizcankizil.tr\/de\/#organization\",\"name\":\"Av. Deniz Can K\u0131z\u0131l\",\"url\":\"https:\/\/denizcankizil.tr\/de\/\",\"logo\":{\"@type\":\"ImageObject\",\"inLanguage\":\"uk\",\"@id\":\"https:\/\/denizcankizil.tr\/de\/#\/schema\/logo\/image\/\",\"url\":\"https:\/\/denizcankizil.tr\/wp-content\/uploads\/2024\/10\/siyah-logo-svg.svg\",\"contentUrl\":\"https:\/\/denizcankizil.tr\/wp-content\/uploads\/2024\/10\/siyah-logo-svg.svg\",\"width\":1080,\"height\":1080,\"caption\":\"Av. Deniz Can K\u0131z\u0131l\"},\"image\":{\"@id\":\"https:\/\/denizcankizil.tr\/de\/#\/schema\/logo\/image\/\"}},{\"@type\":\"Person\",\"@id\":\"https:\/\/denizcankizil.tr\/de\/#\/schema\/person\/e1eb71bb4dd684d46563f0af307e1234\",\"name\":\"Antalya K\u00f6rfez\",\"image\":{\"@type\":\"ImageObject\",\"inLanguage\":\"uk\",\"@id\":\"https:\/\/denizcankizil.tr\/de\/#\/schema\/person\/image\/\",\"url\":\"https:\/\/secure.gravatar.com\/avatar\/42b01982558a48a0b501fdcab6a408d3717ea5919095ee2e67b0e521799c5905?s=96&d=mm&r=g\",\"contentUrl\":\"https:\/\/secure.gravatar.com\/avatar\/42b01982558a48a0b501fdcab6a408d3717ea5919095ee2e67b0e521799c5905?s=96&d=mm&r=g\",\"caption\":\"Antalya K\u00f6rfez\"},\"sameAs\":[\"http:\/\/www.antalyakorfez.com\"],\"url\":\"https:\/\/www.antalyakorfez.com\/sur-yapi-antalyada-hayat-basladi-donusum-projesinde-yeni-etaplara-geciliyor\"}]}<\/script>\n<!-- \/ Yoast SEO Premium plugin. -->","yoast_head_json":{"title":"Sur Yap\u0131 Antalya\u2019da hayat ba\u015flad\u0131: D\u00f6n\u00fc\u015f\u00fcm projesinde yeni etaplara ge\u00e7iliyor - Av. Deniz Can K\u0131z\u0131l","robots":{"index":"index","follow":"follow","max-snippet":"max-snippet:-1","max-image-preview":"max-image-preview:large","max-video-preview":"max-video-preview:-1"},"canonical":"https:\/\/denizcankizil.tr\/uk\/haberler\/gundem\/sur-yapi-antalyada-hayat-basladi-donusum-projesinde-yeni-etaplara-geciliyor\/","og_locale":"uk_UA","og_type":"article","og_title":"Sur Yap\u0131 Antalya\u2019da hayat ba\u015flad\u0131: D\u00f6n\u00fc\u015f\u00fcm projesinde yeni etaplara ge\u00e7iliyor","og_description":"T\u00fcrkiye\u2019nin ve Avrupa\u2019n\u0131n en b\u00fcy\u00fck kentsel d\u00f6n\u00fc\u015f\u00fcm projelerinden biri olan Sur Yap\u0131 Antalya\u2019da ya\u015fam resmen ba\u015flad\u0131. 2018 y\u0131l\u0131nda temeli at\u0131lan ve Antalya Kepez-Santral b\u00f6lgesinde 1,3 milyon metrekarelik alanda y\u00fckselen proje, bug\u00fcn itibar\u0131yla 7 bin 500 konutun teslimiyle \u00f6nemli bir e\u015fi\u011fi geride b\u0131rakt\u0131. Proje tamamland\u0131\u011f\u0131nda toplamda 19 bin konutluk dev bir yerle\u015fim alan\u0131 haline gelmi\u015f olacak. Ak\u0131ll\u0131 \u015fehir konseptiyle geli\u015ftirilen proje, yaln\u0131zca modern konutlardan ibaret de\u011fil; e\u011fitim kurumlar\u0131ndan sa\u011fl\u0131k tesislerine, al\u0131\u015fveri\u015f caddelerinden ibadet alanlar\u0131na kadar her \u015feyin planland\u0131\u011f\u0131 bir ya\u015fam merkezi olarak kurguland\u0131. Sur Yap\u0131, bu projeyle sadece bir yap\u0131 in\u015fa etmedi\u011fini, adeta yeni bir \u015fehir yaratt\u0131\u011f\u0131n\u0131 vurguluyor. HAYAT BA\u015eLADI Projeye dair detaylar\u0131n payla\u015f\u0131ld\u0131\u011f\u0131 bas\u0131n toplant\u0131s\u0131nda konu\u015fan Sur Yap\u0131 Y\u00f6netim Kurulu Ba\u015fkan\u0131 Z. Altan Elmas, \u201cBug\u00fcn bizim i\u00e7in heyecan verici bir g\u00fcn. 2018 y\u0131l\u0131nda temelini att\u0131\u011f\u0131m\u0131z bu b\u00fcy\u00fck projede hayat resmen ba\u015flad\u0131. Projenin belli bir a\u015famas\u0131n\u0131 tamamlad\u0131k ve \u015fu ana kadar 7 bin 500 konutun teslimini ger\u00e7ekle\u015ftirdik\u201d dedi. Elmas, ilk konutlar\u0131n 2020 y\u0131l\u0131nda teslim edilmeye ba\u015fland\u0131\u011f\u0131n\u0131 ve bu s\u00fcre\u00e7te her 2-3 ayda bir yeni etaplar\u0131n tamamlanarak hak sahiplerine konutlar\u0131n\u0131n verildi\u011fini belirtti. \u00d6RNEK D\u00d6N\u00dc\u015e\u00dcM MODEL\u0130 Sur Yap\u0131 Antalya\u2019n\u0131n T\u00fcrkiye\u2019de kentsel d\u00f6n\u00fc\u015f\u00fcm a\u00e7\u0131s\u0131ndan \u00f6rnek bir model te\u015fkil etti\u011fini s\u00f6yleyen Elmas, \u201cBu projeyle bir \u015fehir konseptinde, \u00f6rnek bir kentsel d\u00f6n\u00fc\u015f\u00fcm vizyonunu hayata ge\u00e7irdik. \u0130stanbul &hellip;","og_url":"https:\/\/denizcankizil.tr\/uk\/haberler\/gundem\/sur-yapi-antalyada-hayat-basladi-donusum-projesinde-yeni-etaplara-geciliyor\/","og_site_name":"Av. Deniz Can K\u0131z\u0131l","article_published_time":"2025-05-13T14:41:26+00:00","author":"Antalya K\u00f6rfez","twitter_card":"summary_large_image","twitter_misc":{"\u041d\u0430\u043f\u0438\u0441\u0430\u043d\u043e":"Antalya K\u00f6rfez","\u041f\u0440\u0438\u0431\u043b. \u0447\u0430\u0441 \u0447\u0438\u0442\u0430\u043d\u043d\u044f":"6 \u0445\u0432\u0438\u043b\u0438\u043d"},"schema":{"@context":"https:\/\/schema.org","@graph":[{"@type":"Article","@id":"https:\/\/denizcankizil.tr\/ru\/haberler\/gundem\/sur-yapi-antalyada-hayat-basladi-donusum-projesinde-yeni-etaplara-geciliyor\/#article","isPartOf":{"@id":"https:\/\/denizcankizil.tr\/ru\/haberler\/gundem\/sur-yapi-antalyada-hayat-basladi-donusum-projesinde-yeni-etaplara-geciliyor\/"},"author":{"name":"Antalya K\u00f6rfez","@id":"https:\/\/denizcankizil.tr\/de\/#\/schema\/person\/e1eb71bb4dd684d46563f0af307e1234"},"headline":"Sur Yap\u0131 Antalya\u2019da hayat ba\u015flad\u0131: D\u00f6n\u00fc\u015f\u00fcm projesinde yeni etaplara ge\u00e7iliyor","datePublished":"2025-05-13T14:41:26+00:00","mainEntityOfPage":{"@id":"https:\/\/denizcankizil.tr\/ru\/haberler\/gundem\/sur-yapi-antalyada-hayat-basladi-donusum-projesinde-yeni-etaplara-geciliyor\/"},"wordCount":1158,"publisher":{"@id":"https:\/\/denizcankizil.tr\/de\/#organization"},"articleSection":["G\u00fcndem"],"inLanguage":"uk"},{"@type":"WebPage","@id":"https:\/\/denizcankizil.tr\/ru\/haberler\/gundem\/sur-yapi-antalyada-hayat-basladi-donusum-projesinde-yeni-etaplara-geciliyor\/","url":"https:\/\/denizcankizil.tr\/ru\/haberler\/gundem\/sur-yapi-antalyada-hayat-basladi-donusum-projesinde-yeni-etaplara-geciliyor\/","name":"Sur Yap\u0131 Antalya\u2019da hayat ba\u015flad\u0131: D\u00f6n\u00fc\u015f\u00fcm projesinde yeni etaplara ge\u00e7iliyor - Av. Deniz Can K\u0131z\u0131l","isPartOf":{"@id":"https:\/\/denizcankizil.tr\/de\/#website"},"datePublished":"2025-05-13T14:41:26+00:00","breadcrumb":{"@id":"https:\/\/denizcankizil.tr\/ru\/haberler\/gundem\/sur-yapi-antalyada-hayat-basladi-donusum-projesinde-yeni-etaplara-geciliyor\/#breadcrumb"},"inLanguage":"uk","potentialAction":[{"@type":"ReadAction","target":["https:\/\/denizcankizil.tr\/ru\/haberler\/gundem\/sur-yapi-antalyada-hayat-basladi-donusum-projesinde-yeni-etaplara-geciliyor\/"]}]},{"@type":"BreadcrumbList","@id":"https:\/\/denizcankizil.tr\/ru\/haberler\/gundem\/sur-yapi-antalyada-hayat-basladi-donusum-projesinde-yeni-etaplara-geciliyor\/#breadcrumb","itemListElement":[{"@type":"ListItem","position":1,"name":"Home","item":"https:\/\/denizcankizil.tr\/de\/"},{"@type":"ListItem","position":2,"name":"Sur Yap\u0131 Antalya\u2019da hayat ba\u015flad\u0131: D\u00f6n\u00fc\u015f\u00fcm projesinde yeni etaplara ge\u00e7iliyor"}]},{"@type":"WebSite","@id":"https:\/\/denizcankizil.tr\/de\/#website","url":"https:\/\/denizcankizil.tr\/de\/","name":"Av. Deniz Can K\u0131z\u0131l","description":"Avukat Deniz Can K\u0131z\u0131l Antalya Barosu","publisher":{"@id":"https:\/\/denizcankizil.tr\/de\/#organization"},"potentialAction":[{"@type":"SearchAction","target":{"@type":"EntryPoint","urlTemplate":"https:\/\/denizcankizil.tr\/de\/?s={search_term_string}"},"query-input":{"@type":"PropertyValueSpecification","valueRequired":true,"valueName":"search_term_string"}}],"inLanguage":"uk"},{"@type":"Organization","@id":"https:\/\/denizcankizil.tr\/de\/#organization","name":"Av. Deniz Can K\u0131z\u0131l","url":"https:\/\/denizcankizil.tr\/de\/","logo":{"@type":"ImageObject","inLanguage":"uk","@id":"https:\/\/denizcankizil.tr\/de\/#\/schema\/logo\/image\/","url":"https:\/\/denizcankizil.tr\/wp-content\/uploads\/2024\/10\/siyah-logo-svg.svg","contentUrl":"https:\/\/denizcankizil.tr\/wp-content\/uploads\/2024\/10\/siyah-logo-svg.svg","width":1080,"height":1080,"caption":"Av. Deniz Can K\u0131z\u0131l"},"image":{"@id":"https:\/\/denizcankizil.tr\/de\/#\/schema\/logo\/image\/"}},{"@type":"Person","@id":"https:\/\/denizcankizil.tr\/de\/#\/schema\/person\/e1eb71bb4dd684d46563f0af307e1234","name":"Antalya K\u00f6rfez","image":{"@type":"ImageObject","inLanguage":"uk","@id":"https:\/\/denizcankizil.tr\/de\/#\/schema\/person\/image\/","url":"https:\/\/secure.gravatar.com\/avatar\/42b01982558a48a0b501fdcab6a408d3717ea5919095ee2e67b0e521799c5905?s=96&d=mm&r=g","contentUrl":"https:\/\/secure.gravatar.com\/avatar\/42b01982558a48a0b501fdcab6a408d3717ea5919095ee2e67b0e521799c5905?s=96&d=mm&r=g","caption":"Antalya K\u00f6rfez"},"sameAs":["http:\/\/www.antalyakorfez.com"],"url":"https:\/\/www.antalyakorfez.com\/sur-yapi-antalyada-hayat-basladi-donusum-projesinde-yeni-etaplara-geciliyor"}]}},"_links":{"self":[{"href":"https:\/\/denizcankizil.tr\/uk\/wp-json\/wp\/v2\/posts\/85353","targetHints":{"allow":["GET"]}}],"collection":[{"href":"https:\/\/denizcankizil.tr\/uk\/wp-json\/wp\/v2\/posts"}],"about":[{"href":"https:\/\/denizcankizil.tr\/uk\/wp-json\/wp\/v2\/types\/post"}],"author":[{"embeddable":true,"href":"https:\/\/denizcankizil.tr\/uk\/wp-json\/wp\/v2\/users\/5"}],"replies":[{"embeddable":true,"href":"https:\/\/denizcankizil.tr\/uk\/wp-json\/wp\/v2\/comments?post=85353"}],"version-history":[{"count":0,"href":"https:\/\/denizcankizil.tr\/uk\/wp-json\/wp\/v2\/posts\/85353\/revisions"}],"wp:attachment":[{"href":"https:\/\/denizcankizil.tr\/uk\/wp-json\/wp\/v2\/media?parent=85353"}],"wp:term":[{"taxonomy":"category","embeddable":true,"href":"https:\/\/denizcankizil.tr\/uk\/wp-json\/wp\/v2\/categories?post=85353"},{"taxonomy":"post_tag","embeddable":true,"href":"https:\/\/denizcankizil.tr\/uk\/wp-json\/wp\/v2\/tags?post=85353"}],"curies":[{"name":"wp","href":"https:\/\/api.w.org\/{rel}","templated":true}]}}