{"id":8519,"date":"2024-10-26T20:41:24","date_gmt":"2024-10-26T17:41:24","guid":{"rendered":"https:\/\/denizcankizil.tr\/uncategorized-tr\/ekrem-imamoglu-tusas-standini-ziyaret-etti\/"},"modified":"2024-10-26T20:41:24","modified_gmt":"2024-10-26T17:41:24","slug":"ekrem-imamoglu-tusas-standini-ziyaret-etti","status":"publish","type":"post","link":"https:\/\/denizcankizil.tr\/uk\/haberler\/gundem\/ekrem-imamoglu-tusas-standini-ziyaret-etti\/","title":{"rendered":"Ekrem \u0130mamo\u011flu TUSA\u015e Stand\u0131n\u0131 Ziyaret Etti"},"content":{"rendered":"<p>TBB ve \u0130BB Ba\u015fkan\u0131 Ekrem \u0130mamo\u011flu, \u201cSAHA EXPO Uluslararas\u0131 Savunma, Havac\u0131l\u0131k ve Uzay Sanayii Fuar\u0131\u201dnda bulunan TUSA\u015e stand\u0131n\u0131 ziyaret etti.<\/p>\n<p>\u200bTBB ve \u0130BB Ba\u015fkan\u0131 Ekrem \u0130mamo\u011flu, \u201cSAHA EXPO Uluslararas\u0131 Savunma, Havac\u0131l\u0131k ve Uzay Sanayii Fuar\u0131\u201dnda bulunan TUSA\u015e stand\u0131n\u0131 ziyaret etti.\u00a0<\/p>\n<p>\u200bHaberin Al\u0131nt\u0131land\u0131\u011f\u0131 Kaynak: www.iskenderun.org<\/p>","protected":false},"excerpt":{"rendered":"<p>TBB ve \u0130BB Ba\u015fkan\u0131 Ekrem \u0130mamo\u011flu, \u201cSAHA EXPO Uluslararas\u0131 Savunma, Havac\u0131l\u0131k ve Uzay Sanayii Fuar\u0131\u201dnda bulunan TUSA\u015e stand\u0131n\u0131 ziyaret etti. \u200bTBB ve \u0130BB Ba\u015fkan\u0131 Ekrem \u0130mamo\u011flu, \u201cSAHA EXPO Uluslararas\u0131 Savunma, Havac\u0131l\u0131k ve Uzay Sanayii Fuar\u0131\u201dnda bulunan TUSA\u015e stand\u0131n\u0131 ziyaret etti.\u00a0 \u200bHaberin Al\u0131nt\u0131land\u0131\u011f\u0131 Kaynak: www.iskenderun.org<\/p>","protected":false},"author":0,"featured_media":0,"comment_status":"open","ping_status":"open","sticky":false,"template":"","format":"standard","meta":{"_acf_changed":false,"footnotes":""},"categories":[24,535],"tags":[],"class_list":["post-8519","post","type-post","status-publish","format-standard","has-post-thumbnail","hentry","category-gundem","category-uncategorized-tr"],"acf":[],"yoast_head":"<!-- This site is optimized with the Yoast SEO Premium plugin v26.6 (Yoast SEO v27.1.1) - https:\/\/yoast.com\/product\/yoast-seo-premium-wordpress\/ -->\n<title>Ekrem \u0130mamo\u011flu TUSA\u015e Stand\u0131n\u0131 Ziyaret Etti - Av. Deniz Can K\u0131z\u0131l<\/title>\n<meta name=\"robots\" content=\"index, follow, max-snippet:-1, max-image-preview:large, max-video-preview:-1\" \/>\n<link rel=\"canonical\" href=\"https:\/\/denizcankizil.tr\/uk\/haberler\/gundem\/ekrem-imamoglu-tusas-standini-ziyaret-etti\/\" \/>\n<meta property=\"og:locale\" content=\"uk_UA\" \/>\n<meta property=\"og:type\" content=\"article\" \/>\n<meta property=\"og:title\" content=\"Ekrem \u0130mamo\u011flu TUSA\u015e Stand\u0131n\u0131 Ziyaret Etti\" \/>\n<meta property=\"og:description\" content=\"TBB ve \u0130BB Ba\u015fkan\u0131 Ekrem \u0130mamo\u011flu, \u201cSAHA EXPO Uluslararas\u0131 Savunma, Havac\u0131l\u0131k ve Uzay Sanayii Fuar\u0131\u201dnda bulunan TUSA\u015e stand\u0131n\u0131 ziyaret etti. \u200bTBB ve \u0130BB Ba\u015fkan\u0131 Ekrem \u0130mamo\u011flu, \u201cSAHA EXPO Uluslararas\u0131 Savunma, Havac\u0131l\u0131k ve Uzay Sanayii Fuar\u0131\u201dnda bulunan TUSA\u015e stand\u0131n\u0131 ziyaret etti.\u00a0 \u200bHaberin Al\u0131nt\u0131land\u0131\u011f\u0131 Kaynak: www.iskenderun.org\" \/>\n<meta property=\"og:url\" content=\"https:\/\/denizcankizil.tr\/uk\/haberler\/gundem\/ekrem-imamoglu-tusas-standini-ziyaret-etti\/\" \/>\n<meta property=\"og:site_name\" content=\"Av. Deniz Can K\u0131z\u0131l\" \/>\n<meta property=\"article:published_time\" content=\"2024-10-26T17:41:24+00:00\" \/>\n<meta name=\"twitter:card\" content=\"summary_large_image\" \/>\n<script type=\"application\/ld+json\" class=\"yoast-schema-graph\">{\"@context\":\"https:\/\/schema.org\",\"@graph\":[{\"@type\":\"Article\",\"@id\":\"https:\/\/denizcankizil.tr\/uk\/haberler\/gundem\/ekrem-imamoglu-tusas-standini-ziyaret-etti\/#article\",\"isPartOf\":{\"@id\":\"https:\/\/denizcankizil.tr\/uk\/haberler\/gundem\/ekrem-imamoglu-tusas-standini-ziyaret-etti\/\"},\"author\":{\"name\":\"\",\"@id\":\"\"},\"headline\":\"Ekrem \u0130mamo\u011flu TUSA\u015e Stand\u0131n\u0131 Ziyaret Etti\",\"datePublished\":\"2024-10-26T17:41:24+00:00\",\"mainEntityOfPage\":{\"@id\":\"https:\/\/denizcankizil.tr\/uk\/haberler\/gundem\/ekrem-imamoglu-tusas-standini-ziyaret-etti\/\"},\"wordCount\":68,\"commentCount\":0,\"publisher\":{\"@id\":\"https:\/\/denizcankizil.tr\/de\/#organization\"},\"articleSection\":[\"G\u00fcndem\",\"Uncategorized\"],\"inLanguage\":\"uk\",\"potentialAction\":[{\"@type\":\"CommentAction\",\"name\":\"Comment\",\"target\":[\"https:\/\/denizcankizil.tr\/uk\/haberler\/gundem\/ekrem-imamoglu-tusas-standini-ziyaret-etti\/#respond\"]}]},{\"@type\":\"WebPage\",\"@id\":\"https:\/\/denizcankizil.tr\/uk\/haberler\/gundem\/ekrem-imamoglu-tusas-standini-ziyaret-etti\/\",\"url\":\"https:\/\/denizcankizil.tr\/uk\/haberler\/gundem\/ekrem-imamoglu-tusas-standini-ziyaret-etti\/\",\"name\":\"Ekrem \u0130mamo\u011flu TUSA\u015e Stand\u0131n\u0131 Ziyaret Etti - Av. Deniz Can K\u0131z\u0131l\",\"isPartOf\":{\"@id\":\"https:\/\/denizcankizil.tr\/de\/#website\"},\"datePublished\":\"2024-10-26T17:41:24+00:00\",\"breadcrumb\":{\"@id\":\"https:\/\/denizcankizil.tr\/uk\/haberler\/gundem\/ekrem-imamoglu-tusas-standini-ziyaret-etti\/#breadcrumb\"},\"inLanguage\":\"uk\",\"potentialAction\":[{\"@type\":\"ReadAction\",\"target\":[\"https:\/\/denizcankizil.tr\/uk\/haberler\/gundem\/ekrem-imamoglu-tusas-standini-ziyaret-etti\/\"]}]},{\"@type\":\"BreadcrumbList\",\"@id\":\"https:\/\/denizcankizil.tr\/uk\/haberler\/gundem\/ekrem-imamoglu-tusas-standini-ziyaret-etti\/#breadcrumb\",\"itemListElement\":[{\"@type\":\"ListItem\",\"position\":1,\"name\":\"Home\",\"item\":\"https:\/\/denizcankizil.tr\/de\/\"},{\"@type\":\"ListItem\",\"position\":2,\"name\":\"Ekrem \u0130mamo\u011flu TUSA\u015e Stand\u0131n\u0131 Ziyaret Etti\"}]},{\"@type\":\"WebSite\",\"@id\":\"https:\/\/denizcankizil.tr\/de\/#website\",\"url\":\"https:\/\/denizcankizil.tr\/de\/\",\"name\":\"Av. Deniz Can K\u0131z\u0131l\",\"description\":\"Avukat Deniz Can K\u0131z\u0131l Antalya Barosu\",\"publisher\":{\"@id\":\"https:\/\/denizcankizil.tr\/de\/#organization\"},\"potentialAction\":[{\"@type\":\"SearchAction\",\"target\":{\"@type\":\"EntryPoint\",\"urlTemplate\":\"https:\/\/denizcankizil.tr\/de\/?s={search_term_string}\"},\"query-input\":{\"@type\":\"PropertyValueSpecification\",\"valueRequired\":true,\"valueName\":\"search_term_string\"}}],\"inLanguage\":\"uk\"},{\"@type\":\"Organization\",\"@id\":\"https:\/\/denizcankizil.tr\/de\/#organization\",\"name\":\"Av. Deniz Can K\u0131z\u0131l\",\"url\":\"https:\/\/denizcankizil.tr\/de\/\",\"logo\":{\"@type\":\"ImageObject\",\"inLanguage\":\"uk\",\"@id\":\"https:\/\/denizcankizil.tr\/de\/#\/schema\/logo\/image\/\",\"url\":\"https:\/\/denizcankizil.tr\/wp-content\/uploads\/2024\/10\/siyah-logo-svg.svg\",\"contentUrl\":\"https:\/\/denizcankizil.tr\/wp-content\/uploads\/2024\/10\/siyah-logo-svg.svg\",\"width\":1080,\"height\":1080,\"caption\":\"Av. Deniz Can K\u0131z\u0131l\"},\"image\":{\"@id\":\"https:\/\/denizcankizil.tr\/de\/#\/schema\/logo\/image\/\"}}]}<\/script>\n<!-- \/ Yoast SEO Premium plugin. -->","yoast_head_json":{"title":"Ekrem \u0130mamo\u011flu TUSA\u015e Stand\u0131n\u0131 Ziyaret Etti - Av. Deniz Can K\u0131z\u0131l","robots":{"index":"index","follow":"follow","max-snippet":"max-snippet:-1","max-image-preview":"max-image-preview:large","max-video-preview":"max-video-preview:-1"},"canonical":"https:\/\/denizcankizil.tr\/uk\/haberler\/gundem\/ekrem-imamoglu-tusas-standini-ziyaret-etti\/","og_locale":"uk_UA","og_type":"article","og_title":"Ekrem \u0130mamo\u011flu TUSA\u015e Stand\u0131n\u0131 Ziyaret Etti","og_description":"TBB ve \u0130BB Ba\u015fkan\u0131 Ekrem \u0130mamo\u011flu, \u201cSAHA EXPO Uluslararas\u0131 Savunma, Havac\u0131l\u0131k ve Uzay Sanayii Fuar\u0131\u201dnda bulunan TUSA\u015e stand\u0131n\u0131 ziyaret etti. \u200bTBB ve \u0130BB Ba\u015fkan\u0131 Ekrem \u0130mamo\u011flu, \u201cSAHA EXPO Uluslararas\u0131 Savunma, Havac\u0131l\u0131k ve Uzay Sanayii Fuar\u0131\u201dnda bulunan TUSA\u015e stand\u0131n\u0131 ziyaret etti.\u00a0 \u200bHaberin Al\u0131nt\u0131land\u0131\u011f\u0131 Kaynak: www.iskenderun.org","og_url":"https:\/\/denizcankizil.tr\/uk\/haberler\/gundem\/ekrem-imamoglu-tusas-standini-ziyaret-etti\/","og_site_name":"Av. Deniz Can K\u0131z\u0131l","article_published_time":"2024-10-26T17:41:24+00:00","twitter_card":"summary_large_image","schema":{"@context":"https:\/\/schema.org","@graph":[{"@type":"Article","@id":"https:\/\/denizcankizil.tr\/uk\/haberler\/gundem\/ekrem-imamoglu-tusas-standini-ziyaret-etti\/#article","isPartOf":{"@id":"https:\/\/denizcankizil.tr\/uk\/haberler\/gundem\/ekrem-imamoglu-tusas-standini-ziyaret-etti\/"},"author":{"name":"","@id":""},"headline":"Ekrem \u0130mamo\u011flu TUSA\u015e Stand\u0131n\u0131 Ziyaret Etti","datePublished":"2024-10-26T17:41:24+00:00","mainEntityOfPage":{"@id":"https:\/\/denizcankizil.tr\/uk\/haberler\/gundem\/ekrem-imamoglu-tusas-standini-ziyaret-etti\/"},"wordCount":68,"commentCount":0,"publisher":{"@id":"https:\/\/denizcankizil.tr\/de\/#organization"},"articleSection":["G\u00fcndem","Uncategorized"],"inLanguage":"uk","potentialAction":[{"@type":"CommentAction","name":"Comment","target":["https:\/\/denizcankizil.tr\/uk\/haberler\/gundem\/ekrem-imamoglu-tusas-standini-ziyaret-etti\/#respond"]}]},{"@type":"WebPage","@id":"https:\/\/denizcankizil.tr\/uk\/haberler\/gundem\/ekrem-imamoglu-tusas-standini-ziyaret-etti\/","url":"https:\/\/denizcankizil.tr\/uk\/haberler\/gundem\/ekrem-imamoglu-tusas-standini-ziyaret-etti\/","name":"Ekrem \u0130mamo\u011flu TUSA\u015e Stand\u0131n\u0131 Ziyaret Etti - Av. Deniz Can K\u0131z\u0131l","isPartOf":{"@id":"https:\/\/denizcankizil.tr\/de\/#website"},"datePublished":"2024-10-26T17:41:24+00:00","breadcrumb":{"@id":"https:\/\/denizcankizil.tr\/uk\/haberler\/gundem\/ekrem-imamoglu-tusas-standini-ziyaret-etti\/#breadcrumb"},"inLanguage":"uk","potentialAction":[{"@type":"ReadAction","target":["https:\/\/denizcankizil.tr\/uk\/haberler\/gundem\/ekrem-imamoglu-tusas-standini-ziyaret-etti\/"]}]},{"@type":"BreadcrumbList","@id":"https:\/\/denizcankizil.tr\/uk\/haberler\/gundem\/ekrem-imamoglu-tusas-standini-ziyaret-etti\/#breadcrumb","itemListElement":[{"@type":"ListItem","position":1,"name":"Home","item":"https:\/\/denizcankizil.tr\/de\/"},{"@type":"ListItem","position":2,"name":"Ekrem \u0130mamo\u011flu TUSA\u015e Stand\u0131n\u0131 Ziyaret Etti"}]},{"@type":"WebSite","@id":"https:\/\/denizcankizil.tr\/de\/#website","url":"https:\/\/denizcankizil.tr\/de\/","name":"Av. Deniz Can K\u0131z\u0131l","description":"Avukat Deniz Can K\u0131z\u0131l Antalya Barosu","publisher":{"@id":"https:\/\/denizcankizil.tr\/de\/#organization"},"potentialAction":[{"@type":"SearchAction","target":{"@type":"EntryPoint","urlTemplate":"https:\/\/denizcankizil.tr\/de\/?s={search_term_string}"},"query-input":{"@type":"PropertyValueSpecification","valueRequired":true,"valueName":"search_term_string"}}],"inLanguage":"uk"},{"@type":"Organization","@id":"https:\/\/denizcankizil.tr\/de\/#organization","name":"Av. Deniz Can K\u0131z\u0131l","url":"https:\/\/denizcankizil.tr\/de\/","logo":{"@type":"ImageObject","inLanguage":"uk","@id":"https:\/\/denizcankizil.tr\/de\/#\/schema\/logo\/image\/","url":"https:\/\/denizcankizil.tr\/wp-content\/uploads\/2024\/10\/siyah-logo-svg.svg","contentUrl":"https:\/\/denizcankizil.tr\/wp-content\/uploads\/2024\/10\/siyah-logo-svg.svg","width":1080,"height":1080,"caption":"Av. Deniz Can K\u0131z\u0131l"},"image":{"@id":"https:\/\/denizcankizil.tr\/de\/#\/schema\/logo\/image\/"}}]}},"_links":{"self":[{"href":"https:\/\/denizcankizil.tr\/uk\/wp-json\/wp\/v2\/posts\/8519","targetHints":{"allow":["GET"]}}],"collection":[{"href":"https:\/\/denizcankizil.tr\/uk\/wp-json\/wp\/v2\/posts"}],"about":[{"href":"https:\/\/denizcankizil.tr\/uk\/wp-json\/wp\/v2\/types\/post"}],"replies":[{"embeddable":true,"href":"https:\/\/denizcankizil.tr\/uk\/wp-json\/wp\/v2\/comments?post=8519"}],"version-history":[{"count":0,"href":"https:\/\/denizcankizil.tr\/uk\/wp-json\/wp\/v2\/posts\/8519\/revisions"}],"wp:attachment":[{"href":"https:\/\/denizcankizil.tr\/uk\/wp-json\/wp\/v2\/media?parent=8519"}],"wp:term":[{"taxonomy":"category","embeddable":true,"href":"https:\/\/denizcankizil.tr\/uk\/wp-json\/wp\/v2\/categories?post=8519"},{"taxonomy":"post_tag","embeddable":true,"href":"https:\/\/denizcankizil.tr\/uk\/wp-json\/wp\/v2\/tags?post=8519"}],"curies":[{"name":"wp","href":"https:\/\/api.w.org\/{rel}","templated":true}]}}