{"id":84301,"date":"2025-05-12T17:41:15","date_gmt":"2025-05-12T14:41:15","guid":{"rendered":"https:\/\/denizcankizil.tr\/uncategorized-tr\/baspehlivan-cengizhan-simsek-oldu\/"},"modified":"2025-05-12T17:41:15","modified_gmt":"2025-05-12T14:41:15","slug":"baspehlivan-cengizhan-simsek-oldu","status":"publish","type":"post","link":"https:\/\/denizcankizil.tr\/uk\/haberler\/antalya\/baspehlivan-cengizhan-simsek-oldu\/","title":{"rendered":"Ba\u015fpehlivan Cengizhan \u015eim\u015fek oldu"},"content":{"rendered":"<p>\u00c7and\u0131r Mahallesi&#8217;ndeki g\u00fcre\u015f alan\u0131nda ger\u00e7ekle\u015ftirilen organizasyonda 71\u2019i ba\u015fpehlivan olmak \u00fczere toplam bin 200 g\u00fcre\u015f\u00e7i kol ba\u011flad\u0131. G\u00fcre\u015flerde yar\u0131 finalde Osman Aynur\u2019u ma\u011flup eden Ali G\u00fcrb\u00fcz ile Yusuf Can Zeybek\u2019i yenen Cengizhan \u015eim\u015fek finale y\u00fckseldi. Finalde rakibi Ali G\u00fcrb\u00fcz\u2019\u00fc yenen Cengizhan \u015eim\u015fek, 2025 y\u0131l\u0131 Serik Ya\u011fl\u0131 Pehlivan G\u00fcre\u015fleri\u2019nin ba\u015fpehlivan\u0131 oldu.<br \/>\nG\u00fcre\u015flerde ikincili\u011fi Ali G\u00fcrb\u00fcz, \u00fc\u00e7\u00fcnc\u00fcl\u00fc\u011f\u00fc Yusuf Can Zeybek, d\u00f6rd\u00fcnc\u00fcl\u00fc\u011f\u00fc ise Osman Aynur elde etti. Dereceye giren sporculara \u00f6d\u00fclleri Serik Belediye Ba\u015fkan\u0131 Op. Dr. Kadir Kumbul taraf\u0131ndan takdim edildi.<br \/>\n\u00d6te yandan Serik Belediyesi, 11 May\u0131s Anneler G\u00fcn\u00fc dolay\u0131s\u0131yla g\u00fcre\u015f alan\u0131nda kad\u0131nlar i\u00e7in &#8220;Anneler Trib\u00fcn\u00fc&#8221; ad\u0131yla \u00f6zel bir alan olu\u015fturdu. Kad\u0131nlar\u0131n g\u00fcre\u015fleri daha konforlu bir \u015fekilde izleyebilmesi i\u00e7in haz\u0131rlanan trib\u00fcne, ba\u015fpehlivanlar ilk tur \u00f6ncesinde giderek annelere g\u00fcl takdim etti.<br \/>\nG\u00fcre\u015fleri Antalya B\u00fcy\u00fck\u015fehir Belediye Ba\u015fkan\u0131 Muhittin B\u00f6cek, Antalya milletvekilleri, Serik Belediye Ba\u015fkan\u0131 Op. Dr. Kadir Kumbul, T\u00fcrkiye Geleneksel G\u00fcre\u015fler Federasyonu Ba\u015fkan\u0131 \u0130brahim T\u00fcrki\u015f, il\u00e7e belediye ba\u015fkanlar\u0131, siyasi parti ve sivil toplum kurulu\u015fu temsilcileri, mahalle muhtarlar\u0131 ve \u00e7ok say\u0131da vatanda\u015f takip etti.<\/p>\n<p>Kaynak: www.kanalv.com.tr Haber Sitesinden Al\u0131nm\u0131\u015ft\u0131r.<\/p>","protected":false},"excerpt":{"rendered":"<p>\u00c7and\u0131r Mahallesi&#8217;ndeki g\u00fcre\u015f alan\u0131nda ger\u00e7ekle\u015ftirilen organizasyonda 71\u2019i ba\u015fpehlivan olmak \u00fczere toplam bin 200 g\u00fcre\u015f\u00e7i kol ba\u011flad\u0131. G\u00fcre\u015flerde yar\u0131 finalde Osman Aynur\u2019u ma\u011flup eden Ali G\u00fcrb\u00fcz ile Yusuf Can Zeybek\u2019i yenen Cengizhan \u015eim\u015fek finale y\u00fckseldi. Finalde rakibi Ali G\u00fcrb\u00fcz\u2019\u00fc yenen Cengizhan \u015eim\u015fek, 2025 y\u0131l\u0131 Serik Ya\u011fl\u0131 Pehlivan G\u00fcre\u015fleri\u2019nin ba\u015fpehlivan\u0131 oldu. G\u00fcre\u015flerde ikincili\u011fi Ali G\u00fcrb\u00fcz, \u00fc\u00e7\u00fcnc\u00fcl\u00fc\u011f\u00fc Yusuf Can Zeybek, d\u00f6rd\u00fcnc\u00fcl\u00fc\u011f\u00fc ise Osman Aynur elde etti. Dereceye giren sporculara \u00f6d\u00fclleri Serik Belediye Ba\u015fkan\u0131 Op. Dr. Kadir Kumbul taraf\u0131ndan takdim edildi. \u00d6te yandan Serik Belediyesi, 11 May\u0131s Anneler G\u00fcn\u00fc dolay\u0131s\u0131yla g\u00fcre\u015f alan\u0131nda kad\u0131nlar i\u00e7in &#8220;Anneler Trib\u00fcn\u00fc&#8221; ad\u0131yla \u00f6zel bir alan olu\u015fturdu. Kad\u0131nlar\u0131n g\u00fcre\u015fleri daha konforlu bir \u015fekilde izleyebilmesi i\u00e7in haz\u0131rlanan trib\u00fcne, ba\u015fpehlivanlar ilk tur \u00f6ncesinde giderek annelere g\u00fcl takdim etti. G\u00fcre\u015fleri Antalya B\u00fcy\u00fck\u015fehir Belediye Ba\u015fkan\u0131 Muhittin B\u00f6cek, Antalya milletvekilleri, Serik Belediye Ba\u015fkan\u0131 Op. Dr. Kadir Kumbul, T\u00fcrkiye Geleneksel G\u00fcre\u015fler Federasyonu Ba\u015fkan\u0131 \u0130brahim T\u00fcrki\u015f, il\u00e7e belediye ba\u015fkanlar\u0131, siyasi parti ve sivil toplum kurulu\u015fu temsilcileri, mahalle muhtarlar\u0131 ve \u00e7ok say\u0131da vatanda\u015f takip etti. Kaynak: www.kanalv.com.tr Haber Sitesinden Al\u0131nm\u0131\u015ft\u0131r.<\/p>","protected":false},"author":4,"featured_media":0,"comment_status":"","ping_status":"open","sticky":false,"template":"","format":"standard","meta":{"_acf_changed":false,"footnotes":""},"categories":[26],"tags":[],"class_list":["post-84301","post","type-post","status-publish","format-standard","hentry","category-antalya"],"acf":[],"yoast_head":"<!-- This site is optimized with the Yoast SEO Premium plugin v26.6 (Yoast SEO v27.1.1) - https:\/\/yoast.com\/product\/yoast-seo-premium-wordpress\/ -->\n<title>Ba\u015fpehlivan Cengizhan \u015eim\u015fek oldu - Av. Deniz Can K\u0131z\u0131l<\/title>\n<meta name=\"robots\" content=\"index, follow, max-snippet:-1, max-image-preview:large, max-video-preview:-1\" \/>\n<link rel=\"canonical\" href=\"https:\/\/denizcankizil.tr\/uk\/haberler\/antalya\/baspehlivan-cengizhan-simsek-oldu\/\" \/>\n<meta property=\"og:locale\" content=\"uk_UA\" \/>\n<meta property=\"og:type\" content=\"article\" \/>\n<meta property=\"og:title\" content=\"Ba\u015fpehlivan Cengizhan \u015eim\u015fek oldu\" \/>\n<meta property=\"og:description\" content=\"\u00c7and\u0131r Mahallesi&#8217;ndeki g\u00fcre\u015f alan\u0131nda ger\u00e7ekle\u015ftirilen organizasyonda 71\u2019i ba\u015fpehlivan olmak \u00fczere toplam bin 200 g\u00fcre\u015f\u00e7i kol ba\u011flad\u0131. G\u00fcre\u015flerde yar\u0131 finalde Osman Aynur\u2019u ma\u011flup eden Ali G\u00fcrb\u00fcz ile Yusuf Can Zeybek\u2019i yenen Cengizhan \u015eim\u015fek finale y\u00fckseldi. Finalde rakibi Ali G\u00fcrb\u00fcz\u2019\u00fc yenen Cengizhan \u015eim\u015fek, 2025 y\u0131l\u0131 Serik Ya\u011fl\u0131 Pehlivan G\u00fcre\u015fleri\u2019nin ba\u015fpehlivan\u0131 oldu. G\u00fcre\u015flerde ikincili\u011fi Ali G\u00fcrb\u00fcz, \u00fc\u00e7\u00fcnc\u00fcl\u00fc\u011f\u00fc Yusuf Can Zeybek, d\u00f6rd\u00fcnc\u00fcl\u00fc\u011f\u00fc ise Osman Aynur elde etti. Dereceye giren sporculara \u00f6d\u00fclleri Serik Belediye Ba\u015fkan\u0131 Op. Dr. Kadir Kumbul taraf\u0131ndan takdim edildi. \u00d6te yandan Serik Belediyesi, 11 May\u0131s Anneler G\u00fcn\u00fc dolay\u0131s\u0131yla g\u00fcre\u015f alan\u0131nda kad\u0131nlar i\u00e7in &#8220;Anneler Trib\u00fcn\u00fc&#8221; ad\u0131yla \u00f6zel bir alan olu\u015fturdu. Kad\u0131nlar\u0131n g\u00fcre\u015fleri daha konforlu bir \u015fekilde izleyebilmesi i\u00e7in haz\u0131rlanan trib\u00fcne, ba\u015fpehlivanlar ilk tur \u00f6ncesinde giderek annelere g\u00fcl takdim etti. G\u00fcre\u015fleri Antalya B\u00fcy\u00fck\u015fehir Belediye Ba\u015fkan\u0131 Muhittin B\u00f6cek, Antalya milletvekilleri, Serik Belediye Ba\u015fkan\u0131 Op. Dr. Kadir Kumbul, T\u00fcrkiye Geleneksel G\u00fcre\u015fler Federasyonu Ba\u015fkan\u0131 \u0130brahim T\u00fcrki\u015f, il\u00e7e belediye ba\u015fkanlar\u0131, siyasi parti ve sivil toplum kurulu\u015fu temsilcileri, mahalle muhtarlar\u0131 ve \u00e7ok say\u0131da vatanda\u015f takip etti. Kaynak: www.kanalv.com.tr Haber Sitesinden Al\u0131nm\u0131\u015ft\u0131r.\" \/>\n<meta property=\"og:url\" content=\"https:\/\/denizcankizil.tr\/uk\/haberler\/antalya\/baspehlivan-cengizhan-simsek-oldu\/\" \/>\n<meta property=\"og:site_name\" content=\"Av. Deniz Can K\u0131z\u0131l\" \/>\n<meta property=\"article:published_time\" content=\"2025-05-12T14:41:15+00:00\" \/>\n<meta name=\"author\" content=\"Av. Deniz Can K\u0131z\u0131l\" \/>\n<meta name=\"twitter:card\" content=\"summary_large_image\" \/>\n<meta name=\"twitter:label1\" content=\"\u041d\u0430\u043f\u0438\u0441\u0430\u043d\u043e\" \/>\n\t<meta name=\"twitter:data1\" content=\"Av. Deniz Can K\u0131z\u0131l\" \/>\n\t<meta name=\"twitter:label2\" content=\"\u041f\u0440\u0438\u0431\u043b. \u0447\u0430\u0441 \u0447\u0438\u0442\u0430\u043d\u043d\u044f\" \/>\n\t<meta name=\"twitter:data2\" content=\"1 \u0445\u0432\u0438\u043b\u0438\u043d\u0430\" \/>\n<script type=\"application\/ld+json\" class=\"yoast-schema-graph\">{\"@context\":\"https:\/\/schema.org\",\"@graph\":[{\"@type\":\"Article\",\"@id\":\"https:\/\/denizcankizil.tr\/uk\/haberler\/antalya\/baspehlivan-cengizhan-simsek-oldu\/#article\",\"isPartOf\":{\"@id\":\"https:\/\/denizcankizil.tr\/uk\/haberler\/antalya\/baspehlivan-cengizhan-simsek-oldu\/\"},\"author\":{\"name\":\"Av. Deniz Can K\u0131z\u0131l\",\"@id\":\"https:\/\/denizcankizil.tr\/#\/schema\/person\/5dc1b22991bd7ac833867c10afc9b0ff\"},\"headline\":\"Ba\u015fpehlivan Cengizhan \u015eim\u015fek oldu\",\"datePublished\":\"2025-05-12T14:41:15+00:00\",\"mainEntityOfPage\":{\"@id\":\"https:\/\/denizcankizil.tr\/uk\/haberler\/antalya\/baspehlivan-cengizhan-simsek-oldu\/\"},\"wordCount\":248,\"publisher\":{\"@id\":\"https:\/\/denizcankizil.tr\/#organization\"},\"articleSection\":[\"Antalya\"],\"inLanguage\":\"uk\"},{\"@type\":\"WebPage\",\"@id\":\"https:\/\/denizcankizil.tr\/uk\/haberler\/antalya\/baspehlivan-cengizhan-simsek-oldu\/\",\"url\":\"https:\/\/denizcankizil.tr\/uk\/haberler\/antalya\/baspehlivan-cengizhan-simsek-oldu\/\",\"name\":\"Ba\u015fpehlivan Cengizhan \u015eim\u015fek oldu - Av. Deniz Can K\u0131z\u0131l\",\"isPartOf\":{\"@id\":\"https:\/\/denizcankizil.tr\/#website\"},\"datePublished\":\"2025-05-12T14:41:15+00:00\",\"breadcrumb\":{\"@id\":\"https:\/\/denizcankizil.tr\/uk\/haberler\/antalya\/baspehlivan-cengizhan-simsek-oldu\/#breadcrumb\"},\"inLanguage\":\"uk\",\"potentialAction\":[{\"@type\":\"ReadAction\",\"target\":[\"https:\/\/denizcankizil.tr\/uk\/haberler\/antalya\/baspehlivan-cengizhan-simsek-oldu\/\"]}]},{\"@type\":\"BreadcrumbList\",\"@id\":\"https:\/\/denizcankizil.tr\/uk\/haberler\/antalya\/baspehlivan-cengizhan-simsek-oldu\/#breadcrumb\",\"itemListElement\":[{\"@type\":\"ListItem\",\"position\":1,\"name\":\"Home\",\"item\":\"https:\/\/denizcankizil.tr\/de\/\"},{\"@type\":\"ListItem\",\"position\":2,\"name\":\"Ba\u015fpehlivan Cengizhan \u015eim\u015fek oldu\"}]},{\"@type\":\"WebSite\",\"@id\":\"https:\/\/denizcankizil.tr\/#website\",\"url\":\"https:\/\/denizcankizil.tr\/\",\"name\":\"Av. Deniz Can K\u0131z\u0131l\",\"description\":\"Avukat Deniz Can K\u0131z\u0131l Antalya Barosu\",\"publisher\":{\"@id\":\"https:\/\/denizcankizil.tr\/#organization\"},\"potentialAction\":[{\"@type\":\"SearchAction\",\"target\":{\"@type\":\"EntryPoint\",\"urlTemplate\":\"https:\/\/denizcankizil.tr\/?s={search_term_string}\"},\"query-input\":{\"@type\":\"PropertyValueSpecification\",\"valueRequired\":true,\"valueName\":\"search_term_string\"}}],\"inLanguage\":\"uk\"},{\"@type\":\"Organization\",\"@id\":\"https:\/\/denizcankizil.tr\/#organization\",\"name\":\"Av. Deniz Can K\u0131z\u0131l\",\"url\":\"https:\/\/denizcankizil.tr\/\",\"logo\":{\"@type\":\"ImageObject\",\"inLanguage\":\"uk\",\"@id\":\"https:\/\/denizcankizil.tr\/#\/schema\/logo\/image\/\",\"url\":\"https:\/\/denizcankizil.tr\/wp-content\/uploads\/2024\/10\/siyah-logo-svg.svg\",\"contentUrl\":\"https:\/\/denizcankizil.tr\/wp-content\/uploads\/2024\/10\/siyah-logo-svg.svg\",\"width\":1080,\"height\":1080,\"caption\":\"Av. Deniz Can K\u0131z\u0131l\"},\"image\":{\"@id\":\"https:\/\/denizcankizil.tr\/#\/schema\/logo\/image\/\"}},{\"@type\":\"Person\",\"@id\":\"https:\/\/denizcankizil.tr\/#\/schema\/person\/5dc1b22991bd7ac833867c10afc9b0ff\",\"name\":\"Av. Deniz Can K\u0131z\u0131l\",\"image\":{\"@type\":\"ImageObject\",\"inLanguage\":\"uk\",\"@id\":\"https:\/\/denizcankizil.tr\/#\/schema\/person\/image\/\",\"url\":\"https:\/\/secure.gravatar.com\/avatar\/a0b128fb9855c79efc976d5640eedb31dc35ec297594d6016d2cf7c60e975bb6?s=96&d=mm&r=g\",\"contentUrl\":\"https:\/\/secure.gravatar.com\/avatar\/a0b128fb9855c79efc976d5640eedb31dc35ec297594d6016d2cf7c60e975bb6?s=96&d=mm&r=g\",\"caption\":\"Av. Deniz Can K\u0131z\u0131l\"},\"sameAs\":[\"http:\/\/www.denizcankizil.tr\"],\"url\":\"https:\/\/denizcankizil.tr\/uk\/author\/denizcankizil\/\"}]}<\/script>\n<!-- \/ Yoast SEO Premium plugin. -->","yoast_head_json":{"title":"Ba\u015fpehlivan Cengizhan \u015eim\u015fek oldu - Av. Deniz Can K\u0131z\u0131l","robots":{"index":"index","follow":"follow","max-snippet":"max-snippet:-1","max-image-preview":"max-image-preview:large","max-video-preview":"max-video-preview:-1"},"canonical":"https:\/\/denizcankizil.tr\/uk\/haberler\/antalya\/baspehlivan-cengizhan-simsek-oldu\/","og_locale":"uk_UA","og_type":"article","og_title":"Ba\u015fpehlivan Cengizhan \u015eim\u015fek oldu","og_description":"\u00c7and\u0131r Mahallesi&#8217;ndeki g\u00fcre\u015f alan\u0131nda ger\u00e7ekle\u015ftirilen organizasyonda 71\u2019i ba\u015fpehlivan olmak \u00fczere toplam bin 200 g\u00fcre\u015f\u00e7i kol ba\u011flad\u0131. G\u00fcre\u015flerde yar\u0131 finalde Osman Aynur\u2019u ma\u011flup eden Ali G\u00fcrb\u00fcz ile Yusuf Can Zeybek\u2019i yenen Cengizhan \u015eim\u015fek finale y\u00fckseldi. Finalde rakibi Ali G\u00fcrb\u00fcz\u2019\u00fc yenen Cengizhan \u015eim\u015fek, 2025 y\u0131l\u0131 Serik Ya\u011fl\u0131 Pehlivan G\u00fcre\u015fleri\u2019nin ba\u015fpehlivan\u0131 oldu. G\u00fcre\u015flerde ikincili\u011fi Ali G\u00fcrb\u00fcz, \u00fc\u00e7\u00fcnc\u00fcl\u00fc\u011f\u00fc Yusuf Can Zeybek, d\u00f6rd\u00fcnc\u00fcl\u00fc\u011f\u00fc ise Osman Aynur elde etti. Dereceye giren sporculara \u00f6d\u00fclleri Serik Belediye Ba\u015fkan\u0131 Op. Dr. Kadir Kumbul taraf\u0131ndan takdim edildi. \u00d6te yandan Serik Belediyesi, 11 May\u0131s Anneler G\u00fcn\u00fc dolay\u0131s\u0131yla g\u00fcre\u015f alan\u0131nda kad\u0131nlar i\u00e7in &#8220;Anneler Trib\u00fcn\u00fc&#8221; ad\u0131yla \u00f6zel bir alan olu\u015fturdu. Kad\u0131nlar\u0131n g\u00fcre\u015fleri daha konforlu bir \u015fekilde izleyebilmesi i\u00e7in haz\u0131rlanan trib\u00fcne, ba\u015fpehlivanlar ilk tur \u00f6ncesinde giderek annelere g\u00fcl takdim etti. G\u00fcre\u015fleri Antalya B\u00fcy\u00fck\u015fehir Belediye Ba\u015fkan\u0131 Muhittin B\u00f6cek, Antalya milletvekilleri, Serik Belediye Ba\u015fkan\u0131 Op. Dr. Kadir Kumbul, T\u00fcrkiye Geleneksel G\u00fcre\u015fler Federasyonu Ba\u015fkan\u0131 \u0130brahim T\u00fcrki\u015f, il\u00e7e belediye ba\u015fkanlar\u0131, siyasi parti ve sivil toplum kurulu\u015fu temsilcileri, mahalle muhtarlar\u0131 ve \u00e7ok say\u0131da vatanda\u015f takip etti. Kaynak: www.kanalv.com.tr Haber Sitesinden Al\u0131nm\u0131\u015ft\u0131r.","og_url":"https:\/\/denizcankizil.tr\/uk\/haberler\/antalya\/baspehlivan-cengizhan-simsek-oldu\/","og_site_name":"Av. Deniz Can K\u0131z\u0131l","article_published_time":"2025-05-12T14:41:15+00:00","author":"Av. Deniz Can K\u0131z\u0131l","twitter_card":"summary_large_image","twitter_misc":{"\u041d\u0430\u043f\u0438\u0441\u0430\u043d\u043e":"Av. Deniz Can K\u0131z\u0131l","\u041f\u0440\u0438\u0431\u043b. \u0447\u0430\u0441 \u0447\u0438\u0442\u0430\u043d\u043d\u044f":"1 \u0445\u0432\u0438\u043b\u0438\u043d\u0430"},"schema":{"@context":"https:\/\/schema.org","@graph":[{"@type":"Article","@id":"https:\/\/denizcankizil.tr\/uk\/haberler\/antalya\/baspehlivan-cengizhan-simsek-oldu\/#article","isPartOf":{"@id":"https:\/\/denizcankizil.tr\/uk\/haberler\/antalya\/baspehlivan-cengizhan-simsek-oldu\/"},"author":{"name":"Av. Deniz Can K\u0131z\u0131l","@id":"https:\/\/denizcankizil.tr\/#\/schema\/person\/5dc1b22991bd7ac833867c10afc9b0ff"},"headline":"Ba\u015fpehlivan Cengizhan \u015eim\u015fek oldu","datePublished":"2025-05-12T14:41:15+00:00","mainEntityOfPage":{"@id":"https:\/\/denizcankizil.tr\/uk\/haberler\/antalya\/baspehlivan-cengizhan-simsek-oldu\/"},"wordCount":248,"publisher":{"@id":"https:\/\/denizcankizil.tr\/#organization"},"articleSection":["Antalya"],"inLanguage":"uk"},{"@type":"WebPage","@id":"https:\/\/denizcankizil.tr\/uk\/haberler\/antalya\/baspehlivan-cengizhan-simsek-oldu\/","url":"https:\/\/denizcankizil.tr\/uk\/haberler\/antalya\/baspehlivan-cengizhan-simsek-oldu\/","name":"Ba\u015fpehlivan Cengizhan \u015eim\u015fek oldu - Av. Deniz Can K\u0131z\u0131l","isPartOf":{"@id":"https:\/\/denizcankizil.tr\/#website"},"datePublished":"2025-05-12T14:41:15+00:00","breadcrumb":{"@id":"https:\/\/denizcankizil.tr\/uk\/haberler\/antalya\/baspehlivan-cengizhan-simsek-oldu\/#breadcrumb"},"inLanguage":"uk","potentialAction":[{"@type":"ReadAction","target":["https:\/\/denizcankizil.tr\/uk\/haberler\/antalya\/baspehlivan-cengizhan-simsek-oldu\/"]}]},{"@type":"BreadcrumbList","@id":"https:\/\/denizcankizil.tr\/uk\/haberler\/antalya\/baspehlivan-cengizhan-simsek-oldu\/#breadcrumb","itemListElement":[{"@type":"ListItem","position":1,"name":"Home","item":"https:\/\/denizcankizil.tr\/de\/"},{"@type":"ListItem","position":2,"name":"Ba\u015fpehlivan Cengizhan \u015eim\u015fek oldu"}]},{"@type":"WebSite","@id":"https:\/\/denizcankizil.tr\/#website","url":"https:\/\/denizcankizil.tr\/","name":"Av. Deniz Can K\u0131z\u0131l","description":"Avukat Deniz Can K\u0131z\u0131l Antalya Barosu","publisher":{"@id":"https:\/\/denizcankizil.tr\/#organization"},"potentialAction":[{"@type":"SearchAction","target":{"@type":"EntryPoint","urlTemplate":"https:\/\/denizcankizil.tr\/?s={search_term_string}"},"query-input":{"@type":"PropertyValueSpecification","valueRequired":true,"valueName":"search_term_string"}}],"inLanguage":"uk"},{"@type":"Organization","@id":"https:\/\/denizcankizil.tr\/#organization","name":"Av. Deniz Can K\u0131z\u0131l","url":"https:\/\/denizcankizil.tr\/","logo":{"@type":"ImageObject","inLanguage":"uk","@id":"https:\/\/denizcankizil.tr\/#\/schema\/logo\/image\/","url":"https:\/\/denizcankizil.tr\/wp-content\/uploads\/2024\/10\/siyah-logo-svg.svg","contentUrl":"https:\/\/denizcankizil.tr\/wp-content\/uploads\/2024\/10\/siyah-logo-svg.svg","width":1080,"height":1080,"caption":"Av. Deniz Can K\u0131z\u0131l"},"image":{"@id":"https:\/\/denizcankizil.tr\/#\/schema\/logo\/image\/"}},{"@type":"Person","@id":"https:\/\/denizcankizil.tr\/#\/schema\/person\/5dc1b22991bd7ac833867c10afc9b0ff","name":"Av. Deniz Can K\u0131z\u0131l","image":{"@type":"ImageObject","inLanguage":"uk","@id":"https:\/\/denizcankizil.tr\/#\/schema\/person\/image\/","url":"https:\/\/secure.gravatar.com\/avatar\/a0b128fb9855c79efc976d5640eedb31dc35ec297594d6016d2cf7c60e975bb6?s=96&d=mm&r=g","contentUrl":"https:\/\/secure.gravatar.com\/avatar\/a0b128fb9855c79efc976d5640eedb31dc35ec297594d6016d2cf7c60e975bb6?s=96&d=mm&r=g","caption":"Av. Deniz Can K\u0131z\u0131l"},"sameAs":["http:\/\/www.denizcankizil.tr"],"url":"https:\/\/denizcankizil.tr\/uk\/author\/denizcankizil\/"}]}},"_links":{"self":[{"href":"https:\/\/denizcankizil.tr\/uk\/wp-json\/wp\/v2\/posts\/84301","targetHints":{"allow":["GET"]}}],"collection":[{"href":"https:\/\/denizcankizil.tr\/uk\/wp-json\/wp\/v2\/posts"}],"about":[{"href":"https:\/\/denizcankizil.tr\/uk\/wp-json\/wp\/v2\/types\/post"}],"author":[{"embeddable":true,"href":"https:\/\/denizcankizil.tr\/uk\/wp-json\/wp\/v2\/users\/4"}],"replies":[{"embeddable":true,"href":"https:\/\/denizcankizil.tr\/uk\/wp-json\/wp\/v2\/comments?post=84301"}],"version-history":[{"count":0,"href":"https:\/\/denizcankizil.tr\/uk\/wp-json\/wp\/v2\/posts\/84301\/revisions"}],"wp:attachment":[{"href":"https:\/\/denizcankizil.tr\/uk\/wp-json\/wp\/v2\/media?parent=84301"}],"wp:term":[{"taxonomy":"category","embeddable":true,"href":"https:\/\/denizcankizil.tr\/uk\/wp-json\/wp\/v2\/categories?post=84301"},{"taxonomy":"post_tag","embeddable":true,"href":"https:\/\/denizcankizil.tr\/uk\/wp-json\/wp\/v2\/tags?post=84301"}],"curies":[{"name":"wp","href":"https:\/\/api.w.org\/{rel}","templated":true}]}}