{"id":84221,"date":"2025-05-12T15:42:07","date_gmt":"2025-05-12T12:42:07","guid":{"rendered":"https:\/\/denizcankizil.tr\/uncategorized-tr\/buyuksehirden-isitme-engellilere-ozel-film-gosterimi\/"},"modified":"2025-05-12T15:42:07","modified_gmt":"2025-05-12T12:42:07","slug":"buyuksehirden-isitme-engellilere-ozel-film-gosterimi","status":"publish","type":"post","link":"https:\/\/denizcankizil.tr\/uk\/haberler\/gundem\/buyuksehirden-isitme-engellilere-ozel-film-gosterimi\/","title":{"rendered":"B\u00fcy\u00fck\u015fehir\u2019den i\u015fitme engellilere \u00f6zel film g\u00f6sterimi"},"content":{"rendered":"<p>Manisa B\u00fcy\u00fck\u015fehir Belediyesi, Engelliler Haftas\u0131 kapsam\u0131nda fark\u0131ndal\u0131k yaratmak amac\u0131yla i\u015fitme engelli bireylerin yer ald\u0131\u011f\u0131 \u201c\u0130\u015fte Babam\u201d filminin g\u00f6sterimini d\u00fczenledi. Ger\u00e7ek bir hayat hikayesinden uyarlanan film, i\u015fitme engelli vatanda\u015flardan b\u00fcy\u00fck ilgi g\u00f6rd\u00fc.<\/p>\n<p>\u200bManisa B\u00fcy\u00fck\u015fehir Belediyesi, Engelliler Haftas\u0131 kapsam\u0131nda fark\u0131ndal\u0131k yaratmak amac\u0131yla i\u015fitme engelli bireylerin yer ald\u0131\u011f\u0131 \u201c\u0130\u015fte Babam\u201d filminin g\u00f6sterimini d\u00fczenledi. Ger\u00e7ek bir hayat hikayesinden uyarlanan film, i\u015fitme engelli vatanda\u015flardan b\u00fcy\u00fck ilgi g\u00f6rd\u00fc.\u00a0<\/p>\n<p>\u200bHaberin Al\u0131nt\u0131land\u0131\u011f\u0131 Kaynak: www.iskenderun.org<\/p>","protected":false},"excerpt":{"rendered":"<p>Manisa B\u00fcy\u00fck\u015fehir Belediyesi, Engelliler Haftas\u0131 kapsam\u0131nda fark\u0131ndal\u0131k yaratmak amac\u0131yla i\u015fitme engelli bireylerin yer ald\u0131\u011f\u0131 \u201c\u0130\u015fte Babam\u201d filminin g\u00f6sterimini d\u00fczenledi. Ger\u00e7ek bir hayat hikayesinden uyarlanan film, i\u015fitme engelli vatanda\u015flardan b\u00fcy\u00fck ilgi g\u00f6rd\u00fc. \u200bManisa B\u00fcy\u00fck\u015fehir Belediyesi, Engelliler Haftas\u0131 kapsam\u0131nda fark\u0131ndal\u0131k yaratmak amac\u0131yla i\u015fitme engelli bireylerin yer ald\u0131\u011f\u0131 \u201c\u0130\u015fte Babam\u201d filminin g\u00f6sterimini d\u00fczenledi. Ger\u00e7ek bir hayat hikayesinden uyarlanan film, i\u015fitme engelli vatanda\u015flardan b\u00fcy\u00fck ilgi g\u00f6rd\u00fc.\u00a0 \u200bHaberin Al\u0131nt\u0131land\u0131\u011f\u0131 Kaynak: www.iskenderun.org<\/p>","protected":false},"author":1,"featured_media":0,"comment_status":"","ping_status":"open","sticky":false,"template":"","format":"standard","meta":{"_acf_changed":false,"footnotes":""},"categories":[24],"tags":[],"class_list":["post-84221","post","type-post","status-publish","format-standard","has-post-thumbnail","hentry","category-gundem"],"acf":[],"yoast_head":"<!-- This site is optimized with the Yoast SEO Premium plugin v26.6 (Yoast SEO v27.1.1) - https:\/\/yoast.com\/product\/yoast-seo-premium-wordpress\/ -->\n<title>B\u00fcy\u00fck\u015fehir\u2019den i\u015fitme engellilere \u00f6zel film g\u00f6sterimi - Av. Deniz Can K\u0131z\u0131l<\/title>\n<meta name=\"robots\" content=\"index, follow, max-snippet:-1, max-image-preview:large, max-video-preview:-1\" \/>\n<link rel=\"canonical\" href=\"https:\/\/denizcankizil.tr\/uk\/haberler\/gundem\/buyuksehirden-isitme-engellilere-ozel-film-gosterimi\/\" \/>\n<meta property=\"og:locale\" content=\"uk_UA\" \/>\n<meta property=\"og:type\" content=\"article\" \/>\n<meta property=\"og:title\" content=\"B\u00fcy\u00fck\u015fehir\u2019den i\u015fitme engellilere \u00f6zel film g\u00f6sterimi\" \/>\n<meta property=\"og:description\" content=\"Manisa B\u00fcy\u00fck\u015fehir Belediyesi, Engelliler Haftas\u0131 kapsam\u0131nda fark\u0131ndal\u0131k yaratmak amac\u0131yla i\u015fitme engelli bireylerin yer ald\u0131\u011f\u0131 \u201c\u0130\u015fte Babam\u201d filminin g\u00f6sterimini d\u00fczenledi. Ger\u00e7ek bir hayat hikayesinden uyarlanan film, i\u015fitme engelli vatanda\u015flardan b\u00fcy\u00fck ilgi g\u00f6rd\u00fc. \u200bManisa B\u00fcy\u00fck\u015fehir Belediyesi, Engelliler Haftas\u0131 kapsam\u0131nda fark\u0131ndal\u0131k yaratmak amac\u0131yla i\u015fitme engelli bireylerin yer ald\u0131\u011f\u0131 \u201c\u0130\u015fte Babam\u201d filminin g\u00f6sterimini d\u00fczenledi. Ger\u00e7ek bir hayat hikayesinden uyarlanan film, i\u015fitme engelli vatanda\u015flardan b\u00fcy\u00fck ilgi g\u00f6rd\u00fc.\u00a0 \u200bHaberin Al\u0131nt\u0131land\u0131\u011f\u0131 Kaynak: www.iskenderun.org\" \/>\n<meta property=\"og:url\" content=\"https:\/\/denizcankizil.tr\/uk\/haberler\/gundem\/buyuksehirden-isitme-engellilere-ozel-film-gosterimi\/\" \/>\n<meta property=\"og:site_name\" content=\"Av. Deniz Can K\u0131z\u0131l\" \/>\n<meta property=\"article:published_time\" content=\"2025-05-12T12:42:07+00:00\" \/>\n<meta name=\"author\" content=\"admin\" \/>\n<meta name=\"twitter:card\" content=\"summary_large_image\" \/>\n<meta name=\"twitter:label1\" content=\"\u041d\u0430\u043f\u0438\u0441\u0430\u043d\u043e\" \/>\n\t<meta name=\"twitter:data1\" content=\"admin\" \/>\n\t<meta name=\"twitter:label2\" content=\"\u041f\u0440\u0438\u0431\u043b. \u0447\u0430\u0441 \u0447\u0438\u0442\u0430\u043d\u043d\u044f\" \/>\n\t<meta name=\"twitter:data2\" content=\"1 \u0445\u0432\u0438\u043b\u0438\u043d\u0430\" \/>\n<script type=\"application\/ld+json\" class=\"yoast-schema-graph\">{\"@context\":\"https:\/\/schema.org\",\"@graph\":[{\"@type\":\"Article\",\"@id\":\"https:\/\/denizcankizil.tr\/uk\/haberler\/gundem\/buyuksehirden-isitme-engellilere-ozel-film-gosterimi\/#article\",\"isPartOf\":{\"@id\":\"https:\/\/denizcankizil.tr\/uk\/haberler\/gundem\/buyuksehirden-isitme-engellilere-ozel-film-gosterimi\/\"},\"author\":{\"name\":\"admin\",\"@id\":\"https:\/\/denizcankizil.tr\/#\/schema\/person\/be3c05fe6a12686905512445d8185489\"},\"headline\":\"B\u00fcy\u00fck\u015fehir\u2019den i\u015fitme engellilere \u00f6zel film g\u00f6sterimi\",\"datePublished\":\"2025-05-12T12:42:07+00:00\",\"mainEntityOfPage\":{\"@id\":\"https:\/\/denizcankizil.tr\/uk\/haberler\/gundem\/buyuksehirden-isitme-engellilere-ozel-film-gosterimi\/\"},\"wordCount\":114,\"publisher\":{\"@id\":\"https:\/\/denizcankizil.tr\/#organization\"},\"articleSection\":[\"G\u00fcndem\"],\"inLanguage\":\"uk\"},{\"@type\":\"WebPage\",\"@id\":\"https:\/\/denizcankizil.tr\/uk\/haberler\/gundem\/buyuksehirden-isitme-engellilere-ozel-film-gosterimi\/\",\"url\":\"https:\/\/denizcankizil.tr\/uk\/haberler\/gundem\/buyuksehirden-isitme-engellilere-ozel-film-gosterimi\/\",\"name\":\"B\u00fcy\u00fck\u015fehir\u2019den i\u015fitme engellilere \u00f6zel film g\u00f6sterimi - Av. Deniz Can K\u0131z\u0131l\",\"isPartOf\":{\"@id\":\"https:\/\/denizcankizil.tr\/#website\"},\"datePublished\":\"2025-05-12T12:42:07+00:00\",\"breadcrumb\":{\"@id\":\"https:\/\/denizcankizil.tr\/uk\/haberler\/gundem\/buyuksehirden-isitme-engellilere-ozel-film-gosterimi\/#breadcrumb\"},\"inLanguage\":\"uk\",\"potentialAction\":[{\"@type\":\"ReadAction\",\"target\":[\"https:\/\/denizcankizil.tr\/uk\/haberler\/gundem\/buyuksehirden-isitme-engellilere-ozel-film-gosterimi\/\"]}]},{\"@type\":\"BreadcrumbList\",\"@id\":\"https:\/\/denizcankizil.tr\/uk\/haberler\/gundem\/buyuksehirden-isitme-engellilere-ozel-film-gosterimi\/#breadcrumb\",\"itemListElement\":[{\"@type\":\"ListItem\",\"position\":1,\"name\":\"Home\",\"item\":\"https:\/\/denizcankizil.tr\/de\/\"},{\"@type\":\"ListItem\",\"position\":2,\"name\":\"B\u00fcy\u00fck\u015fehir\u2019den i\u015fitme engellilere \u00f6zel film g\u00f6sterimi\"}]},{\"@type\":\"WebSite\",\"@id\":\"https:\/\/denizcankizil.tr\/#website\",\"url\":\"https:\/\/denizcankizil.tr\/\",\"name\":\"Av. Deniz Can K\u0131z\u0131l\",\"description\":\"Avukat Deniz Can K\u0131z\u0131l Antalya Barosu\",\"publisher\":{\"@id\":\"https:\/\/denizcankizil.tr\/#organization\"},\"potentialAction\":[{\"@type\":\"SearchAction\",\"target\":{\"@type\":\"EntryPoint\",\"urlTemplate\":\"https:\/\/denizcankizil.tr\/?s={search_term_string}\"},\"query-input\":{\"@type\":\"PropertyValueSpecification\",\"valueRequired\":true,\"valueName\":\"search_term_string\"}}],\"inLanguage\":\"uk\"},{\"@type\":\"Organization\",\"@id\":\"https:\/\/denizcankizil.tr\/#organization\",\"name\":\"Av. Deniz Can K\u0131z\u0131l\",\"url\":\"https:\/\/denizcankizil.tr\/\",\"logo\":{\"@type\":\"ImageObject\",\"inLanguage\":\"uk\",\"@id\":\"https:\/\/denizcankizil.tr\/#\/schema\/logo\/image\/\",\"url\":\"https:\/\/denizcankizil.tr\/wp-content\/uploads\/2024\/10\/siyah-logo-svg.svg\",\"contentUrl\":\"https:\/\/denizcankizil.tr\/wp-content\/uploads\/2024\/10\/siyah-logo-svg.svg\",\"width\":1080,\"height\":1080,\"caption\":\"Av. Deniz Can K\u0131z\u0131l\"},\"image\":{\"@id\":\"https:\/\/denizcankizil.tr\/#\/schema\/logo\/image\/\"}},{\"@type\":\"Person\",\"@id\":\"https:\/\/denizcankizil.tr\/#\/schema\/person\/be3c05fe6a12686905512445d8185489\",\"name\":\"admin\",\"image\":{\"@type\":\"ImageObject\",\"inLanguage\":\"uk\",\"@id\":\"https:\/\/denizcankizil.tr\/#\/schema\/person\/image\/\",\"url\":\"https:\/\/secure.gravatar.com\/avatar\/c1fce94c830dc79107e174f890d7210541c4a63e8e5d816341794a2151c9d58c?s=96&d=mm&r=g\",\"contentUrl\":\"https:\/\/secure.gravatar.com\/avatar\/c1fce94c830dc79107e174f890d7210541c4a63e8e5d816341794a2151c9d58c?s=96&d=mm&r=g\",\"caption\":\"admin\"},\"sameAs\":[\"http:\/\/denizcankizil.tr\"],\"url\":\"https:\/\/www.iskenderun.org\/buyuksehirden-isitme-engellilere-ozel-film-gosterimi\"}]}<\/script>\n<!-- \/ Yoast SEO Premium plugin. -->","yoast_head_json":{"title":"B\u00fcy\u00fck\u015fehir\u2019den i\u015fitme engellilere \u00f6zel film g\u00f6sterimi - Av. Deniz Can K\u0131z\u0131l","robots":{"index":"index","follow":"follow","max-snippet":"max-snippet:-1","max-image-preview":"max-image-preview:large","max-video-preview":"max-video-preview:-1"},"canonical":"https:\/\/denizcankizil.tr\/uk\/haberler\/gundem\/buyuksehirden-isitme-engellilere-ozel-film-gosterimi\/","og_locale":"uk_UA","og_type":"article","og_title":"B\u00fcy\u00fck\u015fehir\u2019den i\u015fitme engellilere \u00f6zel film g\u00f6sterimi","og_description":"Manisa B\u00fcy\u00fck\u015fehir Belediyesi, Engelliler Haftas\u0131 kapsam\u0131nda fark\u0131ndal\u0131k yaratmak amac\u0131yla i\u015fitme engelli bireylerin yer ald\u0131\u011f\u0131 \u201c\u0130\u015fte Babam\u201d filminin g\u00f6sterimini d\u00fczenledi. Ger\u00e7ek bir hayat hikayesinden uyarlanan film, i\u015fitme engelli vatanda\u015flardan b\u00fcy\u00fck ilgi g\u00f6rd\u00fc. \u200bManisa B\u00fcy\u00fck\u015fehir Belediyesi, Engelliler Haftas\u0131 kapsam\u0131nda fark\u0131ndal\u0131k yaratmak amac\u0131yla i\u015fitme engelli bireylerin yer ald\u0131\u011f\u0131 \u201c\u0130\u015fte Babam\u201d filminin g\u00f6sterimini d\u00fczenledi. Ger\u00e7ek bir hayat hikayesinden uyarlanan film, i\u015fitme engelli vatanda\u015flardan b\u00fcy\u00fck ilgi g\u00f6rd\u00fc.\u00a0 \u200bHaberin Al\u0131nt\u0131land\u0131\u011f\u0131 Kaynak: www.iskenderun.org","og_url":"https:\/\/denizcankizil.tr\/uk\/haberler\/gundem\/buyuksehirden-isitme-engellilere-ozel-film-gosterimi\/","og_site_name":"Av. Deniz Can K\u0131z\u0131l","article_published_time":"2025-05-12T12:42:07+00:00","author":"admin","twitter_card":"summary_large_image","twitter_misc":{"\u041d\u0430\u043f\u0438\u0441\u0430\u043d\u043e":"admin","\u041f\u0440\u0438\u0431\u043b. \u0447\u0430\u0441 \u0447\u0438\u0442\u0430\u043d\u043d\u044f":"1 \u0445\u0432\u0438\u043b\u0438\u043d\u0430"},"schema":{"@context":"https:\/\/schema.org","@graph":[{"@type":"Article","@id":"https:\/\/denizcankizil.tr\/uk\/haberler\/gundem\/buyuksehirden-isitme-engellilere-ozel-film-gosterimi\/#article","isPartOf":{"@id":"https:\/\/denizcankizil.tr\/uk\/haberler\/gundem\/buyuksehirden-isitme-engellilere-ozel-film-gosterimi\/"},"author":{"name":"admin","@id":"https:\/\/denizcankizil.tr\/#\/schema\/person\/be3c05fe6a12686905512445d8185489"},"headline":"B\u00fcy\u00fck\u015fehir\u2019den i\u015fitme engellilere \u00f6zel film g\u00f6sterimi","datePublished":"2025-05-12T12:42:07+00:00","mainEntityOfPage":{"@id":"https:\/\/denizcankizil.tr\/uk\/haberler\/gundem\/buyuksehirden-isitme-engellilere-ozel-film-gosterimi\/"},"wordCount":114,"publisher":{"@id":"https:\/\/denizcankizil.tr\/#organization"},"articleSection":["G\u00fcndem"],"inLanguage":"uk"},{"@type":"WebPage","@id":"https:\/\/denizcankizil.tr\/uk\/haberler\/gundem\/buyuksehirden-isitme-engellilere-ozel-film-gosterimi\/","url":"https:\/\/denizcankizil.tr\/uk\/haberler\/gundem\/buyuksehirden-isitme-engellilere-ozel-film-gosterimi\/","name":"B\u00fcy\u00fck\u015fehir\u2019den i\u015fitme engellilere \u00f6zel film g\u00f6sterimi - Av. Deniz Can K\u0131z\u0131l","isPartOf":{"@id":"https:\/\/denizcankizil.tr\/#website"},"datePublished":"2025-05-12T12:42:07+00:00","breadcrumb":{"@id":"https:\/\/denizcankizil.tr\/uk\/haberler\/gundem\/buyuksehirden-isitme-engellilere-ozel-film-gosterimi\/#breadcrumb"},"inLanguage":"uk","potentialAction":[{"@type":"ReadAction","target":["https:\/\/denizcankizil.tr\/uk\/haberler\/gundem\/buyuksehirden-isitme-engellilere-ozel-film-gosterimi\/"]}]},{"@type":"BreadcrumbList","@id":"https:\/\/denizcankizil.tr\/uk\/haberler\/gundem\/buyuksehirden-isitme-engellilere-ozel-film-gosterimi\/#breadcrumb","itemListElement":[{"@type":"ListItem","position":1,"name":"Home","item":"https:\/\/denizcankizil.tr\/de\/"},{"@type":"ListItem","position":2,"name":"B\u00fcy\u00fck\u015fehir\u2019den i\u015fitme engellilere \u00f6zel film g\u00f6sterimi"}]},{"@type":"WebSite","@id":"https:\/\/denizcankizil.tr\/#website","url":"https:\/\/denizcankizil.tr\/","name":"Av. Deniz Can K\u0131z\u0131l","description":"Avukat Deniz Can K\u0131z\u0131l Antalya Barosu","publisher":{"@id":"https:\/\/denizcankizil.tr\/#organization"},"potentialAction":[{"@type":"SearchAction","target":{"@type":"EntryPoint","urlTemplate":"https:\/\/denizcankizil.tr\/?s={search_term_string}"},"query-input":{"@type":"PropertyValueSpecification","valueRequired":true,"valueName":"search_term_string"}}],"inLanguage":"uk"},{"@type":"Organization","@id":"https:\/\/denizcankizil.tr\/#organization","name":"Av. Deniz Can K\u0131z\u0131l","url":"https:\/\/denizcankizil.tr\/","logo":{"@type":"ImageObject","inLanguage":"uk","@id":"https:\/\/denizcankizil.tr\/#\/schema\/logo\/image\/","url":"https:\/\/denizcankizil.tr\/wp-content\/uploads\/2024\/10\/siyah-logo-svg.svg","contentUrl":"https:\/\/denizcankizil.tr\/wp-content\/uploads\/2024\/10\/siyah-logo-svg.svg","width":1080,"height":1080,"caption":"Av. Deniz Can K\u0131z\u0131l"},"image":{"@id":"https:\/\/denizcankizil.tr\/#\/schema\/logo\/image\/"}},{"@type":"Person","@id":"https:\/\/denizcankizil.tr\/#\/schema\/person\/be3c05fe6a12686905512445d8185489","name":"\u0430\u0434\u043c\u0456\u043d","image":{"@type":"ImageObject","inLanguage":"uk","@id":"https:\/\/denizcankizil.tr\/#\/schema\/person\/image\/","url":"https:\/\/secure.gravatar.com\/avatar\/c1fce94c830dc79107e174f890d7210541c4a63e8e5d816341794a2151c9d58c?s=96&d=mm&r=g","contentUrl":"https:\/\/secure.gravatar.com\/avatar\/c1fce94c830dc79107e174f890d7210541c4a63e8e5d816341794a2151c9d58c?s=96&d=mm&r=g","caption":"admin"},"sameAs":["http:\/\/denizcankizil.tr"],"url":"https:\/\/www.iskenderun.org\/buyuksehirden-isitme-engellilere-ozel-film-gosterimi"}]}},"_links":{"self":[{"href":"https:\/\/denizcankizil.tr\/uk\/wp-json\/wp\/v2\/posts\/84221","targetHints":{"allow":["GET"]}}],"collection":[{"href":"https:\/\/denizcankizil.tr\/uk\/wp-json\/wp\/v2\/posts"}],"about":[{"href":"https:\/\/denizcankizil.tr\/uk\/wp-json\/wp\/v2\/types\/post"}],"author":[{"embeddable":true,"href":"https:\/\/denizcankizil.tr\/uk\/wp-json\/wp\/v2\/users\/1"}],"replies":[{"embeddable":true,"href":"https:\/\/denizcankizil.tr\/uk\/wp-json\/wp\/v2\/comments?post=84221"}],"version-history":[{"count":0,"href":"https:\/\/denizcankizil.tr\/uk\/wp-json\/wp\/v2\/posts\/84221\/revisions"}],"wp:attachment":[{"href":"https:\/\/denizcankizil.tr\/uk\/wp-json\/wp\/v2\/media?parent=84221"}],"wp:term":[{"taxonomy":"category","embeddable":true,"href":"https:\/\/denizcankizil.tr\/uk\/wp-json\/wp\/v2\/categories?post=84221"},{"taxonomy":"post_tag","embeddable":true,"href":"https:\/\/denizcankizil.tr\/uk\/wp-json\/wp\/v2\/tags?post=84221"}],"curies":[{"name":"wp","href":"https:\/\/api.w.org\/{rel}","templated":true}]}}