{"id":84113,"date":"2025-05-12T12:42:10","date_gmt":"2025-05-12T09:42:10","guid":{"rendered":"https:\/\/denizcankizil.tr\/uncategorized-tr\/osmangazi-belediyesinden-anneler-gunu-konseri\/"},"modified":"2025-05-12T12:42:10","modified_gmt":"2025-05-12T09:42:10","slug":"osmangazi-belediyesinden-anneler-gunu-konseri","status":"publish","type":"post","link":"https:\/\/denizcankizil.tr\/uk\/haberler\/gundem\/osmangazi-belediyesinden-anneler-gunu-konseri\/","title":{"rendered":"Osmangazi Belediyesi\u2019nden Anneler G\u00fcn\u00fc konseri"},"content":{"rendered":"<p>Osmangazi Belediyesi, Anneler G\u00fcn\u00fc\u2019n\u00fc \u00f6zel bir konserle kutlad\u0131. Emine G\u00fclen T\u00fcrk M\u00fczi\u011fi Toplulu\u011fu\u2019nun sahne ald\u0131\u011f\u0131 konserde, dinleyiciler hem keyifli vakit ge\u00e7irdi hem de bu \u00f6zel g\u00fcn\u00fcn tad\u0131n\u0131 doyas\u0131ya \u00e7\u0131kard\u0131.<\/p>\n<p>\u200bOsmangazi Belediyesi, Anneler G\u00fcn\u00fc\u2019n\u00fc \u00f6zel bir konserle kutlad\u0131. Emine G\u00fclen T\u00fcrk M\u00fczi\u011fi Toplulu\u011fu\u2019nun sahne ald\u0131\u011f\u0131 konserde, dinleyiciler hem keyifli vakit ge\u00e7irdi hem de bu \u00f6zel g\u00fcn\u00fcn tad\u0131n\u0131 doyas\u0131ya \u00e7\u0131kard\u0131.\u00a0<\/p>\n<p>\u200bHaberin Al\u0131nt\u0131land\u0131\u011f\u0131 Kaynak: www.iskenderun.org<\/p>","protected":false},"excerpt":{"rendered":"<p>Osmangazi Belediyesi, Anneler G\u00fcn\u00fc\u2019n\u00fc \u00f6zel bir konserle kutlad\u0131. Emine G\u00fclen T\u00fcrk M\u00fczi\u011fi Toplulu\u011fu\u2019nun sahne ald\u0131\u011f\u0131 konserde, dinleyiciler hem keyifli vakit ge\u00e7irdi hem de bu \u00f6zel g\u00fcn\u00fcn tad\u0131n\u0131 doyas\u0131ya \u00e7\u0131kard\u0131. \u200bOsmangazi Belediyesi, Anneler G\u00fcn\u00fc\u2019n\u00fc \u00f6zel bir konserle kutlad\u0131. Emine G\u00fclen T\u00fcrk M\u00fczi\u011fi Toplulu\u011fu\u2019nun sahne ald\u0131\u011f\u0131 konserde, dinleyiciler hem keyifli vakit ge\u00e7irdi hem de bu \u00f6zel g\u00fcn\u00fcn tad\u0131n\u0131 doyas\u0131ya \u00e7\u0131kard\u0131.\u00a0 \u200bHaberin Al\u0131nt\u0131land\u0131\u011f\u0131 Kaynak: www.iskenderun.org<\/p>","protected":false},"author":1,"featured_media":0,"comment_status":"","ping_status":"open","sticky":false,"template":"","format":"standard","meta":{"_acf_changed":false,"footnotes":""},"categories":[24],"tags":[],"class_list":["post-84113","post","type-post","status-publish","format-standard","has-post-thumbnail","hentry","category-gundem"],"acf":[],"yoast_head":"<!-- This site is optimized with the Yoast SEO Premium plugin v26.6 (Yoast SEO v27.1.1) - https:\/\/yoast.com\/product\/yoast-seo-premium-wordpress\/ -->\n<title>Osmangazi Belediyesi\u2019nden Anneler G\u00fcn\u00fc konseri - Av. Deniz Can K\u0131z\u0131l<\/title>\n<meta name=\"robots\" content=\"index, follow, max-snippet:-1, max-image-preview:large, max-video-preview:-1\" \/>\n<link rel=\"canonical\" href=\"https:\/\/denizcankizil.tr\/uk\/haberler\/gundem\/osmangazi-belediyesinden-anneler-gunu-konseri\/\" \/>\n<meta property=\"og:locale\" content=\"uk_UA\" \/>\n<meta property=\"og:type\" content=\"article\" \/>\n<meta property=\"og:title\" content=\"Osmangazi Belediyesi\u2019nden Anneler G\u00fcn\u00fc konseri\" \/>\n<meta property=\"og:description\" content=\"Osmangazi Belediyesi, Anneler G\u00fcn\u00fc\u2019n\u00fc \u00f6zel bir konserle kutlad\u0131. Emine G\u00fclen T\u00fcrk M\u00fczi\u011fi Toplulu\u011fu\u2019nun sahne ald\u0131\u011f\u0131 konserde, dinleyiciler hem keyifli vakit ge\u00e7irdi hem de bu \u00f6zel g\u00fcn\u00fcn tad\u0131n\u0131 doyas\u0131ya \u00e7\u0131kard\u0131. \u200bOsmangazi Belediyesi, Anneler G\u00fcn\u00fc\u2019n\u00fc \u00f6zel bir konserle kutlad\u0131. Emine G\u00fclen T\u00fcrk M\u00fczi\u011fi Toplulu\u011fu\u2019nun sahne ald\u0131\u011f\u0131 konserde, dinleyiciler hem keyifli vakit ge\u00e7irdi hem de bu \u00f6zel g\u00fcn\u00fcn tad\u0131n\u0131 doyas\u0131ya \u00e7\u0131kard\u0131.\u00a0 \u200bHaberin Al\u0131nt\u0131land\u0131\u011f\u0131 Kaynak: www.iskenderun.org\" \/>\n<meta property=\"og:url\" content=\"https:\/\/denizcankizil.tr\/uk\/haberler\/gundem\/osmangazi-belediyesinden-anneler-gunu-konseri\/\" \/>\n<meta property=\"og:site_name\" content=\"Av. Deniz Can K\u0131z\u0131l\" \/>\n<meta property=\"article:published_time\" content=\"2025-05-12T09:42:10+00:00\" \/>\n<meta name=\"author\" content=\"admin\" \/>\n<meta name=\"twitter:card\" content=\"summary_large_image\" \/>\n<meta name=\"twitter:label1\" content=\"\u041d\u0430\u043f\u0438\u0441\u0430\u043d\u043e\" \/>\n\t<meta name=\"twitter:data1\" content=\"admin\" \/>\n<script type=\"application\/ld+json\" class=\"yoast-schema-graph\">{\"@context\":\"https:\/\/schema.org\",\"@graph\":[{\"@type\":\"Article\",\"@id\":\"https:\/\/denizcankizil.tr\/uk\/haberler\/gundem\/osmangazi-belediyesinden-anneler-gunu-konseri\/#article\",\"isPartOf\":{\"@id\":\"https:\/\/denizcankizil.tr\/uk\/haberler\/gundem\/osmangazi-belediyesinden-anneler-gunu-konseri\/\"},\"author\":{\"name\":\"admin\",\"@id\":\"https:\/\/denizcankizil.tr\/de\/#\/schema\/person\/be3c05fe6a12686905512445d8185489\"},\"headline\":\"Osmangazi Belediyesi\u2019nden Anneler G\u00fcn\u00fc konseri\",\"datePublished\":\"2025-05-12T09:42:10+00:00\",\"mainEntityOfPage\":{\"@id\":\"https:\/\/denizcankizil.tr\/uk\/haberler\/gundem\/osmangazi-belediyesinden-anneler-gunu-konseri\/\"},\"wordCount\":99,\"publisher\":{\"@id\":\"https:\/\/denizcankizil.tr\/de\/#organization\"},\"articleSection\":[\"G\u00fcndem\"],\"inLanguage\":\"uk\"},{\"@type\":\"WebPage\",\"@id\":\"https:\/\/denizcankizil.tr\/uk\/haberler\/gundem\/osmangazi-belediyesinden-anneler-gunu-konseri\/\",\"url\":\"https:\/\/denizcankizil.tr\/uk\/haberler\/gundem\/osmangazi-belediyesinden-anneler-gunu-konseri\/\",\"name\":\"Osmangazi Belediyesi\u2019nden Anneler G\u00fcn\u00fc konseri - Av. Deniz Can K\u0131z\u0131l\",\"isPartOf\":{\"@id\":\"https:\/\/denizcankizil.tr\/de\/#website\"},\"datePublished\":\"2025-05-12T09:42:10+00:00\",\"breadcrumb\":{\"@id\":\"https:\/\/denizcankizil.tr\/uk\/haberler\/gundem\/osmangazi-belediyesinden-anneler-gunu-konseri\/#breadcrumb\"},\"inLanguage\":\"uk\",\"potentialAction\":[{\"@type\":\"ReadAction\",\"target\":[\"https:\/\/denizcankizil.tr\/uk\/haberler\/gundem\/osmangazi-belediyesinden-anneler-gunu-konseri\/\"]}]},{\"@type\":\"BreadcrumbList\",\"@id\":\"https:\/\/denizcankizil.tr\/uk\/haberler\/gundem\/osmangazi-belediyesinden-anneler-gunu-konseri\/#breadcrumb\",\"itemListElement\":[{\"@type\":\"ListItem\",\"position\":1,\"name\":\"Home\",\"item\":\"https:\/\/denizcankizil.tr\/de\/\"},{\"@type\":\"ListItem\",\"position\":2,\"name\":\"Osmangazi Belediyesi\u2019nden Anneler G\u00fcn\u00fc konseri\"}]},{\"@type\":\"WebSite\",\"@id\":\"https:\/\/denizcankizil.tr\/de\/#website\",\"url\":\"https:\/\/denizcankizil.tr\/de\/\",\"name\":\"Av. Deniz Can K\u0131z\u0131l\",\"description\":\"Avukat Deniz Can K\u0131z\u0131l Antalya Barosu\",\"publisher\":{\"@id\":\"https:\/\/denizcankizil.tr\/de\/#organization\"},\"potentialAction\":[{\"@type\":\"SearchAction\",\"target\":{\"@type\":\"EntryPoint\",\"urlTemplate\":\"https:\/\/denizcankizil.tr\/de\/?s={search_term_string}\"},\"query-input\":{\"@type\":\"PropertyValueSpecification\",\"valueRequired\":true,\"valueName\":\"search_term_string\"}}],\"inLanguage\":\"uk\"},{\"@type\":\"Organization\",\"@id\":\"https:\/\/denizcankizil.tr\/de\/#organization\",\"name\":\"Av. Deniz Can K\u0131z\u0131l\",\"url\":\"https:\/\/denizcankizil.tr\/de\/\",\"logo\":{\"@type\":\"ImageObject\",\"inLanguage\":\"uk\",\"@id\":\"https:\/\/denizcankizil.tr\/de\/#\/schema\/logo\/image\/\",\"url\":\"https:\/\/denizcankizil.tr\/wp-content\/uploads\/2024\/10\/siyah-logo-svg.svg\",\"contentUrl\":\"https:\/\/denizcankizil.tr\/wp-content\/uploads\/2024\/10\/siyah-logo-svg.svg\",\"width\":1080,\"height\":1080,\"caption\":\"Av. Deniz Can K\u0131z\u0131l\"},\"image\":{\"@id\":\"https:\/\/denizcankizil.tr\/de\/#\/schema\/logo\/image\/\"}},{\"@type\":\"Person\",\"@id\":\"https:\/\/denizcankizil.tr\/de\/#\/schema\/person\/be3c05fe6a12686905512445d8185489\",\"name\":\"admin\",\"image\":{\"@type\":\"ImageObject\",\"inLanguage\":\"uk\",\"@id\":\"https:\/\/denizcankizil.tr\/de\/#\/schema\/person\/image\/\",\"url\":\"https:\/\/secure.gravatar.com\/avatar\/c1fce94c830dc79107e174f890d7210541c4a63e8e5d816341794a2151c9d58c?s=96&d=mm&r=g\",\"contentUrl\":\"https:\/\/secure.gravatar.com\/avatar\/c1fce94c830dc79107e174f890d7210541c4a63e8e5d816341794a2151c9d58c?s=96&d=mm&r=g\",\"caption\":\"admin\"},\"sameAs\":[\"http:\/\/denizcankizil.tr\"],\"url\":\"https:\/\/www.iskenderun.org\/osmangazi-belediyesinden-anneler-gunu-konseri\"}]}<\/script>\n<!-- \/ Yoast SEO Premium plugin. -->","yoast_head_json":{"title":"Osmangazi Belediyesi\u2019nden Anneler G\u00fcn\u00fc konseri - Av. Deniz Can K\u0131z\u0131l","robots":{"index":"index","follow":"follow","max-snippet":"max-snippet:-1","max-image-preview":"max-image-preview:large","max-video-preview":"max-video-preview:-1"},"canonical":"https:\/\/denizcankizil.tr\/uk\/haberler\/gundem\/osmangazi-belediyesinden-anneler-gunu-konseri\/","og_locale":"uk_UA","og_type":"article","og_title":"Osmangazi Belediyesi\u2019nden Anneler G\u00fcn\u00fc konseri","og_description":"Osmangazi Belediyesi, Anneler G\u00fcn\u00fc\u2019n\u00fc \u00f6zel bir konserle kutlad\u0131. Emine G\u00fclen T\u00fcrk M\u00fczi\u011fi Toplulu\u011fu\u2019nun sahne ald\u0131\u011f\u0131 konserde, dinleyiciler hem keyifli vakit ge\u00e7irdi hem de bu \u00f6zel g\u00fcn\u00fcn tad\u0131n\u0131 doyas\u0131ya \u00e7\u0131kard\u0131. \u200bOsmangazi Belediyesi, Anneler G\u00fcn\u00fc\u2019n\u00fc \u00f6zel bir konserle kutlad\u0131. Emine G\u00fclen T\u00fcrk M\u00fczi\u011fi Toplulu\u011fu\u2019nun sahne ald\u0131\u011f\u0131 konserde, dinleyiciler hem keyifli vakit ge\u00e7irdi hem de bu \u00f6zel g\u00fcn\u00fcn tad\u0131n\u0131 doyas\u0131ya \u00e7\u0131kard\u0131.\u00a0 \u200bHaberin Al\u0131nt\u0131land\u0131\u011f\u0131 Kaynak: www.iskenderun.org","og_url":"https:\/\/denizcankizil.tr\/uk\/haberler\/gundem\/osmangazi-belediyesinden-anneler-gunu-konseri\/","og_site_name":"Av. Deniz Can K\u0131z\u0131l","article_published_time":"2025-05-12T09:42:10+00:00","author":"admin","twitter_card":"summary_large_image","twitter_misc":{"\u041d\u0430\u043f\u0438\u0441\u0430\u043d\u043e":"admin"},"schema":{"@context":"https:\/\/schema.org","@graph":[{"@type":"Article","@id":"https:\/\/denizcankizil.tr\/uk\/haberler\/gundem\/osmangazi-belediyesinden-anneler-gunu-konseri\/#article","isPartOf":{"@id":"https:\/\/denizcankizil.tr\/uk\/haberler\/gundem\/osmangazi-belediyesinden-anneler-gunu-konseri\/"},"author":{"name":"admin","@id":"https:\/\/denizcankizil.tr\/de\/#\/schema\/person\/be3c05fe6a12686905512445d8185489"},"headline":"Osmangazi Belediyesi\u2019nden Anneler G\u00fcn\u00fc konseri","datePublished":"2025-05-12T09:42:10+00:00","mainEntityOfPage":{"@id":"https:\/\/denizcankizil.tr\/uk\/haberler\/gundem\/osmangazi-belediyesinden-anneler-gunu-konseri\/"},"wordCount":99,"publisher":{"@id":"https:\/\/denizcankizil.tr\/de\/#organization"},"articleSection":["G\u00fcndem"],"inLanguage":"uk"},{"@type":"WebPage","@id":"https:\/\/denizcankizil.tr\/uk\/haberler\/gundem\/osmangazi-belediyesinden-anneler-gunu-konseri\/","url":"https:\/\/denizcankizil.tr\/uk\/haberler\/gundem\/osmangazi-belediyesinden-anneler-gunu-konseri\/","name":"Osmangazi Belediyesi\u2019nden Anneler G\u00fcn\u00fc konseri - Av. Deniz Can K\u0131z\u0131l","isPartOf":{"@id":"https:\/\/denizcankizil.tr\/de\/#website"},"datePublished":"2025-05-12T09:42:10+00:00","breadcrumb":{"@id":"https:\/\/denizcankizil.tr\/uk\/haberler\/gundem\/osmangazi-belediyesinden-anneler-gunu-konseri\/#breadcrumb"},"inLanguage":"uk","potentialAction":[{"@type":"ReadAction","target":["https:\/\/denizcankizil.tr\/uk\/haberler\/gundem\/osmangazi-belediyesinden-anneler-gunu-konseri\/"]}]},{"@type":"BreadcrumbList","@id":"https:\/\/denizcankizil.tr\/uk\/haberler\/gundem\/osmangazi-belediyesinden-anneler-gunu-konseri\/#breadcrumb","itemListElement":[{"@type":"ListItem","position":1,"name":"Home","item":"https:\/\/denizcankizil.tr\/de\/"},{"@type":"ListItem","position":2,"name":"Osmangazi Belediyesi\u2019nden Anneler G\u00fcn\u00fc konseri"}]},{"@type":"WebSite","@id":"https:\/\/denizcankizil.tr\/de\/#website","url":"https:\/\/denizcankizil.tr\/de\/","name":"Av. Deniz Can K\u0131z\u0131l","description":"Avukat Deniz Can K\u0131z\u0131l Antalya Barosu","publisher":{"@id":"https:\/\/denizcankizil.tr\/de\/#organization"},"potentialAction":[{"@type":"SearchAction","target":{"@type":"EntryPoint","urlTemplate":"https:\/\/denizcankizil.tr\/de\/?s={search_term_string}"},"query-input":{"@type":"PropertyValueSpecification","valueRequired":true,"valueName":"search_term_string"}}],"inLanguage":"uk"},{"@type":"Organization","@id":"https:\/\/denizcankizil.tr\/de\/#organization","name":"Av. Deniz Can K\u0131z\u0131l","url":"https:\/\/denizcankizil.tr\/de\/","logo":{"@type":"ImageObject","inLanguage":"uk","@id":"https:\/\/denizcankizil.tr\/de\/#\/schema\/logo\/image\/","url":"https:\/\/denizcankizil.tr\/wp-content\/uploads\/2024\/10\/siyah-logo-svg.svg","contentUrl":"https:\/\/denizcankizil.tr\/wp-content\/uploads\/2024\/10\/siyah-logo-svg.svg","width":1080,"height":1080,"caption":"Av. Deniz Can K\u0131z\u0131l"},"image":{"@id":"https:\/\/denizcankizil.tr\/de\/#\/schema\/logo\/image\/"}},{"@type":"Person","@id":"https:\/\/denizcankizil.tr\/de\/#\/schema\/person\/be3c05fe6a12686905512445d8185489","name":"\u0430\u0434\u043c\u0456\u043d","image":{"@type":"ImageObject","inLanguage":"uk","@id":"https:\/\/denizcankizil.tr\/de\/#\/schema\/person\/image\/","url":"https:\/\/secure.gravatar.com\/avatar\/c1fce94c830dc79107e174f890d7210541c4a63e8e5d816341794a2151c9d58c?s=96&d=mm&r=g","contentUrl":"https:\/\/secure.gravatar.com\/avatar\/c1fce94c830dc79107e174f890d7210541c4a63e8e5d816341794a2151c9d58c?s=96&d=mm&r=g","caption":"admin"},"sameAs":["http:\/\/denizcankizil.tr"],"url":"https:\/\/www.iskenderun.org\/osmangazi-belediyesinden-anneler-gunu-konseri"}]}},"_links":{"self":[{"href":"https:\/\/denizcankizil.tr\/uk\/wp-json\/wp\/v2\/posts\/84113","targetHints":{"allow":["GET"]}}],"collection":[{"href":"https:\/\/denizcankizil.tr\/uk\/wp-json\/wp\/v2\/posts"}],"about":[{"href":"https:\/\/denizcankizil.tr\/uk\/wp-json\/wp\/v2\/types\/post"}],"author":[{"embeddable":true,"href":"https:\/\/denizcankizil.tr\/uk\/wp-json\/wp\/v2\/users\/1"}],"replies":[{"embeddable":true,"href":"https:\/\/denizcankizil.tr\/uk\/wp-json\/wp\/v2\/comments?post=84113"}],"version-history":[{"count":0,"href":"https:\/\/denizcankizil.tr\/uk\/wp-json\/wp\/v2\/posts\/84113\/revisions"}],"wp:attachment":[{"href":"https:\/\/denizcankizil.tr\/uk\/wp-json\/wp\/v2\/media?parent=84113"}],"wp:term":[{"taxonomy":"category","embeddable":true,"href":"https:\/\/denizcankizil.tr\/uk\/wp-json\/wp\/v2\/categories?post=84113"},{"taxonomy":"post_tag","embeddable":true,"href":"https:\/\/denizcankizil.tr\/uk\/wp-json\/wp\/v2\/tags?post=84113"}],"curies":[{"name":"wp","href":"https:\/\/api.w.org\/{rel}","templated":true}]}}