{"id":81039,"date":"2025-05-09T12:41:47","date_gmt":"2025-05-09T09:41:47","guid":{"rendered":"https:\/\/denizcankizil.tr\/uncategorized-tr\/konyaalti-sahilinde-isgal-ikilemi-doguda-yikim-var-batida-isgale-hazirlik\/"},"modified":"2025-05-09T12:41:47","modified_gmt":"2025-05-09T09:41:47","slug":"konyaalti-sahilinde-isgal-ikilemi-doguda-yikim-var-batida-isgale-hazirlik","status":"publish","type":"post","link":"https:\/\/denizcankizil.tr\/uk\/haberler\/gundem\/konyaalti-sahilinde-isgal-ikilemi-doguda-yikim-var-batida-isgale-hazirlik\/","title":{"rendered":"Konyaalt\u0131 Sahili\u2019nde i\u015fgal ikilemi: Do\u011fuda y\u0131k\u0131m var, bat\u0131da i\u015fgale haz\u0131rl\u0131k"},"content":{"rendered":"<p>Antalya\u2019n\u0131n d\u00fcnyaca \u00fcnl\u00fc Konyaalt\u0131 sahili turizm sezonunun ba\u015flamas\u0131 ile birlikte i\u015fgal g\u00f6r\u00fcnt\u00fcleri gelmeye ba\u015flad\u0131. Sahilde hemen her y\u0131l ya\u015fanan y\u0131k\u0131m gerginlikleri her sezon \u00f6ncesinde oldu\u011fu gibi bu y\u0131l da ya\u015fan\u0131yor. Antalya B\u00fcy\u00fck\u015fehir Belediyesi\u2019nin ge\u00e7en y\u0131l hayata ge\u00e7irdi\u011fi 2. Etap Konyaalt\u0131 Sahil Projesi alan\u0131ndan gelen g\u00f6r\u00fcnt\u00fcler ise tepki \u00e7ekti.<\/p>\n<p>VAL\u0130 UYARMI\u015eTI<\/p>\n<p>Sahilde i\u015fgallere kar\u015f\u0131 gelen tepkilerin ard\u0131ndan hem Antalya B\u00fcy\u00fck\u015fehir Belediyesi hem de Antalya valili\u011fi yeni y\u0131lla birlikte harekete ge\u00e7mi\u015fti. Konyaalt\u0131 Sahili b\u00f6lgesinin korunmas\u0131, geli\u015ftirilmesi ve turizm sezonuna en iyi \u015fekilde haz\u0131rlanmas\u0131 amac\u0131yla d\u00fczenlenen Konyaalt\u0131 Sahili De\u011ferlendirme Toplant\u0131s\u0131\u2019n\u0131n ikincisi, Antalya Valisi Hulusi \u015eahin ba\u015fkanl\u0131\u011f\u0131nda \u015fubat ay\u0131nda ger\u00e7ekle\u015ftirildi. Toplant\u0131da Konyaalt\u0131 Sahili b\u00f6lgesinde faaliyet g\u00f6steren i\u015fletmeler, yasal kullan\u0131m alanlar\u0131 d\u0131\u015f\u0131nda ayk\u0131r\u0131l\u0131klar\u0131 gidermeleri, aksi takdirde y\u0131k\u0131m dahil b\u00fct\u00fcn yasal yapt\u0131r\u0131mlar\u0131n tavizsiz uygulanaca\u011f\u0131 hususunda uyar\u0131lm\u0131\u015ft\u0131.<\/p>\n<p>YO\u011eUN DENET\u0130M KARARI<\/p>\n<p>Antalya K\u00f6rfez Gazetesi muhabiri Ertu\u011frul G\u00fcn&#8217;\u00fcn haberine g\u00f6re; t\u00fcm kurum ve kurulu\u015flar\u0131 ile denetimleri ger\u00e7ekle\u015ftirmek i\u00e7in \u00e7abalad\u0131klar\u0131n\u0131 belirten Vali \u015eahin, \u201cKonyaalt\u0131 Sahili\u2019nin e\u015fsiz g\u00fczelli\u011fini daha ileriye ta\u015f\u0131mak ve hizmet kalitesini art\u0131rmak konusunda t\u00fcm payda\u015flar\u0131m\u0131zla ayn\u0131 fikirdeyiz. Amac\u0131m\u0131z, i\u015fletmelerimizle i\u015f birli\u011fi i\u00e7inde, herkesin kazanabilece\u011fi ve t\u00fcm Antalyal\u0131lar\u0131n faydalanabilece\u011fi bir \u00e7al\u0131\u015fma ger\u00e7ekle\u015ftirmektir. Bu do\u011frultuda, Antalya genelinde, ba\u015fta turizm tesisleri olmak \u00fczere, kamuya ve \u00f6zel sekt\u00f6re ait t\u00fcm tesislerin d\u00fczenli denetimlerini ger\u00e7ekle\u015ftirmek i\u00e7in t\u00fcm kurum ve kurulu\u015flar\u0131m\u0131zla beraber geni\u015f bir \u00e7al\u0131\u015fma y\u00fcr\u00fctece\u011fiz. Bu kapsamda, il\u00e7e bazl\u0131 komisyonlar kurarak ilgili mevzuat \u00e7er\u00e7evesinde yo\u011fun bir denetim faaliyeti ger\u00e7ekle\u015ftirece\u011fiz\u201d demi\u015fti.<\/p>\n<p>\u0130\u015eGALLERE KAR\u015eI YIKIM<\/p>\n<p>Bu uyar\u0131lar\u0131n ard\u0131ndan i\u015fgallerin devam etmesi \u00fczerine Antalya B\u00fcy\u00fck\u015fehir Belediyesi Zab\u0131ta Daire Ba\u015fkanl\u0131\u011f\u0131&#8217;na ba\u011fl\u0131 ekipler, Konyaalt\u0131 Sahili&#8217;ndeki i\u015flemlere bask\u0131n yapt\u0131. Denetimlerde i\u015fyerlerinde bulunan koltuk ve masalar\u0131 zab\u0131ta ekipleri el koyup, ta\u015f\u0131mak isteyince i\u015fletme sahipleri direndi. Konyaalt\u0131 Sahili\u2019nde zab\u0131ta ekipleri ile i\u015fletme sahipleri aras\u0131nda gerginlik ya\u015fand\u0131. Esnaf, k\u0131y\u0131 i\u015fgali gerek\u00e7esiyle masa ve koltuklara el koymak isteyen zab\u0131taya direnince arbede \u00e7\u0131kt\u0131. \u00c7evredeki vatanda\u015flar\u0131n da olaya dahil olmas\u0131yla gerginlik t\u0131rman\u0131rken, baz\u0131 i\u015fletme sahipleri arbede s\u0131ras\u0131nda fenala\u015farak bayg\u0131nl\u0131k ge\u00e7irdi.<\/p>\n<p>BATIDA \u0130\u015eGALE HAZIRLIK<\/p>\n<p>Konyaalt\u0131 sahilinin do\u011fusunda zab\u0131ta ekipleri i\u015fe i\u015fletme sahipleri ve \u00e7al\u0131\u015fanlar aras\u0131nda y\u0131k\u0131m arbedesi ya\u015fan\u0131rken 2. Etap Konyaalt\u0131 Sahil Projesi\u2019nde bamba\u015fka bir g\u00f6r\u00fcnt\u00fc ortaya \u00e7\u0131kt\u0131. Sahile gelen vatanda\u015flar taraf\u0131ndan cep telefonu kameras\u0131 ile \u00e7ekilen g\u00f6r\u00fcnt\u00fclerde sahilde yasak olan b\u00f6lgede demir y\u0131\u011f\u0131nlar\u0131n\u0131n oldu\u011fu g\u00f6r\u00fcld\u00fc. Denize sadece metrelerce gerisinde i\u015fgale zemin haz\u0131rlanmas\u0131 tepkileri de beraberinde getirdi. Vatanda\u015flar taraf\u0131ndan yap\u0131lan yorumlarda, \u201cBir tarafta y\u0131k\u0131m, di\u011fer tarafta i\u015fgale zemin\u201d \u015feklinde yorumland\u0131.<\/p>\n<p>\u200bAntalya\u2019n\u0131n d\u00fcnyaca \u00fcnl\u00fc Konyaalt\u0131 sahilinde turizm sezonuyla birlikte i\u015fgal g\u00f6r\u00fcnt\u00fcleri de gelmeye ba\u015flad\u0131. Sahilin do\u011fusunda i\u015fgallere kar\u015f\u0131 y\u0131k\u0131m \u00e7al\u0131\u015fmas\u0131 yap\u0131l\u0131rken bat\u0131da ise sahil, demire bo\u011fuldu.\u00a0<\/p>\n<p>\u200bHaberin Al\u0131nt\u0131land\u0131\u011f\u0131 Kaynak: www.antalyakorfez.com<\/p>","protected":false},"excerpt":{"rendered":"<p>Antalya\u2019n\u0131n d\u00fcnyaca \u00fcnl\u00fc Konyaalt\u0131 sahili turizm sezonunun ba\u015flamas\u0131 ile birlikte i\u015fgal g\u00f6r\u00fcnt\u00fcleri gelmeye ba\u015flad\u0131. Sahilde hemen her y\u0131l ya\u015fanan y\u0131k\u0131m gerginlikleri her sezon \u00f6ncesinde oldu\u011fu gibi bu y\u0131l da ya\u015fan\u0131yor. Antalya B\u00fcy\u00fck\u015fehir Belediyesi\u2019nin ge\u00e7en y\u0131l hayata ge\u00e7irdi\u011fi 2. Etap Konyaalt\u0131 Sahil Projesi alan\u0131ndan gelen g\u00f6r\u00fcnt\u00fcler ise tepki \u00e7ekti. VAL\u0130 UYARMI\u015eTI Sahilde i\u015fgallere kar\u015f\u0131 gelen tepkilerin ard\u0131ndan hem Antalya B\u00fcy\u00fck\u015fehir Belediyesi hem de Antalya valili\u011fi yeni y\u0131lla birlikte harekete ge\u00e7mi\u015fti. Konyaalt\u0131 Sahili b\u00f6lgesinin korunmas\u0131, geli\u015ftirilmesi ve turizm sezonuna en iyi \u015fekilde haz\u0131rlanmas\u0131 amac\u0131yla d\u00fczenlenen Konyaalt\u0131 Sahili De\u011ferlendirme Toplant\u0131s\u0131\u2019n\u0131n ikincisi, Antalya Valisi Hulusi \u015eahin ba\u015fkanl\u0131\u011f\u0131nda \u015fubat ay\u0131nda ger\u00e7ekle\u015ftirildi. Toplant\u0131da Konyaalt\u0131 Sahili b\u00f6lgesinde faaliyet g\u00f6steren i\u015fletmeler, yasal kullan\u0131m alanlar\u0131 d\u0131\u015f\u0131nda ayk\u0131r\u0131l\u0131klar\u0131 gidermeleri, aksi takdirde y\u0131k\u0131m dahil b\u00fct\u00fcn yasal yapt\u0131r\u0131mlar\u0131n tavizsiz uygulanaca\u011f\u0131 hususunda uyar\u0131lm\u0131\u015ft\u0131. YO\u011eUN DENET\u0130M KARARI Antalya K\u00f6rfez Gazetesi muhabiri Ertu\u011frul G\u00fcn&#8217;\u00fcn haberine g\u00f6re; t\u00fcm kurum ve kurulu\u015flar\u0131 ile denetimleri ger\u00e7ekle\u015ftirmek i\u00e7in \u00e7abalad\u0131klar\u0131n\u0131 belirten Vali \u015eahin, \u201cKonyaalt\u0131 Sahili\u2019nin e\u015fsiz g\u00fczelli\u011fini daha ileriye ta\u015f\u0131mak ve hizmet kalitesini art\u0131rmak konusunda t\u00fcm payda\u015flar\u0131m\u0131zla ayn\u0131 fikirdeyiz. Amac\u0131m\u0131z, i\u015fletmelerimizle i\u015f birli\u011fi i\u00e7inde, herkesin kazanabilece\u011fi ve t\u00fcm Antalyal\u0131lar\u0131n faydalanabilece\u011fi bir \u00e7al\u0131\u015fma ger\u00e7ekle\u015ftirmektir. Bu do\u011frultuda, Antalya genelinde, ba\u015fta turizm tesisleri olmak \u00fczere, kamuya ve \u00f6zel sekt\u00f6re ait t\u00fcm tesislerin d\u00fczenli denetimlerini ger\u00e7ekle\u015ftirmek i\u00e7in t\u00fcm kurum ve kurulu\u015flar\u0131m\u0131zla beraber geni\u015f bir &hellip;<\/p>","protected":false},"author":5,"featured_media":0,"comment_status":"","ping_status":"open","sticky":false,"template":"","format":"standard","meta":{"_acf_changed":false,"footnotes":""},"categories":[24],"tags":[],"class_list":["post-81039","post","type-post","status-publish","format-standard","has-post-thumbnail","hentry","category-gundem"],"acf":[],"yoast_head":"<!-- This site is optimized with the Yoast SEO Premium plugin v26.6 (Yoast SEO v27.1.1) - https:\/\/yoast.com\/product\/yoast-seo-premium-wordpress\/ -->\n<title>Konyaalt\u0131 Sahili\u2019nde i\u015fgal ikilemi: Do\u011fuda y\u0131k\u0131m var, bat\u0131da i\u015fgale haz\u0131rl\u0131k - Av. Deniz Can K\u0131z\u0131l<\/title>\n<meta name=\"robots\" content=\"index, follow, max-snippet:-1, max-image-preview:large, max-video-preview:-1\" \/>\n<link rel=\"canonical\" href=\"https:\/\/denizcankizil.tr\/uk\/haberler\/gundem\/konyaalti-sahilinde-isgal-ikilemi-doguda-yikim-var-batida-isgale-hazirlik\/\" \/>\n<meta property=\"og:locale\" content=\"uk_UA\" \/>\n<meta property=\"og:type\" content=\"article\" \/>\n<meta property=\"og:title\" content=\"Konyaalt\u0131 Sahili\u2019nde i\u015fgal ikilemi: Do\u011fuda y\u0131k\u0131m var, bat\u0131da i\u015fgale haz\u0131rl\u0131k\" \/>\n<meta property=\"og:description\" content=\"Antalya\u2019n\u0131n d\u00fcnyaca \u00fcnl\u00fc Konyaalt\u0131 sahili turizm sezonunun ba\u015flamas\u0131 ile birlikte i\u015fgal g\u00f6r\u00fcnt\u00fcleri gelmeye ba\u015flad\u0131. Sahilde hemen her y\u0131l ya\u015fanan y\u0131k\u0131m gerginlikleri her sezon \u00f6ncesinde oldu\u011fu gibi bu y\u0131l da ya\u015fan\u0131yor. Antalya B\u00fcy\u00fck\u015fehir Belediyesi\u2019nin ge\u00e7en y\u0131l hayata ge\u00e7irdi\u011fi 2. Etap Konyaalt\u0131 Sahil Projesi alan\u0131ndan gelen g\u00f6r\u00fcnt\u00fcler ise tepki \u00e7ekti. VAL\u0130 UYARMI\u015eTI Sahilde i\u015fgallere kar\u015f\u0131 gelen tepkilerin ard\u0131ndan hem Antalya B\u00fcy\u00fck\u015fehir Belediyesi hem de Antalya valili\u011fi yeni y\u0131lla birlikte harekete ge\u00e7mi\u015fti. Konyaalt\u0131 Sahili b\u00f6lgesinin korunmas\u0131, geli\u015ftirilmesi ve turizm sezonuna en iyi \u015fekilde haz\u0131rlanmas\u0131 amac\u0131yla d\u00fczenlenen Konyaalt\u0131 Sahili De\u011ferlendirme Toplant\u0131s\u0131\u2019n\u0131n ikincisi, Antalya Valisi Hulusi \u015eahin ba\u015fkanl\u0131\u011f\u0131nda \u015fubat ay\u0131nda ger\u00e7ekle\u015ftirildi. Toplant\u0131da Konyaalt\u0131 Sahili b\u00f6lgesinde faaliyet g\u00f6steren i\u015fletmeler, yasal kullan\u0131m alanlar\u0131 d\u0131\u015f\u0131nda ayk\u0131r\u0131l\u0131klar\u0131 gidermeleri, aksi takdirde y\u0131k\u0131m dahil b\u00fct\u00fcn yasal yapt\u0131r\u0131mlar\u0131n tavizsiz uygulanaca\u011f\u0131 hususunda uyar\u0131lm\u0131\u015ft\u0131. YO\u011eUN DENET\u0130M KARARI Antalya K\u00f6rfez Gazetesi muhabiri Ertu\u011frul G\u00fcn&#8217;\u00fcn haberine g\u00f6re; t\u00fcm kurum ve kurulu\u015flar\u0131 ile denetimleri ger\u00e7ekle\u015ftirmek i\u00e7in \u00e7abalad\u0131klar\u0131n\u0131 belirten Vali \u015eahin, \u201cKonyaalt\u0131 Sahili\u2019nin e\u015fsiz g\u00fczelli\u011fini daha ileriye ta\u015f\u0131mak ve hizmet kalitesini art\u0131rmak konusunda t\u00fcm payda\u015flar\u0131m\u0131zla ayn\u0131 fikirdeyiz. Amac\u0131m\u0131z, i\u015fletmelerimizle i\u015f birli\u011fi i\u00e7inde, herkesin kazanabilece\u011fi ve t\u00fcm Antalyal\u0131lar\u0131n faydalanabilece\u011fi bir \u00e7al\u0131\u015fma ger\u00e7ekle\u015ftirmektir. Bu do\u011frultuda, Antalya genelinde, ba\u015fta turizm tesisleri olmak \u00fczere, kamuya ve \u00f6zel sekt\u00f6re ait t\u00fcm tesislerin d\u00fczenli denetimlerini ger\u00e7ekle\u015ftirmek i\u00e7in t\u00fcm kurum ve kurulu\u015flar\u0131m\u0131zla beraber geni\u015f bir &hellip;\" \/>\n<meta property=\"og:url\" content=\"https:\/\/denizcankizil.tr\/uk\/haberler\/gundem\/konyaalti-sahilinde-isgal-ikilemi-doguda-yikim-var-batida-isgale-hazirlik\/\" \/>\n<meta property=\"og:site_name\" content=\"Av. Deniz Can K\u0131z\u0131l\" \/>\n<meta property=\"article:published_time\" content=\"2025-05-09T09:41:47+00:00\" \/>\n<meta name=\"author\" content=\"Antalya K\u00f6rfez\" \/>\n<meta name=\"twitter:card\" content=\"summary_large_image\" \/>\n<meta name=\"twitter:label1\" content=\"\u041d\u0430\u043f\u0438\u0441\u0430\u043d\u043e\" \/>\n\t<meta name=\"twitter:data1\" content=\"Antalya K\u00f6rfez\" \/>\n\t<meta name=\"twitter:label2\" content=\"\u041f\u0440\u0438\u0431\u043b. \u0447\u0430\u0441 \u0447\u0438\u0442\u0430\u043d\u043d\u044f\" \/>\n\t<meta name=\"twitter:data2\" content=\"3 \u0445\u0432\u0438\u043b\u0438\u043d\u0438\" \/>\n<script type=\"application\/ld+json\" class=\"yoast-schema-graph\">{\"@context\":\"https:\/\/schema.org\",\"@graph\":[{\"@type\":\"Article\",\"@id\":\"https:\/\/denizcankizil.tr\/ru\/haberler\/gundem\/konyaalti-sahilinde-isgal-ikilemi-doguda-yikim-var-batida-isgale-hazirlik\/#article\",\"isPartOf\":{\"@id\":\"https:\/\/denizcankizil.tr\/ru\/haberler\/gundem\/konyaalti-sahilinde-isgal-ikilemi-doguda-yikim-var-batida-isgale-hazirlik\/\"},\"author\":{\"name\":\"Antalya K\u00f6rfez\",\"@id\":\"https:\/\/denizcankizil.tr\/de\/#\/schema\/person\/e1eb71bb4dd684d46563f0af307e1234\"},\"headline\":\"Konyaalt\u0131 Sahili\u2019nde i\u015fgal ikilemi: Do\u011fuda y\u0131k\u0131m var, bat\u0131da i\u015fgale haz\u0131rl\u0131k\",\"datePublished\":\"2025-05-09T09:41:47+00:00\",\"mainEntityOfPage\":{\"@id\":\"https:\/\/denizcankizil.tr\/ru\/haberler\/gundem\/konyaalti-sahilinde-isgal-ikilemi-doguda-yikim-var-batida-isgale-hazirlik\/\"},\"wordCount\":637,\"publisher\":{\"@id\":\"https:\/\/denizcankizil.tr\/de\/#organization\"},\"articleSection\":[\"G\u00fcndem\"],\"inLanguage\":\"uk\"},{\"@type\":\"WebPage\",\"@id\":\"https:\/\/denizcankizil.tr\/ru\/haberler\/gundem\/konyaalti-sahilinde-isgal-ikilemi-doguda-yikim-var-batida-isgale-hazirlik\/\",\"url\":\"https:\/\/denizcankizil.tr\/ru\/haberler\/gundem\/konyaalti-sahilinde-isgal-ikilemi-doguda-yikim-var-batida-isgale-hazirlik\/\",\"name\":\"Konyaalt\u0131 Sahili\u2019nde i\u015fgal ikilemi: Do\u011fuda y\u0131k\u0131m var, bat\u0131da i\u015fgale haz\u0131rl\u0131k - Av. Deniz Can K\u0131z\u0131l\",\"isPartOf\":{\"@id\":\"https:\/\/denizcankizil.tr\/de\/#website\"},\"datePublished\":\"2025-05-09T09:41:47+00:00\",\"breadcrumb\":{\"@id\":\"https:\/\/denizcankizil.tr\/ru\/haberler\/gundem\/konyaalti-sahilinde-isgal-ikilemi-doguda-yikim-var-batida-isgale-hazirlik\/#breadcrumb\"},\"inLanguage\":\"uk\",\"potentialAction\":[{\"@type\":\"ReadAction\",\"target\":[\"https:\/\/denizcankizil.tr\/ru\/haberler\/gundem\/konyaalti-sahilinde-isgal-ikilemi-doguda-yikim-var-batida-isgale-hazirlik\/\"]}]},{\"@type\":\"BreadcrumbList\",\"@id\":\"https:\/\/denizcankizil.tr\/ru\/haberler\/gundem\/konyaalti-sahilinde-isgal-ikilemi-doguda-yikim-var-batida-isgale-hazirlik\/#breadcrumb\",\"itemListElement\":[{\"@type\":\"ListItem\",\"position\":1,\"name\":\"Home\",\"item\":\"https:\/\/denizcankizil.tr\/de\/\"},{\"@type\":\"ListItem\",\"position\":2,\"name\":\"Konyaalt\u0131 Sahili\u2019nde i\u015fgal ikilemi: Do\u011fuda y\u0131k\u0131m var, bat\u0131da i\u015fgale haz\u0131rl\u0131k\"}]},{\"@type\":\"WebSite\",\"@id\":\"https:\/\/denizcankizil.tr\/de\/#website\",\"url\":\"https:\/\/denizcankizil.tr\/de\/\",\"name\":\"Av. Deniz Can K\u0131z\u0131l\",\"description\":\"Avukat Deniz Can K\u0131z\u0131l Antalya Barosu\",\"publisher\":{\"@id\":\"https:\/\/denizcankizil.tr\/de\/#organization\"},\"potentialAction\":[{\"@type\":\"SearchAction\",\"target\":{\"@type\":\"EntryPoint\",\"urlTemplate\":\"https:\/\/denizcankizil.tr\/de\/?s={search_term_string}\"},\"query-input\":{\"@type\":\"PropertyValueSpecification\",\"valueRequired\":true,\"valueName\":\"search_term_string\"}}],\"inLanguage\":\"uk\"},{\"@type\":\"Organization\",\"@id\":\"https:\/\/denizcankizil.tr\/de\/#organization\",\"name\":\"Av. Deniz Can K\u0131z\u0131l\",\"url\":\"https:\/\/denizcankizil.tr\/de\/\",\"logo\":{\"@type\":\"ImageObject\",\"inLanguage\":\"uk\",\"@id\":\"https:\/\/denizcankizil.tr\/de\/#\/schema\/logo\/image\/\",\"url\":\"https:\/\/denizcankizil.tr\/wp-content\/uploads\/2024\/10\/siyah-logo-svg.svg\",\"contentUrl\":\"https:\/\/denizcankizil.tr\/wp-content\/uploads\/2024\/10\/siyah-logo-svg.svg\",\"width\":1080,\"height\":1080,\"caption\":\"Av. Deniz Can K\u0131z\u0131l\"},\"image\":{\"@id\":\"https:\/\/denizcankizil.tr\/de\/#\/schema\/logo\/image\/\"}},{\"@type\":\"Person\",\"@id\":\"https:\/\/denizcankizil.tr\/de\/#\/schema\/person\/e1eb71bb4dd684d46563f0af307e1234\",\"name\":\"Antalya K\u00f6rfez\",\"image\":{\"@type\":\"ImageObject\",\"inLanguage\":\"uk\",\"@id\":\"https:\/\/denizcankizil.tr\/de\/#\/schema\/person\/image\/\",\"url\":\"https:\/\/secure.gravatar.com\/avatar\/42b01982558a48a0b501fdcab6a408d3717ea5919095ee2e67b0e521799c5905?s=96&d=mm&r=g\",\"contentUrl\":\"https:\/\/secure.gravatar.com\/avatar\/42b01982558a48a0b501fdcab6a408d3717ea5919095ee2e67b0e521799c5905?s=96&d=mm&r=g\",\"caption\":\"Antalya K\u00f6rfez\"},\"sameAs\":[\"http:\/\/www.antalyakorfez.com\"],\"url\":\"https:\/\/www.antalyakorfez.com\/konyaalti-sahilinde-isgal-ikilemi-doguda-yikim-var-batida-isgale-hazirlik\"}]}<\/script>\n<!-- \/ Yoast SEO Premium plugin. -->","yoast_head_json":{"title":"Konyaalt\u0131 Sahili\u2019nde i\u015fgal ikilemi: Do\u011fuda y\u0131k\u0131m var, bat\u0131da i\u015fgale haz\u0131rl\u0131k - Av. Deniz Can K\u0131z\u0131l","robots":{"index":"index","follow":"follow","max-snippet":"max-snippet:-1","max-image-preview":"max-image-preview:large","max-video-preview":"max-video-preview:-1"},"canonical":"https:\/\/denizcankizil.tr\/uk\/haberler\/gundem\/konyaalti-sahilinde-isgal-ikilemi-doguda-yikim-var-batida-isgale-hazirlik\/","og_locale":"uk_UA","og_type":"article","og_title":"Konyaalt\u0131 Sahili\u2019nde i\u015fgal ikilemi: Do\u011fuda y\u0131k\u0131m var, bat\u0131da i\u015fgale haz\u0131rl\u0131k","og_description":"Antalya\u2019n\u0131n d\u00fcnyaca \u00fcnl\u00fc Konyaalt\u0131 sahili turizm sezonunun ba\u015flamas\u0131 ile birlikte i\u015fgal g\u00f6r\u00fcnt\u00fcleri gelmeye ba\u015flad\u0131. Sahilde hemen her y\u0131l ya\u015fanan y\u0131k\u0131m gerginlikleri her sezon \u00f6ncesinde oldu\u011fu gibi bu y\u0131l da ya\u015fan\u0131yor. Antalya B\u00fcy\u00fck\u015fehir Belediyesi\u2019nin ge\u00e7en y\u0131l hayata ge\u00e7irdi\u011fi 2. Etap Konyaalt\u0131 Sahil Projesi alan\u0131ndan gelen g\u00f6r\u00fcnt\u00fcler ise tepki \u00e7ekti. VAL\u0130 UYARMI\u015eTI Sahilde i\u015fgallere kar\u015f\u0131 gelen tepkilerin ard\u0131ndan hem Antalya B\u00fcy\u00fck\u015fehir Belediyesi hem de Antalya valili\u011fi yeni y\u0131lla birlikte harekete ge\u00e7mi\u015fti. Konyaalt\u0131 Sahili b\u00f6lgesinin korunmas\u0131, geli\u015ftirilmesi ve turizm sezonuna en iyi \u015fekilde haz\u0131rlanmas\u0131 amac\u0131yla d\u00fczenlenen Konyaalt\u0131 Sahili De\u011ferlendirme Toplant\u0131s\u0131\u2019n\u0131n ikincisi, Antalya Valisi Hulusi \u015eahin ba\u015fkanl\u0131\u011f\u0131nda \u015fubat ay\u0131nda ger\u00e7ekle\u015ftirildi. Toplant\u0131da Konyaalt\u0131 Sahili b\u00f6lgesinde faaliyet g\u00f6steren i\u015fletmeler, yasal kullan\u0131m alanlar\u0131 d\u0131\u015f\u0131nda ayk\u0131r\u0131l\u0131klar\u0131 gidermeleri, aksi takdirde y\u0131k\u0131m dahil b\u00fct\u00fcn yasal yapt\u0131r\u0131mlar\u0131n tavizsiz uygulanaca\u011f\u0131 hususunda uyar\u0131lm\u0131\u015ft\u0131. YO\u011eUN DENET\u0130M KARARI Antalya K\u00f6rfez Gazetesi muhabiri Ertu\u011frul G\u00fcn&#8217;\u00fcn haberine g\u00f6re; t\u00fcm kurum ve kurulu\u015flar\u0131 ile denetimleri ger\u00e7ekle\u015ftirmek i\u00e7in \u00e7abalad\u0131klar\u0131n\u0131 belirten Vali \u015eahin, \u201cKonyaalt\u0131 Sahili\u2019nin e\u015fsiz g\u00fczelli\u011fini daha ileriye ta\u015f\u0131mak ve hizmet kalitesini art\u0131rmak konusunda t\u00fcm payda\u015flar\u0131m\u0131zla ayn\u0131 fikirdeyiz. Amac\u0131m\u0131z, i\u015fletmelerimizle i\u015f birli\u011fi i\u00e7inde, herkesin kazanabilece\u011fi ve t\u00fcm Antalyal\u0131lar\u0131n faydalanabilece\u011fi bir \u00e7al\u0131\u015fma ger\u00e7ekle\u015ftirmektir. Bu do\u011frultuda, Antalya genelinde, ba\u015fta turizm tesisleri olmak \u00fczere, kamuya ve \u00f6zel sekt\u00f6re ait t\u00fcm tesislerin d\u00fczenli denetimlerini ger\u00e7ekle\u015ftirmek i\u00e7in t\u00fcm kurum ve kurulu\u015flar\u0131m\u0131zla beraber geni\u015f bir &hellip;","og_url":"https:\/\/denizcankizil.tr\/uk\/haberler\/gundem\/konyaalti-sahilinde-isgal-ikilemi-doguda-yikim-var-batida-isgale-hazirlik\/","og_site_name":"Av. Deniz Can K\u0131z\u0131l","article_published_time":"2025-05-09T09:41:47+00:00","author":"Antalya K\u00f6rfez","twitter_card":"summary_large_image","twitter_misc":{"\u041d\u0430\u043f\u0438\u0441\u0430\u043d\u043e":"Antalya K\u00f6rfez","\u041f\u0440\u0438\u0431\u043b. \u0447\u0430\u0441 \u0447\u0438\u0442\u0430\u043d\u043d\u044f":"3 \u0445\u0432\u0438\u043b\u0438\u043d\u0438"},"schema":{"@context":"https:\/\/schema.org","@graph":[{"@type":"Article","@id":"https:\/\/denizcankizil.tr\/ru\/haberler\/gundem\/konyaalti-sahilinde-isgal-ikilemi-doguda-yikim-var-batida-isgale-hazirlik\/#article","isPartOf":{"@id":"https:\/\/denizcankizil.tr\/ru\/haberler\/gundem\/konyaalti-sahilinde-isgal-ikilemi-doguda-yikim-var-batida-isgale-hazirlik\/"},"author":{"name":"Antalya K\u00f6rfez","@id":"https:\/\/denizcankizil.tr\/de\/#\/schema\/person\/e1eb71bb4dd684d46563f0af307e1234"},"headline":"Konyaalt\u0131 Sahili\u2019nde i\u015fgal ikilemi: Do\u011fuda y\u0131k\u0131m var, bat\u0131da i\u015fgale haz\u0131rl\u0131k","datePublished":"2025-05-09T09:41:47+00:00","mainEntityOfPage":{"@id":"https:\/\/denizcankizil.tr\/ru\/haberler\/gundem\/konyaalti-sahilinde-isgal-ikilemi-doguda-yikim-var-batida-isgale-hazirlik\/"},"wordCount":637,"publisher":{"@id":"https:\/\/denizcankizil.tr\/de\/#organization"},"articleSection":["G\u00fcndem"],"inLanguage":"uk"},{"@type":"WebPage","@id":"https:\/\/denizcankizil.tr\/ru\/haberler\/gundem\/konyaalti-sahilinde-isgal-ikilemi-doguda-yikim-var-batida-isgale-hazirlik\/","url":"https:\/\/denizcankizil.tr\/ru\/haberler\/gundem\/konyaalti-sahilinde-isgal-ikilemi-doguda-yikim-var-batida-isgale-hazirlik\/","name":"Konyaalt\u0131 Sahili\u2019nde i\u015fgal ikilemi: Do\u011fuda y\u0131k\u0131m var, bat\u0131da i\u015fgale haz\u0131rl\u0131k - Av. Deniz Can K\u0131z\u0131l","isPartOf":{"@id":"https:\/\/denizcankizil.tr\/de\/#website"},"datePublished":"2025-05-09T09:41:47+00:00","breadcrumb":{"@id":"https:\/\/denizcankizil.tr\/ru\/haberler\/gundem\/konyaalti-sahilinde-isgal-ikilemi-doguda-yikim-var-batida-isgale-hazirlik\/#breadcrumb"},"inLanguage":"uk","potentialAction":[{"@type":"ReadAction","target":["https:\/\/denizcankizil.tr\/ru\/haberler\/gundem\/konyaalti-sahilinde-isgal-ikilemi-doguda-yikim-var-batida-isgale-hazirlik\/"]}]},{"@type":"BreadcrumbList","@id":"https:\/\/denizcankizil.tr\/ru\/haberler\/gundem\/konyaalti-sahilinde-isgal-ikilemi-doguda-yikim-var-batida-isgale-hazirlik\/#breadcrumb","itemListElement":[{"@type":"ListItem","position":1,"name":"Home","item":"https:\/\/denizcankizil.tr\/de\/"},{"@type":"ListItem","position":2,"name":"Konyaalt\u0131 Sahili\u2019nde i\u015fgal ikilemi: Do\u011fuda y\u0131k\u0131m var, bat\u0131da i\u015fgale haz\u0131rl\u0131k"}]},{"@type":"WebSite","@id":"https:\/\/denizcankizil.tr\/de\/#website","url":"https:\/\/denizcankizil.tr\/de\/","name":"Av. Deniz Can K\u0131z\u0131l","description":"Avukat Deniz Can K\u0131z\u0131l Antalya Barosu","publisher":{"@id":"https:\/\/denizcankizil.tr\/de\/#organization"},"potentialAction":[{"@type":"SearchAction","target":{"@type":"EntryPoint","urlTemplate":"https:\/\/denizcankizil.tr\/de\/?s={search_term_string}"},"query-input":{"@type":"PropertyValueSpecification","valueRequired":true,"valueName":"search_term_string"}}],"inLanguage":"uk"},{"@type":"Organization","@id":"https:\/\/denizcankizil.tr\/de\/#organization","name":"Av. Deniz Can K\u0131z\u0131l","url":"https:\/\/denizcankizil.tr\/de\/","logo":{"@type":"ImageObject","inLanguage":"uk","@id":"https:\/\/denizcankizil.tr\/de\/#\/schema\/logo\/image\/","url":"https:\/\/denizcankizil.tr\/wp-content\/uploads\/2024\/10\/siyah-logo-svg.svg","contentUrl":"https:\/\/denizcankizil.tr\/wp-content\/uploads\/2024\/10\/siyah-logo-svg.svg","width":1080,"height":1080,"caption":"Av. Deniz Can K\u0131z\u0131l"},"image":{"@id":"https:\/\/denizcankizil.tr\/de\/#\/schema\/logo\/image\/"}},{"@type":"Person","@id":"https:\/\/denizcankizil.tr\/de\/#\/schema\/person\/e1eb71bb4dd684d46563f0af307e1234","name":"Antalya K\u00f6rfez","image":{"@type":"ImageObject","inLanguage":"uk","@id":"https:\/\/denizcankizil.tr\/de\/#\/schema\/person\/image\/","url":"https:\/\/secure.gravatar.com\/avatar\/42b01982558a48a0b501fdcab6a408d3717ea5919095ee2e67b0e521799c5905?s=96&d=mm&r=g","contentUrl":"https:\/\/secure.gravatar.com\/avatar\/42b01982558a48a0b501fdcab6a408d3717ea5919095ee2e67b0e521799c5905?s=96&d=mm&r=g","caption":"Antalya K\u00f6rfez"},"sameAs":["http:\/\/www.antalyakorfez.com"],"url":"https:\/\/www.antalyakorfez.com\/konyaalti-sahilinde-isgal-ikilemi-doguda-yikim-var-batida-isgale-hazirlik"}]}},"_links":{"self":[{"href":"https:\/\/denizcankizil.tr\/uk\/wp-json\/wp\/v2\/posts\/81039","targetHints":{"allow":["GET"]}}],"collection":[{"href":"https:\/\/denizcankizil.tr\/uk\/wp-json\/wp\/v2\/posts"}],"about":[{"href":"https:\/\/denizcankizil.tr\/uk\/wp-json\/wp\/v2\/types\/post"}],"author":[{"embeddable":true,"href":"https:\/\/denizcankizil.tr\/uk\/wp-json\/wp\/v2\/users\/5"}],"replies":[{"embeddable":true,"href":"https:\/\/denizcankizil.tr\/uk\/wp-json\/wp\/v2\/comments?post=81039"}],"version-history":[{"count":0,"href":"https:\/\/denizcankizil.tr\/uk\/wp-json\/wp\/v2\/posts\/81039\/revisions"}],"wp:attachment":[{"href":"https:\/\/denizcankizil.tr\/uk\/wp-json\/wp\/v2\/media?parent=81039"}],"wp:term":[{"taxonomy":"category","embeddable":true,"href":"https:\/\/denizcankizil.tr\/uk\/wp-json\/wp\/v2\/categories?post=81039"},{"taxonomy":"post_tag","embeddable":true,"href":"https:\/\/denizcankizil.tr\/uk\/wp-json\/wp\/v2\/tags?post=81039"}],"curies":[{"name":"wp","href":"https:\/\/api.w.org\/{rel}","templated":true}]}}