{"id":8058,"date":"2024-10-25T18:42:15","date_gmt":"2024-10-25T15:42:15","guid":{"rendered":"https:\/\/denizcankizil.tr\/uncategorized-tr\/ismail-saymazin-tusas-iddiasini-iletisim-baskanligi-yalanladi\/"},"modified":"2024-10-25T18:42:15","modified_gmt":"2024-10-25T15:42:15","slug":"ismail-saymazin-tusas-iddiasini-iletisim-baskanligi-yalanladi","status":"publish","type":"post","link":"https:\/\/denizcankizil.tr\/uk\/haberler\/gundem\/ismail-saymazin-tusas-iddiasini-iletisim-baskanligi-yalanladi\/","title":{"rendered":"\u0130smail Saymaz\u2019\u0131n TUSA\u015e iddias\u0131n\u0131 \u0130leti\u015fim Ba\u015fkanl\u0131\u011f\u0131 yalanlad\u0131"},"content":{"rendered":"<p>Ge\u00e7ti\u011fimiz g\u00fcnlerde Ankara\u2019da bulunan Havac\u0131l\u0131k ve Uzay Sanayii A\u015e.\u2019nin (TUSA\u015e)\u2019a ter\u00f6r \u00f6rg\u00fct\u00fc PKK taraf\u0131ndan d\u00fczelenen hain sald\u0131r\u0131 sonucu 5 ki\u015fi \u015fehit olurken, 22 ki\u015fi ise yaralanm\u0131\u015ft\u0131. Ger\u00e7ekle\u015fen hain sald\u0131r\u0131n\u0131n ard\u0131ndan Gazeteci \u0130smail Saymaz TUSA\u015e\u2019la alakal\u0131 ciddi bir iddiada bulundu. Saymaz, TUSA\u015e\u2019\u0131n \u00f6zel g\u00fcvenli\u011finin, Cumhurba\u015fkan\u0131 Recep Tayyip Erdo\u011fan\u2019\u0131n \u00d6zel Kalem M\u00fcd\u00fcr\u00fc Hasan Do\u011fan&#8217;\u0131n kay\u0131n\u00e7osu Mustafa \u00c7ift\u00e7i&#8217;ye teslim edildi\u011fini iddia etti. \u0130leti\u015fim Ba\u015fkanl\u0131\u011f\u0131 ise sosyal medya \u00fczerinden bu iddiay\u0131 yalanland\u0131.<\/p>\n<p>\u0130LET\u0130\u015e\u0130M BA\u015eKANLI\u011eI \u0130DD\u0130ALARI YALANLADI\u00a0<\/p>\n<p>\u0130leti\u015fim Ba\u015fkanl\u0131\u011f\u0131\u2019na ba\u011fl\u0131 Dezenformasyonla M\u00fccadele Merkezi \u0130smail Saymaz\u2019\u0131n s\u00f6z konusu Mustafa \u00c7ift\u00e7i iddias\u0131n\u0131 sosyal medya \u00fczerinden yap\u0131la bir payla\u015f\u0131m ile yalanlad\u0131. S\u00f6z konusu payla\u015f\u0131mda, \u201cBaz\u0131 bas\u0131n yay\u0131n organlar\u0131nda yer alan ve sosyal medya hesaplar\u0131nda payla\u015f\u0131lan, \u201cTUSA\u015e\u2019\u0131n g\u00fcvenli\u011fi Hasan Do\u011fan&#8217;\u0131n kay\u0131nbiraderine teslim edilmi\u015f\u201d iddias\u0131 do\u011fru de\u011fildir. Cumhurba\u015fkanl\u0131\u011f\u0131 \u00d6zel Kalem M\u00fcd\u00fcr\u00fc Hasan Do\u011fan\u2019\u0131n akrabas\u0131 olarak bahsi ge\u00e7en Mustafa \u00c7ift\u00e7i&#8217;nin, ilgili \u00f6zel g\u00fcvenlik firmas\u0131na sahip oldu\u011fu veya y\u00f6netici olarak \u00e7al\u0131\u015ft\u0131\u011f\u0131 iddias\u0131 ger\u00e7ek d\u0131\u015f\u0131d\u0131r\u201d a\u00e7\u0131klamas\u0131nda bulunuldu.\u00a0<\/p>\n<p>\u201cMUSTAFA \u00c7\u0130FT\u00c7\u0130 TUSA\u015e G\u00dcVENL\u0130K B\u0130R\u0130M\u0130NDE S\u00d6ZLE\u015eMEL\u0130 OLARAK \u00c7ALI\u015eAN B\u0130R PERSONELD\u0130R\u201d<\/p>\n<p>Dezenformasyonla M\u00fccadele Merkezi iddialara konu olan Mustafa \u00c7ift\u00e7i\u2019nin TUSA\u015e\u2019ta g\u00f6rev ald\u0131\u011f\u0131n\u0131 ama y\u00f6netici olarak de\u011fil s\u00f6zle\u015fmeli personel olarak \u00e7al\u0131\u015ft\u0131\u011f\u0131n\u0131 belirterek, \u201cMustafa \u00c7ift\u00e7i, TUSA\u015e G\u00fcvenlik Biriminde s\u00f6zle\u015fmeli olarak \u00e7al\u0131\u015fan bir personeldir. Ki\u015finin bu g\u00f6revi d\u0131\u015f\u0131nda herhangi bir \u015firketle hi\u00e7bir d\u00fczeyde ili\u015fkisi bulunmamaktad\u0131r. Kamuoyunu manip\u00fcle etmeye y\u00f6nelik as\u0131ls\u0131z iddialara itibar etmeyiniz\u201d bilgisini payla\u015ft\u0131\u00a0<\/p>\n<p>\u200bGazeteci \u0130smail Saymaz, ge\u00e7ti\u011fimiz g\u00fcnlerde ter\u00f6r \u00f6rg\u00fct\u00fc PKK\u2019n\u0131n hain sald\u0131r\u0131s\u0131na u\u011frayan TUSA\u015e\u2019\u0131n g\u00fcvenli\u011finin, Cumhurba\u015fkan\u0131 Recep Tayyip Erdo\u011fan\u2019\u0131n \u00d6zel Kalem M\u00fcd\u00fcr\u00fc Hasan Do\u011fan&#8217;\u0131n kay\u0131n\u00e7osu Mustafa \u00c7ift\u00e7i&#8217;ye teslim edildi\u011fini iddia etti. \u0130leti\u015fim Ba\u015fkanl\u0131\u011f\u0131 ise Saymaz\u2019\u0131n bu iddias\u0131n\u0131 yalanlad\u0131\u00a0<\/p>\n<p>\u200bHaberin Al\u0131nt\u0131land\u0131\u011f\u0131 Kaynak: www.antalyakorfez.com<\/p>","protected":false},"excerpt":{"rendered":"<p>Ge\u00e7ti\u011fimiz g\u00fcnlerde Ankara\u2019da bulunan Havac\u0131l\u0131k ve Uzay Sanayii A\u015e.\u2019nin (TUSA\u015e)\u2019a ter\u00f6r \u00f6rg\u00fct\u00fc PKK taraf\u0131ndan d\u00fczelenen hain sald\u0131r\u0131 sonucu 5 ki\u015fi \u015fehit olurken, 22 ki\u015fi ise yaralanm\u0131\u015ft\u0131. Ger\u00e7ekle\u015fen hain sald\u0131r\u0131n\u0131n ard\u0131ndan Gazeteci \u0130smail Saymaz TUSA\u015e\u2019la alakal\u0131 ciddi bir iddiada bulundu. Saymaz, TUSA\u015e\u2019\u0131n \u00f6zel g\u00fcvenli\u011finin, Cumhurba\u015fkan\u0131 Recep Tayyip Erdo\u011fan\u2019\u0131n \u00d6zel Kalem M\u00fcd\u00fcr\u00fc Hasan Do\u011fan&#8217;\u0131n kay\u0131n\u00e7osu Mustafa \u00c7ift\u00e7i&#8217;ye teslim edildi\u011fini iddia etti. \u0130leti\u015fim Ba\u015fkanl\u0131\u011f\u0131 ise sosyal medya \u00fczerinden bu iddiay\u0131 yalanland\u0131. \u0130LET\u0130\u015e\u0130M BA\u015eKANLI\u011eI \u0130DD\u0130ALARI YALANLADI\u00a0 \u0130leti\u015fim Ba\u015fkanl\u0131\u011f\u0131\u2019na ba\u011fl\u0131 Dezenformasyonla M\u00fccadele Merkezi \u0130smail Saymaz\u2019\u0131n s\u00f6z konusu Mustafa \u00c7ift\u00e7i iddias\u0131n\u0131 sosyal medya \u00fczerinden yap\u0131la bir payla\u015f\u0131m ile yalanlad\u0131. S\u00f6z konusu payla\u015f\u0131mda, \u201cBaz\u0131 bas\u0131n yay\u0131n organlar\u0131nda yer alan ve sosyal medya hesaplar\u0131nda payla\u015f\u0131lan, \u201cTUSA\u015e\u2019\u0131n g\u00fcvenli\u011fi Hasan Do\u011fan&#8217;\u0131n kay\u0131nbiraderine teslim edilmi\u015f\u201d iddias\u0131 do\u011fru de\u011fildir. Cumhurba\u015fkanl\u0131\u011f\u0131 \u00d6zel Kalem M\u00fcd\u00fcr\u00fc Hasan Do\u011fan\u2019\u0131n akrabas\u0131 olarak bahsi ge\u00e7en Mustafa \u00c7ift\u00e7i&#8217;nin, ilgili \u00f6zel g\u00fcvenlik firmas\u0131na sahip oldu\u011fu veya y\u00f6netici olarak \u00e7al\u0131\u015ft\u0131\u011f\u0131 iddias\u0131 ger\u00e7ek d\u0131\u015f\u0131d\u0131r\u201d a\u00e7\u0131klamas\u0131nda bulunuldu.\u00a0 \u201cMUSTAFA \u00c7\u0130FT\u00c7\u0130 TUSA\u015e G\u00dcVENL\u0130K B\u0130R\u0130M\u0130NDE S\u00d6ZLE\u015eMEL\u0130 OLARAK \u00c7ALI\u015eAN B\u0130R PERSONELD\u0130R\u201d Dezenformasyonla M\u00fccadele Merkezi iddialara konu olan Mustafa \u00c7ift\u00e7i\u2019nin TUSA\u015e\u2019ta g\u00f6rev ald\u0131\u011f\u0131n\u0131 ama y\u00f6netici olarak de\u011fil s\u00f6zle\u015fmeli personel olarak \u00e7al\u0131\u015ft\u0131\u011f\u0131n\u0131 belirterek, \u201cMustafa \u00c7ift\u00e7i, TUSA\u015e G\u00fcvenlik Biriminde s\u00f6zle\u015fmeli olarak \u00e7al\u0131\u015fan bir personeldir. Ki\u015finin bu g\u00f6revi d\u0131\u015f\u0131nda herhangi bir \u015firketle hi\u00e7bir d\u00fczeyde ili\u015fkisi bulunmamaktad\u0131r. Kamuoyunu manip\u00fcle etmeye y\u00f6nelik as\u0131ls\u0131z &hellip;<\/p>","protected":false},"author":0,"featured_media":0,"comment_status":"open","ping_status":"open","sticky":false,"template":"","format":"standard","meta":{"_acf_changed":false,"footnotes":""},"categories":[24,535],"tags":[],"class_list":["post-8058","post","type-post","status-publish","format-standard","has-post-thumbnail","hentry","category-gundem","category-uncategorized-tr"],"acf":[],"yoast_head":"<!-- This site is optimized with the Yoast SEO Premium plugin v26.6 (Yoast SEO v27.1.1) - https:\/\/yoast.com\/product\/yoast-seo-premium-wordpress\/ -->\n<title>\u0130smail Saymaz\u2019\u0131n TUSA\u015e iddias\u0131n\u0131 \u0130leti\u015fim Ba\u015fkanl\u0131\u011f\u0131 yalanlad\u0131 - Av. Deniz Can K\u0131z\u0131l<\/title>\n<meta name=\"robots\" content=\"index, follow, max-snippet:-1, max-image-preview:large, max-video-preview:-1\" \/>\n<link rel=\"canonical\" href=\"https:\/\/denizcankizil.tr\/uk\/haberler\/gundem\/ismail-saymazin-tusas-iddiasini-iletisim-baskanligi-yalanladi\/\" \/>\n<meta property=\"og:locale\" content=\"uk_UA\" \/>\n<meta property=\"og:type\" content=\"article\" \/>\n<meta property=\"og:title\" content=\"\u0130smail Saymaz\u2019\u0131n TUSA\u015e iddias\u0131n\u0131 \u0130leti\u015fim Ba\u015fkanl\u0131\u011f\u0131 yalanlad\u0131\" \/>\n<meta property=\"og:description\" content=\"Ge\u00e7ti\u011fimiz g\u00fcnlerde Ankara\u2019da bulunan Havac\u0131l\u0131k ve Uzay Sanayii A\u015e.\u2019nin (TUSA\u015e)\u2019a ter\u00f6r \u00f6rg\u00fct\u00fc PKK taraf\u0131ndan d\u00fczelenen hain sald\u0131r\u0131 sonucu 5 ki\u015fi \u015fehit olurken, 22 ki\u015fi ise yaralanm\u0131\u015ft\u0131. Ger\u00e7ekle\u015fen hain sald\u0131r\u0131n\u0131n ard\u0131ndan Gazeteci \u0130smail Saymaz TUSA\u015e\u2019la alakal\u0131 ciddi bir iddiada bulundu. Saymaz, TUSA\u015e\u2019\u0131n \u00f6zel g\u00fcvenli\u011finin, Cumhurba\u015fkan\u0131 Recep Tayyip Erdo\u011fan\u2019\u0131n \u00d6zel Kalem M\u00fcd\u00fcr\u00fc Hasan Do\u011fan&#8217;\u0131n kay\u0131n\u00e7osu Mustafa \u00c7ift\u00e7i&#8217;ye teslim edildi\u011fini iddia etti. \u0130leti\u015fim Ba\u015fkanl\u0131\u011f\u0131 ise sosyal medya \u00fczerinden bu iddiay\u0131 yalanland\u0131. \u0130LET\u0130\u015e\u0130M BA\u015eKANLI\u011eI \u0130DD\u0130ALARI YALANLADI\u00a0 \u0130leti\u015fim Ba\u015fkanl\u0131\u011f\u0131\u2019na ba\u011fl\u0131 Dezenformasyonla M\u00fccadele Merkezi \u0130smail Saymaz\u2019\u0131n s\u00f6z konusu Mustafa \u00c7ift\u00e7i iddias\u0131n\u0131 sosyal medya \u00fczerinden yap\u0131la bir payla\u015f\u0131m ile yalanlad\u0131. S\u00f6z konusu payla\u015f\u0131mda, \u201cBaz\u0131 bas\u0131n yay\u0131n organlar\u0131nda yer alan ve sosyal medya hesaplar\u0131nda payla\u015f\u0131lan, \u201cTUSA\u015e\u2019\u0131n g\u00fcvenli\u011fi Hasan Do\u011fan&#8217;\u0131n kay\u0131nbiraderine teslim edilmi\u015f\u201d iddias\u0131 do\u011fru de\u011fildir. Cumhurba\u015fkanl\u0131\u011f\u0131 \u00d6zel Kalem M\u00fcd\u00fcr\u00fc Hasan Do\u011fan\u2019\u0131n akrabas\u0131 olarak bahsi ge\u00e7en Mustafa \u00c7ift\u00e7i&#8217;nin, ilgili \u00f6zel g\u00fcvenlik firmas\u0131na sahip oldu\u011fu veya y\u00f6netici olarak \u00e7al\u0131\u015ft\u0131\u011f\u0131 iddias\u0131 ger\u00e7ek d\u0131\u015f\u0131d\u0131r\u201d a\u00e7\u0131klamas\u0131nda bulunuldu.\u00a0 \u201cMUSTAFA \u00c7\u0130FT\u00c7\u0130 TUSA\u015e G\u00dcVENL\u0130K B\u0130R\u0130M\u0130NDE S\u00d6ZLE\u015eMEL\u0130 OLARAK \u00c7ALI\u015eAN B\u0130R PERSONELD\u0130R\u201d Dezenformasyonla M\u00fccadele Merkezi iddialara konu olan Mustafa \u00c7ift\u00e7i\u2019nin TUSA\u015e\u2019ta g\u00f6rev ald\u0131\u011f\u0131n\u0131 ama y\u00f6netici olarak de\u011fil s\u00f6zle\u015fmeli personel olarak \u00e7al\u0131\u015ft\u0131\u011f\u0131n\u0131 belirterek, \u201cMustafa \u00c7ift\u00e7i, TUSA\u015e G\u00fcvenlik Biriminde s\u00f6zle\u015fmeli olarak \u00e7al\u0131\u015fan bir personeldir. Ki\u015finin bu g\u00f6revi d\u0131\u015f\u0131nda herhangi bir \u015firketle hi\u00e7bir d\u00fczeyde ili\u015fkisi bulunmamaktad\u0131r. Kamuoyunu manip\u00fcle etmeye y\u00f6nelik as\u0131ls\u0131z &hellip;\" \/>\n<meta property=\"og:url\" content=\"https:\/\/denizcankizil.tr\/uk\/haberler\/gundem\/ismail-saymazin-tusas-iddiasini-iletisim-baskanligi-yalanladi\/\" \/>\n<meta property=\"og:site_name\" content=\"Av. Deniz Can K\u0131z\u0131l\" \/>\n<meta property=\"article:published_time\" content=\"2024-10-25T15:42:15+00:00\" \/>\n<meta name=\"twitter:card\" content=\"summary_large_image\" \/>\n<meta name=\"twitter:label1\" content=\"\u041f\u0440\u0438\u0431\u043b. \u0447\u0430\u0441 \u0447\u0438\u0442\u0430\u043d\u043d\u044f\" \/>\n\t<meta name=\"twitter:data1\" content=\"2 \u0445\u0432\u0438\u043b\u0438\u043d\u0438\" \/>\n<script type=\"application\/ld+json\" class=\"yoast-schema-graph\">{\"@context\":\"https:\/\/schema.org\",\"@graph\":[{\"@type\":\"Article\",\"@id\":\"https:\/\/denizcankizil.tr\/uk\/haberler\/gundem\/ismail-saymazin-tusas-iddiasini-iletisim-baskanligi-yalanladi\/#article\",\"isPartOf\":{\"@id\":\"https:\/\/denizcankizil.tr\/uk\/haberler\/gundem\/ismail-saymazin-tusas-iddiasini-iletisim-baskanligi-yalanladi\/\"},\"author\":{\"name\":\"\",\"@id\":\"\"},\"headline\":\"\u0130smail Saymaz\u2019\u0131n TUSA\u015e iddias\u0131n\u0131 \u0130leti\u015fim Ba\u015fkanl\u0131\u011f\u0131 yalanlad\u0131\",\"datePublished\":\"2024-10-25T15:42:15+00:00\",\"mainEntityOfPage\":{\"@id\":\"https:\/\/denizcankizil.tr\/uk\/haberler\/gundem\/ismail-saymazin-tusas-iddiasini-iletisim-baskanligi-yalanladi\/\"},\"wordCount\":415,\"commentCount\":0,\"publisher\":{\"@id\":\"https:\/\/denizcankizil.tr\/#organization\"},\"articleSection\":[\"G\u00fcndem\",\"Uncategorized\"],\"inLanguage\":\"uk\",\"potentialAction\":[{\"@type\":\"CommentAction\",\"name\":\"Comment\",\"target\":[\"https:\/\/denizcankizil.tr\/uk\/haberler\/gundem\/ismail-saymazin-tusas-iddiasini-iletisim-baskanligi-yalanladi\/#respond\"]}]},{\"@type\":\"WebPage\",\"@id\":\"https:\/\/denizcankizil.tr\/uk\/haberler\/gundem\/ismail-saymazin-tusas-iddiasini-iletisim-baskanligi-yalanladi\/\",\"url\":\"https:\/\/denizcankizil.tr\/uk\/haberler\/gundem\/ismail-saymazin-tusas-iddiasini-iletisim-baskanligi-yalanladi\/\",\"name\":\"\u0130smail Saymaz\u2019\u0131n TUSA\u015e iddias\u0131n\u0131 \u0130leti\u015fim Ba\u015fkanl\u0131\u011f\u0131 yalanlad\u0131 - Av. Deniz Can K\u0131z\u0131l\",\"isPartOf\":{\"@id\":\"https:\/\/denizcankizil.tr\/#website\"},\"datePublished\":\"2024-10-25T15:42:15+00:00\",\"breadcrumb\":{\"@id\":\"https:\/\/denizcankizil.tr\/uk\/haberler\/gundem\/ismail-saymazin-tusas-iddiasini-iletisim-baskanligi-yalanladi\/#breadcrumb\"},\"inLanguage\":\"uk\",\"potentialAction\":[{\"@type\":\"ReadAction\",\"target\":[\"https:\/\/denizcankizil.tr\/uk\/haberler\/gundem\/ismail-saymazin-tusas-iddiasini-iletisim-baskanligi-yalanladi\/\"]}]},{\"@type\":\"BreadcrumbList\",\"@id\":\"https:\/\/denizcankizil.tr\/uk\/haberler\/gundem\/ismail-saymazin-tusas-iddiasini-iletisim-baskanligi-yalanladi\/#breadcrumb\",\"itemListElement\":[{\"@type\":\"ListItem\",\"position\":1,\"name\":\"Home\",\"item\":\"https:\/\/denizcankizil.tr\/uk\/\"},{\"@type\":\"ListItem\",\"position\":2,\"name\":\"\u0130smail Saymaz\u2019\u0131n TUSA\u015e iddias\u0131n\u0131 \u0130leti\u015fim Ba\u015fkanl\u0131\u011f\u0131 yalanlad\u0131\"}]},{\"@type\":\"WebSite\",\"@id\":\"https:\/\/denizcankizil.tr\/#website\",\"url\":\"https:\/\/denizcankizil.tr\/\",\"name\":\"Av. Deniz Can K\u0131z\u0131l\",\"description\":\"Avukat Deniz Can K\u0131z\u0131l Antalya Barosu\",\"publisher\":{\"@id\":\"https:\/\/denizcankizil.tr\/#organization\"},\"potentialAction\":[{\"@type\":\"SearchAction\",\"target\":{\"@type\":\"EntryPoint\",\"urlTemplate\":\"https:\/\/denizcankizil.tr\/?s={search_term_string}\"},\"query-input\":{\"@type\":\"PropertyValueSpecification\",\"valueRequired\":true,\"valueName\":\"search_term_string\"}}],\"inLanguage\":\"uk\"},{\"@type\":\"Organization\",\"@id\":\"https:\/\/denizcankizil.tr\/#organization\",\"name\":\"Av. Deniz Can K\u0131z\u0131l\",\"url\":\"https:\/\/denizcankizil.tr\/\",\"logo\":{\"@type\":\"ImageObject\",\"inLanguage\":\"uk\",\"@id\":\"https:\/\/denizcankizil.tr\/#\/schema\/logo\/image\/\",\"url\":\"https:\/\/denizcankizil.tr\/wp-content\/uploads\/2024\/10\/siyah-logo-svg.svg\",\"contentUrl\":\"https:\/\/denizcankizil.tr\/wp-content\/uploads\/2024\/10\/siyah-logo-svg.svg\",\"width\":1080,\"height\":1080,\"caption\":\"Av. Deniz Can K\u0131z\u0131l\"},\"image\":{\"@id\":\"https:\/\/denizcankizil.tr\/#\/schema\/logo\/image\/\"}}]}<\/script>\n<!-- \/ Yoast SEO Premium plugin. -->","yoast_head_json":{"title":"\u0130smail Saymaz\u2019\u0131n TUSA\u015e iddias\u0131n\u0131 \u0130leti\u015fim Ba\u015fkanl\u0131\u011f\u0131 yalanlad\u0131 - Av. Deniz Can K\u0131z\u0131l","robots":{"index":"index","follow":"follow","max-snippet":"max-snippet:-1","max-image-preview":"max-image-preview:large","max-video-preview":"max-video-preview:-1"},"canonical":"https:\/\/denizcankizil.tr\/uk\/haberler\/gundem\/ismail-saymazin-tusas-iddiasini-iletisim-baskanligi-yalanladi\/","og_locale":"uk_UA","og_type":"article","og_title":"\u0130smail Saymaz\u2019\u0131n TUSA\u015e iddias\u0131n\u0131 \u0130leti\u015fim Ba\u015fkanl\u0131\u011f\u0131 yalanlad\u0131","og_description":"Ge\u00e7ti\u011fimiz g\u00fcnlerde Ankara\u2019da bulunan Havac\u0131l\u0131k ve Uzay Sanayii A\u015e.\u2019nin (TUSA\u015e)\u2019a ter\u00f6r \u00f6rg\u00fct\u00fc PKK taraf\u0131ndan d\u00fczelenen hain sald\u0131r\u0131 sonucu 5 ki\u015fi \u015fehit olurken, 22 ki\u015fi ise yaralanm\u0131\u015ft\u0131. Ger\u00e7ekle\u015fen hain sald\u0131r\u0131n\u0131n ard\u0131ndan Gazeteci \u0130smail Saymaz TUSA\u015e\u2019la alakal\u0131 ciddi bir iddiada bulundu. Saymaz, TUSA\u015e\u2019\u0131n \u00f6zel g\u00fcvenli\u011finin, Cumhurba\u015fkan\u0131 Recep Tayyip Erdo\u011fan\u2019\u0131n \u00d6zel Kalem M\u00fcd\u00fcr\u00fc Hasan Do\u011fan&#8217;\u0131n kay\u0131n\u00e7osu Mustafa \u00c7ift\u00e7i&#8217;ye teslim edildi\u011fini iddia etti. \u0130leti\u015fim Ba\u015fkanl\u0131\u011f\u0131 ise sosyal medya \u00fczerinden bu iddiay\u0131 yalanland\u0131. \u0130LET\u0130\u015e\u0130M BA\u015eKANLI\u011eI \u0130DD\u0130ALARI YALANLADI\u00a0 \u0130leti\u015fim Ba\u015fkanl\u0131\u011f\u0131\u2019na ba\u011fl\u0131 Dezenformasyonla M\u00fccadele Merkezi \u0130smail Saymaz\u2019\u0131n s\u00f6z konusu Mustafa \u00c7ift\u00e7i iddias\u0131n\u0131 sosyal medya \u00fczerinden yap\u0131la bir payla\u015f\u0131m ile yalanlad\u0131. S\u00f6z konusu payla\u015f\u0131mda, \u201cBaz\u0131 bas\u0131n yay\u0131n organlar\u0131nda yer alan ve sosyal medya hesaplar\u0131nda payla\u015f\u0131lan, \u201cTUSA\u015e\u2019\u0131n g\u00fcvenli\u011fi Hasan Do\u011fan&#8217;\u0131n kay\u0131nbiraderine teslim edilmi\u015f\u201d iddias\u0131 do\u011fru de\u011fildir. Cumhurba\u015fkanl\u0131\u011f\u0131 \u00d6zel Kalem M\u00fcd\u00fcr\u00fc Hasan Do\u011fan\u2019\u0131n akrabas\u0131 olarak bahsi ge\u00e7en Mustafa \u00c7ift\u00e7i&#8217;nin, ilgili \u00f6zel g\u00fcvenlik firmas\u0131na sahip oldu\u011fu veya y\u00f6netici olarak \u00e7al\u0131\u015ft\u0131\u011f\u0131 iddias\u0131 ger\u00e7ek d\u0131\u015f\u0131d\u0131r\u201d a\u00e7\u0131klamas\u0131nda bulunuldu.\u00a0 \u201cMUSTAFA \u00c7\u0130FT\u00c7\u0130 TUSA\u015e G\u00dcVENL\u0130K B\u0130R\u0130M\u0130NDE S\u00d6ZLE\u015eMEL\u0130 OLARAK \u00c7ALI\u015eAN B\u0130R PERSONELD\u0130R\u201d Dezenformasyonla M\u00fccadele Merkezi iddialara konu olan Mustafa \u00c7ift\u00e7i\u2019nin TUSA\u015e\u2019ta g\u00f6rev ald\u0131\u011f\u0131n\u0131 ama y\u00f6netici olarak de\u011fil s\u00f6zle\u015fmeli personel olarak \u00e7al\u0131\u015ft\u0131\u011f\u0131n\u0131 belirterek, \u201cMustafa \u00c7ift\u00e7i, TUSA\u015e G\u00fcvenlik Biriminde s\u00f6zle\u015fmeli olarak \u00e7al\u0131\u015fan bir personeldir. Ki\u015finin bu g\u00f6revi d\u0131\u015f\u0131nda herhangi bir \u015firketle hi\u00e7bir d\u00fczeyde ili\u015fkisi bulunmamaktad\u0131r. Kamuoyunu manip\u00fcle etmeye y\u00f6nelik as\u0131ls\u0131z &hellip;","og_url":"https:\/\/denizcankizil.tr\/uk\/haberler\/gundem\/ismail-saymazin-tusas-iddiasini-iletisim-baskanligi-yalanladi\/","og_site_name":"Av. Deniz Can K\u0131z\u0131l","article_published_time":"2024-10-25T15:42:15+00:00","twitter_card":"summary_large_image","twitter_misc":{"\u041f\u0440\u0438\u0431\u043b. \u0447\u0430\u0441 \u0447\u0438\u0442\u0430\u043d\u043d\u044f":"2 \u0445\u0432\u0438\u043b\u0438\u043d\u0438"},"schema":{"@context":"https:\/\/schema.org","@graph":[{"@type":"Article","@id":"https:\/\/denizcankizil.tr\/uk\/haberler\/gundem\/ismail-saymazin-tusas-iddiasini-iletisim-baskanligi-yalanladi\/#article","isPartOf":{"@id":"https:\/\/denizcankizil.tr\/uk\/haberler\/gundem\/ismail-saymazin-tusas-iddiasini-iletisim-baskanligi-yalanladi\/"},"author":{"name":"","@id":""},"headline":"\u0130smail Saymaz\u2019\u0131n TUSA\u015e iddias\u0131n\u0131 \u0130leti\u015fim Ba\u015fkanl\u0131\u011f\u0131 yalanlad\u0131","datePublished":"2024-10-25T15:42:15+00:00","mainEntityOfPage":{"@id":"https:\/\/denizcankizil.tr\/uk\/haberler\/gundem\/ismail-saymazin-tusas-iddiasini-iletisim-baskanligi-yalanladi\/"},"wordCount":415,"commentCount":0,"publisher":{"@id":"https:\/\/denizcankizil.tr\/#organization"},"articleSection":["G\u00fcndem","Uncategorized"],"inLanguage":"uk","potentialAction":[{"@type":"CommentAction","name":"Comment","target":["https:\/\/denizcankizil.tr\/uk\/haberler\/gundem\/ismail-saymazin-tusas-iddiasini-iletisim-baskanligi-yalanladi\/#respond"]}]},{"@type":"WebPage","@id":"https:\/\/denizcankizil.tr\/uk\/haberler\/gundem\/ismail-saymazin-tusas-iddiasini-iletisim-baskanligi-yalanladi\/","url":"https:\/\/denizcankizil.tr\/uk\/haberler\/gundem\/ismail-saymazin-tusas-iddiasini-iletisim-baskanligi-yalanladi\/","name":"\u0130smail Saymaz\u2019\u0131n TUSA\u015e iddias\u0131n\u0131 \u0130leti\u015fim Ba\u015fkanl\u0131\u011f\u0131 yalanlad\u0131 - Av. Deniz Can K\u0131z\u0131l","isPartOf":{"@id":"https:\/\/denizcankizil.tr\/#website"},"datePublished":"2024-10-25T15:42:15+00:00","breadcrumb":{"@id":"https:\/\/denizcankizil.tr\/uk\/haberler\/gundem\/ismail-saymazin-tusas-iddiasini-iletisim-baskanligi-yalanladi\/#breadcrumb"},"inLanguage":"uk","potentialAction":[{"@type":"ReadAction","target":["https:\/\/denizcankizil.tr\/uk\/haberler\/gundem\/ismail-saymazin-tusas-iddiasini-iletisim-baskanligi-yalanladi\/"]}]},{"@type":"BreadcrumbList","@id":"https:\/\/denizcankizil.tr\/uk\/haberler\/gundem\/ismail-saymazin-tusas-iddiasini-iletisim-baskanligi-yalanladi\/#breadcrumb","itemListElement":[{"@type":"ListItem","position":1,"name":"Home","item":"https:\/\/denizcankizil.tr\/uk\/"},{"@type":"ListItem","position":2,"name":"\u0130smail Saymaz\u2019\u0131n TUSA\u015e iddias\u0131n\u0131 \u0130leti\u015fim Ba\u015fkanl\u0131\u011f\u0131 yalanlad\u0131"}]},{"@type":"WebSite","@id":"https:\/\/denizcankizil.tr\/#website","url":"https:\/\/denizcankizil.tr\/","name":"Av. Deniz Can K\u0131z\u0131l","description":"Avukat Deniz Can K\u0131z\u0131l Antalya Barosu","publisher":{"@id":"https:\/\/denizcankizil.tr\/#organization"},"potentialAction":[{"@type":"SearchAction","target":{"@type":"EntryPoint","urlTemplate":"https:\/\/denizcankizil.tr\/?s={search_term_string}"},"query-input":{"@type":"PropertyValueSpecification","valueRequired":true,"valueName":"search_term_string"}}],"inLanguage":"uk"},{"@type":"Organization","@id":"https:\/\/denizcankizil.tr\/#organization","name":"Av. Deniz Can K\u0131z\u0131l","url":"https:\/\/denizcankizil.tr\/","logo":{"@type":"ImageObject","inLanguage":"uk","@id":"https:\/\/denizcankizil.tr\/#\/schema\/logo\/image\/","url":"https:\/\/denizcankizil.tr\/wp-content\/uploads\/2024\/10\/siyah-logo-svg.svg","contentUrl":"https:\/\/denizcankizil.tr\/wp-content\/uploads\/2024\/10\/siyah-logo-svg.svg","width":1080,"height":1080,"caption":"Av. Deniz Can K\u0131z\u0131l"},"image":{"@id":"https:\/\/denizcankizil.tr\/#\/schema\/logo\/image\/"}}]}},"_links":{"self":[{"href":"https:\/\/denizcankizil.tr\/uk\/wp-json\/wp\/v2\/posts\/8058","targetHints":{"allow":["GET"]}}],"collection":[{"href":"https:\/\/denizcankizil.tr\/uk\/wp-json\/wp\/v2\/posts"}],"about":[{"href":"https:\/\/denizcankizil.tr\/uk\/wp-json\/wp\/v2\/types\/post"}],"replies":[{"embeddable":true,"href":"https:\/\/denizcankizil.tr\/uk\/wp-json\/wp\/v2\/comments?post=8058"}],"version-history":[{"count":0,"href":"https:\/\/denizcankizil.tr\/uk\/wp-json\/wp\/v2\/posts\/8058\/revisions"}],"wp:attachment":[{"href":"https:\/\/denizcankizil.tr\/uk\/wp-json\/wp\/v2\/media?parent=8058"}],"wp:term":[{"taxonomy":"category","embeddable":true,"href":"https:\/\/denizcankizil.tr\/uk\/wp-json\/wp\/v2\/categories?post=8058"},{"taxonomy":"post_tag","embeddable":true,"href":"https:\/\/denizcankizil.tr\/uk\/wp-json\/wp\/v2\/tags?post=8058"}],"curies":[{"name":"wp","href":"https:\/\/api.w.org\/{rel}","templated":true}]}}